{"id":6829,"date":"2021-02-25T08:00:00","date_gmt":"2021-02-25T11:00:00","guid":{"rendered":"https:\/\/www.agenciainfra.com\/blog\/?p=6829"},"modified":"2021-02-24T12:12:01","modified_gmt":"2021-02-24T15:12:01","slug":"antt-aprova-aditivo-para-continuidade-da-concessao-da-ccr-novadutra-por-mais-12-meses","status":"publish","type":"post","link":"https:\/\/agenciainfra.com\/blog\/antt-aprova-aditivo-para-continuidade-da-concessao-da-ccr-novadutra-por-mais-12-meses\/","title":{"rendered":"ANTT aprova aditivo para continuidade da concess\u00e3o da CCR NovaDutra por mais 12 meses"},"content":{"rendered":"\n<hr class=\"wp-block-separator\"\/>\n\n\n\n<p class=\"has-text-align-right\"><strong>Gabriel Tabatcheik, da\u00a0Ag\u00eancia iNFRA<\/strong><\/p>\n\n\n\n<p>A diretoria da ANTT (Ag\u00eancia Nacional de Transportes Terrestres) liberou, por maioria de votos, o aditivo contratual para a continuidade da concess\u00e3o da CCR NovaDutra, empresa que administra a BR-116 entre Rio de Janeiro e S\u00e3o Paulo. A decis\u00e3o se deu durante a reuni\u00e3o do colegiado da \u00faltima ter\u00e7a-feira (23).<br><br>A permiss\u00e3o da ag\u00eancia para a extens\u00e3o dos servi\u00e7os, por\u00a012 meses, prorrog\u00e1veis por mais seis meses,\u00a0era esperada. A vig\u00eancia do contrato originalmente terminaria\u00a0no pr\u00f3ximo domingo (28). O contrato com a Uni\u00e3o foi firmado em 1995, por 25 anos.<br><br>Desde 2015, o poder concedente planeja uma nova licita\u00e7\u00e3o.\u00a0Estudos colocados em audi\u00eancia p\u00fablica em 2019 para uma nova concess\u00e3o do trecho foram aprovados pela ANTT ano passado e se encontram em an\u00e1lise pelo TCU (Tribunal de Contas da Uni\u00e3o). A previs\u00e3o do governo \u00e9 licitar o trecho neste ano.<br><br>Por n\u00e3o ser poss\u00edvel concluir o processo de licita\u00e7\u00e3o em tempo h\u00e1bil para permitir a transi\u00e7\u00e3o dos operadores,\u00a0a\u00a0solu\u00e7\u00e3o defendida pelo governo foi a extens\u00e3o do prazo at\u00e9 a assun\u00e7\u00e3o da rodovia por um novo concession\u00e1rio.<br><br>Os novos valores de tarifa sofreram redu\u00e7\u00e3o e passam a ser de R$ 14,20 nas pra\u00e7as de Moreira Cesar, Itatiaia e Vi\u00fava Gra\u00e7a; R$ 3,50 em Aruj\u00e1, Guararema Norte e Guararema Sul; R$ 6,20 em Jacare\u00ed, devido a uma revis\u00e3o aprovada pela ag\u00eancia. A tarifa do ped\u00e1gio mais elevado estava em R$ 15,20.<br><br><strong>UsuVias reclama<\/strong><br>O advogado Edison Ara\u00fajo da Silva, presidente\u00a0da UsuVias (Associa\u00e7\u00e3o Brasileira de Transportadores Usu\u00e1rios de Vias Concedidas), criticou o modelo de aditivo adotado pela ANTT. Para ele,\u00a0a proposta da tarifa calculada\u00a0n\u00e3o encontra respaldo em qualquer norma legal. Ele realizou sustenta\u00e7\u00e3o oral na reuni\u00e3o do colegiado, antes do voto ser proferido.<br><br>Conforme mostrou a\u00a0<strong>Ag\u00eancia iNFRA<\/strong>, a tarifa calculada \u00e9 o valor que cobre os custos de opera\u00e7\u00e3o da via no per\u00edodo do aditivo. Ele \u00e9 cerca de 40% da tarifa cobrada dos usu\u00e1rios, que ser\u00e1 de R$ 14,20. A diferen\u00e7a vai ser colocada num fundo para pagar poss\u00edveis desequil\u00edbrios em favor da concession\u00e1ria.<br><br>&#8220;Busca a ag\u00eancia reguladora, por meio da minuta de aditivo apresentada, estabelecer par\u00e2metro tarif\u00e1rio dissociado de preceito de lei que lhe garanta validade. A minuta estabelece receita baseada em duas modalidades de tarifas, as chamadas tarifa praticada e calculada. Essa proposta j\u00e1 encontrou no TCU o apontamento de sua ilegalidade, nos autos do processo 005486\/2021.&#8221;<br><br>Em resposta, o relator Davi Barreto destacou que, &#8220;diferente do que fala [o advogado], n\u00e3o h\u00e1 nenhuma manifesta\u00e7\u00e3o do TCU ainda sobre o m\u00e9rito, lembrando que o tribunal se manifesta pelos seus ministros, e n\u00e3o pelos relat\u00f3rios de suas \u00e1reas t\u00e9cnicas&#8221;. O relator do processo, ministro Bruno Dantas, n\u00e3o deu sua decis\u00e3o sobre pedido cautelar de auditores do \u00f3rg\u00e3o para que o modelo seja rejeitado.<br><br>&#8220;Todos os valores a maior, arrecadados na tarifa praticada, ser\u00e3o segregados e depositados em uma conta vinculada, a qual n\u00e3o pode ser movimentada pela concession\u00e1ria, mas t\u00e3o somente pelo poder concedente&#8221;, acrescentou Davi Barreto.<br><br><strong>Por maioria<\/strong><br>O processo contou com votos favor\u00e1veis do relator Davi Barreto, que foi acompanhado pelos diretores Eduardo Marra, Murshed Menezes e Alexandre Porto. Por\u00e9m, votou contra o diretor Weber Ciloni.\u00a0Ele argumentou que o processo gerou d\u00favidas, principalmente no que diz respeito \u00e0 tarifa e \u00e0 conta vinculada.<br><br>&#8220;Diante do que est\u00e1 esclarecido na instru\u00e7\u00e3o do processo, que me foi disponibilizado na presente data, ent\u00e3o, eu n\u00e3o li todo o conte\u00fado, e eu voto contra o termo aditivo da forma apresentada. Se ele vier melhorado, eu sou favor\u00e1vel&#8221;, explicou.<br><br>O processo que versa sobre a extens\u00e3o contratual \u00e9 o 50500.127986\/2020-53. J\u00e1 o que trata sobre o reajuste das tarifas de ped\u00e1gio \u00e9 o 50500.025493\/2020-80, ambos relatados pelo diretor Davi Barreto.<br><br>As delibera\u00e7\u00f5es sobre o aditivo e o reajuste foram publicados no Di\u00e1rio Oficial da Uni\u00e3o e est\u00e3o\u00a0<a rel=\"noreferrer noopener\" href=\"https:\/\/agenciainfra.us14.list-manage.com\/track\/click?u=d460dd1bcf9ba0ae040e1fc0f&amp;id=dd3495fa3b&amp;e=c099169394\" target=\"_blank\">neste link<\/a>.<br><br><strong>Reajustes<\/strong><br>A ANTT ainda aprovou o reajuste das tarifas de refer\u00eancia do servi\u00e7o de transporte ferrovi\u00e1rio de cargas, referente ao per\u00edodo de 1\u00ba de janeiro de 2020 a 31 de dezembro de 2020, da concession\u00e1ria FNS (Ferrovia Norte-Sul S\/A). O reajuste \u00e9 de 23,07% e o processo \u00e9 o\u00a050500.139121\/2020-30.\u00a0A delibera\u00e7\u00e3o sobre o reajuste da ferrovia est\u00e1\u00a0<a rel=\"noreferrer noopener\" href=\"https:\/\/agenciainfra.us14.list-manage.com\/track\/click?u=d460dd1bcf9ba0ae040e1fc0f&amp;id=bc6e56f2fa&amp;e=c099169394\" target=\"_blank\">neste link<\/a>.<br><br>O diretor relator Weber Ciloni pediu a retirada de pauta do processo 50500.022208\/2020-79, que versa sobre uma proposta de altera\u00e7\u00e3o do regimento interno (Resolu\u00e7\u00e3o\u00a05.888\/2020).<\/p>\n","protected":false},"excerpt":{"rendered":"<p>Gabriel Tabatcheik, da\u00a0Ag\u00eancia iNFRA A diretoria da ANTT (Ag\u00eancia Nacional de Transportes Terrestres) liberou, por maioria de votos, o aditivo contratual para a continuidade da concess\u00e3o da CCR NovaDutra, empresa que administra a BR-116 entre Rio de Janeiro e S\u00e3o Paulo. A decis\u00e3o se deu durante a reuni\u00e3o do colegiado da \u00faltima ter\u00e7a-feira (23). A [&hellip;]<\/p>\n","protected":false},"author":9,"featured_media":6830,"comment_status":"closed","ping_status":"closed","sticky":false,"template":"","format":"standard","meta":{"_monsterinsights_skip_tracking":false,"_monsterinsights_sitenote_active":false,"_monsterinsights_sitenote_note":"","_monsterinsights_sitenote_category":0,"footnotes":""},"categories":[1,7],"tags":[628,72,1910,19,1575,396,1776,22,3548,1050,3613,2922,31,487,316,2244,20,3572,21,739,3601,18,3562,1451],"class_list":["post-6829","post","type-post","status-publish","format-standard","has-post-thumbnail","hentry","category-geral","category-infratransporte","tag-aditivo","tag-agencia-reguladora","tag-alexandre-porto","tag-antt","tag-br-116","tag-bruno-dantas","tag-ccr-novadutra","tag-concessao","tag-concessionaria","tag-davi-barreto","tag-edison-araujo-da-silva","tag-eduardo-marra","tag-ferrovia-norte-sul","tag-fns","tag-licitacao","tag-murshed-menezes","tag-pedagio","tag-reajuste","tag-rodovia","tag-tarifa","tag-tarifa-calculada","tag-tcu","tag-usuvias","tag-weber-ciloni"],"yoast_head":"<!-- This site is optimized with the Yoast SEO Premium plugin v25.4 (Yoast SEO v26.0) - https:\/\/yoast.com\/wordpress\/plugins\/seo\/ -->\n<title>ANTT aprova aditivo para continuidade da concess\u00e3o da CCR NovaDutra por mais 12 meses - Ag\u00eancia iNFRA<\/title>\n<meta name=\"robots\" content=\"index, follow, max-snippet:-1, max-image-preview:large, max-video-preview:-1\" \/>\n<link rel=\"canonical\" href=\"https:\/\/agenciainfra.com\/blog\/antt-aprova-aditivo-para-continuidade-da-concessao-da-ccr-novadutra-por-mais-12-meses\/\" \/>\n<meta property=\"og:locale\" content=\"pt_BR\" \/>\n<meta property=\"og:type\" content=\"article\" \/>\n<meta property=\"og:title\" content=\"ANTT aprova aditivo para continuidade da concess\u00e3o da CCR NovaDutra por mais 12 meses\" \/>\n<meta property=\"og:description\" content=\"Gabriel Tabatcheik, da\u00a0Ag\u00eancia iNFRA A diretoria da ANTT (Ag\u00eancia Nacional de Transportes Terrestres) liberou, por maioria de votos, o aditivo contratual para a continuidade da concess\u00e3o da CCR NovaDutra, empresa que administra a BR-116 entre Rio de Janeiro e S\u00e3o Paulo. A decis\u00e3o se deu durante a reuni\u00e3o do colegiado da \u00faltima ter\u00e7a-feira (23). A [&hellip;]\" \/>\n<meta property=\"og:url\" content=\"https:\/\/agenciainfra.com\/blog\/antt-aprova-aditivo-para-continuidade-da-concessao-da-ccr-novadutra-por-mais-12-meses\/\" \/>\n<meta property=\"og:site_name\" content=\"Ag\u00eancia iNFRA\" \/>\n<meta property=\"article:publisher\" content=\"https:\/\/www.facebook.com\/ageninfra\" \/>\n<meta property=\"article:published_time\" content=\"2021-02-25T11:00:00+00:00\" \/>\n<meta property=\"og:image\" content=\"https:\/\/agenciainfra.com\/blog\/wp-content\/uploads\/2021\/02\/CCR-Nova-Dutra-foto-Jair-Xavier-CCRNovaDutra.png\" \/>\n\t<meta property=\"og:image:width\" content=\"1280\" \/>\n\t<meta property=\"og:image:height\" content=\"957\" \/>\n\t<meta property=\"og:image:type\" content=\"image\/png\" \/>\n<meta name=\"author\" content=\"Rodrigo Zuquim\" \/>\n<meta name=\"twitter:card\" content=\"summary_large_image\" \/>\n<meta name=\"twitter:creator\" content=\"@agencia_infra\" \/>\n<meta name=\"twitter:site\" content=\"@agencia_infra\" \/>\n<meta name=\"twitter:label1\" content=\"Escrito por\" \/>\n\t<meta name=\"twitter:data1\" content=\"Rodrigo Zuquim\" \/>\n\t<meta name=\"twitter:label2\" content=\"Est. tempo de leitura\" \/>\n\t<meta name=\"twitter:data2\" content=\"4 minutos\" \/>\n<script type=\"application\/ld+json\" class=\"yoast-schema-graph\">{\"@context\":\"https:\/\/schema.org\",\"@graph\":[{\"@type\":\"Article\",\"@id\":\"https:\/\/agenciainfra.com\/blog\/antt-aprova-aditivo-para-continuidade-da-concessao-da-ccr-novadutra-por-mais-12-meses\/#article\",\"isPartOf\":{\"@id\":\"https:\/\/agenciainfra.com\/blog\/antt-aprova-aditivo-para-continuidade-da-concessao-da-ccr-novadutra-por-mais-12-meses\/\"},\"author\":{\"name\":\"Rodrigo Zuquim\",\"@id\":\"https:\/\/agenciainfra.com\/blog\/#\/schema\/person\/04dbb79bd6d8951f063da71f3e4c1eb1\"},\"headline\":\"ANTT aprova aditivo para continuidade da concess\u00e3o da CCR NovaDutra por mais 12 meses\",\"datePublished\":\"2021-02-25T11:00:00+00:00\",\"mainEntityOfPage\":{\"@id\":\"https:\/\/agenciainfra.com\/blog\/antt-aprova-aditivo-para-continuidade-da-concessao-da-ccr-novadutra-por-mais-12-meses\/\"},\"wordCount\":798,\"publisher\":{\"@id\":\"https:\/\/agenciainfra.com\/blog\/#organization\"},\"image\":{\"@id\":\"https:\/\/agenciainfra.com\/blog\/antt-aprova-aditivo-para-continuidade-da-concessao-da-ccr-novadutra-por-mais-12-meses\/#primaryimage\"},\"thumbnailUrl\":\"https:\/\/agenciainfra.com\/blog\/wp-content\/uploads\/2021\/02\/CCR-Nova-Dutra-foto-Jair-Xavier-CCRNovaDutra.png\",\"keywords\":[\"aditivo\",\"ag\u00eancia reguladora\",\"Alexandre Porto\",\"ANTT\",\"BR-116\",\"Bruno Dantas\",\"CCR NovaDutra\",\"Concess\u00e3o\",\"concession\u00e1ria\",\"Davi Barreto\",\"Edison Ara\u00fajo da Silva\",\"Eduardo Marra\",\"Ferrovia Norte-Sul\",\"FNS\",\"licita\u00e7\u00e3o\",\"Murshed Menezes\",\"Ped\u00e1gio\",\"reajuste\",\"Rodovia\",\"Tarifa\",\"tarifa calculada\",\"TCU\",\"UsuVias\",\"Weber Ciloni\"],\"articleSection\":[\"Geral\",\"iNFRATransporte\"],\"inLanguage\":\"pt-BR\",\"copyrightYear\":\"2021\",\"copyrightHolder\":{\"@id\":\"https:\/\/agenciainfra.com\/blog\/#organization\"}},{\"@type\":\"WebPage\",\"@id\":\"https:\/\/agenciainfra.com\/blog\/antt-aprova-aditivo-para-continuidade-da-concessao-da-ccr-novadutra-por-mais-12-meses\/\",\"url\":\"https:\/\/agenciainfra.com\/blog\/antt-aprova-aditivo-para-continuidade-da-concessao-da-ccr-novadutra-por-mais-12-meses\/\",\"name\":\"ANTT aprova aditivo para continuidade da concess\u00e3o da CCR NovaDutra por mais 12 meses - Ag\u00eancia iNFRA\",\"isPartOf\":{\"@id\":\"https:\/\/agenciainfra.com\/blog\/#website\"},\"primaryImageOfPage\":{\"@id\":\"https:\/\/agenciainfra.com\/blog\/antt-aprova-aditivo-para-continuidade-da-concessao-da-ccr-novadutra-por-mais-12-meses\/#primaryimage\"},\"image\":{\"@id\":\"https:\/\/agenciainfra.com\/blog\/antt-aprova-aditivo-para-continuidade-da-concessao-da-ccr-novadutra-por-mais-12-meses\/#primaryimage\"},\"thumbnailUrl\":\"https:\/\/agenciainfra.com\/blog\/wp-content\/uploads\/2021\/02\/CCR-Nova-Dutra-foto-Jair-Xavier-CCRNovaDutra.png\",\"datePublished\":\"2021-02-25T11:00:00+00:00\",\"breadcrumb\":{\"@id\":\"https:\/\/agenciainfra.com\/blog\/antt-aprova-aditivo-para-continuidade-da-concessao-da-ccr-novadutra-por-mais-12-meses\/#breadcrumb\"},\"inLanguage\":\"pt-BR\",\"potentialAction\":[{\"@type\":\"ReadAction\",\"target\":[\"https:\/\/agenciainfra.com\/blog\/antt-aprova-aditivo-para-continuidade-da-concessao-da-ccr-novadutra-por-mais-12-meses\/\"]}]},{\"@type\":\"ImageObject\",\"inLanguage\":\"pt-BR\",\"@id\":\"https:\/\/agenciainfra.com\/blog\/antt-aprova-aditivo-para-continuidade-da-concessao-da-ccr-novadutra-por-mais-12-meses\/#primaryimage\",\"url\":\"https:\/\/agenciainfra.com\/blog\/wp-content\/uploads\/2021\/02\/CCR-Nova-Dutra-foto-Jair-Xavier-CCRNovaDutra.png\",\"contentUrl\":\"https:\/\/agenciainfra.com\/blog\/wp-content\/uploads\/2021\/02\/CCR-Nova-Dutra-foto-Jair-Xavier-CCRNovaDutra.png\",\"width\":1280,\"height\":957,\"caption\":\"Foto: Jair Xavier\/CCR Nova Dutra\"},{\"@type\":\"BreadcrumbList\",\"@id\":\"https:\/\/agenciainfra.com\/blog\/antt-aprova-aditivo-para-continuidade-da-concessao-da-ccr-novadutra-por-mais-12-meses\/#breadcrumb\",\"itemListElement\":[{\"@type\":\"ListItem\",\"position\":1,\"name\":\"In\u00edcio\",\"item\":\"https:\/\/agenciainfra.com\/blog\/\"},{\"@type\":\"ListItem\",\"position\":2,\"name\":\"ANTT aprova aditivo para continuidade da concess\u00e3o da CCR NovaDutra por mais 12 meses\"}]},{\"@type\":\"WebSite\",\"@id\":\"https:\/\/agenciainfra.com\/blog\/#website\",\"url\":\"https:\/\/agenciainfra.com\/blog\/\",\"name\":\"Ag\u00eancia iNFRA\",\"description\":\"Multiplataforma de informa\u00e7\u00e3o jornal\u00edstica refer\u00eancia na \u00e1rea de infraestrutura no Brasil!\",\"publisher\":{\"@id\":\"https:\/\/agenciainfra.com\/blog\/#organization\"},\"potentialAction\":[{\"@type\":\"SearchAction\",\"target\":{\"@type\":\"EntryPoint\",\"urlTemplate\":\"https:\/\/agenciainfra.com\/blog\/?s={search_term_string}\"},\"query-input\":{\"@type\":\"PropertyValueSpecification\",\"valueRequired\":true,\"valueName\":\"search_term_string\"}}],\"inLanguage\":\"pt-BR\"},{\"@type\":\"Organization\",\"@id\":\"https:\/\/agenciainfra.com\/blog\/#organization\",\"name\":\"Ag\u00eancia iNFRA\",\"url\":\"https:\/\/agenciainfra.com\/blog\/\",\"logo\":{\"@type\":\"ImageObject\",\"inLanguage\":\"pt-BR\",\"@id\":\"https:\/\/agenciainfra.com\/blog\/#\/schema\/logo\/image\/\",\"url\":\"https:\/\/agenciainfra.com\/blog\/wp-content\/uploads\/2023\/09\/iNFRA_5-e1761735885940.png\",\"contentUrl\":\"https:\/\/agenciainfra.com\/blog\/wp-content\/uploads\/2023\/09\/iNFRA_5-e1761735885940.png\",\"width\":1672,\"height\":454,\"caption\":\"Ag\u00eancia iNFRA\"},\"image\":{\"@id\":\"https:\/\/agenciainfra.com\/blog\/#\/schema\/logo\/image\/\"},\"sameAs\":[\"https:\/\/www.facebook.com\/ageninfra\",\"https:\/\/x.com\/agencia_infra\",\"https:\/\/www.linkedin.com\/company\/ag\u00eanciainfra\/\",\"https:\/\/www.instagram.com\/agenciainfra\/\"]},{\"@type\":\"Person\",\"@id\":\"https:\/\/agenciainfra.com\/blog\/#\/schema\/person\/04dbb79bd6d8951f063da71f3e4c1eb1\",\"name\":\"Rodrigo Zuquim\",\"image\":{\"@type\":\"ImageObject\",\"inLanguage\":\"pt-BR\",\"@id\":\"https:\/\/agenciainfra.com\/blog\/#\/schema\/person\/image\/\",\"url\":\"https:\/\/secure.gravatar.com\/avatar\/594abfe82761d620726242ff34ca472a705a4b97f16c790053a6b4c4035274d0?s=96&d=mm&r=g\",\"contentUrl\":\"https:\/\/secure.gravatar.com\/avatar\/594abfe82761d620726242ff34ca472a705a4b97f16c790053a6b4c4035274d0?s=96&d=mm&r=g\",\"caption\":\"Rodrigo Zuquim\"},\"url\":\"https:\/\/agenciainfra.com\/blog\/author\/rodrigo-zuquim\/\"}]}<\/script>\n<!-- \/ Yoast SEO Premium plugin. -->","yoast_head_json":{"title":"ANTT aprova aditivo para continuidade da concess\u00e3o da CCR NovaDutra por mais 12 meses - Ag\u00eancia iNFRA","robots":{"index":"index","follow":"follow","max-snippet":"max-snippet:-1","max-image-preview":"max-image-preview:large","max-video-preview":"max-video-preview:-1"},"canonical":"https:\/\/agenciainfra.com\/blog\/antt-aprova-aditivo-para-continuidade-da-concessao-da-ccr-novadutra-por-mais-12-meses\/","og_locale":"pt_BR","og_type":"article","og_title":"ANTT aprova aditivo para continuidade da concess\u00e3o da CCR NovaDutra por mais 12 meses","og_description":"Gabriel Tabatcheik, da\u00a0Ag\u00eancia iNFRA A diretoria da ANTT (Ag\u00eancia Nacional de Transportes Terrestres) liberou, por maioria de votos, o aditivo contratual para a continuidade da concess\u00e3o da CCR NovaDutra, empresa que administra a BR-116 entre Rio de Janeiro e S\u00e3o Paulo. A decis\u00e3o se deu durante a reuni\u00e3o do colegiado da \u00faltima ter\u00e7a-feira (23). A [&hellip;]","og_url":"https:\/\/agenciainfra.com\/blog\/antt-aprova-aditivo-para-continuidade-da-concessao-da-ccr-novadutra-por-mais-12-meses\/","og_site_name":"Ag\u00eancia iNFRA","article_publisher":"https:\/\/www.facebook.com\/ageninfra","article_published_time":"2021-02-25T11:00:00+00:00","og_image":[{"width":1280,"height":957,"url":"https:\/\/agenciainfra.com\/blog\/wp-content\/uploads\/2021\/02\/CCR-Nova-Dutra-foto-Jair-Xavier-CCRNovaDutra.png","type":"image\/png"}],"author":"Rodrigo Zuquim","twitter_card":"summary_large_image","twitter_creator":"@agencia_infra","twitter_site":"@agencia_infra","twitter_misc":{"Escrito por":"Rodrigo Zuquim","Est. tempo de leitura":"4 minutos"},"schema":{"@context":"https:\/\/schema.org","@graph":[{"@type":"Article","@id":"https:\/\/agenciainfra.com\/blog\/antt-aprova-aditivo-para-continuidade-da-concessao-da-ccr-novadutra-por-mais-12-meses\/#article","isPartOf":{"@id":"https:\/\/agenciainfra.com\/blog\/antt-aprova-aditivo-para-continuidade-da-concessao-da-ccr-novadutra-por-mais-12-meses\/"},"author":{"name":"Rodrigo Zuquim","@id":"https:\/\/agenciainfra.com\/blog\/#\/schema\/person\/04dbb79bd6d8951f063da71f3e4c1eb1"},"headline":"ANTT aprova aditivo para continuidade da concess\u00e3o da CCR NovaDutra por mais 12 meses","datePublished":"2021-02-25T11:00:00+00:00","mainEntityOfPage":{"@id":"https:\/\/agenciainfra.com\/blog\/antt-aprova-aditivo-para-continuidade-da-concessao-da-ccr-novadutra-por-mais-12-meses\/"},"wordCount":798,"publisher":{"@id":"https:\/\/agenciainfra.com\/blog\/#organization"},"image":{"@id":"https:\/\/agenciainfra.com\/blog\/antt-aprova-aditivo-para-continuidade-da-concessao-da-ccr-novadutra-por-mais-12-meses\/#primaryimage"},"thumbnailUrl":"https:\/\/agenciainfra.com\/blog\/wp-content\/uploads\/2021\/02\/CCR-Nova-Dutra-foto-Jair-Xavier-CCRNovaDutra.png","keywords":["aditivo","ag\u00eancia reguladora","Alexandre Porto","ANTT","BR-116","Bruno Dantas","CCR NovaDutra","Concess\u00e3o","concession\u00e1ria","Davi Barreto","Edison Ara\u00fajo da Silva","Eduardo Marra","Ferrovia Norte-Sul","FNS","licita\u00e7\u00e3o","Murshed Menezes","Ped\u00e1gio","reajuste","Rodovia","Tarifa","tarifa calculada","TCU","UsuVias","Weber Ciloni"],"articleSection":["Geral","iNFRATransporte"],"inLanguage":"pt-BR","copyrightYear":"2021","copyrightHolder":{"@id":"https:\/\/agenciainfra.com\/blog\/#organization"}},{"@type":"WebPage","@id":"https:\/\/agenciainfra.com\/blog\/antt-aprova-aditivo-para-continuidade-da-concessao-da-ccr-novadutra-por-mais-12-meses\/","url":"https:\/\/agenciainfra.com\/blog\/antt-aprova-aditivo-para-continuidade-da-concessao-da-ccr-novadutra-por-mais-12-meses\/","name":"ANTT aprova aditivo para continuidade da concess\u00e3o da CCR NovaDutra por mais 12 meses - Ag\u00eancia iNFRA","isPartOf":{"@id":"https:\/\/agenciainfra.com\/blog\/#website"},"primaryImageOfPage":{"@id":"https:\/\/agenciainfra.com\/blog\/antt-aprova-aditivo-para-continuidade-da-concessao-da-ccr-novadutra-por-mais-12-meses\/#primaryimage"},"image":{"@id":"https:\/\/agenciainfra.com\/blog\/antt-aprova-aditivo-para-continuidade-da-concessao-da-ccr-novadutra-por-mais-12-meses\/#primaryimage"},"thumbnailUrl":"https:\/\/agenciainfra.com\/blog\/wp-content\/uploads\/2021\/02\/CCR-Nova-Dutra-foto-Jair-Xavier-CCRNovaDutra.png","datePublished":"2021-02-25T11:00:00+00:00","breadcrumb":{"@id":"https:\/\/agenciainfra.com\/blog\/antt-aprova-aditivo-para-continuidade-da-concessao-da-ccr-novadutra-por-mais-12-meses\/#breadcrumb"},"inLanguage":"pt-BR","potentialAction":[{"@type":"ReadAction","target":["https:\/\/agenciainfra.com\/blog\/antt-aprova-aditivo-para-continuidade-da-concessao-da-ccr-novadutra-por-mais-12-meses\/"]}]},{"@type":"ImageObject","inLanguage":"pt-BR","@id":"https:\/\/agenciainfra.com\/blog\/antt-aprova-aditivo-para-continuidade-da-concessao-da-ccr-novadutra-por-mais-12-meses\/#primaryimage","url":"https:\/\/agenciainfra.com\/blog\/wp-content\/uploads\/2021\/02\/CCR-Nova-Dutra-foto-Jair-Xavier-CCRNovaDutra.png","contentUrl":"https:\/\/agenciainfra.com\/blog\/wp-content\/uploads\/2021\/02\/CCR-Nova-Dutra-foto-Jair-Xavier-CCRNovaDutra.png","width":1280,"height":957,"caption":"Foto: Jair Xavier\/CCR Nova Dutra"},{"@type":"BreadcrumbList","@id":"https:\/\/agenciainfra.com\/blog\/antt-aprova-aditivo-para-continuidade-da-concessao-da-ccr-novadutra-por-mais-12-meses\/#breadcrumb","itemListElement":[{"@type":"ListItem","position":1,"name":"In\u00edcio","item":"https:\/\/agenciainfra.com\/blog\/"},{"@type":"ListItem","position":2,"name":"ANTT aprova aditivo para continuidade da concess\u00e3o da CCR NovaDutra por mais 12 meses"}]},{"@type":"WebSite","@id":"https:\/\/agenciainfra.com\/blog\/#website","url":"https:\/\/agenciainfra.com\/blog\/","name":"Ag\u00eancia iNFRA","description":"Multiplataforma de informa\u00e7\u00e3o jornal\u00edstica refer\u00eancia na \u00e1rea de infraestrutura no Brasil!","publisher":{"@id":"https:\/\/agenciainfra.com\/blog\/#organization"},"potentialAction":[{"@type":"SearchAction","target":{"@type":"EntryPoint","urlTemplate":"https:\/\/agenciainfra.com\/blog\/?s={search_term_string}"},"query-input":{"@type":"PropertyValueSpecification","valueRequired":true,"valueName":"search_term_string"}}],"inLanguage":"pt-BR"},{"@type":"Organization","@id":"https:\/\/agenciainfra.com\/blog\/#organization","name":"Ag\u00eancia iNFRA","url":"https:\/\/agenciainfra.com\/blog\/","logo":{"@type":"ImageObject","inLanguage":"pt-BR","@id":"https:\/\/agenciainfra.com\/blog\/#\/schema\/logo\/image\/","url":"https:\/\/agenciainfra.com\/blog\/wp-content\/uploads\/2023\/09\/iNFRA_5-e1761735885940.png","contentUrl":"https:\/\/agenciainfra.com\/blog\/wp-content\/uploads\/2023\/09\/iNFRA_5-e1761735885940.png","width":1672,"height":454,"caption":"Ag\u00eancia iNFRA"},"image":{"@id":"https:\/\/agenciainfra.com\/blog\/#\/schema\/logo\/image\/"},"sameAs":["https:\/\/www.facebook.com\/ageninfra","https:\/\/x.com\/agencia_infra","https:\/\/www.linkedin.com\/company\/ag\u00eanciainfra\/","https:\/\/www.instagram.com\/agenciainfra\/"]},{"@type":"Person","@id":"https:\/\/agenciainfra.com\/blog\/#\/schema\/person\/04dbb79bd6d8951f063da71f3e4c1eb1","name":"Rodrigo Zuquim","image":{"@type":"ImageObject","inLanguage":"pt-BR","@id":"https:\/\/agenciainfra.com\/blog\/#\/schema\/person\/image\/","url":"https:\/\/secure.gravatar.com\/avatar\/594abfe82761d620726242ff34ca472a705a4b97f16c790053a6b4c4035274d0?s=96&d=mm&r=g","contentUrl":"https:\/\/secure.gravatar.com\/avatar\/594abfe82761d620726242ff34ca472a705a4b97f16c790053a6b4c4035274d0?s=96&d=mm&r=g","caption":"Rodrigo Zuquim"},"url":"https:\/\/agenciainfra.com\/blog\/author\/rodrigo-zuquim\/"}]}},"_links":{"self":[{"href":"https:\/\/agenciainfra.com\/blog\/wp-json\/wp\/v2\/posts\/6829","targetHints":{"allow":["GET"]}}],"collection":[{"href":"https:\/\/agenciainfra.com\/blog\/wp-json\/wp\/v2\/posts"}],"about":[{"href":"https:\/\/agenciainfra.com\/blog\/wp-json\/wp\/v2\/types\/post"}],"author":[{"embeddable":true,"href":"https:\/\/agenciainfra.com\/blog\/wp-json\/wp\/v2\/users\/9"}],"replies":[{"embeddable":true,"href":"https:\/\/agenciainfra.com\/blog\/wp-json\/wp\/v2\/comments?post=6829"}],"version-history":[{"count":0,"href":"https:\/\/agenciainfra.com\/blog\/wp-json\/wp\/v2\/posts\/6829\/revisions"}],"wp:featuredmedia":[{"embeddable":true,"href":"https:\/\/agenciainfra.com\/blog\/wp-json\/wp\/v2\/media\/6830"}],"wp:attachment":[{"href":"https:\/\/agenciainfra.com\/blog\/wp-json\/wp\/v2\/media?parent=6829"}],"wp:term":[{"taxonomy":"category","embeddable":true,"href":"https:\/\/agenciainfra.com\/blog\/wp-json\/wp\/v2\/categories?post=6829"},{"taxonomy":"post_tag","embeddable":true,"href":"https:\/\/agenciainfra.com\/blog\/wp-json\/wp\/v2\/tags?post=6829"}],"curies":[{"name":"wp","href":"https:\/\/api.w.org\/{rel}","templated":true}]}}