{"id":6858,"date":"2021-03-03T08:00:00","date_gmt":"2021-03-03T11:00:00","guid":{"rendered":"https:\/\/www.agenciainfra.com\/blog\/?p=6858"},"modified":"2021-03-02T12:42:06","modified_gmt":"2021-03-02T15:42:06","slug":"br-do-mar-entidades-propoem-mudanca-para-reporto-ser-reativado-por-mais-12-meses-apos-sancao","status":"publish","type":"post","link":"https:\/\/agenciainfra.com\/blog\/br-do-mar-entidades-propoem-mudanca-para-reporto-ser-reativado-por-mais-12-meses-apos-sancao\/","title":{"rendered":"BR do Mar: Entidades prop\u00f5em mudan\u00e7a para Reporto ser reativado por mais 12 meses ap\u00f3s san\u00e7\u00e3o"},"content":{"rendered":"\n<hr class=\"wp-block-separator\"\/>\n\n\n\n<p class=\"has-text-align-right\"><strong>Dimmi Amora, da&nbsp;Ag\u00eancia iNFRA<\/strong><\/p>\n\n\n\n<p>O senador Nelsinho Trad (PSD-MS) deve concluir entre hoje (3) e esta quinta-feira (4) o relat\u00f3rio sobre o BR do Mar (PL 4.199\/2020), aprovado pela C\u00e2mara dos Deputados no ano passado.\u00a0<br><br>A expectativa era pela libera\u00e7\u00e3o do texto do relator na \u00faltima segunda-feira (1\u00ba), mas o trabalho segue sendo realizado pelos t\u00e9cnicos do gabinete do senador, de acordo com sua assessoria. Pelo cronograma dos l\u00edderes da casa, a proposta ser\u00e1 votada em mar\u00e7o.<br><br>Ainda n\u00e3o h\u00e1\u00a0defini\u00e7\u00e3o se Trad vai propor mudan\u00e7as no texto da C\u00e2mara, o que est\u00e1 em negocia\u00e7\u00e3o. O ministro da Infraestrutura, Tarc\u00edsio de Freitas, j\u00e1 admitiu que o projeto pode receber melhorias dos senadores, o que tende a fazer com que ele tenha altera\u00e7\u00f5es. Foram apresentadas seis emendas de senadores at\u00e9 o momento, de acordo com a tramita\u00e7\u00e3o da proposta, dispon\u00edvel\u00a0<a rel=\"noreferrer noopener\" href=\"https:\/\/agenciainfra.us14.list-manage.com\/track\/click?u=d460dd1bcf9ba0ae040e1fc0f&amp;id=0d3220cd70&amp;e=c099169394\" target=\"_blank\">neste link<\/a>.<br><br>O per\u00edodo de vota\u00e7\u00e3o na C\u00e2mara, que aprovou a proposta enviada com urg\u00eancia constitucional em agosto j\u00e1 no m\u00eas de dezembro, fez com que um dos dispositivos inseridos pelos parlamentares, a amplia\u00e7\u00e3o do prazo para o Reporto (Regime Tribut\u00e1rio para Incentivo \u00e0 Moderniza\u00e7\u00e3o e \u00e0 Amplia\u00e7\u00e3o da Estrutura Portu\u00e1ria)\u00a0at\u00e9 31 de dezembro de 2021, ficasse com prazo reduzido.<br><br>O benef\u00edcio fiscal, previsto na Lei 11.033\/2004, dado na importa\u00e7\u00e3o de equipamentos para o setor portu\u00e1rio e ferrovi\u00e1rio, perdeu a vig\u00eancia em dezembro de 2020. A expectativa de empresas era que ele pudesse permanecer por mais um ano al\u00e9m do\u00a0previsto em lei. Como a proposta n\u00e3o foi sancionada, quem internalizar equipamentos entre 1\u00ba de janeiro e a data da san\u00e7\u00e3o da lei ter\u00e1 que faz\u00ea-lo sem os benef\u00edcios.<br><br>O presidente da ABTP (Associa\u00e7\u00e3o Brasileira dos Terminais Portu\u00e1rios), Jesualdo Silva, afirmou que as empresas do setor sugeriram ao relator que \u2013 se for fazer mudan\u00e7as no texto \u2013 permita uma altera\u00e7\u00e3o para que o Reporto funcione por 12 meses ap\u00f3s a san\u00e7\u00e3o, o que daria tempo para as empresas adaptarem seus pedidos. Se o texto for mudado, precisa voltar a vota\u00e7\u00e3o da C\u00e2mara.<br><br>&#8220;Mas se n\u00e3o houver mudan\u00e7a no texto, o melhor \u00e9 manter como est\u00e1 para que possa seguir para a san\u00e7\u00e3o presidencial e o benef\u00edcio poder ser renovado&#8221;, disse Silva.<br><br><strong>Investimentos no setor<\/strong><br>A advogada La\u00edne Meira trabalhou na reda\u00e7\u00e3o da emenda na C\u00e2mara que ampliou os benef\u00edcios do Reporto por mais um ano quando foi assessora do deputado Hugo Leal (PSD-RJ). Segundo ela, a proposta original era de mais cinco anos, mas a que foi aprovada com apoio da lideran\u00e7a do governo na C\u00e2mara\u00a0deu mais um ano de prazo.<br><br>Segundo a advogada, que vai liderar o escrit\u00f3rio da Sammarco Advogados em Bras\u00edlia a partir de mar\u00e7o, as empresas n\u00e3o v\u00e3o poder usar o benef\u00edcio fiscal no per\u00edodo entre 1\u00ba de janeiro de 2021 at\u00e9 a san\u00e7\u00e3o da nova lei. A n\u00e3o ser que a proposta do relator preveja uma remiss\u00e3o do imposto e um perd\u00e3o para as empresas que n\u00e3o fizerem o recolhimento no per\u00edodo.<br><br>&#8220;\u00c9 uma situa\u00e7\u00e3o bem complicada e o que temos visto s\u00e3o empresas evitando fazer investimentos nesse per\u00edodo pela falta de seguran\u00e7a sobre o que vai ocorrer. E isso n\u00e3o \u00e9 bom para a infraestrutura do pa\u00eds&#8221;, disse Meira.<br><br><strong>Menos de 1% do gasto tribut\u00e1rio<\/strong><br>Silva, o presidente da ABTP, afirmou que as empresas que adquirirem os equipamentos fora do per\u00edodo de vig\u00eancia no Reporto podem ter que pagar at\u00e9 40% a mais pelas m\u00e1quinas. Segundo ele, pesam os impostos federais que passam a ser cobrados, como IPI, Imposto de Importa\u00e7\u00e3o e Cofins, mas pesa mais o ICMS em alguns estados que \u2013 sem o Reporto \u2013 passou a ser devido.<br><br>Silva afirmou ainda que a estimativa da associa\u00e7\u00e3o para o gasto tribut\u00e1rio com o Reporto foi de R$ 250 milh\u00f5es em 2020, o que representa menos de 1% dos estimados\u00a0R$ 300 bilh\u00f5es de gastos tribut\u00e1rios federais no ano.<br><br>&#8220;Seria um peso pequeno para o governo, mas para quem precisa do equipamento para melhorar sua produtividade \u00e9 uma carga grande&#8221;, disse Silva.<br><br><strong>Aumento de impostos na avia\u00e7\u00e3o<\/strong><br>A falta de previsibilidade na cobran\u00e7a de impostos tamb\u00e9m levou empres\u00e1rios de outro setor a reclamar com o governo. Na semana passada, os ministros da Economia (Paulo Guedes), da Infraestrutura (Tarc\u00edsio de Freitas) e do Turismo (Gilson Machado) receberam os presidentes de companhias a\u00e9reas para tratar da cobran\u00e7a de imposto de renda sobre o leasing de avi\u00f5es.<br><br>No setor, a estimativa \u00e9 que a cobran\u00e7a desse imposto nas al\u00edquota de 2021 (al\u00edquota de 15%) possa gerar um custo anual de mais de R$ 500 milh\u00f5es \u00e0s companhias a\u00e9reas, que at\u00e9 2019 estavam isentas e no ano passado pagaram pouco mais de 1%.<br><br>O advogado Ricardo Fenelon J\u00fanior, da Fenelon Advogados, afirma que falta uma vis\u00e3o mais sist\u00eamica sobre o setor de infraestrutura. Segundo ele, o governo trabalha por um lado em v\u00e1rios projetos legislativos e de altera\u00e7\u00f5es infralegais para reduzir o custo das empresas e, assim, ampliar o n\u00famero de companhias e os investimentos.<br><br>Por outro, altera regras setoriais e amplia os custos para as opera\u00e7\u00f5es, o que dificulta os investimentos no setor.<br><br>&#8220;Sem uma vis\u00e3o sist\u00eamica, a gente n\u00e3o vai chegar a ter a capacidade de dar uma vis\u00e3o de longo prazo para atrair investidores&#8221;, analisou Fenelon, que foi diretor da ANAC (Ag\u00eancia Nacional de Avia\u00e7\u00e3o Civil) at\u00e9 2019.<\/p>\n","protected":false},"excerpt":{"rendered":"<p>Dimmi Amora, da&nbsp;Ag\u00eancia iNFRA O senador Nelsinho Trad (PSD-MS) deve concluir entre hoje (3) e esta quinta-feira (4) o relat\u00f3rio sobre o BR do Mar (PL 4.199\/2020), aprovado pela C\u00e2mara dos Deputados no ano passado.\u00a0 A expectativa era pela libera\u00e7\u00e3o do texto do relator na \u00faltima segunda-feira (1\u00ba), mas o trabalho segue sendo realizado pelos [&hellip;]<\/p>\n","protected":false},"author":9,"featured_media":6859,"comment_status":"closed","ping_status":"closed","sticky":false,"template":"","format":"standard","meta":{"_monsterinsights_skip_tracking":false,"_monsterinsights_sitenote_active":false,"_monsterinsights_sitenote_note":"","_monsterinsights_sitenote_category":0,"footnotes":""},"categories":[1,7],"tags":[207,242,236,1245,3643,3641,1189,268,34,32,3506,3639,3642,2667,3638,962,2484,2666,510,3640,884,1201,448],"class_list":["post-6858","post","type-post","status-publish","format-standard","has-post-thumbnail","hentry","category-geral","category-infratransporte","tag-abtp","tag-anac","tag-aviacao","tag-br-do-mar","tag-fenelon-advogados","tag-gilson-machado","tag-hugo-leal","tag-impostos","tag-infraestrutura","tag-investimentos","tag-jesualdo-silva","tag-laine-meira","tag-leasing","tag-lei-11-033-2004","tag-nelsinho-trad","tag-paulo-guedes","tag-pl-4-199-2020","tag-reporto","tag-ricardo-fenelon","tag-sammarco-advogados","tag-setor-ferroviario","tag-setor-portuario","tag-tarcisio-de-freitas"],"yoast_head":"<!-- This site is optimized with the Yoast SEO Premium plugin v25.4 (Yoast SEO v26.0) - https:\/\/yoast.com\/wordpress\/plugins\/seo\/ -->\n<title>BR do Mar: Entidades prop\u00f5em mudan\u00e7a para Reporto ser reativado por mais 12 meses ap\u00f3s san\u00e7\u00e3o - Ag\u00eancia iNFRA<\/title>\n<meta name=\"robots\" content=\"index, follow, max-snippet:-1, max-image-preview:large, max-video-preview:-1\" \/>\n<link rel=\"canonical\" href=\"https:\/\/agenciainfra.com\/blog\/br-do-mar-entidades-propoem-mudanca-para-reporto-ser-reativado-por-mais-12-meses-apos-sancao\/\" \/>\n<meta property=\"og:locale\" content=\"pt_BR\" \/>\n<meta property=\"og:type\" content=\"article\" \/>\n<meta property=\"og:title\" content=\"BR do Mar: Entidades prop\u00f5em mudan\u00e7a para Reporto ser reativado por mais 12 meses ap\u00f3s san\u00e7\u00e3o\" \/>\n<meta property=\"og:description\" content=\"Dimmi Amora, da&nbsp;Ag\u00eancia iNFRA O senador Nelsinho Trad (PSD-MS) deve concluir entre hoje (3) e esta quinta-feira (4) o relat\u00f3rio sobre o BR do Mar (PL 4.199\/2020), aprovado pela C\u00e2mara dos Deputados no ano passado.\u00a0 A expectativa era pela libera\u00e7\u00e3o do texto do relator na \u00faltima segunda-feira (1\u00ba), mas o trabalho segue sendo realizado pelos [&hellip;]\" \/>\n<meta property=\"og:url\" content=\"https:\/\/agenciainfra.com\/blog\/br-do-mar-entidades-propoem-mudanca-para-reporto-ser-reativado-por-mais-12-meses-apos-sancao\/\" \/>\n<meta property=\"og:site_name\" content=\"Ag\u00eancia iNFRA\" \/>\n<meta property=\"article:publisher\" content=\"https:\/\/www.facebook.com\/ageninfra\" \/>\n<meta property=\"article:published_time\" content=\"2021-03-03T11:00:00+00:00\" \/>\n<meta property=\"og:image\" content=\"https:\/\/agenciainfra.com\/blog\/wp-content\/uploads\/2021\/03\/nelsinho-trad-foto-roque-de-sa-agencia-senado.jpg\" \/>\n\t<meta property=\"og:image:width\" content=\"1280\" \/>\n\t<meta property=\"og:image:height\" content=\"852\" \/>\n\t<meta property=\"og:image:type\" content=\"image\/jpeg\" \/>\n<meta name=\"author\" content=\"Rodrigo Zuquim\" \/>\n<meta name=\"twitter:card\" content=\"summary_large_image\" \/>\n<meta name=\"twitter:creator\" content=\"@agencia_infra\" \/>\n<meta name=\"twitter:site\" content=\"@agencia_infra\" \/>\n<meta name=\"twitter:label1\" content=\"Escrito por\" \/>\n\t<meta name=\"twitter:data1\" content=\"Rodrigo Zuquim\" \/>\n\t<meta name=\"twitter:label2\" content=\"Est. tempo de leitura\" \/>\n\t<meta name=\"twitter:data2\" content=\"5 minutos\" \/>\n<script type=\"application\/ld+json\" class=\"yoast-schema-graph\">{\"@context\":\"https:\/\/schema.org\",\"@graph\":[{\"@type\":\"Article\",\"@id\":\"https:\/\/agenciainfra.com\/blog\/br-do-mar-entidades-propoem-mudanca-para-reporto-ser-reativado-por-mais-12-meses-apos-sancao\/#article\",\"isPartOf\":{\"@id\":\"https:\/\/agenciainfra.com\/blog\/br-do-mar-entidades-propoem-mudanca-para-reporto-ser-reativado-por-mais-12-meses-apos-sancao\/\"},\"author\":{\"name\":\"Rodrigo Zuquim\",\"@id\":\"https:\/\/agenciainfra.com\/blog\/#\/schema\/person\/04dbb79bd6d8951f063da71f3e4c1eb1\"},\"headline\":\"BR do Mar: Entidades prop\u00f5em mudan\u00e7a para Reporto ser reativado por mais 12 meses ap\u00f3s san\u00e7\u00e3o\",\"datePublished\":\"2021-03-03T11:00:00+00:00\",\"mainEntityOfPage\":{\"@id\":\"https:\/\/agenciainfra.com\/blog\/br-do-mar-entidades-propoem-mudanca-para-reporto-ser-reativado-por-mais-12-meses-apos-sancao\/\"},\"wordCount\":971,\"publisher\":{\"@id\":\"https:\/\/agenciainfra.com\/blog\/#organization\"},\"image\":{\"@id\":\"https:\/\/agenciainfra.com\/blog\/br-do-mar-entidades-propoem-mudanca-para-reporto-ser-reativado-por-mais-12-meses-apos-sancao\/#primaryimage\"},\"thumbnailUrl\":\"https:\/\/agenciainfra.com\/blog\/wp-content\/uploads\/2021\/03\/nelsinho-trad-foto-roque-de-sa-agencia-senado.jpg\",\"keywords\":[\"ABTP\",\"ANAC\",\"avia\u00e7\u00e3o\",\"BR do Mar\",\"Fenelon Advogados\",\"Gilson Machado\",\"Hugo Leal\",\"impostos\",\"Infraestrutura\",\"Investimentos\",\"Jesualdo Silva\",\"La\u00edne Meira\",\"leasing\",\"Lei 11.033\/2004\",\"Nelsinho Trad\",\"Paulo Guedes\",\"PL 4.199\/2020\",\"Reporto\",\"Ricardo Fenelon\",\"Sammarco Advogados\",\"setor ferrovi\u00e1rio\",\"setor portu\u00e1rio\",\"Tarc\u00edsio de Freitas\"],\"articleSection\":[\"Geral\",\"iNFRATransporte\"],\"inLanguage\":\"pt-BR\",\"copyrightYear\":\"2021\",\"copyrightHolder\":{\"@id\":\"https:\/\/agenciainfra.com\/blog\/#organization\"}},{\"@type\":\"WebPage\",\"@id\":\"https:\/\/agenciainfra.com\/blog\/br-do-mar-entidades-propoem-mudanca-para-reporto-ser-reativado-por-mais-12-meses-apos-sancao\/\",\"url\":\"https:\/\/agenciainfra.com\/blog\/br-do-mar-entidades-propoem-mudanca-para-reporto-ser-reativado-por-mais-12-meses-apos-sancao\/\",\"name\":\"BR do Mar: Entidades prop\u00f5em mudan\u00e7a para Reporto ser reativado por mais 12 meses ap\u00f3s san\u00e7\u00e3o - Ag\u00eancia iNFRA\",\"isPartOf\":{\"@id\":\"https:\/\/agenciainfra.com\/blog\/#website\"},\"primaryImageOfPage\":{\"@id\":\"https:\/\/agenciainfra.com\/blog\/br-do-mar-entidades-propoem-mudanca-para-reporto-ser-reativado-por-mais-12-meses-apos-sancao\/#primaryimage\"},\"image\":{\"@id\":\"https:\/\/agenciainfra.com\/blog\/br-do-mar-entidades-propoem-mudanca-para-reporto-ser-reativado-por-mais-12-meses-apos-sancao\/#primaryimage\"},\"thumbnailUrl\":\"https:\/\/agenciainfra.com\/blog\/wp-content\/uploads\/2021\/03\/nelsinho-trad-foto-roque-de-sa-agencia-senado.jpg\",\"datePublished\":\"2021-03-03T11:00:00+00:00\",\"breadcrumb\":{\"@id\":\"https:\/\/agenciainfra.com\/blog\/br-do-mar-entidades-propoem-mudanca-para-reporto-ser-reativado-por-mais-12-meses-apos-sancao\/#breadcrumb\"},\"inLanguage\":\"pt-BR\",\"potentialAction\":[{\"@type\":\"ReadAction\",\"target\":[\"https:\/\/agenciainfra.com\/blog\/br-do-mar-entidades-propoem-mudanca-para-reporto-ser-reativado-por-mais-12-meses-apos-sancao\/\"]}]},{\"@type\":\"ImageObject\",\"inLanguage\":\"pt-BR\",\"@id\":\"https:\/\/agenciainfra.com\/blog\/br-do-mar-entidades-propoem-mudanca-para-reporto-ser-reativado-por-mais-12-meses-apos-sancao\/#primaryimage\",\"url\":\"https:\/\/agenciainfra.com\/blog\/wp-content\/uploads\/2021\/03\/nelsinho-trad-foto-roque-de-sa-agencia-senado.jpg\",\"contentUrl\":\"https:\/\/agenciainfra.com\/blog\/wp-content\/uploads\/2021\/03\/nelsinho-trad-foto-roque-de-sa-agencia-senado.jpg\",\"width\":1280,\"height\":852},{\"@type\":\"BreadcrumbList\",\"@id\":\"https:\/\/agenciainfra.com\/blog\/br-do-mar-entidades-propoem-mudanca-para-reporto-ser-reativado-por-mais-12-meses-apos-sancao\/#breadcrumb\",\"itemListElement\":[{\"@type\":\"ListItem\",\"position\":1,\"name\":\"In\u00edcio\",\"item\":\"https:\/\/agenciainfra.com\/blog\/\"},{\"@type\":\"ListItem\",\"position\":2,\"name\":\"BR do Mar: Entidades prop\u00f5em mudan\u00e7a para Reporto ser reativado por mais 12 meses ap\u00f3s san\u00e7\u00e3o\"}]},{\"@type\":\"WebSite\",\"@id\":\"https:\/\/agenciainfra.com\/blog\/#website\",\"url\":\"https:\/\/agenciainfra.com\/blog\/\",\"name\":\"Ag\u00eancia iNFRA\",\"description\":\"Multiplataforma de informa\u00e7\u00e3o jornal\u00edstica refer\u00eancia na \u00e1rea de infraestrutura no Brasil!\",\"publisher\":{\"@id\":\"https:\/\/agenciainfra.com\/blog\/#organization\"},\"potentialAction\":[{\"@type\":\"SearchAction\",\"target\":{\"@type\":\"EntryPoint\",\"urlTemplate\":\"https:\/\/agenciainfra.com\/blog\/?s={search_term_string}\"},\"query-input\":{\"@type\":\"PropertyValueSpecification\",\"valueRequired\":true,\"valueName\":\"search_term_string\"}}],\"inLanguage\":\"pt-BR\"},{\"@type\":\"Organization\",\"@id\":\"https:\/\/agenciainfra.com\/blog\/#organization\",\"name\":\"Ag\u00eancia iNFRA\",\"url\":\"https:\/\/agenciainfra.com\/blog\/\",\"logo\":{\"@type\":\"ImageObject\",\"inLanguage\":\"pt-BR\",\"@id\":\"https:\/\/agenciainfra.com\/blog\/#\/schema\/logo\/image\/\",\"url\":\"https:\/\/agenciainfra.com\/blog\/wp-content\/uploads\/2023\/09\/iNFRA_5-e1761735885940.png\",\"contentUrl\":\"https:\/\/agenciainfra.com\/blog\/wp-content\/uploads\/2023\/09\/iNFRA_5-e1761735885940.png\",\"width\":1672,\"height\":454,\"caption\":\"Ag\u00eancia iNFRA\"},\"image\":{\"@id\":\"https:\/\/agenciainfra.com\/blog\/#\/schema\/logo\/image\/\"},\"sameAs\":[\"https:\/\/www.facebook.com\/ageninfra\",\"https:\/\/x.com\/agencia_infra\",\"https:\/\/www.linkedin.com\/company\/ag\u00eanciainfra\/\",\"https:\/\/www.instagram.com\/agenciainfra\/\"]},{\"@type\":\"Person\",\"@id\":\"https:\/\/agenciainfra.com\/blog\/#\/schema\/person\/04dbb79bd6d8951f063da71f3e4c1eb1\",\"name\":\"Rodrigo Zuquim\",\"image\":{\"@type\":\"ImageObject\",\"inLanguage\":\"pt-BR\",\"@id\":\"https:\/\/agenciainfra.com\/blog\/#\/schema\/person\/image\/\",\"url\":\"https:\/\/secure.gravatar.com\/avatar\/594abfe82761d620726242ff34ca472a705a4b97f16c790053a6b4c4035274d0?s=96&d=mm&r=g\",\"contentUrl\":\"https:\/\/secure.gravatar.com\/avatar\/594abfe82761d620726242ff34ca472a705a4b97f16c790053a6b4c4035274d0?s=96&d=mm&r=g\",\"caption\":\"Rodrigo Zuquim\"},\"url\":\"https:\/\/agenciainfra.com\/blog\/author\/rodrigo-zuquim\/\"}]}<\/script>\n<!-- \/ Yoast SEO Premium plugin. -->","yoast_head_json":{"title":"BR do Mar: Entidades prop\u00f5em mudan\u00e7a para Reporto ser reativado por mais 12 meses ap\u00f3s san\u00e7\u00e3o - Ag\u00eancia iNFRA","robots":{"index":"index","follow":"follow","max-snippet":"max-snippet:-1","max-image-preview":"max-image-preview:large","max-video-preview":"max-video-preview:-1"},"canonical":"https:\/\/agenciainfra.com\/blog\/br-do-mar-entidades-propoem-mudanca-para-reporto-ser-reativado-por-mais-12-meses-apos-sancao\/","og_locale":"pt_BR","og_type":"article","og_title":"BR do Mar: Entidades prop\u00f5em mudan\u00e7a para Reporto ser reativado por mais 12 meses ap\u00f3s san\u00e7\u00e3o","og_description":"Dimmi Amora, da&nbsp;Ag\u00eancia iNFRA O senador Nelsinho Trad (PSD-MS) deve concluir entre hoje (3) e esta quinta-feira (4) o relat\u00f3rio sobre o BR do Mar (PL 4.199\/2020), aprovado pela C\u00e2mara dos Deputados no ano passado.\u00a0 A expectativa era pela libera\u00e7\u00e3o do texto do relator na \u00faltima segunda-feira (1\u00ba), mas o trabalho segue sendo realizado pelos [&hellip;]","og_url":"https:\/\/agenciainfra.com\/blog\/br-do-mar-entidades-propoem-mudanca-para-reporto-ser-reativado-por-mais-12-meses-apos-sancao\/","og_site_name":"Ag\u00eancia iNFRA","article_publisher":"https:\/\/www.facebook.com\/ageninfra","article_published_time":"2021-03-03T11:00:00+00:00","og_image":[{"width":1280,"height":852,"url":"https:\/\/agenciainfra.com\/blog\/wp-content\/uploads\/2021\/03\/nelsinho-trad-foto-roque-de-sa-agencia-senado.jpg","type":"image\/jpeg"}],"author":"Rodrigo Zuquim","twitter_card":"summary_large_image","twitter_creator":"@agencia_infra","twitter_site":"@agencia_infra","twitter_misc":{"Escrito por":"Rodrigo Zuquim","Est. tempo de leitura":"5 minutos"},"schema":{"@context":"https:\/\/schema.org","@graph":[{"@type":"Article","@id":"https:\/\/agenciainfra.com\/blog\/br-do-mar-entidades-propoem-mudanca-para-reporto-ser-reativado-por-mais-12-meses-apos-sancao\/#article","isPartOf":{"@id":"https:\/\/agenciainfra.com\/blog\/br-do-mar-entidades-propoem-mudanca-para-reporto-ser-reativado-por-mais-12-meses-apos-sancao\/"},"author":{"name":"Rodrigo Zuquim","@id":"https:\/\/agenciainfra.com\/blog\/#\/schema\/person\/04dbb79bd6d8951f063da71f3e4c1eb1"},"headline":"BR do Mar: Entidades prop\u00f5em mudan\u00e7a para Reporto ser reativado por mais 12 meses ap\u00f3s san\u00e7\u00e3o","datePublished":"2021-03-03T11:00:00+00:00","mainEntityOfPage":{"@id":"https:\/\/agenciainfra.com\/blog\/br-do-mar-entidades-propoem-mudanca-para-reporto-ser-reativado-por-mais-12-meses-apos-sancao\/"},"wordCount":971,"publisher":{"@id":"https:\/\/agenciainfra.com\/blog\/#organization"},"image":{"@id":"https:\/\/agenciainfra.com\/blog\/br-do-mar-entidades-propoem-mudanca-para-reporto-ser-reativado-por-mais-12-meses-apos-sancao\/#primaryimage"},"thumbnailUrl":"https:\/\/agenciainfra.com\/blog\/wp-content\/uploads\/2021\/03\/nelsinho-trad-foto-roque-de-sa-agencia-senado.jpg","keywords":["ABTP","ANAC","avia\u00e7\u00e3o","BR do Mar","Fenelon Advogados","Gilson Machado","Hugo Leal","impostos","Infraestrutura","Investimentos","Jesualdo Silva","La\u00edne Meira","leasing","Lei 11.033\/2004","Nelsinho Trad","Paulo Guedes","PL 4.199\/2020","Reporto","Ricardo Fenelon","Sammarco Advogados","setor ferrovi\u00e1rio","setor portu\u00e1rio","Tarc\u00edsio de Freitas"],"articleSection":["Geral","iNFRATransporte"],"inLanguage":"pt-BR","copyrightYear":"2021","copyrightHolder":{"@id":"https:\/\/agenciainfra.com\/blog\/#organization"}},{"@type":"WebPage","@id":"https:\/\/agenciainfra.com\/blog\/br-do-mar-entidades-propoem-mudanca-para-reporto-ser-reativado-por-mais-12-meses-apos-sancao\/","url":"https:\/\/agenciainfra.com\/blog\/br-do-mar-entidades-propoem-mudanca-para-reporto-ser-reativado-por-mais-12-meses-apos-sancao\/","name":"BR do Mar: Entidades prop\u00f5em mudan\u00e7a para Reporto ser reativado por mais 12 meses ap\u00f3s san\u00e7\u00e3o - Ag\u00eancia iNFRA","isPartOf":{"@id":"https:\/\/agenciainfra.com\/blog\/#website"},"primaryImageOfPage":{"@id":"https:\/\/agenciainfra.com\/blog\/br-do-mar-entidades-propoem-mudanca-para-reporto-ser-reativado-por-mais-12-meses-apos-sancao\/#primaryimage"},"image":{"@id":"https:\/\/agenciainfra.com\/blog\/br-do-mar-entidades-propoem-mudanca-para-reporto-ser-reativado-por-mais-12-meses-apos-sancao\/#primaryimage"},"thumbnailUrl":"https:\/\/agenciainfra.com\/blog\/wp-content\/uploads\/2021\/03\/nelsinho-trad-foto-roque-de-sa-agencia-senado.jpg","datePublished":"2021-03-03T11:00:00+00:00","breadcrumb":{"@id":"https:\/\/agenciainfra.com\/blog\/br-do-mar-entidades-propoem-mudanca-para-reporto-ser-reativado-por-mais-12-meses-apos-sancao\/#breadcrumb"},"inLanguage":"pt-BR","potentialAction":[{"@type":"ReadAction","target":["https:\/\/agenciainfra.com\/blog\/br-do-mar-entidades-propoem-mudanca-para-reporto-ser-reativado-por-mais-12-meses-apos-sancao\/"]}]},{"@type":"ImageObject","inLanguage":"pt-BR","@id":"https:\/\/agenciainfra.com\/blog\/br-do-mar-entidades-propoem-mudanca-para-reporto-ser-reativado-por-mais-12-meses-apos-sancao\/#primaryimage","url":"https:\/\/agenciainfra.com\/blog\/wp-content\/uploads\/2021\/03\/nelsinho-trad-foto-roque-de-sa-agencia-senado.jpg","contentUrl":"https:\/\/agenciainfra.com\/blog\/wp-content\/uploads\/2021\/03\/nelsinho-trad-foto-roque-de-sa-agencia-senado.jpg","width":1280,"height":852},{"@type":"BreadcrumbList","@id":"https:\/\/agenciainfra.com\/blog\/br-do-mar-entidades-propoem-mudanca-para-reporto-ser-reativado-por-mais-12-meses-apos-sancao\/#breadcrumb","itemListElement":[{"@type":"ListItem","position":1,"name":"In\u00edcio","item":"https:\/\/agenciainfra.com\/blog\/"},{"@type":"ListItem","position":2,"name":"BR do Mar: Entidades prop\u00f5em mudan\u00e7a para Reporto ser reativado por mais 12 meses ap\u00f3s san\u00e7\u00e3o"}]},{"@type":"WebSite","@id":"https:\/\/agenciainfra.com\/blog\/#website","url":"https:\/\/agenciainfra.com\/blog\/","name":"Ag\u00eancia iNFRA","description":"Multiplataforma de informa\u00e7\u00e3o jornal\u00edstica refer\u00eancia na \u00e1rea de infraestrutura no Brasil!","publisher":{"@id":"https:\/\/agenciainfra.com\/blog\/#organization"},"potentialAction":[{"@type":"SearchAction","target":{"@type":"EntryPoint","urlTemplate":"https:\/\/agenciainfra.com\/blog\/?s={search_term_string}"},"query-input":{"@type":"PropertyValueSpecification","valueRequired":true,"valueName":"search_term_string"}}],"inLanguage":"pt-BR"},{"@type":"Organization","@id":"https:\/\/agenciainfra.com\/blog\/#organization","name":"Ag\u00eancia iNFRA","url":"https:\/\/agenciainfra.com\/blog\/","logo":{"@type":"ImageObject","inLanguage":"pt-BR","@id":"https:\/\/agenciainfra.com\/blog\/#\/schema\/logo\/image\/","url":"https:\/\/agenciainfra.com\/blog\/wp-content\/uploads\/2023\/09\/iNFRA_5-e1761735885940.png","contentUrl":"https:\/\/agenciainfra.com\/blog\/wp-content\/uploads\/2023\/09\/iNFRA_5-e1761735885940.png","width":1672,"height":454,"caption":"Ag\u00eancia iNFRA"},"image":{"@id":"https:\/\/agenciainfra.com\/blog\/#\/schema\/logo\/image\/"},"sameAs":["https:\/\/www.facebook.com\/ageninfra","https:\/\/x.com\/agencia_infra","https:\/\/www.linkedin.com\/company\/ag\u00eanciainfra\/","https:\/\/www.instagram.com\/agenciainfra\/"]},{"@type":"Person","@id":"https:\/\/agenciainfra.com\/blog\/#\/schema\/person\/04dbb79bd6d8951f063da71f3e4c1eb1","name":"Rodrigo Zuquim","image":{"@type":"ImageObject","inLanguage":"pt-BR","@id":"https:\/\/agenciainfra.com\/blog\/#\/schema\/person\/image\/","url":"https:\/\/secure.gravatar.com\/avatar\/594abfe82761d620726242ff34ca472a705a4b97f16c790053a6b4c4035274d0?s=96&d=mm&r=g","contentUrl":"https:\/\/secure.gravatar.com\/avatar\/594abfe82761d620726242ff34ca472a705a4b97f16c790053a6b4c4035274d0?s=96&d=mm&r=g","caption":"Rodrigo Zuquim"},"url":"https:\/\/agenciainfra.com\/blog\/author\/rodrigo-zuquim\/"}]}},"_links":{"self":[{"href":"https:\/\/agenciainfra.com\/blog\/wp-json\/wp\/v2\/posts\/6858","targetHints":{"allow":["GET"]}}],"collection":[{"href":"https:\/\/agenciainfra.com\/blog\/wp-json\/wp\/v2\/posts"}],"about":[{"href":"https:\/\/agenciainfra.com\/blog\/wp-json\/wp\/v2\/types\/post"}],"author":[{"embeddable":true,"href":"https:\/\/agenciainfra.com\/blog\/wp-json\/wp\/v2\/users\/9"}],"replies":[{"embeddable":true,"href":"https:\/\/agenciainfra.com\/blog\/wp-json\/wp\/v2\/comments?post=6858"}],"version-history":[{"count":0,"href":"https:\/\/agenciainfra.com\/blog\/wp-json\/wp\/v2\/posts\/6858\/revisions"}],"wp:featuredmedia":[{"embeddable":true,"href":"https:\/\/agenciainfra.com\/blog\/wp-json\/wp\/v2\/media\/6859"}],"wp:attachment":[{"href":"https:\/\/agenciainfra.com\/blog\/wp-json\/wp\/v2\/media?parent=6858"}],"wp:term":[{"taxonomy":"category","embeddable":true,"href":"https:\/\/agenciainfra.com\/blog\/wp-json\/wp\/v2\/categories?post=6858"},{"taxonomy":"post_tag","embeddable":true,"href":"https:\/\/agenciainfra.com\/blog\/wp-json\/wp\/v2\/tags?post=6858"}],"curies":[{"name":"wp","href":"https:\/\/api.w.org\/{rel}","templated":true}]}}