{"id":6865,"date":"2021-03-05T08:00:00","date_gmt":"2021-03-05T11:00:00","guid":{"rendered":"https:\/\/www.agenciainfra.com\/blog\/?p=6865"},"modified":"2021-03-04T11:22:42","modified_gmt":"2021-03-04T14:22:42","slug":"antt-abre-audiencia-publica-para-discutir-1a-etapa-do-regulamento-das-concessoes-rodoviarias","status":"publish","type":"post","link":"https:\/\/agenciainfra.com\/blog\/antt-abre-audiencia-publica-para-discutir-1a-etapa-do-regulamento-das-concessoes-rodoviarias\/","title":{"rendered":"ANTT abre audi\u00eancia p\u00fablica para discutir 1\u00aa etapa do Regulamento das Concess\u00f5es Rodovi\u00e1rias"},"content":{"rendered":"\n<hr class=\"wp-block-separator\"\/>\n\n\n\n<p class=\"has-text-align-right\"><strong>Gabriel Tabatcheik, da&nbsp;Ag\u00eancia iNFRA<\/strong><\/p>\n\n\n\n<p>A diretoria da ANTT (Ag\u00eancia Nacional de Transportes Terrestres) aprovou a abertura de audi\u00eancia p\u00fablica para discutir a primeira etapa do RCR (Regulamento das Concess\u00f5es Rodovi\u00e1rias), aplic\u00e1vel aos contratos de concess\u00e3o de explora\u00e7\u00e3o de infraestrutura de rodovias. A decis\u00e3o se deu durante a reuni\u00e3o de diretoria da \u00faltima ter\u00e7a-feira (2).<\/p>\n\n\n\n<p>A ag\u00eancia realiza tamb\u00e9m, hoje (5), \u00e0s 9h, uma reuni\u00e3o participativa para tratar do tema, com transmiss\u00e3o <a rel=\"noreferrer noopener\" href=\"https:\/\/youtu.be\/CaUmyCDjmLs\" target=\"_blank\" data-type=\"URL\" data-id=\"https:\/\/youtu.be\/CaUmyCDjmLs\">neste link<\/a>. O encontro ser\u00e1 aberto pelo diretor-geral em exerc\u00edcio da ANTT, Alexandre Porto, e contar\u00e1 com a participa\u00e7\u00e3o de representantes da ABCR (Associa\u00e7\u00e3o Brasileira de Concession\u00e1rias de Rodovias), da Abdib (Associa\u00e7\u00e3o Brasileira da Infraestrutura e Ind\u00fastrias de Base), da Anut (Associa\u00e7\u00e3o Nacional dos Usu\u00e1rios do Transporte de Carga) e da CNT (Confedera\u00e7\u00e3o Nacional do Transporte).<br><br>O ponto base da proposta geral \u00e9 alterar o modelo de regula\u00e7\u00e3o, que deixar\u00e1 de ser por contrato, para o chamado modelo de regula\u00e7\u00e3o por normas mais gerais da ag\u00eancia. Na pr\u00e1tica, significa que as regras para a execu\u00e7\u00e3o dos contratos e sua fiscaliza\u00e7\u00e3o ser\u00e3o dadas pelas normas aprovadas na ag\u00eancia e v\u00e3o valer igualmente para todas as concess\u00f5es.<br><br>A minuta de resolu\u00e7\u00e3o est\u00e1 dispon\u00edvel\u00a0<a rel=\"noreferrer noopener\" href=\"https:\/\/agenciainfra.us14.list-manage.com\/track\/click?u=d460dd1bcf9ba0ae040e1fc0f&amp;id=ed1ecd9733&amp;e=c099169394\" target=\"_blank\">neste link<\/a>. A\u00a0AIR (An\u00e1lise de Impacto Regulat\u00f3rio) produzida pela ag\u00eancia sobre a proposta est\u00e1\u00a0<a rel=\"noreferrer noopener\" href=\"https:\/\/agenciainfra.us14.list-manage.com\/track\/click?u=d460dd1bcf9ba0ae040e1fc0f&amp;id=f605e2417d&amp;e=c099169394\" target=\"_blank\">neste link<\/a>. E os coment\u00e1rios da Superintend\u00eancia de Infraestrutura Rodovi\u00e1ria sobre cada um dos artigos da proposta,\u00a0<a rel=\"noreferrer noopener\" href=\"https:\/\/agenciainfra.us14.list-manage.com\/track\/click?u=d460dd1bcf9ba0ae040e1fc0f&amp;id=a68cd8d2a0&amp;e=c099169394\" target=\"_blank\">neste link<\/a>.<br><br>A proposta que ser\u00e1 colocada em audi\u00eancia p\u00fablica vai tratar das normas gerais do RCR. Outras quatro normas v\u00e3o tratar de outros temas das concess\u00f5es rodovi\u00e1rias. Para o diretor relator, Davi Barreto, em fala proferida durante a leitura de seu voto, a ANTT tem &#8220;o desafio de gerir instrumentos contratuais antigos, com caracter\u00edsticas fiscalizadoras e punitivas diversas, supervis\u00e3o de obras de desempenho operacional sob diferentes perspectivas, com sistemas de incentivos distintos que acabam por impor um elevado custo regulat\u00f3rio, tanto para o regulador quanto para os regulados&#8221;.<br><br>De acordo com Barreto, o RCR prop\u00f5e traduzir em uma norma \u00fanica o marco regulat\u00f3rio setorial e\u00a0&#8220;ser h\u00edgido e coerente com as melhores pr\u00e1ticas regulamentares da administra\u00e7\u00e3o p\u00fablica federal, respeitar as obriga\u00e7\u00f5es contratuais firmadas e ser orientado para atualiza\u00e7\u00e3o&#8221;.<br><br><strong>Divis\u00e3o do projeto<\/strong><br>O diretor relator ainda elogiou a iniciativa de dividir o projeto em partes, em raz\u00e3o da complexidade do tema. A inten\u00e7\u00e3o \u00e9 debater o regulamento em cinco diferentes temas, conforme\u00a0<a rel=\"noreferrer noopener\" href=\"https:\/\/agenciainfra.us14.list-manage.com\/track\/click?u=d460dd1bcf9ba0ae040e1fc0f&amp;id=aaebaabe79&amp;e=c099169394\" target=\"_blank\">antecipou a\u00a0<strong>Ag\u00eancia iNFRA<\/strong><\/a>.<br><br>&#8220;Reputo acertada a subdivis\u00e3o do regulamento em etapas, contribuindo de forma incremental ao alcance das disposi\u00e7\u00f5es do Decreto 10.139\/2019, relativo a revis\u00e3o e consolida\u00e7\u00e3o dos atos normativos no \u00e2mbito das autoridades reguladoras.&#8221;<br><br>O tema consta do planejamento regulat\u00f3rio da ag\u00eancia, com a 4\u00aa revis\u00e3o extraordin\u00e1ria da agenda regulat\u00f3ria do bi\u00eanio 2019-2020. O processo \u00e9 o 50500.000991\/2021-09. Audi\u00eancia p\u00fablica ser\u00e1 realizada de maneira virtual em 7 de abril, \u00e0s 15h. O per\u00edodo para envio das contribui\u00e7\u00f5es vai de 11 de mar\u00e7o a 27 de abril. O aviso foi\u00a0<a rel=\"noreferrer noopener\" href=\"https:\/\/agenciainfra.us14.list-manage.com\/track\/click?u=d460dd1bcf9ba0ae040e1fc0f&amp;id=34ed4ff19e&amp;e=c099169394\" target=\"_blank\">publicado<\/a>\u00a0na \u00faltima quarta-feira (3) no DOU (Di\u00e1rio Oficial da Uni\u00e3o).<br><br><strong>Transfer\u00eancia de concess\u00e3o<\/strong><br>O colegiado tamb\u00e9m aprovou a resolu\u00e7\u00e3o que estabelece procedimentos para a transfer\u00eancia de concess\u00e3o ou de controle de empresa concession\u00e1ria de ferrovias e rodovias. As regras abrangem ainda transforma\u00e7\u00f5es societ\u00e1rias decorrentes de cis\u00e3o, fus\u00e3o, incorpora\u00e7\u00e3o, forma\u00e7\u00e3o de cons\u00f3rcio e outras figuras jur\u00eddicas. A\u00a0<a rel=\"noreferrer noopener\" href=\"https:\/\/agenciainfra.us14.list-manage.com\/track\/click?u=d460dd1bcf9ba0ae040e1fc0f&amp;id=ff2eb874e2&amp;e=c099169394\" target=\"_blank\">Resolu\u00e7\u00e3o 5.927\/2021<\/a>\u00a0foi publicada hoje no DOU.<br><br>As opera\u00e7\u00f5es que afetam o controle direto e indireto das concession\u00e1rias ainda est\u00e3o sujeitas \u00e0 an\u00e1lise da ANTT. S\u00e3o dispensadas de anu\u00eancia pr\u00e9via da ag\u00eancia as opera\u00e7\u00f5es que n\u00e3o implicam transfer\u00eancia do controle societ\u00e1rio, a exemplo de altera\u00e7\u00f5es estatut\u00e1rias, de acordo de acionistas ou reestrutura\u00e7\u00f5es no pr\u00f3prio grupo societ\u00e1rio.<br><br>Segundo o diretor relator, Davi Barreto, 77% dos comandos normativos da proposta aprovada foram objeto de ao menos uma contribui\u00e7\u00e3o em audi\u00eancia p\u00fablica. Como resultado, cerca da metade dos comandos da parte expositiva sofreram alguma altera\u00e7\u00e3o.<br><br>&#8220;Isso refor\u00e7a a import\u00e2ncia dos processos de participa\u00e7\u00e3o e controle social como instrumento de legitima\u00e7\u00e3o democr\u00e1tica de atua\u00e7\u00e3o dessa ag\u00eancia&#8221;, definiu. O processo \u00e9 o 50501.324256\/2018-74.<br><br><strong>FNS<\/strong><br>A ANTT aprovou ainda a abertura do tr\u00e1fego p\u00fablico ferrovi\u00e1rio de cargas na FNS (Ferrovia Norte-Sul), no trecho compreendido entre os munic\u00edpios de S\u00e3o Sim\u00e3o (GO) e Estrela d&#8217;Oeste (SP). A estrutura \u00e9 subconcedida \u00e0 Rumo Malha Central. O servi\u00e7o ser\u00e1 prestado sob o regime de comissionamento, quando a opera\u00e7\u00e3o se d\u00e1 em car\u00e1ter experimental e com algumas restri\u00e7\u00f5es operacionais. O processo \u00e9 o 50500.136527\/2020-61. A\u00a0<a rel=\"noreferrer noopener\" href=\"https:\/\/agenciainfra.us14.list-manage.com\/track\/click?u=d460dd1bcf9ba0ae040e1fc0f&amp;id=680a042e54&amp;e=c099169394\" target=\"_blank\">Delibera\u00e7\u00e3o 71\/2021<\/a>\u00a0da ANTT foi publicada hoje no DOU.<\/p>\n","protected":false},"excerpt":{"rendered":"<p>Gabriel Tabatcheik, da&nbsp;Ag\u00eancia iNFRA A diretoria da ANTT (Ag\u00eancia Nacional de Transportes Terrestres) aprovou a abertura de audi\u00eancia p\u00fablica para discutir a primeira etapa do RCR (Regulamento das Concess\u00f5es Rodovi\u00e1rias), aplic\u00e1vel aos contratos de concess\u00e3o de explora\u00e7\u00e3o de infraestrutura de rodovias. A decis\u00e3o se deu durante a reuni\u00e3o de diretoria da \u00faltima ter\u00e7a-feira (2). A [&hellip;]<\/p>\n","protected":false},"author":9,"featured_media":6866,"comment_status":"closed","ping_status":"closed","sticky":false,"template":"","format":"standard","meta":{"_monsterinsights_skip_tracking":false,"_monsterinsights_sitenote_active":false,"_monsterinsights_sitenote_note":"","_monsterinsights_sitenote_category":0,"footnotes":""},"categories":[1,7],"tags":[2173,19,3020,22,1050,3669,31,120,487,34,3406,48,3668,3671,126,2925,3670],"class_list":["post-6865","post","type-post","status-publish","format-standard","has-post-thumbnail","hentry","category-geral","category-infratransporte","tag-air","tag-antt","tag-audiencia-publica","tag-concessao","tag-davi-barreto","tag-decreto-10-139-2019","tag-ferrovia-norte-sul","tag-ferrovias","tag-fns","tag-infraestrutura","tag-rcr","tag-regulacao","tag-regulamento-das-concessoes-rodoviarias","tag-resolucao-5-927-2021","tag-rodovias","tag-rumo-malha-central","tag-transferencia-de-concessao"],"yoast_head":"<!-- This site is optimized with the Yoast SEO Premium plugin v25.4 (Yoast SEO v26.0) - https:\/\/yoast.com\/wordpress\/plugins\/seo\/ -->\n<title>ANTT abre audi\u00eancia p\u00fablica para discutir 1\u00aa etapa do Regulamento das Concess\u00f5es Rodovi\u00e1rias - Ag\u00eancia iNFRA<\/title>\n<meta name=\"robots\" content=\"index, follow, max-snippet:-1, max-image-preview:large, max-video-preview:-1\" \/>\n<link rel=\"canonical\" href=\"https:\/\/agenciainfra.com\/blog\/antt-abre-audiencia-publica-para-discutir-1a-etapa-do-regulamento-das-concessoes-rodoviarias\/\" \/>\n<meta property=\"og:locale\" content=\"pt_BR\" \/>\n<meta property=\"og:type\" content=\"article\" \/>\n<meta property=\"og:title\" content=\"ANTT abre audi\u00eancia p\u00fablica para discutir 1\u00aa etapa do Regulamento das Concess\u00f5es Rodovi\u00e1rias\" \/>\n<meta property=\"og:description\" content=\"Gabriel Tabatcheik, da&nbsp;Ag\u00eancia iNFRA A diretoria da ANTT (Ag\u00eancia Nacional de Transportes Terrestres) aprovou a abertura de audi\u00eancia p\u00fablica para discutir a primeira etapa do RCR (Regulamento das Concess\u00f5es Rodovi\u00e1rias), aplic\u00e1vel aos contratos de concess\u00e3o de explora\u00e7\u00e3o de infraestrutura de rodovias. A decis\u00e3o se deu durante a reuni\u00e3o de diretoria da \u00faltima ter\u00e7a-feira (2). A [&hellip;]\" \/>\n<meta property=\"og:url\" content=\"https:\/\/agenciainfra.com\/blog\/antt-abre-audiencia-publica-para-discutir-1a-etapa-do-regulamento-das-concessoes-rodoviarias\/\" \/>\n<meta property=\"og:site_name\" content=\"Ag\u00eancia iNFRA\" \/>\n<meta property=\"article:publisher\" content=\"https:\/\/www.facebook.com\/ageninfra\" \/>\n<meta property=\"article:published_time\" content=\"2021-03-05T11:00:00+00:00\" \/>\n<meta property=\"og:image\" content=\"https:\/\/agenciainfra.com\/blog\/wp-content\/uploads\/2021\/03\/br-163-ms-foto-antt.jpg\" \/>\n\t<meta property=\"og:image:width\" content=\"1280\" \/>\n\t<meta property=\"og:image:height\" content=\"723\" \/>\n\t<meta property=\"og:image:type\" content=\"image\/jpeg\" \/>\n<meta name=\"author\" content=\"Rodrigo Zuquim\" \/>\n<meta name=\"twitter:card\" content=\"summary_large_image\" \/>\n<meta name=\"twitter:creator\" content=\"@agencia_infra\" \/>\n<meta name=\"twitter:site\" content=\"@agencia_infra\" \/>\n<meta name=\"twitter:label1\" content=\"Escrito por\" \/>\n\t<meta name=\"twitter:data1\" content=\"Rodrigo Zuquim\" \/>\n\t<meta name=\"twitter:label2\" content=\"Est. tempo de leitura\" \/>\n\t<meta name=\"twitter:data2\" content=\"4 minutos\" \/>\n<script type=\"application\/ld+json\" class=\"yoast-schema-graph\">{\"@context\":\"https:\/\/schema.org\",\"@graph\":[{\"@type\":\"Article\",\"@id\":\"https:\/\/agenciainfra.com\/blog\/antt-abre-audiencia-publica-para-discutir-1a-etapa-do-regulamento-das-concessoes-rodoviarias\/#article\",\"isPartOf\":{\"@id\":\"https:\/\/agenciainfra.com\/blog\/antt-abre-audiencia-publica-para-discutir-1a-etapa-do-regulamento-das-concessoes-rodoviarias\/\"},\"author\":{\"name\":\"Rodrigo Zuquim\",\"@id\":\"https:\/\/agenciainfra.com\/blog\/#\/schema\/person\/04dbb79bd6d8951f063da71f3e4c1eb1\"},\"headline\":\"ANTT abre audi\u00eancia p\u00fablica para discutir 1\u00aa etapa do Regulamento das Concess\u00f5es Rodovi\u00e1rias\",\"datePublished\":\"2021-03-05T11:00:00+00:00\",\"mainEntityOfPage\":{\"@id\":\"https:\/\/agenciainfra.com\/blog\/antt-abre-audiencia-publica-para-discutir-1a-etapa-do-regulamento-das-concessoes-rodoviarias\/\"},\"wordCount\":863,\"publisher\":{\"@id\":\"https:\/\/agenciainfra.com\/blog\/#organization\"},\"image\":{\"@id\":\"https:\/\/agenciainfra.com\/blog\/antt-abre-audiencia-publica-para-discutir-1a-etapa-do-regulamento-das-concessoes-rodoviarias\/#primaryimage\"},\"thumbnailUrl\":\"https:\/\/agenciainfra.com\/blog\/wp-content\/uploads\/2021\/03\/br-163-ms-foto-antt.jpg\",\"keywords\":[\"AIR\",\"ANTT\",\"audi\u00eancia p\u00fablica\",\"Concess\u00e3o\",\"Davi Barreto\",\"Decreto 10.139\/2019\",\"Ferrovia Norte-Sul\",\"Ferrovias\",\"FNS\",\"Infraestrutura\",\"RCR\",\"Regula\u00e7\u00e3o\",\"Regulamento das Concess\u00f5es Rodovi\u00e1rias\",\"Resolu\u00e7\u00e3o 5.927\/2021\",\"rodovias\",\"Rumo Malha Central\",\"transfer\u00eancia de concess\u00e3o\"],\"articleSection\":[\"Geral\",\"iNFRATransporte\"],\"inLanguage\":\"pt-BR\",\"copyrightYear\":\"2021\",\"copyrightHolder\":{\"@id\":\"https:\/\/agenciainfra.com\/blog\/#organization\"}},{\"@type\":\"WebPage\",\"@id\":\"https:\/\/agenciainfra.com\/blog\/antt-abre-audiencia-publica-para-discutir-1a-etapa-do-regulamento-das-concessoes-rodoviarias\/\",\"url\":\"https:\/\/agenciainfra.com\/blog\/antt-abre-audiencia-publica-para-discutir-1a-etapa-do-regulamento-das-concessoes-rodoviarias\/\",\"name\":\"ANTT abre audi\u00eancia p\u00fablica para discutir 1\u00aa etapa do Regulamento das Concess\u00f5es Rodovi\u00e1rias - Ag\u00eancia iNFRA\",\"isPartOf\":{\"@id\":\"https:\/\/agenciainfra.com\/blog\/#website\"},\"primaryImageOfPage\":{\"@id\":\"https:\/\/agenciainfra.com\/blog\/antt-abre-audiencia-publica-para-discutir-1a-etapa-do-regulamento-das-concessoes-rodoviarias\/#primaryimage\"},\"image\":{\"@id\":\"https:\/\/agenciainfra.com\/blog\/antt-abre-audiencia-publica-para-discutir-1a-etapa-do-regulamento-das-concessoes-rodoviarias\/#primaryimage\"},\"thumbnailUrl\":\"https:\/\/agenciainfra.com\/blog\/wp-content\/uploads\/2021\/03\/br-163-ms-foto-antt.jpg\",\"datePublished\":\"2021-03-05T11:00:00+00:00\",\"breadcrumb\":{\"@id\":\"https:\/\/agenciainfra.com\/blog\/antt-abre-audiencia-publica-para-discutir-1a-etapa-do-regulamento-das-concessoes-rodoviarias\/#breadcrumb\"},\"inLanguage\":\"pt-BR\",\"potentialAction\":[{\"@type\":\"ReadAction\",\"target\":[\"https:\/\/agenciainfra.com\/blog\/antt-abre-audiencia-publica-para-discutir-1a-etapa-do-regulamento-das-concessoes-rodoviarias\/\"]}]},{\"@type\":\"ImageObject\",\"inLanguage\":\"pt-BR\",\"@id\":\"https:\/\/agenciainfra.com\/blog\/antt-abre-audiencia-publica-para-discutir-1a-etapa-do-regulamento-das-concessoes-rodoviarias\/#primaryimage\",\"url\":\"https:\/\/agenciainfra.com\/blog\/wp-content\/uploads\/2021\/03\/br-163-ms-foto-antt.jpg\",\"contentUrl\":\"https:\/\/agenciainfra.com\/blog\/wp-content\/uploads\/2021\/03\/br-163-ms-foto-antt.jpg\",\"width\":1280,\"height\":723},{\"@type\":\"BreadcrumbList\",\"@id\":\"https:\/\/agenciainfra.com\/blog\/antt-abre-audiencia-publica-para-discutir-1a-etapa-do-regulamento-das-concessoes-rodoviarias\/#breadcrumb\",\"itemListElement\":[{\"@type\":\"ListItem\",\"position\":1,\"name\":\"In\u00edcio\",\"item\":\"https:\/\/agenciainfra.com\/blog\/\"},{\"@type\":\"ListItem\",\"position\":2,\"name\":\"ANTT abre audi\u00eancia p\u00fablica para discutir 1\u00aa etapa do Regulamento das Concess\u00f5es Rodovi\u00e1rias\"}]},{\"@type\":\"WebSite\",\"@id\":\"https:\/\/agenciainfra.com\/blog\/#website\",\"url\":\"https:\/\/agenciainfra.com\/blog\/\",\"name\":\"Ag\u00eancia iNFRA\",\"description\":\"Multiplataforma de informa\u00e7\u00e3o jornal\u00edstica refer\u00eancia na \u00e1rea de infraestrutura no Brasil!\",\"publisher\":{\"@id\":\"https:\/\/agenciainfra.com\/blog\/#organization\"},\"potentialAction\":[{\"@type\":\"SearchAction\",\"target\":{\"@type\":\"EntryPoint\",\"urlTemplate\":\"https:\/\/agenciainfra.com\/blog\/?s={search_term_string}\"},\"query-input\":{\"@type\":\"PropertyValueSpecification\",\"valueRequired\":true,\"valueName\":\"search_term_string\"}}],\"inLanguage\":\"pt-BR\"},{\"@type\":\"Organization\",\"@id\":\"https:\/\/agenciainfra.com\/blog\/#organization\",\"name\":\"Ag\u00eancia iNFRA\",\"url\":\"https:\/\/agenciainfra.com\/blog\/\",\"logo\":{\"@type\":\"ImageObject\",\"inLanguage\":\"pt-BR\",\"@id\":\"https:\/\/agenciainfra.com\/blog\/#\/schema\/logo\/image\/\",\"url\":\"https:\/\/agenciainfra.com\/blog\/wp-content\/uploads\/2023\/09\/iNFRA_5-e1761735885940.png\",\"contentUrl\":\"https:\/\/agenciainfra.com\/blog\/wp-content\/uploads\/2023\/09\/iNFRA_5-e1761735885940.png\",\"width\":1672,\"height\":454,\"caption\":\"Ag\u00eancia iNFRA\"},\"image\":{\"@id\":\"https:\/\/agenciainfra.com\/blog\/#\/schema\/logo\/image\/\"},\"sameAs\":[\"https:\/\/www.facebook.com\/ageninfra\",\"https:\/\/x.com\/agencia_infra\",\"https:\/\/www.linkedin.com\/company\/ag\u00eanciainfra\/\",\"https:\/\/www.instagram.com\/agenciainfra\/\"]},{\"@type\":\"Person\",\"@id\":\"https:\/\/agenciainfra.com\/blog\/#\/schema\/person\/04dbb79bd6d8951f063da71f3e4c1eb1\",\"name\":\"Rodrigo Zuquim\",\"image\":{\"@type\":\"ImageObject\",\"inLanguage\":\"pt-BR\",\"@id\":\"https:\/\/agenciainfra.com\/blog\/#\/schema\/person\/image\/\",\"url\":\"https:\/\/secure.gravatar.com\/avatar\/594abfe82761d620726242ff34ca472a705a4b97f16c790053a6b4c4035274d0?s=96&d=mm&r=g\",\"contentUrl\":\"https:\/\/secure.gravatar.com\/avatar\/594abfe82761d620726242ff34ca472a705a4b97f16c790053a6b4c4035274d0?s=96&d=mm&r=g\",\"caption\":\"Rodrigo Zuquim\"},\"url\":\"https:\/\/agenciainfra.com\/blog\/author\/rodrigo-zuquim\/\"}]}<\/script>\n<!-- \/ Yoast SEO Premium plugin. -->","yoast_head_json":{"title":"ANTT abre audi\u00eancia p\u00fablica para discutir 1\u00aa etapa do Regulamento das Concess\u00f5es Rodovi\u00e1rias - Ag\u00eancia iNFRA","robots":{"index":"index","follow":"follow","max-snippet":"max-snippet:-1","max-image-preview":"max-image-preview:large","max-video-preview":"max-video-preview:-1"},"canonical":"https:\/\/agenciainfra.com\/blog\/antt-abre-audiencia-publica-para-discutir-1a-etapa-do-regulamento-das-concessoes-rodoviarias\/","og_locale":"pt_BR","og_type":"article","og_title":"ANTT abre audi\u00eancia p\u00fablica para discutir 1\u00aa etapa do Regulamento das Concess\u00f5es Rodovi\u00e1rias","og_description":"Gabriel Tabatcheik, da&nbsp;Ag\u00eancia iNFRA A diretoria da ANTT (Ag\u00eancia Nacional de Transportes Terrestres) aprovou a abertura de audi\u00eancia p\u00fablica para discutir a primeira etapa do RCR (Regulamento das Concess\u00f5es Rodovi\u00e1rias), aplic\u00e1vel aos contratos de concess\u00e3o de explora\u00e7\u00e3o de infraestrutura de rodovias. A decis\u00e3o se deu durante a reuni\u00e3o de diretoria da \u00faltima ter\u00e7a-feira (2). A [&hellip;]","og_url":"https:\/\/agenciainfra.com\/blog\/antt-abre-audiencia-publica-para-discutir-1a-etapa-do-regulamento-das-concessoes-rodoviarias\/","og_site_name":"Ag\u00eancia iNFRA","article_publisher":"https:\/\/www.facebook.com\/ageninfra","article_published_time":"2021-03-05T11:00:00+00:00","og_image":[{"width":1280,"height":723,"url":"https:\/\/agenciainfra.com\/blog\/wp-content\/uploads\/2021\/03\/br-163-ms-foto-antt.jpg","type":"image\/jpeg"}],"author":"Rodrigo Zuquim","twitter_card":"summary_large_image","twitter_creator":"@agencia_infra","twitter_site":"@agencia_infra","twitter_misc":{"Escrito por":"Rodrigo Zuquim","Est. tempo de leitura":"4 minutos"},"schema":{"@context":"https:\/\/schema.org","@graph":[{"@type":"Article","@id":"https:\/\/agenciainfra.com\/blog\/antt-abre-audiencia-publica-para-discutir-1a-etapa-do-regulamento-das-concessoes-rodoviarias\/#article","isPartOf":{"@id":"https:\/\/agenciainfra.com\/blog\/antt-abre-audiencia-publica-para-discutir-1a-etapa-do-regulamento-das-concessoes-rodoviarias\/"},"author":{"name":"Rodrigo Zuquim","@id":"https:\/\/agenciainfra.com\/blog\/#\/schema\/person\/04dbb79bd6d8951f063da71f3e4c1eb1"},"headline":"ANTT abre audi\u00eancia p\u00fablica para discutir 1\u00aa etapa do Regulamento das Concess\u00f5es Rodovi\u00e1rias","datePublished":"2021-03-05T11:00:00+00:00","mainEntityOfPage":{"@id":"https:\/\/agenciainfra.com\/blog\/antt-abre-audiencia-publica-para-discutir-1a-etapa-do-regulamento-das-concessoes-rodoviarias\/"},"wordCount":863,"publisher":{"@id":"https:\/\/agenciainfra.com\/blog\/#organization"},"image":{"@id":"https:\/\/agenciainfra.com\/blog\/antt-abre-audiencia-publica-para-discutir-1a-etapa-do-regulamento-das-concessoes-rodoviarias\/#primaryimage"},"thumbnailUrl":"https:\/\/agenciainfra.com\/blog\/wp-content\/uploads\/2021\/03\/br-163-ms-foto-antt.jpg","keywords":["AIR","ANTT","audi\u00eancia p\u00fablica","Concess\u00e3o","Davi Barreto","Decreto 10.139\/2019","Ferrovia Norte-Sul","Ferrovias","FNS","Infraestrutura","RCR","Regula\u00e7\u00e3o","Regulamento das Concess\u00f5es Rodovi\u00e1rias","Resolu\u00e7\u00e3o 5.927\/2021","rodovias","Rumo Malha Central","transfer\u00eancia de concess\u00e3o"],"articleSection":["Geral","iNFRATransporte"],"inLanguage":"pt-BR","copyrightYear":"2021","copyrightHolder":{"@id":"https:\/\/agenciainfra.com\/blog\/#organization"}},{"@type":"WebPage","@id":"https:\/\/agenciainfra.com\/blog\/antt-abre-audiencia-publica-para-discutir-1a-etapa-do-regulamento-das-concessoes-rodoviarias\/","url":"https:\/\/agenciainfra.com\/blog\/antt-abre-audiencia-publica-para-discutir-1a-etapa-do-regulamento-das-concessoes-rodoviarias\/","name":"ANTT abre audi\u00eancia p\u00fablica para discutir 1\u00aa etapa do Regulamento das Concess\u00f5es Rodovi\u00e1rias - Ag\u00eancia iNFRA","isPartOf":{"@id":"https:\/\/agenciainfra.com\/blog\/#website"},"primaryImageOfPage":{"@id":"https:\/\/agenciainfra.com\/blog\/antt-abre-audiencia-publica-para-discutir-1a-etapa-do-regulamento-das-concessoes-rodoviarias\/#primaryimage"},"image":{"@id":"https:\/\/agenciainfra.com\/blog\/antt-abre-audiencia-publica-para-discutir-1a-etapa-do-regulamento-das-concessoes-rodoviarias\/#primaryimage"},"thumbnailUrl":"https:\/\/agenciainfra.com\/blog\/wp-content\/uploads\/2021\/03\/br-163-ms-foto-antt.jpg","datePublished":"2021-03-05T11:00:00+00:00","breadcrumb":{"@id":"https:\/\/agenciainfra.com\/blog\/antt-abre-audiencia-publica-para-discutir-1a-etapa-do-regulamento-das-concessoes-rodoviarias\/#breadcrumb"},"inLanguage":"pt-BR","potentialAction":[{"@type":"ReadAction","target":["https:\/\/agenciainfra.com\/blog\/antt-abre-audiencia-publica-para-discutir-1a-etapa-do-regulamento-das-concessoes-rodoviarias\/"]}]},{"@type":"ImageObject","inLanguage":"pt-BR","@id":"https:\/\/agenciainfra.com\/blog\/antt-abre-audiencia-publica-para-discutir-1a-etapa-do-regulamento-das-concessoes-rodoviarias\/#primaryimage","url":"https:\/\/agenciainfra.com\/blog\/wp-content\/uploads\/2021\/03\/br-163-ms-foto-antt.jpg","contentUrl":"https:\/\/agenciainfra.com\/blog\/wp-content\/uploads\/2021\/03\/br-163-ms-foto-antt.jpg","width":1280,"height":723},{"@type":"BreadcrumbList","@id":"https:\/\/agenciainfra.com\/blog\/antt-abre-audiencia-publica-para-discutir-1a-etapa-do-regulamento-das-concessoes-rodoviarias\/#breadcrumb","itemListElement":[{"@type":"ListItem","position":1,"name":"In\u00edcio","item":"https:\/\/agenciainfra.com\/blog\/"},{"@type":"ListItem","position":2,"name":"ANTT abre audi\u00eancia p\u00fablica para discutir 1\u00aa etapa do Regulamento das Concess\u00f5es Rodovi\u00e1rias"}]},{"@type":"WebSite","@id":"https:\/\/agenciainfra.com\/blog\/#website","url":"https:\/\/agenciainfra.com\/blog\/","name":"Ag\u00eancia iNFRA","description":"Multiplataforma de informa\u00e7\u00e3o jornal\u00edstica refer\u00eancia na \u00e1rea de infraestrutura no Brasil!","publisher":{"@id":"https:\/\/agenciainfra.com\/blog\/#organization"},"potentialAction":[{"@type":"SearchAction","target":{"@type":"EntryPoint","urlTemplate":"https:\/\/agenciainfra.com\/blog\/?s={search_term_string}"},"query-input":{"@type":"PropertyValueSpecification","valueRequired":true,"valueName":"search_term_string"}}],"inLanguage":"pt-BR"},{"@type":"Organization","@id":"https:\/\/agenciainfra.com\/blog\/#organization","name":"Ag\u00eancia iNFRA","url":"https:\/\/agenciainfra.com\/blog\/","logo":{"@type":"ImageObject","inLanguage":"pt-BR","@id":"https:\/\/agenciainfra.com\/blog\/#\/schema\/logo\/image\/","url":"https:\/\/agenciainfra.com\/blog\/wp-content\/uploads\/2023\/09\/iNFRA_5-e1761735885940.png","contentUrl":"https:\/\/agenciainfra.com\/blog\/wp-content\/uploads\/2023\/09\/iNFRA_5-e1761735885940.png","width":1672,"height":454,"caption":"Ag\u00eancia iNFRA"},"image":{"@id":"https:\/\/agenciainfra.com\/blog\/#\/schema\/logo\/image\/"},"sameAs":["https:\/\/www.facebook.com\/ageninfra","https:\/\/x.com\/agencia_infra","https:\/\/www.linkedin.com\/company\/ag\u00eanciainfra\/","https:\/\/www.instagram.com\/agenciainfra\/"]},{"@type":"Person","@id":"https:\/\/agenciainfra.com\/blog\/#\/schema\/person\/04dbb79bd6d8951f063da71f3e4c1eb1","name":"Rodrigo Zuquim","image":{"@type":"ImageObject","inLanguage":"pt-BR","@id":"https:\/\/agenciainfra.com\/blog\/#\/schema\/person\/image\/","url":"https:\/\/secure.gravatar.com\/avatar\/594abfe82761d620726242ff34ca472a705a4b97f16c790053a6b4c4035274d0?s=96&d=mm&r=g","contentUrl":"https:\/\/secure.gravatar.com\/avatar\/594abfe82761d620726242ff34ca472a705a4b97f16c790053a6b4c4035274d0?s=96&d=mm&r=g","caption":"Rodrigo Zuquim"},"url":"https:\/\/agenciainfra.com\/blog\/author\/rodrigo-zuquim\/"}]}},"_links":{"self":[{"href":"https:\/\/agenciainfra.com\/blog\/wp-json\/wp\/v2\/posts\/6865","targetHints":{"allow":["GET"]}}],"collection":[{"href":"https:\/\/agenciainfra.com\/blog\/wp-json\/wp\/v2\/posts"}],"about":[{"href":"https:\/\/agenciainfra.com\/blog\/wp-json\/wp\/v2\/types\/post"}],"author":[{"embeddable":true,"href":"https:\/\/agenciainfra.com\/blog\/wp-json\/wp\/v2\/users\/9"}],"replies":[{"embeddable":true,"href":"https:\/\/agenciainfra.com\/blog\/wp-json\/wp\/v2\/comments?post=6865"}],"version-history":[{"count":0,"href":"https:\/\/agenciainfra.com\/blog\/wp-json\/wp\/v2\/posts\/6865\/revisions"}],"wp:featuredmedia":[{"embeddable":true,"href":"https:\/\/agenciainfra.com\/blog\/wp-json\/wp\/v2\/media\/6866"}],"wp:attachment":[{"href":"https:\/\/agenciainfra.com\/blog\/wp-json\/wp\/v2\/media?parent=6865"}],"wp:term":[{"taxonomy":"category","embeddable":true,"href":"https:\/\/agenciainfra.com\/blog\/wp-json\/wp\/v2\/categories?post=6865"},{"taxonomy":"post_tag","embeddable":true,"href":"https:\/\/agenciainfra.com\/blog\/wp-json\/wp\/v2\/tags?post=6865"}],"curies":[{"name":"wp","href":"https:\/\/api.w.org\/{rel}","templated":true}]}}