{"id":6868,"date":"2021-03-06T08:00:00","date_gmt":"2021-03-06T11:00:00","guid":{"rendered":"https:\/\/www.agenciainfra.com\/blog\/?p=6868"},"modified":"2021-03-04T11:34:52","modified_gmt":"2021-03-04T14:34:52","slug":"tcu-determina-ao-mdr-que-estabeleca-criterios-para-liberar-recursos-para-obras-de-mobilidade-urbana","status":"publish","type":"post","link":"https:\/\/agenciainfra.com\/blog\/tcu-determina-ao-mdr-que-estabeleca-criterios-para-liberar-recursos-para-obras-de-mobilidade-urbana\/","title":{"rendered":"TCU determina ao MDR que estabele\u00e7a crit\u00e9rios para liberar recursos para obras de mobilidade urbana"},"content":{"rendered":"\n<hr class=\"wp-block-separator\"\/>\n\n\n\n<p class=\"has-text-align-right\"><strong>Tales Silveira, da&nbsp;Ag\u00eancia iNFRA<\/strong><\/p>\n\n\n\n<p>O TCU (Tribunal de Contas da Uni\u00e3o) determinou, na \u00faltima quarta-feira (3), que o MDR (Minist\u00e9rio do Desenvolvimento Regional) estabele\u00e7a crit\u00e9rios m\u00ednimos para uma avalia\u00e7\u00e3o conclusiva dos estudos de viabilidade dos empreendimentos de m\u00e9dia e alta capacidade em\u00a0mobilidade urbana do pa\u00eds. A decis\u00e3o est\u00e1\u00a0<a rel=\"noreferrer noopener\" href=\"https:\/\/agenciainfra.us14.list-manage.com\/track\/click?u=d460dd1bcf9ba0ae040e1fc0f&amp;id=5c3bbc0686&amp;e=c099169394\" target=\"_blank\">neste link<\/a>.<br>\u00a0<br>A decis\u00e3o veio ap\u00f3s auditoria que verificou em que medida as an\u00e1lises acerca da viabilidade t\u00e9cnica, econ\u00f4mica e ambiental de empreendimentos de transportes p\u00fablicos de m\u00e9dia e alta capacidade, como metr\u00f4s, VLTs, BRTs e outros,\u00a0s\u00e3o suficientes e aderentes aos princ\u00edpios e diretrizes da PNMU (Pol\u00edtica Nacional de Mobilidade Urbana).<br>\u00a0<br>Segundo a conclus\u00e3o do ministro relator, Vital do R\u00eago, tanto o MDR quanto a Caixa Econ\u00f4mica Federal n\u00e3o realizam, direta ou indiretamente, de forma sistem\u00e1tica, a avalia\u00e7\u00e3o dos Evteas (Estudos de Viabilidade T\u00e9cnica, Econ\u00f4mica e Ambiental) dos empreendimentos do setor financiados pela pasta. Numa amostra da auditoria, de 12 projetos selecionados, 11 apresentaram irregularidades em auditorias do pr\u00f3prio TCU.<br>\u00a0<br>De acordo com a auditoria, dos 48 empreendimentos que constam na carteira do MDR, apenas 12 foram conclu\u00eddos. Esses empreendimentos somam mais de R$ 15 bilh\u00f5es. Al\u00e9m disso, 23 restantes est\u00e3o em execu\u00e7\u00e3o, nove est\u00e3o parados e quatro n\u00e3o foram sequer iniciados. Somente os investimentos em projetos que est\u00e3o com obras paradas somam quase R$ 2 bilh\u00f5es do or\u00e7amento geral da Uni\u00e3o, al\u00e9m de outros\u00a0R$ 2 bilh\u00f5es em contrapartidas.<br>\u00a0<br>&#8220;Se considerados os contratos financiados com recursos do FGTS, a situa\u00e7\u00e3o \u00e9 ainda mais grave. Somente as obras do Monotrilho-Trecho 1 da Linha 17 Ouro do Aeroporto de Congonhas, do BRT Transbrasil e da Linha Leste do Metr\u00f4 de Fortaleza t\u00eam, cada uma, R$ 1 bilh\u00e3o de financiamento com recursos do FGTS e est\u00e3o com 71, 51 e 20 meses de atraso, respectivamente&#8221;, diz o texto.<br><br>O relator, ministro Vital do R\u00eago, determinou que o MDR apresente, em 150 dias, crit\u00e9rios m\u00ednimos que suportem a avalia\u00e7\u00e3o conclusiva sobre a sufici\u00eancia e adequa\u00e7\u00e3o de estudos de viabilidade dos empreendimentos. Ap\u00f3s o estabelecimento dos crit\u00e9rios, o \u00f3rg\u00e3o deve se abster de celebrar instrumentos cujos processos n\u00e3o contenham a avalia\u00e7\u00e3o de viabilidade.<br>\u00a0<br>Em nota, o MDR informou que &#8220;apesar de ainda n\u00e3o ter sido notificado oficialmente pelo Tribunal de Contas da Uni\u00e3o [&#8230;] vinha acompanhando e colaborando com a avalia\u00e7\u00e3o junto ao \u00f3rg\u00e3o. O Departamento de Projetos de Mobilidade e Servi\u00e7os Urbanos (DEMOB) tem tomado medidas de aperfei\u00e7oamento dos crit\u00e9rios. Ainda assim, aguardar\u00e1 o Ac\u00f3rd\u00e3o para tomar conhecimento do conte\u00fado e se posicionar sobre o tema&#8221;.<\/p>\n","protected":false},"excerpt":{"rendered":"<p>Tales Silveira, da&nbsp;Ag\u00eancia iNFRA O TCU (Tribunal de Contas da Uni\u00e3o) determinou, na \u00faltima quarta-feira (3), que o MDR (Minist\u00e9rio do Desenvolvimento Regional) estabele\u00e7a crit\u00e9rios m\u00ednimos para uma avalia\u00e7\u00e3o conclusiva dos estudos de viabilidade dos empreendimentos de m\u00e9dia e alta capacidade em\u00a0mobilidade urbana do pa\u00eds. A decis\u00e3o est\u00e1\u00a0neste link.\u00a0A decis\u00e3o veio ap\u00f3s auditoria que verificou [&hellip;]<\/p>\n","protected":false},"author":9,"featured_media":6869,"comment_status":"closed","ping_status":"closed","sticky":false,"template":"","format":"standard","meta":{"_monsterinsights_skip_tracking":false,"_monsterinsights_sitenote_active":false,"_monsterinsights_sitenote_note":"","_monsterinsights_sitenote_category":0,"footnotes":""},"categories":[1,7],"tags":[1114,3677,1052,3679,3680,3675,3678,3672,760,2162,3676,360,3674,2633,18,3673,927,860],"class_list":["post-6868","post","type-post","status-publish","format-standard","has-post-thumbnail","hentry","category-geral","category-infratransporte","tag-aeroporto-de-congonhas","tag-brt-transbrasil","tag-caixa-economica-federal","tag-demob","tag-departamento-de-projetos-de-mobilidade-e-servicos-urbanos","tag-fgts","tag-linha-leste-do-metro-de-fortaleza","tag-mdr","tag-ministerio-do-desenvolvimento-regional","tag-mobilidade-urbana","tag-monotrilho-trecho-1-da-linha-17-ouro","tag-obras","tag-pnmu","tag-politica-nacional-de-mobilidade-urbana","tag-tcu","tag-transportes-publicos","tag-tribunal-de-contas-da-uniao","tag-vital-do-rego"],"yoast_head":"<!-- This site is optimized with the Yoast SEO Premium plugin v25.4 (Yoast SEO v26.0) - https:\/\/yoast.com\/wordpress\/plugins\/seo\/ -->\n<title>TCU determina ao MDR que estabele\u00e7a crit\u00e9rios para liberar recursos para obras de mobilidade urbana - Ag\u00eancia iNFRA<\/title>\n<meta name=\"robots\" content=\"index, follow, max-snippet:-1, max-image-preview:large, max-video-preview:-1\" \/>\n<link rel=\"canonical\" href=\"https:\/\/agenciainfra.com\/blog\/tcu-determina-ao-mdr-que-estabeleca-criterios-para-liberar-recursos-para-obras-de-mobilidade-urbana\/\" \/>\n<meta property=\"og:locale\" content=\"pt_BR\" \/>\n<meta property=\"og:type\" content=\"article\" \/>\n<meta property=\"og:title\" content=\"TCU determina ao MDR que estabele\u00e7a crit\u00e9rios para liberar recursos para obras de mobilidade urbana\" \/>\n<meta property=\"og:description\" content=\"Tales Silveira, da&nbsp;Ag\u00eancia iNFRA O TCU (Tribunal de Contas da Uni\u00e3o) determinou, na \u00faltima quarta-feira (3), que o MDR (Minist\u00e9rio do Desenvolvimento Regional) estabele\u00e7a crit\u00e9rios m\u00ednimos para uma avalia\u00e7\u00e3o conclusiva dos estudos de viabilidade dos empreendimentos de m\u00e9dia e alta capacidade em\u00a0mobilidade urbana do pa\u00eds. A decis\u00e3o est\u00e1\u00a0neste link.\u00a0A decis\u00e3o veio ap\u00f3s auditoria que verificou [&hellip;]\" \/>\n<meta property=\"og:url\" content=\"https:\/\/agenciainfra.com\/blog\/tcu-determina-ao-mdr-que-estabeleca-criterios-para-liberar-recursos-para-obras-de-mobilidade-urbana\/\" \/>\n<meta property=\"og:site_name\" content=\"Ag\u00eancia iNFRA\" \/>\n<meta property=\"article:publisher\" content=\"https:\/\/www.facebook.com\/ageninfra\" \/>\n<meta property=\"article:published_time\" content=\"2021-03-06T11:00:00+00:00\" \/>\n<meta property=\"og:image\" content=\"https:\/\/agenciainfra.com\/blog\/wp-content\/uploads\/2021\/03\/vital-do-rego-foto-tcu.jpg\" \/>\n\t<meta property=\"og:image:width\" content=\"1280\" \/>\n\t<meta property=\"og:image:height\" content=\"853\" \/>\n\t<meta property=\"og:image:type\" content=\"image\/jpeg\" \/>\n<meta name=\"author\" content=\"Rodrigo Zuquim\" \/>\n<meta name=\"twitter:card\" content=\"summary_large_image\" \/>\n<meta name=\"twitter:creator\" content=\"@agencia_infra\" \/>\n<meta name=\"twitter:site\" content=\"@agencia_infra\" \/>\n<meta name=\"twitter:label1\" content=\"Escrito por\" \/>\n\t<meta name=\"twitter:data1\" content=\"Rodrigo Zuquim\" \/>\n\t<meta name=\"twitter:label2\" content=\"Est. tempo de leitura\" \/>\n\t<meta name=\"twitter:data2\" content=\"2 minutos\" \/>\n<script type=\"application\/ld+json\" class=\"yoast-schema-graph\">{\"@context\":\"https:\/\/schema.org\",\"@graph\":[{\"@type\":\"Article\",\"@id\":\"https:\/\/agenciainfra.com\/blog\/tcu-determina-ao-mdr-que-estabeleca-criterios-para-liberar-recursos-para-obras-de-mobilidade-urbana\/#article\",\"isPartOf\":{\"@id\":\"https:\/\/agenciainfra.com\/blog\/tcu-determina-ao-mdr-que-estabeleca-criterios-para-liberar-recursos-para-obras-de-mobilidade-urbana\/\"},\"author\":{\"name\":\"Rodrigo Zuquim\",\"@id\":\"https:\/\/agenciainfra.com\/blog\/#\/schema\/person\/04dbb79bd6d8951f063da71f3e4c1eb1\"},\"headline\":\"TCU determina ao MDR que estabele\u00e7a crit\u00e9rios para liberar recursos para obras de mobilidade urbana\",\"datePublished\":\"2021-03-06T11:00:00+00:00\",\"mainEntityOfPage\":{\"@id\":\"https:\/\/agenciainfra.com\/blog\/tcu-determina-ao-mdr-que-estabeleca-criterios-para-liberar-recursos-para-obras-de-mobilidade-urbana\/\"},\"wordCount\":482,\"publisher\":{\"@id\":\"https:\/\/agenciainfra.com\/blog\/#organization\"},\"image\":{\"@id\":\"https:\/\/agenciainfra.com\/blog\/tcu-determina-ao-mdr-que-estabeleca-criterios-para-liberar-recursos-para-obras-de-mobilidade-urbana\/#primaryimage\"},\"thumbnailUrl\":\"https:\/\/agenciainfra.com\/blog\/wp-content\/uploads\/2021\/03\/vital-do-rego-foto-tcu.jpg\",\"keywords\":[\"Aeroporto de Congonhas\",\"BRT Transbrasil\",\"Caixa Econ\u00f4mica Federal\",\"Demob\",\"Departamento de Projetos de Mobilidade e Servi\u00e7os Urbanos\",\"FGTS\",\"Linha Leste do Metr\u00f4 de Fortaleza\",\"MDR\",\"Minist\u00e9rio do Desenvolvimento Regional\",\"mobilidade urbana\",\"Monotrilho-Trecho 1 da Linha 17 Ouro\",\"obras\",\"PNMU\",\"Pol\u00edtica Nacional de Mobilidade Urbana\",\"TCU\",\"transportes p\u00fablicos\",\"Tribunal de Contas da Uni\u00e3o\",\"Vital do R\u00eago\"],\"articleSection\":[\"Geral\",\"iNFRATransporte\"],\"inLanguage\":\"pt-BR\",\"copyrightYear\":\"2021\",\"copyrightHolder\":{\"@id\":\"https:\/\/agenciainfra.com\/blog\/#organization\"}},{\"@type\":\"WebPage\",\"@id\":\"https:\/\/agenciainfra.com\/blog\/tcu-determina-ao-mdr-que-estabeleca-criterios-para-liberar-recursos-para-obras-de-mobilidade-urbana\/\",\"url\":\"https:\/\/agenciainfra.com\/blog\/tcu-determina-ao-mdr-que-estabeleca-criterios-para-liberar-recursos-para-obras-de-mobilidade-urbana\/\",\"name\":\"TCU determina ao MDR que estabele\u00e7a crit\u00e9rios para liberar recursos para obras de mobilidade urbana - Ag\u00eancia iNFRA\",\"isPartOf\":{\"@id\":\"https:\/\/agenciainfra.com\/blog\/#website\"},\"primaryImageOfPage\":{\"@id\":\"https:\/\/agenciainfra.com\/blog\/tcu-determina-ao-mdr-que-estabeleca-criterios-para-liberar-recursos-para-obras-de-mobilidade-urbana\/#primaryimage\"},\"image\":{\"@id\":\"https:\/\/agenciainfra.com\/blog\/tcu-determina-ao-mdr-que-estabeleca-criterios-para-liberar-recursos-para-obras-de-mobilidade-urbana\/#primaryimage\"},\"thumbnailUrl\":\"https:\/\/agenciainfra.com\/blog\/wp-content\/uploads\/2021\/03\/vital-do-rego-foto-tcu.jpg\",\"datePublished\":\"2021-03-06T11:00:00+00:00\",\"breadcrumb\":{\"@id\":\"https:\/\/agenciainfra.com\/blog\/tcu-determina-ao-mdr-que-estabeleca-criterios-para-liberar-recursos-para-obras-de-mobilidade-urbana\/#breadcrumb\"},\"inLanguage\":\"pt-BR\",\"potentialAction\":[{\"@type\":\"ReadAction\",\"target\":[\"https:\/\/agenciainfra.com\/blog\/tcu-determina-ao-mdr-que-estabeleca-criterios-para-liberar-recursos-para-obras-de-mobilidade-urbana\/\"]}]},{\"@type\":\"ImageObject\",\"inLanguage\":\"pt-BR\",\"@id\":\"https:\/\/agenciainfra.com\/blog\/tcu-determina-ao-mdr-que-estabeleca-criterios-para-liberar-recursos-para-obras-de-mobilidade-urbana\/#primaryimage\",\"url\":\"https:\/\/agenciainfra.com\/blog\/wp-content\/uploads\/2021\/03\/vital-do-rego-foto-tcu.jpg\",\"contentUrl\":\"https:\/\/agenciainfra.com\/blog\/wp-content\/uploads\/2021\/03\/vital-do-rego-foto-tcu.jpg\",\"width\":1280,\"height\":853},{\"@type\":\"BreadcrumbList\",\"@id\":\"https:\/\/agenciainfra.com\/blog\/tcu-determina-ao-mdr-que-estabeleca-criterios-para-liberar-recursos-para-obras-de-mobilidade-urbana\/#breadcrumb\",\"itemListElement\":[{\"@type\":\"ListItem\",\"position\":1,\"name\":\"In\u00edcio\",\"item\":\"https:\/\/agenciainfra.com\/blog\/\"},{\"@type\":\"ListItem\",\"position\":2,\"name\":\"TCU determina ao MDR que estabele\u00e7a crit\u00e9rios para liberar recursos para obras de mobilidade urbana\"}]},{\"@type\":\"WebSite\",\"@id\":\"https:\/\/agenciainfra.com\/blog\/#website\",\"url\":\"https:\/\/agenciainfra.com\/blog\/\",\"name\":\"Ag\u00eancia iNFRA\",\"description\":\"Multiplataforma de informa\u00e7\u00e3o jornal\u00edstica refer\u00eancia na \u00e1rea de infraestrutura no Brasil!\",\"publisher\":{\"@id\":\"https:\/\/agenciainfra.com\/blog\/#organization\"},\"potentialAction\":[{\"@type\":\"SearchAction\",\"target\":{\"@type\":\"EntryPoint\",\"urlTemplate\":\"https:\/\/agenciainfra.com\/blog\/?s={search_term_string}\"},\"query-input\":{\"@type\":\"PropertyValueSpecification\",\"valueRequired\":true,\"valueName\":\"search_term_string\"}}],\"inLanguage\":\"pt-BR\"},{\"@type\":\"Organization\",\"@id\":\"https:\/\/agenciainfra.com\/blog\/#organization\",\"name\":\"Ag\u00eancia iNFRA\",\"url\":\"https:\/\/agenciainfra.com\/blog\/\",\"logo\":{\"@type\":\"ImageObject\",\"inLanguage\":\"pt-BR\",\"@id\":\"https:\/\/agenciainfra.com\/blog\/#\/schema\/logo\/image\/\",\"url\":\"https:\/\/agenciainfra.com\/blog\/wp-content\/uploads\/2023\/09\/iNFRA_5-e1761735885940.png\",\"contentUrl\":\"https:\/\/agenciainfra.com\/blog\/wp-content\/uploads\/2023\/09\/iNFRA_5-e1761735885940.png\",\"width\":1672,\"height\":454,\"caption\":\"Ag\u00eancia iNFRA\"},\"image\":{\"@id\":\"https:\/\/agenciainfra.com\/blog\/#\/schema\/logo\/image\/\"},\"sameAs\":[\"https:\/\/www.facebook.com\/ageninfra\",\"https:\/\/x.com\/agencia_infra\",\"https:\/\/www.linkedin.com\/company\/ag\u00eanciainfra\/\",\"https:\/\/www.instagram.com\/agenciainfra\/\"]},{\"@type\":\"Person\",\"@id\":\"https:\/\/agenciainfra.com\/blog\/#\/schema\/person\/04dbb79bd6d8951f063da71f3e4c1eb1\",\"name\":\"Rodrigo Zuquim\",\"image\":{\"@type\":\"ImageObject\",\"inLanguage\":\"pt-BR\",\"@id\":\"https:\/\/agenciainfra.com\/blog\/#\/schema\/person\/image\/\",\"url\":\"https:\/\/secure.gravatar.com\/avatar\/594abfe82761d620726242ff34ca472a705a4b97f16c790053a6b4c4035274d0?s=96&d=mm&r=g\",\"contentUrl\":\"https:\/\/secure.gravatar.com\/avatar\/594abfe82761d620726242ff34ca472a705a4b97f16c790053a6b4c4035274d0?s=96&d=mm&r=g\",\"caption\":\"Rodrigo Zuquim\"},\"url\":\"https:\/\/agenciainfra.com\/blog\/author\/rodrigo-zuquim\/\"}]}<\/script>\n<!-- \/ Yoast SEO Premium plugin. -->","yoast_head_json":{"title":"TCU determina ao MDR que estabele\u00e7a crit\u00e9rios para liberar recursos para obras de mobilidade urbana - Ag\u00eancia iNFRA","robots":{"index":"index","follow":"follow","max-snippet":"max-snippet:-1","max-image-preview":"max-image-preview:large","max-video-preview":"max-video-preview:-1"},"canonical":"https:\/\/agenciainfra.com\/blog\/tcu-determina-ao-mdr-que-estabeleca-criterios-para-liberar-recursos-para-obras-de-mobilidade-urbana\/","og_locale":"pt_BR","og_type":"article","og_title":"TCU determina ao MDR que estabele\u00e7a crit\u00e9rios para liberar recursos para obras de mobilidade urbana","og_description":"Tales Silveira, da&nbsp;Ag\u00eancia iNFRA O TCU (Tribunal de Contas da Uni\u00e3o) determinou, na \u00faltima quarta-feira (3), que o MDR (Minist\u00e9rio do Desenvolvimento Regional) estabele\u00e7a crit\u00e9rios m\u00ednimos para uma avalia\u00e7\u00e3o conclusiva dos estudos de viabilidade dos empreendimentos de m\u00e9dia e alta capacidade em\u00a0mobilidade urbana do pa\u00eds. A decis\u00e3o est\u00e1\u00a0neste link.\u00a0A decis\u00e3o veio ap\u00f3s auditoria que verificou [&hellip;]","og_url":"https:\/\/agenciainfra.com\/blog\/tcu-determina-ao-mdr-que-estabeleca-criterios-para-liberar-recursos-para-obras-de-mobilidade-urbana\/","og_site_name":"Ag\u00eancia iNFRA","article_publisher":"https:\/\/www.facebook.com\/ageninfra","article_published_time":"2021-03-06T11:00:00+00:00","og_image":[{"width":1280,"height":853,"url":"https:\/\/agenciainfra.com\/blog\/wp-content\/uploads\/2021\/03\/vital-do-rego-foto-tcu.jpg","type":"image\/jpeg"}],"author":"Rodrigo Zuquim","twitter_card":"summary_large_image","twitter_creator":"@agencia_infra","twitter_site":"@agencia_infra","twitter_misc":{"Escrito por":"Rodrigo Zuquim","Est. tempo de leitura":"2 minutos"},"schema":{"@context":"https:\/\/schema.org","@graph":[{"@type":"Article","@id":"https:\/\/agenciainfra.com\/blog\/tcu-determina-ao-mdr-que-estabeleca-criterios-para-liberar-recursos-para-obras-de-mobilidade-urbana\/#article","isPartOf":{"@id":"https:\/\/agenciainfra.com\/blog\/tcu-determina-ao-mdr-que-estabeleca-criterios-para-liberar-recursos-para-obras-de-mobilidade-urbana\/"},"author":{"name":"Rodrigo Zuquim","@id":"https:\/\/agenciainfra.com\/blog\/#\/schema\/person\/04dbb79bd6d8951f063da71f3e4c1eb1"},"headline":"TCU determina ao MDR que estabele\u00e7a crit\u00e9rios para liberar recursos para obras de mobilidade urbana","datePublished":"2021-03-06T11:00:00+00:00","mainEntityOfPage":{"@id":"https:\/\/agenciainfra.com\/blog\/tcu-determina-ao-mdr-que-estabeleca-criterios-para-liberar-recursos-para-obras-de-mobilidade-urbana\/"},"wordCount":482,"publisher":{"@id":"https:\/\/agenciainfra.com\/blog\/#organization"},"image":{"@id":"https:\/\/agenciainfra.com\/blog\/tcu-determina-ao-mdr-que-estabeleca-criterios-para-liberar-recursos-para-obras-de-mobilidade-urbana\/#primaryimage"},"thumbnailUrl":"https:\/\/agenciainfra.com\/blog\/wp-content\/uploads\/2021\/03\/vital-do-rego-foto-tcu.jpg","keywords":["Aeroporto de Congonhas","BRT Transbrasil","Caixa Econ\u00f4mica Federal","Demob","Departamento de Projetos de Mobilidade e Servi\u00e7os Urbanos","FGTS","Linha Leste do Metr\u00f4 de Fortaleza","MDR","Minist\u00e9rio do Desenvolvimento Regional","mobilidade urbana","Monotrilho-Trecho 1 da Linha 17 Ouro","obras","PNMU","Pol\u00edtica Nacional de Mobilidade Urbana","TCU","transportes p\u00fablicos","Tribunal de Contas da Uni\u00e3o","Vital do R\u00eago"],"articleSection":["Geral","iNFRATransporte"],"inLanguage":"pt-BR","copyrightYear":"2021","copyrightHolder":{"@id":"https:\/\/agenciainfra.com\/blog\/#organization"}},{"@type":"WebPage","@id":"https:\/\/agenciainfra.com\/blog\/tcu-determina-ao-mdr-que-estabeleca-criterios-para-liberar-recursos-para-obras-de-mobilidade-urbana\/","url":"https:\/\/agenciainfra.com\/blog\/tcu-determina-ao-mdr-que-estabeleca-criterios-para-liberar-recursos-para-obras-de-mobilidade-urbana\/","name":"TCU determina ao MDR que estabele\u00e7a crit\u00e9rios para liberar recursos para obras de mobilidade urbana - Ag\u00eancia iNFRA","isPartOf":{"@id":"https:\/\/agenciainfra.com\/blog\/#website"},"primaryImageOfPage":{"@id":"https:\/\/agenciainfra.com\/blog\/tcu-determina-ao-mdr-que-estabeleca-criterios-para-liberar-recursos-para-obras-de-mobilidade-urbana\/#primaryimage"},"image":{"@id":"https:\/\/agenciainfra.com\/blog\/tcu-determina-ao-mdr-que-estabeleca-criterios-para-liberar-recursos-para-obras-de-mobilidade-urbana\/#primaryimage"},"thumbnailUrl":"https:\/\/agenciainfra.com\/blog\/wp-content\/uploads\/2021\/03\/vital-do-rego-foto-tcu.jpg","datePublished":"2021-03-06T11:00:00+00:00","breadcrumb":{"@id":"https:\/\/agenciainfra.com\/blog\/tcu-determina-ao-mdr-que-estabeleca-criterios-para-liberar-recursos-para-obras-de-mobilidade-urbana\/#breadcrumb"},"inLanguage":"pt-BR","potentialAction":[{"@type":"ReadAction","target":["https:\/\/agenciainfra.com\/blog\/tcu-determina-ao-mdr-que-estabeleca-criterios-para-liberar-recursos-para-obras-de-mobilidade-urbana\/"]}]},{"@type":"ImageObject","inLanguage":"pt-BR","@id":"https:\/\/agenciainfra.com\/blog\/tcu-determina-ao-mdr-que-estabeleca-criterios-para-liberar-recursos-para-obras-de-mobilidade-urbana\/#primaryimage","url":"https:\/\/agenciainfra.com\/blog\/wp-content\/uploads\/2021\/03\/vital-do-rego-foto-tcu.jpg","contentUrl":"https:\/\/agenciainfra.com\/blog\/wp-content\/uploads\/2021\/03\/vital-do-rego-foto-tcu.jpg","width":1280,"height":853},{"@type":"BreadcrumbList","@id":"https:\/\/agenciainfra.com\/blog\/tcu-determina-ao-mdr-que-estabeleca-criterios-para-liberar-recursos-para-obras-de-mobilidade-urbana\/#breadcrumb","itemListElement":[{"@type":"ListItem","position":1,"name":"In\u00edcio","item":"https:\/\/agenciainfra.com\/blog\/"},{"@type":"ListItem","position":2,"name":"TCU determina ao MDR que estabele\u00e7a crit\u00e9rios para liberar recursos para obras de mobilidade urbana"}]},{"@type":"WebSite","@id":"https:\/\/agenciainfra.com\/blog\/#website","url":"https:\/\/agenciainfra.com\/blog\/","name":"Ag\u00eancia iNFRA","description":"Multiplataforma de informa\u00e7\u00e3o jornal\u00edstica refer\u00eancia na \u00e1rea de infraestrutura no Brasil!","publisher":{"@id":"https:\/\/agenciainfra.com\/blog\/#organization"},"potentialAction":[{"@type":"SearchAction","target":{"@type":"EntryPoint","urlTemplate":"https:\/\/agenciainfra.com\/blog\/?s={search_term_string}"},"query-input":{"@type":"PropertyValueSpecification","valueRequired":true,"valueName":"search_term_string"}}],"inLanguage":"pt-BR"},{"@type":"Organization","@id":"https:\/\/agenciainfra.com\/blog\/#organization","name":"Ag\u00eancia iNFRA","url":"https:\/\/agenciainfra.com\/blog\/","logo":{"@type":"ImageObject","inLanguage":"pt-BR","@id":"https:\/\/agenciainfra.com\/blog\/#\/schema\/logo\/image\/","url":"https:\/\/agenciainfra.com\/blog\/wp-content\/uploads\/2023\/09\/iNFRA_5-e1761735885940.png","contentUrl":"https:\/\/agenciainfra.com\/blog\/wp-content\/uploads\/2023\/09\/iNFRA_5-e1761735885940.png","width":1672,"height":454,"caption":"Ag\u00eancia iNFRA"},"image":{"@id":"https:\/\/agenciainfra.com\/blog\/#\/schema\/logo\/image\/"},"sameAs":["https:\/\/www.facebook.com\/ageninfra","https:\/\/x.com\/agencia_infra","https:\/\/www.linkedin.com\/company\/ag\u00eanciainfra\/","https:\/\/www.instagram.com\/agenciainfra\/"]},{"@type":"Person","@id":"https:\/\/agenciainfra.com\/blog\/#\/schema\/person\/04dbb79bd6d8951f063da71f3e4c1eb1","name":"Rodrigo Zuquim","image":{"@type":"ImageObject","inLanguage":"pt-BR","@id":"https:\/\/agenciainfra.com\/blog\/#\/schema\/person\/image\/","url":"https:\/\/secure.gravatar.com\/avatar\/594abfe82761d620726242ff34ca472a705a4b97f16c790053a6b4c4035274d0?s=96&d=mm&r=g","contentUrl":"https:\/\/secure.gravatar.com\/avatar\/594abfe82761d620726242ff34ca472a705a4b97f16c790053a6b4c4035274d0?s=96&d=mm&r=g","caption":"Rodrigo Zuquim"},"url":"https:\/\/agenciainfra.com\/blog\/author\/rodrigo-zuquim\/"}]}},"_links":{"self":[{"href":"https:\/\/agenciainfra.com\/blog\/wp-json\/wp\/v2\/posts\/6868","targetHints":{"allow":["GET"]}}],"collection":[{"href":"https:\/\/agenciainfra.com\/blog\/wp-json\/wp\/v2\/posts"}],"about":[{"href":"https:\/\/agenciainfra.com\/blog\/wp-json\/wp\/v2\/types\/post"}],"author":[{"embeddable":true,"href":"https:\/\/agenciainfra.com\/blog\/wp-json\/wp\/v2\/users\/9"}],"replies":[{"embeddable":true,"href":"https:\/\/agenciainfra.com\/blog\/wp-json\/wp\/v2\/comments?post=6868"}],"version-history":[{"count":0,"href":"https:\/\/agenciainfra.com\/blog\/wp-json\/wp\/v2\/posts\/6868\/revisions"}],"wp:featuredmedia":[{"embeddable":true,"href":"https:\/\/agenciainfra.com\/blog\/wp-json\/wp\/v2\/media\/6869"}],"wp:attachment":[{"href":"https:\/\/agenciainfra.com\/blog\/wp-json\/wp\/v2\/media?parent=6868"}],"wp:term":[{"taxonomy":"category","embeddable":true,"href":"https:\/\/agenciainfra.com\/blog\/wp-json\/wp\/v2\/categories?post=6868"},{"taxonomy":"post_tag","embeddable":true,"href":"https:\/\/agenciainfra.com\/blog\/wp-json\/wp\/v2\/tags?post=6868"}],"curies":[{"name":"wp","href":"https:\/\/api.w.org\/{rel}","templated":true}]}}