{"id":6888,"date":"2021-03-11T08:00:00","date_gmt":"2021-03-11T11:00:00","guid":{"rendered":"https:\/\/www.agenciainfra.com\/blog\/?p=6888"},"modified":"2021-03-10T16:32:59","modified_gmt":"2021-03-10T19:32:59","slug":"leiloes-de-capacidade-dividem-setor-e-colocam-em-duvida-a-separacao-de-lastro-e-energia","status":"publish","type":"post","link":"https:\/\/agenciainfra.com\/blog\/leiloes-de-capacidade-dividem-setor-e-colocam-em-duvida-a-separacao-de-lastro-e-energia\/","title":{"rendered":"Leil\u00f5es de capacidade dividem setor e colocam em d\u00favida a separa\u00e7\u00e3o de lastro e energia"},"content":{"rendered":"\n<hr class=\"wp-block-separator\"\/>\n\n\n\n<p class=\"has-text-align-right\"><strong>Nestor Rabello e Leila Coimbra, da Ag\u00eancia iNFRA<\/strong><\/p>\n\n\n\n<p>A realiza\u00e7\u00e3o de leil\u00f5es de capacidade \u2013 mecanismo trazido pela\u00a0<a rel=\"noreferrer noopener\" href=\"https:\/\/agenciainfra.us14.list-manage.com\/track\/click?u=d460dd1bcf9ba0ae040e1fc0f&amp;id=04041b72c1&amp;e=c099169394\" target=\"_blank\">Lei 14.120<\/a>, oriunda da MP (Medida Provis\u00f3ria) 998 \u2013 est\u00e1\u00a0dividindo os agentes do setor el\u00e9trico. H\u00e1 d\u00favidas\u00a0se o mecanismo poder\u00e1 inviabilizar a separa\u00e7\u00e3o de lastro\u00a0e energia, conforme proposto no projeto de moderniza\u00e7\u00e3o do setor (<a rel=\"noreferrer noopener\" href=\"https:\/\/agenciainfra.us14.list-manage.com\/track\/click?u=d460dd1bcf9ba0ae040e1fc0f&amp;id=744e9bebc8&amp;e=c099169394\" target=\"_blank\">PL 414\/2021<\/a>).<\/p>\n\n\n\n<p>Para alguns dos especialistas e executivos consultados pela&nbsp;<strong>Ag\u00eancia iNFRA<\/strong>, esse tipo de&nbsp;leil\u00e3o (baseado&nbsp;na necessidade de pot\u00eancia,&nbsp;em vez da demanda das concession\u00e1rias) ser\u00e1&nbsp;um mecanismo importante para garantir a seguran\u00e7a&nbsp;do sistema, dispensando a necessidade de separa\u00e7\u00e3o de lastro e energia no futuro.<\/p>\n\n\n\n<p>Outros acreditam que o dispositivo \u00e9 o primeiro passo rumo \u00e0 separa\u00e7\u00e3o de lastro e energia, mas h\u00e1 ainda os que demonstram d\u00favidas sobre&nbsp;se h\u00e1 a&nbsp;prioriza\u00e7\u00e3o de fontes t\u00e9rmicas em detrimento de outras, ou at\u00e9 mesmo se os leil\u00f5es ser\u00e3o transit\u00f3rios ou n\u00e3o.<\/p>\n\n\n\n<p>O governo pretende&nbsp;realizar um leil\u00e3o de capacidade no segundo semestre. O dispositivo \u00e9&nbsp;<a href=\"https:\/\/agenciainfra.us14.list-manage.com\/track\/click?u=d460dd1bcf9ba0ae040e1fc0f&amp;id=8e8c810379&amp;e=c099169394\" target=\"_blank\" rel=\"noreferrer noopener\">tratado<\/a>&nbsp;pelo MME (Minist\u00e9rio de Minas e Energia).<\/p>\n\n\n\n<p>O CEO da Thymos Energia, Jo\u00e3o Carlos Mello, argumenta que a medida \u00e9 suficiente&nbsp;para garantir a compra de pot\u00eancia pelo sistema sem necessidade de mudan\u00e7a do modelo ou&nbsp;altera\u00e7\u00e3o em contratos legados: \u201cO velho problema de lastro e energia. Isso tem que ser superado. O mercado de capacidade, mesmo marginal, j\u00e1 resolve. N\u00e3o \u00e9 preciso fazer a separa\u00e7\u00e3o.&nbsp;Um leil\u00e3o de capacidade anual resolve o problema\u201d, defende Mello.<\/p>\n\n\n\n<p>Segundo o executivo, o&nbsp;sistema el\u00e9trico brasileiro est\u00e1 ficando cada vez mais dif\u00edcil de operar e por isso o ONS (Operador Nacional do Sistema El\u00e9trico) precisa ter essa op\u00e7\u00e3o de maneira firme. &#8220;Capacidade firme significa estar dispon\u00edvel o tempo todo para o ONS. N\u00e3o \u00e9 s\u00f3 para atender na ponta, pode ser no meio do dia ou de manh\u00e3.&#8221;&nbsp;<\/p>\n\n\n\n<p>Para Mello, a legisla\u00e7\u00e3o oriunda da Medida Provis\u00f3ria 998&nbsp;satisfaz as necessidades atuais e veio em boa hora. &#8220;Essa Lei 14.120 veio em um momento muito adequado. A inser\u00e7\u00e3o renov\u00e1veis na matriz nacional vem baixando pre\u00e7os, mas n\u00e3o tem outros atributos. \u00c9 preciso garantir a confiabilidade do sistema, com um encargo de capacidade no Brasil que seja pago por todo mercado por esse benef\u00edcio sist\u00eamico.&#8221;<\/p>\n\n\n\n<p><strong>Previsibilidade<\/strong><br>Para o presidente da consultoria PSR, Luiz Barroso, o conceito&nbsp;&#8220;faz todo sentido se o sistema tiver essa necessidade f\u00edsica e na aus\u00eancia de um produto expl\u00edcito nas regras de mercado para assegurar sua entrega&#8221;.<\/p>\n\n\n\n<p>Sobre separa\u00e7\u00e3o entre&nbsp;lastro e&nbsp;energia, Barroso afirma que &#8220;\u00e9 um dos instrumentos que podem ser escolhidos para assegurar a adequabilidade do suprimento&#8221;.&nbsp;E completa: &#8220;Mas observe que, no limite, n\u00e3o ter instrumento algum, confiando apenas nos&nbsp;sinais de pre\u00e7os do mercado como faz o Texas, pode ser tamb\u00e9m uma escolha. Da forma posta, o leil\u00e3o de capacidade \u00e9 uma solu\u00e7\u00e3o transit\u00f3ria. Mas se assim n\u00e3o for, \u00e9 importante ent\u00e3o deixar logo isso claro, explicitando os pr\u00f3s e contras que esta escolha significa em rela\u00e7\u00e3o \u00e0s demais. Esta \u00e9 uma escolha t\u00e9cnica, e n\u00e3o dogm\u00e1tica ou apaixonada&#8221;, afirmou.&nbsp;<\/p>\n\n\n\n<p>Segundo o CEO da PSR, diversas fontes podem fornecer pot\u00eancia e diversos modelos de neg\u00f3cios podem ser aplicados combinando distintas fontes de receitas, com o cuidado de n\u00e3o ter duplo-contagem de valor.<\/p>\n\n\n\n<p>\u201cSe houver a op\u00e7\u00e3o por um leil\u00e3o exclusivo para t\u00e9rmicas, o modelo de neg\u00f3cio ser\u00e1 ainda mais importante, dado que o atendimento de pot\u00eancia naturalmente exige recursos com flexibilidade operativa e rampas r\u00e1pidas [&#8230;]. T\u00e9rmicas inflex\u00edveis, embora n\u00e3o sejam as candidatas naturais, at\u00e9 podem participar, mas competindo com outras fontes e com flex\u00edveis\u201d, completou.<\/p>\n\n\n\n<p><strong>Mercado de capacidade<\/strong><br>Na vis\u00e3o da Abrace (Associa\u00e7\u00e3o Brasileira de Grandes Consumidores e Consumidores Industriais), a cria\u00e7\u00e3o de um mercado de capacidade anda em sentido contr\u00e1rio \u00e0 separa\u00e7\u00e3o de lastro e energia, no \u00e2mbito da moderniza\u00e7\u00e3o do setor.<\/p>\n\n\n\n<p>Segundo o diretor t\u00e9cnico da associa\u00e7\u00e3o, Fillipe Soares, o mecanismo introduzido pela nova legisla\u00e7\u00e3o criar\u00e1 distor\u00e7\u00f5es no sistema. Para ele, seria melhor concentrar os esfor\u00e7os na CP (Consulta P\u00fablica) 33 do MME, que deu origem aos projetos de moderniza\u00e7\u00e3o que tramitam no Congresso Nacional (PLS 232 do Senado,&nbsp;agora PL 414 na C\u00e2mara).<\/p>\n\n\n\n<p>\u201cCom o leil\u00e3o de capacidade, o governo n\u00e3o vai precisar se preocupar como anda a economia, o setor produtivo. Faz-se um estudo, define-se a capacidade a ser contratada, compra-se, e a conta vai para o consumidor depois \u2013&nbsp;mesmo quando ele n\u00e3o consome\u201d, aponta.<\/p>\n\n\n\n<p><strong>\u2018Bom ensaio\u2019<\/strong><br>J\u00e1 a&nbsp;presidente da Abee\u00f3lica (Associa\u00e7\u00e3o Brasileira de Energia E\u00f3lica), Elbia Gannoum,&nbsp;v\u00ea os&nbsp;leil\u00f5es de capacidade como uma pr\u00e9via do que ocorrer\u00e1 no futuro. \u201cTodos entendem que \u00e9 um bom ensaio, um bom passo para aquilo que j\u00e1 estava na CP 33, para aquilo que a EPE [Empresa de Pesquisa Energ\u00e9tica] tem feito, para que a gente se mova&nbsp;para um setor mais justo com aloca\u00e7\u00e3o mais adequada desses custos e riscos\u201d, aponta.<\/p>\n\n\n\n<p>No entanto, ela defende que a modelagem dos leil\u00f5es deve considerar a participa\u00e7\u00e3o de outras fontes, e n\u00e3o s\u00f3 a gera\u00e7\u00e3o t\u00e9rmica. Essa abertura, que considera ser uma &#8220;neutralidade tecnol\u00f3gica&#8221;, ser\u00e1 proposta pela&nbsp;Abee\u00f3lica ao MME.<\/p>\n\n\n\n<p>\u201cNosso senso comum leva a crer que essa contrata\u00e7\u00e3o [de capacidade] \u00e9 de t\u00e9rmicas. Mas n\u00e3o necessariamente. Porque se algum agente tiver um sistema h\u00edbrido, com bateria \u2013 como e\u00f3licas e&nbsp;solar \u2013, ou trouxer outra solu\u00e7\u00e3o de suprimento, como feito em Roraima, ele poder\u00e1 fazer\u201d, defendeu.<\/p>\n\n\n\n<p>&#8220;Na pr\u00e1tica, as t\u00e9rmicas t\u00eam uma competitividade muito maior, e \u00e9 poss\u00edvel que elas que sejam atendidas. Mas veja, voc\u00ea n\u00e3o vai contratar t\u00e9rmica na base gerando energia. Voc\u00ea vai contratar disposi\u00e7\u00e3o de gerar. Possibilidade de gerar. A energia \u00e9 contratada separadamente. Ent\u00e3o, de fato, voc\u00ea est\u00e1 separando uma necessidade sist\u00eamica da energia. Que, em resumo, \u00e9 uma separa\u00e7\u00e3o lastro e energia. \u00c9 uma esp\u00e9cie de treinamento de situa\u00e7\u00e3o pr\u00e9via&nbsp;da separa\u00e7\u00e3o efetiva de lastro e energia, mas as bases e os requisitos j\u00e1 est\u00e3o ali&#8221;, completou Elbia.<\/p>\n\n\n\n<p>Na avalia\u00e7\u00e3o do presidente da Abraget (Associa\u00e7\u00e3o Brasileira de Geradoras Termel\u00e9tricas), Xisto Vieira, as t\u00e9rmicas constituem a \u00fanica forma de garantir energia firme ao sistema, sobretudo em per\u00edodos recorrentes de escassez h\u00eddrica.<\/p>\n\n\n\n<p>\u201cVoc\u00ea sair do per\u00edodo chuvoso com n\u00edveis de reservat\u00f3rios em cerca de 30% \u00e9 realmente muito ruim, e isso tem se mantido todos os anos. Temos bastante esperan\u00e7a que vamos ter leil\u00f5es de energia e capacidade que podem balancear isso. O &nbsp;leil\u00e3o de capacidade \u00e9 de extrema import\u00e2ncia\u201d, aponta Xisto.<\/p>\n\n\n\n<p>Para o executivo, as t\u00e9rmicas devem ser priorizadas nesses leil\u00f5es \u201cporque \u00e9 a \u00fanica geradora que tem 100% de controle sobre o combust\u00edvel\u201d. Segundo ele, a alta nos pre\u00e7os recente n\u00e3o \u00e9 uma preocupa\u00e7\u00e3o para o segmento, no \u00e2mbito da viabilidade das t\u00e9rmicas nos&nbsp;leil\u00f5es, por ser uma \u201coscila\u00e7\u00e3o no curto prazo\u201d.<\/p>\n\n\n\n<p><strong>&#8220;Inflexibilidade \u00e9 necess\u00e1ria&#8221;<\/strong><br>Vis\u00e3o similar tem o presidente do Conselho da Amazonas Energia, Gustavo de Marchi. Para ele, o novo dispositivo pavimenta o caminho para a separa\u00e7\u00e3o definitiva de lastro e energia, mas o modelo dever\u00e1 considerar t\u00e9rmicas inflex\u00edveis em suas premissas para ser efetivo.<\/p>\n\n\n\n<p>Marchi defende que a discuss\u00e3o sobre essas t\u00e9rmicas ficou polarizada, em raz\u00e3o do embate observado no \u00e2mbito da Nova Lei do G\u00e1s (<a href=\"https:\/\/agenciainfra.us14.list-manage.com\/track\/click?u=d460dd1bcf9ba0ae040e1fc0f&amp;id=f010fbbe57&amp;e=c099169394\" target=\"_blank\" rel=\"noreferrer noopener\">PL 4.476\/2020<\/a>). \u201cDefendo a t\u00e9rmica inflex\u00edvel sob o ponto de vista da confiabilidade, da razoabilidade e da moderniza\u00e7\u00e3o do setor, uma vez que vamos ter que consider\u00e1-la.\u201d<\/p>\n\n\n\n<p>\u201cElas t\u00eam papel fundamental. Epis\u00f3dios recentes, inclusive o do Amap\u00e1 e no cen\u00e1rio externo, no Texas e Calif\u00f3rnia, nos permitem concluir isso, desde que o desenho seja racional para o planejamento. \u00c9 uma quest\u00e3o de premissas\u201d, diz.<\/p>\n","protected":false},"excerpt":{"rendered":"<p>Nestor Rabello e Leila Coimbra, da Ag\u00eancia iNFRA A realiza\u00e7\u00e3o de leil\u00f5es de capacidade \u2013 mecanismo trazido pela\u00a0Lei 14.120, oriunda da MP (Medida Provis\u00f3ria) 998 \u2013 est\u00e1\u00a0dividindo os agentes do setor el\u00e9trico. H\u00e1 d\u00favidas\u00a0se o mecanismo poder\u00e1 inviabilizar a separa\u00e7\u00e3o de lastro\u00a0e energia, conforme proposto no projeto de moderniza\u00e7\u00e3o do setor (PL 414\/2021). Para alguns [&hellip;]<\/p>\n","protected":false},"author":9,"featured_media":6889,"comment_status":"closed","ping_status":"closed","sticky":false,"template":"","format":"standard","meta":{"_monsterinsights_skip_tracking":false,"_monsterinsights_sitenote_active":false,"_monsterinsights_sitenote_note":"","_monsterinsights_sitenote_category":0,"footnotes":""},"categories":[1,10],"tags":[2215,41,724,144,864,1113,1067,25,12,1742,829,1468,3719,1855,3551,3699,3717,1836,96,2648,2599,1010,216,827,2674,3718,1291,121,54,631,1856,1155],"class_list":["post-6888","post","type-post","status-publish","format-standard","has-post-thumbnail","hentry","category-geral","category-infraenergia","tag-abeeolica-2","tag-abrace","tag-abraget","tag-amazonas-energia","tag-cp-33","tag-elbia-gannoum","tag-empresa-de-pesquisa-energetica","tag-energia","tag-epe","tag-filipe-soares","tag-geracao-termica","tag-gustavo-de-marchi","tag-inflexiveis","tag-joao-carlos-mello","tag-lastro","tag-lei-14-120","tag-leiloes-de-capacidade","tag-luiz-barroso","tag-ministerio-de-minas-e-energia","tag-modernizacao","tag-mp-998","tag-nova-lei-do-gas","tag-ons","tag-operador-nacional-do-sistema-eletrico","tag-pl-4-476-2020","tag-plp-414-2021","tag-pls-232","tag-psr","tag-setor-eletrico","tag-termicas","tag-thymos-energia","tag-xisto-vieira"],"yoast_head":"<!-- This site is optimized with the Yoast SEO Premium plugin v25.4 (Yoast SEO v26.0) - https:\/\/yoast.com\/wordpress\/plugins\/seo\/ -->\n<title>Leil\u00f5es de capacidade dividem setor e colocam em d\u00favida a separa\u00e7\u00e3o de lastro e energia - Ag\u00eancia iNFRA<\/title>\n<meta name=\"robots\" content=\"index, follow, max-snippet:-1, max-image-preview:large, max-video-preview:-1\" \/>\n<link rel=\"canonical\" href=\"https:\/\/agenciainfra.com\/blog\/leiloes-de-capacidade-dividem-setor-e-colocam-em-duvida-a-separacao-de-lastro-e-energia\/\" \/>\n<meta property=\"og:locale\" content=\"pt_BR\" \/>\n<meta property=\"og:type\" content=\"article\" \/>\n<meta property=\"og:title\" content=\"Leil\u00f5es de capacidade dividem setor e colocam em d\u00favida a separa\u00e7\u00e3o de lastro e energia\" \/>\n<meta property=\"og:description\" content=\"Nestor Rabello e Leila Coimbra, da Ag\u00eancia iNFRA A realiza\u00e7\u00e3o de leil\u00f5es de capacidade \u2013 mecanismo trazido pela\u00a0Lei 14.120, oriunda da MP (Medida Provis\u00f3ria) 998 \u2013 est\u00e1\u00a0dividindo os agentes do setor el\u00e9trico. H\u00e1 d\u00favidas\u00a0se o mecanismo poder\u00e1 inviabilizar a separa\u00e7\u00e3o de lastro\u00a0e energia, conforme proposto no projeto de moderniza\u00e7\u00e3o do setor (PL 414\/2021). Para alguns [&hellip;]\" \/>\n<meta property=\"og:url\" content=\"https:\/\/agenciainfra.com\/blog\/leiloes-de-capacidade-dividem-setor-e-colocam-em-duvida-a-separacao-de-lastro-e-energia\/\" \/>\n<meta property=\"og:site_name\" content=\"Ag\u00eancia iNFRA\" \/>\n<meta property=\"article:publisher\" content=\"https:\/\/www.facebook.com\/ageninfra\" \/>\n<meta property=\"article:published_time\" content=\"2021-03-11T11:00:00+00:00\" \/>\n<meta property=\"og:image\" content=\"https:\/\/agenciainfra.com\/blog\/wp-content\/uploads\/2021\/03\/torre-energia-eletrica-foto-dominio-publico.jpeg\" \/>\n\t<meta property=\"og:image:width\" content=\"1280\" \/>\n\t<meta property=\"og:image:height\" content=\"853\" \/>\n\t<meta property=\"og:image:type\" content=\"image\/jpeg\" \/>\n<meta name=\"author\" content=\"Rodrigo Zuquim\" \/>\n<meta name=\"twitter:card\" content=\"summary_large_image\" \/>\n<meta name=\"twitter:creator\" content=\"@agencia_infra\" \/>\n<meta name=\"twitter:site\" content=\"@agencia_infra\" \/>\n<meta name=\"twitter:label1\" content=\"Escrito por\" \/>\n\t<meta name=\"twitter:data1\" content=\"Rodrigo Zuquim\" \/>\n\t<meta name=\"twitter:label2\" content=\"Est. tempo de leitura\" \/>\n\t<meta name=\"twitter:data2\" content=\"7 minutos\" \/>\n<script type=\"application\/ld+json\" class=\"yoast-schema-graph\">{\"@context\":\"https:\/\/schema.org\",\"@graph\":[{\"@type\":\"Article\",\"@id\":\"https:\/\/agenciainfra.com\/blog\/leiloes-de-capacidade-dividem-setor-e-colocam-em-duvida-a-separacao-de-lastro-e-energia\/#article\",\"isPartOf\":{\"@id\":\"https:\/\/agenciainfra.com\/blog\/leiloes-de-capacidade-dividem-setor-e-colocam-em-duvida-a-separacao-de-lastro-e-energia\/\"},\"author\":{\"name\":\"Rodrigo Zuquim\",\"@id\":\"https:\/\/agenciainfra.com\/blog\/#\/schema\/person\/04dbb79bd6d8951f063da71f3e4c1eb1\"},\"headline\":\"Leil\u00f5es de capacidade dividem setor e colocam em d\u00favida a separa\u00e7\u00e3o de lastro e energia\",\"datePublished\":\"2021-03-11T11:00:00+00:00\",\"mainEntityOfPage\":{\"@id\":\"https:\/\/agenciainfra.com\/blog\/leiloes-de-capacidade-dividem-setor-e-colocam-em-duvida-a-separacao-de-lastro-e-energia\/\"},\"wordCount\":1407,\"publisher\":{\"@id\":\"https:\/\/agenciainfra.com\/blog\/#organization\"},\"image\":{\"@id\":\"https:\/\/agenciainfra.com\/blog\/leiloes-de-capacidade-dividem-setor-e-colocam-em-duvida-a-separacao-de-lastro-e-energia\/#primaryimage\"},\"thumbnailUrl\":\"https:\/\/agenciainfra.com\/blog\/wp-content\/uploads\/2021\/03\/torre-energia-eletrica-foto-dominio-publico-e1773173379405.jpeg\",\"keywords\":[\"Abee\u00f3lica\",\"Abrace\",\"abraget\",\"Amazonas Energia\",\"CP 33\",\"Elbia Gannoum\",\"Empresa de Pesquisa Energ\u00e9tica\",\"energia\",\"epe\",\"Filipe Soares\",\"gera\u00e7\u00e3o t\u00e9rmica\",\"Gustavo De Marchi\",\"inflex\u00edveis\",\"Jo\u00e3o Carlos Mello\",\"lastro\",\"Lei 14.120\",\"leil\u00f5es de capacidade\",\"Luiz Barroso\",\"Minist\u00e9rio de Minas e Energia\",\"moderniza\u00e7\u00e3o\",\"MP 998\",\"nova Lei do G\u00e1s\",\"ONS\",\"Operador Nacional do Sistema El\u00e9trico\",\"PL 4.476\/2020\",\"PLP 414\/2021\",\"PLS 232\",\"PSR\",\"Setor El\u00e9trico\",\"t\u00e9rmicas\",\"Thymos Energia\",\"Xisto Vieira\"],\"articleSection\":[\"Geral\",\"iNFRAEnergia\"],\"inLanguage\":\"pt-BR\",\"copyrightYear\":\"2021\",\"copyrightHolder\":{\"@id\":\"https:\/\/agenciainfra.com\/blog\/#organization\"}},{\"@type\":\"WebPage\",\"@id\":\"https:\/\/agenciainfra.com\/blog\/leiloes-de-capacidade-dividem-setor-e-colocam-em-duvida-a-separacao-de-lastro-e-energia\/\",\"url\":\"https:\/\/agenciainfra.com\/blog\/leiloes-de-capacidade-dividem-setor-e-colocam-em-duvida-a-separacao-de-lastro-e-energia\/\",\"name\":\"Leil\u00f5es de capacidade dividem setor e colocam em d\u00favida a separa\u00e7\u00e3o de lastro e energia - Ag\u00eancia iNFRA\",\"isPartOf\":{\"@id\":\"https:\/\/agenciainfra.com\/blog\/#website\"},\"primaryImageOfPage\":{\"@id\":\"https:\/\/agenciainfra.com\/blog\/leiloes-de-capacidade-dividem-setor-e-colocam-em-duvida-a-separacao-de-lastro-e-energia\/#primaryimage\"},\"image\":{\"@id\":\"https:\/\/agenciainfra.com\/blog\/leiloes-de-capacidade-dividem-setor-e-colocam-em-duvida-a-separacao-de-lastro-e-energia\/#primaryimage\"},\"thumbnailUrl\":\"https:\/\/agenciainfra.com\/blog\/wp-content\/uploads\/2021\/03\/torre-energia-eletrica-foto-dominio-publico-e1773173379405.jpeg\",\"datePublished\":\"2021-03-11T11:00:00+00:00\",\"breadcrumb\":{\"@id\":\"https:\/\/agenciainfra.com\/blog\/leiloes-de-capacidade-dividem-setor-e-colocam-em-duvida-a-separacao-de-lastro-e-energia\/#breadcrumb\"},\"inLanguage\":\"pt-BR\",\"potentialAction\":[{\"@type\":\"ReadAction\",\"target\":[\"https:\/\/agenciainfra.com\/blog\/leiloes-de-capacidade-dividem-setor-e-colocam-em-duvida-a-separacao-de-lastro-e-energia\/\"]}]},{\"@type\":\"ImageObject\",\"inLanguage\":\"pt-BR\",\"@id\":\"https:\/\/agenciainfra.com\/blog\/leiloes-de-capacidade-dividem-setor-e-colocam-em-duvida-a-separacao-de-lastro-e-energia\/#primaryimage\",\"url\":\"https:\/\/agenciainfra.com\/blog\/wp-content\/uploads\/2021\/03\/torre-energia-eletrica-foto-dominio-publico-e1773173379405.jpeg\",\"contentUrl\":\"https:\/\/agenciainfra.com\/blog\/wp-content\/uploads\/2021\/03\/torre-energia-eletrica-foto-dominio-publico-e1773173379405.jpeg\",\"width\":1146,\"height\":774,\"caption\":\"Foto: Dom\u00ednio P\u00fablico\"},{\"@type\":\"BreadcrumbList\",\"@id\":\"https:\/\/agenciainfra.com\/blog\/leiloes-de-capacidade-dividem-setor-e-colocam-em-duvida-a-separacao-de-lastro-e-energia\/#breadcrumb\",\"itemListElement\":[{\"@type\":\"ListItem\",\"position\":1,\"name\":\"In\u00edcio\",\"item\":\"https:\/\/agenciainfra.com\/blog\/\"},{\"@type\":\"ListItem\",\"position\":2,\"name\":\"Leil\u00f5es de capacidade dividem setor e colocam em d\u00favida a separa\u00e7\u00e3o de lastro e energia\"}]},{\"@type\":\"WebSite\",\"@id\":\"https:\/\/agenciainfra.com\/blog\/#website\",\"url\":\"https:\/\/agenciainfra.com\/blog\/\",\"name\":\"Ag\u00eancia iNFRA\",\"description\":\"Multiplataforma de informa\u00e7\u00e3o jornal\u00edstica refer\u00eancia na \u00e1rea de infraestrutura no Brasil!\",\"publisher\":{\"@id\":\"https:\/\/agenciainfra.com\/blog\/#organization\"},\"potentialAction\":[{\"@type\":\"SearchAction\",\"target\":{\"@type\":\"EntryPoint\",\"urlTemplate\":\"https:\/\/agenciainfra.com\/blog\/?s={search_term_string}\"},\"query-input\":{\"@type\":\"PropertyValueSpecification\",\"valueRequired\":true,\"valueName\":\"search_term_string\"}}],\"inLanguage\":\"pt-BR\"},{\"@type\":\"Organization\",\"@id\":\"https:\/\/agenciainfra.com\/blog\/#organization\",\"name\":\"Ag\u00eancia iNFRA\",\"url\":\"https:\/\/agenciainfra.com\/blog\/\",\"logo\":{\"@type\":\"ImageObject\",\"inLanguage\":\"pt-BR\",\"@id\":\"https:\/\/agenciainfra.com\/blog\/#\/schema\/logo\/image\/\",\"url\":\"https:\/\/agenciainfra.com\/blog\/wp-content\/uploads\/2023\/09\/iNFRA_5-e1761735885940.png\",\"contentUrl\":\"https:\/\/agenciainfra.com\/blog\/wp-content\/uploads\/2023\/09\/iNFRA_5-e1761735885940.png\",\"width\":1672,\"height\":454,\"caption\":\"Ag\u00eancia iNFRA\"},\"image\":{\"@id\":\"https:\/\/agenciainfra.com\/blog\/#\/schema\/logo\/image\/\"},\"sameAs\":[\"https:\/\/www.facebook.com\/ageninfra\",\"https:\/\/x.com\/agencia_infra\",\"https:\/\/www.linkedin.com\/company\/ag\u00eanciainfra\/\",\"https:\/\/www.instagram.com\/agenciainfra\/\"]},{\"@type\":\"Person\",\"@id\":\"https:\/\/agenciainfra.com\/blog\/#\/schema\/person\/04dbb79bd6d8951f063da71f3e4c1eb1\",\"name\":\"Rodrigo Zuquim\",\"image\":{\"@type\":\"ImageObject\",\"inLanguage\":\"pt-BR\",\"@id\":\"https:\/\/agenciainfra.com\/blog\/#\/schema\/person\/image\/\",\"url\":\"https:\/\/secure.gravatar.com\/avatar\/594abfe82761d620726242ff34ca472a705a4b97f16c790053a6b4c4035274d0?s=96&d=mm&r=g\",\"contentUrl\":\"https:\/\/secure.gravatar.com\/avatar\/594abfe82761d620726242ff34ca472a705a4b97f16c790053a6b4c4035274d0?s=96&d=mm&r=g\",\"caption\":\"Rodrigo Zuquim\"},\"url\":\"https:\/\/agenciainfra.com\/blog\/author\/rodrigo-zuquim\/\"}]}<\/script>\n<!-- \/ Yoast SEO Premium plugin. -->","yoast_head_json":{"title":"Leil\u00f5es de capacidade dividem setor e colocam em d\u00favida a separa\u00e7\u00e3o de lastro e energia - Ag\u00eancia iNFRA","robots":{"index":"index","follow":"follow","max-snippet":"max-snippet:-1","max-image-preview":"max-image-preview:large","max-video-preview":"max-video-preview:-1"},"canonical":"https:\/\/agenciainfra.com\/blog\/leiloes-de-capacidade-dividem-setor-e-colocam-em-duvida-a-separacao-de-lastro-e-energia\/","og_locale":"pt_BR","og_type":"article","og_title":"Leil\u00f5es de capacidade dividem setor e colocam em d\u00favida a separa\u00e7\u00e3o de lastro e energia","og_description":"Nestor Rabello e Leila Coimbra, da Ag\u00eancia iNFRA A realiza\u00e7\u00e3o de leil\u00f5es de capacidade \u2013 mecanismo trazido pela\u00a0Lei 14.120, oriunda da MP (Medida Provis\u00f3ria) 998 \u2013 est\u00e1\u00a0dividindo os agentes do setor el\u00e9trico. H\u00e1 d\u00favidas\u00a0se o mecanismo poder\u00e1 inviabilizar a separa\u00e7\u00e3o de lastro\u00a0e energia, conforme proposto no projeto de moderniza\u00e7\u00e3o do setor (PL 414\/2021). Para alguns [&hellip;]","og_url":"https:\/\/agenciainfra.com\/blog\/leiloes-de-capacidade-dividem-setor-e-colocam-em-duvida-a-separacao-de-lastro-e-energia\/","og_site_name":"Ag\u00eancia iNFRA","article_publisher":"https:\/\/www.facebook.com\/ageninfra","article_published_time":"2021-03-11T11:00:00+00:00","og_image":[{"width":1280,"height":853,"url":"https:\/\/agenciainfra.com\/blog\/wp-content\/uploads\/2021\/03\/torre-energia-eletrica-foto-dominio-publico.jpeg","type":"image\/jpeg"}],"author":"Rodrigo Zuquim","twitter_card":"summary_large_image","twitter_creator":"@agencia_infra","twitter_site":"@agencia_infra","twitter_misc":{"Escrito por":"Rodrigo Zuquim","Est. tempo de leitura":"7 minutos"},"schema":{"@context":"https:\/\/schema.org","@graph":[{"@type":"Article","@id":"https:\/\/agenciainfra.com\/blog\/leiloes-de-capacidade-dividem-setor-e-colocam-em-duvida-a-separacao-de-lastro-e-energia\/#article","isPartOf":{"@id":"https:\/\/agenciainfra.com\/blog\/leiloes-de-capacidade-dividem-setor-e-colocam-em-duvida-a-separacao-de-lastro-e-energia\/"},"author":{"name":"Rodrigo Zuquim","@id":"https:\/\/agenciainfra.com\/blog\/#\/schema\/person\/04dbb79bd6d8951f063da71f3e4c1eb1"},"headline":"Leil\u00f5es de capacidade dividem setor e colocam em d\u00favida a separa\u00e7\u00e3o de lastro e energia","datePublished":"2021-03-11T11:00:00+00:00","mainEntityOfPage":{"@id":"https:\/\/agenciainfra.com\/blog\/leiloes-de-capacidade-dividem-setor-e-colocam-em-duvida-a-separacao-de-lastro-e-energia\/"},"wordCount":1407,"publisher":{"@id":"https:\/\/agenciainfra.com\/blog\/#organization"},"image":{"@id":"https:\/\/agenciainfra.com\/blog\/leiloes-de-capacidade-dividem-setor-e-colocam-em-duvida-a-separacao-de-lastro-e-energia\/#primaryimage"},"thumbnailUrl":"https:\/\/agenciainfra.com\/blog\/wp-content\/uploads\/2021\/03\/torre-energia-eletrica-foto-dominio-publico-e1773173379405.jpeg","keywords":["Abee\u00f3lica","Abrace","abraget","Amazonas Energia","CP 33","Elbia Gannoum","Empresa de Pesquisa Energ\u00e9tica","energia","epe","Filipe Soares","gera\u00e7\u00e3o t\u00e9rmica","Gustavo De Marchi","inflex\u00edveis","Jo\u00e3o Carlos Mello","lastro","Lei 14.120","leil\u00f5es de capacidade","Luiz Barroso","Minist\u00e9rio de Minas e Energia","moderniza\u00e7\u00e3o","MP 998","nova Lei do G\u00e1s","ONS","Operador Nacional do Sistema El\u00e9trico","PL 4.476\/2020","PLP 414\/2021","PLS 232","PSR","Setor El\u00e9trico","t\u00e9rmicas","Thymos Energia","Xisto Vieira"],"articleSection":["Geral","iNFRAEnergia"],"inLanguage":"pt-BR","copyrightYear":"2021","copyrightHolder":{"@id":"https:\/\/agenciainfra.com\/blog\/#organization"}},{"@type":"WebPage","@id":"https:\/\/agenciainfra.com\/blog\/leiloes-de-capacidade-dividem-setor-e-colocam-em-duvida-a-separacao-de-lastro-e-energia\/","url":"https:\/\/agenciainfra.com\/blog\/leiloes-de-capacidade-dividem-setor-e-colocam-em-duvida-a-separacao-de-lastro-e-energia\/","name":"Leil\u00f5es de capacidade dividem setor e colocam em d\u00favida a separa\u00e7\u00e3o de lastro e energia - Ag\u00eancia iNFRA","isPartOf":{"@id":"https:\/\/agenciainfra.com\/blog\/#website"},"primaryImageOfPage":{"@id":"https:\/\/agenciainfra.com\/blog\/leiloes-de-capacidade-dividem-setor-e-colocam-em-duvida-a-separacao-de-lastro-e-energia\/#primaryimage"},"image":{"@id":"https:\/\/agenciainfra.com\/blog\/leiloes-de-capacidade-dividem-setor-e-colocam-em-duvida-a-separacao-de-lastro-e-energia\/#primaryimage"},"thumbnailUrl":"https:\/\/agenciainfra.com\/blog\/wp-content\/uploads\/2021\/03\/torre-energia-eletrica-foto-dominio-publico-e1773173379405.jpeg","datePublished":"2021-03-11T11:00:00+00:00","breadcrumb":{"@id":"https:\/\/agenciainfra.com\/blog\/leiloes-de-capacidade-dividem-setor-e-colocam-em-duvida-a-separacao-de-lastro-e-energia\/#breadcrumb"},"inLanguage":"pt-BR","potentialAction":[{"@type":"ReadAction","target":["https:\/\/agenciainfra.com\/blog\/leiloes-de-capacidade-dividem-setor-e-colocam-em-duvida-a-separacao-de-lastro-e-energia\/"]}]},{"@type":"ImageObject","inLanguage":"pt-BR","@id":"https:\/\/agenciainfra.com\/blog\/leiloes-de-capacidade-dividem-setor-e-colocam-em-duvida-a-separacao-de-lastro-e-energia\/#primaryimage","url":"https:\/\/agenciainfra.com\/blog\/wp-content\/uploads\/2021\/03\/torre-energia-eletrica-foto-dominio-publico-e1773173379405.jpeg","contentUrl":"https:\/\/agenciainfra.com\/blog\/wp-content\/uploads\/2021\/03\/torre-energia-eletrica-foto-dominio-publico-e1773173379405.jpeg","width":1146,"height":774,"caption":"Foto: Dom\u00ednio P\u00fablico"},{"@type":"BreadcrumbList","@id":"https:\/\/agenciainfra.com\/blog\/leiloes-de-capacidade-dividem-setor-e-colocam-em-duvida-a-separacao-de-lastro-e-energia\/#breadcrumb","itemListElement":[{"@type":"ListItem","position":1,"name":"In\u00edcio","item":"https:\/\/agenciainfra.com\/blog\/"},{"@type":"ListItem","position":2,"name":"Leil\u00f5es de capacidade dividem setor e colocam em d\u00favida a separa\u00e7\u00e3o de lastro e energia"}]},{"@type":"WebSite","@id":"https:\/\/agenciainfra.com\/blog\/#website","url":"https:\/\/agenciainfra.com\/blog\/","name":"Ag\u00eancia iNFRA","description":"Multiplataforma de informa\u00e7\u00e3o jornal\u00edstica refer\u00eancia na \u00e1rea de infraestrutura no Brasil!","publisher":{"@id":"https:\/\/agenciainfra.com\/blog\/#organization"},"potentialAction":[{"@type":"SearchAction","target":{"@type":"EntryPoint","urlTemplate":"https:\/\/agenciainfra.com\/blog\/?s={search_term_string}"},"query-input":{"@type":"PropertyValueSpecification","valueRequired":true,"valueName":"search_term_string"}}],"inLanguage":"pt-BR"},{"@type":"Organization","@id":"https:\/\/agenciainfra.com\/blog\/#organization","name":"Ag\u00eancia iNFRA","url":"https:\/\/agenciainfra.com\/blog\/","logo":{"@type":"ImageObject","inLanguage":"pt-BR","@id":"https:\/\/agenciainfra.com\/blog\/#\/schema\/logo\/image\/","url":"https:\/\/agenciainfra.com\/blog\/wp-content\/uploads\/2023\/09\/iNFRA_5-e1761735885940.png","contentUrl":"https:\/\/agenciainfra.com\/blog\/wp-content\/uploads\/2023\/09\/iNFRA_5-e1761735885940.png","width":1672,"height":454,"caption":"Ag\u00eancia iNFRA"},"image":{"@id":"https:\/\/agenciainfra.com\/blog\/#\/schema\/logo\/image\/"},"sameAs":["https:\/\/www.facebook.com\/ageninfra","https:\/\/x.com\/agencia_infra","https:\/\/www.linkedin.com\/company\/ag\u00eanciainfra\/","https:\/\/www.instagram.com\/agenciainfra\/"]},{"@type":"Person","@id":"https:\/\/agenciainfra.com\/blog\/#\/schema\/person\/04dbb79bd6d8951f063da71f3e4c1eb1","name":"Rodrigo Zuquim","image":{"@type":"ImageObject","inLanguage":"pt-BR","@id":"https:\/\/agenciainfra.com\/blog\/#\/schema\/person\/image\/","url":"https:\/\/secure.gravatar.com\/avatar\/594abfe82761d620726242ff34ca472a705a4b97f16c790053a6b4c4035274d0?s=96&d=mm&r=g","contentUrl":"https:\/\/secure.gravatar.com\/avatar\/594abfe82761d620726242ff34ca472a705a4b97f16c790053a6b4c4035274d0?s=96&d=mm&r=g","caption":"Rodrigo Zuquim"},"url":"https:\/\/agenciainfra.com\/blog\/author\/rodrigo-zuquim\/"}]}},"_links":{"self":[{"href":"https:\/\/agenciainfra.com\/blog\/wp-json\/wp\/v2\/posts\/6888","targetHints":{"allow":["GET"]}}],"collection":[{"href":"https:\/\/agenciainfra.com\/blog\/wp-json\/wp\/v2\/posts"}],"about":[{"href":"https:\/\/agenciainfra.com\/blog\/wp-json\/wp\/v2\/types\/post"}],"author":[{"embeddable":true,"href":"https:\/\/agenciainfra.com\/blog\/wp-json\/wp\/v2\/users\/9"}],"replies":[{"embeddable":true,"href":"https:\/\/agenciainfra.com\/blog\/wp-json\/wp\/v2\/comments?post=6888"}],"version-history":[{"count":0,"href":"https:\/\/agenciainfra.com\/blog\/wp-json\/wp\/v2\/posts\/6888\/revisions"}],"wp:featuredmedia":[{"embeddable":true,"href":"https:\/\/agenciainfra.com\/blog\/wp-json\/wp\/v2\/media\/6889"}],"wp:attachment":[{"href":"https:\/\/agenciainfra.com\/blog\/wp-json\/wp\/v2\/media?parent=6888"}],"wp:term":[{"taxonomy":"category","embeddable":true,"href":"https:\/\/agenciainfra.com\/blog\/wp-json\/wp\/v2\/categories?post=6888"},{"taxonomy":"post_tag","embeddable":true,"href":"https:\/\/agenciainfra.com\/blog\/wp-json\/wp\/v2\/tags?post=6888"}],"curies":[{"name":"wp","href":"https:\/\/api.w.org\/{rel}","templated":true}]}}