{"id":6894,"date":"2021-03-12T08:00:00","date_gmt":"2021-03-12T11:00:00","guid":{"rendered":"https:\/\/www.agenciainfra.com\/blog\/?p=6894"},"modified":"2021-03-11T12:52:56","modified_gmt":"2021-03-11T15:52:56","slug":"anac-abre-consulta-publica-para-1a-relicitacao-aeroportuaria","status":"publish","type":"post","link":"https:\/\/agenciainfra.com\/blog\/anac-abre-consulta-publica-para-1a-relicitacao-aeroportuaria\/","title":{"rendered":"ANAC abre consulta p\u00fablica para 1\u00aa relicita\u00e7\u00e3o aeroportu\u00e1ria"},"content":{"rendered":"\n<hr class=\"wp-block-separator\"\/>\n\n\n\n<p class=\"has-text-align-right\"><strong>Gabriel Tabatcheik e Dimmi Amora, da\u00a0Ag\u00eancia iNFRA<\/strong><\/p>\n\n\n\n<p>A diretoria da ANAC (Ag\u00eancia Nacional de Avia\u00e7\u00e3o Civil)\u00a0aprovou abertura de consulta p\u00fablica para a relicita\u00e7\u00e3o do aeroporto de S\u00e3o Gon\u00e7alo do Amarante (RN). O per\u00edodo para envio de contribui\u00e7\u00f5es ser\u00e1 de 45 dias. A decis\u00e3o se deu durante a reuni\u00e3o do colegiado realizada na \u00faltima ter\u00e7a-feira (9).<\/p>\n\n\n\n<p>A relicita\u00e7\u00e3o consiste na devolu\u00e7\u00e3o amig\u00e1vel de um ativo e posterior realiza\u00e7\u00e3o de novo leil\u00e3o e assinatura de contrato de concess\u00e3o com o vencedor. Pela lei, a concession\u00e1ria atual dever\u00e1 manter padr\u00f5es de qualidade e requisitos de seguran\u00e7a at\u00e9 que o novo administrador assuma a responsabilidade pelo aeroporto.&nbsp;<\/p>\n\n\n\n<p>S\u00e3o Gon\u00e7alo do Amarante foi o primeiro aeroporto desestatizado, no ano de 2011. E tamb\u00e9m \u00e9 o primeiro procedimento de relicita\u00e7\u00e3o regulado pela Lei 13.448\/2017 a chegar a fase de audi\u00eancia p\u00fablica. Segundo o diretor relator, Juliano Noman, o processo tem como ponto de partida os documentos jur\u00eddicos da sexta rodada de concess\u00f5es.<\/p>\n\n\n\n<p>&#8220;Portanto, foram mantidas as propostas de melhoria regulat\u00f3ria incorporados \u00e0 \u00faltima rodada e j\u00e1 avaliadas pelo TCU [Tribunal de Contas da Uni\u00e3o]&#8221;, definiu o relator do processo&nbsp;00058.006815\/2021-70.<\/p>\n\n\n\n<p>As principais altera\u00e7\u00f5es da minuta de edital dizem respeito \u00e0 mudan\u00e7a da forma de pagamento da contribui\u00e7\u00e3o inicial, inclus\u00e3o de cl\u00e1usula que impede a participa\u00e7\u00e3o da atual concession\u00e1ria e de seus acionistas no certame, exclus\u00e3o da lista de bens a serem necessariamente transferidos pela operadora atual \u00e0 nova concession\u00e1ria, sub-roga\u00e7\u00e3o dos contratos em conson\u00e2ncia com o termo aditivo de relicita\u00e7\u00e3o, receita-teto por passageiro aplic\u00e1vel \u00e0s atividades de embarque, conex\u00e3o, pouso e perman\u00eancia de opera\u00e7\u00f5es.<\/p>\n\n\n\n<p><strong>Estimativa inicial de outorga m\u00ednima \u00e9 de R$ 230 milh\u00f5es<\/strong><br>Na proposta para a relicita\u00e7\u00e3o do aeroporto, o valor estimado para a outorga m\u00ednima a ser paga pelo vencedor foi calculada na casa dos\u00a0R$ 230 milh\u00f5es.<\/p>\n\n\n\n<p>Esse valor ainda deve passar por mudan\u00e7as, j\u00e1 que o processo de consulta p\u00fablica&nbsp;e a posterior an\u00e1lise do TCU (Tribunal de Contas da Uni\u00e3o), em geral, fazem com que itens da planilha de custos sejam alterados, o que modifica os valores de outorga.<\/p>\n\n\n\n<p>De acordo com o diretor Tiago Pereira, ainda n\u00e3o est\u00e1 calculado o valor que a concession\u00e1ria do aeroporto, controlada pela Infram\u00e9rica, ter\u00e1 a receber como indeniza\u00e7\u00e3o pelos ativos n\u00e3o amortizados ao deixar a concess\u00e3o.<\/p>\n\n\n\n<p>Segundo ele, uma equipe com mais de 10 servidores da ag\u00eancia analisa no momento item a item de gasto&nbsp;para identificar o que efetivamente vai entrar no rol de ativos e os valores de investimentos, o que vai definir o valor a receber, ap\u00f3s os descontos que ser\u00e3o aplicados (como o pagamento da outorga anual postergada pela Covid-19, por exemplo).<\/p>\n\n\n\n<p>Isso vai gerar um valor de indeniza\u00e7\u00e3o chamado de incontroverso, com a concord\u00e2ncia de ambos. Caso a concession\u00e1ria entenda que tem direito a valores maiores ou outras indeniza\u00e7\u00f5es, isso ser\u00e1 tratado em arbitragem&nbsp;e sem impacto na nova concess\u00e3o.<\/p>\n\n\n\n<p>No processo de concess\u00e3o, a previs\u00e3o de investimentos iniciais era de R$ 375 milh\u00f5es (valores da \u00e9poca, sem atualiza\u00e7\u00e3o monet\u00e1ria). Na inaugura\u00e7\u00e3o do terminal, que foi constru\u00eddo pela Infram\u00e9rica (a pista foi entregue pelo governo), a companhia informou ter gasto R$ 500 milh\u00f5es.<\/p>\n\n\n\n<p><strong>Prote\u00e7\u00e3o dos investimentos<\/strong><br>Pereira explicou que a ag\u00eancia previu no novo contrato um mecanismo para proteger tanto a concession\u00e1ria que entra como a que sai. Caso o valor da outorga do vencedor da relicita\u00e7\u00e3o seja suficiente para pagar a indeniza\u00e7\u00e3o, que estar\u00e1 definida antes do contrato assinado, a nova concession\u00e1ria paga e a antiga sai.<\/p>\n\n\n\n<p>Caso o valor ofertado na outorga seja abaixo da indeniza\u00e7\u00e3o prevista, o governo ter\u00e1 que complementar com recursos pr\u00f3prios (do Fundo Nacional de Avia\u00e7\u00e3o Civil), pagando antes de a nova concession\u00e1ria fazer sua parte do desembolso.&nbsp;<\/p>\n\n\n\n<p>O diretor Pereira afirmou que os estudos mostraram que o aeroporto \u00e9 vi\u00e1vel economicamente e um bom ativo para uma concess\u00e3o e pode aumentar em muito o valor do ativo. As regras s\u00e3o semelhantes \u00e0s das concess\u00f5es que est\u00e3o sendo feitas no momento.&nbsp;<\/p>\n\n\n\n<p>O pagamento da outorga, por exemplo, ter\u00e1 car\u00eancia de cinco anos e uma rampa que come\u00e7a&nbsp;com 2,15% do faturamento e chega a 10,75% no 9\u00ba ano, e nesse patamar permanece no&nbsp;contrato de 30 anos. O aeroporto est\u00e1 pronto para operar, e os investimentos s\u00f3 ser\u00e3o feitos se houver necessidade, j\u00e1 que ele est\u00e1 no modelo de &#8220;gatilho&#8221;.<\/p>\n\n\n\n<p>&#8220;\u00c9 uma concess\u00e3o com potencial para atrair investidor grande&#8221;, afirmou Pereira.<\/p>\n\n\n\n<p><strong>Discuss\u00e3o desde a Lei 13.448\/2017<\/strong><br>Parece uma contradi\u00e7\u00e3o que um\u00a0ativo que est\u00e1 sendo devolvido tenha viabilidade, mas o diretor explica que, por ter sido a primeira concess\u00e3o aeroportu\u00e1ria, o Aeroporto de S\u00e3o Gon\u00e7alo do Amarante tem dispositivos no contrato que n\u00e3o foram repetidos em nenhum outro. \u00c9 o caso da opera\u00e7\u00e3o pelo concession\u00e1rio da torre de controle, que na nova concess\u00e3o passar\u00e1 para a NAV Brasil, estatal criada para essa finalidade.<\/p>\n\n\n\n<p>Ele acredita que o processo de relicita\u00e7\u00e3o \u00e9 um ganha-ganha, e, no caso do aeroporto, o governo aceitou a devolu\u00e7\u00e3o porque entendeu ser o caminho que protegia os usu\u00e1rios e poderia\u00a0trazer inova\u00e7\u00f5es ao contrato para torn\u00e1-lo melhor, corrigindo erros.<\/p>\n\n\n\n<p>Pereira lembrou que desde a aprova\u00e7\u00e3o da Lei 13.448\/2017 h\u00e1 debates sobre se ela n\u00e3o estimularia&nbsp;comportamentos aventureiros de licitantes para fazer propostas agressivas e sair antes de completar o contrato, se enxergarem que ter\u00e3o preju\u00edzo. Para ele, n\u00e3o haveria esse risco no caso dos aeroportos.<\/p>\n\n\n\n<p>O diretor lembra que os investimentos iniciais s\u00e3o muito pesados, as outorgas s\u00e3o pagas antes (e n\u00e3o s\u00e3o indeniz\u00e1veis) e o poder p\u00fablico sempre pode negar a devolu\u00e7\u00e3o se considerar que n\u00e3o h\u00e1 interesse p\u00fablico.<\/p>\n\n\n\n<p>&#8220;\u00c9 um risco muito elevado para se assumir&#8221;, avaliou Pereira.<\/p>\n\n\n\n<p><strong>Trabalho colaborativo<\/strong><br>Segundo o diretor da ANAC, o fato de a relicita\u00e7\u00e3o estar andando em alta velocidade \u2013 o empreendimento foi qualificado no PPI (Programa de Parcerias de Investimentos) para relicita\u00e7\u00e3o em junho de 2020 e em menos de um ano j\u00e1 est\u00e1 com audi\u00eancia lan\u00e7ada \u2013 se deve tamb\u00e9m ao bom relacionamento que a Infram\u00e9rica vem tendo com os \u00f3rg\u00e3os p\u00fablicos ao longo do procedimento.<\/p>\n\n\n\n<p>Segundo ele, a empresa tem sido colaborativa e em nenhum momento criou qualquer dificuldade para o acesso a dados ou informa\u00e7\u00f5es sobre a unidade, o que acelera os trabalhos.<\/p>\n","protected":false},"excerpt":{"rendered":"<p>Gabriel Tabatcheik e Dimmi Amora, da\u00a0Ag\u00eancia iNFRA A diretoria da ANAC (Ag\u00eancia Nacional de Avia\u00e7\u00e3o Civil)\u00a0aprovou abertura de consulta p\u00fablica para a relicita\u00e7\u00e3o do aeroporto de S\u00e3o Gon\u00e7alo do Amarante (RN). O per\u00edodo para envio de contribui\u00e7\u00f5es ser\u00e1 de 45 dias. A decis\u00e3o se deu durante a reuni\u00e3o do colegiado realizada na \u00faltima ter\u00e7a-feira (9). [&hellip;]<\/p>\n","protected":false},"author":9,"featured_media":6895,"comment_status":"closed","ping_status":"closed","sticky":false,"template":"","format":"standard","meta":{"_monsterinsights_skip_tracking":false,"_monsterinsights_sitenote_active":false,"_monsterinsights_sitenote_note":"","_monsterinsights_sitenote_category":0,"footnotes":""},"categories":[1,7],"tags":[1787,60,3256,242,22,3548,345,3363,573,3725,32,511,525,781,317,36,1027,18,1376],"class_list":["post-6894","post","type-post","status-publish","format-standard","has-post-thumbnail","hentry","category-geral","category-infratransporte","tag-6a-rodada","tag-aeroporto","tag-aeroporto-de-sao-goncalo-do-amarante","tag-anac","tag-concessao","tag-concessionaria","tag-consulta-publica","tag-fundo-nacional-de-aviacao-civil","tag-indenizacao","tag-inframerica-2","tag-investimentos","tag-juliano-noman","tag-lei-13-448-2017","tag-nav-brasil","tag-outorga","tag-ppi","tag-relicitacao","tag-tcu","tag-tiago-pereira"],"yoast_head":"<!-- This site is optimized with the Yoast SEO Premium plugin v25.4 (Yoast SEO v26.0) - https:\/\/yoast.com\/wordpress\/plugins\/seo\/ -->\n<title>ANAC abre consulta p\u00fablica para 1\u00aa relicita\u00e7\u00e3o aeroportu\u00e1ria - Ag\u00eancia iNFRA<\/title>\n<meta name=\"robots\" content=\"index, follow, max-snippet:-1, max-image-preview:large, max-video-preview:-1\" \/>\n<link rel=\"canonical\" href=\"https:\/\/agenciainfra.com\/blog\/anac-abre-consulta-publica-para-1a-relicitacao-aeroportuaria\/\" \/>\n<meta property=\"og:locale\" content=\"pt_BR\" \/>\n<meta property=\"og:type\" content=\"article\" \/>\n<meta property=\"og:title\" content=\"ANAC abre consulta p\u00fablica para 1\u00aa relicita\u00e7\u00e3o aeroportu\u00e1ria\" \/>\n<meta property=\"og:description\" content=\"Gabriel Tabatcheik e Dimmi Amora, da\u00a0Ag\u00eancia iNFRA A diretoria da ANAC (Ag\u00eancia Nacional de Avia\u00e7\u00e3o Civil)\u00a0aprovou abertura de consulta p\u00fablica para a relicita\u00e7\u00e3o do aeroporto de S\u00e3o Gon\u00e7alo do Amarante (RN). O per\u00edodo para envio de contribui\u00e7\u00f5es ser\u00e1 de 45 dias. A decis\u00e3o se deu durante a reuni\u00e3o do colegiado realizada na \u00faltima ter\u00e7a-feira (9). [&hellip;]\" \/>\n<meta property=\"og:url\" content=\"https:\/\/agenciainfra.com\/blog\/anac-abre-consulta-publica-para-1a-relicitacao-aeroportuaria\/\" \/>\n<meta property=\"og:site_name\" content=\"Ag\u00eancia iNFRA\" \/>\n<meta property=\"article:publisher\" content=\"https:\/\/www.facebook.com\/ageninfra\" \/>\n<meta property=\"article:published_time\" content=\"2021-03-12T11:00:00+00:00\" \/>\n<meta property=\"og:image\" content=\"https:\/\/agenciainfra.com\/blog\/wp-content\/uploads\/2021\/03\/aeroporto-sao-goncalo-do-amarante-foto-prefeitura-sao-goncalo-do-amarante.jpeg\" \/>\n\t<meta property=\"og:image:width\" content=\"1280\" \/>\n\t<meta property=\"og:image:height\" content=\"854\" \/>\n\t<meta property=\"og:image:type\" content=\"image\/jpeg\" \/>\n<meta name=\"author\" content=\"Rodrigo Zuquim\" \/>\n<meta name=\"twitter:card\" content=\"summary_large_image\" \/>\n<meta name=\"twitter:creator\" content=\"@agencia_infra\" \/>\n<meta name=\"twitter:site\" content=\"@agencia_infra\" \/>\n<meta name=\"twitter:label1\" content=\"Escrito por\" \/>\n\t<meta name=\"twitter:data1\" content=\"Rodrigo Zuquim\" \/>\n\t<meta name=\"twitter:label2\" content=\"Est. tempo de leitura\" \/>\n\t<meta name=\"twitter:data2\" content=\"6 minutos\" \/>\n<script type=\"application\/ld+json\" class=\"yoast-schema-graph\">{\"@context\":\"https:\/\/schema.org\",\"@graph\":[{\"@type\":\"Article\",\"@id\":\"https:\/\/agenciainfra.com\/blog\/anac-abre-consulta-publica-para-1a-relicitacao-aeroportuaria\/#article\",\"isPartOf\":{\"@id\":\"https:\/\/agenciainfra.com\/blog\/anac-abre-consulta-publica-para-1a-relicitacao-aeroportuaria\/\"},\"author\":{\"name\":\"Rodrigo Zuquim\",\"@id\":\"https:\/\/agenciainfra.com\/blog\/#\/schema\/person\/04dbb79bd6d8951f063da71f3e4c1eb1\"},\"headline\":\"ANAC abre consulta p\u00fablica para 1\u00aa relicita\u00e7\u00e3o aeroportu\u00e1ria\",\"datePublished\":\"2021-03-12T11:00:00+00:00\",\"mainEntityOfPage\":{\"@id\":\"https:\/\/agenciainfra.com\/blog\/anac-abre-consulta-publica-para-1a-relicitacao-aeroportuaria\/\"},\"wordCount\":1147,\"publisher\":{\"@id\":\"https:\/\/agenciainfra.com\/blog\/#organization\"},\"image\":{\"@id\":\"https:\/\/agenciainfra.com\/blog\/anac-abre-consulta-publica-para-1a-relicitacao-aeroportuaria\/#primaryimage\"},\"thumbnailUrl\":\"https:\/\/agenciainfra.com\/blog\/wp-content\/uploads\/2021\/03\/aeroporto-sao-goncalo-do-amarante-foto-prefeitura-sao-goncalo-do-amarante.jpeg\",\"keywords\":[\"6\u00aa Rodada\",\"aeroporto\",\"Aeroporto de S\u00e3o Gon\u00e7alo do Amarante\",\"ANAC\",\"Concess\u00e3o\",\"concession\u00e1ria\",\"consulta p\u00fablica\",\"Fundo Nacional de Avia\u00e7\u00e3o Civil\",\"indeniza\u00e7\u00e3o\",\"Infram\u00e9rica\",\"Investimentos\",\"Juliano Noman\",\"Lei 13.448\/2017\",\"NAV Brasil\",\"outorga\",\"PPI\",\"relicita\u00e7\u00e3o\",\"TCU\",\"Tiago Pereira\"],\"articleSection\":[\"Geral\",\"iNFRATransporte\"],\"inLanguage\":\"pt-BR\",\"copyrightYear\":\"2021\",\"copyrightHolder\":{\"@id\":\"https:\/\/agenciainfra.com\/blog\/#organization\"}},{\"@type\":\"WebPage\",\"@id\":\"https:\/\/agenciainfra.com\/blog\/anac-abre-consulta-publica-para-1a-relicitacao-aeroportuaria\/\",\"url\":\"https:\/\/agenciainfra.com\/blog\/anac-abre-consulta-publica-para-1a-relicitacao-aeroportuaria\/\",\"name\":\"ANAC abre consulta p\u00fablica para 1\u00aa relicita\u00e7\u00e3o aeroportu\u00e1ria - Ag\u00eancia iNFRA\",\"isPartOf\":{\"@id\":\"https:\/\/agenciainfra.com\/blog\/#website\"},\"primaryImageOfPage\":{\"@id\":\"https:\/\/agenciainfra.com\/blog\/anac-abre-consulta-publica-para-1a-relicitacao-aeroportuaria\/#primaryimage\"},\"image\":{\"@id\":\"https:\/\/agenciainfra.com\/blog\/anac-abre-consulta-publica-para-1a-relicitacao-aeroportuaria\/#primaryimage\"},\"thumbnailUrl\":\"https:\/\/agenciainfra.com\/blog\/wp-content\/uploads\/2021\/03\/aeroporto-sao-goncalo-do-amarante-foto-prefeitura-sao-goncalo-do-amarante.jpeg\",\"datePublished\":\"2021-03-12T11:00:00+00:00\",\"breadcrumb\":{\"@id\":\"https:\/\/agenciainfra.com\/blog\/anac-abre-consulta-publica-para-1a-relicitacao-aeroportuaria\/#breadcrumb\"},\"inLanguage\":\"pt-BR\",\"potentialAction\":[{\"@type\":\"ReadAction\",\"target\":[\"https:\/\/agenciainfra.com\/blog\/anac-abre-consulta-publica-para-1a-relicitacao-aeroportuaria\/\"]}]},{\"@type\":\"ImageObject\",\"inLanguage\":\"pt-BR\",\"@id\":\"https:\/\/agenciainfra.com\/blog\/anac-abre-consulta-publica-para-1a-relicitacao-aeroportuaria\/#primaryimage\",\"url\":\"https:\/\/agenciainfra.com\/blog\/wp-content\/uploads\/2021\/03\/aeroporto-sao-goncalo-do-amarante-foto-prefeitura-sao-goncalo-do-amarante.jpeg\",\"contentUrl\":\"https:\/\/agenciainfra.com\/blog\/wp-content\/uploads\/2021\/03\/aeroporto-sao-goncalo-do-amarante-foto-prefeitura-sao-goncalo-do-amarante.jpeg\",\"width\":1280,\"height\":854,\"caption\":\"Foto: Prefeitura de S\u00e3o Gon\u00e7alo do Amarante\"},{\"@type\":\"BreadcrumbList\",\"@id\":\"https:\/\/agenciainfra.com\/blog\/anac-abre-consulta-publica-para-1a-relicitacao-aeroportuaria\/#breadcrumb\",\"itemListElement\":[{\"@type\":\"ListItem\",\"position\":1,\"name\":\"In\u00edcio\",\"item\":\"https:\/\/agenciainfra.com\/blog\/\"},{\"@type\":\"ListItem\",\"position\":2,\"name\":\"ANAC abre consulta p\u00fablica para 1\u00aa relicita\u00e7\u00e3o aeroportu\u00e1ria\"}]},{\"@type\":\"WebSite\",\"@id\":\"https:\/\/agenciainfra.com\/blog\/#website\",\"url\":\"https:\/\/agenciainfra.com\/blog\/\",\"name\":\"Ag\u00eancia iNFRA\",\"description\":\"Multiplataforma de informa\u00e7\u00e3o jornal\u00edstica refer\u00eancia na \u00e1rea de infraestrutura no Brasil!\",\"publisher\":{\"@id\":\"https:\/\/agenciainfra.com\/blog\/#organization\"},\"potentialAction\":[{\"@type\":\"SearchAction\",\"target\":{\"@type\":\"EntryPoint\",\"urlTemplate\":\"https:\/\/agenciainfra.com\/blog\/?s={search_term_string}\"},\"query-input\":{\"@type\":\"PropertyValueSpecification\",\"valueRequired\":true,\"valueName\":\"search_term_string\"}}],\"inLanguage\":\"pt-BR\"},{\"@type\":\"Organization\",\"@id\":\"https:\/\/agenciainfra.com\/blog\/#organization\",\"name\":\"Ag\u00eancia iNFRA\",\"url\":\"https:\/\/agenciainfra.com\/blog\/\",\"logo\":{\"@type\":\"ImageObject\",\"inLanguage\":\"pt-BR\",\"@id\":\"https:\/\/agenciainfra.com\/blog\/#\/schema\/logo\/image\/\",\"url\":\"https:\/\/agenciainfra.com\/blog\/wp-content\/uploads\/2023\/09\/iNFRA_5-e1761735885940.png\",\"contentUrl\":\"https:\/\/agenciainfra.com\/blog\/wp-content\/uploads\/2023\/09\/iNFRA_5-e1761735885940.png\",\"width\":1672,\"height\":454,\"caption\":\"Ag\u00eancia iNFRA\"},\"image\":{\"@id\":\"https:\/\/agenciainfra.com\/blog\/#\/schema\/logo\/image\/\"},\"sameAs\":[\"https:\/\/www.facebook.com\/ageninfra\",\"https:\/\/x.com\/agencia_infra\",\"https:\/\/www.linkedin.com\/company\/ag\u00eanciainfra\/\",\"https:\/\/www.instagram.com\/agenciainfra\/\"]},{\"@type\":\"Person\",\"@id\":\"https:\/\/agenciainfra.com\/blog\/#\/schema\/person\/04dbb79bd6d8951f063da71f3e4c1eb1\",\"name\":\"Rodrigo Zuquim\",\"image\":{\"@type\":\"ImageObject\",\"inLanguage\":\"pt-BR\",\"@id\":\"https:\/\/agenciainfra.com\/blog\/#\/schema\/person\/image\/\",\"url\":\"https:\/\/secure.gravatar.com\/avatar\/594abfe82761d620726242ff34ca472a705a4b97f16c790053a6b4c4035274d0?s=96&d=mm&r=g\",\"contentUrl\":\"https:\/\/secure.gravatar.com\/avatar\/594abfe82761d620726242ff34ca472a705a4b97f16c790053a6b4c4035274d0?s=96&d=mm&r=g\",\"caption\":\"Rodrigo Zuquim\"},\"url\":\"https:\/\/agenciainfra.com\/blog\/author\/rodrigo-zuquim\/\"}]}<\/script>\n<!-- \/ Yoast SEO Premium plugin. -->","yoast_head_json":{"title":"ANAC abre consulta p\u00fablica para 1\u00aa relicita\u00e7\u00e3o aeroportu\u00e1ria - Ag\u00eancia iNFRA","robots":{"index":"index","follow":"follow","max-snippet":"max-snippet:-1","max-image-preview":"max-image-preview:large","max-video-preview":"max-video-preview:-1"},"canonical":"https:\/\/agenciainfra.com\/blog\/anac-abre-consulta-publica-para-1a-relicitacao-aeroportuaria\/","og_locale":"pt_BR","og_type":"article","og_title":"ANAC abre consulta p\u00fablica para 1\u00aa relicita\u00e7\u00e3o aeroportu\u00e1ria","og_description":"Gabriel Tabatcheik e Dimmi Amora, da\u00a0Ag\u00eancia iNFRA A diretoria da ANAC (Ag\u00eancia Nacional de Avia\u00e7\u00e3o Civil)\u00a0aprovou abertura de consulta p\u00fablica para a relicita\u00e7\u00e3o do aeroporto de S\u00e3o Gon\u00e7alo do Amarante (RN). O per\u00edodo para envio de contribui\u00e7\u00f5es ser\u00e1 de 45 dias. A decis\u00e3o se deu durante a reuni\u00e3o do colegiado realizada na \u00faltima ter\u00e7a-feira (9). [&hellip;]","og_url":"https:\/\/agenciainfra.com\/blog\/anac-abre-consulta-publica-para-1a-relicitacao-aeroportuaria\/","og_site_name":"Ag\u00eancia iNFRA","article_publisher":"https:\/\/www.facebook.com\/ageninfra","article_published_time":"2021-03-12T11:00:00+00:00","og_image":[{"width":1280,"height":854,"url":"https:\/\/agenciainfra.com\/blog\/wp-content\/uploads\/2021\/03\/aeroporto-sao-goncalo-do-amarante-foto-prefeitura-sao-goncalo-do-amarante.jpeg","type":"image\/jpeg"}],"author":"Rodrigo Zuquim","twitter_card":"summary_large_image","twitter_creator":"@agencia_infra","twitter_site":"@agencia_infra","twitter_misc":{"Escrito por":"Rodrigo Zuquim","Est. tempo de leitura":"6 minutos"},"schema":{"@context":"https:\/\/schema.org","@graph":[{"@type":"Article","@id":"https:\/\/agenciainfra.com\/blog\/anac-abre-consulta-publica-para-1a-relicitacao-aeroportuaria\/#article","isPartOf":{"@id":"https:\/\/agenciainfra.com\/blog\/anac-abre-consulta-publica-para-1a-relicitacao-aeroportuaria\/"},"author":{"name":"Rodrigo Zuquim","@id":"https:\/\/agenciainfra.com\/blog\/#\/schema\/person\/04dbb79bd6d8951f063da71f3e4c1eb1"},"headline":"ANAC abre consulta p\u00fablica para 1\u00aa relicita\u00e7\u00e3o aeroportu\u00e1ria","datePublished":"2021-03-12T11:00:00+00:00","mainEntityOfPage":{"@id":"https:\/\/agenciainfra.com\/blog\/anac-abre-consulta-publica-para-1a-relicitacao-aeroportuaria\/"},"wordCount":1147,"publisher":{"@id":"https:\/\/agenciainfra.com\/blog\/#organization"},"image":{"@id":"https:\/\/agenciainfra.com\/blog\/anac-abre-consulta-publica-para-1a-relicitacao-aeroportuaria\/#primaryimage"},"thumbnailUrl":"https:\/\/agenciainfra.com\/blog\/wp-content\/uploads\/2021\/03\/aeroporto-sao-goncalo-do-amarante-foto-prefeitura-sao-goncalo-do-amarante.jpeg","keywords":["6\u00aa Rodada","aeroporto","Aeroporto de S\u00e3o Gon\u00e7alo do Amarante","ANAC","Concess\u00e3o","concession\u00e1ria","consulta p\u00fablica","Fundo Nacional de Avia\u00e7\u00e3o Civil","indeniza\u00e7\u00e3o","Infram\u00e9rica","Investimentos","Juliano Noman","Lei 13.448\/2017","NAV Brasil","outorga","PPI","relicita\u00e7\u00e3o","TCU","Tiago Pereira"],"articleSection":["Geral","iNFRATransporte"],"inLanguage":"pt-BR","copyrightYear":"2021","copyrightHolder":{"@id":"https:\/\/agenciainfra.com\/blog\/#organization"}},{"@type":"WebPage","@id":"https:\/\/agenciainfra.com\/blog\/anac-abre-consulta-publica-para-1a-relicitacao-aeroportuaria\/","url":"https:\/\/agenciainfra.com\/blog\/anac-abre-consulta-publica-para-1a-relicitacao-aeroportuaria\/","name":"ANAC abre consulta p\u00fablica para 1\u00aa relicita\u00e7\u00e3o aeroportu\u00e1ria - Ag\u00eancia iNFRA","isPartOf":{"@id":"https:\/\/agenciainfra.com\/blog\/#website"},"primaryImageOfPage":{"@id":"https:\/\/agenciainfra.com\/blog\/anac-abre-consulta-publica-para-1a-relicitacao-aeroportuaria\/#primaryimage"},"image":{"@id":"https:\/\/agenciainfra.com\/blog\/anac-abre-consulta-publica-para-1a-relicitacao-aeroportuaria\/#primaryimage"},"thumbnailUrl":"https:\/\/agenciainfra.com\/blog\/wp-content\/uploads\/2021\/03\/aeroporto-sao-goncalo-do-amarante-foto-prefeitura-sao-goncalo-do-amarante.jpeg","datePublished":"2021-03-12T11:00:00+00:00","breadcrumb":{"@id":"https:\/\/agenciainfra.com\/blog\/anac-abre-consulta-publica-para-1a-relicitacao-aeroportuaria\/#breadcrumb"},"inLanguage":"pt-BR","potentialAction":[{"@type":"ReadAction","target":["https:\/\/agenciainfra.com\/blog\/anac-abre-consulta-publica-para-1a-relicitacao-aeroportuaria\/"]}]},{"@type":"ImageObject","inLanguage":"pt-BR","@id":"https:\/\/agenciainfra.com\/blog\/anac-abre-consulta-publica-para-1a-relicitacao-aeroportuaria\/#primaryimage","url":"https:\/\/agenciainfra.com\/blog\/wp-content\/uploads\/2021\/03\/aeroporto-sao-goncalo-do-amarante-foto-prefeitura-sao-goncalo-do-amarante.jpeg","contentUrl":"https:\/\/agenciainfra.com\/blog\/wp-content\/uploads\/2021\/03\/aeroporto-sao-goncalo-do-amarante-foto-prefeitura-sao-goncalo-do-amarante.jpeg","width":1280,"height":854,"caption":"Foto: Prefeitura de S\u00e3o Gon\u00e7alo do Amarante"},{"@type":"BreadcrumbList","@id":"https:\/\/agenciainfra.com\/blog\/anac-abre-consulta-publica-para-1a-relicitacao-aeroportuaria\/#breadcrumb","itemListElement":[{"@type":"ListItem","position":1,"name":"In\u00edcio","item":"https:\/\/agenciainfra.com\/blog\/"},{"@type":"ListItem","position":2,"name":"ANAC abre consulta p\u00fablica para 1\u00aa relicita\u00e7\u00e3o aeroportu\u00e1ria"}]},{"@type":"WebSite","@id":"https:\/\/agenciainfra.com\/blog\/#website","url":"https:\/\/agenciainfra.com\/blog\/","name":"Ag\u00eancia iNFRA","description":"Multiplataforma de informa\u00e7\u00e3o jornal\u00edstica refer\u00eancia na \u00e1rea de infraestrutura no Brasil!","publisher":{"@id":"https:\/\/agenciainfra.com\/blog\/#organization"},"potentialAction":[{"@type":"SearchAction","target":{"@type":"EntryPoint","urlTemplate":"https:\/\/agenciainfra.com\/blog\/?s={search_term_string}"},"query-input":{"@type":"PropertyValueSpecification","valueRequired":true,"valueName":"search_term_string"}}],"inLanguage":"pt-BR"},{"@type":"Organization","@id":"https:\/\/agenciainfra.com\/blog\/#organization","name":"Ag\u00eancia iNFRA","url":"https:\/\/agenciainfra.com\/blog\/","logo":{"@type":"ImageObject","inLanguage":"pt-BR","@id":"https:\/\/agenciainfra.com\/blog\/#\/schema\/logo\/image\/","url":"https:\/\/agenciainfra.com\/blog\/wp-content\/uploads\/2023\/09\/iNFRA_5-e1761735885940.png","contentUrl":"https:\/\/agenciainfra.com\/blog\/wp-content\/uploads\/2023\/09\/iNFRA_5-e1761735885940.png","width":1672,"height":454,"caption":"Ag\u00eancia iNFRA"},"image":{"@id":"https:\/\/agenciainfra.com\/blog\/#\/schema\/logo\/image\/"},"sameAs":["https:\/\/www.facebook.com\/ageninfra","https:\/\/x.com\/agencia_infra","https:\/\/www.linkedin.com\/company\/ag\u00eanciainfra\/","https:\/\/www.instagram.com\/agenciainfra\/"]},{"@type":"Person","@id":"https:\/\/agenciainfra.com\/blog\/#\/schema\/person\/04dbb79bd6d8951f063da71f3e4c1eb1","name":"Rodrigo Zuquim","image":{"@type":"ImageObject","inLanguage":"pt-BR","@id":"https:\/\/agenciainfra.com\/blog\/#\/schema\/person\/image\/","url":"https:\/\/secure.gravatar.com\/avatar\/594abfe82761d620726242ff34ca472a705a4b97f16c790053a6b4c4035274d0?s=96&d=mm&r=g","contentUrl":"https:\/\/secure.gravatar.com\/avatar\/594abfe82761d620726242ff34ca472a705a4b97f16c790053a6b4c4035274d0?s=96&d=mm&r=g","caption":"Rodrigo Zuquim"},"url":"https:\/\/agenciainfra.com\/blog\/author\/rodrigo-zuquim\/"}]}},"_links":{"self":[{"href":"https:\/\/agenciainfra.com\/blog\/wp-json\/wp\/v2\/posts\/6894","targetHints":{"allow":["GET"]}}],"collection":[{"href":"https:\/\/agenciainfra.com\/blog\/wp-json\/wp\/v2\/posts"}],"about":[{"href":"https:\/\/agenciainfra.com\/blog\/wp-json\/wp\/v2\/types\/post"}],"author":[{"embeddable":true,"href":"https:\/\/agenciainfra.com\/blog\/wp-json\/wp\/v2\/users\/9"}],"replies":[{"embeddable":true,"href":"https:\/\/agenciainfra.com\/blog\/wp-json\/wp\/v2\/comments?post=6894"}],"version-history":[{"count":0,"href":"https:\/\/agenciainfra.com\/blog\/wp-json\/wp\/v2\/posts\/6894\/revisions"}],"wp:featuredmedia":[{"embeddable":true,"href":"https:\/\/agenciainfra.com\/blog\/wp-json\/wp\/v2\/media\/6895"}],"wp:attachment":[{"href":"https:\/\/agenciainfra.com\/blog\/wp-json\/wp\/v2\/media?parent=6894"}],"wp:term":[{"taxonomy":"category","embeddable":true,"href":"https:\/\/agenciainfra.com\/blog\/wp-json\/wp\/v2\/categories?post=6894"},{"taxonomy":"post_tag","embeddable":true,"href":"https:\/\/agenciainfra.com\/blog\/wp-json\/wp\/v2\/tags?post=6894"}],"curies":[{"name":"wp","href":"https:\/\/api.w.org\/{rel}","templated":true}]}}