{"id":6897,"date":"2021-03-13T08:00:00","date_gmt":"2021-03-13T11:00:00","guid":{"rendered":"https:\/\/www.agenciainfra.com\/blog\/?p=6897"},"modified":"2021-03-11T13:05:24","modified_gmt":"2021-03-11T16:05:24","slug":"senado-aprova-projeto-que-viabiliza-cobranca-em-free-flow-nas-concessoes-rodoviarias","status":"publish","type":"post","link":"https:\/\/agenciainfra.com\/blog\/senado-aprova-projeto-que-viabiliza-cobranca-em-free-flow-nas-concessoes-rodoviarias\/","title":{"rendered":"Senado aprova projeto que viabiliza cobran\u00e7a em free flow nas concess\u00f5es rodovi\u00e1rias"},"content":{"rendered":"\n<hr class=\"wp-block-separator\"\/>\n\n\n\n<p class=\"has-text-align-right\"><strong>Tales Silveira, da\u00a0Ag\u00eancia iNFRA<\/strong><\/p>\n\n\n\n<p>O Senado aprovou, nesta quarta-feira (10), o\u00a0<a rel=\"noreferrer noopener\" href=\"https:\/\/agenciainfra.us14.list-manage.com\/track\/click?u=d460dd1bcf9ba0ae040e1fc0f&amp;id=4c93929867&amp;e=c099169394\" target=\"_blank\">PLC (Projeto de Lei da C\u00e2mara) 8\/2013<\/a>\u00a0\u2013 que trata da cobran\u00e7a de ped\u00e1gio na modalidade free flow. Por ter sofrido modifica\u00e7\u00f5es em rela\u00e7\u00e3o ao texto original aprovado pela C\u00e2mara, a mat\u00e9ria volta \u00e0 C\u00e2mara dos Deputados.<br><br>O substitutivo foi lido pelo relator, senador Jayme Campos (DEM-MT), em setembro do ano passado. Na \u00e9poca, o parlamentar apresentou as altera\u00e7\u00f5es ao projeto original do ent\u00e3o deputado federal e hoje senador Esperidi\u00e3o Amin (PP-SC). O texto inicial previa a isen\u00e7\u00e3o total no ped\u00e1gio para pessoas que moram ou trabalham perto das pra\u00e7as de ped\u00e1gio. Para ter o benef\u00edcio, bastaria que o interessado fizesse um cadastro do ve\u00edculo e comprovasse a resid\u00eancia ou destino profissional.<br><br>Ao longo de sua tramita\u00e7\u00e3o no Senado, o PL sofreu modifica\u00e7\u00f5es, principalmente na CI (Comiss\u00e3o de Infraestrutura), quando Campos, tamb\u00e9m relator na comiss\u00e3o, introduziu o sistema free flow, com a concord\u00e2ncia do senador Esperidi\u00e3o Amin. Essa negocia\u00e7\u00e3o foi liderada pelo ministro da Infraestrutura, Tarc\u00edsio de Freitas, para tentar chegar a um acordo com Amin.<\/p>\n\n\n\n<p>Na forma como foi aprovada, a proposta era considerada ruim para o sistema de concess\u00f5es, podendo at\u00e9 inviabilizar algumas projetos que os governos federal e dos estados querem levar a leil\u00e3o.<br><br>O modelo foi entendido pelos dois parlamentares como o mais justo para o pagamento das tarifas, uma vez que estabelece a cobran\u00e7a proporcional \u00e0 dist\u00e2ncia percorrida, sem pra\u00e7as de ped\u00e1gio e com os pontos de verifica\u00e7\u00e3o eletr\u00f4nicos, p\u00f3rticos com sensores e c\u00e2meras instalados ao longo das estradas. A ideia \u00e9 que o free flow, entre outros benef\u00edcios, aumente a base de motoristas pagantes nas rodovias concedidas.<br><br>O PL tamb\u00e9m introduz o Contran (Conselho Nacional de Tr\u00e2nsito) como \u00f3rg\u00e3o que regulamentar\u00e1 os procedimentos t\u00e9cnicos e administrativos, no \u00e2mbito do SNT (Sistema Nacional de Tr\u00e2nsito), para garantir a correta identifica\u00e7\u00e3o dos ve\u00edculos. Essa regulamenta\u00e7\u00e3o deve acontecer em at\u00e9 180 dias ap\u00f3s a promulga\u00e7\u00e3o do texto.<br><br>Essa regulamenta\u00e7\u00e3o \u00e9 considerada fundamental para a viabiliza\u00e7\u00e3o desse tipo de cobran\u00e7a, reduzindo o risco de n\u00e3o pagamento pelos usu\u00e1rios das cobran\u00e7as que forem enviadas pelo uso da rodovia.<\/p>\n\n\n\n<p>Campos retirou ainda do substitutivo a aplica\u00e7\u00e3o das multas arrecadadas pelo n\u00e3o pagamento de ped\u00e1gio\u00a0na recomposi\u00e7\u00e3o do equil\u00edbrio econ\u00f4mico-financeiro de contratos de concess\u00e3o de rodovias. Na ocasi\u00e3o, o parlamentar afirmou que a recomposi\u00e7\u00e3o n\u00e3o deveria ser tratada em lei, deixando a defini\u00e7\u00e3o sobre o tema para o momento da elabora\u00e7\u00e3o dos contratos.<\/p>\n","protected":false},"excerpt":{"rendered":"<p>Tales Silveira, da\u00a0Ag\u00eancia iNFRA O Senado aprovou, nesta quarta-feira (10), o\u00a0PLC (Projeto de Lei da C\u00e2mara) 8\/2013\u00a0\u2013 que trata da cobran\u00e7a de ped\u00e1gio na modalidade free flow. Por ter sofrido modifica\u00e7\u00f5es em rela\u00e7\u00e3o ao texto original aprovado pela C\u00e2mara, a mat\u00e9ria volta \u00e0 C\u00e2mara dos Deputados. O substitutivo foi lido pelo relator, senador Jayme Campos [&hellip;]<\/p>\n","protected":false},"author":9,"featured_media":6898,"comment_status":"closed","ping_status":"closed","sticky":false,"template":"","format":"standard","meta":{"_monsterinsights_skip_tracking":false,"_monsterinsights_sitenote_active":false,"_monsterinsights_sitenote_note":"","_monsterinsights_sitenote_category":0,"footnotes":""},"categories":[1,7],"tags":[305,1498,78,1581,1104,1106,1105,775,20,3726,126,123,3728,3727,448],"class_list":["post-6897","post","type-post","status-publish","format-standard","has-post-thumbnail","hentry","category-geral","category-infratransporte","tag-camara-dos-deputados","tag-comissao-de-infraestrutura","tag-concessoes","tag-contran","tag-esperidiao-amin","tag-free-flow","tag-jayme-campos","tag-ministerio-da-infraestrutura","tag-pedagio","tag-plc-8-2013","tag-rodovias","tag-senado","tag-sistema-nacional-de-transito","tag-snt","tag-tarcisio-de-freitas"],"yoast_head":"<!-- This site is optimized with the Yoast SEO Premium plugin v25.4 (Yoast SEO v26.0) - https:\/\/yoast.com\/wordpress\/plugins\/seo\/ -->\n<title>Senado aprova projeto que viabiliza cobran\u00e7a em free flow nas concess\u00f5es rodovi\u00e1rias - Ag\u00eancia iNFRA<\/title>\n<meta name=\"robots\" content=\"index, follow, max-snippet:-1, max-image-preview:large, max-video-preview:-1\" \/>\n<link rel=\"canonical\" href=\"https:\/\/agenciainfra.com\/blog\/senado-aprova-projeto-que-viabiliza-cobranca-em-free-flow-nas-concessoes-rodoviarias\/\" \/>\n<meta property=\"og:locale\" content=\"pt_BR\" \/>\n<meta property=\"og:type\" content=\"article\" \/>\n<meta property=\"og:title\" content=\"Senado aprova projeto que viabiliza cobran\u00e7a em free flow nas concess\u00f5es rodovi\u00e1rias\" \/>\n<meta property=\"og:description\" content=\"Tales Silveira, da\u00a0Ag\u00eancia iNFRA O Senado aprovou, nesta quarta-feira (10), o\u00a0PLC (Projeto de Lei da C\u00e2mara) 8\/2013\u00a0\u2013 que trata da cobran\u00e7a de ped\u00e1gio na modalidade free flow. Por ter sofrido modifica\u00e7\u00f5es em rela\u00e7\u00e3o ao texto original aprovado pela C\u00e2mara, a mat\u00e9ria volta \u00e0 C\u00e2mara dos Deputados. O substitutivo foi lido pelo relator, senador Jayme Campos [&hellip;]\" \/>\n<meta property=\"og:url\" content=\"https:\/\/agenciainfra.com\/blog\/senado-aprova-projeto-que-viabiliza-cobranca-em-free-flow-nas-concessoes-rodoviarias\/\" \/>\n<meta property=\"og:site_name\" content=\"Ag\u00eancia iNFRA\" \/>\n<meta property=\"article:publisher\" content=\"https:\/\/www.facebook.com\/ageninfra\" \/>\n<meta property=\"article:published_time\" content=\"2021-03-13T11:00:00+00:00\" \/>\n<meta property=\"og:image\" content=\"https:\/\/agenciainfra.com\/blog\/wp-content\/uploads\/2021\/03\/jayme-campos-senado-foto-pedro-franca-agencia-senado.jpeg\" \/>\n\t<meta property=\"og:image:width\" content=\"1280\" \/>\n\t<meta property=\"og:image:height\" content=\"854\" \/>\n\t<meta property=\"og:image:type\" content=\"image\/jpeg\" \/>\n<meta name=\"author\" content=\"Rodrigo Zuquim\" \/>\n<meta name=\"twitter:card\" content=\"summary_large_image\" \/>\n<meta name=\"twitter:creator\" content=\"@agencia_infra\" \/>\n<meta name=\"twitter:site\" content=\"@agencia_infra\" \/>\n<meta name=\"twitter:label1\" content=\"Escrito por\" \/>\n\t<meta name=\"twitter:data1\" content=\"Rodrigo Zuquim\" \/>\n\t<meta name=\"twitter:label2\" content=\"Est. tempo de leitura\" \/>\n\t<meta name=\"twitter:data2\" content=\"2 minutos\" \/>\n<script type=\"application\/ld+json\" class=\"yoast-schema-graph\">{\"@context\":\"https:\/\/schema.org\",\"@graph\":[{\"@type\":\"Article\",\"@id\":\"https:\/\/agenciainfra.com\/blog\/senado-aprova-projeto-que-viabiliza-cobranca-em-free-flow-nas-concessoes-rodoviarias\/#article\",\"isPartOf\":{\"@id\":\"https:\/\/agenciainfra.com\/blog\/senado-aprova-projeto-que-viabiliza-cobranca-em-free-flow-nas-concessoes-rodoviarias\/\"},\"author\":{\"name\":\"Rodrigo Zuquim\",\"@id\":\"https:\/\/agenciainfra.com\/blog\/#\/schema\/person\/04dbb79bd6d8951f063da71f3e4c1eb1\"},\"headline\":\"Senado aprova projeto que viabiliza cobran\u00e7a em free flow nas concess\u00f5es rodovi\u00e1rias\",\"datePublished\":\"2021-03-13T11:00:00+00:00\",\"mainEntityOfPage\":{\"@id\":\"https:\/\/agenciainfra.com\/blog\/senado-aprova-projeto-que-viabiliza-cobranca-em-free-flow-nas-concessoes-rodoviarias\/\"},\"wordCount\":478,\"publisher\":{\"@id\":\"https:\/\/agenciainfra.com\/blog\/#organization\"},\"image\":{\"@id\":\"https:\/\/agenciainfra.com\/blog\/senado-aprova-projeto-que-viabiliza-cobranca-em-free-flow-nas-concessoes-rodoviarias\/#primaryimage\"},\"thumbnailUrl\":\"https:\/\/agenciainfra.com\/blog\/wp-content\/uploads\/2021\/03\/jayme-campos-senado-foto-pedro-franca-agencia-senado.jpeg\",\"keywords\":[\"C\u00e2mara dos Deputados\",\"Comiss\u00e3o de Infraestrutura\",\"concess\u00f5es\",\"Contran\",\"Esperidi\u00e3o Amin\",\"free flow\",\"Jayme Campos\",\"Minist\u00e9rio da Infraestrutura\",\"Ped\u00e1gio\",\"PLC 8\/2013\",\"rodovias\",\"senado\",\"Sistema Nacional de Tr\u00e2nsito\",\"SNT\",\"Tarc\u00edsio de Freitas\"],\"articleSection\":[\"Geral\",\"iNFRATransporte\"],\"inLanguage\":\"pt-BR\",\"copyrightYear\":\"2021\",\"copyrightHolder\":{\"@id\":\"https:\/\/agenciainfra.com\/blog\/#organization\"}},{\"@type\":\"WebPage\",\"@id\":\"https:\/\/agenciainfra.com\/blog\/senado-aprova-projeto-que-viabiliza-cobranca-em-free-flow-nas-concessoes-rodoviarias\/\",\"url\":\"https:\/\/agenciainfra.com\/blog\/senado-aprova-projeto-que-viabiliza-cobranca-em-free-flow-nas-concessoes-rodoviarias\/\",\"name\":\"Senado aprova projeto que viabiliza cobran\u00e7a em free flow nas concess\u00f5es rodovi\u00e1rias - Ag\u00eancia iNFRA\",\"isPartOf\":{\"@id\":\"https:\/\/agenciainfra.com\/blog\/#website\"},\"primaryImageOfPage\":{\"@id\":\"https:\/\/agenciainfra.com\/blog\/senado-aprova-projeto-que-viabiliza-cobranca-em-free-flow-nas-concessoes-rodoviarias\/#primaryimage\"},\"image\":{\"@id\":\"https:\/\/agenciainfra.com\/blog\/senado-aprova-projeto-que-viabiliza-cobranca-em-free-flow-nas-concessoes-rodoviarias\/#primaryimage\"},\"thumbnailUrl\":\"https:\/\/agenciainfra.com\/blog\/wp-content\/uploads\/2021\/03\/jayme-campos-senado-foto-pedro-franca-agencia-senado.jpeg\",\"datePublished\":\"2021-03-13T11:00:00+00:00\",\"breadcrumb\":{\"@id\":\"https:\/\/agenciainfra.com\/blog\/senado-aprova-projeto-que-viabiliza-cobranca-em-free-flow-nas-concessoes-rodoviarias\/#breadcrumb\"},\"inLanguage\":\"pt-BR\",\"potentialAction\":[{\"@type\":\"ReadAction\",\"target\":[\"https:\/\/agenciainfra.com\/blog\/senado-aprova-projeto-que-viabiliza-cobranca-em-free-flow-nas-concessoes-rodoviarias\/\"]}]},{\"@type\":\"ImageObject\",\"inLanguage\":\"pt-BR\",\"@id\":\"https:\/\/agenciainfra.com\/blog\/senado-aprova-projeto-que-viabiliza-cobranca-em-free-flow-nas-concessoes-rodoviarias\/#primaryimage\",\"url\":\"https:\/\/agenciainfra.com\/blog\/wp-content\/uploads\/2021\/03\/jayme-campos-senado-foto-pedro-franca-agencia-senado.jpeg\",\"contentUrl\":\"https:\/\/agenciainfra.com\/blog\/wp-content\/uploads\/2021\/03\/jayme-campos-senado-foto-pedro-franca-agencia-senado.jpeg\",\"width\":1280,\"height\":854},{\"@type\":\"BreadcrumbList\",\"@id\":\"https:\/\/agenciainfra.com\/blog\/senado-aprova-projeto-que-viabiliza-cobranca-em-free-flow-nas-concessoes-rodoviarias\/#breadcrumb\",\"itemListElement\":[{\"@type\":\"ListItem\",\"position\":1,\"name\":\"In\u00edcio\",\"item\":\"https:\/\/agenciainfra.com\/blog\/\"},{\"@type\":\"ListItem\",\"position\":2,\"name\":\"Senado aprova projeto que viabiliza cobran\u00e7a em free flow nas concess\u00f5es rodovi\u00e1rias\"}]},{\"@type\":\"WebSite\",\"@id\":\"https:\/\/agenciainfra.com\/blog\/#website\",\"url\":\"https:\/\/agenciainfra.com\/blog\/\",\"name\":\"Ag\u00eancia iNFRA\",\"description\":\"Multiplataforma de informa\u00e7\u00e3o jornal\u00edstica refer\u00eancia na \u00e1rea de infraestrutura no Brasil!\",\"publisher\":{\"@id\":\"https:\/\/agenciainfra.com\/blog\/#organization\"},\"potentialAction\":[{\"@type\":\"SearchAction\",\"target\":{\"@type\":\"EntryPoint\",\"urlTemplate\":\"https:\/\/agenciainfra.com\/blog\/?s={search_term_string}\"},\"query-input\":{\"@type\":\"PropertyValueSpecification\",\"valueRequired\":true,\"valueName\":\"search_term_string\"}}],\"inLanguage\":\"pt-BR\"},{\"@type\":\"Organization\",\"@id\":\"https:\/\/agenciainfra.com\/blog\/#organization\",\"name\":\"Ag\u00eancia iNFRA\",\"url\":\"https:\/\/agenciainfra.com\/blog\/\",\"logo\":{\"@type\":\"ImageObject\",\"inLanguage\":\"pt-BR\",\"@id\":\"https:\/\/agenciainfra.com\/blog\/#\/schema\/logo\/image\/\",\"url\":\"https:\/\/agenciainfra.com\/blog\/wp-content\/uploads\/2023\/09\/iNFRA_5-e1761735885940.png\",\"contentUrl\":\"https:\/\/agenciainfra.com\/blog\/wp-content\/uploads\/2023\/09\/iNFRA_5-e1761735885940.png\",\"width\":1672,\"height\":454,\"caption\":\"Ag\u00eancia iNFRA\"},\"image\":{\"@id\":\"https:\/\/agenciainfra.com\/blog\/#\/schema\/logo\/image\/\"},\"sameAs\":[\"https:\/\/www.facebook.com\/ageninfra\",\"https:\/\/x.com\/agencia_infra\",\"https:\/\/www.linkedin.com\/company\/ag\u00eanciainfra\/\",\"https:\/\/www.instagram.com\/agenciainfra\/\"]},{\"@type\":\"Person\",\"@id\":\"https:\/\/agenciainfra.com\/blog\/#\/schema\/person\/04dbb79bd6d8951f063da71f3e4c1eb1\",\"name\":\"Rodrigo Zuquim\",\"image\":{\"@type\":\"ImageObject\",\"inLanguage\":\"pt-BR\",\"@id\":\"https:\/\/agenciainfra.com\/blog\/#\/schema\/person\/image\/\",\"url\":\"https:\/\/secure.gravatar.com\/avatar\/594abfe82761d620726242ff34ca472a705a4b97f16c790053a6b4c4035274d0?s=96&d=mm&r=g\",\"contentUrl\":\"https:\/\/secure.gravatar.com\/avatar\/594abfe82761d620726242ff34ca472a705a4b97f16c790053a6b4c4035274d0?s=96&d=mm&r=g\",\"caption\":\"Rodrigo Zuquim\"},\"url\":\"https:\/\/agenciainfra.com\/blog\/author\/rodrigo-zuquim\/\"}]}<\/script>\n<!-- \/ Yoast SEO Premium plugin. -->","yoast_head_json":{"title":"Senado aprova projeto que viabiliza cobran\u00e7a em free flow nas concess\u00f5es rodovi\u00e1rias - Ag\u00eancia iNFRA","robots":{"index":"index","follow":"follow","max-snippet":"max-snippet:-1","max-image-preview":"max-image-preview:large","max-video-preview":"max-video-preview:-1"},"canonical":"https:\/\/agenciainfra.com\/blog\/senado-aprova-projeto-que-viabiliza-cobranca-em-free-flow-nas-concessoes-rodoviarias\/","og_locale":"pt_BR","og_type":"article","og_title":"Senado aprova projeto que viabiliza cobran\u00e7a em free flow nas concess\u00f5es rodovi\u00e1rias","og_description":"Tales Silveira, da\u00a0Ag\u00eancia iNFRA O Senado aprovou, nesta quarta-feira (10), o\u00a0PLC (Projeto de Lei da C\u00e2mara) 8\/2013\u00a0\u2013 que trata da cobran\u00e7a de ped\u00e1gio na modalidade free flow. Por ter sofrido modifica\u00e7\u00f5es em rela\u00e7\u00e3o ao texto original aprovado pela C\u00e2mara, a mat\u00e9ria volta \u00e0 C\u00e2mara dos Deputados. O substitutivo foi lido pelo relator, senador Jayme Campos [&hellip;]","og_url":"https:\/\/agenciainfra.com\/blog\/senado-aprova-projeto-que-viabiliza-cobranca-em-free-flow-nas-concessoes-rodoviarias\/","og_site_name":"Ag\u00eancia iNFRA","article_publisher":"https:\/\/www.facebook.com\/ageninfra","article_published_time":"2021-03-13T11:00:00+00:00","og_image":[{"width":1280,"height":854,"url":"https:\/\/agenciainfra.com\/blog\/wp-content\/uploads\/2021\/03\/jayme-campos-senado-foto-pedro-franca-agencia-senado.jpeg","type":"image\/jpeg"}],"author":"Rodrigo Zuquim","twitter_card":"summary_large_image","twitter_creator":"@agencia_infra","twitter_site":"@agencia_infra","twitter_misc":{"Escrito por":"Rodrigo Zuquim","Est. tempo de leitura":"2 minutos"},"schema":{"@context":"https:\/\/schema.org","@graph":[{"@type":"Article","@id":"https:\/\/agenciainfra.com\/blog\/senado-aprova-projeto-que-viabiliza-cobranca-em-free-flow-nas-concessoes-rodoviarias\/#article","isPartOf":{"@id":"https:\/\/agenciainfra.com\/blog\/senado-aprova-projeto-que-viabiliza-cobranca-em-free-flow-nas-concessoes-rodoviarias\/"},"author":{"name":"Rodrigo Zuquim","@id":"https:\/\/agenciainfra.com\/blog\/#\/schema\/person\/04dbb79bd6d8951f063da71f3e4c1eb1"},"headline":"Senado aprova projeto que viabiliza cobran\u00e7a em free flow nas concess\u00f5es rodovi\u00e1rias","datePublished":"2021-03-13T11:00:00+00:00","mainEntityOfPage":{"@id":"https:\/\/agenciainfra.com\/blog\/senado-aprova-projeto-que-viabiliza-cobranca-em-free-flow-nas-concessoes-rodoviarias\/"},"wordCount":478,"publisher":{"@id":"https:\/\/agenciainfra.com\/blog\/#organization"},"image":{"@id":"https:\/\/agenciainfra.com\/blog\/senado-aprova-projeto-que-viabiliza-cobranca-em-free-flow-nas-concessoes-rodoviarias\/#primaryimage"},"thumbnailUrl":"https:\/\/agenciainfra.com\/blog\/wp-content\/uploads\/2021\/03\/jayme-campos-senado-foto-pedro-franca-agencia-senado.jpeg","keywords":["C\u00e2mara dos Deputados","Comiss\u00e3o de Infraestrutura","concess\u00f5es","Contran","Esperidi\u00e3o Amin","free flow","Jayme Campos","Minist\u00e9rio da Infraestrutura","Ped\u00e1gio","PLC 8\/2013","rodovias","senado","Sistema Nacional de Tr\u00e2nsito","SNT","Tarc\u00edsio de Freitas"],"articleSection":["Geral","iNFRATransporte"],"inLanguage":"pt-BR","copyrightYear":"2021","copyrightHolder":{"@id":"https:\/\/agenciainfra.com\/blog\/#organization"}},{"@type":"WebPage","@id":"https:\/\/agenciainfra.com\/blog\/senado-aprova-projeto-que-viabiliza-cobranca-em-free-flow-nas-concessoes-rodoviarias\/","url":"https:\/\/agenciainfra.com\/blog\/senado-aprova-projeto-que-viabiliza-cobranca-em-free-flow-nas-concessoes-rodoviarias\/","name":"Senado aprova projeto que viabiliza cobran\u00e7a em free flow nas concess\u00f5es rodovi\u00e1rias - Ag\u00eancia iNFRA","isPartOf":{"@id":"https:\/\/agenciainfra.com\/blog\/#website"},"primaryImageOfPage":{"@id":"https:\/\/agenciainfra.com\/blog\/senado-aprova-projeto-que-viabiliza-cobranca-em-free-flow-nas-concessoes-rodoviarias\/#primaryimage"},"image":{"@id":"https:\/\/agenciainfra.com\/blog\/senado-aprova-projeto-que-viabiliza-cobranca-em-free-flow-nas-concessoes-rodoviarias\/#primaryimage"},"thumbnailUrl":"https:\/\/agenciainfra.com\/blog\/wp-content\/uploads\/2021\/03\/jayme-campos-senado-foto-pedro-franca-agencia-senado.jpeg","datePublished":"2021-03-13T11:00:00+00:00","breadcrumb":{"@id":"https:\/\/agenciainfra.com\/blog\/senado-aprova-projeto-que-viabiliza-cobranca-em-free-flow-nas-concessoes-rodoviarias\/#breadcrumb"},"inLanguage":"pt-BR","potentialAction":[{"@type":"ReadAction","target":["https:\/\/agenciainfra.com\/blog\/senado-aprova-projeto-que-viabiliza-cobranca-em-free-flow-nas-concessoes-rodoviarias\/"]}]},{"@type":"ImageObject","inLanguage":"pt-BR","@id":"https:\/\/agenciainfra.com\/blog\/senado-aprova-projeto-que-viabiliza-cobranca-em-free-flow-nas-concessoes-rodoviarias\/#primaryimage","url":"https:\/\/agenciainfra.com\/blog\/wp-content\/uploads\/2021\/03\/jayme-campos-senado-foto-pedro-franca-agencia-senado.jpeg","contentUrl":"https:\/\/agenciainfra.com\/blog\/wp-content\/uploads\/2021\/03\/jayme-campos-senado-foto-pedro-franca-agencia-senado.jpeg","width":1280,"height":854},{"@type":"BreadcrumbList","@id":"https:\/\/agenciainfra.com\/blog\/senado-aprova-projeto-que-viabiliza-cobranca-em-free-flow-nas-concessoes-rodoviarias\/#breadcrumb","itemListElement":[{"@type":"ListItem","position":1,"name":"In\u00edcio","item":"https:\/\/agenciainfra.com\/blog\/"},{"@type":"ListItem","position":2,"name":"Senado aprova projeto que viabiliza cobran\u00e7a em free flow nas concess\u00f5es rodovi\u00e1rias"}]},{"@type":"WebSite","@id":"https:\/\/agenciainfra.com\/blog\/#website","url":"https:\/\/agenciainfra.com\/blog\/","name":"Ag\u00eancia iNFRA","description":"Multiplataforma de informa\u00e7\u00e3o jornal\u00edstica refer\u00eancia na \u00e1rea de infraestrutura no Brasil!","publisher":{"@id":"https:\/\/agenciainfra.com\/blog\/#organization"},"potentialAction":[{"@type":"SearchAction","target":{"@type":"EntryPoint","urlTemplate":"https:\/\/agenciainfra.com\/blog\/?s={search_term_string}"},"query-input":{"@type":"PropertyValueSpecification","valueRequired":true,"valueName":"search_term_string"}}],"inLanguage":"pt-BR"},{"@type":"Organization","@id":"https:\/\/agenciainfra.com\/blog\/#organization","name":"Ag\u00eancia iNFRA","url":"https:\/\/agenciainfra.com\/blog\/","logo":{"@type":"ImageObject","inLanguage":"pt-BR","@id":"https:\/\/agenciainfra.com\/blog\/#\/schema\/logo\/image\/","url":"https:\/\/agenciainfra.com\/blog\/wp-content\/uploads\/2023\/09\/iNFRA_5-e1761735885940.png","contentUrl":"https:\/\/agenciainfra.com\/blog\/wp-content\/uploads\/2023\/09\/iNFRA_5-e1761735885940.png","width":1672,"height":454,"caption":"Ag\u00eancia iNFRA"},"image":{"@id":"https:\/\/agenciainfra.com\/blog\/#\/schema\/logo\/image\/"},"sameAs":["https:\/\/www.facebook.com\/ageninfra","https:\/\/x.com\/agencia_infra","https:\/\/www.linkedin.com\/company\/ag\u00eanciainfra\/","https:\/\/www.instagram.com\/agenciainfra\/"]},{"@type":"Person","@id":"https:\/\/agenciainfra.com\/blog\/#\/schema\/person\/04dbb79bd6d8951f063da71f3e4c1eb1","name":"Rodrigo Zuquim","image":{"@type":"ImageObject","inLanguage":"pt-BR","@id":"https:\/\/agenciainfra.com\/blog\/#\/schema\/person\/image\/","url":"https:\/\/secure.gravatar.com\/avatar\/594abfe82761d620726242ff34ca472a705a4b97f16c790053a6b4c4035274d0?s=96&d=mm&r=g","contentUrl":"https:\/\/secure.gravatar.com\/avatar\/594abfe82761d620726242ff34ca472a705a4b97f16c790053a6b4c4035274d0?s=96&d=mm&r=g","caption":"Rodrigo Zuquim"},"url":"https:\/\/agenciainfra.com\/blog\/author\/rodrigo-zuquim\/"}]}},"_links":{"self":[{"href":"https:\/\/agenciainfra.com\/blog\/wp-json\/wp\/v2\/posts\/6897","targetHints":{"allow":["GET"]}}],"collection":[{"href":"https:\/\/agenciainfra.com\/blog\/wp-json\/wp\/v2\/posts"}],"about":[{"href":"https:\/\/agenciainfra.com\/blog\/wp-json\/wp\/v2\/types\/post"}],"author":[{"embeddable":true,"href":"https:\/\/agenciainfra.com\/blog\/wp-json\/wp\/v2\/users\/9"}],"replies":[{"embeddable":true,"href":"https:\/\/agenciainfra.com\/blog\/wp-json\/wp\/v2\/comments?post=6897"}],"version-history":[{"count":0,"href":"https:\/\/agenciainfra.com\/blog\/wp-json\/wp\/v2\/posts\/6897\/revisions"}],"wp:featuredmedia":[{"embeddable":true,"href":"https:\/\/agenciainfra.com\/blog\/wp-json\/wp\/v2\/media\/6898"}],"wp:attachment":[{"href":"https:\/\/agenciainfra.com\/blog\/wp-json\/wp\/v2\/media?parent=6897"}],"wp:term":[{"taxonomy":"category","embeddable":true,"href":"https:\/\/agenciainfra.com\/blog\/wp-json\/wp\/v2\/categories?post=6897"},{"taxonomy":"post_tag","embeddable":true,"href":"https:\/\/agenciainfra.com\/blog\/wp-json\/wp\/v2\/tags?post=6897"}],"curies":[{"name":"wp","href":"https:\/\/api.w.org\/{rel}","templated":true}]}}