{"id":6900,"date":"2021-03-12T13:00:00","date_gmt":"2021-03-12T16:00:00","guid":{"rendered":"https:\/\/www.agenciainfra.com\/blog\/?p=6900"},"modified":"2021-03-12T08:10:31","modified_gmt":"2021-03-12T11:10:31","slug":"infradebate-seletividade-pela-essencialidade-o-julgamento-iniciado-no-stf-e-seu-impacto-na-atividade-de-saneamento","status":"publish","type":"post","link":"https:\/\/agenciainfra.com\/blog\/infradebate-seletividade-pela-essencialidade-o-julgamento-iniciado-no-stf-e-seu-impacto-na-atividade-de-saneamento\/","title":{"rendered":"iNFRADebate: Seletividade pela essencialidade, o julgamento iniciado no STF e seu impacto na atividade de saneamento"},"content":{"rendered":"\n<p class=\"has-text-align-right\"><strong>Fernando Gomes de Souza Ayres e Augusto Bercht*<\/strong><\/p>\n\n\n\n<p>O ICMS (Imposto sobre a Circula\u00e7\u00e3o de Mercadorias e Servi\u00e7os), por \u00f3bvio, tem impacto em todas as opera\u00e7\u00f5es envolvendo mercadorias e determinados servi\u00e7os (transporte intermunicipais e interestaduais e comunica\u00e7\u00f5es).<\/p>\n\n\n\n<p>Uma de suas caracter\u00edsticas \u00e9 a busca pela neutralidade, utilizando instrumentos como a n\u00e3o cumulatividade e a chamada seletividade, de acordo com a essencialidade do produto ou servi\u00e7o tributado. Seletividade expressamente prevista no artigo 155, \u00a72\u00ba, inciso III da Constitui\u00e7\u00e3o Federal.<\/p>\n\n\n\n<p>H\u00e1 muito a seletividade do ICMS tem gerado discuss\u00f5es relacionadas \u00e0 gradua\u00e7\u00e3o das al\u00edquotas aplicadas pelos estados para alguns produtos, tal como a energia el\u00e9trica que, apesar da sua essencialidade, tem sido tributada com as al\u00edquotas mais elevadas. Alcan\u00e7ando 30% em alguns estados.<\/p>\n\n\n\n<p>Embora relevante para todos os setores consumidores de energia el\u00e9trica, a discuss\u00e3o a respeito da seletividade e da al\u00edquota de ICMS incidente ganha extrema relev\u00e2ncia quando consideramos a atividade de saneamento. De acordo com o SNIS (Sistema Nacional de Informa\u00e7\u00f5es sobre Saneamento), depois daquelas relacionadas a pessoal (direta ou indiretamente), a maior despesa nas empresas de saneamento no Brasil \u00e9 com energia el\u00e9trica. Em 2019 totalizou 15,4% dos custos do setor<sup>1<\/sup>.<\/p>\n\n\n\n<p>No mesmo ano, as despesas com energia el\u00e9trica dos prestadores de servi\u00e7o de saneamento participantes do SNIS atingiram R$ 7,12 bilh\u00f5es, com consumo de 13,26 TWh, compostos por 11,84 TWh com abastecimento de \u00e1gua e 1,42 TWh com esgotamento sanit\u00e1rio<sup>2<\/sup>.<\/p>\n\n\n\n<p>Dessa forma, a discuss\u00e3o a respeito da seletividade do ICMS ganha outra dimens\u00e3o para o setor, que \u00e9 foco de esperan\u00e7a de novos investimentos ap\u00f3s a aprova\u00e7\u00e3o do chamado Marco Legal do Saneamento B\u00e1sico.<\/p>\n\n\n\n<p>O assunto est\u00e1 atualmente em discuss\u00e3o no STF (Supremo Tribunal Federal), nos autos do Recurso Extraordin\u00e1rio n\u00ba 714.139\/SC, com julgamento iniciado em fevereiro de 2021 e que j\u00e1 conta com dois votos, proferidos pelo relator, ministro Marco Aur\u00e9lio Mello, e pelo ministro Alexandre de Moraes.<\/p>\n\n\n\n<p>O ministro Marco Aur\u00e9lio deu parcial provimento ao recurso extraordin\u00e1rio do contribuinte, por entender que, tendo o legislador adotado a seletividade, essa, por conformidade ao texto constitucional, deve se pautar pela essencialidade.\u00a0<\/p>\n\n\n\n<p>No caso, o ministro entendeu que, considerando o car\u00e1ter eminentemente essencial da energia el\u00e9trica e dos servi\u00e7os de telecomunica\u00e7\u00f5es, o legislador n\u00e3o poderia prever, para tais itens, a mesma al\u00edquota que resguarda para os produtos sup\u00e9rfluos, devendo, portanto, ser aplicada a al\u00edquota b\u00e1sica que, no caso do estado de Santa Catarina \u2013 objeto da discuss\u00e3o do <em>leading case<\/em> \u2013, \u00e9 de 17%.<\/p>\n\n\n\n<p>O ministro entendeu ser parcialmente procedente o recurso extraordin\u00e1rio, pois n\u00e3o acatou o argumento de que a al\u00edquota de 12% voltada para consumidores domiciliares de baixo consumo feriria o princ\u00edpio da isonomia.<\/p>\n\n\n\n<p>O ministro Alexandre de Moraes entendeu a quest\u00e3o de maneira bastante diversa. Para o ministro, apesar de a Constitui\u00e7\u00e3o determinar que o ICMS poder\u00e1 ser seletivo em fun\u00e7\u00e3o da essencialidade, a essencialidade n\u00e3o \u00e9 o \u00fanico elemento que poderia influir na defini\u00e7\u00e3o da al\u00edquota, havendo tamb\u00e9m influ\u00eancia de outras raz\u00f5es \u201c[&#8230;] <em>considerando-se a finalidade do bem tributado e as caracter\u00edsticas do respectivo consumidor, a fim de dar efetividade \u00e0 isonomia e ao princ\u00edpio da capacidade contributiva<\/em>\u201d.<\/p>\n\n\n\n<p>Nesse racioc\u00ednio, seria l\u00edcito aos estados preverem al\u00edquotas superiores em casos de uso industrial e comercial de energia para aqueles demandantes de maior consumo. O argumento seria que tais consumidores demonstrariam maior capacidade contributiva.<\/p>\n\n\n\n<p>Ao nosso ver, duas cr\u00edticas principais podem ser feitas ao voto. Em primeiro lugar, n\u00e3o se entende correta a considera\u00e7\u00e3o de que a capacidade contributiva deveria ser elemento a ser considerado conjuntamente com a essencialidade para fins de determina\u00e7\u00e3o da al\u00edquota. Isso pois a capacidade contributiva, como elemento para determinar a carga tribut\u00e1ria incidente sobre determinado contribuinte, s\u00f3 pode ser auferida ap\u00f3s o contribuinte ter realizado os gastos necess\u00e1rios para assegurar sua exist\u00eancia m\u00ednima e manter a sua fonte de renda. S\u00f3 depois que se elimina os gastos essenciais \u00e9 que se passa a demonstrar capacidade contributiva.\u00a0<\/p>\n\n\n\n<p>Cabe considerar, ainda, se o consumo elevado de energia pode ser considerado como um efetivo sinal de maior capacidade econ\u00f4mica ou como uma caracter\u00edstica inerente a alguns setores da economia, como o do saneamento. Parece-nos que a resposta correta \u00e9 a \u00faltima: um elevado gasto de energia el\u00e9trica n\u00e3o \u00e9 elemento apto a ser utilizado para auferir maior ou menor capacidade contributiva.<\/p>\n\n\n\n<p>Com o julgamento do RE n\u00ba 714.139\/SC o Supremo Tribunal Federal, na qualidade de guardi\u00e3o da Constitui\u00e7\u00e3o Federal, pode dar um passo claro na dire\u00e7\u00e3o que preserva os valores acima mencionados.<\/p>\n\n\n\n<p>O tribunal pode, por outro lado, premiar a vis\u00e3o puramente arrecadat\u00f3ria dos estados e, por meio de argumentos que julgamos inadequados, permitir que a legisla\u00e7\u00e3o preveja al\u00edquotas maiores justamente para setores que utilizam mais a energia el\u00e9trica, como o de saneamento, sem demonstrar, com isso, qualquer potencial maior para contribuir do que outros setores que n\u00e3o s\u00e3o t\u00e3o dependentes desse recurso.\u00a0<\/p>\n\n\n\n<p>Espera-se que o tribunal v\u00e1 pelo primeiro caminho, premiando a coer\u00eancia do direito e a plena concretiza\u00e7\u00e3o da Constitui\u00e7\u00e3o Federal.<\/p>\n\n\n\n<h6 class=\"wp-block-heading\" id=\"block-0ad831ad-cd23-417f-b06a-95588097a0b7\"><strong>*Fernando Gomes de Souza Ayres e Augusto Bercht s\u00e3o s\u00f3cios da \u00e1rea tribut\u00e1ria de Souto Correa Advogados.<\/strong><\/h6>\n\n\n\n<h6 class=\"wp-block-heading\" id=\"block-0ad831ad-cd23-417f-b06a-95588097a0b7\"><strong>1<\/strong> <a href=\"http:\/\/www.snis.gov.br\/downloads\/diagnosticos\/ae\/2019\/Diagnostico-SNIS-AE-2019-Capitulo-11.pdf\" target=\"_blank\" rel=\"noreferrer noopener\">http:\/\/www.snis.gov.br\/downloads\/diagnosticos\/ae\/2019\/Diagnostico-SNIS-AE-2019-Capitulo-11.pdf<\/a><\/h6>\n\n\n\n<h6 class=\"wp-block-heading\" id=\"block-0ad831ad-cd23-417f-b06a-95588097a0b7\"><strong>2<\/strong> <a href=\"http:\/\/www.snis.gov.br\/downloads\/diagnosticos\/ae\/2019\/Diagnostico-SNIS-AE-2019-Capitulo-09.pdf\" target=\"_blank\" rel=\"noreferrer noopener\">http:\/\/www.snis.gov.br\/downloads\/diagnosticos\/ae\/2019\/Diagnostico-SNIS-AE-2019-Capitulo-09.pdf<\/a><\/h6>\n\n\n\n<h5 class=\"wp-block-heading\" id=\"block-d67878ff-7627-4f15-b175-8f58269174ff\">O iNFRADebate \u00e9 o espa\u00e7o de artigos da Ag\u00eancia iNFRA com opini\u00f5es de seus atores que n\u00e3o refletem necessariamente o pensamento da Ag\u00eancia iNFRA, sendo de total responsabilidade do autor as informa\u00e7\u00f5es, ju\u00edzos de valor e conceitos descritos no texto.<\/h5>\n","protected":false},"excerpt":{"rendered":"<p>Fernando Gomes de Souza Ayres e Augusto Bercht* O ICMS (Imposto sobre a Circula\u00e7\u00e3o de Mercadorias e Servi\u00e7os), por \u00f3bvio, tem impacto em todas as opera\u00e7\u00f5es envolvendo mercadorias e determinados servi\u00e7os (transporte intermunicipais e interestaduais e comunica\u00e7\u00f5es). Uma de suas caracter\u00edsticas \u00e9 a busca pela neutralidade, utilizando instrumentos como a n\u00e3o cumulatividade e a chamada [&hellip;]<\/p>\n","protected":false},"author":9,"featured_media":6905,"comment_status":"closed","ping_status":"closed","sticky":false,"template":"","format":"standard","meta":{"_monsterinsights_skip_tracking":false,"_monsterinsights_sitenote_active":false,"_monsterinsights_sitenote_note":"","_monsterinsights_sitenote_category":0,"footnotes":""},"categories":[1,11],"tags":[3736,3738,3732,3739,3740,282,3010,3734,3731,1521,3737,1352,179,3733,3735,372],"class_list":["post-6900","post","type-post","status-publish","format-standard","has-post-thumbnail","hentry","category-geral","category-infradebate","tag-abastecimento-de-agua","tag-alexandre-de-moraes","tag-augusto-bercht","tag-capacidade-contributiva","tag-carga-tributaria","tag-energia-eletrica","tag-esgotamento-sanitario","tag-essencialidade","tag-fernando-gomes-de-souza-ayres","tag-icms","tag-marco-aurelio-mello","tag-marco-legal-do-saneamento-basico","tag-saneamento","tag-seletividade","tag-snis","tag-stf"],"yoast_head":"<!-- This site is optimized with the Yoast SEO Premium plugin v25.4 (Yoast SEO v26.0) - https:\/\/yoast.com\/wordpress\/plugins\/seo\/ -->\n<title>iNFRADebate: Seletividade pela essencialidade, o julgamento iniciado no STF e seu impacto na atividade de saneamento - Ag\u00eancia iNFRA<\/title>\n<meta name=\"robots\" content=\"index, follow, max-snippet:-1, max-image-preview:large, max-video-preview:-1\" \/>\n<link rel=\"canonical\" href=\"https:\/\/agenciainfra.com\/blog\/infradebate-seletividade-pela-essencialidade-o-julgamento-iniciado-no-stf-e-seu-impacto-na-atividade-de-saneamento\/\" \/>\n<meta property=\"og:locale\" content=\"pt_BR\" \/>\n<meta property=\"og:type\" content=\"article\" \/>\n<meta property=\"og:title\" content=\"iNFRADebate: Seletividade pela essencialidade, o julgamento iniciado no STF e seu impacto na atividade de saneamento\" \/>\n<meta property=\"og:description\" content=\"Fernando Gomes de Souza Ayres e Augusto Bercht* O ICMS (Imposto sobre a Circula\u00e7\u00e3o de Mercadorias e Servi\u00e7os), por \u00f3bvio, tem impacto em todas as opera\u00e7\u00f5es envolvendo mercadorias e determinados servi\u00e7os (transporte intermunicipais e interestaduais e comunica\u00e7\u00f5es). Uma de suas caracter\u00edsticas \u00e9 a busca pela neutralidade, utilizando instrumentos como a n\u00e3o cumulatividade e a chamada [&hellip;]\" \/>\n<meta property=\"og:url\" content=\"https:\/\/agenciainfra.com\/blog\/infradebate-seletividade-pela-essencialidade-o-julgamento-iniciado-no-stf-e-seu-impacto-na-atividade-de-saneamento\/\" \/>\n<meta property=\"og:site_name\" content=\"Ag\u00eancia iNFRA\" \/>\n<meta property=\"article:publisher\" content=\"https:\/\/www.facebook.com\/ageninfra\" \/>\n<meta property=\"article:published_time\" content=\"2021-03-12T16:00:00+00:00\" \/>\n<meta property=\"og:image\" content=\"https:\/\/agenciainfra.com\/blog\/wp-content\/uploads\/2021\/03\/augusto-berch-e-fernando-ayres-foto-arquivo-pessoal.png\" \/>\n\t<meta property=\"og:image:width\" content=\"1280\" \/>\n\t<meta property=\"og:image:height\" content=\"849\" \/>\n\t<meta property=\"og:image:type\" content=\"image\/png\" \/>\n<meta name=\"author\" content=\"Rodrigo Zuquim\" \/>\n<meta name=\"twitter:card\" content=\"summary_large_image\" \/>\n<meta name=\"twitter:creator\" content=\"@agencia_infra\" \/>\n<meta name=\"twitter:site\" content=\"@agencia_infra\" \/>\n<meta name=\"twitter:label1\" content=\"Escrito por\" \/>\n\t<meta name=\"twitter:data1\" content=\"Rodrigo Zuquim\" \/>\n\t<meta name=\"twitter:label2\" content=\"Est. tempo de leitura\" \/>\n\t<meta name=\"twitter:data2\" content=\"5 minutos\" \/>\n<script type=\"application\/ld+json\" class=\"yoast-schema-graph\">{\"@context\":\"https:\/\/schema.org\",\"@graph\":[{\"@type\":\"Article\",\"@id\":\"https:\/\/agenciainfra.com\/blog\/infradebate-seletividade-pela-essencialidade-o-julgamento-iniciado-no-stf-e-seu-impacto-na-atividade-de-saneamento\/#article\",\"isPartOf\":{\"@id\":\"https:\/\/agenciainfra.com\/blog\/infradebate-seletividade-pela-essencialidade-o-julgamento-iniciado-no-stf-e-seu-impacto-na-atividade-de-saneamento\/\"},\"author\":{\"name\":\"Rodrigo Zuquim\",\"@id\":\"https:\/\/agenciainfra.com\/blog\/#\/schema\/person\/04dbb79bd6d8951f063da71f3e4c1eb1\"},\"headline\":\"iNFRADebate: Seletividade pela essencialidade, o julgamento iniciado no STF e seu impacto na atividade de saneamento\",\"datePublished\":\"2021-03-12T16:00:00+00:00\",\"mainEntityOfPage\":{\"@id\":\"https:\/\/agenciainfra.com\/blog\/infradebate-seletividade-pela-essencialidade-o-julgamento-iniciado-no-stf-e-seu-impacto-na-atividade-de-saneamento\/\"},\"wordCount\":989,\"publisher\":{\"@id\":\"https:\/\/agenciainfra.com\/blog\/#organization\"},\"image\":{\"@id\":\"https:\/\/agenciainfra.com\/blog\/infradebate-seletividade-pela-essencialidade-o-julgamento-iniciado-no-stf-e-seu-impacto-na-atividade-de-saneamento\/#primaryimage\"},\"thumbnailUrl\":\"https:\/\/agenciainfra.com\/blog\/wp-content\/uploads\/2021\/03\/augusto-berch-e-fernando-ayres-foto-arquivo-pessoal.png\",\"keywords\":[\"abastecimento de \u00e1gua\",\"Alexandre de Moraes\",\"Augusto Bercht\",\"capacidade contributiva\",\"carga tribut\u00e1ria\",\"energia el\u00e9trica\",\"esgotamento sanit\u00e1rio\",\"essencialidade\",\"Fernando Gomes de Souza Ayres\",\"ICMS\",\"Marco Aur\u00e9lio Mello\",\"Marco Legal do Saneamento B\u00e1sico\",\"saneamento\",\"seletividade\",\"SNIS\",\"STF\"],\"articleSection\":[\"Geral\",\"iNFRADebate\"],\"inLanguage\":\"pt-BR\",\"copyrightYear\":\"2021\",\"copyrightHolder\":{\"@id\":\"https:\/\/agenciainfra.com\/blog\/#organization\"}},{\"@type\":\"WebPage\",\"@id\":\"https:\/\/agenciainfra.com\/blog\/infradebate-seletividade-pela-essencialidade-o-julgamento-iniciado-no-stf-e-seu-impacto-na-atividade-de-saneamento\/\",\"url\":\"https:\/\/agenciainfra.com\/blog\/infradebate-seletividade-pela-essencialidade-o-julgamento-iniciado-no-stf-e-seu-impacto-na-atividade-de-saneamento\/\",\"name\":\"iNFRADebate: Seletividade pela essencialidade, o julgamento iniciado no STF e seu impacto na atividade de saneamento - Ag\u00eancia iNFRA\",\"isPartOf\":{\"@id\":\"https:\/\/agenciainfra.com\/blog\/#website\"},\"primaryImageOfPage\":{\"@id\":\"https:\/\/agenciainfra.com\/blog\/infradebate-seletividade-pela-essencialidade-o-julgamento-iniciado-no-stf-e-seu-impacto-na-atividade-de-saneamento\/#primaryimage\"},\"image\":{\"@id\":\"https:\/\/agenciainfra.com\/blog\/infradebate-seletividade-pela-essencialidade-o-julgamento-iniciado-no-stf-e-seu-impacto-na-atividade-de-saneamento\/#primaryimage\"},\"thumbnailUrl\":\"https:\/\/agenciainfra.com\/blog\/wp-content\/uploads\/2021\/03\/augusto-berch-e-fernando-ayres-foto-arquivo-pessoal.png\",\"datePublished\":\"2021-03-12T16:00:00+00:00\",\"breadcrumb\":{\"@id\":\"https:\/\/agenciainfra.com\/blog\/infradebate-seletividade-pela-essencialidade-o-julgamento-iniciado-no-stf-e-seu-impacto-na-atividade-de-saneamento\/#breadcrumb\"},\"inLanguage\":\"pt-BR\",\"potentialAction\":[{\"@type\":\"ReadAction\",\"target\":[\"https:\/\/agenciainfra.com\/blog\/infradebate-seletividade-pela-essencialidade-o-julgamento-iniciado-no-stf-e-seu-impacto-na-atividade-de-saneamento\/\"]}]},{\"@type\":\"ImageObject\",\"inLanguage\":\"pt-BR\",\"@id\":\"https:\/\/agenciainfra.com\/blog\/infradebate-seletividade-pela-essencialidade-o-julgamento-iniciado-no-stf-e-seu-impacto-na-atividade-de-saneamento\/#primaryimage\",\"url\":\"https:\/\/agenciainfra.com\/blog\/wp-content\/uploads\/2021\/03\/augusto-berch-e-fernando-ayres-foto-arquivo-pessoal.png\",\"contentUrl\":\"https:\/\/agenciainfra.com\/blog\/wp-content\/uploads\/2021\/03\/augusto-berch-e-fernando-ayres-foto-arquivo-pessoal.png\",\"width\":1280,\"height\":849},{\"@type\":\"BreadcrumbList\",\"@id\":\"https:\/\/agenciainfra.com\/blog\/infradebate-seletividade-pela-essencialidade-o-julgamento-iniciado-no-stf-e-seu-impacto-na-atividade-de-saneamento\/#breadcrumb\",\"itemListElement\":[{\"@type\":\"ListItem\",\"position\":1,\"name\":\"In\u00edcio\",\"item\":\"https:\/\/agenciainfra.com\/blog\/\"},{\"@type\":\"ListItem\",\"position\":2,\"name\":\"iNFRADebate: Seletividade pela essencialidade, o julgamento iniciado no STF e seu impacto na atividade de saneamento\"}]},{\"@type\":\"WebSite\",\"@id\":\"https:\/\/agenciainfra.com\/blog\/#website\",\"url\":\"https:\/\/agenciainfra.com\/blog\/\",\"name\":\"Ag\u00eancia iNFRA\",\"description\":\"Multiplataforma de informa\u00e7\u00e3o jornal\u00edstica refer\u00eancia na \u00e1rea de infraestrutura no Brasil!\",\"publisher\":{\"@id\":\"https:\/\/agenciainfra.com\/blog\/#organization\"},\"potentialAction\":[{\"@type\":\"SearchAction\",\"target\":{\"@type\":\"EntryPoint\",\"urlTemplate\":\"https:\/\/agenciainfra.com\/blog\/?s={search_term_string}\"},\"query-input\":{\"@type\":\"PropertyValueSpecification\",\"valueRequired\":true,\"valueName\":\"search_term_string\"}}],\"inLanguage\":\"pt-BR\"},{\"@type\":\"Organization\",\"@id\":\"https:\/\/agenciainfra.com\/blog\/#organization\",\"name\":\"Ag\u00eancia iNFRA\",\"url\":\"https:\/\/agenciainfra.com\/blog\/\",\"logo\":{\"@type\":\"ImageObject\",\"inLanguage\":\"pt-BR\",\"@id\":\"https:\/\/agenciainfra.com\/blog\/#\/schema\/logo\/image\/\",\"url\":\"https:\/\/agenciainfra.com\/blog\/wp-content\/uploads\/2023\/09\/iNFRA_5-e1761735885940.png\",\"contentUrl\":\"https:\/\/agenciainfra.com\/blog\/wp-content\/uploads\/2023\/09\/iNFRA_5-e1761735885940.png\",\"width\":1672,\"height\":454,\"caption\":\"Ag\u00eancia iNFRA\"},\"image\":{\"@id\":\"https:\/\/agenciainfra.com\/blog\/#\/schema\/logo\/image\/\"},\"sameAs\":[\"https:\/\/www.facebook.com\/ageninfra\",\"https:\/\/x.com\/agencia_infra\",\"https:\/\/www.linkedin.com\/company\/ag\u00eanciainfra\/\",\"https:\/\/www.instagram.com\/agenciainfra\/\"]},{\"@type\":\"Person\",\"@id\":\"https:\/\/agenciainfra.com\/blog\/#\/schema\/person\/04dbb79bd6d8951f063da71f3e4c1eb1\",\"name\":\"Rodrigo Zuquim\",\"image\":{\"@type\":\"ImageObject\",\"inLanguage\":\"pt-BR\",\"@id\":\"https:\/\/agenciainfra.com\/blog\/#\/schema\/person\/image\/\",\"url\":\"https:\/\/secure.gravatar.com\/avatar\/594abfe82761d620726242ff34ca472a705a4b97f16c790053a6b4c4035274d0?s=96&d=mm&r=g\",\"contentUrl\":\"https:\/\/secure.gravatar.com\/avatar\/594abfe82761d620726242ff34ca472a705a4b97f16c790053a6b4c4035274d0?s=96&d=mm&r=g\",\"caption\":\"Rodrigo Zuquim\"},\"url\":\"https:\/\/agenciainfra.com\/blog\/author\/rodrigo-zuquim\/\"}]}<\/script>\n<!-- \/ Yoast SEO Premium plugin. -->","yoast_head_json":{"title":"iNFRADebate: Seletividade pela essencialidade, o julgamento iniciado no STF e seu impacto na atividade de saneamento - Ag\u00eancia iNFRA","robots":{"index":"index","follow":"follow","max-snippet":"max-snippet:-1","max-image-preview":"max-image-preview:large","max-video-preview":"max-video-preview:-1"},"canonical":"https:\/\/agenciainfra.com\/blog\/infradebate-seletividade-pela-essencialidade-o-julgamento-iniciado-no-stf-e-seu-impacto-na-atividade-de-saneamento\/","og_locale":"pt_BR","og_type":"article","og_title":"iNFRADebate: Seletividade pela essencialidade, o julgamento iniciado no STF e seu impacto na atividade de saneamento","og_description":"Fernando Gomes de Souza Ayres e Augusto Bercht* O ICMS (Imposto sobre a Circula\u00e7\u00e3o de Mercadorias e Servi\u00e7os), por \u00f3bvio, tem impacto em todas as opera\u00e7\u00f5es envolvendo mercadorias e determinados servi\u00e7os (transporte intermunicipais e interestaduais e comunica\u00e7\u00f5es). Uma de suas caracter\u00edsticas \u00e9 a busca pela neutralidade, utilizando instrumentos como a n\u00e3o cumulatividade e a chamada [&hellip;]","og_url":"https:\/\/agenciainfra.com\/blog\/infradebate-seletividade-pela-essencialidade-o-julgamento-iniciado-no-stf-e-seu-impacto-na-atividade-de-saneamento\/","og_site_name":"Ag\u00eancia iNFRA","article_publisher":"https:\/\/www.facebook.com\/ageninfra","article_published_time":"2021-03-12T16:00:00+00:00","og_image":[{"width":1280,"height":849,"url":"https:\/\/agenciainfra.com\/blog\/wp-content\/uploads\/2021\/03\/augusto-berch-e-fernando-ayres-foto-arquivo-pessoal.png","type":"image\/png"}],"author":"Rodrigo Zuquim","twitter_card":"summary_large_image","twitter_creator":"@agencia_infra","twitter_site":"@agencia_infra","twitter_misc":{"Escrito por":"Rodrigo Zuquim","Est. tempo de leitura":"5 minutos"},"schema":{"@context":"https:\/\/schema.org","@graph":[{"@type":"Article","@id":"https:\/\/agenciainfra.com\/blog\/infradebate-seletividade-pela-essencialidade-o-julgamento-iniciado-no-stf-e-seu-impacto-na-atividade-de-saneamento\/#article","isPartOf":{"@id":"https:\/\/agenciainfra.com\/blog\/infradebate-seletividade-pela-essencialidade-o-julgamento-iniciado-no-stf-e-seu-impacto-na-atividade-de-saneamento\/"},"author":{"name":"Rodrigo Zuquim","@id":"https:\/\/agenciainfra.com\/blog\/#\/schema\/person\/04dbb79bd6d8951f063da71f3e4c1eb1"},"headline":"iNFRADebate: Seletividade pela essencialidade, o julgamento iniciado no STF e seu impacto na atividade de saneamento","datePublished":"2021-03-12T16:00:00+00:00","mainEntityOfPage":{"@id":"https:\/\/agenciainfra.com\/blog\/infradebate-seletividade-pela-essencialidade-o-julgamento-iniciado-no-stf-e-seu-impacto-na-atividade-de-saneamento\/"},"wordCount":989,"publisher":{"@id":"https:\/\/agenciainfra.com\/blog\/#organization"},"image":{"@id":"https:\/\/agenciainfra.com\/blog\/infradebate-seletividade-pela-essencialidade-o-julgamento-iniciado-no-stf-e-seu-impacto-na-atividade-de-saneamento\/#primaryimage"},"thumbnailUrl":"https:\/\/agenciainfra.com\/blog\/wp-content\/uploads\/2021\/03\/augusto-berch-e-fernando-ayres-foto-arquivo-pessoal.png","keywords":["abastecimento de \u00e1gua","Alexandre de Moraes","Augusto Bercht","capacidade contributiva","carga tribut\u00e1ria","energia el\u00e9trica","esgotamento sanit\u00e1rio","essencialidade","Fernando Gomes de Souza Ayres","ICMS","Marco Aur\u00e9lio Mello","Marco Legal do Saneamento B\u00e1sico","saneamento","seletividade","SNIS","STF"],"articleSection":["Geral","iNFRADebate"],"inLanguage":"pt-BR","copyrightYear":"2021","copyrightHolder":{"@id":"https:\/\/agenciainfra.com\/blog\/#organization"}},{"@type":"WebPage","@id":"https:\/\/agenciainfra.com\/blog\/infradebate-seletividade-pela-essencialidade-o-julgamento-iniciado-no-stf-e-seu-impacto-na-atividade-de-saneamento\/","url":"https:\/\/agenciainfra.com\/blog\/infradebate-seletividade-pela-essencialidade-o-julgamento-iniciado-no-stf-e-seu-impacto-na-atividade-de-saneamento\/","name":"iNFRADebate: Seletividade pela essencialidade, o julgamento iniciado no STF e seu impacto na atividade de saneamento - Ag\u00eancia iNFRA","isPartOf":{"@id":"https:\/\/agenciainfra.com\/blog\/#website"},"primaryImageOfPage":{"@id":"https:\/\/agenciainfra.com\/blog\/infradebate-seletividade-pela-essencialidade-o-julgamento-iniciado-no-stf-e-seu-impacto-na-atividade-de-saneamento\/#primaryimage"},"image":{"@id":"https:\/\/agenciainfra.com\/blog\/infradebate-seletividade-pela-essencialidade-o-julgamento-iniciado-no-stf-e-seu-impacto-na-atividade-de-saneamento\/#primaryimage"},"thumbnailUrl":"https:\/\/agenciainfra.com\/blog\/wp-content\/uploads\/2021\/03\/augusto-berch-e-fernando-ayres-foto-arquivo-pessoal.png","datePublished":"2021-03-12T16:00:00+00:00","breadcrumb":{"@id":"https:\/\/agenciainfra.com\/blog\/infradebate-seletividade-pela-essencialidade-o-julgamento-iniciado-no-stf-e-seu-impacto-na-atividade-de-saneamento\/#breadcrumb"},"inLanguage":"pt-BR","potentialAction":[{"@type":"ReadAction","target":["https:\/\/agenciainfra.com\/blog\/infradebate-seletividade-pela-essencialidade-o-julgamento-iniciado-no-stf-e-seu-impacto-na-atividade-de-saneamento\/"]}]},{"@type":"ImageObject","inLanguage":"pt-BR","@id":"https:\/\/agenciainfra.com\/blog\/infradebate-seletividade-pela-essencialidade-o-julgamento-iniciado-no-stf-e-seu-impacto-na-atividade-de-saneamento\/#primaryimage","url":"https:\/\/agenciainfra.com\/blog\/wp-content\/uploads\/2021\/03\/augusto-berch-e-fernando-ayres-foto-arquivo-pessoal.png","contentUrl":"https:\/\/agenciainfra.com\/blog\/wp-content\/uploads\/2021\/03\/augusto-berch-e-fernando-ayres-foto-arquivo-pessoal.png","width":1280,"height":849},{"@type":"BreadcrumbList","@id":"https:\/\/agenciainfra.com\/blog\/infradebate-seletividade-pela-essencialidade-o-julgamento-iniciado-no-stf-e-seu-impacto-na-atividade-de-saneamento\/#breadcrumb","itemListElement":[{"@type":"ListItem","position":1,"name":"In\u00edcio","item":"https:\/\/agenciainfra.com\/blog\/"},{"@type":"ListItem","position":2,"name":"iNFRADebate: Seletividade pela essencialidade, o julgamento iniciado no STF e seu impacto na atividade de saneamento"}]},{"@type":"WebSite","@id":"https:\/\/agenciainfra.com\/blog\/#website","url":"https:\/\/agenciainfra.com\/blog\/","name":"Ag\u00eancia iNFRA","description":"Multiplataforma de informa\u00e7\u00e3o jornal\u00edstica refer\u00eancia na \u00e1rea de infraestrutura no Brasil!","publisher":{"@id":"https:\/\/agenciainfra.com\/blog\/#organization"},"potentialAction":[{"@type":"SearchAction","target":{"@type":"EntryPoint","urlTemplate":"https:\/\/agenciainfra.com\/blog\/?s={search_term_string}"},"query-input":{"@type":"PropertyValueSpecification","valueRequired":true,"valueName":"search_term_string"}}],"inLanguage":"pt-BR"},{"@type":"Organization","@id":"https:\/\/agenciainfra.com\/blog\/#organization","name":"Ag\u00eancia iNFRA","url":"https:\/\/agenciainfra.com\/blog\/","logo":{"@type":"ImageObject","inLanguage":"pt-BR","@id":"https:\/\/agenciainfra.com\/blog\/#\/schema\/logo\/image\/","url":"https:\/\/agenciainfra.com\/blog\/wp-content\/uploads\/2023\/09\/iNFRA_5-e1761735885940.png","contentUrl":"https:\/\/agenciainfra.com\/blog\/wp-content\/uploads\/2023\/09\/iNFRA_5-e1761735885940.png","width":1672,"height":454,"caption":"Ag\u00eancia iNFRA"},"image":{"@id":"https:\/\/agenciainfra.com\/blog\/#\/schema\/logo\/image\/"},"sameAs":["https:\/\/www.facebook.com\/ageninfra","https:\/\/x.com\/agencia_infra","https:\/\/www.linkedin.com\/company\/ag\u00eanciainfra\/","https:\/\/www.instagram.com\/agenciainfra\/"]},{"@type":"Person","@id":"https:\/\/agenciainfra.com\/blog\/#\/schema\/person\/04dbb79bd6d8951f063da71f3e4c1eb1","name":"Rodrigo Zuquim","image":{"@type":"ImageObject","inLanguage":"pt-BR","@id":"https:\/\/agenciainfra.com\/blog\/#\/schema\/person\/image\/","url":"https:\/\/secure.gravatar.com\/avatar\/594abfe82761d620726242ff34ca472a705a4b97f16c790053a6b4c4035274d0?s=96&d=mm&r=g","contentUrl":"https:\/\/secure.gravatar.com\/avatar\/594abfe82761d620726242ff34ca472a705a4b97f16c790053a6b4c4035274d0?s=96&d=mm&r=g","caption":"Rodrigo Zuquim"},"url":"https:\/\/agenciainfra.com\/blog\/author\/rodrigo-zuquim\/"}]}},"_links":{"self":[{"href":"https:\/\/agenciainfra.com\/blog\/wp-json\/wp\/v2\/posts\/6900","targetHints":{"allow":["GET"]}}],"collection":[{"href":"https:\/\/agenciainfra.com\/blog\/wp-json\/wp\/v2\/posts"}],"about":[{"href":"https:\/\/agenciainfra.com\/blog\/wp-json\/wp\/v2\/types\/post"}],"author":[{"embeddable":true,"href":"https:\/\/agenciainfra.com\/blog\/wp-json\/wp\/v2\/users\/9"}],"replies":[{"embeddable":true,"href":"https:\/\/agenciainfra.com\/blog\/wp-json\/wp\/v2\/comments?post=6900"}],"version-history":[{"count":0,"href":"https:\/\/agenciainfra.com\/blog\/wp-json\/wp\/v2\/posts\/6900\/revisions"}],"wp:featuredmedia":[{"embeddable":true,"href":"https:\/\/agenciainfra.com\/blog\/wp-json\/wp\/v2\/media\/6905"}],"wp:attachment":[{"href":"https:\/\/agenciainfra.com\/blog\/wp-json\/wp\/v2\/media?parent=6900"}],"wp:term":[{"taxonomy":"category","embeddable":true,"href":"https:\/\/agenciainfra.com\/blog\/wp-json\/wp\/v2\/categories?post=6900"},{"taxonomy":"post_tag","embeddable":true,"href":"https:\/\/agenciainfra.com\/blog\/wp-json\/wp\/v2\/tags?post=6900"}],"curies":[{"name":"wp","href":"https:\/\/api.w.org\/{rel}","templated":true}]}}