{"id":6901,"date":"2021-03-12T07:45:53","date_gmt":"2021-03-12T10:45:53","guid":{"rendered":"https:\/\/www.agenciainfra.com\/blog\/?p=6901"},"modified":"2021-03-12T07:45:57","modified_gmt":"2021-03-12T10:45:57","slug":"concessao-da-br-163-ms-e-qualificada-no-ppi-para-relicitacao","status":"publish","type":"post","link":"https:\/\/agenciainfra.com\/blog\/concessao-da-br-163-ms-e-qualificada-no-ppi-para-relicitacao\/","title":{"rendered":"Concess\u00e3o da BR-163\/MS \u00e9 qualificada no PPI para relicita\u00e7\u00e3o"},"content":{"rendered":"\n<p class=\"has-text-align-right\"><strong>da Ag\u00eancia iNFRA<\/strong><\/p>\n\n\n\n<p>Decreto 10.647 qualificou, no \u00e2mbito do PPI (Programa de Parcerias de Investimentos), a concess\u00e3o da BR-163\/MS para fins de relicita\u00e7\u00e3o.\u00a0O <a rel=\"noreferrer noopener\" href=\"https:\/\/pesquisa.in.gov.br\/imprensa\/jsp\/visualiza\/index.jsp?data=12\/03\/2021&amp;jornal=515&amp;pagina=11&amp;totalArquivos=179\" target=\"_blank\" data-type=\"URL\" data-id=\"https:\/\/pesquisa.in.gov.br\/imprensa\/jsp\/visualiza\/index.jsp?data=12\/03\/2021&amp;jornal=515&amp;pagina=11&amp;totalArquivos=179\">ato foi publicado<\/a> no Di\u00e1rio Oficial da Uni\u00e3o de hoje (12).<\/p>\n\n\n\n<p>De acordo com a norma, a qualifica\u00e7\u00e3o perder\u00e1 efic\u00e1cia e ser\u00e1 considerada extinta se n\u00e3o for firmado, no prazo de 90 dias, um termo aditivo\u00a0entre a concession\u00e1ria e a ANTT (Ag\u00eancia Nacional de Transportes Terrestres) para a relicita\u00e7\u00e3o da via.<\/p>\n\n\n\n<p>A rodovia \u00e9 controlada pela CCR e faz parte da 3\u00aa Etapa de Concess\u00f5es Rodovi\u00e1rias, de 2013\/2014. Das seis concess\u00f5es realizadas no per\u00edodo, apenas uma n\u00e3o entrou com pedido para devolver a concess\u00e3o ou teve declarada a caducidade do contrato.<\/p>\n\n\n\n<p>As cinco concess\u00f5es est\u00e3o com processos por descumprimento de contrato, basicamente por n\u00e3o terem realizado a duplica\u00e7\u00e3o das rodovias concedidas no prazo estabelecido no contrato, que era de cinco anos. As concession\u00e1rias alegam que n\u00e3o tiveram por parte do governo as condi\u00e7\u00f5es para realizar os investimentos, o que os \u00f3rg\u00e3os do governo contestam.<\/p>\n\n\n\n<p>Todas as concession\u00e1rias entraram com pedidos de arbitragem, que vai decidir quem ter\u00e1 a raz\u00e3o.<\/p>\n\n\n\n<p>Se a concession\u00e1ria e a ag\u00eancia reguladora chegarem a um acordo no prazo de 90 dias e o termo aditivo for assinado, h\u00e1 um prazo previsto de dois anos para que a licita\u00e7\u00e3o para a escolha de uma nova concession\u00e1ria seja realizada.<\/p>\n\n\n\n<p>Nesse per\u00edodo, a atual concession\u00e1ria, a MSVia,\u00a0tem por obriga\u00e7\u00e3o manter a rodovia, mas deixa de ter a obriga\u00e7\u00e3o de realizar investimentos. Ela tamb\u00e9m pode cobrar o ped\u00e1gio que for estabelecido pela ag\u00eancia.<\/p>\n\n\n\n<p>At\u00e9 o momento, apenas uma concession\u00e1ria de rodovias, a Via 040, do grupo Invepar, que administra a concess\u00e3o da BR-040\/MG-GO-DF, chegou \u00e0 fase de assinatura do aditivo.<\/p>\n","protected":false},"excerpt":{"rendered":"<p>da Ag\u00eancia iNFRA Decreto 10.647 qualificou, no \u00e2mbito do PPI (Programa de Parcerias de Investimentos), a concess\u00e3o da BR-163\/MS para fins de relicita\u00e7\u00e3o.\u00a0O ato foi publicado no Di\u00e1rio Oficial da Uni\u00e3o de hoje (12). De acordo com a norma, a qualifica\u00e7\u00e3o perder\u00e1 efic\u00e1cia e ser\u00e1 considerada extinta se n\u00e3o for firmado, no prazo de 90 [&hellip;]<\/p>\n","protected":false},"author":9,"featured_media":6902,"comment_status":"closed","ping_status":"closed","sticky":false,"template":"","format":"standard","meta":{"_monsterinsights_skip_tracking":false,"_monsterinsights_sitenote_active":false,"_monsterinsights_sitenote_note":"","_monsterinsights_sitenote_category":0,"footnotes":""},"categories":[1,2052],"tags":[1713,935,72,19,1262,514,245,588,22,3729,3685,1020,32,1450,20,786,1027,21,1019],"class_list":["post-6901","post","type-post","status-publish","format-standard","has-post-thumbnail","hentry","category-geral","category-infra-transicao","tag-3a-etapa-de-concessoes","tag-agencia-nacional-de-transportes-terrestres","tag-agencia-reguladora","tag-antt","tag-arbitragem","tag-br-040","tag-caducidade","tag-ccr","tag-concessao","tag-decreto-10-647","tag-duplicacao","tag-invepar","tag-investimentos","tag-msvia","tag-pedagio","tag-programa-de-parcerias-de-investimentos","tag-relicitacao","tag-rodovia","tag-via-040"],"yoast_head":"<!-- This site is optimized with the Yoast SEO Premium plugin v25.4 (Yoast SEO v26.0) - https:\/\/yoast.com\/wordpress\/plugins\/seo\/ -->\n<title>Concess\u00e3o da BR-163\/MS \u00e9 qualificada no PPI para relicita\u00e7\u00e3o - Ag\u00eancia iNFRA<\/title>\n<meta name=\"robots\" content=\"index, follow, max-snippet:-1, max-image-preview:large, max-video-preview:-1\" \/>\n<link rel=\"canonical\" href=\"https:\/\/agenciainfra.com\/blog\/concessao-da-br-163-ms-e-qualificada-no-ppi-para-relicitacao\/\" \/>\n<meta property=\"og:locale\" content=\"pt_BR\" \/>\n<meta property=\"og:type\" content=\"article\" \/>\n<meta property=\"og:title\" content=\"Concess\u00e3o da BR-163\/MS \u00e9 qualificada no PPI para relicita\u00e7\u00e3o\" \/>\n<meta property=\"og:description\" content=\"da Ag\u00eancia iNFRA Decreto 10.647 qualificou, no \u00e2mbito do PPI (Programa de Parcerias de Investimentos), a concess\u00e3o da BR-163\/MS para fins de relicita\u00e7\u00e3o.\u00a0O ato foi publicado no Di\u00e1rio Oficial da Uni\u00e3o de hoje (12). De acordo com a norma, a qualifica\u00e7\u00e3o perder\u00e1 efic\u00e1cia e ser\u00e1 considerada extinta se n\u00e3o for firmado, no prazo de 90 [&hellip;]\" \/>\n<meta property=\"og:url\" content=\"https:\/\/agenciainfra.com\/blog\/concessao-da-br-163-ms-e-qualificada-no-ppi-para-relicitacao\/\" \/>\n<meta property=\"og:site_name\" content=\"Ag\u00eancia iNFRA\" \/>\n<meta property=\"article:publisher\" content=\"https:\/\/www.facebook.com\/ageninfra\" \/>\n<meta property=\"article:published_time\" content=\"2021-03-12T10:45:53+00:00\" \/>\n<meta property=\"article:modified_time\" content=\"2021-03-12T10:45:57+00:00\" \/>\n<meta property=\"og:image\" content=\"https:\/\/agenciainfra.com\/blog\/wp-content\/uploads\/2021\/03\/br-163-ms-foto-antt.jpeg\" \/>\n\t<meta property=\"og:image:width\" content=\"1280\" \/>\n\t<meta property=\"og:image:height\" content=\"718\" \/>\n\t<meta property=\"og:image:type\" content=\"image\/jpeg\" \/>\n<meta name=\"author\" content=\"Rodrigo Zuquim\" \/>\n<meta name=\"twitter:card\" content=\"summary_large_image\" \/>\n<meta name=\"twitter:creator\" content=\"@agencia_infra\" \/>\n<meta name=\"twitter:site\" content=\"@agencia_infra\" \/>\n<meta name=\"twitter:label1\" content=\"Escrito por\" \/>\n\t<meta name=\"twitter:data1\" content=\"Rodrigo Zuquim\" \/>\n\t<meta name=\"twitter:label2\" content=\"Est. tempo de leitura\" \/>\n\t<meta name=\"twitter:data2\" content=\"2 minutos\" \/>\n<script type=\"application\/ld+json\" class=\"yoast-schema-graph\">{\"@context\":\"https:\/\/schema.org\",\"@graph\":[{\"@type\":\"Article\",\"@id\":\"https:\/\/agenciainfra.com\/blog\/concessao-da-br-163-ms-e-qualificada-no-ppi-para-relicitacao\/#article\",\"isPartOf\":{\"@id\":\"https:\/\/agenciainfra.com\/blog\/concessao-da-br-163-ms-e-qualificada-no-ppi-para-relicitacao\/\"},\"author\":{\"name\":\"Rodrigo Zuquim\",\"@id\":\"https:\/\/agenciainfra.com\/blog\/#\/schema\/person\/04dbb79bd6d8951f063da71f3e4c1eb1\"},\"headline\":\"Concess\u00e3o da BR-163\/MS \u00e9 qualificada no PPI para relicita\u00e7\u00e3o\",\"datePublished\":\"2021-03-12T10:45:53+00:00\",\"dateModified\":\"2021-03-12T10:45:57+00:00\",\"mainEntityOfPage\":{\"@id\":\"https:\/\/agenciainfra.com\/blog\/concessao-da-br-163-ms-e-qualificada-no-ppi-para-relicitacao\/\"},\"wordCount\":330,\"publisher\":{\"@id\":\"https:\/\/agenciainfra.com\/blog\/#organization\"},\"image\":{\"@id\":\"https:\/\/agenciainfra.com\/blog\/concessao-da-br-163-ms-e-qualificada-no-ppi-para-relicitacao\/#primaryimage\"},\"thumbnailUrl\":\"https:\/\/agenciainfra.com\/blog\/wp-content\/uploads\/2021\/03\/br-163-ms-foto-antt.jpeg\",\"keywords\":[\"3\u00aa Etapa de Concess\u00f5es\",\"Ag\u00eancia Nacional de Transportes Terrestres\",\"ag\u00eancia reguladora\",\"ANTT\",\"arbitragem\",\"BR-040\",\"caducidade\",\"CCR\",\"Concess\u00e3o\",\"Decreto 10.647\",\"duplica\u00e7\u00e3o\",\"Invepar\",\"Investimentos\",\"MSVIA\",\"Ped\u00e1gio\",\"Programa de Parcerias de Investimentos\",\"relicita\u00e7\u00e3o\",\"Rodovia\",\"Via 040\"],\"articleSection\":[\"Geral\",\"iNFRA Na Transi\u00e7\u00e3o\"],\"inLanguage\":\"pt-BR\",\"copyrightYear\":\"2021\",\"copyrightHolder\":{\"@id\":\"https:\/\/agenciainfra.com\/blog\/#organization\"}},{\"@type\":\"WebPage\",\"@id\":\"https:\/\/agenciainfra.com\/blog\/concessao-da-br-163-ms-e-qualificada-no-ppi-para-relicitacao\/\",\"url\":\"https:\/\/agenciainfra.com\/blog\/concessao-da-br-163-ms-e-qualificada-no-ppi-para-relicitacao\/\",\"name\":\"Concess\u00e3o da BR-163\/MS \u00e9 qualificada no PPI para relicita\u00e7\u00e3o - Ag\u00eancia iNFRA\",\"isPartOf\":{\"@id\":\"https:\/\/agenciainfra.com\/blog\/#website\"},\"primaryImageOfPage\":{\"@id\":\"https:\/\/agenciainfra.com\/blog\/concessao-da-br-163-ms-e-qualificada-no-ppi-para-relicitacao\/#primaryimage\"},\"image\":{\"@id\":\"https:\/\/agenciainfra.com\/blog\/concessao-da-br-163-ms-e-qualificada-no-ppi-para-relicitacao\/#primaryimage\"},\"thumbnailUrl\":\"https:\/\/agenciainfra.com\/blog\/wp-content\/uploads\/2021\/03\/br-163-ms-foto-antt.jpeg\",\"datePublished\":\"2021-03-12T10:45:53+00:00\",\"dateModified\":\"2021-03-12T10:45:57+00:00\",\"breadcrumb\":{\"@id\":\"https:\/\/agenciainfra.com\/blog\/concessao-da-br-163-ms-e-qualificada-no-ppi-para-relicitacao\/#breadcrumb\"},\"inLanguage\":\"pt-BR\",\"potentialAction\":[{\"@type\":\"ReadAction\",\"target\":[\"https:\/\/agenciainfra.com\/blog\/concessao-da-br-163-ms-e-qualificada-no-ppi-para-relicitacao\/\"]}]},{\"@type\":\"ImageObject\",\"inLanguage\":\"pt-BR\",\"@id\":\"https:\/\/agenciainfra.com\/blog\/concessao-da-br-163-ms-e-qualificada-no-ppi-para-relicitacao\/#primaryimage\",\"url\":\"https:\/\/agenciainfra.com\/blog\/wp-content\/uploads\/2021\/03\/br-163-ms-foto-antt.jpeg\",\"contentUrl\":\"https:\/\/agenciainfra.com\/blog\/wp-content\/uploads\/2021\/03\/br-163-ms-foto-antt.jpeg\",\"width\":1280,\"height\":718},{\"@type\":\"BreadcrumbList\",\"@id\":\"https:\/\/agenciainfra.com\/blog\/concessao-da-br-163-ms-e-qualificada-no-ppi-para-relicitacao\/#breadcrumb\",\"itemListElement\":[{\"@type\":\"ListItem\",\"position\":1,\"name\":\"In\u00edcio\",\"item\":\"https:\/\/agenciainfra.com\/blog\/\"},{\"@type\":\"ListItem\",\"position\":2,\"name\":\"Concess\u00e3o da BR-163\/MS \u00e9 qualificada no PPI para relicita\u00e7\u00e3o\"}]},{\"@type\":\"WebSite\",\"@id\":\"https:\/\/agenciainfra.com\/blog\/#website\",\"url\":\"https:\/\/agenciainfra.com\/blog\/\",\"name\":\"Ag\u00eancia iNFRA\",\"description\":\"Multiplataforma de informa\u00e7\u00e3o jornal\u00edstica refer\u00eancia na \u00e1rea de infraestrutura no Brasil!\",\"publisher\":{\"@id\":\"https:\/\/agenciainfra.com\/blog\/#organization\"},\"potentialAction\":[{\"@type\":\"SearchAction\",\"target\":{\"@type\":\"EntryPoint\",\"urlTemplate\":\"https:\/\/agenciainfra.com\/blog\/?s={search_term_string}\"},\"query-input\":{\"@type\":\"PropertyValueSpecification\",\"valueRequired\":true,\"valueName\":\"search_term_string\"}}],\"inLanguage\":\"pt-BR\"},{\"@type\":\"Organization\",\"@id\":\"https:\/\/agenciainfra.com\/blog\/#organization\",\"name\":\"Ag\u00eancia iNFRA\",\"url\":\"https:\/\/agenciainfra.com\/blog\/\",\"logo\":{\"@type\":\"ImageObject\",\"inLanguage\":\"pt-BR\",\"@id\":\"https:\/\/agenciainfra.com\/blog\/#\/schema\/logo\/image\/\",\"url\":\"https:\/\/agenciainfra.com\/blog\/wp-content\/uploads\/2023\/09\/iNFRA_5-e1761735885940.png\",\"contentUrl\":\"https:\/\/agenciainfra.com\/blog\/wp-content\/uploads\/2023\/09\/iNFRA_5-e1761735885940.png\",\"width\":1672,\"height\":454,\"caption\":\"Ag\u00eancia iNFRA\"},\"image\":{\"@id\":\"https:\/\/agenciainfra.com\/blog\/#\/schema\/logo\/image\/\"},\"sameAs\":[\"https:\/\/www.facebook.com\/ageninfra\",\"https:\/\/x.com\/agencia_infra\",\"https:\/\/www.linkedin.com\/company\/ag\u00eanciainfra\/\",\"https:\/\/www.instagram.com\/agenciainfra\/\"]},{\"@type\":\"Person\",\"@id\":\"https:\/\/agenciainfra.com\/blog\/#\/schema\/person\/04dbb79bd6d8951f063da71f3e4c1eb1\",\"name\":\"Rodrigo Zuquim\",\"image\":{\"@type\":\"ImageObject\",\"inLanguage\":\"pt-BR\",\"@id\":\"https:\/\/agenciainfra.com\/blog\/#\/schema\/person\/image\/\",\"url\":\"https:\/\/secure.gravatar.com\/avatar\/594abfe82761d620726242ff34ca472a705a4b97f16c790053a6b4c4035274d0?s=96&d=mm&r=g\",\"contentUrl\":\"https:\/\/secure.gravatar.com\/avatar\/594abfe82761d620726242ff34ca472a705a4b97f16c790053a6b4c4035274d0?s=96&d=mm&r=g\",\"caption\":\"Rodrigo Zuquim\"},\"url\":\"https:\/\/agenciainfra.com\/blog\/author\/rodrigo-zuquim\/\"}]}<\/script>\n<!-- \/ Yoast SEO Premium plugin. -->","yoast_head_json":{"title":"Concess\u00e3o da BR-163\/MS \u00e9 qualificada no PPI para relicita\u00e7\u00e3o - Ag\u00eancia iNFRA","robots":{"index":"index","follow":"follow","max-snippet":"max-snippet:-1","max-image-preview":"max-image-preview:large","max-video-preview":"max-video-preview:-1"},"canonical":"https:\/\/agenciainfra.com\/blog\/concessao-da-br-163-ms-e-qualificada-no-ppi-para-relicitacao\/","og_locale":"pt_BR","og_type":"article","og_title":"Concess\u00e3o da BR-163\/MS \u00e9 qualificada no PPI para relicita\u00e7\u00e3o","og_description":"da Ag\u00eancia iNFRA Decreto 10.647 qualificou, no \u00e2mbito do PPI (Programa de Parcerias de Investimentos), a concess\u00e3o da BR-163\/MS para fins de relicita\u00e7\u00e3o.\u00a0O ato foi publicado no Di\u00e1rio Oficial da Uni\u00e3o de hoje (12). De acordo com a norma, a qualifica\u00e7\u00e3o perder\u00e1 efic\u00e1cia e ser\u00e1 considerada extinta se n\u00e3o for firmado, no prazo de 90 [&hellip;]","og_url":"https:\/\/agenciainfra.com\/blog\/concessao-da-br-163-ms-e-qualificada-no-ppi-para-relicitacao\/","og_site_name":"Ag\u00eancia iNFRA","article_publisher":"https:\/\/www.facebook.com\/ageninfra","article_published_time":"2021-03-12T10:45:53+00:00","article_modified_time":"2021-03-12T10:45:57+00:00","og_image":[{"width":1280,"height":718,"url":"https:\/\/agenciainfra.com\/blog\/wp-content\/uploads\/2021\/03\/br-163-ms-foto-antt.jpeg","type":"image\/jpeg"}],"author":"Rodrigo Zuquim","twitter_card":"summary_large_image","twitter_creator":"@agencia_infra","twitter_site":"@agencia_infra","twitter_misc":{"Escrito por":"Rodrigo Zuquim","Est. tempo de leitura":"2 minutos"},"schema":{"@context":"https:\/\/schema.org","@graph":[{"@type":"Article","@id":"https:\/\/agenciainfra.com\/blog\/concessao-da-br-163-ms-e-qualificada-no-ppi-para-relicitacao\/#article","isPartOf":{"@id":"https:\/\/agenciainfra.com\/blog\/concessao-da-br-163-ms-e-qualificada-no-ppi-para-relicitacao\/"},"author":{"name":"Rodrigo Zuquim","@id":"https:\/\/agenciainfra.com\/blog\/#\/schema\/person\/04dbb79bd6d8951f063da71f3e4c1eb1"},"headline":"Concess\u00e3o da BR-163\/MS \u00e9 qualificada no PPI para relicita\u00e7\u00e3o","datePublished":"2021-03-12T10:45:53+00:00","dateModified":"2021-03-12T10:45:57+00:00","mainEntityOfPage":{"@id":"https:\/\/agenciainfra.com\/blog\/concessao-da-br-163-ms-e-qualificada-no-ppi-para-relicitacao\/"},"wordCount":330,"publisher":{"@id":"https:\/\/agenciainfra.com\/blog\/#organization"},"image":{"@id":"https:\/\/agenciainfra.com\/blog\/concessao-da-br-163-ms-e-qualificada-no-ppi-para-relicitacao\/#primaryimage"},"thumbnailUrl":"https:\/\/agenciainfra.com\/blog\/wp-content\/uploads\/2021\/03\/br-163-ms-foto-antt.jpeg","keywords":["3\u00aa Etapa de Concess\u00f5es","Ag\u00eancia Nacional de Transportes Terrestres","ag\u00eancia reguladora","ANTT","arbitragem","BR-040","caducidade","CCR","Concess\u00e3o","Decreto 10.647","duplica\u00e7\u00e3o","Invepar","Investimentos","MSVIA","Ped\u00e1gio","Programa de Parcerias de Investimentos","relicita\u00e7\u00e3o","Rodovia","Via 040"],"articleSection":["Geral","iNFRA Na Transi\u00e7\u00e3o"],"inLanguage":"pt-BR","copyrightYear":"2021","copyrightHolder":{"@id":"https:\/\/agenciainfra.com\/blog\/#organization"}},{"@type":"WebPage","@id":"https:\/\/agenciainfra.com\/blog\/concessao-da-br-163-ms-e-qualificada-no-ppi-para-relicitacao\/","url":"https:\/\/agenciainfra.com\/blog\/concessao-da-br-163-ms-e-qualificada-no-ppi-para-relicitacao\/","name":"Concess\u00e3o da BR-163\/MS \u00e9 qualificada no PPI para relicita\u00e7\u00e3o - Ag\u00eancia iNFRA","isPartOf":{"@id":"https:\/\/agenciainfra.com\/blog\/#website"},"primaryImageOfPage":{"@id":"https:\/\/agenciainfra.com\/blog\/concessao-da-br-163-ms-e-qualificada-no-ppi-para-relicitacao\/#primaryimage"},"image":{"@id":"https:\/\/agenciainfra.com\/blog\/concessao-da-br-163-ms-e-qualificada-no-ppi-para-relicitacao\/#primaryimage"},"thumbnailUrl":"https:\/\/agenciainfra.com\/blog\/wp-content\/uploads\/2021\/03\/br-163-ms-foto-antt.jpeg","datePublished":"2021-03-12T10:45:53+00:00","dateModified":"2021-03-12T10:45:57+00:00","breadcrumb":{"@id":"https:\/\/agenciainfra.com\/blog\/concessao-da-br-163-ms-e-qualificada-no-ppi-para-relicitacao\/#breadcrumb"},"inLanguage":"pt-BR","potentialAction":[{"@type":"ReadAction","target":["https:\/\/agenciainfra.com\/blog\/concessao-da-br-163-ms-e-qualificada-no-ppi-para-relicitacao\/"]}]},{"@type":"ImageObject","inLanguage":"pt-BR","@id":"https:\/\/agenciainfra.com\/blog\/concessao-da-br-163-ms-e-qualificada-no-ppi-para-relicitacao\/#primaryimage","url":"https:\/\/agenciainfra.com\/blog\/wp-content\/uploads\/2021\/03\/br-163-ms-foto-antt.jpeg","contentUrl":"https:\/\/agenciainfra.com\/blog\/wp-content\/uploads\/2021\/03\/br-163-ms-foto-antt.jpeg","width":1280,"height":718},{"@type":"BreadcrumbList","@id":"https:\/\/agenciainfra.com\/blog\/concessao-da-br-163-ms-e-qualificada-no-ppi-para-relicitacao\/#breadcrumb","itemListElement":[{"@type":"ListItem","position":1,"name":"In\u00edcio","item":"https:\/\/agenciainfra.com\/blog\/"},{"@type":"ListItem","position":2,"name":"Concess\u00e3o da BR-163\/MS \u00e9 qualificada no PPI para relicita\u00e7\u00e3o"}]},{"@type":"WebSite","@id":"https:\/\/agenciainfra.com\/blog\/#website","url":"https:\/\/agenciainfra.com\/blog\/","name":"Ag\u00eancia iNFRA","description":"Multiplataforma de informa\u00e7\u00e3o jornal\u00edstica refer\u00eancia na \u00e1rea de infraestrutura no Brasil!","publisher":{"@id":"https:\/\/agenciainfra.com\/blog\/#organization"},"potentialAction":[{"@type":"SearchAction","target":{"@type":"EntryPoint","urlTemplate":"https:\/\/agenciainfra.com\/blog\/?s={search_term_string}"},"query-input":{"@type":"PropertyValueSpecification","valueRequired":true,"valueName":"search_term_string"}}],"inLanguage":"pt-BR"},{"@type":"Organization","@id":"https:\/\/agenciainfra.com\/blog\/#organization","name":"Ag\u00eancia iNFRA","url":"https:\/\/agenciainfra.com\/blog\/","logo":{"@type":"ImageObject","inLanguage":"pt-BR","@id":"https:\/\/agenciainfra.com\/blog\/#\/schema\/logo\/image\/","url":"https:\/\/agenciainfra.com\/blog\/wp-content\/uploads\/2023\/09\/iNFRA_5-e1761735885940.png","contentUrl":"https:\/\/agenciainfra.com\/blog\/wp-content\/uploads\/2023\/09\/iNFRA_5-e1761735885940.png","width":1672,"height":454,"caption":"Ag\u00eancia iNFRA"},"image":{"@id":"https:\/\/agenciainfra.com\/blog\/#\/schema\/logo\/image\/"},"sameAs":["https:\/\/www.facebook.com\/ageninfra","https:\/\/x.com\/agencia_infra","https:\/\/www.linkedin.com\/company\/ag\u00eanciainfra\/","https:\/\/www.instagram.com\/agenciainfra\/"]},{"@type":"Person","@id":"https:\/\/agenciainfra.com\/blog\/#\/schema\/person\/04dbb79bd6d8951f063da71f3e4c1eb1","name":"Rodrigo Zuquim","image":{"@type":"ImageObject","inLanguage":"pt-BR","@id":"https:\/\/agenciainfra.com\/blog\/#\/schema\/person\/image\/","url":"https:\/\/secure.gravatar.com\/avatar\/594abfe82761d620726242ff34ca472a705a4b97f16c790053a6b4c4035274d0?s=96&d=mm&r=g","contentUrl":"https:\/\/secure.gravatar.com\/avatar\/594abfe82761d620726242ff34ca472a705a4b97f16c790053a6b4c4035274d0?s=96&d=mm&r=g","caption":"Rodrigo Zuquim"},"url":"https:\/\/agenciainfra.com\/blog\/author\/rodrigo-zuquim\/"}]}},"_links":{"self":[{"href":"https:\/\/agenciainfra.com\/blog\/wp-json\/wp\/v2\/posts\/6901","targetHints":{"allow":["GET"]}}],"collection":[{"href":"https:\/\/agenciainfra.com\/blog\/wp-json\/wp\/v2\/posts"}],"about":[{"href":"https:\/\/agenciainfra.com\/blog\/wp-json\/wp\/v2\/types\/post"}],"author":[{"embeddable":true,"href":"https:\/\/agenciainfra.com\/blog\/wp-json\/wp\/v2\/users\/9"}],"replies":[{"embeddable":true,"href":"https:\/\/agenciainfra.com\/blog\/wp-json\/wp\/v2\/comments?post=6901"}],"version-history":[{"count":0,"href":"https:\/\/agenciainfra.com\/blog\/wp-json\/wp\/v2\/posts\/6901\/revisions"}],"wp:featuredmedia":[{"embeddable":true,"href":"https:\/\/agenciainfra.com\/blog\/wp-json\/wp\/v2\/media\/6902"}],"wp:attachment":[{"href":"https:\/\/agenciainfra.com\/blog\/wp-json\/wp\/v2\/media?parent=6901"}],"wp:term":[{"taxonomy":"category","embeddable":true,"href":"https:\/\/agenciainfra.com\/blog\/wp-json\/wp\/v2\/categories?post=6901"},{"taxonomy":"post_tag","embeddable":true,"href":"https:\/\/agenciainfra.com\/blog\/wp-json\/wp\/v2\/tags?post=6901"}],"curies":[{"name":"wp","href":"https:\/\/api.w.org\/{rel}","templated":true}]}}