{"id":6906,"date":"2021-03-15T08:00:00","date_gmt":"2021-03-15T11:00:00","guid":{"rendered":"https:\/\/www.agenciainfra.com\/blog\/?p=6906"},"modified":"2021-03-12T08:30:47","modified_gmt":"2021-03-12T11:30:47","slug":"camara-fecha-acordo-para-derrubar-as-emendas-a-nova-lei-do-gas-feitas-no-senado","status":"publish","type":"post","link":"https:\/\/agenciainfra.com\/blog\/camara-fecha-acordo-para-derrubar-as-emendas-a-nova-lei-do-gas-feitas-no-senado\/","title":{"rendered":"C\u00e2mara fecha acordo para derrubar as emendas \u00e0 Nova Lei do G\u00e1s feitas no Senado"},"content":{"rendered":"\n<hr class=\"wp-block-separator\"\/>\n\n\n\n<p class=\"has-text-align-right\"><strong>Nestor Rabello e Leila Coimbra, da Ag\u00eancia iNFRA<\/strong><\/p>\n\n\n\n<p>Foi costurado nos bastidores, nos \u00faltimos dias, um acordo pol\u00edtico que assegura a derrubada, na C\u00e2mara dos Deputados, das emendas feitas no Senado ao projeto da Nova Lei do G\u00e1s (<a rel=\"noreferrer noopener\" href=\"https:\/\/agenciainfra.us14.list-manage.com\/track\/click?u=d460dd1bcf9ba0ae040e1fc0f&amp;id=6cd1b3dfc7&amp;e=c099169394\" target=\"_blank\">PL 4.476\/2020<\/a>). Deve haver o\u00a0resgate da vers\u00e3o aprovada anteriormente pela Casa, baseada no relat\u00f3rio do deputado Laercio Oliveira (PP-SE).<\/p>\n\n\n\n<p>Segundo fontes diretamente ligadas \u00e0s negocia\u00e7\u00f5es, o projeto passou&nbsp;por um momento de \u201cvirada\u201d, ap\u00f3s sucessivas tentativas de vota\u00e7\u00e3o terem sido adiadas nos \u00faltimos dias por falta de acordo. Um grupo de deputados&nbsp;resistia&nbsp;em aprovar o projeto nos termos defendidos pelo governo. Mas houve o&nbsp;convencimento de ampla maioria para garantir o texto defendido pelo MME (Minist\u00e9rio de Minas e Energia).<\/p>\n\n\n\n<p>A mat\u00e9ria est\u00e1 pronta para vota\u00e7\u00e3o, mas foi preterida nesta semana pela aprecia\u00e7\u00e3o da PEC (Proposta de Emenda \u00e0 Constitui\u00e7\u00e3o)&nbsp;<a href=\"https:\/\/agenciainfra.us14.list-manage.com\/track\/click?u=d460dd1bcf9ba0ae040e1fc0f&amp;id=f2a6310cab&amp;e=c099169394\" target=\"_blank\" rel=\"noreferrer noopener\">186<\/a>, a PEC Emergencial \u2013 necess\u00e1ria para assegurar o aux\u00edlio emergencial num momento de \u00e1pice da pandemia.&nbsp;<\/p>\n\n\n\n<p><strong>Governo alinhado<\/strong><br>Entidades de grandes consumidores e industriais, e segmentos do setor produtivo que apoiam a proposta do governo&nbsp;intensificaram nos \u00faltimos dias as articula\u00e7\u00f5es em torno do projeto, sobretudo entre os pr\u00f3prios ministros do Pal\u00e1cio do Planalto, que ficam no entorno do presidente Jair Bolsonaro.<\/p>\n\n\n\n<p>Como resultado, a defesa da mat\u00e9ria agora conta com um apoio uniforme do governo, e n\u00e3o apenas do MME e do Minist\u00e9rio da Economia. Havia receios, por parte de auxiliares do Planalto \u2013 e at\u00e9 lideran\u00e7as da base governista \u2013 em enfrentar as distribuidoras estaduais no Congresso, onde o segmento exerce forte influ\u00eancia.<\/p>\n\n\n\n<p>As distribuidoras det\u00eam o monop\u00f3lio constitucional de distribui\u00e7\u00e3o do g\u00e1s canalizado e lutam para preservar as mudan\u00e7as feitas pelos senadores e evitar que o projeto seja, enfim, colocado em vota\u00e7\u00e3o.<\/p>\n\n\n\n<p>No entanto, muitos que transitam tamb\u00e9m entre as distribuidoras avaliam ser dif\u00edcil reverter a press\u00e3o pela aprova\u00e7\u00e3o da vers\u00e3o inicial do projeto, aprovada em setembro pela C\u00e2mara com uma margem grande de votos: 351 votos a favor e 101 contra.<\/p>\n\n\n\n<p><strong>Derrota<\/strong><br>Conta, para a mar\u00e9 favor\u00e1vel ao governo, a aprova\u00e7\u00e3o na \u00faltima quarta-feira (10) de um\u00a0<a rel=\"noreferrer noopener\" href=\"https:\/\/agenciainfra.us14.list-manage.com\/track\/click?u=d460dd1bcf9ba0ae040e1fc0f&amp;id=b7652a2b58&amp;e=c099169394\" target=\"_blank\">projeto<\/a>\u00a0que abre o mercado de g\u00e1s no Amazonas. A proposta deve ser sancionada em breve pelo governo estadual e foi considerada como uma derrota emblem\u00e1tica para as distribuidoras.<\/p>\n\n\n\n<p>Isso porque o estado det\u00e9m uma das maiores reservas de g\u00e1s do pa\u00eds, e o projeto, que quebra o monop\u00f3lio local da Cig\u00e1s (Companhia de G\u00e1s do Amazonas) sobre a comercializa\u00e7\u00e3o, \u00e9 discutido desde o ano passado, conforme&nbsp;<a href=\"https:\/\/agenciainfra.us14.list-manage.com\/track\/click?u=d460dd1bcf9ba0ae040e1fc0f&amp;id=58cff27db8&amp;e=c099169394\" target=\"_blank\" rel=\"noreferrer noopener\">publicado<\/a>&nbsp;pela&nbsp;<strong>Ag\u00eancia iNFRA<\/strong>&nbsp;\u00e0 \u00e9poca.<\/p>\n\n\n\n<p>O projeto esclarece que a movimenta\u00e7\u00e3o de g\u00e1s natural em instala\u00e7\u00f5es e gasodutos na propriedade do agente n\u00e3o pode mais ser caracterizada como distribui\u00e7\u00e3o de g\u00e1s canalizado. Atividades de transporte e distribui\u00e7\u00e3o de GNL (g\u00e1s natural liquefeito) tamb\u00e9m n\u00e3o poder\u00e3o ser classificadas como distribui\u00e7\u00e3o de g\u00e1s canalizado.<\/p>\n\n\n\n<p>O texto ainda d\u00e1 maior poder \u00e0 figura do consumidor livre, que poder\u00e1 consumir volume igual ou superior a 300 mil m\u00b3\/m\u00eas (metros c\u00fabicos por m\u00eas). Anteriormente, s\u00f3 era permitido um volume de 500 mil m\u00b3\/dia (metros c\u00fabicos por dia), o que restringia esse consumo a grandes consumidores.<\/p>\n\n\n\n<p><strong>Emendas<\/strong><br>Com isso, a for\u00e7a das distribuidoras estaduais em oposi\u00e7\u00e3o ao governo, no \u00e2mbito da Nova Lei do G\u00e1s, enfraqueceu. Desde o ano passado elas protagonizam uma forte disputa com as entidades de grandes consumidores e industriais sobre o modelo a ser aprovado.<\/p>\n\n\n\n<p>Na atual etapa de tramita\u00e7\u00e3o do projeto na C\u00e2mara, duas modifica\u00e7\u00f5es feitas pelo Senado s\u00e3o o foco das negocia\u00e7\u00f5es.<\/p>\n\n\n\n<p>A primeira \u00e9 uma emenda que restringe a compet\u00eancia da ANP (Ag\u00eancia Nacional do Petr\u00f3leo, G\u00e1s Natural e Biocombust\u00edveis) para a classifica\u00e7\u00e3o de gasodutos de transporte ou de distribui\u00e7\u00e3o. O&nbsp;<a href=\"https:\/\/agenciainfra.us14.list-manage.com\/track\/click?u=d460dd1bcf9ba0ae040e1fc0f&amp;id=53b209417a&amp;e=c099169394\" target=\"_blank\" rel=\"noreferrer noopener\">parecer<\/a>&nbsp;de Laercio argumenta que o dispositivo poderia \u201ccriar monop\u00f3lios regionais\u201d no mercado de g\u00e1s.<\/p>\n\n\n\n<p>J\u00e1 a segunda emenda, tamb\u00e9m pol\u00eamica, \u00e9 a que trata do artigo 30 do projeto. A modifica\u00e7\u00e3o do Senado flexibiliza as restri\u00e7\u00f5es quanto a um mesmo agente atuar em diferentes pontos da cadeia de g\u00e1s natural. Para o governo, o dispositivo afetaria o acesso livre e ison\u00f4mico dos agentes ao mercado e \u00e0 competi\u00e7\u00e3o.<\/p>\n","protected":false},"excerpt":{"rendered":"<p>Nestor Rabello e Leila Coimbra, da Ag\u00eancia iNFRA Foi costurado nos bastidores, nos \u00faltimos dias, um acordo pol\u00edtico que assegura a derrubada, na C\u00e2mara dos Deputados, das emendas feitas no Senado ao projeto da Nova Lei do G\u00e1s (PL 4.476\/2020). Deve haver o\u00a0resgate da vers\u00e3o aprovada anteriormente pela Casa, baseada no relat\u00f3rio do deputado Laercio [&hellip;]<\/p>\n","protected":false},"author":9,"featured_media":6907,"comment_status":"closed","ping_status":"closed","sticky":false,"template":"","format":"standard","meta":{"_monsterinsights_skip_tracking":false,"_monsterinsights_sitenote_active":false,"_monsterinsights_sitenote_note":"","_monsterinsights_sitenote_category":0,"footnotes":""},"categories":[1,10],"tags":[672,1101,305,2026,26,949,285,292,3713,1784,341,1783,3741,845,2402,1091,766,96,1010,3743,1734,1661,2674,123,3742,617],"class_list":["post-6906","post","type-post","status-publish","format-standard","has-post-thumbnail","hentry","category-geral","category-infraenergia","tag-amazonas","tag-anp","tag-camara-dos-deputados","tag-cigas","tag-congresso","tag-consumidor-livre-de-gas","tag-consumidores","tag-distribuidoras","tag-gas-canalizado","tag-gas-natural-liquefeito","tag-gasodutos","tag-gnl","tag-industriais","tag-jair-bolsonaro","tag-laercio-oliveira-2","tag-mercado-de-gas","tag-ministerio-da-economia","tag-ministerio-de-minas-e-energia","tag-nova-lei-do-gas","tag-palacio-do-planalto","tag-pec-186","tag-pec-emergencial","tag-pl-4-476-2020","tag-senado","tag-setor-produtivo","tag-transporte"],"yoast_head":"<!-- This site is optimized with the Yoast SEO Premium plugin v25.4 (Yoast SEO v26.0) - https:\/\/yoast.com\/wordpress\/plugins\/seo\/ -->\n<title>C\u00e2mara fecha acordo para derrubar as emendas \u00e0 Nova Lei do G\u00e1s feitas no Senado - Ag\u00eancia iNFRA<\/title>\n<meta name=\"robots\" content=\"index, follow, max-snippet:-1, max-image-preview:large, max-video-preview:-1\" \/>\n<link rel=\"canonical\" href=\"https:\/\/agenciainfra.com\/blog\/camara-fecha-acordo-para-derrubar-as-emendas-a-nova-lei-do-gas-feitas-no-senado\/\" \/>\n<meta property=\"og:locale\" content=\"pt_BR\" \/>\n<meta property=\"og:type\" content=\"article\" \/>\n<meta property=\"og:title\" content=\"C\u00e2mara fecha acordo para derrubar as emendas \u00e0 Nova Lei do G\u00e1s feitas no Senado\" \/>\n<meta property=\"og:description\" content=\"Nestor Rabello e Leila Coimbra, da Ag\u00eancia iNFRA Foi costurado nos bastidores, nos \u00faltimos dias, um acordo pol\u00edtico que assegura a derrubada, na C\u00e2mara dos Deputados, das emendas feitas no Senado ao projeto da Nova Lei do G\u00e1s (PL 4.476\/2020). Deve haver o\u00a0resgate da vers\u00e3o aprovada anteriormente pela Casa, baseada no relat\u00f3rio do deputado Laercio [&hellip;]\" \/>\n<meta property=\"og:url\" content=\"https:\/\/agenciainfra.com\/blog\/camara-fecha-acordo-para-derrubar-as-emendas-a-nova-lei-do-gas-feitas-no-senado\/\" \/>\n<meta property=\"og:site_name\" content=\"Ag\u00eancia iNFRA\" \/>\n<meta property=\"article:publisher\" content=\"https:\/\/www.facebook.com\/ageninfra\" \/>\n<meta property=\"article:published_time\" content=\"2021-03-15T11:00:00+00:00\" \/>\n<meta property=\"og:image\" content=\"https:\/\/agenciainfra.com\/blog\/wp-content\/uploads\/2021\/03\/camara-dos-deputados-foto-leonardo-sa-agencia-senado.jpeg\" \/>\n\t<meta property=\"og:image:width\" content=\"1280\" \/>\n\t<meta property=\"og:image:height\" content=\"960\" \/>\n\t<meta property=\"og:image:type\" content=\"image\/jpeg\" \/>\n<meta name=\"author\" content=\"Rodrigo Zuquim\" \/>\n<meta name=\"twitter:card\" content=\"summary_large_image\" \/>\n<meta name=\"twitter:creator\" content=\"@agencia_infra\" \/>\n<meta name=\"twitter:site\" content=\"@agencia_infra\" \/>\n<meta name=\"twitter:label1\" content=\"Escrito por\" \/>\n\t<meta name=\"twitter:data1\" content=\"Rodrigo Zuquim\" \/>\n\t<meta name=\"twitter:label2\" content=\"Est. tempo de leitura\" \/>\n\t<meta name=\"twitter:data2\" content=\"4 minutos\" \/>\n<script type=\"application\/ld+json\" class=\"yoast-schema-graph\">{\"@context\":\"https:\/\/schema.org\",\"@graph\":[{\"@type\":\"Article\",\"@id\":\"https:\/\/agenciainfra.com\/blog\/camara-fecha-acordo-para-derrubar-as-emendas-a-nova-lei-do-gas-feitas-no-senado\/#article\",\"isPartOf\":{\"@id\":\"https:\/\/agenciainfra.com\/blog\/camara-fecha-acordo-para-derrubar-as-emendas-a-nova-lei-do-gas-feitas-no-senado\/\"},\"author\":{\"name\":\"Rodrigo Zuquim\",\"@id\":\"https:\/\/agenciainfra.com\/blog\/#\/schema\/person\/04dbb79bd6d8951f063da71f3e4c1eb1\"},\"headline\":\"C\u00e2mara fecha acordo para derrubar as emendas \u00e0 Nova Lei do G\u00e1s feitas no Senado\",\"datePublished\":\"2021-03-15T11:00:00+00:00\",\"mainEntityOfPage\":{\"@id\":\"https:\/\/agenciainfra.com\/blog\/camara-fecha-acordo-para-derrubar-as-emendas-a-nova-lei-do-gas-feitas-no-senado\/\"},\"wordCount\":773,\"publisher\":{\"@id\":\"https:\/\/agenciainfra.com\/blog\/#organization\"},\"image\":{\"@id\":\"https:\/\/agenciainfra.com\/blog\/camara-fecha-acordo-para-derrubar-as-emendas-a-nova-lei-do-gas-feitas-no-senado\/#primaryimage\"},\"thumbnailUrl\":\"https:\/\/agenciainfra.com\/blog\/wp-content\/uploads\/2021\/03\/camara-dos-deputados-foto-leonardo-sa-agencia-senado.jpeg\",\"keywords\":[\"amazonas\",\"ANP\",\"C\u00e2mara dos Deputados\",\"Cig\u00e1s\",\"congresso\",\"consumidor livre de g\u00e1s\",\"consumidores\",\"distribuidoras\",\"g\u00e1s canalizado\",\"g\u00e1s natural liquefeito\",\"gasodutos\",\"GNL\",\"industriais\",\"Jair Bolsonaro\",\"Laercio Oliveira\",\"mercado de g\u00e1s\",\"Minist\u00e9rio da Economia\",\"Minist\u00e9rio de Minas e Energia\",\"nova Lei do G\u00e1s\",\"Pal\u00e1cio do Planalto\",\"PEC 186\",\"PEC Emergencial\",\"PL 4.476\/2020\",\"senado\",\"setor produtivo\",\"transporte\"],\"articleSection\":[\"Geral\",\"iNFRAEnergia\"],\"inLanguage\":\"pt-BR\",\"copyrightYear\":\"2021\",\"copyrightHolder\":{\"@id\":\"https:\/\/agenciainfra.com\/blog\/#organization\"}},{\"@type\":\"WebPage\",\"@id\":\"https:\/\/agenciainfra.com\/blog\/camara-fecha-acordo-para-derrubar-as-emendas-a-nova-lei-do-gas-feitas-no-senado\/\",\"url\":\"https:\/\/agenciainfra.com\/blog\/camara-fecha-acordo-para-derrubar-as-emendas-a-nova-lei-do-gas-feitas-no-senado\/\",\"name\":\"C\u00e2mara fecha acordo para derrubar as emendas \u00e0 Nova Lei do G\u00e1s feitas no Senado - Ag\u00eancia iNFRA\",\"isPartOf\":{\"@id\":\"https:\/\/agenciainfra.com\/blog\/#website\"},\"primaryImageOfPage\":{\"@id\":\"https:\/\/agenciainfra.com\/blog\/camara-fecha-acordo-para-derrubar-as-emendas-a-nova-lei-do-gas-feitas-no-senado\/#primaryimage\"},\"image\":{\"@id\":\"https:\/\/agenciainfra.com\/blog\/camara-fecha-acordo-para-derrubar-as-emendas-a-nova-lei-do-gas-feitas-no-senado\/#primaryimage\"},\"thumbnailUrl\":\"https:\/\/agenciainfra.com\/blog\/wp-content\/uploads\/2021\/03\/camara-dos-deputados-foto-leonardo-sa-agencia-senado.jpeg\",\"datePublished\":\"2021-03-15T11:00:00+00:00\",\"breadcrumb\":{\"@id\":\"https:\/\/agenciainfra.com\/blog\/camara-fecha-acordo-para-derrubar-as-emendas-a-nova-lei-do-gas-feitas-no-senado\/#breadcrumb\"},\"inLanguage\":\"pt-BR\",\"potentialAction\":[{\"@type\":\"ReadAction\",\"target\":[\"https:\/\/agenciainfra.com\/blog\/camara-fecha-acordo-para-derrubar-as-emendas-a-nova-lei-do-gas-feitas-no-senado\/\"]}]},{\"@type\":\"ImageObject\",\"inLanguage\":\"pt-BR\",\"@id\":\"https:\/\/agenciainfra.com\/blog\/camara-fecha-acordo-para-derrubar-as-emendas-a-nova-lei-do-gas-feitas-no-senado\/#primaryimage\",\"url\":\"https:\/\/agenciainfra.com\/blog\/wp-content\/uploads\/2021\/03\/camara-dos-deputados-foto-leonardo-sa-agencia-senado.jpeg\",\"contentUrl\":\"https:\/\/agenciainfra.com\/blog\/wp-content\/uploads\/2021\/03\/camara-dos-deputados-foto-leonardo-sa-agencia-senado.jpeg\",\"width\":1280,\"height\":960},{\"@type\":\"BreadcrumbList\",\"@id\":\"https:\/\/agenciainfra.com\/blog\/camara-fecha-acordo-para-derrubar-as-emendas-a-nova-lei-do-gas-feitas-no-senado\/#breadcrumb\",\"itemListElement\":[{\"@type\":\"ListItem\",\"position\":1,\"name\":\"In\u00edcio\",\"item\":\"https:\/\/agenciainfra.com\/blog\/\"},{\"@type\":\"ListItem\",\"position\":2,\"name\":\"C\u00e2mara fecha acordo para derrubar as emendas \u00e0 Nova Lei do G\u00e1s feitas no Senado\"}]},{\"@type\":\"WebSite\",\"@id\":\"https:\/\/agenciainfra.com\/blog\/#website\",\"url\":\"https:\/\/agenciainfra.com\/blog\/\",\"name\":\"Ag\u00eancia iNFRA\",\"description\":\"Multiplataforma de informa\u00e7\u00e3o jornal\u00edstica refer\u00eancia na \u00e1rea de infraestrutura no Brasil!\",\"publisher\":{\"@id\":\"https:\/\/agenciainfra.com\/blog\/#organization\"},\"potentialAction\":[{\"@type\":\"SearchAction\",\"target\":{\"@type\":\"EntryPoint\",\"urlTemplate\":\"https:\/\/agenciainfra.com\/blog\/?s={search_term_string}\"},\"query-input\":{\"@type\":\"PropertyValueSpecification\",\"valueRequired\":true,\"valueName\":\"search_term_string\"}}],\"inLanguage\":\"pt-BR\"},{\"@type\":\"Organization\",\"@id\":\"https:\/\/agenciainfra.com\/blog\/#organization\",\"name\":\"Ag\u00eancia iNFRA\",\"url\":\"https:\/\/agenciainfra.com\/blog\/\",\"logo\":{\"@type\":\"ImageObject\",\"inLanguage\":\"pt-BR\",\"@id\":\"https:\/\/agenciainfra.com\/blog\/#\/schema\/logo\/image\/\",\"url\":\"https:\/\/agenciainfra.com\/blog\/wp-content\/uploads\/2023\/09\/iNFRA_5-e1761735885940.png\",\"contentUrl\":\"https:\/\/agenciainfra.com\/blog\/wp-content\/uploads\/2023\/09\/iNFRA_5-e1761735885940.png\",\"width\":1672,\"height\":454,\"caption\":\"Ag\u00eancia iNFRA\"},\"image\":{\"@id\":\"https:\/\/agenciainfra.com\/blog\/#\/schema\/logo\/image\/\"},\"sameAs\":[\"https:\/\/www.facebook.com\/ageninfra\",\"https:\/\/x.com\/agencia_infra\",\"https:\/\/www.linkedin.com\/company\/ag\u00eanciainfra\/\",\"https:\/\/www.instagram.com\/agenciainfra\/\"]},{\"@type\":\"Person\",\"@id\":\"https:\/\/agenciainfra.com\/blog\/#\/schema\/person\/04dbb79bd6d8951f063da71f3e4c1eb1\",\"name\":\"Rodrigo Zuquim\",\"image\":{\"@type\":\"ImageObject\",\"inLanguage\":\"pt-BR\",\"@id\":\"https:\/\/agenciainfra.com\/blog\/#\/schema\/person\/image\/\",\"url\":\"https:\/\/secure.gravatar.com\/avatar\/594abfe82761d620726242ff34ca472a705a4b97f16c790053a6b4c4035274d0?s=96&d=mm&r=g\",\"contentUrl\":\"https:\/\/secure.gravatar.com\/avatar\/594abfe82761d620726242ff34ca472a705a4b97f16c790053a6b4c4035274d0?s=96&d=mm&r=g\",\"caption\":\"Rodrigo Zuquim\"},\"url\":\"https:\/\/agenciainfra.com\/blog\/author\/rodrigo-zuquim\/\"}]}<\/script>\n<!-- \/ Yoast SEO Premium plugin. -->","yoast_head_json":{"title":"C\u00e2mara fecha acordo para derrubar as emendas \u00e0 Nova Lei do G\u00e1s feitas no Senado - Ag\u00eancia iNFRA","robots":{"index":"index","follow":"follow","max-snippet":"max-snippet:-1","max-image-preview":"max-image-preview:large","max-video-preview":"max-video-preview:-1"},"canonical":"https:\/\/agenciainfra.com\/blog\/camara-fecha-acordo-para-derrubar-as-emendas-a-nova-lei-do-gas-feitas-no-senado\/","og_locale":"pt_BR","og_type":"article","og_title":"C\u00e2mara fecha acordo para derrubar as emendas \u00e0 Nova Lei do G\u00e1s feitas no Senado","og_description":"Nestor Rabello e Leila Coimbra, da Ag\u00eancia iNFRA Foi costurado nos bastidores, nos \u00faltimos dias, um acordo pol\u00edtico que assegura a derrubada, na C\u00e2mara dos Deputados, das emendas feitas no Senado ao projeto da Nova Lei do G\u00e1s (PL 4.476\/2020). Deve haver o\u00a0resgate da vers\u00e3o aprovada anteriormente pela Casa, baseada no relat\u00f3rio do deputado Laercio [&hellip;]","og_url":"https:\/\/agenciainfra.com\/blog\/camara-fecha-acordo-para-derrubar-as-emendas-a-nova-lei-do-gas-feitas-no-senado\/","og_site_name":"Ag\u00eancia iNFRA","article_publisher":"https:\/\/www.facebook.com\/ageninfra","article_published_time":"2021-03-15T11:00:00+00:00","og_image":[{"width":1280,"height":960,"url":"https:\/\/agenciainfra.com\/blog\/wp-content\/uploads\/2021\/03\/camara-dos-deputados-foto-leonardo-sa-agencia-senado.jpeg","type":"image\/jpeg"}],"author":"Rodrigo Zuquim","twitter_card":"summary_large_image","twitter_creator":"@agencia_infra","twitter_site":"@agencia_infra","twitter_misc":{"Escrito por":"Rodrigo Zuquim","Est. tempo de leitura":"4 minutos"},"schema":{"@context":"https:\/\/schema.org","@graph":[{"@type":"Article","@id":"https:\/\/agenciainfra.com\/blog\/camara-fecha-acordo-para-derrubar-as-emendas-a-nova-lei-do-gas-feitas-no-senado\/#article","isPartOf":{"@id":"https:\/\/agenciainfra.com\/blog\/camara-fecha-acordo-para-derrubar-as-emendas-a-nova-lei-do-gas-feitas-no-senado\/"},"author":{"name":"Rodrigo Zuquim","@id":"https:\/\/agenciainfra.com\/blog\/#\/schema\/person\/04dbb79bd6d8951f063da71f3e4c1eb1"},"headline":"C\u00e2mara fecha acordo para derrubar as emendas \u00e0 Nova Lei do G\u00e1s feitas no Senado","datePublished":"2021-03-15T11:00:00+00:00","mainEntityOfPage":{"@id":"https:\/\/agenciainfra.com\/blog\/camara-fecha-acordo-para-derrubar-as-emendas-a-nova-lei-do-gas-feitas-no-senado\/"},"wordCount":773,"publisher":{"@id":"https:\/\/agenciainfra.com\/blog\/#organization"},"image":{"@id":"https:\/\/agenciainfra.com\/blog\/camara-fecha-acordo-para-derrubar-as-emendas-a-nova-lei-do-gas-feitas-no-senado\/#primaryimage"},"thumbnailUrl":"https:\/\/agenciainfra.com\/blog\/wp-content\/uploads\/2021\/03\/camara-dos-deputados-foto-leonardo-sa-agencia-senado.jpeg","keywords":["amazonas","ANP","C\u00e2mara dos Deputados","Cig\u00e1s","congresso","consumidor livre de g\u00e1s","consumidores","distribuidoras","g\u00e1s canalizado","g\u00e1s natural liquefeito","gasodutos","GNL","industriais","Jair Bolsonaro","Laercio Oliveira","mercado de g\u00e1s","Minist\u00e9rio da Economia","Minist\u00e9rio de Minas e Energia","nova Lei do G\u00e1s","Pal\u00e1cio do Planalto","PEC 186","PEC Emergencial","PL 4.476\/2020","senado","setor produtivo","transporte"],"articleSection":["Geral","iNFRAEnergia"],"inLanguage":"pt-BR","copyrightYear":"2021","copyrightHolder":{"@id":"https:\/\/agenciainfra.com\/blog\/#organization"}},{"@type":"WebPage","@id":"https:\/\/agenciainfra.com\/blog\/camara-fecha-acordo-para-derrubar-as-emendas-a-nova-lei-do-gas-feitas-no-senado\/","url":"https:\/\/agenciainfra.com\/blog\/camara-fecha-acordo-para-derrubar-as-emendas-a-nova-lei-do-gas-feitas-no-senado\/","name":"C\u00e2mara fecha acordo para derrubar as emendas \u00e0 Nova Lei do G\u00e1s feitas no Senado - Ag\u00eancia iNFRA","isPartOf":{"@id":"https:\/\/agenciainfra.com\/blog\/#website"},"primaryImageOfPage":{"@id":"https:\/\/agenciainfra.com\/blog\/camara-fecha-acordo-para-derrubar-as-emendas-a-nova-lei-do-gas-feitas-no-senado\/#primaryimage"},"image":{"@id":"https:\/\/agenciainfra.com\/blog\/camara-fecha-acordo-para-derrubar-as-emendas-a-nova-lei-do-gas-feitas-no-senado\/#primaryimage"},"thumbnailUrl":"https:\/\/agenciainfra.com\/blog\/wp-content\/uploads\/2021\/03\/camara-dos-deputados-foto-leonardo-sa-agencia-senado.jpeg","datePublished":"2021-03-15T11:00:00+00:00","breadcrumb":{"@id":"https:\/\/agenciainfra.com\/blog\/camara-fecha-acordo-para-derrubar-as-emendas-a-nova-lei-do-gas-feitas-no-senado\/#breadcrumb"},"inLanguage":"pt-BR","potentialAction":[{"@type":"ReadAction","target":["https:\/\/agenciainfra.com\/blog\/camara-fecha-acordo-para-derrubar-as-emendas-a-nova-lei-do-gas-feitas-no-senado\/"]}]},{"@type":"ImageObject","inLanguage":"pt-BR","@id":"https:\/\/agenciainfra.com\/blog\/camara-fecha-acordo-para-derrubar-as-emendas-a-nova-lei-do-gas-feitas-no-senado\/#primaryimage","url":"https:\/\/agenciainfra.com\/blog\/wp-content\/uploads\/2021\/03\/camara-dos-deputados-foto-leonardo-sa-agencia-senado.jpeg","contentUrl":"https:\/\/agenciainfra.com\/blog\/wp-content\/uploads\/2021\/03\/camara-dos-deputados-foto-leonardo-sa-agencia-senado.jpeg","width":1280,"height":960},{"@type":"BreadcrumbList","@id":"https:\/\/agenciainfra.com\/blog\/camara-fecha-acordo-para-derrubar-as-emendas-a-nova-lei-do-gas-feitas-no-senado\/#breadcrumb","itemListElement":[{"@type":"ListItem","position":1,"name":"In\u00edcio","item":"https:\/\/agenciainfra.com\/blog\/"},{"@type":"ListItem","position":2,"name":"C\u00e2mara fecha acordo para derrubar as emendas \u00e0 Nova Lei do G\u00e1s feitas no Senado"}]},{"@type":"WebSite","@id":"https:\/\/agenciainfra.com\/blog\/#website","url":"https:\/\/agenciainfra.com\/blog\/","name":"Ag\u00eancia iNFRA","description":"Multiplataforma de informa\u00e7\u00e3o jornal\u00edstica refer\u00eancia na \u00e1rea de infraestrutura no Brasil!","publisher":{"@id":"https:\/\/agenciainfra.com\/blog\/#organization"},"potentialAction":[{"@type":"SearchAction","target":{"@type":"EntryPoint","urlTemplate":"https:\/\/agenciainfra.com\/blog\/?s={search_term_string}"},"query-input":{"@type":"PropertyValueSpecification","valueRequired":true,"valueName":"search_term_string"}}],"inLanguage":"pt-BR"},{"@type":"Organization","@id":"https:\/\/agenciainfra.com\/blog\/#organization","name":"Ag\u00eancia iNFRA","url":"https:\/\/agenciainfra.com\/blog\/","logo":{"@type":"ImageObject","inLanguage":"pt-BR","@id":"https:\/\/agenciainfra.com\/blog\/#\/schema\/logo\/image\/","url":"https:\/\/agenciainfra.com\/blog\/wp-content\/uploads\/2023\/09\/iNFRA_5-e1761735885940.png","contentUrl":"https:\/\/agenciainfra.com\/blog\/wp-content\/uploads\/2023\/09\/iNFRA_5-e1761735885940.png","width":1672,"height":454,"caption":"Ag\u00eancia iNFRA"},"image":{"@id":"https:\/\/agenciainfra.com\/blog\/#\/schema\/logo\/image\/"},"sameAs":["https:\/\/www.facebook.com\/ageninfra","https:\/\/x.com\/agencia_infra","https:\/\/www.linkedin.com\/company\/ag\u00eanciainfra\/","https:\/\/www.instagram.com\/agenciainfra\/"]},{"@type":"Person","@id":"https:\/\/agenciainfra.com\/blog\/#\/schema\/person\/04dbb79bd6d8951f063da71f3e4c1eb1","name":"Rodrigo Zuquim","image":{"@type":"ImageObject","inLanguage":"pt-BR","@id":"https:\/\/agenciainfra.com\/blog\/#\/schema\/person\/image\/","url":"https:\/\/secure.gravatar.com\/avatar\/594abfe82761d620726242ff34ca472a705a4b97f16c790053a6b4c4035274d0?s=96&d=mm&r=g","contentUrl":"https:\/\/secure.gravatar.com\/avatar\/594abfe82761d620726242ff34ca472a705a4b97f16c790053a6b4c4035274d0?s=96&d=mm&r=g","caption":"Rodrigo Zuquim"},"url":"https:\/\/agenciainfra.com\/blog\/author\/rodrigo-zuquim\/"}]}},"_links":{"self":[{"href":"https:\/\/agenciainfra.com\/blog\/wp-json\/wp\/v2\/posts\/6906","targetHints":{"allow":["GET"]}}],"collection":[{"href":"https:\/\/agenciainfra.com\/blog\/wp-json\/wp\/v2\/posts"}],"about":[{"href":"https:\/\/agenciainfra.com\/blog\/wp-json\/wp\/v2\/types\/post"}],"author":[{"embeddable":true,"href":"https:\/\/agenciainfra.com\/blog\/wp-json\/wp\/v2\/users\/9"}],"replies":[{"embeddable":true,"href":"https:\/\/agenciainfra.com\/blog\/wp-json\/wp\/v2\/comments?post=6906"}],"version-history":[{"count":0,"href":"https:\/\/agenciainfra.com\/blog\/wp-json\/wp\/v2\/posts\/6906\/revisions"}],"wp:featuredmedia":[{"embeddable":true,"href":"https:\/\/agenciainfra.com\/blog\/wp-json\/wp\/v2\/media\/6907"}],"wp:attachment":[{"href":"https:\/\/agenciainfra.com\/blog\/wp-json\/wp\/v2\/media?parent=6906"}],"wp:term":[{"taxonomy":"category","embeddable":true,"href":"https:\/\/agenciainfra.com\/blog\/wp-json\/wp\/v2\/categories?post=6906"},{"taxonomy":"post_tag","embeddable":true,"href":"https:\/\/agenciainfra.com\/blog\/wp-json\/wp\/v2\/tags?post=6906"}],"curies":[{"name":"wp","href":"https:\/\/api.w.org\/{rel}","templated":true}]}}