{"id":6912,"date":"2021-03-16T08:00:00","date_gmt":"2021-03-16T11:00:00","guid":{"rendered":"https:\/\/www.agenciainfra.com\/blog\/?p=6912"},"modified":"2021-03-15T12:08:49","modified_gmt":"2021-03-15T15:08:49","slug":"projeto-sobre-geracao-distribuida-deve-ser-votado-sem-grandes-mudancas-diz-relator","status":"publish","type":"post","link":"https:\/\/agenciainfra.com\/blog\/projeto-sobre-geracao-distribuida-deve-ser-votado-sem-grandes-mudancas-diz-relator\/","title":{"rendered":"Projeto sobre gera\u00e7\u00e3o distribu\u00edda deve ser votado sem grandes mudan\u00e7as, diz relator"},"content":{"rendered":"\n<hr class=\"wp-block-separator\"\/>\n\n\n\n<p class=\"has-text-align-right\"><strong>Nestor Rabello, da Ag\u00eancia iNFRA<\/strong><\/p>\n\n\n\n<p>O relator do projeto que cria um marco para gera\u00e7\u00e3o distribu\u00edda (<a rel=\"noreferrer noopener\" href=\"https:\/\/agenciainfra.us14.list-manage.com\/track\/click?u=d460dd1bcf9ba0ae040e1fc0f&amp;id=e8412719d1&amp;e=c099169394\" target=\"_blank\">PL 5.829\/2019<\/a>), deputado Lafayette Andrada (Republicanos-MG), disse que a C\u00e2mara dos Deputados pode votar a mat\u00e9ria nesta quinta-feira (18), admitindo a possibilidade\u00a0de haver apenas &#8220;mudan\u00e7as perif\u00e9ricas&#8221;\u00a0em rela\u00e7\u00e3o ao substitutivo apresentado ao texto original, de sua autoria.<\/p>\n\n\n\n<p>Sua proposta prev\u00ea&nbsp;uma retirada leve dos descontos dados no fio ao segmento at\u00e9 a remunera\u00e7\u00e3o&nbsp;integral da Tusd (Tarifa de Uso dos Sistemas de Distribui\u00e7\u00e3o) Fio B \u00e0s distribuidoras, ao longo de dez anos.<\/p>\n\n\n\n<p>\u201cA espinha dorsal se mant\u00e9m. Pode haver altera\u00e7\u00f5es perif\u00e9ricas, ajustes, mas sem afetar a espinha dorsal do texto. \u00c9 uma proposta equilibrada, boa para o Brasil e que traz investimentos ao segmento de gera\u00e7\u00e3o distribu\u00edda&#8221;, disse o deputado \u00e0&nbsp;<strong>Ag\u00eancia iNFRA.<\/strong><\/p>\n\n\n\n<p>Nesse sentido, o MME (Minist\u00e9rio de Minas e Energia) e agentes do setor el\u00e9trico contr\u00e1rios \u00e0 proposta \u2013 como Abrace (Associa\u00e7\u00e3o de Grandes Consumidores de Energia e Consumidores Industriais) e Abradee, que representa as distribuidoras&nbsp;\u2013 tentam costurar um acordo&nbsp;para garantir uma retirada maior de descontos dados ao segmento.<\/p>\n\n\n\n<p>Em meio \u00e0s articula\u00e7\u00f5es, Lafayette afirmou que deve conversar com o governo sobre o projeto nesta semana. &#8220;A Casa&nbsp;Civil e o MME est\u00e3o olhando o tema com cautela e devemos conversar nesta semana. Eu quero o m\u00ednimo de arestas poss\u00edvel\u201d, pontuou.<\/p>\n\n\n\n<p><strong>Entraves<\/strong><br>O deputado mineiro aponta, contudo, que a vota\u00e7\u00e3o do projeto depender\u00e1 do andamento da pauta legislativa. A C\u00e2mara se re\u00fane hoje (16) para apreciar o projeto da Nova Lei do G\u00e1s (<a rel=\"noreferrer noopener\" href=\"https:\/\/agenciainfra.us14.list-manage.com\/track\/click?u=d460dd1bcf9ba0ae040e1fc0f&amp;id=360ac4e242&amp;e=c099169394\" target=\"_blank\">PL 4.476\/2020<\/a>), na esteira de um acordo fechado nos bastidores para derrubar as modifica\u00e7\u00f5es feitas pelo Senado.\u00a0Na\u00a0quarta-feira (17), est\u00e1 prevista uma sess\u00e3o do Congresso Nacional para apreciar vetos presidenciais.<\/p>\n\n\n\n<p>\u201cA previs\u00e3o \u00e9 que vote a Lei do G\u00e1s na ter\u00e7a-feira e o projeto de gera\u00e7\u00e3o distribu\u00edda ficaria para quinta-feira. Vai depender da evolu\u00e7\u00e3o [da pauta]. Est\u00e3o focando agora na Lei do G\u00e1s, e depois viria a quest\u00e3o da gera\u00e7\u00e3o distribu\u00edda\u201d, disse Lafayette.&nbsp;<\/p>\n\n\n\n<p>\u201c\u00c9 uma agenda positiva [para o governo], ent\u00e3o acho que a prioridade agora na fila \u00e9 a Lei do G\u00e1s, com a aprova\u00e7\u00e3o do texto inicial\u201d, completou.<\/p>\n\n\n\n<p><strong>Press\u00e3o solar<\/strong><br>Na \u00faltima semana, o presidente Jair Bolsonaro gravou um v\u00eddeo apoiando uma emenda, apresentada pelo deputado Roman (Patriotas-PR). A proposta prev\u00ea que a ado\u00e7\u00e3o de novas regras s\u00f3 deve ocorrer no momento em que a penetra\u00e7\u00e3o de gera\u00e7\u00e3o distribu\u00edda atingir 10% do atendimento \u00e0 demanda de energia de cada distribuidora. Em tese, aumentaria ainda mais o subs\u00eddio ao segmento solar em rela\u00e7\u00e3o ao parecer do relator.<\/p>\n\n\n\n<p>Para Lafayette, no entanto, o recente v\u00eddeo em que o presidente defende a emenda ao projeto n\u00e3o prejudicar\u00e1 as atuais discuss\u00f5es sobre o tema.<\/p>\n\n\n\n<p>\u201cDa outra vez [que Bolsonaro se manifestou sobre o tema dizendo que n\u00e3o ia taxar o sol], est\u00e1vamos no auge da confus\u00e3o, uma gritaria geral. Foi nesse momento que o presidente [Bolsonaro] gravou. Hoje, n\u00e3o est\u00e1 acontecendo isso. A partir daquele momento, come\u00e7amos a conversar, o setor conversou, para chegar a um texto mediano. A temperatura hoje \u00e9 outra\u201d, disse o deputado.<\/p>\n\n\n\n<p>A emenda do deputado Roman foi proposta pela Absolar (Associa\u00e7\u00e3o Brasileira de Energia Solar Fotovoltaica), que tamb\u00e9m pleiteia que a remunera\u00e7\u00e3o \u00e0s distribuidoras seja menor, de 50%, em vez de integral, argumentando que o segmento utiliza \u201capenas entre 50% e 70% da rede [das distribuidoras] em compara\u00e7\u00e3o a um consumidor sem gera\u00e7\u00e3o distribu\u00edda\u201d.<\/p>\n\n\n\n<p>\u201cEstudos mostram que, at\u00e9 10% de penetra\u00e7\u00e3o da gera\u00e7\u00e3o distribu\u00edda em produ\u00e7\u00e3o de energia el\u00e9trica na matriz, n\u00e3o h\u00e1 impactos negativos causados pela GD [&#8230;]. Hoje, menos de 0,5% da gera\u00e7\u00e3o de energia el\u00e9trica do Brasil vem da gera\u00e7\u00e3o distribu\u00edda\u201d, defendeu a vice-presidente de Gera\u00e7\u00e3o Distribu\u00edda da Absolar, B\u00e1rbara Rubim, \u00e0&nbsp;<strong>Ag\u00eancia iNFRA<\/strong>.<\/p>\n\n\n\n<p>Ainda assim, a executiva considerou a proposta de Lafayette positiva e capaz de garantir seguran\u00e7a jur\u00eddica ao setor.<\/p>\n\n\n\n<p><strong>Contexto<\/strong><br>A possibilidade de vota\u00e7\u00e3o do projeto ocorre em meio a uma longa discuss\u00e3o sobre a altera\u00e7\u00e3o das regras de incentivo para a gera\u00e7\u00e3o distribu\u00edda. Em 2019, a ANEEL (Ag\u00eancia Nacional de Energia El\u00e9trica) prop\u00f4s uma mudan\u00e7a \u00e0&nbsp;<a href=\"https:\/\/agenciainfra.us14.list-manage.com\/track\/click?u=d460dd1bcf9ba0ae040e1fc0f&amp;id=47a64e4554&amp;e=c099169394\" target=\"_blank\" rel=\"noreferrer noopener\">Resolu\u00e7\u00e3o 482\/2012<\/a>, que trata sobre as regras do segmento, o que causou reclama\u00e7\u00f5es por parte das associa\u00e7\u00f5es de energia solar e de gera\u00e7\u00e3o distribu\u00edda.<\/p>\n\n\n\n<p>Mas em novembro de 2020 o TCU (Tribunal de Contas da Uni\u00e3o) decidiu que a ANEEL est\u00e1 correta e o benef\u00edcio dado \u00e0 energia solar precisa acabar.<\/p>\n\n\n\n<p><strong>Comiss\u00e3o de Minas e Energia<\/strong><br>Em meio \u00e0s articula\u00e7\u00f5es em torno do projeto, a CME (Comiss\u00e3o de Minas e Energia) ter\u00e1 sua primeira reuni\u00e3o do ano. O colegiado deve apreciar na quarta-feira (17) um requerimento para realiza\u00e7\u00e3o de audi\u00eancia p\u00fablica para que Lafayette explique os principais pontos de seu substitutivo.<\/p>\n\n\n\n<p>O requerimento foi proposto pelo deputado Danilo Forte (PSDB-CE), que tamb\u00e9m assina outro pedido para que se crie uma subcomiss\u00e3o voltada \u00e0s fontes renov\u00e1veis.<\/p>\n","protected":false},"excerpt":{"rendered":"<p>Nestor Rabello, da Ag\u00eancia iNFRA O relator do projeto que cria um marco para gera\u00e7\u00e3o distribu\u00edda (PL 5.829\/2019), deputado Lafayette Andrada (Republicanos-MG), disse que a C\u00e2mara dos Deputados pode votar a mat\u00e9ria nesta quinta-feira (18), admitindo a possibilidade\u00a0de haver apenas &#8220;mudan\u00e7as perif\u00e9ricas&#8221;\u00a0em rela\u00e7\u00e3o ao substitutivo apresentado ao texto original, de sua autoria. Sua proposta prev\u00ea&nbsp;uma [&hellip;]<\/p>\n","protected":false},"author":9,"featured_media":6913,"comment_status":"closed","ping_status":"closed","sticky":false,"template":"","format":"standard","meta":{"_monsterinsights_skip_tracking":false,"_monsterinsights_sitenote_active":false,"_monsterinsights_sitenote_note":"","_monsterinsights_sitenote_category":0,"footnotes":""},"categories":[1,10],"tags":[41,494,1385,53,1584,1344,1018,1016,779,3755,292,1093,2649,850,845,1289,96,1010,2674,3752,1583,3754,2449,54,18,3753,2407],"class_list":["post-6912","post","type-post","status-publish","format-standard","has-post-thumbnail","hentry","category-geral","category-infraenergia","tag-abrace","tag-abradee","tag-absolar","tag-aneel","tag-barbara-rubim","tag-casa-civil","tag-cme","tag-comissao-de-minas-e-energia","tag-congresso-nacional","tag-danilo-forte","tag-distribuidoras","tag-energia-solar","tag-fontes-renovaveis","tag-geracao-distribuida","tag-jair-bolsonaro","tag-lafayette-andrada","tag-ministerio-de-minas-e-energia","tag-nova-lei-do-gas","tag-pl-4-476-2020","tag-pl-5-829-2019","tag-resolucao-482","tag-roman","tag-seguranca-juridica","tag-setor-eletrico","tag-tcu","tag-tusd","tag-vetos"],"yoast_head":"<!-- This site is optimized with the Yoast SEO Premium plugin v25.4 (Yoast SEO v26.0) - https:\/\/yoast.com\/wordpress\/plugins\/seo\/ -->\n<title>Projeto sobre gera\u00e7\u00e3o distribu\u00edda deve ser votado sem grandes mudan\u00e7as, diz relator - Ag\u00eancia iNFRA<\/title>\n<meta name=\"robots\" content=\"index, follow, max-snippet:-1, max-image-preview:large, max-video-preview:-1\" \/>\n<link rel=\"canonical\" href=\"https:\/\/agenciainfra.com\/blog\/projeto-sobre-geracao-distribuida-deve-ser-votado-sem-grandes-mudancas-diz-relator\/\" \/>\n<meta property=\"og:locale\" content=\"pt_BR\" \/>\n<meta property=\"og:type\" content=\"article\" \/>\n<meta property=\"og:title\" content=\"Projeto sobre gera\u00e7\u00e3o distribu\u00edda deve ser votado sem grandes mudan\u00e7as, diz relator\" \/>\n<meta property=\"og:description\" content=\"Nestor Rabello, da Ag\u00eancia iNFRA O relator do projeto que cria um marco para gera\u00e7\u00e3o distribu\u00edda (PL 5.829\/2019), deputado Lafayette Andrada (Republicanos-MG), disse que a C\u00e2mara dos Deputados pode votar a mat\u00e9ria nesta quinta-feira (18), admitindo a possibilidade\u00a0de haver apenas &#8220;mudan\u00e7as perif\u00e9ricas&#8221;\u00a0em rela\u00e7\u00e3o ao substitutivo apresentado ao texto original, de sua autoria. Sua proposta prev\u00ea&nbsp;uma [&hellip;]\" \/>\n<meta property=\"og:url\" content=\"https:\/\/agenciainfra.com\/blog\/projeto-sobre-geracao-distribuida-deve-ser-votado-sem-grandes-mudancas-diz-relator\/\" \/>\n<meta property=\"og:site_name\" content=\"Ag\u00eancia iNFRA\" \/>\n<meta property=\"article:publisher\" content=\"https:\/\/www.facebook.com\/ageninfra\" \/>\n<meta property=\"article:published_time\" content=\"2021-03-16T11:00:00+00:00\" \/>\n<meta property=\"og:image\" content=\"https:\/\/agenciainfra.com\/blog\/wp-content\/uploads\/2021\/03\/lafayette-de-andrada-foto-maryanna-oliveira-camara-dos-deputados.jpeg\" \/>\n\t<meta property=\"og:image:width\" content=\"1280\" \/>\n\t<meta property=\"og:image:height\" content=\"853\" \/>\n\t<meta property=\"og:image:type\" content=\"image\/jpeg\" \/>\n<meta name=\"author\" content=\"Rodrigo Zuquim\" \/>\n<meta name=\"twitter:card\" content=\"summary_large_image\" \/>\n<meta name=\"twitter:creator\" content=\"@agencia_infra\" \/>\n<meta name=\"twitter:site\" content=\"@agencia_infra\" \/>\n<meta name=\"twitter:label1\" content=\"Escrito por\" \/>\n\t<meta name=\"twitter:data1\" content=\"Rodrigo Zuquim\" \/>\n\t<meta name=\"twitter:label2\" content=\"Est. tempo de leitura\" \/>\n\t<meta name=\"twitter:data2\" content=\"4 minutos\" \/>\n<script type=\"application\/ld+json\" class=\"yoast-schema-graph\">{\"@context\":\"https:\/\/schema.org\",\"@graph\":[{\"@type\":\"Article\",\"@id\":\"https:\/\/agenciainfra.com\/blog\/projeto-sobre-geracao-distribuida-deve-ser-votado-sem-grandes-mudancas-diz-relator\/#article\",\"isPartOf\":{\"@id\":\"https:\/\/agenciainfra.com\/blog\/projeto-sobre-geracao-distribuida-deve-ser-votado-sem-grandes-mudancas-diz-relator\/\"},\"author\":{\"name\":\"Rodrigo Zuquim\",\"@id\":\"https:\/\/agenciainfra.com\/blog\/#\/schema\/person\/04dbb79bd6d8951f063da71f3e4c1eb1\"},\"headline\":\"Projeto sobre gera\u00e7\u00e3o distribu\u00edda deve ser votado sem grandes mudan\u00e7as, diz relator\",\"datePublished\":\"2021-03-16T11:00:00+00:00\",\"mainEntityOfPage\":{\"@id\":\"https:\/\/agenciainfra.com\/blog\/projeto-sobre-geracao-distribuida-deve-ser-votado-sem-grandes-mudancas-diz-relator\/\"},\"wordCount\":899,\"publisher\":{\"@id\":\"https:\/\/agenciainfra.com\/blog\/#organization\"},\"image\":{\"@id\":\"https:\/\/agenciainfra.com\/blog\/projeto-sobre-geracao-distribuida-deve-ser-votado-sem-grandes-mudancas-diz-relator\/#primaryimage\"},\"thumbnailUrl\":\"https:\/\/agenciainfra.com\/blog\/wp-content\/uploads\/2021\/03\/lafayette-de-andrada-foto-maryanna-oliveira-camara-dos-deputados.jpeg\",\"keywords\":[\"Abrace\",\"Abradee\",\"Absolar\",\"ANEEL\",\"B\u00e1rbara Rubim\",\"Casa Civil\",\"CME\",\"Comiss\u00e3o de Minas e Energia\",\"Congresso Nacional\",\"Danilo Forte\",\"distribuidoras\",\"energia solar\",\"fontes renov\u00e1veis\",\"gera\u00e7\u00e3o distribu\u00edda\",\"Jair Bolsonaro\",\"Lafayette Andrada\",\"Minist\u00e9rio de Minas e Energia\",\"nova Lei do G\u00e1s\",\"PL 4.476\/2020\",\"PL 5.829\/2019\",\"resolu\u00e7\u00e3o 482\",\"Roman\",\"seguran\u00e7a jur\u00eddica\",\"Setor El\u00e9trico\",\"TCU\",\"Tusd\",\"vetos\"],\"articleSection\":[\"Geral\",\"iNFRAEnergia\"],\"inLanguage\":\"pt-BR\",\"copyrightYear\":\"2021\",\"copyrightHolder\":{\"@id\":\"https:\/\/agenciainfra.com\/blog\/#organization\"}},{\"@type\":\"WebPage\",\"@id\":\"https:\/\/agenciainfra.com\/blog\/projeto-sobre-geracao-distribuida-deve-ser-votado-sem-grandes-mudancas-diz-relator\/\",\"url\":\"https:\/\/agenciainfra.com\/blog\/projeto-sobre-geracao-distribuida-deve-ser-votado-sem-grandes-mudancas-diz-relator\/\",\"name\":\"Projeto sobre gera\u00e7\u00e3o distribu\u00edda deve ser votado sem grandes mudan\u00e7as, diz relator - Ag\u00eancia iNFRA\",\"isPartOf\":{\"@id\":\"https:\/\/agenciainfra.com\/blog\/#website\"},\"primaryImageOfPage\":{\"@id\":\"https:\/\/agenciainfra.com\/blog\/projeto-sobre-geracao-distribuida-deve-ser-votado-sem-grandes-mudancas-diz-relator\/#primaryimage\"},\"image\":{\"@id\":\"https:\/\/agenciainfra.com\/blog\/projeto-sobre-geracao-distribuida-deve-ser-votado-sem-grandes-mudancas-diz-relator\/#primaryimage\"},\"thumbnailUrl\":\"https:\/\/agenciainfra.com\/blog\/wp-content\/uploads\/2021\/03\/lafayette-de-andrada-foto-maryanna-oliveira-camara-dos-deputados.jpeg\",\"datePublished\":\"2021-03-16T11:00:00+00:00\",\"breadcrumb\":{\"@id\":\"https:\/\/agenciainfra.com\/blog\/projeto-sobre-geracao-distribuida-deve-ser-votado-sem-grandes-mudancas-diz-relator\/#breadcrumb\"},\"inLanguage\":\"pt-BR\",\"potentialAction\":[{\"@type\":\"ReadAction\",\"target\":[\"https:\/\/agenciainfra.com\/blog\/projeto-sobre-geracao-distribuida-deve-ser-votado-sem-grandes-mudancas-diz-relator\/\"]}]},{\"@type\":\"ImageObject\",\"inLanguage\":\"pt-BR\",\"@id\":\"https:\/\/agenciainfra.com\/blog\/projeto-sobre-geracao-distribuida-deve-ser-votado-sem-grandes-mudancas-diz-relator\/#primaryimage\",\"url\":\"https:\/\/agenciainfra.com\/blog\/wp-content\/uploads\/2021\/03\/lafayette-de-andrada-foto-maryanna-oliveira-camara-dos-deputados.jpeg\",\"contentUrl\":\"https:\/\/agenciainfra.com\/blog\/wp-content\/uploads\/2021\/03\/lafayette-de-andrada-foto-maryanna-oliveira-camara-dos-deputados.jpeg\",\"width\":1280,\"height\":853,\"caption\":\"Foto: Maryanna Oliveira\/C\u00e2mara dos Deputados\"},{\"@type\":\"BreadcrumbList\",\"@id\":\"https:\/\/agenciainfra.com\/blog\/projeto-sobre-geracao-distribuida-deve-ser-votado-sem-grandes-mudancas-diz-relator\/#breadcrumb\",\"itemListElement\":[{\"@type\":\"ListItem\",\"position\":1,\"name\":\"In\u00edcio\",\"item\":\"https:\/\/agenciainfra.com\/blog\/\"},{\"@type\":\"ListItem\",\"position\":2,\"name\":\"Projeto sobre gera\u00e7\u00e3o distribu\u00edda deve ser votado sem grandes mudan\u00e7as, diz relator\"}]},{\"@type\":\"WebSite\",\"@id\":\"https:\/\/agenciainfra.com\/blog\/#website\",\"url\":\"https:\/\/agenciainfra.com\/blog\/\",\"name\":\"Ag\u00eancia iNFRA\",\"description\":\"Multiplataforma de informa\u00e7\u00e3o jornal\u00edstica refer\u00eancia na \u00e1rea de infraestrutura no Brasil!\",\"publisher\":{\"@id\":\"https:\/\/agenciainfra.com\/blog\/#organization\"},\"potentialAction\":[{\"@type\":\"SearchAction\",\"target\":{\"@type\":\"EntryPoint\",\"urlTemplate\":\"https:\/\/agenciainfra.com\/blog\/?s={search_term_string}\"},\"query-input\":{\"@type\":\"PropertyValueSpecification\",\"valueRequired\":true,\"valueName\":\"search_term_string\"}}],\"inLanguage\":\"pt-BR\"},{\"@type\":\"Organization\",\"@id\":\"https:\/\/agenciainfra.com\/blog\/#organization\",\"name\":\"Ag\u00eancia iNFRA\",\"url\":\"https:\/\/agenciainfra.com\/blog\/\",\"logo\":{\"@type\":\"ImageObject\",\"inLanguage\":\"pt-BR\",\"@id\":\"https:\/\/agenciainfra.com\/blog\/#\/schema\/logo\/image\/\",\"url\":\"https:\/\/agenciainfra.com\/blog\/wp-content\/uploads\/2023\/09\/iNFRA_5-e1761735885940.png\",\"contentUrl\":\"https:\/\/agenciainfra.com\/blog\/wp-content\/uploads\/2023\/09\/iNFRA_5-e1761735885940.png\",\"width\":1672,\"height\":454,\"caption\":\"Ag\u00eancia iNFRA\"},\"image\":{\"@id\":\"https:\/\/agenciainfra.com\/blog\/#\/schema\/logo\/image\/\"},\"sameAs\":[\"https:\/\/www.facebook.com\/ageninfra\",\"https:\/\/x.com\/agencia_infra\",\"https:\/\/www.linkedin.com\/company\/ag\u00eanciainfra\/\",\"https:\/\/www.instagram.com\/agenciainfra\/\"]},{\"@type\":\"Person\",\"@id\":\"https:\/\/agenciainfra.com\/blog\/#\/schema\/person\/04dbb79bd6d8951f063da71f3e4c1eb1\",\"name\":\"Rodrigo Zuquim\",\"image\":{\"@type\":\"ImageObject\",\"inLanguage\":\"pt-BR\",\"@id\":\"https:\/\/agenciainfra.com\/blog\/#\/schema\/person\/image\/\",\"url\":\"https:\/\/secure.gravatar.com\/avatar\/594abfe82761d620726242ff34ca472a705a4b97f16c790053a6b4c4035274d0?s=96&d=mm&r=g\",\"contentUrl\":\"https:\/\/secure.gravatar.com\/avatar\/594abfe82761d620726242ff34ca472a705a4b97f16c790053a6b4c4035274d0?s=96&d=mm&r=g\",\"caption\":\"Rodrigo Zuquim\"},\"url\":\"https:\/\/agenciainfra.com\/blog\/author\/rodrigo-zuquim\/\"}]}<\/script>\n<!-- \/ Yoast SEO Premium plugin. -->","yoast_head_json":{"title":"Projeto sobre gera\u00e7\u00e3o distribu\u00edda deve ser votado sem grandes mudan\u00e7as, diz relator - Ag\u00eancia iNFRA","robots":{"index":"index","follow":"follow","max-snippet":"max-snippet:-1","max-image-preview":"max-image-preview:large","max-video-preview":"max-video-preview:-1"},"canonical":"https:\/\/agenciainfra.com\/blog\/projeto-sobre-geracao-distribuida-deve-ser-votado-sem-grandes-mudancas-diz-relator\/","og_locale":"pt_BR","og_type":"article","og_title":"Projeto sobre gera\u00e7\u00e3o distribu\u00edda deve ser votado sem grandes mudan\u00e7as, diz relator","og_description":"Nestor Rabello, da Ag\u00eancia iNFRA O relator do projeto que cria um marco para gera\u00e7\u00e3o distribu\u00edda (PL 5.829\/2019), deputado Lafayette Andrada (Republicanos-MG), disse que a C\u00e2mara dos Deputados pode votar a mat\u00e9ria nesta quinta-feira (18), admitindo a possibilidade\u00a0de haver apenas &#8220;mudan\u00e7as perif\u00e9ricas&#8221;\u00a0em rela\u00e7\u00e3o ao substitutivo apresentado ao texto original, de sua autoria. Sua proposta prev\u00ea&nbsp;uma [&hellip;]","og_url":"https:\/\/agenciainfra.com\/blog\/projeto-sobre-geracao-distribuida-deve-ser-votado-sem-grandes-mudancas-diz-relator\/","og_site_name":"Ag\u00eancia iNFRA","article_publisher":"https:\/\/www.facebook.com\/ageninfra","article_published_time":"2021-03-16T11:00:00+00:00","og_image":[{"width":1280,"height":853,"url":"https:\/\/agenciainfra.com\/blog\/wp-content\/uploads\/2021\/03\/lafayette-de-andrada-foto-maryanna-oliveira-camara-dos-deputados.jpeg","type":"image\/jpeg"}],"author":"Rodrigo Zuquim","twitter_card":"summary_large_image","twitter_creator":"@agencia_infra","twitter_site":"@agencia_infra","twitter_misc":{"Escrito por":"Rodrigo Zuquim","Est. tempo de leitura":"4 minutos"},"schema":{"@context":"https:\/\/schema.org","@graph":[{"@type":"Article","@id":"https:\/\/agenciainfra.com\/blog\/projeto-sobre-geracao-distribuida-deve-ser-votado-sem-grandes-mudancas-diz-relator\/#article","isPartOf":{"@id":"https:\/\/agenciainfra.com\/blog\/projeto-sobre-geracao-distribuida-deve-ser-votado-sem-grandes-mudancas-diz-relator\/"},"author":{"name":"Rodrigo Zuquim","@id":"https:\/\/agenciainfra.com\/blog\/#\/schema\/person\/04dbb79bd6d8951f063da71f3e4c1eb1"},"headline":"Projeto sobre gera\u00e7\u00e3o distribu\u00edda deve ser votado sem grandes mudan\u00e7as, diz relator","datePublished":"2021-03-16T11:00:00+00:00","mainEntityOfPage":{"@id":"https:\/\/agenciainfra.com\/blog\/projeto-sobre-geracao-distribuida-deve-ser-votado-sem-grandes-mudancas-diz-relator\/"},"wordCount":899,"publisher":{"@id":"https:\/\/agenciainfra.com\/blog\/#organization"},"image":{"@id":"https:\/\/agenciainfra.com\/blog\/projeto-sobre-geracao-distribuida-deve-ser-votado-sem-grandes-mudancas-diz-relator\/#primaryimage"},"thumbnailUrl":"https:\/\/agenciainfra.com\/blog\/wp-content\/uploads\/2021\/03\/lafayette-de-andrada-foto-maryanna-oliveira-camara-dos-deputados.jpeg","keywords":["Abrace","Abradee","Absolar","ANEEL","B\u00e1rbara Rubim","Casa Civil","CME","Comiss\u00e3o de Minas e Energia","Congresso Nacional","Danilo Forte","distribuidoras","energia solar","fontes renov\u00e1veis","gera\u00e7\u00e3o distribu\u00edda","Jair Bolsonaro","Lafayette Andrada","Minist\u00e9rio de Minas e Energia","nova Lei do G\u00e1s","PL 4.476\/2020","PL 5.829\/2019","resolu\u00e7\u00e3o 482","Roman","seguran\u00e7a jur\u00eddica","Setor El\u00e9trico","TCU","Tusd","vetos"],"articleSection":["Geral","iNFRAEnergia"],"inLanguage":"pt-BR","copyrightYear":"2021","copyrightHolder":{"@id":"https:\/\/agenciainfra.com\/blog\/#organization"}},{"@type":"WebPage","@id":"https:\/\/agenciainfra.com\/blog\/projeto-sobre-geracao-distribuida-deve-ser-votado-sem-grandes-mudancas-diz-relator\/","url":"https:\/\/agenciainfra.com\/blog\/projeto-sobre-geracao-distribuida-deve-ser-votado-sem-grandes-mudancas-diz-relator\/","name":"Projeto sobre gera\u00e7\u00e3o distribu\u00edda deve ser votado sem grandes mudan\u00e7as, diz relator - Ag\u00eancia iNFRA","isPartOf":{"@id":"https:\/\/agenciainfra.com\/blog\/#website"},"primaryImageOfPage":{"@id":"https:\/\/agenciainfra.com\/blog\/projeto-sobre-geracao-distribuida-deve-ser-votado-sem-grandes-mudancas-diz-relator\/#primaryimage"},"image":{"@id":"https:\/\/agenciainfra.com\/blog\/projeto-sobre-geracao-distribuida-deve-ser-votado-sem-grandes-mudancas-diz-relator\/#primaryimage"},"thumbnailUrl":"https:\/\/agenciainfra.com\/blog\/wp-content\/uploads\/2021\/03\/lafayette-de-andrada-foto-maryanna-oliveira-camara-dos-deputados.jpeg","datePublished":"2021-03-16T11:00:00+00:00","breadcrumb":{"@id":"https:\/\/agenciainfra.com\/blog\/projeto-sobre-geracao-distribuida-deve-ser-votado-sem-grandes-mudancas-diz-relator\/#breadcrumb"},"inLanguage":"pt-BR","potentialAction":[{"@type":"ReadAction","target":["https:\/\/agenciainfra.com\/blog\/projeto-sobre-geracao-distribuida-deve-ser-votado-sem-grandes-mudancas-diz-relator\/"]}]},{"@type":"ImageObject","inLanguage":"pt-BR","@id":"https:\/\/agenciainfra.com\/blog\/projeto-sobre-geracao-distribuida-deve-ser-votado-sem-grandes-mudancas-diz-relator\/#primaryimage","url":"https:\/\/agenciainfra.com\/blog\/wp-content\/uploads\/2021\/03\/lafayette-de-andrada-foto-maryanna-oliveira-camara-dos-deputados.jpeg","contentUrl":"https:\/\/agenciainfra.com\/blog\/wp-content\/uploads\/2021\/03\/lafayette-de-andrada-foto-maryanna-oliveira-camara-dos-deputados.jpeg","width":1280,"height":853,"caption":"Foto: Maryanna Oliveira\/C\u00e2mara dos Deputados"},{"@type":"BreadcrumbList","@id":"https:\/\/agenciainfra.com\/blog\/projeto-sobre-geracao-distribuida-deve-ser-votado-sem-grandes-mudancas-diz-relator\/#breadcrumb","itemListElement":[{"@type":"ListItem","position":1,"name":"In\u00edcio","item":"https:\/\/agenciainfra.com\/blog\/"},{"@type":"ListItem","position":2,"name":"Projeto sobre gera\u00e7\u00e3o distribu\u00edda deve ser votado sem grandes mudan\u00e7as, diz relator"}]},{"@type":"WebSite","@id":"https:\/\/agenciainfra.com\/blog\/#website","url":"https:\/\/agenciainfra.com\/blog\/","name":"Ag\u00eancia iNFRA","description":"Multiplataforma de informa\u00e7\u00e3o jornal\u00edstica refer\u00eancia na \u00e1rea de infraestrutura no Brasil!","publisher":{"@id":"https:\/\/agenciainfra.com\/blog\/#organization"},"potentialAction":[{"@type":"SearchAction","target":{"@type":"EntryPoint","urlTemplate":"https:\/\/agenciainfra.com\/blog\/?s={search_term_string}"},"query-input":{"@type":"PropertyValueSpecification","valueRequired":true,"valueName":"search_term_string"}}],"inLanguage":"pt-BR"},{"@type":"Organization","@id":"https:\/\/agenciainfra.com\/blog\/#organization","name":"Ag\u00eancia iNFRA","url":"https:\/\/agenciainfra.com\/blog\/","logo":{"@type":"ImageObject","inLanguage":"pt-BR","@id":"https:\/\/agenciainfra.com\/blog\/#\/schema\/logo\/image\/","url":"https:\/\/agenciainfra.com\/blog\/wp-content\/uploads\/2023\/09\/iNFRA_5-e1761735885940.png","contentUrl":"https:\/\/agenciainfra.com\/blog\/wp-content\/uploads\/2023\/09\/iNFRA_5-e1761735885940.png","width":1672,"height":454,"caption":"Ag\u00eancia iNFRA"},"image":{"@id":"https:\/\/agenciainfra.com\/blog\/#\/schema\/logo\/image\/"},"sameAs":["https:\/\/www.facebook.com\/ageninfra","https:\/\/x.com\/agencia_infra","https:\/\/www.linkedin.com\/company\/ag\u00eanciainfra\/","https:\/\/www.instagram.com\/agenciainfra\/"]},{"@type":"Person","@id":"https:\/\/agenciainfra.com\/blog\/#\/schema\/person\/04dbb79bd6d8951f063da71f3e4c1eb1","name":"Rodrigo Zuquim","image":{"@type":"ImageObject","inLanguage":"pt-BR","@id":"https:\/\/agenciainfra.com\/blog\/#\/schema\/person\/image\/","url":"https:\/\/secure.gravatar.com\/avatar\/594abfe82761d620726242ff34ca472a705a4b97f16c790053a6b4c4035274d0?s=96&d=mm&r=g","contentUrl":"https:\/\/secure.gravatar.com\/avatar\/594abfe82761d620726242ff34ca472a705a4b97f16c790053a6b4c4035274d0?s=96&d=mm&r=g","caption":"Rodrigo Zuquim"},"url":"https:\/\/agenciainfra.com\/blog\/author\/rodrigo-zuquim\/"}]}},"_links":{"self":[{"href":"https:\/\/agenciainfra.com\/blog\/wp-json\/wp\/v2\/posts\/6912","targetHints":{"allow":["GET"]}}],"collection":[{"href":"https:\/\/agenciainfra.com\/blog\/wp-json\/wp\/v2\/posts"}],"about":[{"href":"https:\/\/agenciainfra.com\/blog\/wp-json\/wp\/v2\/types\/post"}],"author":[{"embeddable":true,"href":"https:\/\/agenciainfra.com\/blog\/wp-json\/wp\/v2\/users\/9"}],"replies":[{"embeddable":true,"href":"https:\/\/agenciainfra.com\/blog\/wp-json\/wp\/v2\/comments?post=6912"}],"version-history":[{"count":0,"href":"https:\/\/agenciainfra.com\/blog\/wp-json\/wp\/v2\/posts\/6912\/revisions"}],"wp:featuredmedia":[{"embeddable":true,"href":"https:\/\/agenciainfra.com\/blog\/wp-json\/wp\/v2\/media\/6913"}],"wp:attachment":[{"href":"https:\/\/agenciainfra.com\/blog\/wp-json\/wp\/v2\/media?parent=6912"}],"wp:term":[{"taxonomy":"category","embeddable":true,"href":"https:\/\/agenciainfra.com\/blog\/wp-json\/wp\/v2\/categories?post=6912"},{"taxonomy":"post_tag","embeddable":true,"href":"https:\/\/agenciainfra.com\/blog\/wp-json\/wp\/v2\/tags?post=6912"}],"curies":[{"name":"wp","href":"https:\/\/api.w.org\/{rel}","templated":true}]}}