{"id":6957,"date":"2021-03-24T08:00:00","date_gmt":"2021-03-24T11:00:00","guid":{"rendered":"https:\/\/www.agenciainfra.com\/blog\/?p=6957"},"modified":"2021-03-25T15:37:53","modified_gmt":"2021-03-25T18:37:53","slug":"desestatizacao-da-codesa-tem-critica-e-temor-de-agentes-por-interferencia-futura-nos-precos","status":"publish","type":"post","link":"https:\/\/agenciainfra.com\/blog\/desestatizacao-da-codesa-tem-critica-e-temor-de-agentes-por-interferencia-futura-nos-precos\/","title":{"rendered":"Desestatiza\u00e7\u00e3o da Codesa tem cr\u00edtica e temor de agentes por interfer\u00eancia futura nos pre\u00e7os"},"content":{"rendered":"\n<hr class=\"wp-block-separator\"\/>\n\n\n\n<p class=\"has-text-align-right\"><strong>Dimmi Amora, da&nbsp;Ag\u00eancia iNFRA<\/strong><\/p>\n\n\n\n<p>Cr\u00edticas feitas por diferentes segmentos&nbsp;do setor portu\u00e1rio devem levar o governo a alterar termos propostos no edital de desestatiza\u00e7\u00e3o da Codesa (Companhia Docas do Esp\u00edrito Santo), cuja audi\u00eancia p\u00fablica foi encerrada m\u00eas passado.<\/p>\n\n\n\n<p>H\u00e1 cr\u00edticas generalizadas \u00e0 proposta, ainda que de agentes que apoiam o processo de desestatiza\u00e7\u00e3o. Mas dois pontos se destacaram: a futura rela\u00e7\u00e3o contratual entre os arrendat\u00e1rios e o concession\u00e1rio vencedor, e as limita\u00e7\u00f5es impostas para a participa\u00e7\u00e3o de arrendat\u00e1rios no controle da concession\u00e1ria.<\/p>\n\n\n\n<p>No primeiro caso, o governo apresentou uma diretriz de n\u00e3o haver a possibilidade de os contratos atuais serem rompidos antes do seu fim pelo novo concession\u00e1rio, mas foi un\u00e2nime a interpreta\u00e7\u00e3o de que o texto do edital permite o rompimento.<\/p>\n\n\n\n<p>J\u00e1 em rela\u00e7\u00e3o \u00e0 participa\u00e7\u00e3o acion\u00e1ria, as reclama\u00e7\u00f5es s\u00e3o de que a regra ficou discriminat\u00f3ria com os arrendat\u00e1rios do porto e grupos que hoje s\u00e3o concorrentes deles poderiam assumir a dire\u00e7\u00e3o da companhia.&nbsp;<\/p>\n\n\n\n<p>A largada do projeto deixou animados investidores em v\u00e1rios lugares do mundo, com consultas sobre o processo a v\u00e1rias empresas e consultores que trabalham no Brasil.<\/p>\n\n\n\n<p>Segundo apurou a&nbsp;<strong>Ag\u00eancia iNFRA<\/strong>, o modelo apresentado \u00e9 visto como baseado em alta liberdade econ\u00f4mica do concession\u00e1rio para aplicar pre\u00e7os. No entanto, os agentes t\u00eam d\u00favidas se o concession\u00e1rio ter\u00e1 tal liberdade, diante de v\u00e1rios \u00f3rg\u00e3os no Brasil que atuam na limita\u00e7\u00e3o de pre\u00e7os no setor portu\u00e1rio.<\/p>\n\n\n\n<p>Citam decis\u00f5es j\u00e1 tomadas por ANTAQ (Ag\u00eancia Nacional de Transportes Aquavi\u00e1rios), Cade (Conselho Econ\u00f4mico de Defesa Econ\u00f4mica)&nbsp;e TCU (Tribunal de Contas da Uni\u00e3o)&nbsp;no setor portu\u00e1rio. Sem a liberdade de pre\u00e7os, os concession\u00e1rios n\u00e3o teriam seguran\u00e7a de que o investimento ser\u00e1 remunerado.<\/p>\n\n\n\n<p>Outra preocupa\u00e7\u00e3o \u00e9 que o modelo da Codesa seja o guia de todas as outras concess\u00f5es, mesmo ele sendo considerado pouco adequado para outros portos, especialmente o Porto de Santos (SP), que \u00e9 o pr\u00f3ximo da fila da desestatiza\u00e7\u00e3o.<\/p>\n\n\n\n<p><strong>Modelo australiano<\/strong><br>O que vem ficando claro \u00e9 que o governo quer tentar solucionar os problemas rapidamente e seguir com o calend\u00e1rio para leiloar a empresa ainda neste ano, enquanto o mercado indica querer mais parcim\u00f4nia.&nbsp; E o governo tamb\u00e9m quer desfazer em parte uma imagem que ele mesmo ajudou a criar, de que segue o chamado modelo australiano para as desestatiza\u00e7\u00f5es portu\u00e1rias.<\/p>\n\n\n\n<p>A desestatiza\u00e7\u00e3o na Austr\u00e1lia n\u00e3o chega a ser uma unanimidade no setor portu\u00e1rio, em parte porque ainda \u00e9 recente para os padr\u00f5es mundiais, mas a vis\u00e3o geral no momento \u00e9 que ela levou a fortes aumentos de pre\u00e7os aos usu\u00e1rios.<\/p>\n\n\n\n<p>Marcella Lazzarini,&nbsp;mestre em Gest\u00e3o Portu\u00e1ria pela Liverpool John Moores University e atualmente atuando como consultora, analisou o processo e classifica o modelo australiano como &#8220;tr\u00e1gico&#8221; pelo fato de o concession\u00e1rio ter ficado com praticamente todos os poderes sobre o neg\u00f3cio, o que impede a\u00e7\u00f5es efetivas contra abusos de pre\u00e7os, j\u00e1 detectados por \u00f3rg\u00e3os oficiais do governo.<\/p>\n\n\n\n<p>Ela lembra que outro pa\u00eds que passou ao setor privado suas autoridades portu\u00e1rias, no chamado modelo de land lord\u00a0privado, a Gr\u00e9cia, se saiu melhor, por ter feito uma modelagem que deu menos liberdade ao concession\u00e1rio em rela\u00e7\u00e3o ao estabelecimento de\u00a0pre\u00e7os.<\/p>\n\n\n\n<p>O Brasil nem chegou a ter um modelo considerado ideal de &#8220;land lord&#8221;. Desde o in\u00edcio do processo, a maioria das administra\u00e7\u00f5es portu\u00e1rias sofreu com interfer\u00eancias pol\u00edticas e, a partir da \u00faltima reforma dos portos, em 2012, houve maior centraliza\u00e7\u00e3o no governo federal e menor autonomia por parte das administra\u00e7\u00f5es portu\u00e1rias.<\/p>\n\n\n\n<p><strong>Comodidade do concession\u00e1rio<\/strong><br>S\u00e9rgio Aquino, presidente da Fenop (Federa\u00e7\u00e3o Nacional dos Operadores Portu\u00e1rios), diz que a quest\u00e3o dos contratos ter\u00e1 que ser revista sob o risco de judicializa\u00e7\u00e3o do processo. Mas essa n\u00e3o \u00e9 a \u00fanica cr\u00edtica dele.<\/p>\n\n\n\n<p>Segundo Aquino, o modelo apresentado est\u00e1 voltado para uma &#8220;comodidade do concession\u00e1rio&#8221; em rela\u00e7\u00e3o a investimentos para amplia\u00e7\u00e3o do porto. A principal cr\u00edtica \u00e9 n\u00e3o haver&nbsp;previs\u00e3o de amplia\u00e7\u00e3o dos canais de acesso, que v\u00e3o poder ficar com o&nbsp;calado previsto inicialmente no contrato at\u00e9 o fim.<\/p>\n\n\n\n<p>&#8220;N\u00e3o tem um desafio para o concession\u00e1rio, e isso se assemelha muito com o modelo australiano. Voc\u00ea est\u00e1 entregando um equipamento p\u00fablico por um longo tempo para uma situa\u00e7\u00e3o de comodidade&#8221;, criticou Aquino.<\/p>\n\n\n\n<p>Casemiro T\u00e9rcio, ex-presidente da SPA (Santos Port Authority) e do Porto de S\u00e3o Sebasti\u00e3o, atualmente s\u00f3cio da consultoria 4Infra, aponta que \u00e9 prov\u00e1vel uma flexibiliza\u00e7\u00e3o na forma como a proposta restringiu a participa\u00e7\u00e3o dos arrendat\u00e1rios atuais da Codesa. Ele indica um outro ponto que vem sendo criticado, que \u00e9 o valor elevado e fixo de outorga que ser\u00e1 pago ao longo do contrato pelo concession\u00e1rio, 7,5% da receita bruta ao ano.<\/p>\n\n\n\n<p>&#8220;Da forma como est\u00e1 \u00e9 tributo, n\u00e3o \u00e9 outorga&#8221;, disse T\u00e9rcio.<\/p>\n\n\n\n<p><strong>Posicionamento do Minist\u00e9rio da Infraestrutura<\/strong><\/p>\n\n\n\n<p>O Minist\u00e9rio da Infraestrutura enviou a seguinte nota \u00e0 <strong>Ag\u00eancia iNFRA<\/strong>:<\/p>\n\n\n\n<p><em>Sobre o artigo \u201cDesestatiza\u00e7\u00e3o da Codesa tem cr\u00edtica e temor de agentes por interfer\u00eancia futura nos pre\u00e7os\u201d, publicado pela Ag\u00eancia iNFRA, o Minist\u00e9rio da Infraestrutura informa que o projeto de desestatiza\u00e7\u00e3o da Codesa teve o in\u00edcio de seus estudos e modelagem em setembro de 2019. Esta gest\u00e3o tem o compromisso de reduzir o tamanho do Estado e viabilizar investimentos privados para melhorar toda a infraestrutura do pa\u00eds, em especial dos nossos portos.<\/em><\/p>\n\n\n\n<p><em>Ap\u00f3s exaustivo trabalho de levantamento de dados e informa\u00e7\u00f5es, dezenas de reuni\u00f5es com representantes do setor portu\u00e1rio e da comunidade portu\u00e1ria, submetemos \u00e0 ampla discuss\u00e3o p\u00fablica uma proposta inicial de modelo de concess\u00e3o dos portos cabixabas. Nesta fase, foram mais de 300 manifesta\u00e7\u00f5es, que est\u00e3o sendo consolidadas e avaliadas pela Ag\u00eancia Nacional de Transportes Aquavi\u00e1rios (Antaq).<\/em><\/p>\n\n\n\n<p><em>Neste sentido, todas as sugest\u00f5es enviadas foram consideradas com o prop\u00f3sito de atender as demandas do setor produtivo para que possam empreender em um ambiente flex\u00edvel de neg\u00f3cios, com respeito aos contratos e com vistas \u00e0 redu\u00e7\u00e3o dos custos log\u00edsticos. Nossa expectativa \u00e9 bater o martelo ainda este ano para dar in\u00edcio a um Porto Organizado nesse novo modelo de desenvolvimento e explora\u00e7\u00e3o atrav\u00e9s de gest\u00e3o privada.<\/em><\/p>\n","protected":false},"excerpt":{"rendered":"<p>Dimmi Amora, da&nbsp;Ag\u00eancia iNFRA Cr\u00edticas feitas por diferentes segmentos&nbsp;do setor portu\u00e1rio devem levar o governo a alterar termos propostos no edital de desestatiza\u00e7\u00e3o da Codesa (Companhia Docas do Esp\u00edrito Santo), cuja audi\u00eancia p\u00fablica foi encerrada m\u00eas passado. H\u00e1 cr\u00edticas generalizadas \u00e0 proposta, ainda que de agentes que apoiam o processo de desestatiza\u00e7\u00e3o. Mas dois pontos [&hellip;]<\/p>\n","protected":false},"author":9,"featured_media":6958,"comment_status":"closed","ping_status":"closed","sticky":false,"template":"","format":"standard","meta":{"_monsterinsights_skip_tracking":false,"_monsterinsights_sitenote_active":false,"_monsterinsights_sitenote_note":"","_monsterinsights_sitenote_category":0,"footnotes":""},"categories":[1,7],"tags":[3802,86,3799,371,868,1146,78,192,2094,3798,32,572,3801,2772,3436,3800,260,740,3502,1201,18],"class_list":["post-6957","post","type-post","status-publish","format-standard","has-post-thumbnail","hentry","category-geral","category-infratransporte","tag-4infra","tag-antaq","tag-arrendatarios","tag-cade","tag-casemiro-tercio","tag-codesa","tag-concessoes","tag-desestatizacao","tag-fenop","tag-interferencia","tag-investimentos","tag-judicializacao","tag-land-lord","tag-liberdade-economica","tag-marcella-lazzarini","tag-modelo-australiano","tag-porto-de-santos","tag-precos","tag-sergio-aquino","tag-setor-portuario","tag-tcu"],"yoast_head":"<!-- This site is optimized with the Yoast SEO Premium plugin v25.4 (Yoast SEO v26.0) - https:\/\/yoast.com\/wordpress\/plugins\/seo\/ -->\n<title>Desestatiza\u00e7\u00e3o da Codesa tem cr\u00edtica e temor de agentes por interfer\u00eancia futura nos pre\u00e7os - Ag\u00eancia iNFRA<\/title>\n<meta name=\"robots\" content=\"index, follow, max-snippet:-1, max-image-preview:large, max-video-preview:-1\" \/>\n<link rel=\"canonical\" href=\"https:\/\/agenciainfra.com\/blog\/desestatizacao-da-codesa-tem-critica-e-temor-de-agentes-por-interferencia-futura-nos-precos\/\" \/>\n<meta property=\"og:locale\" content=\"pt_BR\" \/>\n<meta property=\"og:type\" content=\"article\" \/>\n<meta property=\"og:title\" content=\"Desestatiza\u00e7\u00e3o da Codesa tem cr\u00edtica e temor de agentes por interfer\u00eancia futura nos pre\u00e7os\" \/>\n<meta property=\"og:description\" content=\"Dimmi Amora, da&nbsp;Ag\u00eancia iNFRA Cr\u00edticas feitas por diferentes segmentos&nbsp;do setor portu\u00e1rio devem levar o governo a alterar termos propostos no edital de desestatiza\u00e7\u00e3o da Codesa (Companhia Docas do Esp\u00edrito Santo), cuja audi\u00eancia p\u00fablica foi encerrada m\u00eas passado. H\u00e1 cr\u00edticas generalizadas \u00e0 proposta, ainda que de agentes que apoiam o processo de desestatiza\u00e7\u00e3o. Mas dois pontos [&hellip;]\" \/>\n<meta property=\"og:url\" content=\"https:\/\/agenciainfra.com\/blog\/desestatizacao-da-codesa-tem-critica-e-temor-de-agentes-por-interferencia-futura-nos-precos\/\" \/>\n<meta property=\"og:site_name\" content=\"Ag\u00eancia iNFRA\" \/>\n<meta property=\"article:publisher\" content=\"https:\/\/www.facebook.com\/ageninfra\" \/>\n<meta property=\"article:published_time\" content=\"2021-03-24T11:00:00+00:00\" \/>\n<meta property=\"article:modified_time\" content=\"2021-03-25T18:37:53+00:00\" \/>\n<meta property=\"og:image\" content=\"https:\/\/agenciainfra.com\/blog\/wp-content\/uploads\/2021\/03\/codesa-foto-codesa.jpeg\" \/>\n\t<meta property=\"og:image:width\" content=\"1280\" \/>\n\t<meta property=\"og:image:height\" content=\"857\" \/>\n\t<meta property=\"og:image:type\" content=\"image\/jpeg\" \/>\n<meta name=\"author\" content=\"Rodrigo Zuquim\" \/>\n<meta name=\"twitter:card\" content=\"summary_large_image\" \/>\n<meta name=\"twitter:creator\" content=\"@agencia_infra\" \/>\n<meta name=\"twitter:site\" content=\"@agencia_infra\" \/>\n<meta name=\"twitter:label1\" content=\"Escrito por\" \/>\n\t<meta name=\"twitter:data1\" content=\"Rodrigo Zuquim\" \/>\n\t<meta name=\"twitter:label2\" content=\"Est. tempo de leitura\" \/>\n\t<meta name=\"twitter:data2\" content=\"6 minutos\" \/>\n<script type=\"application\/ld+json\" class=\"yoast-schema-graph\">{\"@context\":\"https:\/\/schema.org\",\"@graph\":[{\"@type\":\"Article\",\"@id\":\"https:\/\/agenciainfra.com\/blog\/desestatizacao-da-codesa-tem-critica-e-temor-de-agentes-por-interferencia-futura-nos-precos\/#article\",\"isPartOf\":{\"@id\":\"https:\/\/agenciainfra.com\/blog\/desestatizacao-da-codesa-tem-critica-e-temor-de-agentes-por-interferencia-futura-nos-precos\/\"},\"author\":{\"name\":\"Rodrigo Zuquim\",\"@id\":\"https:\/\/agenciainfra.com\/blog\/#\/schema\/person\/04dbb79bd6d8951f063da71f3e4c1eb1\"},\"headline\":\"Desestatiza\u00e7\u00e3o da Codesa tem cr\u00edtica e temor de agentes por interfer\u00eancia futura nos pre\u00e7os\",\"datePublished\":\"2021-03-24T11:00:00+00:00\",\"dateModified\":\"2021-03-25T18:37:53+00:00\",\"mainEntityOfPage\":{\"@id\":\"https:\/\/agenciainfra.com\/blog\/desestatizacao-da-codesa-tem-critica-e-temor-de-agentes-por-interferencia-futura-nos-precos\/\"},\"wordCount\":1142,\"publisher\":{\"@id\":\"https:\/\/agenciainfra.com\/blog\/#organization\"},\"image\":{\"@id\":\"https:\/\/agenciainfra.com\/blog\/desestatizacao-da-codesa-tem-critica-e-temor-de-agentes-por-interferencia-futura-nos-precos\/#primaryimage\"},\"thumbnailUrl\":\"https:\/\/agenciainfra.com\/blog\/wp-content\/uploads\/2021\/03\/codesa-foto-codesa.jpeg\",\"keywords\":[\"4Infra\",\"ANTAQ\",\"arrendat\u00e1rios\",\"Cade\",\"Casemiro T\u00e9rcio\",\"Codesa\",\"concess\u00f5es\",\"desestatiza\u00e7\u00e3o\",\"Fenop\",\"interfer\u00eancia\",\"Investimentos\",\"judicializa\u00e7\u00e3o\",\"land lord\",\"liberdade econ\u00f4mica\",\"Marcella Lazzarini\",\"modelo australiano\",\"Porto de Santos\",\"pre\u00e7os\",\"S\u00e9rgio Aquino\",\"setor portu\u00e1rio\",\"TCU\"],\"articleSection\":[\"Geral\",\"iNFRATransporte\"],\"inLanguage\":\"pt-BR\",\"copyrightYear\":\"2021\",\"copyrightHolder\":{\"@id\":\"https:\/\/agenciainfra.com\/blog\/#organization\"}},{\"@type\":\"WebPage\",\"@id\":\"https:\/\/agenciainfra.com\/blog\/desestatizacao-da-codesa-tem-critica-e-temor-de-agentes-por-interferencia-futura-nos-precos\/\",\"url\":\"https:\/\/agenciainfra.com\/blog\/desestatizacao-da-codesa-tem-critica-e-temor-de-agentes-por-interferencia-futura-nos-precos\/\",\"name\":\"Desestatiza\u00e7\u00e3o da Codesa tem cr\u00edtica e temor de agentes por interfer\u00eancia futura nos pre\u00e7os - Ag\u00eancia iNFRA\",\"isPartOf\":{\"@id\":\"https:\/\/agenciainfra.com\/blog\/#website\"},\"primaryImageOfPage\":{\"@id\":\"https:\/\/agenciainfra.com\/blog\/desestatizacao-da-codesa-tem-critica-e-temor-de-agentes-por-interferencia-futura-nos-precos\/#primaryimage\"},\"image\":{\"@id\":\"https:\/\/agenciainfra.com\/blog\/desestatizacao-da-codesa-tem-critica-e-temor-de-agentes-por-interferencia-futura-nos-precos\/#primaryimage\"},\"thumbnailUrl\":\"https:\/\/agenciainfra.com\/blog\/wp-content\/uploads\/2021\/03\/codesa-foto-codesa.jpeg\",\"datePublished\":\"2021-03-24T11:00:00+00:00\",\"dateModified\":\"2021-03-25T18:37:53+00:00\",\"breadcrumb\":{\"@id\":\"https:\/\/agenciainfra.com\/blog\/desestatizacao-da-codesa-tem-critica-e-temor-de-agentes-por-interferencia-futura-nos-precos\/#breadcrumb\"},\"inLanguage\":\"pt-BR\",\"potentialAction\":[{\"@type\":\"ReadAction\",\"target\":[\"https:\/\/agenciainfra.com\/blog\/desestatizacao-da-codesa-tem-critica-e-temor-de-agentes-por-interferencia-futura-nos-precos\/\"]}]},{\"@type\":\"ImageObject\",\"inLanguage\":\"pt-BR\",\"@id\":\"https:\/\/agenciainfra.com\/blog\/desestatizacao-da-codesa-tem-critica-e-temor-de-agentes-por-interferencia-futura-nos-precos\/#primaryimage\",\"url\":\"https:\/\/agenciainfra.com\/blog\/wp-content\/uploads\/2021\/03\/codesa-foto-codesa.jpeg\",\"contentUrl\":\"https:\/\/agenciainfra.com\/blog\/wp-content\/uploads\/2021\/03\/codesa-foto-codesa.jpeg\",\"width\":1280,\"height\":857},{\"@type\":\"BreadcrumbList\",\"@id\":\"https:\/\/agenciainfra.com\/blog\/desestatizacao-da-codesa-tem-critica-e-temor-de-agentes-por-interferencia-futura-nos-precos\/#breadcrumb\",\"itemListElement\":[{\"@type\":\"ListItem\",\"position\":1,\"name\":\"In\u00edcio\",\"item\":\"https:\/\/agenciainfra.com\/blog\/\"},{\"@type\":\"ListItem\",\"position\":2,\"name\":\"Desestatiza\u00e7\u00e3o da Codesa tem cr\u00edtica e temor de agentes por interfer\u00eancia futura nos pre\u00e7os\"}]},{\"@type\":\"WebSite\",\"@id\":\"https:\/\/agenciainfra.com\/blog\/#website\",\"url\":\"https:\/\/agenciainfra.com\/blog\/\",\"name\":\"Ag\u00eancia iNFRA\",\"description\":\"Multiplataforma de informa\u00e7\u00e3o jornal\u00edstica refer\u00eancia na \u00e1rea de infraestrutura no Brasil!\",\"publisher\":{\"@id\":\"https:\/\/agenciainfra.com\/blog\/#organization\"},\"potentialAction\":[{\"@type\":\"SearchAction\",\"target\":{\"@type\":\"EntryPoint\",\"urlTemplate\":\"https:\/\/agenciainfra.com\/blog\/?s={search_term_string}\"},\"query-input\":{\"@type\":\"PropertyValueSpecification\",\"valueRequired\":true,\"valueName\":\"search_term_string\"}}],\"inLanguage\":\"pt-BR\"},{\"@type\":\"Organization\",\"@id\":\"https:\/\/agenciainfra.com\/blog\/#organization\",\"name\":\"Ag\u00eancia iNFRA\",\"url\":\"https:\/\/agenciainfra.com\/blog\/\",\"logo\":{\"@type\":\"ImageObject\",\"inLanguage\":\"pt-BR\",\"@id\":\"https:\/\/agenciainfra.com\/blog\/#\/schema\/logo\/image\/\",\"url\":\"https:\/\/agenciainfra.com\/blog\/wp-content\/uploads\/2023\/09\/iNFRA_5-e1761735885940.png\",\"contentUrl\":\"https:\/\/agenciainfra.com\/blog\/wp-content\/uploads\/2023\/09\/iNFRA_5-e1761735885940.png\",\"width\":1672,\"height\":454,\"caption\":\"Ag\u00eancia iNFRA\"},\"image\":{\"@id\":\"https:\/\/agenciainfra.com\/blog\/#\/schema\/logo\/image\/\"},\"sameAs\":[\"https:\/\/www.facebook.com\/ageninfra\",\"https:\/\/x.com\/agencia_infra\",\"https:\/\/www.linkedin.com\/company\/ag\u00eanciainfra\/\",\"https:\/\/www.instagram.com\/agenciainfra\/\"]},{\"@type\":\"Person\",\"@id\":\"https:\/\/agenciainfra.com\/blog\/#\/schema\/person\/04dbb79bd6d8951f063da71f3e4c1eb1\",\"name\":\"Rodrigo Zuquim\",\"image\":{\"@type\":\"ImageObject\",\"inLanguage\":\"pt-BR\",\"@id\":\"https:\/\/agenciainfra.com\/blog\/#\/schema\/person\/image\/\",\"url\":\"https:\/\/secure.gravatar.com\/avatar\/594abfe82761d620726242ff34ca472a705a4b97f16c790053a6b4c4035274d0?s=96&d=mm&r=g\",\"contentUrl\":\"https:\/\/secure.gravatar.com\/avatar\/594abfe82761d620726242ff34ca472a705a4b97f16c790053a6b4c4035274d0?s=96&d=mm&r=g\",\"caption\":\"Rodrigo Zuquim\"},\"url\":\"https:\/\/agenciainfra.com\/blog\/author\/rodrigo-zuquim\/\"}]}<\/script>\n<!-- \/ Yoast SEO Premium plugin. -->","yoast_head_json":{"title":"Desestatiza\u00e7\u00e3o da Codesa tem cr\u00edtica e temor de agentes por interfer\u00eancia futura nos pre\u00e7os - Ag\u00eancia iNFRA","robots":{"index":"index","follow":"follow","max-snippet":"max-snippet:-1","max-image-preview":"max-image-preview:large","max-video-preview":"max-video-preview:-1"},"canonical":"https:\/\/agenciainfra.com\/blog\/desestatizacao-da-codesa-tem-critica-e-temor-de-agentes-por-interferencia-futura-nos-precos\/","og_locale":"pt_BR","og_type":"article","og_title":"Desestatiza\u00e7\u00e3o da Codesa tem cr\u00edtica e temor de agentes por interfer\u00eancia futura nos pre\u00e7os","og_description":"Dimmi Amora, da&nbsp;Ag\u00eancia iNFRA Cr\u00edticas feitas por diferentes segmentos&nbsp;do setor portu\u00e1rio devem levar o governo a alterar termos propostos no edital de desestatiza\u00e7\u00e3o da Codesa (Companhia Docas do Esp\u00edrito Santo), cuja audi\u00eancia p\u00fablica foi encerrada m\u00eas passado. H\u00e1 cr\u00edticas generalizadas \u00e0 proposta, ainda que de agentes que apoiam o processo de desestatiza\u00e7\u00e3o. Mas dois pontos [&hellip;]","og_url":"https:\/\/agenciainfra.com\/blog\/desestatizacao-da-codesa-tem-critica-e-temor-de-agentes-por-interferencia-futura-nos-precos\/","og_site_name":"Ag\u00eancia iNFRA","article_publisher":"https:\/\/www.facebook.com\/ageninfra","article_published_time":"2021-03-24T11:00:00+00:00","article_modified_time":"2021-03-25T18:37:53+00:00","og_image":[{"width":1280,"height":857,"url":"https:\/\/agenciainfra.com\/blog\/wp-content\/uploads\/2021\/03\/codesa-foto-codesa.jpeg","type":"image\/jpeg"}],"author":"Rodrigo Zuquim","twitter_card":"summary_large_image","twitter_creator":"@agencia_infra","twitter_site":"@agencia_infra","twitter_misc":{"Escrito por":"Rodrigo Zuquim","Est. tempo de leitura":"6 minutos"},"schema":{"@context":"https:\/\/schema.org","@graph":[{"@type":"Article","@id":"https:\/\/agenciainfra.com\/blog\/desestatizacao-da-codesa-tem-critica-e-temor-de-agentes-por-interferencia-futura-nos-precos\/#article","isPartOf":{"@id":"https:\/\/agenciainfra.com\/blog\/desestatizacao-da-codesa-tem-critica-e-temor-de-agentes-por-interferencia-futura-nos-precos\/"},"author":{"name":"Rodrigo Zuquim","@id":"https:\/\/agenciainfra.com\/blog\/#\/schema\/person\/04dbb79bd6d8951f063da71f3e4c1eb1"},"headline":"Desestatiza\u00e7\u00e3o da Codesa tem cr\u00edtica e temor de agentes por interfer\u00eancia futura nos pre\u00e7os","datePublished":"2021-03-24T11:00:00+00:00","dateModified":"2021-03-25T18:37:53+00:00","mainEntityOfPage":{"@id":"https:\/\/agenciainfra.com\/blog\/desestatizacao-da-codesa-tem-critica-e-temor-de-agentes-por-interferencia-futura-nos-precos\/"},"wordCount":1142,"publisher":{"@id":"https:\/\/agenciainfra.com\/blog\/#organization"},"image":{"@id":"https:\/\/agenciainfra.com\/blog\/desestatizacao-da-codesa-tem-critica-e-temor-de-agentes-por-interferencia-futura-nos-precos\/#primaryimage"},"thumbnailUrl":"https:\/\/agenciainfra.com\/blog\/wp-content\/uploads\/2021\/03\/codesa-foto-codesa.jpeg","keywords":["4Infra","ANTAQ","arrendat\u00e1rios","Cade","Casemiro T\u00e9rcio","Codesa","concess\u00f5es","desestatiza\u00e7\u00e3o","Fenop","interfer\u00eancia","Investimentos","judicializa\u00e7\u00e3o","land lord","liberdade econ\u00f4mica","Marcella Lazzarini","modelo australiano","Porto de Santos","pre\u00e7os","S\u00e9rgio Aquino","setor portu\u00e1rio","TCU"],"articleSection":["Geral","iNFRATransporte"],"inLanguage":"pt-BR","copyrightYear":"2021","copyrightHolder":{"@id":"https:\/\/agenciainfra.com\/blog\/#organization"}},{"@type":"WebPage","@id":"https:\/\/agenciainfra.com\/blog\/desestatizacao-da-codesa-tem-critica-e-temor-de-agentes-por-interferencia-futura-nos-precos\/","url":"https:\/\/agenciainfra.com\/blog\/desestatizacao-da-codesa-tem-critica-e-temor-de-agentes-por-interferencia-futura-nos-precos\/","name":"Desestatiza\u00e7\u00e3o da Codesa tem cr\u00edtica e temor de agentes por interfer\u00eancia futura nos pre\u00e7os - Ag\u00eancia iNFRA","isPartOf":{"@id":"https:\/\/agenciainfra.com\/blog\/#website"},"primaryImageOfPage":{"@id":"https:\/\/agenciainfra.com\/blog\/desestatizacao-da-codesa-tem-critica-e-temor-de-agentes-por-interferencia-futura-nos-precos\/#primaryimage"},"image":{"@id":"https:\/\/agenciainfra.com\/blog\/desestatizacao-da-codesa-tem-critica-e-temor-de-agentes-por-interferencia-futura-nos-precos\/#primaryimage"},"thumbnailUrl":"https:\/\/agenciainfra.com\/blog\/wp-content\/uploads\/2021\/03\/codesa-foto-codesa.jpeg","datePublished":"2021-03-24T11:00:00+00:00","dateModified":"2021-03-25T18:37:53+00:00","breadcrumb":{"@id":"https:\/\/agenciainfra.com\/blog\/desestatizacao-da-codesa-tem-critica-e-temor-de-agentes-por-interferencia-futura-nos-precos\/#breadcrumb"},"inLanguage":"pt-BR","potentialAction":[{"@type":"ReadAction","target":["https:\/\/agenciainfra.com\/blog\/desestatizacao-da-codesa-tem-critica-e-temor-de-agentes-por-interferencia-futura-nos-precos\/"]}]},{"@type":"ImageObject","inLanguage":"pt-BR","@id":"https:\/\/agenciainfra.com\/blog\/desestatizacao-da-codesa-tem-critica-e-temor-de-agentes-por-interferencia-futura-nos-precos\/#primaryimage","url":"https:\/\/agenciainfra.com\/blog\/wp-content\/uploads\/2021\/03\/codesa-foto-codesa.jpeg","contentUrl":"https:\/\/agenciainfra.com\/blog\/wp-content\/uploads\/2021\/03\/codesa-foto-codesa.jpeg","width":1280,"height":857},{"@type":"BreadcrumbList","@id":"https:\/\/agenciainfra.com\/blog\/desestatizacao-da-codesa-tem-critica-e-temor-de-agentes-por-interferencia-futura-nos-precos\/#breadcrumb","itemListElement":[{"@type":"ListItem","position":1,"name":"In\u00edcio","item":"https:\/\/agenciainfra.com\/blog\/"},{"@type":"ListItem","position":2,"name":"Desestatiza\u00e7\u00e3o da Codesa tem cr\u00edtica e temor de agentes por interfer\u00eancia futura nos pre\u00e7os"}]},{"@type":"WebSite","@id":"https:\/\/agenciainfra.com\/blog\/#website","url":"https:\/\/agenciainfra.com\/blog\/","name":"Ag\u00eancia iNFRA","description":"Multiplataforma de informa\u00e7\u00e3o jornal\u00edstica refer\u00eancia na \u00e1rea de infraestrutura no Brasil!","publisher":{"@id":"https:\/\/agenciainfra.com\/blog\/#organization"},"potentialAction":[{"@type":"SearchAction","target":{"@type":"EntryPoint","urlTemplate":"https:\/\/agenciainfra.com\/blog\/?s={search_term_string}"},"query-input":{"@type":"PropertyValueSpecification","valueRequired":true,"valueName":"search_term_string"}}],"inLanguage":"pt-BR"},{"@type":"Organization","@id":"https:\/\/agenciainfra.com\/blog\/#organization","name":"Ag\u00eancia iNFRA","url":"https:\/\/agenciainfra.com\/blog\/","logo":{"@type":"ImageObject","inLanguage":"pt-BR","@id":"https:\/\/agenciainfra.com\/blog\/#\/schema\/logo\/image\/","url":"https:\/\/agenciainfra.com\/blog\/wp-content\/uploads\/2023\/09\/iNFRA_5-e1761735885940.png","contentUrl":"https:\/\/agenciainfra.com\/blog\/wp-content\/uploads\/2023\/09\/iNFRA_5-e1761735885940.png","width":1672,"height":454,"caption":"Ag\u00eancia iNFRA"},"image":{"@id":"https:\/\/agenciainfra.com\/blog\/#\/schema\/logo\/image\/"},"sameAs":["https:\/\/www.facebook.com\/ageninfra","https:\/\/x.com\/agencia_infra","https:\/\/www.linkedin.com\/company\/ag\u00eanciainfra\/","https:\/\/www.instagram.com\/agenciainfra\/"]},{"@type":"Person","@id":"https:\/\/agenciainfra.com\/blog\/#\/schema\/person\/04dbb79bd6d8951f063da71f3e4c1eb1","name":"Rodrigo Zuquim","image":{"@type":"ImageObject","inLanguage":"pt-BR","@id":"https:\/\/agenciainfra.com\/blog\/#\/schema\/person\/image\/","url":"https:\/\/secure.gravatar.com\/avatar\/594abfe82761d620726242ff34ca472a705a4b97f16c790053a6b4c4035274d0?s=96&d=mm&r=g","contentUrl":"https:\/\/secure.gravatar.com\/avatar\/594abfe82761d620726242ff34ca472a705a4b97f16c790053a6b4c4035274d0?s=96&d=mm&r=g","caption":"Rodrigo Zuquim"},"url":"https:\/\/agenciainfra.com\/blog\/author\/rodrigo-zuquim\/"}]}},"_links":{"self":[{"href":"https:\/\/agenciainfra.com\/blog\/wp-json\/wp\/v2\/posts\/6957","targetHints":{"allow":["GET"]}}],"collection":[{"href":"https:\/\/agenciainfra.com\/blog\/wp-json\/wp\/v2\/posts"}],"about":[{"href":"https:\/\/agenciainfra.com\/blog\/wp-json\/wp\/v2\/types\/post"}],"author":[{"embeddable":true,"href":"https:\/\/agenciainfra.com\/blog\/wp-json\/wp\/v2\/users\/9"}],"replies":[{"embeddable":true,"href":"https:\/\/agenciainfra.com\/blog\/wp-json\/wp\/v2\/comments?post=6957"}],"version-history":[{"count":0,"href":"https:\/\/agenciainfra.com\/blog\/wp-json\/wp\/v2\/posts\/6957\/revisions"}],"wp:featuredmedia":[{"embeddable":true,"href":"https:\/\/agenciainfra.com\/blog\/wp-json\/wp\/v2\/media\/6958"}],"wp:attachment":[{"href":"https:\/\/agenciainfra.com\/blog\/wp-json\/wp\/v2\/media?parent=6957"}],"wp:term":[{"taxonomy":"category","embeddable":true,"href":"https:\/\/agenciainfra.com\/blog\/wp-json\/wp\/v2\/categories?post=6957"},{"taxonomy":"post_tag","embeddable":true,"href":"https:\/\/agenciainfra.com\/blog\/wp-json\/wp\/v2\/tags?post=6957"}],"curies":[{"name":"wp","href":"https:\/\/api.w.org\/{rel}","templated":true}]}}