{"id":6981,"date":"2021-03-27T08:00:00","date_gmt":"2021-03-27T11:00:00","guid":{"rendered":"https:\/\/www.agenciainfra.com\/blog\/?p=6981"},"modified":"2021-03-25T11:31:25","modified_gmt":"2021-03-25T14:31:25","slug":"governo-diversifica-gestores-e-alcanca-r-1-bi-em-gasto-orcamentario-com-aviacao-regional","status":"publish","type":"post","link":"https:\/\/agenciainfra.com\/blog\/governo-diversifica-gestores-e-alcanca-r-1-bi-em-gasto-orcamentario-com-aviacao-regional\/","title":{"rendered":"Governo diversifica gestores e alcan\u00e7a R$ 1 bi em gasto or\u00e7ament\u00e1rio com avia\u00e7\u00e3o regional"},"content":{"rendered":"\n<hr class=\"wp-block-separator\"\/>\n\n\n\n<p class=\"has-text-align-right\"><strong>Dimmi Amora, da&nbsp;Ag\u00eancia iNFRA<\/strong><\/p>\n\n\n\n<p>Os gastos do or\u00e7amento federal com o desenvolvimento da avia\u00e7\u00e3o regional no atual governo v\u00e3o atingir a marca de R$ 1 bilh\u00e3o em 2020, impactando 112 aeroportos do pa\u00eds.<\/p>\n\n\n\n<p>Os dados foram divulgados na \u00faltima ter\u00e7a-feira (23) pela Secretaria Nacional de Avia\u00e7\u00e3o Civil do Minist\u00e9rio da Infraestrutura, dentro de um balan\u00e7o de a\u00e7\u00f5es do setor que prev\u00ea, para 2022, no m\u00ednimo, mais R$ 500 milh\u00f5es em investimentos or\u00e7ament\u00e1rios em unidades regionais.<\/p>\n\n\n\n<p>Os gastos s\u00e3o feitos com recursos do FNAC (Fundo Nacional de Avia\u00e7\u00e3o Civil) \u2013 que \u00e9 abastecido por recursos pagos pelas outorgas de concess\u00f5es aeroportu\u00e1rias. Nessa contabiliza\u00e7\u00e3o h\u00e1 dados apenas de unidades que n\u00e3o est\u00e3o em capitais, de acordo com o secret\u00e1rio de Avia\u00e7\u00e3o Civil, Ronei Glanzmann.<\/p>\n\n\n\n<p>Ele explica que os investimentos v\u00e3o desde a constru\u00e7\u00e3o de novas pistas e terminais portu\u00e1rios at\u00e9 a&nbsp;compra de equipamentos essenciais para que as unidades possam receber voos, como carros de bombeiros e radares meteorol\u00f3gicos, por exemplo.<\/p>\n\n\n\n<p>Com a pandemia, o governo investiu em acelerar obras nessas unidades pela falta de voos nas unidades, e a expectativa \u00e9 que agora, na retomada que est\u00e1 prevista para ap\u00f3s a crise da Covid-19, esses investimentos sejam essenciais para ampliar o n\u00famero de voos e passageiros no pa\u00eds.<\/p>\n\n\n\n<p>&#8220;Estamos vendo outros mercados fora do pa\u00eds que est\u00e3o na nossa frente [em termos de retomada da economia] e a retomada da avia\u00e7\u00e3o dom\u00e9stica est\u00e1 sendo muito forte. Nosso cen\u00e1rio tamb\u00e9m \u00e9 esse&#8221;, disse Glanzmann.<\/p>\n\n\n\n<p>Glanzmann explicou ainda que os investimentos or\u00e7ament\u00e1rios est\u00e3o dentro do plano do Brasil de chegar em 2025 a ter 200 aeroportos em condi\u00e7\u00f5es de opera\u00e7\u00e3o para transportar 200 milh\u00f5es de passageiros\/ano. No pico de 2019, o pa\u00eds chegou a ter 140 aeroportos recebendo voos regulares e atingiu perto de 120 milh\u00f5es de passageiros\/ano.<\/p>\n\n\n\n<p><strong>Retomada<\/strong><br>Para atingir essa meta, os aeroportos regionais s\u00e3o considerados essenciais pela capilaridade que&nbsp;representam, aproximando-se de mais passageiros que&nbsp;acabam n\u00e3o voando pela dist\u00e2ncia entre sua casa e unidade&nbsp;mais pr\u00f3xima.&nbsp;Com mais unidades, na vis\u00e3o do secret\u00e1rio, est\u00e3o sendo identificadas cada vez mais companhias focadas em voos regionais operando em parceria com as empresas que usam aeronaves maiores.<\/p>\n\n\n\n<p>&#8220;Acho que o Brasil percebeu que n\u00e3o vamos poder trabalhar com uma padroniza\u00e7\u00e3o de frota t\u00e3o grande. Tem cidade em que vai caber uma aeronave grande e em outras voc\u00ea vai operar um Caravan de nove lugares&#8221;, explicou o secret\u00e1rio.<\/p>\n\n\n\n<p>Os investimentos em unidades regionais com recursos pr\u00f3prios, no entanto, n\u00e3o s\u00e3o os \u00fanicos que v\u00e3o ampliar a quantidade e melhorar a qualidade das unidades regionais. Segundo o secret\u00e1rio, a estimativa \u00e9 que pelo menos R$ 5,7 bilh\u00f5es sejam investidos em obras de concess\u00f5es de aeroportos fora das capitais, considerando as previs\u00f5es da 5\u00aa, da 6\u00aa e da 7\u00aa rodadas de concess\u00f5es aeroportu\u00e1rias.<\/p>\n\n\n\n<p><strong>Plano atabalhoado<\/strong><br>O n\u00famero impressiona, mas est\u00e1 coincidentemente pr\u00f3ximo do que foi anunciado num atabalhoado plano de avia\u00e7\u00e3o regional lan\u00e7ado pela presidente Dilma Rousseff em 2012. Chegou-se a falar em investimentos em mais de 700 unidades no pa\u00eds, depois reduzidos para a casa dos 200, com desembolsos na casa dos R$ 7 bilh\u00f5es.<\/p>\n\n\n\n<p>Glanzmann, que trabalha&nbsp;na SAC desde essa \u00e9poca, conta que o plano de 2012 produziu muitos aprendizados para que fosse poss\u00edvel chegar a uma execu\u00e7\u00e3o real anual na casa dos R$ 500 milh\u00f5es em 2021, apenas com or\u00e7amento p\u00fablico.<\/p>\n\n\n\n<p>Para ele, em primeiro lugar, \u00e9 necess\u00e1rio ter projetos qualificados para que se possa aplicar o dinheiro, o que demora entre um ano e dois anos para a elabora\u00e7\u00e3o dos estudos. No plano de 2012, n\u00e3o havia estudos, que foram ent\u00e3o contratados junto ao Banco do Brasil, que s\u00f3 terminou as primeiras propostas em 2014.<\/p>\n\n\n\n<p><strong>Diversifica\u00e7\u00e3o de gestores<\/strong><br>O segundo elemento essencial, segundo Glanzmann, \u00e9 diversificar os respons\u00e1veis por aplicar os recursos. Durante o governo anterior, o foco foi realizar as obras em parceria com os estados e munic\u00edpios. Mas, segundo ele, nem todos t\u00eam a capacidade de conduzir os investimentos.<\/p>\n\n\n\n<p>Por isso, a SAC ampliou as parcerias com a Infraero \u2013 que vai fazer obras em aeroportos sem ser a concession\u00e1ria da unidade \u2013, com a Aeron\u00e1utica, com o Ex\u00e9rcito e at\u00e9 com a empresa Itaipu Binacional para executar obras.<\/p>\n\n\n\n<p>Outro fator apontado pelo secret\u00e1rio como importante foi que o governo agora tem um PAN (Plano Aerovi\u00e1rio Nacional), que consegue dar a diretriz adequada para que os melhores investimentos possam ser realizados, evitando que recursos sejam direcionados para unidades com baixa viabilidade.<\/p>\n\n\n\n<p><strong>Teto de gastos<\/strong><br>Glanzmann, no entanto, afirmou que, no momento, a secretaria est\u00e1 avistando um sinal amarelo para a continuidade dos investimentos com&nbsp;or\u00e7amento da Uni\u00e3o. O FNAC est\u00e1 submetido ao teto de gastos e, por isso, seus disp\u00eandios entram no limite estabelecido pela emenda constitucional que o criou.<\/p>\n\n\n\n<p>At\u00e9 2022, segundo o secret\u00e1rio, os recursos dispon\u00edveis, a expectativa de emendas parlamentares para algumas unidades e as sobras do or\u00e7amento de anos anteriores garantem que n\u00e3o haver\u00e1 obras paralisadas por falta de or\u00e7amento.<\/p>\n\n\n\n<p>&#8220;Mas, para os anos seguintes, temos um sinal amarelo. Poderemos ter projetos prontos para executar e sem or\u00e7amento para fazer. Vamos precisar de mais or\u00e7amento, n\u00e3o vai ter jeito&#8221;, disse o secret\u00e1rio.<\/p>\n","protected":false},"excerpt":{"rendered":"<p>Dimmi Amora, da&nbsp;Ag\u00eancia iNFRA Os gastos do or\u00e7amento federal com o desenvolvimento da avia\u00e7\u00e3o regional no atual governo v\u00e3o atingir a marca de R$ 1 bilh\u00e3o em 2020, impactando 112 aeroportos do pa\u00eds. Os dados foram divulgados na \u00faltima ter\u00e7a-feira (23) pela Secretaria Nacional de Avia\u00e7\u00e3o Civil do Minist\u00e9rio da Infraestrutura, dentro de um balan\u00e7o [&hellip;]<\/p>\n","protected":false},"author":9,"featured_media":6982,"comment_status":"closed","ping_status":"closed","sticky":false,"template":"","format":"standard","meta":{"_monsterinsights_skip_tracking":false,"_monsterinsights_sitenote_active":false,"_monsterinsights_sitenote_note":"","_monsterinsights_sitenote_category":0,"footnotes":""},"categories":[1,7],"tags":[3834,107,3833,1151,78,1441,3835,734,61,32,99,775,167,1958,683,1763,235],"class_list":["post-6981","post","type-post","status-publish","format-standard","has-post-thumbnail","hentry","category-geral","category-infratransporte","tag-aeronautica","tag-aeroportos","tag-aviacao-domestica","tag-aviacao-regional","tag-concessoes","tag-emendas-parlamentares","tag-exercito","tag-fnac","tag-infraero","tag-investimentos","tag-itaipu","tag-ministerio-da-infraestrutura","tag-orcamento","tag-passageiros","tag-plano-aeroviario-nacional","tag-ronei-glanzmann","tag-voos"],"yoast_head":"<!-- This site is optimized with the Yoast SEO Premium plugin v25.4 (Yoast SEO v26.0) - https:\/\/yoast.com\/wordpress\/plugins\/seo\/ -->\n<title>Governo diversifica gestores e alcan\u00e7a R$ 1 bi em gasto or\u00e7ament\u00e1rio com avia\u00e7\u00e3o regional - Ag\u00eancia iNFRA<\/title>\n<meta name=\"robots\" content=\"index, follow, max-snippet:-1, max-image-preview:large, max-video-preview:-1\" \/>\n<link rel=\"canonical\" href=\"https:\/\/agenciainfra.com\/blog\/governo-diversifica-gestores-e-alcanca-r-1-bi-em-gasto-orcamentario-com-aviacao-regional\/\" \/>\n<meta property=\"og:locale\" content=\"pt_BR\" \/>\n<meta property=\"og:type\" content=\"article\" \/>\n<meta property=\"og:title\" content=\"Governo diversifica gestores e alcan\u00e7a R$ 1 bi em gasto or\u00e7ament\u00e1rio com avia\u00e7\u00e3o regional\" \/>\n<meta property=\"og:description\" content=\"Dimmi Amora, da&nbsp;Ag\u00eancia iNFRA Os gastos do or\u00e7amento federal com o desenvolvimento da avia\u00e7\u00e3o regional no atual governo v\u00e3o atingir a marca de R$ 1 bilh\u00e3o em 2020, impactando 112 aeroportos do pa\u00eds. Os dados foram divulgados na \u00faltima ter\u00e7a-feira (23) pela Secretaria Nacional de Avia\u00e7\u00e3o Civil do Minist\u00e9rio da Infraestrutura, dentro de um balan\u00e7o [&hellip;]\" \/>\n<meta property=\"og:url\" content=\"https:\/\/agenciainfra.com\/blog\/governo-diversifica-gestores-e-alcanca-r-1-bi-em-gasto-orcamentario-com-aviacao-regional\/\" \/>\n<meta property=\"og:site_name\" content=\"Ag\u00eancia iNFRA\" \/>\n<meta property=\"article:publisher\" content=\"https:\/\/www.facebook.com\/ageninfra\" \/>\n<meta property=\"article:published_time\" content=\"2021-03-27T11:00:00+00:00\" \/>\n<meta property=\"og:image\" content=\"https:\/\/agenciainfra.com\/blog\/wp-content\/uploads\/2021\/03\/ronei-glanzmann-foto-tania-rego-agencia-brasil.jpeg\" \/>\n\t<meta property=\"og:image:width\" content=\"1280\" \/>\n\t<meta property=\"og:image:height\" content=\"811\" \/>\n\t<meta property=\"og:image:type\" content=\"image\/jpeg\" \/>\n<meta name=\"author\" content=\"Rodrigo Zuquim\" \/>\n<meta name=\"twitter:card\" content=\"summary_large_image\" \/>\n<meta name=\"twitter:creator\" content=\"@agencia_infra\" \/>\n<meta name=\"twitter:site\" content=\"@agencia_infra\" \/>\n<meta name=\"twitter:label1\" content=\"Escrito por\" \/>\n\t<meta name=\"twitter:data1\" content=\"Rodrigo Zuquim\" \/>\n\t<meta name=\"twitter:label2\" content=\"Est. tempo de leitura\" \/>\n\t<meta name=\"twitter:data2\" content=\"5 minutos\" \/>\n<script type=\"application\/ld+json\" class=\"yoast-schema-graph\">{\"@context\":\"https:\/\/schema.org\",\"@graph\":[{\"@type\":\"Article\",\"@id\":\"https:\/\/agenciainfra.com\/blog\/governo-diversifica-gestores-e-alcanca-r-1-bi-em-gasto-orcamentario-com-aviacao-regional\/#article\",\"isPartOf\":{\"@id\":\"https:\/\/agenciainfra.com\/blog\/governo-diversifica-gestores-e-alcanca-r-1-bi-em-gasto-orcamentario-com-aviacao-regional\/\"},\"author\":{\"name\":\"Rodrigo Zuquim\",\"@id\":\"https:\/\/agenciainfra.com\/blog\/#\/schema\/person\/04dbb79bd6d8951f063da71f3e4c1eb1\"},\"headline\":\"Governo diversifica gestores e alcan\u00e7a R$ 1 bi em gasto or\u00e7ament\u00e1rio com avia\u00e7\u00e3o regional\",\"datePublished\":\"2021-03-27T11:00:00+00:00\",\"mainEntityOfPage\":{\"@id\":\"https:\/\/agenciainfra.com\/blog\/governo-diversifica-gestores-e-alcanca-r-1-bi-em-gasto-orcamentario-com-aviacao-regional\/\"},\"wordCount\":943,\"publisher\":{\"@id\":\"https:\/\/agenciainfra.com\/blog\/#organization\"},\"image\":{\"@id\":\"https:\/\/agenciainfra.com\/blog\/governo-diversifica-gestores-e-alcanca-r-1-bi-em-gasto-orcamentario-com-aviacao-regional\/#primaryimage\"},\"thumbnailUrl\":\"https:\/\/agenciainfra.com\/blog\/wp-content\/uploads\/2021\/03\/ronei-glanzmann-foto-tania-rego-agencia-brasil.jpeg\",\"keywords\":[\"Aeron\u00e1utica\",\"aeroportos\",\"avia\u00e7\u00e3o dom\u00e9stica\",\"avia\u00e7\u00e3o regional\",\"concess\u00f5es\",\"emendas parlamentares\",\"Ex\u00e9rcito\",\"FNAC\",\"Infraero\",\"Investimentos\",\"Itaipu\",\"Minist\u00e9rio da Infraestrutura\",\"Or\u00e7amento\",\"passageiros\",\"Plano Aerovi\u00e1rio Nacional\",\"Ronei Glanzmann\",\"voos\"],\"articleSection\":[\"Geral\",\"iNFRATransporte\"],\"inLanguage\":\"pt-BR\",\"copyrightYear\":\"2021\",\"copyrightHolder\":{\"@id\":\"https:\/\/agenciainfra.com\/blog\/#organization\"}},{\"@type\":\"WebPage\",\"@id\":\"https:\/\/agenciainfra.com\/blog\/governo-diversifica-gestores-e-alcanca-r-1-bi-em-gasto-orcamentario-com-aviacao-regional\/\",\"url\":\"https:\/\/agenciainfra.com\/blog\/governo-diversifica-gestores-e-alcanca-r-1-bi-em-gasto-orcamentario-com-aviacao-regional\/\",\"name\":\"Governo diversifica gestores e alcan\u00e7a R$ 1 bi em gasto or\u00e7ament\u00e1rio com avia\u00e7\u00e3o regional - Ag\u00eancia iNFRA\",\"isPartOf\":{\"@id\":\"https:\/\/agenciainfra.com\/blog\/#website\"},\"primaryImageOfPage\":{\"@id\":\"https:\/\/agenciainfra.com\/blog\/governo-diversifica-gestores-e-alcanca-r-1-bi-em-gasto-orcamentario-com-aviacao-regional\/#primaryimage\"},\"image\":{\"@id\":\"https:\/\/agenciainfra.com\/blog\/governo-diversifica-gestores-e-alcanca-r-1-bi-em-gasto-orcamentario-com-aviacao-regional\/#primaryimage\"},\"thumbnailUrl\":\"https:\/\/agenciainfra.com\/blog\/wp-content\/uploads\/2021\/03\/ronei-glanzmann-foto-tania-rego-agencia-brasil.jpeg\",\"datePublished\":\"2021-03-27T11:00:00+00:00\",\"breadcrumb\":{\"@id\":\"https:\/\/agenciainfra.com\/blog\/governo-diversifica-gestores-e-alcanca-r-1-bi-em-gasto-orcamentario-com-aviacao-regional\/#breadcrumb\"},\"inLanguage\":\"pt-BR\",\"potentialAction\":[{\"@type\":\"ReadAction\",\"target\":[\"https:\/\/agenciainfra.com\/blog\/governo-diversifica-gestores-e-alcanca-r-1-bi-em-gasto-orcamentario-com-aviacao-regional\/\"]}]},{\"@type\":\"ImageObject\",\"inLanguage\":\"pt-BR\",\"@id\":\"https:\/\/agenciainfra.com\/blog\/governo-diversifica-gestores-e-alcanca-r-1-bi-em-gasto-orcamentario-com-aviacao-regional\/#primaryimage\",\"url\":\"https:\/\/agenciainfra.com\/blog\/wp-content\/uploads\/2021\/03\/ronei-glanzmann-foto-tania-rego-agencia-brasil.jpeg\",\"contentUrl\":\"https:\/\/agenciainfra.com\/blog\/wp-content\/uploads\/2021\/03\/ronei-glanzmann-foto-tania-rego-agencia-brasil.jpeg\",\"width\":1280,\"height\":811,\"caption\":\"Foto: T\u00e2nia Rego\/Ag\u00eancia Brasil\"},{\"@type\":\"BreadcrumbList\",\"@id\":\"https:\/\/agenciainfra.com\/blog\/governo-diversifica-gestores-e-alcanca-r-1-bi-em-gasto-orcamentario-com-aviacao-regional\/#breadcrumb\",\"itemListElement\":[{\"@type\":\"ListItem\",\"position\":1,\"name\":\"In\u00edcio\",\"item\":\"https:\/\/agenciainfra.com\/blog\/\"},{\"@type\":\"ListItem\",\"position\":2,\"name\":\"Governo diversifica gestores e alcan\u00e7a R$ 1 bi em gasto or\u00e7ament\u00e1rio com avia\u00e7\u00e3o regional\"}]},{\"@type\":\"WebSite\",\"@id\":\"https:\/\/agenciainfra.com\/blog\/#website\",\"url\":\"https:\/\/agenciainfra.com\/blog\/\",\"name\":\"Ag\u00eancia iNFRA\",\"description\":\"Multiplataforma de informa\u00e7\u00e3o jornal\u00edstica refer\u00eancia na \u00e1rea de infraestrutura no Brasil!\",\"publisher\":{\"@id\":\"https:\/\/agenciainfra.com\/blog\/#organization\"},\"potentialAction\":[{\"@type\":\"SearchAction\",\"target\":{\"@type\":\"EntryPoint\",\"urlTemplate\":\"https:\/\/agenciainfra.com\/blog\/?s={search_term_string}\"},\"query-input\":{\"@type\":\"PropertyValueSpecification\",\"valueRequired\":true,\"valueName\":\"search_term_string\"}}],\"inLanguage\":\"pt-BR\"},{\"@type\":\"Organization\",\"@id\":\"https:\/\/agenciainfra.com\/blog\/#organization\",\"name\":\"Ag\u00eancia iNFRA\",\"url\":\"https:\/\/agenciainfra.com\/blog\/\",\"logo\":{\"@type\":\"ImageObject\",\"inLanguage\":\"pt-BR\",\"@id\":\"https:\/\/agenciainfra.com\/blog\/#\/schema\/logo\/image\/\",\"url\":\"https:\/\/agenciainfra.com\/blog\/wp-content\/uploads\/2023\/09\/iNFRA_5-e1761735885940.png\",\"contentUrl\":\"https:\/\/agenciainfra.com\/blog\/wp-content\/uploads\/2023\/09\/iNFRA_5-e1761735885940.png\",\"width\":1672,\"height\":454,\"caption\":\"Ag\u00eancia iNFRA\"},\"image\":{\"@id\":\"https:\/\/agenciainfra.com\/blog\/#\/schema\/logo\/image\/\"},\"sameAs\":[\"https:\/\/www.facebook.com\/ageninfra\",\"https:\/\/x.com\/agencia_infra\",\"https:\/\/www.linkedin.com\/company\/ag\u00eanciainfra\/\",\"https:\/\/www.instagram.com\/agenciainfra\/\"]},{\"@type\":\"Person\",\"@id\":\"https:\/\/agenciainfra.com\/blog\/#\/schema\/person\/04dbb79bd6d8951f063da71f3e4c1eb1\",\"name\":\"Rodrigo Zuquim\",\"image\":{\"@type\":\"ImageObject\",\"inLanguage\":\"pt-BR\",\"@id\":\"https:\/\/agenciainfra.com\/blog\/#\/schema\/person\/image\/\",\"url\":\"https:\/\/secure.gravatar.com\/avatar\/594abfe82761d620726242ff34ca472a705a4b97f16c790053a6b4c4035274d0?s=96&d=mm&r=g\",\"contentUrl\":\"https:\/\/secure.gravatar.com\/avatar\/594abfe82761d620726242ff34ca472a705a4b97f16c790053a6b4c4035274d0?s=96&d=mm&r=g\",\"caption\":\"Rodrigo Zuquim\"},\"url\":\"https:\/\/agenciainfra.com\/blog\/author\/rodrigo-zuquim\/\"}]}<\/script>\n<!-- \/ Yoast SEO Premium plugin. -->","yoast_head_json":{"title":"Governo diversifica gestores e alcan\u00e7a R$ 1 bi em gasto or\u00e7ament\u00e1rio com avia\u00e7\u00e3o regional - Ag\u00eancia iNFRA","robots":{"index":"index","follow":"follow","max-snippet":"max-snippet:-1","max-image-preview":"max-image-preview:large","max-video-preview":"max-video-preview:-1"},"canonical":"https:\/\/agenciainfra.com\/blog\/governo-diversifica-gestores-e-alcanca-r-1-bi-em-gasto-orcamentario-com-aviacao-regional\/","og_locale":"pt_BR","og_type":"article","og_title":"Governo diversifica gestores e alcan\u00e7a R$ 1 bi em gasto or\u00e7ament\u00e1rio com avia\u00e7\u00e3o regional","og_description":"Dimmi Amora, da&nbsp;Ag\u00eancia iNFRA Os gastos do or\u00e7amento federal com o desenvolvimento da avia\u00e7\u00e3o regional no atual governo v\u00e3o atingir a marca de R$ 1 bilh\u00e3o em 2020, impactando 112 aeroportos do pa\u00eds. Os dados foram divulgados na \u00faltima ter\u00e7a-feira (23) pela Secretaria Nacional de Avia\u00e7\u00e3o Civil do Minist\u00e9rio da Infraestrutura, dentro de um balan\u00e7o [&hellip;]","og_url":"https:\/\/agenciainfra.com\/blog\/governo-diversifica-gestores-e-alcanca-r-1-bi-em-gasto-orcamentario-com-aviacao-regional\/","og_site_name":"Ag\u00eancia iNFRA","article_publisher":"https:\/\/www.facebook.com\/ageninfra","article_published_time":"2021-03-27T11:00:00+00:00","og_image":[{"width":1280,"height":811,"url":"https:\/\/agenciainfra.com\/blog\/wp-content\/uploads\/2021\/03\/ronei-glanzmann-foto-tania-rego-agencia-brasil.jpeg","type":"image\/jpeg"}],"author":"Rodrigo Zuquim","twitter_card":"summary_large_image","twitter_creator":"@agencia_infra","twitter_site":"@agencia_infra","twitter_misc":{"Escrito por":"Rodrigo Zuquim","Est. tempo de leitura":"5 minutos"},"schema":{"@context":"https:\/\/schema.org","@graph":[{"@type":"Article","@id":"https:\/\/agenciainfra.com\/blog\/governo-diversifica-gestores-e-alcanca-r-1-bi-em-gasto-orcamentario-com-aviacao-regional\/#article","isPartOf":{"@id":"https:\/\/agenciainfra.com\/blog\/governo-diversifica-gestores-e-alcanca-r-1-bi-em-gasto-orcamentario-com-aviacao-regional\/"},"author":{"name":"Rodrigo Zuquim","@id":"https:\/\/agenciainfra.com\/blog\/#\/schema\/person\/04dbb79bd6d8951f063da71f3e4c1eb1"},"headline":"Governo diversifica gestores e alcan\u00e7a R$ 1 bi em gasto or\u00e7ament\u00e1rio com avia\u00e7\u00e3o regional","datePublished":"2021-03-27T11:00:00+00:00","mainEntityOfPage":{"@id":"https:\/\/agenciainfra.com\/blog\/governo-diversifica-gestores-e-alcanca-r-1-bi-em-gasto-orcamentario-com-aviacao-regional\/"},"wordCount":943,"publisher":{"@id":"https:\/\/agenciainfra.com\/blog\/#organization"},"image":{"@id":"https:\/\/agenciainfra.com\/blog\/governo-diversifica-gestores-e-alcanca-r-1-bi-em-gasto-orcamentario-com-aviacao-regional\/#primaryimage"},"thumbnailUrl":"https:\/\/agenciainfra.com\/blog\/wp-content\/uploads\/2021\/03\/ronei-glanzmann-foto-tania-rego-agencia-brasil.jpeg","keywords":["Aeron\u00e1utica","aeroportos","avia\u00e7\u00e3o dom\u00e9stica","avia\u00e7\u00e3o regional","concess\u00f5es","emendas parlamentares","Ex\u00e9rcito","FNAC","Infraero","Investimentos","Itaipu","Minist\u00e9rio da Infraestrutura","Or\u00e7amento","passageiros","Plano Aerovi\u00e1rio Nacional","Ronei Glanzmann","voos"],"articleSection":["Geral","iNFRATransporte"],"inLanguage":"pt-BR","copyrightYear":"2021","copyrightHolder":{"@id":"https:\/\/agenciainfra.com\/blog\/#organization"}},{"@type":"WebPage","@id":"https:\/\/agenciainfra.com\/blog\/governo-diversifica-gestores-e-alcanca-r-1-bi-em-gasto-orcamentario-com-aviacao-regional\/","url":"https:\/\/agenciainfra.com\/blog\/governo-diversifica-gestores-e-alcanca-r-1-bi-em-gasto-orcamentario-com-aviacao-regional\/","name":"Governo diversifica gestores e alcan\u00e7a R$ 1 bi em gasto or\u00e7ament\u00e1rio com avia\u00e7\u00e3o regional - Ag\u00eancia iNFRA","isPartOf":{"@id":"https:\/\/agenciainfra.com\/blog\/#website"},"primaryImageOfPage":{"@id":"https:\/\/agenciainfra.com\/blog\/governo-diversifica-gestores-e-alcanca-r-1-bi-em-gasto-orcamentario-com-aviacao-regional\/#primaryimage"},"image":{"@id":"https:\/\/agenciainfra.com\/blog\/governo-diversifica-gestores-e-alcanca-r-1-bi-em-gasto-orcamentario-com-aviacao-regional\/#primaryimage"},"thumbnailUrl":"https:\/\/agenciainfra.com\/blog\/wp-content\/uploads\/2021\/03\/ronei-glanzmann-foto-tania-rego-agencia-brasil.jpeg","datePublished":"2021-03-27T11:00:00+00:00","breadcrumb":{"@id":"https:\/\/agenciainfra.com\/blog\/governo-diversifica-gestores-e-alcanca-r-1-bi-em-gasto-orcamentario-com-aviacao-regional\/#breadcrumb"},"inLanguage":"pt-BR","potentialAction":[{"@type":"ReadAction","target":["https:\/\/agenciainfra.com\/blog\/governo-diversifica-gestores-e-alcanca-r-1-bi-em-gasto-orcamentario-com-aviacao-regional\/"]}]},{"@type":"ImageObject","inLanguage":"pt-BR","@id":"https:\/\/agenciainfra.com\/blog\/governo-diversifica-gestores-e-alcanca-r-1-bi-em-gasto-orcamentario-com-aviacao-regional\/#primaryimage","url":"https:\/\/agenciainfra.com\/blog\/wp-content\/uploads\/2021\/03\/ronei-glanzmann-foto-tania-rego-agencia-brasil.jpeg","contentUrl":"https:\/\/agenciainfra.com\/blog\/wp-content\/uploads\/2021\/03\/ronei-glanzmann-foto-tania-rego-agencia-brasil.jpeg","width":1280,"height":811,"caption":"Foto: T\u00e2nia Rego\/Ag\u00eancia Brasil"},{"@type":"BreadcrumbList","@id":"https:\/\/agenciainfra.com\/blog\/governo-diversifica-gestores-e-alcanca-r-1-bi-em-gasto-orcamentario-com-aviacao-regional\/#breadcrumb","itemListElement":[{"@type":"ListItem","position":1,"name":"In\u00edcio","item":"https:\/\/agenciainfra.com\/blog\/"},{"@type":"ListItem","position":2,"name":"Governo diversifica gestores e alcan\u00e7a R$ 1 bi em gasto or\u00e7ament\u00e1rio com avia\u00e7\u00e3o regional"}]},{"@type":"WebSite","@id":"https:\/\/agenciainfra.com\/blog\/#website","url":"https:\/\/agenciainfra.com\/blog\/","name":"Ag\u00eancia iNFRA","description":"Multiplataforma de informa\u00e7\u00e3o jornal\u00edstica refer\u00eancia na \u00e1rea de infraestrutura no Brasil!","publisher":{"@id":"https:\/\/agenciainfra.com\/blog\/#organization"},"potentialAction":[{"@type":"SearchAction","target":{"@type":"EntryPoint","urlTemplate":"https:\/\/agenciainfra.com\/blog\/?s={search_term_string}"},"query-input":{"@type":"PropertyValueSpecification","valueRequired":true,"valueName":"search_term_string"}}],"inLanguage":"pt-BR"},{"@type":"Organization","@id":"https:\/\/agenciainfra.com\/blog\/#organization","name":"Ag\u00eancia iNFRA","url":"https:\/\/agenciainfra.com\/blog\/","logo":{"@type":"ImageObject","inLanguage":"pt-BR","@id":"https:\/\/agenciainfra.com\/blog\/#\/schema\/logo\/image\/","url":"https:\/\/agenciainfra.com\/blog\/wp-content\/uploads\/2023\/09\/iNFRA_5-e1761735885940.png","contentUrl":"https:\/\/agenciainfra.com\/blog\/wp-content\/uploads\/2023\/09\/iNFRA_5-e1761735885940.png","width":1672,"height":454,"caption":"Ag\u00eancia iNFRA"},"image":{"@id":"https:\/\/agenciainfra.com\/blog\/#\/schema\/logo\/image\/"},"sameAs":["https:\/\/www.facebook.com\/ageninfra","https:\/\/x.com\/agencia_infra","https:\/\/www.linkedin.com\/company\/ag\u00eanciainfra\/","https:\/\/www.instagram.com\/agenciainfra\/"]},{"@type":"Person","@id":"https:\/\/agenciainfra.com\/blog\/#\/schema\/person\/04dbb79bd6d8951f063da71f3e4c1eb1","name":"Rodrigo Zuquim","image":{"@type":"ImageObject","inLanguage":"pt-BR","@id":"https:\/\/agenciainfra.com\/blog\/#\/schema\/person\/image\/","url":"https:\/\/secure.gravatar.com\/avatar\/594abfe82761d620726242ff34ca472a705a4b97f16c790053a6b4c4035274d0?s=96&d=mm&r=g","contentUrl":"https:\/\/secure.gravatar.com\/avatar\/594abfe82761d620726242ff34ca472a705a4b97f16c790053a6b4c4035274d0?s=96&d=mm&r=g","caption":"Rodrigo Zuquim"},"url":"https:\/\/agenciainfra.com\/blog\/author\/rodrigo-zuquim\/"}]}},"_links":{"self":[{"href":"https:\/\/agenciainfra.com\/blog\/wp-json\/wp\/v2\/posts\/6981","targetHints":{"allow":["GET"]}}],"collection":[{"href":"https:\/\/agenciainfra.com\/blog\/wp-json\/wp\/v2\/posts"}],"about":[{"href":"https:\/\/agenciainfra.com\/blog\/wp-json\/wp\/v2\/types\/post"}],"author":[{"embeddable":true,"href":"https:\/\/agenciainfra.com\/blog\/wp-json\/wp\/v2\/users\/9"}],"replies":[{"embeddable":true,"href":"https:\/\/agenciainfra.com\/blog\/wp-json\/wp\/v2\/comments?post=6981"}],"version-history":[{"count":0,"href":"https:\/\/agenciainfra.com\/blog\/wp-json\/wp\/v2\/posts\/6981\/revisions"}],"wp:featuredmedia":[{"embeddable":true,"href":"https:\/\/agenciainfra.com\/blog\/wp-json\/wp\/v2\/media\/6982"}],"wp:attachment":[{"href":"https:\/\/agenciainfra.com\/blog\/wp-json\/wp\/v2\/media?parent=6981"}],"wp:term":[{"taxonomy":"category","embeddable":true,"href":"https:\/\/agenciainfra.com\/blog\/wp-json\/wp\/v2\/categories?post=6981"},{"taxonomy":"post_tag","embeddable":true,"href":"https:\/\/agenciainfra.com\/blog\/wp-json\/wp\/v2\/tags?post=6981"}],"curies":[{"name":"wp","href":"https:\/\/api.w.org\/{rel}","templated":true}]}}