{"id":7005,"date":"2021-03-25T20:57:41","date_gmt":"2021-03-25T23:57:41","guid":{"rendered":"https:\/\/www.agenciainfra.com\/blog\/?p=7005"},"modified":"2021-03-26T07:40:02","modified_gmt":"2021-03-26T10:40:02","slug":"seguranca-juridica-reforma-tributaria-e-regulacao-e-controle-serao-temas-do-lancamento-da-alianca-para-a-infraestrutura-nesta-sexta-feira-26","status":"publish","type":"post","link":"https:\/\/agenciainfra.com\/blog\/seguranca-juridica-reforma-tributaria-e-regulacao-e-controle-serao-temas-do-lancamento-da-alianca-para-a-infraestrutura-nesta-sexta-feira-26\/","title":{"rendered":"Seguran\u00e7a jur\u00eddica, reforma tribut\u00e1ria, e regula\u00e7\u00e3o e controle ser\u00e3o temas do lan\u00e7amento da Alian\u00e7a para a Infraestrutura, nesta sexta-feira (26)"},"content":{"rendered":"\n<p class=\"has-text-align-right\"><strong>da Ag\u00eancia iNFRA<\/strong><\/p>\n\n\n\n<p>Seguran\u00e7a jur\u00eddica, reforma tribut\u00e1ria e a rela\u00e7\u00e3o com \u00f3rg\u00e3os de regula\u00e7\u00e3o e controle s\u00e3o os temas que grandes associa\u00e7\u00f5es do setor de infraestrutura v\u00e3o debater no encontro para o lan\u00e7amento da Alian\u00e7a para a Infraestrutura, que ocorre nesta sexta-feira (26), a partir das 11h30.\u00a0 O evento ser\u00e1 transmitido no\u00a0<a rel=\"noreferrer noopener\" href=\"https:\/\/agenciainfra.us14.list-manage.com\/track\/click?u=d460dd1bcf9ba0ae040e1fc0f&amp;id=72382de0c6&amp;e=79cc876d14\" target=\"_blank\">canal da <strong>Ag\u00eancia iNFRA<\/strong> no YouTube<\/a>.<\/p>\n\n\n\n<p>A Alian\u00e7a para a Infraestrutura \u00e9 promovida pela ABCR (Associa\u00e7\u00e3o Brasileira de Concession\u00e1rias de Rodovias), ABTP (Associa\u00e7\u00e3o Brasileira dos Terminais Portu\u00e1rios), Aneaa (Associa\u00e7\u00e3o Nacional das Empresas Administradoras de Aeroportos) e ANTF (Associa\u00e7\u00e3o Nacional dos Transportadores Ferrovi\u00e1rios).<\/p>\n\n\n\n<p>A ideia do grupo \u00e9 que o setor privado seja capaz de unificar posicionamentos e estrat\u00e9gias sobre temas comuns ao setor e abrir espa\u00e7o para o debate sobre a\u00e7\u00f5es que repercutem nos setores, como as diversas reformas estruturais que est\u00e3o sendo discutidas nacionalmente.<\/p>\n\n\n\n<p>Outro objetivo do movimento \u00e9 fomentar a aproxima\u00e7\u00e3o entre as empresas, os usu\u00e1rios dos servi\u00e7os, imprensa, \u00f3rg\u00e3os de controle, entidades governamentais e outras organiza\u00e7\u00f5es da sociedade civil.<\/p>\n\n\n\n<p>&#8220;A Alian\u00e7a significa um passo importante para o fortalecimento das entidades representativas do setor de infraestrutura no Brasil e para a consolida\u00e7\u00e3o dos canais de comunica\u00e7\u00e3o institucional entre importantes atores e \u00f3rg\u00e3os, tanto do setor p\u00fablico, quanto do setor privado&#8221;, afirmou Marco Aur\u00e9lio Barcelos, diretor-presidente da ABCR.<\/p>\n\n\n\n<p>Apoiar o crescimento do pa\u00eds tamb\u00e9m est\u00e1 no foco dos trabalhos da Alian\u00e7a, na avalia\u00e7\u00e3o do diretor-presidente da ABTP, Jesualdo Silva.<\/p>\n\n\n\n<p>&#8220;Com a Alian\u00e7a vamos unir esfor\u00e7os e somar for\u00e7as em prol do desenvolvimento da infraestrutura brasileira, que \u00e9 o pilar para o crescimento econ\u00f4mico do pa\u00eds.&#8221;<\/p>\n\n\n\n<p>O aumento da seguran\u00e7a jur\u00eddica, para Dyogo Oliveira, presidente da Aneaa, ser\u00e1 fundamental para a amplia\u00e7\u00e3o dos investimentos no Brasil.<\/p>\n\n\n\n<p>&#8220;Essa alian\u00e7a que estamos formando tem como objetivo principal fomentar solu\u00e7\u00f5es que permitam a amplia\u00e7\u00e3o dos investimentos na infraestrutura brasileira por meio do aumento da seguran\u00e7a jur\u00eddica e de um ambiente de neg\u00f3cios transparente e competitivo&#8221;, disse o presidente.<\/p>\n\n\n\n<p>Fernando Paes, diretor-executivo da ANTF, lembrou que, para o pa\u00eds enfrentar os diversos gargalos em nossa infraestrutura, dever\u00edamos investir o dobro do que o pa\u00eds investe hoje.<\/p>\n\n\n\n<p>&#8220;Isso n\u00e3o ser\u00e1 poss\u00edvel sem um ambiente de neg\u00f3cios em que haja efetiva seguran\u00e7a jur\u00eddica, em que a regula\u00e7\u00e3o n\u00e3o seja um entrave ao desenvolvimento. Muitas dessas quest\u00f5es s\u00e3o comuns aos setores ferrovi\u00e1rio, aeroportu\u00e1rio, rodovi\u00e1rio e portu\u00e1rio. Juntos teremos mais condi\u00e7\u00f5es de contribuir para o desenvolvimento destes e de outros temas comuns que possam surgir.&#8221;<\/p>\n\n\n\n<p>Cada uma das associa\u00e7\u00f5es fundadoras da Alian\u00e7a pela Infraestrutura congrega empresas de grande express\u00e3o em seus respectivos segmentos. A ABCR possui 47 concession\u00e1rias associadas, as quais administram 15.616 km de rodovias concedidas. A ABTP conta com 68 firmas detentoras de 117 terminais portu\u00e1rios. A Aneaa representa seis concession\u00e1rias de terminais aeroportu\u00e1rios. Enquanto a ANTF conta com administradoras de 12 malhas ferrovi\u00e1rias concedidas, somando 29.320 km.<\/p>\n","protected":false},"excerpt":{"rendered":"<p>da Ag\u00eancia iNFRA Seguran\u00e7a jur\u00eddica, reforma tribut\u00e1ria e a rela\u00e7\u00e3o com \u00f3rg\u00e3os de regula\u00e7\u00e3o e controle s\u00e3o os temas que grandes associa\u00e7\u00f5es do setor de infraestrutura v\u00e3o debater no encontro para o lan\u00e7amento da Alian\u00e7a para a Infraestrutura, que ocorre nesta sexta-feira (26), a partir das 11h30.\u00a0 O evento ser\u00e1 transmitido no\u00a0canal da Ag\u00eancia iNFRA [&hellip;]<\/p>\n","protected":false},"author":9,"featured_media":7006,"comment_status":"closed","ping_status":"closed","sticky":false,"template":"","format":"standard","meta":{"_monsterinsights_skip_tracking":false,"_monsterinsights_sitenote_active":false,"_monsterinsights_sitenote_note":"","_monsterinsights_sitenote_category":0,"footnotes":""},"categories":[1,2053],"tags":[613,207,3849,1373,59,1374,2048,34,32,3506,1986,1730,48,2449],"class_list":["post-7005","post","type-post","status-publish","format-standard","has-post-thumbnail","hentry","category-geral","category-infraliveventos","tag-abcr","tag-abtp","tag-alianca-para-a-infraestrutura","tag-aneaa","tag-antf","tag-dyogo-oliveira","tag-fernando-paes","tag-infraestrutura","tag-investimentos","tag-jesualdo-silva","tag-marco-aurelio-barcelos","tag-reforma-tributaria","tag-regulacao","tag-seguranca-juridica"],"yoast_head":"<!-- This site is optimized with the Yoast SEO Premium plugin v25.4 (Yoast SEO v26.0) - https:\/\/yoast.com\/wordpress\/plugins\/seo\/ -->\n<title>Seguran\u00e7a jur\u00eddica, reforma tribut\u00e1ria, e regula\u00e7\u00e3o e controle ser\u00e3o temas do lan\u00e7amento da Alian\u00e7a para a Infraestrutura, nesta sexta-feira (26) - Ag\u00eancia iNFRA<\/title>\n<meta name=\"robots\" content=\"index, follow, max-snippet:-1, max-image-preview:large, max-video-preview:-1\" \/>\n<link rel=\"canonical\" href=\"https:\/\/agenciainfra.com\/blog\/seguranca-juridica-reforma-tributaria-e-regulacao-e-controle-serao-temas-do-lancamento-da-alianca-para-a-infraestrutura-nesta-sexta-feira-26\/\" \/>\n<meta property=\"og:locale\" content=\"pt_BR\" \/>\n<meta property=\"og:type\" content=\"article\" \/>\n<meta property=\"og:title\" content=\"Seguran\u00e7a jur\u00eddica, reforma tribut\u00e1ria, e regula\u00e7\u00e3o e controle ser\u00e3o temas do lan\u00e7amento da Alian\u00e7a para a Infraestrutura, nesta sexta-feira (26)\" \/>\n<meta property=\"og:description\" content=\"da Ag\u00eancia iNFRA Seguran\u00e7a jur\u00eddica, reforma tribut\u00e1ria e a rela\u00e7\u00e3o com \u00f3rg\u00e3os de regula\u00e7\u00e3o e controle s\u00e3o os temas que grandes associa\u00e7\u00f5es do setor de infraestrutura v\u00e3o debater no encontro para o lan\u00e7amento da Alian\u00e7a para a Infraestrutura, que ocorre nesta sexta-feira (26), a partir das 11h30.\u00a0 O evento ser\u00e1 transmitido no\u00a0canal da Ag\u00eancia iNFRA [&hellip;]\" \/>\n<meta property=\"og:url\" content=\"https:\/\/agenciainfra.com\/blog\/seguranca-juridica-reforma-tributaria-e-regulacao-e-controle-serao-temas-do-lancamento-da-alianca-para-a-infraestrutura-nesta-sexta-feira-26\/\" \/>\n<meta property=\"og:site_name\" content=\"Ag\u00eancia iNFRA\" \/>\n<meta property=\"article:publisher\" content=\"https:\/\/www.facebook.com\/ageninfra\" \/>\n<meta property=\"article:published_time\" content=\"2021-03-25T23:57:41+00:00\" \/>\n<meta property=\"article:modified_time\" content=\"2021-03-26T10:40:02+00:00\" \/>\n<meta property=\"og:image\" content=\"https:\/\/agenciainfra.com\/blog\/wp-content\/uploads\/2021\/03\/marco-dyogo-jesualdo-fernando.png\" \/>\n\t<meta property=\"og:image:width\" content=\"1280\" \/>\n\t<meta property=\"og:image:height\" content=\"795\" \/>\n\t<meta property=\"og:image:type\" content=\"image\/png\" \/>\n<meta name=\"author\" content=\"Rodrigo Zuquim\" \/>\n<meta name=\"twitter:card\" content=\"summary_large_image\" \/>\n<meta name=\"twitter:creator\" content=\"@agencia_infra\" \/>\n<meta name=\"twitter:site\" content=\"@agencia_infra\" \/>\n<meta name=\"twitter:label1\" content=\"Escrito por\" \/>\n\t<meta name=\"twitter:data1\" content=\"Rodrigo Zuquim\" \/>\n\t<meta name=\"twitter:label2\" content=\"Est. tempo de leitura\" \/>\n\t<meta name=\"twitter:data2\" content=\"3 minutos\" \/>\n<script type=\"application\/ld+json\" class=\"yoast-schema-graph\">{\"@context\":\"https:\/\/schema.org\",\"@graph\":[{\"@type\":\"Article\",\"@id\":\"https:\/\/agenciainfra.com\/blog\/seguranca-juridica-reforma-tributaria-e-regulacao-e-controle-serao-temas-do-lancamento-da-alianca-para-a-infraestrutura-nesta-sexta-feira-26\/#article\",\"isPartOf\":{\"@id\":\"https:\/\/agenciainfra.com\/blog\/seguranca-juridica-reforma-tributaria-e-regulacao-e-controle-serao-temas-do-lancamento-da-alianca-para-a-infraestrutura-nesta-sexta-feira-26\/\"},\"author\":{\"name\":\"Rodrigo Zuquim\",\"@id\":\"https:\/\/agenciainfra.com\/blog\/#\/schema\/person\/04dbb79bd6d8951f063da71f3e4c1eb1\"},\"headline\":\"Seguran\u00e7a jur\u00eddica, reforma tribut\u00e1ria, e regula\u00e7\u00e3o e controle ser\u00e3o temas do lan\u00e7amento da Alian\u00e7a para a Infraestrutura, nesta sexta-feira (26)\",\"datePublished\":\"2021-03-25T23:57:41+00:00\",\"dateModified\":\"2021-03-26T10:40:02+00:00\",\"mainEntityOfPage\":{\"@id\":\"https:\/\/agenciainfra.com\/blog\/seguranca-juridica-reforma-tributaria-e-regulacao-e-controle-serao-temas-do-lancamento-da-alianca-para-a-infraestrutura-nesta-sexta-feira-26\/\"},\"wordCount\":558,\"publisher\":{\"@id\":\"https:\/\/agenciainfra.com\/blog\/#organization\"},\"image\":{\"@id\":\"https:\/\/agenciainfra.com\/blog\/seguranca-juridica-reforma-tributaria-e-regulacao-e-controle-serao-temas-do-lancamento-da-alianca-para-a-infraestrutura-nesta-sexta-feira-26\/#primaryimage\"},\"thumbnailUrl\":\"https:\/\/agenciainfra.com\/blog\/wp-content\/uploads\/2021\/03\/marco-dyogo-jesualdo-fernando.png\",\"keywords\":[\"abcr\",\"ABTP\",\"Alian\u00e7a para a Infraestrutura\",\"Aneaa\",\"ANTF\",\"Dyogo Oliveira\",\"Fernando Paes\",\"Infraestrutura\",\"Investimentos\",\"Jesualdo Silva\",\"Marco Aur\u00e9lio Barcelos\",\"reforma tribut\u00e1ria\",\"Regula\u00e7\u00e3o\",\"seguran\u00e7a jur\u00eddica\"],\"articleSection\":[\"Geral\",\"iNFRALive e Eventos\"],\"inLanguage\":\"pt-BR\",\"copyrightYear\":\"2021\",\"copyrightHolder\":{\"@id\":\"https:\/\/agenciainfra.com\/blog\/#organization\"}},{\"@type\":\"WebPage\",\"@id\":\"https:\/\/agenciainfra.com\/blog\/seguranca-juridica-reforma-tributaria-e-regulacao-e-controle-serao-temas-do-lancamento-da-alianca-para-a-infraestrutura-nesta-sexta-feira-26\/\",\"url\":\"https:\/\/agenciainfra.com\/blog\/seguranca-juridica-reforma-tributaria-e-regulacao-e-controle-serao-temas-do-lancamento-da-alianca-para-a-infraestrutura-nesta-sexta-feira-26\/\",\"name\":\"Seguran\u00e7a jur\u00eddica, reforma tribut\u00e1ria, e regula\u00e7\u00e3o e controle ser\u00e3o temas do lan\u00e7amento da Alian\u00e7a para a Infraestrutura, nesta sexta-feira (26) - Ag\u00eancia iNFRA\",\"isPartOf\":{\"@id\":\"https:\/\/agenciainfra.com\/blog\/#website\"},\"primaryImageOfPage\":{\"@id\":\"https:\/\/agenciainfra.com\/blog\/seguranca-juridica-reforma-tributaria-e-regulacao-e-controle-serao-temas-do-lancamento-da-alianca-para-a-infraestrutura-nesta-sexta-feira-26\/#primaryimage\"},\"image\":{\"@id\":\"https:\/\/agenciainfra.com\/blog\/seguranca-juridica-reforma-tributaria-e-regulacao-e-controle-serao-temas-do-lancamento-da-alianca-para-a-infraestrutura-nesta-sexta-feira-26\/#primaryimage\"},\"thumbnailUrl\":\"https:\/\/agenciainfra.com\/blog\/wp-content\/uploads\/2021\/03\/marco-dyogo-jesualdo-fernando.png\",\"datePublished\":\"2021-03-25T23:57:41+00:00\",\"dateModified\":\"2021-03-26T10:40:02+00:00\",\"breadcrumb\":{\"@id\":\"https:\/\/agenciainfra.com\/blog\/seguranca-juridica-reforma-tributaria-e-regulacao-e-controle-serao-temas-do-lancamento-da-alianca-para-a-infraestrutura-nesta-sexta-feira-26\/#breadcrumb\"},\"inLanguage\":\"pt-BR\",\"potentialAction\":[{\"@type\":\"ReadAction\",\"target\":[\"https:\/\/agenciainfra.com\/blog\/seguranca-juridica-reforma-tributaria-e-regulacao-e-controle-serao-temas-do-lancamento-da-alianca-para-a-infraestrutura-nesta-sexta-feira-26\/\"]}]},{\"@type\":\"ImageObject\",\"inLanguage\":\"pt-BR\",\"@id\":\"https:\/\/agenciainfra.com\/blog\/seguranca-juridica-reforma-tributaria-e-regulacao-e-controle-serao-temas-do-lancamento-da-alianca-para-a-infraestrutura-nesta-sexta-feira-26\/#primaryimage\",\"url\":\"https:\/\/agenciainfra.com\/blog\/wp-content\/uploads\/2021\/03\/marco-dyogo-jesualdo-fernando.png\",\"contentUrl\":\"https:\/\/agenciainfra.com\/blog\/wp-content\/uploads\/2021\/03\/marco-dyogo-jesualdo-fernando.png\",\"width\":1280,\"height\":795},{\"@type\":\"BreadcrumbList\",\"@id\":\"https:\/\/agenciainfra.com\/blog\/seguranca-juridica-reforma-tributaria-e-regulacao-e-controle-serao-temas-do-lancamento-da-alianca-para-a-infraestrutura-nesta-sexta-feira-26\/#breadcrumb\",\"itemListElement\":[{\"@type\":\"ListItem\",\"position\":1,\"name\":\"In\u00edcio\",\"item\":\"https:\/\/agenciainfra.com\/blog\/\"},{\"@type\":\"ListItem\",\"position\":2,\"name\":\"Seguran\u00e7a jur\u00eddica, reforma tribut\u00e1ria, e regula\u00e7\u00e3o e controle ser\u00e3o temas do lan\u00e7amento da Alian\u00e7a para a Infraestrutura, nesta sexta-feira (26)\"}]},{\"@type\":\"WebSite\",\"@id\":\"https:\/\/agenciainfra.com\/blog\/#website\",\"url\":\"https:\/\/agenciainfra.com\/blog\/\",\"name\":\"Ag\u00eancia iNFRA\",\"description\":\"Multiplataforma de informa\u00e7\u00e3o jornal\u00edstica refer\u00eancia na \u00e1rea de infraestrutura no Brasil!\",\"publisher\":{\"@id\":\"https:\/\/agenciainfra.com\/blog\/#organization\"},\"potentialAction\":[{\"@type\":\"SearchAction\",\"target\":{\"@type\":\"EntryPoint\",\"urlTemplate\":\"https:\/\/agenciainfra.com\/blog\/?s={search_term_string}\"},\"query-input\":{\"@type\":\"PropertyValueSpecification\",\"valueRequired\":true,\"valueName\":\"search_term_string\"}}],\"inLanguage\":\"pt-BR\"},{\"@type\":\"Organization\",\"@id\":\"https:\/\/agenciainfra.com\/blog\/#organization\",\"name\":\"Ag\u00eancia iNFRA\",\"url\":\"https:\/\/agenciainfra.com\/blog\/\",\"logo\":{\"@type\":\"ImageObject\",\"inLanguage\":\"pt-BR\",\"@id\":\"https:\/\/agenciainfra.com\/blog\/#\/schema\/logo\/image\/\",\"url\":\"https:\/\/agenciainfra.com\/blog\/wp-content\/uploads\/2023\/09\/iNFRA_5-e1761735885940.png\",\"contentUrl\":\"https:\/\/agenciainfra.com\/blog\/wp-content\/uploads\/2023\/09\/iNFRA_5-e1761735885940.png\",\"width\":1672,\"height\":454,\"caption\":\"Ag\u00eancia iNFRA\"},\"image\":{\"@id\":\"https:\/\/agenciainfra.com\/blog\/#\/schema\/logo\/image\/\"},\"sameAs\":[\"https:\/\/www.facebook.com\/ageninfra\",\"https:\/\/x.com\/agencia_infra\",\"https:\/\/www.linkedin.com\/company\/ag\u00eanciainfra\/\",\"https:\/\/www.instagram.com\/agenciainfra\/\"]},{\"@type\":\"Person\",\"@id\":\"https:\/\/agenciainfra.com\/blog\/#\/schema\/person\/04dbb79bd6d8951f063da71f3e4c1eb1\",\"name\":\"Rodrigo Zuquim\",\"image\":{\"@type\":\"ImageObject\",\"inLanguage\":\"pt-BR\",\"@id\":\"https:\/\/agenciainfra.com\/blog\/#\/schema\/person\/image\/\",\"url\":\"https:\/\/secure.gravatar.com\/avatar\/594abfe82761d620726242ff34ca472a705a4b97f16c790053a6b4c4035274d0?s=96&d=mm&r=g\",\"contentUrl\":\"https:\/\/secure.gravatar.com\/avatar\/594abfe82761d620726242ff34ca472a705a4b97f16c790053a6b4c4035274d0?s=96&d=mm&r=g\",\"caption\":\"Rodrigo Zuquim\"},\"url\":\"https:\/\/agenciainfra.com\/blog\/author\/rodrigo-zuquim\/\"}]}<\/script>\n<!-- \/ Yoast SEO Premium plugin. -->","yoast_head_json":{"title":"Seguran\u00e7a jur\u00eddica, reforma tribut\u00e1ria, e regula\u00e7\u00e3o e controle ser\u00e3o temas do lan\u00e7amento da Alian\u00e7a para a Infraestrutura, nesta sexta-feira (26) - Ag\u00eancia iNFRA","robots":{"index":"index","follow":"follow","max-snippet":"max-snippet:-1","max-image-preview":"max-image-preview:large","max-video-preview":"max-video-preview:-1"},"canonical":"https:\/\/agenciainfra.com\/blog\/seguranca-juridica-reforma-tributaria-e-regulacao-e-controle-serao-temas-do-lancamento-da-alianca-para-a-infraestrutura-nesta-sexta-feira-26\/","og_locale":"pt_BR","og_type":"article","og_title":"Seguran\u00e7a jur\u00eddica, reforma tribut\u00e1ria, e regula\u00e7\u00e3o e controle ser\u00e3o temas do lan\u00e7amento da Alian\u00e7a para a Infraestrutura, nesta sexta-feira (26)","og_description":"da Ag\u00eancia iNFRA Seguran\u00e7a jur\u00eddica, reforma tribut\u00e1ria e a rela\u00e7\u00e3o com \u00f3rg\u00e3os de regula\u00e7\u00e3o e controle s\u00e3o os temas que grandes associa\u00e7\u00f5es do setor de infraestrutura v\u00e3o debater no encontro para o lan\u00e7amento da Alian\u00e7a para a Infraestrutura, que ocorre nesta sexta-feira (26), a partir das 11h30.\u00a0 O evento ser\u00e1 transmitido no\u00a0canal da Ag\u00eancia iNFRA [&hellip;]","og_url":"https:\/\/agenciainfra.com\/blog\/seguranca-juridica-reforma-tributaria-e-regulacao-e-controle-serao-temas-do-lancamento-da-alianca-para-a-infraestrutura-nesta-sexta-feira-26\/","og_site_name":"Ag\u00eancia iNFRA","article_publisher":"https:\/\/www.facebook.com\/ageninfra","article_published_time":"2021-03-25T23:57:41+00:00","article_modified_time":"2021-03-26T10:40:02+00:00","og_image":[{"width":1280,"height":795,"url":"https:\/\/agenciainfra.com\/blog\/wp-content\/uploads\/2021\/03\/marco-dyogo-jesualdo-fernando.png","type":"image\/png"}],"author":"Rodrigo Zuquim","twitter_card":"summary_large_image","twitter_creator":"@agencia_infra","twitter_site":"@agencia_infra","twitter_misc":{"Escrito por":"Rodrigo Zuquim","Est. tempo de leitura":"3 minutos"},"schema":{"@context":"https:\/\/schema.org","@graph":[{"@type":"Article","@id":"https:\/\/agenciainfra.com\/blog\/seguranca-juridica-reforma-tributaria-e-regulacao-e-controle-serao-temas-do-lancamento-da-alianca-para-a-infraestrutura-nesta-sexta-feira-26\/#article","isPartOf":{"@id":"https:\/\/agenciainfra.com\/blog\/seguranca-juridica-reforma-tributaria-e-regulacao-e-controle-serao-temas-do-lancamento-da-alianca-para-a-infraestrutura-nesta-sexta-feira-26\/"},"author":{"name":"Rodrigo Zuquim","@id":"https:\/\/agenciainfra.com\/blog\/#\/schema\/person\/04dbb79bd6d8951f063da71f3e4c1eb1"},"headline":"Seguran\u00e7a jur\u00eddica, reforma tribut\u00e1ria, e regula\u00e7\u00e3o e controle ser\u00e3o temas do lan\u00e7amento da Alian\u00e7a para a Infraestrutura, nesta sexta-feira (26)","datePublished":"2021-03-25T23:57:41+00:00","dateModified":"2021-03-26T10:40:02+00:00","mainEntityOfPage":{"@id":"https:\/\/agenciainfra.com\/blog\/seguranca-juridica-reforma-tributaria-e-regulacao-e-controle-serao-temas-do-lancamento-da-alianca-para-a-infraestrutura-nesta-sexta-feira-26\/"},"wordCount":558,"publisher":{"@id":"https:\/\/agenciainfra.com\/blog\/#organization"},"image":{"@id":"https:\/\/agenciainfra.com\/blog\/seguranca-juridica-reforma-tributaria-e-regulacao-e-controle-serao-temas-do-lancamento-da-alianca-para-a-infraestrutura-nesta-sexta-feira-26\/#primaryimage"},"thumbnailUrl":"https:\/\/agenciainfra.com\/blog\/wp-content\/uploads\/2021\/03\/marco-dyogo-jesualdo-fernando.png","keywords":["abcr","ABTP","Alian\u00e7a para a Infraestrutura","Aneaa","ANTF","Dyogo Oliveira","Fernando Paes","Infraestrutura","Investimentos","Jesualdo Silva","Marco Aur\u00e9lio Barcelos","reforma tribut\u00e1ria","Regula\u00e7\u00e3o","seguran\u00e7a jur\u00eddica"],"articleSection":["Geral","iNFRALive e Eventos"],"inLanguage":"pt-BR","copyrightYear":"2021","copyrightHolder":{"@id":"https:\/\/agenciainfra.com\/blog\/#organization"}},{"@type":"WebPage","@id":"https:\/\/agenciainfra.com\/blog\/seguranca-juridica-reforma-tributaria-e-regulacao-e-controle-serao-temas-do-lancamento-da-alianca-para-a-infraestrutura-nesta-sexta-feira-26\/","url":"https:\/\/agenciainfra.com\/blog\/seguranca-juridica-reforma-tributaria-e-regulacao-e-controle-serao-temas-do-lancamento-da-alianca-para-a-infraestrutura-nesta-sexta-feira-26\/","name":"Seguran\u00e7a jur\u00eddica, reforma tribut\u00e1ria, e regula\u00e7\u00e3o e controle ser\u00e3o temas do lan\u00e7amento da Alian\u00e7a para a Infraestrutura, nesta sexta-feira (26) - Ag\u00eancia iNFRA","isPartOf":{"@id":"https:\/\/agenciainfra.com\/blog\/#website"},"primaryImageOfPage":{"@id":"https:\/\/agenciainfra.com\/blog\/seguranca-juridica-reforma-tributaria-e-regulacao-e-controle-serao-temas-do-lancamento-da-alianca-para-a-infraestrutura-nesta-sexta-feira-26\/#primaryimage"},"image":{"@id":"https:\/\/agenciainfra.com\/blog\/seguranca-juridica-reforma-tributaria-e-regulacao-e-controle-serao-temas-do-lancamento-da-alianca-para-a-infraestrutura-nesta-sexta-feira-26\/#primaryimage"},"thumbnailUrl":"https:\/\/agenciainfra.com\/blog\/wp-content\/uploads\/2021\/03\/marco-dyogo-jesualdo-fernando.png","datePublished":"2021-03-25T23:57:41+00:00","dateModified":"2021-03-26T10:40:02+00:00","breadcrumb":{"@id":"https:\/\/agenciainfra.com\/blog\/seguranca-juridica-reforma-tributaria-e-regulacao-e-controle-serao-temas-do-lancamento-da-alianca-para-a-infraestrutura-nesta-sexta-feira-26\/#breadcrumb"},"inLanguage":"pt-BR","potentialAction":[{"@type":"ReadAction","target":["https:\/\/agenciainfra.com\/blog\/seguranca-juridica-reforma-tributaria-e-regulacao-e-controle-serao-temas-do-lancamento-da-alianca-para-a-infraestrutura-nesta-sexta-feira-26\/"]}]},{"@type":"ImageObject","inLanguage":"pt-BR","@id":"https:\/\/agenciainfra.com\/blog\/seguranca-juridica-reforma-tributaria-e-regulacao-e-controle-serao-temas-do-lancamento-da-alianca-para-a-infraestrutura-nesta-sexta-feira-26\/#primaryimage","url":"https:\/\/agenciainfra.com\/blog\/wp-content\/uploads\/2021\/03\/marco-dyogo-jesualdo-fernando.png","contentUrl":"https:\/\/agenciainfra.com\/blog\/wp-content\/uploads\/2021\/03\/marco-dyogo-jesualdo-fernando.png","width":1280,"height":795},{"@type":"BreadcrumbList","@id":"https:\/\/agenciainfra.com\/blog\/seguranca-juridica-reforma-tributaria-e-regulacao-e-controle-serao-temas-do-lancamento-da-alianca-para-a-infraestrutura-nesta-sexta-feira-26\/#breadcrumb","itemListElement":[{"@type":"ListItem","position":1,"name":"In\u00edcio","item":"https:\/\/agenciainfra.com\/blog\/"},{"@type":"ListItem","position":2,"name":"Seguran\u00e7a jur\u00eddica, reforma tribut\u00e1ria, e regula\u00e7\u00e3o e controle ser\u00e3o temas do lan\u00e7amento da Alian\u00e7a para a Infraestrutura, nesta sexta-feira (26)"}]},{"@type":"WebSite","@id":"https:\/\/agenciainfra.com\/blog\/#website","url":"https:\/\/agenciainfra.com\/blog\/","name":"Ag\u00eancia iNFRA","description":"Multiplataforma de informa\u00e7\u00e3o jornal\u00edstica refer\u00eancia na \u00e1rea de infraestrutura no Brasil!","publisher":{"@id":"https:\/\/agenciainfra.com\/blog\/#organization"},"potentialAction":[{"@type":"SearchAction","target":{"@type":"EntryPoint","urlTemplate":"https:\/\/agenciainfra.com\/blog\/?s={search_term_string}"},"query-input":{"@type":"PropertyValueSpecification","valueRequired":true,"valueName":"search_term_string"}}],"inLanguage":"pt-BR"},{"@type":"Organization","@id":"https:\/\/agenciainfra.com\/blog\/#organization","name":"Ag\u00eancia iNFRA","url":"https:\/\/agenciainfra.com\/blog\/","logo":{"@type":"ImageObject","inLanguage":"pt-BR","@id":"https:\/\/agenciainfra.com\/blog\/#\/schema\/logo\/image\/","url":"https:\/\/agenciainfra.com\/blog\/wp-content\/uploads\/2023\/09\/iNFRA_5-e1761735885940.png","contentUrl":"https:\/\/agenciainfra.com\/blog\/wp-content\/uploads\/2023\/09\/iNFRA_5-e1761735885940.png","width":1672,"height":454,"caption":"Ag\u00eancia iNFRA"},"image":{"@id":"https:\/\/agenciainfra.com\/blog\/#\/schema\/logo\/image\/"},"sameAs":["https:\/\/www.facebook.com\/ageninfra","https:\/\/x.com\/agencia_infra","https:\/\/www.linkedin.com\/company\/ag\u00eanciainfra\/","https:\/\/www.instagram.com\/agenciainfra\/"]},{"@type":"Person","@id":"https:\/\/agenciainfra.com\/blog\/#\/schema\/person\/04dbb79bd6d8951f063da71f3e4c1eb1","name":"Rodrigo Zuquim","image":{"@type":"ImageObject","inLanguage":"pt-BR","@id":"https:\/\/agenciainfra.com\/blog\/#\/schema\/person\/image\/","url":"https:\/\/secure.gravatar.com\/avatar\/594abfe82761d620726242ff34ca472a705a4b97f16c790053a6b4c4035274d0?s=96&d=mm&r=g","contentUrl":"https:\/\/secure.gravatar.com\/avatar\/594abfe82761d620726242ff34ca472a705a4b97f16c790053a6b4c4035274d0?s=96&d=mm&r=g","caption":"Rodrigo Zuquim"},"url":"https:\/\/agenciainfra.com\/blog\/author\/rodrigo-zuquim\/"}]}},"_links":{"self":[{"href":"https:\/\/agenciainfra.com\/blog\/wp-json\/wp\/v2\/posts\/7005","targetHints":{"allow":["GET"]}}],"collection":[{"href":"https:\/\/agenciainfra.com\/blog\/wp-json\/wp\/v2\/posts"}],"about":[{"href":"https:\/\/agenciainfra.com\/blog\/wp-json\/wp\/v2\/types\/post"}],"author":[{"embeddable":true,"href":"https:\/\/agenciainfra.com\/blog\/wp-json\/wp\/v2\/users\/9"}],"replies":[{"embeddable":true,"href":"https:\/\/agenciainfra.com\/blog\/wp-json\/wp\/v2\/comments?post=7005"}],"version-history":[{"count":0,"href":"https:\/\/agenciainfra.com\/blog\/wp-json\/wp\/v2\/posts\/7005\/revisions"}],"wp:featuredmedia":[{"embeddable":true,"href":"https:\/\/agenciainfra.com\/blog\/wp-json\/wp\/v2\/media\/7006"}],"wp:attachment":[{"href":"https:\/\/agenciainfra.com\/blog\/wp-json\/wp\/v2\/media?parent=7005"}],"wp:term":[{"taxonomy":"category","embeddable":true,"href":"https:\/\/agenciainfra.com\/blog\/wp-json\/wp\/v2\/categories?post=7005"},{"taxonomy":"post_tag","embeddable":true,"href":"https:\/\/agenciainfra.com\/blog\/wp-json\/wp\/v2\/tags?post=7005"}],"curies":[{"name":"wp","href":"https:\/\/api.w.org\/{rel}","templated":true}]}}