{"id":7015,"date":"2021-03-30T08:00:00","date_gmt":"2021-03-30T11:00:00","guid":{"rendered":"https:\/\/www.agenciainfra.com\/blog\/?p=7015"},"modified":"2021-03-29T13:45:21","modified_gmt":"2021-03-29T16:45:21","slug":"segunda-etapa-do-rcr-da-antt-ja-tem-minuta-de-normativo-para-regulamentar-obras-e-servicos-de-rodovias","status":"publish","type":"post","link":"https:\/\/agenciainfra.com\/blog\/segunda-etapa-do-rcr-da-antt-ja-tem-minuta-de-normativo-para-regulamentar-obras-e-servicos-de-rodovias\/","title":{"rendered":"Segunda etapa do RCR da ANTT j\u00e1 tem minuta de normativo para regulamentar obras e servi\u00e7os de rodovias"},"content":{"rendered":"\n<hr class=\"wp-block-separator\"\/>\n\n\n\n<p class=\"has-text-align-right\"><strong>Dimmi Amora, da\u00a0Ag\u00eancia iNFRA<\/strong><\/p>\n\n\n\n<p>Uma minuta de normativo para regulamentar a gest\u00e3o dos bens da concess\u00e3o e a execu\u00e7\u00e3o de obras e servi\u00e7os nas rodovias federais, com mais de 100 artigos,\u00a0j\u00e1 est\u00e1 em an\u00e1lise final na ANTT (Ag\u00eancia Nacional de Transportes Terrestres) para ir a audi\u00eancia p\u00fablica. A estimativa \u00e9 que j\u00e1 possa ir para ser avaliada pela diretoria no final de abril.<\/p>\n\n\n\n<p>A proposta \u00e9 a segunda etapa do chamado RCR (Regulamento das Concess\u00f5es Rodovi\u00e1rias), que \u00e9 a transforma\u00e7\u00e3o regulat\u00f3ria que a ag\u00eancia pretende fazer em sua \u00e1rea de concess\u00f5es rodovi\u00e1rias nos pr\u00f3ximos tr\u00eas anos. Reportagem da&nbsp;<strong>Ag\u00eancia iNFRA<\/strong>&nbsp;sobre o tema est\u00e1&nbsp;<a href=\"https:\/\/agenciainfra.us14.list-manage.com\/track\/click?u=d460dd1bcf9ba0ae040e1fc0f&amp;id=8653b2936a&amp;e=c099169394\" target=\"_blank\" rel=\"noreferrer noopener\">neste link<\/a>.<\/p>\n\n\n\n<p>A ideia \u00e9 passar as principais regras do setor para os normativos e tornar os contratos mais simples, apenas com disposi\u00e7\u00f5es gerais. A&nbsp;ag\u00eancia abriu&nbsp;audi\u00eancia p\u00fablica para a proposta da primeira resolu\u00e7\u00e3o do RCR, que vai tratar das chamadas normas gerais.<\/p>\n\n\n\n<p><strong>An\u00e1lise de projetos<\/strong><br>A ideia da Superintend\u00eancia de Infraestrutura de Rodovias da ag\u00eancia \u00e9 que, em seguida, j\u00e1 seja aberta uma segunda audi\u00eancia p\u00fablica para tratar dos temas de obras e servi\u00e7os. De acordo com o superintendente Andr\u00e9 Freire, entre os temas que v\u00e3o ser tratados na\u00a0segunda\u00a0etapa do RCR est\u00e1 a melhoria das regras de bens revers\u00edveis e da aliena\u00e7\u00e3o de bens da concess\u00e3o.<\/p>\n\n\n\n<p>A ideia tamb\u00e9m \u00e9 deixar mais claro como os concession\u00e1rios devem apresentar projetos e introduzir modelos mais modernos de an\u00e1lise, como o verificador independente. As formas de execu\u00e7\u00e3o das obras e recebimento por parte da ag\u00eancia tamb\u00e9m v\u00e3o mudar.<\/p>\n\n\n\n<p>Esse normativo&nbsp;pretende ainda criar regras mais simplificadas para a gest\u00e3o das rodovias, um item que segundo Freire tem um custo elevado para as concess\u00f5es e que pode ser aprimorado. Al\u00e9m disso, tamb\u00e9m estar\u00e3o na proposta&nbsp;diretrizes para servi\u00e7os como a pesagem autom\u00e1tica de ve\u00edculos, por exemplo.<\/p>\n\n\n\n<p>O superintendente afirmou que a ideia da ag\u00eancia \u00e9 fazer uma separa\u00e7\u00e3o no RCR do que \u00e9 incentivo contratual para uma melhor execu\u00e7\u00e3o do contrato e o que \u00e9 puni\u00e7\u00e3o por descumprimentos ou falhas. De acordo com ele, por isso, as puni\u00e7\u00f5es v\u00e3o estar todas reunidas numa norma \u00fanica, que ser\u00e1 a quarta etapa do RCR.<\/p>\n\n\n\n<p><strong>Outras ag\u00eancias<\/strong><br>No fim de fevereiro, a ANTT deu in\u00edcio \u00e0 audi\u00eancia p\u00fablica para receber contribui\u00e7\u00f5es para a primeira etapa\u00a0do RCR, que vai tratar das normas gerais do regulamento. A audi\u00eancia segue aberta at\u00e9 27 de abril e os documentos podem ser obtidos\u00a0<a rel=\"noreferrer noopener\" href=\"https:\/\/agenciainfra.us14.list-manage.com\/track\/click?u=d460dd1bcf9ba0ae040e1fc0f&amp;id=7c7b4463a0&amp;e=c099169394\" target=\"_blank\">neste link<\/a>. A sess\u00e3o presencial da audi\u00eancia p\u00fablica est\u00e1 marcada para 7 de abril.<\/p>\n\n\n\n<p>O advogado Caio Loureiro, s\u00f3cio do do Cascione Pulino Boulos Advogados, afirmou que a proposta do RCR \u00e9 bem-vinda e uma regula\u00e7\u00e3o nesse modelo deve ser a tend\u00eancia e ser adotada tamb\u00e9m por outras ag\u00eancias, citando ANTAQ (Ag\u00eancia Nacional de Transportes Aquavi\u00e1rios) e ANAC (Ag\u00eancia Nacional de Avia\u00e7\u00e3o Civil), cujos modelos de contrato s\u00e3o muito diferentes.<\/p>\n\n\n\n<p>Loureiro afirmou contudo que haver uma unidade contratual tende a tornar mais eficiente a execu\u00e7\u00e3o dos contratos. Mas alerta que essa unidade pode ser impactada por outros agentes externos, como o TCU (Tribunal de Contas da Uni\u00e3o), o que poder\u00e1 criar inseguran\u00e7a para os agentes.<\/p>\n\n\n\n<p>Ele explica que, se um determinado item do regulamento n\u00e3o se mostrar adequado \u00e0 execu\u00e7\u00e3o dos contratos, ele poder\u00e1 ter que ser modificado. Mas essa altera\u00e7\u00e3o pode ser impedida pelo tribunal de contas, por exemplo, ou outros agentes.<\/p>\n","protected":false},"excerpt":{"rendered":"<p>Dimmi Amora, da\u00a0Ag\u00eancia iNFRA Uma minuta de normativo para regulamentar a gest\u00e3o dos bens da concess\u00e3o e a execu\u00e7\u00e3o de obras e servi\u00e7os nas rodovias federais, com mais de 100 artigos,\u00a0j\u00e1 est\u00e1 em an\u00e1lise final na ANTT (Ag\u00eancia Nacional de Transportes Terrestres) para ir a audi\u00eancia p\u00fablica. A estimativa \u00e9 que j\u00e1 possa ir para [&hellip;]<\/p>\n","protected":false},"author":9,"featured_media":7016,"comment_status":"closed","ping_status":"closed","sticky":false,"template":"","format":"standard","meta":{"_monsterinsights_skip_tracking":false,"_monsterinsights_sitenote_active":false,"_monsterinsights_sitenote_note":"","_monsterinsights_sitenote_category":0,"footnotes":""},"categories":[1,7],"tags":[242,1426,86,19,3020,3721,2611,176,360,3864,3406,48,3668,126,18],"class_list":["post-7015","post","type-post","status-publish","format-standard","has-post-thumbnail","hentry","category-geral","category-infratransporte","tag-anac","tag-andre-freire","tag-antaq","tag-antt","tag-audiencia-publica","tag-caio-loureiro","tag-cascione-pulino-boulos-advogados","tag-concessoes-rodoviarias","tag-obras","tag-pesagem-automatica","tag-rcr","tag-regulacao","tag-regulamento-das-concessoes-rodoviarias","tag-rodovias","tag-tcu"],"yoast_head":"<!-- This site is optimized with the Yoast SEO Premium plugin v25.4 (Yoast SEO v26.0) - https:\/\/yoast.com\/wordpress\/plugins\/seo\/ -->\n<title>Segunda etapa do RCR da ANTT j\u00e1 tem minuta de normativo para regulamentar obras e servi\u00e7os de rodovias - Ag\u00eancia iNFRA<\/title>\n<meta name=\"robots\" content=\"index, follow, max-snippet:-1, max-image-preview:large, max-video-preview:-1\" \/>\n<link rel=\"canonical\" href=\"https:\/\/agenciainfra.com\/blog\/segunda-etapa-do-rcr-da-antt-ja-tem-minuta-de-normativo-para-regulamentar-obras-e-servicos-de-rodovias\/\" \/>\n<meta property=\"og:locale\" content=\"pt_BR\" \/>\n<meta property=\"og:type\" content=\"article\" \/>\n<meta property=\"og:title\" content=\"Segunda etapa do RCR da ANTT j\u00e1 tem minuta de normativo para regulamentar obras e servi\u00e7os de rodovias\" \/>\n<meta property=\"og:description\" content=\"Dimmi Amora, da\u00a0Ag\u00eancia iNFRA Uma minuta de normativo para regulamentar a gest\u00e3o dos bens da concess\u00e3o e a execu\u00e7\u00e3o de obras e servi\u00e7os nas rodovias federais, com mais de 100 artigos,\u00a0j\u00e1 est\u00e1 em an\u00e1lise final na ANTT (Ag\u00eancia Nacional de Transportes Terrestres) para ir a audi\u00eancia p\u00fablica. A estimativa \u00e9 que j\u00e1 possa ir para [&hellip;]\" \/>\n<meta property=\"og:url\" content=\"https:\/\/agenciainfra.com\/blog\/segunda-etapa-do-rcr-da-antt-ja-tem-minuta-de-normativo-para-regulamentar-obras-e-servicos-de-rodovias\/\" \/>\n<meta property=\"og:site_name\" content=\"Ag\u00eancia iNFRA\" \/>\n<meta property=\"article:publisher\" content=\"https:\/\/www.facebook.com\/ageninfra\" \/>\n<meta property=\"article:published_time\" content=\"2021-03-30T11:00:00+00:00\" \/>\n<meta property=\"og:image\" content=\"https:\/\/agenciainfra.com\/blog\/wp-content\/uploads\/2021\/03\/rodovia-caminhao-foto-alberto-ruy-minfra.jpeg\" \/>\n\t<meta property=\"og:image:width\" content=\"1280\" \/>\n\t<meta property=\"og:image:height\" content=\"854\" \/>\n\t<meta property=\"og:image:type\" content=\"image\/jpeg\" \/>\n<meta name=\"author\" content=\"Rodrigo Zuquim\" \/>\n<meta name=\"twitter:card\" content=\"summary_large_image\" \/>\n<meta name=\"twitter:creator\" content=\"@agencia_infra\" \/>\n<meta name=\"twitter:site\" content=\"@agencia_infra\" \/>\n<meta name=\"twitter:label1\" content=\"Escrito por\" \/>\n\t<meta name=\"twitter:data1\" content=\"Rodrigo Zuquim\" \/>\n\t<meta name=\"twitter:label2\" content=\"Est. tempo de leitura\" \/>\n\t<meta name=\"twitter:data2\" content=\"3 minutos\" \/>\n<script type=\"application\/ld+json\" class=\"yoast-schema-graph\">{\"@context\":\"https:\/\/schema.org\",\"@graph\":[{\"@type\":\"Article\",\"@id\":\"https:\/\/agenciainfra.com\/blog\/segunda-etapa-do-rcr-da-antt-ja-tem-minuta-de-normativo-para-regulamentar-obras-e-servicos-de-rodovias\/#article\",\"isPartOf\":{\"@id\":\"https:\/\/agenciainfra.com\/blog\/segunda-etapa-do-rcr-da-antt-ja-tem-minuta-de-normativo-para-regulamentar-obras-e-servicos-de-rodovias\/\"},\"author\":{\"name\":\"Rodrigo Zuquim\",\"@id\":\"https:\/\/agenciainfra.com\/blog\/#\/schema\/person\/04dbb79bd6d8951f063da71f3e4c1eb1\"},\"headline\":\"Segunda etapa do RCR da ANTT j\u00e1 tem minuta de normativo para regulamentar obras e servi\u00e7os de rodovias\",\"datePublished\":\"2021-03-30T11:00:00+00:00\",\"mainEntityOfPage\":{\"@id\":\"https:\/\/agenciainfra.com\/blog\/segunda-etapa-do-rcr-da-antt-ja-tem-minuta-de-normativo-para-regulamentar-obras-e-servicos-de-rodovias\/\"},\"wordCount\":646,\"publisher\":{\"@id\":\"https:\/\/agenciainfra.com\/blog\/#organization\"},\"image\":{\"@id\":\"https:\/\/agenciainfra.com\/blog\/segunda-etapa-do-rcr-da-antt-ja-tem-minuta-de-normativo-para-regulamentar-obras-e-servicos-de-rodovias\/#primaryimage\"},\"thumbnailUrl\":\"https:\/\/agenciainfra.com\/blog\/wp-content\/uploads\/2021\/03\/rodovia-caminhao-foto-alberto-ruy-minfra.jpeg\",\"keywords\":[\"ANAC\",\"Andr\u00e9 Freire\",\"ANTAQ\",\"ANTT\",\"audi\u00eancia p\u00fablica\",\"Caio Loureiro\",\"Cascione Pulino Boulos Advogados\",\"concess\u00f5es rodovi\u00e1rias\",\"obras\",\"pesagem autom\u00e1tica\",\"RCR\",\"Regula\u00e7\u00e3o\",\"Regulamento das Concess\u00f5es Rodovi\u00e1rias\",\"rodovias\",\"TCU\"],\"articleSection\":[\"Geral\",\"iNFRATransporte\"],\"inLanguage\":\"pt-BR\",\"copyrightYear\":\"2021\",\"copyrightHolder\":{\"@id\":\"https:\/\/agenciainfra.com\/blog\/#organization\"}},{\"@type\":\"WebPage\",\"@id\":\"https:\/\/agenciainfra.com\/blog\/segunda-etapa-do-rcr-da-antt-ja-tem-minuta-de-normativo-para-regulamentar-obras-e-servicos-de-rodovias\/\",\"url\":\"https:\/\/agenciainfra.com\/blog\/segunda-etapa-do-rcr-da-antt-ja-tem-minuta-de-normativo-para-regulamentar-obras-e-servicos-de-rodovias\/\",\"name\":\"Segunda etapa do RCR da ANTT j\u00e1 tem minuta de normativo para regulamentar obras e servi\u00e7os de rodovias - Ag\u00eancia iNFRA\",\"isPartOf\":{\"@id\":\"https:\/\/agenciainfra.com\/blog\/#website\"},\"primaryImageOfPage\":{\"@id\":\"https:\/\/agenciainfra.com\/blog\/segunda-etapa-do-rcr-da-antt-ja-tem-minuta-de-normativo-para-regulamentar-obras-e-servicos-de-rodovias\/#primaryimage\"},\"image\":{\"@id\":\"https:\/\/agenciainfra.com\/blog\/segunda-etapa-do-rcr-da-antt-ja-tem-minuta-de-normativo-para-regulamentar-obras-e-servicos-de-rodovias\/#primaryimage\"},\"thumbnailUrl\":\"https:\/\/agenciainfra.com\/blog\/wp-content\/uploads\/2021\/03\/rodovia-caminhao-foto-alberto-ruy-minfra.jpeg\",\"datePublished\":\"2021-03-30T11:00:00+00:00\",\"breadcrumb\":{\"@id\":\"https:\/\/agenciainfra.com\/blog\/segunda-etapa-do-rcr-da-antt-ja-tem-minuta-de-normativo-para-regulamentar-obras-e-servicos-de-rodovias\/#breadcrumb\"},\"inLanguage\":\"pt-BR\",\"potentialAction\":[{\"@type\":\"ReadAction\",\"target\":[\"https:\/\/agenciainfra.com\/blog\/segunda-etapa-do-rcr-da-antt-ja-tem-minuta-de-normativo-para-regulamentar-obras-e-servicos-de-rodovias\/\"]}]},{\"@type\":\"ImageObject\",\"inLanguage\":\"pt-BR\",\"@id\":\"https:\/\/agenciainfra.com\/blog\/segunda-etapa-do-rcr-da-antt-ja-tem-minuta-de-normativo-para-regulamentar-obras-e-servicos-de-rodovias\/#primaryimage\",\"url\":\"https:\/\/agenciainfra.com\/blog\/wp-content\/uploads\/2021\/03\/rodovia-caminhao-foto-alberto-ruy-minfra.jpeg\",\"contentUrl\":\"https:\/\/agenciainfra.com\/blog\/wp-content\/uploads\/2021\/03\/rodovia-caminhao-foto-alberto-ruy-minfra.jpeg\",\"width\":1280,\"height\":854,\"caption\":\"Foto: Alberto Ruy\/Minfra\"},{\"@type\":\"BreadcrumbList\",\"@id\":\"https:\/\/agenciainfra.com\/blog\/segunda-etapa-do-rcr-da-antt-ja-tem-minuta-de-normativo-para-regulamentar-obras-e-servicos-de-rodovias\/#breadcrumb\",\"itemListElement\":[{\"@type\":\"ListItem\",\"position\":1,\"name\":\"In\u00edcio\",\"item\":\"https:\/\/agenciainfra.com\/blog\/\"},{\"@type\":\"ListItem\",\"position\":2,\"name\":\"Segunda etapa do RCR da ANTT j\u00e1 tem minuta de normativo para regulamentar obras e servi\u00e7os de rodovias\"}]},{\"@type\":\"WebSite\",\"@id\":\"https:\/\/agenciainfra.com\/blog\/#website\",\"url\":\"https:\/\/agenciainfra.com\/blog\/\",\"name\":\"Ag\u00eancia iNFRA\",\"description\":\"Multiplataforma de informa\u00e7\u00e3o jornal\u00edstica refer\u00eancia na \u00e1rea de infraestrutura no Brasil!\",\"publisher\":{\"@id\":\"https:\/\/agenciainfra.com\/blog\/#organization\"},\"potentialAction\":[{\"@type\":\"SearchAction\",\"target\":{\"@type\":\"EntryPoint\",\"urlTemplate\":\"https:\/\/agenciainfra.com\/blog\/?s={search_term_string}\"},\"query-input\":{\"@type\":\"PropertyValueSpecification\",\"valueRequired\":true,\"valueName\":\"search_term_string\"}}],\"inLanguage\":\"pt-BR\"},{\"@type\":\"Organization\",\"@id\":\"https:\/\/agenciainfra.com\/blog\/#organization\",\"name\":\"Ag\u00eancia iNFRA\",\"url\":\"https:\/\/agenciainfra.com\/blog\/\",\"logo\":{\"@type\":\"ImageObject\",\"inLanguage\":\"pt-BR\",\"@id\":\"https:\/\/agenciainfra.com\/blog\/#\/schema\/logo\/image\/\",\"url\":\"https:\/\/agenciainfra.com\/blog\/wp-content\/uploads\/2023\/09\/iNFRA_5-e1761735885940.png\",\"contentUrl\":\"https:\/\/agenciainfra.com\/blog\/wp-content\/uploads\/2023\/09\/iNFRA_5-e1761735885940.png\",\"width\":1672,\"height\":454,\"caption\":\"Ag\u00eancia iNFRA\"},\"image\":{\"@id\":\"https:\/\/agenciainfra.com\/blog\/#\/schema\/logo\/image\/\"},\"sameAs\":[\"https:\/\/www.facebook.com\/ageninfra\",\"https:\/\/x.com\/agencia_infra\",\"https:\/\/www.linkedin.com\/company\/ag\u00eanciainfra\/\",\"https:\/\/www.instagram.com\/agenciainfra\/\"]},{\"@type\":\"Person\",\"@id\":\"https:\/\/agenciainfra.com\/blog\/#\/schema\/person\/04dbb79bd6d8951f063da71f3e4c1eb1\",\"name\":\"Rodrigo Zuquim\",\"image\":{\"@type\":\"ImageObject\",\"inLanguage\":\"pt-BR\",\"@id\":\"https:\/\/agenciainfra.com\/blog\/#\/schema\/person\/image\/\",\"url\":\"https:\/\/secure.gravatar.com\/avatar\/594abfe82761d620726242ff34ca472a705a4b97f16c790053a6b4c4035274d0?s=96&d=mm&r=g\",\"contentUrl\":\"https:\/\/secure.gravatar.com\/avatar\/594abfe82761d620726242ff34ca472a705a4b97f16c790053a6b4c4035274d0?s=96&d=mm&r=g\",\"caption\":\"Rodrigo Zuquim\"},\"url\":\"https:\/\/agenciainfra.com\/blog\/author\/rodrigo-zuquim\/\"}]}<\/script>\n<!-- \/ Yoast SEO Premium plugin. -->","yoast_head_json":{"title":"Segunda etapa do RCR da ANTT j\u00e1 tem minuta de normativo para regulamentar obras e servi\u00e7os de rodovias - Ag\u00eancia iNFRA","robots":{"index":"index","follow":"follow","max-snippet":"max-snippet:-1","max-image-preview":"max-image-preview:large","max-video-preview":"max-video-preview:-1"},"canonical":"https:\/\/agenciainfra.com\/blog\/segunda-etapa-do-rcr-da-antt-ja-tem-minuta-de-normativo-para-regulamentar-obras-e-servicos-de-rodovias\/","og_locale":"pt_BR","og_type":"article","og_title":"Segunda etapa do RCR da ANTT j\u00e1 tem minuta de normativo para regulamentar obras e servi\u00e7os de rodovias","og_description":"Dimmi Amora, da\u00a0Ag\u00eancia iNFRA Uma minuta de normativo para regulamentar a gest\u00e3o dos bens da concess\u00e3o e a execu\u00e7\u00e3o de obras e servi\u00e7os nas rodovias federais, com mais de 100 artigos,\u00a0j\u00e1 est\u00e1 em an\u00e1lise final na ANTT (Ag\u00eancia Nacional de Transportes Terrestres) para ir a audi\u00eancia p\u00fablica. A estimativa \u00e9 que j\u00e1 possa ir para [&hellip;]","og_url":"https:\/\/agenciainfra.com\/blog\/segunda-etapa-do-rcr-da-antt-ja-tem-minuta-de-normativo-para-regulamentar-obras-e-servicos-de-rodovias\/","og_site_name":"Ag\u00eancia iNFRA","article_publisher":"https:\/\/www.facebook.com\/ageninfra","article_published_time":"2021-03-30T11:00:00+00:00","og_image":[{"width":1280,"height":854,"url":"https:\/\/agenciainfra.com\/blog\/wp-content\/uploads\/2021\/03\/rodovia-caminhao-foto-alberto-ruy-minfra.jpeg","type":"image\/jpeg"}],"author":"Rodrigo Zuquim","twitter_card":"summary_large_image","twitter_creator":"@agencia_infra","twitter_site":"@agencia_infra","twitter_misc":{"Escrito por":"Rodrigo Zuquim","Est. tempo de leitura":"3 minutos"},"schema":{"@context":"https:\/\/schema.org","@graph":[{"@type":"Article","@id":"https:\/\/agenciainfra.com\/blog\/segunda-etapa-do-rcr-da-antt-ja-tem-minuta-de-normativo-para-regulamentar-obras-e-servicos-de-rodovias\/#article","isPartOf":{"@id":"https:\/\/agenciainfra.com\/blog\/segunda-etapa-do-rcr-da-antt-ja-tem-minuta-de-normativo-para-regulamentar-obras-e-servicos-de-rodovias\/"},"author":{"name":"Rodrigo Zuquim","@id":"https:\/\/agenciainfra.com\/blog\/#\/schema\/person\/04dbb79bd6d8951f063da71f3e4c1eb1"},"headline":"Segunda etapa do RCR da ANTT j\u00e1 tem minuta de normativo para regulamentar obras e servi\u00e7os de rodovias","datePublished":"2021-03-30T11:00:00+00:00","mainEntityOfPage":{"@id":"https:\/\/agenciainfra.com\/blog\/segunda-etapa-do-rcr-da-antt-ja-tem-minuta-de-normativo-para-regulamentar-obras-e-servicos-de-rodovias\/"},"wordCount":646,"publisher":{"@id":"https:\/\/agenciainfra.com\/blog\/#organization"},"image":{"@id":"https:\/\/agenciainfra.com\/blog\/segunda-etapa-do-rcr-da-antt-ja-tem-minuta-de-normativo-para-regulamentar-obras-e-servicos-de-rodovias\/#primaryimage"},"thumbnailUrl":"https:\/\/agenciainfra.com\/blog\/wp-content\/uploads\/2021\/03\/rodovia-caminhao-foto-alberto-ruy-minfra.jpeg","keywords":["ANAC","Andr\u00e9 Freire","ANTAQ","ANTT","audi\u00eancia p\u00fablica","Caio Loureiro","Cascione Pulino Boulos Advogados","concess\u00f5es rodovi\u00e1rias","obras","pesagem autom\u00e1tica","RCR","Regula\u00e7\u00e3o","Regulamento das Concess\u00f5es Rodovi\u00e1rias","rodovias","TCU"],"articleSection":["Geral","iNFRATransporte"],"inLanguage":"pt-BR","copyrightYear":"2021","copyrightHolder":{"@id":"https:\/\/agenciainfra.com\/blog\/#organization"}},{"@type":"WebPage","@id":"https:\/\/agenciainfra.com\/blog\/segunda-etapa-do-rcr-da-antt-ja-tem-minuta-de-normativo-para-regulamentar-obras-e-servicos-de-rodovias\/","url":"https:\/\/agenciainfra.com\/blog\/segunda-etapa-do-rcr-da-antt-ja-tem-minuta-de-normativo-para-regulamentar-obras-e-servicos-de-rodovias\/","name":"Segunda etapa do RCR da ANTT j\u00e1 tem minuta de normativo para regulamentar obras e servi\u00e7os de rodovias - Ag\u00eancia iNFRA","isPartOf":{"@id":"https:\/\/agenciainfra.com\/blog\/#website"},"primaryImageOfPage":{"@id":"https:\/\/agenciainfra.com\/blog\/segunda-etapa-do-rcr-da-antt-ja-tem-minuta-de-normativo-para-regulamentar-obras-e-servicos-de-rodovias\/#primaryimage"},"image":{"@id":"https:\/\/agenciainfra.com\/blog\/segunda-etapa-do-rcr-da-antt-ja-tem-minuta-de-normativo-para-regulamentar-obras-e-servicos-de-rodovias\/#primaryimage"},"thumbnailUrl":"https:\/\/agenciainfra.com\/blog\/wp-content\/uploads\/2021\/03\/rodovia-caminhao-foto-alberto-ruy-minfra.jpeg","datePublished":"2021-03-30T11:00:00+00:00","breadcrumb":{"@id":"https:\/\/agenciainfra.com\/blog\/segunda-etapa-do-rcr-da-antt-ja-tem-minuta-de-normativo-para-regulamentar-obras-e-servicos-de-rodovias\/#breadcrumb"},"inLanguage":"pt-BR","potentialAction":[{"@type":"ReadAction","target":["https:\/\/agenciainfra.com\/blog\/segunda-etapa-do-rcr-da-antt-ja-tem-minuta-de-normativo-para-regulamentar-obras-e-servicos-de-rodovias\/"]}]},{"@type":"ImageObject","inLanguage":"pt-BR","@id":"https:\/\/agenciainfra.com\/blog\/segunda-etapa-do-rcr-da-antt-ja-tem-minuta-de-normativo-para-regulamentar-obras-e-servicos-de-rodovias\/#primaryimage","url":"https:\/\/agenciainfra.com\/blog\/wp-content\/uploads\/2021\/03\/rodovia-caminhao-foto-alberto-ruy-minfra.jpeg","contentUrl":"https:\/\/agenciainfra.com\/blog\/wp-content\/uploads\/2021\/03\/rodovia-caminhao-foto-alberto-ruy-minfra.jpeg","width":1280,"height":854,"caption":"Foto: Alberto Ruy\/Minfra"},{"@type":"BreadcrumbList","@id":"https:\/\/agenciainfra.com\/blog\/segunda-etapa-do-rcr-da-antt-ja-tem-minuta-de-normativo-para-regulamentar-obras-e-servicos-de-rodovias\/#breadcrumb","itemListElement":[{"@type":"ListItem","position":1,"name":"In\u00edcio","item":"https:\/\/agenciainfra.com\/blog\/"},{"@type":"ListItem","position":2,"name":"Segunda etapa do RCR da ANTT j\u00e1 tem minuta de normativo para regulamentar obras e servi\u00e7os de rodovias"}]},{"@type":"WebSite","@id":"https:\/\/agenciainfra.com\/blog\/#website","url":"https:\/\/agenciainfra.com\/blog\/","name":"Ag\u00eancia iNFRA","description":"Multiplataforma de informa\u00e7\u00e3o jornal\u00edstica refer\u00eancia na \u00e1rea de infraestrutura no Brasil!","publisher":{"@id":"https:\/\/agenciainfra.com\/blog\/#organization"},"potentialAction":[{"@type":"SearchAction","target":{"@type":"EntryPoint","urlTemplate":"https:\/\/agenciainfra.com\/blog\/?s={search_term_string}"},"query-input":{"@type":"PropertyValueSpecification","valueRequired":true,"valueName":"search_term_string"}}],"inLanguage":"pt-BR"},{"@type":"Organization","@id":"https:\/\/agenciainfra.com\/blog\/#organization","name":"Ag\u00eancia iNFRA","url":"https:\/\/agenciainfra.com\/blog\/","logo":{"@type":"ImageObject","inLanguage":"pt-BR","@id":"https:\/\/agenciainfra.com\/blog\/#\/schema\/logo\/image\/","url":"https:\/\/agenciainfra.com\/blog\/wp-content\/uploads\/2023\/09\/iNFRA_5-e1761735885940.png","contentUrl":"https:\/\/agenciainfra.com\/blog\/wp-content\/uploads\/2023\/09\/iNFRA_5-e1761735885940.png","width":1672,"height":454,"caption":"Ag\u00eancia iNFRA"},"image":{"@id":"https:\/\/agenciainfra.com\/blog\/#\/schema\/logo\/image\/"},"sameAs":["https:\/\/www.facebook.com\/ageninfra","https:\/\/x.com\/agencia_infra","https:\/\/www.linkedin.com\/company\/ag\u00eanciainfra\/","https:\/\/www.instagram.com\/agenciainfra\/"]},{"@type":"Person","@id":"https:\/\/agenciainfra.com\/blog\/#\/schema\/person\/04dbb79bd6d8951f063da71f3e4c1eb1","name":"Rodrigo Zuquim","image":{"@type":"ImageObject","inLanguage":"pt-BR","@id":"https:\/\/agenciainfra.com\/blog\/#\/schema\/person\/image\/","url":"https:\/\/secure.gravatar.com\/avatar\/594abfe82761d620726242ff34ca472a705a4b97f16c790053a6b4c4035274d0?s=96&d=mm&r=g","contentUrl":"https:\/\/secure.gravatar.com\/avatar\/594abfe82761d620726242ff34ca472a705a4b97f16c790053a6b4c4035274d0?s=96&d=mm&r=g","caption":"Rodrigo Zuquim"},"url":"https:\/\/agenciainfra.com\/blog\/author\/rodrigo-zuquim\/"}]}},"_links":{"self":[{"href":"https:\/\/agenciainfra.com\/blog\/wp-json\/wp\/v2\/posts\/7015","targetHints":{"allow":["GET"]}}],"collection":[{"href":"https:\/\/agenciainfra.com\/blog\/wp-json\/wp\/v2\/posts"}],"about":[{"href":"https:\/\/agenciainfra.com\/blog\/wp-json\/wp\/v2\/types\/post"}],"author":[{"embeddable":true,"href":"https:\/\/agenciainfra.com\/blog\/wp-json\/wp\/v2\/users\/9"}],"replies":[{"embeddable":true,"href":"https:\/\/agenciainfra.com\/blog\/wp-json\/wp\/v2\/comments?post=7015"}],"version-history":[{"count":0,"href":"https:\/\/agenciainfra.com\/blog\/wp-json\/wp\/v2\/posts\/7015\/revisions"}],"wp:featuredmedia":[{"embeddable":true,"href":"https:\/\/agenciainfra.com\/blog\/wp-json\/wp\/v2\/media\/7016"}],"wp:attachment":[{"href":"https:\/\/agenciainfra.com\/blog\/wp-json\/wp\/v2\/media?parent=7015"}],"wp:term":[{"taxonomy":"category","embeddable":true,"href":"https:\/\/agenciainfra.com\/blog\/wp-json\/wp\/v2\/categories?post=7015"},{"taxonomy":"post_tag","embeddable":true,"href":"https:\/\/agenciainfra.com\/blog\/wp-json\/wp\/v2\/tags?post=7015"}],"curies":[{"name":"wp","href":"https:\/\/api.w.org\/{rel}","templated":true}]}}