{"id":7034,"date":"2021-04-03T08:00:00","date_gmt":"2021-04-03T11:00:00","guid":{"rendered":"https:\/\/www.agenciainfra.com\/blog\/?p=7034"},"modified":"2021-04-02T14:39:14","modified_gmt":"2021-04-02T17:39:14","slug":"por-mais-seguranca-para-investimentos-entidades-fundam-a-alianca-para-a-infraestrutura","status":"publish","type":"post","link":"https:\/\/agenciainfra.com\/blog\/por-mais-seguranca-para-investimentos-entidades-fundam-a-alianca-para-a-infraestrutura\/","title":{"rendered":"Por mais seguran\u00e7a para investimentos, entidades fundam a Alian\u00e7a para a Infraestrutura"},"content":{"rendered":"\n<hr class=\"wp-block-separator\"\/>\n\n\n\n<p class=\"has-text-align-right\"><strong>da equipe da Ag\u00eancia iNFRA<\/strong><\/p>\n\n\n\n<p>Associa\u00e7\u00f5es de quatro modais de transportes decidiram unir esfor\u00e7os e fundar um espa\u00e7o permanente de discuss\u00e3o sobre o setor de infraestrutura. Trata-se da Alian\u00e7a para a Infraestrutura, iniciativa lan\u00e7ada no dia 26 de mar\u00e7o, por meio de um webinar promovido\u00a0pela\u00a0<strong>Ag\u00eancia iNFRA<\/strong>,\u00a0que pode ser visto\u00a0<a rel=\"noreferrer noopener\" href=\"https:\/\/agenciainfra.us14.list-manage.com\/track\/click?u=d460dd1bcf9ba0ae040e1fc0f&amp;id=b2b3e30f58&amp;e=c099169394\" target=\"_blank\">neste link<\/a>.<\/p>\n\n\n\n<p>O evento contou com a presen\u00e7a de cada um dos principais dirigentes das associa\u00e7\u00f5es fundadoras, a ABCR (Associa\u00e7\u00e3o Brasileira de Concession\u00e1rias de Rodovias), a ABTP (Associa\u00e7\u00e3o Brasileira dos Terminais Portu\u00e1rios), a Aneaa (Associa\u00e7\u00e3o Nacional das Empresas Administradoras de Aeroportos) e a ANTF (Associa\u00e7\u00e3o Nacional dos Transportadores Ferrovi\u00e1rios).<\/p>\n\n\n\n<p>A ideia apresentada pela Alian\u00e7a \u00e9 de que o setor privado seja capaz de unificar posicionamentos e estrat\u00e9gias para fortalecer a seguran\u00e7a jur\u00eddica, a regula\u00e7\u00e3o e a governan\u00e7a dos modais. Ao mesmo tempo, pretende-se abrir espa\u00e7o para temas correlatos que repercutem nos setores, como as diversas reformas estruturais que est\u00e3o sendo discutidas nacionalmente, entre elas a reforma tribut\u00e1ria.<\/p>\n\n\n\n<p>O movimento tamb\u00e9m pretende trabalhar na melhoria da rela\u00e7\u00e3o com \u00f3rg\u00e3os de controle e regula\u00e7\u00e3o, al\u00e9m de fomentar a aproxima\u00e7\u00e3o entre as empresas, os usu\u00e1rios dos servi\u00e7os, imprensa, \u00f3rg\u00e3os de controle, entidades governamentais e outras organiza\u00e7\u00f5es da sociedade civil.<\/p>\n\n\n\n<p>Cada uma das associa\u00e7\u00f5es fundadoras congrega empresas de grande express\u00e3o em seus respectivos segmentos. A ABCR possui 47 concession\u00e1rias associadas, as quais administram 15.616 km de rodovias concedidas. A ABTP conta com 68 firmas detentoras de 117 terminais portu\u00e1rios. A Aneaa representa seis concession\u00e1rias de terminais aeroportu\u00e1rios. Enquanto a ANTF conta com administradoras de 12 malhas ferrovi\u00e1rias concedidas, somando 29.320 km.&nbsp;<\/p>\n\n\n\n<p>O evento contou com a participa\u00e7\u00e3o do diretor-presidente da ABCR, Marco Aur\u00e9lio Barcelos; do diretor-presidente da ABTP, Jesualdo Silva; do presidente da Aneaa, Dyogo Oliveira; e do diretor-executivo da ANTF, Fernando Sim\u00f5es Paes. Nesta newsletter, voc\u00ea vai acompanhar o que de mais importante foi discutido no evento de lan\u00e7amento da Alian\u00e7a para a Infraestrutura.<\/p>\n","protected":false},"excerpt":{"rendered":"<p>da equipe da Ag\u00eancia iNFRA Associa\u00e7\u00f5es de quatro modais de transportes decidiram unir esfor\u00e7os e fundar um espa\u00e7o permanente de discuss\u00e3o sobre o setor de infraestrutura. Trata-se da Alian\u00e7a para a Infraestrutura, iniciativa lan\u00e7ada no dia 26 de mar\u00e7o, por meio de um webinar promovido\u00a0pela\u00a0Ag\u00eancia iNFRA,\u00a0que pode ser visto\u00a0neste link. O evento contou com a [&hellip;]<\/p>\n","protected":false},"author":9,"featured_media":7035,"comment_status":"closed","ping_status":"closed","sticky":false,"template":"","format":"standard","meta":{"_monsterinsights_skip_tracking":false,"_monsterinsights_sitenote_active":false,"_monsterinsights_sitenote_note":"","_monsterinsights_sitenote_category":0,"footnotes":""},"categories":[1,2053],"tags":[613,207,3849,1373,59,244,1374,2048,34,32,3506,3819,1986,1730,3817,3896,3818,623,70],"class_list":["post-7034","post","type-post","status-publish","format-standard","has-post-thumbnail","hentry","category-geral","category-infraliveventos","tag-abcr","tag-abtp","tag-alianca-para-a-infraestrutura","tag-aneaa","tag-antf","tag-concessionarias","tag-dyogo-oliveira","tag-fernando-paes","tag-infraestrutura","tag-investimentos","tag-jesualdo-silva","tag-malhas-ferroviarias","tag-marco-aurelio-barcelos","tag-reforma-tributaria","tag-reformas-estruturais","tag-rodovias-concedidas","tag-terminais-aeroportuarios","tag-terminais-portuarios","tag-transportes"],"yoast_head":"<!-- This site is optimized with the Yoast SEO Premium plugin v25.4 (Yoast SEO v26.0) - https:\/\/yoast.com\/wordpress\/plugins\/seo\/ -->\n<title>Por mais seguran\u00e7a para investimentos, entidades fundam a Alian\u00e7a para a Infraestrutura - Ag\u00eancia iNFRA<\/title>\n<meta name=\"robots\" content=\"index, follow, max-snippet:-1, max-image-preview:large, max-video-preview:-1\" \/>\n<link rel=\"canonical\" href=\"https:\/\/agenciainfra.com\/blog\/por-mais-seguranca-para-investimentos-entidades-fundam-a-alianca-para-a-infraestrutura\/\" \/>\n<meta property=\"og:locale\" content=\"pt_BR\" \/>\n<meta property=\"og:type\" content=\"article\" \/>\n<meta property=\"og:title\" content=\"Por mais seguran\u00e7a para investimentos, entidades fundam a Alian\u00e7a para a Infraestrutura\" \/>\n<meta property=\"og:description\" content=\"da equipe da Ag\u00eancia iNFRA Associa\u00e7\u00f5es de quatro modais de transportes decidiram unir esfor\u00e7os e fundar um espa\u00e7o permanente de discuss\u00e3o sobre o setor de infraestrutura. Trata-se da Alian\u00e7a para a Infraestrutura, iniciativa lan\u00e7ada no dia 26 de mar\u00e7o, por meio de um webinar promovido\u00a0pela\u00a0Ag\u00eancia iNFRA,\u00a0que pode ser visto\u00a0neste link. O evento contou com a [&hellip;]\" \/>\n<meta property=\"og:url\" content=\"https:\/\/agenciainfra.com\/blog\/por-mais-seguranca-para-investimentos-entidades-fundam-a-alianca-para-a-infraestrutura\/\" \/>\n<meta property=\"og:site_name\" content=\"Ag\u00eancia iNFRA\" \/>\n<meta property=\"article:publisher\" content=\"https:\/\/www.facebook.com\/ageninfra\" \/>\n<meta property=\"article:published_time\" content=\"2021-04-03T11:00:00+00:00\" \/>\n<meta property=\"og:image\" content=\"https:\/\/agenciainfra.com\/blog\/wp-content\/uploads\/2021\/04\/head-alianca-para-a-infraestrutura.jpeg\" \/>\n\t<meta property=\"og:image:width\" content=\"1280\" \/>\n\t<meta property=\"og:image:height\" content=\"728\" \/>\n\t<meta property=\"og:image:type\" content=\"image\/jpeg\" \/>\n<meta name=\"author\" content=\"Rodrigo Zuquim\" \/>\n<meta name=\"twitter:card\" content=\"summary_large_image\" \/>\n<meta name=\"twitter:creator\" content=\"@agencia_infra\" \/>\n<meta name=\"twitter:site\" content=\"@agencia_infra\" \/>\n<meta name=\"twitter:label1\" content=\"Escrito por\" \/>\n\t<meta name=\"twitter:data1\" content=\"Rodrigo Zuquim\" \/>\n\t<meta name=\"twitter:label2\" content=\"Est. tempo de leitura\" \/>\n\t<meta name=\"twitter:data2\" content=\"2 minutos\" \/>\n<script type=\"application\/ld+json\" class=\"yoast-schema-graph\">{\"@context\":\"https:\/\/schema.org\",\"@graph\":[{\"@type\":\"Article\",\"@id\":\"https:\/\/agenciainfra.com\/blog\/por-mais-seguranca-para-investimentos-entidades-fundam-a-alianca-para-a-infraestrutura\/#article\",\"isPartOf\":{\"@id\":\"https:\/\/agenciainfra.com\/blog\/por-mais-seguranca-para-investimentos-entidades-fundam-a-alianca-para-a-infraestrutura\/\"},\"author\":{\"name\":\"Rodrigo Zuquim\",\"@id\":\"https:\/\/agenciainfra.com\/blog\/#\/schema\/person\/04dbb79bd6d8951f063da71f3e4c1eb1\"},\"headline\":\"Por mais seguran\u00e7a para investimentos, entidades fundam a Alian\u00e7a para a Infraestrutura\",\"datePublished\":\"2021-04-03T11:00:00+00:00\",\"mainEntityOfPage\":{\"@id\":\"https:\/\/agenciainfra.com\/blog\/por-mais-seguranca-para-investimentos-entidades-fundam-a-alianca-para-a-infraestrutura\/\"},\"wordCount\":369,\"publisher\":{\"@id\":\"https:\/\/agenciainfra.com\/blog\/#organization\"},\"image\":{\"@id\":\"https:\/\/agenciainfra.com\/blog\/por-mais-seguranca-para-investimentos-entidades-fundam-a-alianca-para-a-infraestrutura\/#primaryimage\"},\"thumbnailUrl\":\"https:\/\/agenciainfra.com\/blog\/wp-content\/uploads\/2021\/04\/head-alianca-para-a-infraestrutura.jpeg\",\"keywords\":[\"abcr\",\"ABTP\",\"Alian\u00e7a para a Infraestrutura\",\"Aneaa\",\"ANTF\",\"concession\u00e1rias\",\"Dyogo Oliveira\",\"Fernando Paes\",\"Infraestrutura\",\"Investimentos\",\"Jesualdo Silva\",\"malhas ferrovi\u00e1rias\",\"Marco Aur\u00e9lio Barcelos\",\"reforma tribut\u00e1ria\",\"reformas estruturais\",\"rodovias concedidas\",\"terminais aeroportu\u00e1rios\",\"terminais portu\u00e1rios\",\"transportes\"],\"articleSection\":[\"Geral\",\"iNFRALive e Eventos\"],\"inLanguage\":\"pt-BR\",\"copyrightYear\":\"2021\",\"copyrightHolder\":{\"@id\":\"https:\/\/agenciainfra.com\/blog\/#organization\"}},{\"@type\":\"WebPage\",\"@id\":\"https:\/\/agenciainfra.com\/blog\/por-mais-seguranca-para-investimentos-entidades-fundam-a-alianca-para-a-infraestrutura\/\",\"url\":\"https:\/\/agenciainfra.com\/blog\/por-mais-seguranca-para-investimentos-entidades-fundam-a-alianca-para-a-infraestrutura\/\",\"name\":\"Por mais seguran\u00e7a para investimentos, entidades fundam a Alian\u00e7a para a Infraestrutura - Ag\u00eancia iNFRA\",\"isPartOf\":{\"@id\":\"https:\/\/agenciainfra.com\/blog\/#website\"},\"primaryImageOfPage\":{\"@id\":\"https:\/\/agenciainfra.com\/blog\/por-mais-seguranca-para-investimentos-entidades-fundam-a-alianca-para-a-infraestrutura\/#primaryimage\"},\"image\":{\"@id\":\"https:\/\/agenciainfra.com\/blog\/por-mais-seguranca-para-investimentos-entidades-fundam-a-alianca-para-a-infraestrutura\/#primaryimage\"},\"thumbnailUrl\":\"https:\/\/agenciainfra.com\/blog\/wp-content\/uploads\/2021\/04\/head-alianca-para-a-infraestrutura.jpeg\",\"datePublished\":\"2021-04-03T11:00:00+00:00\",\"breadcrumb\":{\"@id\":\"https:\/\/agenciainfra.com\/blog\/por-mais-seguranca-para-investimentos-entidades-fundam-a-alianca-para-a-infraestrutura\/#breadcrumb\"},\"inLanguage\":\"pt-BR\",\"potentialAction\":[{\"@type\":\"ReadAction\",\"target\":[\"https:\/\/agenciainfra.com\/blog\/por-mais-seguranca-para-investimentos-entidades-fundam-a-alianca-para-a-infraestrutura\/\"]}]},{\"@type\":\"ImageObject\",\"inLanguage\":\"pt-BR\",\"@id\":\"https:\/\/agenciainfra.com\/blog\/por-mais-seguranca-para-investimentos-entidades-fundam-a-alianca-para-a-infraestrutura\/#primaryimage\",\"url\":\"https:\/\/agenciainfra.com\/blog\/wp-content\/uploads\/2021\/04\/head-alianca-para-a-infraestrutura.jpeg\",\"contentUrl\":\"https:\/\/agenciainfra.com\/blog\/wp-content\/uploads\/2021\/04\/head-alianca-para-a-infraestrutura.jpeg\",\"width\":1280,\"height\":728},{\"@type\":\"BreadcrumbList\",\"@id\":\"https:\/\/agenciainfra.com\/blog\/por-mais-seguranca-para-investimentos-entidades-fundam-a-alianca-para-a-infraestrutura\/#breadcrumb\",\"itemListElement\":[{\"@type\":\"ListItem\",\"position\":1,\"name\":\"In\u00edcio\",\"item\":\"https:\/\/agenciainfra.com\/blog\/\"},{\"@type\":\"ListItem\",\"position\":2,\"name\":\"Por mais seguran\u00e7a para investimentos, entidades fundam a Alian\u00e7a para a Infraestrutura\"}]},{\"@type\":\"WebSite\",\"@id\":\"https:\/\/agenciainfra.com\/blog\/#website\",\"url\":\"https:\/\/agenciainfra.com\/blog\/\",\"name\":\"Ag\u00eancia iNFRA\",\"description\":\"Multiplataforma de informa\u00e7\u00e3o jornal\u00edstica refer\u00eancia na \u00e1rea de infraestrutura no Brasil!\",\"publisher\":{\"@id\":\"https:\/\/agenciainfra.com\/blog\/#organization\"},\"potentialAction\":[{\"@type\":\"SearchAction\",\"target\":{\"@type\":\"EntryPoint\",\"urlTemplate\":\"https:\/\/agenciainfra.com\/blog\/?s={search_term_string}\"},\"query-input\":{\"@type\":\"PropertyValueSpecification\",\"valueRequired\":true,\"valueName\":\"search_term_string\"}}],\"inLanguage\":\"pt-BR\"},{\"@type\":\"Organization\",\"@id\":\"https:\/\/agenciainfra.com\/blog\/#organization\",\"name\":\"Ag\u00eancia iNFRA\",\"url\":\"https:\/\/agenciainfra.com\/blog\/\",\"logo\":{\"@type\":\"ImageObject\",\"inLanguage\":\"pt-BR\",\"@id\":\"https:\/\/agenciainfra.com\/blog\/#\/schema\/logo\/image\/\",\"url\":\"https:\/\/agenciainfra.com\/blog\/wp-content\/uploads\/2023\/09\/iNFRA_5-e1761735885940.png\",\"contentUrl\":\"https:\/\/agenciainfra.com\/blog\/wp-content\/uploads\/2023\/09\/iNFRA_5-e1761735885940.png\",\"width\":1672,\"height\":454,\"caption\":\"Ag\u00eancia iNFRA\"},\"image\":{\"@id\":\"https:\/\/agenciainfra.com\/blog\/#\/schema\/logo\/image\/\"},\"sameAs\":[\"https:\/\/www.facebook.com\/ageninfra\",\"https:\/\/x.com\/agencia_infra\",\"https:\/\/www.linkedin.com\/company\/ag\u00eanciainfra\/\",\"https:\/\/www.instagram.com\/agenciainfra\/\"]},{\"@type\":\"Person\",\"@id\":\"https:\/\/agenciainfra.com\/blog\/#\/schema\/person\/04dbb79bd6d8951f063da71f3e4c1eb1\",\"name\":\"Rodrigo Zuquim\",\"image\":{\"@type\":\"ImageObject\",\"inLanguage\":\"pt-BR\",\"@id\":\"https:\/\/agenciainfra.com\/blog\/#\/schema\/person\/image\/\",\"url\":\"https:\/\/secure.gravatar.com\/avatar\/594abfe82761d620726242ff34ca472a705a4b97f16c790053a6b4c4035274d0?s=96&d=mm&r=g\",\"contentUrl\":\"https:\/\/secure.gravatar.com\/avatar\/594abfe82761d620726242ff34ca472a705a4b97f16c790053a6b4c4035274d0?s=96&d=mm&r=g\",\"caption\":\"Rodrigo Zuquim\"},\"url\":\"https:\/\/agenciainfra.com\/blog\/author\/rodrigo-zuquim\/\"}]}<\/script>\n<!-- \/ Yoast SEO Premium plugin. -->","yoast_head_json":{"title":"Por mais seguran\u00e7a para investimentos, entidades fundam a Alian\u00e7a para a Infraestrutura - Ag\u00eancia iNFRA","robots":{"index":"index","follow":"follow","max-snippet":"max-snippet:-1","max-image-preview":"max-image-preview:large","max-video-preview":"max-video-preview:-1"},"canonical":"https:\/\/agenciainfra.com\/blog\/por-mais-seguranca-para-investimentos-entidades-fundam-a-alianca-para-a-infraestrutura\/","og_locale":"pt_BR","og_type":"article","og_title":"Por mais seguran\u00e7a para investimentos, entidades fundam a Alian\u00e7a para a Infraestrutura","og_description":"da equipe da Ag\u00eancia iNFRA Associa\u00e7\u00f5es de quatro modais de transportes decidiram unir esfor\u00e7os e fundar um espa\u00e7o permanente de discuss\u00e3o sobre o setor de infraestrutura. Trata-se da Alian\u00e7a para a Infraestrutura, iniciativa lan\u00e7ada no dia 26 de mar\u00e7o, por meio de um webinar promovido\u00a0pela\u00a0Ag\u00eancia iNFRA,\u00a0que pode ser visto\u00a0neste link. O evento contou com a [&hellip;]","og_url":"https:\/\/agenciainfra.com\/blog\/por-mais-seguranca-para-investimentos-entidades-fundam-a-alianca-para-a-infraestrutura\/","og_site_name":"Ag\u00eancia iNFRA","article_publisher":"https:\/\/www.facebook.com\/ageninfra","article_published_time":"2021-04-03T11:00:00+00:00","og_image":[{"width":1280,"height":728,"url":"https:\/\/agenciainfra.com\/blog\/wp-content\/uploads\/2021\/04\/head-alianca-para-a-infraestrutura.jpeg","type":"image\/jpeg"}],"author":"Rodrigo Zuquim","twitter_card":"summary_large_image","twitter_creator":"@agencia_infra","twitter_site":"@agencia_infra","twitter_misc":{"Escrito por":"Rodrigo Zuquim","Est. tempo de leitura":"2 minutos"},"schema":{"@context":"https:\/\/schema.org","@graph":[{"@type":"Article","@id":"https:\/\/agenciainfra.com\/blog\/por-mais-seguranca-para-investimentos-entidades-fundam-a-alianca-para-a-infraestrutura\/#article","isPartOf":{"@id":"https:\/\/agenciainfra.com\/blog\/por-mais-seguranca-para-investimentos-entidades-fundam-a-alianca-para-a-infraestrutura\/"},"author":{"name":"Rodrigo Zuquim","@id":"https:\/\/agenciainfra.com\/blog\/#\/schema\/person\/04dbb79bd6d8951f063da71f3e4c1eb1"},"headline":"Por mais seguran\u00e7a para investimentos, entidades fundam a Alian\u00e7a para a Infraestrutura","datePublished":"2021-04-03T11:00:00+00:00","mainEntityOfPage":{"@id":"https:\/\/agenciainfra.com\/blog\/por-mais-seguranca-para-investimentos-entidades-fundam-a-alianca-para-a-infraestrutura\/"},"wordCount":369,"publisher":{"@id":"https:\/\/agenciainfra.com\/blog\/#organization"},"image":{"@id":"https:\/\/agenciainfra.com\/blog\/por-mais-seguranca-para-investimentos-entidades-fundam-a-alianca-para-a-infraestrutura\/#primaryimage"},"thumbnailUrl":"https:\/\/agenciainfra.com\/blog\/wp-content\/uploads\/2021\/04\/head-alianca-para-a-infraestrutura.jpeg","keywords":["abcr","ABTP","Alian\u00e7a para a Infraestrutura","Aneaa","ANTF","concession\u00e1rias","Dyogo Oliveira","Fernando Paes","Infraestrutura","Investimentos","Jesualdo Silva","malhas ferrovi\u00e1rias","Marco Aur\u00e9lio Barcelos","reforma tribut\u00e1ria","reformas estruturais","rodovias concedidas","terminais aeroportu\u00e1rios","terminais portu\u00e1rios","transportes"],"articleSection":["Geral","iNFRALive e Eventos"],"inLanguage":"pt-BR","copyrightYear":"2021","copyrightHolder":{"@id":"https:\/\/agenciainfra.com\/blog\/#organization"}},{"@type":"WebPage","@id":"https:\/\/agenciainfra.com\/blog\/por-mais-seguranca-para-investimentos-entidades-fundam-a-alianca-para-a-infraestrutura\/","url":"https:\/\/agenciainfra.com\/blog\/por-mais-seguranca-para-investimentos-entidades-fundam-a-alianca-para-a-infraestrutura\/","name":"Por mais seguran\u00e7a para investimentos, entidades fundam a Alian\u00e7a para a Infraestrutura - Ag\u00eancia iNFRA","isPartOf":{"@id":"https:\/\/agenciainfra.com\/blog\/#website"},"primaryImageOfPage":{"@id":"https:\/\/agenciainfra.com\/blog\/por-mais-seguranca-para-investimentos-entidades-fundam-a-alianca-para-a-infraestrutura\/#primaryimage"},"image":{"@id":"https:\/\/agenciainfra.com\/blog\/por-mais-seguranca-para-investimentos-entidades-fundam-a-alianca-para-a-infraestrutura\/#primaryimage"},"thumbnailUrl":"https:\/\/agenciainfra.com\/blog\/wp-content\/uploads\/2021\/04\/head-alianca-para-a-infraestrutura.jpeg","datePublished":"2021-04-03T11:00:00+00:00","breadcrumb":{"@id":"https:\/\/agenciainfra.com\/blog\/por-mais-seguranca-para-investimentos-entidades-fundam-a-alianca-para-a-infraestrutura\/#breadcrumb"},"inLanguage":"pt-BR","potentialAction":[{"@type":"ReadAction","target":["https:\/\/agenciainfra.com\/blog\/por-mais-seguranca-para-investimentos-entidades-fundam-a-alianca-para-a-infraestrutura\/"]}]},{"@type":"ImageObject","inLanguage":"pt-BR","@id":"https:\/\/agenciainfra.com\/blog\/por-mais-seguranca-para-investimentos-entidades-fundam-a-alianca-para-a-infraestrutura\/#primaryimage","url":"https:\/\/agenciainfra.com\/blog\/wp-content\/uploads\/2021\/04\/head-alianca-para-a-infraestrutura.jpeg","contentUrl":"https:\/\/agenciainfra.com\/blog\/wp-content\/uploads\/2021\/04\/head-alianca-para-a-infraestrutura.jpeg","width":1280,"height":728},{"@type":"BreadcrumbList","@id":"https:\/\/agenciainfra.com\/blog\/por-mais-seguranca-para-investimentos-entidades-fundam-a-alianca-para-a-infraestrutura\/#breadcrumb","itemListElement":[{"@type":"ListItem","position":1,"name":"In\u00edcio","item":"https:\/\/agenciainfra.com\/blog\/"},{"@type":"ListItem","position":2,"name":"Por mais seguran\u00e7a para investimentos, entidades fundam a Alian\u00e7a para a Infraestrutura"}]},{"@type":"WebSite","@id":"https:\/\/agenciainfra.com\/blog\/#website","url":"https:\/\/agenciainfra.com\/blog\/","name":"Ag\u00eancia iNFRA","description":"Multiplataforma de informa\u00e7\u00e3o jornal\u00edstica refer\u00eancia na \u00e1rea de infraestrutura no Brasil!","publisher":{"@id":"https:\/\/agenciainfra.com\/blog\/#organization"},"potentialAction":[{"@type":"SearchAction","target":{"@type":"EntryPoint","urlTemplate":"https:\/\/agenciainfra.com\/blog\/?s={search_term_string}"},"query-input":{"@type":"PropertyValueSpecification","valueRequired":true,"valueName":"search_term_string"}}],"inLanguage":"pt-BR"},{"@type":"Organization","@id":"https:\/\/agenciainfra.com\/blog\/#organization","name":"Ag\u00eancia iNFRA","url":"https:\/\/agenciainfra.com\/blog\/","logo":{"@type":"ImageObject","inLanguage":"pt-BR","@id":"https:\/\/agenciainfra.com\/blog\/#\/schema\/logo\/image\/","url":"https:\/\/agenciainfra.com\/blog\/wp-content\/uploads\/2023\/09\/iNFRA_5-e1761735885940.png","contentUrl":"https:\/\/agenciainfra.com\/blog\/wp-content\/uploads\/2023\/09\/iNFRA_5-e1761735885940.png","width":1672,"height":454,"caption":"Ag\u00eancia iNFRA"},"image":{"@id":"https:\/\/agenciainfra.com\/blog\/#\/schema\/logo\/image\/"},"sameAs":["https:\/\/www.facebook.com\/ageninfra","https:\/\/x.com\/agencia_infra","https:\/\/www.linkedin.com\/company\/ag\u00eanciainfra\/","https:\/\/www.instagram.com\/agenciainfra\/"]},{"@type":"Person","@id":"https:\/\/agenciainfra.com\/blog\/#\/schema\/person\/04dbb79bd6d8951f063da71f3e4c1eb1","name":"Rodrigo Zuquim","image":{"@type":"ImageObject","inLanguage":"pt-BR","@id":"https:\/\/agenciainfra.com\/blog\/#\/schema\/person\/image\/","url":"https:\/\/secure.gravatar.com\/avatar\/594abfe82761d620726242ff34ca472a705a4b97f16c790053a6b4c4035274d0?s=96&d=mm&r=g","contentUrl":"https:\/\/secure.gravatar.com\/avatar\/594abfe82761d620726242ff34ca472a705a4b97f16c790053a6b4c4035274d0?s=96&d=mm&r=g","caption":"Rodrigo Zuquim"},"url":"https:\/\/agenciainfra.com\/blog\/author\/rodrigo-zuquim\/"}]}},"_links":{"self":[{"href":"https:\/\/agenciainfra.com\/blog\/wp-json\/wp\/v2\/posts\/7034","targetHints":{"allow":["GET"]}}],"collection":[{"href":"https:\/\/agenciainfra.com\/blog\/wp-json\/wp\/v2\/posts"}],"about":[{"href":"https:\/\/agenciainfra.com\/blog\/wp-json\/wp\/v2\/types\/post"}],"author":[{"embeddable":true,"href":"https:\/\/agenciainfra.com\/blog\/wp-json\/wp\/v2\/users\/9"}],"replies":[{"embeddable":true,"href":"https:\/\/agenciainfra.com\/blog\/wp-json\/wp\/v2\/comments?post=7034"}],"version-history":[{"count":0,"href":"https:\/\/agenciainfra.com\/blog\/wp-json\/wp\/v2\/posts\/7034\/revisions"}],"wp:featuredmedia":[{"embeddable":true,"href":"https:\/\/agenciainfra.com\/blog\/wp-json\/wp\/v2\/media\/7035"}],"wp:attachment":[{"href":"https:\/\/agenciainfra.com\/blog\/wp-json\/wp\/v2\/media?parent=7034"}],"wp:term":[{"taxonomy":"category","embeddable":true,"href":"https:\/\/agenciainfra.com\/blog\/wp-json\/wp\/v2\/categories?post=7034"},{"taxonomy":"post_tag","embeddable":true,"href":"https:\/\/agenciainfra.com\/blog\/wp-json\/wp\/v2\/tags?post=7034"}],"curies":[{"name":"wp","href":"https:\/\/api.w.org\/{rel}","templated":true}]}}