{"id":7046,"date":"2021-04-05T08:00:00","date_gmt":"2021-04-05T11:00:00","guid":{"rendered":"https:\/\/www.agenciainfra.com\/blog\/?p=7046"},"modified":"2021-04-02T16:13:22","modified_gmt":"2021-04-02T19:13:22","slug":"cenario-do-novo-pnl-eleva-a-36-peso-da-ferrovia-na-matriz-de-transportes-em-2035","status":"publish","type":"post","link":"https:\/\/agenciainfra.com\/blog\/cenario-do-novo-pnl-eleva-a-36-peso-da-ferrovia-na-matriz-de-transportes-em-2035\/","title":{"rendered":"Cen\u00e1rio do novo PNL eleva a 36% peso da ferrovia na matriz de transportes em 2035"},"content":{"rendered":"\n<hr class=\"wp-block-separator\"\/>\n\n\n\n<p class=\"has-text-align-right\"><strong>Dimmi Amora, da\u00a0Ag\u00eancia iNFRA<\/strong><\/p>\n\n\n\n<p>O PNL (Plano Nacional de Log\u00edstica) 2035, colocado em audi\u00eancia p\u00fablica na \u00faltima ter\u00e7a-feira (30), prev\u00ea cen\u00e1rios em que o transporte ferrovi\u00e1rio\u00a0poder\u00e1 chegar a representar at\u00e9 35% das cargas transportadas, em volume, no pa\u00eds na pr\u00f3xima d\u00e9cada.<\/p>\n\n\n\n<p>A proposta ficar\u00e1 em consulta p\u00fablica pelos pr\u00f3ximos 30 dias, aberta a receber contribui\u00e7\u00f5es ao trabalho que a EPL (Empresa de Planejamento e Log\u00edstica) vem elaborando desde 2017, e promete ser um novo paradigma para o planejamento da infraestrutura de transportes do pa\u00eds.<\/p>\n\n\n\n<p>O minucioso estudo que se utilizou de uma ampla gama de bases de dados p\u00fablicas, de movimenta\u00e7\u00e3o de aparelhos telef\u00f4nicos a dados de notas fiscais, foi elaborado sobre uma nova base conceitual, segundo o presidente da estatal ligada ao Minist\u00e9rio da Infraestrutura, Arthur Pinho de Lima.<\/p>\n\n\n\n<p>Em vez de identificar gargalos a partir das proje\u00e7\u00f5es de crescimento de demanda por transportes e propor investimentos, o trabalho apresenta uma s\u00e9rie de 16 indicadores gerais que t\u00eam que ser cumpridos pelo sistema de log\u00edstica como um todo. Entre esses indicadores est\u00e3o alguns da \u00e1rea econ\u00f4mica, outros de qualidade de transportes, mas tamb\u00e9m ambientais e sociais.<\/p>\n\n\n\n<p>A partir das proje\u00e7\u00f5es de crescimento da demanda, o trabalho indica quais seriam as solu\u00e7\u00f5es para se chegar ao melhor conjunto de indicadores, sem necessariamente ser uma obra de amplia\u00e7\u00e3o para solucionar um gargalo em um modal de transportes, por exemplo.<\/p>\n\n\n\n<p>Para se chegar a quais efetivamente ser\u00e3o as melhores interven\u00e7\u00f5es e alcan\u00e7ar a&nbsp;qualidade geral do sistema log\u00edstico, ser\u00e3o feitos posteriormente planos setoriais coordenados para indicar os investimentos ou pol\u00edticas p\u00fablicas&nbsp;que trazem os melhores resultados.<\/p>\n\n\n\n<p>O presidente da estatal citou um exemplo espec\u00edfico que s\u00e3o os corredores das rodovias BR-319\/AM e BR-364\/RO. As vias&nbsp;atendem as capitais dos dois estados e a implanta\u00e7\u00e3o da Ferrogr\u00e3o, ferrovia que levaria gran\u00e9is agr\u00edcolas&nbsp;do Mato Grosso ao Par\u00e1, tenderia a tirar carga dessas estradas.<\/p>\n\n\n\n<p>Mas, segundo o estudo, foi identificado que haver\u00e1 crescente demanda por carga conteinerizada para essas duas \u00e1reas. No PNL 2035, em vez de identificar que haver\u00e1 um gargalo na rodovia e propor a\u00e7\u00e3o, s\u00e3o mostradas op\u00e7\u00f5es que podem desafogar o fluxo de cont\u00eaineres, como implanta\u00e7\u00e3o de terminais hidrovi\u00e1rios.<\/p>\n\n\n\n<p><strong>Crescimento da demanda<\/strong><br>O PNL projetou que o volume de cargas no pa\u00eds vai crescer 37% at\u00e9 2035, em TKU (Tonelada Quil\u00f4metro \u00datil, medida que considera volume e dist\u00e2ncia percorrida). Com o aprofundamento do estudo de 2017, foi poss\u00edvel identificar que a matriz de transporte do pa\u00eds \u00e9 levemente diferente do que se tinha como informa\u00e7\u00e3o at\u00e9 ent\u00e3o.<\/p>\n\n\n\n<p>O percentual de carga transportada por ferrovia&nbsp;foi estimado em 21,5%, superior aos 15% do PNL divulgado em 2017. Na \u00e9poca, a proje\u00e7\u00e3o era que 65% da carga era movimentada por caminh\u00f5es. No estudo atual, o valor \u00e9 at\u00e9 superior, 67,6% (a refer\u00eancia do PNL 2025 \u00e9 o ano de 2015, e a do PNL 2035 \u00e9 o ano de 2017).<\/p>\n\n\n\n<p>A diferen\u00e7a entre os planos est\u00e1 no volume muito inferior de transporte por cabotagem e hidrovi\u00e1rio que foi encontrado no estudo atual, que foi mais aprofundado. No caso da cabotagem, o volume cai de 11% para 8%. E no hidrovi\u00e1rio, de 5% para 1,5%. O dutovi\u00e1rio tamb\u00e9m \u00e9 menor, 4% contra 1,5% agora.<\/p>\n\n\n\n<p><strong>Cen\u00e1rios<\/strong><br>Para o futuro, foram estimados seis diferentes cen\u00e1rios. Segundo Pinho, entre eles est\u00e3o at\u00e9 mesmo cen\u00e1rios disruptivos, que consideram por exemplo a entrada de ve\u00edculos el\u00e9tricos no transporte de carga.<\/p>\n\n\n\n<p>Nesses cen\u00e1rios, o volume de cargas transportados de ferrovia d\u00e3o um salto, se forem implementadas todas as propostas de investimentos ferrovi\u00e1rios que est\u00e3o programadas pelo governo (inseridas no Programa de Parcerias de Investimentos). Num desses cen\u00e1rios, o volume nas vias f\u00e9rreas chega aos 36% em 2035.&nbsp;No PNL&nbsp;anterior, a proje\u00e7\u00e3o \u00e9 chegar em 2025 com o transporte de ferrovias em 29% da matriz.<\/p>\n\n\n\n<p>Nas rodovias, os cen\u00e1rios indicam que o volume de carga transportado cai a at\u00e9&nbsp;53% no ano de 2035. Foi calculado um cen\u00e1rio em que o BR do Mar \u00e9 aprovado, e a proje\u00e7\u00e3o \u00e9 que o volume de cargas usando essa modalidade suba de 8% para 9% em 2035. Mas, segundo Pinho de Lima, o crescimento em quantidade transportada \u00e9 expressivo, com aumento de 58% no per\u00edodo, o que \u00e9 acima da proje\u00e7\u00e3o m\u00e9dia de crescimento do volume de cargas (37%).<\/p>\n\n\n\n<p>Os cen\u00e1rios com maior volume de investimentos e equil\u00edbrio da matriz de transportes tamb\u00e9m foram estudados em termos de indu\u00e7\u00e3o do crescimento econ\u00f4mico do pa\u00eds. De acordo com o trabalho, se esse cen\u00e1rio de 2035 for alcan\u00e7ado, o pa\u00eds cresceria 6 pontos percentuais al\u00e9m do projetado para o PIB no per\u00edodo. No caso da regi\u00e3o Norte, esse crescimento poderia chegar ao 12,8\u00a0pontos.<\/p>\n\n\n\n<p><strong>Contribui\u00e7\u00f5es at\u00e9 30 de abril<\/strong><br>O presidente da EPL, Arthur Pinho de Lima, acredita que at\u00e9 maio a vers\u00e3o final do PNL 2035 poder\u00e1 estar conclu\u00edda, ap\u00f3s a an\u00e1lise das contribui\u00e7\u00f5es que ser\u00e3o apresentadas. Todos os documentos da proposta est\u00e3o\u00a0<a rel=\"noreferrer noopener\" href=\"https:\/\/agenciainfra.us14.list-manage.com\/track\/click?u=d460dd1bcf9ba0ae040e1fc0f&amp;id=d01844cf84&amp;e=c099169394\" target=\"_blank\">neste link<\/a>, onde tamb\u00e9m podem ser encaminhadas contribui\u00e7\u00f5es at\u00e9 30 de abril.<\/p>\n\n\n\n<p>De acordo com ele, ao longo de todo o ano passado, foram feitas dezenas de reuni\u00f5es com representantes de \u00f3rg\u00e3os p\u00fablicos dos estados e de empresas para apresentar a metodologia e os dados que estavam sendo trabalhados.<\/p>\n\n\n\n<p>Por isso, ele acredita que grande parte das contribui\u00e7\u00f5es j\u00e1 poder\u00e3o estar contempladas na proposta apresentada. Pinho de Lima afirmou que, mesmo com as contribui\u00e7\u00f5es recolhidas no ano passado, deseja um engajamento forte de governos locais e empresas para melhorar a proposta que foi apresentada pela estatal.<\/p>\n\n\n\n<p>&#8220;Esperamos muita contribui\u00e7\u00e3o t\u00e9cnica de governos estaduais para validar os dados, se os entendimentos que estamos simulando est\u00e3o aderentes \u00e0 realidade&#8221;, disse o presidente da estatal.<\/p>\n\n\n\n<p><strong>Cadernos de metodologia<\/strong><br>O ministro da Infraestrutura, Tarc\u00edsio de Freitas, j\u00e1 indicou que vai participar de audi\u00eancias p\u00fablicas para apresentar a proposta e promover os debates sobre o tema.<\/p>\n\n\n\n<p>O presidente Pinho de Lima disse ainda que a EPL deixar\u00e1 como contribui\u00e7\u00e3o para a sociedade, com a conclus\u00e3o do PNL 2035,&nbsp;cinco cadernos de metodologia, que podem orientar empresas e governos a realizar os planejamentos de transporte no futuro.<\/p>\n\n\n\n<p>Entre esses cadernos estar\u00e3o&nbsp;as orienta\u00e7\u00f5es sobre Matriz de Origem e Destino e&nbsp;Corredores Log\u00edsticos Estrat\u00e9gicos. Outro importante caderno destacado por ele \u00e9 o de Meio Ambiente, para orientar como os impactos podem ser mitigados com a infraestrutura de transportes.<\/p>\n","protected":false},"excerpt":{"rendered":"<p>Dimmi Amora, da\u00a0Ag\u00eancia iNFRA O PNL (Plano Nacional de Log\u00edstica) 2035, colocado em audi\u00eancia p\u00fablica na \u00faltima ter\u00e7a-feira (30), prev\u00ea cen\u00e1rios em que o transporte ferrovi\u00e1rio\u00a0poder\u00e1 chegar a representar at\u00e9 35% das cargas transportadas, em volume, no pa\u00eds na pr\u00f3xima d\u00e9cada. A proposta ficar\u00e1 em consulta p\u00fablica pelos pr\u00f3ximos 30 dias, aberta a receber contribui\u00e7\u00f5es [&hellip;]<\/p>\n","protected":false},"author":9,"featured_media":7047,"comment_status":"closed","ping_status":"closed","sticky":false,"template":"","format":"standard","meta":{"_monsterinsights_skip_tracking":false,"_monsterinsights_sitenote_active":false,"_monsterinsights_sitenote_note":"","_monsterinsights_sitenote_category":0,"footnotes":""},"categories":[1,7],"tags":[3913,1245,1538,3914,407,941,3162,873,3916,745,252,158,79,34,32,66,3917,775,1358,3912,36,786,126,448,3915,70,2177],"class_list":["post-7046","post","type-post","status-publish","format-standard","has-post-thumbnail","hentry","category-geral","category-infratransporte","tag-arthur-pinho-de-lima","tag-br-do-mar","tag-br-319-am","tag-br-364-ro","tag-cabotagem","tag-caminhoes","tag-cargas","tag-conteineres","tag-demanda","tag-empresa-de-planejamento-e-logistica","tag-epl","tag-ferrograo","tag-ferrovia","tag-infraestrutura","tag-investimentos","tag-logistica","tag-metodologia","tag-ministerio-da-infraestrutura","tag-plano-nacional-de-logistica","tag-pnl-2035","tag-ppi","tag-programa-de-parcerias-de-investimentos","tag-rodovias","tag-tarcisio-de-freitas","tag-terminais-hidroviarios","tag-transportes","tag-veiculos-eletricos"],"yoast_head":"<!-- This site is optimized with the Yoast SEO Premium plugin v25.4 (Yoast SEO v26.0) - https:\/\/yoast.com\/wordpress\/plugins\/seo\/ -->\n<title>Cen\u00e1rio do novo PNL eleva a 36% peso da ferrovia na matriz de transportes em 2035 - Ag\u00eancia iNFRA<\/title>\n<meta name=\"robots\" content=\"index, follow, max-snippet:-1, max-image-preview:large, max-video-preview:-1\" \/>\n<link rel=\"canonical\" href=\"https:\/\/agenciainfra.com\/blog\/cenario-do-novo-pnl-eleva-a-36-peso-da-ferrovia-na-matriz-de-transportes-em-2035\/\" \/>\n<meta property=\"og:locale\" content=\"pt_BR\" \/>\n<meta property=\"og:type\" content=\"article\" \/>\n<meta property=\"og:title\" content=\"Cen\u00e1rio do novo PNL eleva a 36% peso da ferrovia na matriz de transportes em 2035\" \/>\n<meta property=\"og:description\" content=\"Dimmi Amora, da\u00a0Ag\u00eancia iNFRA O PNL (Plano Nacional de Log\u00edstica) 2035, colocado em audi\u00eancia p\u00fablica na \u00faltima ter\u00e7a-feira (30), prev\u00ea cen\u00e1rios em que o transporte ferrovi\u00e1rio\u00a0poder\u00e1 chegar a representar at\u00e9 35% das cargas transportadas, em volume, no pa\u00eds na pr\u00f3xima d\u00e9cada. A proposta ficar\u00e1 em consulta p\u00fablica pelos pr\u00f3ximos 30 dias, aberta a receber contribui\u00e7\u00f5es [&hellip;]\" \/>\n<meta property=\"og:url\" content=\"https:\/\/agenciainfra.com\/blog\/cenario-do-novo-pnl-eleva-a-36-peso-da-ferrovia-na-matriz-de-transportes-em-2035\/\" \/>\n<meta property=\"og:site_name\" content=\"Ag\u00eancia iNFRA\" \/>\n<meta property=\"article:publisher\" content=\"https:\/\/www.facebook.com\/ageninfra\" \/>\n<meta property=\"article:published_time\" content=\"2021-04-05T11:00:00+00:00\" \/>\n<meta property=\"og:image\" content=\"https:\/\/agenciainfra.com\/blog\/wp-content\/uploads\/2021\/04\/ferrovia-norte-sul-foto-alberto-ruy-minfra.jpeg\" \/>\n\t<meta property=\"og:image:width\" content=\"1280\" \/>\n\t<meta property=\"og:image:height\" content=\"852\" \/>\n\t<meta property=\"og:image:type\" content=\"image\/jpeg\" \/>\n<meta name=\"author\" content=\"Rodrigo Zuquim\" \/>\n<meta name=\"twitter:card\" content=\"summary_large_image\" \/>\n<meta name=\"twitter:creator\" content=\"@agencia_infra\" \/>\n<meta name=\"twitter:site\" content=\"@agencia_infra\" \/>\n<meta name=\"twitter:label1\" content=\"Escrito por\" \/>\n\t<meta name=\"twitter:data1\" content=\"Rodrigo Zuquim\" \/>\n\t<meta name=\"twitter:label2\" content=\"Est. tempo de leitura\" \/>\n\t<meta name=\"twitter:data2\" content=\"6 minutos\" \/>\n<script type=\"application\/ld+json\" class=\"yoast-schema-graph\">{\"@context\":\"https:\/\/schema.org\",\"@graph\":[{\"@type\":\"Article\",\"@id\":\"https:\/\/agenciainfra.com\/blog\/cenario-do-novo-pnl-eleva-a-36-peso-da-ferrovia-na-matriz-de-transportes-em-2035\/#article\",\"isPartOf\":{\"@id\":\"https:\/\/agenciainfra.com\/blog\/cenario-do-novo-pnl-eleva-a-36-peso-da-ferrovia-na-matriz-de-transportes-em-2035\/\"},\"author\":{\"name\":\"Rodrigo Zuquim\",\"@id\":\"https:\/\/agenciainfra.com\/blog\/#\/schema\/person\/04dbb79bd6d8951f063da71f3e4c1eb1\"},\"headline\":\"Cen\u00e1rio do novo PNL eleva a 36% peso da ferrovia na matriz de transportes em 2035\",\"datePublished\":\"2021-04-05T11:00:00+00:00\",\"mainEntityOfPage\":{\"@id\":\"https:\/\/agenciainfra.com\/blog\/cenario-do-novo-pnl-eleva-a-36-peso-da-ferrovia-na-matriz-de-transportes-em-2035\/\"},\"wordCount\":1138,\"publisher\":{\"@id\":\"https:\/\/agenciainfra.com\/blog\/#organization\"},\"image\":{\"@id\":\"https:\/\/agenciainfra.com\/blog\/cenario-do-novo-pnl-eleva-a-36-peso-da-ferrovia-na-matriz-de-transportes-em-2035\/#primaryimage\"},\"thumbnailUrl\":\"https:\/\/agenciainfra.com\/blog\/wp-content\/uploads\/2021\/04\/ferrovia-norte-sul-foto-alberto-ruy-minfra.jpeg\",\"keywords\":[\"Arthur Pinho de Lima\",\"BR do Mar\",\"BR-319\/AM\",\"BR-364\/RO\",\"cabotagem\",\"caminh\u00f5es\",\"cargas\",\"cont\u00eaineres\",\"demanda\",\"Empresa de Planejamento e Log\u00edstica\",\"EPL\",\"Ferrogr\u00e3o\",\"Ferrovia\",\"Infraestrutura\",\"Investimentos\",\"log\u00edstica\",\"metodologia\",\"Minist\u00e9rio da Infraestrutura\",\"Plano Nacional de Log\u00edstica\",\"PNL 2035\",\"PPI\",\"Programa de Parcerias de Investimentos\",\"rodovias\",\"Tarc\u00edsio de Freitas\",\"terminais hidrovi\u00e1rios\",\"transportes\",\"ve\u00edculos el\u00e9tricos\"],\"articleSection\":[\"Geral\",\"iNFRATransporte\"],\"inLanguage\":\"pt-BR\",\"copyrightYear\":\"2021\",\"copyrightHolder\":{\"@id\":\"https:\/\/agenciainfra.com\/blog\/#organization\"}},{\"@type\":\"WebPage\",\"@id\":\"https:\/\/agenciainfra.com\/blog\/cenario-do-novo-pnl-eleva-a-36-peso-da-ferrovia-na-matriz-de-transportes-em-2035\/\",\"url\":\"https:\/\/agenciainfra.com\/blog\/cenario-do-novo-pnl-eleva-a-36-peso-da-ferrovia-na-matriz-de-transportes-em-2035\/\",\"name\":\"Cen\u00e1rio do novo PNL eleva a 36% peso da ferrovia na matriz de transportes em 2035 - Ag\u00eancia iNFRA\",\"isPartOf\":{\"@id\":\"https:\/\/agenciainfra.com\/blog\/#website\"},\"primaryImageOfPage\":{\"@id\":\"https:\/\/agenciainfra.com\/blog\/cenario-do-novo-pnl-eleva-a-36-peso-da-ferrovia-na-matriz-de-transportes-em-2035\/#primaryimage\"},\"image\":{\"@id\":\"https:\/\/agenciainfra.com\/blog\/cenario-do-novo-pnl-eleva-a-36-peso-da-ferrovia-na-matriz-de-transportes-em-2035\/#primaryimage\"},\"thumbnailUrl\":\"https:\/\/agenciainfra.com\/blog\/wp-content\/uploads\/2021\/04\/ferrovia-norte-sul-foto-alberto-ruy-minfra.jpeg\",\"datePublished\":\"2021-04-05T11:00:00+00:00\",\"breadcrumb\":{\"@id\":\"https:\/\/agenciainfra.com\/blog\/cenario-do-novo-pnl-eleva-a-36-peso-da-ferrovia-na-matriz-de-transportes-em-2035\/#breadcrumb\"},\"inLanguage\":\"pt-BR\",\"potentialAction\":[{\"@type\":\"ReadAction\",\"target\":[\"https:\/\/agenciainfra.com\/blog\/cenario-do-novo-pnl-eleva-a-36-peso-da-ferrovia-na-matriz-de-transportes-em-2035\/\"]}]},{\"@type\":\"ImageObject\",\"inLanguage\":\"pt-BR\",\"@id\":\"https:\/\/agenciainfra.com\/blog\/cenario-do-novo-pnl-eleva-a-36-peso-da-ferrovia-na-matriz-de-transportes-em-2035\/#primaryimage\",\"url\":\"https:\/\/agenciainfra.com\/blog\/wp-content\/uploads\/2021\/04\/ferrovia-norte-sul-foto-alberto-ruy-minfra.jpeg\",\"contentUrl\":\"https:\/\/agenciainfra.com\/blog\/wp-content\/uploads\/2021\/04\/ferrovia-norte-sul-foto-alberto-ruy-minfra.jpeg\",\"width\":1280,\"height\":852,\"caption\":\"Foto: Alberto Ruy\/Minfra\"},{\"@type\":\"BreadcrumbList\",\"@id\":\"https:\/\/agenciainfra.com\/blog\/cenario-do-novo-pnl-eleva-a-36-peso-da-ferrovia-na-matriz-de-transportes-em-2035\/#breadcrumb\",\"itemListElement\":[{\"@type\":\"ListItem\",\"position\":1,\"name\":\"In\u00edcio\",\"item\":\"https:\/\/agenciainfra.com\/blog\/\"},{\"@type\":\"ListItem\",\"position\":2,\"name\":\"Cen\u00e1rio do novo PNL eleva a 36% peso da ferrovia na matriz de transportes em 2035\"}]},{\"@type\":\"WebSite\",\"@id\":\"https:\/\/agenciainfra.com\/blog\/#website\",\"url\":\"https:\/\/agenciainfra.com\/blog\/\",\"name\":\"Ag\u00eancia iNFRA\",\"description\":\"Multiplataforma de informa\u00e7\u00e3o jornal\u00edstica refer\u00eancia na \u00e1rea de infraestrutura no Brasil!\",\"publisher\":{\"@id\":\"https:\/\/agenciainfra.com\/blog\/#organization\"},\"potentialAction\":[{\"@type\":\"SearchAction\",\"target\":{\"@type\":\"EntryPoint\",\"urlTemplate\":\"https:\/\/agenciainfra.com\/blog\/?s={search_term_string}\"},\"query-input\":{\"@type\":\"PropertyValueSpecification\",\"valueRequired\":true,\"valueName\":\"search_term_string\"}}],\"inLanguage\":\"pt-BR\"},{\"@type\":\"Organization\",\"@id\":\"https:\/\/agenciainfra.com\/blog\/#organization\",\"name\":\"Ag\u00eancia iNFRA\",\"url\":\"https:\/\/agenciainfra.com\/blog\/\",\"logo\":{\"@type\":\"ImageObject\",\"inLanguage\":\"pt-BR\",\"@id\":\"https:\/\/agenciainfra.com\/blog\/#\/schema\/logo\/image\/\",\"url\":\"https:\/\/agenciainfra.com\/blog\/wp-content\/uploads\/2023\/09\/iNFRA_5-e1761735885940.png\",\"contentUrl\":\"https:\/\/agenciainfra.com\/blog\/wp-content\/uploads\/2023\/09\/iNFRA_5-e1761735885940.png\",\"width\":1672,\"height\":454,\"caption\":\"Ag\u00eancia iNFRA\"},\"image\":{\"@id\":\"https:\/\/agenciainfra.com\/blog\/#\/schema\/logo\/image\/\"},\"sameAs\":[\"https:\/\/www.facebook.com\/ageninfra\",\"https:\/\/x.com\/agencia_infra\",\"https:\/\/www.linkedin.com\/company\/ag\u00eanciainfra\/\",\"https:\/\/www.instagram.com\/agenciainfra\/\"]},{\"@type\":\"Person\",\"@id\":\"https:\/\/agenciainfra.com\/blog\/#\/schema\/person\/04dbb79bd6d8951f063da71f3e4c1eb1\",\"name\":\"Rodrigo Zuquim\",\"image\":{\"@type\":\"ImageObject\",\"inLanguage\":\"pt-BR\",\"@id\":\"https:\/\/agenciainfra.com\/blog\/#\/schema\/person\/image\/\",\"url\":\"https:\/\/secure.gravatar.com\/avatar\/594abfe82761d620726242ff34ca472a705a4b97f16c790053a6b4c4035274d0?s=96&d=mm&r=g\",\"contentUrl\":\"https:\/\/secure.gravatar.com\/avatar\/594abfe82761d620726242ff34ca472a705a4b97f16c790053a6b4c4035274d0?s=96&d=mm&r=g\",\"caption\":\"Rodrigo Zuquim\"},\"url\":\"https:\/\/agenciainfra.com\/blog\/author\/rodrigo-zuquim\/\"}]}<\/script>\n<!-- \/ Yoast SEO Premium plugin. -->","yoast_head_json":{"title":"Cen\u00e1rio do novo PNL eleva a 36% peso da ferrovia na matriz de transportes em 2035 - Ag\u00eancia iNFRA","robots":{"index":"index","follow":"follow","max-snippet":"max-snippet:-1","max-image-preview":"max-image-preview:large","max-video-preview":"max-video-preview:-1"},"canonical":"https:\/\/agenciainfra.com\/blog\/cenario-do-novo-pnl-eleva-a-36-peso-da-ferrovia-na-matriz-de-transportes-em-2035\/","og_locale":"pt_BR","og_type":"article","og_title":"Cen\u00e1rio do novo PNL eleva a 36% peso da ferrovia na matriz de transportes em 2035","og_description":"Dimmi Amora, da\u00a0Ag\u00eancia iNFRA O PNL (Plano Nacional de Log\u00edstica) 2035, colocado em audi\u00eancia p\u00fablica na \u00faltima ter\u00e7a-feira (30), prev\u00ea cen\u00e1rios em que o transporte ferrovi\u00e1rio\u00a0poder\u00e1 chegar a representar at\u00e9 35% das cargas transportadas, em volume, no pa\u00eds na pr\u00f3xima d\u00e9cada. A proposta ficar\u00e1 em consulta p\u00fablica pelos pr\u00f3ximos 30 dias, aberta a receber contribui\u00e7\u00f5es [&hellip;]","og_url":"https:\/\/agenciainfra.com\/blog\/cenario-do-novo-pnl-eleva-a-36-peso-da-ferrovia-na-matriz-de-transportes-em-2035\/","og_site_name":"Ag\u00eancia iNFRA","article_publisher":"https:\/\/www.facebook.com\/ageninfra","article_published_time":"2021-04-05T11:00:00+00:00","og_image":[{"width":1280,"height":852,"url":"https:\/\/agenciainfra.com\/blog\/wp-content\/uploads\/2021\/04\/ferrovia-norte-sul-foto-alberto-ruy-minfra.jpeg","type":"image\/jpeg"}],"author":"Rodrigo Zuquim","twitter_card":"summary_large_image","twitter_creator":"@agencia_infra","twitter_site":"@agencia_infra","twitter_misc":{"Escrito por":"Rodrigo Zuquim","Est. tempo de leitura":"6 minutos"},"schema":{"@context":"https:\/\/schema.org","@graph":[{"@type":"Article","@id":"https:\/\/agenciainfra.com\/blog\/cenario-do-novo-pnl-eleva-a-36-peso-da-ferrovia-na-matriz-de-transportes-em-2035\/#article","isPartOf":{"@id":"https:\/\/agenciainfra.com\/blog\/cenario-do-novo-pnl-eleva-a-36-peso-da-ferrovia-na-matriz-de-transportes-em-2035\/"},"author":{"name":"Rodrigo Zuquim","@id":"https:\/\/agenciainfra.com\/blog\/#\/schema\/person\/04dbb79bd6d8951f063da71f3e4c1eb1"},"headline":"Cen\u00e1rio do novo PNL eleva a 36% peso da ferrovia na matriz de transportes em 2035","datePublished":"2021-04-05T11:00:00+00:00","mainEntityOfPage":{"@id":"https:\/\/agenciainfra.com\/blog\/cenario-do-novo-pnl-eleva-a-36-peso-da-ferrovia-na-matriz-de-transportes-em-2035\/"},"wordCount":1138,"publisher":{"@id":"https:\/\/agenciainfra.com\/blog\/#organization"},"image":{"@id":"https:\/\/agenciainfra.com\/blog\/cenario-do-novo-pnl-eleva-a-36-peso-da-ferrovia-na-matriz-de-transportes-em-2035\/#primaryimage"},"thumbnailUrl":"https:\/\/agenciainfra.com\/blog\/wp-content\/uploads\/2021\/04\/ferrovia-norte-sul-foto-alberto-ruy-minfra.jpeg","keywords":["Arthur Pinho de Lima","BR do Mar","BR-319\/AM","BR-364\/RO","cabotagem","caminh\u00f5es","cargas","cont\u00eaineres","demanda","Empresa de Planejamento e Log\u00edstica","EPL","Ferrogr\u00e3o","Ferrovia","Infraestrutura","Investimentos","log\u00edstica","metodologia","Minist\u00e9rio da Infraestrutura","Plano Nacional de Log\u00edstica","PNL 2035","PPI","Programa de Parcerias de Investimentos","rodovias","Tarc\u00edsio de Freitas","terminais hidrovi\u00e1rios","transportes","ve\u00edculos el\u00e9tricos"],"articleSection":["Geral","iNFRATransporte"],"inLanguage":"pt-BR","copyrightYear":"2021","copyrightHolder":{"@id":"https:\/\/agenciainfra.com\/blog\/#organization"}},{"@type":"WebPage","@id":"https:\/\/agenciainfra.com\/blog\/cenario-do-novo-pnl-eleva-a-36-peso-da-ferrovia-na-matriz-de-transportes-em-2035\/","url":"https:\/\/agenciainfra.com\/blog\/cenario-do-novo-pnl-eleva-a-36-peso-da-ferrovia-na-matriz-de-transportes-em-2035\/","name":"Cen\u00e1rio do novo PNL eleva a 36% peso da ferrovia na matriz de transportes em 2035 - Ag\u00eancia iNFRA","isPartOf":{"@id":"https:\/\/agenciainfra.com\/blog\/#website"},"primaryImageOfPage":{"@id":"https:\/\/agenciainfra.com\/blog\/cenario-do-novo-pnl-eleva-a-36-peso-da-ferrovia-na-matriz-de-transportes-em-2035\/#primaryimage"},"image":{"@id":"https:\/\/agenciainfra.com\/blog\/cenario-do-novo-pnl-eleva-a-36-peso-da-ferrovia-na-matriz-de-transportes-em-2035\/#primaryimage"},"thumbnailUrl":"https:\/\/agenciainfra.com\/blog\/wp-content\/uploads\/2021\/04\/ferrovia-norte-sul-foto-alberto-ruy-minfra.jpeg","datePublished":"2021-04-05T11:00:00+00:00","breadcrumb":{"@id":"https:\/\/agenciainfra.com\/blog\/cenario-do-novo-pnl-eleva-a-36-peso-da-ferrovia-na-matriz-de-transportes-em-2035\/#breadcrumb"},"inLanguage":"pt-BR","potentialAction":[{"@type":"ReadAction","target":["https:\/\/agenciainfra.com\/blog\/cenario-do-novo-pnl-eleva-a-36-peso-da-ferrovia-na-matriz-de-transportes-em-2035\/"]}]},{"@type":"ImageObject","inLanguage":"pt-BR","@id":"https:\/\/agenciainfra.com\/blog\/cenario-do-novo-pnl-eleva-a-36-peso-da-ferrovia-na-matriz-de-transportes-em-2035\/#primaryimage","url":"https:\/\/agenciainfra.com\/blog\/wp-content\/uploads\/2021\/04\/ferrovia-norte-sul-foto-alberto-ruy-minfra.jpeg","contentUrl":"https:\/\/agenciainfra.com\/blog\/wp-content\/uploads\/2021\/04\/ferrovia-norte-sul-foto-alberto-ruy-minfra.jpeg","width":1280,"height":852,"caption":"Foto: Alberto Ruy\/Minfra"},{"@type":"BreadcrumbList","@id":"https:\/\/agenciainfra.com\/blog\/cenario-do-novo-pnl-eleva-a-36-peso-da-ferrovia-na-matriz-de-transportes-em-2035\/#breadcrumb","itemListElement":[{"@type":"ListItem","position":1,"name":"In\u00edcio","item":"https:\/\/agenciainfra.com\/blog\/"},{"@type":"ListItem","position":2,"name":"Cen\u00e1rio do novo PNL eleva a 36% peso da ferrovia na matriz de transportes em 2035"}]},{"@type":"WebSite","@id":"https:\/\/agenciainfra.com\/blog\/#website","url":"https:\/\/agenciainfra.com\/blog\/","name":"Ag\u00eancia iNFRA","description":"Multiplataforma de informa\u00e7\u00e3o jornal\u00edstica refer\u00eancia na \u00e1rea de infraestrutura no Brasil!","publisher":{"@id":"https:\/\/agenciainfra.com\/blog\/#organization"},"potentialAction":[{"@type":"SearchAction","target":{"@type":"EntryPoint","urlTemplate":"https:\/\/agenciainfra.com\/blog\/?s={search_term_string}"},"query-input":{"@type":"PropertyValueSpecification","valueRequired":true,"valueName":"search_term_string"}}],"inLanguage":"pt-BR"},{"@type":"Organization","@id":"https:\/\/agenciainfra.com\/blog\/#organization","name":"Ag\u00eancia iNFRA","url":"https:\/\/agenciainfra.com\/blog\/","logo":{"@type":"ImageObject","inLanguage":"pt-BR","@id":"https:\/\/agenciainfra.com\/blog\/#\/schema\/logo\/image\/","url":"https:\/\/agenciainfra.com\/blog\/wp-content\/uploads\/2023\/09\/iNFRA_5-e1761735885940.png","contentUrl":"https:\/\/agenciainfra.com\/blog\/wp-content\/uploads\/2023\/09\/iNFRA_5-e1761735885940.png","width":1672,"height":454,"caption":"Ag\u00eancia iNFRA"},"image":{"@id":"https:\/\/agenciainfra.com\/blog\/#\/schema\/logo\/image\/"},"sameAs":["https:\/\/www.facebook.com\/ageninfra","https:\/\/x.com\/agencia_infra","https:\/\/www.linkedin.com\/company\/ag\u00eanciainfra\/","https:\/\/www.instagram.com\/agenciainfra\/"]},{"@type":"Person","@id":"https:\/\/agenciainfra.com\/blog\/#\/schema\/person\/04dbb79bd6d8951f063da71f3e4c1eb1","name":"Rodrigo Zuquim","image":{"@type":"ImageObject","inLanguage":"pt-BR","@id":"https:\/\/agenciainfra.com\/blog\/#\/schema\/person\/image\/","url":"https:\/\/secure.gravatar.com\/avatar\/594abfe82761d620726242ff34ca472a705a4b97f16c790053a6b4c4035274d0?s=96&d=mm&r=g","contentUrl":"https:\/\/secure.gravatar.com\/avatar\/594abfe82761d620726242ff34ca472a705a4b97f16c790053a6b4c4035274d0?s=96&d=mm&r=g","caption":"Rodrigo Zuquim"},"url":"https:\/\/agenciainfra.com\/blog\/author\/rodrigo-zuquim\/"}]}},"_links":{"self":[{"href":"https:\/\/agenciainfra.com\/blog\/wp-json\/wp\/v2\/posts\/7046","targetHints":{"allow":["GET"]}}],"collection":[{"href":"https:\/\/agenciainfra.com\/blog\/wp-json\/wp\/v2\/posts"}],"about":[{"href":"https:\/\/agenciainfra.com\/blog\/wp-json\/wp\/v2\/types\/post"}],"author":[{"embeddable":true,"href":"https:\/\/agenciainfra.com\/blog\/wp-json\/wp\/v2\/users\/9"}],"replies":[{"embeddable":true,"href":"https:\/\/agenciainfra.com\/blog\/wp-json\/wp\/v2\/comments?post=7046"}],"version-history":[{"count":0,"href":"https:\/\/agenciainfra.com\/blog\/wp-json\/wp\/v2\/posts\/7046\/revisions"}],"wp:featuredmedia":[{"embeddable":true,"href":"https:\/\/agenciainfra.com\/blog\/wp-json\/wp\/v2\/media\/7047"}],"wp:attachment":[{"href":"https:\/\/agenciainfra.com\/blog\/wp-json\/wp\/v2\/media?parent=7046"}],"wp:term":[{"taxonomy":"category","embeddable":true,"href":"https:\/\/agenciainfra.com\/blog\/wp-json\/wp\/v2\/categories?post=7046"},{"taxonomy":"post_tag","embeddable":true,"href":"https:\/\/agenciainfra.com\/blog\/wp-json\/wp\/v2\/tags?post=7046"}],"curies":[{"name":"wp","href":"https:\/\/api.w.org\/{rel}","templated":true}]}}