{"id":7061,"date":"2021-04-07T08:00:00","date_gmt":"2021-04-07T11:00:00","guid":{"rendered":"https:\/\/www.agenciainfra.com\/blog\/?p=7061"},"modified":"2021-04-05T18:53:17","modified_gmt":"2021-04-05T21:53:17","slug":"porto-de-itaguai-prepara-plano-para-ser-base-para-gas-do-pre-sal","status":"publish","type":"post","link":"https:\/\/agenciainfra.com\/blog\/porto-de-itaguai-prepara-plano-para-ser-base-para-gas-do-pre-sal\/","title":{"rendered":"Porto de Itagua\u00ed prepara plano para ser base para g\u00e1s do pr\u00e9-sal"},"content":{"rendered":"\n<hr class=\"wp-block-separator\"\/>\n\n\n\n<p class=\"has-text-align-right\"><strong>Dimmi Amora, da Ag\u00eancia iNFRA<\/strong><\/p>\n\n\n\n<p>O Porto de Itagua\u00ed (RJ) lan\u00e7ou plano para buscar investimentos para implanta\u00e7\u00e3o de terminais de regaseifica\u00e7\u00e3o de GNL (g\u00e1s natural liquefeito)\u00a0para aproveitar a passagem do projeto de transporte de g\u00e1s da Bacia de Santos, a chamada Rota 4, e abrir o caminho para a implanta\u00e7\u00e3o de ind\u00fastrias na \u00e1rea de mais de 7 milh\u00f5es de metros quadrados de expans\u00e3o do porto.<br><br>O grande plano para o Porto de Itagua\u00ed, de acordo com o Plano de Neg\u00f3cios 2021 lan\u00e7ado pela CDRJ (Companhia Docas do Rio de Janeiro), respons\u00e1vel pelo porto,\u00a0\u00e9 capacitar a unidade para ser uma esp\u00e9cie de hub do Novo Mercado de G\u00e1s.\u00a0<br><br>A ideia \u00e9 destinar uma \u00e1rea de 1,1 milh\u00e3o de metros quadrados para o TGL (Terminal de Gran\u00e9is L\u00edquidos) do porto, que est\u00e1 em estudos pela EPL (Empresa de Planejamento e Log\u00edstica) do Minist\u00e9rio da Infraestrutura, com planejamento para entrar em opera\u00e7\u00e3o em 2024.<br><br>Segundo o diretor de\u00a0Rela\u00e7\u00f5es com o Mercado e Planejamento da CDRJ, Jean Paulo Castro e Silva, uma grande companhia privada fez um acordo com a CDRJ para apresentar um plano para atrair terminais de exporta\u00e7\u00e3o de g\u00e1s e a implanta\u00e7\u00e3o de uma UPGN (Unidade de Processamento de G\u00e1s Natural).<br><br>A ideia \u00e9, com essa unidade, potencializar a implanta\u00e7\u00e3o de ind\u00fastrias na regi\u00e3o e no Porto Organizado. E tamb\u00e9m criar terminais para FRSU\u00a0(Floating Storage Regasification Unit) que fariam a exporta\u00e7\u00e3o de g\u00e1s natural vindo da Bacia de Santos.<br><br>&#8220;Essa \u00e9 a grande oportunidade para o Porto de Itagua\u00ed cumprir a sua voca\u00e7\u00e3o de ser Porto Ind\u00fastria. Ele est\u00e1 numa \u00e1rea estrat\u00e9gica para a rota de g\u00e1s do pr\u00e9-sal e estamos elaborando um plano para trabalhar nessa \u00e1rea&#8221;, afirmou Castro, lembrando que j\u00e1 est\u00e1 trabalhando com o governo para conectar o porto ao projeto da Rota 4 do pr\u00e9-sal.<br><br>Al\u00e9m da explora\u00e7\u00e3o do g\u00e1s, a inten\u00e7\u00e3o da CDRJ tamb\u00e9m \u00e9 licitar uma \u00e1rea greenfield\u00a0entre os dois grandes terminais de min\u00e9rio que operam na regi\u00e3o, mas destinada a um outro tipo de carga, os fertilizantes.\u00a0<br><br>A ideia, segundo Castro, \u00e9 com o TGS II, com 224 mil metros quadrados, atrair tamb\u00e9m cargas de gran\u00e9is agr\u00edcolas para o porto. Os dois projetos est\u00e3o previstos para irem a mercado em 2023.<br><br><strong>D\u00e9cadas sem investimento<\/strong><br>Os portos do Rio de Janeiro est\u00e3o sem novos investimentos em terminais praticamente desde a d\u00e9cada de 1990. Na semana passada, a CDRJ apresentou seu plano de expans\u00e3o para licitar novas \u00e1reas, que ser\u00e1 particularmente forte na \u00e1rea de l\u00edquidos.<br><br>O Plano de Neg\u00f3cios 2021 da CDRJ (Companhia Docas do Rio de Janeiro) prev\u00ea estudos para que o Porto do Rio de Janeiro ganhe uma \u00e1rea de expans\u00e3o na Ilha da Pondeba, que seria ocupada para um terminal de l\u00edquidos. O plano est\u00e1 dispon\u00edvel neste\u00a0<a rel=\"noreferrer noopener\" href=\"https:\/\/agenciainfra.us14.list-manage.com\/track\/click?u=d460dd1bcf9ba0ae040e1fc0f&amp;id=94979d0b19&amp;e=c099169394\" target=\"_blank\">link<\/a>.<br><br>De acordo com o diretor, as primeiras a\u00e7\u00f5es do plano de desenvolvimento est\u00e3o focadas em encontrar solu\u00e7\u00e3o para problemas mais urgentes do porto, como a licita\u00e7\u00e3o de quatro \u00e1reas operacionais do Porto do Rio que est\u00e3o com contratos sustentados por liminares.<br><br>Entre elas, est\u00e1 uma \u00e1rea de apoio offshore da Petrobras, onde a empresa tem a maior base para sua opera\u00e7\u00e3o no estado. Al\u00e9m deles, h\u00e1 dois terminais de l\u00edquidos e um de movimenta\u00e7\u00e3o de zinco. Todos est\u00e3o em estudos pela EPL e devem ser licitados no in\u00edcio de 2022.<br><br>Um outro terminal de gran\u00e9is s\u00f3lidos em Itagua\u00ed, que est\u00e1 sem opera\u00e7\u00e3o desde 2012, tamb\u00e9m est\u00e1 na fila e deve ser feito no chamado modelo de arrendamento simplificado, ainda neste semestre.<br><br>Segundo Castro e Silva, entre a d\u00e9cada de 1990, ap\u00f3s a introdu\u00e7\u00e3o da Lei dos Portos, quando o governo licitou oito \u00e1reas que eram operadas pelas autoridades portu\u00e1rias, at\u00e9 hoje, apenas um novo terminal foi licitado no Rio de Janeiro, o Terminal de Trigo.<br><br>De acordo com os dados, 30% da \u00e1rea operacional do Porto do Rio de Janeiro est\u00e3o ociosos, e, no de Itagua\u00ed, o n\u00famero passa dos 70%.<br><br>Por isso, de acordo com Castro e Silva, foi necess\u00e1rio fazer um plano para a expans\u00e3o do porto, e a Ilha da Pondeba\u00a0foi a \u00e1rea escolhida para o crescimento do porto no Rio de Janeiro. Com 92 mil metros quadrados de \u00e1rea e a 500 metros do cais, ela pode ser expandida.<br><br>Os estudos iniciais indicaram a constru\u00e7\u00e3o de um terminal de gran\u00e9is l\u00edquidos de cerca de 80 mil metros quadrados na \u00e1rea, com investimentos estimados em R$ 155 milh\u00f5es. Segundo Castro, a ideia \u00e9 avan\u00e7ar com os estudos e ir atr\u00e1s de companhias que possam ter interesse em explorar a \u00e1rea.<\/p>\n","protected":false},"excerpt":{"rendered":"<p>Dimmi Amora, da Ag\u00eancia iNFRA O Porto de Itagua\u00ed (RJ) lan\u00e7ou plano para buscar investimentos para implanta\u00e7\u00e3o de terminais de regaseifica\u00e7\u00e3o de GNL (g\u00e1s natural liquefeito)\u00a0para aproveitar a passagem do projeto de transporte de g\u00e1s da Bacia de Santos, a chamada Rota 4, e abrir o caminho para a implanta\u00e7\u00e3o de ind\u00fastrias na \u00e1rea de [&hellip;]<\/p>\n","protected":false},"author":9,"featured_media":7063,"comment_status":"closed","ping_status":"closed","sticky":false,"template":"","format":"standard","meta":{"_monsterinsights_skip_tracking":false,"_monsterinsights_sitenote_active":false,"_monsterinsights_sitenote_note":"","_monsterinsights_sitenote_category":0,"footnotes":""},"categories":[1,10],"tags":[3927,1644,745,252,3352,3932,343,1784,1783,3936,3611,3934,32,2461,308,316,775,881,143,2247,344,2959,1654,3928,3930,3937,3929,3933,617,3931,3935],"class_list":["post-7061","post","type-post","status-publish","format-standard","has-post-thumbnail","hentry","category-geral","category-infraenergia","tag-bacia-de-santos","tag-cdrj","tag-empresa-de-planejamento-e-logistica","tag-epl","tag-fertilizantes","tag-frsu","tag-gas","tag-gas-natural-liquefeito","tag-gnl","tag-graneis-solidos","tag-greenfield","tag-ilha-da-pondeba","tag-investimentos","tag-jean-paulo-castro-e-silva","tag-lei-dos-portos","tag-licitacao","tag-ministerio-da-infraestrutura","tag-novo-mercado-de-gas","tag-petrobras","tag-porto-de-itaguai","tag-pre-sal","tag-regaseificacao","tag-rio-de-janeiro","tag-rota-4","tag-terminal-de-graneis-liquidos","tag-terminal-de-trigo","tag-tgl","tag-tgs-ii","tag-transporte","tag-upgn","tag-zinco"],"yoast_head":"<!-- This site is optimized with the Yoast SEO Premium plugin v25.4 (Yoast SEO v26.0) - https:\/\/yoast.com\/wordpress\/plugins\/seo\/ -->\n<title>Porto de Itagua\u00ed prepara plano para ser base para g\u00e1s do pr\u00e9-sal - Ag\u00eancia iNFRA<\/title>\n<meta name=\"robots\" content=\"index, follow, max-snippet:-1, max-image-preview:large, max-video-preview:-1\" \/>\n<link rel=\"canonical\" href=\"https:\/\/agenciainfra.com\/blog\/porto-de-itaguai-prepara-plano-para-ser-base-para-gas-do-pre-sal\/\" \/>\n<meta property=\"og:locale\" content=\"pt_BR\" \/>\n<meta property=\"og:type\" content=\"article\" \/>\n<meta property=\"og:title\" content=\"Porto de Itagua\u00ed prepara plano para ser base para g\u00e1s do pr\u00e9-sal\" \/>\n<meta property=\"og:description\" content=\"Dimmi Amora, da Ag\u00eancia iNFRA O Porto de Itagua\u00ed (RJ) lan\u00e7ou plano para buscar investimentos para implanta\u00e7\u00e3o de terminais de regaseifica\u00e7\u00e3o de GNL (g\u00e1s natural liquefeito)\u00a0para aproveitar a passagem do projeto de transporte de g\u00e1s da Bacia de Santos, a chamada Rota 4, e abrir o caminho para a implanta\u00e7\u00e3o de ind\u00fastrias na \u00e1rea de [&hellip;]\" \/>\n<meta property=\"og:url\" content=\"https:\/\/agenciainfra.com\/blog\/porto-de-itaguai-prepara-plano-para-ser-base-para-gas-do-pre-sal\/\" \/>\n<meta property=\"og:site_name\" content=\"Ag\u00eancia iNFRA\" \/>\n<meta property=\"article:publisher\" content=\"https:\/\/www.facebook.com\/ageninfra\" \/>\n<meta property=\"article:published_time\" content=\"2021-04-07T11:00:00+00:00\" \/>\n<meta property=\"og:image\" content=\"https:\/\/agenciainfra.com\/blog\/wp-content\/uploads\/2021\/04\/porto-itaguai-foto-prefeitura-municipal-itaguai.jpeg\" \/>\n\t<meta property=\"og:image:width\" content=\"1280\" \/>\n\t<meta property=\"og:image:height\" content=\"719\" \/>\n\t<meta property=\"og:image:type\" content=\"image\/jpeg\" \/>\n<meta name=\"author\" content=\"Rodrigo Zuquim\" \/>\n<meta name=\"twitter:card\" content=\"summary_large_image\" \/>\n<meta name=\"twitter:creator\" content=\"@agencia_infra\" \/>\n<meta name=\"twitter:site\" content=\"@agencia_infra\" \/>\n<meta name=\"twitter:label1\" content=\"Escrito por\" \/>\n\t<meta name=\"twitter:data1\" content=\"Rodrigo Zuquim\" \/>\n\t<meta name=\"twitter:label2\" content=\"Est. tempo de leitura\" \/>\n\t<meta name=\"twitter:data2\" content=\"4 minutos\" \/>\n<script type=\"application\/ld+json\" class=\"yoast-schema-graph\">{\"@context\":\"https:\/\/schema.org\",\"@graph\":[{\"@type\":\"Article\",\"@id\":\"https:\/\/agenciainfra.com\/blog\/porto-de-itaguai-prepara-plano-para-ser-base-para-gas-do-pre-sal\/#article\",\"isPartOf\":{\"@id\":\"https:\/\/agenciainfra.com\/blog\/porto-de-itaguai-prepara-plano-para-ser-base-para-gas-do-pre-sal\/\"},\"author\":{\"name\":\"Rodrigo Zuquim\",\"@id\":\"https:\/\/agenciainfra.com\/blog\/#\/schema\/person\/04dbb79bd6d8951f063da71f3e4c1eb1\"},\"headline\":\"Porto de Itagua\u00ed prepara plano para ser base para g\u00e1s do pr\u00e9-sal\",\"datePublished\":\"2021-04-07T11:00:00+00:00\",\"mainEntityOfPage\":{\"@id\":\"https:\/\/agenciainfra.com\/blog\/porto-de-itaguai-prepara-plano-para-ser-base-para-gas-do-pre-sal\/\"},\"wordCount\":831,\"publisher\":{\"@id\":\"https:\/\/agenciainfra.com\/blog\/#organization\"},\"image\":{\"@id\":\"https:\/\/agenciainfra.com\/blog\/porto-de-itaguai-prepara-plano-para-ser-base-para-gas-do-pre-sal\/#primaryimage\"},\"thumbnailUrl\":\"https:\/\/agenciainfra.com\/blog\/wp-content\/uploads\/2021\/04\/porto-itaguai-foto-prefeitura-municipal-itaguai.jpeg\",\"keywords\":[\"Bacia de Santos\",\"CDRJ\",\"Empresa de Planejamento e Log\u00edstica\",\"EPL\",\"fertilizantes\",\"FRSU\",\"g\u00e1s\",\"g\u00e1s natural liquefeito\",\"GNL\",\"gran\u00e9is s\u00f3lidos\",\"greenfield\",\"Ilha da Pondeba\",\"Investimentos\",\"Jean Paulo Castro e Silva\",\"Lei dos Portos\",\"licita\u00e7\u00e3o\",\"Minist\u00e9rio da Infraestrutura\",\"Novo Mercado de G\u00e1s\",\"Petrobras\",\"Porto de Itagua\u00ed\",\"pr\u00e9-sal\",\"regaseifica\u00e7\u00e3o\",\"Rio de Janeiro\",\"Rota 4\",\"Terminal de Gran\u00e9is L\u00edquidos\",\"Terminal de Trigo\",\"TGL\",\"TGS II\",\"transporte\",\"UPGN\",\"zinco\"],\"articleSection\":[\"Geral\",\"iNFRAEnergia\"],\"inLanguage\":\"pt-BR\",\"copyrightYear\":\"2021\",\"copyrightHolder\":{\"@id\":\"https:\/\/agenciainfra.com\/blog\/#organization\"}},{\"@type\":\"WebPage\",\"@id\":\"https:\/\/agenciainfra.com\/blog\/porto-de-itaguai-prepara-plano-para-ser-base-para-gas-do-pre-sal\/\",\"url\":\"https:\/\/agenciainfra.com\/blog\/porto-de-itaguai-prepara-plano-para-ser-base-para-gas-do-pre-sal\/\",\"name\":\"Porto de Itagua\u00ed prepara plano para ser base para g\u00e1s do pr\u00e9-sal - Ag\u00eancia iNFRA\",\"isPartOf\":{\"@id\":\"https:\/\/agenciainfra.com\/blog\/#website\"},\"primaryImageOfPage\":{\"@id\":\"https:\/\/agenciainfra.com\/blog\/porto-de-itaguai-prepara-plano-para-ser-base-para-gas-do-pre-sal\/#primaryimage\"},\"image\":{\"@id\":\"https:\/\/agenciainfra.com\/blog\/porto-de-itaguai-prepara-plano-para-ser-base-para-gas-do-pre-sal\/#primaryimage\"},\"thumbnailUrl\":\"https:\/\/agenciainfra.com\/blog\/wp-content\/uploads\/2021\/04\/porto-itaguai-foto-prefeitura-municipal-itaguai.jpeg\",\"datePublished\":\"2021-04-07T11:00:00+00:00\",\"breadcrumb\":{\"@id\":\"https:\/\/agenciainfra.com\/blog\/porto-de-itaguai-prepara-plano-para-ser-base-para-gas-do-pre-sal\/#breadcrumb\"},\"inLanguage\":\"pt-BR\",\"potentialAction\":[{\"@type\":\"ReadAction\",\"target\":[\"https:\/\/agenciainfra.com\/blog\/porto-de-itaguai-prepara-plano-para-ser-base-para-gas-do-pre-sal\/\"]}]},{\"@type\":\"ImageObject\",\"inLanguage\":\"pt-BR\",\"@id\":\"https:\/\/agenciainfra.com\/blog\/porto-de-itaguai-prepara-plano-para-ser-base-para-gas-do-pre-sal\/#primaryimage\",\"url\":\"https:\/\/agenciainfra.com\/blog\/wp-content\/uploads\/2021\/04\/porto-itaguai-foto-prefeitura-municipal-itaguai.jpeg\",\"contentUrl\":\"https:\/\/agenciainfra.com\/blog\/wp-content\/uploads\/2021\/04\/porto-itaguai-foto-prefeitura-municipal-itaguai.jpeg\",\"width\":1280,\"height\":719},{\"@type\":\"BreadcrumbList\",\"@id\":\"https:\/\/agenciainfra.com\/blog\/porto-de-itaguai-prepara-plano-para-ser-base-para-gas-do-pre-sal\/#breadcrumb\",\"itemListElement\":[{\"@type\":\"ListItem\",\"position\":1,\"name\":\"In\u00edcio\",\"item\":\"https:\/\/agenciainfra.com\/blog\/\"},{\"@type\":\"ListItem\",\"position\":2,\"name\":\"Porto de Itagua\u00ed prepara plano para ser base para g\u00e1s do pr\u00e9-sal\"}]},{\"@type\":\"WebSite\",\"@id\":\"https:\/\/agenciainfra.com\/blog\/#website\",\"url\":\"https:\/\/agenciainfra.com\/blog\/\",\"name\":\"Ag\u00eancia iNFRA\",\"description\":\"Multiplataforma de informa\u00e7\u00e3o jornal\u00edstica refer\u00eancia na \u00e1rea de infraestrutura no Brasil!\",\"publisher\":{\"@id\":\"https:\/\/agenciainfra.com\/blog\/#organization\"},\"potentialAction\":[{\"@type\":\"SearchAction\",\"target\":{\"@type\":\"EntryPoint\",\"urlTemplate\":\"https:\/\/agenciainfra.com\/blog\/?s={search_term_string}\"},\"query-input\":{\"@type\":\"PropertyValueSpecification\",\"valueRequired\":true,\"valueName\":\"search_term_string\"}}],\"inLanguage\":\"pt-BR\"},{\"@type\":\"Organization\",\"@id\":\"https:\/\/agenciainfra.com\/blog\/#organization\",\"name\":\"Ag\u00eancia iNFRA\",\"url\":\"https:\/\/agenciainfra.com\/blog\/\",\"logo\":{\"@type\":\"ImageObject\",\"inLanguage\":\"pt-BR\",\"@id\":\"https:\/\/agenciainfra.com\/blog\/#\/schema\/logo\/image\/\",\"url\":\"https:\/\/agenciainfra.com\/blog\/wp-content\/uploads\/2023\/09\/iNFRA_5-e1761735885940.png\",\"contentUrl\":\"https:\/\/agenciainfra.com\/blog\/wp-content\/uploads\/2023\/09\/iNFRA_5-e1761735885940.png\",\"width\":1672,\"height\":454,\"caption\":\"Ag\u00eancia iNFRA\"},\"image\":{\"@id\":\"https:\/\/agenciainfra.com\/blog\/#\/schema\/logo\/image\/\"},\"sameAs\":[\"https:\/\/www.facebook.com\/ageninfra\",\"https:\/\/x.com\/agencia_infra\",\"https:\/\/www.linkedin.com\/company\/ag\u00eanciainfra\/\",\"https:\/\/www.instagram.com\/agenciainfra\/\"]},{\"@type\":\"Person\",\"@id\":\"https:\/\/agenciainfra.com\/blog\/#\/schema\/person\/04dbb79bd6d8951f063da71f3e4c1eb1\",\"name\":\"Rodrigo Zuquim\",\"image\":{\"@type\":\"ImageObject\",\"inLanguage\":\"pt-BR\",\"@id\":\"https:\/\/agenciainfra.com\/blog\/#\/schema\/person\/image\/\",\"url\":\"https:\/\/secure.gravatar.com\/avatar\/594abfe82761d620726242ff34ca472a705a4b97f16c790053a6b4c4035274d0?s=96&d=mm&r=g\",\"contentUrl\":\"https:\/\/secure.gravatar.com\/avatar\/594abfe82761d620726242ff34ca472a705a4b97f16c790053a6b4c4035274d0?s=96&d=mm&r=g\",\"caption\":\"Rodrigo Zuquim\"},\"url\":\"https:\/\/agenciainfra.com\/blog\/author\/rodrigo-zuquim\/\"}]}<\/script>\n<!-- \/ Yoast SEO Premium plugin. -->","yoast_head_json":{"title":"Porto de Itagua\u00ed prepara plano para ser base para g\u00e1s do pr\u00e9-sal - Ag\u00eancia iNFRA","robots":{"index":"index","follow":"follow","max-snippet":"max-snippet:-1","max-image-preview":"max-image-preview:large","max-video-preview":"max-video-preview:-1"},"canonical":"https:\/\/agenciainfra.com\/blog\/porto-de-itaguai-prepara-plano-para-ser-base-para-gas-do-pre-sal\/","og_locale":"pt_BR","og_type":"article","og_title":"Porto de Itagua\u00ed prepara plano para ser base para g\u00e1s do pr\u00e9-sal","og_description":"Dimmi Amora, da Ag\u00eancia iNFRA O Porto de Itagua\u00ed (RJ) lan\u00e7ou plano para buscar investimentos para implanta\u00e7\u00e3o de terminais de regaseifica\u00e7\u00e3o de GNL (g\u00e1s natural liquefeito)\u00a0para aproveitar a passagem do projeto de transporte de g\u00e1s da Bacia de Santos, a chamada Rota 4, e abrir o caminho para a implanta\u00e7\u00e3o de ind\u00fastrias na \u00e1rea de [&hellip;]","og_url":"https:\/\/agenciainfra.com\/blog\/porto-de-itaguai-prepara-plano-para-ser-base-para-gas-do-pre-sal\/","og_site_name":"Ag\u00eancia iNFRA","article_publisher":"https:\/\/www.facebook.com\/ageninfra","article_published_time":"2021-04-07T11:00:00+00:00","og_image":[{"width":1280,"height":719,"url":"https:\/\/agenciainfra.com\/blog\/wp-content\/uploads\/2021\/04\/porto-itaguai-foto-prefeitura-municipal-itaguai.jpeg","type":"image\/jpeg"}],"author":"Rodrigo Zuquim","twitter_card":"summary_large_image","twitter_creator":"@agencia_infra","twitter_site":"@agencia_infra","twitter_misc":{"Escrito por":"Rodrigo Zuquim","Est. tempo de leitura":"4 minutos"},"schema":{"@context":"https:\/\/schema.org","@graph":[{"@type":"Article","@id":"https:\/\/agenciainfra.com\/blog\/porto-de-itaguai-prepara-plano-para-ser-base-para-gas-do-pre-sal\/#article","isPartOf":{"@id":"https:\/\/agenciainfra.com\/blog\/porto-de-itaguai-prepara-plano-para-ser-base-para-gas-do-pre-sal\/"},"author":{"name":"Rodrigo Zuquim","@id":"https:\/\/agenciainfra.com\/blog\/#\/schema\/person\/04dbb79bd6d8951f063da71f3e4c1eb1"},"headline":"Porto de Itagua\u00ed prepara plano para ser base para g\u00e1s do pr\u00e9-sal","datePublished":"2021-04-07T11:00:00+00:00","mainEntityOfPage":{"@id":"https:\/\/agenciainfra.com\/blog\/porto-de-itaguai-prepara-plano-para-ser-base-para-gas-do-pre-sal\/"},"wordCount":831,"publisher":{"@id":"https:\/\/agenciainfra.com\/blog\/#organization"},"image":{"@id":"https:\/\/agenciainfra.com\/blog\/porto-de-itaguai-prepara-plano-para-ser-base-para-gas-do-pre-sal\/#primaryimage"},"thumbnailUrl":"https:\/\/agenciainfra.com\/blog\/wp-content\/uploads\/2021\/04\/porto-itaguai-foto-prefeitura-municipal-itaguai.jpeg","keywords":["Bacia de Santos","CDRJ","Empresa de Planejamento e Log\u00edstica","EPL","fertilizantes","FRSU","g\u00e1s","g\u00e1s natural liquefeito","GNL","gran\u00e9is s\u00f3lidos","greenfield","Ilha da Pondeba","Investimentos","Jean Paulo Castro e Silva","Lei dos Portos","licita\u00e7\u00e3o","Minist\u00e9rio da Infraestrutura","Novo Mercado de G\u00e1s","Petrobras","Porto de Itagua\u00ed","pr\u00e9-sal","regaseifica\u00e7\u00e3o","Rio de Janeiro","Rota 4","Terminal de Gran\u00e9is L\u00edquidos","Terminal de Trigo","TGL","TGS II","transporte","UPGN","zinco"],"articleSection":["Geral","iNFRAEnergia"],"inLanguage":"pt-BR","copyrightYear":"2021","copyrightHolder":{"@id":"https:\/\/agenciainfra.com\/blog\/#organization"}},{"@type":"WebPage","@id":"https:\/\/agenciainfra.com\/blog\/porto-de-itaguai-prepara-plano-para-ser-base-para-gas-do-pre-sal\/","url":"https:\/\/agenciainfra.com\/blog\/porto-de-itaguai-prepara-plano-para-ser-base-para-gas-do-pre-sal\/","name":"Porto de Itagua\u00ed prepara plano para ser base para g\u00e1s do pr\u00e9-sal - Ag\u00eancia iNFRA","isPartOf":{"@id":"https:\/\/agenciainfra.com\/blog\/#website"},"primaryImageOfPage":{"@id":"https:\/\/agenciainfra.com\/blog\/porto-de-itaguai-prepara-plano-para-ser-base-para-gas-do-pre-sal\/#primaryimage"},"image":{"@id":"https:\/\/agenciainfra.com\/blog\/porto-de-itaguai-prepara-plano-para-ser-base-para-gas-do-pre-sal\/#primaryimage"},"thumbnailUrl":"https:\/\/agenciainfra.com\/blog\/wp-content\/uploads\/2021\/04\/porto-itaguai-foto-prefeitura-municipal-itaguai.jpeg","datePublished":"2021-04-07T11:00:00+00:00","breadcrumb":{"@id":"https:\/\/agenciainfra.com\/blog\/porto-de-itaguai-prepara-plano-para-ser-base-para-gas-do-pre-sal\/#breadcrumb"},"inLanguage":"pt-BR","potentialAction":[{"@type":"ReadAction","target":["https:\/\/agenciainfra.com\/blog\/porto-de-itaguai-prepara-plano-para-ser-base-para-gas-do-pre-sal\/"]}]},{"@type":"ImageObject","inLanguage":"pt-BR","@id":"https:\/\/agenciainfra.com\/blog\/porto-de-itaguai-prepara-plano-para-ser-base-para-gas-do-pre-sal\/#primaryimage","url":"https:\/\/agenciainfra.com\/blog\/wp-content\/uploads\/2021\/04\/porto-itaguai-foto-prefeitura-municipal-itaguai.jpeg","contentUrl":"https:\/\/agenciainfra.com\/blog\/wp-content\/uploads\/2021\/04\/porto-itaguai-foto-prefeitura-municipal-itaguai.jpeg","width":1280,"height":719},{"@type":"BreadcrumbList","@id":"https:\/\/agenciainfra.com\/blog\/porto-de-itaguai-prepara-plano-para-ser-base-para-gas-do-pre-sal\/#breadcrumb","itemListElement":[{"@type":"ListItem","position":1,"name":"In\u00edcio","item":"https:\/\/agenciainfra.com\/blog\/"},{"@type":"ListItem","position":2,"name":"Porto de Itagua\u00ed prepara plano para ser base para g\u00e1s do pr\u00e9-sal"}]},{"@type":"WebSite","@id":"https:\/\/agenciainfra.com\/blog\/#website","url":"https:\/\/agenciainfra.com\/blog\/","name":"Ag\u00eancia iNFRA","description":"Multiplataforma de informa\u00e7\u00e3o jornal\u00edstica refer\u00eancia na \u00e1rea de infraestrutura no Brasil!","publisher":{"@id":"https:\/\/agenciainfra.com\/blog\/#organization"},"potentialAction":[{"@type":"SearchAction","target":{"@type":"EntryPoint","urlTemplate":"https:\/\/agenciainfra.com\/blog\/?s={search_term_string}"},"query-input":{"@type":"PropertyValueSpecification","valueRequired":true,"valueName":"search_term_string"}}],"inLanguage":"pt-BR"},{"@type":"Organization","@id":"https:\/\/agenciainfra.com\/blog\/#organization","name":"Ag\u00eancia iNFRA","url":"https:\/\/agenciainfra.com\/blog\/","logo":{"@type":"ImageObject","inLanguage":"pt-BR","@id":"https:\/\/agenciainfra.com\/blog\/#\/schema\/logo\/image\/","url":"https:\/\/agenciainfra.com\/blog\/wp-content\/uploads\/2023\/09\/iNFRA_5-e1761735885940.png","contentUrl":"https:\/\/agenciainfra.com\/blog\/wp-content\/uploads\/2023\/09\/iNFRA_5-e1761735885940.png","width":1672,"height":454,"caption":"Ag\u00eancia iNFRA"},"image":{"@id":"https:\/\/agenciainfra.com\/blog\/#\/schema\/logo\/image\/"},"sameAs":["https:\/\/www.facebook.com\/ageninfra","https:\/\/x.com\/agencia_infra","https:\/\/www.linkedin.com\/company\/ag\u00eanciainfra\/","https:\/\/www.instagram.com\/agenciainfra\/"]},{"@type":"Person","@id":"https:\/\/agenciainfra.com\/blog\/#\/schema\/person\/04dbb79bd6d8951f063da71f3e4c1eb1","name":"Rodrigo Zuquim","image":{"@type":"ImageObject","inLanguage":"pt-BR","@id":"https:\/\/agenciainfra.com\/blog\/#\/schema\/person\/image\/","url":"https:\/\/secure.gravatar.com\/avatar\/594abfe82761d620726242ff34ca472a705a4b97f16c790053a6b4c4035274d0?s=96&d=mm&r=g","contentUrl":"https:\/\/secure.gravatar.com\/avatar\/594abfe82761d620726242ff34ca472a705a4b97f16c790053a6b4c4035274d0?s=96&d=mm&r=g","caption":"Rodrigo Zuquim"},"url":"https:\/\/agenciainfra.com\/blog\/author\/rodrigo-zuquim\/"}]}},"_links":{"self":[{"href":"https:\/\/agenciainfra.com\/blog\/wp-json\/wp\/v2\/posts\/7061","targetHints":{"allow":["GET"]}}],"collection":[{"href":"https:\/\/agenciainfra.com\/blog\/wp-json\/wp\/v2\/posts"}],"about":[{"href":"https:\/\/agenciainfra.com\/blog\/wp-json\/wp\/v2\/types\/post"}],"author":[{"embeddable":true,"href":"https:\/\/agenciainfra.com\/blog\/wp-json\/wp\/v2\/users\/9"}],"replies":[{"embeddable":true,"href":"https:\/\/agenciainfra.com\/blog\/wp-json\/wp\/v2\/comments?post=7061"}],"version-history":[{"count":0,"href":"https:\/\/agenciainfra.com\/blog\/wp-json\/wp\/v2\/posts\/7061\/revisions"}],"wp:featuredmedia":[{"embeddable":true,"href":"https:\/\/agenciainfra.com\/blog\/wp-json\/wp\/v2\/media\/7063"}],"wp:attachment":[{"href":"https:\/\/agenciainfra.com\/blog\/wp-json\/wp\/v2\/media?parent=7061"}],"wp:term":[{"taxonomy":"category","embeddable":true,"href":"https:\/\/agenciainfra.com\/blog\/wp-json\/wp\/v2\/categories?post=7061"},{"taxonomy":"post_tag","embeddable":true,"href":"https:\/\/agenciainfra.com\/blog\/wp-json\/wp\/v2\/tags?post=7061"}],"curies":[{"name":"wp","href":"https:\/\/api.w.org\/{rel}","templated":true}]}}