{"id":7087,"date":"2021-04-09T08:00:00","date_gmt":"2021-04-09T11:00:00","guid":{"rendered":"https:\/\/www.agenciainfra.com\/blog\/?p=7087"},"modified":"2021-04-09T07:18:41","modified_gmt":"2021-04-09T10:18:41","slug":"tendencia-e-que-preco-do-gas-natural-se-mantenha-em-elevacao-em-2021-dizem-especialistas","status":"publish","type":"post","link":"https:\/\/agenciainfra.com\/blog\/tendencia-e-que-preco-do-gas-natural-se-mantenha-em-elevacao-em-2021-dizem-especialistas\/","title":{"rendered":"Tend\u00eancia \u00e9 que pre\u00e7o do g\u00e1s natural se mantenha em eleva\u00e7\u00e3o em 2021, dizem especialistas"},"content":{"rendered":"\n<hr class=\"wp-block-separator\"\/>\n\n\n\n<p class=\"has-text-align-right\"><strong>Nestor Rabello, da Ag\u00eancia iNFRA<\/strong><\/p>\n\n\n\n<p>O pre\u00e7o do g\u00e1s natural no pa\u00eds deve continuar pressionado neste ano, acompanhando os pre\u00e7os das commodities no cen\u00e1rio externo, em um contexto de recupera\u00e7\u00e3o da economia global com a vacina\u00e7\u00e3o.<br><br>A estimativa\u00a0\u00e9 que seja registrada\u00a0uma alta de 47,6% em R$\/m\u00b3 (reais por metros c\u00fabicos), em m\u00e9dia, no pre\u00e7o do g\u00e1s natural em 2021, segundo levantamento do CBIE (Centro Brasileiro de Infraestrutura), feito a pedido da<strong>\u00a0Ag\u00eancia iNFRA<\/strong>.<br><br>A\u00a0proje\u00e7\u00e3o j\u00e1 leva em conta o reajuste de 39%, em R$\/m\u00b3 anunciado na \u00faltima segunda-feira (5) pela Petrobras. Em nota, a estatal informou que a alta ocorre diante do aumento do pre\u00e7o do petr\u00f3leo e ap\u00f3s uma redu\u00e7\u00e3o acumulada de 35% nos pre\u00e7os do g\u00e1s natural no ano passado.\u00a0<br><br>A Petrobras corrige os pre\u00e7os do g\u00e1s natural a cada tr\u00eas meses. &#8220;Para os meses de maio, junho e julho, a refer\u00eancia s\u00e3o os pre\u00e7os dos meses de janeiro, fevereiro e mar\u00e7o. Durante esse per\u00edodo, o petr\u00f3leo teve alta de 38%, seguindo a tend\u00eancia de alta das commodities globais. Al\u00e9m disso, os pre\u00e7os dom\u00e9sticos das commodities tiveram alta devido \u00e0 desvaloriza\u00e7\u00e3o do real&#8221;,\u00a0<a rel=\"noreferrer noopener\" href=\"https:\/\/agenciainfra.us14.list-manage.com\/track\/click?u=d460dd1bcf9ba0ae040e1fc0f&amp;id=b197335738&amp;e=c099169394\" target=\"_blank\">disse<\/a>\u00a0a estatal.<\/p>\n\n\n\n<p><strong>Press\u00e3o mantida<\/strong><br>Para o\u00a0diretor da\u00a0CBIE Advisory, Bruno Pascon, a alta nos pre\u00e7os do insumo reflete o\u00a0aquecimento no pre\u00e7o das commodities no cen\u00e1rio internacional. Segundo ele, o\u00a0pre\u00e7o do barril do petr\u00f3leo teve uma escalada ap\u00f3s ter sofrido redu\u00e7\u00e3o provocada pela pandemia \u2013 o barril\u00a0chegou a ser negociado a cerca de US$ 20,00 e hoje\u00a0\u00e9 vendido a US$ 62,00.<br><br>\u201cSe olharmos o pre\u00e7o m\u00e9dio do petr\u00f3leo em 2019, ele tamb\u00e9m ficou na faixa de US$ 63,00. Conseguimos verificar que, mesmo com a pandemia n\u00e3o estando sob controle, h\u00e1 uma tend\u00eancia de aquecimento nos pre\u00e7os das commodities. O consumo desses produtos vem aumentando e esse cen\u00e1rio deve se manter ao longo deste ano\u201d, disse o especialista.<br><br>O mercado brasileiro,\u00a0aponta Pascon, \u00e9 sens\u00edvel aos movimentos do cen\u00e1rio externo, como tamb\u00e9m ao\u00a0c\u00e2mbio, al\u00e9m do\u00a0pre\u00e7o do petr\u00f3leo Brent. Portanto, a tend\u00eancia pode ser alterada ao longo do ano, principalmente se houver um recrudescimento da pandemia em n\u00edvel global.<br><br>\u201cO contraponto para isso \u00e9 em fun\u00e7\u00e3o da terceira onda da pandemia. Vemos novas cepas mais contagiosas e que t\u00eam impactado bastante as popula\u00e7\u00f5es, mesmo em pa\u00edses onde se espera cen\u00e1rio de maior normalidade, como na Europa [&#8230;]. Se essas novas cepas ocasionarem uma revis\u00e3o para baixo das perspectivas globais, as commodities ter\u00e3o pre\u00e7os menores do que o observado at\u00e9 agora\u201d, ressalvou. \u00a0<br><br><strong>\u2018Aumento inoportuno\u2019<\/strong><br>Para as distribuidoras do g\u00e1s canalizado, a perspectiva de aumento nos pre\u00e7os \u00e9\u00a0um entrave \u00e0 recupera\u00e7\u00e3o da economia brasileira neste ano, segundo o\u00a0diretor de Estrat\u00e9gia e Mercado da Abeg\u00e1s (Associa\u00e7\u00e3o Brasileira das Empresas Distribuidoras de G\u00e1s Canalizado), Marcelo Mendon\u00e7a.<br><br>\u201cEstamos num momento de pandemia. Estamos passando por um per\u00edodo de recupera\u00e7\u00e3o econ\u00f4mica. E o aumento do pre\u00e7o do\u00a0g\u00e1s vai atrapalhar. Atrapalha todo setor produtivo, a ind\u00fastria, o setor terci\u00e1rio, a mobilidade urbana [&#8230;]. Este aumento acontece em um momento muito inoportuno\u201d, disse Mendon\u00e7a \u00e0\u00a0<strong>Ag\u00eancia iNFRA<\/strong>.<br><br>Para ele, o reajuste j\u00e1 anunciado para os pr\u00f3ximos meses pode, inclusive, afetar o desenvolvimento do mercado de g\u00e1s no pa\u00eds. Mendon\u00e7a acrescenta ainda que o Brasil, por ter um cronograma lento de vacina\u00e7\u00e3o, fica mais vulner\u00e1vel em rela\u00e7\u00e3o \u00e0s\u00a0demais economias. \u201cA consequ\u00eancia disso \u00e9 que o Brasil estar\u00e1 \u2018pagando\u2019 parte desse custo da recupera\u00e7\u00e3o econ\u00f4mica mundial, em raz\u00e3o dos atrasos [na vacina\u00e7\u00e3o] que estamos tendo.\u201d<br><br><strong>Na contram\u00e3o<\/strong><br>O horizonte desenhado pelos analistas vai no sentido contr\u00e1rio a uma das principais bandeiras do governo, que esperava poder reduzir o pre\u00e7o do g\u00e1s em 40% a partir da Nova Lei do G\u00e1s (<a rel=\"noreferrer noopener\" href=\"https:\/\/agenciainfra.us14.list-manage.com\/track\/click?u=d460dd1bcf9ba0ae040e1fc0f&amp;id=d5a271cb61&amp;e=c099169394\" target=\"_blank\">PL 4.476\/2020<\/a>). O projeto foi sancionado hoje (9) pelo presidente Jair Bolsonaro, mas \u00e9 considerado insuficiente para promover a queda esperada pelo governo.<br><br>\u201cComo todos os mercados globais, o pre\u00e7o refletido no mercado brasileiro, se continuar a refletir como deve a paridade internacional, n\u00e3o \u00e9 o mercado brasileiro que a gente vai definir. N\u00e3o \u00e9 a lei do g\u00e1s que vai, na pr\u00e1tica, fazer com que imediatamente o pre\u00e7o caia. Eles seguem as tend\u00eancias de pre\u00e7os globais\u201d, disse Pascon.\u00a0<\/p>\n","protected":false},"excerpt":{"rendered":"<p>Nestor Rabello, da Ag\u00eancia iNFRA O pre\u00e7o do g\u00e1s natural no pa\u00eds deve continuar pressionado neste ano, acompanhando os pre\u00e7os das commodities no cen\u00e1rio externo, em um contexto de recupera\u00e7\u00e3o da economia global com a vacina\u00e7\u00e3o. A estimativa\u00a0\u00e9 que seja registrada\u00a0uma alta de 47,6% em R$\/m\u00b3 (reais por metros c\u00fabicos), em m\u00e9dia, no pre\u00e7o do [&hellip;]<\/p>\n","protected":false},"author":9,"featured_media":7088,"comment_status":"closed","ping_status":"closed","sticky":false,"template":"","format":"standard","meta":{"_monsterinsights_skip_tracking":false,"_monsterinsights_sitenote_active":false,"_monsterinsights_sitenote_note":"","_monsterinsights_sitenote_category":0,"footnotes":""},"categories":[1,10],"tags":[1150,3961,1879,907,1880,3959,731,3713,882,368,2405,2162,1010,1936,143,213,2674,3742,3960],"class_list":["post-7087","post","type-post","status-publish","format-standard","has-post-thumbnail","hentry","category-geral","category-infraenergia","tag-abegas","tag-brent","tag-bruno-pascon","tag-cbie","tag-centro-brasileiro-de-infraestrutura","tag-commodities","tag-economia","tag-gas-canalizado","tag-gas-natural","tag-industria","tag-marcelo-mendonca","tag-mobilidade-urbana","tag-nova-lei-do-gas","tag-pandemia","tag-petrobras","tag-petroleo","tag-pl-4-476-2020","tag-setor-produtivo","tag-vacinacao"],"yoast_head":"<!-- This site is optimized with the Yoast SEO Premium plugin v25.4 (Yoast SEO v26.0) - https:\/\/yoast.com\/wordpress\/plugins\/seo\/ -->\n<title>Tend\u00eancia \u00e9 que pre\u00e7o do g\u00e1s natural se mantenha em eleva\u00e7\u00e3o em 2021, dizem especialistas - Ag\u00eancia iNFRA<\/title>\n<meta name=\"robots\" content=\"index, follow, max-snippet:-1, max-image-preview:large, max-video-preview:-1\" \/>\n<link rel=\"canonical\" href=\"https:\/\/agenciainfra.com\/blog\/tendencia-e-que-preco-do-gas-natural-se-mantenha-em-elevacao-em-2021-dizem-especialistas\/\" \/>\n<meta property=\"og:locale\" content=\"pt_BR\" \/>\n<meta property=\"og:type\" content=\"article\" \/>\n<meta property=\"og:title\" content=\"Tend\u00eancia \u00e9 que pre\u00e7o do g\u00e1s natural se mantenha em eleva\u00e7\u00e3o em 2021, dizem especialistas\" \/>\n<meta property=\"og:description\" content=\"Nestor Rabello, da Ag\u00eancia iNFRA O pre\u00e7o do g\u00e1s natural no pa\u00eds deve continuar pressionado neste ano, acompanhando os pre\u00e7os das commodities no cen\u00e1rio externo, em um contexto de recupera\u00e7\u00e3o da economia global com a vacina\u00e7\u00e3o. A estimativa\u00a0\u00e9 que seja registrada\u00a0uma alta de 47,6% em R$\/m\u00b3 (reais por metros c\u00fabicos), em m\u00e9dia, no pre\u00e7o do [&hellip;]\" \/>\n<meta property=\"og:url\" content=\"https:\/\/agenciainfra.com\/blog\/tendencia-e-que-preco-do-gas-natural-se-mantenha-em-elevacao-em-2021-dizem-especialistas\/\" \/>\n<meta property=\"og:site_name\" content=\"Ag\u00eancia iNFRA\" \/>\n<meta property=\"article:publisher\" content=\"https:\/\/www.facebook.com\/ageninfra\" \/>\n<meta property=\"article:published_time\" content=\"2021-04-09T11:00:00+00:00\" \/>\n<meta property=\"og:image\" content=\"https:\/\/agenciainfra.com\/blog\/wp-content\/uploads\/2021\/04\/gas-natural-foto-agencia-brasil.png\" \/>\n\t<meta property=\"og:image:width\" content=\"1280\" \/>\n\t<meta property=\"og:image:height\" content=\"678\" \/>\n\t<meta property=\"og:image:type\" content=\"image\/png\" \/>\n<meta name=\"author\" content=\"Rodrigo Zuquim\" \/>\n<meta name=\"twitter:card\" content=\"summary_large_image\" \/>\n<meta name=\"twitter:creator\" content=\"@agencia_infra\" \/>\n<meta name=\"twitter:site\" content=\"@agencia_infra\" \/>\n<meta name=\"twitter:label1\" content=\"Escrito por\" \/>\n\t<meta name=\"twitter:data1\" content=\"Rodrigo Zuquim\" \/>\n\t<meta name=\"twitter:label2\" content=\"Est. tempo de leitura\" \/>\n\t<meta name=\"twitter:data2\" content=\"4 minutos\" \/>\n<script type=\"application\/ld+json\" class=\"yoast-schema-graph\">{\"@context\":\"https:\/\/schema.org\",\"@graph\":[{\"@type\":\"Article\",\"@id\":\"https:\/\/agenciainfra.com\/blog\/tendencia-e-que-preco-do-gas-natural-se-mantenha-em-elevacao-em-2021-dizem-especialistas\/#article\",\"isPartOf\":{\"@id\":\"https:\/\/agenciainfra.com\/blog\/tendencia-e-que-preco-do-gas-natural-se-mantenha-em-elevacao-em-2021-dizem-especialistas\/\"},\"author\":{\"name\":\"Rodrigo Zuquim\",\"@id\":\"https:\/\/agenciainfra.com\/blog\/#\/schema\/person\/04dbb79bd6d8951f063da71f3e4c1eb1\"},\"headline\":\"Tend\u00eancia \u00e9 que pre\u00e7o do g\u00e1s natural se mantenha em eleva\u00e7\u00e3o em 2021, dizem especialistas\",\"datePublished\":\"2021-04-09T11:00:00+00:00\",\"mainEntityOfPage\":{\"@id\":\"https:\/\/agenciainfra.com\/blog\/tendencia-e-que-preco-do-gas-natural-se-mantenha-em-elevacao-em-2021-dizem-especialistas\/\"},\"wordCount\":786,\"publisher\":{\"@id\":\"https:\/\/agenciainfra.com\/blog\/#organization\"},\"image\":{\"@id\":\"https:\/\/agenciainfra.com\/blog\/tendencia-e-que-preco-do-gas-natural-se-mantenha-em-elevacao-em-2021-dizem-especialistas\/#primaryimage\"},\"thumbnailUrl\":\"https:\/\/agenciainfra.com\/blog\/wp-content\/uploads\/2021\/04\/gas-natural-foto-agencia-brasil.png\",\"keywords\":[\"Abeg\u00e1s\",\"Brent\",\"Bruno Pascon\",\"CBIE\",\"Centro Brasileiro de Infraestrutura\",\"commodities\",\"economia\",\"g\u00e1s canalizado\",\"g\u00e1s natural\",\"ind\u00fastria\",\"Marcelo Mendon\u00e7a\",\"mobilidade urbana\",\"nova Lei do G\u00e1s\",\"pandemia\",\"Petrobras\",\"petr\u00f3leo\",\"PL 4.476\/2020\",\"setor produtivo\",\"vacina\u00e7\u00e3o\"],\"articleSection\":[\"Geral\",\"iNFRAEnergia\"],\"inLanguage\":\"pt-BR\",\"copyrightYear\":\"2021\",\"copyrightHolder\":{\"@id\":\"https:\/\/agenciainfra.com\/blog\/#organization\"}},{\"@type\":\"WebPage\",\"@id\":\"https:\/\/agenciainfra.com\/blog\/tendencia-e-que-preco-do-gas-natural-se-mantenha-em-elevacao-em-2021-dizem-especialistas\/\",\"url\":\"https:\/\/agenciainfra.com\/blog\/tendencia-e-que-preco-do-gas-natural-se-mantenha-em-elevacao-em-2021-dizem-especialistas\/\",\"name\":\"Tend\u00eancia \u00e9 que pre\u00e7o do g\u00e1s natural se mantenha em eleva\u00e7\u00e3o em 2021, dizem especialistas - Ag\u00eancia iNFRA\",\"isPartOf\":{\"@id\":\"https:\/\/agenciainfra.com\/blog\/#website\"},\"primaryImageOfPage\":{\"@id\":\"https:\/\/agenciainfra.com\/blog\/tendencia-e-que-preco-do-gas-natural-se-mantenha-em-elevacao-em-2021-dizem-especialistas\/#primaryimage\"},\"image\":{\"@id\":\"https:\/\/agenciainfra.com\/blog\/tendencia-e-que-preco-do-gas-natural-se-mantenha-em-elevacao-em-2021-dizem-especialistas\/#primaryimage\"},\"thumbnailUrl\":\"https:\/\/agenciainfra.com\/blog\/wp-content\/uploads\/2021\/04\/gas-natural-foto-agencia-brasil.png\",\"datePublished\":\"2021-04-09T11:00:00+00:00\",\"breadcrumb\":{\"@id\":\"https:\/\/agenciainfra.com\/blog\/tendencia-e-que-preco-do-gas-natural-se-mantenha-em-elevacao-em-2021-dizem-especialistas\/#breadcrumb\"},\"inLanguage\":\"pt-BR\",\"potentialAction\":[{\"@type\":\"ReadAction\",\"target\":[\"https:\/\/agenciainfra.com\/blog\/tendencia-e-que-preco-do-gas-natural-se-mantenha-em-elevacao-em-2021-dizem-especialistas\/\"]}]},{\"@type\":\"ImageObject\",\"inLanguage\":\"pt-BR\",\"@id\":\"https:\/\/agenciainfra.com\/blog\/tendencia-e-que-preco-do-gas-natural-se-mantenha-em-elevacao-em-2021-dizem-especialistas\/#primaryimage\",\"url\":\"https:\/\/agenciainfra.com\/blog\/wp-content\/uploads\/2021\/04\/gas-natural-foto-agencia-brasil.png\",\"contentUrl\":\"https:\/\/agenciainfra.com\/blog\/wp-content\/uploads\/2021\/04\/gas-natural-foto-agencia-brasil.png\",\"width\":1280,\"height\":678,\"caption\":\"Foto: Ag\u00eancia Brasil\"},{\"@type\":\"BreadcrumbList\",\"@id\":\"https:\/\/agenciainfra.com\/blog\/tendencia-e-que-preco-do-gas-natural-se-mantenha-em-elevacao-em-2021-dizem-especialistas\/#breadcrumb\",\"itemListElement\":[{\"@type\":\"ListItem\",\"position\":1,\"name\":\"In\u00edcio\",\"item\":\"https:\/\/agenciainfra.com\/blog\/\"},{\"@type\":\"ListItem\",\"position\":2,\"name\":\"Tend\u00eancia \u00e9 que pre\u00e7o do g\u00e1s natural se mantenha em eleva\u00e7\u00e3o em 2021, dizem especialistas\"}]},{\"@type\":\"WebSite\",\"@id\":\"https:\/\/agenciainfra.com\/blog\/#website\",\"url\":\"https:\/\/agenciainfra.com\/blog\/\",\"name\":\"Ag\u00eancia iNFRA\",\"description\":\"Multiplataforma de informa\u00e7\u00e3o jornal\u00edstica refer\u00eancia na \u00e1rea de infraestrutura no Brasil!\",\"publisher\":{\"@id\":\"https:\/\/agenciainfra.com\/blog\/#organization\"},\"potentialAction\":[{\"@type\":\"SearchAction\",\"target\":{\"@type\":\"EntryPoint\",\"urlTemplate\":\"https:\/\/agenciainfra.com\/blog\/?s={search_term_string}\"},\"query-input\":{\"@type\":\"PropertyValueSpecification\",\"valueRequired\":true,\"valueName\":\"search_term_string\"}}],\"inLanguage\":\"pt-BR\"},{\"@type\":\"Organization\",\"@id\":\"https:\/\/agenciainfra.com\/blog\/#organization\",\"name\":\"Ag\u00eancia iNFRA\",\"url\":\"https:\/\/agenciainfra.com\/blog\/\",\"logo\":{\"@type\":\"ImageObject\",\"inLanguage\":\"pt-BR\",\"@id\":\"https:\/\/agenciainfra.com\/blog\/#\/schema\/logo\/image\/\",\"url\":\"https:\/\/agenciainfra.com\/blog\/wp-content\/uploads\/2023\/09\/iNFRA_5-e1761735885940.png\",\"contentUrl\":\"https:\/\/agenciainfra.com\/blog\/wp-content\/uploads\/2023\/09\/iNFRA_5-e1761735885940.png\",\"width\":1672,\"height\":454,\"caption\":\"Ag\u00eancia iNFRA\"},\"image\":{\"@id\":\"https:\/\/agenciainfra.com\/blog\/#\/schema\/logo\/image\/\"},\"sameAs\":[\"https:\/\/www.facebook.com\/ageninfra\",\"https:\/\/x.com\/agencia_infra\",\"https:\/\/www.linkedin.com\/company\/ag\u00eanciainfra\/\",\"https:\/\/www.instagram.com\/agenciainfra\/\"]},{\"@type\":\"Person\",\"@id\":\"https:\/\/agenciainfra.com\/blog\/#\/schema\/person\/04dbb79bd6d8951f063da71f3e4c1eb1\",\"name\":\"Rodrigo Zuquim\",\"image\":{\"@type\":\"ImageObject\",\"inLanguage\":\"pt-BR\",\"@id\":\"https:\/\/agenciainfra.com\/blog\/#\/schema\/person\/image\/\",\"url\":\"https:\/\/secure.gravatar.com\/avatar\/594abfe82761d620726242ff34ca472a705a4b97f16c790053a6b4c4035274d0?s=96&d=mm&r=g\",\"contentUrl\":\"https:\/\/secure.gravatar.com\/avatar\/594abfe82761d620726242ff34ca472a705a4b97f16c790053a6b4c4035274d0?s=96&d=mm&r=g\",\"caption\":\"Rodrigo Zuquim\"},\"url\":\"https:\/\/agenciainfra.com\/blog\/author\/rodrigo-zuquim\/\"}]}<\/script>\n<!-- \/ Yoast SEO Premium plugin. -->","yoast_head_json":{"title":"Tend\u00eancia \u00e9 que pre\u00e7o do g\u00e1s natural se mantenha em eleva\u00e7\u00e3o em 2021, dizem especialistas - Ag\u00eancia iNFRA","robots":{"index":"index","follow":"follow","max-snippet":"max-snippet:-1","max-image-preview":"max-image-preview:large","max-video-preview":"max-video-preview:-1"},"canonical":"https:\/\/agenciainfra.com\/blog\/tendencia-e-que-preco-do-gas-natural-se-mantenha-em-elevacao-em-2021-dizem-especialistas\/","og_locale":"pt_BR","og_type":"article","og_title":"Tend\u00eancia \u00e9 que pre\u00e7o do g\u00e1s natural se mantenha em eleva\u00e7\u00e3o em 2021, dizem especialistas","og_description":"Nestor Rabello, da Ag\u00eancia iNFRA O pre\u00e7o do g\u00e1s natural no pa\u00eds deve continuar pressionado neste ano, acompanhando os pre\u00e7os das commodities no cen\u00e1rio externo, em um contexto de recupera\u00e7\u00e3o da economia global com a vacina\u00e7\u00e3o. A estimativa\u00a0\u00e9 que seja registrada\u00a0uma alta de 47,6% em R$\/m\u00b3 (reais por metros c\u00fabicos), em m\u00e9dia, no pre\u00e7o do [&hellip;]","og_url":"https:\/\/agenciainfra.com\/blog\/tendencia-e-que-preco-do-gas-natural-se-mantenha-em-elevacao-em-2021-dizem-especialistas\/","og_site_name":"Ag\u00eancia iNFRA","article_publisher":"https:\/\/www.facebook.com\/ageninfra","article_published_time":"2021-04-09T11:00:00+00:00","og_image":[{"width":1280,"height":678,"url":"https:\/\/agenciainfra.com\/blog\/wp-content\/uploads\/2021\/04\/gas-natural-foto-agencia-brasil.png","type":"image\/png"}],"author":"Rodrigo Zuquim","twitter_card":"summary_large_image","twitter_creator":"@agencia_infra","twitter_site":"@agencia_infra","twitter_misc":{"Escrito por":"Rodrigo Zuquim","Est. tempo de leitura":"4 minutos"},"schema":{"@context":"https:\/\/schema.org","@graph":[{"@type":"Article","@id":"https:\/\/agenciainfra.com\/blog\/tendencia-e-que-preco-do-gas-natural-se-mantenha-em-elevacao-em-2021-dizem-especialistas\/#article","isPartOf":{"@id":"https:\/\/agenciainfra.com\/blog\/tendencia-e-que-preco-do-gas-natural-se-mantenha-em-elevacao-em-2021-dizem-especialistas\/"},"author":{"name":"Rodrigo Zuquim","@id":"https:\/\/agenciainfra.com\/blog\/#\/schema\/person\/04dbb79bd6d8951f063da71f3e4c1eb1"},"headline":"Tend\u00eancia \u00e9 que pre\u00e7o do g\u00e1s natural se mantenha em eleva\u00e7\u00e3o em 2021, dizem especialistas","datePublished":"2021-04-09T11:00:00+00:00","mainEntityOfPage":{"@id":"https:\/\/agenciainfra.com\/blog\/tendencia-e-que-preco-do-gas-natural-se-mantenha-em-elevacao-em-2021-dizem-especialistas\/"},"wordCount":786,"publisher":{"@id":"https:\/\/agenciainfra.com\/blog\/#organization"},"image":{"@id":"https:\/\/agenciainfra.com\/blog\/tendencia-e-que-preco-do-gas-natural-se-mantenha-em-elevacao-em-2021-dizem-especialistas\/#primaryimage"},"thumbnailUrl":"https:\/\/agenciainfra.com\/blog\/wp-content\/uploads\/2021\/04\/gas-natural-foto-agencia-brasil.png","keywords":["Abeg\u00e1s","Brent","Bruno Pascon","CBIE","Centro Brasileiro de Infraestrutura","commodities","economia","g\u00e1s canalizado","g\u00e1s natural","ind\u00fastria","Marcelo Mendon\u00e7a","mobilidade urbana","nova Lei do G\u00e1s","pandemia","Petrobras","petr\u00f3leo","PL 4.476\/2020","setor produtivo","vacina\u00e7\u00e3o"],"articleSection":["Geral","iNFRAEnergia"],"inLanguage":"pt-BR","copyrightYear":"2021","copyrightHolder":{"@id":"https:\/\/agenciainfra.com\/blog\/#organization"}},{"@type":"WebPage","@id":"https:\/\/agenciainfra.com\/blog\/tendencia-e-que-preco-do-gas-natural-se-mantenha-em-elevacao-em-2021-dizem-especialistas\/","url":"https:\/\/agenciainfra.com\/blog\/tendencia-e-que-preco-do-gas-natural-se-mantenha-em-elevacao-em-2021-dizem-especialistas\/","name":"Tend\u00eancia \u00e9 que pre\u00e7o do g\u00e1s natural se mantenha em eleva\u00e7\u00e3o em 2021, dizem especialistas - Ag\u00eancia iNFRA","isPartOf":{"@id":"https:\/\/agenciainfra.com\/blog\/#website"},"primaryImageOfPage":{"@id":"https:\/\/agenciainfra.com\/blog\/tendencia-e-que-preco-do-gas-natural-se-mantenha-em-elevacao-em-2021-dizem-especialistas\/#primaryimage"},"image":{"@id":"https:\/\/agenciainfra.com\/blog\/tendencia-e-que-preco-do-gas-natural-se-mantenha-em-elevacao-em-2021-dizem-especialistas\/#primaryimage"},"thumbnailUrl":"https:\/\/agenciainfra.com\/blog\/wp-content\/uploads\/2021\/04\/gas-natural-foto-agencia-brasil.png","datePublished":"2021-04-09T11:00:00+00:00","breadcrumb":{"@id":"https:\/\/agenciainfra.com\/blog\/tendencia-e-que-preco-do-gas-natural-se-mantenha-em-elevacao-em-2021-dizem-especialistas\/#breadcrumb"},"inLanguage":"pt-BR","potentialAction":[{"@type":"ReadAction","target":["https:\/\/agenciainfra.com\/blog\/tendencia-e-que-preco-do-gas-natural-se-mantenha-em-elevacao-em-2021-dizem-especialistas\/"]}]},{"@type":"ImageObject","inLanguage":"pt-BR","@id":"https:\/\/agenciainfra.com\/blog\/tendencia-e-que-preco-do-gas-natural-se-mantenha-em-elevacao-em-2021-dizem-especialistas\/#primaryimage","url":"https:\/\/agenciainfra.com\/blog\/wp-content\/uploads\/2021\/04\/gas-natural-foto-agencia-brasil.png","contentUrl":"https:\/\/agenciainfra.com\/blog\/wp-content\/uploads\/2021\/04\/gas-natural-foto-agencia-brasil.png","width":1280,"height":678,"caption":"Foto: Ag\u00eancia Brasil"},{"@type":"BreadcrumbList","@id":"https:\/\/agenciainfra.com\/blog\/tendencia-e-que-preco-do-gas-natural-se-mantenha-em-elevacao-em-2021-dizem-especialistas\/#breadcrumb","itemListElement":[{"@type":"ListItem","position":1,"name":"In\u00edcio","item":"https:\/\/agenciainfra.com\/blog\/"},{"@type":"ListItem","position":2,"name":"Tend\u00eancia \u00e9 que pre\u00e7o do g\u00e1s natural se mantenha em eleva\u00e7\u00e3o em 2021, dizem especialistas"}]},{"@type":"WebSite","@id":"https:\/\/agenciainfra.com\/blog\/#website","url":"https:\/\/agenciainfra.com\/blog\/","name":"Ag\u00eancia iNFRA","description":"Multiplataforma de informa\u00e7\u00e3o jornal\u00edstica refer\u00eancia na \u00e1rea de infraestrutura no Brasil!","publisher":{"@id":"https:\/\/agenciainfra.com\/blog\/#organization"},"potentialAction":[{"@type":"SearchAction","target":{"@type":"EntryPoint","urlTemplate":"https:\/\/agenciainfra.com\/blog\/?s={search_term_string}"},"query-input":{"@type":"PropertyValueSpecification","valueRequired":true,"valueName":"search_term_string"}}],"inLanguage":"pt-BR"},{"@type":"Organization","@id":"https:\/\/agenciainfra.com\/blog\/#organization","name":"Ag\u00eancia iNFRA","url":"https:\/\/agenciainfra.com\/blog\/","logo":{"@type":"ImageObject","inLanguage":"pt-BR","@id":"https:\/\/agenciainfra.com\/blog\/#\/schema\/logo\/image\/","url":"https:\/\/agenciainfra.com\/blog\/wp-content\/uploads\/2023\/09\/iNFRA_5-e1761735885940.png","contentUrl":"https:\/\/agenciainfra.com\/blog\/wp-content\/uploads\/2023\/09\/iNFRA_5-e1761735885940.png","width":1672,"height":454,"caption":"Ag\u00eancia iNFRA"},"image":{"@id":"https:\/\/agenciainfra.com\/blog\/#\/schema\/logo\/image\/"},"sameAs":["https:\/\/www.facebook.com\/ageninfra","https:\/\/x.com\/agencia_infra","https:\/\/www.linkedin.com\/company\/ag\u00eanciainfra\/","https:\/\/www.instagram.com\/agenciainfra\/"]},{"@type":"Person","@id":"https:\/\/agenciainfra.com\/blog\/#\/schema\/person\/04dbb79bd6d8951f063da71f3e4c1eb1","name":"Rodrigo Zuquim","image":{"@type":"ImageObject","inLanguage":"pt-BR","@id":"https:\/\/agenciainfra.com\/blog\/#\/schema\/person\/image\/","url":"https:\/\/secure.gravatar.com\/avatar\/594abfe82761d620726242ff34ca472a705a4b97f16c790053a6b4c4035274d0?s=96&d=mm&r=g","contentUrl":"https:\/\/secure.gravatar.com\/avatar\/594abfe82761d620726242ff34ca472a705a4b97f16c790053a6b4c4035274d0?s=96&d=mm&r=g","caption":"Rodrigo Zuquim"},"url":"https:\/\/agenciainfra.com\/blog\/author\/rodrigo-zuquim\/"}]}},"_links":{"self":[{"href":"https:\/\/agenciainfra.com\/blog\/wp-json\/wp\/v2\/posts\/7087","targetHints":{"allow":["GET"]}}],"collection":[{"href":"https:\/\/agenciainfra.com\/blog\/wp-json\/wp\/v2\/posts"}],"about":[{"href":"https:\/\/agenciainfra.com\/blog\/wp-json\/wp\/v2\/types\/post"}],"author":[{"embeddable":true,"href":"https:\/\/agenciainfra.com\/blog\/wp-json\/wp\/v2\/users\/9"}],"replies":[{"embeddable":true,"href":"https:\/\/agenciainfra.com\/blog\/wp-json\/wp\/v2\/comments?post=7087"}],"version-history":[{"count":0,"href":"https:\/\/agenciainfra.com\/blog\/wp-json\/wp\/v2\/posts\/7087\/revisions"}],"wp:featuredmedia":[{"embeddable":true,"href":"https:\/\/agenciainfra.com\/blog\/wp-json\/wp\/v2\/media\/7088"}],"wp:attachment":[{"href":"https:\/\/agenciainfra.com\/blog\/wp-json\/wp\/v2\/media?parent=7087"}],"wp:term":[{"taxonomy":"category","embeddable":true,"href":"https:\/\/agenciainfra.com\/blog\/wp-json\/wp\/v2\/categories?post=7087"},{"taxonomy":"post_tag","embeddable":true,"href":"https:\/\/agenciainfra.com\/blog\/wp-json\/wp\/v2\/tags?post=7087"}],"curies":[{"name":"wp","href":"https:\/\/api.w.org\/{rel}","templated":true}]}}