{"id":7090,"date":"2021-04-12T08:00:00","date_gmt":"2021-04-12T11:00:00","guid":{"rendered":"https:\/\/www.agenciainfra.com\/blog\/?p=7090"},"modified":"2021-04-09T10:49:45","modified_gmt":"2021-04-09T13:49:45","slug":"vice-presidente-da-camara-lidera-movimento-de-oposicao-ao-pl-de-geracao-distribuida","status":"publish","type":"post","link":"https:\/\/agenciainfra.com\/blog\/vice-presidente-da-camara-lidera-movimento-de-oposicao-ao-pl-de-geracao-distribuida\/","title":{"rendered":"Vice-presidente da C\u00e2mara lidera movimento de oposi\u00e7\u00e3o ao PL de Gera\u00e7\u00e3o Distribu\u00edda"},"content":{"rendered":"\n<hr class=\"wp-block-separator\"\/>\n\n\n\n<p class=\"has-text-align-right\"><strong>Nestor Rabello e Leila Coimbra, da Ag\u00eancia iNFRA<\/strong><\/p>\n\n\n\n<p>O vice-presidente da C\u00e2mara dos Deputados, deputado Marcelo Ramos (PL-AM), est\u00e1 empenhado para evitar a aprova\u00e7\u00e3o do\u00a0projeto de gera\u00e7\u00e3o distribu\u00edda (<a rel=\"noreferrer noopener\" href=\"https:\/\/agenciainfra.us14.list-manage.com\/track\/click?u=d460dd1bcf9ba0ae040e1fc0f&amp;id=9feaeebe2e&amp;e=c099169394\" target=\"_blank\">PL 5.829\/2019<\/a>), nos moldes propostos pelo relator Lafayette de Andrada (Republicanos-MG), e disse que vai buscar reacender o debate em oposi\u00e7\u00e3o\u00a0ao substitutivo.<br><br>&#8220;O meu objetivo \u00e9 chamar esse debate \u00e0 ordem. Esse debate est\u00e1 contaminado por um falso discurso de taxar o sol [&#8230;]. Na ter\u00e7a-feira [13], farei um discurso sobre isso na tribuna. Tenho certeza que serei ouvido por muitos deputados, at\u00e9 para demarcar o outro campo da discuss\u00e3o&#8221;, disse o deputado \u00e0\u00a0<strong>Ag\u00eancia iNFRA<\/strong>.<br><br>Ramos disse ainda que pretende &#8220;for\u00e7ar&#8221; um debate aberto sobre o substitutivo de Andrada,\u00a0em resposta \u00e0 reuni\u00e3o interna que ser\u00e1 feita pela CME (Comiss\u00e3o de Minas e Energia), nesta semana, para realizar ajustes finais \u00e0 proposta. &#8220;Eu vou for\u00e7ar para que tenha uma reuni\u00e3o aberta. Esse debate precisa ser aberto&#8221;, disse.<br><br><strong>Sem subs\u00eddios<\/strong><br>L\u00edder do movimento de\u00a0oposi\u00e7\u00e3o ao texto de Lafayette, Ramos deu in\u00edcio a uma ofensiva contra o substitutivo nos \u00faltimos dias. O\u00a0deputado amazonense protocolou um\u00a0<a rel=\"noreferrer noopener\" href=\"https:\/\/agenciainfra.us14.list-manage.com\/track\/click?u=d460dd1bcf9ba0ae040e1fc0f&amp;id=5d9b47683f&amp;e=c099169394\" target=\"_blank\">requerimento<\/a>\u00a0para que seja apensado, ao texto atual, um projeto de sua autoria que prev\u00ea o fim dos descontos no fio atualmente dados ao segmento (<a rel=\"noreferrer noopener\" href=\"https:\/\/agenciainfra.us14.list-manage.com\/track\/click?u=d460dd1bcf9ba0ae040e1fc0f&amp;id=7f86f8eec8&amp;e=c099169394\" target=\"_blank\">PL 616\/2020<\/a>), conforme havia\u00a0<a rel=\"noreferrer noopener\" href=\"https:\/\/agenciainfra.us14.list-manage.com\/track\/click?u=d460dd1bcf9ba0ae040e1fc0f&amp;id=efb11804f2&amp;e=c099169394\" target=\"_blank\">adiantado<\/a>\u00a0\u00e0\u00a0<strong>Ag\u00eancia iNFRA<\/strong>.<br><br>Sua proposta prev\u00ea a cria\u00e7\u00e3o de\u00a0um subs\u00eddio direto para\u00a0gera\u00e7\u00e3o distribu\u00edda, mas voltado somente a consumidores de baixa renda, para que possam investir em pain\u00e9is fotovoltaicos e outras fontes renov\u00e1veis.\u00a0<br><br>Ao mesmo tempo, Ramos tamb\u00e9m apresentou\u00a0uma emenda ao substitutivo de Lafayette que pro\u00edbe \u201ca imposi\u00e7\u00e3o de custos sist\u00eamicos ou subs\u00eddios cruzados \u00e0 tarifa e aos demais consumidores\u201d.\u00a0<br><br>&#8220;Foram consolidando uma vers\u00e3o dessa hist\u00f3ria de &#8216;taxar sol&#8217;, e isso foi sendo\u00a0tomado como verdade.\u00a0Na verdade, o que est\u00e1 por tr\u00e1s dele [projeto] \u00e9 taxar o pobre para pagar parte da conta do rico&#8221;, disse Ramos, ao explicar sua atua\u00e7\u00e3o.<br><br><strong>Deputados acordam<\/strong><br>Importante\u00a0aliado do presidente da C\u00e2mara, Arthur Lira (PP-AL), Ramos se tornou um dos principais articuladores de um movimento que passou\u00a0a ganhar for\u00e7a na C\u00e2mara. Com o avan\u00e7o do tema, esses parlamentares questionam a manuten\u00e7\u00e3o dos subs\u00eddios ao segmento.<br><br>Esse grupo de deputados conta, inclusive, com o apoio da lideran\u00e7a do governo, tamb\u00e9m contr\u00e1rio ao projeto nos termos atuais. &#8220;Os parlamentares est\u00e3o sendo esclarecidos. Isso \u00e9 um debate muito t\u00e9cnico [&#8230;]. Com a quest\u00e3o dos subs\u00eddios, os deputados foram se convencendo. Ningu\u00e9m quer &#8216;taxar o sol&#8217;, mas ningu\u00e9m quer que o pobre pague pela conta do rico&#8221;, salientou.<br><br>Segundo fontes com conhecimento direto do assunto,\u00a0n\u00e3o h\u00e1 clima ou acordo para aprovar a mat\u00e9ria conforme a proposta relatada por Lafayette. O fortalecimento desse movimento de parlamentares serve como refor\u00e7o a essa\u00a0tend\u00eancia.<br><br><strong>Forte oposi\u00e7\u00e3o<\/strong><br>Ainda assim, Ramos aponta que Lira pode pautar o projeto para esta semana no plen\u00e1rio da C\u00e2mara. Se isso acontecer, alerta que haver\u00e1 forte obstru\u00e7\u00e3o.<br><br>&#8220;Ele [Lira] diz que vai colocar para votar. Mas ser\u00e1 uma vota\u00e7\u00e3o certamente bastante tensa, com obstru\u00e7\u00e3o, e n\u00e3o sei que resultado dar\u00e1. Agora voc\u00ea tem contraponto para essa mat\u00e9ria&#8221;, salientou.<br><br><strong>Outros apoiadores<\/strong><br>T\u00e3o logo o deputado amazonense entrou em campo para atuar contra o substitutivo de Lafayette, o movimento ganhou mais um refor\u00e7o importante. O ex-presidente da C\u00e2mara Rodrigo Maia (DEM-RJ) foi \u00e0s redes sociais criticar o texto.\u00a0<br><br>Maia\u00a0<a rel=\"noreferrer noopener\" href=\"https:\/\/agenciainfra.us14.list-manage.com\/track\/click?u=d460dd1bcf9ba0ae040e1fc0f&amp;id=859cc718b5&amp;e=c099169394\" target=\"_blank\">afirmou<\/a>\u00a0que o projeto tem \u201cboas inten\u00e7\u00f5es\u201d, mas que sua reda\u00e7\u00e3o atual ampliaria as desigualdades no pa\u00eds. \u201cCorremos o risco de mais uma vez estarmos subsidiando os ricos com recursos dos mais pobre\u201d, disse.\u00a0<br><br>Assim como Ramos, defendeu que subs\u00eddios ao segmento deveriam ser direcionados aos consumidores de baixa renda: \u201c\u00c9 preciso que fique claro quem est\u00e1 sendo subsidiado. E insisto: os benefici\u00e1rios devem ser apenas os brasileiros de baixa renda\u201d.<br><br><strong>Clima azedou<\/strong><br>O movimento de parlamentares contr\u00e1rios ao projeto tem ganhado for\u00e7a desde a \u00faltima quarta-feira (7), quando houve um embate p\u00fablico entre representantes de grandes consumidores e distribuidoras com associa\u00e7\u00f5es de energia solar e outras renov\u00e1veis acerca do modelo proposto por Lafayette.<br><br>A ret\u00f3rica agressiva, particularmente das associa\u00e7\u00f5es favor\u00e1veis \u00e0 proposta de Lafayette, contribu\u00edram para expor as diverg\u00eancias quanto ao tema e inviabilizar a vota\u00e7\u00e3o da proposta nesses termos, segundo fontes que acompanham o tema de perto.<\/p>\n","protected":false},"excerpt":{"rendered":"<p>Nestor Rabello e Leila Coimbra, da Ag\u00eancia iNFRA O vice-presidente da C\u00e2mara dos Deputados, deputado Marcelo Ramos (PL-AM), est\u00e1 empenhado para evitar a aprova\u00e7\u00e3o do\u00a0projeto de gera\u00e7\u00e3o distribu\u00edda (PL 5.829\/2019), nos moldes propostos pelo relator Lafayette de Andrada (Republicanos-MG), e disse que vai buscar reacender o debate em oposi\u00e7\u00e3o\u00a0ao substitutivo. &#8220;O meu objetivo \u00e9 chamar [&hellip;]<\/p>\n","protected":false},"author":9,"featured_media":7091,"comment_status":"closed","ping_status":"closed","sticky":false,"template":"","format":"standard","meta":{"_monsterinsights_skip_tracking":false,"_monsterinsights_sitenote_active":false,"_monsterinsights_sitenote_note":"","_monsterinsights_sitenote_category":0,"footnotes":""},"categories":[1,10],"tags":[3339,305,1018,1016,285,292,1093,2649,850,1380,2709,3795,3752,3794,39,3250,1601],"class_list":["post-7090","post","type-post","status-publish","format-standard","has-post-thumbnail","hentry","category-geral","category-infraenergia","tag-arthur-lira","tag-camara-dos-deputados","tag-cme","tag-comissao-de-minas-e-energia","tag-consumidores","tag-distribuidoras","tag-energia-solar","tag-fontes-renovaveis","tag-geracao-distribuida","tag-lafayette-de-andrada","tag-marcelo-ramos","tag-paineis-fotovoltaicos","tag-pl-5-829-2019","tag-pl-616-2020","tag-rodrigo-maia","tag-subsidio-cruzado","tag-subsidios"],"yoast_head":"<!-- This site is optimized with the Yoast SEO Premium plugin v25.4 (Yoast SEO v26.0) - https:\/\/yoast.com\/wordpress\/plugins\/seo\/ -->\n<title>Vice-presidente da C\u00e2mara lidera movimento de oposi\u00e7\u00e3o ao PL de Gera\u00e7\u00e3o Distribu\u00edda - Ag\u00eancia iNFRA<\/title>\n<meta name=\"robots\" content=\"index, follow, max-snippet:-1, max-image-preview:large, max-video-preview:-1\" \/>\n<link rel=\"canonical\" href=\"https:\/\/agenciainfra.com\/blog\/vice-presidente-da-camara-lidera-movimento-de-oposicao-ao-pl-de-geracao-distribuida\/\" \/>\n<meta property=\"og:locale\" content=\"pt_BR\" \/>\n<meta property=\"og:type\" content=\"article\" \/>\n<meta property=\"og:title\" content=\"Vice-presidente da C\u00e2mara lidera movimento de oposi\u00e7\u00e3o ao PL de Gera\u00e7\u00e3o Distribu\u00edda\" \/>\n<meta property=\"og:description\" content=\"Nestor Rabello e Leila Coimbra, da Ag\u00eancia iNFRA O vice-presidente da C\u00e2mara dos Deputados, deputado Marcelo Ramos (PL-AM), est\u00e1 empenhado para evitar a aprova\u00e7\u00e3o do\u00a0projeto de gera\u00e7\u00e3o distribu\u00edda (PL 5.829\/2019), nos moldes propostos pelo relator Lafayette de Andrada (Republicanos-MG), e disse que vai buscar reacender o debate em oposi\u00e7\u00e3o\u00a0ao substitutivo. &#8220;O meu objetivo \u00e9 chamar [&hellip;]\" \/>\n<meta property=\"og:url\" content=\"https:\/\/agenciainfra.com\/blog\/vice-presidente-da-camara-lidera-movimento-de-oposicao-ao-pl-de-geracao-distribuida\/\" \/>\n<meta property=\"og:site_name\" content=\"Ag\u00eancia iNFRA\" \/>\n<meta property=\"article:publisher\" content=\"https:\/\/www.facebook.com\/ageninfra\" \/>\n<meta property=\"article:published_time\" content=\"2021-04-12T11:00:00+00:00\" \/>\n<meta property=\"og:image\" content=\"https:\/\/agenciainfra.com\/blog\/wp-content\/uploads\/2021\/04\/marcelo-ramos-foto-pablo-valadares-camara-dos-deputados.jpeg\" \/>\n\t<meta property=\"og:image:width\" content=\"1280\" \/>\n\t<meta property=\"og:image:height\" content=\"838\" \/>\n\t<meta property=\"og:image:type\" content=\"image\/jpeg\" \/>\n<meta name=\"author\" content=\"Rodrigo Zuquim\" \/>\n<meta name=\"twitter:card\" content=\"summary_large_image\" \/>\n<meta name=\"twitter:creator\" content=\"@agencia_infra\" \/>\n<meta name=\"twitter:site\" content=\"@agencia_infra\" \/>\n<meta name=\"twitter:label1\" content=\"Escrito por\" \/>\n\t<meta name=\"twitter:data1\" content=\"Rodrigo Zuquim\" \/>\n\t<meta name=\"twitter:label2\" content=\"Est. tempo de leitura\" \/>\n\t<meta name=\"twitter:data2\" content=\"4 minutos\" \/>\n<script type=\"application\/ld+json\" class=\"yoast-schema-graph\">{\"@context\":\"https:\/\/schema.org\",\"@graph\":[{\"@type\":\"Article\",\"@id\":\"https:\/\/agenciainfra.com\/blog\/vice-presidente-da-camara-lidera-movimento-de-oposicao-ao-pl-de-geracao-distribuida\/#article\",\"isPartOf\":{\"@id\":\"https:\/\/agenciainfra.com\/blog\/vice-presidente-da-camara-lidera-movimento-de-oposicao-ao-pl-de-geracao-distribuida\/\"},\"author\":{\"name\":\"Rodrigo Zuquim\",\"@id\":\"https:\/\/agenciainfra.com\/blog\/#\/schema\/person\/04dbb79bd6d8951f063da71f3e4c1eb1\"},\"headline\":\"Vice-presidente da C\u00e2mara lidera movimento de oposi\u00e7\u00e3o ao PL de Gera\u00e7\u00e3o Distribu\u00edda\",\"datePublished\":\"2021-04-12T11:00:00+00:00\",\"mainEntityOfPage\":{\"@id\":\"https:\/\/agenciainfra.com\/blog\/vice-presidente-da-camara-lidera-movimento-de-oposicao-ao-pl-de-geracao-distribuida\/\"},\"wordCount\":780,\"publisher\":{\"@id\":\"https:\/\/agenciainfra.com\/blog\/#organization\"},\"image\":{\"@id\":\"https:\/\/agenciainfra.com\/blog\/vice-presidente-da-camara-lidera-movimento-de-oposicao-ao-pl-de-geracao-distribuida\/#primaryimage\"},\"thumbnailUrl\":\"https:\/\/agenciainfra.com\/blog\/wp-content\/uploads\/2021\/04\/marcelo-ramos-foto-pablo-valadares-camara-dos-deputados.jpeg\",\"keywords\":[\"Arthur Lira\",\"C\u00e2mara dos Deputados\",\"CME\",\"Comiss\u00e3o de Minas e Energia\",\"consumidores\",\"distribuidoras\",\"energia solar\",\"fontes renov\u00e1veis\",\"gera\u00e7\u00e3o distribu\u00edda\",\"Lafayette de Andrada\",\"Marcelo Ramos\",\"pain\u00e9is fotovoltaicos\",\"PL 5.829\/2019\",\"PL 616\/2020\",\"Rodrigo Maia\",\"subs\u00eddio cruzado\",\"subs\u00eddios\"],\"articleSection\":[\"Geral\",\"iNFRAEnergia\"],\"inLanguage\":\"pt-BR\",\"copyrightYear\":\"2021\",\"copyrightHolder\":{\"@id\":\"https:\/\/agenciainfra.com\/blog\/#organization\"}},{\"@type\":\"WebPage\",\"@id\":\"https:\/\/agenciainfra.com\/blog\/vice-presidente-da-camara-lidera-movimento-de-oposicao-ao-pl-de-geracao-distribuida\/\",\"url\":\"https:\/\/agenciainfra.com\/blog\/vice-presidente-da-camara-lidera-movimento-de-oposicao-ao-pl-de-geracao-distribuida\/\",\"name\":\"Vice-presidente da C\u00e2mara lidera movimento de oposi\u00e7\u00e3o ao PL de Gera\u00e7\u00e3o Distribu\u00edda - Ag\u00eancia iNFRA\",\"isPartOf\":{\"@id\":\"https:\/\/agenciainfra.com\/blog\/#website\"},\"primaryImageOfPage\":{\"@id\":\"https:\/\/agenciainfra.com\/blog\/vice-presidente-da-camara-lidera-movimento-de-oposicao-ao-pl-de-geracao-distribuida\/#primaryimage\"},\"image\":{\"@id\":\"https:\/\/agenciainfra.com\/blog\/vice-presidente-da-camara-lidera-movimento-de-oposicao-ao-pl-de-geracao-distribuida\/#primaryimage\"},\"thumbnailUrl\":\"https:\/\/agenciainfra.com\/blog\/wp-content\/uploads\/2021\/04\/marcelo-ramos-foto-pablo-valadares-camara-dos-deputados.jpeg\",\"datePublished\":\"2021-04-12T11:00:00+00:00\",\"breadcrumb\":{\"@id\":\"https:\/\/agenciainfra.com\/blog\/vice-presidente-da-camara-lidera-movimento-de-oposicao-ao-pl-de-geracao-distribuida\/#breadcrumb\"},\"inLanguage\":\"pt-BR\",\"potentialAction\":[{\"@type\":\"ReadAction\",\"target\":[\"https:\/\/agenciainfra.com\/blog\/vice-presidente-da-camara-lidera-movimento-de-oposicao-ao-pl-de-geracao-distribuida\/\"]}]},{\"@type\":\"ImageObject\",\"inLanguage\":\"pt-BR\",\"@id\":\"https:\/\/agenciainfra.com\/blog\/vice-presidente-da-camara-lidera-movimento-de-oposicao-ao-pl-de-geracao-distribuida\/#primaryimage\",\"url\":\"https:\/\/agenciainfra.com\/blog\/wp-content\/uploads\/2021\/04\/marcelo-ramos-foto-pablo-valadares-camara-dos-deputados.jpeg\",\"contentUrl\":\"https:\/\/agenciainfra.com\/blog\/wp-content\/uploads\/2021\/04\/marcelo-ramos-foto-pablo-valadares-camara-dos-deputados.jpeg\",\"width\":1280,\"height\":838},{\"@type\":\"BreadcrumbList\",\"@id\":\"https:\/\/agenciainfra.com\/blog\/vice-presidente-da-camara-lidera-movimento-de-oposicao-ao-pl-de-geracao-distribuida\/#breadcrumb\",\"itemListElement\":[{\"@type\":\"ListItem\",\"position\":1,\"name\":\"In\u00edcio\",\"item\":\"https:\/\/agenciainfra.com\/blog\/\"},{\"@type\":\"ListItem\",\"position\":2,\"name\":\"Vice-presidente da C\u00e2mara lidera movimento de oposi\u00e7\u00e3o ao PL de Gera\u00e7\u00e3o Distribu\u00edda\"}]},{\"@type\":\"WebSite\",\"@id\":\"https:\/\/agenciainfra.com\/blog\/#website\",\"url\":\"https:\/\/agenciainfra.com\/blog\/\",\"name\":\"Ag\u00eancia iNFRA\",\"description\":\"Multiplataforma de informa\u00e7\u00e3o jornal\u00edstica refer\u00eancia na \u00e1rea de infraestrutura no Brasil!\",\"publisher\":{\"@id\":\"https:\/\/agenciainfra.com\/blog\/#organization\"},\"potentialAction\":[{\"@type\":\"SearchAction\",\"target\":{\"@type\":\"EntryPoint\",\"urlTemplate\":\"https:\/\/agenciainfra.com\/blog\/?s={search_term_string}\"},\"query-input\":{\"@type\":\"PropertyValueSpecification\",\"valueRequired\":true,\"valueName\":\"search_term_string\"}}],\"inLanguage\":\"pt-BR\"},{\"@type\":\"Organization\",\"@id\":\"https:\/\/agenciainfra.com\/blog\/#organization\",\"name\":\"Ag\u00eancia iNFRA\",\"url\":\"https:\/\/agenciainfra.com\/blog\/\",\"logo\":{\"@type\":\"ImageObject\",\"inLanguage\":\"pt-BR\",\"@id\":\"https:\/\/agenciainfra.com\/blog\/#\/schema\/logo\/image\/\",\"url\":\"https:\/\/agenciainfra.com\/blog\/wp-content\/uploads\/2023\/09\/iNFRA_5-e1761735885940.png\",\"contentUrl\":\"https:\/\/agenciainfra.com\/blog\/wp-content\/uploads\/2023\/09\/iNFRA_5-e1761735885940.png\",\"width\":1672,\"height\":454,\"caption\":\"Ag\u00eancia iNFRA\"},\"image\":{\"@id\":\"https:\/\/agenciainfra.com\/blog\/#\/schema\/logo\/image\/\"},\"sameAs\":[\"https:\/\/www.facebook.com\/ageninfra\",\"https:\/\/x.com\/agencia_infra\",\"https:\/\/www.linkedin.com\/company\/ag\u00eanciainfra\/\",\"https:\/\/www.instagram.com\/agenciainfra\/\"]},{\"@type\":\"Person\",\"@id\":\"https:\/\/agenciainfra.com\/blog\/#\/schema\/person\/04dbb79bd6d8951f063da71f3e4c1eb1\",\"name\":\"Rodrigo Zuquim\",\"image\":{\"@type\":\"ImageObject\",\"inLanguage\":\"pt-BR\",\"@id\":\"https:\/\/agenciainfra.com\/blog\/#\/schema\/person\/image\/\",\"url\":\"https:\/\/secure.gravatar.com\/avatar\/594abfe82761d620726242ff34ca472a705a4b97f16c790053a6b4c4035274d0?s=96&d=mm&r=g\",\"contentUrl\":\"https:\/\/secure.gravatar.com\/avatar\/594abfe82761d620726242ff34ca472a705a4b97f16c790053a6b4c4035274d0?s=96&d=mm&r=g\",\"caption\":\"Rodrigo Zuquim\"},\"url\":\"https:\/\/agenciainfra.com\/blog\/author\/rodrigo-zuquim\/\"}]}<\/script>\n<!-- \/ Yoast SEO Premium plugin. -->","yoast_head_json":{"title":"Vice-presidente da C\u00e2mara lidera movimento de oposi\u00e7\u00e3o ao PL de Gera\u00e7\u00e3o Distribu\u00edda - Ag\u00eancia iNFRA","robots":{"index":"index","follow":"follow","max-snippet":"max-snippet:-1","max-image-preview":"max-image-preview:large","max-video-preview":"max-video-preview:-1"},"canonical":"https:\/\/agenciainfra.com\/blog\/vice-presidente-da-camara-lidera-movimento-de-oposicao-ao-pl-de-geracao-distribuida\/","og_locale":"pt_BR","og_type":"article","og_title":"Vice-presidente da C\u00e2mara lidera movimento de oposi\u00e7\u00e3o ao PL de Gera\u00e7\u00e3o Distribu\u00edda","og_description":"Nestor Rabello e Leila Coimbra, da Ag\u00eancia iNFRA O vice-presidente da C\u00e2mara dos Deputados, deputado Marcelo Ramos (PL-AM), est\u00e1 empenhado para evitar a aprova\u00e7\u00e3o do\u00a0projeto de gera\u00e7\u00e3o distribu\u00edda (PL 5.829\/2019), nos moldes propostos pelo relator Lafayette de Andrada (Republicanos-MG), e disse que vai buscar reacender o debate em oposi\u00e7\u00e3o\u00a0ao substitutivo. &#8220;O meu objetivo \u00e9 chamar [&hellip;]","og_url":"https:\/\/agenciainfra.com\/blog\/vice-presidente-da-camara-lidera-movimento-de-oposicao-ao-pl-de-geracao-distribuida\/","og_site_name":"Ag\u00eancia iNFRA","article_publisher":"https:\/\/www.facebook.com\/ageninfra","article_published_time":"2021-04-12T11:00:00+00:00","og_image":[{"width":1280,"height":838,"url":"https:\/\/agenciainfra.com\/blog\/wp-content\/uploads\/2021\/04\/marcelo-ramos-foto-pablo-valadares-camara-dos-deputados.jpeg","type":"image\/jpeg"}],"author":"Rodrigo Zuquim","twitter_card":"summary_large_image","twitter_creator":"@agencia_infra","twitter_site":"@agencia_infra","twitter_misc":{"Escrito por":"Rodrigo Zuquim","Est. tempo de leitura":"4 minutos"},"schema":{"@context":"https:\/\/schema.org","@graph":[{"@type":"Article","@id":"https:\/\/agenciainfra.com\/blog\/vice-presidente-da-camara-lidera-movimento-de-oposicao-ao-pl-de-geracao-distribuida\/#article","isPartOf":{"@id":"https:\/\/agenciainfra.com\/blog\/vice-presidente-da-camara-lidera-movimento-de-oposicao-ao-pl-de-geracao-distribuida\/"},"author":{"name":"Rodrigo Zuquim","@id":"https:\/\/agenciainfra.com\/blog\/#\/schema\/person\/04dbb79bd6d8951f063da71f3e4c1eb1"},"headline":"Vice-presidente da C\u00e2mara lidera movimento de oposi\u00e7\u00e3o ao PL de Gera\u00e7\u00e3o Distribu\u00edda","datePublished":"2021-04-12T11:00:00+00:00","mainEntityOfPage":{"@id":"https:\/\/agenciainfra.com\/blog\/vice-presidente-da-camara-lidera-movimento-de-oposicao-ao-pl-de-geracao-distribuida\/"},"wordCount":780,"publisher":{"@id":"https:\/\/agenciainfra.com\/blog\/#organization"},"image":{"@id":"https:\/\/agenciainfra.com\/blog\/vice-presidente-da-camara-lidera-movimento-de-oposicao-ao-pl-de-geracao-distribuida\/#primaryimage"},"thumbnailUrl":"https:\/\/agenciainfra.com\/blog\/wp-content\/uploads\/2021\/04\/marcelo-ramos-foto-pablo-valadares-camara-dos-deputados.jpeg","keywords":["Arthur Lira","C\u00e2mara dos Deputados","CME","Comiss\u00e3o de Minas e Energia","consumidores","distribuidoras","energia solar","fontes renov\u00e1veis","gera\u00e7\u00e3o distribu\u00edda","Lafayette de Andrada","Marcelo Ramos","pain\u00e9is fotovoltaicos","PL 5.829\/2019","PL 616\/2020","Rodrigo Maia","subs\u00eddio cruzado","subs\u00eddios"],"articleSection":["Geral","iNFRAEnergia"],"inLanguage":"pt-BR","copyrightYear":"2021","copyrightHolder":{"@id":"https:\/\/agenciainfra.com\/blog\/#organization"}},{"@type":"WebPage","@id":"https:\/\/agenciainfra.com\/blog\/vice-presidente-da-camara-lidera-movimento-de-oposicao-ao-pl-de-geracao-distribuida\/","url":"https:\/\/agenciainfra.com\/blog\/vice-presidente-da-camara-lidera-movimento-de-oposicao-ao-pl-de-geracao-distribuida\/","name":"Vice-presidente da C\u00e2mara lidera movimento de oposi\u00e7\u00e3o ao PL de Gera\u00e7\u00e3o Distribu\u00edda - Ag\u00eancia iNFRA","isPartOf":{"@id":"https:\/\/agenciainfra.com\/blog\/#website"},"primaryImageOfPage":{"@id":"https:\/\/agenciainfra.com\/blog\/vice-presidente-da-camara-lidera-movimento-de-oposicao-ao-pl-de-geracao-distribuida\/#primaryimage"},"image":{"@id":"https:\/\/agenciainfra.com\/blog\/vice-presidente-da-camara-lidera-movimento-de-oposicao-ao-pl-de-geracao-distribuida\/#primaryimage"},"thumbnailUrl":"https:\/\/agenciainfra.com\/blog\/wp-content\/uploads\/2021\/04\/marcelo-ramos-foto-pablo-valadares-camara-dos-deputados.jpeg","datePublished":"2021-04-12T11:00:00+00:00","breadcrumb":{"@id":"https:\/\/agenciainfra.com\/blog\/vice-presidente-da-camara-lidera-movimento-de-oposicao-ao-pl-de-geracao-distribuida\/#breadcrumb"},"inLanguage":"pt-BR","potentialAction":[{"@type":"ReadAction","target":["https:\/\/agenciainfra.com\/blog\/vice-presidente-da-camara-lidera-movimento-de-oposicao-ao-pl-de-geracao-distribuida\/"]}]},{"@type":"ImageObject","inLanguage":"pt-BR","@id":"https:\/\/agenciainfra.com\/blog\/vice-presidente-da-camara-lidera-movimento-de-oposicao-ao-pl-de-geracao-distribuida\/#primaryimage","url":"https:\/\/agenciainfra.com\/blog\/wp-content\/uploads\/2021\/04\/marcelo-ramos-foto-pablo-valadares-camara-dos-deputados.jpeg","contentUrl":"https:\/\/agenciainfra.com\/blog\/wp-content\/uploads\/2021\/04\/marcelo-ramos-foto-pablo-valadares-camara-dos-deputados.jpeg","width":1280,"height":838},{"@type":"BreadcrumbList","@id":"https:\/\/agenciainfra.com\/blog\/vice-presidente-da-camara-lidera-movimento-de-oposicao-ao-pl-de-geracao-distribuida\/#breadcrumb","itemListElement":[{"@type":"ListItem","position":1,"name":"In\u00edcio","item":"https:\/\/agenciainfra.com\/blog\/"},{"@type":"ListItem","position":2,"name":"Vice-presidente da C\u00e2mara lidera movimento de oposi\u00e7\u00e3o ao PL de Gera\u00e7\u00e3o Distribu\u00edda"}]},{"@type":"WebSite","@id":"https:\/\/agenciainfra.com\/blog\/#website","url":"https:\/\/agenciainfra.com\/blog\/","name":"Ag\u00eancia iNFRA","description":"Multiplataforma de informa\u00e7\u00e3o jornal\u00edstica refer\u00eancia na \u00e1rea de infraestrutura no Brasil!","publisher":{"@id":"https:\/\/agenciainfra.com\/blog\/#organization"},"potentialAction":[{"@type":"SearchAction","target":{"@type":"EntryPoint","urlTemplate":"https:\/\/agenciainfra.com\/blog\/?s={search_term_string}"},"query-input":{"@type":"PropertyValueSpecification","valueRequired":true,"valueName":"search_term_string"}}],"inLanguage":"pt-BR"},{"@type":"Organization","@id":"https:\/\/agenciainfra.com\/blog\/#organization","name":"Ag\u00eancia iNFRA","url":"https:\/\/agenciainfra.com\/blog\/","logo":{"@type":"ImageObject","inLanguage":"pt-BR","@id":"https:\/\/agenciainfra.com\/blog\/#\/schema\/logo\/image\/","url":"https:\/\/agenciainfra.com\/blog\/wp-content\/uploads\/2023\/09\/iNFRA_5-e1761735885940.png","contentUrl":"https:\/\/agenciainfra.com\/blog\/wp-content\/uploads\/2023\/09\/iNFRA_5-e1761735885940.png","width":1672,"height":454,"caption":"Ag\u00eancia iNFRA"},"image":{"@id":"https:\/\/agenciainfra.com\/blog\/#\/schema\/logo\/image\/"},"sameAs":["https:\/\/www.facebook.com\/ageninfra","https:\/\/x.com\/agencia_infra","https:\/\/www.linkedin.com\/company\/ag\u00eanciainfra\/","https:\/\/www.instagram.com\/agenciainfra\/"]},{"@type":"Person","@id":"https:\/\/agenciainfra.com\/blog\/#\/schema\/person\/04dbb79bd6d8951f063da71f3e4c1eb1","name":"Rodrigo Zuquim","image":{"@type":"ImageObject","inLanguage":"pt-BR","@id":"https:\/\/agenciainfra.com\/blog\/#\/schema\/person\/image\/","url":"https:\/\/secure.gravatar.com\/avatar\/594abfe82761d620726242ff34ca472a705a4b97f16c790053a6b4c4035274d0?s=96&d=mm&r=g","contentUrl":"https:\/\/secure.gravatar.com\/avatar\/594abfe82761d620726242ff34ca472a705a4b97f16c790053a6b4c4035274d0?s=96&d=mm&r=g","caption":"Rodrigo Zuquim"},"url":"https:\/\/agenciainfra.com\/blog\/author\/rodrigo-zuquim\/"}]}},"_links":{"self":[{"href":"https:\/\/agenciainfra.com\/blog\/wp-json\/wp\/v2\/posts\/7090","targetHints":{"allow":["GET"]}}],"collection":[{"href":"https:\/\/agenciainfra.com\/blog\/wp-json\/wp\/v2\/posts"}],"about":[{"href":"https:\/\/agenciainfra.com\/blog\/wp-json\/wp\/v2\/types\/post"}],"author":[{"embeddable":true,"href":"https:\/\/agenciainfra.com\/blog\/wp-json\/wp\/v2\/users\/9"}],"replies":[{"embeddable":true,"href":"https:\/\/agenciainfra.com\/blog\/wp-json\/wp\/v2\/comments?post=7090"}],"version-history":[{"count":0,"href":"https:\/\/agenciainfra.com\/blog\/wp-json\/wp\/v2\/posts\/7090\/revisions"}],"wp:featuredmedia":[{"embeddable":true,"href":"https:\/\/agenciainfra.com\/blog\/wp-json\/wp\/v2\/media\/7091"}],"wp:attachment":[{"href":"https:\/\/agenciainfra.com\/blog\/wp-json\/wp\/v2\/media?parent=7090"}],"wp:term":[{"taxonomy":"category","embeddable":true,"href":"https:\/\/agenciainfra.com\/blog\/wp-json\/wp\/v2\/categories?post=7090"},{"taxonomy":"post_tag","embeddable":true,"href":"https:\/\/agenciainfra.com\/blog\/wp-json\/wp\/v2\/tags?post=7090"}],"curies":[{"name":"wp","href":"https:\/\/api.w.org\/{rel}","templated":true}]}}