{"id":7096,"date":"2021-04-10T10:00:00","date_gmt":"2021-04-10T13:00:00","guid":{"rendered":"https:\/\/www.agenciainfra.com\/blog\/?p=7096"},"modified":"2021-04-09T11:42:07","modified_gmt":"2021-04-09T14:42:07","slug":"seguro-garantia-ampliacao-do-percentual-vai-necessitar-de-novo-mercado-de-seguro-de-obra","status":"publish","type":"post","link":"https:\/\/agenciainfra.com\/blog\/seguro-garantia-ampliacao-do-percentual-vai-necessitar-de-novo-mercado-de-seguro-de-obra\/","title":{"rendered":"Seguro garantia: amplia\u00e7\u00e3o do percentual vai necessitar de novo mercado de seguro de obra"},"content":{"rendered":"\n<hr class=\"wp-block-separator\"\/>\n\n\n\n<p class=\"has-text-align-right\"><strong>da\u00a0Ag\u00eancia iNFRA<\/strong><\/p>\n\n\n\n<p>A tentativa de acabar com obras paralisadas no pa\u00eds foi um dos temas que norteou a elabora\u00e7\u00e3o da nova lei de licita\u00e7\u00f5es ao longo das \u00faltimas tr\u00eas d\u00e9cadas. Mas o principal instrumento introduzido na Lei 14.133, a amplia\u00e7\u00e3o das possibilidades de uso de seguro garantia em grandes obras, pode n\u00e3o ser suficiente para que o pa\u00eds deixe de ser um cemit\u00e9rio de obras inacabadas.<\/p>\n\n\n\n<p>Venilton Tadini, economista e presidente da Abdib (Associa\u00e7\u00e3o Brasileira da Infraestrutura e Ind\u00fastrias de Base), diz acreditar que os at\u00e9 30% de garantia previstos a partir da nova lei para contratos de grande vulto, acima de R$ 200 milh\u00f5es, ser\u00e1 um avan\u00e7o para as obras.<\/p>\n\n\n\n<p>\u201cQuando houver inadimpl\u00eancia, a fun\u00e7\u00e3o do segurador ser\u00e1 contratar uma empresa fornecedora substituta para terminar a obra, assumindo o pagamento do custo adicional entre a exclus\u00e3o do fornecedor inadimplente e a retomada do contrato com outro fornecedor. Ou ela pode optar por pagar integralmente o valor da garantia, que poder\u00e1 ser at\u00e9 30%\u201d, explicou Tadini, lembrando que \u201chaver\u00e1 um longo trabalho ainda pela frente\u201d na regulamenta\u00e7\u00e3o da lei.<\/p>\n\n\n\n<p>A lei foi uma tentativa de se copiar o modelo usado\u00a0nos Estados Unidos, onde obras podem ter at\u00e9 100% de garantia por seguradoras. Massami Uyeda, s\u00f3cio do escrit\u00f3rio Arap, Nishi &amp; Uyeda Advogados, explica que, com o aumento da cobertura do seguro garantia para obras de grande vulto, os governos ganhar\u00e3o um parceiro na an\u00e1lise da viabilidade e na execu\u00e7\u00e3o das propostas.<\/p>\n\n\n\n<p>\u201cAs pr\u00f3prias seguradoras ser\u00e3o parte integrante dos contratos com possibilidade de fiscalizar e finalizar a obra no caso de inadimpl\u00eancia da contratada. Como costuma-se dizer, a obra mais cara \u00e9 a obra inacabada, triste realidade brasileira\u201d, explicou o advogado.<\/p>\n\n\n\n<p><strong>Novo mercado<\/strong><br>F\u00e1bio Torres, fundador do escrit\u00f3rio F.Torres Advogados, especializado no mercado de seguros, indica que haver\u00e1 alguma dificuldade para se formar um mercado em que as seguradoras efetivamente v\u00e3o assumir a continuidade das obras, o chamado step-in.<\/p>\n\n\n\n<p>Para ele, s\u00f3 com a legisla\u00e7\u00e3o, vai ser dif\u00edcil at\u00e9 mesmo conseguir seguradoras que cheguem aos 30% de garantia no Brasil, e ser\u00e1 necess\u00e1rio um longo tempo at\u00e9 que ser forme um mercado para esse tipo de seguro. O advogado explica, por exemplo, que, nos casos em que estiverem faltando mais de 30% da obra, ser\u00e1 necess\u00e1rio fazer um aditivo para complementar a diferen\u00e7a e n\u00e3o h\u00e1 regras sobre como fazer isso.<\/p>\n\n\n\n<p>A vantagem, de acordo com Torres, do novo processo \u00e9 que as seguradoras que aceitarem v\u00e3o, de fato, acompanhar as obras de mais perto, inclusive indicando as falhas da administra\u00e7\u00e3o p\u00fablica, como atrasos nos pagamentos. Segundo ele, as seguradoras poder\u00e3o n\u00e3o pagar a garantia se o governo atrasar seus compromissos.<\/p>\n\n\n\n<p>\u201cO fato \u00e9 que isso vai gerar um mercado novo. As obras ter\u00e3o que ser acompanhadas muito mais de perto pelas seguradoras\u201d, afirmou Torres.<\/p>\n\n\n\n<p>A&nbsp;<strong>Ag\u00eancia iNFRA<\/strong>&nbsp;conversou com um dos servidores do TCU que acompanhou a tramita\u00e7\u00e3o da lei, que falou sob condi\u00e7\u00e3o de anonimato por n\u00e3o poder falar pelo \u00f3rg\u00e3o sobre o tema. Ele v\u00ea o instituto do seguro garantia como uma forma de tentar evitar as paralisa\u00e7\u00f5es de obras.<\/p>\n\n\n\n<p>Ele lembrou que uma auditoria em obras paralisadas (Ac\u00f3rd\u00e3o 1.079\/2019) apontam que muitas est\u00e3o paradas por motivos t\u00e9cnicos, como falhas de projetos, ou or\u00e7amento,&nbsp;o que vai precisar ser considerado. Para ele, o aumento do percentual de garantia vai precisar ser analisado para avaliar se efetivamente vai conseguir reduzir as paralisa\u00e7\u00f5es de obras, j\u00e1 que um efeito certo \u00e9 o aumento de custo para essas contrata\u00e7\u00f5es.<\/p>\n\n\n\n<p><strong>An\u00e1lise para paralisa\u00e7\u00e3o<\/strong><br>Diretor da Aneor (Associa\u00e7\u00e3o Nacional das Empresas de Obras Rodovi\u00e1rias), o advogado Danniel Zveiter afirma que a lei trouxe alguns avan\u00e7os na quest\u00e3o dos pagamentos, como deixar claro que os atrasos de mais de 90 dias acumulados nos pagamentos podem levar \u00e0 rescis\u00e3o por parte das empresas e que propostas abaixo de 75% do valor previsto pela administra\u00e7\u00e3o podem ser consideradas inexequ\u00edveis.<\/p>\n\n\n\n<p>Outro avan\u00e7o em rela\u00e7\u00e3o \u00e0 paralisa\u00e7\u00e3o de obras foi apontado pelo presidente da CBIC (C\u00e2mara Brasileira da Ind\u00fastria da Constru\u00e7\u00e3o), o engenheiro Jos\u00e9 Carlos Martins. Segundo ele, foram indicadas na lei an\u00e1lises que t\u00eam que ser feitas antes de se determinar a paralisa\u00e7\u00e3o de um projeto, especialmente por \u00f3rg\u00e3os de controle, como por exemplo custos extras com desmobiliza\u00e7\u00e3o, impactos sociais e ambientais.<\/p>\n\n\n\n<p>Al\u00e9m disso, de acordo com Martins, a lei tamb\u00e9m determina a exig\u00eancia de uma matriz de risco nas contrata\u00e7\u00f5es integradas, que \u00e9 uma esp\u00e9cie de divis\u00e3o de responsabilidades sobre poss\u00edveis problemas nas obras entre o contratador e o contratado.<\/p>\n\n\n\n<p>\u201cA matriz de risco sempre \u00e9 um fator de redu\u00e7\u00e3o de judicializa\u00e7\u00e3o\u201d, opinou o presidente da entidade.<\/p>\n\n\n\n<p>Mas h\u00e1 retrocessos, tamb\u00e9m, decorrentes dos vetos da Presid\u00eancia da Rep\u00fablica a dois itens do artigo 115 da nova lei, de acordo com Carlos Eduardo Lima Jorge, presidente da Comiss\u00e3o de Infraestrutura da CBIC.<\/p>\n\n\n\n<p>O inciso&nbsp;4&nbsp;previa que o governo s\u00f3 pudesse licitar as obras com o licenciamento ambiental pr\u00e9vio, o que foi vetado. Para Jorge, os licenciamentos muitas vezes demoram mais de dois anos para serem dados ap\u00f3s a obra ser licitada e, em alguns casos, at\u00e9 formalmente iniciada. Outro fator de risco \u00e9 em rela\u00e7\u00e3o ao veto ao inciso 2, que determinava a abertura de uma conta vinculante e o dep\u00f3sito do dinheiro para se dar ordem para in\u00edcio de obras ou etapas delas.<\/p>\n\n\n\n<p>\u201cA justificativa do veto foi porque isso seria contra o interesse p\u00fablico. \u00c9 surpreendente que se continue a estimular a inadimpl\u00eancia dos \u00f3rg\u00e3os p\u00fablicos\u201d, afirmou Jorge.<\/p>\n","protected":false},"excerpt":{"rendered":"<p>da\u00a0Ag\u00eancia iNFRA A tentativa de acabar com obras paralisadas no pa\u00eds foi um dos temas que norteou a elabora\u00e7\u00e3o da nova lei de licita\u00e7\u00f5es ao longo das \u00faltimas tr\u00eas d\u00e9cadas. Mas o principal instrumento introduzido na Lei 14.133, a amplia\u00e7\u00e3o das possibilidades de uso de seguro garantia em grandes obras, pode n\u00e3o ser suficiente para [&hellip;]<\/p>\n","protected":false},"author":9,"featured_media":7097,"comment_status":"closed","ping_status":"closed","sticky":false,"template":"","format":"standard","meta":{"_monsterinsights_skip_tracking":false,"_monsterinsights_sitenote_active":false,"_monsterinsights_sitenote_note":"","_monsterinsights_sitenote_category":0,"footnotes":""},"categories":[1,7],"tags":[35,3971,2362,3606,3966,3972,130,3598,3605,3968,3967,335,2232,572,3953,223,3965,389,987,360,3970,466,677,3969,18,1112],"class_list":["post-7096","post","type-post","status-publish","format-standard","has-post-thumbnail","hentry","category-geral","category-infratransporte","tag-abdib","tag-acordao-1-079-2019","tag-administracao-publica","tag-aneor","tag-arap-nishi-uyeda-advogados","tag-carlos-eduardo-lima-jorge","tag-cbic","tag-contratacoes","tag-danniel-zveiter","tag-f-torres-advogados","tag-fabio-torres","tag-inadimplencia","tag-jose-carlos-martins","tag-judicializacao","tag-lei-14-133-2021","tag-licenciamento-ambiental","tag-massami-uyeda","tag-matriz-de-risco","tag-nova-lei-de-licitacoes","tag-obras","tag-obras-paralisadas","tag-paralisacao","tag-seguro-garantia","tag-step-in","tag-tcu","tag-venilton-tadini"],"yoast_head":"<!-- This site is optimized with the Yoast SEO Premium plugin v25.4 (Yoast SEO v26.0) - https:\/\/yoast.com\/wordpress\/plugins\/seo\/ -->\n<title>Seguro garantia: amplia\u00e7\u00e3o do percentual vai necessitar de novo mercado de seguro de obra - Ag\u00eancia iNFRA<\/title>\n<meta name=\"robots\" content=\"index, follow, max-snippet:-1, max-image-preview:large, max-video-preview:-1\" \/>\n<link rel=\"canonical\" href=\"https:\/\/agenciainfra.com\/blog\/seguro-garantia-ampliacao-do-percentual-vai-necessitar-de-novo-mercado-de-seguro-de-obra\/\" \/>\n<meta property=\"og:locale\" content=\"pt_BR\" \/>\n<meta property=\"og:type\" content=\"article\" \/>\n<meta property=\"og:title\" content=\"Seguro garantia: amplia\u00e7\u00e3o do percentual vai necessitar de novo mercado de seguro de obra\" \/>\n<meta property=\"og:description\" content=\"da\u00a0Ag\u00eancia iNFRA A tentativa de acabar com obras paralisadas no pa\u00eds foi um dos temas que norteou a elabora\u00e7\u00e3o da nova lei de licita\u00e7\u00f5es ao longo das \u00faltimas tr\u00eas d\u00e9cadas. Mas o principal instrumento introduzido na Lei 14.133, a amplia\u00e7\u00e3o das possibilidades de uso de seguro garantia em grandes obras, pode n\u00e3o ser suficiente para [&hellip;]\" \/>\n<meta property=\"og:url\" content=\"https:\/\/agenciainfra.com\/blog\/seguro-garantia-ampliacao-do-percentual-vai-necessitar-de-novo-mercado-de-seguro-de-obra\/\" \/>\n<meta property=\"og:site_name\" content=\"Ag\u00eancia iNFRA\" \/>\n<meta property=\"article:publisher\" content=\"https:\/\/www.facebook.com\/ageninfra\" \/>\n<meta property=\"article:published_time\" content=\"2021-04-10T13:00:00+00:00\" \/>\n<meta property=\"og:image\" content=\"https:\/\/agenciainfra.com\/blog\/wp-content\/uploads\/2021\/04\/obras-paralisadas-foto-fernando-frazao-agencia-brasil.png\" \/>\n\t<meta property=\"og:image:width\" content=\"1280\" \/>\n\t<meta property=\"og:image:height\" content=\"850\" \/>\n\t<meta property=\"og:image:type\" content=\"image\/png\" \/>\n<meta name=\"author\" content=\"Rodrigo Zuquim\" \/>\n<meta name=\"twitter:card\" content=\"summary_large_image\" \/>\n<meta name=\"twitter:creator\" content=\"@agencia_infra\" \/>\n<meta name=\"twitter:site\" content=\"@agencia_infra\" \/>\n<meta name=\"twitter:label1\" content=\"Escrito por\" \/>\n\t<meta name=\"twitter:data1\" content=\"Rodrigo Zuquim\" \/>\n\t<meta name=\"twitter:label2\" content=\"Est. tempo de leitura\" \/>\n\t<meta name=\"twitter:data2\" content=\"5 minutos\" \/>\n<script type=\"application\/ld+json\" class=\"yoast-schema-graph\">{\"@context\":\"https:\/\/schema.org\",\"@graph\":[{\"@type\":\"Article\",\"@id\":\"https:\/\/agenciainfra.com\/blog\/seguro-garantia-ampliacao-do-percentual-vai-necessitar-de-novo-mercado-de-seguro-de-obra\/#article\",\"isPartOf\":{\"@id\":\"https:\/\/agenciainfra.com\/blog\/seguro-garantia-ampliacao-do-percentual-vai-necessitar-de-novo-mercado-de-seguro-de-obra\/\"},\"author\":{\"name\":\"Rodrigo Zuquim\",\"@id\":\"https:\/\/agenciainfra.com\/blog\/#\/schema\/person\/04dbb79bd6d8951f063da71f3e4c1eb1\"},\"headline\":\"Seguro garantia: amplia\u00e7\u00e3o do percentual vai necessitar de novo mercado de seguro de obra\",\"datePublished\":\"2021-04-10T13:00:00+00:00\",\"mainEntityOfPage\":{\"@id\":\"https:\/\/agenciainfra.com\/blog\/seguro-garantia-ampliacao-do-percentual-vai-necessitar-de-novo-mercado-de-seguro-de-obra\/\"},\"wordCount\":1000,\"publisher\":{\"@id\":\"https:\/\/agenciainfra.com\/blog\/#organization\"},\"image\":{\"@id\":\"https:\/\/agenciainfra.com\/blog\/seguro-garantia-ampliacao-do-percentual-vai-necessitar-de-novo-mercado-de-seguro-de-obra\/#primaryimage\"},\"thumbnailUrl\":\"https:\/\/agenciainfra.com\/blog\/wp-content\/uploads\/2021\/04\/obras-paralisadas-foto-fernando-frazao-agencia-brasil.png\",\"keywords\":[\"ABDIB\",\"Ac\u00f3rd\u00e3o 1.079\/2019\",\"administra\u00e7\u00e3o p\u00fablica\",\"Aneor\",\"Arap Nishi &amp; Uyeda Advogados\",\"Carlos Eduardo Lima Jorge\",\"CBIC\",\"contrata\u00e7\u00f5es\",\"Danniel Zveiter\",\"F.Torres Advogados\",\"F\u00e1bio Torres\",\"inadimpl\u00eancia\",\"Jos\u00e9 Carlos Martins\",\"judicializa\u00e7\u00e3o\",\"Lei 14.133\/2021\",\"Licenciamento ambiental\",\"Massami Uyeda\",\"matriz de risco\",\"Nova Lei de Licita\u00e7\u00f5es\",\"obras\",\"obras paralisadas\",\"paralisa\u00e7\u00e3o\",\"seguro garantia\",\"step-in\",\"TCU\",\"Venilton Tadini\"],\"articleSection\":[\"Geral\",\"iNFRATransporte\"],\"inLanguage\":\"pt-BR\",\"copyrightYear\":\"2021\",\"copyrightHolder\":{\"@id\":\"https:\/\/agenciainfra.com\/blog\/#organization\"}},{\"@type\":\"WebPage\",\"@id\":\"https:\/\/agenciainfra.com\/blog\/seguro-garantia-ampliacao-do-percentual-vai-necessitar-de-novo-mercado-de-seguro-de-obra\/\",\"url\":\"https:\/\/agenciainfra.com\/blog\/seguro-garantia-ampliacao-do-percentual-vai-necessitar-de-novo-mercado-de-seguro-de-obra\/\",\"name\":\"Seguro garantia: amplia\u00e7\u00e3o do percentual vai necessitar de novo mercado de seguro de obra - Ag\u00eancia iNFRA\",\"isPartOf\":{\"@id\":\"https:\/\/agenciainfra.com\/blog\/#website\"},\"primaryImageOfPage\":{\"@id\":\"https:\/\/agenciainfra.com\/blog\/seguro-garantia-ampliacao-do-percentual-vai-necessitar-de-novo-mercado-de-seguro-de-obra\/#primaryimage\"},\"image\":{\"@id\":\"https:\/\/agenciainfra.com\/blog\/seguro-garantia-ampliacao-do-percentual-vai-necessitar-de-novo-mercado-de-seguro-de-obra\/#primaryimage\"},\"thumbnailUrl\":\"https:\/\/agenciainfra.com\/blog\/wp-content\/uploads\/2021\/04\/obras-paralisadas-foto-fernando-frazao-agencia-brasil.png\",\"datePublished\":\"2021-04-10T13:00:00+00:00\",\"breadcrumb\":{\"@id\":\"https:\/\/agenciainfra.com\/blog\/seguro-garantia-ampliacao-do-percentual-vai-necessitar-de-novo-mercado-de-seguro-de-obra\/#breadcrumb\"},\"inLanguage\":\"pt-BR\",\"potentialAction\":[{\"@type\":\"ReadAction\",\"target\":[\"https:\/\/agenciainfra.com\/blog\/seguro-garantia-ampliacao-do-percentual-vai-necessitar-de-novo-mercado-de-seguro-de-obra\/\"]}]},{\"@type\":\"ImageObject\",\"inLanguage\":\"pt-BR\",\"@id\":\"https:\/\/agenciainfra.com\/blog\/seguro-garantia-ampliacao-do-percentual-vai-necessitar-de-novo-mercado-de-seguro-de-obra\/#primaryimage\",\"url\":\"https:\/\/agenciainfra.com\/blog\/wp-content\/uploads\/2021\/04\/obras-paralisadas-foto-fernando-frazao-agencia-brasil.png\",\"contentUrl\":\"https:\/\/agenciainfra.com\/blog\/wp-content\/uploads\/2021\/04\/obras-paralisadas-foto-fernando-frazao-agencia-brasil.png\",\"width\":1280,\"height\":850},{\"@type\":\"BreadcrumbList\",\"@id\":\"https:\/\/agenciainfra.com\/blog\/seguro-garantia-ampliacao-do-percentual-vai-necessitar-de-novo-mercado-de-seguro-de-obra\/#breadcrumb\",\"itemListElement\":[{\"@type\":\"ListItem\",\"position\":1,\"name\":\"In\u00edcio\",\"item\":\"https:\/\/agenciainfra.com\/blog\/\"},{\"@type\":\"ListItem\",\"position\":2,\"name\":\"Seguro garantia: amplia\u00e7\u00e3o do percentual vai necessitar de novo mercado de seguro de obra\"}]},{\"@type\":\"WebSite\",\"@id\":\"https:\/\/agenciainfra.com\/blog\/#website\",\"url\":\"https:\/\/agenciainfra.com\/blog\/\",\"name\":\"Ag\u00eancia iNFRA\",\"description\":\"Multiplataforma de informa\u00e7\u00e3o jornal\u00edstica refer\u00eancia na \u00e1rea de infraestrutura no Brasil!\",\"publisher\":{\"@id\":\"https:\/\/agenciainfra.com\/blog\/#organization\"},\"potentialAction\":[{\"@type\":\"SearchAction\",\"target\":{\"@type\":\"EntryPoint\",\"urlTemplate\":\"https:\/\/agenciainfra.com\/blog\/?s={search_term_string}\"},\"query-input\":{\"@type\":\"PropertyValueSpecification\",\"valueRequired\":true,\"valueName\":\"search_term_string\"}}],\"inLanguage\":\"pt-BR\"},{\"@type\":\"Organization\",\"@id\":\"https:\/\/agenciainfra.com\/blog\/#organization\",\"name\":\"Ag\u00eancia iNFRA\",\"url\":\"https:\/\/agenciainfra.com\/blog\/\",\"logo\":{\"@type\":\"ImageObject\",\"inLanguage\":\"pt-BR\",\"@id\":\"https:\/\/agenciainfra.com\/blog\/#\/schema\/logo\/image\/\",\"url\":\"https:\/\/agenciainfra.com\/blog\/wp-content\/uploads\/2023\/09\/iNFRA_5-e1761735885940.png\",\"contentUrl\":\"https:\/\/agenciainfra.com\/blog\/wp-content\/uploads\/2023\/09\/iNFRA_5-e1761735885940.png\",\"width\":1672,\"height\":454,\"caption\":\"Ag\u00eancia iNFRA\"},\"image\":{\"@id\":\"https:\/\/agenciainfra.com\/blog\/#\/schema\/logo\/image\/\"},\"sameAs\":[\"https:\/\/www.facebook.com\/ageninfra\",\"https:\/\/x.com\/agencia_infra\",\"https:\/\/www.linkedin.com\/company\/ag\u00eanciainfra\/\",\"https:\/\/www.instagram.com\/agenciainfra\/\"]},{\"@type\":\"Person\",\"@id\":\"https:\/\/agenciainfra.com\/blog\/#\/schema\/person\/04dbb79bd6d8951f063da71f3e4c1eb1\",\"name\":\"Rodrigo Zuquim\",\"image\":{\"@type\":\"ImageObject\",\"inLanguage\":\"pt-BR\",\"@id\":\"https:\/\/agenciainfra.com\/blog\/#\/schema\/person\/image\/\",\"url\":\"https:\/\/secure.gravatar.com\/avatar\/594abfe82761d620726242ff34ca472a705a4b97f16c790053a6b4c4035274d0?s=96&d=mm&r=g\",\"contentUrl\":\"https:\/\/secure.gravatar.com\/avatar\/594abfe82761d620726242ff34ca472a705a4b97f16c790053a6b4c4035274d0?s=96&d=mm&r=g\",\"caption\":\"Rodrigo Zuquim\"},\"url\":\"https:\/\/agenciainfra.com\/blog\/author\/rodrigo-zuquim\/\"}]}<\/script>\n<!-- \/ Yoast SEO Premium plugin. -->","yoast_head_json":{"title":"Seguro garantia: amplia\u00e7\u00e3o do percentual vai necessitar de novo mercado de seguro de obra - Ag\u00eancia iNFRA","robots":{"index":"index","follow":"follow","max-snippet":"max-snippet:-1","max-image-preview":"max-image-preview:large","max-video-preview":"max-video-preview:-1"},"canonical":"https:\/\/agenciainfra.com\/blog\/seguro-garantia-ampliacao-do-percentual-vai-necessitar-de-novo-mercado-de-seguro-de-obra\/","og_locale":"pt_BR","og_type":"article","og_title":"Seguro garantia: amplia\u00e7\u00e3o do percentual vai necessitar de novo mercado de seguro de obra","og_description":"da\u00a0Ag\u00eancia iNFRA A tentativa de acabar com obras paralisadas no pa\u00eds foi um dos temas que norteou a elabora\u00e7\u00e3o da nova lei de licita\u00e7\u00f5es ao longo das \u00faltimas tr\u00eas d\u00e9cadas. Mas o principal instrumento introduzido na Lei 14.133, a amplia\u00e7\u00e3o das possibilidades de uso de seguro garantia em grandes obras, pode n\u00e3o ser suficiente para [&hellip;]","og_url":"https:\/\/agenciainfra.com\/blog\/seguro-garantia-ampliacao-do-percentual-vai-necessitar-de-novo-mercado-de-seguro-de-obra\/","og_site_name":"Ag\u00eancia iNFRA","article_publisher":"https:\/\/www.facebook.com\/ageninfra","article_published_time":"2021-04-10T13:00:00+00:00","og_image":[{"width":1280,"height":850,"url":"https:\/\/agenciainfra.com\/blog\/wp-content\/uploads\/2021\/04\/obras-paralisadas-foto-fernando-frazao-agencia-brasil.png","type":"image\/png"}],"author":"Rodrigo Zuquim","twitter_card":"summary_large_image","twitter_creator":"@agencia_infra","twitter_site":"@agencia_infra","twitter_misc":{"Escrito por":"Rodrigo Zuquim","Est. tempo de leitura":"5 minutos"},"schema":{"@context":"https:\/\/schema.org","@graph":[{"@type":"Article","@id":"https:\/\/agenciainfra.com\/blog\/seguro-garantia-ampliacao-do-percentual-vai-necessitar-de-novo-mercado-de-seguro-de-obra\/#article","isPartOf":{"@id":"https:\/\/agenciainfra.com\/blog\/seguro-garantia-ampliacao-do-percentual-vai-necessitar-de-novo-mercado-de-seguro-de-obra\/"},"author":{"name":"Rodrigo Zuquim","@id":"https:\/\/agenciainfra.com\/blog\/#\/schema\/person\/04dbb79bd6d8951f063da71f3e4c1eb1"},"headline":"Seguro garantia: amplia\u00e7\u00e3o do percentual vai necessitar de novo mercado de seguro de obra","datePublished":"2021-04-10T13:00:00+00:00","mainEntityOfPage":{"@id":"https:\/\/agenciainfra.com\/blog\/seguro-garantia-ampliacao-do-percentual-vai-necessitar-de-novo-mercado-de-seguro-de-obra\/"},"wordCount":1000,"publisher":{"@id":"https:\/\/agenciainfra.com\/blog\/#organization"},"image":{"@id":"https:\/\/agenciainfra.com\/blog\/seguro-garantia-ampliacao-do-percentual-vai-necessitar-de-novo-mercado-de-seguro-de-obra\/#primaryimage"},"thumbnailUrl":"https:\/\/agenciainfra.com\/blog\/wp-content\/uploads\/2021\/04\/obras-paralisadas-foto-fernando-frazao-agencia-brasil.png","keywords":["ABDIB","Ac\u00f3rd\u00e3o 1.079\/2019","administra\u00e7\u00e3o p\u00fablica","Aneor","Arap Nishi &amp; Uyeda Advogados","Carlos Eduardo Lima Jorge","CBIC","contrata\u00e7\u00f5es","Danniel Zveiter","F.Torres Advogados","F\u00e1bio Torres","inadimpl\u00eancia","Jos\u00e9 Carlos Martins","judicializa\u00e7\u00e3o","Lei 14.133\/2021","Licenciamento ambiental","Massami Uyeda","matriz de risco","Nova Lei de Licita\u00e7\u00f5es","obras","obras paralisadas","paralisa\u00e7\u00e3o","seguro garantia","step-in","TCU","Venilton Tadini"],"articleSection":["Geral","iNFRATransporte"],"inLanguage":"pt-BR","copyrightYear":"2021","copyrightHolder":{"@id":"https:\/\/agenciainfra.com\/blog\/#organization"}},{"@type":"WebPage","@id":"https:\/\/agenciainfra.com\/blog\/seguro-garantia-ampliacao-do-percentual-vai-necessitar-de-novo-mercado-de-seguro-de-obra\/","url":"https:\/\/agenciainfra.com\/blog\/seguro-garantia-ampliacao-do-percentual-vai-necessitar-de-novo-mercado-de-seguro-de-obra\/","name":"Seguro garantia: amplia\u00e7\u00e3o do percentual vai necessitar de novo mercado de seguro de obra - Ag\u00eancia iNFRA","isPartOf":{"@id":"https:\/\/agenciainfra.com\/blog\/#website"},"primaryImageOfPage":{"@id":"https:\/\/agenciainfra.com\/blog\/seguro-garantia-ampliacao-do-percentual-vai-necessitar-de-novo-mercado-de-seguro-de-obra\/#primaryimage"},"image":{"@id":"https:\/\/agenciainfra.com\/blog\/seguro-garantia-ampliacao-do-percentual-vai-necessitar-de-novo-mercado-de-seguro-de-obra\/#primaryimage"},"thumbnailUrl":"https:\/\/agenciainfra.com\/blog\/wp-content\/uploads\/2021\/04\/obras-paralisadas-foto-fernando-frazao-agencia-brasil.png","datePublished":"2021-04-10T13:00:00+00:00","breadcrumb":{"@id":"https:\/\/agenciainfra.com\/blog\/seguro-garantia-ampliacao-do-percentual-vai-necessitar-de-novo-mercado-de-seguro-de-obra\/#breadcrumb"},"inLanguage":"pt-BR","potentialAction":[{"@type":"ReadAction","target":["https:\/\/agenciainfra.com\/blog\/seguro-garantia-ampliacao-do-percentual-vai-necessitar-de-novo-mercado-de-seguro-de-obra\/"]}]},{"@type":"ImageObject","inLanguage":"pt-BR","@id":"https:\/\/agenciainfra.com\/blog\/seguro-garantia-ampliacao-do-percentual-vai-necessitar-de-novo-mercado-de-seguro-de-obra\/#primaryimage","url":"https:\/\/agenciainfra.com\/blog\/wp-content\/uploads\/2021\/04\/obras-paralisadas-foto-fernando-frazao-agencia-brasil.png","contentUrl":"https:\/\/agenciainfra.com\/blog\/wp-content\/uploads\/2021\/04\/obras-paralisadas-foto-fernando-frazao-agencia-brasil.png","width":1280,"height":850},{"@type":"BreadcrumbList","@id":"https:\/\/agenciainfra.com\/blog\/seguro-garantia-ampliacao-do-percentual-vai-necessitar-de-novo-mercado-de-seguro-de-obra\/#breadcrumb","itemListElement":[{"@type":"ListItem","position":1,"name":"In\u00edcio","item":"https:\/\/agenciainfra.com\/blog\/"},{"@type":"ListItem","position":2,"name":"Seguro garantia: amplia\u00e7\u00e3o do percentual vai necessitar de novo mercado de seguro de obra"}]},{"@type":"WebSite","@id":"https:\/\/agenciainfra.com\/blog\/#website","url":"https:\/\/agenciainfra.com\/blog\/","name":"Ag\u00eancia iNFRA","description":"Multiplataforma de informa\u00e7\u00e3o jornal\u00edstica refer\u00eancia na \u00e1rea de infraestrutura no Brasil!","publisher":{"@id":"https:\/\/agenciainfra.com\/blog\/#organization"},"potentialAction":[{"@type":"SearchAction","target":{"@type":"EntryPoint","urlTemplate":"https:\/\/agenciainfra.com\/blog\/?s={search_term_string}"},"query-input":{"@type":"PropertyValueSpecification","valueRequired":true,"valueName":"search_term_string"}}],"inLanguage":"pt-BR"},{"@type":"Organization","@id":"https:\/\/agenciainfra.com\/blog\/#organization","name":"Ag\u00eancia iNFRA","url":"https:\/\/agenciainfra.com\/blog\/","logo":{"@type":"ImageObject","inLanguage":"pt-BR","@id":"https:\/\/agenciainfra.com\/blog\/#\/schema\/logo\/image\/","url":"https:\/\/agenciainfra.com\/blog\/wp-content\/uploads\/2023\/09\/iNFRA_5-e1761735885940.png","contentUrl":"https:\/\/agenciainfra.com\/blog\/wp-content\/uploads\/2023\/09\/iNFRA_5-e1761735885940.png","width":1672,"height":454,"caption":"Ag\u00eancia iNFRA"},"image":{"@id":"https:\/\/agenciainfra.com\/blog\/#\/schema\/logo\/image\/"},"sameAs":["https:\/\/www.facebook.com\/ageninfra","https:\/\/x.com\/agencia_infra","https:\/\/www.linkedin.com\/company\/ag\u00eanciainfra\/","https:\/\/www.instagram.com\/agenciainfra\/"]},{"@type":"Person","@id":"https:\/\/agenciainfra.com\/blog\/#\/schema\/person\/04dbb79bd6d8951f063da71f3e4c1eb1","name":"Rodrigo Zuquim","image":{"@type":"ImageObject","inLanguage":"pt-BR","@id":"https:\/\/agenciainfra.com\/blog\/#\/schema\/person\/image\/","url":"https:\/\/secure.gravatar.com\/avatar\/594abfe82761d620726242ff34ca472a705a4b97f16c790053a6b4c4035274d0?s=96&d=mm&r=g","contentUrl":"https:\/\/secure.gravatar.com\/avatar\/594abfe82761d620726242ff34ca472a705a4b97f16c790053a6b4c4035274d0?s=96&d=mm&r=g","caption":"Rodrigo Zuquim"},"url":"https:\/\/agenciainfra.com\/blog\/author\/rodrigo-zuquim\/"}]}},"_links":{"self":[{"href":"https:\/\/agenciainfra.com\/blog\/wp-json\/wp\/v2\/posts\/7096","targetHints":{"allow":["GET"]}}],"collection":[{"href":"https:\/\/agenciainfra.com\/blog\/wp-json\/wp\/v2\/posts"}],"about":[{"href":"https:\/\/agenciainfra.com\/blog\/wp-json\/wp\/v2\/types\/post"}],"author":[{"embeddable":true,"href":"https:\/\/agenciainfra.com\/blog\/wp-json\/wp\/v2\/users\/9"}],"replies":[{"embeddable":true,"href":"https:\/\/agenciainfra.com\/blog\/wp-json\/wp\/v2\/comments?post=7096"}],"version-history":[{"count":0,"href":"https:\/\/agenciainfra.com\/blog\/wp-json\/wp\/v2\/posts\/7096\/revisions"}],"wp:featuredmedia":[{"embeddable":true,"href":"https:\/\/agenciainfra.com\/blog\/wp-json\/wp\/v2\/media\/7097"}],"wp:attachment":[{"href":"https:\/\/agenciainfra.com\/blog\/wp-json\/wp\/v2\/media?parent=7096"}],"wp:term":[{"taxonomy":"category","embeddable":true,"href":"https:\/\/agenciainfra.com\/blog\/wp-json\/wp\/v2\/categories?post=7096"},{"taxonomy":"post_tag","embeddable":true,"href":"https:\/\/agenciainfra.com\/blog\/wp-json\/wp\/v2\/tags?post=7096"}],"curies":[{"name":"wp","href":"https:\/\/api.w.org\/{rel}","templated":true}]}}