{"id":7117,"date":"2021-04-15T08:00:00","date_gmt":"2021-04-15T11:00:00","guid":{"rendered":"https:\/\/www.agenciainfra.com\/blog\/?p=7117"},"modified":"2021-04-13T11:16:56","modified_gmt":"2021-04-13T14:16:56","slug":"seca-continuara-em-2021-mas-2022-deve-ter-chuvas-acima-da-media-diz-ceo-do-climatempo","status":"publish","type":"post","link":"https:\/\/agenciainfra.com\/blog\/seca-continuara-em-2021-mas-2022-deve-ter-chuvas-acima-da-media-diz-ceo-do-climatempo\/","title":{"rendered":"Seca continuar\u00e1 em 2021, mas 2022 deve ter chuvas acima da m\u00e9dia, diz CEO do Climatempo"},"content":{"rendered":"\n<hr class=\"wp-block-separator\"\/>\n\n\n\n<p class=\"has-text-align-right\"><strong>Nestor Rabello e Leila Coimbra, da Ag\u00eancia iNFRA<\/strong><\/p>\n\n\n\n<p>O cen\u00e1rio de escassez h\u00eddrica que tem atingido recordes nos \u00faltimos meses deve continuar cr\u00edtico neste ano. Mas, a partir de &nbsp;2022, as chuvas devem voltar, e acima da m\u00e9dia \u2013 gra\u00e7as ao El Ni\u00f1o \u2013 disse o CEO do Climatempo, Carlos Magno, em entrevista&nbsp;<strong>Ag\u00eancia iNFRA<\/strong>.&nbsp;<br><br>Segundo o especialista, a tend\u00eancia para este ano \u00e9 de manuten\u00e7\u00e3o de um volume baixo de chuvas, especialmente na regi\u00e3o&nbsp;Centro-Sul \u2013 a chamada&nbsp;\u201ccaixa d\u2019\u00e1gua\u201d do pa\u00eds, e que tem sido a mais prejudicada com a estiagem desde o ano passado.&nbsp;<br><br>\u201cA&nbsp;gente est\u00e1&nbsp;num estado muito cr\u00edtico porque entramos no per\u00edodo seco com baixa reserva h\u00eddrica no Centro-Sul do Brasil, e a tend\u00eancia \u00e9 que essa recupera\u00e7\u00e3o s\u00f3 venha a acontecer no pr\u00f3ximo per\u00edodo chuvoso, a partir do m\u00eas de outubro\u201d, disse Magno. \u201cA tend\u00eancia \u00e9 chover pouco mesmo, exatamente na regi\u00e3o onde precisa chover para manter essa \u2018caixa d\u2019\u00e1gua\u2019 cheia&#8221;, disse.&nbsp;<br><br>&#8220;Certamente vamos enfrentar um per\u00edodo de bandeira vermelha, de estado de aten\u00e7\u00e3o para a quest\u00e3o da \u00e1gua nos reservat\u00f3rios [&#8230;].&nbsp;Se eu fosse um t\u00e9cnico que participasse do comit\u00ea de decis\u00e3o do governo, eu certamente alertaria para uma decis\u00e3o mais dr\u00e1stica\u201d, alertou Magno.<br><br><strong>Volume insuficiente nos reservat\u00f3rios<\/strong><br>O pa\u00eds registrou a&nbsp;<a href=\"https:\/\/agenciainfra.us14.list-manage.com\/track\/click?u=d460dd1bcf9ba0ae040e1fc0f&amp;id=d9e70c3040&amp;e=c099169394\" target=\"_blank\" rel=\"noreferrer noopener\">pior<\/a>&nbsp;aflu\u00eancia dos \u00faltimos 91 anos para o per\u00edodo de setembro do ano passado a mar\u00e7o, segundo o CMSE (Comit\u00ea de Monitoramento do Setor El\u00e9trico). O comit\u00ea decidiu manter o despacho de t\u00e9rmicas fora da ordem do m\u00e9rito para poupar os reservat\u00f3rios na \u00faltima semana, diante da previs\u00e3o de chuvas esparsas no Sudeste e do in\u00edcio do per\u00edodo seco.<br><br>Diante desse contexto, Magno&nbsp;aponta que o volume de chuvas previsto para o ano ainda ser\u00e1 insuficiente para recompor os reservat\u00f3rios.<br><br>\u201cMesmo que haja precipita\u00e7\u00e3o acima do normal, como o volume esperado para essa \u00e9poca do ano \u00e9 baixo, n\u00e3o ser\u00e1 o suficiente para recuperar os reservat\u00f3rios. E sim a partir de outubro, acontecendo precipita\u00e7\u00f5es acima do normal, poderemos observar uma recupera\u00e7\u00e3o [nos reservat\u00f3rios]&nbsp;de 2021 para 2022\u201d, disse.<br><br><strong>2022: Fen\u00f4meno El Ni\u00f1o<\/strong><br>Mas o fen\u00f4meno El Ni\u00f1o deve se estabelecer a partir do pr\u00f3ximo ano, revertendo o atual cen\u00e1rio para uma melhora de chuvas no pa\u00eds. Ainda assim, h\u00e1 incertezas sobre o volume dessas&nbsp;chuvas, conforme o especialista.<br><br>&#8220;At\u00e9 o fim deste ano, devemos ficar num per\u00edodo de neutralidade. A tend\u00eancia \u00e9 o El Ni\u00f1o se estabelecer a partir de 2022. A intensidade dele \u00e9 que ainda est\u00e1 sendo considerada uma intensidade fraca. Mas ainda \u00e9 muito cedo para afirmar se ele vai se intensificar ou n\u00e3o&#8221;, salientou.<br><br>O evento meteorol\u00f3gico acontece quando h\u00e1 o resfriamento das \u00e1guas no Oceano Pac\u00edfico, provocando precipita\u00e7\u00f5es acima da m\u00e9dia na regi\u00e3o Centro-Sul do pa\u00eds. No momento, o regime de chuvas \u00e9 afetado pelo La Ni\u00f1a, em que ocorre o efeito contr\u00e1rio, de seca nessa&nbsp;regi\u00e3o.&nbsp;<br><br><strong>Seca veio pra ficar<\/strong><br>De maneira geral, o&nbsp;executivo aponta que o pa\u00eds continuar\u00e1 convivendo com um clima mais seco, conforme tem sido o caso nos \u00faltimos anos. Ele atribui isso, principalmente, ao&nbsp;desmatamento na regi\u00e3o Amaz\u00f4nica, o que desregula as chuvas no restante do pa\u00eds.<br><br>\u201c\u00c9 uma tend\u00eancia dessa \u00e1rea que a gente chama de \u2018caixa d&#8217;\u00e1gua\u2019 brasileira ficar cada vez mais seca por causa do aquecimento global e do impacto da redu\u00e7\u00e3o da floresta amaz\u00f4nica que vem acontecendo sistematicamente nesses \u00faltimos anos. Isso \u00e9 uma realidade. Ent\u00e3o, essa tend\u00eancia \u00e9 uma que vamos ter que continuar convivendo com ela\u201d, refor\u00e7ou.&nbsp;<br><br><strong>Sem atraso nas chuvas<\/strong><br>Para o fim de abril, a previs\u00e3o tra\u00e7ada pelo CMSE \u00e9 que o armazenamento dos reservat\u00f3rios dos subsistemas Sudeste\/Centro-Oeste atinja o n\u00edvel de 36%; o do Sul fique com 61,3%; o do Nordeste, com 66,9%; e o do Norte, com 83% da EAR m\u00e1xima (energia armazenada). O per\u00edodo de seca tem in\u00edcio por volta de abril, com a fase de chuvas tendo in\u00edcio em outubro.<br><br>No entanto, diferente do ano passado&nbsp;\u2013 quando houve o atraso para a entrada do per\u00edodo \u00famido&nbsp;\u2013, a tend\u00eancia \u00e9&nbsp;n\u00e3o haver atrasos para o in\u00edcio das chuvas, em outubro. &#8220;Eu n\u00e3o acredito que isso aconte\u00e7a neste ano. A tend\u00eancia \u00e9 que o regime de precipita\u00e7\u00e3o fique dentro do normal&#8221;, apontou.<br><br><strong>Situa\u00e7\u00e3o preocupa<\/strong><br>Agentes e autoridades do setor el\u00e9trico t\u00eam olhado para a crise h\u00eddrica com preocupa\u00e7\u00e3o nos \u00faltimos meses. Com o misto de&nbsp;<a href=\"https:\/\/agenciainfra.us14.list-manage.com\/track\/click?u=d460dd1bcf9ba0ae040e1fc0f&amp;id=cd13c6a59e&amp;e=c099169394\" target=\"_blank\" rel=\"noreferrer noopener\">temperatura<\/a>&nbsp;recorde e falta de \u00e1gua, o governo tem aumentado a gera\u00e7\u00e3o t\u00e9rmica, mais cara, o que tamb\u00e9m tem pressionado as tarifas de energia.<br><br>No fim do ano passado, a ANEEL (Ag\u00eancia Nacional de Energia El\u00e9trica) retomou o mecanismo de&nbsp;acionamento das bandeiras tarif\u00e1rias&nbsp;\u2013 que aumenta o custo das contas de luz para frear o consumo quando os reservat\u00f3rios das hidrel\u00e9tricas est\u00e3o baixos.<br><br>Com esse cen\u00e1rio, est\u00e1 em an\u00e1lise uma altera\u00e7\u00e3o dessas bandeiras: a ag\u00eancia prop\u00f4s um aumento de&nbsp; 21% no valor da bandeira vermelha no patamar 2, de maior custo adicional aos consumidores. O valor passaria dos atuais R$ 6,243 para R$ 7,571 a cada 100 kWh (quilowatt-hora) consumidos.<br><br><strong>Ventos no Nordeste<\/strong><br>Com o aumento de chuvas previsto para a regi\u00e3o Centro-Sul nos pr\u00f3ximos anos, a seca deve voltar a se concentrar no Nordeste. Isso, segundo Magno, deve resultar no aumento de ventos na regi\u00e3o, onde se encontram os principais parques e\u00f3licos do pa\u00eds.<br><br>&#8220;Nosso grupo de cientistas chegou \u00e0 conclus\u00e3o que a tend\u00eancia \u00e9 de o vento na regi\u00e3o Nordeste aumentar para os pr\u00f3ximos dois anos, que n\u00f3s passamos de certa forma por um per\u00edodo de chuva no Nordeste brasileiro que acabou diminuindo a intensidade dos ventos. Diminuiu e agora a tend\u00eancia \u00e9 de aumentar a intensidade dos ventos no Nordeste. Por um lado \u00e9 bom, porque acaba compensando um pouco a quest\u00e3o de falta de \u00e1gua.&#8221;<\/p>\n","protected":false},"excerpt":{"rendered":"<p>Nestor Rabello e Leila Coimbra, da Ag\u00eancia iNFRA O cen\u00e1rio de escassez h\u00eddrica que tem atingido recordes nos \u00faltimos meses deve continuar cr\u00edtico neste ano. Mas, a partir de &nbsp;2022, as chuvas devem voltar, e acima da m\u00e9dia \u2013 gra\u00e7as ao El Ni\u00f1o \u2013 disse o CEO do Climatempo, Carlos Magno, em entrevista&nbsp;Ag\u00eancia iNFRA.&nbsp; Segundo [&hellip;]<\/p>\n","protected":false},"author":9,"featured_media":7118,"comment_status":"closed","ping_status":"closed","sticky":false,"template":"","format":"standard","meta":{"_monsterinsights_skip_tracking":false,"_monsterinsights_sitenote_active":false,"_monsterinsights_sitenote_note":"","_monsterinsights_sitenote_category":0,"footnotes":""},"categories":[1,10],"tags":[53,3868,833,4013,742,4011,792,3576,3487,4012,829,635,4014,632,4015,1819,4010,1386,631],"class_list":["post-7117","post","type-post","status-publish","format-standard","has-post-thumbnail","hentry","category-geral","category-infraenergia","tag-aneel","tag-bandeira-vermelha","tag-bandeiras-tarifarias","tag-carlos-magno","tag-chuvas","tag-climatempo","tag-cmse","tag-contas-de-luz","tag-crise-hidrica","tag-el-nino","tag-geracao-termica","tag-hidreletricas","tag-la-nina","tag-nordeste","tag-parques-eolicos","tag-reservatorios","tag-seca","tag-tarifas-de-energia","tag-termicas"],"yoast_head":"<!-- This site is optimized with the Yoast SEO Premium plugin v25.4 (Yoast SEO v26.0) - https:\/\/yoast.com\/wordpress\/plugins\/seo\/ -->\n<title>Seca continuar\u00e1 em 2021, mas 2022 deve ter chuvas acima da m\u00e9dia, diz CEO do Climatempo - Ag\u00eancia iNFRA<\/title>\n<meta name=\"robots\" content=\"index, follow, max-snippet:-1, max-image-preview:large, max-video-preview:-1\" \/>\n<link rel=\"canonical\" href=\"https:\/\/agenciainfra.com\/blog\/seca-continuara-em-2021-mas-2022-deve-ter-chuvas-acima-da-media-diz-ceo-do-climatempo\/\" \/>\n<meta property=\"og:locale\" content=\"pt_BR\" \/>\n<meta property=\"og:type\" content=\"article\" \/>\n<meta property=\"og:title\" content=\"Seca continuar\u00e1 em 2021, mas 2022 deve ter chuvas acima da m\u00e9dia, diz CEO do Climatempo\" \/>\n<meta property=\"og:description\" content=\"Nestor Rabello e Leila Coimbra, da Ag\u00eancia iNFRA O cen\u00e1rio de escassez h\u00eddrica que tem atingido recordes nos \u00faltimos meses deve continuar cr\u00edtico neste ano. Mas, a partir de &nbsp;2022, as chuvas devem voltar, e acima da m\u00e9dia \u2013 gra\u00e7as ao El Ni\u00f1o \u2013 disse o CEO do Climatempo, Carlos Magno, em entrevista&nbsp;Ag\u00eancia iNFRA.&nbsp; Segundo [&hellip;]\" \/>\n<meta property=\"og:url\" content=\"https:\/\/agenciainfra.com\/blog\/seca-continuara-em-2021-mas-2022-deve-ter-chuvas-acima-da-media-diz-ceo-do-climatempo\/\" \/>\n<meta property=\"og:site_name\" content=\"Ag\u00eancia iNFRA\" \/>\n<meta property=\"article:publisher\" content=\"https:\/\/www.facebook.com\/ageninfra\" \/>\n<meta property=\"article:published_time\" content=\"2021-04-15T11:00:00+00:00\" \/>\n<meta property=\"og:image\" content=\"https:\/\/agenciainfra.com\/blog\/wp-content\/uploads\/2021\/04\/sol-nuvens-foto-dominio-publico.jpeg\" \/>\n\t<meta property=\"og:image:width\" content=\"1280\" \/>\n\t<meta property=\"og:image:height\" content=\"809\" \/>\n\t<meta property=\"og:image:type\" content=\"image\/jpeg\" \/>\n<meta name=\"author\" content=\"Rodrigo Zuquim\" \/>\n<meta name=\"twitter:card\" content=\"summary_large_image\" \/>\n<meta name=\"twitter:creator\" content=\"@agencia_infra\" \/>\n<meta name=\"twitter:site\" content=\"@agencia_infra\" \/>\n<meta name=\"twitter:label1\" content=\"Escrito por\" \/>\n\t<meta name=\"twitter:data1\" content=\"Rodrigo Zuquim\" \/>\n\t<meta name=\"twitter:label2\" content=\"Est. tempo de leitura\" \/>\n\t<meta name=\"twitter:data2\" content=\"5 minutos\" \/>\n<script type=\"application\/ld+json\" class=\"yoast-schema-graph\">{\"@context\":\"https:\/\/schema.org\",\"@graph\":[{\"@type\":\"Article\",\"@id\":\"https:\/\/agenciainfra.com\/blog\/seca-continuara-em-2021-mas-2022-deve-ter-chuvas-acima-da-media-diz-ceo-do-climatempo\/#article\",\"isPartOf\":{\"@id\":\"https:\/\/agenciainfra.com\/blog\/seca-continuara-em-2021-mas-2022-deve-ter-chuvas-acima-da-media-diz-ceo-do-climatempo\/\"},\"author\":{\"name\":\"Rodrigo Zuquim\",\"@id\":\"https:\/\/agenciainfra.com\/blog\/#\/schema\/person\/04dbb79bd6d8951f063da71f3e4c1eb1\"},\"headline\":\"Seca continuar\u00e1 em 2021, mas 2022 deve ter chuvas acima da m\u00e9dia, diz CEO do Climatempo\",\"datePublished\":\"2021-04-15T11:00:00+00:00\",\"mainEntityOfPage\":{\"@id\":\"https:\/\/agenciainfra.com\/blog\/seca-continuara-em-2021-mas-2022-deve-ter-chuvas-acima-da-media-diz-ceo-do-climatempo\/\"},\"wordCount\":1082,\"publisher\":{\"@id\":\"https:\/\/agenciainfra.com\/blog\/#organization\"},\"image\":{\"@id\":\"https:\/\/agenciainfra.com\/blog\/seca-continuara-em-2021-mas-2022-deve-ter-chuvas-acima-da-media-diz-ceo-do-climatempo\/#primaryimage\"},\"thumbnailUrl\":\"https:\/\/agenciainfra.com\/blog\/wp-content\/uploads\/2021\/04\/sol-nuvens-foto-dominio-publico.jpeg\",\"keywords\":[\"ANEEL\",\"bandeira vermelha\",\"bandeiras tarif\u00e1rias\",\"Carlos Magno\",\"chuvas\",\"Climatempo\",\"CMSE\",\"contas de luz\",\"crise h\u00eddrica\",\"El Ni\u00f1o\",\"gera\u00e7\u00e3o t\u00e9rmica\",\"Hidrel\u00e9tricas\",\"La Ni\u00f1a\",\"nordeste\",\"parques e\u00f3licos\",\"reservat\u00f3rios\",\"seca\",\"tarifas de energia\",\"t\u00e9rmicas\"],\"articleSection\":[\"Geral\",\"iNFRAEnergia\"],\"inLanguage\":\"pt-BR\",\"copyrightYear\":\"2021\",\"copyrightHolder\":{\"@id\":\"https:\/\/agenciainfra.com\/blog\/#organization\"}},{\"@type\":\"WebPage\",\"@id\":\"https:\/\/agenciainfra.com\/blog\/seca-continuara-em-2021-mas-2022-deve-ter-chuvas-acima-da-media-diz-ceo-do-climatempo\/\",\"url\":\"https:\/\/agenciainfra.com\/blog\/seca-continuara-em-2021-mas-2022-deve-ter-chuvas-acima-da-media-diz-ceo-do-climatempo\/\",\"name\":\"Seca continuar\u00e1 em 2021, mas 2022 deve ter chuvas acima da m\u00e9dia, diz CEO do Climatempo - Ag\u00eancia iNFRA\",\"isPartOf\":{\"@id\":\"https:\/\/agenciainfra.com\/blog\/#website\"},\"primaryImageOfPage\":{\"@id\":\"https:\/\/agenciainfra.com\/blog\/seca-continuara-em-2021-mas-2022-deve-ter-chuvas-acima-da-media-diz-ceo-do-climatempo\/#primaryimage\"},\"image\":{\"@id\":\"https:\/\/agenciainfra.com\/blog\/seca-continuara-em-2021-mas-2022-deve-ter-chuvas-acima-da-media-diz-ceo-do-climatempo\/#primaryimage\"},\"thumbnailUrl\":\"https:\/\/agenciainfra.com\/blog\/wp-content\/uploads\/2021\/04\/sol-nuvens-foto-dominio-publico.jpeg\",\"datePublished\":\"2021-04-15T11:00:00+00:00\",\"breadcrumb\":{\"@id\":\"https:\/\/agenciainfra.com\/blog\/seca-continuara-em-2021-mas-2022-deve-ter-chuvas-acima-da-media-diz-ceo-do-climatempo\/#breadcrumb\"},\"inLanguage\":\"pt-BR\",\"potentialAction\":[{\"@type\":\"ReadAction\",\"target\":[\"https:\/\/agenciainfra.com\/blog\/seca-continuara-em-2021-mas-2022-deve-ter-chuvas-acima-da-media-diz-ceo-do-climatempo\/\"]}]},{\"@type\":\"ImageObject\",\"inLanguage\":\"pt-BR\",\"@id\":\"https:\/\/agenciainfra.com\/blog\/seca-continuara-em-2021-mas-2022-deve-ter-chuvas-acima-da-media-diz-ceo-do-climatempo\/#primaryimage\",\"url\":\"https:\/\/agenciainfra.com\/blog\/wp-content\/uploads\/2021\/04\/sol-nuvens-foto-dominio-publico.jpeg\",\"contentUrl\":\"https:\/\/agenciainfra.com\/blog\/wp-content\/uploads\/2021\/04\/sol-nuvens-foto-dominio-publico.jpeg\",\"width\":1280,\"height\":809,\"caption\":\"Foto: Dom\u00ednio p\u00fablico\"},{\"@type\":\"BreadcrumbList\",\"@id\":\"https:\/\/agenciainfra.com\/blog\/seca-continuara-em-2021-mas-2022-deve-ter-chuvas-acima-da-media-diz-ceo-do-climatempo\/#breadcrumb\",\"itemListElement\":[{\"@type\":\"ListItem\",\"position\":1,\"name\":\"In\u00edcio\",\"item\":\"https:\/\/agenciainfra.com\/blog\/\"},{\"@type\":\"ListItem\",\"position\":2,\"name\":\"Seca continuar\u00e1 em 2021, mas 2022 deve ter chuvas acima da m\u00e9dia, diz CEO do Climatempo\"}]},{\"@type\":\"WebSite\",\"@id\":\"https:\/\/agenciainfra.com\/blog\/#website\",\"url\":\"https:\/\/agenciainfra.com\/blog\/\",\"name\":\"Ag\u00eancia iNFRA\",\"description\":\"Multiplataforma de informa\u00e7\u00e3o jornal\u00edstica refer\u00eancia na \u00e1rea de infraestrutura no Brasil!\",\"publisher\":{\"@id\":\"https:\/\/agenciainfra.com\/blog\/#organization\"},\"potentialAction\":[{\"@type\":\"SearchAction\",\"target\":{\"@type\":\"EntryPoint\",\"urlTemplate\":\"https:\/\/agenciainfra.com\/blog\/?s={search_term_string}\"},\"query-input\":{\"@type\":\"PropertyValueSpecification\",\"valueRequired\":true,\"valueName\":\"search_term_string\"}}],\"inLanguage\":\"pt-BR\"},{\"@type\":\"Organization\",\"@id\":\"https:\/\/agenciainfra.com\/blog\/#organization\",\"name\":\"Ag\u00eancia iNFRA\",\"url\":\"https:\/\/agenciainfra.com\/blog\/\",\"logo\":{\"@type\":\"ImageObject\",\"inLanguage\":\"pt-BR\",\"@id\":\"https:\/\/agenciainfra.com\/blog\/#\/schema\/logo\/image\/\",\"url\":\"https:\/\/agenciainfra.com\/blog\/wp-content\/uploads\/2023\/09\/iNFRA_5-e1761735885940.png\",\"contentUrl\":\"https:\/\/agenciainfra.com\/blog\/wp-content\/uploads\/2023\/09\/iNFRA_5-e1761735885940.png\",\"width\":1672,\"height\":454,\"caption\":\"Ag\u00eancia iNFRA\"},\"image\":{\"@id\":\"https:\/\/agenciainfra.com\/blog\/#\/schema\/logo\/image\/\"},\"sameAs\":[\"https:\/\/www.facebook.com\/ageninfra\",\"https:\/\/x.com\/agencia_infra\",\"https:\/\/www.linkedin.com\/company\/ag\u00eanciainfra\/\",\"https:\/\/www.instagram.com\/agenciainfra\/\"]},{\"@type\":\"Person\",\"@id\":\"https:\/\/agenciainfra.com\/blog\/#\/schema\/person\/04dbb79bd6d8951f063da71f3e4c1eb1\",\"name\":\"Rodrigo Zuquim\",\"image\":{\"@type\":\"ImageObject\",\"inLanguage\":\"pt-BR\",\"@id\":\"https:\/\/agenciainfra.com\/blog\/#\/schema\/person\/image\/\",\"url\":\"https:\/\/secure.gravatar.com\/avatar\/594abfe82761d620726242ff34ca472a705a4b97f16c790053a6b4c4035274d0?s=96&d=mm&r=g\",\"contentUrl\":\"https:\/\/secure.gravatar.com\/avatar\/594abfe82761d620726242ff34ca472a705a4b97f16c790053a6b4c4035274d0?s=96&d=mm&r=g\",\"caption\":\"Rodrigo Zuquim\"},\"url\":\"https:\/\/agenciainfra.com\/blog\/author\/rodrigo-zuquim\/\"}]}<\/script>\n<!-- \/ Yoast SEO Premium plugin. -->","yoast_head_json":{"title":"Seca continuar\u00e1 em 2021, mas 2022 deve ter chuvas acima da m\u00e9dia, diz CEO do Climatempo - Ag\u00eancia iNFRA","robots":{"index":"index","follow":"follow","max-snippet":"max-snippet:-1","max-image-preview":"max-image-preview:large","max-video-preview":"max-video-preview:-1"},"canonical":"https:\/\/agenciainfra.com\/blog\/seca-continuara-em-2021-mas-2022-deve-ter-chuvas-acima-da-media-diz-ceo-do-climatempo\/","og_locale":"pt_BR","og_type":"article","og_title":"Seca continuar\u00e1 em 2021, mas 2022 deve ter chuvas acima da m\u00e9dia, diz CEO do Climatempo","og_description":"Nestor Rabello e Leila Coimbra, da Ag\u00eancia iNFRA O cen\u00e1rio de escassez h\u00eddrica que tem atingido recordes nos \u00faltimos meses deve continuar cr\u00edtico neste ano. Mas, a partir de &nbsp;2022, as chuvas devem voltar, e acima da m\u00e9dia \u2013 gra\u00e7as ao El Ni\u00f1o \u2013 disse o CEO do Climatempo, Carlos Magno, em entrevista&nbsp;Ag\u00eancia iNFRA.&nbsp; Segundo [&hellip;]","og_url":"https:\/\/agenciainfra.com\/blog\/seca-continuara-em-2021-mas-2022-deve-ter-chuvas-acima-da-media-diz-ceo-do-climatempo\/","og_site_name":"Ag\u00eancia iNFRA","article_publisher":"https:\/\/www.facebook.com\/ageninfra","article_published_time":"2021-04-15T11:00:00+00:00","og_image":[{"width":1280,"height":809,"url":"https:\/\/agenciainfra.com\/blog\/wp-content\/uploads\/2021\/04\/sol-nuvens-foto-dominio-publico.jpeg","type":"image\/jpeg"}],"author":"Rodrigo Zuquim","twitter_card":"summary_large_image","twitter_creator":"@agencia_infra","twitter_site":"@agencia_infra","twitter_misc":{"Escrito por":"Rodrigo Zuquim","Est. tempo de leitura":"5 minutos"},"schema":{"@context":"https:\/\/schema.org","@graph":[{"@type":"Article","@id":"https:\/\/agenciainfra.com\/blog\/seca-continuara-em-2021-mas-2022-deve-ter-chuvas-acima-da-media-diz-ceo-do-climatempo\/#article","isPartOf":{"@id":"https:\/\/agenciainfra.com\/blog\/seca-continuara-em-2021-mas-2022-deve-ter-chuvas-acima-da-media-diz-ceo-do-climatempo\/"},"author":{"name":"Rodrigo Zuquim","@id":"https:\/\/agenciainfra.com\/blog\/#\/schema\/person\/04dbb79bd6d8951f063da71f3e4c1eb1"},"headline":"Seca continuar\u00e1 em 2021, mas 2022 deve ter chuvas acima da m\u00e9dia, diz CEO do Climatempo","datePublished":"2021-04-15T11:00:00+00:00","mainEntityOfPage":{"@id":"https:\/\/agenciainfra.com\/blog\/seca-continuara-em-2021-mas-2022-deve-ter-chuvas-acima-da-media-diz-ceo-do-climatempo\/"},"wordCount":1082,"publisher":{"@id":"https:\/\/agenciainfra.com\/blog\/#organization"},"image":{"@id":"https:\/\/agenciainfra.com\/blog\/seca-continuara-em-2021-mas-2022-deve-ter-chuvas-acima-da-media-diz-ceo-do-climatempo\/#primaryimage"},"thumbnailUrl":"https:\/\/agenciainfra.com\/blog\/wp-content\/uploads\/2021\/04\/sol-nuvens-foto-dominio-publico.jpeg","keywords":["ANEEL","bandeira vermelha","bandeiras tarif\u00e1rias","Carlos Magno","chuvas","Climatempo","CMSE","contas de luz","crise h\u00eddrica","El Ni\u00f1o","gera\u00e7\u00e3o t\u00e9rmica","Hidrel\u00e9tricas","La Ni\u00f1a","nordeste","parques e\u00f3licos","reservat\u00f3rios","seca","tarifas de energia","t\u00e9rmicas"],"articleSection":["Geral","iNFRAEnergia"],"inLanguage":"pt-BR","copyrightYear":"2021","copyrightHolder":{"@id":"https:\/\/agenciainfra.com\/blog\/#organization"}},{"@type":"WebPage","@id":"https:\/\/agenciainfra.com\/blog\/seca-continuara-em-2021-mas-2022-deve-ter-chuvas-acima-da-media-diz-ceo-do-climatempo\/","url":"https:\/\/agenciainfra.com\/blog\/seca-continuara-em-2021-mas-2022-deve-ter-chuvas-acima-da-media-diz-ceo-do-climatempo\/","name":"Seca continuar\u00e1 em 2021, mas 2022 deve ter chuvas acima da m\u00e9dia, diz CEO do Climatempo - Ag\u00eancia iNFRA","isPartOf":{"@id":"https:\/\/agenciainfra.com\/blog\/#website"},"primaryImageOfPage":{"@id":"https:\/\/agenciainfra.com\/blog\/seca-continuara-em-2021-mas-2022-deve-ter-chuvas-acima-da-media-diz-ceo-do-climatempo\/#primaryimage"},"image":{"@id":"https:\/\/agenciainfra.com\/blog\/seca-continuara-em-2021-mas-2022-deve-ter-chuvas-acima-da-media-diz-ceo-do-climatempo\/#primaryimage"},"thumbnailUrl":"https:\/\/agenciainfra.com\/blog\/wp-content\/uploads\/2021\/04\/sol-nuvens-foto-dominio-publico.jpeg","datePublished":"2021-04-15T11:00:00+00:00","breadcrumb":{"@id":"https:\/\/agenciainfra.com\/blog\/seca-continuara-em-2021-mas-2022-deve-ter-chuvas-acima-da-media-diz-ceo-do-climatempo\/#breadcrumb"},"inLanguage":"pt-BR","potentialAction":[{"@type":"ReadAction","target":["https:\/\/agenciainfra.com\/blog\/seca-continuara-em-2021-mas-2022-deve-ter-chuvas-acima-da-media-diz-ceo-do-climatempo\/"]}]},{"@type":"ImageObject","inLanguage":"pt-BR","@id":"https:\/\/agenciainfra.com\/blog\/seca-continuara-em-2021-mas-2022-deve-ter-chuvas-acima-da-media-diz-ceo-do-climatempo\/#primaryimage","url":"https:\/\/agenciainfra.com\/blog\/wp-content\/uploads\/2021\/04\/sol-nuvens-foto-dominio-publico.jpeg","contentUrl":"https:\/\/agenciainfra.com\/blog\/wp-content\/uploads\/2021\/04\/sol-nuvens-foto-dominio-publico.jpeg","width":1280,"height":809,"caption":"Foto: Dom\u00ednio p\u00fablico"},{"@type":"BreadcrumbList","@id":"https:\/\/agenciainfra.com\/blog\/seca-continuara-em-2021-mas-2022-deve-ter-chuvas-acima-da-media-diz-ceo-do-climatempo\/#breadcrumb","itemListElement":[{"@type":"ListItem","position":1,"name":"In\u00edcio","item":"https:\/\/agenciainfra.com\/blog\/"},{"@type":"ListItem","position":2,"name":"Seca continuar\u00e1 em 2021, mas 2022 deve ter chuvas acima da m\u00e9dia, diz CEO do Climatempo"}]},{"@type":"WebSite","@id":"https:\/\/agenciainfra.com\/blog\/#website","url":"https:\/\/agenciainfra.com\/blog\/","name":"Ag\u00eancia iNFRA","description":"Multiplataforma de informa\u00e7\u00e3o jornal\u00edstica refer\u00eancia na \u00e1rea de infraestrutura no Brasil!","publisher":{"@id":"https:\/\/agenciainfra.com\/blog\/#organization"},"potentialAction":[{"@type":"SearchAction","target":{"@type":"EntryPoint","urlTemplate":"https:\/\/agenciainfra.com\/blog\/?s={search_term_string}"},"query-input":{"@type":"PropertyValueSpecification","valueRequired":true,"valueName":"search_term_string"}}],"inLanguage":"pt-BR"},{"@type":"Organization","@id":"https:\/\/agenciainfra.com\/blog\/#organization","name":"Ag\u00eancia iNFRA","url":"https:\/\/agenciainfra.com\/blog\/","logo":{"@type":"ImageObject","inLanguage":"pt-BR","@id":"https:\/\/agenciainfra.com\/blog\/#\/schema\/logo\/image\/","url":"https:\/\/agenciainfra.com\/blog\/wp-content\/uploads\/2023\/09\/iNFRA_5-e1761735885940.png","contentUrl":"https:\/\/agenciainfra.com\/blog\/wp-content\/uploads\/2023\/09\/iNFRA_5-e1761735885940.png","width":1672,"height":454,"caption":"Ag\u00eancia iNFRA"},"image":{"@id":"https:\/\/agenciainfra.com\/blog\/#\/schema\/logo\/image\/"},"sameAs":["https:\/\/www.facebook.com\/ageninfra","https:\/\/x.com\/agencia_infra","https:\/\/www.linkedin.com\/company\/ag\u00eanciainfra\/","https:\/\/www.instagram.com\/agenciainfra\/"]},{"@type":"Person","@id":"https:\/\/agenciainfra.com\/blog\/#\/schema\/person\/04dbb79bd6d8951f063da71f3e4c1eb1","name":"Rodrigo Zuquim","image":{"@type":"ImageObject","inLanguage":"pt-BR","@id":"https:\/\/agenciainfra.com\/blog\/#\/schema\/person\/image\/","url":"https:\/\/secure.gravatar.com\/avatar\/594abfe82761d620726242ff34ca472a705a4b97f16c790053a6b4c4035274d0?s=96&d=mm&r=g","contentUrl":"https:\/\/secure.gravatar.com\/avatar\/594abfe82761d620726242ff34ca472a705a4b97f16c790053a6b4c4035274d0?s=96&d=mm&r=g","caption":"Rodrigo Zuquim"},"url":"https:\/\/agenciainfra.com\/blog\/author\/rodrigo-zuquim\/"}]}},"_links":{"self":[{"href":"https:\/\/agenciainfra.com\/blog\/wp-json\/wp\/v2\/posts\/7117","targetHints":{"allow":["GET"]}}],"collection":[{"href":"https:\/\/agenciainfra.com\/blog\/wp-json\/wp\/v2\/posts"}],"about":[{"href":"https:\/\/agenciainfra.com\/blog\/wp-json\/wp\/v2\/types\/post"}],"author":[{"embeddable":true,"href":"https:\/\/agenciainfra.com\/blog\/wp-json\/wp\/v2\/users\/9"}],"replies":[{"embeddable":true,"href":"https:\/\/agenciainfra.com\/blog\/wp-json\/wp\/v2\/comments?post=7117"}],"version-history":[{"count":0,"href":"https:\/\/agenciainfra.com\/blog\/wp-json\/wp\/v2\/posts\/7117\/revisions"}],"wp:featuredmedia":[{"embeddable":true,"href":"https:\/\/agenciainfra.com\/blog\/wp-json\/wp\/v2\/media\/7118"}],"wp:attachment":[{"href":"https:\/\/agenciainfra.com\/blog\/wp-json\/wp\/v2\/media?parent=7117"}],"wp:term":[{"taxonomy":"category","embeddable":true,"href":"https:\/\/agenciainfra.com\/blog\/wp-json\/wp\/v2\/categories?post=7117"},{"taxonomy":"post_tag","embeddable":true,"href":"https:\/\/agenciainfra.com\/blog\/wp-json\/wp\/v2\/tags?post=7117"}],"curies":[{"name":"wp","href":"https:\/\/api.w.org\/{rel}","templated":true}]}}