{"id":7125,"date":"2021-04-16T08:00:00","date_gmt":"2021-04-16T11:00:00","guid":{"rendered":"https:\/\/www.agenciainfra.com\/blog\/?p=7125"},"modified":"2021-04-15T11:40:37","modified_gmt":"2021-04-15T14:40:37","slug":"relator-diz-que-pl-de-gd-pode-ser-votado-e-entra-em-embate-com-vice-da-camara","status":"publish","type":"post","link":"https:\/\/agenciainfra.com\/blog\/relator-diz-que-pl-de-gd-pode-ser-votado-e-entra-em-embate-com-vice-da-camara\/","title":{"rendered":"Relator diz que PL de GD pode ser votado e entra em embate com vice da C\u00e2mara"},"content":{"rendered":"\n<hr class=\"wp-block-separator\"\/>\n\n\n\n<p class=\"has-text-align-right\"><strong>Nestor Rabello e Leila Coimbra, da Ag\u00eancia iNFRA<\/strong><\/p>\n\n\n\n<p>O projeto de gera\u00e7\u00e3o distribu\u00edda (PL\u00a0<a rel=\"noreferrer noopener\" href=\"https:\/\/agenciainfra.us14.list-manage.com\/track\/click?u=d460dd1bcf9ba0ae040e1fc0f&amp;id=8ad6b858aa&amp;e=c099169394\" target=\"_blank\">5.829\/2019<\/a>) pode ser votado na pr\u00f3xima semana na C\u00e2mara dos Deputados, disse na \u00faltima quarta-feira (14) o relator da mat\u00e9ria, deputado Lafayette de Andrada (Republicanos-MG), acrescentando que seu\u00a0<a rel=\"noreferrer noopener\" href=\"https:\/\/agenciainfra.us14.list-manage.com\/track\/click?u=d460dd1bcf9ba0ae040e1fc0f&amp;id=41fa99a7fe&amp;e=c099169394\" target=\"_blank\">parecer<\/a>\u00a0j\u00e1 teria reunido\u00a0apoio da \u201cesmagadora maioria\u201d dos parlamentares.<br><br>Em entrevista \u00e0\u00a0<strong>Ag\u00eancia iNFRA<\/strong>, Lafayette afirmou\u00a0que teve\u00a0uma sinaliza\u00e7\u00e3o favor\u00e1vel por parte do presidente da C\u00e2mara, Arthur Lira (PP-AL), quanto \u00e0 possibilidade de pautar a mat\u00e9ria. Restaria, segundo o deputado mineiro, realizar mais algumas conversas com lideran\u00e7as da Casa.<br><br>\u201cEle [Arthur Lira] disse que n\u00e3o tem dificuldade nenhuma de colocar no plen\u00e1rio semana que vem, se for o caso [&#8230;]. Minha d\u00favida \u00e9 que quarta-feira [da pr\u00f3xima semana] \u00e9 feriado, e a C\u00e2mara toda desmobiliza quando tem feriado\u201d, disse. Se a previs\u00e3o n\u00e3o se concretizar, ressalvou, a vota\u00e7\u00e3o ficaria para a semana seguinte:\u00a0\u201dJ\u00e1 est\u00e1 &#8216;na bica&#8217;, nos momentos finais\u201d.<br><br><strong>Apoio e &#8216;oposi\u00e7\u00e3o fraca&#8217;<\/strong><br>Lafayette diz ter recebido uma resposta favor\u00e1vel \u00e0 sua proposta numa reuni\u00e3o interna da CME (Comiss\u00e3o de Minas e Energia) ocorrida na ter\u00e7a-feira (13).\u00a0\u201cQuando terminou a reuni\u00e3o todos os deputados aplaudiram, gostaram, elogiaram e disseram que o texto est\u00e1 equilibrado.\u201d<br><br>O deputado mineiro afirmou\u00a0estar \u201ctranquilo\u201d quanto \u00e0 aprova\u00e7\u00e3o de seu relat\u00f3rio nas bases atuais, que preveem mais tempo at\u00e9 que os subs\u00eddios ao segmento sejam encerrados.\u00a0Para ele,\u00a0o movimento de deputados em oposi\u00e7\u00e3o\u00a0ao texto n\u00e3o \u00e9 suficiente para\u00a0atrapalhar a vota\u00e7\u00e3o.<br><br>\u201cOs focos de oposi\u00e7\u00e3o ao projeto s\u00e3o pequenos, bem conhecidos, sabemos quem que \u00e9 contra. A imensa maioria continua inteiramente favor\u00e1vel, n\u00e3o mudou nada. Pelo contr\u00e1rio, a esmagadora maioria do plen\u00e1rio est\u00e1 de acordo\u201d, refor\u00e7ou.<br><br><strong>Embate p\u00fablico<\/strong><br>As declara\u00e7\u00f5es de Lafayette causaram rea\u00e7\u00f5es. Um dos principais cr\u00edticos do modelo atual e l\u00edder do movimento de oposi\u00e7\u00e3o \u00e0 proposta, o vice-presidente da C\u00e2mara, deputado Marcelo Ramos (PL-AM), foi \u00e0s redes sociais contestar que o relat\u00f3rio teria\u00a0o apoio da maioria dos deputados na reuni\u00e3o da CME.<br><br>\u201cO relator do PL-GD anunciou que seu texto foi \u2018aplaudido\u2019 ontem [dia 13] na CME. A reuni\u00e3o da CME teve a participa\u00e7\u00e3o de cinco deputados, dos quais um era ele mesmo, um n\u00e3o se manifestou e dois, eu e Edio Lopes [presidente da comiss\u00e3o], manifestamos profundas restri\u00e7\u00f5es ao subs\u00eddio que o pobre paga a conta do rico\u201d,\u00a0<a rel=\"noreferrer noopener\" href=\"https:\/\/agenciainfra.us14.list-manage.com\/track\/click?u=d460dd1bcf9ba0ae040e1fc0f&amp;id=18f40a0842&amp;e=c099169394\" target=\"_blank\">escreveu<\/a>\u00a0Ramos no Twitter.<br><br>Em seguida, Lafayette\u00a0<a rel=\"noreferrer noopener\" href=\"https:\/\/agenciainfra.us14.list-manage.com\/track\/click?u=d460dd1bcf9ba0ae040e1fc0f&amp;id=a79ac3e54c&amp;e=c099169394\" target=\"_blank\">publicou<\/a>\u00a0uma mensagem nas redes sociais, agradecendo \u00e0 \u201cimensa maioria dos deputados\u201d que o teriam apoiado: \u201cAgrade\u00e7o as manifesta\u00e7\u00f5es de apoio da imensa maioria dos deputados que participaram da reuni\u00e3o da CME ontem [dia 13]. Estamos no caminho certo. Texto equilibrado que a cada dia recebe mais apoio\u201d, disse.<br><br><strong>\u201cN\u00e3o participou de toda reuni\u00e3o\u201d<\/strong><br>Em meio ao embate p\u00fablico, Lafayette disse que o vice da C\u00e2mara n\u00e3o teria participado de toda reuni\u00e3o da CME e lamentou as declara\u00e7\u00f5es de Ramos. \u201cLamento a declara\u00e7\u00e3o infeliz dele. Ele chegou s\u00f3 no finalzinho da reuni\u00e3o e n\u00e3o viu o que se passou l\u00e1. Uma pena\u201d, disse \u00e0\u00a0<strong>Ag\u00eancia iNFRA<\/strong>.<br><br><strong>Aberto \u00e0 discuss\u00e3o<\/strong><br>O embate entre Lafayette e Ramos ocorre como um desdobramento da escalada de tens\u00f5es no setor el\u00e9trico, enquanto a C\u00e2mara se prepara para votar a mat\u00e9ria. Apesar disso, o relator se disse aberto a discutir um dos pontos mais criticados de seu texto, que \u00e9 a transi\u00e7\u00e3o escalonada de dez anos para o fim dos descontos ao fio em novos projetos.<br><br>\u201cAt\u00e9 o momento a transi\u00e7\u00e3o \u00e9 de dez anos. Se vier um argumento mostrando de maneira s\u00f3lida outro per\u00edodo, n\u00e3o tenho dificuldade quanto a isso. Sempre estive aberto, desde o in\u00edcio\u00a0[&#8230;], basta me convencer\u201d, disse. J\u00e1 a\u00a0transi\u00e7\u00e3o de 25 anos para o fim\u00a0dos subs\u00eddios a projetos j\u00e1 existentes\u00a0est\u00e1 fora de quest\u00e3o. \u201c\u00c9 a regra vigente. Seria quebra de contrato\u201d, salientou.<br><br>De maneira geral, Lafayette n\u00e3o deve promover mudan\u00e7as significativas em seu relat\u00f3rio, que deve ganhar uma vers\u00e3o ainda nesta semana com ajustes \u201cperif\u00e9ricos\u201d. Ele tamb\u00e9m respondeu \u00e0s cr\u00edticas de que s\u00f3 teria escutado o lado das associa\u00e7\u00f5es de energia solar para elaborar seu parecer.<br><br>\u201cEle \u00e9 o resultado de incont\u00e1veis reuni\u00f5es com todos segmentos ligados ao setor el\u00e9trico ao longo de quase dois anos [&#8230;]. Conversei com todos e mais alguns, mais de uma vez\u201d, apontou. \u201cMinha preocupa\u00e7\u00e3o foi democratizar a energia solar, sem prejudicar os demais consumidores que n\u00e3o tenham solar e garantir o pagamento \u00e0s distribuidoras\u201d, defendeu.<br><br><strong>\u201cQuerem votar logo\u201d<\/strong><br>Para Lafayette, h\u00e1 pressa na C\u00e2mara para realizar a vota\u00e7\u00e3o do substitutivo, para evitar que a ANEEL (Ag\u00eancia Nacional de Energia El\u00e9trica) encerre os subs\u00eddios de vez, conforme determinou o TCU (Tribunal de Contas da Uni\u00e3o) no ano passado.<br><br>\u201cTodo mundo est\u00e1 escandalizado com a ANEEL [Ag\u00eancia Nacional de Energia El\u00e9trica] vir com uma taxa\u00e7\u00e3o de 60%. E todo mundo sabe que se n\u00e3o votar logo o projeto, a ANEEL avan\u00e7a nessa loucura dela. No fundo, todo mundo quer que vote logo\u201d, ressaltou.<br><br><strong>Vers\u00f5es n\u00e3o batem<\/strong><br>Embora Lafayette aponte para uma converg\u00eancia em dire\u00e7\u00e3o \u00e0 sua proposta, as diverg\u00eancias entre agentes ainda continuam. Essa \u201cguerra de informa\u00e7\u00f5es\u201d foi criticada pelo presidente da CME, Edio Lopes (PL-RR), que tamb\u00e9m cobra por maior discuss\u00e3o do tema com a presen\u00e7a da ANEEL e do TCU, conforme publicado pela\u00a0<strong>Ag\u00eancia iNFRA<\/strong>.<br><br>Foram apresentados dois c\u00e1lculos diferentes para os impactos do projeto: enquanto a consultoria PSR aponta que seriam gastos em subs\u00eddios cerca de R$ 135 bilh\u00f5es at\u00e9 2050, a Absolar (Associa\u00e7\u00e3o Brasileira de Energia Solar Fotovoltaica) estima haver, na verdade, benef\u00edcios sist\u00eamicos na ordem de R$ 173 bilh\u00f5es no mesmo per\u00edodo.<br><br>No entanto, Lafayette n\u00e3o acredita que ser\u00e1 feita uma audi\u00eancia p\u00fablica com esses \u00f3rg\u00e3os antes que a mat\u00e9ria seja votada pelo plen\u00e1rio. \u201c\u00c9 aquela turminha que \u00e9 contra e fica insistindo no mesmo. Sabemos qual a opini\u00e3o da ANEEL, do TCU, j\u00e1 foram l\u00e1 mais de uma vez. \u00c9 pouco prov\u00e1vel [que isso aconte\u00e7a]\u201d, disse.<\/p>\n","protected":false},"excerpt":{"rendered":"<p>Nestor Rabello e Leila Coimbra, da Ag\u00eancia iNFRA O projeto de gera\u00e7\u00e3o distribu\u00edda (PL\u00a05.829\/2019) pode ser votado na pr\u00f3xima semana na C\u00e2mara dos Deputados, disse na \u00faltima quarta-feira (14) o relator da mat\u00e9ria, deputado Lafayette de Andrada (Republicanos-MG), acrescentando que seu\u00a0parecer\u00a0j\u00e1 teria reunido\u00a0apoio da \u201cesmagadora maioria\u201d dos parlamentares. Em entrevista \u00e0\u00a0Ag\u00eancia iNFRA, Lafayette afirmou\u00a0que teve\u00a0uma [&hellip;]<\/p>\n","protected":false},"author":9,"featured_media":7126,"comment_status":"closed","ping_status":"closed","sticky":false,"template":"","format":"standard","meta":{"_monsterinsights_skip_tracking":false,"_monsterinsights_sitenote_active":false,"_monsterinsights_sitenote_note":"","_monsterinsights_sitenote_category":0,"footnotes":""},"categories":[1,10],"tags":[1385,53,3339,305,1018,1016,292,3792,1093,850,1380,2709,3752,121,54,1601,18],"class_list":["post-7125","post","type-post","status-publish","format-standard","has-post-thumbnail","hentry","category-geral","category-infraenergia","tag-absolar","tag-aneel","tag-arthur-lira","tag-camara-dos-deputados","tag-cme","tag-comissao-de-minas-e-energia","tag-distribuidoras","tag-edio-lopes-2","tag-energia-solar","tag-geracao-distribuida","tag-lafayette-de-andrada","tag-marcelo-ramos","tag-pl-5-829-2019","tag-psr","tag-setor-eletrico","tag-subsidios","tag-tcu"],"yoast_head":"<!-- This site is optimized with the Yoast SEO Premium plugin v25.4 (Yoast SEO v26.0) - https:\/\/yoast.com\/wordpress\/plugins\/seo\/ -->\n<title>Relator diz que PL de GD pode ser votado e entra em embate com vice da C\u00e2mara - Ag\u00eancia iNFRA<\/title>\n<meta name=\"robots\" content=\"index, follow, max-snippet:-1, max-image-preview:large, max-video-preview:-1\" \/>\n<link rel=\"canonical\" href=\"https:\/\/agenciainfra.com\/blog\/relator-diz-que-pl-de-gd-pode-ser-votado-e-entra-em-embate-com-vice-da-camara\/\" \/>\n<meta property=\"og:locale\" content=\"pt_BR\" \/>\n<meta property=\"og:type\" content=\"article\" \/>\n<meta property=\"og:title\" content=\"Relator diz que PL de GD pode ser votado e entra em embate com vice da C\u00e2mara\" \/>\n<meta property=\"og:description\" content=\"Nestor Rabello e Leila Coimbra, da Ag\u00eancia iNFRA O projeto de gera\u00e7\u00e3o distribu\u00edda (PL\u00a05.829\/2019) pode ser votado na pr\u00f3xima semana na C\u00e2mara dos Deputados, disse na \u00faltima quarta-feira (14) o relator da mat\u00e9ria, deputado Lafayette de Andrada (Republicanos-MG), acrescentando que seu\u00a0parecer\u00a0j\u00e1 teria reunido\u00a0apoio da \u201cesmagadora maioria\u201d dos parlamentares. Em entrevista \u00e0\u00a0Ag\u00eancia iNFRA, Lafayette afirmou\u00a0que teve\u00a0uma [&hellip;]\" \/>\n<meta property=\"og:url\" content=\"https:\/\/agenciainfra.com\/blog\/relator-diz-que-pl-de-gd-pode-ser-votado-e-entra-em-embate-com-vice-da-camara\/\" \/>\n<meta property=\"og:site_name\" content=\"Ag\u00eancia iNFRA\" \/>\n<meta property=\"article:publisher\" content=\"https:\/\/www.facebook.com\/ageninfra\" \/>\n<meta property=\"article:published_time\" content=\"2021-04-16T11:00:00+00:00\" \/>\n<meta property=\"og:image\" content=\"https:\/\/agenciainfra.com\/blog\/wp-content\/uploads\/2021\/04\/marcelo-ramos-e-lafayette-de-andrada-foto-cleia-viana-camara-dos-deputados.jpeg\" \/>\n\t<meta property=\"og:image:width\" content=\"1280\" \/>\n\t<meta property=\"og:image:height\" content=\"733\" \/>\n\t<meta property=\"og:image:type\" content=\"image\/jpeg\" \/>\n<meta name=\"author\" content=\"Rodrigo Zuquim\" \/>\n<meta name=\"twitter:card\" content=\"summary_large_image\" \/>\n<meta name=\"twitter:creator\" content=\"@agencia_infra\" \/>\n<meta name=\"twitter:site\" content=\"@agencia_infra\" \/>\n<meta name=\"twitter:label1\" content=\"Escrito por\" \/>\n\t<meta name=\"twitter:data1\" content=\"Rodrigo Zuquim\" \/>\n\t<meta name=\"twitter:label2\" content=\"Est. tempo de leitura\" \/>\n\t<meta name=\"twitter:data2\" content=\"5 minutos\" \/>\n<script type=\"application\/ld+json\" class=\"yoast-schema-graph\">{\"@context\":\"https:\/\/schema.org\",\"@graph\":[{\"@type\":\"Article\",\"@id\":\"https:\/\/agenciainfra.com\/blog\/relator-diz-que-pl-de-gd-pode-ser-votado-e-entra-em-embate-com-vice-da-camara\/#article\",\"isPartOf\":{\"@id\":\"https:\/\/agenciainfra.com\/blog\/relator-diz-que-pl-de-gd-pode-ser-votado-e-entra-em-embate-com-vice-da-camara\/\"},\"author\":{\"name\":\"Rodrigo Zuquim\",\"@id\":\"https:\/\/agenciainfra.com\/blog\/#\/schema\/person\/04dbb79bd6d8951f063da71f3e4c1eb1\"},\"headline\":\"Relator diz que PL de GD pode ser votado e entra em embate com vice da C\u00e2mara\",\"datePublished\":\"2021-04-16T11:00:00+00:00\",\"mainEntityOfPage\":{\"@id\":\"https:\/\/agenciainfra.com\/blog\/relator-diz-que-pl-de-gd-pode-ser-votado-e-entra-em-embate-com-vice-da-camara\/\"},\"wordCount\":1088,\"publisher\":{\"@id\":\"https:\/\/agenciainfra.com\/blog\/#organization\"},\"image\":{\"@id\":\"https:\/\/agenciainfra.com\/blog\/relator-diz-que-pl-de-gd-pode-ser-votado-e-entra-em-embate-com-vice-da-camara\/#primaryimage\"},\"thumbnailUrl\":\"https:\/\/agenciainfra.com\/blog\/wp-content\/uploads\/2021\/04\/marcelo-ramos-e-lafayette-de-andrada-foto-cleia-viana-camara-dos-deputados.jpeg\",\"keywords\":[\"Absolar\",\"ANEEL\",\"Arthur Lira\",\"C\u00e2mara dos Deputados\",\"CME\",\"Comiss\u00e3o de Minas e Energia\",\"distribuidoras\",\"Edio Lopes\",\"energia solar\",\"gera\u00e7\u00e3o distribu\u00edda\",\"Lafayette de Andrada\",\"Marcelo Ramos\",\"PL 5.829\/2019\",\"PSR\",\"Setor El\u00e9trico\",\"subs\u00eddios\",\"TCU\"],\"articleSection\":[\"Geral\",\"iNFRAEnergia\"],\"inLanguage\":\"pt-BR\",\"copyrightYear\":\"2021\",\"copyrightHolder\":{\"@id\":\"https:\/\/agenciainfra.com\/blog\/#organization\"}},{\"@type\":\"WebPage\",\"@id\":\"https:\/\/agenciainfra.com\/blog\/relator-diz-que-pl-de-gd-pode-ser-votado-e-entra-em-embate-com-vice-da-camara\/\",\"url\":\"https:\/\/agenciainfra.com\/blog\/relator-diz-que-pl-de-gd-pode-ser-votado-e-entra-em-embate-com-vice-da-camara\/\",\"name\":\"Relator diz que PL de GD pode ser votado e entra em embate com vice da C\u00e2mara - Ag\u00eancia iNFRA\",\"isPartOf\":{\"@id\":\"https:\/\/agenciainfra.com\/blog\/#website\"},\"primaryImageOfPage\":{\"@id\":\"https:\/\/agenciainfra.com\/blog\/relator-diz-que-pl-de-gd-pode-ser-votado-e-entra-em-embate-com-vice-da-camara\/#primaryimage\"},\"image\":{\"@id\":\"https:\/\/agenciainfra.com\/blog\/relator-diz-que-pl-de-gd-pode-ser-votado-e-entra-em-embate-com-vice-da-camara\/#primaryimage\"},\"thumbnailUrl\":\"https:\/\/agenciainfra.com\/blog\/wp-content\/uploads\/2021\/04\/marcelo-ramos-e-lafayette-de-andrada-foto-cleia-viana-camara-dos-deputados.jpeg\",\"datePublished\":\"2021-04-16T11:00:00+00:00\",\"breadcrumb\":{\"@id\":\"https:\/\/agenciainfra.com\/blog\/relator-diz-que-pl-de-gd-pode-ser-votado-e-entra-em-embate-com-vice-da-camara\/#breadcrumb\"},\"inLanguage\":\"pt-BR\",\"potentialAction\":[{\"@type\":\"ReadAction\",\"target\":[\"https:\/\/agenciainfra.com\/blog\/relator-diz-que-pl-de-gd-pode-ser-votado-e-entra-em-embate-com-vice-da-camara\/\"]}]},{\"@type\":\"ImageObject\",\"inLanguage\":\"pt-BR\",\"@id\":\"https:\/\/agenciainfra.com\/blog\/relator-diz-que-pl-de-gd-pode-ser-votado-e-entra-em-embate-com-vice-da-camara\/#primaryimage\",\"url\":\"https:\/\/agenciainfra.com\/blog\/wp-content\/uploads\/2021\/04\/marcelo-ramos-e-lafayette-de-andrada-foto-cleia-viana-camara-dos-deputados.jpeg\",\"contentUrl\":\"https:\/\/agenciainfra.com\/blog\/wp-content\/uploads\/2021\/04\/marcelo-ramos-e-lafayette-de-andrada-foto-cleia-viana-camara-dos-deputados.jpeg\",\"width\":1280,\"height\":733},{\"@type\":\"BreadcrumbList\",\"@id\":\"https:\/\/agenciainfra.com\/blog\/relator-diz-que-pl-de-gd-pode-ser-votado-e-entra-em-embate-com-vice-da-camara\/#breadcrumb\",\"itemListElement\":[{\"@type\":\"ListItem\",\"position\":1,\"name\":\"In\u00edcio\",\"item\":\"https:\/\/agenciainfra.com\/blog\/\"},{\"@type\":\"ListItem\",\"position\":2,\"name\":\"Relator diz que PL de GD pode ser votado e entra em embate com vice da C\u00e2mara\"}]},{\"@type\":\"WebSite\",\"@id\":\"https:\/\/agenciainfra.com\/blog\/#website\",\"url\":\"https:\/\/agenciainfra.com\/blog\/\",\"name\":\"Ag\u00eancia iNFRA\",\"description\":\"Multiplataforma de informa\u00e7\u00e3o jornal\u00edstica refer\u00eancia na \u00e1rea de infraestrutura no Brasil!\",\"publisher\":{\"@id\":\"https:\/\/agenciainfra.com\/blog\/#organization\"},\"potentialAction\":[{\"@type\":\"SearchAction\",\"target\":{\"@type\":\"EntryPoint\",\"urlTemplate\":\"https:\/\/agenciainfra.com\/blog\/?s={search_term_string}\"},\"query-input\":{\"@type\":\"PropertyValueSpecification\",\"valueRequired\":true,\"valueName\":\"search_term_string\"}}],\"inLanguage\":\"pt-BR\"},{\"@type\":\"Organization\",\"@id\":\"https:\/\/agenciainfra.com\/blog\/#organization\",\"name\":\"Ag\u00eancia iNFRA\",\"url\":\"https:\/\/agenciainfra.com\/blog\/\",\"logo\":{\"@type\":\"ImageObject\",\"inLanguage\":\"pt-BR\",\"@id\":\"https:\/\/agenciainfra.com\/blog\/#\/schema\/logo\/image\/\",\"url\":\"https:\/\/agenciainfra.com\/blog\/wp-content\/uploads\/2023\/09\/iNFRA_5-e1761735885940.png\",\"contentUrl\":\"https:\/\/agenciainfra.com\/blog\/wp-content\/uploads\/2023\/09\/iNFRA_5-e1761735885940.png\",\"width\":1672,\"height\":454,\"caption\":\"Ag\u00eancia iNFRA\"},\"image\":{\"@id\":\"https:\/\/agenciainfra.com\/blog\/#\/schema\/logo\/image\/\"},\"sameAs\":[\"https:\/\/www.facebook.com\/ageninfra\",\"https:\/\/x.com\/agencia_infra\",\"https:\/\/www.linkedin.com\/company\/ag\u00eanciainfra\/\",\"https:\/\/www.instagram.com\/agenciainfra\/\"]},{\"@type\":\"Person\",\"@id\":\"https:\/\/agenciainfra.com\/blog\/#\/schema\/person\/04dbb79bd6d8951f063da71f3e4c1eb1\",\"name\":\"Rodrigo Zuquim\",\"image\":{\"@type\":\"ImageObject\",\"inLanguage\":\"pt-BR\",\"@id\":\"https:\/\/agenciainfra.com\/blog\/#\/schema\/person\/image\/\",\"url\":\"https:\/\/secure.gravatar.com\/avatar\/594abfe82761d620726242ff34ca472a705a4b97f16c790053a6b4c4035274d0?s=96&d=mm&r=g\",\"contentUrl\":\"https:\/\/secure.gravatar.com\/avatar\/594abfe82761d620726242ff34ca472a705a4b97f16c790053a6b4c4035274d0?s=96&d=mm&r=g\",\"caption\":\"Rodrigo Zuquim\"},\"url\":\"https:\/\/agenciainfra.com\/blog\/author\/rodrigo-zuquim\/\"}]}<\/script>\n<!-- \/ Yoast SEO Premium plugin. -->","yoast_head_json":{"title":"Relator diz que PL de GD pode ser votado e entra em embate com vice da C\u00e2mara - Ag\u00eancia iNFRA","robots":{"index":"index","follow":"follow","max-snippet":"max-snippet:-1","max-image-preview":"max-image-preview:large","max-video-preview":"max-video-preview:-1"},"canonical":"https:\/\/agenciainfra.com\/blog\/relator-diz-que-pl-de-gd-pode-ser-votado-e-entra-em-embate-com-vice-da-camara\/","og_locale":"pt_BR","og_type":"article","og_title":"Relator diz que PL de GD pode ser votado e entra em embate com vice da C\u00e2mara","og_description":"Nestor Rabello e Leila Coimbra, da Ag\u00eancia iNFRA O projeto de gera\u00e7\u00e3o distribu\u00edda (PL\u00a05.829\/2019) pode ser votado na pr\u00f3xima semana na C\u00e2mara dos Deputados, disse na \u00faltima quarta-feira (14) o relator da mat\u00e9ria, deputado Lafayette de Andrada (Republicanos-MG), acrescentando que seu\u00a0parecer\u00a0j\u00e1 teria reunido\u00a0apoio da \u201cesmagadora maioria\u201d dos parlamentares. Em entrevista \u00e0\u00a0Ag\u00eancia iNFRA, Lafayette afirmou\u00a0que teve\u00a0uma [&hellip;]","og_url":"https:\/\/agenciainfra.com\/blog\/relator-diz-que-pl-de-gd-pode-ser-votado-e-entra-em-embate-com-vice-da-camara\/","og_site_name":"Ag\u00eancia iNFRA","article_publisher":"https:\/\/www.facebook.com\/ageninfra","article_published_time":"2021-04-16T11:00:00+00:00","og_image":[{"width":1280,"height":733,"url":"https:\/\/agenciainfra.com\/blog\/wp-content\/uploads\/2021\/04\/marcelo-ramos-e-lafayette-de-andrada-foto-cleia-viana-camara-dos-deputados.jpeg","type":"image\/jpeg"}],"author":"Rodrigo Zuquim","twitter_card":"summary_large_image","twitter_creator":"@agencia_infra","twitter_site":"@agencia_infra","twitter_misc":{"Escrito por":"Rodrigo Zuquim","Est. tempo de leitura":"5 minutos"},"schema":{"@context":"https:\/\/schema.org","@graph":[{"@type":"Article","@id":"https:\/\/agenciainfra.com\/blog\/relator-diz-que-pl-de-gd-pode-ser-votado-e-entra-em-embate-com-vice-da-camara\/#article","isPartOf":{"@id":"https:\/\/agenciainfra.com\/blog\/relator-diz-que-pl-de-gd-pode-ser-votado-e-entra-em-embate-com-vice-da-camara\/"},"author":{"name":"Rodrigo Zuquim","@id":"https:\/\/agenciainfra.com\/blog\/#\/schema\/person\/04dbb79bd6d8951f063da71f3e4c1eb1"},"headline":"Relator diz que PL de GD pode ser votado e entra em embate com vice da C\u00e2mara","datePublished":"2021-04-16T11:00:00+00:00","mainEntityOfPage":{"@id":"https:\/\/agenciainfra.com\/blog\/relator-diz-que-pl-de-gd-pode-ser-votado-e-entra-em-embate-com-vice-da-camara\/"},"wordCount":1088,"publisher":{"@id":"https:\/\/agenciainfra.com\/blog\/#organization"},"image":{"@id":"https:\/\/agenciainfra.com\/blog\/relator-diz-que-pl-de-gd-pode-ser-votado-e-entra-em-embate-com-vice-da-camara\/#primaryimage"},"thumbnailUrl":"https:\/\/agenciainfra.com\/blog\/wp-content\/uploads\/2021\/04\/marcelo-ramos-e-lafayette-de-andrada-foto-cleia-viana-camara-dos-deputados.jpeg","keywords":["Absolar","ANEEL","Arthur Lira","C\u00e2mara dos Deputados","CME","Comiss\u00e3o de Minas e Energia","distribuidoras","Edio Lopes","energia solar","gera\u00e7\u00e3o distribu\u00edda","Lafayette de Andrada","Marcelo Ramos","PL 5.829\/2019","PSR","Setor El\u00e9trico","subs\u00eddios","TCU"],"articleSection":["Geral","iNFRAEnergia"],"inLanguage":"pt-BR","copyrightYear":"2021","copyrightHolder":{"@id":"https:\/\/agenciainfra.com\/blog\/#organization"}},{"@type":"WebPage","@id":"https:\/\/agenciainfra.com\/blog\/relator-diz-que-pl-de-gd-pode-ser-votado-e-entra-em-embate-com-vice-da-camara\/","url":"https:\/\/agenciainfra.com\/blog\/relator-diz-que-pl-de-gd-pode-ser-votado-e-entra-em-embate-com-vice-da-camara\/","name":"Relator diz que PL de GD pode ser votado e entra em embate com vice da C\u00e2mara - Ag\u00eancia iNFRA","isPartOf":{"@id":"https:\/\/agenciainfra.com\/blog\/#website"},"primaryImageOfPage":{"@id":"https:\/\/agenciainfra.com\/blog\/relator-diz-que-pl-de-gd-pode-ser-votado-e-entra-em-embate-com-vice-da-camara\/#primaryimage"},"image":{"@id":"https:\/\/agenciainfra.com\/blog\/relator-diz-que-pl-de-gd-pode-ser-votado-e-entra-em-embate-com-vice-da-camara\/#primaryimage"},"thumbnailUrl":"https:\/\/agenciainfra.com\/blog\/wp-content\/uploads\/2021\/04\/marcelo-ramos-e-lafayette-de-andrada-foto-cleia-viana-camara-dos-deputados.jpeg","datePublished":"2021-04-16T11:00:00+00:00","breadcrumb":{"@id":"https:\/\/agenciainfra.com\/blog\/relator-diz-que-pl-de-gd-pode-ser-votado-e-entra-em-embate-com-vice-da-camara\/#breadcrumb"},"inLanguage":"pt-BR","potentialAction":[{"@type":"ReadAction","target":["https:\/\/agenciainfra.com\/blog\/relator-diz-que-pl-de-gd-pode-ser-votado-e-entra-em-embate-com-vice-da-camara\/"]}]},{"@type":"ImageObject","inLanguage":"pt-BR","@id":"https:\/\/agenciainfra.com\/blog\/relator-diz-que-pl-de-gd-pode-ser-votado-e-entra-em-embate-com-vice-da-camara\/#primaryimage","url":"https:\/\/agenciainfra.com\/blog\/wp-content\/uploads\/2021\/04\/marcelo-ramos-e-lafayette-de-andrada-foto-cleia-viana-camara-dos-deputados.jpeg","contentUrl":"https:\/\/agenciainfra.com\/blog\/wp-content\/uploads\/2021\/04\/marcelo-ramos-e-lafayette-de-andrada-foto-cleia-viana-camara-dos-deputados.jpeg","width":1280,"height":733},{"@type":"BreadcrumbList","@id":"https:\/\/agenciainfra.com\/blog\/relator-diz-que-pl-de-gd-pode-ser-votado-e-entra-em-embate-com-vice-da-camara\/#breadcrumb","itemListElement":[{"@type":"ListItem","position":1,"name":"In\u00edcio","item":"https:\/\/agenciainfra.com\/blog\/"},{"@type":"ListItem","position":2,"name":"Relator diz que PL de GD pode ser votado e entra em embate com vice da C\u00e2mara"}]},{"@type":"WebSite","@id":"https:\/\/agenciainfra.com\/blog\/#website","url":"https:\/\/agenciainfra.com\/blog\/","name":"Ag\u00eancia iNFRA","description":"Multiplataforma de informa\u00e7\u00e3o jornal\u00edstica refer\u00eancia na \u00e1rea de infraestrutura no Brasil!","publisher":{"@id":"https:\/\/agenciainfra.com\/blog\/#organization"},"potentialAction":[{"@type":"SearchAction","target":{"@type":"EntryPoint","urlTemplate":"https:\/\/agenciainfra.com\/blog\/?s={search_term_string}"},"query-input":{"@type":"PropertyValueSpecification","valueRequired":true,"valueName":"search_term_string"}}],"inLanguage":"pt-BR"},{"@type":"Organization","@id":"https:\/\/agenciainfra.com\/blog\/#organization","name":"Ag\u00eancia iNFRA","url":"https:\/\/agenciainfra.com\/blog\/","logo":{"@type":"ImageObject","inLanguage":"pt-BR","@id":"https:\/\/agenciainfra.com\/blog\/#\/schema\/logo\/image\/","url":"https:\/\/agenciainfra.com\/blog\/wp-content\/uploads\/2023\/09\/iNFRA_5-e1761735885940.png","contentUrl":"https:\/\/agenciainfra.com\/blog\/wp-content\/uploads\/2023\/09\/iNFRA_5-e1761735885940.png","width":1672,"height":454,"caption":"Ag\u00eancia iNFRA"},"image":{"@id":"https:\/\/agenciainfra.com\/blog\/#\/schema\/logo\/image\/"},"sameAs":["https:\/\/www.facebook.com\/ageninfra","https:\/\/x.com\/agencia_infra","https:\/\/www.linkedin.com\/company\/ag\u00eanciainfra\/","https:\/\/www.instagram.com\/agenciainfra\/"]},{"@type":"Person","@id":"https:\/\/agenciainfra.com\/blog\/#\/schema\/person\/04dbb79bd6d8951f063da71f3e4c1eb1","name":"Rodrigo Zuquim","image":{"@type":"ImageObject","inLanguage":"pt-BR","@id":"https:\/\/agenciainfra.com\/blog\/#\/schema\/person\/image\/","url":"https:\/\/secure.gravatar.com\/avatar\/594abfe82761d620726242ff34ca472a705a4b97f16c790053a6b4c4035274d0?s=96&d=mm&r=g","contentUrl":"https:\/\/secure.gravatar.com\/avatar\/594abfe82761d620726242ff34ca472a705a4b97f16c790053a6b4c4035274d0?s=96&d=mm&r=g","caption":"Rodrigo Zuquim"},"url":"https:\/\/agenciainfra.com\/blog\/author\/rodrigo-zuquim\/"}]}},"_links":{"self":[{"href":"https:\/\/agenciainfra.com\/blog\/wp-json\/wp\/v2\/posts\/7125","targetHints":{"allow":["GET"]}}],"collection":[{"href":"https:\/\/agenciainfra.com\/blog\/wp-json\/wp\/v2\/posts"}],"about":[{"href":"https:\/\/agenciainfra.com\/blog\/wp-json\/wp\/v2\/types\/post"}],"author":[{"embeddable":true,"href":"https:\/\/agenciainfra.com\/blog\/wp-json\/wp\/v2\/users\/9"}],"replies":[{"embeddable":true,"href":"https:\/\/agenciainfra.com\/blog\/wp-json\/wp\/v2\/comments?post=7125"}],"version-history":[{"count":0,"href":"https:\/\/agenciainfra.com\/blog\/wp-json\/wp\/v2\/posts\/7125\/revisions"}],"wp:featuredmedia":[{"embeddable":true,"href":"https:\/\/agenciainfra.com\/blog\/wp-json\/wp\/v2\/media\/7126"}],"wp:attachment":[{"href":"https:\/\/agenciainfra.com\/blog\/wp-json\/wp\/v2\/media?parent=7125"}],"wp:term":[{"taxonomy":"category","embeddable":true,"href":"https:\/\/agenciainfra.com\/blog\/wp-json\/wp\/v2\/categories?post=7125"},{"taxonomy":"post_tag","embeddable":true,"href":"https:\/\/agenciainfra.com\/blog\/wp-json\/wp\/v2\/tags?post=7125"}],"curies":[{"name":"wp","href":"https:\/\/api.w.org\/{rel}","templated":true}]}}