{"id":7142,"date":"2021-04-20T08:00:00","date_gmt":"2021-04-20T11:00:00","guid":{"rendered":"https:\/\/www.agenciainfra.com\/blog\/?p=7142"},"modified":"2021-04-19T11:54:49","modified_gmt":"2021-04-19T14:54:49","slug":"pnl-2035-evolucao-do-planejamento-passou-por-incorporacao-de-portos-ao-estudo","status":"publish","type":"post","link":"https:\/\/agenciainfra.com\/blog\/pnl-2035-evolucao-do-planejamento-passou-por-incorporacao-de-portos-ao-estudo\/","title":{"rendered":"PNL 2035: Evolu\u00e7\u00e3o do planejamento passou por incorpora\u00e7\u00e3o de portos ao estudo"},"content":{"rendered":"\n<hr class=\"wp-block-separator\"\/>\n\n\n\n<p class=\"has-text-align-right\"><strong>da\u00a0Ag\u00eancia iNFRA<\/strong><\/p>\n\n\n\n<p>A secret\u00e1ria de Planejamento, Fomento e Parcerias do Minist\u00e9rio da Infraestrutura, Nat\u00e1lia Marcassa, afirmou que o PNL (Plano Nacional de Log\u00edstica) 2035 evoluiu em rela\u00e7\u00e3o ao anterior ao incorporar no planejamento os portos do pa\u00eds.<\/p>\n\n\n\n<p>Segundo ela, que participou da apresenta\u00e7\u00e3o do PNL no Di\u00e1logo com as Associadas da ABTP (Associa\u00e7\u00e3o Brasileira dos Terminais Portu\u00e1rios), a evolu\u00e7\u00e3o aconteceu ap\u00f3s as profundas cr\u00edticas sobre os portos n\u00e3o estarem na primeira vers\u00e3o do PNL, em 2017, que tratava as unidades como se tivessem capacidade infinita.<\/p>\n\n\n\n<p>&#8220;Era um plano de log\u00edstica terrestre&#8221;, afirmou Marcassa, informando que agora todos os modais foram considerados, o que dar\u00e1 mais seguran\u00e7a para identificar os gargalos setoriais.<\/p>\n\n\n\n<p>A secret\u00e1ria explicou ainda que o PNL 2035 \u00e9 um diagn\u00f3stico sobre o transporte das cargas pelo pa\u00eds e n\u00e3o uma lista de obras. Ap\u00f3s a identifica\u00e7\u00e3o dos gargalos, planos t\u00e1ticos de cada setor de transporte v\u00e3o identificar as necessidades de investimentos que podem ser na amplia\u00e7\u00e3o de infraestrutura ou at\u00e9 em melhorias operacionais.<\/p>\n\n\n\n<p>Ela explicou ainda que, ap\u00f3s a etapa dos planos t\u00e1ticos, o minist\u00e9rio vai preparar um plano de outorgas para identificar, das obras consideradas necess\u00e1rias, quais v\u00e3o ser feitas com recursos do Or\u00e7amento e quais ser\u00e3o por meio de concess\u00f5es.<\/p>\n\n\n\n<p>Marcassa lembrou ainda que a Portaria 123\/2020 do Minist\u00e9rio da Infraestrutura organizou a forma como os PNLs, os Planos T\u00e1ticos e de Outorga ser\u00e3o feitos e lembrou que esse ser\u00e1 um grande legado do minist\u00e9rio para o pa\u00eds, a volta de um planejamento de longo prazo para o setor.<\/p>\n\n\n\n<p>&#8220;Planejamento foi uma coisa que minha gera\u00e7\u00e3o n\u00e3o sabia fazer&#8221;, afirmou a secret\u00e1ria, dizendo que isso ocorreu desde a desconstru\u00e7\u00e3o do Geipot (Grupo Executivo de Integra\u00e7\u00e3o da Pol\u00edtica de Transportes).<\/p>\n\n\n\n<p><strong>Evento com o ministro<\/strong><br>O PNL segue em consulta p\u00fablica at\u00e9 o dia 30 de abril.\u00a0Conforme a\u00a0<strong>Ag\u00eancia iNFRA<\/strong> <a rel=\"noreferrer noopener\" href=\"https:\/\/agenciainfra.us14.list-manage.com\/track\/click?u=d460dd1bcf9ba0ae040e1fc0f&amp;id=d4db2e2290&amp;e=c099169394\" target=\"_blank\">mostrou<\/a>, a proposta em audi\u00eancia tra\u00e7a um cen\u00e1rio com maior participa\u00e7\u00e3o do modal ferrovi\u00e1rio at\u00e9 2035 na matriz de transportes do pa\u00eds, podendo chegar a 36% da carga transportada. O evento da ABTP realizado na \u00faltima quinta-feira (15) pode ser assistido\u00a0<a rel=\"noreferrer noopener\" href=\"https:\/\/agenciainfra.us14.list-manage.com\/track\/click?u=d460dd1bcf9ba0ae040e1fc0f&amp;id=c08a348b68&amp;e=c099169394\" target=\"_blank\">neste link<\/a>.<\/p>\n\n\n\n<p>Nesta ter\u00e7a-feira (20), o ministro da Infraestrutura, Tarc\u00edsio de Freitas, participa de um webinar para a apresenta\u00e7\u00e3o dos estudos t\u00e9cnicos sobre o novo PNL, que poder\u00e1 ser acompanhado\u00a0<a rel=\"noreferrer noopener\" href=\"https:\/\/agenciainfra.us14.list-manage.com\/track\/click?u=d460dd1bcf9ba0ae040e1fc0f&amp;id=95aad58c7e&amp;e=c099169394\" target=\"_blank\">neste link<\/a>.<\/p>\n","protected":false},"excerpt":{"rendered":"<p>da\u00a0Ag\u00eancia iNFRA A secret\u00e1ria de Planejamento, Fomento e Parcerias do Minist\u00e9rio da Infraestrutura, Nat\u00e1lia Marcassa, afirmou que o PNL (Plano Nacional de Log\u00edstica) 2035 evoluiu em rela\u00e7\u00e3o ao anterior ao incorporar no planejamento os portos do pa\u00eds. Segundo ela, que participou da apresenta\u00e7\u00e3o do PNL no Di\u00e1logo com as Associadas da ABTP (Associa\u00e7\u00e3o Brasileira dos [&hellip;]<\/p>\n","protected":false},"author":9,"featured_media":7143,"comment_status":"closed","ping_status":"closed","sticky":false,"template":"","format":"standard","meta":{"_monsterinsights_skip_tracking":false,"_monsterinsights_sitenote_active":false,"_monsterinsights_sitenote_note":"","_monsterinsights_sitenote_category":0,"footnotes":""},"categories":[1,7],"tags":[207,3161,34,66,775,540,890,360,167,1358,3912,3509,310,1059],"class_list":["post-7142","post","type-post","status-publish","format-standard","has-post-thumbnail","hentry","category-geral","category-infratransporte","tag-abtp","tag-geipot","tag-infraestrutura","tag-logistica","tag-ministerio-da-infraestrutura","tag-modal-ferroviario","tag-natalia-marcassa","tag-obras","tag-orcamento","tag-plano-nacional-de-logistica","tag-pnl-2035","tag-portaria-123-2020","tag-portos","tag-transporte-de-cargas"],"yoast_head":"<!-- This site is optimized with the Yoast SEO Premium plugin v25.4 (Yoast SEO v26.0) - https:\/\/yoast.com\/wordpress\/plugins\/seo\/ -->\n<title>PNL 2035: Evolu\u00e7\u00e3o do planejamento passou por incorpora\u00e7\u00e3o de portos ao estudo - Ag\u00eancia iNFRA<\/title>\n<meta name=\"robots\" content=\"index, follow, max-snippet:-1, max-image-preview:large, max-video-preview:-1\" \/>\n<link rel=\"canonical\" href=\"https:\/\/agenciainfra.com\/blog\/pnl-2035-evolucao-do-planejamento-passou-por-incorporacao-de-portos-ao-estudo\/\" \/>\n<meta property=\"og:locale\" content=\"pt_BR\" \/>\n<meta property=\"og:type\" content=\"article\" \/>\n<meta property=\"og:title\" content=\"PNL 2035: Evolu\u00e7\u00e3o do planejamento passou por incorpora\u00e7\u00e3o de portos ao estudo\" \/>\n<meta property=\"og:description\" content=\"da\u00a0Ag\u00eancia iNFRA A secret\u00e1ria de Planejamento, Fomento e Parcerias do Minist\u00e9rio da Infraestrutura, Nat\u00e1lia Marcassa, afirmou que o PNL (Plano Nacional de Log\u00edstica) 2035 evoluiu em rela\u00e7\u00e3o ao anterior ao incorporar no planejamento os portos do pa\u00eds. Segundo ela, que participou da apresenta\u00e7\u00e3o do PNL no Di\u00e1logo com as Associadas da ABTP (Associa\u00e7\u00e3o Brasileira dos [&hellip;]\" \/>\n<meta property=\"og:url\" content=\"https:\/\/agenciainfra.com\/blog\/pnl-2035-evolucao-do-planejamento-passou-por-incorporacao-de-portos-ao-estudo\/\" \/>\n<meta property=\"og:site_name\" content=\"Ag\u00eancia iNFRA\" \/>\n<meta property=\"article:publisher\" content=\"https:\/\/www.facebook.com\/ageninfra\" \/>\n<meta property=\"article:published_time\" content=\"2021-04-20T11:00:00+00:00\" \/>\n<meta property=\"og:image\" content=\"https:\/\/agenciainfra.com\/blog\/wp-content\/uploads\/2021\/04\/natalia-marcassa-foto-minfra.jpeg\" \/>\n\t<meta property=\"og:image:width\" content=\"1280\" \/>\n\t<meta property=\"og:image:height\" content=\"853\" \/>\n\t<meta property=\"og:image:type\" content=\"image\/jpeg\" \/>\n<meta name=\"author\" content=\"Rodrigo Zuquim\" \/>\n<meta name=\"twitter:card\" content=\"summary_large_image\" \/>\n<meta name=\"twitter:creator\" content=\"@agencia_infra\" \/>\n<meta name=\"twitter:site\" content=\"@agencia_infra\" \/>\n<meta name=\"twitter:label1\" content=\"Escrito por\" \/>\n\t<meta name=\"twitter:data1\" content=\"Rodrigo Zuquim\" \/>\n\t<meta name=\"twitter:label2\" content=\"Est. tempo de leitura\" \/>\n\t<meta name=\"twitter:data2\" content=\"2 minutos\" \/>\n<script type=\"application\/ld+json\" class=\"yoast-schema-graph\">{\"@context\":\"https:\/\/schema.org\",\"@graph\":[{\"@type\":\"Article\",\"@id\":\"https:\/\/agenciainfra.com\/blog\/pnl-2035-evolucao-do-planejamento-passou-por-incorporacao-de-portos-ao-estudo\/#article\",\"isPartOf\":{\"@id\":\"https:\/\/agenciainfra.com\/blog\/pnl-2035-evolucao-do-planejamento-passou-por-incorporacao-de-portos-ao-estudo\/\"},\"author\":{\"name\":\"Rodrigo Zuquim\",\"@id\":\"https:\/\/agenciainfra.com\/blog\/#\/schema\/person\/04dbb79bd6d8951f063da71f3e4c1eb1\"},\"headline\":\"PNL 2035: Evolu\u00e7\u00e3o do planejamento passou por incorpora\u00e7\u00e3o de portos ao estudo\",\"datePublished\":\"2021-04-20T11:00:00+00:00\",\"mainEntityOfPage\":{\"@id\":\"https:\/\/agenciainfra.com\/blog\/pnl-2035-evolucao-do-planejamento-passou-por-incorporacao-de-portos-ao-estudo\/\"},\"wordCount\":438,\"publisher\":{\"@id\":\"https:\/\/agenciainfra.com\/blog\/#organization\"},\"image\":{\"@id\":\"https:\/\/agenciainfra.com\/blog\/pnl-2035-evolucao-do-planejamento-passou-por-incorporacao-de-portos-ao-estudo\/#primaryimage\"},\"thumbnailUrl\":\"https:\/\/agenciainfra.com\/blog\/wp-content\/uploads\/2021\/04\/natalia-marcassa-foto-minfra.jpeg\",\"keywords\":[\"ABTP\",\"Geipot\",\"Infraestrutura\",\"log\u00edstica\",\"Minist\u00e9rio da Infraestrutura\",\"modal ferrovi\u00e1rio\",\"Nat\u00e1lia Marcassa\",\"obras\",\"Or\u00e7amento\",\"Plano Nacional de Log\u00edstica\",\"PNL 2035\",\"Portaria 123\/2020\",\"portos\",\"transporte de cargas\"],\"articleSection\":[\"Geral\",\"iNFRATransporte\"],\"inLanguage\":\"pt-BR\",\"copyrightYear\":\"2021\",\"copyrightHolder\":{\"@id\":\"https:\/\/agenciainfra.com\/blog\/#organization\"}},{\"@type\":\"WebPage\",\"@id\":\"https:\/\/agenciainfra.com\/blog\/pnl-2035-evolucao-do-planejamento-passou-por-incorporacao-de-portos-ao-estudo\/\",\"url\":\"https:\/\/agenciainfra.com\/blog\/pnl-2035-evolucao-do-planejamento-passou-por-incorporacao-de-portos-ao-estudo\/\",\"name\":\"PNL 2035: Evolu\u00e7\u00e3o do planejamento passou por incorpora\u00e7\u00e3o de portos ao estudo - Ag\u00eancia iNFRA\",\"isPartOf\":{\"@id\":\"https:\/\/agenciainfra.com\/blog\/#website\"},\"primaryImageOfPage\":{\"@id\":\"https:\/\/agenciainfra.com\/blog\/pnl-2035-evolucao-do-planejamento-passou-por-incorporacao-de-portos-ao-estudo\/#primaryimage\"},\"image\":{\"@id\":\"https:\/\/agenciainfra.com\/blog\/pnl-2035-evolucao-do-planejamento-passou-por-incorporacao-de-portos-ao-estudo\/#primaryimage\"},\"thumbnailUrl\":\"https:\/\/agenciainfra.com\/blog\/wp-content\/uploads\/2021\/04\/natalia-marcassa-foto-minfra.jpeg\",\"datePublished\":\"2021-04-20T11:00:00+00:00\",\"breadcrumb\":{\"@id\":\"https:\/\/agenciainfra.com\/blog\/pnl-2035-evolucao-do-planejamento-passou-por-incorporacao-de-portos-ao-estudo\/#breadcrumb\"},\"inLanguage\":\"pt-BR\",\"potentialAction\":[{\"@type\":\"ReadAction\",\"target\":[\"https:\/\/agenciainfra.com\/blog\/pnl-2035-evolucao-do-planejamento-passou-por-incorporacao-de-portos-ao-estudo\/\"]}]},{\"@type\":\"ImageObject\",\"inLanguage\":\"pt-BR\",\"@id\":\"https:\/\/agenciainfra.com\/blog\/pnl-2035-evolucao-do-planejamento-passou-por-incorporacao-de-portos-ao-estudo\/#primaryimage\",\"url\":\"https:\/\/agenciainfra.com\/blog\/wp-content\/uploads\/2021\/04\/natalia-marcassa-foto-minfra.jpeg\",\"contentUrl\":\"https:\/\/agenciainfra.com\/blog\/wp-content\/uploads\/2021\/04\/natalia-marcassa-foto-minfra.jpeg\",\"width\":1280,\"height\":853},{\"@type\":\"BreadcrumbList\",\"@id\":\"https:\/\/agenciainfra.com\/blog\/pnl-2035-evolucao-do-planejamento-passou-por-incorporacao-de-portos-ao-estudo\/#breadcrumb\",\"itemListElement\":[{\"@type\":\"ListItem\",\"position\":1,\"name\":\"In\u00edcio\",\"item\":\"https:\/\/agenciainfra.com\/blog\/\"},{\"@type\":\"ListItem\",\"position\":2,\"name\":\"PNL 2035: Evolu\u00e7\u00e3o do planejamento passou por incorpora\u00e7\u00e3o de portos ao estudo\"}]},{\"@type\":\"WebSite\",\"@id\":\"https:\/\/agenciainfra.com\/blog\/#website\",\"url\":\"https:\/\/agenciainfra.com\/blog\/\",\"name\":\"Ag\u00eancia iNFRA\",\"description\":\"Multiplataforma de informa\u00e7\u00e3o jornal\u00edstica refer\u00eancia na \u00e1rea de infraestrutura no Brasil!\",\"publisher\":{\"@id\":\"https:\/\/agenciainfra.com\/blog\/#organization\"},\"potentialAction\":[{\"@type\":\"SearchAction\",\"target\":{\"@type\":\"EntryPoint\",\"urlTemplate\":\"https:\/\/agenciainfra.com\/blog\/?s={search_term_string}\"},\"query-input\":{\"@type\":\"PropertyValueSpecification\",\"valueRequired\":true,\"valueName\":\"search_term_string\"}}],\"inLanguage\":\"pt-BR\"},{\"@type\":\"Organization\",\"@id\":\"https:\/\/agenciainfra.com\/blog\/#organization\",\"name\":\"Ag\u00eancia iNFRA\",\"url\":\"https:\/\/agenciainfra.com\/blog\/\",\"logo\":{\"@type\":\"ImageObject\",\"inLanguage\":\"pt-BR\",\"@id\":\"https:\/\/agenciainfra.com\/blog\/#\/schema\/logo\/image\/\",\"url\":\"https:\/\/agenciainfra.com\/blog\/wp-content\/uploads\/2023\/09\/iNFRA_5-e1761735885940.png\",\"contentUrl\":\"https:\/\/agenciainfra.com\/blog\/wp-content\/uploads\/2023\/09\/iNFRA_5-e1761735885940.png\",\"width\":1672,\"height\":454,\"caption\":\"Ag\u00eancia iNFRA\"},\"image\":{\"@id\":\"https:\/\/agenciainfra.com\/blog\/#\/schema\/logo\/image\/\"},\"sameAs\":[\"https:\/\/www.facebook.com\/ageninfra\",\"https:\/\/x.com\/agencia_infra\",\"https:\/\/www.linkedin.com\/company\/ag\u00eanciainfra\/\",\"https:\/\/www.instagram.com\/agenciainfra\/\"]},{\"@type\":\"Person\",\"@id\":\"https:\/\/agenciainfra.com\/blog\/#\/schema\/person\/04dbb79bd6d8951f063da71f3e4c1eb1\",\"name\":\"Rodrigo Zuquim\",\"image\":{\"@type\":\"ImageObject\",\"inLanguage\":\"pt-BR\",\"@id\":\"https:\/\/agenciainfra.com\/blog\/#\/schema\/person\/image\/\",\"url\":\"https:\/\/secure.gravatar.com\/avatar\/594abfe82761d620726242ff34ca472a705a4b97f16c790053a6b4c4035274d0?s=96&d=mm&r=g\",\"contentUrl\":\"https:\/\/secure.gravatar.com\/avatar\/594abfe82761d620726242ff34ca472a705a4b97f16c790053a6b4c4035274d0?s=96&d=mm&r=g\",\"caption\":\"Rodrigo Zuquim\"},\"url\":\"https:\/\/agenciainfra.com\/blog\/author\/rodrigo-zuquim\/\"}]}<\/script>\n<!-- \/ Yoast SEO Premium plugin. -->","yoast_head_json":{"title":"PNL 2035: Evolu\u00e7\u00e3o do planejamento passou por incorpora\u00e7\u00e3o de portos ao estudo - Ag\u00eancia iNFRA","robots":{"index":"index","follow":"follow","max-snippet":"max-snippet:-1","max-image-preview":"max-image-preview:large","max-video-preview":"max-video-preview:-1"},"canonical":"https:\/\/agenciainfra.com\/blog\/pnl-2035-evolucao-do-planejamento-passou-por-incorporacao-de-portos-ao-estudo\/","og_locale":"pt_BR","og_type":"article","og_title":"PNL 2035: Evolu\u00e7\u00e3o do planejamento passou por incorpora\u00e7\u00e3o de portos ao estudo","og_description":"da\u00a0Ag\u00eancia iNFRA A secret\u00e1ria de Planejamento, Fomento e Parcerias do Minist\u00e9rio da Infraestrutura, Nat\u00e1lia Marcassa, afirmou que o PNL (Plano Nacional de Log\u00edstica) 2035 evoluiu em rela\u00e7\u00e3o ao anterior ao incorporar no planejamento os portos do pa\u00eds. Segundo ela, que participou da apresenta\u00e7\u00e3o do PNL no Di\u00e1logo com as Associadas da ABTP (Associa\u00e7\u00e3o Brasileira dos [&hellip;]","og_url":"https:\/\/agenciainfra.com\/blog\/pnl-2035-evolucao-do-planejamento-passou-por-incorporacao-de-portos-ao-estudo\/","og_site_name":"Ag\u00eancia iNFRA","article_publisher":"https:\/\/www.facebook.com\/ageninfra","article_published_time":"2021-04-20T11:00:00+00:00","og_image":[{"width":1280,"height":853,"url":"https:\/\/agenciainfra.com\/blog\/wp-content\/uploads\/2021\/04\/natalia-marcassa-foto-minfra.jpeg","type":"image\/jpeg"}],"author":"Rodrigo Zuquim","twitter_card":"summary_large_image","twitter_creator":"@agencia_infra","twitter_site":"@agencia_infra","twitter_misc":{"Escrito por":"Rodrigo Zuquim","Est. tempo de leitura":"2 minutos"},"schema":{"@context":"https:\/\/schema.org","@graph":[{"@type":"Article","@id":"https:\/\/agenciainfra.com\/blog\/pnl-2035-evolucao-do-planejamento-passou-por-incorporacao-de-portos-ao-estudo\/#article","isPartOf":{"@id":"https:\/\/agenciainfra.com\/blog\/pnl-2035-evolucao-do-planejamento-passou-por-incorporacao-de-portos-ao-estudo\/"},"author":{"name":"Rodrigo Zuquim","@id":"https:\/\/agenciainfra.com\/blog\/#\/schema\/person\/04dbb79bd6d8951f063da71f3e4c1eb1"},"headline":"PNL 2035: Evolu\u00e7\u00e3o do planejamento passou por incorpora\u00e7\u00e3o de portos ao estudo","datePublished":"2021-04-20T11:00:00+00:00","mainEntityOfPage":{"@id":"https:\/\/agenciainfra.com\/blog\/pnl-2035-evolucao-do-planejamento-passou-por-incorporacao-de-portos-ao-estudo\/"},"wordCount":438,"publisher":{"@id":"https:\/\/agenciainfra.com\/blog\/#organization"},"image":{"@id":"https:\/\/agenciainfra.com\/blog\/pnl-2035-evolucao-do-planejamento-passou-por-incorporacao-de-portos-ao-estudo\/#primaryimage"},"thumbnailUrl":"https:\/\/agenciainfra.com\/blog\/wp-content\/uploads\/2021\/04\/natalia-marcassa-foto-minfra.jpeg","keywords":["ABTP","Geipot","Infraestrutura","log\u00edstica","Minist\u00e9rio da Infraestrutura","modal ferrovi\u00e1rio","Nat\u00e1lia Marcassa","obras","Or\u00e7amento","Plano Nacional de Log\u00edstica","PNL 2035","Portaria 123\/2020","portos","transporte de cargas"],"articleSection":["Geral","iNFRATransporte"],"inLanguage":"pt-BR","copyrightYear":"2021","copyrightHolder":{"@id":"https:\/\/agenciainfra.com\/blog\/#organization"}},{"@type":"WebPage","@id":"https:\/\/agenciainfra.com\/blog\/pnl-2035-evolucao-do-planejamento-passou-por-incorporacao-de-portos-ao-estudo\/","url":"https:\/\/agenciainfra.com\/blog\/pnl-2035-evolucao-do-planejamento-passou-por-incorporacao-de-portos-ao-estudo\/","name":"PNL 2035: Evolu\u00e7\u00e3o do planejamento passou por incorpora\u00e7\u00e3o de portos ao estudo - Ag\u00eancia iNFRA","isPartOf":{"@id":"https:\/\/agenciainfra.com\/blog\/#website"},"primaryImageOfPage":{"@id":"https:\/\/agenciainfra.com\/blog\/pnl-2035-evolucao-do-planejamento-passou-por-incorporacao-de-portos-ao-estudo\/#primaryimage"},"image":{"@id":"https:\/\/agenciainfra.com\/blog\/pnl-2035-evolucao-do-planejamento-passou-por-incorporacao-de-portos-ao-estudo\/#primaryimage"},"thumbnailUrl":"https:\/\/agenciainfra.com\/blog\/wp-content\/uploads\/2021\/04\/natalia-marcassa-foto-minfra.jpeg","datePublished":"2021-04-20T11:00:00+00:00","breadcrumb":{"@id":"https:\/\/agenciainfra.com\/blog\/pnl-2035-evolucao-do-planejamento-passou-por-incorporacao-de-portos-ao-estudo\/#breadcrumb"},"inLanguage":"pt-BR","potentialAction":[{"@type":"ReadAction","target":["https:\/\/agenciainfra.com\/blog\/pnl-2035-evolucao-do-planejamento-passou-por-incorporacao-de-portos-ao-estudo\/"]}]},{"@type":"ImageObject","inLanguage":"pt-BR","@id":"https:\/\/agenciainfra.com\/blog\/pnl-2035-evolucao-do-planejamento-passou-por-incorporacao-de-portos-ao-estudo\/#primaryimage","url":"https:\/\/agenciainfra.com\/blog\/wp-content\/uploads\/2021\/04\/natalia-marcassa-foto-minfra.jpeg","contentUrl":"https:\/\/agenciainfra.com\/blog\/wp-content\/uploads\/2021\/04\/natalia-marcassa-foto-minfra.jpeg","width":1280,"height":853},{"@type":"BreadcrumbList","@id":"https:\/\/agenciainfra.com\/blog\/pnl-2035-evolucao-do-planejamento-passou-por-incorporacao-de-portos-ao-estudo\/#breadcrumb","itemListElement":[{"@type":"ListItem","position":1,"name":"In\u00edcio","item":"https:\/\/agenciainfra.com\/blog\/"},{"@type":"ListItem","position":2,"name":"PNL 2035: Evolu\u00e7\u00e3o do planejamento passou por incorpora\u00e7\u00e3o de portos ao estudo"}]},{"@type":"WebSite","@id":"https:\/\/agenciainfra.com\/blog\/#website","url":"https:\/\/agenciainfra.com\/blog\/","name":"Ag\u00eancia iNFRA","description":"Multiplataforma de informa\u00e7\u00e3o jornal\u00edstica refer\u00eancia na \u00e1rea de infraestrutura no Brasil!","publisher":{"@id":"https:\/\/agenciainfra.com\/blog\/#organization"},"potentialAction":[{"@type":"SearchAction","target":{"@type":"EntryPoint","urlTemplate":"https:\/\/agenciainfra.com\/blog\/?s={search_term_string}"},"query-input":{"@type":"PropertyValueSpecification","valueRequired":true,"valueName":"search_term_string"}}],"inLanguage":"pt-BR"},{"@type":"Organization","@id":"https:\/\/agenciainfra.com\/blog\/#organization","name":"Ag\u00eancia iNFRA","url":"https:\/\/agenciainfra.com\/blog\/","logo":{"@type":"ImageObject","inLanguage":"pt-BR","@id":"https:\/\/agenciainfra.com\/blog\/#\/schema\/logo\/image\/","url":"https:\/\/agenciainfra.com\/blog\/wp-content\/uploads\/2023\/09\/iNFRA_5-e1761735885940.png","contentUrl":"https:\/\/agenciainfra.com\/blog\/wp-content\/uploads\/2023\/09\/iNFRA_5-e1761735885940.png","width":1672,"height":454,"caption":"Ag\u00eancia iNFRA"},"image":{"@id":"https:\/\/agenciainfra.com\/blog\/#\/schema\/logo\/image\/"},"sameAs":["https:\/\/www.facebook.com\/ageninfra","https:\/\/x.com\/agencia_infra","https:\/\/www.linkedin.com\/company\/ag\u00eanciainfra\/","https:\/\/www.instagram.com\/agenciainfra\/"]},{"@type":"Person","@id":"https:\/\/agenciainfra.com\/blog\/#\/schema\/person\/04dbb79bd6d8951f063da71f3e4c1eb1","name":"Rodrigo Zuquim","image":{"@type":"ImageObject","inLanguage":"pt-BR","@id":"https:\/\/agenciainfra.com\/blog\/#\/schema\/person\/image\/","url":"https:\/\/secure.gravatar.com\/avatar\/594abfe82761d620726242ff34ca472a705a4b97f16c790053a6b4c4035274d0?s=96&d=mm&r=g","contentUrl":"https:\/\/secure.gravatar.com\/avatar\/594abfe82761d620726242ff34ca472a705a4b97f16c790053a6b4c4035274d0?s=96&d=mm&r=g","caption":"Rodrigo Zuquim"},"url":"https:\/\/agenciainfra.com\/blog\/author\/rodrigo-zuquim\/"}]}},"_links":{"self":[{"href":"https:\/\/agenciainfra.com\/blog\/wp-json\/wp\/v2\/posts\/7142","targetHints":{"allow":["GET"]}}],"collection":[{"href":"https:\/\/agenciainfra.com\/blog\/wp-json\/wp\/v2\/posts"}],"about":[{"href":"https:\/\/agenciainfra.com\/blog\/wp-json\/wp\/v2\/types\/post"}],"author":[{"embeddable":true,"href":"https:\/\/agenciainfra.com\/blog\/wp-json\/wp\/v2\/users\/9"}],"replies":[{"embeddable":true,"href":"https:\/\/agenciainfra.com\/blog\/wp-json\/wp\/v2\/comments?post=7142"}],"version-history":[{"count":0,"href":"https:\/\/agenciainfra.com\/blog\/wp-json\/wp\/v2\/posts\/7142\/revisions"}],"wp:featuredmedia":[{"embeddable":true,"href":"https:\/\/agenciainfra.com\/blog\/wp-json\/wp\/v2\/media\/7143"}],"wp:attachment":[{"href":"https:\/\/agenciainfra.com\/blog\/wp-json\/wp\/v2\/media?parent=7142"}],"wp:term":[{"taxonomy":"category","embeddable":true,"href":"https:\/\/agenciainfra.com\/blog\/wp-json\/wp\/v2\/categories?post=7142"},{"taxonomy":"post_tag","embeddable":true,"href":"https:\/\/agenciainfra.com\/blog\/wp-json\/wp\/v2\/tags?post=7142"}],"curies":[{"name":"wp","href":"https:\/\/api.w.org\/{rel}","templated":true}]}}