{"id":7148,"date":"2021-04-22T08:00:00","date_gmt":"2021-04-22T11:00:00","guid":{"rendered":"https:\/\/www.agenciainfra.com\/blog\/?p=7148"},"modified":"2021-04-20T13:08:30","modified_gmt":"2021-04-20T16:08:30","slug":"protestos-em-estados-contra-modelo-de-renovacao-da-ferrovia-centro-atlantica-se-ampliam","status":"publish","type":"post","link":"https:\/\/agenciainfra.com\/blog\/protestos-em-estados-contra-modelo-de-renovacao-da-ferrovia-centro-atlantica-se-ampliam\/","title":{"rendered":"Protestos em estados contra modelo de renova\u00e7\u00e3o da Ferrovia Centro-Atl\u00e2ntica se ampliam"},"content":{"rendered":"\n<hr class=\"wp-block-separator\"\/>\n\n\n\n<p class=\"has-text-align-right\"><strong>Dimmi Amora e Tales Silveira, da&nbsp;Ag\u00eancia iNFRA<\/strong><\/p>\n\n\n\n<p>Os governos do Rio de Janeiro e da Bahia entraram na briga contra o modelo atual de renova\u00e7\u00e3o antecipada da concess\u00e3o da FCA (Ferrovia Centro-Atl\u00e2ntica), operada pela VLI, ampliando o descontentamento com a proposta que foi apresentada em audi\u00eancia p\u00fablica pelo governo no ano passado.<\/p>\n\n\n\n<p>Em audi\u00eancia p\u00fablica na CVT (Comiss\u00e3o de Via\u00e7\u00e3o e Transportes)&nbsp;da C\u00e2mara dos Deputados na \u00faltima segunda-feira (19), o secret\u00e1rio estadual de Transportes do Rio de Janeiro, Delmo Pinho, apelou ao presidente Jair Bolsonaro para dizer que a forma como est\u00e1 sendo feita a renova\u00e7\u00e3o \u00e9 &#8220;uma maldade&#8221; e &#8220;injusti\u00e7a&#8221; contra o estado onde o presidente reside.&nbsp;<a rel=\"noreferrer noopener\" href=\"https:\/\/agenciainfra.us14.list-manage.com\/track\/click?u=d460dd1bcf9ba0ae040e1fc0f&amp;id=7e1162a6e9&amp;e=c099169394\" target=\"_blank\">V\u00eddeo<\/a>&nbsp;do secret\u00e1rio falando do tema est\u00e1 circulando nas redes sociais. A audi\u00eancia pode ser vista&nbsp;<a rel=\"noreferrer noopener\" href=\"https:\/\/agenciainfra.us14.list-manage.com\/track\/click?u=d460dd1bcf9ba0ae040e1fc0f&amp;id=db8996654b&amp;e=c099169394\" target=\"_blank\">neste link<\/a>.<\/p>\n\n\n\n<p>J\u00e1 na Bahia, o governo local j\u00e1 tinha uma posi\u00e7\u00e3o por pedir mais obras do que estavam previstas na primeira vers\u00e3o dos estudos para a renova\u00e7\u00e3o antecipada, que est\u00e3o sendo refeitos. Mas, um movimento de empresas do estado est\u00e1 querendo tirar os trechos da FCA entre Minas Gerais e Bahia da renova\u00e7\u00e3o para realizar uma nova concess\u00e3o.<\/p>\n\n\n\n<p>Lembrando que as bancadas parlamentares do Esp\u00edrito Santo e de Minas Gerais j\u00e1 est\u00e3o em conflito com o modelo adotado e decidiram fazer uma esp\u00e9cie de bloqueio para que projetos de interesse do governo no setor n\u00e3o sejam votados at\u00e9 que mudan\u00e7as na proposta da FCA sejam feitas, especialmente a amplia\u00e7\u00e3o de obras nesses dois estados.<\/p>\n\n\n\n<p>Em comum, todos reclamam que a falta de investimentos na pr\u00f3pria malha da FCA&nbsp;\u00e9 para retirar recursos dessa concess\u00e3o e aplicar nas obras da Fiol 3, entre Bahia e Tocantins, com o que sobra da chamada outorga livre.<\/p>\n\n\n\n<p><strong>Audi\u00eancia sem estudo<\/strong><br>Na audi\u00eancia da CVT de segunda-feira, representantes dos governos estaduais e municipais do Rio de Janeiro criticaram a forma como o Minist\u00e9rio da Infraestrutura e a ANTT (Ag\u00eancia Nacional de Transportes Terrestres) encaminharam o processo de renova\u00e7\u00e3o da FCA.&nbsp;Delmo Pinho condenou, inclusive, a realiza\u00e7\u00e3o da audi\u00eancia p\u00fablica,&nbsp;promovida pela ag\u00eancia&nbsp;sem o estudo de demanda atualizado.&nbsp;<\/p>\n\n\n\n<p>\u201cA ANTT divulgou que o novo estudo de demanda dever\u00e1 estar conclu\u00eddo no dia 31 de maio. Ou seja, a audi\u00eancia p\u00fablica, de acordo com a lei, s\u00f3 poderia acontecer ap\u00f3s essa apresenta\u00e7\u00e3o. Al\u00e9m disso, esses documentos fazem parte dos estudos de vantajosidade. Como \u00e9 que, sem cumprir todos esses requisitos, a ANTT vai encaminhar material de um estudo de demanda que n\u00e3o passou na audi\u00eancia p\u00fablica?\u201d, questionou.&nbsp;<\/p>\n\n\n\n<p>Outra cr\u00edtica foi sobre o Rio de Janeiro ser um dos mais afetados com a devolu\u00e7\u00e3o dos trechos da FCA, mas sem o retorno financeiro decorrente disso.&nbsp;Segundo o secret\u00e1rio, dos quase oito&nbsp;mil quil\u00f4metros concedidos \u00e0 FCA, 840 quil\u00f4metros eram no Rio de Janeiro (a empresa opera apenas 40 quil\u00f4metros no estado).&nbsp;<\/p>\n\n\n\n<p>&#8220;Os novos estudos afirmam que mais 1.700 quil\u00f4metros ser\u00e3o devolvidos. Seiscentos e cinquenta quil\u00f4metros&nbsp;ser\u00e3o no Rio e mais trezentos e poucos em trechos com fronteira imediata com o estado. E a Uni\u00e3o pretende direcionar as indeniza\u00e7\u00f5es para aplica\u00e7\u00e3o na Fiol. N\u00e3o d\u00e1 para compreender\u201d, reclamou.&nbsp;<\/p>\n\n\n\n<p>As palavras de Pinho foram corroboradas pelo 2\u00ba vice-presidente da CVT e autor do requerimento de convoca\u00e7\u00e3o da audi\u00eancia, deputado Hugo Leal (PSD-RJ).&nbsp;Segundo ele, pelo volume de pedidos de altera\u00e7\u00e3o apresentados na audi\u00eancia, seria necess\u00e1rio que a ANTT realizasse novas audi\u00eancias p\u00fablicas para tratar do tema.<\/p>\n\n\n\n<p>\u201cMuitos desses questionamentos trazidos para a renova\u00e7\u00e3o j\u00e1 foram apresentados na audi\u00eancia p\u00fablica da FCA, que durou mais de cinco horas, o que n\u00e3o \u00e9 producente. Deveria ampliar esse n\u00famero de audi\u00eancias. Cada estado tem uma vis\u00e3o e interesse. Sugiro que as audi\u00eancias fossem direcionadas a debates espec\u00edficos. Depois poderia ser feita a integra\u00e7\u00e3o\u201d, afirmou.<\/p>\n\n\n\n<p><strong>Audi\u00eancia legal<\/strong><br>O diretor-geral em exerc\u00edcio da ANTT, Alexandre Porto, rebateu as cr\u00edticas apresentadas pelo secret\u00e1rio de Transportes do Rio de Janeiro.&nbsp;Segundo ele, a Lei 13.448\/2017 \u2013 que estabelece diretrizes gerais para prorroga\u00e7\u00e3o e relicita\u00e7\u00e3o dos contratos de parceria \u2013 n\u00e3o obriga que a audi\u00eancia p\u00fablica s\u00f3 possa ser realizada ap\u00f3s a entrega dos estudos de demanda.<\/p>\n\n\n\n<p>O normativo define que, ap\u00f3s a apresenta\u00e7\u00e3o de documentos, seja aberto um per\u00edodo de contribui\u00e7\u00e3o de 45 dias.&nbsp;Porto informou ainda que a decis\u00e3o sobre a realoca\u00e7\u00e3o dos recursos \u00e9 do Minist\u00e9rio da Infraestrutura. \u00c0 ANTT cabe aguardar as an\u00e1lises t\u00e9cnicas do governo, realizar os c\u00e1lculos or\u00e7ament\u00e1rios e envi\u00e1-los ao TCU (Tribunal de Contas da Uni\u00e3o).&nbsp;&nbsp;<\/p>\n\n\n\n<p>\u201cA ag\u00eancia faz as contas, mas a decis\u00e3o de onde aplicar esses investimentos da outorga \u00e9 do governo federal\u201d, explicou.&nbsp;<\/p>\n\n\n\n<p>O diretor ainda tratou da quest\u00e3o da destina\u00e7\u00e3o dos recursos de outorga afirmando que o pr\u00f3prio Judici\u00e1rio e o TCU j\u00e1 entenderam que o governo n\u00e3o \u00e9 obrigado a reinvestir as verbas das devolu\u00e7\u00f5es no pr\u00f3prio estado.&nbsp;<\/p>\n\n\n\n<p>\u201cNo Par\u00e1 e no Esp\u00edrito Santo, ambos entraram com a\u00e7\u00f5es reclamando que o valor de outorga fosse empregado no pr\u00f3prio estado. E o tribunal entendeu que, dentro de um rigor t\u00e9cnico, a Uni\u00e3o pode fazer as suas escolhas\u201d, comentou, em rela\u00e7\u00e3o \u00e0 renova\u00e7\u00e3o das ferrovias da Vale.<\/p>\n\n\n\n<p>Porto afirmou ainda que a renova\u00e7\u00e3o da concess\u00e3o s\u00f3 ser\u00e1 feita se for solucionado o processo de inadimplemento que est\u00e1 em andamento na ag\u00eancia. O&nbsp;gerente t\u00e9cnico de Rela\u00e7\u00f5es Institucionais da FCA\/VLI, Jos\u00e9 Osvaldo Cruz, afirmou que a empresa tem tratado do processo e que essas&nbsp;quest\u00f5es &#8220;ser\u00e3o superadas&#8221;.<\/p>\n\n\n\n<p>&#8220;Vamos contribuir da melhor forma poss\u00edvel e esperamos que o processo possa seguir de acordo com o cronograma, superando os questionamentos poss\u00edveis, e que a concess\u00e3o possa ser renovada\u201d, afirmou Cruz.<\/p>\n\n\n\n<p><strong>Short lines<\/strong><br>O assessor especial do ministro da Infraestrutura, Marcos Kleber Felix, afirmou durante o encontro&nbsp;que, no Rio de Janeiro, os trechos devolvidos t\u00eam voca\u00e7\u00e3o para se tornar short lines. Portanto, o governo vem realizando estudos para concretiza\u00e7\u00e3o das autoriza\u00e7\u00f5es. Entre eles, o da EF-118 entre os trechos de Anchieta (ES) e Porto do A\u00e7u (RJ).&nbsp;<\/p>\n\n\n\n<p>\u201cEstamos estudando a possibilidade de que os demais trechos, como o de Angra dos Reis e de Minas-Rio sejam restaurados no processo de renova\u00e7\u00e3o da FCA. A ideia \u00e9 que sejam usados pela pr\u00f3pria FCA, ou como novas autoriza\u00e7\u00f5es para short lines de transportes de passageiros\u201d, afirmou o assessor que apelou pela aprova\u00e7\u00e3o do PLS (Projeto de Lei do Senado) 261\/2018 \u2013&nbsp;o novo Marco Legal das Ferrovias.<\/p>\n","protected":false},"excerpt":{"rendered":"<p>Dimmi Amora e Tales Silveira, da&nbsp;Ag\u00eancia iNFRA Os governos do Rio de Janeiro e da Bahia entraram na briga contra o modelo atual de renova\u00e7\u00e3o antecipada da concess\u00e3o da FCA (Ferrovia Centro-Atl\u00e2ntica), operada pela VLI, ampliando o descontentamento com a proposta que foi apresentada em audi\u00eancia p\u00fablica pelo governo no ano passado. Em audi\u00eancia p\u00fablica [&hellip;]<\/p>\n","protected":false},"author":9,"featured_media":7153,"comment_status":"closed","ping_status":"closed","sticky":false,"template":"","format":"standard","meta":{"_monsterinsights_skip_tracking":false,"_monsterinsights_sitenote_active":false,"_monsterinsights_sitenote_note":"","_monsterinsights_sitenote_category":0,"footnotes":""},"categories":[1,7],"tags":[1910,19,610,305,1531,118,1523,3351,3075,446,754,120,4055,1189,32,845,4057,525,4058,1985,775,3622,4056,688,1035,226,1654,3388,18,83,82],"class_list":["post-7148","post","type-post","status-publish","format-standard","has-post-thumbnail","hentry","category-geral","category-infratransporte","tag-alexandre-porto","tag-antt","tag-bahia","tag-camara-dos-deputados","tag-comissao-de-viacao-e-transportes","tag-cvt","tag-delmo-pinho","tag-ef-118","tag-espirito-santo","tag-fca","tag-ferrovia-centro-atlantica","tag-ferrovias","tag-fiol-3","tag-hugo-leal","tag-investimentos","tag-jair-bolsonaro","tag-jose-osvaldo-cruz","tag-lei-13-448-2017","tag-marcos-kleber-felix","tag-minas-gerais","tag-ministerio-da-infraestrutura","tag-novo-marco-legal-das-ferrovias","tag-outorga-livre","tag-para","tag-pls-261-2018","tag-renovacao","tag-rio-de-janeiro","tag-short-lines","tag-tcu","tag-vale","tag-vli"],"yoast_head":"<!-- This site is optimized with the Yoast SEO Premium plugin v25.4 (Yoast SEO v26.0) - https:\/\/yoast.com\/wordpress\/plugins\/seo\/ -->\n<title>Protestos em estados contra modelo de renova\u00e7\u00e3o da Ferrovia Centro-Atl\u00e2ntica se ampliam - Ag\u00eancia iNFRA<\/title>\n<meta name=\"robots\" content=\"index, follow, max-snippet:-1, max-image-preview:large, max-video-preview:-1\" \/>\n<link rel=\"canonical\" href=\"https:\/\/agenciainfra.com\/blog\/protestos-em-estados-contra-modelo-de-renovacao-da-ferrovia-centro-atlantica-se-ampliam\/\" \/>\n<meta property=\"og:locale\" content=\"pt_BR\" \/>\n<meta property=\"og:type\" content=\"article\" \/>\n<meta property=\"og:title\" content=\"Protestos em estados contra modelo de renova\u00e7\u00e3o da Ferrovia Centro-Atl\u00e2ntica se ampliam\" \/>\n<meta property=\"og:description\" content=\"Dimmi Amora e Tales Silveira, da&nbsp;Ag\u00eancia iNFRA Os governos do Rio de Janeiro e da Bahia entraram na briga contra o modelo atual de renova\u00e7\u00e3o antecipada da concess\u00e3o da FCA (Ferrovia Centro-Atl\u00e2ntica), operada pela VLI, ampliando o descontentamento com a proposta que foi apresentada em audi\u00eancia p\u00fablica pelo governo no ano passado. Em audi\u00eancia p\u00fablica [&hellip;]\" \/>\n<meta property=\"og:url\" content=\"https:\/\/agenciainfra.com\/blog\/protestos-em-estados-contra-modelo-de-renovacao-da-ferrovia-centro-atlantica-se-ampliam\/\" \/>\n<meta property=\"og:site_name\" content=\"Ag\u00eancia iNFRA\" \/>\n<meta property=\"article:publisher\" content=\"https:\/\/www.facebook.com\/ageninfra\" \/>\n<meta property=\"article:published_time\" content=\"2021-04-22T11:00:00+00:00\" \/>\n<meta property=\"og:image\" content=\"https:\/\/agenciainfra.com\/blog\/wp-content\/uploads\/2021\/04\/delmo-pinho-foto-gustavo-sales-camara-dos-deputados.jpeg\" \/>\n\t<meta property=\"og:image:width\" content=\"1280\" \/>\n\t<meta property=\"og:image:height\" content=\"852\" \/>\n\t<meta property=\"og:image:type\" content=\"image\/jpeg\" \/>\n<meta name=\"author\" content=\"Rodrigo Zuquim\" \/>\n<meta name=\"twitter:card\" content=\"summary_large_image\" \/>\n<meta name=\"twitter:creator\" content=\"@agencia_infra\" \/>\n<meta name=\"twitter:site\" content=\"@agencia_infra\" \/>\n<meta name=\"twitter:label1\" content=\"Escrito por\" \/>\n\t<meta name=\"twitter:data1\" content=\"Rodrigo Zuquim\" \/>\n\t<meta name=\"twitter:label2\" content=\"Est. tempo de leitura\" \/>\n\t<meta name=\"twitter:data2\" content=\"6 minutos\" \/>\n<script type=\"application\/ld+json\" class=\"yoast-schema-graph\">{\"@context\":\"https:\/\/schema.org\",\"@graph\":[{\"@type\":\"Article\",\"@id\":\"https:\/\/agenciainfra.com\/blog\/protestos-em-estados-contra-modelo-de-renovacao-da-ferrovia-centro-atlantica-se-ampliam\/#article\",\"isPartOf\":{\"@id\":\"https:\/\/agenciainfra.com\/blog\/protestos-em-estados-contra-modelo-de-renovacao-da-ferrovia-centro-atlantica-se-ampliam\/\"},\"author\":{\"name\":\"Rodrigo Zuquim\",\"@id\":\"https:\/\/agenciainfra.com\/blog\/#\/schema\/person\/04dbb79bd6d8951f063da71f3e4c1eb1\"},\"headline\":\"Protestos em estados contra modelo de renova\u00e7\u00e3o da Ferrovia Centro-Atl\u00e2ntica se ampliam\",\"datePublished\":\"2021-04-22T11:00:00+00:00\",\"mainEntityOfPage\":{\"@id\":\"https:\/\/agenciainfra.com\/blog\/protestos-em-estados-contra-modelo-de-renovacao-da-ferrovia-centro-atlantica-se-ampliam\/\"},\"wordCount\":1190,\"publisher\":{\"@id\":\"https:\/\/agenciainfra.com\/blog\/#organization\"},\"image\":{\"@id\":\"https:\/\/agenciainfra.com\/blog\/protestos-em-estados-contra-modelo-de-renovacao-da-ferrovia-centro-atlantica-se-ampliam\/#primaryimage\"},\"thumbnailUrl\":\"https:\/\/agenciainfra.com\/blog\/wp-content\/uploads\/2021\/04\/delmo-pinho-foto-gustavo-sales-camara-dos-deputados.jpeg\",\"keywords\":[\"Alexandre Porto\",\"ANTT\",\"Bahia\",\"C\u00e2mara dos Deputados\",\"Comiss\u00e3o de Via\u00e7\u00e3o e Transportes\",\"CVT\",\"Delmo Pinho\",\"EF-118\",\"Esp\u00edrito Santo\",\"FCA\",\"Ferrovia Centro-Atl\u00e2ntica\",\"Ferrovias\",\"Fiol 3\",\"Hugo Leal\",\"Investimentos\",\"Jair Bolsonaro\",\"Jos\u00e9 Osvaldo Cruz\",\"Lei 13.448\/2017\",\"Marcos Kleber Felix\",\"Minas Gerais\",\"Minist\u00e9rio da Infraestrutura\",\"Novo Marco Legal das Ferrovias\",\"outorga livre\",\"Par\u00e1\",\"PLS 261\/2018\",\"renova\u00e7\u00e3o\",\"Rio de Janeiro\",\"short lines\",\"TCU\",\"Vale\",\"VLI\"],\"articleSection\":[\"Geral\",\"iNFRATransporte\"],\"inLanguage\":\"pt-BR\",\"copyrightYear\":\"2021\",\"copyrightHolder\":{\"@id\":\"https:\/\/agenciainfra.com\/blog\/#organization\"}},{\"@type\":\"WebPage\",\"@id\":\"https:\/\/agenciainfra.com\/blog\/protestos-em-estados-contra-modelo-de-renovacao-da-ferrovia-centro-atlantica-se-ampliam\/\",\"url\":\"https:\/\/agenciainfra.com\/blog\/protestos-em-estados-contra-modelo-de-renovacao-da-ferrovia-centro-atlantica-se-ampliam\/\",\"name\":\"Protestos em estados contra modelo de renova\u00e7\u00e3o da Ferrovia Centro-Atl\u00e2ntica se ampliam - Ag\u00eancia iNFRA\",\"isPartOf\":{\"@id\":\"https:\/\/agenciainfra.com\/blog\/#website\"},\"primaryImageOfPage\":{\"@id\":\"https:\/\/agenciainfra.com\/blog\/protestos-em-estados-contra-modelo-de-renovacao-da-ferrovia-centro-atlantica-se-ampliam\/#primaryimage\"},\"image\":{\"@id\":\"https:\/\/agenciainfra.com\/blog\/protestos-em-estados-contra-modelo-de-renovacao-da-ferrovia-centro-atlantica-se-ampliam\/#primaryimage\"},\"thumbnailUrl\":\"https:\/\/agenciainfra.com\/blog\/wp-content\/uploads\/2021\/04\/delmo-pinho-foto-gustavo-sales-camara-dos-deputados.jpeg\",\"datePublished\":\"2021-04-22T11:00:00+00:00\",\"breadcrumb\":{\"@id\":\"https:\/\/agenciainfra.com\/blog\/protestos-em-estados-contra-modelo-de-renovacao-da-ferrovia-centro-atlantica-se-ampliam\/#breadcrumb\"},\"inLanguage\":\"pt-BR\",\"potentialAction\":[{\"@type\":\"ReadAction\",\"target\":[\"https:\/\/agenciainfra.com\/blog\/protestos-em-estados-contra-modelo-de-renovacao-da-ferrovia-centro-atlantica-se-ampliam\/\"]}]},{\"@type\":\"ImageObject\",\"inLanguage\":\"pt-BR\",\"@id\":\"https:\/\/agenciainfra.com\/blog\/protestos-em-estados-contra-modelo-de-renovacao-da-ferrovia-centro-atlantica-se-ampliam\/#primaryimage\",\"url\":\"https:\/\/agenciainfra.com\/blog\/wp-content\/uploads\/2021\/04\/delmo-pinho-foto-gustavo-sales-camara-dos-deputados.jpeg\",\"contentUrl\":\"https:\/\/agenciainfra.com\/blog\/wp-content\/uploads\/2021\/04\/delmo-pinho-foto-gustavo-sales-camara-dos-deputados.jpeg\",\"width\":1280,\"height\":852},{\"@type\":\"BreadcrumbList\",\"@id\":\"https:\/\/agenciainfra.com\/blog\/protestos-em-estados-contra-modelo-de-renovacao-da-ferrovia-centro-atlantica-se-ampliam\/#breadcrumb\",\"itemListElement\":[{\"@type\":\"ListItem\",\"position\":1,\"name\":\"In\u00edcio\",\"item\":\"https:\/\/agenciainfra.com\/blog\/\"},{\"@type\":\"ListItem\",\"position\":2,\"name\":\"Protestos em estados contra modelo de renova\u00e7\u00e3o da Ferrovia Centro-Atl\u00e2ntica se ampliam\"}]},{\"@type\":\"WebSite\",\"@id\":\"https:\/\/agenciainfra.com\/blog\/#website\",\"url\":\"https:\/\/agenciainfra.com\/blog\/\",\"name\":\"Ag\u00eancia iNFRA\",\"description\":\"Multiplataforma de informa\u00e7\u00e3o jornal\u00edstica refer\u00eancia na \u00e1rea de infraestrutura no Brasil!\",\"publisher\":{\"@id\":\"https:\/\/agenciainfra.com\/blog\/#organization\"},\"potentialAction\":[{\"@type\":\"SearchAction\",\"target\":{\"@type\":\"EntryPoint\",\"urlTemplate\":\"https:\/\/agenciainfra.com\/blog\/?s={search_term_string}\"},\"query-input\":{\"@type\":\"PropertyValueSpecification\",\"valueRequired\":true,\"valueName\":\"search_term_string\"}}],\"inLanguage\":\"pt-BR\"},{\"@type\":\"Organization\",\"@id\":\"https:\/\/agenciainfra.com\/blog\/#organization\",\"name\":\"Ag\u00eancia iNFRA\",\"url\":\"https:\/\/agenciainfra.com\/blog\/\",\"logo\":{\"@type\":\"ImageObject\",\"inLanguage\":\"pt-BR\",\"@id\":\"https:\/\/agenciainfra.com\/blog\/#\/schema\/logo\/image\/\",\"url\":\"https:\/\/agenciainfra.com\/blog\/wp-content\/uploads\/2023\/09\/iNFRA_5-e1761735885940.png\",\"contentUrl\":\"https:\/\/agenciainfra.com\/blog\/wp-content\/uploads\/2023\/09\/iNFRA_5-e1761735885940.png\",\"width\":1672,\"height\":454,\"caption\":\"Ag\u00eancia iNFRA\"},\"image\":{\"@id\":\"https:\/\/agenciainfra.com\/blog\/#\/schema\/logo\/image\/\"},\"sameAs\":[\"https:\/\/www.facebook.com\/ageninfra\",\"https:\/\/x.com\/agencia_infra\",\"https:\/\/www.linkedin.com\/company\/ag\u00eanciainfra\/\",\"https:\/\/www.instagram.com\/agenciainfra\/\"]},{\"@type\":\"Person\",\"@id\":\"https:\/\/agenciainfra.com\/blog\/#\/schema\/person\/04dbb79bd6d8951f063da71f3e4c1eb1\",\"name\":\"Rodrigo Zuquim\",\"image\":{\"@type\":\"ImageObject\",\"inLanguage\":\"pt-BR\",\"@id\":\"https:\/\/agenciainfra.com\/blog\/#\/schema\/person\/image\/\",\"url\":\"https:\/\/secure.gravatar.com\/avatar\/594abfe82761d620726242ff34ca472a705a4b97f16c790053a6b4c4035274d0?s=96&d=mm&r=g\",\"contentUrl\":\"https:\/\/secure.gravatar.com\/avatar\/594abfe82761d620726242ff34ca472a705a4b97f16c790053a6b4c4035274d0?s=96&d=mm&r=g\",\"caption\":\"Rodrigo Zuquim\"},\"url\":\"https:\/\/agenciainfra.com\/blog\/author\/rodrigo-zuquim\/\"}]}<\/script>\n<!-- \/ Yoast SEO Premium plugin. -->","yoast_head_json":{"title":"Protestos em estados contra modelo de renova\u00e7\u00e3o da Ferrovia Centro-Atl\u00e2ntica se ampliam - Ag\u00eancia iNFRA","robots":{"index":"index","follow":"follow","max-snippet":"max-snippet:-1","max-image-preview":"max-image-preview:large","max-video-preview":"max-video-preview:-1"},"canonical":"https:\/\/agenciainfra.com\/blog\/protestos-em-estados-contra-modelo-de-renovacao-da-ferrovia-centro-atlantica-se-ampliam\/","og_locale":"pt_BR","og_type":"article","og_title":"Protestos em estados contra modelo de renova\u00e7\u00e3o da Ferrovia Centro-Atl\u00e2ntica se ampliam","og_description":"Dimmi Amora e Tales Silveira, da&nbsp;Ag\u00eancia iNFRA Os governos do Rio de Janeiro e da Bahia entraram na briga contra o modelo atual de renova\u00e7\u00e3o antecipada da concess\u00e3o da FCA (Ferrovia Centro-Atl\u00e2ntica), operada pela VLI, ampliando o descontentamento com a proposta que foi apresentada em audi\u00eancia p\u00fablica pelo governo no ano passado. Em audi\u00eancia p\u00fablica [&hellip;]","og_url":"https:\/\/agenciainfra.com\/blog\/protestos-em-estados-contra-modelo-de-renovacao-da-ferrovia-centro-atlantica-se-ampliam\/","og_site_name":"Ag\u00eancia iNFRA","article_publisher":"https:\/\/www.facebook.com\/ageninfra","article_published_time":"2021-04-22T11:00:00+00:00","og_image":[{"width":1280,"height":852,"url":"https:\/\/agenciainfra.com\/blog\/wp-content\/uploads\/2021\/04\/delmo-pinho-foto-gustavo-sales-camara-dos-deputados.jpeg","type":"image\/jpeg"}],"author":"Rodrigo Zuquim","twitter_card":"summary_large_image","twitter_creator":"@agencia_infra","twitter_site":"@agencia_infra","twitter_misc":{"Escrito por":"Rodrigo Zuquim","Est. tempo de leitura":"6 minutos"},"schema":{"@context":"https:\/\/schema.org","@graph":[{"@type":"Article","@id":"https:\/\/agenciainfra.com\/blog\/protestos-em-estados-contra-modelo-de-renovacao-da-ferrovia-centro-atlantica-se-ampliam\/#article","isPartOf":{"@id":"https:\/\/agenciainfra.com\/blog\/protestos-em-estados-contra-modelo-de-renovacao-da-ferrovia-centro-atlantica-se-ampliam\/"},"author":{"name":"Rodrigo Zuquim","@id":"https:\/\/agenciainfra.com\/blog\/#\/schema\/person\/04dbb79bd6d8951f063da71f3e4c1eb1"},"headline":"Protestos em estados contra modelo de renova\u00e7\u00e3o da Ferrovia Centro-Atl\u00e2ntica se ampliam","datePublished":"2021-04-22T11:00:00+00:00","mainEntityOfPage":{"@id":"https:\/\/agenciainfra.com\/blog\/protestos-em-estados-contra-modelo-de-renovacao-da-ferrovia-centro-atlantica-se-ampliam\/"},"wordCount":1190,"publisher":{"@id":"https:\/\/agenciainfra.com\/blog\/#organization"},"image":{"@id":"https:\/\/agenciainfra.com\/blog\/protestos-em-estados-contra-modelo-de-renovacao-da-ferrovia-centro-atlantica-se-ampliam\/#primaryimage"},"thumbnailUrl":"https:\/\/agenciainfra.com\/blog\/wp-content\/uploads\/2021\/04\/delmo-pinho-foto-gustavo-sales-camara-dos-deputados.jpeg","keywords":["Alexandre Porto","ANTT","Bahia","C\u00e2mara dos Deputados","Comiss\u00e3o de Via\u00e7\u00e3o e Transportes","CVT","Delmo Pinho","EF-118","Esp\u00edrito Santo","FCA","Ferrovia Centro-Atl\u00e2ntica","Ferrovias","Fiol 3","Hugo Leal","Investimentos","Jair Bolsonaro","Jos\u00e9 Osvaldo Cruz","Lei 13.448\/2017","Marcos Kleber Felix","Minas Gerais","Minist\u00e9rio da Infraestrutura","Novo Marco Legal das Ferrovias","outorga livre","Par\u00e1","PLS 261\/2018","renova\u00e7\u00e3o","Rio de Janeiro","short lines","TCU","Vale","VLI"],"articleSection":["Geral","iNFRATransporte"],"inLanguage":"pt-BR","copyrightYear":"2021","copyrightHolder":{"@id":"https:\/\/agenciainfra.com\/blog\/#organization"}},{"@type":"WebPage","@id":"https:\/\/agenciainfra.com\/blog\/protestos-em-estados-contra-modelo-de-renovacao-da-ferrovia-centro-atlantica-se-ampliam\/","url":"https:\/\/agenciainfra.com\/blog\/protestos-em-estados-contra-modelo-de-renovacao-da-ferrovia-centro-atlantica-se-ampliam\/","name":"Protestos em estados contra modelo de renova\u00e7\u00e3o da Ferrovia Centro-Atl\u00e2ntica se ampliam - Ag\u00eancia iNFRA","isPartOf":{"@id":"https:\/\/agenciainfra.com\/blog\/#website"},"primaryImageOfPage":{"@id":"https:\/\/agenciainfra.com\/blog\/protestos-em-estados-contra-modelo-de-renovacao-da-ferrovia-centro-atlantica-se-ampliam\/#primaryimage"},"image":{"@id":"https:\/\/agenciainfra.com\/blog\/protestos-em-estados-contra-modelo-de-renovacao-da-ferrovia-centro-atlantica-se-ampliam\/#primaryimage"},"thumbnailUrl":"https:\/\/agenciainfra.com\/blog\/wp-content\/uploads\/2021\/04\/delmo-pinho-foto-gustavo-sales-camara-dos-deputados.jpeg","datePublished":"2021-04-22T11:00:00+00:00","breadcrumb":{"@id":"https:\/\/agenciainfra.com\/blog\/protestos-em-estados-contra-modelo-de-renovacao-da-ferrovia-centro-atlantica-se-ampliam\/#breadcrumb"},"inLanguage":"pt-BR","potentialAction":[{"@type":"ReadAction","target":["https:\/\/agenciainfra.com\/blog\/protestos-em-estados-contra-modelo-de-renovacao-da-ferrovia-centro-atlantica-se-ampliam\/"]}]},{"@type":"ImageObject","inLanguage":"pt-BR","@id":"https:\/\/agenciainfra.com\/blog\/protestos-em-estados-contra-modelo-de-renovacao-da-ferrovia-centro-atlantica-se-ampliam\/#primaryimage","url":"https:\/\/agenciainfra.com\/blog\/wp-content\/uploads\/2021\/04\/delmo-pinho-foto-gustavo-sales-camara-dos-deputados.jpeg","contentUrl":"https:\/\/agenciainfra.com\/blog\/wp-content\/uploads\/2021\/04\/delmo-pinho-foto-gustavo-sales-camara-dos-deputados.jpeg","width":1280,"height":852},{"@type":"BreadcrumbList","@id":"https:\/\/agenciainfra.com\/blog\/protestos-em-estados-contra-modelo-de-renovacao-da-ferrovia-centro-atlantica-se-ampliam\/#breadcrumb","itemListElement":[{"@type":"ListItem","position":1,"name":"In\u00edcio","item":"https:\/\/agenciainfra.com\/blog\/"},{"@type":"ListItem","position":2,"name":"Protestos em estados contra modelo de renova\u00e7\u00e3o da Ferrovia Centro-Atl\u00e2ntica se ampliam"}]},{"@type":"WebSite","@id":"https:\/\/agenciainfra.com\/blog\/#website","url":"https:\/\/agenciainfra.com\/blog\/","name":"Ag\u00eancia iNFRA","description":"Multiplataforma de informa\u00e7\u00e3o jornal\u00edstica refer\u00eancia na \u00e1rea de infraestrutura no Brasil!","publisher":{"@id":"https:\/\/agenciainfra.com\/blog\/#organization"},"potentialAction":[{"@type":"SearchAction","target":{"@type":"EntryPoint","urlTemplate":"https:\/\/agenciainfra.com\/blog\/?s={search_term_string}"},"query-input":{"@type":"PropertyValueSpecification","valueRequired":true,"valueName":"search_term_string"}}],"inLanguage":"pt-BR"},{"@type":"Organization","@id":"https:\/\/agenciainfra.com\/blog\/#organization","name":"Ag\u00eancia iNFRA","url":"https:\/\/agenciainfra.com\/blog\/","logo":{"@type":"ImageObject","inLanguage":"pt-BR","@id":"https:\/\/agenciainfra.com\/blog\/#\/schema\/logo\/image\/","url":"https:\/\/agenciainfra.com\/blog\/wp-content\/uploads\/2023\/09\/iNFRA_5-e1761735885940.png","contentUrl":"https:\/\/agenciainfra.com\/blog\/wp-content\/uploads\/2023\/09\/iNFRA_5-e1761735885940.png","width":1672,"height":454,"caption":"Ag\u00eancia iNFRA"},"image":{"@id":"https:\/\/agenciainfra.com\/blog\/#\/schema\/logo\/image\/"},"sameAs":["https:\/\/www.facebook.com\/ageninfra","https:\/\/x.com\/agencia_infra","https:\/\/www.linkedin.com\/company\/ag\u00eanciainfra\/","https:\/\/www.instagram.com\/agenciainfra\/"]},{"@type":"Person","@id":"https:\/\/agenciainfra.com\/blog\/#\/schema\/person\/04dbb79bd6d8951f063da71f3e4c1eb1","name":"Rodrigo Zuquim","image":{"@type":"ImageObject","inLanguage":"pt-BR","@id":"https:\/\/agenciainfra.com\/blog\/#\/schema\/person\/image\/","url":"https:\/\/secure.gravatar.com\/avatar\/594abfe82761d620726242ff34ca472a705a4b97f16c790053a6b4c4035274d0?s=96&d=mm&r=g","contentUrl":"https:\/\/secure.gravatar.com\/avatar\/594abfe82761d620726242ff34ca472a705a4b97f16c790053a6b4c4035274d0?s=96&d=mm&r=g","caption":"Rodrigo Zuquim"},"url":"https:\/\/agenciainfra.com\/blog\/author\/rodrigo-zuquim\/"}]}},"_links":{"self":[{"href":"https:\/\/agenciainfra.com\/blog\/wp-json\/wp\/v2\/posts\/7148","targetHints":{"allow":["GET"]}}],"collection":[{"href":"https:\/\/agenciainfra.com\/blog\/wp-json\/wp\/v2\/posts"}],"about":[{"href":"https:\/\/agenciainfra.com\/blog\/wp-json\/wp\/v2\/types\/post"}],"author":[{"embeddable":true,"href":"https:\/\/agenciainfra.com\/blog\/wp-json\/wp\/v2\/users\/9"}],"replies":[{"embeddable":true,"href":"https:\/\/agenciainfra.com\/blog\/wp-json\/wp\/v2\/comments?post=7148"}],"version-history":[{"count":0,"href":"https:\/\/agenciainfra.com\/blog\/wp-json\/wp\/v2\/posts\/7148\/revisions"}],"wp:featuredmedia":[{"embeddable":true,"href":"https:\/\/agenciainfra.com\/blog\/wp-json\/wp\/v2\/media\/7153"}],"wp:attachment":[{"href":"https:\/\/agenciainfra.com\/blog\/wp-json\/wp\/v2\/media?parent=7148"}],"wp:term":[{"taxonomy":"category","embeddable":true,"href":"https:\/\/agenciainfra.com\/blog\/wp-json\/wp\/v2\/categories?post=7148"},{"taxonomy":"post_tag","embeddable":true,"href":"https:\/\/agenciainfra.com\/blog\/wp-json\/wp\/v2\/tags?post=7148"}],"curies":[{"name":"wp","href":"https:\/\/api.w.org\/{rel}","templated":true}]}}