{"id":7202,"date":"2021-05-06T08:00:00","date_gmt":"2021-05-06T11:00:00","guid":{"rendered":"https:\/\/www.agenciainfra.com\/blog\/?p=7202"},"modified":"2021-05-05T10:56:51","modified_gmt":"2021-05-05T13:56:51","slug":"antt-admite-plano-de-cura-para-retomar-investimentos-da-concessao-da-br-163-mt","status":"publish","type":"post","link":"https:\/\/agenciainfra.com\/blog\/antt-admite-plano-de-cura-para-retomar-investimentos-da-concessao-da-br-163-mt\/","title":{"rendered":"ANTT admite &#8220;plano de cura&#8221; para retomar investimentos da concess\u00e3o da BR-163\/MT"},"content":{"rendered":"\n<hr class=\"wp-block-separator\"\/>\n\n\n\n<p class=\"has-text-align-right\"><strong>Dimmi Amora, da\u00a0Ag\u00eancia iNFRA<\/strong><\/p>\n\n\n\n<p>A ANTT (Ag\u00eancia Nacional de Transportes Terrestres) deu admissibilidade para a proposta apresentada pela Odebrecht Transport, concession\u00e1ria da BR-163\/MT, para o chamado plano de cura apresentado pela companhia para a retomada dos investimentos, na \u00faltima sexta-feira (30).<\/p>\n\n\n\n<p>O plano foi apresentado no in\u00edcio do m\u00eas,&nbsp;ap\u00f3s a ag\u00eancia&nbsp;reguladora informar que entraria com processo de caducidade da concess\u00e3o caso n\u00e3o fossem tomadas provid\u00eancias para a retomada dos investimentos atrasados. A proposta prev\u00ea a obrigatoriedade da troca do controlador para que uma nova companhia possa seguir com um plano de investimentos com o objetivo de concluir as obras previstas em contrato.<\/p>\n\n\n\n<p>Com a admissibilidade da proposta, condicionada a ajustes, a ag\u00eancia agora vai analisar outros aspectos para que a opera\u00e7\u00e3o possa ser concretizada ap\u00f3s passar por algumas etapas, como audi\u00eancia p\u00fablica e assinatura de um TAC (Termo de Ajustamento de Conduta), o que reduz as chances de a concess\u00e3o ter a caducidade declarada.&nbsp;<\/p>\n\n\n\n<p>Estimativa \u00e9 que investimentos da ordem de R$ 3,2 bilh\u00f5es sejam realizados na concess\u00e3o nos pr\u00f3ximos cinco anos. Se concretizado, o plano ser\u00e1 o primeiro do tipo para uma concess\u00e3o da 3\u00aa Etapa. Outras tr\u00eas concession\u00e1rias j\u00e1 pediram para ter seus contratos relicitados.<\/p>\n\n\n\n<p>Segundo apurou a&nbsp;<strong>Ag\u00eancia iNFRA<\/strong>, o plano n\u00e3o prev\u00ea reajustes nas tarifas se forem mantidas as obras previstas originalmente em contrato. A empresa tamb\u00e9m se compromete a pagar penalidades contratuais pela inexecu\u00e7\u00e3o.&nbsp;<\/p>\n\n\n\n<p><strong>Melhoria do n\u00edvel de servi\u00e7o<\/strong><br>O cronograma de obras foi estabelecido no plano para melhorar o n\u00edvel de servi\u00e7o e reduzir os acidentes na rodovia, que \u00e9 a principal via para o transporte de produtos agr\u00edcolas do estado tanto para a regi\u00e3o Sudeste como para a regi\u00e3o Norte.<\/p>\n\n\n\n<p>Com isso, ser\u00e3o abertas tr\u00eas frentes de obras logo ap\u00f3s a aprova\u00e7\u00e3o do plano, uma na rodovia dos Imigrantes, na grande Cuiab\u00e1, outra mais ao Norte, na regi\u00e3o de Nova Mutum, e uma terceira na travessia urbana de Sinop, no extremo norte do estado.<\/p>\n","protected":false},"excerpt":{"rendered":"<p>Dimmi Amora, da\u00a0Ag\u00eancia iNFRA A ANTT (Ag\u00eancia Nacional de Transportes Terrestres) deu admissibilidade para a proposta apresentada pela Odebrecht Transport, concession\u00e1ria da BR-163\/MT, para o chamado plano de cura apresentado pela companhia para a retomada dos investimentos, na \u00faltima sexta-feira (30). O plano foi apresentado no in\u00edcio do m\u00eas,&nbsp;ap\u00f3s a ag\u00eancia&nbsp;reguladora informar que entraria com [&hellip;]<\/p>\n","protected":false},"author":9,"featured_media":7203,"comment_status":"closed","ping_status":"closed","sticky":false,"template":"","format":"standard","meta":{"_monsterinsights_skip_tracking":false,"_monsterinsights_sitenote_active":false,"_monsterinsights_sitenote_note":"","_monsterinsights_sitenote_category":0,"footnotes":""},"categories":[1,7],"tags":[854,72,19,1049,245,22,32,360,1048,4137,1027,21,549,215,70],"class_list":["post-7202","post","type-post","status-publish","format-standard","has-post-thumbnail","hentry","category-geral","category-infratransporte","tag-3a-etapa","tag-agencia-reguladora","tag-antt","tag-br-163-mt","tag-caducidade","tag-concessao","tag-investimentos","tag-obras","tag-odebrecht-transport","tag-plano-de-cura","tag-relicitacao","tag-rodovia","tag-tac","tag-tarifas","tag-transportes"],"yoast_head":"<!-- This site is optimized with the Yoast SEO Premium plugin v25.4 (Yoast SEO v26.0) - https:\/\/yoast.com\/wordpress\/plugins\/seo\/ -->\n<title>ANTT admite &quot;plano de cura&quot; para retomar investimentos da concess\u00e3o da BR-163\/MT - Ag\u00eancia iNFRA<\/title>\n<meta name=\"robots\" content=\"index, follow, max-snippet:-1, max-image-preview:large, max-video-preview:-1\" \/>\n<link rel=\"canonical\" href=\"https:\/\/agenciainfra.com\/blog\/antt-admite-plano-de-cura-para-retomar-investimentos-da-concessao-da-br-163-mt\/\" \/>\n<meta property=\"og:locale\" content=\"pt_BR\" \/>\n<meta property=\"og:type\" content=\"article\" \/>\n<meta property=\"og:title\" content=\"ANTT admite &quot;plano de cura&quot; para retomar investimentos da concess\u00e3o da BR-163\/MT\" \/>\n<meta property=\"og:description\" content=\"Dimmi Amora, da\u00a0Ag\u00eancia iNFRA A ANTT (Ag\u00eancia Nacional de Transportes Terrestres) deu admissibilidade para a proposta apresentada pela Odebrecht Transport, concession\u00e1ria da BR-163\/MT, para o chamado plano de cura apresentado pela companhia para a retomada dos investimentos, na \u00faltima sexta-feira (30). O plano foi apresentado no in\u00edcio do m\u00eas,&nbsp;ap\u00f3s a ag\u00eancia&nbsp;reguladora informar que entraria com [&hellip;]\" \/>\n<meta property=\"og:url\" content=\"https:\/\/agenciainfra.com\/blog\/antt-admite-plano-de-cura-para-retomar-investimentos-da-concessao-da-br-163-mt\/\" \/>\n<meta property=\"og:site_name\" content=\"Ag\u00eancia iNFRA\" \/>\n<meta property=\"article:publisher\" content=\"https:\/\/www.facebook.com\/ageninfra\" \/>\n<meta property=\"article:published_time\" content=\"2021-05-06T11:00:00+00:00\" \/>\n<meta property=\"og:image\" content=\"https:\/\/agenciainfra.com\/blog\/wp-content\/uploads\/2021\/05\/rota-do-oeste-foto-otp.jpeg\" \/>\n\t<meta property=\"og:image:width\" content=\"1280\" \/>\n\t<meta property=\"og:image:height\" content=\"850\" \/>\n\t<meta property=\"og:image:type\" content=\"image\/jpeg\" \/>\n<meta name=\"author\" content=\"Rodrigo Zuquim\" \/>\n<meta name=\"twitter:card\" content=\"summary_large_image\" \/>\n<meta name=\"twitter:creator\" content=\"@agencia_infra\" \/>\n<meta name=\"twitter:site\" content=\"@agencia_infra\" \/>\n<meta name=\"twitter:label1\" content=\"Escrito por\" \/>\n\t<meta name=\"twitter:data1\" content=\"Rodrigo Zuquim\" \/>\n\t<meta name=\"twitter:label2\" content=\"Est. tempo de leitura\" \/>\n\t<meta name=\"twitter:data2\" content=\"2 minutos\" \/>\n<script type=\"application\/ld+json\" class=\"yoast-schema-graph\">{\"@context\":\"https:\/\/schema.org\",\"@graph\":[{\"@type\":\"Article\",\"@id\":\"https:\/\/agenciainfra.com\/blog\/antt-admite-plano-de-cura-para-retomar-investimentos-da-concessao-da-br-163-mt\/#article\",\"isPartOf\":{\"@id\":\"https:\/\/agenciainfra.com\/blog\/antt-admite-plano-de-cura-para-retomar-investimentos-da-concessao-da-br-163-mt\/\"},\"author\":{\"name\":\"Rodrigo Zuquim\",\"@id\":\"https:\/\/agenciainfra.com\/blog\/#\/schema\/person\/04dbb79bd6d8951f063da71f3e4c1eb1\"},\"headline\":\"ANTT admite &#8220;plano de cura&#8221; para retomar investimentos da concess\u00e3o da BR-163\/MT\",\"datePublished\":\"2021-05-06T11:00:00+00:00\",\"mainEntityOfPage\":{\"@id\":\"https:\/\/agenciainfra.com\/blog\/antt-admite-plano-de-cura-para-retomar-investimentos-da-concessao-da-br-163-mt\/\"},\"wordCount\":377,\"publisher\":{\"@id\":\"https:\/\/agenciainfra.com\/blog\/#organization\"},\"image\":{\"@id\":\"https:\/\/agenciainfra.com\/blog\/antt-admite-plano-de-cura-para-retomar-investimentos-da-concessao-da-br-163-mt\/#primaryimage\"},\"thumbnailUrl\":\"https:\/\/agenciainfra.com\/blog\/wp-content\/uploads\/2021\/05\/rota-do-oeste-foto-otp.jpeg\",\"keywords\":[\"3\u00aa Etapa\",\"ag\u00eancia reguladora\",\"ANTT\",\"BR-163\/MT\",\"caducidade\",\"Concess\u00e3o\",\"Investimentos\",\"obras\",\"Odebrecht Transport\",\"plano de cura\",\"relicita\u00e7\u00e3o\",\"Rodovia\",\"TAC\",\"tarifas\",\"transportes\"],\"articleSection\":[\"Geral\",\"iNFRATransporte\"],\"inLanguage\":\"pt-BR\",\"copyrightYear\":\"2021\",\"copyrightHolder\":{\"@id\":\"https:\/\/agenciainfra.com\/blog\/#organization\"}},{\"@type\":\"WebPage\",\"@id\":\"https:\/\/agenciainfra.com\/blog\/antt-admite-plano-de-cura-para-retomar-investimentos-da-concessao-da-br-163-mt\/\",\"url\":\"https:\/\/agenciainfra.com\/blog\/antt-admite-plano-de-cura-para-retomar-investimentos-da-concessao-da-br-163-mt\/\",\"name\":\"ANTT admite \\\"plano de cura\\\" para retomar investimentos da concess\u00e3o da BR-163\/MT - Ag\u00eancia iNFRA\",\"isPartOf\":{\"@id\":\"https:\/\/agenciainfra.com\/blog\/#website\"},\"primaryImageOfPage\":{\"@id\":\"https:\/\/agenciainfra.com\/blog\/antt-admite-plano-de-cura-para-retomar-investimentos-da-concessao-da-br-163-mt\/#primaryimage\"},\"image\":{\"@id\":\"https:\/\/agenciainfra.com\/blog\/antt-admite-plano-de-cura-para-retomar-investimentos-da-concessao-da-br-163-mt\/#primaryimage\"},\"thumbnailUrl\":\"https:\/\/agenciainfra.com\/blog\/wp-content\/uploads\/2021\/05\/rota-do-oeste-foto-otp.jpeg\",\"datePublished\":\"2021-05-06T11:00:00+00:00\",\"breadcrumb\":{\"@id\":\"https:\/\/agenciainfra.com\/blog\/antt-admite-plano-de-cura-para-retomar-investimentos-da-concessao-da-br-163-mt\/#breadcrumb\"},\"inLanguage\":\"pt-BR\",\"potentialAction\":[{\"@type\":\"ReadAction\",\"target\":[\"https:\/\/agenciainfra.com\/blog\/antt-admite-plano-de-cura-para-retomar-investimentos-da-concessao-da-br-163-mt\/\"]}]},{\"@type\":\"ImageObject\",\"inLanguage\":\"pt-BR\",\"@id\":\"https:\/\/agenciainfra.com\/blog\/antt-admite-plano-de-cura-para-retomar-investimentos-da-concessao-da-br-163-mt\/#primaryimage\",\"url\":\"https:\/\/agenciainfra.com\/blog\/wp-content\/uploads\/2021\/05\/rota-do-oeste-foto-otp.jpeg\",\"contentUrl\":\"https:\/\/agenciainfra.com\/blog\/wp-content\/uploads\/2021\/05\/rota-do-oeste-foto-otp.jpeg\",\"width\":1280,\"height\":850},{\"@type\":\"BreadcrumbList\",\"@id\":\"https:\/\/agenciainfra.com\/blog\/antt-admite-plano-de-cura-para-retomar-investimentos-da-concessao-da-br-163-mt\/#breadcrumb\",\"itemListElement\":[{\"@type\":\"ListItem\",\"position\":1,\"name\":\"In\u00edcio\",\"item\":\"https:\/\/agenciainfra.com\/blog\/\"},{\"@type\":\"ListItem\",\"position\":2,\"name\":\"ANTT admite &#8220;plano de cura&#8221; para retomar investimentos da concess\u00e3o da BR-163\/MT\"}]},{\"@type\":\"WebSite\",\"@id\":\"https:\/\/agenciainfra.com\/blog\/#website\",\"url\":\"https:\/\/agenciainfra.com\/blog\/\",\"name\":\"Ag\u00eancia iNFRA\",\"description\":\"Multiplataforma de informa\u00e7\u00e3o jornal\u00edstica refer\u00eancia na \u00e1rea de infraestrutura no Brasil!\",\"publisher\":{\"@id\":\"https:\/\/agenciainfra.com\/blog\/#organization\"},\"potentialAction\":[{\"@type\":\"SearchAction\",\"target\":{\"@type\":\"EntryPoint\",\"urlTemplate\":\"https:\/\/agenciainfra.com\/blog\/?s={search_term_string}\"},\"query-input\":{\"@type\":\"PropertyValueSpecification\",\"valueRequired\":true,\"valueName\":\"search_term_string\"}}],\"inLanguage\":\"pt-BR\"},{\"@type\":\"Organization\",\"@id\":\"https:\/\/agenciainfra.com\/blog\/#organization\",\"name\":\"Ag\u00eancia iNFRA\",\"url\":\"https:\/\/agenciainfra.com\/blog\/\",\"logo\":{\"@type\":\"ImageObject\",\"inLanguage\":\"pt-BR\",\"@id\":\"https:\/\/agenciainfra.com\/blog\/#\/schema\/logo\/image\/\",\"url\":\"https:\/\/agenciainfra.com\/blog\/wp-content\/uploads\/2023\/09\/iNFRA_5-e1761735885940.png\",\"contentUrl\":\"https:\/\/agenciainfra.com\/blog\/wp-content\/uploads\/2023\/09\/iNFRA_5-e1761735885940.png\",\"width\":1672,\"height\":454,\"caption\":\"Ag\u00eancia iNFRA\"},\"image\":{\"@id\":\"https:\/\/agenciainfra.com\/blog\/#\/schema\/logo\/image\/\"},\"sameAs\":[\"https:\/\/www.facebook.com\/ageninfra\",\"https:\/\/x.com\/agencia_infra\",\"https:\/\/www.linkedin.com\/company\/ag\u00eanciainfra\/\",\"https:\/\/www.instagram.com\/agenciainfra\/\"]},{\"@type\":\"Person\",\"@id\":\"https:\/\/agenciainfra.com\/blog\/#\/schema\/person\/04dbb79bd6d8951f063da71f3e4c1eb1\",\"name\":\"Rodrigo Zuquim\",\"image\":{\"@type\":\"ImageObject\",\"inLanguage\":\"pt-BR\",\"@id\":\"https:\/\/agenciainfra.com\/blog\/#\/schema\/person\/image\/\",\"url\":\"https:\/\/secure.gravatar.com\/avatar\/594abfe82761d620726242ff34ca472a705a4b97f16c790053a6b4c4035274d0?s=96&d=mm&r=g\",\"contentUrl\":\"https:\/\/secure.gravatar.com\/avatar\/594abfe82761d620726242ff34ca472a705a4b97f16c790053a6b4c4035274d0?s=96&d=mm&r=g\",\"caption\":\"Rodrigo Zuquim\"},\"url\":\"https:\/\/agenciainfra.com\/blog\/author\/rodrigo-zuquim\/\"}]}<\/script>\n<!-- \/ Yoast SEO Premium plugin. -->","yoast_head_json":{"title":"ANTT admite \"plano de cura\" para retomar investimentos da concess\u00e3o da BR-163\/MT - Ag\u00eancia iNFRA","robots":{"index":"index","follow":"follow","max-snippet":"max-snippet:-1","max-image-preview":"max-image-preview:large","max-video-preview":"max-video-preview:-1"},"canonical":"https:\/\/agenciainfra.com\/blog\/antt-admite-plano-de-cura-para-retomar-investimentos-da-concessao-da-br-163-mt\/","og_locale":"pt_BR","og_type":"article","og_title":"ANTT admite \"plano de cura\" para retomar investimentos da concess\u00e3o da BR-163\/MT","og_description":"Dimmi Amora, da\u00a0Ag\u00eancia iNFRA A ANTT (Ag\u00eancia Nacional de Transportes Terrestres) deu admissibilidade para a proposta apresentada pela Odebrecht Transport, concession\u00e1ria da BR-163\/MT, para o chamado plano de cura apresentado pela companhia para a retomada dos investimentos, na \u00faltima sexta-feira (30). O plano foi apresentado no in\u00edcio do m\u00eas,&nbsp;ap\u00f3s a ag\u00eancia&nbsp;reguladora informar que entraria com [&hellip;]","og_url":"https:\/\/agenciainfra.com\/blog\/antt-admite-plano-de-cura-para-retomar-investimentos-da-concessao-da-br-163-mt\/","og_site_name":"Ag\u00eancia iNFRA","article_publisher":"https:\/\/www.facebook.com\/ageninfra","article_published_time":"2021-05-06T11:00:00+00:00","og_image":[{"width":1280,"height":850,"url":"https:\/\/agenciainfra.com\/blog\/wp-content\/uploads\/2021\/05\/rota-do-oeste-foto-otp.jpeg","type":"image\/jpeg"}],"author":"Rodrigo Zuquim","twitter_card":"summary_large_image","twitter_creator":"@agencia_infra","twitter_site":"@agencia_infra","twitter_misc":{"Escrito por":"Rodrigo Zuquim","Est. tempo de leitura":"2 minutos"},"schema":{"@context":"https:\/\/schema.org","@graph":[{"@type":"Article","@id":"https:\/\/agenciainfra.com\/blog\/antt-admite-plano-de-cura-para-retomar-investimentos-da-concessao-da-br-163-mt\/#article","isPartOf":{"@id":"https:\/\/agenciainfra.com\/blog\/antt-admite-plano-de-cura-para-retomar-investimentos-da-concessao-da-br-163-mt\/"},"author":{"name":"Rodrigo Zuquim","@id":"https:\/\/agenciainfra.com\/blog\/#\/schema\/person\/04dbb79bd6d8951f063da71f3e4c1eb1"},"headline":"ANTT admite &#8220;plano de cura&#8221; para retomar investimentos da concess\u00e3o da BR-163\/MT","datePublished":"2021-05-06T11:00:00+00:00","mainEntityOfPage":{"@id":"https:\/\/agenciainfra.com\/blog\/antt-admite-plano-de-cura-para-retomar-investimentos-da-concessao-da-br-163-mt\/"},"wordCount":377,"publisher":{"@id":"https:\/\/agenciainfra.com\/blog\/#organization"},"image":{"@id":"https:\/\/agenciainfra.com\/blog\/antt-admite-plano-de-cura-para-retomar-investimentos-da-concessao-da-br-163-mt\/#primaryimage"},"thumbnailUrl":"https:\/\/agenciainfra.com\/blog\/wp-content\/uploads\/2021\/05\/rota-do-oeste-foto-otp.jpeg","keywords":["3\u00aa Etapa","ag\u00eancia reguladora","ANTT","BR-163\/MT","caducidade","Concess\u00e3o","Investimentos","obras","Odebrecht Transport","plano de cura","relicita\u00e7\u00e3o","Rodovia","TAC","tarifas","transportes"],"articleSection":["Geral","iNFRATransporte"],"inLanguage":"pt-BR","copyrightYear":"2021","copyrightHolder":{"@id":"https:\/\/agenciainfra.com\/blog\/#organization"}},{"@type":"WebPage","@id":"https:\/\/agenciainfra.com\/blog\/antt-admite-plano-de-cura-para-retomar-investimentos-da-concessao-da-br-163-mt\/","url":"https:\/\/agenciainfra.com\/blog\/antt-admite-plano-de-cura-para-retomar-investimentos-da-concessao-da-br-163-mt\/","name":"ANTT admite \"plano de cura\" para retomar investimentos da concess\u00e3o da BR-163\/MT - Ag\u00eancia iNFRA","isPartOf":{"@id":"https:\/\/agenciainfra.com\/blog\/#website"},"primaryImageOfPage":{"@id":"https:\/\/agenciainfra.com\/blog\/antt-admite-plano-de-cura-para-retomar-investimentos-da-concessao-da-br-163-mt\/#primaryimage"},"image":{"@id":"https:\/\/agenciainfra.com\/blog\/antt-admite-plano-de-cura-para-retomar-investimentos-da-concessao-da-br-163-mt\/#primaryimage"},"thumbnailUrl":"https:\/\/agenciainfra.com\/blog\/wp-content\/uploads\/2021\/05\/rota-do-oeste-foto-otp.jpeg","datePublished":"2021-05-06T11:00:00+00:00","breadcrumb":{"@id":"https:\/\/agenciainfra.com\/blog\/antt-admite-plano-de-cura-para-retomar-investimentos-da-concessao-da-br-163-mt\/#breadcrumb"},"inLanguage":"pt-BR","potentialAction":[{"@type":"ReadAction","target":["https:\/\/agenciainfra.com\/blog\/antt-admite-plano-de-cura-para-retomar-investimentos-da-concessao-da-br-163-mt\/"]}]},{"@type":"ImageObject","inLanguage":"pt-BR","@id":"https:\/\/agenciainfra.com\/blog\/antt-admite-plano-de-cura-para-retomar-investimentos-da-concessao-da-br-163-mt\/#primaryimage","url":"https:\/\/agenciainfra.com\/blog\/wp-content\/uploads\/2021\/05\/rota-do-oeste-foto-otp.jpeg","contentUrl":"https:\/\/agenciainfra.com\/blog\/wp-content\/uploads\/2021\/05\/rota-do-oeste-foto-otp.jpeg","width":1280,"height":850},{"@type":"BreadcrumbList","@id":"https:\/\/agenciainfra.com\/blog\/antt-admite-plano-de-cura-para-retomar-investimentos-da-concessao-da-br-163-mt\/#breadcrumb","itemListElement":[{"@type":"ListItem","position":1,"name":"In\u00edcio","item":"https:\/\/agenciainfra.com\/blog\/"},{"@type":"ListItem","position":2,"name":"ANTT admite &#8220;plano de cura&#8221; para retomar investimentos da concess\u00e3o da BR-163\/MT"}]},{"@type":"WebSite","@id":"https:\/\/agenciainfra.com\/blog\/#website","url":"https:\/\/agenciainfra.com\/blog\/","name":"Ag\u00eancia iNFRA","description":"Multiplataforma de informa\u00e7\u00e3o jornal\u00edstica refer\u00eancia na \u00e1rea de infraestrutura no Brasil!","publisher":{"@id":"https:\/\/agenciainfra.com\/blog\/#organization"},"potentialAction":[{"@type":"SearchAction","target":{"@type":"EntryPoint","urlTemplate":"https:\/\/agenciainfra.com\/blog\/?s={search_term_string}"},"query-input":{"@type":"PropertyValueSpecification","valueRequired":true,"valueName":"search_term_string"}}],"inLanguage":"pt-BR"},{"@type":"Organization","@id":"https:\/\/agenciainfra.com\/blog\/#organization","name":"Ag\u00eancia iNFRA","url":"https:\/\/agenciainfra.com\/blog\/","logo":{"@type":"ImageObject","inLanguage":"pt-BR","@id":"https:\/\/agenciainfra.com\/blog\/#\/schema\/logo\/image\/","url":"https:\/\/agenciainfra.com\/blog\/wp-content\/uploads\/2023\/09\/iNFRA_5-e1761735885940.png","contentUrl":"https:\/\/agenciainfra.com\/blog\/wp-content\/uploads\/2023\/09\/iNFRA_5-e1761735885940.png","width":1672,"height":454,"caption":"Ag\u00eancia iNFRA"},"image":{"@id":"https:\/\/agenciainfra.com\/blog\/#\/schema\/logo\/image\/"},"sameAs":["https:\/\/www.facebook.com\/ageninfra","https:\/\/x.com\/agencia_infra","https:\/\/www.linkedin.com\/company\/ag\u00eanciainfra\/","https:\/\/www.instagram.com\/agenciainfra\/"]},{"@type":"Person","@id":"https:\/\/agenciainfra.com\/blog\/#\/schema\/person\/04dbb79bd6d8951f063da71f3e4c1eb1","name":"Rodrigo Zuquim","image":{"@type":"ImageObject","inLanguage":"pt-BR","@id":"https:\/\/agenciainfra.com\/blog\/#\/schema\/person\/image\/","url":"https:\/\/secure.gravatar.com\/avatar\/594abfe82761d620726242ff34ca472a705a4b97f16c790053a6b4c4035274d0?s=96&d=mm&r=g","contentUrl":"https:\/\/secure.gravatar.com\/avatar\/594abfe82761d620726242ff34ca472a705a4b97f16c790053a6b4c4035274d0?s=96&d=mm&r=g","caption":"Rodrigo Zuquim"},"url":"https:\/\/agenciainfra.com\/blog\/author\/rodrigo-zuquim\/"}]}},"_links":{"self":[{"href":"https:\/\/agenciainfra.com\/blog\/wp-json\/wp\/v2\/posts\/7202","targetHints":{"allow":["GET"]}}],"collection":[{"href":"https:\/\/agenciainfra.com\/blog\/wp-json\/wp\/v2\/posts"}],"about":[{"href":"https:\/\/agenciainfra.com\/blog\/wp-json\/wp\/v2\/types\/post"}],"author":[{"embeddable":true,"href":"https:\/\/agenciainfra.com\/blog\/wp-json\/wp\/v2\/users\/9"}],"replies":[{"embeddable":true,"href":"https:\/\/agenciainfra.com\/blog\/wp-json\/wp\/v2\/comments?post=7202"}],"version-history":[{"count":0,"href":"https:\/\/agenciainfra.com\/blog\/wp-json\/wp\/v2\/posts\/7202\/revisions"}],"wp:featuredmedia":[{"embeddable":true,"href":"https:\/\/agenciainfra.com\/blog\/wp-json\/wp\/v2\/media\/7203"}],"wp:attachment":[{"href":"https:\/\/agenciainfra.com\/blog\/wp-json\/wp\/v2\/media?parent=7202"}],"wp:term":[{"taxonomy":"category","embeddable":true,"href":"https:\/\/agenciainfra.com\/blog\/wp-json\/wp\/v2\/categories?post=7202"},{"taxonomy":"post_tag","embeddable":true,"href":"https:\/\/agenciainfra.com\/blog\/wp-json\/wp\/v2\/tags?post=7202"}],"curies":[{"name":"wp","href":"https:\/\/api.w.org\/{rel}","templated":true}]}}