{"id":7205,"date":"2021-05-06T13:00:00","date_gmt":"2021-05-06T16:00:00","guid":{"rendered":"https:\/\/www.agenciainfra.com\/blog\/?p=7205"},"modified":"2021-05-05T11:28:22","modified_gmt":"2021-05-05T14:28:22","slug":"infradebate-transportes-nos-planos-de-biden","status":"publish","type":"post","link":"https:\/\/agenciainfra.com\/blog\/infradebate-transportes-nos-planos-de-biden\/","title":{"rendered":"iNFRADebate: Transportes nos planos de Biden"},"content":{"rendered":"\n<p class=\"has-text-align-right\"><strong>Frederico Bussinger*<\/strong><\/p>\n\n\n\n<p>Joe Biden, presidente norte-americano, vem de completar 100 dias de governo. Seguindo tradi\u00e7\u00e3o iniciada em 1933, por Franklin Roosevelt, fez um primeiro <a href=\"https:\/\/blogs.correiobraziliense.com.br\/azedo\/nas-entrelinhas-os-100-dias-de-biden\/\">balan\u00e7o<\/a> de gest\u00e3o.\u00a0<\/p>\n\n\n\n<p>Destaque para: o\u00a0 i) programa de <a href=\"https:\/\/ourworldindata.org\/us-states-vaccinations\">vacina\u00e7\u00e3o<\/a>, acelerado desde sua posse: mais de 240 milh\u00f5es de doses j\u00e1 aplicadas (pico de 3,4 milh\u00f5es\/dia), 31,5% da popula\u00e7\u00e3o totalmente imunizada; e o ii) \u201c<a href=\"https:\/\/www.whitehouse.gov\/american-rescue-plan\/#:~:text=The%20American%20Rescue%20Plan&amp;text=The%20American%20Rescue%20plan%20provides%20the%20necessary%20resources%20to%20meet,and%20parents%20back%20to%20work.\"><em>American Rescue Plan<\/em><\/a>\u201d, lan\u00e7ado quando de sua posse, visando mitigar os efeitos da pandemia, abrange assist\u00eancia \u00e0s fam\u00edlias (por exemplo, aux\u00edlio de U$ 1.400,00 per capita) e aos pequenos neg\u00f3cios: montante de US$ 1,9 trilh\u00e3o (superior ao <a href=\"https:\/\/www.ibge.gov.br\/explica\/pib.php\">PIB<\/a> brasileiro de R$ 7,4 trilh\u00f5es em 2020 &#8211; US$ 1,4 trilh\u00e3o).<\/p>\n\n\n\n<p>Nas \u00faltimas semanas foram anunciados mais dois planos: o i) \u201c<a href=\"https:\/\/www.whitehouse.gov\/briefing-room\/statements-releases\/2021\/04\/28\/fact-sheet-the-american-families-plan\/\"><em>American Families Plan<\/em><\/a>\u201d, com foco em sa\u00fade e educa\u00e7\u00e3o, para \u201c<em>ajudar as fam\u00edlias a cobrir as despesas b\u00e1sicas com as quais tantos lutam agora, reduzindo os pr\u00eamios de seguro sa\u00fade e dando continuidade \u00e0s redu\u00e7\u00f5es hist\u00f3ricas na pobreza infantil<\/em>\u201d: investimento de US$ 1,8 trilh\u00e3o; e o ii) \u201c<a href=\"https:\/\/www.whitehouse.gov\/briefing-room\/statements-releases\/2021\/03\/31\/fact-sheet-the-american-jobs-plan\/\"><em>American Jobs Plan<\/em><\/a>\u201d, lembrando o <em>\u201c<\/em><a href=\"https:\/\/pt.wikipedia.org\/wiki\/New_Deal\"><em>New Deal<\/em><\/a><em>\u201d<\/em> (1933-37) de linha Keynesiana, para \u201c<em>criar milh\u00f5es de bons empregos, reconstruir a infraestrutura f\u00edsica e a for\u00e7a de trabalho de nosso pa\u00eds, e estimular a inova\u00e7\u00e3o e a produ\u00e7\u00e3o industrial<\/em>\u201d: US$ 2,3 trilh\u00f5es. A promessa \u00e9 <em>\u201c<\/em><a href=\"https:\/\/www.whitehouse.gov\/briefing-room\/statements-releases\/2021\/03\/31\/fact-sheet-the-american-jobs-plan\/\"><em>fornecer<\/em><\/a><em> infraestrutura em que os americanos podem confiar, porque ser\u00e1 resistente a inunda\u00e7\u00f5es, inc\u00eandios, tempestades e outras amea\u00e7as\u201d<\/em>.<\/p>\n\n\n\n<p>Tais iniciativas v\u00eam sendo <a href=\"https:\/\/www.bbc.com\/news\/business-56594349\">apresentadas<\/a> como \u201c<em>planos de uma gera\u00e7\u00e3o<\/em>\u201d. O site pessoal de <a href=\"https:\/\/joebiden.com\/reopening\/\">Biden<\/a> e o material oficial da Casa Branca os promove como planos que \u201cj<em>untos, reinvestem no futuro da economia e dos trabalhadores americanos, e nos ajudar\u00e3o a superar a concorr\u00eancia com a China e outros pa\u00edses ao redor do mundo\u201d<\/em>. E arremata: \u201c<em>investiremos de uma forma que n\u00e3o investimos desde que constru\u00edmos as rodovias interestaduais e vencemos a corrida espacial<\/em>\u201d. Ou, mais <a href=\"https:\/\/www.skynews.com.au\/details\/_6251138681001\">ambiciosamente<\/a>, \u201c<em>desde a II Guerra Mundial<\/em>\u201d.<\/p>\n\n\n\n<p>Transportes:<\/p>\n\n\n\n<p>Dos US$ 2,3 trilh\u00f5es previstos, aproximadamente US$ 621 bilh\u00f5es s\u00e3o destinados a <a href=\"https:\/\/www.wsj.com\/articles\/bidens-infrastructure-plan-how-the-2-3-trillion-would-be-allocated-11617234178\">transportes<\/a>. \u00c0 frente programas e projetos para mudar a matriz energ\u00e9tica: US$ 174 bilh\u00f5es destinados \u00e0 eletrifica\u00e7\u00e3o de toda a frota federal (incluindo correios), incentivos \u00e0s pessoas para aquisi\u00e7\u00e3o de ve\u00edculos el\u00e9tricos e implanta\u00e7\u00e3o de 500 mil esta\u00e7\u00f5es de carregamento.&nbsp;<\/p>\n\n\n\n<p>US$ 115 bi ser\u00e3o destinados \u00e0 recupera\u00e7\u00e3o e moderniza\u00e7\u00e3o de pontes (10 principais e 10.000 das pequenas, em pior estado) e estradas (32 mil km); US$ 20 bi \u00e0 seguran\u00e7a vi\u00e1ria e U$ 50 bi para socorro e recupera\u00e7\u00e3o dos efeitos de desastres (inunda\u00e7\u00f5es, inc\u00eandios florestais, furac\u00f5es, etc). Para sistemas geralmente administrados por autoridades locais\/regionais, como aeroportos, portos e hidrovias s\u00e3o previstos, respectivamente, US$ 25 e 17 bilh\u00f5es: inclui convers\u00f5es para energia renov\u00e1vel e aumento de capacidade de eclusas \u2013 tema de interesse do agroneg\u00f3cio brasileiro!<\/p>\n\n\n\n<p>Para infraestrutura de log\u00edstica e mobilidade, tema caro a \u201c<a href=\"https:\/\/www.nytimes.com\/2021\/04\/30\/us\/politics\/biden-amtrak-infrastructure.html\"><em>Amtrak Joe<\/em><\/a>\u201d (apelido de Biden por ser usu\u00e1rio frequente de trens metropolitanos: consta ter feito mais de <a href=\"https:\/\/www.nbcnews.com\/now\/video\/how-amtrak-shaped-biden-s-political-identity-99699781876\">8.200 viagens<\/a>!) est\u00e3o previstos US$ 185 bilh\u00f5es: US$ 20 bi para acessos a comunidades desassistidas; US$ 80 bilh\u00f5es para ferrovias de carga e passageiros, e US$ 85 bilh\u00f5es para <a href=\"https:\/\/newrepublic.com\/article\/161233\/amtrak-joe-revolutionize-public-transport\">transporte p\u00fablico<\/a> (dobrando os fundos federais dedicados).<\/p>\n\n\n\n<p>Os investimentos em portos foram saudados pela \u201c<em>American Association of Port Authorities<\/em> &#8211; <a href=\"https:\/\/www.worldcargonews.com\/news\/news\/aapa-supports-bidens-infrastructure-plan-65957\">AAPA<\/a>\u201d como sendo \u201c<em>investimentos necess\u00e1rios para modernizar nossos portos e garantir que nossa infraestrutura comercial continue forte<\/em>\u201d. A \u201c<em>Waterways Council \u2013 <\/em><a href=\"https:\/\/www.workboat.com\/coastal-inland-waterways\/biden-s-infrastructure-plan-includes-money-for-waterways-ports-ferries\"><em>WCI<\/em><\/a>\u201d v\u00ea bons motivos para que, desta vez, velhos projetos hidrovi\u00e1rios finalmente saiam do papel. E a \u201c<em>American Public Transportation Association &#8211; <\/em><a href=\"https:\/\/www.railjournal.com\/financial\/amtrak-and-apta-hail-biden-infrastructure-stimulus-plan\/\"><em>APTA<\/em><\/a><em>\u201d os sa\u00fada porque \u201cinvestimentos com vis\u00e3o de futuro em transporte p\u00fablico e trem de passageiros ajudar\u00e3o nossas comunidades a atender \u00e0s crescentes demandas de mobilidade, criar empregos com boa renda familiar, expandir a produ\u00e7\u00e3o e as cadeias de abastecimento dos USA e crescer a economia<\/em>\u201d; perspectiva talvez inspirada em vis\u00f5es\/propostas como as de <a href=\"https:\/\/unhabitat.org\/urban-economy-in-the-new-millennium-michael-cohen-the-new-school-2\">Michael Cohen<\/a>: \u201c<em>infraestrutura para inclus\u00e3o<\/em>\u201d e \u201c<em>urbaniza\u00e7\u00e3o sustent\u00e1vel<\/em>\u201d como resposta \u00e0 Covid-19, objeto de palestra em recente encontro do <a href=\"https:\/\/www.g20-insights.org\/policy_briefs\/a-sustainable-urbanization-and-infrastructure-response-to-the-covid-19-pandemic\/\">G-20<\/a>.<\/p>\n\n\n\n<p>J\u00e1 sobre os planos ferrovi\u00e1rios, <a href=\"https:\/\/www.aar.org\/issue\/freight-rail-economic-regulation\/#!\">setor<\/a> que nos anos 70\/80 recebeu aportes <a href=\"http:\/\/www.antp.org.br\/noticias\/ponto-de-vista\/shortlines-no-contexto-das-reformas-ferroviarias-americanas-.html\">bilion\u00e1rios<\/a> e passou por <a href=\"http:\/\/www.antp.org.br\/noticias\/ponto-de-vista\/por-que-shortlines-floresceram-nos-usa-mas-no-brasil-nao.html\">transforma\u00e7\u00f5es<\/a> profundas nesse meio s\u00e9culo, h\u00e1 enfoques distintos: a <a href=\"https:\/\/media.amtrak.com\/2021\/03\/statement-from-amtrak-ceo-on-president-bidens-american-jobs-plan\/\">Amtrak<\/a> (estatal fruto desse processo, incidentalmente, completando 50 anos) endossa oficialmente o plano que \u201c<em>\u00e9 o que esta na\u00e7\u00e3o estava esperando<\/em>\u201d, prometendo \u201c<em>reconstruir e melhorar o Corredor Nordeste e nossa Rede Nacional&nbsp; &#8230; levar servi\u00e7os ferrovi\u00e1rios intermunicipais de classe mundial com efici\u00eancia energ\u00e9tica a at\u00e9 160 novas comunidades em todo o pa\u00eds<\/em>\u201d. E acrescenta, at\u00e9 com certa euforia, que \u201ca<em>gora \u00e9 a nossa vez; vamos fazer o transporte ferrovi\u00e1rio a solu\u00e7\u00e3o\u201d.<\/em> A \u201c<em>Association of American Railroads \u2013 <\/em><a href=\"https:\/\/railway-news.com\/what-bidens-american-jobs-plan-means-for-rail\/\"><em>AAR<\/em><\/a>\u201d (que congrega as ferrovias privadas) tamb\u00e9m <em>\u201capoia investimentos e esfor\u00e7os associados \u00e0s mudan\u00e7as clim\u00e1ticas\u201d<\/em>, mas revela \u201c<em>s\u00e9rias preocupa\u00e7\u00f5es<\/em>\u201d quanto \u00e0 financiabilidade dos planos.<\/p>\n\n\n\n<p>Cen\u00e1rios:<\/p>\n\n\n\n<p>De fato, para viabilizar os recursos necess\u00e1rios para os planos (US$ 6 trilh\u00f5es &#8211; PIB brasileiro de mais de 4 anos!), <a href=\"https:\/\/exame.com\/economia\/governo-biden-estuda-aumento-de-imposto-de-empresas-para-28\/\">anuncia-se<\/a> aumento da al\u00edquota de tributos corporativos, de 21% para 28%, e uma n\u00e3o clara, mas sempre pol\u00eamica, <em>\u201c<\/em><a href=\"https:\/\/www.cnbc.com\/2021\/04\/28\/biden-american-families-plan-whats-in-it.html\"><em>taxa\u00e7\u00e3o dos mais ricos<\/em><\/a><em>\u201d<\/em>. Medidas nunca simp\u00e1ticas elas v\u00eam recebendo cr\u00edticas p\u00fablicas e enfrentando resist\u00eancias, como era de se esperar. Assim, numa sociedade bastante polarizada antev\u00ea-se dura batalha congressual; bem mais dura que da vota\u00e7\u00e3o do \u201c<a href=\"https:\/\/www.whitehouse.gov\/american-rescue-plan\/#:~:text=The%20American%20Rescue%20Plan&amp;text=The%20American%20Rescue%20plan%20provides%20the%20necessary%20resources%20to%20meet,and%20parents%20back%20to%20work.\"><em>American Rescue Plan<\/em><\/a>\u201d em mar\u00e7o, s\u00f3 aprovado com uso de voto de <a href=\"https:\/\/www.business-standard.com\/article\/international\/joe-biden-kamala-harris-and-others-to-promote-relief-plan-s-benefits-121031500244_1.html\">minerva<\/a> da vice Kamala Harris que, constitucionalmente, preside o Senado (como era no Brasil at\u00e9 a Constitui\u00e7\u00e3o de <a href=\"http:\/\/www.planalto.gov.br\/ccivil_03\/constituicao\/constituicao46.htm\">1946<\/a>):.<\/p>\n\n\n\n<p>Nos USA n\u00e3o h\u00e1 algo similar \u00e0s medidas provis\u00f3rias brasileiras, o que faz com que a pr\u00e9via aprova\u00e7\u00e3o congressual seja imprescind\u00edvel. E, como os democratas t\u00eam escassa maioria na C\u00e2mara, e dividem o Senado meio a meio com os republicanos, o que finalmente ser\u00e1 aprovado para viger \u00e9 uma inc\u00f3gnita!<\/p>\n\n\n\n<p>H\u00e1 <a href=\"https:\/\/internacional.estadao.com.br\/noticias\/geral,biden-tem-pressa-para-aprovar-projetos-antes-da-eleicao-legislativa-de-2022,70003701025\">pressa<\/a>, por\u00e9m, e <a href=\"https:\/\/www.usatoday.com\/story\/news\/politics\/2021\/04\/01\/president-joe-biden-infrastructure-plan-how-pass-congress\/4823282001\/\">meta<\/a> de aprovar os pacotes at\u00e9 julho; principalmente para n\u00e3o se aproximar muito das elei\u00e7\u00f5es de meio de mandato do ano que vem. Se poss\u00edvel no simb\u00f3lico <a href=\"https:\/\/www.usatoday.com\/story\/news\/politics\/2021\/04\/01\/president-joe-biden-infrastructure-plan-how-pass-congress\/4823282001\/\">4 de julho<\/a> (dia da independ\u00eancia americana). Para minimizar os riscos, Biden j\u00e1 declarou estar preparado para <a href=\"https:\/\/www.cnbc.com\/2021\/04\/12\/biden-says-he-is-willing-to-negotiate-infrastructure-plan.html\">negoci\u00e1-los<\/a> e, inclusive, estabeleceu <a href=\"https:\/\/www.nytimes.com\/live\/2021\/03\/31\/us\/biden-news-today\">balizas<\/a>: \u201cestou <em>aberto a outras ideias, desde que n\u00e3o imponham nenhum aumento de impostos para pessoas que ganham menos de US$ 400 mil\/ano\u201d<\/em>; n\u00e3o perdendo a oportunidade de lembrar que antes de Trump a al\u00edquota era ainda maior: 35%.<\/p>\n\n\n\n<p>Mas essa n\u00e3o \u00e9 a \u00fanica d\u00favida, preocupa\u00e7\u00e3o ou cr\u00edtica. A par das <a href=\"https:\/\/www.nationalreview.com\/2021\/04\/bidens-con-against-america\/\">suspei\u00e7\u00f5es<\/a> sobre reais objetivos (econ\u00f4micos e pol\u00edticos), fidelidade a compromissos de campanha, e responsabilidades administrativas, h\u00e1, por exemplo, <a href=\"https:\/\/www.politico.com\/news\/2021\/04\/06\/biden-trains-479111\">especialistas<\/a> do setor que lan\u00e7am d\u00favidas sobre a consist\u00eancia dos planos. Outros sobre os trens de <a href=\"https:\/\/www.forbes.com\/sites\/adammillsap\/2021\/04\/15\/bidens-high-speed-rail-to-nowhere\/?sh=6c337e2b108c\">alta velocidade<\/a>, argumentando que, \u201c<em>60 anos e bilh\u00f5es de d\u00f3lares depois n\u00e3o temos nada para mostrar<\/em>\u201d. Tamb\u00e9m os republicanos ampliam as cr\u00edticas para aparentemente obter maior apoio na sociedade e se preparar para as vota\u00e7\u00f5es: al\u00e9m do aumento da tributa\u00e7\u00e3o, observam que <em>\u201capenas cerca de 5 a 7% s\u00e3o estradas, pontes, portos e coisas que voc\u00ea e eu dir\u00edamos que s\u00e3o infraestruturas reais, e que tentamos aprovar no \u00faltimo governo com o presidente Trump\u201d<\/em>.<\/p>\n\n\n\n<p>Biden (\u201c<a href=\"https:\/\/www1.folha.uol.com.br\/colunas\/viniciustorres\/2021\/04\/ignorancia-reacionaria-brasileira-pinta-biden-o-suave-como-estatista-e-radical.shtml\"><em>o suave<\/em><\/a>\u201d) e Trump s\u00e3o visivelmente diferentes em estilo pessoal. Tamb\u00e9m na defini\u00e7\u00e3o de prioridades e forma de governar; o que j\u00e1 enseja, nos meios acad\u00eamicos e entre analistas, discuss\u00f5es sobre a natureza e extens\u00e3o das rupturas que est\u00e3o sendo ou ser\u00e3o efetivadas.&nbsp;<\/p>\n\n\n\n<p>Monica de Bolle, todavia, explica em recente <a href=\"https:\/\/brasil.elpais.com\/opiniao\/2021-04-30\/a-reconstrucao-dos-eua-com-joe-biden-e-um-no-na-cabeca-dos-liberais-a-brasileira.html\">artigo<\/a> que, ao contr\u00e1rio, \u201c<em>os planos de Biden s\u00e3o profundamente marcados pela tradi\u00e7\u00e3o norte-americana de Estado indutor do desenvolvimento de logo prazo<\/em>\u201d; ideias \u201c<em>inspiradas na obra do primeiro Secret\u00e1rio do Tesouro, Alexander Hamilton (\u201c<\/em><a href=\"https:\/\/founders.archives.gov\/documents\/Hamilton\/01-10-02-0001-0007\"><em>Report on the subject of manufactures<\/em><\/a><em>\u201d &#8211; 1791)<\/em>\u201d. E acrescenta: ideias que \u201c<em>v\u00eam sendo revistas e reinventadas ao longo de toda sua hist\u00f3ria\u201d<\/em>, e que <em>\u201cmais tarde influenciariam n\u00e3o apenas a industrializa\u00e7\u00e3o de seu pa\u00eds, mas a da Alemanha, a do Jap\u00e3o, a da Fran\u00e7a, chegando \u00e0 Am\u00e9rica Latina nos anos 1930, quarenta e cinquenta\u201d.<\/em><\/p>\n\n\n\n<p>Os \u201c<a href=\"https:\/\/en.wikipedia.org\/wiki\/Bidenomics\"><em>Bidenomics<\/em><\/a>\u201d, como os planos passaram a ser chamados, interessam l\u00f3gica e primariamente aos americanos e aos que l\u00e1 vivem. Mas, pelos potenciais realinhamentos que eles podem causar: na i) competitividade, regras de com\u00e9rcio e geopol\u00edtica internacional; ii) nas matrizes energ\u00e9ticas, padr\u00f5es de urbaniza\u00e7\u00e3o (p.ex., novas centralidades, aceleradas com a pandemia) e sustentabilidade; iii) nos modelos econ\u00f4micos e processos decis\u00f3rios de pol\u00edticas p\u00fablicas adotados; eles podem ter abrang\u00eancia maior, principalmente tendo os USA o peso que tem no cen\u00e1rio mundial.\u00a0Assim, as discuss\u00f5es em torno desses planos, tramita\u00e7\u00e3o congressual e implementa\u00e7\u00e3o do finalmente aprovado certamente \u00e9 de interesse de todos os pa\u00edses; como in\u00fameros artigos na m\u00eddia internacional j\u00e1 v\u00eam indicando. Do Brasil, inclusive.<\/p>\n\n\n\n<h6 class=\"wp-block-heading\" id=\"block-0ad831ad-cd23-417f-b06a-95588097a0b7\">*Frederico Bussinger <strong>foi presidente da Docas de S\u00e3o Sebasti\u00e3o, diretor da Codesp (Porto de Santos) e do Departamento Hidrovi\u00e1rio (SP). Conselheiro do Consad da Codesa e da Comiss\u00e3o Diretora do Programa Nacional de Desestatiza\u00e7\u00e3o. Secret\u00e1rio-executivo do Minist\u00e9rio dos Transportes. Coordenou o PROPS em Santos e o PIPC (Plano Integrado Porto-Cidade) em S\u00e3o Sebasti\u00e3o. Foi consultor de PDZs e de modelagem para arrendamentos em diversos portos. Atualmente \u00e9 consultor.<\/strong><\/h6>\n\n\n\n<h5 class=\"wp-block-heading\" id=\"block-d67878ff-7627-4f15-b175-8f58269174ff\">O iNFRADebate \u00e9 o espa\u00e7o de artigos da Ag\u00eancia iNFRA com opini\u00f5es de seus atores que n\u00e3o refletem necessariamente o pensamento da Ag\u00eancia iNFRA, sendo de total responsabilidade do autor as informa\u00e7\u00f5es, ju\u00edzos de valor e conceitos descritos no texto.<\/h5>\n","protected":false},"excerpt":{"rendered":"<p>Frederico Bussinger* Joe Biden, presidente norte-americano, vem de completar 100 dias de governo. Seguindo tradi\u00e7\u00e3o iniciada em 1933, por Franklin Roosevelt, fez um primeiro balan\u00e7o de gest\u00e3o.\u00a0 Destaque para: o\u00a0 i) programa de vacina\u00e7\u00e3o, acelerado desde sua posse: mais de 240 milh\u00f5es de doses j\u00e1 aplicadas (pico de 3,4 milh\u00f5es\/dia), 31,5% da popula\u00e7\u00e3o totalmente imunizada; [&hellip;]<\/p>\n","protected":false},"author":9,"featured_media":7206,"comment_status":"closed","ping_status":"closed","sticky":false,"template":"","format":"standard","meta":{"_monsterinsights_skip_tracking":false,"_monsterinsights_sitenote_active":false,"_monsterinsights_sitenote_note":"","_monsterinsights_sitenote_category":0,"footnotes":""},"categories":[1,11],"tags":[4142,4150,4143,4140,4141,4147,4139,4149,4146,4151,4152,2804,898,34,4138,66,476,49,4148,310,2233,70,2253,3960,2177,4145,4144],"class_list":["post-7205","post","type-post","status-publish","format-standard","has-post-thumbnail","hentry","category-geral","category-infradebate","tag-aapa","tag-aar","tag-american-association-of-port-authorities","tag-american-families-plan","tag-american-jobs-plan","tag-american-public-transportation-association","tag-american-rescue-plan","tag-amtrak","tag-apta","tag-association-of-american-railroads","tag-bidenomics","tag-energia-renovavel","tag-frederico-bussinger","tag-infraestrutura","tag-joe-biden","tag-logistica","tag-matriz-energetica","tag-mobilidade","tag-planos-ferroviarios","tag-portos","tag-transporte-publico","tag-transportes","tag-urbanizacao","tag-vacinacao","tag-veiculos-eletricos","tag-waterways-council","tag-wci"],"yoast_head":"<!-- This site is optimized with the Yoast SEO Premium plugin v25.4 (Yoast SEO v26.0) - https:\/\/yoast.com\/wordpress\/plugins\/seo\/ -->\n<title>iNFRADebate: Transportes nos planos de Biden - Ag\u00eancia iNFRA<\/title>\n<meta name=\"robots\" content=\"index, follow, max-snippet:-1, max-image-preview:large, max-video-preview:-1\" \/>\n<link rel=\"canonical\" href=\"https:\/\/agenciainfra.com\/blog\/infradebate-transportes-nos-planos-de-biden\/\" \/>\n<meta property=\"og:locale\" content=\"pt_BR\" \/>\n<meta property=\"og:type\" content=\"article\" \/>\n<meta property=\"og:title\" content=\"iNFRADebate: Transportes nos planos de Biden\" \/>\n<meta property=\"og:description\" content=\"Frederico Bussinger* Joe Biden, presidente norte-americano, vem de completar 100 dias de governo. Seguindo tradi\u00e7\u00e3o iniciada em 1933, por Franklin Roosevelt, fez um primeiro balan\u00e7o de gest\u00e3o.\u00a0 Destaque para: o\u00a0 i) programa de vacina\u00e7\u00e3o, acelerado desde sua posse: mais de 240 milh\u00f5es de doses j\u00e1 aplicadas (pico de 3,4 milh\u00f5es\/dia), 31,5% da popula\u00e7\u00e3o totalmente imunizada; [&hellip;]\" \/>\n<meta property=\"og:url\" content=\"https:\/\/agenciainfra.com\/blog\/infradebate-transportes-nos-planos-de-biden\/\" \/>\n<meta property=\"og:site_name\" content=\"Ag\u00eancia iNFRA\" \/>\n<meta property=\"article:publisher\" content=\"https:\/\/www.facebook.com\/ageninfra\" \/>\n<meta property=\"article:published_time\" content=\"2021-05-06T16:00:00+00:00\" \/>\n<meta property=\"og:image\" content=\"https:\/\/agenciainfra.com\/blog\/wp-content\/uploads\/2021\/05\/joe-biden-foto-carlos-m-vazquez-ii-dod.jpeg\" \/>\n\t<meta property=\"og:image:width\" content=\"1280\" \/>\n\t<meta property=\"og:image:height\" content=\"853\" \/>\n\t<meta property=\"og:image:type\" content=\"image\/jpeg\" \/>\n<meta name=\"author\" content=\"Rodrigo Zuquim\" \/>\n<meta name=\"twitter:card\" content=\"summary_large_image\" \/>\n<meta name=\"twitter:creator\" content=\"@agencia_infra\" \/>\n<meta name=\"twitter:site\" content=\"@agencia_infra\" \/>\n<meta name=\"twitter:label1\" content=\"Escrito por\" \/>\n\t<meta name=\"twitter:data1\" content=\"Rodrigo Zuquim\" \/>\n\t<meta name=\"twitter:label2\" content=\"Est. tempo de leitura\" \/>\n\t<meta name=\"twitter:data2\" content=\"8 minutos\" \/>\n<script type=\"application\/ld+json\" class=\"yoast-schema-graph\">{\"@context\":\"https:\/\/schema.org\",\"@graph\":[{\"@type\":\"Article\",\"@id\":\"https:\/\/agenciainfra.com\/blog\/infradebate-transportes-nos-planos-de-biden\/#article\",\"isPartOf\":{\"@id\":\"https:\/\/agenciainfra.com\/blog\/infradebate-transportes-nos-planos-de-biden\/\"},\"author\":{\"name\":\"Rodrigo Zuquim\",\"@id\":\"https:\/\/agenciainfra.com\/blog\/#\/schema\/person\/04dbb79bd6d8951f063da71f3e4c1eb1\"},\"headline\":\"iNFRADebate: Transportes nos planos de Biden\",\"datePublished\":\"2021-05-06T16:00:00+00:00\",\"mainEntityOfPage\":{\"@id\":\"https:\/\/agenciainfra.com\/blog\/infradebate-transportes-nos-planos-de-biden\/\"},\"wordCount\":1656,\"publisher\":{\"@id\":\"https:\/\/agenciainfra.com\/blog\/#organization\"},\"image\":{\"@id\":\"https:\/\/agenciainfra.com\/blog\/infradebate-transportes-nos-planos-de-biden\/#primaryimage\"},\"thumbnailUrl\":\"https:\/\/agenciainfra.com\/blog\/wp-content\/uploads\/2021\/05\/joe-biden-foto-carlos-m-vazquez-ii-dod.jpeg\",\"keywords\":[\"AAPA\",\"AAR\",\"American Association of Port Authorities\",\"American Families Plan\",\"American Jobs Plan\",\"American Public Transportation Association\",\"American Rescue Plan\",\"Amtrak\",\"APTA\",\"Association of American Railroads\",\"Bidenomics\",\"energia renov\u00e1vel\",\"Frederico Bussinger\",\"Infraestrutura\",\"Joe Biden\",\"log\u00edstica\",\"matriz energ\u00e9tica\",\"mobilidade\",\"planos ferrovi\u00e1rios\",\"portos\",\"transporte p\u00fablico\",\"transportes\",\"urbaniza\u00e7\u00e3o\",\"vacina\u00e7\u00e3o\",\"ve\u00edculos el\u00e9tricos\",\"Waterways Council\",\"WCI\"],\"articleSection\":[\"Geral\",\"iNFRADebate\"],\"inLanguage\":\"pt-BR\",\"copyrightYear\":\"2021\",\"copyrightHolder\":{\"@id\":\"https:\/\/agenciainfra.com\/blog\/#organization\"}},{\"@type\":\"WebPage\",\"@id\":\"https:\/\/agenciainfra.com\/blog\/infradebate-transportes-nos-planos-de-biden\/\",\"url\":\"https:\/\/agenciainfra.com\/blog\/infradebate-transportes-nos-planos-de-biden\/\",\"name\":\"iNFRADebate: Transportes nos planos de Biden - Ag\u00eancia iNFRA\",\"isPartOf\":{\"@id\":\"https:\/\/agenciainfra.com\/blog\/#website\"},\"primaryImageOfPage\":{\"@id\":\"https:\/\/agenciainfra.com\/blog\/infradebate-transportes-nos-planos-de-biden\/#primaryimage\"},\"image\":{\"@id\":\"https:\/\/agenciainfra.com\/blog\/infradebate-transportes-nos-planos-de-biden\/#primaryimage\"},\"thumbnailUrl\":\"https:\/\/agenciainfra.com\/blog\/wp-content\/uploads\/2021\/05\/joe-biden-foto-carlos-m-vazquez-ii-dod.jpeg\",\"datePublished\":\"2021-05-06T16:00:00+00:00\",\"breadcrumb\":{\"@id\":\"https:\/\/agenciainfra.com\/blog\/infradebate-transportes-nos-planos-de-biden\/#breadcrumb\"},\"inLanguage\":\"pt-BR\",\"potentialAction\":[{\"@type\":\"ReadAction\",\"target\":[\"https:\/\/agenciainfra.com\/blog\/infradebate-transportes-nos-planos-de-biden\/\"]}]},{\"@type\":\"ImageObject\",\"inLanguage\":\"pt-BR\",\"@id\":\"https:\/\/agenciainfra.com\/blog\/infradebate-transportes-nos-planos-de-biden\/#primaryimage\",\"url\":\"https:\/\/agenciainfra.com\/blog\/wp-content\/uploads\/2021\/05\/joe-biden-foto-carlos-m-vazquez-ii-dod.jpeg\",\"contentUrl\":\"https:\/\/agenciainfra.com\/blog\/wp-content\/uploads\/2021\/05\/joe-biden-foto-carlos-m-vazquez-ii-dod.jpeg\",\"width\":1280,\"height\":853},{\"@type\":\"BreadcrumbList\",\"@id\":\"https:\/\/agenciainfra.com\/blog\/infradebate-transportes-nos-planos-de-biden\/#breadcrumb\",\"itemListElement\":[{\"@type\":\"ListItem\",\"position\":1,\"name\":\"In\u00edcio\",\"item\":\"https:\/\/agenciainfra.com\/blog\/\"},{\"@type\":\"ListItem\",\"position\":2,\"name\":\"iNFRADebate: Transportes nos planos de Biden\"}]},{\"@type\":\"WebSite\",\"@id\":\"https:\/\/agenciainfra.com\/blog\/#website\",\"url\":\"https:\/\/agenciainfra.com\/blog\/\",\"name\":\"Ag\u00eancia iNFRA\",\"description\":\"Multiplataforma de informa\u00e7\u00e3o jornal\u00edstica refer\u00eancia na \u00e1rea de infraestrutura no Brasil!\",\"publisher\":{\"@id\":\"https:\/\/agenciainfra.com\/blog\/#organization\"},\"potentialAction\":[{\"@type\":\"SearchAction\",\"target\":{\"@type\":\"EntryPoint\",\"urlTemplate\":\"https:\/\/agenciainfra.com\/blog\/?s={search_term_string}\"},\"query-input\":{\"@type\":\"PropertyValueSpecification\",\"valueRequired\":true,\"valueName\":\"search_term_string\"}}],\"inLanguage\":\"pt-BR\"},{\"@type\":\"Organization\",\"@id\":\"https:\/\/agenciainfra.com\/blog\/#organization\",\"name\":\"Ag\u00eancia iNFRA\",\"url\":\"https:\/\/agenciainfra.com\/blog\/\",\"logo\":{\"@type\":\"ImageObject\",\"inLanguage\":\"pt-BR\",\"@id\":\"https:\/\/agenciainfra.com\/blog\/#\/schema\/logo\/image\/\",\"url\":\"https:\/\/agenciainfra.com\/blog\/wp-content\/uploads\/2023\/09\/iNFRA_5-e1761735885940.png\",\"contentUrl\":\"https:\/\/agenciainfra.com\/blog\/wp-content\/uploads\/2023\/09\/iNFRA_5-e1761735885940.png\",\"width\":1672,\"height\":454,\"caption\":\"Ag\u00eancia iNFRA\"},\"image\":{\"@id\":\"https:\/\/agenciainfra.com\/blog\/#\/schema\/logo\/image\/\"},\"sameAs\":[\"https:\/\/www.facebook.com\/ageninfra\",\"https:\/\/x.com\/agencia_infra\",\"https:\/\/www.linkedin.com\/company\/ag\u00eanciainfra\/\",\"https:\/\/www.instagram.com\/agenciainfra\/\"]},{\"@type\":\"Person\",\"@id\":\"https:\/\/agenciainfra.com\/blog\/#\/schema\/person\/04dbb79bd6d8951f063da71f3e4c1eb1\",\"name\":\"Rodrigo Zuquim\",\"image\":{\"@type\":\"ImageObject\",\"inLanguage\":\"pt-BR\",\"@id\":\"https:\/\/agenciainfra.com\/blog\/#\/schema\/person\/image\/\",\"url\":\"https:\/\/secure.gravatar.com\/avatar\/594abfe82761d620726242ff34ca472a705a4b97f16c790053a6b4c4035274d0?s=96&d=mm&r=g\",\"contentUrl\":\"https:\/\/secure.gravatar.com\/avatar\/594abfe82761d620726242ff34ca472a705a4b97f16c790053a6b4c4035274d0?s=96&d=mm&r=g\",\"caption\":\"Rodrigo Zuquim\"},\"url\":\"https:\/\/agenciainfra.com\/blog\/author\/rodrigo-zuquim\/\"}]}<\/script>\n<!-- \/ Yoast SEO Premium plugin. -->","yoast_head_json":{"title":"iNFRADebate: Transportes nos planos de Biden - Ag\u00eancia iNFRA","robots":{"index":"index","follow":"follow","max-snippet":"max-snippet:-1","max-image-preview":"max-image-preview:large","max-video-preview":"max-video-preview:-1"},"canonical":"https:\/\/agenciainfra.com\/blog\/infradebate-transportes-nos-planos-de-biden\/","og_locale":"pt_BR","og_type":"article","og_title":"iNFRADebate: Transportes nos planos de Biden","og_description":"Frederico Bussinger* Joe Biden, presidente norte-americano, vem de completar 100 dias de governo. Seguindo tradi\u00e7\u00e3o iniciada em 1933, por Franklin Roosevelt, fez um primeiro balan\u00e7o de gest\u00e3o.\u00a0 Destaque para: o\u00a0 i) programa de vacina\u00e7\u00e3o, acelerado desde sua posse: mais de 240 milh\u00f5es de doses j\u00e1 aplicadas (pico de 3,4 milh\u00f5es\/dia), 31,5% da popula\u00e7\u00e3o totalmente imunizada; [&hellip;]","og_url":"https:\/\/agenciainfra.com\/blog\/infradebate-transportes-nos-planos-de-biden\/","og_site_name":"Ag\u00eancia iNFRA","article_publisher":"https:\/\/www.facebook.com\/ageninfra","article_published_time":"2021-05-06T16:00:00+00:00","og_image":[{"width":1280,"height":853,"url":"https:\/\/agenciainfra.com\/blog\/wp-content\/uploads\/2021\/05\/joe-biden-foto-carlos-m-vazquez-ii-dod.jpeg","type":"image\/jpeg"}],"author":"Rodrigo Zuquim","twitter_card":"summary_large_image","twitter_creator":"@agencia_infra","twitter_site":"@agencia_infra","twitter_misc":{"Escrito por":"Rodrigo Zuquim","Est. tempo de leitura":"8 minutos"},"schema":{"@context":"https:\/\/schema.org","@graph":[{"@type":"Article","@id":"https:\/\/agenciainfra.com\/blog\/infradebate-transportes-nos-planos-de-biden\/#article","isPartOf":{"@id":"https:\/\/agenciainfra.com\/blog\/infradebate-transportes-nos-planos-de-biden\/"},"author":{"name":"Rodrigo Zuquim","@id":"https:\/\/agenciainfra.com\/blog\/#\/schema\/person\/04dbb79bd6d8951f063da71f3e4c1eb1"},"headline":"iNFRADebate: Transportes nos planos de Biden","datePublished":"2021-05-06T16:00:00+00:00","mainEntityOfPage":{"@id":"https:\/\/agenciainfra.com\/blog\/infradebate-transportes-nos-planos-de-biden\/"},"wordCount":1656,"publisher":{"@id":"https:\/\/agenciainfra.com\/blog\/#organization"},"image":{"@id":"https:\/\/agenciainfra.com\/blog\/infradebate-transportes-nos-planos-de-biden\/#primaryimage"},"thumbnailUrl":"https:\/\/agenciainfra.com\/blog\/wp-content\/uploads\/2021\/05\/joe-biden-foto-carlos-m-vazquez-ii-dod.jpeg","keywords":["AAPA","AAR","American Association of Port Authorities","American Families Plan","American Jobs Plan","American Public Transportation Association","American Rescue Plan","Amtrak","APTA","Association of American Railroads","Bidenomics","energia renov\u00e1vel","Frederico Bussinger","Infraestrutura","Joe Biden","log\u00edstica","matriz energ\u00e9tica","mobilidade","planos ferrovi\u00e1rios","portos","transporte p\u00fablico","transportes","urbaniza\u00e7\u00e3o","vacina\u00e7\u00e3o","ve\u00edculos el\u00e9tricos","Waterways Council","WCI"],"articleSection":["Geral","iNFRADebate"],"inLanguage":"pt-BR","copyrightYear":"2021","copyrightHolder":{"@id":"https:\/\/agenciainfra.com\/blog\/#organization"}},{"@type":"WebPage","@id":"https:\/\/agenciainfra.com\/blog\/infradebate-transportes-nos-planos-de-biden\/","url":"https:\/\/agenciainfra.com\/blog\/infradebate-transportes-nos-planos-de-biden\/","name":"iNFRADebate: Transportes nos planos de Biden - Ag\u00eancia iNFRA","isPartOf":{"@id":"https:\/\/agenciainfra.com\/blog\/#website"},"primaryImageOfPage":{"@id":"https:\/\/agenciainfra.com\/blog\/infradebate-transportes-nos-planos-de-biden\/#primaryimage"},"image":{"@id":"https:\/\/agenciainfra.com\/blog\/infradebate-transportes-nos-planos-de-biden\/#primaryimage"},"thumbnailUrl":"https:\/\/agenciainfra.com\/blog\/wp-content\/uploads\/2021\/05\/joe-biden-foto-carlos-m-vazquez-ii-dod.jpeg","datePublished":"2021-05-06T16:00:00+00:00","breadcrumb":{"@id":"https:\/\/agenciainfra.com\/blog\/infradebate-transportes-nos-planos-de-biden\/#breadcrumb"},"inLanguage":"pt-BR","potentialAction":[{"@type":"ReadAction","target":["https:\/\/agenciainfra.com\/blog\/infradebate-transportes-nos-planos-de-biden\/"]}]},{"@type":"ImageObject","inLanguage":"pt-BR","@id":"https:\/\/agenciainfra.com\/blog\/infradebate-transportes-nos-planos-de-biden\/#primaryimage","url":"https:\/\/agenciainfra.com\/blog\/wp-content\/uploads\/2021\/05\/joe-biden-foto-carlos-m-vazquez-ii-dod.jpeg","contentUrl":"https:\/\/agenciainfra.com\/blog\/wp-content\/uploads\/2021\/05\/joe-biden-foto-carlos-m-vazquez-ii-dod.jpeg","width":1280,"height":853},{"@type":"BreadcrumbList","@id":"https:\/\/agenciainfra.com\/blog\/infradebate-transportes-nos-planos-de-biden\/#breadcrumb","itemListElement":[{"@type":"ListItem","position":1,"name":"In\u00edcio","item":"https:\/\/agenciainfra.com\/blog\/"},{"@type":"ListItem","position":2,"name":"iNFRADebate: Transportes nos planos de Biden"}]},{"@type":"WebSite","@id":"https:\/\/agenciainfra.com\/blog\/#website","url":"https:\/\/agenciainfra.com\/blog\/","name":"Ag\u00eancia iNFRA","description":"Multiplataforma de informa\u00e7\u00e3o jornal\u00edstica refer\u00eancia na \u00e1rea de infraestrutura no Brasil!","publisher":{"@id":"https:\/\/agenciainfra.com\/blog\/#organization"},"potentialAction":[{"@type":"SearchAction","target":{"@type":"EntryPoint","urlTemplate":"https:\/\/agenciainfra.com\/blog\/?s={search_term_string}"},"query-input":{"@type":"PropertyValueSpecification","valueRequired":true,"valueName":"search_term_string"}}],"inLanguage":"pt-BR"},{"@type":"Organization","@id":"https:\/\/agenciainfra.com\/blog\/#organization","name":"Ag\u00eancia iNFRA","url":"https:\/\/agenciainfra.com\/blog\/","logo":{"@type":"ImageObject","inLanguage":"pt-BR","@id":"https:\/\/agenciainfra.com\/blog\/#\/schema\/logo\/image\/","url":"https:\/\/agenciainfra.com\/blog\/wp-content\/uploads\/2023\/09\/iNFRA_5-e1761735885940.png","contentUrl":"https:\/\/agenciainfra.com\/blog\/wp-content\/uploads\/2023\/09\/iNFRA_5-e1761735885940.png","width":1672,"height":454,"caption":"Ag\u00eancia iNFRA"},"image":{"@id":"https:\/\/agenciainfra.com\/blog\/#\/schema\/logo\/image\/"},"sameAs":["https:\/\/www.facebook.com\/ageninfra","https:\/\/x.com\/agencia_infra","https:\/\/www.linkedin.com\/company\/ag\u00eanciainfra\/","https:\/\/www.instagram.com\/agenciainfra\/"]},{"@type":"Person","@id":"https:\/\/agenciainfra.com\/blog\/#\/schema\/person\/04dbb79bd6d8951f063da71f3e4c1eb1","name":"Rodrigo Zuquim","image":{"@type":"ImageObject","inLanguage":"pt-BR","@id":"https:\/\/agenciainfra.com\/blog\/#\/schema\/person\/image\/","url":"https:\/\/secure.gravatar.com\/avatar\/594abfe82761d620726242ff34ca472a705a4b97f16c790053a6b4c4035274d0?s=96&d=mm&r=g","contentUrl":"https:\/\/secure.gravatar.com\/avatar\/594abfe82761d620726242ff34ca472a705a4b97f16c790053a6b4c4035274d0?s=96&d=mm&r=g","caption":"Rodrigo Zuquim"},"url":"https:\/\/agenciainfra.com\/blog\/author\/rodrigo-zuquim\/"}]}},"_links":{"self":[{"href":"https:\/\/agenciainfra.com\/blog\/wp-json\/wp\/v2\/posts\/7205","targetHints":{"allow":["GET"]}}],"collection":[{"href":"https:\/\/agenciainfra.com\/blog\/wp-json\/wp\/v2\/posts"}],"about":[{"href":"https:\/\/agenciainfra.com\/blog\/wp-json\/wp\/v2\/types\/post"}],"author":[{"embeddable":true,"href":"https:\/\/agenciainfra.com\/blog\/wp-json\/wp\/v2\/users\/9"}],"replies":[{"embeddable":true,"href":"https:\/\/agenciainfra.com\/blog\/wp-json\/wp\/v2\/comments?post=7205"}],"version-history":[{"count":0,"href":"https:\/\/agenciainfra.com\/blog\/wp-json\/wp\/v2\/posts\/7205\/revisions"}],"wp:featuredmedia":[{"embeddable":true,"href":"https:\/\/agenciainfra.com\/blog\/wp-json\/wp\/v2\/media\/7206"}],"wp:attachment":[{"href":"https:\/\/agenciainfra.com\/blog\/wp-json\/wp\/v2\/media?parent=7205"}],"wp:term":[{"taxonomy":"category","embeddable":true,"href":"https:\/\/agenciainfra.com\/blog\/wp-json\/wp\/v2\/categories?post=7205"},{"taxonomy":"post_tag","embeddable":true,"href":"https:\/\/agenciainfra.com\/blog\/wp-json\/wp\/v2\/tags?post=7205"}],"curies":[{"name":"wp","href":"https:\/\/api.w.org\/{rel}","templated":true}]}}