{"id":7208,"date":"2021-05-06T08:16:05","date_gmt":"2021-05-06T11:16:05","guid":{"rendered":"https:\/\/www.agenciainfra.com\/blog\/?p=7208"},"modified":"2021-05-06T08:16:09","modified_gmt":"2021-05-06T11:16:09","slug":"ponte-rio-niteroi-tera-restricao-para-veiculos-de-carga-a-partir-de-12-de-maio","status":"publish","type":"post","link":"https:\/\/agenciainfra.com\/blog\/ponte-rio-niteroi-tera-restricao-para-veiculos-de-carga-a-partir-de-12-de-maio\/","title":{"rendered":"Ponte Rio-Niter\u00f3i ter\u00e1 restri\u00e7\u00e3o para ve\u00edculos de carga a partir de 12 de maio"},"content":{"rendered":"\n<p class=\"has-text-align-right\"><strong>da Ag\u00eancia iNFRA<\/strong><\/p>\n\n\n\n<p>O tr\u00e1fego de ve\u00edculos com tr\u00eas ou mais eixos pela Ponte Rio-Niter\u00f3i, na BR-101, no Rio de Janeiro, ser\u00e1 proibido no hor\u00e1rio entre 4h e meio-dia no sentido Rio de Janeiro e entre meio-dia e 22h no sentido Niter\u00f3i.<\/p>\n\n\n\n<p>A decis\u00e3o da ANTT (Ag\u00eancia Nacional de Transportes Terrestres), tomada na \u00faltima ter\u00e7a-feira (4), foi <a href=\"https:\/\/pesquisa.in.gov.br\/imprensa\/jsp\/visualiza\/index.jsp?data=06\/05\/2021&amp;jornal=515&amp;pagina=41&amp;totalArquivos=94\" data-type=\"URL\" data-id=\"https:\/\/pesquisa.in.gov.br\/imprensa\/jsp\/visualiza\/index.jsp?data=06\/05\/2021&amp;jornal=515&amp;pagina=41&amp;totalArquivos=94\" target=\"_blank\" rel=\"noreferrer noopener\">publicada<\/a> no Di\u00e1rio Oficial da Uni\u00e3o de hoje (6) e entrar\u00e1 em vigor no dia 12 de maio.<\/p>\n\n\n\n<p>De acordo com a Resolu\u00e7\u00e3o 5.937 da ag\u00eancia reguladora, a proibi\u00e7\u00e3o \u00e9 v\u00e1lida em dias de semana.\u00a0O ato informa ainda que ele &#8220;n\u00e3o altera as normas para a circula\u00e7\u00e3o de ve\u00edculos destinados ao transporte de cargas indivis\u00edveis e excedentes em peso ou dimens\u00f5es, observados os limites e os requisitos estabelecidos pelo Conselho Nacional de Tr\u00e2nsito&#8221;.<\/p>\n\n\n\n<p>Ainda de acordo com a resolu\u00e7\u00e3o, permanecem inalteradas as determina\u00e7\u00f5es da Resolu\u00e7\u00e3o 1.713\/2006 e da Resolu\u00e7\u00e3o 5.929\/2021, ambas sobre o tr\u00e1fego de produtos perigosos.<\/p>\n\n\n\n<p>As restri\u00e7\u00f5es para uso da Ponte Rio-Niter\u00f3i, que \u00e9 concessionada para a Ecoponte, do Grupo EcoRodovias, existem desde 2007 por causa do alto volume de tr\u00e1fego na pista. Elas foram flexibilizadas no in\u00edcio da pandemia da Covid-19, no ano passado. O sistema agora est\u00e1 voltando \u00e0s restri\u00e7\u00f5es anteriores.<\/p>\n\n\n\n<p>A Ponte Rio-Niter\u00f3i tem um fluxo de ve\u00edculos por dia, que \u00e9 de, em m\u00e9dia, 150 mil. Ela \u00e9 a liga\u00e7\u00e3o mais r\u00e1pida entre as duas \u00e1reas com alta densidade populacional da regi\u00e3o metropolitana do estado.<\/p>\n\n\n\n<p>Ela foi a primeira rodovia concessionada no pa\u00eds, em 1995, num contrato de 20 anos com a CCR. Em 2014, houve novo leil\u00e3o, com a finaliza\u00e7\u00e3o do contrato de 20 anos da CCR, e a Ecoponte, do Grupo EcoRodovias, venceu a disputa.<\/p>\n","protected":false},"excerpt":{"rendered":"<p>da Ag\u00eancia iNFRA O tr\u00e1fego de ve\u00edculos com tr\u00eas ou mais eixos pela Ponte Rio-Niter\u00f3i, na BR-101, no Rio de Janeiro, ser\u00e1 proibido no hor\u00e1rio entre 4h e meio-dia no sentido Rio de Janeiro e entre meio-dia e 22h no sentido Niter\u00f3i. A decis\u00e3o da ANTT (Ag\u00eancia Nacional de Transportes Terrestres), tomada na \u00faltima ter\u00e7a-feira [&hellip;]<\/p>\n","protected":false},"author":9,"featured_media":7209,"comment_status":"closed","ping_status":"closed","sticky":false,"template":"","format":"standard","meta":{"_monsterinsights_skip_tracking":false,"_monsterinsights_sitenote_active":false,"_monsterinsights_sitenote_note":"","_monsterinsights_sitenote_category":0,"footnotes":""},"categories":[1,2052],"tags":[19,588,3088,1759,1863,1340,1936,1860,3158,4153,3637],"class_list":["post-7208","post","type-post","status-publish","format-standard","has-post-thumbnail","hentry","category-geral","category-infra-transicao","tag-antt","tag-ccr","tag-conselho-nacional-de-transito","tag-covid-19","tag-ecoponte","tag-ecorodovias","tag-pandemia","tag-ponte-rio-niteroi","tag-produtos-perigosos","tag-resolucao-5-937","tag-veiculos-de-carga"],"yoast_head":"<!-- This site is optimized with the Yoast SEO Premium plugin v25.4 (Yoast SEO v26.0) - https:\/\/yoast.com\/wordpress\/plugins\/seo\/ -->\n<title>Ponte Rio-Niter\u00f3i ter\u00e1 restri\u00e7\u00e3o para ve\u00edculos de carga a partir de 12 de maio - Ag\u00eancia iNFRA<\/title>\n<meta name=\"robots\" content=\"index, follow, max-snippet:-1, max-image-preview:large, max-video-preview:-1\" \/>\n<link rel=\"canonical\" href=\"https:\/\/agenciainfra.com\/blog\/ponte-rio-niteroi-tera-restricao-para-veiculos-de-carga-a-partir-de-12-de-maio\/\" \/>\n<meta property=\"og:locale\" content=\"pt_BR\" \/>\n<meta property=\"og:type\" content=\"article\" \/>\n<meta property=\"og:title\" content=\"Ponte Rio-Niter\u00f3i ter\u00e1 restri\u00e7\u00e3o para ve\u00edculos de carga a partir de 12 de maio\" \/>\n<meta property=\"og:description\" content=\"da Ag\u00eancia iNFRA O tr\u00e1fego de ve\u00edculos com tr\u00eas ou mais eixos pela Ponte Rio-Niter\u00f3i, na BR-101, no Rio de Janeiro, ser\u00e1 proibido no hor\u00e1rio entre 4h e meio-dia no sentido Rio de Janeiro e entre meio-dia e 22h no sentido Niter\u00f3i. A decis\u00e3o da ANTT (Ag\u00eancia Nacional de Transportes Terrestres), tomada na \u00faltima ter\u00e7a-feira [&hellip;]\" \/>\n<meta property=\"og:url\" content=\"https:\/\/agenciainfra.com\/blog\/ponte-rio-niteroi-tera-restricao-para-veiculos-de-carga-a-partir-de-12-de-maio\/\" \/>\n<meta property=\"og:site_name\" content=\"Ag\u00eancia iNFRA\" \/>\n<meta property=\"article:publisher\" content=\"https:\/\/www.facebook.com\/ageninfra\" \/>\n<meta property=\"article:published_time\" content=\"2021-05-06T11:16:05+00:00\" \/>\n<meta property=\"article:modified_time\" content=\"2021-05-06T11:16:09+00:00\" \/>\n<meta property=\"og:image\" content=\"https:\/\/agenciainfra.com\/blog\/wp-content\/uploads\/2021\/05\/ponte-rio-niteroi-foto-antt.png\" \/>\n\t<meta property=\"og:image:width\" content=\"1280\" \/>\n\t<meta property=\"og:image:height\" content=\"851\" \/>\n\t<meta property=\"og:image:type\" content=\"image\/png\" \/>\n<meta name=\"author\" content=\"Rodrigo Zuquim\" \/>\n<meta name=\"twitter:card\" content=\"summary_large_image\" \/>\n<meta name=\"twitter:creator\" content=\"@agencia_infra\" \/>\n<meta name=\"twitter:site\" content=\"@agencia_infra\" \/>\n<meta name=\"twitter:label1\" content=\"Escrito por\" \/>\n\t<meta name=\"twitter:data1\" content=\"Rodrigo Zuquim\" \/>\n\t<meta name=\"twitter:label2\" content=\"Est. tempo de leitura\" \/>\n\t<meta name=\"twitter:data2\" content=\"2 minutos\" \/>\n<script type=\"application\/ld+json\" class=\"yoast-schema-graph\">{\"@context\":\"https:\/\/schema.org\",\"@graph\":[{\"@type\":\"Article\",\"@id\":\"https:\/\/agenciainfra.com\/blog\/ponte-rio-niteroi-tera-restricao-para-veiculos-de-carga-a-partir-de-12-de-maio\/#article\",\"isPartOf\":{\"@id\":\"https:\/\/agenciainfra.com\/blog\/ponte-rio-niteroi-tera-restricao-para-veiculos-de-carga-a-partir-de-12-de-maio\/\"},\"author\":{\"name\":\"Rodrigo Zuquim\",\"@id\":\"https:\/\/agenciainfra.com\/blog\/#\/schema\/person\/04dbb79bd6d8951f063da71f3e4c1eb1\"},\"headline\":\"Ponte Rio-Niter\u00f3i ter\u00e1 restri\u00e7\u00e3o para ve\u00edculos de carga a partir de 12 de maio\",\"datePublished\":\"2021-05-06T11:16:05+00:00\",\"dateModified\":\"2021-05-06T11:16:09+00:00\",\"mainEntityOfPage\":{\"@id\":\"https:\/\/agenciainfra.com\/blog\/ponte-rio-niteroi-tera-restricao-para-veiculos-de-carga-a-partir-de-12-de-maio\/\"},\"wordCount\":322,\"publisher\":{\"@id\":\"https:\/\/agenciainfra.com\/blog\/#organization\"},\"image\":{\"@id\":\"https:\/\/agenciainfra.com\/blog\/ponte-rio-niteroi-tera-restricao-para-veiculos-de-carga-a-partir-de-12-de-maio\/#primaryimage\"},\"thumbnailUrl\":\"https:\/\/agenciainfra.com\/blog\/wp-content\/uploads\/2021\/05\/ponte-rio-niteroi-foto-antt-e1750774467182.png\",\"keywords\":[\"ANTT\",\"CCR\",\"Conselho Nacional de Tr\u00e2nsito\",\"Covid-19\",\"Ecoponte\",\"EcoRodovias\",\"pandemia\",\"ponte Rio-Niter\u00f3i\",\"produtos perigosos\",\"Resolu\u00e7\u00e3o 5.937\",\"ve\u00edculos de carga\"],\"articleSection\":[\"Geral\",\"iNFRA Na Transi\u00e7\u00e3o\"],\"inLanguage\":\"pt-BR\",\"copyrightYear\":\"2021\",\"copyrightHolder\":{\"@id\":\"https:\/\/agenciainfra.com\/blog\/#organization\"}},{\"@type\":\"WebPage\",\"@id\":\"https:\/\/agenciainfra.com\/blog\/ponte-rio-niteroi-tera-restricao-para-veiculos-de-carga-a-partir-de-12-de-maio\/\",\"url\":\"https:\/\/agenciainfra.com\/blog\/ponte-rio-niteroi-tera-restricao-para-veiculos-de-carga-a-partir-de-12-de-maio\/\",\"name\":\"Ponte Rio-Niter\u00f3i ter\u00e1 restri\u00e7\u00e3o para ve\u00edculos de carga a partir de 12 de maio - Ag\u00eancia iNFRA\",\"isPartOf\":{\"@id\":\"https:\/\/agenciainfra.com\/blog\/#website\"},\"primaryImageOfPage\":{\"@id\":\"https:\/\/agenciainfra.com\/blog\/ponte-rio-niteroi-tera-restricao-para-veiculos-de-carga-a-partir-de-12-de-maio\/#primaryimage\"},\"image\":{\"@id\":\"https:\/\/agenciainfra.com\/blog\/ponte-rio-niteroi-tera-restricao-para-veiculos-de-carga-a-partir-de-12-de-maio\/#primaryimage\"},\"thumbnailUrl\":\"https:\/\/agenciainfra.com\/blog\/wp-content\/uploads\/2021\/05\/ponte-rio-niteroi-foto-antt-e1750774467182.png\",\"datePublished\":\"2021-05-06T11:16:05+00:00\",\"dateModified\":\"2021-05-06T11:16:09+00:00\",\"breadcrumb\":{\"@id\":\"https:\/\/agenciainfra.com\/blog\/ponte-rio-niteroi-tera-restricao-para-veiculos-de-carga-a-partir-de-12-de-maio\/#breadcrumb\"},\"inLanguage\":\"pt-BR\",\"potentialAction\":[{\"@type\":\"ReadAction\",\"target\":[\"https:\/\/agenciainfra.com\/blog\/ponte-rio-niteroi-tera-restricao-para-veiculos-de-carga-a-partir-de-12-de-maio\/\"]}]},{\"@type\":\"ImageObject\",\"inLanguage\":\"pt-BR\",\"@id\":\"https:\/\/agenciainfra.com\/blog\/ponte-rio-niteroi-tera-restricao-para-veiculos-de-carga-a-partir-de-12-de-maio\/#primaryimage\",\"url\":\"https:\/\/agenciainfra.com\/blog\/wp-content\/uploads\/2021\/05\/ponte-rio-niteroi-foto-antt-e1750774467182.png\",\"contentUrl\":\"https:\/\/agenciainfra.com\/blog\/wp-content\/uploads\/2021\/05\/ponte-rio-niteroi-foto-antt-e1750774467182.png\",\"width\":1280,\"height\":777},{\"@type\":\"BreadcrumbList\",\"@id\":\"https:\/\/agenciainfra.com\/blog\/ponte-rio-niteroi-tera-restricao-para-veiculos-de-carga-a-partir-de-12-de-maio\/#breadcrumb\",\"itemListElement\":[{\"@type\":\"ListItem\",\"position\":1,\"name\":\"In\u00edcio\",\"item\":\"https:\/\/agenciainfra.com\/blog\/\"},{\"@type\":\"ListItem\",\"position\":2,\"name\":\"Ponte Rio-Niter\u00f3i ter\u00e1 restri\u00e7\u00e3o para ve\u00edculos de carga a partir de 12 de maio\"}]},{\"@type\":\"WebSite\",\"@id\":\"https:\/\/agenciainfra.com\/blog\/#website\",\"url\":\"https:\/\/agenciainfra.com\/blog\/\",\"name\":\"Ag\u00eancia iNFRA\",\"description\":\"Multiplataforma de informa\u00e7\u00e3o jornal\u00edstica refer\u00eancia na \u00e1rea de infraestrutura no Brasil!\",\"publisher\":{\"@id\":\"https:\/\/agenciainfra.com\/blog\/#organization\"},\"potentialAction\":[{\"@type\":\"SearchAction\",\"target\":{\"@type\":\"EntryPoint\",\"urlTemplate\":\"https:\/\/agenciainfra.com\/blog\/?s={search_term_string}\"},\"query-input\":{\"@type\":\"PropertyValueSpecification\",\"valueRequired\":true,\"valueName\":\"search_term_string\"}}],\"inLanguage\":\"pt-BR\"},{\"@type\":\"Organization\",\"@id\":\"https:\/\/agenciainfra.com\/blog\/#organization\",\"name\":\"Ag\u00eancia iNFRA\",\"url\":\"https:\/\/agenciainfra.com\/blog\/\",\"logo\":{\"@type\":\"ImageObject\",\"inLanguage\":\"pt-BR\",\"@id\":\"https:\/\/agenciainfra.com\/blog\/#\/schema\/logo\/image\/\",\"url\":\"https:\/\/agenciainfra.com\/blog\/wp-content\/uploads\/2023\/09\/iNFRA_5-e1761735885940.png\",\"contentUrl\":\"https:\/\/agenciainfra.com\/blog\/wp-content\/uploads\/2023\/09\/iNFRA_5-e1761735885940.png\",\"width\":1672,\"height\":454,\"caption\":\"Ag\u00eancia iNFRA\"},\"image\":{\"@id\":\"https:\/\/agenciainfra.com\/blog\/#\/schema\/logo\/image\/\"},\"sameAs\":[\"https:\/\/www.facebook.com\/ageninfra\",\"https:\/\/x.com\/agencia_infra\",\"https:\/\/www.linkedin.com\/company\/ag\u00eanciainfra\/\",\"https:\/\/www.instagram.com\/agenciainfra\/\"]},{\"@type\":\"Person\",\"@id\":\"https:\/\/agenciainfra.com\/blog\/#\/schema\/person\/04dbb79bd6d8951f063da71f3e4c1eb1\",\"name\":\"Rodrigo Zuquim\",\"image\":{\"@type\":\"ImageObject\",\"inLanguage\":\"pt-BR\",\"@id\":\"https:\/\/agenciainfra.com\/blog\/#\/schema\/person\/image\/\",\"url\":\"https:\/\/secure.gravatar.com\/avatar\/594abfe82761d620726242ff34ca472a705a4b97f16c790053a6b4c4035274d0?s=96&d=mm&r=g\",\"contentUrl\":\"https:\/\/secure.gravatar.com\/avatar\/594abfe82761d620726242ff34ca472a705a4b97f16c790053a6b4c4035274d0?s=96&d=mm&r=g\",\"caption\":\"Rodrigo Zuquim\"},\"url\":\"https:\/\/agenciainfra.com\/blog\/author\/rodrigo-zuquim\/\"}]}<\/script>\n<!-- \/ Yoast SEO Premium plugin. -->","yoast_head_json":{"title":"Ponte Rio-Niter\u00f3i ter\u00e1 restri\u00e7\u00e3o para ve\u00edculos de carga a partir de 12 de maio - Ag\u00eancia iNFRA","robots":{"index":"index","follow":"follow","max-snippet":"max-snippet:-1","max-image-preview":"max-image-preview:large","max-video-preview":"max-video-preview:-1"},"canonical":"https:\/\/agenciainfra.com\/blog\/ponte-rio-niteroi-tera-restricao-para-veiculos-de-carga-a-partir-de-12-de-maio\/","og_locale":"pt_BR","og_type":"article","og_title":"Ponte Rio-Niter\u00f3i ter\u00e1 restri\u00e7\u00e3o para ve\u00edculos de carga a partir de 12 de maio","og_description":"da Ag\u00eancia iNFRA O tr\u00e1fego de ve\u00edculos com tr\u00eas ou mais eixos pela Ponte Rio-Niter\u00f3i, na BR-101, no Rio de Janeiro, ser\u00e1 proibido no hor\u00e1rio entre 4h e meio-dia no sentido Rio de Janeiro e entre meio-dia e 22h no sentido Niter\u00f3i. A decis\u00e3o da ANTT (Ag\u00eancia Nacional de Transportes Terrestres), tomada na \u00faltima ter\u00e7a-feira [&hellip;]","og_url":"https:\/\/agenciainfra.com\/blog\/ponte-rio-niteroi-tera-restricao-para-veiculos-de-carga-a-partir-de-12-de-maio\/","og_site_name":"Ag\u00eancia iNFRA","article_publisher":"https:\/\/www.facebook.com\/ageninfra","article_published_time":"2021-05-06T11:16:05+00:00","article_modified_time":"2021-05-06T11:16:09+00:00","og_image":[{"width":1280,"height":851,"url":"https:\/\/agenciainfra.com\/blog\/wp-content\/uploads\/2021\/05\/ponte-rio-niteroi-foto-antt.png","type":"image\/png"}],"author":"Rodrigo Zuquim","twitter_card":"summary_large_image","twitter_creator":"@agencia_infra","twitter_site":"@agencia_infra","twitter_misc":{"Escrito por":"Rodrigo Zuquim","Est. tempo de leitura":"2 minutos"},"schema":{"@context":"https:\/\/schema.org","@graph":[{"@type":"Article","@id":"https:\/\/agenciainfra.com\/blog\/ponte-rio-niteroi-tera-restricao-para-veiculos-de-carga-a-partir-de-12-de-maio\/#article","isPartOf":{"@id":"https:\/\/agenciainfra.com\/blog\/ponte-rio-niteroi-tera-restricao-para-veiculos-de-carga-a-partir-de-12-de-maio\/"},"author":{"name":"Rodrigo Zuquim","@id":"https:\/\/agenciainfra.com\/blog\/#\/schema\/person\/04dbb79bd6d8951f063da71f3e4c1eb1"},"headline":"Ponte Rio-Niter\u00f3i ter\u00e1 restri\u00e7\u00e3o para ve\u00edculos de carga a partir de 12 de maio","datePublished":"2021-05-06T11:16:05+00:00","dateModified":"2021-05-06T11:16:09+00:00","mainEntityOfPage":{"@id":"https:\/\/agenciainfra.com\/blog\/ponte-rio-niteroi-tera-restricao-para-veiculos-de-carga-a-partir-de-12-de-maio\/"},"wordCount":322,"publisher":{"@id":"https:\/\/agenciainfra.com\/blog\/#organization"},"image":{"@id":"https:\/\/agenciainfra.com\/blog\/ponte-rio-niteroi-tera-restricao-para-veiculos-de-carga-a-partir-de-12-de-maio\/#primaryimage"},"thumbnailUrl":"https:\/\/agenciainfra.com\/blog\/wp-content\/uploads\/2021\/05\/ponte-rio-niteroi-foto-antt-e1750774467182.png","keywords":["ANTT","CCR","Conselho Nacional de Tr\u00e2nsito","Covid-19","Ecoponte","EcoRodovias","pandemia","ponte Rio-Niter\u00f3i","produtos perigosos","Resolu\u00e7\u00e3o 5.937","ve\u00edculos de carga"],"articleSection":["Geral","iNFRA Na Transi\u00e7\u00e3o"],"inLanguage":"pt-BR","copyrightYear":"2021","copyrightHolder":{"@id":"https:\/\/agenciainfra.com\/blog\/#organization"}},{"@type":"WebPage","@id":"https:\/\/agenciainfra.com\/blog\/ponte-rio-niteroi-tera-restricao-para-veiculos-de-carga-a-partir-de-12-de-maio\/","url":"https:\/\/agenciainfra.com\/blog\/ponte-rio-niteroi-tera-restricao-para-veiculos-de-carga-a-partir-de-12-de-maio\/","name":"Ponte Rio-Niter\u00f3i ter\u00e1 restri\u00e7\u00e3o para ve\u00edculos de carga a partir de 12 de maio - Ag\u00eancia iNFRA","isPartOf":{"@id":"https:\/\/agenciainfra.com\/blog\/#website"},"primaryImageOfPage":{"@id":"https:\/\/agenciainfra.com\/blog\/ponte-rio-niteroi-tera-restricao-para-veiculos-de-carga-a-partir-de-12-de-maio\/#primaryimage"},"image":{"@id":"https:\/\/agenciainfra.com\/blog\/ponte-rio-niteroi-tera-restricao-para-veiculos-de-carga-a-partir-de-12-de-maio\/#primaryimage"},"thumbnailUrl":"https:\/\/agenciainfra.com\/blog\/wp-content\/uploads\/2021\/05\/ponte-rio-niteroi-foto-antt-e1750774467182.png","datePublished":"2021-05-06T11:16:05+00:00","dateModified":"2021-05-06T11:16:09+00:00","breadcrumb":{"@id":"https:\/\/agenciainfra.com\/blog\/ponte-rio-niteroi-tera-restricao-para-veiculos-de-carga-a-partir-de-12-de-maio\/#breadcrumb"},"inLanguage":"pt-BR","potentialAction":[{"@type":"ReadAction","target":["https:\/\/agenciainfra.com\/blog\/ponte-rio-niteroi-tera-restricao-para-veiculos-de-carga-a-partir-de-12-de-maio\/"]}]},{"@type":"ImageObject","inLanguage":"pt-BR","@id":"https:\/\/agenciainfra.com\/blog\/ponte-rio-niteroi-tera-restricao-para-veiculos-de-carga-a-partir-de-12-de-maio\/#primaryimage","url":"https:\/\/agenciainfra.com\/blog\/wp-content\/uploads\/2021\/05\/ponte-rio-niteroi-foto-antt-e1750774467182.png","contentUrl":"https:\/\/agenciainfra.com\/blog\/wp-content\/uploads\/2021\/05\/ponte-rio-niteroi-foto-antt-e1750774467182.png","width":1280,"height":777},{"@type":"BreadcrumbList","@id":"https:\/\/agenciainfra.com\/blog\/ponte-rio-niteroi-tera-restricao-para-veiculos-de-carga-a-partir-de-12-de-maio\/#breadcrumb","itemListElement":[{"@type":"ListItem","position":1,"name":"In\u00edcio","item":"https:\/\/agenciainfra.com\/blog\/"},{"@type":"ListItem","position":2,"name":"Ponte Rio-Niter\u00f3i ter\u00e1 restri\u00e7\u00e3o para ve\u00edculos de carga a partir de 12 de maio"}]},{"@type":"WebSite","@id":"https:\/\/agenciainfra.com\/blog\/#website","url":"https:\/\/agenciainfra.com\/blog\/","name":"Ag\u00eancia iNFRA","description":"Multiplataforma de informa\u00e7\u00e3o jornal\u00edstica refer\u00eancia na \u00e1rea de infraestrutura no Brasil!","publisher":{"@id":"https:\/\/agenciainfra.com\/blog\/#organization"},"potentialAction":[{"@type":"SearchAction","target":{"@type":"EntryPoint","urlTemplate":"https:\/\/agenciainfra.com\/blog\/?s={search_term_string}"},"query-input":{"@type":"PropertyValueSpecification","valueRequired":true,"valueName":"search_term_string"}}],"inLanguage":"pt-BR"},{"@type":"Organization","@id":"https:\/\/agenciainfra.com\/blog\/#organization","name":"Ag\u00eancia iNFRA","url":"https:\/\/agenciainfra.com\/blog\/","logo":{"@type":"ImageObject","inLanguage":"pt-BR","@id":"https:\/\/agenciainfra.com\/blog\/#\/schema\/logo\/image\/","url":"https:\/\/agenciainfra.com\/blog\/wp-content\/uploads\/2023\/09\/iNFRA_5-e1761735885940.png","contentUrl":"https:\/\/agenciainfra.com\/blog\/wp-content\/uploads\/2023\/09\/iNFRA_5-e1761735885940.png","width":1672,"height":454,"caption":"Ag\u00eancia iNFRA"},"image":{"@id":"https:\/\/agenciainfra.com\/blog\/#\/schema\/logo\/image\/"},"sameAs":["https:\/\/www.facebook.com\/ageninfra","https:\/\/x.com\/agencia_infra","https:\/\/www.linkedin.com\/company\/ag\u00eanciainfra\/","https:\/\/www.instagram.com\/agenciainfra\/"]},{"@type":"Person","@id":"https:\/\/agenciainfra.com\/blog\/#\/schema\/person\/04dbb79bd6d8951f063da71f3e4c1eb1","name":"Rodrigo Zuquim","image":{"@type":"ImageObject","inLanguage":"pt-BR","@id":"https:\/\/agenciainfra.com\/blog\/#\/schema\/person\/image\/","url":"https:\/\/secure.gravatar.com\/avatar\/594abfe82761d620726242ff34ca472a705a4b97f16c790053a6b4c4035274d0?s=96&d=mm&r=g","contentUrl":"https:\/\/secure.gravatar.com\/avatar\/594abfe82761d620726242ff34ca472a705a4b97f16c790053a6b4c4035274d0?s=96&d=mm&r=g","caption":"Rodrigo Zuquim"},"url":"https:\/\/agenciainfra.com\/blog\/author\/rodrigo-zuquim\/"}]}},"_links":{"self":[{"href":"https:\/\/agenciainfra.com\/blog\/wp-json\/wp\/v2\/posts\/7208","targetHints":{"allow":["GET"]}}],"collection":[{"href":"https:\/\/agenciainfra.com\/blog\/wp-json\/wp\/v2\/posts"}],"about":[{"href":"https:\/\/agenciainfra.com\/blog\/wp-json\/wp\/v2\/types\/post"}],"author":[{"embeddable":true,"href":"https:\/\/agenciainfra.com\/blog\/wp-json\/wp\/v2\/users\/9"}],"replies":[{"embeddable":true,"href":"https:\/\/agenciainfra.com\/blog\/wp-json\/wp\/v2\/comments?post=7208"}],"version-history":[{"count":0,"href":"https:\/\/agenciainfra.com\/blog\/wp-json\/wp\/v2\/posts\/7208\/revisions"}],"wp:featuredmedia":[{"embeddable":true,"href":"https:\/\/agenciainfra.com\/blog\/wp-json\/wp\/v2\/media\/7209"}],"wp:attachment":[{"href":"https:\/\/agenciainfra.com\/blog\/wp-json\/wp\/v2\/media?parent=7208"}],"wp:term":[{"taxonomy":"category","embeddable":true,"href":"https:\/\/agenciainfra.com\/blog\/wp-json\/wp\/v2\/categories?post=7208"},{"taxonomy":"post_tag","embeddable":true,"href":"https:\/\/agenciainfra.com\/blog\/wp-json\/wp\/v2\/tags?post=7208"}],"curies":[{"name":"wp","href":"https:\/\/api.w.org\/{rel}","templated":true}]}}