{"id":7226,"date":"2021-05-07T17:04:13","date_gmt":"2021-05-07T20:04:13","guid":{"rendered":"https:\/\/www.agenciainfra.com\/blog\/?p=7226"},"modified":"2021-05-07T17:04:17","modified_gmt":"2021-05-07T20:04:17","slug":"nova-edicao-do-abdib-forum-retomada-economica-e-sustentabilidade","status":"publish","type":"post","link":"https:\/\/agenciainfra.com\/blog\/nova-edicao-do-abdib-forum-retomada-economica-e-sustentabilidade\/","title":{"rendered":"Nova edi\u00e7\u00e3o do Abdib F\u00f3rum: retomada econ\u00f4mica e sustentabilidade"},"content":{"rendered":"\n<hr class=\"wp-block-separator\"\/>\n\n\n\n<p class=\"has-text-align-right\"><strong>da\u00a0Ag\u00eancia iNFRA<\/strong><\/p>\n\n\n\n<p>A retomada econ\u00f4mica em bases ambientais \u00e9 o tema da nova edi\u00e7\u00e3o do Abdib F\u00f3rum, promovida entre os dias 11 e 14 de maio. O Abdib F\u00f3rum 2021 \u2013 Infraestrutura para a Retomada Verde contar\u00e1 com a participa\u00e7\u00e3o de representantes dos Tr\u00eas Poderes e de importantes nomes da iniciativa privada que atuam no setor de infraestrutura.<br><br>O evento, que est\u00e1 em sua quarta edi\u00e7\u00e3o, ser\u00e1 realizado completamente em ambiente virtual. Para se inscrever e consultar a programa\u00e7\u00e3o completa, acesse o\u00a0<a rel=\"noreferrer noopener\" href=\"https:\/\/agenciainfra.us14.list-manage.com\/track\/click?u=d460dd1bcf9ba0ae040e1fc0f&amp;id=0c9de617ae&amp;e=c099169394\" target=\"_blank\">link<\/a>. O Abdib F\u00f3rum 2021 vai contar, como nos anos anteriores, com cobertura especial da\u00a0<strong>Ag\u00eancia iNFRA<\/strong>.\u00a0<\/p>\n\n\n\n<p>Ao longo de cada mesa, as principais informa\u00e7\u00f5es e falas dos palestrantes ser\u00e3o informadas pelo nosso perfil no Twitter (<a href=\"https:\/\/agenciainfra.us14.list-manage.com\/track\/click?u=d460dd1bcf9ba0ae040e1fc0f&amp;id=a5f1c5c92d&amp;e=c099169394\" target=\"_blank\" rel=\"noreferrer noopener\">@agenciainfra<\/a>). Ao fim de cada dia, um resumo sobre as apresenta\u00e7\u00f5es estar\u00e1 informado em nossa conta no LinkedIn. Ao final do evento, nossa equipe vai preparar um boletim especial que ser\u00e1 enviado a todos os usu\u00e1rios cadastrados.<br><br><strong>Presen\u00e7as confirmadas<\/strong><br>Entre as presen\u00e7as confirmadas, o ministro da Infraestrutura, Tarc\u00edsio de Freitas, participar\u00e1 de painel sobre os desafios e pol\u00edticas nos setores rodovi\u00e1rio, ferrovi\u00e1rio, aeroportu\u00e1rio e portu\u00e1rio. O assunto ser\u00e1 discutido com o senador Wellington Fagundes (PL-MT), presidente da Frenlogi (Frente Parlamentar Mista de Log\u00edstica e Infraestrutura), que falar\u00e1 sobre as medidas legislativas para implementar os investimentos e superar os gargalos log\u00edsticos do pa\u00eds.<\/p>\n\n\n\n<p>O evento contar\u00e1 ainda com a participa\u00e7\u00e3o da secret\u00e1ria-executiva do Minist\u00e9rio de Minas e Energia, Marisete Dadald, que dividir\u00e1 painel com o deputado federal Edio Lopes (PL-RR), presidente da CME (Comiss\u00e3o de Minas e Energia) da C\u00e2mara dos Deputados. Tamb\u00e9m convidado, o &nbsp;vice-presidente do TCU (Tribunal de Contas da Uni\u00e3o), Bruno Dantas, est\u00e1 confirmado em painel que tratar\u00e1 do tema da seguran\u00e7a jur\u00eddica no setor.<\/p>\n\n\n\n<p>Os secret\u00e1rios do Minist\u00e9rio da Economia Carlos da Costa (Produtividade, Emprego e Competitividade) e Roberto Fendt (Com\u00e9rcio Exterior) debatem as pol\u00edticas p\u00fablicas para a ind\u00fastria e o com\u00e9rcio exterior. E para falar sobre o papel dos estados no desenvolvimento da infraestrutura, estar\u00e3o presentes os governadores Wellington Dias (Piau\u00ed), Eduardo Leite (Rio Grande do Sul) e Waldez G\u00f3es (Amap\u00e1).<\/p>\n","protected":false},"excerpt":{"rendered":"<p>da\u00a0Ag\u00eancia iNFRA A retomada econ\u00f4mica em bases ambientais \u00e9 o tema da nova edi\u00e7\u00e3o do Abdib F\u00f3rum, promovida entre os dias 11 e 14 de maio. O Abdib F\u00f3rum 2021 \u2013 Infraestrutura para a Retomada Verde contar\u00e1 com a participa\u00e7\u00e3o de representantes dos Tr\u00eas Poderes e de importantes nomes da iniciativa privada que atuam no [&hellip;]<\/p>\n","protected":false},"author":9,"featured_media":7228,"comment_status":"closed","ping_status":"closed","sticky":false,"template":"","format":"standard","meta":{"_monsterinsights_skip_tracking":false,"_monsterinsights_sitenote_active":false,"_monsterinsights_sitenote_note":"","_monsterinsights_sitenote_category":0,"footnotes":""},"categories":[1,2053],"tags":[4183,396,1012,1018,738,1016,3792,3102,1144,368,34,32,66,1002,766,775,96,4184,4185,4186,4188,884,1201,3294,1573,448,18,4187,3104,15],"class_list":["post-7226","post","type-post","status-publish","format-standard","has-post-thumbnail","hentry","category-geral","category-infraliveventos","tag-abdib-forum-2021","tag-bruno-dantas","tag-carlos-da-costa","tag-cme","tag-comercio-exterior","tag-comissao-de-minas-e-energia","tag-edio-lopes-2","tag-eduardo-leite","tag-frenlogi","tag-industria","tag-infraestrutura","tag-investimentos","tag-logistica","tag-marisete-dadald","tag-ministerio-da-economia","tag-ministerio-da-infraestrutura","tag-ministerio-de-minas-e-energia","tag-retomada-economica","tag-retomada-verde","tag-roberto-fendt","tag-setor-aeroportuario","tag-setor-ferroviario","tag-setor-portuario","tag-setor-rodoviario","tag-sustentabilidade","tag-tarcisio-de-freitas","tag-tcu","tag-waldez-goes","tag-wellington-dias","tag-wellington-fagundes"],"yoast_head":"<!-- This site is optimized with the Yoast SEO Premium plugin v25.4 (Yoast SEO v26.0) - https:\/\/yoast.com\/wordpress\/plugins\/seo\/ -->\n<title>Nova edi\u00e7\u00e3o do Abdib F\u00f3rum: retomada econ\u00f4mica e sustentabilidade - Ag\u00eancia iNFRA<\/title>\n<meta name=\"robots\" content=\"index, follow, max-snippet:-1, max-image-preview:large, max-video-preview:-1\" \/>\n<link rel=\"canonical\" href=\"https:\/\/agenciainfra.com\/blog\/nova-edicao-do-abdib-forum-retomada-economica-e-sustentabilidade\/\" \/>\n<meta property=\"og:locale\" content=\"pt_BR\" \/>\n<meta property=\"og:type\" content=\"article\" \/>\n<meta property=\"og:title\" content=\"Nova edi\u00e7\u00e3o do Abdib F\u00f3rum: retomada econ\u00f4mica e sustentabilidade\" \/>\n<meta property=\"og:description\" content=\"da\u00a0Ag\u00eancia iNFRA A retomada econ\u00f4mica em bases ambientais \u00e9 o tema da nova edi\u00e7\u00e3o do Abdib F\u00f3rum, promovida entre os dias 11 e 14 de maio. O Abdib F\u00f3rum 2021 \u2013 Infraestrutura para a Retomada Verde contar\u00e1 com a participa\u00e7\u00e3o de representantes dos Tr\u00eas Poderes e de importantes nomes da iniciativa privada que atuam no [&hellip;]\" \/>\n<meta property=\"og:url\" content=\"https:\/\/agenciainfra.com\/blog\/nova-edicao-do-abdib-forum-retomada-economica-e-sustentabilidade\/\" \/>\n<meta property=\"og:site_name\" content=\"Ag\u00eancia iNFRA\" \/>\n<meta property=\"article:publisher\" content=\"https:\/\/www.facebook.com\/ageninfra\" \/>\n<meta property=\"article:published_time\" content=\"2021-05-07T20:04:13+00:00\" \/>\n<meta property=\"article:modified_time\" content=\"2021-05-07T20:04:17+00:00\" \/>\n<meta property=\"og:image\" content=\"https:\/\/agenciainfra.com\/blog\/wp-content\/uploads\/2021\/05\/abdib-forum-2021.png\" \/>\n\t<meta property=\"og:image:width\" content=\"1280\" \/>\n\t<meta property=\"og:image:height\" content=\"733\" \/>\n\t<meta property=\"og:image:type\" content=\"image\/png\" \/>\n<meta name=\"author\" content=\"Rodrigo Zuquim\" \/>\n<meta name=\"twitter:card\" content=\"summary_large_image\" \/>\n<meta name=\"twitter:creator\" content=\"@agencia_infra\" \/>\n<meta name=\"twitter:site\" content=\"@agencia_infra\" \/>\n<meta name=\"twitter:label1\" content=\"Escrito por\" \/>\n\t<meta name=\"twitter:data1\" content=\"Rodrigo Zuquim\" \/>\n\t<meta name=\"twitter:label2\" content=\"Est. tempo de leitura\" \/>\n\t<meta name=\"twitter:data2\" content=\"2 minutos\" \/>\n<script type=\"application\/ld+json\" class=\"yoast-schema-graph\">{\"@context\":\"https:\/\/schema.org\",\"@graph\":[{\"@type\":\"Article\",\"@id\":\"https:\/\/agenciainfra.com\/blog\/nova-edicao-do-abdib-forum-retomada-economica-e-sustentabilidade\/#article\",\"isPartOf\":{\"@id\":\"https:\/\/agenciainfra.com\/blog\/nova-edicao-do-abdib-forum-retomada-economica-e-sustentabilidade\/\"},\"author\":{\"name\":\"Rodrigo Zuquim\",\"@id\":\"https:\/\/agenciainfra.com\/blog\/#\/schema\/person\/04dbb79bd6d8951f063da71f3e4c1eb1\"},\"headline\":\"Nova edi\u00e7\u00e3o do Abdib F\u00f3rum: retomada econ\u00f4mica e sustentabilidade\",\"datePublished\":\"2021-05-07T20:04:13+00:00\",\"dateModified\":\"2021-05-07T20:04:17+00:00\",\"mainEntityOfPage\":{\"@id\":\"https:\/\/agenciainfra.com\/blog\/nova-edicao-do-abdib-forum-retomada-economica-e-sustentabilidade\/\"},\"wordCount\":395,\"publisher\":{\"@id\":\"https:\/\/agenciainfra.com\/blog\/#organization\"},\"image\":{\"@id\":\"https:\/\/agenciainfra.com\/blog\/nova-edicao-do-abdib-forum-retomada-economica-e-sustentabilidade\/#primaryimage\"},\"thumbnailUrl\":\"https:\/\/agenciainfra.com\/blog\/wp-content\/uploads\/2021\/05\/abdib-forum-2021.png\",\"keywords\":[\"Abdib F\u00f3rum 2021\",\"Bruno Dantas\",\"Carlos da Costa\",\"CME\",\"Com\u00e9rcio Exterior\",\"Comiss\u00e3o de Minas e Energia\",\"Edio Lopes\",\"Eduardo Leite\",\"Frenlogi\",\"ind\u00fastria\",\"Infraestrutura\",\"Investimentos\",\"log\u00edstica\",\"Marisete Dadald\",\"Minist\u00e9rio da Economia\",\"Minist\u00e9rio da Infraestrutura\",\"Minist\u00e9rio de Minas e Energia\",\"retomada econ\u00f4mica\",\"retomada verde\",\"Roberto Fendt\",\"setor aeroportu\u00e1rio\",\"setor ferrovi\u00e1rio\",\"setor portu\u00e1rio\",\"setor rodovi\u00e1rio\",\"sustentabilidade\",\"Tarc\u00edsio de Freitas\",\"TCU\",\"Waldez G\u00f3es\",\"Wellington Dias\",\"wellington fagundes\"],\"articleSection\":[\"Geral\",\"iNFRALive e Eventos\"],\"inLanguage\":\"pt-BR\",\"copyrightYear\":\"2021\",\"copyrightHolder\":{\"@id\":\"https:\/\/agenciainfra.com\/blog\/#organization\"}},{\"@type\":\"WebPage\",\"@id\":\"https:\/\/agenciainfra.com\/blog\/nova-edicao-do-abdib-forum-retomada-economica-e-sustentabilidade\/\",\"url\":\"https:\/\/agenciainfra.com\/blog\/nova-edicao-do-abdib-forum-retomada-economica-e-sustentabilidade\/\",\"name\":\"Nova edi\u00e7\u00e3o do Abdib F\u00f3rum: retomada econ\u00f4mica e sustentabilidade - Ag\u00eancia iNFRA\",\"isPartOf\":{\"@id\":\"https:\/\/agenciainfra.com\/blog\/#website\"},\"primaryImageOfPage\":{\"@id\":\"https:\/\/agenciainfra.com\/blog\/nova-edicao-do-abdib-forum-retomada-economica-e-sustentabilidade\/#primaryimage\"},\"image\":{\"@id\":\"https:\/\/agenciainfra.com\/blog\/nova-edicao-do-abdib-forum-retomada-economica-e-sustentabilidade\/#primaryimage\"},\"thumbnailUrl\":\"https:\/\/agenciainfra.com\/blog\/wp-content\/uploads\/2021\/05\/abdib-forum-2021.png\",\"datePublished\":\"2021-05-07T20:04:13+00:00\",\"dateModified\":\"2021-05-07T20:04:17+00:00\",\"breadcrumb\":{\"@id\":\"https:\/\/agenciainfra.com\/blog\/nova-edicao-do-abdib-forum-retomada-economica-e-sustentabilidade\/#breadcrumb\"},\"inLanguage\":\"pt-BR\",\"potentialAction\":[{\"@type\":\"ReadAction\",\"target\":[\"https:\/\/agenciainfra.com\/blog\/nova-edicao-do-abdib-forum-retomada-economica-e-sustentabilidade\/\"]}]},{\"@type\":\"ImageObject\",\"inLanguage\":\"pt-BR\",\"@id\":\"https:\/\/agenciainfra.com\/blog\/nova-edicao-do-abdib-forum-retomada-economica-e-sustentabilidade\/#primaryimage\",\"url\":\"https:\/\/agenciainfra.com\/blog\/wp-content\/uploads\/2021\/05\/abdib-forum-2021.png\",\"contentUrl\":\"https:\/\/agenciainfra.com\/blog\/wp-content\/uploads\/2021\/05\/abdib-forum-2021.png\",\"width\":1280,\"height\":733},{\"@type\":\"BreadcrumbList\",\"@id\":\"https:\/\/agenciainfra.com\/blog\/nova-edicao-do-abdib-forum-retomada-economica-e-sustentabilidade\/#breadcrumb\",\"itemListElement\":[{\"@type\":\"ListItem\",\"position\":1,\"name\":\"In\u00edcio\",\"item\":\"https:\/\/agenciainfra.com\/blog\/\"},{\"@type\":\"ListItem\",\"position\":2,\"name\":\"Nova edi\u00e7\u00e3o do Abdib F\u00f3rum: retomada econ\u00f4mica e sustentabilidade\"}]},{\"@type\":\"WebSite\",\"@id\":\"https:\/\/agenciainfra.com\/blog\/#website\",\"url\":\"https:\/\/agenciainfra.com\/blog\/\",\"name\":\"Ag\u00eancia iNFRA\",\"description\":\"Multiplataforma de informa\u00e7\u00e3o jornal\u00edstica refer\u00eancia na \u00e1rea de infraestrutura no Brasil!\",\"publisher\":{\"@id\":\"https:\/\/agenciainfra.com\/blog\/#organization\"},\"potentialAction\":[{\"@type\":\"SearchAction\",\"target\":{\"@type\":\"EntryPoint\",\"urlTemplate\":\"https:\/\/agenciainfra.com\/blog\/?s={search_term_string}\"},\"query-input\":{\"@type\":\"PropertyValueSpecification\",\"valueRequired\":true,\"valueName\":\"search_term_string\"}}],\"inLanguage\":\"pt-BR\"},{\"@type\":\"Organization\",\"@id\":\"https:\/\/agenciainfra.com\/blog\/#organization\",\"name\":\"Ag\u00eancia iNFRA\",\"url\":\"https:\/\/agenciainfra.com\/blog\/\",\"logo\":{\"@type\":\"ImageObject\",\"inLanguage\":\"pt-BR\",\"@id\":\"https:\/\/agenciainfra.com\/blog\/#\/schema\/logo\/image\/\",\"url\":\"https:\/\/agenciainfra.com\/blog\/wp-content\/uploads\/2023\/09\/iNFRA_5-e1761735885940.png\",\"contentUrl\":\"https:\/\/agenciainfra.com\/blog\/wp-content\/uploads\/2023\/09\/iNFRA_5-e1761735885940.png\",\"width\":1672,\"height\":454,\"caption\":\"Ag\u00eancia iNFRA\"},\"image\":{\"@id\":\"https:\/\/agenciainfra.com\/blog\/#\/schema\/logo\/image\/\"},\"sameAs\":[\"https:\/\/www.facebook.com\/ageninfra\",\"https:\/\/x.com\/agencia_infra\",\"https:\/\/www.linkedin.com\/company\/ag\u00eanciainfra\/\",\"https:\/\/www.instagram.com\/agenciainfra\/\"]},{\"@type\":\"Person\",\"@id\":\"https:\/\/agenciainfra.com\/blog\/#\/schema\/person\/04dbb79bd6d8951f063da71f3e4c1eb1\",\"name\":\"Rodrigo Zuquim\",\"image\":{\"@type\":\"ImageObject\",\"inLanguage\":\"pt-BR\",\"@id\":\"https:\/\/agenciainfra.com\/blog\/#\/schema\/person\/image\/\",\"url\":\"https:\/\/secure.gravatar.com\/avatar\/594abfe82761d620726242ff34ca472a705a4b97f16c790053a6b4c4035274d0?s=96&d=mm&r=g\",\"contentUrl\":\"https:\/\/secure.gravatar.com\/avatar\/594abfe82761d620726242ff34ca472a705a4b97f16c790053a6b4c4035274d0?s=96&d=mm&r=g\",\"caption\":\"Rodrigo Zuquim\"},\"url\":\"https:\/\/agenciainfra.com\/blog\/author\/rodrigo-zuquim\/\"}]}<\/script>\n<!-- \/ Yoast SEO Premium plugin. -->","yoast_head_json":{"title":"Nova edi\u00e7\u00e3o do Abdib F\u00f3rum: retomada econ\u00f4mica e sustentabilidade - Ag\u00eancia iNFRA","robots":{"index":"index","follow":"follow","max-snippet":"max-snippet:-1","max-image-preview":"max-image-preview:large","max-video-preview":"max-video-preview:-1"},"canonical":"https:\/\/agenciainfra.com\/blog\/nova-edicao-do-abdib-forum-retomada-economica-e-sustentabilidade\/","og_locale":"pt_BR","og_type":"article","og_title":"Nova edi\u00e7\u00e3o do Abdib F\u00f3rum: retomada econ\u00f4mica e sustentabilidade","og_description":"da\u00a0Ag\u00eancia iNFRA A retomada econ\u00f4mica em bases ambientais \u00e9 o tema da nova edi\u00e7\u00e3o do Abdib F\u00f3rum, promovida entre os dias 11 e 14 de maio. O Abdib F\u00f3rum 2021 \u2013 Infraestrutura para a Retomada Verde contar\u00e1 com a participa\u00e7\u00e3o de representantes dos Tr\u00eas Poderes e de importantes nomes da iniciativa privada que atuam no [&hellip;]","og_url":"https:\/\/agenciainfra.com\/blog\/nova-edicao-do-abdib-forum-retomada-economica-e-sustentabilidade\/","og_site_name":"Ag\u00eancia iNFRA","article_publisher":"https:\/\/www.facebook.com\/ageninfra","article_published_time":"2021-05-07T20:04:13+00:00","article_modified_time":"2021-05-07T20:04:17+00:00","og_image":[{"width":1280,"height":733,"url":"https:\/\/agenciainfra.com\/blog\/wp-content\/uploads\/2021\/05\/abdib-forum-2021.png","type":"image\/png"}],"author":"Rodrigo Zuquim","twitter_card":"summary_large_image","twitter_creator":"@agencia_infra","twitter_site":"@agencia_infra","twitter_misc":{"Escrito por":"Rodrigo Zuquim","Est. tempo de leitura":"2 minutos"},"schema":{"@context":"https:\/\/schema.org","@graph":[{"@type":"Article","@id":"https:\/\/agenciainfra.com\/blog\/nova-edicao-do-abdib-forum-retomada-economica-e-sustentabilidade\/#article","isPartOf":{"@id":"https:\/\/agenciainfra.com\/blog\/nova-edicao-do-abdib-forum-retomada-economica-e-sustentabilidade\/"},"author":{"name":"Rodrigo Zuquim","@id":"https:\/\/agenciainfra.com\/blog\/#\/schema\/person\/04dbb79bd6d8951f063da71f3e4c1eb1"},"headline":"Nova edi\u00e7\u00e3o do Abdib F\u00f3rum: retomada econ\u00f4mica e sustentabilidade","datePublished":"2021-05-07T20:04:13+00:00","dateModified":"2021-05-07T20:04:17+00:00","mainEntityOfPage":{"@id":"https:\/\/agenciainfra.com\/blog\/nova-edicao-do-abdib-forum-retomada-economica-e-sustentabilidade\/"},"wordCount":395,"publisher":{"@id":"https:\/\/agenciainfra.com\/blog\/#organization"},"image":{"@id":"https:\/\/agenciainfra.com\/blog\/nova-edicao-do-abdib-forum-retomada-economica-e-sustentabilidade\/#primaryimage"},"thumbnailUrl":"https:\/\/agenciainfra.com\/blog\/wp-content\/uploads\/2021\/05\/abdib-forum-2021.png","keywords":["Abdib F\u00f3rum 2021","Bruno Dantas","Carlos da Costa","CME","Com\u00e9rcio Exterior","Comiss\u00e3o de Minas e Energia","Edio Lopes","Eduardo Leite","Frenlogi","ind\u00fastria","Infraestrutura","Investimentos","log\u00edstica","Marisete Dadald","Minist\u00e9rio da Economia","Minist\u00e9rio da Infraestrutura","Minist\u00e9rio de Minas e Energia","retomada econ\u00f4mica","retomada verde","Roberto Fendt","setor aeroportu\u00e1rio","setor ferrovi\u00e1rio","setor portu\u00e1rio","setor rodovi\u00e1rio","sustentabilidade","Tarc\u00edsio de Freitas","TCU","Waldez G\u00f3es","Wellington Dias","wellington fagundes"],"articleSection":["Geral","iNFRALive e Eventos"],"inLanguage":"pt-BR","copyrightYear":"2021","copyrightHolder":{"@id":"https:\/\/agenciainfra.com\/blog\/#organization"}},{"@type":"WebPage","@id":"https:\/\/agenciainfra.com\/blog\/nova-edicao-do-abdib-forum-retomada-economica-e-sustentabilidade\/","url":"https:\/\/agenciainfra.com\/blog\/nova-edicao-do-abdib-forum-retomada-economica-e-sustentabilidade\/","name":"Nova edi\u00e7\u00e3o do Abdib F\u00f3rum: retomada econ\u00f4mica e sustentabilidade - Ag\u00eancia iNFRA","isPartOf":{"@id":"https:\/\/agenciainfra.com\/blog\/#website"},"primaryImageOfPage":{"@id":"https:\/\/agenciainfra.com\/blog\/nova-edicao-do-abdib-forum-retomada-economica-e-sustentabilidade\/#primaryimage"},"image":{"@id":"https:\/\/agenciainfra.com\/blog\/nova-edicao-do-abdib-forum-retomada-economica-e-sustentabilidade\/#primaryimage"},"thumbnailUrl":"https:\/\/agenciainfra.com\/blog\/wp-content\/uploads\/2021\/05\/abdib-forum-2021.png","datePublished":"2021-05-07T20:04:13+00:00","dateModified":"2021-05-07T20:04:17+00:00","breadcrumb":{"@id":"https:\/\/agenciainfra.com\/blog\/nova-edicao-do-abdib-forum-retomada-economica-e-sustentabilidade\/#breadcrumb"},"inLanguage":"pt-BR","potentialAction":[{"@type":"ReadAction","target":["https:\/\/agenciainfra.com\/blog\/nova-edicao-do-abdib-forum-retomada-economica-e-sustentabilidade\/"]}]},{"@type":"ImageObject","inLanguage":"pt-BR","@id":"https:\/\/agenciainfra.com\/blog\/nova-edicao-do-abdib-forum-retomada-economica-e-sustentabilidade\/#primaryimage","url":"https:\/\/agenciainfra.com\/blog\/wp-content\/uploads\/2021\/05\/abdib-forum-2021.png","contentUrl":"https:\/\/agenciainfra.com\/blog\/wp-content\/uploads\/2021\/05\/abdib-forum-2021.png","width":1280,"height":733},{"@type":"BreadcrumbList","@id":"https:\/\/agenciainfra.com\/blog\/nova-edicao-do-abdib-forum-retomada-economica-e-sustentabilidade\/#breadcrumb","itemListElement":[{"@type":"ListItem","position":1,"name":"In\u00edcio","item":"https:\/\/agenciainfra.com\/blog\/"},{"@type":"ListItem","position":2,"name":"Nova edi\u00e7\u00e3o do Abdib F\u00f3rum: retomada econ\u00f4mica e sustentabilidade"}]},{"@type":"WebSite","@id":"https:\/\/agenciainfra.com\/blog\/#website","url":"https:\/\/agenciainfra.com\/blog\/","name":"Ag\u00eancia iNFRA","description":"Multiplataforma de informa\u00e7\u00e3o jornal\u00edstica refer\u00eancia na \u00e1rea de infraestrutura no Brasil!","publisher":{"@id":"https:\/\/agenciainfra.com\/blog\/#organization"},"potentialAction":[{"@type":"SearchAction","target":{"@type":"EntryPoint","urlTemplate":"https:\/\/agenciainfra.com\/blog\/?s={search_term_string}"},"query-input":{"@type":"PropertyValueSpecification","valueRequired":true,"valueName":"search_term_string"}}],"inLanguage":"pt-BR"},{"@type":"Organization","@id":"https:\/\/agenciainfra.com\/blog\/#organization","name":"Ag\u00eancia iNFRA","url":"https:\/\/agenciainfra.com\/blog\/","logo":{"@type":"ImageObject","inLanguage":"pt-BR","@id":"https:\/\/agenciainfra.com\/blog\/#\/schema\/logo\/image\/","url":"https:\/\/agenciainfra.com\/blog\/wp-content\/uploads\/2023\/09\/iNFRA_5-e1761735885940.png","contentUrl":"https:\/\/agenciainfra.com\/blog\/wp-content\/uploads\/2023\/09\/iNFRA_5-e1761735885940.png","width":1672,"height":454,"caption":"Ag\u00eancia iNFRA"},"image":{"@id":"https:\/\/agenciainfra.com\/blog\/#\/schema\/logo\/image\/"},"sameAs":["https:\/\/www.facebook.com\/ageninfra","https:\/\/x.com\/agencia_infra","https:\/\/www.linkedin.com\/company\/ag\u00eanciainfra\/","https:\/\/www.instagram.com\/agenciainfra\/"]},{"@type":"Person","@id":"https:\/\/agenciainfra.com\/blog\/#\/schema\/person\/04dbb79bd6d8951f063da71f3e4c1eb1","name":"Rodrigo Zuquim","image":{"@type":"ImageObject","inLanguage":"pt-BR","@id":"https:\/\/agenciainfra.com\/blog\/#\/schema\/person\/image\/","url":"https:\/\/secure.gravatar.com\/avatar\/594abfe82761d620726242ff34ca472a705a4b97f16c790053a6b4c4035274d0?s=96&d=mm&r=g","contentUrl":"https:\/\/secure.gravatar.com\/avatar\/594abfe82761d620726242ff34ca472a705a4b97f16c790053a6b4c4035274d0?s=96&d=mm&r=g","caption":"Rodrigo Zuquim"},"url":"https:\/\/agenciainfra.com\/blog\/author\/rodrigo-zuquim\/"}]}},"_links":{"self":[{"href":"https:\/\/agenciainfra.com\/blog\/wp-json\/wp\/v2\/posts\/7226","targetHints":{"allow":["GET"]}}],"collection":[{"href":"https:\/\/agenciainfra.com\/blog\/wp-json\/wp\/v2\/posts"}],"about":[{"href":"https:\/\/agenciainfra.com\/blog\/wp-json\/wp\/v2\/types\/post"}],"author":[{"embeddable":true,"href":"https:\/\/agenciainfra.com\/blog\/wp-json\/wp\/v2\/users\/9"}],"replies":[{"embeddable":true,"href":"https:\/\/agenciainfra.com\/blog\/wp-json\/wp\/v2\/comments?post=7226"}],"version-history":[{"count":0,"href":"https:\/\/agenciainfra.com\/blog\/wp-json\/wp\/v2\/posts\/7226\/revisions"}],"wp:featuredmedia":[{"embeddable":true,"href":"https:\/\/agenciainfra.com\/blog\/wp-json\/wp\/v2\/media\/7228"}],"wp:attachment":[{"href":"https:\/\/agenciainfra.com\/blog\/wp-json\/wp\/v2\/media?parent=7226"}],"wp:term":[{"taxonomy":"category","embeddable":true,"href":"https:\/\/agenciainfra.com\/blog\/wp-json\/wp\/v2\/categories?post=7226"},{"taxonomy":"post_tag","embeddable":true,"href":"https:\/\/agenciainfra.com\/blog\/wp-json\/wp\/v2\/tags?post=7226"}],"curies":[{"name":"wp","href":"https:\/\/api.w.org\/{rel}","templated":true}]}}