{"id":7247,"date":"2021-05-12T08:00:00","date_gmt":"2021-05-12T11:00:00","guid":{"rendered":"https:\/\/www.agenciainfra.com\/blog\/?p=7247"},"modified":"2021-05-10T12:59:42","modified_gmt":"2021-05-10T15:59:42","slug":"diretor-do-dnit-diz-que-nao-ha-dinheiro-e-manda-parar-producao-de-todos-os-projetos-do-orgao","status":"publish","type":"post","link":"https:\/\/agenciainfra.com\/blog\/diretor-do-dnit-diz-que-nao-ha-dinheiro-e-manda-parar-producao-de-todos-os-projetos-do-orgao\/","title":{"rendered":"Diretor do DNIT diz que n\u00e3o h\u00e1 dinheiro e manda parar produ\u00e7\u00e3o de todos os projetos do \u00f3rg\u00e3o"},"content":{"rendered":"\n<hr class=\"wp-block-separator\"\/>\n\n\n\n<p class=\"has-text-align-right\"><strong>Dimmi Amora, da\u00a0Ag\u00eancia iNFRA<\/strong><\/p>\n\n\n\n<p>O DNIT (Departamento Nacional de Infraestrutura de Transportes) paralisou todo o seu departamento de produ\u00e7\u00e3o de estudos e projetos no ano de 2021. \u00c9 o que determinou o diretor da \u00e1rea em of\u00edcio a todas superintend\u00eancias do \u00f3rg\u00e3o respons\u00e1vel pela implementa\u00e7\u00e3o de infraestrutura de transportes em rodovias, ferrovias, hidrovias e portos p\u00fablicos.<\/p>\n\n\n\n<p>O of\u00edcio, ao qual a&nbsp;<strong>Ag\u00eancia iNFRA<\/strong>&nbsp;teve acesso, foi encaminhado em 26 de abril e \u00e9 assinado pelo diretor de Planejamento e Pesquisa do \u00f3rg\u00e3o, Luiz Guilherme Mello. A \u00e1rea \u00e9 respons\u00e1vel por realizar os estudos que v\u00e3o, posteriormente, subsidiar as obras a serem realizadas para implementa\u00e7\u00e3o ou melhoria de infraestruturas.<\/p>\n\n\n\n<p>O or\u00e7amento de investimentos do Minist\u00e9rio da Infraestrutura foi reduzido ap\u00f3s o acordo para vetar parte do or\u00e7amento da Uni\u00e3o de 2021. De acordo com o ministro da Infraestrutura, Tarc\u00edsio de Freitas, o or\u00e7amento da pasta ser\u00e1 o menor deste s\u00e9culo.<\/p>\n\n\n\n<p>A pasta esperava um&nbsp;or\u00e7amento&nbsp;discricion\u00e1rio na ordem dos R$ 9,4 bilh\u00f5es, sendo R$ 8 bilh\u00f5es para despesas com investimentos e outros R$ 1,4 bilh\u00e3o para despesas correntes. Mas, de acordo com dados divulgados pelo Minist\u00e9rio da Economia em 23 de abril, a despesa discricion\u00e1ria do Minist\u00e9rio da Infraestrutura ficou em R$ 7,1 bilh\u00f5es.&nbsp;<\/p>\n\n\n\n<p>Al\u00e9m do corte de R$ 2,3 bilh\u00f5es no&nbsp;or\u00e7amento, ainda haver\u00e1 um bloqueio de R$ 841 milh\u00f5es nos gastos da pasta. Esse bloqueio pode ser revertido ao longo do ano, mas as possibilidades s\u00e3o remotas. A maior parte da redu\u00e7\u00e3o se deu no DNIT, que perdeu cerca de R$ 2,5 bilh\u00f5es de or\u00e7amento, ficando com cerca de R$ 4,2 bilh\u00f5es.<\/p>\n\n\n\n<p><strong>Um d\u00e9cimo<\/strong><br>De acordo com o documento, dispon\u00edvel&nbsp;<a href=\"https:\/\/agenciainfra.us14.list-manage.com\/track\/click?u=d460dd1bcf9ba0ae040e1fc0f&amp;id=113c276a19&amp;e=c099169394\" target=\"_blank\" rel=\"noreferrer noopener\">neste link<\/a>, a&nbsp;a\u00e7\u00e3o Estudos, Projetos e Planejamento de Infraestrutura de Transportes teve no or\u00e7amento de 2021 &#8220;algo em torno de um d\u00e9cimo do valor constante do projeto de lei, isto \u00e9, R$ 20.344.273&#8221;.&nbsp;<\/p>\n\n\n\n<p>Diante do valor destinado, o diretor informa que &#8220;n\u00e3o ter\u00e1 condi\u00e7\u00f5es de dar prosseguimento \u00e0s atividades previstas para o exerc\u00edcio&#8221;. A determina\u00e7\u00e3o \u00e9 por &#8220;sobrestar as contrata\u00e7\u00f5es planejadas, evitando a gera\u00e7\u00e3o de despesas sem a suficiente cobertura or\u00e7ament\u00e1ria&#8221;. O diretor finaliza o documento informando que n\u00e3o vai autorizar qualquer gasto.<\/p>\n\n\n\n<p>Al\u00e9m de parar as contrata\u00e7\u00f5es de estudos e projetos que v\u00e3o subsidiar obras futuras, o diretor tamb\u00e9m diz que os projetos que est\u00e3o contratados tamb\u00e9m est\u00e3o amea\u00e7ados. No documento, ele orienta os gestores a reavaliarem&nbsp;&#8220;a continuidade dos contratos diante do cen\u00e1rio, os quais n\u00e3o poder\u00e3o contar com outros recursos sen\u00e3o aqueles inscritos em Restos a Pagar&#8221;.&nbsp;<\/p>\n\n\n\n<p>A diretoria pede para que todas as regionais informem ao \u00f3rg\u00e3o central o &#8220;cronograma de desembolso, quais atividades dever\u00e3o ser paralisadas ao longo do presente exerc\u00edcio por aus\u00eancia de cobertura or\u00e7ament\u00e1ria&#8221;. O pedido era para que fosse informado at\u00e9 o fim de abril o que seria paralisado.<\/p>\n","protected":false},"excerpt":{"rendered":"<p>Dimmi Amora, da\u00a0Ag\u00eancia iNFRA O DNIT (Departamento Nacional de Infraestrutura de Transportes) paralisou todo o seu departamento de produ\u00e7\u00e3o de estudos e projetos no ano de 2021. \u00c9 o que determinou o diretor da \u00e1rea em of\u00edcio a todas superintend\u00eancias do \u00f3rg\u00e3o respons\u00e1vel pela implementa\u00e7\u00e3o de infraestrutura de transportes em rodovias, ferrovias, hidrovias e portos [&hellip;]<\/p>\n","protected":false},"author":9,"featured_media":7248,"comment_status":"closed","ping_status":"closed","sticky":false,"template":"","format":"standard","meta":{"_monsterinsights_skip_tracking":false,"_monsterinsights_sitenote_active":false,"_monsterinsights_sitenote_note":"","_monsterinsights_sitenote_category":0,"footnotes":""},"categories":[1,7],"tags":[328,34,4196,766,775,360,167,448,70],"class_list":["post-7247","post","type-post","status-publish","format-standard","has-post-thumbnail","hentry","category-geral","category-infratransporte","tag-dnit","tag-infraestrutura","tag-luiz-guilherme-mello","tag-ministerio-da-economia","tag-ministerio-da-infraestrutura","tag-obras","tag-orcamento","tag-tarcisio-de-freitas","tag-transportes"],"yoast_head":"<!-- This site is optimized with the Yoast SEO Premium plugin v25.4 (Yoast SEO v26.0) - https:\/\/yoast.com\/wordpress\/plugins\/seo\/ -->\n<title>Diretor do DNIT diz que n\u00e3o h\u00e1 dinheiro e manda parar produ\u00e7\u00e3o de todos os projetos do \u00f3rg\u00e3o - Ag\u00eancia iNFRA<\/title>\n<meta name=\"robots\" content=\"index, follow, max-snippet:-1, max-image-preview:large, max-video-preview:-1\" \/>\n<link rel=\"canonical\" href=\"https:\/\/agenciainfra.com\/blog\/diretor-do-dnit-diz-que-nao-ha-dinheiro-e-manda-parar-producao-de-todos-os-projetos-do-orgao\/\" \/>\n<meta property=\"og:locale\" content=\"pt_BR\" \/>\n<meta property=\"og:type\" content=\"article\" \/>\n<meta property=\"og:title\" content=\"Diretor do DNIT diz que n\u00e3o h\u00e1 dinheiro e manda parar produ\u00e7\u00e3o de todos os projetos do \u00f3rg\u00e3o\" \/>\n<meta property=\"og:description\" content=\"Dimmi Amora, da\u00a0Ag\u00eancia iNFRA O DNIT (Departamento Nacional de Infraestrutura de Transportes) paralisou todo o seu departamento de produ\u00e7\u00e3o de estudos e projetos no ano de 2021. \u00c9 o que determinou o diretor da \u00e1rea em of\u00edcio a todas superintend\u00eancias do \u00f3rg\u00e3o respons\u00e1vel pela implementa\u00e7\u00e3o de infraestrutura de transportes em rodovias, ferrovias, hidrovias e portos [&hellip;]\" \/>\n<meta property=\"og:url\" content=\"https:\/\/agenciainfra.com\/blog\/diretor-do-dnit-diz-que-nao-ha-dinheiro-e-manda-parar-producao-de-todos-os-projetos-do-orgao\/\" \/>\n<meta property=\"og:site_name\" content=\"Ag\u00eancia iNFRA\" \/>\n<meta property=\"article:publisher\" content=\"https:\/\/www.facebook.com\/ageninfra\" \/>\n<meta property=\"article:published_time\" content=\"2021-05-12T11:00:00+00:00\" \/>\n<meta property=\"og:image\" content=\"https:\/\/agenciainfra.com\/blog\/wp-content\/uploads\/2021\/05\/DNIT-sede.png\" \/>\n\t<meta property=\"og:image:width\" content=\"1280\" \/>\n\t<meta property=\"og:image:height\" content=\"882\" \/>\n\t<meta property=\"og:image:type\" content=\"image\/png\" \/>\n<meta name=\"author\" content=\"Rodrigo Zuquim\" \/>\n<meta name=\"twitter:card\" content=\"summary_large_image\" \/>\n<meta name=\"twitter:creator\" content=\"@agencia_infra\" \/>\n<meta name=\"twitter:site\" content=\"@agencia_infra\" \/>\n<meta name=\"twitter:label1\" content=\"Escrito por\" \/>\n\t<meta name=\"twitter:data1\" content=\"Rodrigo Zuquim\" \/>\n\t<meta name=\"twitter:label2\" content=\"Est. tempo de leitura\" \/>\n\t<meta name=\"twitter:data2\" content=\"3 minutos\" \/>\n<script type=\"application\/ld+json\" class=\"yoast-schema-graph\">{\"@context\":\"https:\/\/schema.org\",\"@graph\":[{\"@type\":\"Article\",\"@id\":\"https:\/\/agenciainfra.com\/blog\/diretor-do-dnit-diz-que-nao-ha-dinheiro-e-manda-parar-producao-de-todos-os-projetos-do-orgao\/#article\",\"isPartOf\":{\"@id\":\"https:\/\/agenciainfra.com\/blog\/diretor-do-dnit-diz-que-nao-ha-dinheiro-e-manda-parar-producao-de-todos-os-projetos-do-orgao\/\"},\"author\":{\"name\":\"Rodrigo Zuquim\",\"@id\":\"https:\/\/agenciainfra.com\/blog\/#\/schema\/person\/04dbb79bd6d8951f063da71f3e4c1eb1\"},\"headline\":\"Diretor do DNIT diz que n\u00e3o h\u00e1 dinheiro e manda parar produ\u00e7\u00e3o de todos os projetos do \u00f3rg\u00e3o\",\"datePublished\":\"2021-05-12T11:00:00+00:00\",\"mainEntityOfPage\":{\"@id\":\"https:\/\/agenciainfra.com\/blog\/diretor-do-dnit-diz-que-nao-ha-dinheiro-e-manda-parar-producao-de-todos-os-projetos-do-orgao\/\"},\"wordCount\":545,\"publisher\":{\"@id\":\"https:\/\/agenciainfra.com\/blog\/#organization\"},\"image\":{\"@id\":\"https:\/\/agenciainfra.com\/blog\/diretor-do-dnit-diz-que-nao-ha-dinheiro-e-manda-parar-producao-de-todos-os-projetos-do-orgao\/#primaryimage\"},\"thumbnailUrl\":\"https:\/\/agenciainfra.com\/blog\/wp-content\/uploads\/2021\/05\/DNIT-sede.png\",\"keywords\":[\"DNIT\",\"Infraestrutura\",\"Luiz Guilherme Mello\",\"Minist\u00e9rio da Economia\",\"Minist\u00e9rio da Infraestrutura\",\"obras\",\"Or\u00e7amento\",\"Tarc\u00edsio de Freitas\",\"transportes\"],\"articleSection\":[\"Geral\",\"iNFRATransporte\"],\"inLanguage\":\"pt-BR\",\"copyrightYear\":\"2021\",\"copyrightHolder\":{\"@id\":\"https:\/\/agenciainfra.com\/blog\/#organization\"}},{\"@type\":\"WebPage\",\"@id\":\"https:\/\/agenciainfra.com\/blog\/diretor-do-dnit-diz-que-nao-ha-dinheiro-e-manda-parar-producao-de-todos-os-projetos-do-orgao\/\",\"url\":\"https:\/\/agenciainfra.com\/blog\/diretor-do-dnit-diz-que-nao-ha-dinheiro-e-manda-parar-producao-de-todos-os-projetos-do-orgao\/\",\"name\":\"Diretor do DNIT diz que n\u00e3o h\u00e1 dinheiro e manda parar produ\u00e7\u00e3o de todos os projetos do \u00f3rg\u00e3o - Ag\u00eancia iNFRA\",\"isPartOf\":{\"@id\":\"https:\/\/agenciainfra.com\/blog\/#website\"},\"primaryImageOfPage\":{\"@id\":\"https:\/\/agenciainfra.com\/blog\/diretor-do-dnit-diz-que-nao-ha-dinheiro-e-manda-parar-producao-de-todos-os-projetos-do-orgao\/#primaryimage\"},\"image\":{\"@id\":\"https:\/\/agenciainfra.com\/blog\/diretor-do-dnit-diz-que-nao-ha-dinheiro-e-manda-parar-producao-de-todos-os-projetos-do-orgao\/#primaryimage\"},\"thumbnailUrl\":\"https:\/\/agenciainfra.com\/blog\/wp-content\/uploads\/2021\/05\/DNIT-sede.png\",\"datePublished\":\"2021-05-12T11:00:00+00:00\",\"breadcrumb\":{\"@id\":\"https:\/\/agenciainfra.com\/blog\/diretor-do-dnit-diz-que-nao-ha-dinheiro-e-manda-parar-producao-de-todos-os-projetos-do-orgao\/#breadcrumb\"},\"inLanguage\":\"pt-BR\",\"potentialAction\":[{\"@type\":\"ReadAction\",\"target\":[\"https:\/\/agenciainfra.com\/blog\/diretor-do-dnit-diz-que-nao-ha-dinheiro-e-manda-parar-producao-de-todos-os-projetos-do-orgao\/\"]}]},{\"@type\":\"ImageObject\",\"inLanguage\":\"pt-BR\",\"@id\":\"https:\/\/agenciainfra.com\/blog\/diretor-do-dnit-diz-que-nao-ha-dinheiro-e-manda-parar-producao-de-todos-os-projetos-do-orgao\/#primaryimage\",\"url\":\"https:\/\/agenciainfra.com\/blog\/wp-content\/uploads\/2021\/05\/DNIT-sede.png\",\"contentUrl\":\"https:\/\/agenciainfra.com\/blog\/wp-content\/uploads\/2021\/05\/DNIT-sede.png\",\"width\":1280,\"height\":882,\"caption\":\"Foto: DNIT\"},{\"@type\":\"BreadcrumbList\",\"@id\":\"https:\/\/agenciainfra.com\/blog\/diretor-do-dnit-diz-que-nao-ha-dinheiro-e-manda-parar-producao-de-todos-os-projetos-do-orgao\/#breadcrumb\",\"itemListElement\":[{\"@type\":\"ListItem\",\"position\":1,\"name\":\"In\u00edcio\",\"item\":\"https:\/\/agenciainfra.com\/blog\/\"},{\"@type\":\"ListItem\",\"position\":2,\"name\":\"Diretor do DNIT diz que n\u00e3o h\u00e1 dinheiro e manda parar produ\u00e7\u00e3o de todos os projetos do \u00f3rg\u00e3o\"}]},{\"@type\":\"WebSite\",\"@id\":\"https:\/\/agenciainfra.com\/blog\/#website\",\"url\":\"https:\/\/agenciainfra.com\/blog\/\",\"name\":\"Ag\u00eancia iNFRA\",\"description\":\"Multiplataforma de informa\u00e7\u00e3o jornal\u00edstica refer\u00eancia na \u00e1rea de infraestrutura no Brasil!\",\"publisher\":{\"@id\":\"https:\/\/agenciainfra.com\/blog\/#organization\"},\"potentialAction\":[{\"@type\":\"SearchAction\",\"target\":{\"@type\":\"EntryPoint\",\"urlTemplate\":\"https:\/\/agenciainfra.com\/blog\/?s={search_term_string}\"},\"query-input\":{\"@type\":\"PropertyValueSpecification\",\"valueRequired\":true,\"valueName\":\"search_term_string\"}}],\"inLanguage\":\"pt-BR\"},{\"@type\":\"Organization\",\"@id\":\"https:\/\/agenciainfra.com\/blog\/#organization\",\"name\":\"Ag\u00eancia iNFRA\",\"url\":\"https:\/\/agenciainfra.com\/blog\/\",\"logo\":{\"@type\":\"ImageObject\",\"inLanguage\":\"pt-BR\",\"@id\":\"https:\/\/agenciainfra.com\/blog\/#\/schema\/logo\/image\/\",\"url\":\"https:\/\/agenciainfra.com\/blog\/wp-content\/uploads\/2023\/09\/iNFRA_5-e1761735885940.png\",\"contentUrl\":\"https:\/\/agenciainfra.com\/blog\/wp-content\/uploads\/2023\/09\/iNFRA_5-e1761735885940.png\",\"width\":1672,\"height\":454,\"caption\":\"Ag\u00eancia iNFRA\"},\"image\":{\"@id\":\"https:\/\/agenciainfra.com\/blog\/#\/schema\/logo\/image\/\"},\"sameAs\":[\"https:\/\/www.facebook.com\/ageninfra\",\"https:\/\/x.com\/agencia_infra\",\"https:\/\/www.linkedin.com\/company\/ag\u00eanciainfra\/\",\"https:\/\/www.instagram.com\/agenciainfra\/\"]},{\"@type\":\"Person\",\"@id\":\"https:\/\/agenciainfra.com\/blog\/#\/schema\/person\/04dbb79bd6d8951f063da71f3e4c1eb1\",\"name\":\"Rodrigo Zuquim\",\"image\":{\"@type\":\"ImageObject\",\"inLanguage\":\"pt-BR\",\"@id\":\"https:\/\/agenciainfra.com\/blog\/#\/schema\/person\/image\/\",\"url\":\"https:\/\/secure.gravatar.com\/avatar\/594abfe82761d620726242ff34ca472a705a4b97f16c790053a6b4c4035274d0?s=96&d=mm&r=g\",\"contentUrl\":\"https:\/\/secure.gravatar.com\/avatar\/594abfe82761d620726242ff34ca472a705a4b97f16c790053a6b4c4035274d0?s=96&d=mm&r=g\",\"caption\":\"Rodrigo Zuquim\"},\"url\":\"https:\/\/agenciainfra.com\/blog\/author\/rodrigo-zuquim\/\"}]}<\/script>\n<!-- \/ Yoast SEO Premium plugin. -->","yoast_head_json":{"title":"Diretor do DNIT diz que n\u00e3o h\u00e1 dinheiro e manda parar produ\u00e7\u00e3o de todos os projetos do \u00f3rg\u00e3o - Ag\u00eancia iNFRA","robots":{"index":"index","follow":"follow","max-snippet":"max-snippet:-1","max-image-preview":"max-image-preview:large","max-video-preview":"max-video-preview:-1"},"canonical":"https:\/\/agenciainfra.com\/blog\/diretor-do-dnit-diz-que-nao-ha-dinheiro-e-manda-parar-producao-de-todos-os-projetos-do-orgao\/","og_locale":"pt_BR","og_type":"article","og_title":"Diretor do DNIT diz que n\u00e3o h\u00e1 dinheiro e manda parar produ\u00e7\u00e3o de todos os projetos do \u00f3rg\u00e3o","og_description":"Dimmi Amora, da\u00a0Ag\u00eancia iNFRA O DNIT (Departamento Nacional de Infraestrutura de Transportes) paralisou todo o seu departamento de produ\u00e7\u00e3o de estudos e projetos no ano de 2021. \u00c9 o que determinou o diretor da \u00e1rea em of\u00edcio a todas superintend\u00eancias do \u00f3rg\u00e3o respons\u00e1vel pela implementa\u00e7\u00e3o de infraestrutura de transportes em rodovias, ferrovias, hidrovias e portos [&hellip;]","og_url":"https:\/\/agenciainfra.com\/blog\/diretor-do-dnit-diz-que-nao-ha-dinheiro-e-manda-parar-producao-de-todos-os-projetos-do-orgao\/","og_site_name":"Ag\u00eancia iNFRA","article_publisher":"https:\/\/www.facebook.com\/ageninfra","article_published_time":"2021-05-12T11:00:00+00:00","og_image":[{"width":1280,"height":882,"url":"https:\/\/agenciainfra.com\/blog\/wp-content\/uploads\/2021\/05\/DNIT-sede.png","type":"image\/png"}],"author":"Rodrigo Zuquim","twitter_card":"summary_large_image","twitter_creator":"@agencia_infra","twitter_site":"@agencia_infra","twitter_misc":{"Escrito por":"Rodrigo Zuquim","Est. tempo de leitura":"3 minutos"},"schema":{"@context":"https:\/\/schema.org","@graph":[{"@type":"Article","@id":"https:\/\/agenciainfra.com\/blog\/diretor-do-dnit-diz-que-nao-ha-dinheiro-e-manda-parar-producao-de-todos-os-projetos-do-orgao\/#article","isPartOf":{"@id":"https:\/\/agenciainfra.com\/blog\/diretor-do-dnit-diz-que-nao-ha-dinheiro-e-manda-parar-producao-de-todos-os-projetos-do-orgao\/"},"author":{"name":"Rodrigo Zuquim","@id":"https:\/\/agenciainfra.com\/blog\/#\/schema\/person\/04dbb79bd6d8951f063da71f3e4c1eb1"},"headline":"Diretor do DNIT diz que n\u00e3o h\u00e1 dinheiro e manda parar produ\u00e7\u00e3o de todos os projetos do \u00f3rg\u00e3o","datePublished":"2021-05-12T11:00:00+00:00","mainEntityOfPage":{"@id":"https:\/\/agenciainfra.com\/blog\/diretor-do-dnit-diz-que-nao-ha-dinheiro-e-manda-parar-producao-de-todos-os-projetos-do-orgao\/"},"wordCount":545,"publisher":{"@id":"https:\/\/agenciainfra.com\/blog\/#organization"},"image":{"@id":"https:\/\/agenciainfra.com\/blog\/diretor-do-dnit-diz-que-nao-ha-dinheiro-e-manda-parar-producao-de-todos-os-projetos-do-orgao\/#primaryimage"},"thumbnailUrl":"https:\/\/agenciainfra.com\/blog\/wp-content\/uploads\/2021\/05\/DNIT-sede.png","keywords":["DNIT","Infraestrutura","Luiz Guilherme Mello","Minist\u00e9rio da Economia","Minist\u00e9rio da Infraestrutura","obras","Or\u00e7amento","Tarc\u00edsio de Freitas","transportes"],"articleSection":["Geral","iNFRATransporte"],"inLanguage":"pt-BR","copyrightYear":"2021","copyrightHolder":{"@id":"https:\/\/agenciainfra.com\/blog\/#organization"}},{"@type":"WebPage","@id":"https:\/\/agenciainfra.com\/blog\/diretor-do-dnit-diz-que-nao-ha-dinheiro-e-manda-parar-producao-de-todos-os-projetos-do-orgao\/","url":"https:\/\/agenciainfra.com\/blog\/diretor-do-dnit-diz-que-nao-ha-dinheiro-e-manda-parar-producao-de-todos-os-projetos-do-orgao\/","name":"Diretor do DNIT diz que n\u00e3o h\u00e1 dinheiro e manda parar produ\u00e7\u00e3o de todos os projetos do \u00f3rg\u00e3o - Ag\u00eancia iNFRA","isPartOf":{"@id":"https:\/\/agenciainfra.com\/blog\/#website"},"primaryImageOfPage":{"@id":"https:\/\/agenciainfra.com\/blog\/diretor-do-dnit-diz-que-nao-ha-dinheiro-e-manda-parar-producao-de-todos-os-projetos-do-orgao\/#primaryimage"},"image":{"@id":"https:\/\/agenciainfra.com\/blog\/diretor-do-dnit-diz-que-nao-ha-dinheiro-e-manda-parar-producao-de-todos-os-projetos-do-orgao\/#primaryimage"},"thumbnailUrl":"https:\/\/agenciainfra.com\/blog\/wp-content\/uploads\/2021\/05\/DNIT-sede.png","datePublished":"2021-05-12T11:00:00+00:00","breadcrumb":{"@id":"https:\/\/agenciainfra.com\/blog\/diretor-do-dnit-diz-que-nao-ha-dinheiro-e-manda-parar-producao-de-todos-os-projetos-do-orgao\/#breadcrumb"},"inLanguage":"pt-BR","potentialAction":[{"@type":"ReadAction","target":["https:\/\/agenciainfra.com\/blog\/diretor-do-dnit-diz-que-nao-ha-dinheiro-e-manda-parar-producao-de-todos-os-projetos-do-orgao\/"]}]},{"@type":"ImageObject","inLanguage":"pt-BR","@id":"https:\/\/agenciainfra.com\/blog\/diretor-do-dnit-diz-que-nao-ha-dinheiro-e-manda-parar-producao-de-todos-os-projetos-do-orgao\/#primaryimage","url":"https:\/\/agenciainfra.com\/blog\/wp-content\/uploads\/2021\/05\/DNIT-sede.png","contentUrl":"https:\/\/agenciainfra.com\/blog\/wp-content\/uploads\/2021\/05\/DNIT-sede.png","width":1280,"height":882,"caption":"Foto: DNIT"},{"@type":"BreadcrumbList","@id":"https:\/\/agenciainfra.com\/blog\/diretor-do-dnit-diz-que-nao-ha-dinheiro-e-manda-parar-producao-de-todos-os-projetos-do-orgao\/#breadcrumb","itemListElement":[{"@type":"ListItem","position":1,"name":"In\u00edcio","item":"https:\/\/agenciainfra.com\/blog\/"},{"@type":"ListItem","position":2,"name":"Diretor do DNIT diz que n\u00e3o h\u00e1 dinheiro e manda parar produ\u00e7\u00e3o de todos os projetos do \u00f3rg\u00e3o"}]},{"@type":"WebSite","@id":"https:\/\/agenciainfra.com\/blog\/#website","url":"https:\/\/agenciainfra.com\/blog\/","name":"Ag\u00eancia iNFRA","description":"Multiplataforma de informa\u00e7\u00e3o jornal\u00edstica refer\u00eancia na \u00e1rea de infraestrutura no Brasil!","publisher":{"@id":"https:\/\/agenciainfra.com\/blog\/#organization"},"potentialAction":[{"@type":"SearchAction","target":{"@type":"EntryPoint","urlTemplate":"https:\/\/agenciainfra.com\/blog\/?s={search_term_string}"},"query-input":{"@type":"PropertyValueSpecification","valueRequired":true,"valueName":"search_term_string"}}],"inLanguage":"pt-BR"},{"@type":"Organization","@id":"https:\/\/agenciainfra.com\/blog\/#organization","name":"Ag\u00eancia iNFRA","url":"https:\/\/agenciainfra.com\/blog\/","logo":{"@type":"ImageObject","inLanguage":"pt-BR","@id":"https:\/\/agenciainfra.com\/blog\/#\/schema\/logo\/image\/","url":"https:\/\/agenciainfra.com\/blog\/wp-content\/uploads\/2023\/09\/iNFRA_5-e1761735885940.png","contentUrl":"https:\/\/agenciainfra.com\/blog\/wp-content\/uploads\/2023\/09\/iNFRA_5-e1761735885940.png","width":1672,"height":454,"caption":"Ag\u00eancia iNFRA"},"image":{"@id":"https:\/\/agenciainfra.com\/blog\/#\/schema\/logo\/image\/"},"sameAs":["https:\/\/www.facebook.com\/ageninfra","https:\/\/x.com\/agencia_infra","https:\/\/www.linkedin.com\/company\/ag\u00eanciainfra\/","https:\/\/www.instagram.com\/agenciainfra\/"]},{"@type":"Person","@id":"https:\/\/agenciainfra.com\/blog\/#\/schema\/person\/04dbb79bd6d8951f063da71f3e4c1eb1","name":"Rodrigo Zuquim","image":{"@type":"ImageObject","inLanguage":"pt-BR","@id":"https:\/\/agenciainfra.com\/blog\/#\/schema\/person\/image\/","url":"https:\/\/secure.gravatar.com\/avatar\/594abfe82761d620726242ff34ca472a705a4b97f16c790053a6b4c4035274d0?s=96&d=mm&r=g","contentUrl":"https:\/\/secure.gravatar.com\/avatar\/594abfe82761d620726242ff34ca472a705a4b97f16c790053a6b4c4035274d0?s=96&d=mm&r=g","caption":"Rodrigo Zuquim"},"url":"https:\/\/agenciainfra.com\/blog\/author\/rodrigo-zuquim\/"}]}},"_links":{"self":[{"href":"https:\/\/agenciainfra.com\/blog\/wp-json\/wp\/v2\/posts\/7247","targetHints":{"allow":["GET"]}}],"collection":[{"href":"https:\/\/agenciainfra.com\/blog\/wp-json\/wp\/v2\/posts"}],"about":[{"href":"https:\/\/agenciainfra.com\/blog\/wp-json\/wp\/v2\/types\/post"}],"author":[{"embeddable":true,"href":"https:\/\/agenciainfra.com\/blog\/wp-json\/wp\/v2\/users\/9"}],"replies":[{"embeddable":true,"href":"https:\/\/agenciainfra.com\/blog\/wp-json\/wp\/v2\/comments?post=7247"}],"version-history":[{"count":0,"href":"https:\/\/agenciainfra.com\/blog\/wp-json\/wp\/v2\/posts\/7247\/revisions"}],"wp:featuredmedia":[{"embeddable":true,"href":"https:\/\/agenciainfra.com\/blog\/wp-json\/wp\/v2\/media\/7248"}],"wp:attachment":[{"href":"https:\/\/agenciainfra.com\/blog\/wp-json\/wp\/v2\/media?parent=7247"}],"wp:term":[{"taxonomy":"category","embeddable":true,"href":"https:\/\/agenciainfra.com\/blog\/wp-json\/wp\/v2\/categories?post=7247"},{"taxonomy":"post_tag","embeddable":true,"href":"https:\/\/agenciainfra.com\/blog\/wp-json\/wp\/v2\/tags?post=7247"}],"curies":[{"name":"wp","href":"https:\/\/api.w.org\/{rel}","templated":true}]}}