{"id":7250,"date":"2021-05-12T13:00:00","date_gmt":"2021-05-12T16:00:00","guid":{"rendered":"https:\/\/www.agenciainfra.com\/blog\/?p=7250"},"modified":"2021-05-10T13:41:15","modified_gmt":"2021-05-10T16:41:15","slug":"infradebate-o-modelo-das-empresas-publicas-e-privadas-para-o-novo-marco-regulatorio-do-saneamento","status":"publish","type":"post","link":"https:\/\/agenciainfra.com\/blog\/infradebate-o-modelo-das-empresas-publicas-e-privadas-para-o-novo-marco-regulatorio-do-saneamento\/","title":{"rendered":"iNFRADebate: O modelo das empresas p\u00fablicas e privadas para o novo Marco Regulat\u00f3rio do Saneamento"},"content":{"rendered":"\n<p class=\"has-text-align-right\"><strong>Luiz Fernando Fabbriani*<\/strong><\/p>\n\n\n\n<p>A discuss\u00e3o em torno do novo marco legal do saneamento resultou em reconhecimento do papel da cidade e da import\u00e2ncia do entendimento da popula\u00e7\u00e3o brasileira sobre a necessidade da universaliza\u00e7\u00e3o do saneamento, inclusive dos benef\u00edcios econ\u00f4micos, sociais e ambientais que s\u00e3o proporcionados pelo saneamento b\u00e1sico, com impactos positivos sobre a sa\u00fade, o bem estar e produtividade. Esse reconhecimento da relev\u00e2ncia do saneamento b\u00e1sico abre caminho para o desenvolvimento sustent\u00e1vel das cidades.\u00a0<\/p>\n\n\n\n<p>Eu diria que esse movimento \u00e9 a nova for\u00e7a motriz que busca o cumprimento das obriga\u00e7\u00f5es previstas no novo marco regulat\u00f3rio, o que vir\u00e1 a impor para as empresas p\u00fablicas e privadas, um novo posicionamento por meio de concess\u00f5es ou PPPs (parcerias p\u00fablico-privadas) para fazer frente \u00e0 capacidade de investimento, pois todos ter\u00e3o que andar juntos, para proporcionar melhores servi\u00e7os \u00e0 popula\u00e7\u00e3o, com amplia\u00e7\u00e3o do acesso tanto a \u00e1gua pot\u00e1vel quanto ao tratamento dos efluentes dom\u00e9sticos. Al\u00e9m disso, ser\u00e1 necess\u00e1rio implantar aterros sanit\u00e1rios (em decorr\u00eancia do fechamento dos \u201clix\u00f5es\u201d) e aprimorar as infraestruturas para drenagem pluvial.\u00a0<\/p>\n\n\n\n<p>\u00c9 nesse contexto, como carioca e profissional do ramo de infraestrutura, com conhecimento no mercado de saneamento, que fa\u00e7o a reflex\u00e3o sobre qual ser\u00e1 o modelo e em quais circunst\u00e2ncias as empresas p\u00fablicas e privadas do mercado de saneamento se organizar\u00e3o para enfrentar esse desafio.\u00a0<\/p>\n\n\n\n<p>Note-se que vivenciamos os leil\u00f5es de concess\u00e3o dos quatro blocos da empresa estadual de saneamento do estado do Rio de Janeiro, a Cedae. Tanto pela dimens\u00e3o do projeto \u2013 medida em valores de investimento (aproximadamente R$ 30 bilh\u00f5es \u2013 quanto em popula\u00e7\u00e3o a ser atendida (em torno de 11 milh\u00f5es de pessoas), esse leil\u00e3o j\u00e1 mudou a configura\u00e7\u00e3o do mercado privado de presta\u00e7\u00e3o de servi\u00e7os de saneamento. Os vencedores dos 3 blocos em que o projeto foi leiloado abocanharam uma fatia relevante do mercado da noite para o dia.\u00a0<\/p>\n\n\n\n<p>O desafio ser\u00e1 grande, pois estamos falando de investimentos de cerca de R$ 200 milh\u00f5es por m\u00eas, em 35 cidades, ao mesmo tempo, nos primeiros 5 anos.&nbsp;<\/p>\n\n\n\n<p>Ser\u00e1 que as cidades e o mercado est\u00e3o preparados para isso? Ser\u00e1 que foram realizados estudos para avaliar os impactos (ru\u00eddo, poeira, perturba\u00e7\u00e3o do tr\u00e1fego) da realiza\u00e7\u00e3o de obras dessa dimens\u00e3o em t\u00e3o pouco tempo? Ser\u00e1 que haver\u00e1 insumos, m\u00e3o de obra e os demais meios para cumprimento dessas metas?&nbsp;<\/p>\n\n\n\n<p>A cidade do Rio de Janeiro enfrentou recentemente desafio semelhante, para a realiza\u00e7\u00e3o do programa de investimentos necess\u00e1rios \u00e0 realiza\u00e7\u00e3o da Copa de 2014 e \u00e0 Olimp\u00edada de 2016. Mais ou menos ao mesmo tempo, realizou-se a implanta\u00e7\u00e3o do Porto Maravilha, do Parque Ol\u00edmpico, da Rodovia Transol\u00edmpica (posteriormente renomeada para Via Rio) e do VLT Rio. Por isso, entendo que a cidade \u00e9 capaz de ter sucesso neste novo desafio. Ali\u00e1s, o ciclo de investimentos a ser gerado pelo projeto da Cedae \u00e9 tamb\u00e9m uma excelente oportunidade para aquecer a economia e melhorar a vida da popula\u00e7\u00e3o do Rio de Janeiro. Mesmo que ocorram gargalos na cadeia de fornecimento de insumos, materiais, equipamentos e m\u00e3o de obra, creio que esses problemas podem ser superados com planejamento, organiza\u00e7\u00e3o e eventualmente renegocia\u00e7\u00e3o de prazos com o poder concedente quando isso for indispens\u00e1vel.\u00a0<\/p>\n\n\n\n<p>Os vencedores da licita\u00e7\u00e3o da Cedae ter\u00e3o que fazer um enorme esfor\u00e7o inicial para a forma\u00e7\u00e3o de times de gest\u00e3o e planejamento e elabora\u00e7\u00e3o dos projetos. Ser\u00e1 necess\u00e1rio manter sempre uma vis\u00e3o sist\u00eamica e inovadora para proporcionar reais legados \u00e0s cidades na instala\u00e7\u00e3o dos novos sistemas de tratamento, sem falar na cont\u00ednua manuten\u00e7\u00e3o e gest\u00e3o do sistema existente, em busca de excel\u00eancia e atendimento das metas estabelecidas no contrato de concess\u00e3o.<\/p>\n\n\n\n<p>O enfrentamento de todos esses desafios exigir\u00e1 um novo modelo, uma reestrutura\u00e7\u00e3o das governan\u00e7as corporativas das empresas com uma vis\u00e3o de maior parceria p\u00fablico-privada, considerando como parte das novas estrat\u00e9gias o posicionamento em desenvolvimento sustent\u00e1vel, com forte aten\u00e7\u00e3o \u00e0s rela\u00e7\u00f5es institucionais e nos <em>stakeholders<\/em>, deixando para tr\u00e1s aquelas empresas que n\u00e3o participarem dessas inova\u00e7\u00f5es, o que ser\u00e1 muito importante para mudar de vez a cara do Brasil.<\/p>\n\n\n\n<h6 class=\"wp-block-heading\" id=\"block-0ad831ad-cd23-417f-b06a-95588097a0b7\">*Luiz Fernando Fabbriani \u00e9 mestre em Engenharia Urbana e Ambiental (PUC-Rio) e conselheiro de administra\u00e7\u00e3o certificado (IBGC).<\/h6>\n\n\n\n<h5 class=\"wp-block-heading\" id=\"block-d67878ff-7627-4f15-b175-8f58269174ff\">O iNFRADebate \u00e9 o espa\u00e7o de artigos da Ag\u00eancia iNFRA com opini\u00f5es de seus atores que n\u00e3o refletem necessariamente o pensamento da Ag\u00eancia iNFRA, sendo de total responsabilidade do autor as informa\u00e7\u00f5es, ju\u00edzos de valor e conceitos descritos no texto.<\/h5>\n","protected":false},"excerpt":{"rendered":"<p>Luiz Fernando Fabbriani* A discuss\u00e3o em torno do novo marco legal do saneamento resultou em reconhecimento do papel da cidade e da import\u00e2ncia do entendimento da popula\u00e7\u00e3o brasileira sobre a necessidade da universaliza\u00e7\u00e3o do saneamento, inclusive dos benef\u00edcios econ\u00f4micos, sociais e ambientais que s\u00e3o proporcionados pelo saneamento b\u00e1sico, com impactos positivos sobre a sa\u00fade, o [&hellip;]<\/p>\n","protected":false},"author":9,"featured_media":7251,"comment_status":"closed","ping_status":"closed","sticky":false,"template":"","format":"standard","meta":{"_monsterinsights_skip_tracking":false,"_monsterinsights_sitenote_active":false,"_monsterinsights_sitenote_note":"","_monsterinsights_sitenote_category":0,"footnotes":""},"categories":[1,11],"tags":[1818,78,4199,34,702,254,4197,4198,3628,4200,2398,406,1654,4201,73,2192,4202,4203],"class_list":["post-7250","post","type-post","status-publish","format-standard","has-post-thumbnail","hentry","category-geral","category-infradebate","tag-cedae","tag-concessoes","tag-drenagem-pluvial","tag-infraestrutura","tag-investimento","tag-leilao","tag-luiz-fernando-fabbriani","tag-marco-regulatorio","tag-novo-marco-do-saneamento","tag-parque-olimpico","tag-porto-maravilha","tag-ppps","tag-rio-de-janeiro","tag-rodovia-transolimpica","tag-saneamento-basico","tag-universalizacao","tag-via-rio","tag-vlt-rio"],"yoast_head":"<!-- This site is optimized with the Yoast SEO Premium plugin v25.4 (Yoast SEO v26.0) - https:\/\/yoast.com\/wordpress\/plugins\/seo\/ -->\n<title>iNFRADebate: O modelo das empresas p\u00fablicas e privadas para o novo Marco Regulat\u00f3rio do Saneamento - Ag\u00eancia iNFRA<\/title>\n<meta name=\"robots\" content=\"index, follow, max-snippet:-1, max-image-preview:large, max-video-preview:-1\" \/>\n<link rel=\"canonical\" href=\"https:\/\/agenciainfra.com\/blog\/infradebate-o-modelo-das-empresas-publicas-e-privadas-para-o-novo-marco-regulatorio-do-saneamento\/\" \/>\n<meta property=\"og:locale\" content=\"pt_BR\" \/>\n<meta property=\"og:type\" content=\"article\" \/>\n<meta property=\"og:title\" content=\"iNFRADebate: O modelo das empresas p\u00fablicas e privadas para o novo Marco Regulat\u00f3rio do Saneamento\" \/>\n<meta property=\"og:description\" content=\"Luiz Fernando Fabbriani* A discuss\u00e3o em torno do novo marco legal do saneamento resultou em reconhecimento do papel da cidade e da import\u00e2ncia do entendimento da popula\u00e7\u00e3o brasileira sobre a necessidade da universaliza\u00e7\u00e3o do saneamento, inclusive dos benef\u00edcios econ\u00f4micos, sociais e ambientais que s\u00e3o proporcionados pelo saneamento b\u00e1sico, com impactos positivos sobre a sa\u00fade, o [&hellip;]\" \/>\n<meta property=\"og:url\" content=\"https:\/\/agenciainfra.com\/blog\/infradebate-o-modelo-das-empresas-publicas-e-privadas-para-o-novo-marco-regulatorio-do-saneamento\/\" \/>\n<meta property=\"og:site_name\" content=\"Ag\u00eancia iNFRA\" \/>\n<meta property=\"article:publisher\" content=\"https:\/\/www.facebook.com\/ageninfra\" \/>\n<meta property=\"article:published_time\" content=\"2021-05-12T16:00:00+00:00\" \/>\n<meta property=\"og:image\" content=\"https:\/\/agenciainfra.com\/blog\/wp-content\/uploads\/2021\/05\/cedae-foto-cedae.jpeg\" \/>\n\t<meta property=\"og:image:width\" content=\"1280\" \/>\n\t<meta property=\"og:image:height\" content=\"853\" \/>\n\t<meta property=\"og:image:type\" content=\"image\/jpeg\" \/>\n<meta name=\"author\" content=\"Rodrigo Zuquim\" \/>\n<meta name=\"twitter:card\" content=\"summary_large_image\" \/>\n<meta name=\"twitter:creator\" content=\"@agencia_infra\" \/>\n<meta name=\"twitter:site\" content=\"@agencia_infra\" \/>\n<meta name=\"twitter:label1\" content=\"Escrito por\" \/>\n\t<meta name=\"twitter:data1\" content=\"Rodrigo Zuquim\" \/>\n\t<meta name=\"twitter:label2\" content=\"Est. tempo de leitura\" \/>\n\t<meta name=\"twitter:data2\" content=\"4 minutos\" \/>\n<script type=\"application\/ld+json\" class=\"yoast-schema-graph\">{\"@context\":\"https:\/\/schema.org\",\"@graph\":[{\"@type\":\"Article\",\"@id\":\"https:\/\/agenciainfra.com\/blog\/infradebate-o-modelo-das-empresas-publicas-e-privadas-para-o-novo-marco-regulatorio-do-saneamento\/#article\",\"isPartOf\":{\"@id\":\"https:\/\/agenciainfra.com\/blog\/infradebate-o-modelo-das-empresas-publicas-e-privadas-para-o-novo-marco-regulatorio-do-saneamento\/\"},\"author\":{\"name\":\"Rodrigo Zuquim\",\"@id\":\"https:\/\/agenciainfra.com\/blog\/#\/schema\/person\/04dbb79bd6d8951f063da71f3e4c1eb1\"},\"headline\":\"iNFRADebate: O modelo das empresas p\u00fablicas e privadas para o novo Marco Regulat\u00f3rio do Saneamento\",\"datePublished\":\"2021-05-12T16:00:00+00:00\",\"mainEntityOfPage\":{\"@id\":\"https:\/\/agenciainfra.com\/blog\/infradebate-o-modelo-das-empresas-publicas-e-privadas-para-o-novo-marco-regulatorio-do-saneamento\/\"},\"wordCount\":817,\"publisher\":{\"@id\":\"https:\/\/agenciainfra.com\/blog\/#organization\"},\"image\":{\"@id\":\"https:\/\/agenciainfra.com\/blog\/infradebate-o-modelo-das-empresas-publicas-e-privadas-para-o-novo-marco-regulatorio-do-saneamento\/#primaryimage\"},\"thumbnailUrl\":\"https:\/\/agenciainfra.com\/blog\/wp-content\/uploads\/2021\/05\/cedae-foto-cedae.jpeg\",\"keywords\":[\"Cedae\",\"concess\u00f5es\",\"drenagem pluvial\",\"Infraestrutura\",\"Investimento\",\"leil\u00e3o\",\"Luiz Fernando Fabbriani\",\"marco regulat\u00f3rio\",\"Novo Marco do Saneamento\",\"Parque Ol\u00edmpico\",\"Porto Maravilha\",\"PPPs\",\"Rio de Janeiro\",\"Rodovia Transol\u00edmpica\",\"Saneamento B\u00e1sico\",\"universaliza\u00e7\u00e3o\",\"Via rio\",\"VLT Rio\"],\"articleSection\":[\"Geral\",\"iNFRADebate\"],\"inLanguage\":\"pt-BR\",\"copyrightYear\":\"2021\",\"copyrightHolder\":{\"@id\":\"https:\/\/agenciainfra.com\/blog\/#organization\"}},{\"@type\":\"WebPage\",\"@id\":\"https:\/\/agenciainfra.com\/blog\/infradebate-o-modelo-das-empresas-publicas-e-privadas-para-o-novo-marco-regulatorio-do-saneamento\/\",\"url\":\"https:\/\/agenciainfra.com\/blog\/infradebate-o-modelo-das-empresas-publicas-e-privadas-para-o-novo-marco-regulatorio-do-saneamento\/\",\"name\":\"iNFRADebate: O modelo das empresas p\u00fablicas e privadas para o novo Marco Regulat\u00f3rio do Saneamento - Ag\u00eancia iNFRA\",\"isPartOf\":{\"@id\":\"https:\/\/agenciainfra.com\/blog\/#website\"},\"primaryImageOfPage\":{\"@id\":\"https:\/\/agenciainfra.com\/blog\/infradebate-o-modelo-das-empresas-publicas-e-privadas-para-o-novo-marco-regulatorio-do-saneamento\/#primaryimage\"},\"image\":{\"@id\":\"https:\/\/agenciainfra.com\/blog\/infradebate-o-modelo-das-empresas-publicas-e-privadas-para-o-novo-marco-regulatorio-do-saneamento\/#primaryimage\"},\"thumbnailUrl\":\"https:\/\/agenciainfra.com\/blog\/wp-content\/uploads\/2021\/05\/cedae-foto-cedae.jpeg\",\"datePublished\":\"2021-05-12T16:00:00+00:00\",\"breadcrumb\":{\"@id\":\"https:\/\/agenciainfra.com\/blog\/infradebate-o-modelo-das-empresas-publicas-e-privadas-para-o-novo-marco-regulatorio-do-saneamento\/#breadcrumb\"},\"inLanguage\":\"pt-BR\",\"potentialAction\":[{\"@type\":\"ReadAction\",\"target\":[\"https:\/\/agenciainfra.com\/blog\/infradebate-o-modelo-das-empresas-publicas-e-privadas-para-o-novo-marco-regulatorio-do-saneamento\/\"]}]},{\"@type\":\"ImageObject\",\"inLanguage\":\"pt-BR\",\"@id\":\"https:\/\/agenciainfra.com\/blog\/infradebate-o-modelo-das-empresas-publicas-e-privadas-para-o-novo-marco-regulatorio-do-saneamento\/#primaryimage\",\"url\":\"https:\/\/agenciainfra.com\/blog\/wp-content\/uploads\/2021\/05\/cedae-foto-cedae.jpeg\",\"contentUrl\":\"https:\/\/agenciainfra.com\/blog\/wp-content\/uploads\/2021\/05\/cedae-foto-cedae.jpeg\",\"width\":1280,\"height\":853},{\"@type\":\"BreadcrumbList\",\"@id\":\"https:\/\/agenciainfra.com\/blog\/infradebate-o-modelo-das-empresas-publicas-e-privadas-para-o-novo-marco-regulatorio-do-saneamento\/#breadcrumb\",\"itemListElement\":[{\"@type\":\"ListItem\",\"position\":1,\"name\":\"In\u00edcio\",\"item\":\"https:\/\/agenciainfra.com\/blog\/\"},{\"@type\":\"ListItem\",\"position\":2,\"name\":\"iNFRADebate: O modelo das empresas p\u00fablicas e privadas para o novo Marco Regulat\u00f3rio do Saneamento\"}]},{\"@type\":\"WebSite\",\"@id\":\"https:\/\/agenciainfra.com\/blog\/#website\",\"url\":\"https:\/\/agenciainfra.com\/blog\/\",\"name\":\"Ag\u00eancia iNFRA\",\"description\":\"Multiplataforma de informa\u00e7\u00e3o jornal\u00edstica refer\u00eancia na \u00e1rea de infraestrutura no Brasil!\",\"publisher\":{\"@id\":\"https:\/\/agenciainfra.com\/blog\/#organization\"},\"potentialAction\":[{\"@type\":\"SearchAction\",\"target\":{\"@type\":\"EntryPoint\",\"urlTemplate\":\"https:\/\/agenciainfra.com\/blog\/?s={search_term_string}\"},\"query-input\":{\"@type\":\"PropertyValueSpecification\",\"valueRequired\":true,\"valueName\":\"search_term_string\"}}],\"inLanguage\":\"pt-BR\"},{\"@type\":\"Organization\",\"@id\":\"https:\/\/agenciainfra.com\/blog\/#organization\",\"name\":\"Ag\u00eancia iNFRA\",\"url\":\"https:\/\/agenciainfra.com\/blog\/\",\"logo\":{\"@type\":\"ImageObject\",\"inLanguage\":\"pt-BR\",\"@id\":\"https:\/\/agenciainfra.com\/blog\/#\/schema\/logo\/image\/\",\"url\":\"https:\/\/agenciainfra.com\/blog\/wp-content\/uploads\/2023\/09\/iNFRA_5-e1761735885940.png\",\"contentUrl\":\"https:\/\/agenciainfra.com\/blog\/wp-content\/uploads\/2023\/09\/iNFRA_5-e1761735885940.png\",\"width\":1672,\"height\":454,\"caption\":\"Ag\u00eancia iNFRA\"},\"image\":{\"@id\":\"https:\/\/agenciainfra.com\/blog\/#\/schema\/logo\/image\/\"},\"sameAs\":[\"https:\/\/www.facebook.com\/ageninfra\",\"https:\/\/x.com\/agencia_infra\",\"https:\/\/www.linkedin.com\/company\/ag\u00eanciainfra\/\",\"https:\/\/www.instagram.com\/agenciainfra\/\"]},{\"@type\":\"Person\",\"@id\":\"https:\/\/agenciainfra.com\/blog\/#\/schema\/person\/04dbb79bd6d8951f063da71f3e4c1eb1\",\"name\":\"Rodrigo Zuquim\",\"image\":{\"@type\":\"ImageObject\",\"inLanguage\":\"pt-BR\",\"@id\":\"https:\/\/agenciainfra.com\/blog\/#\/schema\/person\/image\/\",\"url\":\"https:\/\/secure.gravatar.com\/avatar\/594abfe82761d620726242ff34ca472a705a4b97f16c790053a6b4c4035274d0?s=96&d=mm&r=g\",\"contentUrl\":\"https:\/\/secure.gravatar.com\/avatar\/594abfe82761d620726242ff34ca472a705a4b97f16c790053a6b4c4035274d0?s=96&d=mm&r=g\",\"caption\":\"Rodrigo Zuquim\"},\"url\":\"https:\/\/agenciainfra.com\/blog\/author\/rodrigo-zuquim\/\"}]}<\/script>\n<!-- \/ Yoast SEO Premium plugin. -->","yoast_head_json":{"title":"iNFRADebate: O modelo das empresas p\u00fablicas e privadas para o novo Marco Regulat\u00f3rio do Saneamento - Ag\u00eancia iNFRA","robots":{"index":"index","follow":"follow","max-snippet":"max-snippet:-1","max-image-preview":"max-image-preview:large","max-video-preview":"max-video-preview:-1"},"canonical":"https:\/\/agenciainfra.com\/blog\/infradebate-o-modelo-das-empresas-publicas-e-privadas-para-o-novo-marco-regulatorio-do-saneamento\/","og_locale":"pt_BR","og_type":"article","og_title":"iNFRADebate: O modelo das empresas p\u00fablicas e privadas para o novo Marco Regulat\u00f3rio do Saneamento","og_description":"Luiz Fernando Fabbriani* A discuss\u00e3o em torno do novo marco legal do saneamento resultou em reconhecimento do papel da cidade e da import\u00e2ncia do entendimento da popula\u00e7\u00e3o brasileira sobre a necessidade da universaliza\u00e7\u00e3o do saneamento, inclusive dos benef\u00edcios econ\u00f4micos, sociais e ambientais que s\u00e3o proporcionados pelo saneamento b\u00e1sico, com impactos positivos sobre a sa\u00fade, o [&hellip;]","og_url":"https:\/\/agenciainfra.com\/blog\/infradebate-o-modelo-das-empresas-publicas-e-privadas-para-o-novo-marco-regulatorio-do-saneamento\/","og_site_name":"Ag\u00eancia iNFRA","article_publisher":"https:\/\/www.facebook.com\/ageninfra","article_published_time":"2021-05-12T16:00:00+00:00","og_image":[{"width":1280,"height":853,"url":"https:\/\/agenciainfra.com\/blog\/wp-content\/uploads\/2021\/05\/cedae-foto-cedae.jpeg","type":"image\/jpeg"}],"author":"Rodrigo Zuquim","twitter_card":"summary_large_image","twitter_creator":"@agencia_infra","twitter_site":"@agencia_infra","twitter_misc":{"Escrito por":"Rodrigo Zuquim","Est. tempo de leitura":"4 minutos"},"schema":{"@context":"https:\/\/schema.org","@graph":[{"@type":"Article","@id":"https:\/\/agenciainfra.com\/blog\/infradebate-o-modelo-das-empresas-publicas-e-privadas-para-o-novo-marco-regulatorio-do-saneamento\/#article","isPartOf":{"@id":"https:\/\/agenciainfra.com\/blog\/infradebate-o-modelo-das-empresas-publicas-e-privadas-para-o-novo-marco-regulatorio-do-saneamento\/"},"author":{"name":"Rodrigo Zuquim","@id":"https:\/\/agenciainfra.com\/blog\/#\/schema\/person\/04dbb79bd6d8951f063da71f3e4c1eb1"},"headline":"iNFRADebate: O modelo das empresas p\u00fablicas e privadas para o novo Marco Regulat\u00f3rio do Saneamento","datePublished":"2021-05-12T16:00:00+00:00","mainEntityOfPage":{"@id":"https:\/\/agenciainfra.com\/blog\/infradebate-o-modelo-das-empresas-publicas-e-privadas-para-o-novo-marco-regulatorio-do-saneamento\/"},"wordCount":817,"publisher":{"@id":"https:\/\/agenciainfra.com\/blog\/#organization"},"image":{"@id":"https:\/\/agenciainfra.com\/blog\/infradebate-o-modelo-das-empresas-publicas-e-privadas-para-o-novo-marco-regulatorio-do-saneamento\/#primaryimage"},"thumbnailUrl":"https:\/\/agenciainfra.com\/blog\/wp-content\/uploads\/2021\/05\/cedae-foto-cedae.jpeg","keywords":["Cedae","concess\u00f5es","drenagem pluvial","Infraestrutura","Investimento","leil\u00e3o","Luiz Fernando Fabbriani","marco regulat\u00f3rio","Novo Marco do Saneamento","Parque Ol\u00edmpico","Porto Maravilha","PPPs","Rio de Janeiro","Rodovia Transol\u00edmpica","Saneamento B\u00e1sico","universaliza\u00e7\u00e3o","Via rio","VLT Rio"],"articleSection":["Geral","iNFRADebate"],"inLanguage":"pt-BR","copyrightYear":"2021","copyrightHolder":{"@id":"https:\/\/agenciainfra.com\/blog\/#organization"}},{"@type":"WebPage","@id":"https:\/\/agenciainfra.com\/blog\/infradebate-o-modelo-das-empresas-publicas-e-privadas-para-o-novo-marco-regulatorio-do-saneamento\/","url":"https:\/\/agenciainfra.com\/blog\/infradebate-o-modelo-das-empresas-publicas-e-privadas-para-o-novo-marco-regulatorio-do-saneamento\/","name":"iNFRADebate: O modelo das empresas p\u00fablicas e privadas para o novo Marco Regulat\u00f3rio do Saneamento - Ag\u00eancia iNFRA","isPartOf":{"@id":"https:\/\/agenciainfra.com\/blog\/#website"},"primaryImageOfPage":{"@id":"https:\/\/agenciainfra.com\/blog\/infradebate-o-modelo-das-empresas-publicas-e-privadas-para-o-novo-marco-regulatorio-do-saneamento\/#primaryimage"},"image":{"@id":"https:\/\/agenciainfra.com\/blog\/infradebate-o-modelo-das-empresas-publicas-e-privadas-para-o-novo-marco-regulatorio-do-saneamento\/#primaryimage"},"thumbnailUrl":"https:\/\/agenciainfra.com\/blog\/wp-content\/uploads\/2021\/05\/cedae-foto-cedae.jpeg","datePublished":"2021-05-12T16:00:00+00:00","breadcrumb":{"@id":"https:\/\/agenciainfra.com\/blog\/infradebate-o-modelo-das-empresas-publicas-e-privadas-para-o-novo-marco-regulatorio-do-saneamento\/#breadcrumb"},"inLanguage":"pt-BR","potentialAction":[{"@type":"ReadAction","target":["https:\/\/agenciainfra.com\/blog\/infradebate-o-modelo-das-empresas-publicas-e-privadas-para-o-novo-marco-regulatorio-do-saneamento\/"]}]},{"@type":"ImageObject","inLanguage":"pt-BR","@id":"https:\/\/agenciainfra.com\/blog\/infradebate-o-modelo-das-empresas-publicas-e-privadas-para-o-novo-marco-regulatorio-do-saneamento\/#primaryimage","url":"https:\/\/agenciainfra.com\/blog\/wp-content\/uploads\/2021\/05\/cedae-foto-cedae.jpeg","contentUrl":"https:\/\/agenciainfra.com\/blog\/wp-content\/uploads\/2021\/05\/cedae-foto-cedae.jpeg","width":1280,"height":853},{"@type":"BreadcrumbList","@id":"https:\/\/agenciainfra.com\/blog\/infradebate-o-modelo-das-empresas-publicas-e-privadas-para-o-novo-marco-regulatorio-do-saneamento\/#breadcrumb","itemListElement":[{"@type":"ListItem","position":1,"name":"In\u00edcio","item":"https:\/\/agenciainfra.com\/blog\/"},{"@type":"ListItem","position":2,"name":"iNFRADebate: O modelo das empresas p\u00fablicas e privadas para o novo Marco Regulat\u00f3rio do Saneamento"}]},{"@type":"WebSite","@id":"https:\/\/agenciainfra.com\/blog\/#website","url":"https:\/\/agenciainfra.com\/blog\/","name":"Ag\u00eancia iNFRA","description":"Multiplataforma de informa\u00e7\u00e3o jornal\u00edstica refer\u00eancia na \u00e1rea de infraestrutura no Brasil!","publisher":{"@id":"https:\/\/agenciainfra.com\/blog\/#organization"},"potentialAction":[{"@type":"SearchAction","target":{"@type":"EntryPoint","urlTemplate":"https:\/\/agenciainfra.com\/blog\/?s={search_term_string}"},"query-input":{"@type":"PropertyValueSpecification","valueRequired":true,"valueName":"search_term_string"}}],"inLanguage":"pt-BR"},{"@type":"Organization","@id":"https:\/\/agenciainfra.com\/blog\/#organization","name":"Ag\u00eancia iNFRA","url":"https:\/\/agenciainfra.com\/blog\/","logo":{"@type":"ImageObject","inLanguage":"pt-BR","@id":"https:\/\/agenciainfra.com\/blog\/#\/schema\/logo\/image\/","url":"https:\/\/agenciainfra.com\/blog\/wp-content\/uploads\/2023\/09\/iNFRA_5-e1761735885940.png","contentUrl":"https:\/\/agenciainfra.com\/blog\/wp-content\/uploads\/2023\/09\/iNFRA_5-e1761735885940.png","width":1672,"height":454,"caption":"Ag\u00eancia iNFRA"},"image":{"@id":"https:\/\/agenciainfra.com\/blog\/#\/schema\/logo\/image\/"},"sameAs":["https:\/\/www.facebook.com\/ageninfra","https:\/\/x.com\/agencia_infra","https:\/\/www.linkedin.com\/company\/ag\u00eanciainfra\/","https:\/\/www.instagram.com\/agenciainfra\/"]},{"@type":"Person","@id":"https:\/\/agenciainfra.com\/blog\/#\/schema\/person\/04dbb79bd6d8951f063da71f3e4c1eb1","name":"Rodrigo Zuquim","image":{"@type":"ImageObject","inLanguage":"pt-BR","@id":"https:\/\/agenciainfra.com\/blog\/#\/schema\/person\/image\/","url":"https:\/\/secure.gravatar.com\/avatar\/594abfe82761d620726242ff34ca472a705a4b97f16c790053a6b4c4035274d0?s=96&d=mm&r=g","contentUrl":"https:\/\/secure.gravatar.com\/avatar\/594abfe82761d620726242ff34ca472a705a4b97f16c790053a6b4c4035274d0?s=96&d=mm&r=g","caption":"Rodrigo Zuquim"},"url":"https:\/\/agenciainfra.com\/blog\/author\/rodrigo-zuquim\/"}]}},"_links":{"self":[{"href":"https:\/\/agenciainfra.com\/blog\/wp-json\/wp\/v2\/posts\/7250","targetHints":{"allow":["GET"]}}],"collection":[{"href":"https:\/\/agenciainfra.com\/blog\/wp-json\/wp\/v2\/posts"}],"about":[{"href":"https:\/\/agenciainfra.com\/blog\/wp-json\/wp\/v2\/types\/post"}],"author":[{"embeddable":true,"href":"https:\/\/agenciainfra.com\/blog\/wp-json\/wp\/v2\/users\/9"}],"replies":[{"embeddable":true,"href":"https:\/\/agenciainfra.com\/blog\/wp-json\/wp\/v2\/comments?post=7250"}],"version-history":[{"count":0,"href":"https:\/\/agenciainfra.com\/blog\/wp-json\/wp\/v2\/posts\/7250\/revisions"}],"wp:featuredmedia":[{"embeddable":true,"href":"https:\/\/agenciainfra.com\/blog\/wp-json\/wp\/v2\/media\/7251"}],"wp:attachment":[{"href":"https:\/\/agenciainfra.com\/blog\/wp-json\/wp\/v2\/media?parent=7250"}],"wp:term":[{"taxonomy":"category","embeddable":true,"href":"https:\/\/agenciainfra.com\/blog\/wp-json\/wp\/v2\/categories?post=7250"},{"taxonomy":"post_tag","embeddable":true,"href":"https:\/\/agenciainfra.com\/blog\/wp-json\/wp\/v2\/tags?post=7250"}],"curies":[{"name":"wp","href":"https:\/\/api.w.org\/{rel}","templated":true}]}}