{"id":7265,"date":"2021-05-12T08:16:00","date_gmt":"2021-05-12T11:16:00","guid":{"rendered":"https:\/\/www.agenciainfra.com\/blog\/?p=7265"},"modified":"2021-05-12T08:16:04","modified_gmt":"2021-05-12T11:16:04","slug":"aeroportos-do-galeao-rj-e-confins-mg-poderao-reajustar-tarifas","status":"publish","type":"post","link":"https:\/\/agenciainfra.com\/blog\/aeroportos-do-galeao-rj-e-confins-mg-poderao-reajustar-tarifas\/","title":{"rendered":"Aeroportos do Gale\u00e3o (RJ) e Confins (MG) poder\u00e3o reajustar tarifas"},"content":{"rendered":"\n<p class=\"has-text-align-right\"><strong>da Ag\u00eancia iNFRA<\/strong><\/p>\n\n\n\n<p>Os aeroportos do Gale\u00e3o (RJ) e de Confins (MG) ter\u00e3o novos tetos tarif\u00e1rios.\u00a0Os valores foram definidos nas portarias 4.981 e 4.982 da Superintend\u00eancia de Regula\u00e7\u00e3o Econ\u00f4mica de Aeroportos da ANAC (Ag\u00eancia Nacional de Avia\u00e7\u00e3o Civil) e publicados no Di\u00e1rio Oficial da Uni\u00e3o desta quarta-feira (12), e j\u00e1 est\u00e3o em vigor.<\/p>\n\n\n\n<p>De acordo com o ato, no Gale\u00e3o, a concession\u00e1ria RIOgale\u00e3o, controlada pela Changi, de Cingapura, poder\u00e1 reajustar as tarifas de embarque dom\u00e9stico para R$ 35,30 e as de embarque internacional para R$ 62,52.<\/p>\n\n\n\n<p>Tamb\u00e9m foram alterados os tetos de tarifas pagas por empresas a\u00e9reas para as aeronaves e para armazenagem e movimenta\u00e7\u00e3o de cargas. Os reajustes ficaram entre 6,8% e 7,5%. Os novos valores est\u00e3o <a rel=\"noreferrer noopener\" href=\"https:\/\/pesquisa.in.gov.br\/imprensa\/jsp\/visualiza\/index.jsp?data=12\/05\/2021&amp;jornal=515&amp;pagina=184&amp;totalArquivos=518\" target=\"_blank\" data-type=\"URL\" data-id=\"https:\/\/pesquisa.in.gov.br\/imprensa\/jsp\/visualiza\/index.jsp?data=12\/05\/2021&amp;jornal=515&amp;pagina=184&amp;totalArquivos=518\">neste link<\/a>.<\/p>\n\n\n\n<p>No caso de Confins, administrado pela BH Airports, do grupo CCR, a concession\u00e1ria vai poder elevar as tarifas de embarque dom\u00e9stico para R$ 35,00 e as de embarque internacional para R$ 61,99.<\/p>\n\n\n\n<p>Os tetos tarif\u00e1rios para taxas cobradas de aeronaves e de movimenta\u00e7\u00e3o de carga sofreram reajustes que variaram entre 6,8% e 7,3% e est\u00e3o dispon\u00edveis <a rel=\"noreferrer noopener\" href=\"https:\/\/pesquisa.in.gov.br\/imprensa\/jsp\/visualiza\/index.jsp?data=12\/05\/2021&amp;jornal=515&amp;pagina=185&amp;totalArquivos=518\" target=\"_blank\" data-type=\"URL\" data-id=\"https:\/\/pesquisa.in.gov.br\/imprensa\/jsp\/visualiza\/index.jsp?data=12\/05\/2021&amp;jornal=515&amp;pagina=185&amp;totalArquivos=518\">neste link<\/a>.<\/p>\n\n\n\n<p>Nos dois contratos, da segunda rodada de concess\u00f5es aeroportu\u00e1rias, s\u00e3o previstas cl\u00e1usulas de desempenho das concession\u00e1rias que podem ampliar ou reduzir os reajustes permitidos pela ag\u00eancia.<\/p>\n","protected":false},"excerpt":{"rendered":"<p>da Ag\u00eancia iNFRA Os aeroportos do Gale\u00e3o (RJ) e de Confins (MG) ter\u00e3o novos tetos tarif\u00e1rios.\u00a0Os valores foram definidos nas portarias 4.981 e 4.982 da Superintend\u00eancia de Regula\u00e7\u00e3o Econ\u00f4mica de Aeroportos da ANAC (Ag\u00eancia Nacional de Avia\u00e7\u00e3o Civil) e publicados no Di\u00e1rio Oficial da Uni\u00e3o desta quarta-feira (12), e j\u00e1 est\u00e3o em vigor. De acordo [&hellip;]<\/p>\n","protected":false},"author":9,"featured_media":6355,"comment_status":"closed","ping_status":"closed","sticky":false,"template":"","format":"standard","meta":{"_monsterinsights_skip_tracking":false,"_monsterinsights_sitenote_active":false,"_monsterinsights_sitenote_note":"","_monsterinsights_sitenote_category":0,"footnotes":""},"categories":[1,2052],"tags":[107,242,4229,588,4226,2684,3318,4227,4228,3050,3572,2763,215],"class_list":["post-7265","post","type-post","status-publish","format-standard","has-post-thumbnail","hentry","category-geral","category-infra-transicao","tag-aeroportos","tag-anac","tag-bh-airports","tag-ccr","tag-changi","tag-concessoes-aeroportuarias","tag-confins","tag-embarque-domestico","tag-embarque-internacional","tag-galeao","tag-reajuste","tag-riogaleao","tag-tarifas"],"yoast_head":"<!-- This site is optimized with the Yoast SEO Premium plugin v25.4 (Yoast SEO v26.0) - https:\/\/yoast.com\/wordpress\/plugins\/seo\/ -->\n<title>Aeroportos do Gale\u00e3o (RJ) e Confins (MG) poder\u00e3o reajustar tarifas - Ag\u00eancia iNFRA<\/title>\n<meta name=\"robots\" content=\"index, follow, max-snippet:-1, max-image-preview:large, max-video-preview:-1\" \/>\n<link rel=\"canonical\" href=\"https:\/\/agenciainfra.com\/blog\/aeroportos-do-galeao-rj-e-confins-mg-poderao-reajustar-tarifas\/\" \/>\n<meta property=\"og:locale\" content=\"pt_BR\" \/>\n<meta property=\"og:type\" content=\"article\" \/>\n<meta property=\"og:title\" content=\"Aeroportos do Gale\u00e3o (RJ) e Confins (MG) poder\u00e3o reajustar tarifas\" \/>\n<meta property=\"og:description\" content=\"da Ag\u00eancia iNFRA Os aeroportos do Gale\u00e3o (RJ) e de Confins (MG) ter\u00e3o novos tetos tarif\u00e1rios.\u00a0Os valores foram definidos nas portarias 4.981 e 4.982 da Superintend\u00eancia de Regula\u00e7\u00e3o Econ\u00f4mica de Aeroportos da ANAC (Ag\u00eancia Nacional de Avia\u00e7\u00e3o Civil) e publicados no Di\u00e1rio Oficial da Uni\u00e3o desta quarta-feira (12), e j\u00e1 est\u00e3o em vigor. De acordo [&hellip;]\" \/>\n<meta property=\"og:url\" content=\"https:\/\/agenciainfra.com\/blog\/aeroportos-do-galeao-rj-e-confins-mg-poderao-reajustar-tarifas\/\" \/>\n<meta property=\"og:site_name\" content=\"Ag\u00eancia iNFRA\" \/>\n<meta property=\"article:publisher\" content=\"https:\/\/www.facebook.com\/ageninfra\" \/>\n<meta property=\"article:published_time\" content=\"2021-05-12T11:16:00+00:00\" \/>\n<meta property=\"article:modified_time\" content=\"2021-05-12T11:16:04+00:00\" \/>\n<meta property=\"og:image\" content=\"https:\/\/agenciainfra.com\/blog\/wp-content\/uploads\/2020\/11\/aeroporto-galeao-foto-ministerio-do-esporte.jpg\" \/>\n\t<meta property=\"og:image:width\" content=\"1280\" \/>\n\t<meta property=\"og:image:height\" content=\"950\" \/>\n\t<meta property=\"og:image:type\" content=\"image\/jpeg\" \/>\n<meta name=\"author\" content=\"Rodrigo Zuquim\" \/>\n<meta name=\"twitter:card\" content=\"summary_large_image\" \/>\n<meta name=\"twitter:creator\" content=\"@agencia_infra\" \/>\n<meta name=\"twitter:site\" content=\"@agencia_infra\" \/>\n<meta name=\"twitter:label1\" content=\"Escrito por\" \/>\n\t<meta name=\"twitter:data1\" content=\"Rodrigo Zuquim\" \/>\n\t<meta name=\"twitter:label2\" content=\"Est. tempo de leitura\" \/>\n\t<meta name=\"twitter:data2\" content=\"1 minuto\" \/>\n<script type=\"application\/ld+json\" class=\"yoast-schema-graph\">{\"@context\":\"https:\/\/schema.org\",\"@graph\":[{\"@type\":\"Article\",\"@id\":\"https:\/\/agenciainfra.com\/blog\/aeroportos-do-galeao-rj-e-confins-mg-poderao-reajustar-tarifas\/#article\",\"isPartOf\":{\"@id\":\"https:\/\/agenciainfra.com\/blog\/aeroportos-do-galeao-rj-e-confins-mg-poderao-reajustar-tarifas\/\"},\"author\":{\"name\":\"Rodrigo Zuquim\",\"@id\":\"https:\/\/agenciainfra.com\/blog\/#\/schema\/person\/04dbb79bd6d8951f063da71f3e4c1eb1\"},\"headline\":\"Aeroportos do Gale\u00e3o (RJ) e Confins (MG) poder\u00e3o reajustar tarifas\",\"datePublished\":\"2021-05-12T11:16:00+00:00\",\"dateModified\":\"2021-05-12T11:16:04+00:00\",\"mainEntityOfPage\":{\"@id\":\"https:\/\/agenciainfra.com\/blog\/aeroportos-do-galeao-rj-e-confins-mg-poderao-reajustar-tarifas\/\"},\"wordCount\":238,\"publisher\":{\"@id\":\"https:\/\/agenciainfra.com\/blog\/#organization\"},\"image\":{\"@id\":\"https:\/\/agenciainfra.com\/blog\/aeroportos-do-galeao-rj-e-confins-mg-poderao-reajustar-tarifas\/#primaryimage\"},\"thumbnailUrl\":\"https:\/\/agenciainfra.com\/blog\/wp-content\/uploads\/2020\/11\/aeroporto-galeao-foto-ministerio-do-esporte.jpg\",\"keywords\":[\"aeroportos\",\"ANAC\",\"BH Airports\",\"CCR\",\"Changi\",\"concess\u00f5es aeroportu\u00e1rias\",\"Confins\",\"embarque dom\u00e9stico\",\"embarque internacional\",\"Gale\u00e3o\",\"reajuste\",\"RIOgale\u00e3o\",\"tarifas\"],\"articleSection\":[\"Geral\",\"iNFRA Na Transi\u00e7\u00e3o\"],\"inLanguage\":\"pt-BR\",\"copyrightYear\":\"2021\",\"copyrightHolder\":{\"@id\":\"https:\/\/agenciainfra.com\/blog\/#organization\"}},{\"@type\":\"WebPage\",\"@id\":\"https:\/\/agenciainfra.com\/blog\/aeroportos-do-galeao-rj-e-confins-mg-poderao-reajustar-tarifas\/\",\"url\":\"https:\/\/agenciainfra.com\/blog\/aeroportos-do-galeao-rj-e-confins-mg-poderao-reajustar-tarifas\/\",\"name\":\"Aeroportos do Gale\u00e3o (RJ) e Confins (MG) poder\u00e3o reajustar tarifas - Ag\u00eancia iNFRA\",\"isPartOf\":{\"@id\":\"https:\/\/agenciainfra.com\/blog\/#website\"},\"primaryImageOfPage\":{\"@id\":\"https:\/\/agenciainfra.com\/blog\/aeroportos-do-galeao-rj-e-confins-mg-poderao-reajustar-tarifas\/#primaryimage\"},\"image\":{\"@id\":\"https:\/\/agenciainfra.com\/blog\/aeroportos-do-galeao-rj-e-confins-mg-poderao-reajustar-tarifas\/#primaryimage\"},\"thumbnailUrl\":\"https:\/\/agenciainfra.com\/blog\/wp-content\/uploads\/2020\/11\/aeroporto-galeao-foto-ministerio-do-esporte.jpg\",\"datePublished\":\"2021-05-12T11:16:00+00:00\",\"dateModified\":\"2021-05-12T11:16:04+00:00\",\"breadcrumb\":{\"@id\":\"https:\/\/agenciainfra.com\/blog\/aeroportos-do-galeao-rj-e-confins-mg-poderao-reajustar-tarifas\/#breadcrumb\"},\"inLanguage\":\"pt-BR\",\"potentialAction\":[{\"@type\":\"ReadAction\",\"target\":[\"https:\/\/agenciainfra.com\/blog\/aeroportos-do-galeao-rj-e-confins-mg-poderao-reajustar-tarifas\/\"]}]},{\"@type\":\"ImageObject\",\"inLanguage\":\"pt-BR\",\"@id\":\"https:\/\/agenciainfra.com\/blog\/aeroportos-do-galeao-rj-e-confins-mg-poderao-reajustar-tarifas\/#primaryimage\",\"url\":\"https:\/\/agenciainfra.com\/blog\/wp-content\/uploads\/2020\/11\/aeroporto-galeao-foto-ministerio-do-esporte.jpg\",\"contentUrl\":\"https:\/\/agenciainfra.com\/blog\/wp-content\/uploads\/2020\/11\/aeroporto-galeao-foto-ministerio-do-esporte.jpg\",\"width\":1280,\"height\":950,\"caption\":\"Foto: Minist\u00e9rio do Esporte\"},{\"@type\":\"BreadcrumbList\",\"@id\":\"https:\/\/agenciainfra.com\/blog\/aeroportos-do-galeao-rj-e-confins-mg-poderao-reajustar-tarifas\/#breadcrumb\",\"itemListElement\":[{\"@type\":\"ListItem\",\"position\":1,\"name\":\"In\u00edcio\",\"item\":\"https:\/\/agenciainfra.com\/blog\/\"},{\"@type\":\"ListItem\",\"position\":2,\"name\":\"Aeroportos do Gale\u00e3o (RJ) e Confins (MG) poder\u00e3o reajustar tarifas\"}]},{\"@type\":\"WebSite\",\"@id\":\"https:\/\/agenciainfra.com\/blog\/#website\",\"url\":\"https:\/\/agenciainfra.com\/blog\/\",\"name\":\"Ag\u00eancia iNFRA\",\"description\":\"Multiplataforma de informa\u00e7\u00e3o jornal\u00edstica refer\u00eancia na \u00e1rea de infraestrutura no Brasil!\",\"publisher\":{\"@id\":\"https:\/\/agenciainfra.com\/blog\/#organization\"},\"potentialAction\":[{\"@type\":\"SearchAction\",\"target\":{\"@type\":\"EntryPoint\",\"urlTemplate\":\"https:\/\/agenciainfra.com\/blog\/?s={search_term_string}\"},\"query-input\":{\"@type\":\"PropertyValueSpecification\",\"valueRequired\":true,\"valueName\":\"search_term_string\"}}],\"inLanguage\":\"pt-BR\"},{\"@type\":\"Organization\",\"@id\":\"https:\/\/agenciainfra.com\/blog\/#organization\",\"name\":\"Ag\u00eancia iNFRA\",\"url\":\"https:\/\/agenciainfra.com\/blog\/\",\"logo\":{\"@type\":\"ImageObject\",\"inLanguage\":\"pt-BR\",\"@id\":\"https:\/\/agenciainfra.com\/blog\/#\/schema\/logo\/image\/\",\"url\":\"https:\/\/agenciainfra.com\/blog\/wp-content\/uploads\/2023\/09\/iNFRA_5-e1761735885940.png\",\"contentUrl\":\"https:\/\/agenciainfra.com\/blog\/wp-content\/uploads\/2023\/09\/iNFRA_5-e1761735885940.png\",\"width\":1672,\"height\":454,\"caption\":\"Ag\u00eancia iNFRA\"},\"image\":{\"@id\":\"https:\/\/agenciainfra.com\/blog\/#\/schema\/logo\/image\/\"},\"sameAs\":[\"https:\/\/www.facebook.com\/ageninfra\",\"https:\/\/x.com\/agencia_infra\",\"https:\/\/www.linkedin.com\/company\/ag\u00eanciainfra\/\",\"https:\/\/www.instagram.com\/agenciainfra\/\"]},{\"@type\":\"Person\",\"@id\":\"https:\/\/agenciainfra.com\/blog\/#\/schema\/person\/04dbb79bd6d8951f063da71f3e4c1eb1\",\"name\":\"Rodrigo Zuquim\",\"image\":{\"@type\":\"ImageObject\",\"inLanguage\":\"pt-BR\",\"@id\":\"https:\/\/agenciainfra.com\/blog\/#\/schema\/person\/image\/\",\"url\":\"https:\/\/secure.gravatar.com\/avatar\/594abfe82761d620726242ff34ca472a705a4b97f16c790053a6b4c4035274d0?s=96&d=mm&r=g\",\"contentUrl\":\"https:\/\/secure.gravatar.com\/avatar\/594abfe82761d620726242ff34ca472a705a4b97f16c790053a6b4c4035274d0?s=96&d=mm&r=g\",\"caption\":\"Rodrigo Zuquim\"},\"url\":\"https:\/\/agenciainfra.com\/blog\/author\/rodrigo-zuquim\/\"}]}<\/script>\n<!-- \/ Yoast SEO Premium plugin. -->","yoast_head_json":{"title":"Aeroportos do Gale\u00e3o (RJ) e Confins (MG) poder\u00e3o reajustar tarifas - Ag\u00eancia iNFRA","robots":{"index":"index","follow":"follow","max-snippet":"max-snippet:-1","max-image-preview":"max-image-preview:large","max-video-preview":"max-video-preview:-1"},"canonical":"https:\/\/agenciainfra.com\/blog\/aeroportos-do-galeao-rj-e-confins-mg-poderao-reajustar-tarifas\/","og_locale":"pt_BR","og_type":"article","og_title":"Aeroportos do Gale\u00e3o (RJ) e Confins (MG) poder\u00e3o reajustar tarifas","og_description":"da Ag\u00eancia iNFRA Os aeroportos do Gale\u00e3o (RJ) e de Confins (MG) ter\u00e3o novos tetos tarif\u00e1rios.\u00a0Os valores foram definidos nas portarias 4.981 e 4.982 da Superintend\u00eancia de Regula\u00e7\u00e3o Econ\u00f4mica de Aeroportos da ANAC (Ag\u00eancia Nacional de Avia\u00e7\u00e3o Civil) e publicados no Di\u00e1rio Oficial da Uni\u00e3o desta quarta-feira (12), e j\u00e1 est\u00e3o em vigor. De acordo [&hellip;]","og_url":"https:\/\/agenciainfra.com\/blog\/aeroportos-do-galeao-rj-e-confins-mg-poderao-reajustar-tarifas\/","og_site_name":"Ag\u00eancia iNFRA","article_publisher":"https:\/\/www.facebook.com\/ageninfra","article_published_time":"2021-05-12T11:16:00+00:00","article_modified_time":"2021-05-12T11:16:04+00:00","og_image":[{"width":1280,"height":950,"url":"https:\/\/agenciainfra.com\/blog\/wp-content\/uploads\/2020\/11\/aeroporto-galeao-foto-ministerio-do-esporte.jpg","type":"image\/jpeg"}],"author":"Rodrigo Zuquim","twitter_card":"summary_large_image","twitter_creator":"@agencia_infra","twitter_site":"@agencia_infra","twitter_misc":{"Escrito por":"Rodrigo Zuquim","Est. tempo de leitura":"1 minuto"},"schema":{"@context":"https:\/\/schema.org","@graph":[{"@type":"Article","@id":"https:\/\/agenciainfra.com\/blog\/aeroportos-do-galeao-rj-e-confins-mg-poderao-reajustar-tarifas\/#article","isPartOf":{"@id":"https:\/\/agenciainfra.com\/blog\/aeroportos-do-galeao-rj-e-confins-mg-poderao-reajustar-tarifas\/"},"author":{"name":"Rodrigo Zuquim","@id":"https:\/\/agenciainfra.com\/blog\/#\/schema\/person\/04dbb79bd6d8951f063da71f3e4c1eb1"},"headline":"Aeroportos do Gale\u00e3o (RJ) e Confins (MG) poder\u00e3o reajustar tarifas","datePublished":"2021-05-12T11:16:00+00:00","dateModified":"2021-05-12T11:16:04+00:00","mainEntityOfPage":{"@id":"https:\/\/agenciainfra.com\/blog\/aeroportos-do-galeao-rj-e-confins-mg-poderao-reajustar-tarifas\/"},"wordCount":238,"publisher":{"@id":"https:\/\/agenciainfra.com\/blog\/#organization"},"image":{"@id":"https:\/\/agenciainfra.com\/blog\/aeroportos-do-galeao-rj-e-confins-mg-poderao-reajustar-tarifas\/#primaryimage"},"thumbnailUrl":"https:\/\/agenciainfra.com\/blog\/wp-content\/uploads\/2020\/11\/aeroporto-galeao-foto-ministerio-do-esporte.jpg","keywords":["aeroportos","ANAC","BH Airports","CCR","Changi","concess\u00f5es aeroportu\u00e1rias","Confins","embarque dom\u00e9stico","embarque internacional","Gale\u00e3o","reajuste","RIOgale\u00e3o","tarifas"],"articleSection":["Geral","iNFRA Na Transi\u00e7\u00e3o"],"inLanguage":"pt-BR","copyrightYear":"2021","copyrightHolder":{"@id":"https:\/\/agenciainfra.com\/blog\/#organization"}},{"@type":"WebPage","@id":"https:\/\/agenciainfra.com\/blog\/aeroportos-do-galeao-rj-e-confins-mg-poderao-reajustar-tarifas\/","url":"https:\/\/agenciainfra.com\/blog\/aeroportos-do-galeao-rj-e-confins-mg-poderao-reajustar-tarifas\/","name":"Aeroportos do Gale\u00e3o (RJ) e Confins (MG) poder\u00e3o reajustar tarifas - Ag\u00eancia iNFRA","isPartOf":{"@id":"https:\/\/agenciainfra.com\/blog\/#website"},"primaryImageOfPage":{"@id":"https:\/\/agenciainfra.com\/blog\/aeroportos-do-galeao-rj-e-confins-mg-poderao-reajustar-tarifas\/#primaryimage"},"image":{"@id":"https:\/\/agenciainfra.com\/blog\/aeroportos-do-galeao-rj-e-confins-mg-poderao-reajustar-tarifas\/#primaryimage"},"thumbnailUrl":"https:\/\/agenciainfra.com\/blog\/wp-content\/uploads\/2020\/11\/aeroporto-galeao-foto-ministerio-do-esporte.jpg","datePublished":"2021-05-12T11:16:00+00:00","dateModified":"2021-05-12T11:16:04+00:00","breadcrumb":{"@id":"https:\/\/agenciainfra.com\/blog\/aeroportos-do-galeao-rj-e-confins-mg-poderao-reajustar-tarifas\/#breadcrumb"},"inLanguage":"pt-BR","potentialAction":[{"@type":"ReadAction","target":["https:\/\/agenciainfra.com\/blog\/aeroportos-do-galeao-rj-e-confins-mg-poderao-reajustar-tarifas\/"]}]},{"@type":"ImageObject","inLanguage":"pt-BR","@id":"https:\/\/agenciainfra.com\/blog\/aeroportos-do-galeao-rj-e-confins-mg-poderao-reajustar-tarifas\/#primaryimage","url":"https:\/\/agenciainfra.com\/blog\/wp-content\/uploads\/2020\/11\/aeroporto-galeao-foto-ministerio-do-esporte.jpg","contentUrl":"https:\/\/agenciainfra.com\/blog\/wp-content\/uploads\/2020\/11\/aeroporto-galeao-foto-ministerio-do-esporte.jpg","width":1280,"height":950,"caption":"Foto: Minist\u00e9rio do Esporte"},{"@type":"BreadcrumbList","@id":"https:\/\/agenciainfra.com\/blog\/aeroportos-do-galeao-rj-e-confins-mg-poderao-reajustar-tarifas\/#breadcrumb","itemListElement":[{"@type":"ListItem","position":1,"name":"In\u00edcio","item":"https:\/\/agenciainfra.com\/blog\/"},{"@type":"ListItem","position":2,"name":"Aeroportos do Gale\u00e3o (RJ) e Confins (MG) poder\u00e3o reajustar tarifas"}]},{"@type":"WebSite","@id":"https:\/\/agenciainfra.com\/blog\/#website","url":"https:\/\/agenciainfra.com\/blog\/","name":"Ag\u00eancia iNFRA","description":"Multiplataforma de informa\u00e7\u00e3o jornal\u00edstica refer\u00eancia na \u00e1rea de infraestrutura no Brasil!","publisher":{"@id":"https:\/\/agenciainfra.com\/blog\/#organization"},"potentialAction":[{"@type":"SearchAction","target":{"@type":"EntryPoint","urlTemplate":"https:\/\/agenciainfra.com\/blog\/?s={search_term_string}"},"query-input":{"@type":"PropertyValueSpecification","valueRequired":true,"valueName":"search_term_string"}}],"inLanguage":"pt-BR"},{"@type":"Organization","@id":"https:\/\/agenciainfra.com\/blog\/#organization","name":"Ag\u00eancia iNFRA","url":"https:\/\/agenciainfra.com\/blog\/","logo":{"@type":"ImageObject","inLanguage":"pt-BR","@id":"https:\/\/agenciainfra.com\/blog\/#\/schema\/logo\/image\/","url":"https:\/\/agenciainfra.com\/blog\/wp-content\/uploads\/2023\/09\/iNFRA_5-e1761735885940.png","contentUrl":"https:\/\/agenciainfra.com\/blog\/wp-content\/uploads\/2023\/09\/iNFRA_5-e1761735885940.png","width":1672,"height":454,"caption":"Ag\u00eancia iNFRA"},"image":{"@id":"https:\/\/agenciainfra.com\/blog\/#\/schema\/logo\/image\/"},"sameAs":["https:\/\/www.facebook.com\/ageninfra","https:\/\/x.com\/agencia_infra","https:\/\/www.linkedin.com\/company\/ag\u00eanciainfra\/","https:\/\/www.instagram.com\/agenciainfra\/"]},{"@type":"Person","@id":"https:\/\/agenciainfra.com\/blog\/#\/schema\/person\/04dbb79bd6d8951f063da71f3e4c1eb1","name":"Rodrigo Zuquim","image":{"@type":"ImageObject","inLanguage":"pt-BR","@id":"https:\/\/agenciainfra.com\/blog\/#\/schema\/person\/image\/","url":"https:\/\/secure.gravatar.com\/avatar\/594abfe82761d620726242ff34ca472a705a4b97f16c790053a6b4c4035274d0?s=96&d=mm&r=g","contentUrl":"https:\/\/secure.gravatar.com\/avatar\/594abfe82761d620726242ff34ca472a705a4b97f16c790053a6b4c4035274d0?s=96&d=mm&r=g","caption":"Rodrigo Zuquim"},"url":"https:\/\/agenciainfra.com\/blog\/author\/rodrigo-zuquim\/"}]}},"_links":{"self":[{"href":"https:\/\/agenciainfra.com\/blog\/wp-json\/wp\/v2\/posts\/7265","targetHints":{"allow":["GET"]}}],"collection":[{"href":"https:\/\/agenciainfra.com\/blog\/wp-json\/wp\/v2\/posts"}],"about":[{"href":"https:\/\/agenciainfra.com\/blog\/wp-json\/wp\/v2\/types\/post"}],"author":[{"embeddable":true,"href":"https:\/\/agenciainfra.com\/blog\/wp-json\/wp\/v2\/users\/9"}],"replies":[{"embeddable":true,"href":"https:\/\/agenciainfra.com\/blog\/wp-json\/wp\/v2\/comments?post=7265"}],"version-history":[{"count":0,"href":"https:\/\/agenciainfra.com\/blog\/wp-json\/wp\/v2\/posts\/7265\/revisions"}],"wp:featuredmedia":[{"embeddable":true,"href":"https:\/\/agenciainfra.com\/blog\/wp-json\/wp\/v2\/media\/6355"}],"wp:attachment":[{"href":"https:\/\/agenciainfra.com\/blog\/wp-json\/wp\/v2\/media?parent=7265"}],"wp:term":[{"taxonomy":"category","embeddable":true,"href":"https:\/\/agenciainfra.com\/blog\/wp-json\/wp\/v2\/categories?post=7265"},{"taxonomy":"post_tag","embeddable":true,"href":"https:\/\/agenciainfra.com\/blog\/wp-json\/wp\/v2\/tags?post=7265"}],"curies":[{"name":"wp","href":"https:\/\/api.w.org\/{rel}","templated":true}]}}