{"id":7303,"date":"2021-05-18T08:06:43","date_gmt":"2021-05-18T11:06:43","guid":{"rendered":"https:\/\/www.agenciainfra.com\/blog\/?p=7303"},"modified":"2021-05-18T08:06:48","modified_gmt":"2021-05-18T11:06:48","slug":"ppi-qualifica-arrendamento-de-terminal-de-conteiner-em-santos-e-preve-leilao-em-2022","status":"publish","type":"post","link":"https:\/\/agenciainfra.com\/blog\/ppi-qualifica-arrendamento-de-terminal-de-conteiner-em-santos-e-preve-leilao-em-2022\/","title":{"rendered":"PPI qualifica arrendamento de terminal de cont\u00eainer em Santos e prev\u00ea leil\u00e3o em 2022"},"content":{"rendered":"\n<p class=\"has-text-align-right\"><strong>da Ag\u00eancia iNFRA<\/strong><\/p>\n\n\n\n<p>O Conselho do PPI (Programa de Parcerias de Investimentos) da Presid\u00eancia da Rep\u00fablica estimou que o leil\u00e3o do STS10, terminal portu\u00e1rio destinado \u00e0 movimenta\u00e7\u00e3o de cont\u00eaineres no Porto de Santos (SP), vai ocorrer no primeiro trimestre de 2022.<\/p>\n\n\n\n<p>A informa\u00e7\u00e3o consta da Resolu\u00e7\u00e3o\u00a0172 do Conselho que opinou pela qualifica\u00e7\u00e3o de oito terminais portu\u00e1rios, entre eles o STS10, e divulgou o calend\u00e1rio para os leil\u00f5es. O ato foi publicado no Di\u00e1rio Oficial da Uni\u00e3o e est\u00e1 dispon\u00edvel <a href=\"https:\/\/pesquisa.in.gov.br\/imprensa\/jsp\/visualiza\/index.jsp?data=18\/05\/2021&amp;jornal=515&amp;pagina=52&amp;totalArquivos=185\" data-type=\"URL\" data-id=\"https:\/\/pesquisa.in.gov.br\/imprensa\/jsp\/visualiza\/index.jsp?data=18\/05\/2021&amp;jornal=515&amp;pagina=52&amp;totalArquivos=185\" target=\"_blank\" rel=\"noreferrer noopener\">neste link<\/a>.<\/p>\n\n\n\n<p>Al\u00e9m do terminal em Santos, tamb\u00e9m foram feitas estimativas oficiais para os leil\u00f5es de tr\u00eas terminais portu\u00e1rios em Paranagu\u00e1 (PR). Os terminais PAR15,\u00a0PAR14\u00a0e PAR09\u00a0seriam leiloados no segundo trimestre do ano que vem.<\/p>\n\n\n\n<p>De acordo com o cronograma, tr\u00eas terminais portu\u00e1rios dever\u00e3o ser leiloados ainda neste ano. S\u00e3o eles o ITG03, no Porto de Itagua\u00ed (RJ), o IMB05,\u00a0no Porto de Imbituba (SC), e o SSD09, no Porto de Salvador (BA).<\/p>\n\n\n\n<p>H\u00e1 tamb\u00e9m a previs\u00e3o para que o terminal MUC59, no Porto de Mucuripe (CE), seja desestatizado no primeiro trimestre do ano que vem. A ANTAQ publicou hoje (18) no Di\u00e1rio Oficial que aprovou os estudos de viabilidade para esse arrendamento. O ato est\u00e1 dispon\u00edvel <a rel=\"noreferrer noopener\" href=\"https:\/\/pesquisa.in.gov.br\/imprensa\/jsp\/visualiza\/index.jsp?data=18\/05\/2021&amp;jornal=515&amp;pagina=100&amp;totalArquivos=185\" target=\"_blank\" data-type=\"URL\" data-id=\"https:\/\/pesquisa.in.gov.br\/imprensa\/jsp\/visualiza\/index.jsp?data=18\/05\/2021&amp;jornal=515&amp;pagina=100&amp;totalArquivos=185\">neste link<\/a>.<\/p>\n\n\n\n<p><strong>Canal de acesso<\/strong><br>Outra Resolu\u00e7\u00e3o do PPI que trata de temas portu\u00e1rios \u00e9 a 174, que opinou pela qualifica\u00e7\u00e3o da concess\u00e3o do Canal de Acesso Aquavi\u00e1rio do Complexo Portu\u00e1rio de Paranagu\u00e1 e Antonina, no estado do Paran\u00e1. O ato est\u00e1 dispon\u00edvel <a rel=\"noreferrer noopener\" href=\"https:\/\/pesquisa.in.gov.br\/imprensa\/jsp\/visualiza\/index.jsp?data=18\/05\/2021&amp;jornal=515&amp;pagina=52&amp;totalArquivos=185\" data-type=\"URL\" data-id=\"https:\/\/pesquisa.in.gov.br\/imprensa\/jsp\/visualiza\/index.jsp?data=18\/05\/2021&amp;jornal=515&amp;pagina=52&amp;totalArquivos=185\" target=\"_blank\">neste link<\/a>.<\/p>\n\n\n\n<p>Esta ser\u00e1 a primeira tentativa do governo federal de conceder um canal de acesso portu\u00e1rio. A proposta ainda em estudo \u00e9 que uma empresa possa cuidar, num contrato de longo prazo, dos investimentos necess\u00e1rios (como dragagem, por exemplo) para manter o acesso mar\u00edtimo dos portos em condi\u00e7\u00f5es adequadas.<\/p>\n","protected":false},"excerpt":{"rendered":"<p>da Ag\u00eancia iNFRA O Conselho do PPI (Programa de Parcerias de Investimentos) da Presid\u00eancia da Rep\u00fablica estimou que o leil\u00e3o do STS10, terminal portu\u00e1rio destinado \u00e0 movimenta\u00e7\u00e3o de cont\u00eaineres no Porto de Santos (SP), vai ocorrer no primeiro trimestre de 2022. A informa\u00e7\u00e3o consta da Resolu\u00e7\u00e3o\u00a0172 do Conselho que opinou pela qualifica\u00e7\u00e3o de oito terminais [&hellip;]<\/p>\n","protected":false},"author":9,"featured_media":7305,"comment_status":"closed","ping_status":"closed","sticky":false,"template":"","format":"standard","meta":{"_monsterinsights_skip_tracking":false,"_monsterinsights_sitenote_active":false,"_monsterinsights_sitenote_note":"","_monsterinsights_sitenote_category":0,"footnotes":""},"categories":[1,2052],"tags":[86,1895,4253,4254,3082,4099,32,4098,254,4097,4102,4103,4104,89,4251,2247,1461,4252,260,36,625,4100,4101,623,4250],"class_list":["post-7303","post","type-post","status-publish","format-standard","has-post-thumbnail","hentry","category-geral","category-infra-transicao","tag-antaq","tag-arrendamento","tag-canal-de-acesso","tag-complexo-portuario-de-paranagua-e-antonina","tag-dragagem-2","tag-imb05","tag-investimentos","tag-itg03","tag-leilao","tag-muc59","tag-par09","tag-par14","tag-par15","tag-paranagua","tag-porto-de-imbituba","tag-porto-de-itaguai","tag-porto-de-mucuripe","tag-porto-de-salvador","tag-porto-de-santos","tag-ppi","tag-santos","tag-ssd09","tag-sts10","tag-terminais-portuarios","tag-terminal-de-conteiner"],"yoast_head":"<!-- This site is optimized with the Yoast SEO Premium plugin v25.4 (Yoast SEO v26.0) - https:\/\/yoast.com\/wordpress\/plugins\/seo\/ -->\n<title>PPI qualifica arrendamento de terminal de cont\u00eainer em Santos e prev\u00ea leil\u00e3o em 2022 - Ag\u00eancia iNFRA<\/title>\n<meta name=\"robots\" content=\"index, follow, max-snippet:-1, max-image-preview:large, max-video-preview:-1\" \/>\n<link rel=\"canonical\" href=\"https:\/\/agenciainfra.com\/blog\/ppi-qualifica-arrendamento-de-terminal-de-conteiner-em-santos-e-preve-leilao-em-2022\/\" \/>\n<meta property=\"og:locale\" content=\"pt_BR\" \/>\n<meta property=\"og:type\" content=\"article\" \/>\n<meta property=\"og:title\" content=\"PPI qualifica arrendamento de terminal de cont\u00eainer em Santos e prev\u00ea leil\u00e3o em 2022\" \/>\n<meta property=\"og:description\" content=\"da Ag\u00eancia iNFRA O Conselho do PPI (Programa de Parcerias de Investimentos) da Presid\u00eancia da Rep\u00fablica estimou que o leil\u00e3o do STS10, terminal portu\u00e1rio destinado \u00e0 movimenta\u00e7\u00e3o de cont\u00eaineres no Porto de Santos (SP), vai ocorrer no primeiro trimestre de 2022. A informa\u00e7\u00e3o consta da Resolu\u00e7\u00e3o\u00a0172 do Conselho que opinou pela qualifica\u00e7\u00e3o de oito terminais [&hellip;]\" \/>\n<meta property=\"og:url\" content=\"https:\/\/agenciainfra.com\/blog\/ppi-qualifica-arrendamento-de-terminal-de-conteiner-em-santos-e-preve-leilao-em-2022\/\" \/>\n<meta property=\"og:site_name\" content=\"Ag\u00eancia iNFRA\" \/>\n<meta property=\"article:publisher\" content=\"https:\/\/www.facebook.com\/ageninfra\" \/>\n<meta property=\"article:published_time\" content=\"2021-05-18T11:06:43+00:00\" \/>\n<meta property=\"article:modified_time\" content=\"2021-05-18T11:06:48+00:00\" \/>\n<meta property=\"og:image\" content=\"https:\/\/agenciainfra.com\/blog\/wp-content\/uploads\/2021\/05\/porto-de-santos-foto-spa.jpeg\" \/>\n\t<meta property=\"og:image:width\" content=\"1280\" \/>\n\t<meta property=\"og:image:height\" content=\"852\" \/>\n\t<meta property=\"og:image:type\" content=\"image\/jpeg\" \/>\n<meta name=\"author\" content=\"Rodrigo Zuquim\" \/>\n<meta name=\"twitter:card\" content=\"summary_large_image\" \/>\n<meta name=\"twitter:creator\" content=\"@agencia_infra\" \/>\n<meta name=\"twitter:site\" content=\"@agencia_infra\" \/>\n<meta name=\"twitter:label1\" content=\"Escrito por\" \/>\n\t<meta name=\"twitter:data1\" content=\"Rodrigo Zuquim\" \/>\n\t<meta name=\"twitter:label2\" content=\"Est. tempo de leitura\" \/>\n\t<meta name=\"twitter:data2\" content=\"2 minutos\" \/>\n<script type=\"application\/ld+json\" class=\"yoast-schema-graph\">{\"@context\":\"https:\/\/schema.org\",\"@graph\":[{\"@type\":\"Article\",\"@id\":\"https:\/\/agenciainfra.com\/blog\/ppi-qualifica-arrendamento-de-terminal-de-conteiner-em-santos-e-preve-leilao-em-2022\/#article\",\"isPartOf\":{\"@id\":\"https:\/\/agenciainfra.com\/blog\/ppi-qualifica-arrendamento-de-terminal-de-conteiner-em-santos-e-preve-leilao-em-2022\/\"},\"author\":{\"name\":\"Rodrigo Zuquim\",\"@id\":\"https:\/\/agenciainfra.com\/blog\/#\/schema\/person\/04dbb79bd6d8951f063da71f3e4c1eb1\"},\"headline\":\"PPI qualifica arrendamento de terminal de cont\u00eainer em Santos e prev\u00ea leil\u00e3o em 2022\",\"datePublished\":\"2021-05-18T11:06:43+00:00\",\"dateModified\":\"2021-05-18T11:06:48+00:00\",\"mainEntityOfPage\":{\"@id\":\"https:\/\/agenciainfra.com\/blog\/ppi-qualifica-arrendamento-de-terminal-de-conteiner-em-santos-e-preve-leilao-em-2022\/\"},\"wordCount\":340,\"publisher\":{\"@id\":\"https:\/\/agenciainfra.com\/blog\/#organization\"},\"image\":{\"@id\":\"https:\/\/agenciainfra.com\/blog\/ppi-qualifica-arrendamento-de-terminal-de-conteiner-em-santos-e-preve-leilao-em-2022\/#primaryimage\"},\"thumbnailUrl\":\"https:\/\/agenciainfra.com\/blog\/wp-content\/uploads\/2021\/05\/porto-de-santos-foto-spa.jpeg\",\"keywords\":[\"ANTAQ\",\"arrendamento\",\"canal de acesso\",\"Complexo Portu\u00e1rio de Paranagu\u00e1 e Antonina\",\"dragagem\",\"IMB05\",\"Investimentos\",\"ITG03\",\"leil\u00e3o\",\"MUC59\",\"PAR09\",\"PAR14\",\"PAR15\",\"PARANAGU\u00c1\",\"Porto de Imbituba\",\"Porto de Itagua\u00ed\",\"Porto de Mucuripe\",\"Porto de Salvador\",\"Porto de Santos\",\"PPI\",\"Santos\",\"SSD09\",\"STS10\",\"terminais portu\u00e1rios\",\"terminal de cont\u00eainer\"],\"articleSection\":[\"Geral\",\"iNFRA Na Transi\u00e7\u00e3o\"],\"inLanguage\":\"pt-BR\",\"copyrightYear\":\"2021\",\"copyrightHolder\":{\"@id\":\"https:\/\/agenciainfra.com\/blog\/#organization\"}},{\"@type\":\"WebPage\",\"@id\":\"https:\/\/agenciainfra.com\/blog\/ppi-qualifica-arrendamento-de-terminal-de-conteiner-em-santos-e-preve-leilao-em-2022\/\",\"url\":\"https:\/\/agenciainfra.com\/blog\/ppi-qualifica-arrendamento-de-terminal-de-conteiner-em-santos-e-preve-leilao-em-2022\/\",\"name\":\"PPI qualifica arrendamento de terminal de cont\u00eainer em Santos e prev\u00ea leil\u00e3o em 2022 - Ag\u00eancia iNFRA\",\"isPartOf\":{\"@id\":\"https:\/\/agenciainfra.com\/blog\/#website\"},\"primaryImageOfPage\":{\"@id\":\"https:\/\/agenciainfra.com\/blog\/ppi-qualifica-arrendamento-de-terminal-de-conteiner-em-santos-e-preve-leilao-em-2022\/#primaryimage\"},\"image\":{\"@id\":\"https:\/\/agenciainfra.com\/blog\/ppi-qualifica-arrendamento-de-terminal-de-conteiner-em-santos-e-preve-leilao-em-2022\/#primaryimage\"},\"thumbnailUrl\":\"https:\/\/agenciainfra.com\/blog\/wp-content\/uploads\/2021\/05\/porto-de-santos-foto-spa.jpeg\",\"datePublished\":\"2021-05-18T11:06:43+00:00\",\"dateModified\":\"2021-05-18T11:06:48+00:00\",\"breadcrumb\":{\"@id\":\"https:\/\/agenciainfra.com\/blog\/ppi-qualifica-arrendamento-de-terminal-de-conteiner-em-santos-e-preve-leilao-em-2022\/#breadcrumb\"},\"inLanguage\":\"pt-BR\",\"potentialAction\":[{\"@type\":\"ReadAction\",\"target\":[\"https:\/\/agenciainfra.com\/blog\/ppi-qualifica-arrendamento-de-terminal-de-conteiner-em-santos-e-preve-leilao-em-2022\/\"]}]},{\"@type\":\"ImageObject\",\"inLanguage\":\"pt-BR\",\"@id\":\"https:\/\/agenciainfra.com\/blog\/ppi-qualifica-arrendamento-de-terminal-de-conteiner-em-santos-e-preve-leilao-em-2022\/#primaryimage\",\"url\":\"https:\/\/agenciainfra.com\/blog\/wp-content\/uploads\/2021\/05\/porto-de-santos-foto-spa.jpeg\",\"contentUrl\":\"https:\/\/agenciainfra.com\/blog\/wp-content\/uploads\/2021\/05\/porto-de-santos-foto-spa.jpeg\",\"width\":1280,\"height\":852,\"caption\":\"Foto: Autoridade Portu\u00e1ria de Santos\"},{\"@type\":\"BreadcrumbList\",\"@id\":\"https:\/\/agenciainfra.com\/blog\/ppi-qualifica-arrendamento-de-terminal-de-conteiner-em-santos-e-preve-leilao-em-2022\/#breadcrumb\",\"itemListElement\":[{\"@type\":\"ListItem\",\"position\":1,\"name\":\"In\u00edcio\",\"item\":\"https:\/\/agenciainfra.com\/blog\/\"},{\"@type\":\"ListItem\",\"position\":2,\"name\":\"PPI qualifica arrendamento de terminal de cont\u00eainer em Santos e prev\u00ea leil\u00e3o em 2022\"}]},{\"@type\":\"WebSite\",\"@id\":\"https:\/\/agenciainfra.com\/blog\/#website\",\"url\":\"https:\/\/agenciainfra.com\/blog\/\",\"name\":\"Ag\u00eancia iNFRA\",\"description\":\"Multiplataforma de informa\u00e7\u00e3o jornal\u00edstica refer\u00eancia na \u00e1rea de infraestrutura no Brasil!\",\"publisher\":{\"@id\":\"https:\/\/agenciainfra.com\/blog\/#organization\"},\"potentialAction\":[{\"@type\":\"SearchAction\",\"target\":{\"@type\":\"EntryPoint\",\"urlTemplate\":\"https:\/\/agenciainfra.com\/blog\/?s={search_term_string}\"},\"query-input\":{\"@type\":\"PropertyValueSpecification\",\"valueRequired\":true,\"valueName\":\"search_term_string\"}}],\"inLanguage\":\"pt-BR\"},{\"@type\":\"Organization\",\"@id\":\"https:\/\/agenciainfra.com\/blog\/#organization\",\"name\":\"Ag\u00eancia iNFRA\",\"url\":\"https:\/\/agenciainfra.com\/blog\/\",\"logo\":{\"@type\":\"ImageObject\",\"inLanguage\":\"pt-BR\",\"@id\":\"https:\/\/agenciainfra.com\/blog\/#\/schema\/logo\/image\/\",\"url\":\"https:\/\/agenciainfra.com\/blog\/wp-content\/uploads\/2023\/09\/iNFRA_5-e1761735885940.png\",\"contentUrl\":\"https:\/\/agenciainfra.com\/blog\/wp-content\/uploads\/2023\/09\/iNFRA_5-e1761735885940.png\",\"width\":1672,\"height\":454,\"caption\":\"Ag\u00eancia iNFRA\"},\"image\":{\"@id\":\"https:\/\/agenciainfra.com\/blog\/#\/schema\/logo\/image\/\"},\"sameAs\":[\"https:\/\/www.facebook.com\/ageninfra\",\"https:\/\/x.com\/agencia_infra\",\"https:\/\/www.linkedin.com\/company\/ag\u00eanciainfra\/\",\"https:\/\/www.instagram.com\/agenciainfra\/\"]},{\"@type\":\"Person\",\"@id\":\"https:\/\/agenciainfra.com\/blog\/#\/schema\/person\/04dbb79bd6d8951f063da71f3e4c1eb1\",\"name\":\"Rodrigo Zuquim\",\"image\":{\"@type\":\"ImageObject\",\"inLanguage\":\"pt-BR\",\"@id\":\"https:\/\/agenciainfra.com\/blog\/#\/schema\/person\/image\/\",\"url\":\"https:\/\/secure.gravatar.com\/avatar\/594abfe82761d620726242ff34ca472a705a4b97f16c790053a6b4c4035274d0?s=96&d=mm&r=g\",\"contentUrl\":\"https:\/\/secure.gravatar.com\/avatar\/594abfe82761d620726242ff34ca472a705a4b97f16c790053a6b4c4035274d0?s=96&d=mm&r=g\",\"caption\":\"Rodrigo Zuquim\"},\"url\":\"https:\/\/agenciainfra.com\/blog\/author\/rodrigo-zuquim\/\"}]}<\/script>\n<!-- \/ Yoast SEO Premium plugin. -->","yoast_head_json":{"title":"PPI qualifica arrendamento de terminal de cont\u00eainer em Santos e prev\u00ea leil\u00e3o em 2022 - Ag\u00eancia iNFRA","robots":{"index":"index","follow":"follow","max-snippet":"max-snippet:-1","max-image-preview":"max-image-preview:large","max-video-preview":"max-video-preview:-1"},"canonical":"https:\/\/agenciainfra.com\/blog\/ppi-qualifica-arrendamento-de-terminal-de-conteiner-em-santos-e-preve-leilao-em-2022\/","og_locale":"pt_BR","og_type":"article","og_title":"PPI qualifica arrendamento de terminal de cont\u00eainer em Santos e prev\u00ea leil\u00e3o em 2022","og_description":"da Ag\u00eancia iNFRA O Conselho do PPI (Programa de Parcerias de Investimentos) da Presid\u00eancia da Rep\u00fablica estimou que o leil\u00e3o do STS10, terminal portu\u00e1rio destinado \u00e0 movimenta\u00e7\u00e3o de cont\u00eaineres no Porto de Santos (SP), vai ocorrer no primeiro trimestre de 2022. A informa\u00e7\u00e3o consta da Resolu\u00e7\u00e3o\u00a0172 do Conselho que opinou pela qualifica\u00e7\u00e3o de oito terminais [&hellip;]","og_url":"https:\/\/agenciainfra.com\/blog\/ppi-qualifica-arrendamento-de-terminal-de-conteiner-em-santos-e-preve-leilao-em-2022\/","og_site_name":"Ag\u00eancia iNFRA","article_publisher":"https:\/\/www.facebook.com\/ageninfra","article_published_time":"2021-05-18T11:06:43+00:00","article_modified_time":"2021-05-18T11:06:48+00:00","og_image":[{"width":1280,"height":852,"url":"https:\/\/agenciainfra.com\/blog\/wp-content\/uploads\/2021\/05\/porto-de-santos-foto-spa.jpeg","type":"image\/jpeg"}],"author":"Rodrigo Zuquim","twitter_card":"summary_large_image","twitter_creator":"@agencia_infra","twitter_site":"@agencia_infra","twitter_misc":{"Escrito por":"Rodrigo Zuquim","Est. tempo de leitura":"2 minutos"},"schema":{"@context":"https:\/\/schema.org","@graph":[{"@type":"Article","@id":"https:\/\/agenciainfra.com\/blog\/ppi-qualifica-arrendamento-de-terminal-de-conteiner-em-santos-e-preve-leilao-em-2022\/#article","isPartOf":{"@id":"https:\/\/agenciainfra.com\/blog\/ppi-qualifica-arrendamento-de-terminal-de-conteiner-em-santos-e-preve-leilao-em-2022\/"},"author":{"name":"Rodrigo Zuquim","@id":"https:\/\/agenciainfra.com\/blog\/#\/schema\/person\/04dbb79bd6d8951f063da71f3e4c1eb1"},"headline":"PPI qualifica arrendamento de terminal de cont\u00eainer em Santos e prev\u00ea leil\u00e3o em 2022","datePublished":"2021-05-18T11:06:43+00:00","dateModified":"2021-05-18T11:06:48+00:00","mainEntityOfPage":{"@id":"https:\/\/agenciainfra.com\/blog\/ppi-qualifica-arrendamento-de-terminal-de-conteiner-em-santos-e-preve-leilao-em-2022\/"},"wordCount":340,"publisher":{"@id":"https:\/\/agenciainfra.com\/blog\/#organization"},"image":{"@id":"https:\/\/agenciainfra.com\/blog\/ppi-qualifica-arrendamento-de-terminal-de-conteiner-em-santos-e-preve-leilao-em-2022\/#primaryimage"},"thumbnailUrl":"https:\/\/agenciainfra.com\/blog\/wp-content\/uploads\/2021\/05\/porto-de-santos-foto-spa.jpeg","keywords":["ANTAQ","arrendamento","canal de acesso","Complexo Portu\u00e1rio de Paranagu\u00e1 e Antonina","dragagem","IMB05","Investimentos","ITG03","leil\u00e3o","MUC59","PAR09","PAR14","PAR15","PARANAGU\u00c1","Porto de Imbituba","Porto de Itagua\u00ed","Porto de Mucuripe","Porto de Salvador","Porto de Santos","PPI","Santos","SSD09","STS10","terminais portu\u00e1rios","terminal de cont\u00eainer"],"articleSection":["Geral","iNFRA Na Transi\u00e7\u00e3o"],"inLanguage":"pt-BR","copyrightYear":"2021","copyrightHolder":{"@id":"https:\/\/agenciainfra.com\/blog\/#organization"}},{"@type":"WebPage","@id":"https:\/\/agenciainfra.com\/blog\/ppi-qualifica-arrendamento-de-terminal-de-conteiner-em-santos-e-preve-leilao-em-2022\/","url":"https:\/\/agenciainfra.com\/blog\/ppi-qualifica-arrendamento-de-terminal-de-conteiner-em-santos-e-preve-leilao-em-2022\/","name":"PPI qualifica arrendamento de terminal de cont\u00eainer em Santos e prev\u00ea leil\u00e3o em 2022 - Ag\u00eancia iNFRA","isPartOf":{"@id":"https:\/\/agenciainfra.com\/blog\/#website"},"primaryImageOfPage":{"@id":"https:\/\/agenciainfra.com\/blog\/ppi-qualifica-arrendamento-de-terminal-de-conteiner-em-santos-e-preve-leilao-em-2022\/#primaryimage"},"image":{"@id":"https:\/\/agenciainfra.com\/blog\/ppi-qualifica-arrendamento-de-terminal-de-conteiner-em-santos-e-preve-leilao-em-2022\/#primaryimage"},"thumbnailUrl":"https:\/\/agenciainfra.com\/blog\/wp-content\/uploads\/2021\/05\/porto-de-santos-foto-spa.jpeg","datePublished":"2021-05-18T11:06:43+00:00","dateModified":"2021-05-18T11:06:48+00:00","breadcrumb":{"@id":"https:\/\/agenciainfra.com\/blog\/ppi-qualifica-arrendamento-de-terminal-de-conteiner-em-santos-e-preve-leilao-em-2022\/#breadcrumb"},"inLanguage":"pt-BR","potentialAction":[{"@type":"ReadAction","target":["https:\/\/agenciainfra.com\/blog\/ppi-qualifica-arrendamento-de-terminal-de-conteiner-em-santos-e-preve-leilao-em-2022\/"]}]},{"@type":"ImageObject","inLanguage":"pt-BR","@id":"https:\/\/agenciainfra.com\/blog\/ppi-qualifica-arrendamento-de-terminal-de-conteiner-em-santos-e-preve-leilao-em-2022\/#primaryimage","url":"https:\/\/agenciainfra.com\/blog\/wp-content\/uploads\/2021\/05\/porto-de-santos-foto-spa.jpeg","contentUrl":"https:\/\/agenciainfra.com\/blog\/wp-content\/uploads\/2021\/05\/porto-de-santos-foto-spa.jpeg","width":1280,"height":852,"caption":"Foto: Autoridade Portu\u00e1ria de Santos"},{"@type":"BreadcrumbList","@id":"https:\/\/agenciainfra.com\/blog\/ppi-qualifica-arrendamento-de-terminal-de-conteiner-em-santos-e-preve-leilao-em-2022\/#breadcrumb","itemListElement":[{"@type":"ListItem","position":1,"name":"In\u00edcio","item":"https:\/\/agenciainfra.com\/blog\/"},{"@type":"ListItem","position":2,"name":"PPI qualifica arrendamento de terminal de cont\u00eainer em Santos e prev\u00ea leil\u00e3o em 2022"}]},{"@type":"WebSite","@id":"https:\/\/agenciainfra.com\/blog\/#website","url":"https:\/\/agenciainfra.com\/blog\/","name":"Ag\u00eancia iNFRA","description":"Multiplataforma de informa\u00e7\u00e3o jornal\u00edstica refer\u00eancia na \u00e1rea de infraestrutura no Brasil!","publisher":{"@id":"https:\/\/agenciainfra.com\/blog\/#organization"},"potentialAction":[{"@type":"SearchAction","target":{"@type":"EntryPoint","urlTemplate":"https:\/\/agenciainfra.com\/blog\/?s={search_term_string}"},"query-input":{"@type":"PropertyValueSpecification","valueRequired":true,"valueName":"search_term_string"}}],"inLanguage":"pt-BR"},{"@type":"Organization","@id":"https:\/\/agenciainfra.com\/blog\/#organization","name":"Ag\u00eancia iNFRA","url":"https:\/\/agenciainfra.com\/blog\/","logo":{"@type":"ImageObject","inLanguage":"pt-BR","@id":"https:\/\/agenciainfra.com\/blog\/#\/schema\/logo\/image\/","url":"https:\/\/agenciainfra.com\/blog\/wp-content\/uploads\/2023\/09\/iNFRA_5-e1761735885940.png","contentUrl":"https:\/\/agenciainfra.com\/blog\/wp-content\/uploads\/2023\/09\/iNFRA_5-e1761735885940.png","width":1672,"height":454,"caption":"Ag\u00eancia iNFRA"},"image":{"@id":"https:\/\/agenciainfra.com\/blog\/#\/schema\/logo\/image\/"},"sameAs":["https:\/\/www.facebook.com\/ageninfra","https:\/\/x.com\/agencia_infra","https:\/\/www.linkedin.com\/company\/ag\u00eanciainfra\/","https:\/\/www.instagram.com\/agenciainfra\/"]},{"@type":"Person","@id":"https:\/\/agenciainfra.com\/blog\/#\/schema\/person\/04dbb79bd6d8951f063da71f3e4c1eb1","name":"Rodrigo Zuquim","image":{"@type":"ImageObject","inLanguage":"pt-BR","@id":"https:\/\/agenciainfra.com\/blog\/#\/schema\/person\/image\/","url":"https:\/\/secure.gravatar.com\/avatar\/594abfe82761d620726242ff34ca472a705a4b97f16c790053a6b4c4035274d0?s=96&d=mm&r=g","contentUrl":"https:\/\/secure.gravatar.com\/avatar\/594abfe82761d620726242ff34ca472a705a4b97f16c790053a6b4c4035274d0?s=96&d=mm&r=g","caption":"Rodrigo Zuquim"},"url":"https:\/\/agenciainfra.com\/blog\/author\/rodrigo-zuquim\/"}]}},"_links":{"self":[{"href":"https:\/\/agenciainfra.com\/blog\/wp-json\/wp\/v2\/posts\/7303","targetHints":{"allow":["GET"]}}],"collection":[{"href":"https:\/\/agenciainfra.com\/blog\/wp-json\/wp\/v2\/posts"}],"about":[{"href":"https:\/\/agenciainfra.com\/blog\/wp-json\/wp\/v2\/types\/post"}],"author":[{"embeddable":true,"href":"https:\/\/agenciainfra.com\/blog\/wp-json\/wp\/v2\/users\/9"}],"replies":[{"embeddable":true,"href":"https:\/\/agenciainfra.com\/blog\/wp-json\/wp\/v2\/comments?post=7303"}],"version-history":[{"count":0,"href":"https:\/\/agenciainfra.com\/blog\/wp-json\/wp\/v2\/posts\/7303\/revisions"}],"wp:featuredmedia":[{"embeddable":true,"href":"https:\/\/agenciainfra.com\/blog\/wp-json\/wp\/v2\/media\/7305"}],"wp:attachment":[{"href":"https:\/\/agenciainfra.com\/blog\/wp-json\/wp\/v2\/media?parent=7303"}],"wp:term":[{"taxonomy":"category","embeddable":true,"href":"https:\/\/agenciainfra.com\/blog\/wp-json\/wp\/v2\/categories?post=7303"},{"taxonomy":"post_tag","embeddable":true,"href":"https:\/\/agenciainfra.com\/blog\/wp-json\/wp\/v2\/tags?post=7303"}],"curies":[{"name":"wp","href":"https:\/\/api.w.org\/{rel}","templated":true}]}}