{"id":7345,"date":"2021-05-25T08:00:00","date_gmt":"2021-05-25T11:00:00","guid":{"rendered":"https:\/\/www.agenciainfra.com\/blog\/?p=7345"},"modified":"2021-05-24T11:52:26","modified_gmt":"2021-05-24T14:52:26","slug":"bento-albuquerque-ve-com-otimismo-a-tramitacao-da-mp-da-eletrobras-no-senado","status":"publish","type":"post","link":"https:\/\/agenciainfra.com\/blog\/bento-albuquerque-ve-com-otimismo-a-tramitacao-da-mp-da-eletrobras-no-senado\/","title":{"rendered":"Bento Albuquerque v\u00ea com otimismo a tramita\u00e7\u00e3o da MP da Eletrobras no Senado"},"content":{"rendered":"\n<hr class=\"wp-block-separator\"\/>\n\n\n\n<p class=\"has-text-align-right\"><strong>Leila Coimbra, da Ag\u00eancia iNFRA<\/strong><\/p>\n\n\n\n<p>O ministro de Minas e Energia, Bento Albuquerque, est\u00e1 confiante na tramita\u00e7\u00e3o da Medida Provis\u00f3ria de Capitaliza\u00e7\u00e3o da Eletrobras (MP 1.031) de forma tranquila e na sua aprova\u00e7\u00e3o.\u00a0Segundo Bento, o\u00a0minist\u00e9rio j\u00e1 vinha conversando tanto com a C\u00e2mara quanto com o Senado.<br>\u00a0<br>\u201cNo Senado, at\u00e9 por conta de tudo que foi constru\u00eddo com os presidentes Arthur Lira [C\u00e2mara] e Rodrigo Pacheco [Senado], acreditamos que teremos \u00eaxito e esse projeto ser\u00e1 aprovado\u201d, afirmou \u00e0\u00a0<strong>Ag\u00eancia iNFRA<\/strong>.<br>\u00a0<br>Na madrugada da \u00faltima quinta-feira (20), a MP foi aprovada pela C\u00e2mara\u00a0por uma margem significativa de votos a favor, sempre na faixa de 300 deputados derrubando as manobras da oposi\u00e7\u00e3o. \u201cFoi uma vit\u00f3ria grande para o setor el\u00e9trico e para a sociedade brasileira\u201d, afirmou.<br>\u00a0<br>O ministro disse que foi fundamental no processo o di\u00e1logo entre a equipe do MME (Minist\u00e9rio de Minas e Energia) e as lideran\u00e7as no Congresso Nacional. \u201cFui e conversei com todos os l\u00edderes, com as duas Casas. O presidente Lira [PP-AL] teve um papel fundamental na aprova\u00e7\u00e3o da MP na C\u00e2mara, e foi cumprido o compromisso de encaminhar o projeto com pelo menos um m\u00eas de prazo para a an\u00e1lise do Senado. Estamos tranquilos\u201d, disse.<br>\u00a0<br>\u201cCom o deputado Elmar [Nascimento] na relatoria n\u00f3s tivemos um intenso di\u00e1logo, e o parecer foi feito com muita aplica\u00e7\u00e3o, de forma que atendesse n\u00e3o s\u00f3 aos interesses do governo, mas tamb\u00e9m \u00e0 an\u00e1lise de todas as emendas\u201d, completou.<br>\u00a0<br><strong>Novo relator<\/strong><br>Sobre o nome do relator da MP no Senado, o ministro de Minas e Energia disse n\u00e3o ter a informa\u00e7\u00e3o. Foi ventilado o senador Marcos Rog\u00e9rio (DEM-RO) como possibilidade, o que seria um ponto favor\u00e1vel, j\u00e1 que Rog\u00e9rio \u00e9 vice-l\u00edder do governo e tem feito uma defesa ferrenha do governo Bolsonaro na CPI da Covid.<br>\u00a0<br>\u201cDesconhe\u00e7o [a poss\u00edvel indica\u00e7\u00e3o de Rog\u00e9rio], mas acho que o presidente [Rodrigo] Pacheco j\u00e1 deve ter um nome. Isso n\u00e3o nos preocupa, vamos trabalhar com quem for\u201d, pontou Bento.<br>\u00a0<br><strong>T\u00e9rmicas<\/strong><br>Sobre a determina\u00e7\u00e3o de contrata\u00e7\u00e3o de 6 mil MW de t\u00e9rmicas inflex\u00edveis inclu\u00edda no texto na C\u00e2mara, ponto considerado pol\u00eamico pelo mercado, o ministro afirmou que \u201cisso foi um trabalho feito com o relator [Elmar Nascimento] e recepciona os leil\u00f5es de reserva de capacidade que ser\u00e3o feitos \u2013 o primeiro j\u00e1 em setembro. E tudo isso se associa \u00e0 Lei do G\u00e1s\u201d.<\/p>\n","protected":false},"excerpt":{"rendered":"<p>Leila Coimbra, da Ag\u00eancia iNFRA O ministro de Minas e Energia, Bento Albuquerque, est\u00e1 confiante na tramita\u00e7\u00e3o da Medida Provis\u00f3ria de Capitaliza\u00e7\u00e3o da Eletrobras (MP 1.031) de forma tranquila e na sua aprova\u00e7\u00e3o.\u00a0Segundo Bento, o\u00a0minist\u00e9rio j\u00e1 vinha conversando tanto com a C\u00e2mara quanto com o Senado.\u00a0\u201cNo Senado, at\u00e9 por conta de tudo que foi constru\u00eddo [&hellip;]<\/p>\n","protected":false},"author":9,"featured_media":7346,"comment_status":"closed","ping_status":"closed","sticky":false,"template":"","format":"standard","meta":{"_monsterinsights_skip_tracking":false,"_monsterinsights_sitenote_active":false,"_monsterinsights_sitenote_note":"","_monsterinsights_sitenote_category":0,"footnotes":""},"categories":[1,10],"tags":[3339,710,2555,1480,346,1193,96,3614,3845,2254,123,2823],"class_list":["post-7345","post","type-post","status-publish","format-standard","has-post-thumbnail","hentry","category-geral","category-infraenergia","tag-arthur-lira","tag-bento-albuquerque","tag-elmar-nascimento","tag-lei-do-gas","tag-leiloes","tag-marcos-rogerio","tag-ministerio-de-minas-e-energia","tag-mp-1-031","tag-mp-da-eletrobras","tag-rodrigo-pacheco","tag-senado","tag-termicas-inflexiveis"],"yoast_head":"<!-- This site is optimized with the Yoast SEO Premium plugin v25.4 (Yoast SEO v26.0) - https:\/\/yoast.com\/wordpress\/plugins\/seo\/ -->\n<title>Bento Albuquerque v\u00ea com otimismo a tramita\u00e7\u00e3o da MP da Eletrobras no Senado - Ag\u00eancia iNFRA<\/title>\n<meta name=\"robots\" content=\"index, follow, max-snippet:-1, max-image-preview:large, max-video-preview:-1\" \/>\n<link rel=\"canonical\" href=\"https:\/\/agenciainfra.com\/blog\/bento-albuquerque-ve-com-otimismo-a-tramitacao-da-mp-da-eletrobras-no-senado\/\" \/>\n<meta property=\"og:locale\" content=\"pt_BR\" \/>\n<meta property=\"og:type\" content=\"article\" \/>\n<meta property=\"og:title\" content=\"Bento Albuquerque v\u00ea com otimismo a tramita\u00e7\u00e3o da MP da Eletrobras no Senado\" \/>\n<meta property=\"og:description\" content=\"Leila Coimbra, da Ag\u00eancia iNFRA O ministro de Minas e Energia, Bento Albuquerque, est\u00e1 confiante na tramita\u00e7\u00e3o da Medida Provis\u00f3ria de Capitaliza\u00e7\u00e3o da Eletrobras (MP 1.031) de forma tranquila e na sua aprova\u00e7\u00e3o.\u00a0Segundo Bento, o\u00a0minist\u00e9rio j\u00e1 vinha conversando tanto com a C\u00e2mara quanto com o Senado.\u00a0\u201cNo Senado, at\u00e9 por conta de tudo que foi constru\u00eddo [&hellip;]\" \/>\n<meta property=\"og:url\" content=\"https:\/\/agenciainfra.com\/blog\/bento-albuquerque-ve-com-otimismo-a-tramitacao-da-mp-da-eletrobras-no-senado\/\" \/>\n<meta property=\"og:site_name\" content=\"Ag\u00eancia iNFRA\" \/>\n<meta property=\"article:publisher\" content=\"https:\/\/www.facebook.com\/ageninfra\" \/>\n<meta property=\"article:published_time\" content=\"2021-05-25T11:00:00+00:00\" \/>\n<meta property=\"og:image\" content=\"https:\/\/agenciainfra.com\/blog\/wp-content\/uploads\/2021\/05\/ministro-bento-albuquerque-foto-mme.jpeg\" \/>\n\t<meta property=\"og:image:width\" content=\"1280\" \/>\n\t<meta property=\"og:image:height\" content=\"853\" \/>\n\t<meta property=\"og:image:type\" content=\"image\/jpeg\" \/>\n<meta name=\"author\" content=\"Rodrigo Zuquim\" \/>\n<meta name=\"twitter:card\" content=\"summary_large_image\" \/>\n<meta name=\"twitter:creator\" content=\"@agencia_infra\" \/>\n<meta name=\"twitter:site\" content=\"@agencia_infra\" \/>\n<meta name=\"twitter:label1\" content=\"Escrito por\" \/>\n\t<meta name=\"twitter:data1\" content=\"Rodrigo Zuquim\" \/>\n\t<meta name=\"twitter:label2\" content=\"Est. tempo de leitura\" \/>\n\t<meta name=\"twitter:data2\" content=\"2 minutos\" \/>\n<script type=\"application\/ld+json\" class=\"yoast-schema-graph\">{\"@context\":\"https:\/\/schema.org\",\"@graph\":[{\"@type\":\"Article\",\"@id\":\"https:\/\/agenciainfra.com\/blog\/bento-albuquerque-ve-com-otimismo-a-tramitacao-da-mp-da-eletrobras-no-senado\/#article\",\"isPartOf\":{\"@id\":\"https:\/\/agenciainfra.com\/blog\/bento-albuquerque-ve-com-otimismo-a-tramitacao-da-mp-da-eletrobras-no-senado\/\"},\"author\":{\"name\":\"Rodrigo Zuquim\",\"@id\":\"https:\/\/agenciainfra.com\/blog\/#\/schema\/person\/04dbb79bd6d8951f063da71f3e4c1eb1\"},\"headline\":\"Bento Albuquerque v\u00ea com otimismo a tramita\u00e7\u00e3o da MP da Eletrobras no Senado\",\"datePublished\":\"2021-05-25T11:00:00+00:00\",\"mainEntityOfPage\":{\"@id\":\"https:\/\/agenciainfra.com\/blog\/bento-albuquerque-ve-com-otimismo-a-tramitacao-da-mp-da-eletrobras-no-senado\/\"},\"wordCount\":444,\"publisher\":{\"@id\":\"https:\/\/agenciainfra.com\/blog\/#organization\"},\"image\":{\"@id\":\"https:\/\/agenciainfra.com\/blog\/bento-albuquerque-ve-com-otimismo-a-tramitacao-da-mp-da-eletrobras-no-senado\/#primaryimage\"},\"thumbnailUrl\":\"https:\/\/agenciainfra.com\/blog\/wp-content\/uploads\/2021\/05\/ministro-bento-albuquerque-foto-mme.jpeg\",\"keywords\":[\"Arthur Lira\",\"bento albuquerque\",\"Elmar Nascimento\",\"Lei do G\u00e1s\",\"leil\u00f5es\",\"Marcos Rog\u00e9rio\",\"Minist\u00e9rio de Minas e Energia\",\"MP 1.031\",\"MP da Eletrobras\",\"Rodrigo Pacheco\",\"senado\",\"t\u00e9rmicas inflex\u00edveis\"],\"articleSection\":[\"Geral\",\"iNFRAEnergia\"],\"inLanguage\":\"pt-BR\",\"copyrightYear\":\"2021\",\"copyrightHolder\":{\"@id\":\"https:\/\/agenciainfra.com\/blog\/#organization\"}},{\"@type\":\"WebPage\",\"@id\":\"https:\/\/agenciainfra.com\/blog\/bento-albuquerque-ve-com-otimismo-a-tramitacao-da-mp-da-eletrobras-no-senado\/\",\"url\":\"https:\/\/agenciainfra.com\/blog\/bento-albuquerque-ve-com-otimismo-a-tramitacao-da-mp-da-eletrobras-no-senado\/\",\"name\":\"Bento Albuquerque v\u00ea com otimismo a tramita\u00e7\u00e3o da MP da Eletrobras no Senado - Ag\u00eancia iNFRA\",\"isPartOf\":{\"@id\":\"https:\/\/agenciainfra.com\/blog\/#website\"},\"primaryImageOfPage\":{\"@id\":\"https:\/\/agenciainfra.com\/blog\/bento-albuquerque-ve-com-otimismo-a-tramitacao-da-mp-da-eletrobras-no-senado\/#primaryimage\"},\"image\":{\"@id\":\"https:\/\/agenciainfra.com\/blog\/bento-albuquerque-ve-com-otimismo-a-tramitacao-da-mp-da-eletrobras-no-senado\/#primaryimage\"},\"thumbnailUrl\":\"https:\/\/agenciainfra.com\/blog\/wp-content\/uploads\/2021\/05\/ministro-bento-albuquerque-foto-mme.jpeg\",\"datePublished\":\"2021-05-25T11:00:00+00:00\",\"breadcrumb\":{\"@id\":\"https:\/\/agenciainfra.com\/blog\/bento-albuquerque-ve-com-otimismo-a-tramitacao-da-mp-da-eletrobras-no-senado\/#breadcrumb\"},\"inLanguage\":\"pt-BR\",\"potentialAction\":[{\"@type\":\"ReadAction\",\"target\":[\"https:\/\/agenciainfra.com\/blog\/bento-albuquerque-ve-com-otimismo-a-tramitacao-da-mp-da-eletrobras-no-senado\/\"]}]},{\"@type\":\"ImageObject\",\"inLanguage\":\"pt-BR\",\"@id\":\"https:\/\/agenciainfra.com\/blog\/bento-albuquerque-ve-com-otimismo-a-tramitacao-da-mp-da-eletrobras-no-senado\/#primaryimage\",\"url\":\"https:\/\/agenciainfra.com\/blog\/wp-content\/uploads\/2021\/05\/ministro-bento-albuquerque-foto-mme.jpeg\",\"contentUrl\":\"https:\/\/agenciainfra.com\/blog\/wp-content\/uploads\/2021\/05\/ministro-bento-albuquerque-foto-mme.jpeg\",\"width\":1280,\"height\":853},{\"@type\":\"BreadcrumbList\",\"@id\":\"https:\/\/agenciainfra.com\/blog\/bento-albuquerque-ve-com-otimismo-a-tramitacao-da-mp-da-eletrobras-no-senado\/#breadcrumb\",\"itemListElement\":[{\"@type\":\"ListItem\",\"position\":1,\"name\":\"In\u00edcio\",\"item\":\"https:\/\/agenciainfra.com\/blog\/\"},{\"@type\":\"ListItem\",\"position\":2,\"name\":\"Bento Albuquerque v\u00ea com otimismo a tramita\u00e7\u00e3o da MP da Eletrobras no Senado\"}]},{\"@type\":\"WebSite\",\"@id\":\"https:\/\/agenciainfra.com\/blog\/#website\",\"url\":\"https:\/\/agenciainfra.com\/blog\/\",\"name\":\"Ag\u00eancia iNFRA\",\"description\":\"Multiplataforma de informa\u00e7\u00e3o jornal\u00edstica refer\u00eancia na \u00e1rea de infraestrutura no Brasil!\",\"publisher\":{\"@id\":\"https:\/\/agenciainfra.com\/blog\/#organization\"},\"potentialAction\":[{\"@type\":\"SearchAction\",\"target\":{\"@type\":\"EntryPoint\",\"urlTemplate\":\"https:\/\/agenciainfra.com\/blog\/?s={search_term_string}\"},\"query-input\":{\"@type\":\"PropertyValueSpecification\",\"valueRequired\":true,\"valueName\":\"search_term_string\"}}],\"inLanguage\":\"pt-BR\"},{\"@type\":\"Organization\",\"@id\":\"https:\/\/agenciainfra.com\/blog\/#organization\",\"name\":\"Ag\u00eancia iNFRA\",\"url\":\"https:\/\/agenciainfra.com\/blog\/\",\"logo\":{\"@type\":\"ImageObject\",\"inLanguage\":\"pt-BR\",\"@id\":\"https:\/\/agenciainfra.com\/blog\/#\/schema\/logo\/image\/\",\"url\":\"https:\/\/agenciainfra.com\/blog\/wp-content\/uploads\/2023\/09\/iNFRA_5-e1761735885940.png\",\"contentUrl\":\"https:\/\/agenciainfra.com\/blog\/wp-content\/uploads\/2023\/09\/iNFRA_5-e1761735885940.png\",\"width\":1672,\"height\":454,\"caption\":\"Ag\u00eancia iNFRA\"},\"image\":{\"@id\":\"https:\/\/agenciainfra.com\/blog\/#\/schema\/logo\/image\/\"},\"sameAs\":[\"https:\/\/www.facebook.com\/ageninfra\",\"https:\/\/x.com\/agencia_infra\",\"https:\/\/www.linkedin.com\/company\/ag\u00eanciainfra\/\",\"https:\/\/www.instagram.com\/agenciainfra\/\"]},{\"@type\":\"Person\",\"@id\":\"https:\/\/agenciainfra.com\/blog\/#\/schema\/person\/04dbb79bd6d8951f063da71f3e4c1eb1\",\"name\":\"Rodrigo Zuquim\",\"image\":{\"@type\":\"ImageObject\",\"inLanguage\":\"pt-BR\",\"@id\":\"https:\/\/agenciainfra.com\/blog\/#\/schema\/person\/image\/\",\"url\":\"https:\/\/secure.gravatar.com\/avatar\/594abfe82761d620726242ff34ca472a705a4b97f16c790053a6b4c4035274d0?s=96&d=mm&r=g\",\"contentUrl\":\"https:\/\/secure.gravatar.com\/avatar\/594abfe82761d620726242ff34ca472a705a4b97f16c790053a6b4c4035274d0?s=96&d=mm&r=g\",\"caption\":\"Rodrigo Zuquim\"},\"url\":\"https:\/\/agenciainfra.com\/blog\/author\/rodrigo-zuquim\/\"}]}<\/script>\n<!-- \/ Yoast SEO Premium plugin. -->","yoast_head_json":{"title":"Bento Albuquerque v\u00ea com otimismo a tramita\u00e7\u00e3o da MP da Eletrobras no Senado - Ag\u00eancia iNFRA","robots":{"index":"index","follow":"follow","max-snippet":"max-snippet:-1","max-image-preview":"max-image-preview:large","max-video-preview":"max-video-preview:-1"},"canonical":"https:\/\/agenciainfra.com\/blog\/bento-albuquerque-ve-com-otimismo-a-tramitacao-da-mp-da-eletrobras-no-senado\/","og_locale":"pt_BR","og_type":"article","og_title":"Bento Albuquerque v\u00ea com otimismo a tramita\u00e7\u00e3o da MP da Eletrobras no Senado","og_description":"Leila Coimbra, da Ag\u00eancia iNFRA O ministro de Minas e Energia, Bento Albuquerque, est\u00e1 confiante na tramita\u00e7\u00e3o da Medida Provis\u00f3ria de Capitaliza\u00e7\u00e3o da Eletrobras (MP 1.031) de forma tranquila e na sua aprova\u00e7\u00e3o.\u00a0Segundo Bento, o\u00a0minist\u00e9rio j\u00e1 vinha conversando tanto com a C\u00e2mara quanto com o Senado.\u00a0\u201cNo Senado, at\u00e9 por conta de tudo que foi constru\u00eddo [&hellip;]","og_url":"https:\/\/agenciainfra.com\/blog\/bento-albuquerque-ve-com-otimismo-a-tramitacao-da-mp-da-eletrobras-no-senado\/","og_site_name":"Ag\u00eancia iNFRA","article_publisher":"https:\/\/www.facebook.com\/ageninfra","article_published_time":"2021-05-25T11:00:00+00:00","og_image":[{"width":1280,"height":853,"url":"https:\/\/agenciainfra.com\/blog\/wp-content\/uploads\/2021\/05\/ministro-bento-albuquerque-foto-mme.jpeg","type":"image\/jpeg"}],"author":"Rodrigo Zuquim","twitter_card":"summary_large_image","twitter_creator":"@agencia_infra","twitter_site":"@agencia_infra","twitter_misc":{"Escrito por":"Rodrigo Zuquim","Est. tempo de leitura":"2 minutos"},"schema":{"@context":"https:\/\/schema.org","@graph":[{"@type":"Article","@id":"https:\/\/agenciainfra.com\/blog\/bento-albuquerque-ve-com-otimismo-a-tramitacao-da-mp-da-eletrobras-no-senado\/#article","isPartOf":{"@id":"https:\/\/agenciainfra.com\/blog\/bento-albuquerque-ve-com-otimismo-a-tramitacao-da-mp-da-eletrobras-no-senado\/"},"author":{"name":"Rodrigo Zuquim","@id":"https:\/\/agenciainfra.com\/blog\/#\/schema\/person\/04dbb79bd6d8951f063da71f3e4c1eb1"},"headline":"Bento Albuquerque v\u00ea com otimismo a tramita\u00e7\u00e3o da MP da Eletrobras no Senado","datePublished":"2021-05-25T11:00:00+00:00","mainEntityOfPage":{"@id":"https:\/\/agenciainfra.com\/blog\/bento-albuquerque-ve-com-otimismo-a-tramitacao-da-mp-da-eletrobras-no-senado\/"},"wordCount":444,"publisher":{"@id":"https:\/\/agenciainfra.com\/blog\/#organization"},"image":{"@id":"https:\/\/agenciainfra.com\/blog\/bento-albuquerque-ve-com-otimismo-a-tramitacao-da-mp-da-eletrobras-no-senado\/#primaryimage"},"thumbnailUrl":"https:\/\/agenciainfra.com\/blog\/wp-content\/uploads\/2021\/05\/ministro-bento-albuquerque-foto-mme.jpeg","keywords":["Arthur Lira","bento albuquerque","Elmar Nascimento","Lei do G\u00e1s","leil\u00f5es","Marcos Rog\u00e9rio","Minist\u00e9rio de Minas e Energia","MP 1.031","MP da Eletrobras","Rodrigo Pacheco","senado","t\u00e9rmicas inflex\u00edveis"],"articleSection":["Geral","iNFRAEnergia"],"inLanguage":"pt-BR","copyrightYear":"2021","copyrightHolder":{"@id":"https:\/\/agenciainfra.com\/blog\/#organization"}},{"@type":"WebPage","@id":"https:\/\/agenciainfra.com\/blog\/bento-albuquerque-ve-com-otimismo-a-tramitacao-da-mp-da-eletrobras-no-senado\/","url":"https:\/\/agenciainfra.com\/blog\/bento-albuquerque-ve-com-otimismo-a-tramitacao-da-mp-da-eletrobras-no-senado\/","name":"Bento Albuquerque v\u00ea com otimismo a tramita\u00e7\u00e3o da MP da Eletrobras no Senado - Ag\u00eancia iNFRA","isPartOf":{"@id":"https:\/\/agenciainfra.com\/blog\/#website"},"primaryImageOfPage":{"@id":"https:\/\/agenciainfra.com\/blog\/bento-albuquerque-ve-com-otimismo-a-tramitacao-da-mp-da-eletrobras-no-senado\/#primaryimage"},"image":{"@id":"https:\/\/agenciainfra.com\/blog\/bento-albuquerque-ve-com-otimismo-a-tramitacao-da-mp-da-eletrobras-no-senado\/#primaryimage"},"thumbnailUrl":"https:\/\/agenciainfra.com\/blog\/wp-content\/uploads\/2021\/05\/ministro-bento-albuquerque-foto-mme.jpeg","datePublished":"2021-05-25T11:00:00+00:00","breadcrumb":{"@id":"https:\/\/agenciainfra.com\/blog\/bento-albuquerque-ve-com-otimismo-a-tramitacao-da-mp-da-eletrobras-no-senado\/#breadcrumb"},"inLanguage":"pt-BR","potentialAction":[{"@type":"ReadAction","target":["https:\/\/agenciainfra.com\/blog\/bento-albuquerque-ve-com-otimismo-a-tramitacao-da-mp-da-eletrobras-no-senado\/"]}]},{"@type":"ImageObject","inLanguage":"pt-BR","@id":"https:\/\/agenciainfra.com\/blog\/bento-albuquerque-ve-com-otimismo-a-tramitacao-da-mp-da-eletrobras-no-senado\/#primaryimage","url":"https:\/\/agenciainfra.com\/blog\/wp-content\/uploads\/2021\/05\/ministro-bento-albuquerque-foto-mme.jpeg","contentUrl":"https:\/\/agenciainfra.com\/blog\/wp-content\/uploads\/2021\/05\/ministro-bento-albuquerque-foto-mme.jpeg","width":1280,"height":853},{"@type":"BreadcrumbList","@id":"https:\/\/agenciainfra.com\/blog\/bento-albuquerque-ve-com-otimismo-a-tramitacao-da-mp-da-eletrobras-no-senado\/#breadcrumb","itemListElement":[{"@type":"ListItem","position":1,"name":"In\u00edcio","item":"https:\/\/agenciainfra.com\/blog\/"},{"@type":"ListItem","position":2,"name":"Bento Albuquerque v\u00ea com otimismo a tramita\u00e7\u00e3o da MP da Eletrobras no Senado"}]},{"@type":"WebSite","@id":"https:\/\/agenciainfra.com\/blog\/#website","url":"https:\/\/agenciainfra.com\/blog\/","name":"Ag\u00eancia iNFRA","description":"Multiplataforma de informa\u00e7\u00e3o jornal\u00edstica refer\u00eancia na \u00e1rea de infraestrutura no Brasil!","publisher":{"@id":"https:\/\/agenciainfra.com\/blog\/#organization"},"potentialAction":[{"@type":"SearchAction","target":{"@type":"EntryPoint","urlTemplate":"https:\/\/agenciainfra.com\/blog\/?s={search_term_string}"},"query-input":{"@type":"PropertyValueSpecification","valueRequired":true,"valueName":"search_term_string"}}],"inLanguage":"pt-BR"},{"@type":"Organization","@id":"https:\/\/agenciainfra.com\/blog\/#organization","name":"Ag\u00eancia iNFRA","url":"https:\/\/agenciainfra.com\/blog\/","logo":{"@type":"ImageObject","inLanguage":"pt-BR","@id":"https:\/\/agenciainfra.com\/blog\/#\/schema\/logo\/image\/","url":"https:\/\/agenciainfra.com\/blog\/wp-content\/uploads\/2023\/09\/iNFRA_5-e1761735885940.png","contentUrl":"https:\/\/agenciainfra.com\/blog\/wp-content\/uploads\/2023\/09\/iNFRA_5-e1761735885940.png","width":1672,"height":454,"caption":"Ag\u00eancia iNFRA"},"image":{"@id":"https:\/\/agenciainfra.com\/blog\/#\/schema\/logo\/image\/"},"sameAs":["https:\/\/www.facebook.com\/ageninfra","https:\/\/x.com\/agencia_infra","https:\/\/www.linkedin.com\/company\/ag\u00eanciainfra\/","https:\/\/www.instagram.com\/agenciainfra\/"]},{"@type":"Person","@id":"https:\/\/agenciainfra.com\/blog\/#\/schema\/person\/04dbb79bd6d8951f063da71f3e4c1eb1","name":"Rodrigo Zuquim","image":{"@type":"ImageObject","inLanguage":"pt-BR","@id":"https:\/\/agenciainfra.com\/blog\/#\/schema\/person\/image\/","url":"https:\/\/secure.gravatar.com\/avatar\/594abfe82761d620726242ff34ca472a705a4b97f16c790053a6b4c4035274d0?s=96&d=mm&r=g","contentUrl":"https:\/\/secure.gravatar.com\/avatar\/594abfe82761d620726242ff34ca472a705a4b97f16c790053a6b4c4035274d0?s=96&d=mm&r=g","caption":"Rodrigo Zuquim"},"url":"https:\/\/agenciainfra.com\/blog\/author\/rodrigo-zuquim\/"}]}},"_links":{"self":[{"href":"https:\/\/agenciainfra.com\/blog\/wp-json\/wp\/v2\/posts\/7345","targetHints":{"allow":["GET"]}}],"collection":[{"href":"https:\/\/agenciainfra.com\/blog\/wp-json\/wp\/v2\/posts"}],"about":[{"href":"https:\/\/agenciainfra.com\/blog\/wp-json\/wp\/v2\/types\/post"}],"author":[{"embeddable":true,"href":"https:\/\/agenciainfra.com\/blog\/wp-json\/wp\/v2\/users\/9"}],"replies":[{"embeddable":true,"href":"https:\/\/agenciainfra.com\/blog\/wp-json\/wp\/v2\/comments?post=7345"}],"version-history":[{"count":0,"href":"https:\/\/agenciainfra.com\/blog\/wp-json\/wp\/v2\/posts\/7345\/revisions"}],"wp:featuredmedia":[{"embeddable":true,"href":"https:\/\/agenciainfra.com\/blog\/wp-json\/wp\/v2\/media\/7346"}],"wp:attachment":[{"href":"https:\/\/agenciainfra.com\/blog\/wp-json\/wp\/v2\/media?parent=7345"}],"wp:term":[{"taxonomy":"category","embeddable":true,"href":"https:\/\/agenciainfra.com\/blog\/wp-json\/wp\/v2\/categories?post=7345"},{"taxonomy":"post_tag","embeddable":true,"href":"https:\/\/agenciainfra.com\/blog\/wp-json\/wp\/v2\/tags?post=7345"}],"curies":[{"name":"wp","href":"https:\/\/api.w.org\/{rel}","templated":true}]}}