{"id":7365,"date":"2021-05-29T08:00:00","date_gmt":"2021-05-29T11:00:00","guid":{"rendered":"https:\/\/www.agenciainfra.com\/blog\/?p=7365"},"modified":"2021-05-27T12:23:07","modified_gmt":"2021-05-27T15:23:07","slug":"governo-fica-sem-cadastro-e-nao-ha-mais-como-saber-sobre-obras-paradas-no-pais-informa-tcu","status":"publish","type":"post","link":"https:\/\/agenciainfra.com\/blog\/governo-fica-sem-cadastro-e-nao-ha-mais-como-saber-sobre-obras-paradas-no-pais-informa-tcu\/","title":{"rendered":"Governo fica sem cadastro e n\u00e3o h\u00e1 mais como saber sobre obras paradas no pa\u00eds, informa TCU"},"content":{"rendered":"\n<hr class=\"wp-block-separator\"\/>\n\n\n\n<p class=\"has-text-align-right\"><strong>Dimmi Amora, da\u00a0Ag\u00eancia iNFRA<\/strong><\/p>\n\n\n\n<p>Auditoria do TCU (Tribunal de Contas da Uni\u00e3o) apontou que o governo federal acabou com seu principal cadastro de obras, sem colocar outro no lugar, impedindo que se tenha uma adequada avalia\u00e7\u00e3o sobre as obras paralisadas no pa\u00eds.<\/p>\n\n\n\n<p>A constata\u00e7\u00e3o foi feita num monitoramento do \u00f3rg\u00e3o sobre uma decis\u00e3o de 2018 que apontou o n\u00famero de obras paralisadas no Brasil, indicando na \u00e9poca que, de 38,4 mil obras cadastradas, 14,4 mil estavam paralisadas.<\/p>\n\n\n\n<p>Ao pedir os dados de 2020, o \u00f3rg\u00e3o de controle constatou que o n\u00famero de obras informado pelo governo federal tinha apenas 27,1 mil empreendimentos. Mas n\u00e3o porque tivesse conclu\u00eddo as mais de 11 mil obras de diferen\u00e7a em rela\u00e7\u00e3o a 2018.<\/p>\n\n\n\n<p>Ao acabar por decreto com o Sispac, o sistema de obras do PAC que tinha mais de 10,6 mil cadastros, houve uma descentraliza\u00e7\u00e3o das obras para os minist\u00e9rios. Mas a maioria dos \u00f3rg\u00e3os n\u00e3o tem qualquer informa\u00e7\u00e3o sobre obras em vigor.\u00a0E nem o Minist\u00e9rio da Economia, que herdou o banco do governo anterior, consolidou os dados, o que era previsto num decreto de 2019.<\/p>\n\n\n\n<p>&#8220;N\u00e3o pode o Minist\u00e9rio da Economia se eximir da responsabilidade que lhe foi atribu\u00edda por norma, sob a alega\u00e7\u00e3o de que n\u00e3o recebeu dos minist\u00e9rios executores as informa\u00e7\u00f5es necess\u00e1rias. Deve o Minist\u00e9rio exigir dos demais entes que cumpram aquilo que ficou estabelecido pelos normativos, em especial, pelo Decreto 10.012\/2019, e cabe aos demais \u00f3rg\u00e3os disponibilizar as informa\u00e7\u00f5es dos respectivos projetos de investimentos p\u00fablicos \u00e0quela pasta&#8221;, escreveu o relator, ministro Vital do R\u00eago.<\/p>\n\n\n\n<p>Vital considerou ainda que &#8220;as altera\u00e7\u00f5es verificadas no gerenciamento das informa\u00e7\u00f5es referentes \u00e0s obras constantes do banco de dados do PAC comprometem a transpar\u00eancia e aumentam o risco de preju\u00edzos associados aos empreendimentos&#8221;.<\/p>\n\n\n\n<p>Outro dado que chamou a aten\u00e7\u00e3o do relator foi para o fato de que o governo n\u00e3o pretende incluir no seu novo cadastro, o Cipi (Cadastro Integrado de Projetos de Investimento), as obras paralisadas que n\u00e3o forem retomadas. Para ele, isso &#8220;pode comprometer o adequado gerenciamento desse passivo, agravando os preju\u00edzos j\u00e1 existentes&#8221;.<\/p>\n\n\n\n<p><strong>Maquiagem<\/strong><br>Outra maquiagem nos dados de obras paradas foi identificada na Caixa Econ\u00f4mica Federal. O banco, que \u00e9 respons\u00e1vel por parte das obras em conv\u00eanio, informou que o n\u00famero de obras paralisadas acompanhadas pela entidade passou de 8.771 para 3.797, o que significaria uma redu\u00e7\u00e3o de cerca de 5 mil contratos.&nbsp;<\/p>\n\n\n\n<p>&#8220;Ao contr\u00e1rio do que possa parecer, essa redu\u00e7\u00e3o n\u00e3o reflete necessariamente uma melhora da situa\u00e7\u00e3o&#8221;, informa o relator, explicando que a Caixa mudou os crit\u00e9rios de divulga\u00e7\u00e3o.<\/p>\n\n\n\n<p>&#8220;No diagn\u00f3stico anterior, por exemplo, a entidade utilizava diversas classifica\u00e7\u00f5es para a situa\u00e7\u00e3o das obras, tais como: adiantada, atrasada, normal, obra iniciada sem execu\u00e7\u00e3o e paralisada. Atualmente, s\u00e3o divulgadas apenas as obras com execu\u00e7\u00e3o iniciada e paralisadas.&#8221;<\/p>\n\n\n\n<p>Dois bancos de dados analisados pelos t\u00e9cnicos tinham caracter\u00edsticas semelhantes ao que havia sido encontrado em 2018, o do DNIT (Departamento Nacional de Infraestrutura de Transportes) e o da Funasa (Funda\u00e7\u00e3o Nacional de Sa\u00fade).&nbsp;<\/p>\n\n\n\n<p>E, nos dois casos, houve pequena melhora nos n\u00fameros de obras paradas. De acordo com o TCU, o DNIT apresentava&nbsp;em 2018 &#8220;um total de 1.168 contratos, dos quais 294 eram relativos a obras paralisadas&#8221;. No cen\u00e1rio atual, &#8220;foram encontrados 1.142 contratos, sendo 245 de obras paralisadas&#8221;. A redu\u00e7\u00e3o das obras paradas foi de 25% para&nbsp;21% do total.<\/p>\n\n\n\n<p>No caso da Funasa, em 2018, a Funda\u00e7\u00e3o apresentava um total de 2.287 contratos, dos quais 418 eram relativos a obras paralisadas (18%). No cen\u00e1rio atual, foram encontrados 2.505 contratos, sendo 256 de obras paralisadas (10%).<\/p>\n\n\n\n<p><strong>Decis\u00e3o<\/strong><br>Os ministros decidiram&nbsp;determinar que pelo menos 12 \u00f3rg\u00e3os federais entreguem em 30 dias um cadastro com a situa\u00e7\u00e3o de todas as suas obras. O Minist\u00e9rio da Economia ter\u00e1 ainda que consolidar os dados de todo o governo.&nbsp;<\/p>\n\n\n\n<p>O governo tamb\u00e9m ter\u00e1 que emitir norma em 120 dias para regulamentar a situa\u00e7\u00e3o das obras paralisadas que n\u00e3o v\u00e3o entrar no Cipi, j\u00e1 que esse cadastro n\u00e3o permite obras que n\u00e3o tenham empenhos, e evitar que elas sigam nessa situa\u00e7\u00e3o.<\/p>\n","protected":false},"excerpt":{"rendered":"<p>Dimmi Amora, da\u00a0Ag\u00eancia iNFRA Auditoria do TCU (Tribunal de Contas da Uni\u00e3o) apontou que o governo federal acabou com seu principal cadastro de obras, sem colocar outro no lugar, impedindo que se tenha uma adequada avalia\u00e7\u00e3o sobre as obras paralisadas no pa\u00eds. A constata\u00e7\u00e3o foi feita num monitoramento do \u00f3rg\u00e3o sobre uma decis\u00e3o de 2018 [&hellip;]<\/p>\n","protected":false},"author":9,"featured_media":7366,"comment_status":"closed","ping_status":"closed","sticky":false,"template":"","format":"standard","meta":{"_monsterinsights_skip_tracking":false,"_monsterinsights_sitenote_active":false,"_monsterinsights_sitenote_note":"","_monsterinsights_sitenote_category":0,"footnotes":""},"categories":[1,7],"tags":[2794,2740,1052,4327,4326,328,2393,766,4223,3970,4325,18,2575,860],"class_list":["post-7365","post","type-post","status-publish","format-standard","has-post-thumbnail","hentry","category-geral","category-infratransporte","tag-auditoria","tag-cadastro-integrado-de-projetos-de-investimento","tag-caixa-economica-federal","tag-cipi","tag-decreto-10-012-2019","tag-dnit","tag-funasa","tag-ministerio-da-economia","tag-obras-paradas","tag-obras-paralisadas","tag-sispac","tag-tcu","tag-transparencia","tag-vital-do-rego"],"yoast_head":"<!-- This site is optimized with the Yoast SEO Premium plugin v25.4 (Yoast SEO v26.0) - https:\/\/yoast.com\/wordpress\/plugins\/seo\/ -->\n<title>Governo fica sem cadastro e n\u00e3o h\u00e1 mais como saber sobre obras paradas no pa\u00eds, informa TCU - Ag\u00eancia iNFRA<\/title>\n<meta name=\"robots\" content=\"index, follow, max-snippet:-1, max-image-preview:large, max-video-preview:-1\" \/>\n<link rel=\"canonical\" href=\"https:\/\/agenciainfra.com\/blog\/governo-fica-sem-cadastro-e-nao-ha-mais-como-saber-sobre-obras-paradas-no-pais-informa-tcu\/\" \/>\n<meta property=\"og:locale\" content=\"pt_BR\" \/>\n<meta property=\"og:type\" content=\"article\" \/>\n<meta property=\"og:title\" content=\"Governo fica sem cadastro e n\u00e3o h\u00e1 mais como saber sobre obras paradas no pa\u00eds, informa TCU\" \/>\n<meta property=\"og:description\" content=\"Dimmi Amora, da\u00a0Ag\u00eancia iNFRA Auditoria do TCU (Tribunal de Contas da Uni\u00e3o) apontou que o governo federal acabou com seu principal cadastro de obras, sem colocar outro no lugar, impedindo que se tenha uma adequada avalia\u00e7\u00e3o sobre as obras paralisadas no pa\u00eds. A constata\u00e7\u00e3o foi feita num monitoramento do \u00f3rg\u00e3o sobre uma decis\u00e3o de 2018 [&hellip;]\" \/>\n<meta property=\"og:url\" content=\"https:\/\/agenciainfra.com\/blog\/governo-fica-sem-cadastro-e-nao-ha-mais-como-saber-sobre-obras-paradas-no-pais-informa-tcu\/\" \/>\n<meta property=\"og:site_name\" content=\"Ag\u00eancia iNFRA\" \/>\n<meta property=\"article:publisher\" content=\"https:\/\/www.facebook.com\/ageninfra\" \/>\n<meta property=\"article:published_time\" content=\"2021-05-29T11:00:00+00:00\" \/>\n<meta property=\"og:image\" content=\"https:\/\/agenciainfra.com\/blog\/wp-content\/uploads\/2021\/05\/obra-parada-foto-minfra.png\" \/>\n\t<meta property=\"og:image:width\" content=\"1280\" \/>\n\t<meta property=\"og:image:height\" content=\"717\" \/>\n\t<meta property=\"og:image:type\" content=\"image\/png\" \/>\n<meta name=\"author\" content=\"Rodrigo Zuquim\" \/>\n<meta name=\"twitter:card\" content=\"summary_large_image\" \/>\n<meta name=\"twitter:creator\" content=\"@agencia_infra\" \/>\n<meta name=\"twitter:site\" content=\"@agencia_infra\" \/>\n<meta name=\"twitter:label1\" content=\"Escrito por\" \/>\n\t<meta name=\"twitter:data1\" content=\"Rodrigo Zuquim\" \/>\n\t<meta name=\"twitter:label2\" content=\"Est. tempo de leitura\" \/>\n\t<meta name=\"twitter:data2\" content=\"4 minutos\" \/>\n<script type=\"application\/ld+json\" class=\"yoast-schema-graph\">{\"@context\":\"https:\/\/schema.org\",\"@graph\":[{\"@type\":\"Article\",\"@id\":\"https:\/\/agenciainfra.com\/blog\/governo-fica-sem-cadastro-e-nao-ha-mais-como-saber-sobre-obras-paradas-no-pais-informa-tcu\/#article\",\"isPartOf\":{\"@id\":\"https:\/\/agenciainfra.com\/blog\/governo-fica-sem-cadastro-e-nao-ha-mais-como-saber-sobre-obras-paradas-no-pais-informa-tcu\/\"},\"author\":{\"name\":\"Rodrigo Zuquim\",\"@id\":\"https:\/\/agenciainfra.com\/blog\/#\/schema\/person\/04dbb79bd6d8951f063da71f3e4c1eb1\"},\"headline\":\"Governo fica sem cadastro e n\u00e3o h\u00e1 mais como saber sobre obras paradas no pa\u00eds, informa TCU\",\"datePublished\":\"2021-05-29T11:00:00+00:00\",\"mainEntityOfPage\":{\"@id\":\"https:\/\/agenciainfra.com\/blog\/governo-fica-sem-cadastro-e-nao-ha-mais-como-saber-sobre-obras-paradas-no-pais-informa-tcu\/\"},\"wordCount\":738,\"publisher\":{\"@id\":\"https:\/\/agenciainfra.com\/blog\/#organization\"},\"image\":{\"@id\":\"https:\/\/agenciainfra.com\/blog\/governo-fica-sem-cadastro-e-nao-ha-mais-como-saber-sobre-obras-paradas-no-pais-informa-tcu\/#primaryimage\"},\"thumbnailUrl\":\"https:\/\/agenciainfra.com\/blog\/wp-content\/uploads\/2021\/05\/obra-parada-foto-minfra.png\",\"keywords\":[\"auditoria\",\"Cadastro Integrado de Projetos de Investimento\",\"Caixa Econ\u00f4mica Federal\",\"Cipi\",\"Decreto 10.012\/2019\",\"DNIT\",\"Funasa\",\"Minist\u00e9rio da Economia\",\"obras paradas\",\"obras paralisadas\",\"Sispac\",\"TCU\",\"transpar\u00eancia\",\"Vital do R\u00eago\"],\"articleSection\":[\"Geral\",\"iNFRATransporte\"],\"inLanguage\":\"pt-BR\",\"copyrightYear\":\"2021\",\"copyrightHolder\":{\"@id\":\"https:\/\/agenciainfra.com\/blog\/#organization\"}},{\"@type\":\"WebPage\",\"@id\":\"https:\/\/agenciainfra.com\/blog\/governo-fica-sem-cadastro-e-nao-ha-mais-como-saber-sobre-obras-paradas-no-pais-informa-tcu\/\",\"url\":\"https:\/\/agenciainfra.com\/blog\/governo-fica-sem-cadastro-e-nao-ha-mais-como-saber-sobre-obras-paradas-no-pais-informa-tcu\/\",\"name\":\"Governo fica sem cadastro e n\u00e3o h\u00e1 mais como saber sobre obras paradas no pa\u00eds, informa TCU - Ag\u00eancia iNFRA\",\"isPartOf\":{\"@id\":\"https:\/\/agenciainfra.com\/blog\/#website\"},\"primaryImageOfPage\":{\"@id\":\"https:\/\/agenciainfra.com\/blog\/governo-fica-sem-cadastro-e-nao-ha-mais-como-saber-sobre-obras-paradas-no-pais-informa-tcu\/#primaryimage\"},\"image\":{\"@id\":\"https:\/\/agenciainfra.com\/blog\/governo-fica-sem-cadastro-e-nao-ha-mais-como-saber-sobre-obras-paradas-no-pais-informa-tcu\/#primaryimage\"},\"thumbnailUrl\":\"https:\/\/agenciainfra.com\/blog\/wp-content\/uploads\/2021\/05\/obra-parada-foto-minfra.png\",\"datePublished\":\"2021-05-29T11:00:00+00:00\",\"breadcrumb\":{\"@id\":\"https:\/\/agenciainfra.com\/blog\/governo-fica-sem-cadastro-e-nao-ha-mais-como-saber-sobre-obras-paradas-no-pais-informa-tcu\/#breadcrumb\"},\"inLanguage\":\"pt-BR\",\"potentialAction\":[{\"@type\":\"ReadAction\",\"target\":[\"https:\/\/agenciainfra.com\/blog\/governo-fica-sem-cadastro-e-nao-ha-mais-como-saber-sobre-obras-paradas-no-pais-informa-tcu\/\"]}]},{\"@type\":\"ImageObject\",\"inLanguage\":\"pt-BR\",\"@id\":\"https:\/\/agenciainfra.com\/blog\/governo-fica-sem-cadastro-e-nao-ha-mais-como-saber-sobre-obras-paradas-no-pais-informa-tcu\/#primaryimage\",\"url\":\"https:\/\/agenciainfra.com\/blog\/wp-content\/uploads\/2021\/05\/obra-parada-foto-minfra.png\",\"contentUrl\":\"https:\/\/agenciainfra.com\/blog\/wp-content\/uploads\/2021\/05\/obra-parada-foto-minfra.png\",\"width\":1280,\"height\":717},{\"@type\":\"BreadcrumbList\",\"@id\":\"https:\/\/agenciainfra.com\/blog\/governo-fica-sem-cadastro-e-nao-ha-mais-como-saber-sobre-obras-paradas-no-pais-informa-tcu\/#breadcrumb\",\"itemListElement\":[{\"@type\":\"ListItem\",\"position\":1,\"name\":\"In\u00edcio\",\"item\":\"https:\/\/agenciainfra.com\/blog\/\"},{\"@type\":\"ListItem\",\"position\":2,\"name\":\"Governo fica sem cadastro e n\u00e3o h\u00e1 mais como saber sobre obras paradas no pa\u00eds, informa TCU\"}]},{\"@type\":\"WebSite\",\"@id\":\"https:\/\/agenciainfra.com\/blog\/#website\",\"url\":\"https:\/\/agenciainfra.com\/blog\/\",\"name\":\"Ag\u00eancia iNFRA\",\"description\":\"Multiplataforma de informa\u00e7\u00e3o jornal\u00edstica refer\u00eancia na \u00e1rea de infraestrutura no Brasil!\",\"publisher\":{\"@id\":\"https:\/\/agenciainfra.com\/blog\/#organization\"},\"potentialAction\":[{\"@type\":\"SearchAction\",\"target\":{\"@type\":\"EntryPoint\",\"urlTemplate\":\"https:\/\/agenciainfra.com\/blog\/?s={search_term_string}\"},\"query-input\":{\"@type\":\"PropertyValueSpecification\",\"valueRequired\":true,\"valueName\":\"search_term_string\"}}],\"inLanguage\":\"pt-BR\"},{\"@type\":\"Organization\",\"@id\":\"https:\/\/agenciainfra.com\/blog\/#organization\",\"name\":\"Ag\u00eancia iNFRA\",\"url\":\"https:\/\/agenciainfra.com\/blog\/\",\"logo\":{\"@type\":\"ImageObject\",\"inLanguage\":\"pt-BR\",\"@id\":\"https:\/\/agenciainfra.com\/blog\/#\/schema\/logo\/image\/\",\"url\":\"https:\/\/agenciainfra.com\/blog\/wp-content\/uploads\/2023\/09\/iNFRA_5-e1761735885940.png\",\"contentUrl\":\"https:\/\/agenciainfra.com\/blog\/wp-content\/uploads\/2023\/09\/iNFRA_5-e1761735885940.png\",\"width\":1672,\"height\":454,\"caption\":\"Ag\u00eancia iNFRA\"},\"image\":{\"@id\":\"https:\/\/agenciainfra.com\/blog\/#\/schema\/logo\/image\/\"},\"sameAs\":[\"https:\/\/www.facebook.com\/ageninfra\",\"https:\/\/x.com\/agencia_infra\",\"https:\/\/www.linkedin.com\/company\/ag\u00eanciainfra\/\",\"https:\/\/www.instagram.com\/agenciainfra\/\"]},{\"@type\":\"Person\",\"@id\":\"https:\/\/agenciainfra.com\/blog\/#\/schema\/person\/04dbb79bd6d8951f063da71f3e4c1eb1\",\"name\":\"Rodrigo Zuquim\",\"image\":{\"@type\":\"ImageObject\",\"inLanguage\":\"pt-BR\",\"@id\":\"https:\/\/agenciainfra.com\/blog\/#\/schema\/person\/image\/\",\"url\":\"https:\/\/secure.gravatar.com\/avatar\/594abfe82761d620726242ff34ca472a705a4b97f16c790053a6b4c4035274d0?s=96&d=mm&r=g\",\"contentUrl\":\"https:\/\/secure.gravatar.com\/avatar\/594abfe82761d620726242ff34ca472a705a4b97f16c790053a6b4c4035274d0?s=96&d=mm&r=g\",\"caption\":\"Rodrigo Zuquim\"},\"url\":\"https:\/\/agenciainfra.com\/blog\/author\/rodrigo-zuquim\/\"}]}<\/script>\n<!-- \/ Yoast SEO Premium plugin. -->","yoast_head_json":{"title":"Governo fica sem cadastro e n\u00e3o h\u00e1 mais como saber sobre obras paradas no pa\u00eds, informa TCU - Ag\u00eancia iNFRA","robots":{"index":"index","follow":"follow","max-snippet":"max-snippet:-1","max-image-preview":"max-image-preview:large","max-video-preview":"max-video-preview:-1"},"canonical":"https:\/\/agenciainfra.com\/blog\/governo-fica-sem-cadastro-e-nao-ha-mais-como-saber-sobre-obras-paradas-no-pais-informa-tcu\/","og_locale":"pt_BR","og_type":"article","og_title":"Governo fica sem cadastro e n\u00e3o h\u00e1 mais como saber sobre obras paradas no pa\u00eds, informa TCU","og_description":"Dimmi Amora, da\u00a0Ag\u00eancia iNFRA Auditoria do TCU (Tribunal de Contas da Uni\u00e3o) apontou que o governo federal acabou com seu principal cadastro de obras, sem colocar outro no lugar, impedindo que se tenha uma adequada avalia\u00e7\u00e3o sobre as obras paralisadas no pa\u00eds. A constata\u00e7\u00e3o foi feita num monitoramento do \u00f3rg\u00e3o sobre uma decis\u00e3o de 2018 [&hellip;]","og_url":"https:\/\/agenciainfra.com\/blog\/governo-fica-sem-cadastro-e-nao-ha-mais-como-saber-sobre-obras-paradas-no-pais-informa-tcu\/","og_site_name":"Ag\u00eancia iNFRA","article_publisher":"https:\/\/www.facebook.com\/ageninfra","article_published_time":"2021-05-29T11:00:00+00:00","og_image":[{"width":1280,"height":717,"url":"https:\/\/agenciainfra.com\/blog\/wp-content\/uploads\/2021\/05\/obra-parada-foto-minfra.png","type":"image\/png"}],"author":"Rodrigo Zuquim","twitter_card":"summary_large_image","twitter_creator":"@agencia_infra","twitter_site":"@agencia_infra","twitter_misc":{"Escrito por":"Rodrigo Zuquim","Est. tempo de leitura":"4 minutos"},"schema":{"@context":"https:\/\/schema.org","@graph":[{"@type":"Article","@id":"https:\/\/agenciainfra.com\/blog\/governo-fica-sem-cadastro-e-nao-ha-mais-como-saber-sobre-obras-paradas-no-pais-informa-tcu\/#article","isPartOf":{"@id":"https:\/\/agenciainfra.com\/blog\/governo-fica-sem-cadastro-e-nao-ha-mais-como-saber-sobre-obras-paradas-no-pais-informa-tcu\/"},"author":{"name":"Rodrigo Zuquim","@id":"https:\/\/agenciainfra.com\/blog\/#\/schema\/person\/04dbb79bd6d8951f063da71f3e4c1eb1"},"headline":"Governo fica sem cadastro e n\u00e3o h\u00e1 mais como saber sobre obras paradas no pa\u00eds, informa TCU","datePublished":"2021-05-29T11:00:00+00:00","mainEntityOfPage":{"@id":"https:\/\/agenciainfra.com\/blog\/governo-fica-sem-cadastro-e-nao-ha-mais-como-saber-sobre-obras-paradas-no-pais-informa-tcu\/"},"wordCount":738,"publisher":{"@id":"https:\/\/agenciainfra.com\/blog\/#organization"},"image":{"@id":"https:\/\/agenciainfra.com\/blog\/governo-fica-sem-cadastro-e-nao-ha-mais-como-saber-sobre-obras-paradas-no-pais-informa-tcu\/#primaryimage"},"thumbnailUrl":"https:\/\/agenciainfra.com\/blog\/wp-content\/uploads\/2021\/05\/obra-parada-foto-minfra.png","keywords":["auditoria","Cadastro Integrado de Projetos de Investimento","Caixa Econ\u00f4mica Federal","Cipi","Decreto 10.012\/2019","DNIT","Funasa","Minist\u00e9rio da Economia","obras paradas","obras paralisadas","Sispac","TCU","transpar\u00eancia","Vital do R\u00eago"],"articleSection":["Geral","iNFRATransporte"],"inLanguage":"pt-BR","copyrightYear":"2021","copyrightHolder":{"@id":"https:\/\/agenciainfra.com\/blog\/#organization"}},{"@type":"WebPage","@id":"https:\/\/agenciainfra.com\/blog\/governo-fica-sem-cadastro-e-nao-ha-mais-como-saber-sobre-obras-paradas-no-pais-informa-tcu\/","url":"https:\/\/agenciainfra.com\/blog\/governo-fica-sem-cadastro-e-nao-ha-mais-como-saber-sobre-obras-paradas-no-pais-informa-tcu\/","name":"Governo fica sem cadastro e n\u00e3o h\u00e1 mais como saber sobre obras paradas no pa\u00eds, informa TCU - Ag\u00eancia iNFRA","isPartOf":{"@id":"https:\/\/agenciainfra.com\/blog\/#website"},"primaryImageOfPage":{"@id":"https:\/\/agenciainfra.com\/blog\/governo-fica-sem-cadastro-e-nao-ha-mais-como-saber-sobre-obras-paradas-no-pais-informa-tcu\/#primaryimage"},"image":{"@id":"https:\/\/agenciainfra.com\/blog\/governo-fica-sem-cadastro-e-nao-ha-mais-como-saber-sobre-obras-paradas-no-pais-informa-tcu\/#primaryimage"},"thumbnailUrl":"https:\/\/agenciainfra.com\/blog\/wp-content\/uploads\/2021\/05\/obra-parada-foto-minfra.png","datePublished":"2021-05-29T11:00:00+00:00","breadcrumb":{"@id":"https:\/\/agenciainfra.com\/blog\/governo-fica-sem-cadastro-e-nao-ha-mais-como-saber-sobre-obras-paradas-no-pais-informa-tcu\/#breadcrumb"},"inLanguage":"pt-BR","potentialAction":[{"@type":"ReadAction","target":["https:\/\/agenciainfra.com\/blog\/governo-fica-sem-cadastro-e-nao-ha-mais-como-saber-sobre-obras-paradas-no-pais-informa-tcu\/"]}]},{"@type":"ImageObject","inLanguage":"pt-BR","@id":"https:\/\/agenciainfra.com\/blog\/governo-fica-sem-cadastro-e-nao-ha-mais-como-saber-sobre-obras-paradas-no-pais-informa-tcu\/#primaryimage","url":"https:\/\/agenciainfra.com\/blog\/wp-content\/uploads\/2021\/05\/obra-parada-foto-minfra.png","contentUrl":"https:\/\/agenciainfra.com\/blog\/wp-content\/uploads\/2021\/05\/obra-parada-foto-minfra.png","width":1280,"height":717},{"@type":"BreadcrumbList","@id":"https:\/\/agenciainfra.com\/blog\/governo-fica-sem-cadastro-e-nao-ha-mais-como-saber-sobre-obras-paradas-no-pais-informa-tcu\/#breadcrumb","itemListElement":[{"@type":"ListItem","position":1,"name":"In\u00edcio","item":"https:\/\/agenciainfra.com\/blog\/"},{"@type":"ListItem","position":2,"name":"Governo fica sem cadastro e n\u00e3o h\u00e1 mais como saber sobre obras paradas no pa\u00eds, informa TCU"}]},{"@type":"WebSite","@id":"https:\/\/agenciainfra.com\/blog\/#website","url":"https:\/\/agenciainfra.com\/blog\/","name":"Ag\u00eancia iNFRA","description":"Multiplataforma de informa\u00e7\u00e3o jornal\u00edstica refer\u00eancia na \u00e1rea de infraestrutura no Brasil!","publisher":{"@id":"https:\/\/agenciainfra.com\/blog\/#organization"},"potentialAction":[{"@type":"SearchAction","target":{"@type":"EntryPoint","urlTemplate":"https:\/\/agenciainfra.com\/blog\/?s={search_term_string}"},"query-input":{"@type":"PropertyValueSpecification","valueRequired":true,"valueName":"search_term_string"}}],"inLanguage":"pt-BR"},{"@type":"Organization","@id":"https:\/\/agenciainfra.com\/blog\/#organization","name":"Ag\u00eancia iNFRA","url":"https:\/\/agenciainfra.com\/blog\/","logo":{"@type":"ImageObject","inLanguage":"pt-BR","@id":"https:\/\/agenciainfra.com\/blog\/#\/schema\/logo\/image\/","url":"https:\/\/agenciainfra.com\/blog\/wp-content\/uploads\/2023\/09\/iNFRA_5-e1761735885940.png","contentUrl":"https:\/\/agenciainfra.com\/blog\/wp-content\/uploads\/2023\/09\/iNFRA_5-e1761735885940.png","width":1672,"height":454,"caption":"Ag\u00eancia iNFRA"},"image":{"@id":"https:\/\/agenciainfra.com\/blog\/#\/schema\/logo\/image\/"},"sameAs":["https:\/\/www.facebook.com\/ageninfra","https:\/\/x.com\/agencia_infra","https:\/\/www.linkedin.com\/company\/ag\u00eanciainfra\/","https:\/\/www.instagram.com\/agenciainfra\/"]},{"@type":"Person","@id":"https:\/\/agenciainfra.com\/blog\/#\/schema\/person\/04dbb79bd6d8951f063da71f3e4c1eb1","name":"Rodrigo Zuquim","image":{"@type":"ImageObject","inLanguage":"pt-BR","@id":"https:\/\/agenciainfra.com\/blog\/#\/schema\/person\/image\/","url":"https:\/\/secure.gravatar.com\/avatar\/594abfe82761d620726242ff34ca472a705a4b97f16c790053a6b4c4035274d0?s=96&d=mm&r=g","contentUrl":"https:\/\/secure.gravatar.com\/avatar\/594abfe82761d620726242ff34ca472a705a4b97f16c790053a6b4c4035274d0?s=96&d=mm&r=g","caption":"Rodrigo Zuquim"},"url":"https:\/\/agenciainfra.com\/blog\/author\/rodrigo-zuquim\/"}]}},"_links":{"self":[{"href":"https:\/\/agenciainfra.com\/blog\/wp-json\/wp\/v2\/posts\/7365","targetHints":{"allow":["GET"]}}],"collection":[{"href":"https:\/\/agenciainfra.com\/blog\/wp-json\/wp\/v2\/posts"}],"about":[{"href":"https:\/\/agenciainfra.com\/blog\/wp-json\/wp\/v2\/types\/post"}],"author":[{"embeddable":true,"href":"https:\/\/agenciainfra.com\/blog\/wp-json\/wp\/v2\/users\/9"}],"replies":[{"embeddable":true,"href":"https:\/\/agenciainfra.com\/blog\/wp-json\/wp\/v2\/comments?post=7365"}],"version-history":[{"count":0,"href":"https:\/\/agenciainfra.com\/blog\/wp-json\/wp\/v2\/posts\/7365\/revisions"}],"wp:featuredmedia":[{"embeddable":true,"href":"https:\/\/agenciainfra.com\/blog\/wp-json\/wp\/v2\/media\/7366"}],"wp:attachment":[{"href":"https:\/\/agenciainfra.com\/blog\/wp-json\/wp\/v2\/media?parent=7365"}],"wp:term":[{"taxonomy":"category","embeddable":true,"href":"https:\/\/agenciainfra.com\/blog\/wp-json\/wp\/v2\/categories?post=7365"},{"taxonomy":"post_tag","embeddable":true,"href":"https:\/\/agenciainfra.com\/blog\/wp-json\/wp\/v2\/tags?post=7365"}],"curies":[{"name":"wp","href":"https:\/\/api.w.org\/{rel}","templated":true}]}}