{"id":7372,"date":"2021-06-01T08:00:00","date_gmt":"2021-06-01T11:00:00","guid":{"rendered":"https:\/\/www.agenciainfra.com\/blog\/?p=7372"},"modified":"2021-05-31T12:39:32","modified_gmt":"2021-05-31T15:39:32","slug":"crise-hidrica-pode-afetar-politicamente-a-medida-provisoria-da-eletrobras-no-senado","status":"publish","type":"post","link":"https:\/\/agenciainfra.com\/blog\/crise-hidrica-pode-afetar-politicamente-a-medida-provisoria-da-eletrobras-no-senado\/","title":{"rendered":"Crise h\u00eddrica pode afetar politicamente a medida provis\u00f3ria da Eletrobras no Senado"},"content":{"rendered":"\n<hr class=\"wp-block-separator\"\/>\n\n\n\n<p class=\"has-text-align-right\"><strong>Leila Coimbra e\u00a0Alexandre Facciolla, da Ag\u00eancia iNFRA<\/strong><\/p>\n\n\n\n<p>A seca nos reservat\u00f3rios de \u00e1gua, que acendeu o alerta sobre o abastecimento de energia e levou o governo a emitir alerta de&nbsp;emerg\u00eancia h\u00eddrica&nbsp;para o per\u00edodo de junho a&nbsp;setembro em cinco estados brasileiros, pode ter tamb\u00e9m consequ\u00eancias pol\u00edticas sobre a tramita\u00e7\u00e3o da Medida Provis\u00f3ria de Capitaliza\u00e7\u00e3o da Eletrobras (MP 1.031) no Senado Federal.<br>&nbsp;<br>O CMSE (Comit\u00ea de Monitoramento do Setor El\u00e9trico), liderado pelo Minist\u00e9rio de Minas e Energia, determinou em reuni\u00e3o extraordin\u00e1ria na \u00faltima quinta-feira (27) que a escassez de chuvas deve impor restri\u00e7\u00f5es de vaz\u00f5es de \u00e1guas de algumas hidrel\u00e9tricas,&nbsp;incluindo Jupi\u00e1, Porto Primavera e Ilha Solteira, em S\u00e3o Paulo, e Furnas, em Minas Gerais.<br>&nbsp;<br>Essas medidas determinam a prefer\u00eancia do uso da \u00e1gua para a gera\u00e7\u00e3o de energia el\u00e9trica, em detrimento de outros usos como agricultura, consumo humano, piscicultura, turismo nas regi\u00f5es dos lagos e para o transporte hidrovi\u00e1rio, por exemplo.<br>&nbsp;<br><strong>Briga pol\u00edtica<\/strong><br>A decis\u00e3o do CMSE desagradou a bancada mineira no Congresso, principalmente por conta do seu impacto nas \u00e1guas de Furnas. O presidente do Senado, Rodrigo Pacheco (DEM-MG), demonstrou publicamente a sua insatisfa\u00e7\u00e3o, nas redes sociais.<br><br>Pacheco \u00e9 figura essencial para a tramita\u00e7\u00e3o da medida provis\u00f3ria nestas tr\u00eas semanas restantes de validade da mat\u00e9ria no Legislativo \u2013 que vence em 22 de junho.<br>&nbsp;<br>Cabe ao presidente do Senado escolher o relator de todos os projetos e medidas provis\u00f3rias, e tamb\u00e9m por decidir as pautas que ser\u00e3o votadas em plen\u00e1rio. Disputam a relatoria da MP da Eletrobras os senadores Davi Alcolumbre (DEM-AP) e Marcos Rog\u00e9rio (DEM-RO). A expectativa \u00e9 que o nome seja decidido nesta semana.<br>&nbsp;<br>O comandante do Senado&nbsp;criticou, via Twitter, na sexta-feira passada, o ONS (Operador Nacional do Sistema El\u00e9trico), afirmando que a entidade \u201capoderou-se das \u00e1guas brasileiras para o seu prop\u00f3sito \u00fanico de gera\u00e7\u00e3o de energia\u201d.&nbsp;<br><br>\u201cEssa pol\u00edtica energ\u00e9tica sem ideias, que n\u00e3o planeja e n\u00e3o pensa em m\u00e9dio e longo prazo, reduz os n\u00edveis de \u00e1gua e sacrifica o abastecimento, o turismo, a navega\u00e7\u00e3o, a agropecu\u00e1ria, a piscicultura e o meio ambiente. Sacrifica, sobretudo, milhares de pessoas! A previs\u00e3o de secar os reservat\u00f3rios do sistema de Furnas, em Minas Gerais, \u00e9 inaceit\u00e1vel, ainda mais depois dos acordos feitos com a bancada federal do Estado&#8221;, escreveu Pacheco.<br><br><strong>Anastasia<\/strong><br>Outro senador mineiro que se mostrou insatisfeito foi Antonio Anastasia (PSD), que j\u00e1 governou o estado de MG. \u201cH\u00e1 anos a bancada de Minas Gerais no Congresso Nacional vem buscando um di\u00e1logo junto a diversos \u00f3rg\u00e3os do governo federal de modo a garantir uma cota m\u00ednima para o n\u00edvel da represa de Furnas. Isso \u00e9 muito importante porque significa a subsist\u00eancia e a manuten\u00e7\u00e3o de empregos de milhares de fam\u00edlias em dezenas de munic\u00edpios de nosso estado\u201d, disse Anastasia \u00e0&nbsp;<strong>Ag\u00eancia iNFRA<\/strong>.<br>&nbsp;<br>Segundo o senador, \u201cfoi feito o compromisso para que, de forma paulatina e planejada, esse m\u00ednimo seja respeitado. Qualquer retrocesso nesse sentido ser\u00e1, de fato, um desrespeito e n\u00e3o ser\u00e1 tolerado por Minas Gerais\u201d, completou.<br>&nbsp;<br><strong>Zema<\/strong><br>O governador de Minas, Romeu Zema, n\u00e3o se posicionou oficialmente, mas esteve em Bras\u00edlia na semana passada em audi\u00eancia com o ministro Bento Albuquerque, de Minas e Energia, e&nbsp;dentre os assuntos tratados, a cota do Lago de Furnas foi um deles, disseram fontes. Ap\u00f3s a decis\u00e3o do CMSE, Zema tamb\u00e9m demonstrou irrita\u00e7\u00e3o.<br><br><strong>Cota de 762 metros<\/strong><br>Os 34 munic\u00edpios que abrangem o entorno do Lago de Furnas defendem uma cota m\u00ednima de 762 metros como forma de promover o desenvolvimento sustent\u00e1vel da regi\u00e3o atrav\u00e9s de atividades como piscicultura, turismo, ind\u00fastria n\u00e1utica, pesca, servi\u00e7os e hotelaria.<br><br>Para manter a gera\u00e7\u00e3o de energia da hidrel\u00e9trica de Furnas, no entanto, \u00e9 imposs\u00edvel deixar o lago nesse n\u00edvel, e o ONS defende uma cota m\u00ednima de 755 metros, considerada muito baixa para os outros fins.<\/p>\n","protected":false},"excerpt":{"rendered":"<p>Leila Coimbra e\u00a0Alexandre Facciolla, da Ag\u00eancia iNFRA A seca nos reservat\u00f3rios de \u00e1gua, que acendeu o alerta sobre o abastecimento de energia e levou o governo a emitir alerta de&nbsp;emerg\u00eancia h\u00eddrica&nbsp;para o per\u00edodo de junho a&nbsp;setembro em cinco estados brasileiros, pode ter tamb\u00e9m consequ\u00eancias pol\u00edticas sobre a tramita\u00e7\u00e3o da Medida Provis\u00f3ria de Capitaliza\u00e7\u00e3o da Eletrobras [&hellip;]<\/p>\n","protected":false},"author":9,"featured_media":7373,"comment_status":"closed","ping_status":"closed","sticky":false,"template":"","format":"standard","meta":{"_monsterinsights_skip_tracking":false,"_monsterinsights_sitenote_active":false,"_monsterinsights_sitenote_note":"","_monsterinsights_sitenote_category":0,"footnotes":""},"categories":[1,10],"tags":[3199,4334,3252,710,1430,792,3487,1228,4333,25,638,1854,635,1193,1985,96,3614,3845,216,1819,2254,3103,4010,123,4335],"class_list":["post-7372","post","type-post","status-publish","format-standard","has-post-thumbnail","hentry","category-geral","category-infraenergia","tag-abastecimento","tag-agricultura","tag-antonio-anastasia","tag-bento-albuquerque","tag-capitalizacao","tag-cmse","tag-crise-hidrica","tag-davi-alcolumbre","tag-emergencia-hidrica","tag-energia","tag-furnas","tag-geracao","tag-hidreletricas","tag-marcos-rogerio","tag-minas-gerais","tag-ministerio-de-minas-e-energia","tag-mp-1-031","tag-mp-da-eletrobras","tag-ons","tag-reservatorios","tag-rodrigo-pacheco","tag-romeu-zema","tag-seca","tag-senado","tag-transporte-hidroviario"],"yoast_head":"<!-- This site is optimized with the Yoast SEO Premium plugin v25.4 (Yoast SEO v26.0) - https:\/\/yoast.com\/wordpress\/plugins\/seo\/ -->\n<title>Crise h\u00eddrica pode afetar politicamente a medida provis\u00f3ria da Eletrobras no Senado - Ag\u00eancia iNFRA<\/title>\n<meta name=\"robots\" content=\"index, follow, max-snippet:-1, max-image-preview:large, max-video-preview:-1\" \/>\n<link rel=\"canonical\" href=\"https:\/\/agenciainfra.com\/blog\/crise-hidrica-pode-afetar-politicamente-a-medida-provisoria-da-eletrobras-no-senado\/\" \/>\n<meta property=\"og:locale\" content=\"pt_BR\" \/>\n<meta property=\"og:type\" content=\"article\" \/>\n<meta property=\"og:title\" content=\"Crise h\u00eddrica pode afetar politicamente a medida provis\u00f3ria da Eletrobras no Senado\" \/>\n<meta property=\"og:description\" content=\"Leila Coimbra e\u00a0Alexandre Facciolla, da Ag\u00eancia iNFRA A seca nos reservat\u00f3rios de \u00e1gua, que acendeu o alerta sobre o abastecimento de energia e levou o governo a emitir alerta de&nbsp;emerg\u00eancia h\u00eddrica&nbsp;para o per\u00edodo de junho a&nbsp;setembro em cinco estados brasileiros, pode ter tamb\u00e9m consequ\u00eancias pol\u00edticas sobre a tramita\u00e7\u00e3o da Medida Provis\u00f3ria de Capitaliza\u00e7\u00e3o da Eletrobras [&hellip;]\" \/>\n<meta property=\"og:url\" content=\"https:\/\/agenciainfra.com\/blog\/crise-hidrica-pode-afetar-politicamente-a-medida-provisoria-da-eletrobras-no-senado\/\" \/>\n<meta property=\"og:site_name\" content=\"Ag\u00eancia iNFRA\" \/>\n<meta property=\"article:publisher\" content=\"https:\/\/www.facebook.com\/ageninfra\" \/>\n<meta property=\"article:published_time\" content=\"2021-06-01T11:00:00+00:00\" \/>\n<meta property=\"og:image\" content=\"https:\/\/agenciainfra.com\/blog\/wp-content\/uploads\/2021\/05\/rodrigo-pacheco-foto-pedro-gontijo-senado-federal.jpeg\" \/>\n\t<meta property=\"og:image:width\" content=\"1280\" \/>\n\t<meta property=\"og:image:height\" content=\"854\" \/>\n\t<meta property=\"og:image:type\" content=\"image\/jpeg\" \/>\n<meta name=\"author\" content=\"Rodrigo Zuquim\" \/>\n<meta name=\"twitter:card\" content=\"summary_large_image\" \/>\n<meta name=\"twitter:creator\" content=\"@agencia_infra\" \/>\n<meta name=\"twitter:site\" content=\"@agencia_infra\" \/>\n<meta name=\"twitter:label1\" content=\"Escrito por\" \/>\n\t<meta name=\"twitter:data1\" content=\"Rodrigo Zuquim\" \/>\n\t<meta name=\"twitter:label2\" content=\"Est. tempo de leitura\" \/>\n\t<meta name=\"twitter:data2\" content=\"4 minutos\" \/>\n<script type=\"application\/ld+json\" class=\"yoast-schema-graph\">{\"@context\":\"https:\/\/schema.org\",\"@graph\":[{\"@type\":\"Article\",\"@id\":\"https:\/\/agenciainfra.com\/blog\/crise-hidrica-pode-afetar-politicamente-a-medida-provisoria-da-eletrobras-no-senado\/#article\",\"isPartOf\":{\"@id\":\"https:\/\/agenciainfra.com\/blog\/crise-hidrica-pode-afetar-politicamente-a-medida-provisoria-da-eletrobras-no-senado\/\"},\"author\":{\"name\":\"Rodrigo Zuquim\",\"@id\":\"https:\/\/agenciainfra.com\/blog\/#\/schema\/person\/04dbb79bd6d8951f063da71f3e4c1eb1\"},\"headline\":\"Crise h\u00eddrica pode afetar politicamente a medida provis\u00f3ria da Eletrobras no Senado\",\"datePublished\":\"2021-06-01T11:00:00+00:00\",\"mainEntityOfPage\":{\"@id\":\"https:\/\/agenciainfra.com\/blog\/crise-hidrica-pode-afetar-politicamente-a-medida-provisoria-da-eletrobras-no-senado\/\"},\"wordCount\":722,\"publisher\":{\"@id\":\"https:\/\/agenciainfra.com\/blog\/#organization\"},\"image\":{\"@id\":\"https:\/\/agenciainfra.com\/blog\/crise-hidrica-pode-afetar-politicamente-a-medida-provisoria-da-eletrobras-no-senado\/#primaryimage\"},\"thumbnailUrl\":\"https:\/\/agenciainfra.com\/blog\/wp-content\/uploads\/2021\/05\/rodrigo-pacheco-foto-pedro-gontijo-senado-federal.jpeg\",\"keywords\":[\"abastecimento\",\"agricultura\",\"Antonio Anastasia\",\"bento albuquerque\",\"capitaliza\u00e7\u00e3o\",\"CMSE\",\"crise h\u00eddrica\",\"Davi Alcolumbre\",\"emerg\u00eancia h\u00eddrica\",\"energia\",\"furnas\",\"gera\u00e7\u00e3o\",\"Hidrel\u00e9tricas\",\"Marcos Rog\u00e9rio\",\"Minas Gerais\",\"Minist\u00e9rio de Minas e Energia\",\"MP 1.031\",\"MP da Eletrobras\",\"ONS\",\"reservat\u00f3rios\",\"Rodrigo Pacheco\",\"Romeu Zema\",\"seca\",\"senado\",\"transporte hidrovi\u00e1rio\"],\"articleSection\":[\"Geral\",\"iNFRAEnergia\"],\"inLanguage\":\"pt-BR\",\"copyrightYear\":\"2021\",\"copyrightHolder\":{\"@id\":\"https:\/\/agenciainfra.com\/blog\/#organization\"}},{\"@type\":\"WebPage\",\"@id\":\"https:\/\/agenciainfra.com\/blog\/crise-hidrica-pode-afetar-politicamente-a-medida-provisoria-da-eletrobras-no-senado\/\",\"url\":\"https:\/\/agenciainfra.com\/blog\/crise-hidrica-pode-afetar-politicamente-a-medida-provisoria-da-eletrobras-no-senado\/\",\"name\":\"Crise h\u00eddrica pode afetar politicamente a medida provis\u00f3ria da Eletrobras no Senado - Ag\u00eancia iNFRA\",\"isPartOf\":{\"@id\":\"https:\/\/agenciainfra.com\/blog\/#website\"},\"primaryImageOfPage\":{\"@id\":\"https:\/\/agenciainfra.com\/blog\/crise-hidrica-pode-afetar-politicamente-a-medida-provisoria-da-eletrobras-no-senado\/#primaryimage\"},\"image\":{\"@id\":\"https:\/\/agenciainfra.com\/blog\/crise-hidrica-pode-afetar-politicamente-a-medida-provisoria-da-eletrobras-no-senado\/#primaryimage\"},\"thumbnailUrl\":\"https:\/\/agenciainfra.com\/blog\/wp-content\/uploads\/2021\/05\/rodrigo-pacheco-foto-pedro-gontijo-senado-federal.jpeg\",\"datePublished\":\"2021-06-01T11:00:00+00:00\",\"breadcrumb\":{\"@id\":\"https:\/\/agenciainfra.com\/blog\/crise-hidrica-pode-afetar-politicamente-a-medida-provisoria-da-eletrobras-no-senado\/#breadcrumb\"},\"inLanguage\":\"pt-BR\",\"potentialAction\":[{\"@type\":\"ReadAction\",\"target\":[\"https:\/\/agenciainfra.com\/blog\/crise-hidrica-pode-afetar-politicamente-a-medida-provisoria-da-eletrobras-no-senado\/\"]}]},{\"@type\":\"ImageObject\",\"inLanguage\":\"pt-BR\",\"@id\":\"https:\/\/agenciainfra.com\/blog\/crise-hidrica-pode-afetar-politicamente-a-medida-provisoria-da-eletrobras-no-senado\/#primaryimage\",\"url\":\"https:\/\/agenciainfra.com\/blog\/wp-content\/uploads\/2021\/05\/rodrigo-pacheco-foto-pedro-gontijo-senado-federal.jpeg\",\"contentUrl\":\"https:\/\/agenciainfra.com\/blog\/wp-content\/uploads\/2021\/05\/rodrigo-pacheco-foto-pedro-gontijo-senado-federal.jpeg\",\"width\":1280,\"height\":854},{\"@type\":\"BreadcrumbList\",\"@id\":\"https:\/\/agenciainfra.com\/blog\/crise-hidrica-pode-afetar-politicamente-a-medida-provisoria-da-eletrobras-no-senado\/#breadcrumb\",\"itemListElement\":[{\"@type\":\"ListItem\",\"position\":1,\"name\":\"In\u00edcio\",\"item\":\"https:\/\/agenciainfra.com\/blog\/\"},{\"@type\":\"ListItem\",\"position\":2,\"name\":\"Crise h\u00eddrica pode afetar politicamente a medida provis\u00f3ria da Eletrobras no Senado\"}]},{\"@type\":\"WebSite\",\"@id\":\"https:\/\/agenciainfra.com\/blog\/#website\",\"url\":\"https:\/\/agenciainfra.com\/blog\/\",\"name\":\"Ag\u00eancia iNFRA\",\"description\":\"Multiplataforma de informa\u00e7\u00e3o jornal\u00edstica refer\u00eancia na \u00e1rea de infraestrutura no Brasil!\",\"publisher\":{\"@id\":\"https:\/\/agenciainfra.com\/blog\/#organization\"},\"potentialAction\":[{\"@type\":\"SearchAction\",\"target\":{\"@type\":\"EntryPoint\",\"urlTemplate\":\"https:\/\/agenciainfra.com\/blog\/?s={search_term_string}\"},\"query-input\":{\"@type\":\"PropertyValueSpecification\",\"valueRequired\":true,\"valueName\":\"search_term_string\"}}],\"inLanguage\":\"pt-BR\"},{\"@type\":\"Organization\",\"@id\":\"https:\/\/agenciainfra.com\/blog\/#organization\",\"name\":\"Ag\u00eancia iNFRA\",\"url\":\"https:\/\/agenciainfra.com\/blog\/\",\"logo\":{\"@type\":\"ImageObject\",\"inLanguage\":\"pt-BR\",\"@id\":\"https:\/\/agenciainfra.com\/blog\/#\/schema\/logo\/image\/\",\"url\":\"https:\/\/agenciainfra.com\/blog\/wp-content\/uploads\/2023\/09\/iNFRA_5-e1761735885940.png\",\"contentUrl\":\"https:\/\/agenciainfra.com\/blog\/wp-content\/uploads\/2023\/09\/iNFRA_5-e1761735885940.png\",\"width\":1672,\"height\":454,\"caption\":\"Ag\u00eancia iNFRA\"},\"image\":{\"@id\":\"https:\/\/agenciainfra.com\/blog\/#\/schema\/logo\/image\/\"},\"sameAs\":[\"https:\/\/www.facebook.com\/ageninfra\",\"https:\/\/x.com\/agencia_infra\",\"https:\/\/www.linkedin.com\/company\/ag\u00eanciainfra\/\",\"https:\/\/www.instagram.com\/agenciainfra\/\"]},{\"@type\":\"Person\",\"@id\":\"https:\/\/agenciainfra.com\/blog\/#\/schema\/person\/04dbb79bd6d8951f063da71f3e4c1eb1\",\"name\":\"Rodrigo Zuquim\",\"image\":{\"@type\":\"ImageObject\",\"inLanguage\":\"pt-BR\",\"@id\":\"https:\/\/agenciainfra.com\/blog\/#\/schema\/person\/image\/\",\"url\":\"https:\/\/secure.gravatar.com\/avatar\/594abfe82761d620726242ff34ca472a705a4b97f16c790053a6b4c4035274d0?s=96&d=mm&r=g\",\"contentUrl\":\"https:\/\/secure.gravatar.com\/avatar\/594abfe82761d620726242ff34ca472a705a4b97f16c790053a6b4c4035274d0?s=96&d=mm&r=g\",\"caption\":\"Rodrigo Zuquim\"},\"url\":\"https:\/\/agenciainfra.com\/blog\/author\/rodrigo-zuquim\/\"}]}<\/script>\n<!-- \/ Yoast SEO Premium plugin. -->","yoast_head_json":{"title":"Crise h\u00eddrica pode afetar politicamente a medida provis\u00f3ria da Eletrobras no Senado - Ag\u00eancia iNFRA","robots":{"index":"index","follow":"follow","max-snippet":"max-snippet:-1","max-image-preview":"max-image-preview:large","max-video-preview":"max-video-preview:-1"},"canonical":"https:\/\/agenciainfra.com\/blog\/crise-hidrica-pode-afetar-politicamente-a-medida-provisoria-da-eletrobras-no-senado\/","og_locale":"pt_BR","og_type":"article","og_title":"Crise h\u00eddrica pode afetar politicamente a medida provis\u00f3ria da Eletrobras no Senado","og_description":"Leila Coimbra e\u00a0Alexandre Facciolla, da Ag\u00eancia iNFRA A seca nos reservat\u00f3rios de \u00e1gua, que acendeu o alerta sobre o abastecimento de energia e levou o governo a emitir alerta de&nbsp;emerg\u00eancia h\u00eddrica&nbsp;para o per\u00edodo de junho a&nbsp;setembro em cinco estados brasileiros, pode ter tamb\u00e9m consequ\u00eancias pol\u00edticas sobre a tramita\u00e7\u00e3o da Medida Provis\u00f3ria de Capitaliza\u00e7\u00e3o da Eletrobras [&hellip;]","og_url":"https:\/\/agenciainfra.com\/blog\/crise-hidrica-pode-afetar-politicamente-a-medida-provisoria-da-eletrobras-no-senado\/","og_site_name":"Ag\u00eancia iNFRA","article_publisher":"https:\/\/www.facebook.com\/ageninfra","article_published_time":"2021-06-01T11:00:00+00:00","og_image":[{"width":1280,"height":854,"url":"https:\/\/agenciainfra.com\/blog\/wp-content\/uploads\/2021\/05\/rodrigo-pacheco-foto-pedro-gontijo-senado-federal.jpeg","type":"image\/jpeg"}],"author":"Rodrigo Zuquim","twitter_card":"summary_large_image","twitter_creator":"@agencia_infra","twitter_site":"@agencia_infra","twitter_misc":{"Escrito por":"Rodrigo Zuquim","Est. tempo de leitura":"4 minutos"},"schema":{"@context":"https:\/\/schema.org","@graph":[{"@type":"Article","@id":"https:\/\/agenciainfra.com\/blog\/crise-hidrica-pode-afetar-politicamente-a-medida-provisoria-da-eletrobras-no-senado\/#article","isPartOf":{"@id":"https:\/\/agenciainfra.com\/blog\/crise-hidrica-pode-afetar-politicamente-a-medida-provisoria-da-eletrobras-no-senado\/"},"author":{"name":"Rodrigo Zuquim","@id":"https:\/\/agenciainfra.com\/blog\/#\/schema\/person\/04dbb79bd6d8951f063da71f3e4c1eb1"},"headline":"Crise h\u00eddrica pode afetar politicamente a medida provis\u00f3ria da Eletrobras no Senado","datePublished":"2021-06-01T11:00:00+00:00","mainEntityOfPage":{"@id":"https:\/\/agenciainfra.com\/blog\/crise-hidrica-pode-afetar-politicamente-a-medida-provisoria-da-eletrobras-no-senado\/"},"wordCount":722,"publisher":{"@id":"https:\/\/agenciainfra.com\/blog\/#organization"},"image":{"@id":"https:\/\/agenciainfra.com\/blog\/crise-hidrica-pode-afetar-politicamente-a-medida-provisoria-da-eletrobras-no-senado\/#primaryimage"},"thumbnailUrl":"https:\/\/agenciainfra.com\/blog\/wp-content\/uploads\/2021\/05\/rodrigo-pacheco-foto-pedro-gontijo-senado-federal.jpeg","keywords":["abastecimento","agricultura","Antonio Anastasia","bento albuquerque","capitaliza\u00e7\u00e3o","CMSE","crise h\u00eddrica","Davi Alcolumbre","emerg\u00eancia h\u00eddrica","energia","furnas","gera\u00e7\u00e3o","Hidrel\u00e9tricas","Marcos Rog\u00e9rio","Minas Gerais","Minist\u00e9rio de Minas e Energia","MP 1.031","MP da Eletrobras","ONS","reservat\u00f3rios","Rodrigo Pacheco","Romeu Zema","seca","senado","transporte hidrovi\u00e1rio"],"articleSection":["Geral","iNFRAEnergia"],"inLanguage":"pt-BR","copyrightYear":"2021","copyrightHolder":{"@id":"https:\/\/agenciainfra.com\/blog\/#organization"}},{"@type":"WebPage","@id":"https:\/\/agenciainfra.com\/blog\/crise-hidrica-pode-afetar-politicamente-a-medida-provisoria-da-eletrobras-no-senado\/","url":"https:\/\/agenciainfra.com\/blog\/crise-hidrica-pode-afetar-politicamente-a-medida-provisoria-da-eletrobras-no-senado\/","name":"Crise h\u00eddrica pode afetar politicamente a medida provis\u00f3ria da Eletrobras no Senado - Ag\u00eancia iNFRA","isPartOf":{"@id":"https:\/\/agenciainfra.com\/blog\/#website"},"primaryImageOfPage":{"@id":"https:\/\/agenciainfra.com\/blog\/crise-hidrica-pode-afetar-politicamente-a-medida-provisoria-da-eletrobras-no-senado\/#primaryimage"},"image":{"@id":"https:\/\/agenciainfra.com\/blog\/crise-hidrica-pode-afetar-politicamente-a-medida-provisoria-da-eletrobras-no-senado\/#primaryimage"},"thumbnailUrl":"https:\/\/agenciainfra.com\/blog\/wp-content\/uploads\/2021\/05\/rodrigo-pacheco-foto-pedro-gontijo-senado-federal.jpeg","datePublished":"2021-06-01T11:00:00+00:00","breadcrumb":{"@id":"https:\/\/agenciainfra.com\/blog\/crise-hidrica-pode-afetar-politicamente-a-medida-provisoria-da-eletrobras-no-senado\/#breadcrumb"},"inLanguage":"pt-BR","potentialAction":[{"@type":"ReadAction","target":["https:\/\/agenciainfra.com\/blog\/crise-hidrica-pode-afetar-politicamente-a-medida-provisoria-da-eletrobras-no-senado\/"]}]},{"@type":"ImageObject","inLanguage":"pt-BR","@id":"https:\/\/agenciainfra.com\/blog\/crise-hidrica-pode-afetar-politicamente-a-medida-provisoria-da-eletrobras-no-senado\/#primaryimage","url":"https:\/\/agenciainfra.com\/blog\/wp-content\/uploads\/2021\/05\/rodrigo-pacheco-foto-pedro-gontijo-senado-federal.jpeg","contentUrl":"https:\/\/agenciainfra.com\/blog\/wp-content\/uploads\/2021\/05\/rodrigo-pacheco-foto-pedro-gontijo-senado-federal.jpeg","width":1280,"height":854},{"@type":"BreadcrumbList","@id":"https:\/\/agenciainfra.com\/blog\/crise-hidrica-pode-afetar-politicamente-a-medida-provisoria-da-eletrobras-no-senado\/#breadcrumb","itemListElement":[{"@type":"ListItem","position":1,"name":"In\u00edcio","item":"https:\/\/agenciainfra.com\/blog\/"},{"@type":"ListItem","position":2,"name":"Crise h\u00eddrica pode afetar politicamente a medida provis\u00f3ria da Eletrobras no Senado"}]},{"@type":"WebSite","@id":"https:\/\/agenciainfra.com\/blog\/#website","url":"https:\/\/agenciainfra.com\/blog\/","name":"Ag\u00eancia iNFRA","description":"Multiplataforma de informa\u00e7\u00e3o jornal\u00edstica refer\u00eancia na \u00e1rea de infraestrutura no Brasil!","publisher":{"@id":"https:\/\/agenciainfra.com\/blog\/#organization"},"potentialAction":[{"@type":"SearchAction","target":{"@type":"EntryPoint","urlTemplate":"https:\/\/agenciainfra.com\/blog\/?s={search_term_string}"},"query-input":{"@type":"PropertyValueSpecification","valueRequired":true,"valueName":"search_term_string"}}],"inLanguage":"pt-BR"},{"@type":"Organization","@id":"https:\/\/agenciainfra.com\/blog\/#organization","name":"Ag\u00eancia iNFRA","url":"https:\/\/agenciainfra.com\/blog\/","logo":{"@type":"ImageObject","inLanguage":"pt-BR","@id":"https:\/\/agenciainfra.com\/blog\/#\/schema\/logo\/image\/","url":"https:\/\/agenciainfra.com\/blog\/wp-content\/uploads\/2023\/09\/iNFRA_5-e1761735885940.png","contentUrl":"https:\/\/agenciainfra.com\/blog\/wp-content\/uploads\/2023\/09\/iNFRA_5-e1761735885940.png","width":1672,"height":454,"caption":"Ag\u00eancia iNFRA"},"image":{"@id":"https:\/\/agenciainfra.com\/blog\/#\/schema\/logo\/image\/"},"sameAs":["https:\/\/www.facebook.com\/ageninfra","https:\/\/x.com\/agencia_infra","https:\/\/www.linkedin.com\/company\/ag\u00eanciainfra\/","https:\/\/www.instagram.com\/agenciainfra\/"]},{"@type":"Person","@id":"https:\/\/agenciainfra.com\/blog\/#\/schema\/person\/04dbb79bd6d8951f063da71f3e4c1eb1","name":"Rodrigo Zuquim","image":{"@type":"ImageObject","inLanguage":"pt-BR","@id":"https:\/\/agenciainfra.com\/blog\/#\/schema\/person\/image\/","url":"https:\/\/secure.gravatar.com\/avatar\/594abfe82761d620726242ff34ca472a705a4b97f16c790053a6b4c4035274d0?s=96&d=mm&r=g","contentUrl":"https:\/\/secure.gravatar.com\/avatar\/594abfe82761d620726242ff34ca472a705a4b97f16c790053a6b4c4035274d0?s=96&d=mm&r=g","caption":"Rodrigo Zuquim"},"url":"https:\/\/agenciainfra.com\/blog\/author\/rodrigo-zuquim\/"}]}},"_links":{"self":[{"href":"https:\/\/agenciainfra.com\/blog\/wp-json\/wp\/v2\/posts\/7372","targetHints":{"allow":["GET"]}}],"collection":[{"href":"https:\/\/agenciainfra.com\/blog\/wp-json\/wp\/v2\/posts"}],"about":[{"href":"https:\/\/agenciainfra.com\/blog\/wp-json\/wp\/v2\/types\/post"}],"author":[{"embeddable":true,"href":"https:\/\/agenciainfra.com\/blog\/wp-json\/wp\/v2\/users\/9"}],"replies":[{"embeddable":true,"href":"https:\/\/agenciainfra.com\/blog\/wp-json\/wp\/v2\/comments?post=7372"}],"version-history":[{"count":0,"href":"https:\/\/agenciainfra.com\/blog\/wp-json\/wp\/v2\/posts\/7372\/revisions"}],"wp:featuredmedia":[{"embeddable":true,"href":"https:\/\/agenciainfra.com\/blog\/wp-json\/wp\/v2\/media\/7373"}],"wp:attachment":[{"href":"https:\/\/agenciainfra.com\/blog\/wp-json\/wp\/v2\/media?parent=7372"}],"wp:term":[{"taxonomy":"category","embeddable":true,"href":"https:\/\/agenciainfra.com\/blog\/wp-json\/wp\/v2\/categories?post=7372"},{"taxonomy":"post_tag","embeddable":true,"href":"https:\/\/agenciainfra.com\/blog\/wp-json\/wp\/v2\/tags?post=7372"}],"curies":[{"name":"wp","href":"https:\/\/api.w.org\/{rel}","templated":true}]}}