{"id":7391,"date":"2021-06-07T08:00:00","date_gmt":"2021-06-07T11:00:00","guid":{"rendered":"https:\/\/www.agenciainfra.com\/blog\/?p=7391"},"modified":"2021-06-04T11:15:41","modified_gmt":"2021-06-04T14:15:41","slug":"bancada-ruralista-diz-que-uso-da-agua-para-geracao-de-energia-em-detrimento-da-irrigacao-e-equivoco","status":"publish","type":"post","link":"https:\/\/agenciainfra.com\/blog\/bancada-ruralista-diz-que-uso-da-agua-para-geracao-de-energia-em-detrimento-da-irrigacao-e-equivoco\/","title":{"rendered":"Bancada ruralista diz que uso da \u00e1gua para gera\u00e7\u00e3o de energia em detrimento da irriga\u00e7\u00e3o \u00e9 equ\u00edvoco"},"content":{"rendered":"\n<hr class=\"wp-block-separator\"\/>\n\n\n\n<p class=\"has-text-align-right\"><strong>&nbsp;Alexandre Facciolla, da Ag\u00eancia iNFRA<\/strong><\/p>\n\n\n\n<p>Parte da bancada ruralista na C\u00e2mara dos Deputados avalia que a decis\u00e3o do governo de privilegiar a gera\u00e7\u00e3o de energia el\u00e9trica em detrimento da irriga\u00e7\u00e3o para a agricultura \u00e9 um equ\u00edvoco, mas considera que \u00e9 poss\u00edvel que os \u00f3rg\u00e3os reguladores atuem em conjunto para avaliar a situa\u00e7\u00e3o h\u00eddrica caso a caso.<br>\u00a0<br>Para o deputado Diego Andrade (PSD-MG), l\u00edder da maioria na C\u00e2mara e integrante da bancada do agroneg\u00f3cio, o governo deve trabalhar com compensa\u00e7\u00f5es para quem for impedido de produzir. Cada situa\u00e7\u00e3o deve ser analisada de forma espec\u00edfica, na avalia\u00e7\u00e3o do deputado, e medidas que evitem a situa\u00e7\u00e3o de escolher entre irriga\u00e7\u00e3o para alimentos ou gera\u00e7\u00e3o de energia devem ser votadas no Legislativo.<br>\u00a0<br>Ele avalia como equivocadas as medidas do governo que colocam como prioridade a produ\u00e7\u00e3o de energia com preju\u00edzo de outras atividades, o que pode p\u00f4r em risco a irriga\u00e7\u00e3o para a agricultura. \u201cAcho que toda medida radical \u00e9 equivocada. \u00c9 preciso olhar bacia por bacia para tomar uma decis\u00e3o. Decis\u00f5es generalizadas, em uma quest\u00e3o t\u00e3o estrat\u00e9gica, acho um equ\u00edvoco\u201d, afirmou \u00e0\u00a0<strong>Ag\u00eancia iNFRA<\/strong>.<br>\u00a0<br>O deputado acredita\u00a0que \u00e9 preciso que o Congresso atue em paralelo para votar medidas que diminuam o risco de diminui\u00e7\u00e3o do fluxo de irriga\u00e7\u00e3o.\u00a0\u201c\u00c9 preciso votar tudo que pode ajudar, como incentivos a energias limpas e a permiss\u00e3o para barramento\u201d, por exemplo.\u00a0<br>\u00a0<br>Barramento s\u00e3o pequenas barragens constru\u00eddas para assegurar a irriga\u00e7\u00e3o, emenda que o deputado fez ao Projeto de Lei do Licenciamento Ambiental (PL 3.729\/2004), que foi aprovado junto com o texto-base da mat\u00e9ria, analisada no m\u00eas passado pela C\u00e2mara dos Deputados.<br>\u00a0<br><strong>Caso a caso<\/strong><br>O deputado Alceu Moreira (MDB-RS), que presidiu a FPA (Frente Parlamentar da Agropecu\u00e1ria) no bi\u00eanio 2019\/2020, tamb\u00e9m acha equivocada a escolha preferencial do governo por energia, mas avalia que o governo tem estrutura para fazer uma an\u00e1lise caso a caso.<br><br>Segundo Moreira, \u201cpara tratar a escassez de recursos h\u00eddricos, \u00e9 preciso saber em que lugar est\u00e1 faltando, o que se produz, qual \u00e9 a quantidade de energia dispon\u00edvel e o que se pode fazer de energia alternativa para esse pessoal para economizar o uso de \u00e1guas\u201d.<br>\u00a0<br><strong>\u201cBoa gest\u00e3o\u201d<\/strong><br>Para o deputado Sergio Souza (MDB-PR), atual presidente da FPA (Frente Parlamentar da Agropecu\u00e1ria), \u00e9 preciso \u201cfazer uma gest\u00e3o para que sofra menos cada um dos setores\u201d, disse \u00e0\u00a0<strong>Ag\u00eancia iNFRA<\/strong>. \u201cN\u00e3o podemos ficar sem energia hidrel\u00e9trica, que \u00e9 a nossa fonte maior na matriz, n\u00e3o podemos ficar sem alimentos para as plantas, nem as cidades podem ficar sem \u00e1gua pot\u00e1vel\u201d, refor\u00e7ou.<br>\u00a0<br>Para Souza, \u201cresta-nos t\u00e3o somente uma boa gest\u00e3o. E sobra a\u00ed a experi\u00eancia e a li\u00e7\u00e3o para medidas futuras\u201d, avaliou, ressaltando que n\u00e3o \u00e9 um problema novo, e que \u00e9 preciso planejamento para que n\u00e3o volte a ocorrer.<br>\u00a0<br><strong>Irriga\u00e7\u00e3o \u00e9 o maior consumo<\/strong><br>De acordo com dados da ANA (Ag\u00eancia Nacional de \u00c1guas e Saneamento), o uso de \u00e1guas no Brasil \u00e9 prioritariamente para o agroneg\u00f3cio. Em 2019, das \u00e1guas retiradas das bacias hidrogr\u00e1ficas, 50% eram para irriga\u00e7\u00e3o e 8,4% para abastecimento animal. O abastecimento urbano era respons\u00e1vel por 24,3% e o restante vai para diferentes ind\u00fastrias.<br>\u00a0<br>J\u00e1 da \u00e1gua efetivamente consumida, ou seja, que n\u00e3o volta, o agro \u00e9 ainda maior consumidor, chegando a 66% para a irriga\u00e7\u00e3o e 11,6% para o abastecimento animal.<br><br>&#8220;A demanda por uso de \u00e1gua no Brasil \u00e9 crescente, com aumento estimado de aproximadamente 80% no total retirado de \u00e1gua nas \u00faltimas duas d\u00e9cadas. A previs\u00e3o \u00e9 de que, at\u00e9 2030, a retirada aumente 23%&#8221;, diz o relat\u00f3rio da ag\u00eancia, que estima os percentuais de uso por bacia.<br>\u00a0<br><strong>Capacita\u00e7\u00e3o da ANA<\/strong><br>A avalia\u00e7\u00e3o entre quem \u00e9 conhecedor da ag\u00eancia \u00e9 que a ANA est\u00e1 capacitada tecnicamente para realizar a gest\u00e3o das \u00e1guas nessa crise. Mas que n\u00e3o h\u00e1 diretrizes pr\u00e9-definidas e claras sobre como proceder em casos como esses.<br>\u00a0<br>O hist\u00f3rico recente de crise semelhante, quando a ANA foi levada a gerenciar o uso das \u00e1guas na Bacia do Para\u00edba do Sul num conflito entre diferentes atores na crise h\u00eddrica de 2014\/2015, chegou a precisar de uma media\u00e7\u00e3o pelo STF (Supremo Tribunal Federal).<br>\u00a0<br>Mas, no fim, a volta das chuvas acabou levando a n\u00e3o haver a necessidade de medidas mais dr\u00e1sticas sobre o uso da \u00e1gua, a um teste real sobre se a ag\u00eancia federal teria como exercer um poder sobre o uso da \u00e1gua.<br><br><strong>Resolu\u00e7\u00e3o<\/strong><br>Na \u00faltima ter\u00e7a-feira (1\u00ba), a ANA publicou a Resolu\u00e7\u00e3o 77, na qual declara a situa\u00e7\u00e3o de emerg\u00eancia na Bacia do Paran\u00e1, conforme j\u00e1 havia sido informado pelo CMSE (Comit\u00ea de Monitoramento do Setor El\u00e9trico)\u00a0que seria feito. O prazo da emerg\u00eancia vai at\u00e9 30 de novembro.<br><br>O ato prev\u00ea que a ag\u00eancia estabelecer\u00e1 o Grupo T\u00e9cnico de Assessoramento da Situa\u00e7\u00e3o da Regi\u00e3o Hidrogr\u00e1fica do Paran\u00e1 (GTA-RH Paran\u00e1), com a participa\u00e7\u00e3o dos \u00f3rg\u00e3os gestores dos recursos h\u00eddricos dos estados abrangidos. A resolu\u00e7\u00e3o est\u00e1 dispon\u00edvel neste\u00a0<a rel=\"noreferrer noopener\" href=\"https:\/\/agenciainfra.us14.list-manage.com\/track\/click?u=d460dd1bcf9ba0ae040e1fc0f&amp;id=93255219e7&amp;e=c099169394\" target=\"_blank\">link<\/a>.<\/p>\n","protected":false},"excerpt":{"rendered":"<p>&nbsp;Alexandre Facciolla, da Ag\u00eancia iNFRA Parte da bancada ruralista na C\u00e2mara dos Deputados avalia que a decis\u00e3o do governo de privilegiar a gera\u00e7\u00e3o de energia el\u00e9trica em detrimento da irriga\u00e7\u00e3o para a agricultura \u00e9 um equ\u00edvoco, mas considera que \u00e9 poss\u00edvel que os \u00f3rg\u00e3os reguladores atuem em conjunto para avaliar a situa\u00e7\u00e3o h\u00eddrica caso a [&hellip;]<\/p>\n","protected":false},"author":9,"featured_media":7392,"comment_status":"closed","ping_status":"closed","sticky":false,"template":"","format":"standard","meta":{"_monsterinsights_skip_tracking":false,"_monsterinsights_sitenote_active":false,"_monsterinsights_sitenote_note":"","_monsterinsights_sitenote_category":0,"footnotes":""},"categories":[1,10],"tags":[3199,3307,4334,663,4366,77,4368,4329,3476,4365,305,792,795,3487,3273,282,2675,2561,2803,637,3477,223,2372,2859,4367,372],"class_list":["post-7391","post","type-post","status-publish","format-standard","has-post-thumbnail","hentry","category-geral","category-infraenergia","tag-abastecimento","tag-agencia-nacional-de-aguas-e-saneamento-basico","tag-agricultura","tag-agronegocio","tag-alceu-moreira","tag-ana","tag-bacia-do-paraiba-do-sul","tag-bacia-do-parana","tag-bancada-ruralista","tag-barramentos","tag-camara-dos-deputados","tag-cmse","tag-comite-de-monitoramento-do-setor-eletrico","tag-crise-hidrica","tag-diego-andrade","tag-energia-eletrica","tag-fpa","tag-frente-parlamentar-da-agropecuaria","tag-geracao-de-energia","tag-hidreletrica","tag-irrigacao","tag-licenciamento-ambiental","tag-pl-3-729-2004","tag-recursos-hidricos","tag-sergio-souza","tag-stf"],"yoast_head":"<!-- This site is optimized with the Yoast SEO Premium plugin v25.4 (Yoast SEO v26.0) - https:\/\/yoast.com\/wordpress\/plugins\/seo\/ -->\n<title>Bancada ruralista diz que uso da \u00e1gua para gera\u00e7\u00e3o de energia em detrimento da irriga\u00e7\u00e3o \u00e9 equ\u00edvoco - Ag\u00eancia iNFRA<\/title>\n<meta name=\"robots\" content=\"index, follow, max-snippet:-1, max-image-preview:large, max-video-preview:-1\" \/>\n<link rel=\"canonical\" href=\"https:\/\/agenciainfra.com\/blog\/bancada-ruralista-diz-que-uso-da-agua-para-geracao-de-energia-em-detrimento-da-irrigacao-e-equivoco\/\" \/>\n<meta property=\"og:locale\" content=\"pt_BR\" \/>\n<meta property=\"og:type\" content=\"article\" \/>\n<meta property=\"og:title\" content=\"Bancada ruralista diz que uso da \u00e1gua para gera\u00e7\u00e3o de energia em detrimento da irriga\u00e7\u00e3o \u00e9 equ\u00edvoco\" \/>\n<meta property=\"og:description\" content=\"&nbsp;Alexandre Facciolla, da Ag\u00eancia iNFRA Parte da bancada ruralista na C\u00e2mara dos Deputados avalia que a decis\u00e3o do governo de privilegiar a gera\u00e7\u00e3o de energia el\u00e9trica em detrimento da irriga\u00e7\u00e3o para a agricultura \u00e9 um equ\u00edvoco, mas considera que \u00e9 poss\u00edvel que os \u00f3rg\u00e3os reguladores atuem em conjunto para avaliar a situa\u00e7\u00e3o h\u00eddrica caso a [&hellip;]\" \/>\n<meta property=\"og:url\" content=\"https:\/\/agenciainfra.com\/blog\/bancada-ruralista-diz-que-uso-da-agua-para-geracao-de-energia-em-detrimento-da-irrigacao-e-equivoco\/\" \/>\n<meta property=\"og:site_name\" content=\"Ag\u00eancia iNFRA\" \/>\n<meta property=\"article:publisher\" content=\"https:\/\/www.facebook.com\/ageninfra\" \/>\n<meta property=\"article:published_time\" content=\"2021-06-07T11:00:00+00:00\" \/>\n<meta property=\"og:image\" content=\"https:\/\/agenciainfra.com\/blog\/wp-content\/uploads\/2021\/06\/sergio-souza-foto-cleia-viana-camara-dos-deputados.jpeg\" \/>\n\t<meta property=\"og:image:width\" content=\"1280\" \/>\n\t<meta property=\"og:image:height\" content=\"852\" \/>\n\t<meta property=\"og:image:type\" content=\"image\/jpeg\" \/>\n<meta name=\"author\" content=\"Rodrigo Zuquim\" \/>\n<meta name=\"twitter:card\" content=\"summary_large_image\" \/>\n<meta name=\"twitter:creator\" content=\"@agencia_infra\" \/>\n<meta name=\"twitter:site\" content=\"@agencia_infra\" \/>\n<meta name=\"twitter:label1\" content=\"Escrito por\" \/>\n\t<meta name=\"twitter:data1\" content=\"Rodrigo Zuquim\" \/>\n\t<meta name=\"twitter:label2\" content=\"Est. tempo de leitura\" \/>\n\t<meta name=\"twitter:data2\" content=\"4 minutos\" \/>\n<script type=\"application\/ld+json\" class=\"yoast-schema-graph\">{\"@context\":\"https:\/\/schema.org\",\"@graph\":[{\"@type\":\"Article\",\"@id\":\"https:\/\/agenciainfra.com\/blog\/bancada-ruralista-diz-que-uso-da-agua-para-geracao-de-energia-em-detrimento-da-irrigacao-e-equivoco\/#article\",\"isPartOf\":{\"@id\":\"https:\/\/agenciainfra.com\/blog\/bancada-ruralista-diz-que-uso-da-agua-para-geracao-de-energia-em-detrimento-da-irrigacao-e-equivoco\/\"},\"author\":{\"name\":\"Rodrigo Zuquim\",\"@id\":\"https:\/\/agenciainfra.com\/blog\/#\/schema\/person\/04dbb79bd6d8951f063da71f3e4c1eb1\"},\"headline\":\"Bancada ruralista diz que uso da \u00e1gua para gera\u00e7\u00e3o de energia em detrimento da irriga\u00e7\u00e3o \u00e9 equ\u00edvoco\",\"datePublished\":\"2021-06-07T11:00:00+00:00\",\"mainEntityOfPage\":{\"@id\":\"https:\/\/agenciainfra.com\/blog\/bancada-ruralista-diz-que-uso-da-agua-para-geracao-de-energia-em-detrimento-da-irrigacao-e-equivoco\/\"},\"wordCount\":894,\"publisher\":{\"@id\":\"https:\/\/agenciainfra.com\/blog\/#organization\"},\"image\":{\"@id\":\"https:\/\/agenciainfra.com\/blog\/bancada-ruralista-diz-que-uso-da-agua-para-geracao-de-energia-em-detrimento-da-irrigacao-e-equivoco\/#primaryimage\"},\"thumbnailUrl\":\"https:\/\/agenciainfra.com\/blog\/wp-content\/uploads\/2021\/06\/sergio-souza-foto-cleia-viana-camara-dos-deputados.jpeg\",\"keywords\":[\"abastecimento\",\"Ag\u00eancia Nacional de \u00c1guas e Saneamento B\u00e1sico\",\"agricultura\",\"agroneg\u00f3cio\",\"Alceu Moreira\",\"ANA\",\"Bacia do Para\u00edba do Sul\",\"bacia do Paran\u00e1\",\"bancada ruralista\",\"barramentos\",\"C\u00e2mara dos Deputados\",\"CMSE\",\"Comit\u00ea de Monitoramento do Setor El\u00e9trico\",\"crise h\u00eddrica\",\"Diego Andrade\",\"energia el\u00e9trica\",\"FPA\",\"Frente Parlamentar da Agropecu\u00e1ria\",\"gera\u00e7\u00e3o de energia\",\"hidrel\u00e9trica\",\"irriga\u00e7\u00e3o\",\"Licenciamento ambiental\",\"PL 3.729\/2004\",\"recursos h\u00eddricos\",\"S\u00e9rgio Souza\",\"STF\"],\"articleSection\":[\"Geral\",\"iNFRAEnergia\"],\"inLanguage\":\"pt-BR\",\"copyrightYear\":\"2021\",\"copyrightHolder\":{\"@id\":\"https:\/\/agenciainfra.com\/blog\/#organization\"}},{\"@type\":\"WebPage\",\"@id\":\"https:\/\/agenciainfra.com\/blog\/bancada-ruralista-diz-que-uso-da-agua-para-geracao-de-energia-em-detrimento-da-irrigacao-e-equivoco\/\",\"url\":\"https:\/\/agenciainfra.com\/blog\/bancada-ruralista-diz-que-uso-da-agua-para-geracao-de-energia-em-detrimento-da-irrigacao-e-equivoco\/\",\"name\":\"Bancada ruralista diz que uso da \u00e1gua para gera\u00e7\u00e3o de energia em detrimento da irriga\u00e7\u00e3o \u00e9 equ\u00edvoco - Ag\u00eancia iNFRA\",\"isPartOf\":{\"@id\":\"https:\/\/agenciainfra.com\/blog\/#website\"},\"primaryImageOfPage\":{\"@id\":\"https:\/\/agenciainfra.com\/blog\/bancada-ruralista-diz-que-uso-da-agua-para-geracao-de-energia-em-detrimento-da-irrigacao-e-equivoco\/#primaryimage\"},\"image\":{\"@id\":\"https:\/\/agenciainfra.com\/blog\/bancada-ruralista-diz-que-uso-da-agua-para-geracao-de-energia-em-detrimento-da-irrigacao-e-equivoco\/#primaryimage\"},\"thumbnailUrl\":\"https:\/\/agenciainfra.com\/blog\/wp-content\/uploads\/2021\/06\/sergio-souza-foto-cleia-viana-camara-dos-deputados.jpeg\",\"datePublished\":\"2021-06-07T11:00:00+00:00\",\"breadcrumb\":{\"@id\":\"https:\/\/agenciainfra.com\/blog\/bancada-ruralista-diz-que-uso-da-agua-para-geracao-de-energia-em-detrimento-da-irrigacao-e-equivoco\/#breadcrumb\"},\"inLanguage\":\"pt-BR\",\"potentialAction\":[{\"@type\":\"ReadAction\",\"target\":[\"https:\/\/agenciainfra.com\/blog\/bancada-ruralista-diz-que-uso-da-agua-para-geracao-de-energia-em-detrimento-da-irrigacao-e-equivoco\/\"]}]},{\"@type\":\"ImageObject\",\"inLanguage\":\"pt-BR\",\"@id\":\"https:\/\/agenciainfra.com\/blog\/bancada-ruralista-diz-que-uso-da-agua-para-geracao-de-energia-em-detrimento-da-irrigacao-e-equivoco\/#primaryimage\",\"url\":\"https:\/\/agenciainfra.com\/blog\/wp-content\/uploads\/2021\/06\/sergio-souza-foto-cleia-viana-camara-dos-deputados.jpeg\",\"contentUrl\":\"https:\/\/agenciainfra.com\/blog\/wp-content\/uploads\/2021\/06\/sergio-souza-foto-cleia-viana-camara-dos-deputados.jpeg\",\"width\":1280,\"height\":852},{\"@type\":\"BreadcrumbList\",\"@id\":\"https:\/\/agenciainfra.com\/blog\/bancada-ruralista-diz-que-uso-da-agua-para-geracao-de-energia-em-detrimento-da-irrigacao-e-equivoco\/#breadcrumb\",\"itemListElement\":[{\"@type\":\"ListItem\",\"position\":1,\"name\":\"In\u00edcio\",\"item\":\"https:\/\/agenciainfra.com\/blog\/\"},{\"@type\":\"ListItem\",\"position\":2,\"name\":\"Bancada ruralista diz que uso da \u00e1gua para gera\u00e7\u00e3o de energia em detrimento da irriga\u00e7\u00e3o \u00e9 equ\u00edvoco\"}]},{\"@type\":\"WebSite\",\"@id\":\"https:\/\/agenciainfra.com\/blog\/#website\",\"url\":\"https:\/\/agenciainfra.com\/blog\/\",\"name\":\"Ag\u00eancia iNFRA\",\"description\":\"Multiplataforma de informa\u00e7\u00e3o jornal\u00edstica refer\u00eancia na \u00e1rea de infraestrutura no Brasil!\",\"publisher\":{\"@id\":\"https:\/\/agenciainfra.com\/blog\/#organization\"},\"potentialAction\":[{\"@type\":\"SearchAction\",\"target\":{\"@type\":\"EntryPoint\",\"urlTemplate\":\"https:\/\/agenciainfra.com\/blog\/?s={search_term_string}\"},\"query-input\":{\"@type\":\"PropertyValueSpecification\",\"valueRequired\":true,\"valueName\":\"search_term_string\"}}],\"inLanguage\":\"pt-BR\"},{\"@type\":\"Organization\",\"@id\":\"https:\/\/agenciainfra.com\/blog\/#organization\",\"name\":\"Ag\u00eancia iNFRA\",\"url\":\"https:\/\/agenciainfra.com\/blog\/\",\"logo\":{\"@type\":\"ImageObject\",\"inLanguage\":\"pt-BR\",\"@id\":\"https:\/\/agenciainfra.com\/blog\/#\/schema\/logo\/image\/\",\"url\":\"https:\/\/agenciainfra.com\/blog\/wp-content\/uploads\/2023\/09\/iNFRA_5-e1761735885940.png\",\"contentUrl\":\"https:\/\/agenciainfra.com\/blog\/wp-content\/uploads\/2023\/09\/iNFRA_5-e1761735885940.png\",\"width\":1672,\"height\":454,\"caption\":\"Ag\u00eancia iNFRA\"},\"image\":{\"@id\":\"https:\/\/agenciainfra.com\/blog\/#\/schema\/logo\/image\/\"},\"sameAs\":[\"https:\/\/www.facebook.com\/ageninfra\",\"https:\/\/x.com\/agencia_infra\",\"https:\/\/www.linkedin.com\/company\/ag\u00eanciainfra\/\",\"https:\/\/www.instagram.com\/agenciainfra\/\"]},{\"@type\":\"Person\",\"@id\":\"https:\/\/agenciainfra.com\/blog\/#\/schema\/person\/04dbb79bd6d8951f063da71f3e4c1eb1\",\"name\":\"Rodrigo Zuquim\",\"image\":{\"@type\":\"ImageObject\",\"inLanguage\":\"pt-BR\",\"@id\":\"https:\/\/agenciainfra.com\/blog\/#\/schema\/person\/image\/\",\"url\":\"https:\/\/secure.gravatar.com\/avatar\/594abfe82761d620726242ff34ca472a705a4b97f16c790053a6b4c4035274d0?s=96&d=mm&r=g\",\"contentUrl\":\"https:\/\/secure.gravatar.com\/avatar\/594abfe82761d620726242ff34ca472a705a4b97f16c790053a6b4c4035274d0?s=96&d=mm&r=g\",\"caption\":\"Rodrigo Zuquim\"},\"url\":\"https:\/\/agenciainfra.com\/blog\/author\/rodrigo-zuquim\/\"}]}<\/script>\n<!-- \/ Yoast SEO Premium plugin. -->","yoast_head_json":{"title":"Bancada ruralista diz que uso da \u00e1gua para gera\u00e7\u00e3o de energia em detrimento da irriga\u00e7\u00e3o \u00e9 equ\u00edvoco - Ag\u00eancia iNFRA","robots":{"index":"index","follow":"follow","max-snippet":"max-snippet:-1","max-image-preview":"max-image-preview:large","max-video-preview":"max-video-preview:-1"},"canonical":"https:\/\/agenciainfra.com\/blog\/bancada-ruralista-diz-que-uso-da-agua-para-geracao-de-energia-em-detrimento-da-irrigacao-e-equivoco\/","og_locale":"pt_BR","og_type":"article","og_title":"Bancada ruralista diz que uso da \u00e1gua para gera\u00e7\u00e3o de energia em detrimento da irriga\u00e7\u00e3o \u00e9 equ\u00edvoco","og_description":"&nbsp;Alexandre Facciolla, da Ag\u00eancia iNFRA Parte da bancada ruralista na C\u00e2mara dos Deputados avalia que a decis\u00e3o do governo de privilegiar a gera\u00e7\u00e3o de energia el\u00e9trica em detrimento da irriga\u00e7\u00e3o para a agricultura \u00e9 um equ\u00edvoco, mas considera que \u00e9 poss\u00edvel que os \u00f3rg\u00e3os reguladores atuem em conjunto para avaliar a situa\u00e7\u00e3o h\u00eddrica caso a [&hellip;]","og_url":"https:\/\/agenciainfra.com\/blog\/bancada-ruralista-diz-que-uso-da-agua-para-geracao-de-energia-em-detrimento-da-irrigacao-e-equivoco\/","og_site_name":"Ag\u00eancia iNFRA","article_publisher":"https:\/\/www.facebook.com\/ageninfra","article_published_time":"2021-06-07T11:00:00+00:00","og_image":[{"width":1280,"height":852,"url":"https:\/\/agenciainfra.com\/blog\/wp-content\/uploads\/2021\/06\/sergio-souza-foto-cleia-viana-camara-dos-deputados.jpeg","type":"image\/jpeg"}],"author":"Rodrigo Zuquim","twitter_card":"summary_large_image","twitter_creator":"@agencia_infra","twitter_site":"@agencia_infra","twitter_misc":{"Escrito por":"Rodrigo Zuquim","Est. tempo de leitura":"4 minutos"},"schema":{"@context":"https:\/\/schema.org","@graph":[{"@type":"Article","@id":"https:\/\/agenciainfra.com\/blog\/bancada-ruralista-diz-que-uso-da-agua-para-geracao-de-energia-em-detrimento-da-irrigacao-e-equivoco\/#article","isPartOf":{"@id":"https:\/\/agenciainfra.com\/blog\/bancada-ruralista-diz-que-uso-da-agua-para-geracao-de-energia-em-detrimento-da-irrigacao-e-equivoco\/"},"author":{"name":"Rodrigo Zuquim","@id":"https:\/\/agenciainfra.com\/blog\/#\/schema\/person\/04dbb79bd6d8951f063da71f3e4c1eb1"},"headline":"Bancada ruralista diz que uso da \u00e1gua para gera\u00e7\u00e3o de energia em detrimento da irriga\u00e7\u00e3o \u00e9 equ\u00edvoco","datePublished":"2021-06-07T11:00:00+00:00","mainEntityOfPage":{"@id":"https:\/\/agenciainfra.com\/blog\/bancada-ruralista-diz-que-uso-da-agua-para-geracao-de-energia-em-detrimento-da-irrigacao-e-equivoco\/"},"wordCount":894,"publisher":{"@id":"https:\/\/agenciainfra.com\/blog\/#organization"},"image":{"@id":"https:\/\/agenciainfra.com\/blog\/bancada-ruralista-diz-que-uso-da-agua-para-geracao-de-energia-em-detrimento-da-irrigacao-e-equivoco\/#primaryimage"},"thumbnailUrl":"https:\/\/agenciainfra.com\/blog\/wp-content\/uploads\/2021\/06\/sergio-souza-foto-cleia-viana-camara-dos-deputados.jpeg","keywords":["abastecimento","Ag\u00eancia Nacional de \u00c1guas e Saneamento B\u00e1sico","agricultura","agroneg\u00f3cio","Alceu Moreira","ANA","Bacia do Para\u00edba do Sul","bacia do Paran\u00e1","bancada ruralista","barramentos","C\u00e2mara dos Deputados","CMSE","Comit\u00ea de Monitoramento do Setor El\u00e9trico","crise h\u00eddrica","Diego Andrade","energia el\u00e9trica","FPA","Frente Parlamentar da Agropecu\u00e1ria","gera\u00e7\u00e3o de energia","hidrel\u00e9trica","irriga\u00e7\u00e3o","Licenciamento ambiental","PL 3.729\/2004","recursos h\u00eddricos","S\u00e9rgio Souza","STF"],"articleSection":["Geral","iNFRAEnergia"],"inLanguage":"pt-BR","copyrightYear":"2021","copyrightHolder":{"@id":"https:\/\/agenciainfra.com\/blog\/#organization"}},{"@type":"WebPage","@id":"https:\/\/agenciainfra.com\/blog\/bancada-ruralista-diz-que-uso-da-agua-para-geracao-de-energia-em-detrimento-da-irrigacao-e-equivoco\/","url":"https:\/\/agenciainfra.com\/blog\/bancada-ruralista-diz-que-uso-da-agua-para-geracao-de-energia-em-detrimento-da-irrigacao-e-equivoco\/","name":"Bancada ruralista diz que uso da \u00e1gua para gera\u00e7\u00e3o de energia em detrimento da irriga\u00e7\u00e3o \u00e9 equ\u00edvoco - Ag\u00eancia iNFRA","isPartOf":{"@id":"https:\/\/agenciainfra.com\/blog\/#website"},"primaryImageOfPage":{"@id":"https:\/\/agenciainfra.com\/blog\/bancada-ruralista-diz-que-uso-da-agua-para-geracao-de-energia-em-detrimento-da-irrigacao-e-equivoco\/#primaryimage"},"image":{"@id":"https:\/\/agenciainfra.com\/blog\/bancada-ruralista-diz-que-uso-da-agua-para-geracao-de-energia-em-detrimento-da-irrigacao-e-equivoco\/#primaryimage"},"thumbnailUrl":"https:\/\/agenciainfra.com\/blog\/wp-content\/uploads\/2021\/06\/sergio-souza-foto-cleia-viana-camara-dos-deputados.jpeg","datePublished":"2021-06-07T11:00:00+00:00","breadcrumb":{"@id":"https:\/\/agenciainfra.com\/blog\/bancada-ruralista-diz-que-uso-da-agua-para-geracao-de-energia-em-detrimento-da-irrigacao-e-equivoco\/#breadcrumb"},"inLanguage":"pt-BR","potentialAction":[{"@type":"ReadAction","target":["https:\/\/agenciainfra.com\/blog\/bancada-ruralista-diz-que-uso-da-agua-para-geracao-de-energia-em-detrimento-da-irrigacao-e-equivoco\/"]}]},{"@type":"ImageObject","inLanguage":"pt-BR","@id":"https:\/\/agenciainfra.com\/blog\/bancada-ruralista-diz-que-uso-da-agua-para-geracao-de-energia-em-detrimento-da-irrigacao-e-equivoco\/#primaryimage","url":"https:\/\/agenciainfra.com\/blog\/wp-content\/uploads\/2021\/06\/sergio-souza-foto-cleia-viana-camara-dos-deputados.jpeg","contentUrl":"https:\/\/agenciainfra.com\/blog\/wp-content\/uploads\/2021\/06\/sergio-souza-foto-cleia-viana-camara-dos-deputados.jpeg","width":1280,"height":852},{"@type":"BreadcrumbList","@id":"https:\/\/agenciainfra.com\/blog\/bancada-ruralista-diz-que-uso-da-agua-para-geracao-de-energia-em-detrimento-da-irrigacao-e-equivoco\/#breadcrumb","itemListElement":[{"@type":"ListItem","position":1,"name":"In\u00edcio","item":"https:\/\/agenciainfra.com\/blog\/"},{"@type":"ListItem","position":2,"name":"Bancada ruralista diz que uso da \u00e1gua para gera\u00e7\u00e3o de energia em detrimento da irriga\u00e7\u00e3o \u00e9 equ\u00edvoco"}]},{"@type":"WebSite","@id":"https:\/\/agenciainfra.com\/blog\/#website","url":"https:\/\/agenciainfra.com\/blog\/","name":"Ag\u00eancia iNFRA","description":"Multiplataforma de informa\u00e7\u00e3o jornal\u00edstica refer\u00eancia na \u00e1rea de infraestrutura no Brasil!","publisher":{"@id":"https:\/\/agenciainfra.com\/blog\/#organization"},"potentialAction":[{"@type":"SearchAction","target":{"@type":"EntryPoint","urlTemplate":"https:\/\/agenciainfra.com\/blog\/?s={search_term_string}"},"query-input":{"@type":"PropertyValueSpecification","valueRequired":true,"valueName":"search_term_string"}}],"inLanguage":"pt-BR"},{"@type":"Organization","@id":"https:\/\/agenciainfra.com\/blog\/#organization","name":"Ag\u00eancia iNFRA","url":"https:\/\/agenciainfra.com\/blog\/","logo":{"@type":"ImageObject","inLanguage":"pt-BR","@id":"https:\/\/agenciainfra.com\/blog\/#\/schema\/logo\/image\/","url":"https:\/\/agenciainfra.com\/blog\/wp-content\/uploads\/2023\/09\/iNFRA_5-e1761735885940.png","contentUrl":"https:\/\/agenciainfra.com\/blog\/wp-content\/uploads\/2023\/09\/iNFRA_5-e1761735885940.png","width":1672,"height":454,"caption":"Ag\u00eancia iNFRA"},"image":{"@id":"https:\/\/agenciainfra.com\/blog\/#\/schema\/logo\/image\/"},"sameAs":["https:\/\/www.facebook.com\/ageninfra","https:\/\/x.com\/agencia_infra","https:\/\/www.linkedin.com\/company\/ag\u00eanciainfra\/","https:\/\/www.instagram.com\/agenciainfra\/"]},{"@type":"Person","@id":"https:\/\/agenciainfra.com\/blog\/#\/schema\/person\/04dbb79bd6d8951f063da71f3e4c1eb1","name":"Rodrigo Zuquim","image":{"@type":"ImageObject","inLanguage":"pt-BR","@id":"https:\/\/agenciainfra.com\/blog\/#\/schema\/person\/image\/","url":"https:\/\/secure.gravatar.com\/avatar\/594abfe82761d620726242ff34ca472a705a4b97f16c790053a6b4c4035274d0?s=96&d=mm&r=g","contentUrl":"https:\/\/secure.gravatar.com\/avatar\/594abfe82761d620726242ff34ca472a705a4b97f16c790053a6b4c4035274d0?s=96&d=mm&r=g","caption":"Rodrigo Zuquim"},"url":"https:\/\/agenciainfra.com\/blog\/author\/rodrigo-zuquim\/"}]}},"_links":{"self":[{"href":"https:\/\/agenciainfra.com\/blog\/wp-json\/wp\/v2\/posts\/7391","targetHints":{"allow":["GET"]}}],"collection":[{"href":"https:\/\/agenciainfra.com\/blog\/wp-json\/wp\/v2\/posts"}],"about":[{"href":"https:\/\/agenciainfra.com\/blog\/wp-json\/wp\/v2\/types\/post"}],"author":[{"embeddable":true,"href":"https:\/\/agenciainfra.com\/blog\/wp-json\/wp\/v2\/users\/9"}],"replies":[{"embeddable":true,"href":"https:\/\/agenciainfra.com\/blog\/wp-json\/wp\/v2\/comments?post=7391"}],"version-history":[{"count":0,"href":"https:\/\/agenciainfra.com\/blog\/wp-json\/wp\/v2\/posts\/7391\/revisions"}],"wp:featuredmedia":[{"embeddable":true,"href":"https:\/\/agenciainfra.com\/blog\/wp-json\/wp\/v2\/media\/7392"}],"wp:attachment":[{"href":"https:\/\/agenciainfra.com\/blog\/wp-json\/wp\/v2\/media?parent=7391"}],"wp:term":[{"taxonomy":"category","embeddable":true,"href":"https:\/\/agenciainfra.com\/blog\/wp-json\/wp\/v2\/categories?post=7391"},{"taxonomy":"post_tag","embeddable":true,"href":"https:\/\/agenciainfra.com\/blog\/wp-json\/wp\/v2\/tags?post=7391"}],"curies":[{"name":"wp","href":"https:\/\/api.w.org\/{rel}","templated":true}]}}