{"id":7414,"date":"2021-06-08T08:00:00","date_gmt":"2021-06-08T11:00:00","guid":{"rendered":"https:\/\/www.agenciainfra.com\/blog\/?p=7414"},"modified":"2021-06-09T13:51:39","modified_gmt":"2021-06-09T16:51:39","slug":"petrobras-e-problema-ambiental-no-rio-parana-sao-entraves-ao-abastecimento-de-energia","status":"publish","type":"post","link":"https:\/\/agenciainfra.com\/blog\/petrobras-e-problema-ambiental-no-rio-parana-sao-entraves-ao-abastecimento-de-energia\/","title":{"rendered":"Petrobras e problema ambiental no rio Paran\u00e1 s\u00e3o entraves ao abastecimento de energia"},"content":{"rendered":"\n<hr class=\"wp-block-separator\"\/>\n\n\n\n<p class=\"has-text-align-right\"><strong>\u00a0Leila Coimbra, da Ag\u00eancia iNFRA<\/strong><\/p>\n\n\n\n<p>Para garantir o suprimento de energia a partir de agosto, o governo negocia duas medidas essenciais. A primeira \u00e9 reduzir a vaz\u00e3o das hidrel\u00e9tricas de Jupi\u00e1 e Porto Primavera para m\u00ednimas hist\u00f3ricas. Mas isso poderia provocar impactos ambientais no Rio Paran\u00e1, dentre os quais a morte de peixes ou o &#8220;aprisionamento&#8221; destes em lagoas, al\u00e9m do comprometimento da qualidade da \u00e1gua.<br>\u00a0<br>As informa\u00e7\u00f5es constam em relat\u00f3rios feitos ao Ibama pelas empresas donas das hidrel\u00e9tricas: a chinesa CTG, que opera Jupi\u00e1; e a Cesp, controlada pela Votorantim, que \u00e9 dona de Porto Primavera.<br>\u00a0<br><strong>G\u00e1s da Petrobras<\/strong><br>O segundo desafio \u00e9 fazer com que a Petrobras adie da segunda quinzena de agosto para janeiro de 2022 a manuten\u00e7\u00e3o plataforma de Mexilh\u00e3o, e da Rota 1, rede de gasodutos que leva o g\u00e1s do pr\u00e9-sal at\u00e9 o litoral.\u00a0O abastecimento de g\u00e1s para o acionamento de todo o parque termel\u00e9trico \u00e9 essencial, mas a estatal est\u00e1 relutante em mudar o cronograma.<br>\u00a0<br>Questionado sobre a negocia\u00e7\u00e3o com a Petrobras, o ministro de Minas e Energia, Bento Albuquerque, disse \u00e0\u00a0<strong>Ag\u00eancia iNFRA<\/strong>\u00a0apenas que a equipe da pasta \u201cvem trabalhando desde o ano passado para manter todo suprimento necess\u00e1rio \u00e0 opera\u00e7\u00e3o do sistema\u201d.<br>\u00a0<br><strong>Vaz\u00f5es<\/strong><br>Em rela\u00e7\u00e3o \u00e0s vaz\u00f5es das hidrel\u00e9tricas, um assunto mais t\u00e9cnico, a Cesp e a CTG v\u00eam realizando \u2013 sob comando do ONS (Operador Nacional do Sistema El\u00e9trico) e com autoriza\u00e7\u00e3o do Ibama \u2013, desde a primeira quinzena de maio, testes de redu\u00e7\u00e3o das deflu\u00eancias das suas usinas.<br>\u00a0<br>Nos testes, reduziu-se a vaz\u00e3o de Jupi\u00e1 de 3.700 m3\/s (metros c\u00fabicos por segundo) para 3.200 m3\/s e, em Porto Primavera, de 4.300 m3\/s para 3.800 m3\/s, com diminui\u00e7\u00f5es de 100 m3\/s por dia.<br>\u00a0<br>A redu\u00e7\u00e3o da vaz\u00e3o nestas duas usinas permite armazenar \u00e1gua nas hidrel\u00e9tricas Tr\u00eas Irm\u00e3os e Ilha Solteira, que est\u00e3o acima na cascata do Rio Paran\u00e1 e possuem reservat\u00f3rios maiores.<br>\u00a0<br>Mas, segundo c\u00e1lculos do governo, seria preciso que as deflu\u00eancias m\u00ednimas ca\u00edssem para 2.700 m3\/s em Porto Primavera e 2.300 m3\/s em Jupi\u00e1. As vaz\u00f5es m\u00ednimas vigentes autorizadas pelo Ibama s\u00e3o de 3.900 m3\/s e 3.300 m3\/s, respectivamente.<br>\u00a0<br><strong>\u201cProcesso complexo\u201d<\/strong><br>A flexibiliza\u00e7\u00e3o do uso da \u00e1gua \u00e9 um processo complexo, como aponta a PSR no seu mais recente relat\u00f3rio &#8216;Energy Report&#8217;, restrito aos assinantes. A consultoria comparou a situa\u00e7\u00e3o atual com a seca de 2014 na usina de Jupi\u00e1<br>\u00a0<br>O texto explica que, na ocasi\u00e3o, houve uma redu\u00e7\u00e3o da vaz\u00e3o m\u00ednima da usina para 2.500 m3\/s, e isso foi um \u201cprocesso complexo\u201d. O texto disse que existe uma restri\u00e7\u00e3o de \u201crampa\u201d de 500 m3\/s por hora para a redu\u00e7\u00e3o das vaz\u00f5es a jusante de Jupi\u00e1, \u201ccom o objetivo para evitar mortandade dos peixes, que podem ficar\u00a0aprisionados em pontos da calha do rio&#8221;.<br>\u00a0<br>A PSR tamb\u00e9m cita um apag\u00e3o que desligou a usina por algumas horas em 2009, que teve forte impacto sobre as vaz\u00f5es a jusante e provocou a mortandade de peixes.<br>\u00a0<br><strong>Furnas<\/strong><br>O processo de flexibiliza\u00e7\u00e3o inclui a usina de Furnas. Neste caso, \u00e9 preciso o inverso: que a hidrel\u00e9trica aumente a sua vaz\u00e3o. Como a barragem de Furnas \u00e9 de cabeceira, precisa liberar a \u00e1gua para toda a cascata do Rio Paran\u00e1 e esvaziar o seu lago. Hoje a deflu\u00eancia em Furnas \u00e9 de 500 m3\/s e o objetivo \u00e9 passar para 800 m3\/s.<br><br>Esse processo de esvaziamento compromete o turismo na regi\u00e3o que abrange 34 munic\u00edpios mineiros,\u00a0al\u00e9m de irriga\u00e7\u00e3o e piscicultura, o que j\u00e1 causa impactos pol\u00edticos.<br>\u00a0<br><strong>7,5% de armazenamento<\/strong><br>O governo estima que, sem as medidas de flexibiliza\u00e7\u00e3o h\u00eddrica, \u00e9 poss\u00edvel que o armazenamento das usinas das regi\u00f5es Centro-Oeste\/Sudeste chegue a 7,5% em novembro, o menor n\u00edvel j\u00e1 registrado na hist\u00f3ria e extremamente cr\u00edtico.<br>\u00a0<br><strong>Contexto<\/strong><br>A bacia do Rio Paran\u00e1 responde por cerca de 76% da capacidade m\u00e1xima de armazenamento do subsistema Sudeste\/Centro-Oeste e por pouco mais da metade (53%) da capacidade de armazenamento de todo o SIN (Sistema Interligado Nacional).<br>\u00a0<br><strong>Termel\u00e9tricas<\/strong><br>J\u00e1 a quest\u00e3o da Petrobras tamb\u00e9m \u00e9 primordial, especialmente se for executado o cen\u00e1rio de redu\u00e7\u00e3o das vaz\u00f5es ao n\u00edvel recorde. Isso porque, ao se poupar \u00e1gua para preservar os reservat\u00f3rios \u2013 que n\u00e3o cheguem aos tem\u00edveis 7,5% de armazenamento em novembro \u2013 as hidrel\u00e9tricas tamb\u00e9m produzir\u00e3o\u00a0menos de energia.<br>\u00a0<br>Neste cen\u00e1rio, \u00e9 preciso que usinas t\u00e9rmicas estejam gerando 17,5 mil MW (megawatts em agosto); e 20 mil MW em outubro.<br>\u00a0<br>O relat\u00f3rio da PSR calcula que, em tr\u00eas meses de diferen\u00e7a de vaz\u00e3o em Jupi\u00e1 de 4.000 para\u00a02.500 m3\/s, significa que todas as usinas do Rio Paran\u00e1 deixariam de produzir, em conjunto, 1,75 MW para cada m3\/s, o que daria um total de 2,6 mil MW.<br>\u00a0<br>Com a parada de Mexilh\u00e3o e Rota 1, a estimativa \u00e9 que 3.500 MW em usinas termel\u00e9tricas n\u00e3o poder\u00e3o gerar pelo fato de n\u00e3o ter g\u00e1s natural dispon\u00edvel.<br>\u00a0<br><strong>Petrobras<\/strong><br>Na \u00faltima sexta-feira (4), a Petrobras comunicou oficialmente a parada programada da plataforma e da rede de gasodutos. Disse que a manuten\u00e7\u00e3o j\u00e1 estava informada \u00e0 ANP (Ag\u00eancia Nacional do Petr\u00f3leo, G\u00e1s Natural e Biocombust\u00edveis) desde outubro de 2020 e que n\u00e3o ser\u00e1 poss\u00edvel adiar por visar \u00e0 seguran\u00e7a operacional e ao cumprimento de prazos normativos.<br>\u00a0<br>&#8220;A parada possibilitar\u00e1 a manuten\u00e7\u00e3o preventiva e a realiza\u00e7\u00e3o de melhorias nas instala\u00e7\u00f5es, garantindo a continuidade e a seguran\u00e7a nas opera\u00e7\u00f5es de escoamento e fornecimento de g\u00e1s natural&#8221;, afirmou a petroleira.<\/p>\n","protected":false},"excerpt":{"rendered":"<p>\u00a0Leila Coimbra, da Ag\u00eancia iNFRA Para garantir o suprimento de energia a partir de agosto, o governo negocia duas medidas essenciais. A primeira \u00e9 reduzir a vaz\u00e3o das hidrel\u00e9tricas de Jupi\u00e1 e Porto Primavera para m\u00ednimas hist\u00f3ricas. Mas isso poderia provocar impactos ambientais no Rio Paran\u00e1, dentre os quais a morte de peixes ou o [&hellip;]<\/p>\n","protected":false},"author":9,"featured_media":7415,"comment_status":"closed","ping_status":"closed","sticky":false,"template":"","format":"standard","meta":{"_monsterinsights_skip_tracking":false,"_monsterinsights_sitenote_active":false,"_monsterinsights_sitenote_note":"","_monsterinsights_sitenote_category":0,"footnotes":""},"categories":[1,10],"tags":[3199,1101,4397,710,4387,4386,4394,25,4396,638,343,882,341,635,749,4393,4384,4389,519,216,4391,143,4385,344,121,1819,4383,4390,3360,1154,631,4392,4395,4388],"class_list":["post-7414","post","type-post","status-publish","format-standard","has-post-thumbnail","hentry","category-geral","category-infraenergia","tag-abastecimento","tag-anp","tag-armazenamento","tag-bento-albuquerque","tag-cesp","tag-ctg","tag-defluencias","tag-energia","tag-energy-report","tag-furnas","tag-gas","tag-gas-natural","tag-gasodutos","tag-hidreletricas","tag-ibama","tag-ilha-solteira","tag-jupia","tag-mexilhao","tag-minas-e-energia","tag-ons","tag-parque-termeletrico","tag-petrobras","tag-porto-primavera","tag-pre-sal","tag-psr","tag-reservatorios","tag-rio-parana","tag-rota-1","tag-sin","tag-termeletricas","tag-termicas","tag-tres-irmaos","tag-vazoes","tag-votorantim"],"yoast_head":"<!-- This site is optimized with the Yoast SEO Premium plugin v25.4 (Yoast SEO v26.0) - https:\/\/yoast.com\/wordpress\/plugins\/seo\/ -->\n<title>Petrobras e problema ambiental no rio Paran\u00e1 s\u00e3o entraves ao abastecimento de energia - Ag\u00eancia iNFRA<\/title>\n<meta name=\"robots\" content=\"index, follow, max-snippet:-1, max-image-preview:large, max-video-preview:-1\" \/>\n<link rel=\"canonical\" href=\"https:\/\/agenciainfra.com\/blog\/petrobras-e-problema-ambiental-no-rio-parana-sao-entraves-ao-abastecimento-de-energia\/\" \/>\n<meta property=\"og:locale\" content=\"pt_BR\" \/>\n<meta property=\"og:type\" content=\"article\" \/>\n<meta property=\"og:title\" content=\"Petrobras e problema ambiental no rio Paran\u00e1 s\u00e3o entraves ao abastecimento de energia\" \/>\n<meta property=\"og:description\" content=\"\u00a0Leila Coimbra, da Ag\u00eancia iNFRA Para garantir o suprimento de energia a partir de agosto, o governo negocia duas medidas essenciais. A primeira \u00e9 reduzir a vaz\u00e3o das hidrel\u00e9tricas de Jupi\u00e1 e Porto Primavera para m\u00ednimas hist\u00f3ricas. Mas isso poderia provocar impactos ambientais no Rio Paran\u00e1, dentre os quais a morte de peixes ou o [&hellip;]\" \/>\n<meta property=\"og:url\" content=\"https:\/\/agenciainfra.com\/blog\/petrobras-e-problema-ambiental-no-rio-parana-sao-entraves-ao-abastecimento-de-energia\/\" \/>\n<meta property=\"og:site_name\" content=\"Ag\u00eancia iNFRA\" \/>\n<meta property=\"article:publisher\" content=\"https:\/\/www.facebook.com\/ageninfra\" \/>\n<meta property=\"article:published_time\" content=\"2021-06-08T11:00:00+00:00\" \/>\n<meta property=\"article:modified_time\" content=\"2021-06-09T16:51:39+00:00\" \/>\n<meta property=\"og:image\" content=\"https:\/\/agenciainfra.com\/blog\/wp-content\/uploads\/2021\/06\/petrobras-foto-petrobras.png\" \/>\n\t<meta property=\"og:image:width\" content=\"1280\" \/>\n\t<meta property=\"og:image:height\" content=\"789\" \/>\n\t<meta property=\"og:image:type\" content=\"image\/png\" \/>\n<meta name=\"author\" content=\"Rodrigo Zuquim\" \/>\n<meta name=\"twitter:card\" content=\"summary_large_image\" \/>\n<meta name=\"twitter:creator\" content=\"@agencia_infra\" \/>\n<meta name=\"twitter:site\" content=\"@agencia_infra\" \/>\n<meta name=\"twitter:label1\" content=\"Escrito por\" \/>\n\t<meta name=\"twitter:data1\" content=\"Rodrigo Zuquim\" \/>\n\t<meta name=\"twitter:label2\" content=\"Est. tempo de leitura\" \/>\n\t<meta name=\"twitter:data2\" content=\"5 minutos\" \/>\n<script type=\"application\/ld+json\" class=\"yoast-schema-graph\">{\"@context\":\"https:\/\/schema.org\",\"@graph\":[{\"@type\":\"Article\",\"@id\":\"https:\/\/agenciainfra.com\/blog\/petrobras-e-problema-ambiental-no-rio-parana-sao-entraves-ao-abastecimento-de-energia\/#article\",\"isPartOf\":{\"@id\":\"https:\/\/agenciainfra.com\/blog\/petrobras-e-problema-ambiental-no-rio-parana-sao-entraves-ao-abastecimento-de-energia\/\"},\"author\":{\"name\":\"Rodrigo Zuquim\",\"@id\":\"https:\/\/agenciainfra.com\/blog\/#\/schema\/person\/04dbb79bd6d8951f063da71f3e4c1eb1\"},\"headline\":\"Petrobras e problema ambiental no rio Paran\u00e1 s\u00e3o entraves ao abastecimento de energia\",\"datePublished\":\"2021-06-08T11:00:00+00:00\",\"dateModified\":\"2021-06-09T16:51:39+00:00\",\"mainEntityOfPage\":{\"@id\":\"https:\/\/agenciainfra.com\/blog\/petrobras-e-problema-ambiental-no-rio-parana-sao-entraves-ao-abastecimento-de-energia\/\"},\"wordCount\":980,\"publisher\":{\"@id\":\"https:\/\/agenciainfra.com\/blog\/#organization\"},\"image\":{\"@id\":\"https:\/\/agenciainfra.com\/blog\/petrobras-e-problema-ambiental-no-rio-parana-sao-entraves-ao-abastecimento-de-energia\/#primaryimage\"},\"thumbnailUrl\":\"https:\/\/agenciainfra.com\/blog\/wp-content\/uploads\/2021\/06\/petrobras-foto-petrobras.png\",\"keywords\":[\"abastecimento\",\"ANP\",\"armazenamento\",\"bento albuquerque\",\"Cesp\",\"CTG\",\"deflu\u00eancias\",\"energia\",\"Energy Report\",\"furnas\",\"g\u00e1s\",\"g\u00e1s natural\",\"gasodutos\",\"Hidrel\u00e9tricas\",\"Ibama\",\"Ilha Solteira\",\"Jupi\u00e1\",\"Mexilh\u00e3o\",\"Minas e Energia\",\"ONS\",\"parque termel\u00e9trico\",\"Petrobras\",\"Porto Primavera\",\"pr\u00e9-sal\",\"PSR\",\"reservat\u00f3rios\",\"rio Paran\u00e1\",\"Rota 1\",\"SIN\",\"termel\u00e9tricas\",\"t\u00e9rmicas\",\"Tr\u00eas Irm\u00e3os\",\"vaz\u00f5es\",\"Votorantim\"],\"articleSection\":[\"Geral\",\"iNFRAEnergia\"],\"inLanguage\":\"pt-BR\",\"copyrightYear\":\"2021\",\"copyrightHolder\":{\"@id\":\"https:\/\/agenciainfra.com\/blog\/#organization\"}},{\"@type\":\"WebPage\",\"@id\":\"https:\/\/agenciainfra.com\/blog\/petrobras-e-problema-ambiental-no-rio-parana-sao-entraves-ao-abastecimento-de-energia\/\",\"url\":\"https:\/\/agenciainfra.com\/blog\/petrobras-e-problema-ambiental-no-rio-parana-sao-entraves-ao-abastecimento-de-energia\/\",\"name\":\"Petrobras e problema ambiental no rio Paran\u00e1 s\u00e3o entraves ao abastecimento de energia - Ag\u00eancia iNFRA\",\"isPartOf\":{\"@id\":\"https:\/\/agenciainfra.com\/blog\/#website\"},\"primaryImageOfPage\":{\"@id\":\"https:\/\/agenciainfra.com\/blog\/petrobras-e-problema-ambiental-no-rio-parana-sao-entraves-ao-abastecimento-de-energia\/#primaryimage\"},\"image\":{\"@id\":\"https:\/\/agenciainfra.com\/blog\/petrobras-e-problema-ambiental-no-rio-parana-sao-entraves-ao-abastecimento-de-energia\/#primaryimage\"},\"thumbnailUrl\":\"https:\/\/agenciainfra.com\/blog\/wp-content\/uploads\/2021\/06\/petrobras-foto-petrobras.png\",\"datePublished\":\"2021-06-08T11:00:00+00:00\",\"dateModified\":\"2021-06-09T16:51:39+00:00\",\"breadcrumb\":{\"@id\":\"https:\/\/agenciainfra.com\/blog\/petrobras-e-problema-ambiental-no-rio-parana-sao-entraves-ao-abastecimento-de-energia\/#breadcrumb\"},\"inLanguage\":\"pt-BR\",\"potentialAction\":[{\"@type\":\"ReadAction\",\"target\":[\"https:\/\/agenciainfra.com\/blog\/petrobras-e-problema-ambiental-no-rio-parana-sao-entraves-ao-abastecimento-de-energia\/\"]}]},{\"@type\":\"ImageObject\",\"inLanguage\":\"pt-BR\",\"@id\":\"https:\/\/agenciainfra.com\/blog\/petrobras-e-problema-ambiental-no-rio-parana-sao-entraves-ao-abastecimento-de-energia\/#primaryimage\",\"url\":\"https:\/\/agenciainfra.com\/blog\/wp-content\/uploads\/2021\/06\/petrobras-foto-petrobras.png\",\"contentUrl\":\"https:\/\/agenciainfra.com\/blog\/wp-content\/uploads\/2021\/06\/petrobras-foto-petrobras.png\",\"width\":1280,\"height\":789,\"caption\":\"Foto: Petrobras\/Divulga\u00e7\u00e3o\"},{\"@type\":\"BreadcrumbList\",\"@id\":\"https:\/\/agenciainfra.com\/blog\/petrobras-e-problema-ambiental-no-rio-parana-sao-entraves-ao-abastecimento-de-energia\/#breadcrumb\",\"itemListElement\":[{\"@type\":\"ListItem\",\"position\":1,\"name\":\"In\u00edcio\",\"item\":\"https:\/\/agenciainfra.com\/blog\/\"},{\"@type\":\"ListItem\",\"position\":2,\"name\":\"Petrobras e problema ambiental no rio Paran\u00e1 s\u00e3o entraves ao abastecimento de energia\"}]},{\"@type\":\"WebSite\",\"@id\":\"https:\/\/agenciainfra.com\/blog\/#website\",\"url\":\"https:\/\/agenciainfra.com\/blog\/\",\"name\":\"Ag\u00eancia iNFRA\",\"description\":\"Multiplataforma de informa\u00e7\u00e3o jornal\u00edstica refer\u00eancia na \u00e1rea de infraestrutura no Brasil!\",\"publisher\":{\"@id\":\"https:\/\/agenciainfra.com\/blog\/#organization\"},\"potentialAction\":[{\"@type\":\"SearchAction\",\"target\":{\"@type\":\"EntryPoint\",\"urlTemplate\":\"https:\/\/agenciainfra.com\/blog\/?s={search_term_string}\"},\"query-input\":{\"@type\":\"PropertyValueSpecification\",\"valueRequired\":true,\"valueName\":\"search_term_string\"}}],\"inLanguage\":\"pt-BR\"},{\"@type\":\"Organization\",\"@id\":\"https:\/\/agenciainfra.com\/blog\/#organization\",\"name\":\"Ag\u00eancia iNFRA\",\"url\":\"https:\/\/agenciainfra.com\/blog\/\",\"logo\":{\"@type\":\"ImageObject\",\"inLanguage\":\"pt-BR\",\"@id\":\"https:\/\/agenciainfra.com\/blog\/#\/schema\/logo\/image\/\",\"url\":\"https:\/\/agenciainfra.com\/blog\/wp-content\/uploads\/2023\/09\/iNFRA_5-e1761735885940.png\",\"contentUrl\":\"https:\/\/agenciainfra.com\/blog\/wp-content\/uploads\/2023\/09\/iNFRA_5-e1761735885940.png\",\"width\":1672,\"height\":454,\"caption\":\"Ag\u00eancia iNFRA\"},\"image\":{\"@id\":\"https:\/\/agenciainfra.com\/blog\/#\/schema\/logo\/image\/\"},\"sameAs\":[\"https:\/\/www.facebook.com\/ageninfra\",\"https:\/\/x.com\/agencia_infra\",\"https:\/\/www.linkedin.com\/company\/ag\u00eanciainfra\/\",\"https:\/\/www.instagram.com\/agenciainfra\/\"]},{\"@type\":\"Person\",\"@id\":\"https:\/\/agenciainfra.com\/blog\/#\/schema\/person\/04dbb79bd6d8951f063da71f3e4c1eb1\",\"name\":\"Rodrigo Zuquim\",\"image\":{\"@type\":\"ImageObject\",\"inLanguage\":\"pt-BR\",\"@id\":\"https:\/\/agenciainfra.com\/blog\/#\/schema\/person\/image\/\",\"url\":\"https:\/\/secure.gravatar.com\/avatar\/594abfe82761d620726242ff34ca472a705a4b97f16c790053a6b4c4035274d0?s=96&d=mm&r=g\",\"contentUrl\":\"https:\/\/secure.gravatar.com\/avatar\/594abfe82761d620726242ff34ca472a705a4b97f16c790053a6b4c4035274d0?s=96&d=mm&r=g\",\"caption\":\"Rodrigo Zuquim\"},\"url\":\"https:\/\/agenciainfra.com\/blog\/author\/rodrigo-zuquim\/\"}]}<\/script>\n<!-- \/ Yoast SEO Premium plugin. -->","yoast_head_json":{"title":"Petrobras e problema ambiental no rio Paran\u00e1 s\u00e3o entraves ao abastecimento de energia - Ag\u00eancia iNFRA","robots":{"index":"index","follow":"follow","max-snippet":"max-snippet:-1","max-image-preview":"max-image-preview:large","max-video-preview":"max-video-preview:-1"},"canonical":"https:\/\/agenciainfra.com\/blog\/petrobras-e-problema-ambiental-no-rio-parana-sao-entraves-ao-abastecimento-de-energia\/","og_locale":"pt_BR","og_type":"article","og_title":"Petrobras e problema ambiental no rio Paran\u00e1 s\u00e3o entraves ao abastecimento de energia","og_description":"\u00a0Leila Coimbra, da Ag\u00eancia iNFRA Para garantir o suprimento de energia a partir de agosto, o governo negocia duas medidas essenciais. A primeira \u00e9 reduzir a vaz\u00e3o das hidrel\u00e9tricas de Jupi\u00e1 e Porto Primavera para m\u00ednimas hist\u00f3ricas. Mas isso poderia provocar impactos ambientais no Rio Paran\u00e1, dentre os quais a morte de peixes ou o [&hellip;]","og_url":"https:\/\/agenciainfra.com\/blog\/petrobras-e-problema-ambiental-no-rio-parana-sao-entraves-ao-abastecimento-de-energia\/","og_site_name":"Ag\u00eancia iNFRA","article_publisher":"https:\/\/www.facebook.com\/ageninfra","article_published_time":"2021-06-08T11:00:00+00:00","article_modified_time":"2021-06-09T16:51:39+00:00","og_image":[{"width":1280,"height":789,"url":"https:\/\/agenciainfra.com\/blog\/wp-content\/uploads\/2021\/06\/petrobras-foto-petrobras.png","type":"image\/png"}],"author":"Rodrigo Zuquim","twitter_card":"summary_large_image","twitter_creator":"@agencia_infra","twitter_site":"@agencia_infra","twitter_misc":{"Escrito por":"Rodrigo Zuquim","Est. tempo de leitura":"5 minutos"},"schema":{"@context":"https:\/\/schema.org","@graph":[{"@type":"Article","@id":"https:\/\/agenciainfra.com\/blog\/petrobras-e-problema-ambiental-no-rio-parana-sao-entraves-ao-abastecimento-de-energia\/#article","isPartOf":{"@id":"https:\/\/agenciainfra.com\/blog\/petrobras-e-problema-ambiental-no-rio-parana-sao-entraves-ao-abastecimento-de-energia\/"},"author":{"name":"Rodrigo Zuquim","@id":"https:\/\/agenciainfra.com\/blog\/#\/schema\/person\/04dbb79bd6d8951f063da71f3e4c1eb1"},"headline":"Petrobras e problema ambiental no rio Paran\u00e1 s\u00e3o entraves ao abastecimento de energia","datePublished":"2021-06-08T11:00:00+00:00","dateModified":"2021-06-09T16:51:39+00:00","mainEntityOfPage":{"@id":"https:\/\/agenciainfra.com\/blog\/petrobras-e-problema-ambiental-no-rio-parana-sao-entraves-ao-abastecimento-de-energia\/"},"wordCount":980,"publisher":{"@id":"https:\/\/agenciainfra.com\/blog\/#organization"},"image":{"@id":"https:\/\/agenciainfra.com\/blog\/petrobras-e-problema-ambiental-no-rio-parana-sao-entraves-ao-abastecimento-de-energia\/#primaryimage"},"thumbnailUrl":"https:\/\/agenciainfra.com\/blog\/wp-content\/uploads\/2021\/06\/petrobras-foto-petrobras.png","keywords":["abastecimento","ANP","armazenamento","bento albuquerque","Cesp","CTG","deflu\u00eancias","energia","Energy Report","furnas","g\u00e1s","g\u00e1s natural","gasodutos","Hidrel\u00e9tricas","Ibama","Ilha Solteira","Jupi\u00e1","Mexilh\u00e3o","Minas e Energia","ONS","parque termel\u00e9trico","Petrobras","Porto Primavera","pr\u00e9-sal","PSR","reservat\u00f3rios","rio Paran\u00e1","Rota 1","SIN","termel\u00e9tricas","t\u00e9rmicas","Tr\u00eas Irm\u00e3os","vaz\u00f5es","Votorantim"],"articleSection":["Geral","iNFRAEnergia"],"inLanguage":"pt-BR","copyrightYear":"2021","copyrightHolder":{"@id":"https:\/\/agenciainfra.com\/blog\/#organization"}},{"@type":"WebPage","@id":"https:\/\/agenciainfra.com\/blog\/petrobras-e-problema-ambiental-no-rio-parana-sao-entraves-ao-abastecimento-de-energia\/","url":"https:\/\/agenciainfra.com\/blog\/petrobras-e-problema-ambiental-no-rio-parana-sao-entraves-ao-abastecimento-de-energia\/","name":"Petrobras e problema ambiental no rio Paran\u00e1 s\u00e3o entraves ao abastecimento de energia - Ag\u00eancia iNFRA","isPartOf":{"@id":"https:\/\/agenciainfra.com\/blog\/#website"},"primaryImageOfPage":{"@id":"https:\/\/agenciainfra.com\/blog\/petrobras-e-problema-ambiental-no-rio-parana-sao-entraves-ao-abastecimento-de-energia\/#primaryimage"},"image":{"@id":"https:\/\/agenciainfra.com\/blog\/petrobras-e-problema-ambiental-no-rio-parana-sao-entraves-ao-abastecimento-de-energia\/#primaryimage"},"thumbnailUrl":"https:\/\/agenciainfra.com\/blog\/wp-content\/uploads\/2021\/06\/petrobras-foto-petrobras.png","datePublished":"2021-06-08T11:00:00+00:00","dateModified":"2021-06-09T16:51:39+00:00","breadcrumb":{"@id":"https:\/\/agenciainfra.com\/blog\/petrobras-e-problema-ambiental-no-rio-parana-sao-entraves-ao-abastecimento-de-energia\/#breadcrumb"},"inLanguage":"pt-BR","potentialAction":[{"@type":"ReadAction","target":["https:\/\/agenciainfra.com\/blog\/petrobras-e-problema-ambiental-no-rio-parana-sao-entraves-ao-abastecimento-de-energia\/"]}]},{"@type":"ImageObject","inLanguage":"pt-BR","@id":"https:\/\/agenciainfra.com\/blog\/petrobras-e-problema-ambiental-no-rio-parana-sao-entraves-ao-abastecimento-de-energia\/#primaryimage","url":"https:\/\/agenciainfra.com\/blog\/wp-content\/uploads\/2021\/06\/petrobras-foto-petrobras.png","contentUrl":"https:\/\/agenciainfra.com\/blog\/wp-content\/uploads\/2021\/06\/petrobras-foto-petrobras.png","width":1280,"height":789,"caption":"Foto: Petrobras\/Divulga\u00e7\u00e3o"},{"@type":"BreadcrumbList","@id":"https:\/\/agenciainfra.com\/blog\/petrobras-e-problema-ambiental-no-rio-parana-sao-entraves-ao-abastecimento-de-energia\/#breadcrumb","itemListElement":[{"@type":"ListItem","position":1,"name":"In\u00edcio","item":"https:\/\/agenciainfra.com\/blog\/"},{"@type":"ListItem","position":2,"name":"Petrobras e problema ambiental no rio Paran\u00e1 s\u00e3o entraves ao abastecimento de energia"}]},{"@type":"WebSite","@id":"https:\/\/agenciainfra.com\/blog\/#website","url":"https:\/\/agenciainfra.com\/blog\/","name":"Ag\u00eancia iNFRA","description":"Multiplataforma de informa\u00e7\u00e3o jornal\u00edstica refer\u00eancia na \u00e1rea de infraestrutura no Brasil!","publisher":{"@id":"https:\/\/agenciainfra.com\/blog\/#organization"},"potentialAction":[{"@type":"SearchAction","target":{"@type":"EntryPoint","urlTemplate":"https:\/\/agenciainfra.com\/blog\/?s={search_term_string}"},"query-input":{"@type":"PropertyValueSpecification","valueRequired":true,"valueName":"search_term_string"}}],"inLanguage":"pt-BR"},{"@type":"Organization","@id":"https:\/\/agenciainfra.com\/blog\/#organization","name":"Ag\u00eancia iNFRA","url":"https:\/\/agenciainfra.com\/blog\/","logo":{"@type":"ImageObject","inLanguage":"pt-BR","@id":"https:\/\/agenciainfra.com\/blog\/#\/schema\/logo\/image\/","url":"https:\/\/agenciainfra.com\/blog\/wp-content\/uploads\/2023\/09\/iNFRA_5-e1761735885940.png","contentUrl":"https:\/\/agenciainfra.com\/blog\/wp-content\/uploads\/2023\/09\/iNFRA_5-e1761735885940.png","width":1672,"height":454,"caption":"Ag\u00eancia iNFRA"},"image":{"@id":"https:\/\/agenciainfra.com\/blog\/#\/schema\/logo\/image\/"},"sameAs":["https:\/\/www.facebook.com\/ageninfra","https:\/\/x.com\/agencia_infra","https:\/\/www.linkedin.com\/company\/ag\u00eanciainfra\/","https:\/\/www.instagram.com\/agenciainfra\/"]},{"@type":"Person","@id":"https:\/\/agenciainfra.com\/blog\/#\/schema\/person\/04dbb79bd6d8951f063da71f3e4c1eb1","name":"Rodrigo Zuquim","image":{"@type":"ImageObject","inLanguage":"pt-BR","@id":"https:\/\/agenciainfra.com\/blog\/#\/schema\/person\/image\/","url":"https:\/\/secure.gravatar.com\/avatar\/594abfe82761d620726242ff34ca472a705a4b97f16c790053a6b4c4035274d0?s=96&d=mm&r=g","contentUrl":"https:\/\/secure.gravatar.com\/avatar\/594abfe82761d620726242ff34ca472a705a4b97f16c790053a6b4c4035274d0?s=96&d=mm&r=g","caption":"Rodrigo Zuquim"},"url":"https:\/\/agenciainfra.com\/blog\/author\/rodrigo-zuquim\/"}]}},"_links":{"self":[{"href":"https:\/\/agenciainfra.com\/blog\/wp-json\/wp\/v2\/posts\/7414","targetHints":{"allow":["GET"]}}],"collection":[{"href":"https:\/\/agenciainfra.com\/blog\/wp-json\/wp\/v2\/posts"}],"about":[{"href":"https:\/\/agenciainfra.com\/blog\/wp-json\/wp\/v2\/types\/post"}],"author":[{"embeddable":true,"href":"https:\/\/agenciainfra.com\/blog\/wp-json\/wp\/v2\/users\/9"}],"replies":[{"embeddable":true,"href":"https:\/\/agenciainfra.com\/blog\/wp-json\/wp\/v2\/comments?post=7414"}],"version-history":[{"count":0,"href":"https:\/\/agenciainfra.com\/blog\/wp-json\/wp\/v2\/posts\/7414\/revisions"}],"wp:featuredmedia":[{"embeddable":true,"href":"https:\/\/agenciainfra.com\/blog\/wp-json\/wp\/v2\/media\/7415"}],"wp:attachment":[{"href":"https:\/\/agenciainfra.com\/blog\/wp-json\/wp\/v2\/media?parent=7414"}],"wp:term":[{"taxonomy":"category","embeddable":true,"href":"https:\/\/agenciainfra.com\/blog\/wp-json\/wp\/v2\/categories?post=7414"},{"taxonomy":"post_tag","embeddable":true,"href":"https:\/\/agenciainfra.com\/blog\/wp-json\/wp\/v2\/tags?post=7414"}],"curies":[{"name":"wp","href":"https:\/\/api.w.org\/{rel}","templated":true}]}}