{"id":7458,"date":"2021-06-16T08:00:00","date_gmt":"2021-06-16T11:00:00","guid":{"rendered":"https:\/\/www.agenciainfra.com\/blog\/?p=7458"},"modified":"2021-06-15T09:50:29","modified_gmt":"2021-06-15T12:50:29","slug":"defasado-modelo-de-precos-de-energia-nao-da-o-devido-valor-a-agua-dizem-especialistas","status":"publish","type":"post","link":"https:\/\/agenciainfra.com\/blog\/defasado-modelo-de-precos-de-energia-nao-da-o-devido-valor-a-agua-dizem-especialistas\/","title":{"rendered":"Defasado, modelo de pre\u00e7os de energia n\u00e3o d\u00e1 o devido valor \u00e0 \u00e1gua, dizem especialistas"},"content":{"rendered":"\n<hr class=\"wp-block-separator\"\/>\n\n\n\n<p class=\"has-text-align-right\"><strong>Leila Coimbra,\u00a0da Ag\u00eancia iNFRA<\/strong><\/p>\n\n\n\n<p>Um dos motivos que levaram ao esgotamento dos recursos h\u00eddricos nas bacias das principais usinas do pa\u00eds foi o fato de a \u00e1gua n\u00e3o ser devidamente valorada pelos modelos computacionais que formam os pre\u00e7os da energia, segundo especialistas.<br>\u00a0<br>Para o ex-diretor da ANEEL (Ag\u00eancia Nacional de Energia El\u00e9trica) e executivo da empresa de energia Neal, Edvaldo Santana, se os modelos matem\u00e1ticos calculassem de maneira mais precisa a escassez, a energia hidrel\u00e9trica deveria ser bem mais cara.<br>\u00a0<br>\u201cSe hoje est\u00e1 se despachando t\u00e9rmicas por R$ 1,5 mil [o MWh], esse \u00e9 o pre\u00e7o da escassez. Mas durante um bom tempo o PLD (Pre\u00e7o de Liquida\u00e7\u00e3o das Diferen\u00e7as) ficou na casa de R$ 200 [o MWh]. H\u00e1 um descolamento entre os pre\u00e7os e a realidade.\u201d<br>\u00a0<br>Segundo Santana, o uso m\u00faltiplo da \u00e1gua (irriga\u00e7\u00e3o, navega\u00e7\u00e3o) tamb\u00e9m imp\u00f5e limites \u00e0s vaz\u00f5es, e isso torna compuls\u00f3rio o uso das hidrel\u00e9tricas acima do necess\u00e1rio, uma forma de \u201cdesperd\u00edcio\u201d, dificultando a precifica\u00e7\u00e3o do recurso.<br>\u00a0<br>H\u00e1 ainda o problema de os modelos matem\u00e1ticos usados nos c\u00e1lculos de pre\u00e7os serem otimistas demais, segundo o ex-diretor da ANEEL: \u201cNo ano passado os reservat\u00f3rios j\u00e1 estavam em n\u00edveis baixos nessa mesma \u00e9poca do ano. Mas as hidrel\u00e9tricas continuaram operando normalmente e tirou-se mais \u00e1gua do que seria recomend\u00e1vel. A\u00ed veio a frustra\u00e7\u00e3o com o per\u00edodo chuvoso e o sistema pode entrar em colapso\u201d.<br>\u00a0<br><strong>\u201cPrecisa ser ajustado\u201d<\/strong><br>Para o CEO da consultoria PSR, Luiz Barroso, o modelo de precifica\u00e7\u00e3o precisa ser ajustado. \u201cHoje o gerador hidrel\u00e9trico n\u00e3o valoriza a \u00e1gua dele porque ele n\u00e3o pode. Quem valoriza a \u00e1gua dele \u00e9 o modelo. Ele fica \u00e0 merc\u00ea das opini\u00f5es que o modelo matem\u00e1tico toma.\u201d<br>\u00a0<br>De acordo com Barroso, o ONS (Operador Nacional do Sistema El\u00e9trico) tamb\u00e9m \u00e9 ref\u00e9m do modelo. \u201cNuma discuss\u00e3o mais sofisticada, o ONS e a EPE teriam que trabalhar por modelos mais detalhados. O Newave [um dos sistemas computacionais] representa de modo agregado, n\u00e3o de forma individual, cada reservat\u00f3rio. E estamos cheios de restri\u00e7\u00f5es dos usos m\u00faltiplos das \u00e1guas que pegam as hidrel\u00e9tricas de forma individual, por reservat\u00f3rio. Ent\u00e3o faz muita diferen\u00e7a representar o sistema em detalhe.\u201d<br>\u00a0<br>Barroso defende tamb\u00e9m a forma\u00e7\u00e3o de pre\u00e7os por oferta dos geradores e n\u00e3o por modelos computacionais como uma das alternativas. \u201cMas isso seria uma coisa em paralelo, e n\u00e3o imediata\u201d, explica.<br>\u00a0<br>\u201cA forma\u00e7\u00e3o de pre\u00e7os por oferta \u00e9 mais eficiente para capturar a diversidade de opini\u00f5es do setor, e, portanto, ela \u00e9 muito mais robusta a eventos extremos como este\u201d, diz o executivo que faz, por\u00e9m, uma ressalva: \u201cExistem situa\u00e7\u00f5es em pa\u00edses como Col\u00f4mbia, Nova Zel\u00e2ndia, onde os reservat\u00f3rios que funcionam por ofertas de pre\u00e7o acabaram esvaziando muito e o governo precisou interferir\u201d, pontuou,<br>\u00a0<br>\u201cMas eu acredito que, se a gente tivesse com o pre\u00e7o por oferta, j\u00e1 estaria com o pre\u00e7o mais alto mais cedo. E a\u00ed um ponto importante: n\u00e3o pelo aumento do despacho t\u00e9rmico, mas pelo aumento do valor das \u00e1guas das hidrel\u00e9tricas.\u201d<br>\u00a0<br><strong>Operador mais presente<\/strong><br>O presidente da consultoria Thymos, Jo\u00e3o Carlos Mello, tamb\u00e9m v\u00ea o modelo de oferta de pre\u00e7os pelos geradores como uma boa op\u00e7\u00e3o, mas imposs\u00edvel de se implementar de forma imediata.<br>\u00a0<br>\u201cA separa\u00e7\u00e3o do lastro e energia e a oferta por pre\u00e7o pode ser uma solu\u00e7\u00e3o? Sim, mas \u00e9 preciso que se tenha uma outra cultura no ONS. Quando se coloca o mercado para fazer as ofertas, o operador passa a ter um trabalho grande, mas com outra cabe\u00e7a, e n\u00e3o d\u00e1 para depois de amanh\u00e3 fazer isso\u201d, explicou.<br>\u00a0<br>Para Mello, como os atuais modelos computacionais n\u00e3o conseguem capturar o detalhe, o operador de energia poderia ter uma a\u00e7\u00e3o mais proativa. \u201cDiante do pior regime de chuvas, acho que n\u00e3o d\u00e1 para o ONS n\u00e3o colocar a \u2018m\u00e3o no manche\u2019. Tem que ser um operador mais presente.\u201d<br>\u00a0<br><strong>\u201cAvers\u00e3o ao risco\u201d<\/strong><br>Existe no setor uma metodologia chamada de \u201cavers\u00e3o ao risco\u201d, que \u00e9 um conjunto de elementos, par\u00e2metros e representa\u00e7\u00f5es matem\u00e1ticas que, em resumo, buscam informar ao modelo hoje quanto a \u00e1gua vale amanh\u00e3.<br>\u00a0<br>Isso envolve uma s\u00e9rie de par\u00e2metros complicados e espec\u00edficos:\u00a0modelo hidrol\u00f3gico, taxa de desconto, custo de d\u00e9ficit, volume m\u00ednimo operativo de reservat\u00f3rios e\u00a0CVaR (Conditional Value at Risk, em portugu\u00eas, valor em risco condicional).<br>\u00a0<br>Segundo o presidente da PSR, os par\u00e2metros de avers\u00e3o ao risco devem ser naturalmente atualizados de tempos em tempos. \u201cMas esta revis\u00e3o da avers\u00e3o ao risco n\u00e3o deve ser feita buscando encher reservat\u00f3rio, esse n\u00e3o deve ser o objetivo. A avers\u00e3o ao risco \u00e9 um par\u00e2metro estrutural, que tem in\u00fameras implica\u00e7\u00f5es no planejamento e opera\u00e7\u00e3o e est\u00e1 no cora\u00e7\u00e3o de muita coisa\u201d, disse Barroso.<br>\u00a0<br><strong>Inflexibilidade hidroel\u00e9trica<\/strong><br>A inflexibilidade hidroel\u00e9trica tamb\u00e9m \u00e9 um ponto relevante na precifica\u00e7\u00e3o da \u00e1gua. Significa a gera\u00e7\u00e3o em tempo integral.\u00a0\u201cA inflexibilidade hidroel\u00e9trica \u00e9 menos conhecida que a termel\u00e9trica, mas \u00e9 o que est\u00e1 pegando mais, que \u00e9 o que est\u00e1 acontecendo nas hidrel\u00e9tricas de Porto Primavera e Jupi\u00e1 [que tiveram problemas para baixar suas cotas de vaz\u00e3o m\u00ednima]\u201d, informou Barroso.<br>\u00a0<br>\u201cNo fundo, o que eu defendo na pr\u00e1tica \u00e9 que essas viola\u00e7\u00f5es [das vaz\u00f5es] t\u00eam custo e que isso tem que ser representado para que a gente possa saber onde a \u00e1gua vale mais, se \u00e9 para o setor el\u00e9trico, ou se \u00e9 para navega\u00e7\u00e3o, irriga\u00e7\u00e3o, etc.\u201d, completou.<\/p>\n","protected":false},"excerpt":{"rendered":"<p>Leila Coimbra,\u00a0da Ag\u00eancia iNFRA Um dos motivos que levaram ao esgotamento dos recursos h\u00eddricos nas bacias das principais usinas do pa\u00eds foi o fato de a \u00e1gua n\u00e3o ser devidamente valorada pelos modelos computacionais que formam os pre\u00e7os da energia, segundo especialistas.\u00a0Para o ex-diretor da ANEEL (Ag\u00eancia Nacional de Energia El\u00e9trica) e executivo da empresa [&hellip;]<\/p>\n","protected":false},"author":9,"featured_media":7459,"comment_status":"closed","ping_status":"closed","sticky":false,"template":"","format":"standard","meta":{"_monsterinsights_skip_tracking":false,"_monsterinsights_sitenote_active":false,"_monsterinsights_sitenote_note":"","_monsterinsights_sitenote_category":0,"footnotes":""},"categories":[1,10],"tags":[660,53,4474,2781,25,12,659,637,4475,3477,1855,4384,1836,4473,106,4472,216,1169,4385,3368,740,121,2859,1819,54,2615,631,1170,4237],"class_list":["post-7458","post","type-post","status-publish","format-standard","has-post-thumbnail","hentry","category-geral","category-infraenergia","tag-agua","tag-aneel","tag-cvar","tag-edvaldo-santana","tag-energia","tag-epe","tag-geradores","tag-hidreletrica","tag-inflexibilidade-hidroeletrica","tag-irrigacao","tag-joao-carlos-mello","tag-jupia","tag-luiz-barroso","tag-modelo-hidrologico","tag-navegacao","tag-newave","tag-ons","tag-pld","tag-porto-primavera","tag-precificacao","tag-precos","tag-psr","tag-recursos-hidricos","tag-reservatorios","tag-setor-eletrico","tag-termeletrica","tag-termicas","tag-thymos","tag-vazao"],"yoast_head":"<!-- This site is optimized with the Yoast SEO Premium plugin v25.4 (Yoast SEO v26.0) - https:\/\/yoast.com\/wordpress\/plugins\/seo\/ -->\n<title>Defasado, modelo de pre\u00e7os de energia n\u00e3o d\u00e1 o devido valor \u00e0 \u00e1gua, dizem especialistas - Ag\u00eancia iNFRA<\/title>\n<meta name=\"robots\" content=\"index, follow, max-snippet:-1, max-image-preview:large, max-video-preview:-1\" \/>\n<link rel=\"canonical\" href=\"https:\/\/agenciainfra.com\/blog\/defasado-modelo-de-precos-de-energia-nao-da-o-devido-valor-a-agua-dizem-especialistas\/\" \/>\n<meta property=\"og:locale\" content=\"pt_BR\" \/>\n<meta property=\"og:type\" content=\"article\" \/>\n<meta property=\"og:title\" content=\"Defasado, modelo de pre\u00e7os de energia n\u00e3o d\u00e1 o devido valor \u00e0 \u00e1gua, dizem especialistas\" \/>\n<meta property=\"og:description\" content=\"Leila Coimbra,\u00a0da Ag\u00eancia iNFRA Um dos motivos que levaram ao esgotamento dos recursos h\u00eddricos nas bacias das principais usinas do pa\u00eds foi o fato de a \u00e1gua n\u00e3o ser devidamente valorada pelos modelos computacionais que formam os pre\u00e7os da energia, segundo especialistas.\u00a0Para o ex-diretor da ANEEL (Ag\u00eancia Nacional de Energia El\u00e9trica) e executivo da empresa [&hellip;]\" \/>\n<meta property=\"og:url\" content=\"https:\/\/agenciainfra.com\/blog\/defasado-modelo-de-precos-de-energia-nao-da-o-devido-valor-a-agua-dizem-especialistas\/\" \/>\n<meta property=\"og:site_name\" content=\"Ag\u00eancia iNFRA\" \/>\n<meta property=\"article:publisher\" content=\"https:\/\/www.facebook.com\/ageninfra\" \/>\n<meta property=\"article:published_time\" content=\"2021-06-16T11:00:00+00:00\" \/>\n<meta property=\"og:image\" content=\"https:\/\/agenciainfra.com\/blog\/wp-content\/uploads\/2021\/06\/hidreletrica-foto-cope-divulgacao.png\" \/>\n\t<meta property=\"og:image:width\" content=\"1280\" \/>\n\t<meta property=\"og:image:height\" content=\"957\" \/>\n\t<meta property=\"og:image:type\" content=\"image\/png\" \/>\n<meta name=\"author\" content=\"Rodrigo Zuquim\" \/>\n<meta name=\"twitter:card\" content=\"summary_large_image\" \/>\n<meta name=\"twitter:creator\" content=\"@agencia_infra\" \/>\n<meta name=\"twitter:site\" content=\"@agencia_infra\" \/>\n<meta name=\"twitter:label1\" content=\"Escrito por\" \/>\n\t<meta name=\"twitter:data1\" content=\"Rodrigo Zuquim\" \/>\n\t<meta name=\"twitter:label2\" content=\"Est. tempo de leitura\" \/>\n\t<meta name=\"twitter:data2\" content=\"5 minutos\" \/>\n<script type=\"application\/ld+json\" class=\"yoast-schema-graph\">{\"@context\":\"https:\/\/schema.org\",\"@graph\":[{\"@type\":\"Article\",\"@id\":\"https:\/\/agenciainfra.com\/blog\/defasado-modelo-de-precos-de-energia-nao-da-o-devido-valor-a-agua-dizem-especialistas\/#article\",\"isPartOf\":{\"@id\":\"https:\/\/agenciainfra.com\/blog\/defasado-modelo-de-precos-de-energia-nao-da-o-devido-valor-a-agua-dizem-especialistas\/\"},\"author\":{\"name\":\"Rodrigo Zuquim\",\"@id\":\"https:\/\/agenciainfra.com\/blog\/#\/schema\/person\/04dbb79bd6d8951f063da71f3e4c1eb1\"},\"headline\":\"Defasado, modelo de pre\u00e7os de energia n\u00e3o d\u00e1 o devido valor \u00e0 \u00e1gua, dizem especialistas\",\"datePublished\":\"2021-06-16T11:00:00+00:00\",\"mainEntityOfPage\":{\"@id\":\"https:\/\/agenciainfra.com\/blog\/defasado-modelo-de-precos-de-energia-nao-da-o-devido-valor-a-agua-dizem-especialistas\/\"},\"wordCount\":1000,\"publisher\":{\"@id\":\"https:\/\/agenciainfra.com\/blog\/#organization\"},\"image\":{\"@id\":\"https:\/\/agenciainfra.com\/blog\/defasado-modelo-de-precos-de-energia-nao-da-o-devido-valor-a-agua-dizem-especialistas\/#primaryimage\"},\"thumbnailUrl\":\"https:\/\/agenciainfra.com\/blog\/wp-content\/uploads\/2021\/06\/hidreletrica-foto-cope-divulgacao-e1750264164468.png\",\"keywords\":[\"\u00e1gua\",\"ANEEL\",\"CVaR\",\"Edvaldo Santana\",\"energia\",\"epe\",\"Geradores\",\"hidrel\u00e9trica\",\"inflexibilidade hidroel\u00e9trica\",\"irriga\u00e7\u00e3o\",\"Jo\u00e3o Carlos Mello\",\"Jupi\u00e1\",\"Luiz Barroso\",\"modelo hidrol\u00f3gico\",\"Navega\u00e7\u00e3o\",\"Newave\",\"ONS\",\"PLD\",\"Porto Primavera\",\"precifica\u00e7\u00e3o\",\"pre\u00e7os\",\"PSR\",\"recursos h\u00eddricos\",\"reservat\u00f3rios\",\"Setor El\u00e9trico\",\"termel\u00e9trica\",\"t\u00e9rmicas\",\"Thymos\",\"vaz\u00e3o\"],\"articleSection\":[\"Geral\",\"iNFRAEnergia\"],\"inLanguage\":\"pt-BR\",\"copyrightYear\":\"2021\",\"copyrightHolder\":{\"@id\":\"https:\/\/agenciainfra.com\/blog\/#organization\"}},{\"@type\":\"WebPage\",\"@id\":\"https:\/\/agenciainfra.com\/blog\/defasado-modelo-de-precos-de-energia-nao-da-o-devido-valor-a-agua-dizem-especialistas\/\",\"url\":\"https:\/\/agenciainfra.com\/blog\/defasado-modelo-de-precos-de-energia-nao-da-o-devido-valor-a-agua-dizem-especialistas\/\",\"name\":\"Defasado, modelo de pre\u00e7os de energia n\u00e3o d\u00e1 o devido valor \u00e0 \u00e1gua, dizem especialistas - Ag\u00eancia iNFRA\",\"isPartOf\":{\"@id\":\"https:\/\/agenciainfra.com\/blog\/#website\"},\"primaryImageOfPage\":{\"@id\":\"https:\/\/agenciainfra.com\/blog\/defasado-modelo-de-precos-de-energia-nao-da-o-devido-valor-a-agua-dizem-especialistas\/#primaryimage\"},\"image\":{\"@id\":\"https:\/\/agenciainfra.com\/blog\/defasado-modelo-de-precos-de-energia-nao-da-o-devido-valor-a-agua-dizem-especialistas\/#primaryimage\"},\"thumbnailUrl\":\"https:\/\/agenciainfra.com\/blog\/wp-content\/uploads\/2021\/06\/hidreletrica-foto-cope-divulgacao-e1750264164468.png\",\"datePublished\":\"2021-06-16T11:00:00+00:00\",\"breadcrumb\":{\"@id\":\"https:\/\/agenciainfra.com\/blog\/defasado-modelo-de-precos-de-energia-nao-da-o-devido-valor-a-agua-dizem-especialistas\/#breadcrumb\"},\"inLanguage\":\"pt-BR\",\"potentialAction\":[{\"@type\":\"ReadAction\",\"target\":[\"https:\/\/agenciainfra.com\/blog\/defasado-modelo-de-precos-de-energia-nao-da-o-devido-valor-a-agua-dizem-especialistas\/\"]}]},{\"@type\":\"ImageObject\",\"inLanguage\":\"pt-BR\",\"@id\":\"https:\/\/agenciainfra.com\/blog\/defasado-modelo-de-precos-de-energia-nao-da-o-devido-valor-a-agua-dizem-especialistas\/#primaryimage\",\"url\":\"https:\/\/agenciainfra.com\/blog\/wp-content\/uploads\/2021\/06\/hidreletrica-foto-cope-divulgacao-e1750264164468.png\",\"contentUrl\":\"https:\/\/agenciainfra.com\/blog\/wp-content\/uploads\/2021\/06\/hidreletrica-foto-cope-divulgacao-e1750264164468.png\",\"width\":1280,\"height\":768,\"caption\":\"Foto: Cope\/Divulga\u00e7\u00e3o\"},{\"@type\":\"BreadcrumbList\",\"@id\":\"https:\/\/agenciainfra.com\/blog\/defasado-modelo-de-precos-de-energia-nao-da-o-devido-valor-a-agua-dizem-especialistas\/#breadcrumb\",\"itemListElement\":[{\"@type\":\"ListItem\",\"position\":1,\"name\":\"In\u00edcio\",\"item\":\"https:\/\/agenciainfra.com\/blog\/\"},{\"@type\":\"ListItem\",\"position\":2,\"name\":\"Defasado, modelo de pre\u00e7os de energia n\u00e3o d\u00e1 o devido valor \u00e0 \u00e1gua, dizem especialistas\"}]},{\"@type\":\"WebSite\",\"@id\":\"https:\/\/agenciainfra.com\/blog\/#website\",\"url\":\"https:\/\/agenciainfra.com\/blog\/\",\"name\":\"Ag\u00eancia iNFRA\",\"description\":\"Multiplataforma de informa\u00e7\u00e3o jornal\u00edstica refer\u00eancia na \u00e1rea de infraestrutura no Brasil!\",\"publisher\":{\"@id\":\"https:\/\/agenciainfra.com\/blog\/#organization\"},\"potentialAction\":[{\"@type\":\"SearchAction\",\"target\":{\"@type\":\"EntryPoint\",\"urlTemplate\":\"https:\/\/agenciainfra.com\/blog\/?s={search_term_string}\"},\"query-input\":{\"@type\":\"PropertyValueSpecification\",\"valueRequired\":true,\"valueName\":\"search_term_string\"}}],\"inLanguage\":\"pt-BR\"},{\"@type\":\"Organization\",\"@id\":\"https:\/\/agenciainfra.com\/blog\/#organization\",\"name\":\"Ag\u00eancia iNFRA\",\"url\":\"https:\/\/agenciainfra.com\/blog\/\",\"logo\":{\"@type\":\"ImageObject\",\"inLanguage\":\"pt-BR\",\"@id\":\"https:\/\/agenciainfra.com\/blog\/#\/schema\/logo\/image\/\",\"url\":\"https:\/\/agenciainfra.com\/blog\/wp-content\/uploads\/2023\/09\/iNFRA_5-e1761735885940.png\",\"contentUrl\":\"https:\/\/agenciainfra.com\/blog\/wp-content\/uploads\/2023\/09\/iNFRA_5-e1761735885940.png\",\"width\":1672,\"height\":454,\"caption\":\"Ag\u00eancia iNFRA\"},\"image\":{\"@id\":\"https:\/\/agenciainfra.com\/blog\/#\/schema\/logo\/image\/\"},\"sameAs\":[\"https:\/\/www.facebook.com\/ageninfra\",\"https:\/\/x.com\/agencia_infra\",\"https:\/\/www.linkedin.com\/company\/ag\u00eanciainfra\/\",\"https:\/\/www.instagram.com\/agenciainfra\/\"]},{\"@type\":\"Person\",\"@id\":\"https:\/\/agenciainfra.com\/blog\/#\/schema\/person\/04dbb79bd6d8951f063da71f3e4c1eb1\",\"name\":\"Rodrigo Zuquim\",\"image\":{\"@type\":\"ImageObject\",\"inLanguage\":\"pt-BR\",\"@id\":\"https:\/\/agenciainfra.com\/blog\/#\/schema\/person\/image\/\",\"url\":\"https:\/\/secure.gravatar.com\/avatar\/594abfe82761d620726242ff34ca472a705a4b97f16c790053a6b4c4035274d0?s=96&d=mm&r=g\",\"contentUrl\":\"https:\/\/secure.gravatar.com\/avatar\/594abfe82761d620726242ff34ca472a705a4b97f16c790053a6b4c4035274d0?s=96&d=mm&r=g\",\"caption\":\"Rodrigo Zuquim\"},\"url\":\"https:\/\/agenciainfra.com\/blog\/author\/rodrigo-zuquim\/\"}]}<\/script>\n<!-- \/ Yoast SEO Premium plugin. -->","yoast_head_json":{"title":"Defasado, modelo de pre\u00e7os de energia n\u00e3o d\u00e1 o devido valor \u00e0 \u00e1gua, dizem especialistas - Ag\u00eancia iNFRA","robots":{"index":"index","follow":"follow","max-snippet":"max-snippet:-1","max-image-preview":"max-image-preview:large","max-video-preview":"max-video-preview:-1"},"canonical":"https:\/\/agenciainfra.com\/blog\/defasado-modelo-de-precos-de-energia-nao-da-o-devido-valor-a-agua-dizem-especialistas\/","og_locale":"pt_BR","og_type":"article","og_title":"Defasado, modelo de pre\u00e7os de energia n\u00e3o d\u00e1 o devido valor \u00e0 \u00e1gua, dizem especialistas","og_description":"Leila Coimbra,\u00a0da Ag\u00eancia iNFRA Um dos motivos que levaram ao esgotamento dos recursos h\u00eddricos nas bacias das principais usinas do pa\u00eds foi o fato de a \u00e1gua n\u00e3o ser devidamente valorada pelos modelos computacionais que formam os pre\u00e7os da energia, segundo especialistas.\u00a0Para o ex-diretor da ANEEL (Ag\u00eancia Nacional de Energia El\u00e9trica) e executivo da empresa [&hellip;]","og_url":"https:\/\/agenciainfra.com\/blog\/defasado-modelo-de-precos-de-energia-nao-da-o-devido-valor-a-agua-dizem-especialistas\/","og_site_name":"Ag\u00eancia iNFRA","article_publisher":"https:\/\/www.facebook.com\/ageninfra","article_published_time":"2021-06-16T11:00:00+00:00","og_image":[{"width":1280,"height":957,"url":"https:\/\/agenciainfra.com\/blog\/wp-content\/uploads\/2021\/06\/hidreletrica-foto-cope-divulgacao.png","type":"image\/png"}],"author":"Rodrigo Zuquim","twitter_card":"summary_large_image","twitter_creator":"@agencia_infra","twitter_site":"@agencia_infra","twitter_misc":{"Escrito por":"Rodrigo Zuquim","Est. tempo de leitura":"5 minutos"},"schema":{"@context":"https:\/\/schema.org","@graph":[{"@type":"Article","@id":"https:\/\/agenciainfra.com\/blog\/defasado-modelo-de-precos-de-energia-nao-da-o-devido-valor-a-agua-dizem-especialistas\/#article","isPartOf":{"@id":"https:\/\/agenciainfra.com\/blog\/defasado-modelo-de-precos-de-energia-nao-da-o-devido-valor-a-agua-dizem-especialistas\/"},"author":{"name":"Rodrigo Zuquim","@id":"https:\/\/agenciainfra.com\/blog\/#\/schema\/person\/04dbb79bd6d8951f063da71f3e4c1eb1"},"headline":"Defasado, modelo de pre\u00e7os de energia n\u00e3o d\u00e1 o devido valor \u00e0 \u00e1gua, dizem especialistas","datePublished":"2021-06-16T11:00:00+00:00","mainEntityOfPage":{"@id":"https:\/\/agenciainfra.com\/blog\/defasado-modelo-de-precos-de-energia-nao-da-o-devido-valor-a-agua-dizem-especialistas\/"},"wordCount":1000,"publisher":{"@id":"https:\/\/agenciainfra.com\/blog\/#organization"},"image":{"@id":"https:\/\/agenciainfra.com\/blog\/defasado-modelo-de-precos-de-energia-nao-da-o-devido-valor-a-agua-dizem-especialistas\/#primaryimage"},"thumbnailUrl":"https:\/\/agenciainfra.com\/blog\/wp-content\/uploads\/2021\/06\/hidreletrica-foto-cope-divulgacao-e1750264164468.png","keywords":["\u00e1gua","ANEEL","CVaR","Edvaldo Santana","energia","epe","Geradores","hidrel\u00e9trica","inflexibilidade hidroel\u00e9trica","irriga\u00e7\u00e3o","Jo\u00e3o Carlos Mello","Jupi\u00e1","Luiz Barroso","modelo hidrol\u00f3gico","Navega\u00e7\u00e3o","Newave","ONS","PLD","Porto Primavera","precifica\u00e7\u00e3o","pre\u00e7os","PSR","recursos h\u00eddricos","reservat\u00f3rios","Setor El\u00e9trico","termel\u00e9trica","t\u00e9rmicas","Thymos","vaz\u00e3o"],"articleSection":["Geral","iNFRAEnergia"],"inLanguage":"pt-BR","copyrightYear":"2021","copyrightHolder":{"@id":"https:\/\/agenciainfra.com\/blog\/#organization"}},{"@type":"WebPage","@id":"https:\/\/agenciainfra.com\/blog\/defasado-modelo-de-precos-de-energia-nao-da-o-devido-valor-a-agua-dizem-especialistas\/","url":"https:\/\/agenciainfra.com\/blog\/defasado-modelo-de-precos-de-energia-nao-da-o-devido-valor-a-agua-dizem-especialistas\/","name":"Defasado, modelo de pre\u00e7os de energia n\u00e3o d\u00e1 o devido valor \u00e0 \u00e1gua, dizem especialistas - Ag\u00eancia iNFRA","isPartOf":{"@id":"https:\/\/agenciainfra.com\/blog\/#website"},"primaryImageOfPage":{"@id":"https:\/\/agenciainfra.com\/blog\/defasado-modelo-de-precos-de-energia-nao-da-o-devido-valor-a-agua-dizem-especialistas\/#primaryimage"},"image":{"@id":"https:\/\/agenciainfra.com\/blog\/defasado-modelo-de-precos-de-energia-nao-da-o-devido-valor-a-agua-dizem-especialistas\/#primaryimage"},"thumbnailUrl":"https:\/\/agenciainfra.com\/blog\/wp-content\/uploads\/2021\/06\/hidreletrica-foto-cope-divulgacao-e1750264164468.png","datePublished":"2021-06-16T11:00:00+00:00","breadcrumb":{"@id":"https:\/\/agenciainfra.com\/blog\/defasado-modelo-de-precos-de-energia-nao-da-o-devido-valor-a-agua-dizem-especialistas\/#breadcrumb"},"inLanguage":"pt-BR","potentialAction":[{"@type":"ReadAction","target":["https:\/\/agenciainfra.com\/blog\/defasado-modelo-de-precos-de-energia-nao-da-o-devido-valor-a-agua-dizem-especialistas\/"]}]},{"@type":"ImageObject","inLanguage":"pt-BR","@id":"https:\/\/agenciainfra.com\/blog\/defasado-modelo-de-precos-de-energia-nao-da-o-devido-valor-a-agua-dizem-especialistas\/#primaryimage","url":"https:\/\/agenciainfra.com\/blog\/wp-content\/uploads\/2021\/06\/hidreletrica-foto-cope-divulgacao-e1750264164468.png","contentUrl":"https:\/\/agenciainfra.com\/blog\/wp-content\/uploads\/2021\/06\/hidreletrica-foto-cope-divulgacao-e1750264164468.png","width":1280,"height":768,"caption":"Foto: Cope\/Divulga\u00e7\u00e3o"},{"@type":"BreadcrumbList","@id":"https:\/\/agenciainfra.com\/blog\/defasado-modelo-de-precos-de-energia-nao-da-o-devido-valor-a-agua-dizem-especialistas\/#breadcrumb","itemListElement":[{"@type":"ListItem","position":1,"name":"In\u00edcio","item":"https:\/\/agenciainfra.com\/blog\/"},{"@type":"ListItem","position":2,"name":"Defasado, modelo de pre\u00e7os de energia n\u00e3o d\u00e1 o devido valor \u00e0 \u00e1gua, dizem especialistas"}]},{"@type":"WebSite","@id":"https:\/\/agenciainfra.com\/blog\/#website","url":"https:\/\/agenciainfra.com\/blog\/","name":"Ag\u00eancia iNFRA","description":"Multiplataforma de informa\u00e7\u00e3o jornal\u00edstica refer\u00eancia na \u00e1rea de infraestrutura no Brasil!","publisher":{"@id":"https:\/\/agenciainfra.com\/blog\/#organization"},"potentialAction":[{"@type":"SearchAction","target":{"@type":"EntryPoint","urlTemplate":"https:\/\/agenciainfra.com\/blog\/?s={search_term_string}"},"query-input":{"@type":"PropertyValueSpecification","valueRequired":true,"valueName":"search_term_string"}}],"inLanguage":"pt-BR"},{"@type":"Organization","@id":"https:\/\/agenciainfra.com\/blog\/#organization","name":"Ag\u00eancia iNFRA","url":"https:\/\/agenciainfra.com\/blog\/","logo":{"@type":"ImageObject","inLanguage":"pt-BR","@id":"https:\/\/agenciainfra.com\/blog\/#\/schema\/logo\/image\/","url":"https:\/\/agenciainfra.com\/blog\/wp-content\/uploads\/2023\/09\/iNFRA_5-e1761735885940.png","contentUrl":"https:\/\/agenciainfra.com\/blog\/wp-content\/uploads\/2023\/09\/iNFRA_5-e1761735885940.png","width":1672,"height":454,"caption":"Ag\u00eancia iNFRA"},"image":{"@id":"https:\/\/agenciainfra.com\/blog\/#\/schema\/logo\/image\/"},"sameAs":["https:\/\/www.facebook.com\/ageninfra","https:\/\/x.com\/agencia_infra","https:\/\/www.linkedin.com\/company\/ag\u00eanciainfra\/","https:\/\/www.instagram.com\/agenciainfra\/"]},{"@type":"Person","@id":"https:\/\/agenciainfra.com\/blog\/#\/schema\/person\/04dbb79bd6d8951f063da71f3e4c1eb1","name":"Rodrigo Zuquim","image":{"@type":"ImageObject","inLanguage":"pt-BR","@id":"https:\/\/agenciainfra.com\/blog\/#\/schema\/person\/image\/","url":"https:\/\/secure.gravatar.com\/avatar\/594abfe82761d620726242ff34ca472a705a4b97f16c790053a6b4c4035274d0?s=96&d=mm&r=g","contentUrl":"https:\/\/secure.gravatar.com\/avatar\/594abfe82761d620726242ff34ca472a705a4b97f16c790053a6b4c4035274d0?s=96&d=mm&r=g","caption":"Rodrigo Zuquim"},"url":"https:\/\/agenciainfra.com\/blog\/author\/rodrigo-zuquim\/"}]}},"_links":{"self":[{"href":"https:\/\/agenciainfra.com\/blog\/wp-json\/wp\/v2\/posts\/7458","targetHints":{"allow":["GET"]}}],"collection":[{"href":"https:\/\/agenciainfra.com\/blog\/wp-json\/wp\/v2\/posts"}],"about":[{"href":"https:\/\/agenciainfra.com\/blog\/wp-json\/wp\/v2\/types\/post"}],"author":[{"embeddable":true,"href":"https:\/\/agenciainfra.com\/blog\/wp-json\/wp\/v2\/users\/9"}],"replies":[{"embeddable":true,"href":"https:\/\/agenciainfra.com\/blog\/wp-json\/wp\/v2\/comments?post=7458"}],"version-history":[{"count":0,"href":"https:\/\/agenciainfra.com\/blog\/wp-json\/wp\/v2\/posts\/7458\/revisions"}],"wp:featuredmedia":[{"embeddable":true,"href":"https:\/\/agenciainfra.com\/blog\/wp-json\/wp\/v2\/media\/7459"}],"wp:attachment":[{"href":"https:\/\/agenciainfra.com\/blog\/wp-json\/wp\/v2\/media?parent=7458"}],"wp:term":[{"taxonomy":"category","embeddable":true,"href":"https:\/\/agenciainfra.com\/blog\/wp-json\/wp\/v2\/categories?post=7458"},{"taxonomy":"post_tag","embeddable":true,"href":"https:\/\/agenciainfra.com\/blog\/wp-json\/wp\/v2\/tags?post=7458"}],"curies":[{"name":"wp","href":"https:\/\/api.w.org\/{rel}","templated":true}]}}