{"id":7468,"date":"2021-06-16T07:57:05","date_gmt":"2021-06-16T10:57:05","guid":{"rendered":"https:\/\/www.agenciainfra.com\/blog\/?p=7468"},"modified":"2021-06-16T07:57:09","modified_gmt":"2021-06-16T10:57:09","slug":"bndes-fara-audiencia-publica-sobre-desestatizacao-da-codesa-em-30-de-junho","status":"publish","type":"post","link":"https:\/\/agenciainfra.com\/blog\/bndes-fara-audiencia-publica-sobre-desestatizacao-da-codesa-em-30-de-junho\/","title":{"rendered":"BNDES far\u00e1 audi\u00eancia p\u00fablica sobre desestatiza\u00e7\u00e3o da Codesa em 30 de junho"},"content":{"rendered":"\n<p class=\"has-text-align-right\"><strong>da Ag\u00eancia iNFRA<\/strong><\/p>\n\n\n\n<p>O BNDES abriu a Audi\u00eancia P\u00fablica 02\/2021 para a desestatiza\u00e7\u00e3o da Codesa (Companhia Docas do Esp\u00edrito Santo). A informa\u00e7\u00e3o sobre a audi\u00eancia foi publicada no Di\u00e1rio Oficial da Uni\u00e3o desta quarta-feira (16) e est\u00e1 dispon\u00edvel <a rel=\"noreferrer noopener\" href=\"https:\/\/pesquisa.in.gov.br\/imprensa\/jsp\/visualiza\/index.jsp?data=16\/06\/2021&amp;jornal=530&amp;pagina=65\" target=\"_blank\" data-type=\"URL\" data-id=\"https:\/\/pesquisa.in.gov.br\/imprensa\/jsp\/visualiza\/index.jsp?data=16\/06\/2021&amp;jornal=530&amp;pagina=65\">neste link<\/a>. De acordo com a publica\u00e7\u00e3o, a audi\u00eancia p\u00fablica ser\u00e1 realizada em 30 de junho em modalidade virtual, a partir das 9h.<\/p>\n\n\n\n<p>Os links para participa\u00e7\u00e3o no evento e as demais informa\u00e7\u00f5es sobre o processo de desestatiza\u00e7\u00e3o da estatal que controla portos p\u00fablicos no Esp\u00edrito Santo ser\u00e3o disponibilizados no site do BNDES, <a rel=\"noreferrer noopener\" href=\"https:\/\/www.bndes.gov.br\/wps\/portal\/site\/home\/transparencia\/desestatizacao\/processosem-andamento\/desestatizacao-da-companhia-docas-do-espirito-santo-codesa\" target=\"_blank\" data-type=\"URL\" data-id=\"https:\/\/www.bndes.gov.br\/wps\/portal\/site\/home\/transparencia\/desestatizacao\/processosem-andamento\/desestatizacao-da-companhia-docas-do-espirito-santo-codesa\">neste link<\/a>.<\/p>\n\n\n\n<p>A desestatiza\u00e7\u00e3o da Codesa \u00e9 o primeiro processo de passar a um grupo privado a gest\u00e3o de uma autoridade portu\u00e1ria no pa\u00eds. A autoridade portu\u00e1ria \u00e9 quem cuida dos acessos ao porto, por terra e pelo mar.<\/p>\n\n\n\n<p>Dentro dos portos, as\u00a0autoridades portu\u00e1rias fazem arrendamentos de \u00e1reas para empresas privadas que recebem as cargas para armazenagem e os navios para transportes. O modelo \u00e9 semelhante \u00e0 rela\u00e7\u00e3o de lojistas e administradores de shoppings centers.<\/p>\n\n\n\n<p>A desestatiza\u00e7\u00e3o da Codesa j\u00e1 passou por audi\u00eancia p\u00fablica pela ANTAQ (Ag\u00eancia Nacional de Transportes Aquavi\u00e1rios) no final do ano passado, quando recebeu muitas cr\u00edticas da comunidade portu\u00e1ria.<\/p>\n\n\n\n<p>H\u00e1 duas semanas, o PPI (Programa de Parcerias de Investimentos) publicou\u00a0a <a rel=\"noreferrer noopener\" href=\"https:\/\/pesquisa.in.gov.br\/imprensa\/jsp\/visualiza\/index.jsp?data=09\/06\/2021&amp;jornal=515&amp;pagina=198&amp;totalArquivos=258\" data-type=\"URL\" data-id=\"https:\/\/pesquisa.in.gov.br\/imprensa\/jsp\/visualiza\/index.jsp?data=09\/06\/2021&amp;jornal=515&amp;pagina=198&amp;totalArquivos=258\" target=\"_blank\">Resolu\u00e7\u00e3o 188<\/a>, que aprovou, em car\u00e1ter ad referendum, a modelagem e as condi\u00e7\u00f5es de desestatiza\u00e7\u00e3o da\u00a0Codesa\u00a0e dos Portos Organizados de Vit\u00f3ria e Barra do Riacho no estado do Esp\u00edrito Santo. No ato est\u00e3o as principais diretrizes do processo, que sofreu altera\u00e7\u00f5es em rela\u00e7\u00e3o \u00e0 proposta original.<\/p>\n\n\n\n<p>O secret\u00e1rio nacional de Portos e Transportes Aquavi\u00e1rios do Minist\u00e9rio da Infraestrutura,\u00a0Diogo Piloni, revelou que a desestatiza\u00e7\u00e3o da\u00a0Codesa vai ter regra para limitar a participa\u00e7\u00e3o de terminais portu\u00e1rios da regi\u00e3o na sociedade que vai administrar os portos p\u00fablicos do estado.<\/p>\n\n\n\n<p>De acordo com ele, a regra vai estabelecer que qualquer terminal, p\u00fablico ou privado, que esteja na \u00e1rea de influ\u00eancia, s\u00f3 poder\u00e1 ter no m\u00e1ximo 15% de participa\u00e7\u00e3o na concession\u00e1ria. E que a soma das participa\u00e7\u00f5es dos terminais que operam na \u00e1rea n\u00e3o poder\u00e1 superar 40% do capital da concession\u00e1ria.<\/p>\n","protected":false},"excerpt":{"rendered":"<p>da Ag\u00eancia iNFRA O BNDES abriu a Audi\u00eancia P\u00fablica 02\/2021 para a desestatiza\u00e7\u00e3o da Codesa (Companhia Docas do Esp\u00edrito Santo). A informa\u00e7\u00e3o sobre a audi\u00eancia foi publicada no Di\u00e1rio Oficial da Uni\u00e3o desta quarta-feira (16) e est\u00e1 dispon\u00edvel neste link. De acordo com a publica\u00e7\u00e3o, a audi\u00eancia p\u00fablica ser\u00e1 realizada em 30 de junho em [&hellip;]<\/p>\n","protected":false},"author":9,"featured_media":6958,"comment_status":"closed","ping_status":"closed","sticky":false,"template":"","format":"standard","meta":{"_monsterinsights_skip_tracking":false,"_monsterinsights_sitenote_active":false,"_monsterinsights_sitenote_note":"","_monsterinsights_sitenote_category":0,"footnotes":""},"categories":[1,2052],"tags":[86,3434,103,1146,192,811,3075,775,310,36,623],"class_list":["post-7468","post","type-post","status-publish","format-standard","has-post-thumbnail","hentry","category-geral","category-infra-transicao","tag-antaq","tag-autoridade-portuaria","tag-bndes","tag-codesa","tag-desestatizacao","tag-diogo-piloni","tag-espirito-santo","tag-ministerio-da-infraestrutura","tag-portos","tag-ppi","tag-terminais-portuarios"],"yoast_head":"<!-- This site is optimized with the Yoast SEO Premium plugin v25.4 (Yoast SEO v26.0) - https:\/\/yoast.com\/wordpress\/plugins\/seo\/ -->\n<title>BNDES far\u00e1 audi\u00eancia p\u00fablica sobre desestatiza\u00e7\u00e3o da Codesa em 30 de junho - Ag\u00eancia iNFRA<\/title>\n<meta name=\"robots\" content=\"index, follow, max-snippet:-1, max-image-preview:large, max-video-preview:-1\" \/>\n<link rel=\"canonical\" href=\"https:\/\/agenciainfra.com\/blog\/bndes-fara-audiencia-publica-sobre-desestatizacao-da-codesa-em-30-de-junho\/\" \/>\n<meta property=\"og:locale\" content=\"pt_BR\" \/>\n<meta property=\"og:type\" content=\"article\" \/>\n<meta property=\"og:title\" content=\"BNDES far\u00e1 audi\u00eancia p\u00fablica sobre desestatiza\u00e7\u00e3o da Codesa em 30 de junho\" \/>\n<meta property=\"og:description\" content=\"da Ag\u00eancia iNFRA O BNDES abriu a Audi\u00eancia P\u00fablica 02\/2021 para a desestatiza\u00e7\u00e3o da Codesa (Companhia Docas do Esp\u00edrito Santo). A informa\u00e7\u00e3o sobre a audi\u00eancia foi publicada no Di\u00e1rio Oficial da Uni\u00e3o desta quarta-feira (16) e est\u00e1 dispon\u00edvel neste link. De acordo com a publica\u00e7\u00e3o, a audi\u00eancia p\u00fablica ser\u00e1 realizada em 30 de junho em [&hellip;]\" \/>\n<meta property=\"og:url\" content=\"https:\/\/agenciainfra.com\/blog\/bndes-fara-audiencia-publica-sobre-desestatizacao-da-codesa-em-30-de-junho\/\" \/>\n<meta property=\"og:site_name\" content=\"Ag\u00eancia iNFRA\" \/>\n<meta property=\"article:publisher\" content=\"https:\/\/www.facebook.com\/ageninfra\" \/>\n<meta property=\"article:published_time\" content=\"2021-06-16T10:57:05+00:00\" \/>\n<meta property=\"article:modified_time\" content=\"2021-06-16T10:57:09+00:00\" \/>\n<meta property=\"og:image\" content=\"https:\/\/agenciainfra.com\/blog\/wp-content\/uploads\/2021\/03\/codesa-foto-codesa.jpeg\" \/>\n\t<meta property=\"og:image:width\" content=\"1280\" \/>\n\t<meta property=\"og:image:height\" content=\"857\" \/>\n\t<meta property=\"og:image:type\" content=\"image\/jpeg\" \/>\n<meta name=\"author\" content=\"Rodrigo Zuquim\" \/>\n<meta name=\"twitter:card\" content=\"summary_large_image\" \/>\n<meta name=\"twitter:creator\" content=\"@agencia_infra\" \/>\n<meta name=\"twitter:site\" content=\"@agencia_infra\" \/>\n<meta name=\"twitter:label1\" content=\"Escrito por\" \/>\n\t<meta name=\"twitter:data1\" content=\"Rodrigo Zuquim\" \/>\n\t<meta name=\"twitter:label2\" content=\"Est. tempo de leitura\" \/>\n\t<meta name=\"twitter:data2\" content=\"2 minutos\" \/>\n<script type=\"application\/ld+json\" class=\"yoast-schema-graph\">{\"@context\":\"https:\/\/schema.org\",\"@graph\":[{\"@type\":\"Article\",\"@id\":\"https:\/\/agenciainfra.com\/blog\/bndes-fara-audiencia-publica-sobre-desestatizacao-da-codesa-em-30-de-junho\/#article\",\"isPartOf\":{\"@id\":\"https:\/\/agenciainfra.com\/blog\/bndes-fara-audiencia-publica-sobre-desestatizacao-da-codesa-em-30-de-junho\/\"},\"author\":{\"name\":\"Rodrigo Zuquim\",\"@id\":\"https:\/\/agenciainfra.com\/blog\/#\/schema\/person\/04dbb79bd6d8951f063da71f3e4c1eb1\"},\"headline\":\"BNDES far\u00e1 audi\u00eancia p\u00fablica sobre desestatiza\u00e7\u00e3o da Codesa em 30 de junho\",\"datePublished\":\"2021-06-16T10:57:05+00:00\",\"dateModified\":\"2021-06-16T10:57:09+00:00\",\"mainEntityOfPage\":{\"@id\":\"https:\/\/agenciainfra.com\/blog\/bndes-fara-audiencia-publica-sobre-desestatizacao-da-codesa-em-30-de-junho\/\"},\"wordCount\":408,\"publisher\":{\"@id\":\"https:\/\/agenciainfra.com\/blog\/#organization\"},\"image\":{\"@id\":\"https:\/\/agenciainfra.com\/blog\/bndes-fara-audiencia-publica-sobre-desestatizacao-da-codesa-em-30-de-junho\/#primaryimage\"},\"thumbnailUrl\":\"https:\/\/agenciainfra.com\/blog\/wp-content\/uploads\/2021\/03\/codesa-foto-codesa.jpeg\",\"keywords\":[\"ANTAQ\",\"autoridade portu\u00e1ria\",\"BNDES\",\"Codesa\",\"desestatiza\u00e7\u00e3o\",\"Diogo Piloni\",\"Esp\u00edrito Santo\",\"Minist\u00e9rio da Infraestrutura\",\"portos\",\"PPI\",\"terminais portu\u00e1rios\"],\"articleSection\":[\"Geral\",\"iNFRA Na Transi\u00e7\u00e3o\"],\"inLanguage\":\"pt-BR\",\"copyrightYear\":\"2021\",\"copyrightHolder\":{\"@id\":\"https:\/\/agenciainfra.com\/blog\/#organization\"}},{\"@type\":\"WebPage\",\"@id\":\"https:\/\/agenciainfra.com\/blog\/bndes-fara-audiencia-publica-sobre-desestatizacao-da-codesa-em-30-de-junho\/\",\"url\":\"https:\/\/agenciainfra.com\/blog\/bndes-fara-audiencia-publica-sobre-desestatizacao-da-codesa-em-30-de-junho\/\",\"name\":\"BNDES far\u00e1 audi\u00eancia p\u00fablica sobre desestatiza\u00e7\u00e3o da Codesa em 30 de junho - Ag\u00eancia iNFRA\",\"isPartOf\":{\"@id\":\"https:\/\/agenciainfra.com\/blog\/#website\"},\"primaryImageOfPage\":{\"@id\":\"https:\/\/agenciainfra.com\/blog\/bndes-fara-audiencia-publica-sobre-desestatizacao-da-codesa-em-30-de-junho\/#primaryimage\"},\"image\":{\"@id\":\"https:\/\/agenciainfra.com\/blog\/bndes-fara-audiencia-publica-sobre-desestatizacao-da-codesa-em-30-de-junho\/#primaryimage\"},\"thumbnailUrl\":\"https:\/\/agenciainfra.com\/blog\/wp-content\/uploads\/2021\/03\/codesa-foto-codesa.jpeg\",\"datePublished\":\"2021-06-16T10:57:05+00:00\",\"dateModified\":\"2021-06-16T10:57:09+00:00\",\"breadcrumb\":{\"@id\":\"https:\/\/agenciainfra.com\/blog\/bndes-fara-audiencia-publica-sobre-desestatizacao-da-codesa-em-30-de-junho\/#breadcrumb\"},\"inLanguage\":\"pt-BR\",\"potentialAction\":[{\"@type\":\"ReadAction\",\"target\":[\"https:\/\/agenciainfra.com\/blog\/bndes-fara-audiencia-publica-sobre-desestatizacao-da-codesa-em-30-de-junho\/\"]}]},{\"@type\":\"ImageObject\",\"inLanguage\":\"pt-BR\",\"@id\":\"https:\/\/agenciainfra.com\/blog\/bndes-fara-audiencia-publica-sobre-desestatizacao-da-codesa-em-30-de-junho\/#primaryimage\",\"url\":\"https:\/\/agenciainfra.com\/blog\/wp-content\/uploads\/2021\/03\/codesa-foto-codesa.jpeg\",\"contentUrl\":\"https:\/\/agenciainfra.com\/blog\/wp-content\/uploads\/2021\/03\/codesa-foto-codesa.jpeg\",\"width\":1280,\"height\":857},{\"@type\":\"BreadcrumbList\",\"@id\":\"https:\/\/agenciainfra.com\/blog\/bndes-fara-audiencia-publica-sobre-desestatizacao-da-codesa-em-30-de-junho\/#breadcrumb\",\"itemListElement\":[{\"@type\":\"ListItem\",\"position\":1,\"name\":\"In\u00edcio\",\"item\":\"https:\/\/agenciainfra.com\/blog\/\"},{\"@type\":\"ListItem\",\"position\":2,\"name\":\"BNDES far\u00e1 audi\u00eancia p\u00fablica sobre desestatiza\u00e7\u00e3o da Codesa em 30 de junho\"}]},{\"@type\":\"WebSite\",\"@id\":\"https:\/\/agenciainfra.com\/blog\/#website\",\"url\":\"https:\/\/agenciainfra.com\/blog\/\",\"name\":\"Ag\u00eancia iNFRA\",\"description\":\"Multiplataforma de informa\u00e7\u00e3o jornal\u00edstica refer\u00eancia na \u00e1rea de infraestrutura no Brasil!\",\"publisher\":{\"@id\":\"https:\/\/agenciainfra.com\/blog\/#organization\"},\"potentialAction\":[{\"@type\":\"SearchAction\",\"target\":{\"@type\":\"EntryPoint\",\"urlTemplate\":\"https:\/\/agenciainfra.com\/blog\/?s={search_term_string}\"},\"query-input\":{\"@type\":\"PropertyValueSpecification\",\"valueRequired\":true,\"valueName\":\"search_term_string\"}}],\"inLanguage\":\"pt-BR\"},{\"@type\":\"Organization\",\"@id\":\"https:\/\/agenciainfra.com\/blog\/#organization\",\"name\":\"Ag\u00eancia iNFRA\",\"url\":\"https:\/\/agenciainfra.com\/blog\/\",\"logo\":{\"@type\":\"ImageObject\",\"inLanguage\":\"pt-BR\",\"@id\":\"https:\/\/agenciainfra.com\/blog\/#\/schema\/logo\/image\/\",\"url\":\"https:\/\/agenciainfra.com\/blog\/wp-content\/uploads\/2023\/09\/iNFRA_5-e1761735885940.png\",\"contentUrl\":\"https:\/\/agenciainfra.com\/blog\/wp-content\/uploads\/2023\/09\/iNFRA_5-e1761735885940.png\",\"width\":1672,\"height\":454,\"caption\":\"Ag\u00eancia iNFRA\"},\"image\":{\"@id\":\"https:\/\/agenciainfra.com\/blog\/#\/schema\/logo\/image\/\"},\"sameAs\":[\"https:\/\/www.facebook.com\/ageninfra\",\"https:\/\/x.com\/agencia_infra\",\"https:\/\/www.linkedin.com\/company\/ag\u00eanciainfra\/\",\"https:\/\/www.instagram.com\/agenciainfra\/\"]},{\"@type\":\"Person\",\"@id\":\"https:\/\/agenciainfra.com\/blog\/#\/schema\/person\/04dbb79bd6d8951f063da71f3e4c1eb1\",\"name\":\"Rodrigo Zuquim\",\"image\":{\"@type\":\"ImageObject\",\"inLanguage\":\"pt-BR\",\"@id\":\"https:\/\/agenciainfra.com\/blog\/#\/schema\/person\/image\/\",\"url\":\"https:\/\/secure.gravatar.com\/avatar\/594abfe82761d620726242ff34ca472a705a4b97f16c790053a6b4c4035274d0?s=96&d=mm&r=g\",\"contentUrl\":\"https:\/\/secure.gravatar.com\/avatar\/594abfe82761d620726242ff34ca472a705a4b97f16c790053a6b4c4035274d0?s=96&d=mm&r=g\",\"caption\":\"Rodrigo Zuquim\"},\"url\":\"https:\/\/agenciainfra.com\/blog\/author\/rodrigo-zuquim\/\"}]}<\/script>\n<!-- \/ Yoast SEO Premium plugin. -->","yoast_head_json":{"title":"BNDES far\u00e1 audi\u00eancia p\u00fablica sobre desestatiza\u00e7\u00e3o da Codesa em 30 de junho - Ag\u00eancia iNFRA","robots":{"index":"index","follow":"follow","max-snippet":"max-snippet:-1","max-image-preview":"max-image-preview:large","max-video-preview":"max-video-preview:-1"},"canonical":"https:\/\/agenciainfra.com\/blog\/bndes-fara-audiencia-publica-sobre-desestatizacao-da-codesa-em-30-de-junho\/","og_locale":"pt_BR","og_type":"article","og_title":"BNDES far\u00e1 audi\u00eancia p\u00fablica sobre desestatiza\u00e7\u00e3o da Codesa em 30 de junho","og_description":"da Ag\u00eancia iNFRA O BNDES abriu a Audi\u00eancia P\u00fablica 02\/2021 para a desestatiza\u00e7\u00e3o da Codesa (Companhia Docas do Esp\u00edrito Santo). A informa\u00e7\u00e3o sobre a audi\u00eancia foi publicada no Di\u00e1rio Oficial da Uni\u00e3o desta quarta-feira (16) e est\u00e1 dispon\u00edvel neste link. De acordo com a publica\u00e7\u00e3o, a audi\u00eancia p\u00fablica ser\u00e1 realizada em 30 de junho em [&hellip;]","og_url":"https:\/\/agenciainfra.com\/blog\/bndes-fara-audiencia-publica-sobre-desestatizacao-da-codesa-em-30-de-junho\/","og_site_name":"Ag\u00eancia iNFRA","article_publisher":"https:\/\/www.facebook.com\/ageninfra","article_published_time":"2021-06-16T10:57:05+00:00","article_modified_time":"2021-06-16T10:57:09+00:00","og_image":[{"width":1280,"height":857,"url":"https:\/\/agenciainfra.com\/blog\/wp-content\/uploads\/2021\/03\/codesa-foto-codesa.jpeg","type":"image\/jpeg"}],"author":"Rodrigo Zuquim","twitter_card":"summary_large_image","twitter_creator":"@agencia_infra","twitter_site":"@agencia_infra","twitter_misc":{"Escrito por":"Rodrigo Zuquim","Est. tempo de leitura":"2 minutos"},"schema":{"@context":"https:\/\/schema.org","@graph":[{"@type":"Article","@id":"https:\/\/agenciainfra.com\/blog\/bndes-fara-audiencia-publica-sobre-desestatizacao-da-codesa-em-30-de-junho\/#article","isPartOf":{"@id":"https:\/\/agenciainfra.com\/blog\/bndes-fara-audiencia-publica-sobre-desestatizacao-da-codesa-em-30-de-junho\/"},"author":{"name":"Rodrigo Zuquim","@id":"https:\/\/agenciainfra.com\/blog\/#\/schema\/person\/04dbb79bd6d8951f063da71f3e4c1eb1"},"headline":"BNDES far\u00e1 audi\u00eancia p\u00fablica sobre desestatiza\u00e7\u00e3o da Codesa em 30 de junho","datePublished":"2021-06-16T10:57:05+00:00","dateModified":"2021-06-16T10:57:09+00:00","mainEntityOfPage":{"@id":"https:\/\/agenciainfra.com\/blog\/bndes-fara-audiencia-publica-sobre-desestatizacao-da-codesa-em-30-de-junho\/"},"wordCount":408,"publisher":{"@id":"https:\/\/agenciainfra.com\/blog\/#organization"},"image":{"@id":"https:\/\/agenciainfra.com\/blog\/bndes-fara-audiencia-publica-sobre-desestatizacao-da-codesa-em-30-de-junho\/#primaryimage"},"thumbnailUrl":"https:\/\/agenciainfra.com\/blog\/wp-content\/uploads\/2021\/03\/codesa-foto-codesa.jpeg","keywords":["ANTAQ","autoridade portu\u00e1ria","BNDES","Codesa","desestatiza\u00e7\u00e3o","Diogo Piloni","Esp\u00edrito Santo","Minist\u00e9rio da Infraestrutura","portos","PPI","terminais portu\u00e1rios"],"articleSection":["Geral","iNFRA Na Transi\u00e7\u00e3o"],"inLanguage":"pt-BR","copyrightYear":"2021","copyrightHolder":{"@id":"https:\/\/agenciainfra.com\/blog\/#organization"}},{"@type":"WebPage","@id":"https:\/\/agenciainfra.com\/blog\/bndes-fara-audiencia-publica-sobre-desestatizacao-da-codesa-em-30-de-junho\/","url":"https:\/\/agenciainfra.com\/blog\/bndes-fara-audiencia-publica-sobre-desestatizacao-da-codesa-em-30-de-junho\/","name":"BNDES far\u00e1 audi\u00eancia p\u00fablica sobre desestatiza\u00e7\u00e3o da Codesa em 30 de junho - Ag\u00eancia iNFRA","isPartOf":{"@id":"https:\/\/agenciainfra.com\/blog\/#website"},"primaryImageOfPage":{"@id":"https:\/\/agenciainfra.com\/blog\/bndes-fara-audiencia-publica-sobre-desestatizacao-da-codesa-em-30-de-junho\/#primaryimage"},"image":{"@id":"https:\/\/agenciainfra.com\/blog\/bndes-fara-audiencia-publica-sobre-desestatizacao-da-codesa-em-30-de-junho\/#primaryimage"},"thumbnailUrl":"https:\/\/agenciainfra.com\/blog\/wp-content\/uploads\/2021\/03\/codesa-foto-codesa.jpeg","datePublished":"2021-06-16T10:57:05+00:00","dateModified":"2021-06-16T10:57:09+00:00","breadcrumb":{"@id":"https:\/\/agenciainfra.com\/blog\/bndes-fara-audiencia-publica-sobre-desestatizacao-da-codesa-em-30-de-junho\/#breadcrumb"},"inLanguage":"pt-BR","potentialAction":[{"@type":"ReadAction","target":["https:\/\/agenciainfra.com\/blog\/bndes-fara-audiencia-publica-sobre-desestatizacao-da-codesa-em-30-de-junho\/"]}]},{"@type":"ImageObject","inLanguage":"pt-BR","@id":"https:\/\/agenciainfra.com\/blog\/bndes-fara-audiencia-publica-sobre-desestatizacao-da-codesa-em-30-de-junho\/#primaryimage","url":"https:\/\/agenciainfra.com\/blog\/wp-content\/uploads\/2021\/03\/codesa-foto-codesa.jpeg","contentUrl":"https:\/\/agenciainfra.com\/blog\/wp-content\/uploads\/2021\/03\/codesa-foto-codesa.jpeg","width":1280,"height":857},{"@type":"BreadcrumbList","@id":"https:\/\/agenciainfra.com\/blog\/bndes-fara-audiencia-publica-sobre-desestatizacao-da-codesa-em-30-de-junho\/#breadcrumb","itemListElement":[{"@type":"ListItem","position":1,"name":"In\u00edcio","item":"https:\/\/agenciainfra.com\/blog\/"},{"@type":"ListItem","position":2,"name":"BNDES far\u00e1 audi\u00eancia p\u00fablica sobre desestatiza\u00e7\u00e3o da Codesa em 30 de junho"}]},{"@type":"WebSite","@id":"https:\/\/agenciainfra.com\/blog\/#website","url":"https:\/\/agenciainfra.com\/blog\/","name":"Ag\u00eancia iNFRA","description":"Multiplataforma de informa\u00e7\u00e3o jornal\u00edstica refer\u00eancia na \u00e1rea de infraestrutura no Brasil!","publisher":{"@id":"https:\/\/agenciainfra.com\/blog\/#organization"},"potentialAction":[{"@type":"SearchAction","target":{"@type":"EntryPoint","urlTemplate":"https:\/\/agenciainfra.com\/blog\/?s={search_term_string}"},"query-input":{"@type":"PropertyValueSpecification","valueRequired":true,"valueName":"search_term_string"}}],"inLanguage":"pt-BR"},{"@type":"Organization","@id":"https:\/\/agenciainfra.com\/blog\/#organization","name":"Ag\u00eancia iNFRA","url":"https:\/\/agenciainfra.com\/blog\/","logo":{"@type":"ImageObject","inLanguage":"pt-BR","@id":"https:\/\/agenciainfra.com\/blog\/#\/schema\/logo\/image\/","url":"https:\/\/agenciainfra.com\/blog\/wp-content\/uploads\/2023\/09\/iNFRA_5-e1761735885940.png","contentUrl":"https:\/\/agenciainfra.com\/blog\/wp-content\/uploads\/2023\/09\/iNFRA_5-e1761735885940.png","width":1672,"height":454,"caption":"Ag\u00eancia iNFRA"},"image":{"@id":"https:\/\/agenciainfra.com\/blog\/#\/schema\/logo\/image\/"},"sameAs":["https:\/\/www.facebook.com\/ageninfra","https:\/\/x.com\/agencia_infra","https:\/\/www.linkedin.com\/company\/ag\u00eanciainfra\/","https:\/\/www.instagram.com\/agenciainfra\/"]},{"@type":"Person","@id":"https:\/\/agenciainfra.com\/blog\/#\/schema\/person\/04dbb79bd6d8951f063da71f3e4c1eb1","name":"Rodrigo Zuquim","image":{"@type":"ImageObject","inLanguage":"pt-BR","@id":"https:\/\/agenciainfra.com\/blog\/#\/schema\/person\/image\/","url":"https:\/\/secure.gravatar.com\/avatar\/594abfe82761d620726242ff34ca472a705a4b97f16c790053a6b4c4035274d0?s=96&d=mm&r=g","contentUrl":"https:\/\/secure.gravatar.com\/avatar\/594abfe82761d620726242ff34ca472a705a4b97f16c790053a6b4c4035274d0?s=96&d=mm&r=g","caption":"Rodrigo Zuquim"},"url":"https:\/\/agenciainfra.com\/blog\/author\/rodrigo-zuquim\/"}]}},"_links":{"self":[{"href":"https:\/\/agenciainfra.com\/blog\/wp-json\/wp\/v2\/posts\/7468","targetHints":{"allow":["GET"]}}],"collection":[{"href":"https:\/\/agenciainfra.com\/blog\/wp-json\/wp\/v2\/posts"}],"about":[{"href":"https:\/\/agenciainfra.com\/blog\/wp-json\/wp\/v2\/types\/post"}],"author":[{"embeddable":true,"href":"https:\/\/agenciainfra.com\/blog\/wp-json\/wp\/v2\/users\/9"}],"replies":[{"embeddable":true,"href":"https:\/\/agenciainfra.com\/blog\/wp-json\/wp\/v2\/comments?post=7468"}],"version-history":[{"count":0,"href":"https:\/\/agenciainfra.com\/blog\/wp-json\/wp\/v2\/posts\/7468\/revisions"}],"wp:featuredmedia":[{"embeddable":true,"href":"https:\/\/agenciainfra.com\/blog\/wp-json\/wp\/v2\/media\/6958"}],"wp:attachment":[{"href":"https:\/\/agenciainfra.com\/blog\/wp-json\/wp\/v2\/media?parent=7468"}],"wp:term":[{"taxonomy":"category","embeddable":true,"href":"https:\/\/agenciainfra.com\/blog\/wp-json\/wp\/v2\/categories?post=7468"},{"taxonomy":"post_tag","embeddable":true,"href":"https:\/\/agenciainfra.com\/blog\/wp-json\/wp\/v2\/tags?post=7468"}],"curies":[{"name":"wp","href":"https:\/\/api.w.org\/{rel}","templated":true}]}}