{"id":7483,"date":"2021-06-18T10:00:00","date_gmt":"2021-06-18T13:00:00","guid":{"rendered":"https:\/\/www.agenciainfra.com\/blog\/?p=7483"},"modified":"2021-06-18T09:45:14","modified_gmt":"2021-06-18T12:45:14","slug":"grandes-consumidores-propoem-premio-de-30-sobre-pld-maximo-de-r-12-mil-para-reduzir-consumo","status":"publish","type":"post","link":"https:\/\/agenciainfra.com\/blog\/grandes-consumidores-propoem-premio-de-30-sobre-pld-maximo-de-r-12-mil-para-reduzir-consumo\/","title":{"rendered":"Grandes consumidores prop\u00f5em pr\u00eamio de 30% sobre PLD m\u00e1ximo de R$ 1,2 mil para reduzir consumo"},"content":{"rendered":"\n<hr class=\"wp-block-separator\"\/>\n\n\n\n<p class=\"has-text-align-right\"><strong>Roberto Rockmann*<\/strong><\/p>\n\n\n\n<p>O programa de redu\u00e7\u00e3o volunt\u00e1ria da demanda proposto por grandes consumidores ao governo destaca como uma de suas sugest\u00f5es que, no primeiro m\u00eas de ado\u00e7\u00e3o da eventual iniciativa, o valor de refer\u00eancia para remunera\u00e7\u00e3o dos consumidores seria de R$ 1.557\/MWh, resultado do PLDh (Pre\u00e7o de Liquida\u00e7\u00e3o de Diferen\u00e7as Hor\u00e1rio) m\u00e1ximo vigente (R$ 1.197,87) com um pr\u00eamio de 30%.<br><br>O custo de d\u00e9ficit em 2021 estaria em R$ 6.524\/MWh. O valor de refer\u00eancia poder\u00e1 ser recalibrado mensalmente, ap\u00f3s avalia\u00e7\u00e3o do balan\u00e7o entre oferta e demanda por parte do Comit\u00ea de Monitoramento do Setor El\u00e9trico, e dever\u00e1 ser amplamente divulgado at\u00e9 a quarta-feira que antecede a reuni\u00e3o do PMO (Programa Mensal de Opera\u00e7\u00e3o Energ\u00e9tica) do ONS (Operador Nacional do Sistema El\u00e9trico). Fariam jus \u00e0 remunera\u00e7\u00e3o redu\u00e7\u00f5es de consumo superiores a 5% em dias \u00fateis entre meio-dia e 18 horas.<br><br>No caso de ser decretada a obriga\u00e7\u00e3o de redu\u00e7\u00e3o do consumo de energia, todos os consumidores que participarem voluntariamente do programa proposto devem ser beneficiados com os cr\u00e9ditos de energia j\u00e1 fornecidos ao sistema antes de um eventual racionamento compuls\u00f3rio. Isso consta de um documento de 14 p\u00e1ginas datado de 14 de junho que tem circulado entre empres\u00e1rios do setor el\u00e9trico.<br><br>O programa teria como base os seguintes pontos:<br><br>&#8211; Na quinta-feira, antes do in\u00edcio da semana operativa seguinte, o consumidor que deseja participar do programa dever\u00e1 informar \u00e0 CCEE (C\u00e2mara de Comercializa\u00e7\u00e3o de Energia El\u00e9trica) o montante de demanda (em MWh) que ir\u00e1 se comprometer a reduzir para cada um dos dias seguintes.<br><br>&#8211; Far\u00e3o jus \u00e0 remunera\u00e7\u00e3o apenas redu\u00e7\u00f5es de consumo superior a 5% nos dias \u00fateis entre 12 e 18 horas, em compara\u00e7\u00e3o com a m\u00e9dia do hist\u00f3rico de medi\u00e7\u00f5es nesse intervalo de tempo entre os meses de maio e junho 2021, sendo que o consumidor ser\u00e1 remunerado automaticamente pelo montante de redu\u00e7\u00e3o que exceder o limite m\u00ednimo de 5%.<br><br>&#8211; Caso o consumidor n\u00e3o entregue pelo menos 80% do montante de demanda (em MWh) que se comprometeu, em qualquer dia da semana operativa, n\u00e3o far\u00e1 jus a qualquer remunera\u00e7\u00e3o e ficar\u00e1 exclu\u00eddo automaticamente do programa por sete dias.<br><br>&#8211; O valor de refer\u00eancia poder\u00e1 ser recalibrado mensalmente, ap\u00f3s avalia\u00e7\u00e3o do balan\u00e7o entre oferta e demanda por parte do Comit\u00ea de Monitoramento do Setor El\u00e9trico, e dever\u00e1 ser amplamente divulgado at\u00e9 a quarta-feira que antecede a reuni\u00e3o do PMO do ONS.<br><br>&#8211; A remunera\u00e7\u00e3o dos consumidores participantes do programa n\u00e3o poder\u00e1 ser afetada por eventuais inadimpl\u00eancias do Mercado de Curto Prazo, mesmo tratamento j\u00e1 garantido ao atual Programa Piloto de Resposta da Demanda.<br><br>&#8211; Ainda, considerando o cen\u00e1rio de crise h\u00eddrica, e que o programa busca exclusivamente a redu\u00e7\u00e3o tempor\u00e1ria da demanda, os montantes de energia reduzidos n\u00e3o poder\u00e3o ser considerados para fins de indeniza\u00e7\u00e3o aos geradores hidr\u00e1ulicos por meio dos ESS (Encargos do Servi\u00e7o do Sistema) de Deslocamento Hidr\u00e1ulico.<br><br>&#8211; A ades\u00e3o ao programa ser\u00e1 autom\u00e1tica, sem necessidade de novos contratos, para todos os consumidores que s\u00e3o agentes da CCEE com medi\u00e7\u00e3o individual.<\/p>\n\n\n\n<h6 class=\"wp-block-heading\" id=\"block-0ad831ad-cd23-417f-b06a-95588097a0b7\">*Roberto Rockmann \u00e9 escritor e jornalista. Coautor do livro \u201cCurto-Circuito, quando o Brasil quase ficou \u00e0s escuras\u201d e produtor do podcast quinzenal \u201cGiro Energia\u201d sobre o setor el\u00e9trico. Organizou em 2018 o livro de 20 anos do mercado livre de energia el\u00e9trica, editado pela CCEE (C\u00e2mara de Comercializa\u00e7\u00e3o de Energia El\u00e9trica), al\u00e9m de v\u00e1rios outros livros e trabalhos premiados.<\/h6>\n\n\n\n<h5 class=\"wp-block-heading\" id=\"block-d67878ff-7627-4f15-b175-8f58269174ff\">As opini\u00f5es dos autores n\u00e3o refletem necessariamente o pensamento da Ag\u00eancia iNFRA, sendo de total responsabilidade do autor as informa\u00e7\u00f5es, ju\u00edzos de valor e conceitos descritos no texto.<\/h5>\n","protected":false},"excerpt":{"rendered":"<p>Roberto Rockmann* O programa de redu\u00e7\u00e3o volunt\u00e1ria da demanda proposto por grandes consumidores ao governo destaca como uma de suas sugest\u00f5es que, no primeiro m\u00eas de ado\u00e7\u00e3o da eventual iniciativa, o valor de refer\u00eancia para remunera\u00e7\u00e3o dos consumidores seria de R$ 1.557\/MWh, resultado do PLDh (Pre\u00e7o de Liquida\u00e7\u00e3o de Diferen\u00e7as Hor\u00e1rio) m\u00e1ximo vigente (R$ 1.197,87) [&hellip;]<\/p>\n","protected":false},"author":9,"featured_media":7484,"comment_status":"closed","ping_status":"closed","sticky":false,"template":"","format":"standard","meta":{"_monsterinsights_skip_tracking":false,"_monsterinsights_sitenote_active":false,"_monsterinsights_sitenote_note":"","_monsterinsights_sitenote_category":0,"footnotes":""},"categories":[1],"tags":[14,792,795,369,4508,4507,4509,3993,821,216,1169,4505,4506,3200,4488,54],"class_list":["post-7483","post","type-post","status-publish","format-standard","has-post-thumbnail","hentry","category-geral","tag-ccee","tag-cmse","tag-comite-de-monitoramento-do-setor-eletrico","tag-consumo","tag-deslocamento-hidraulico","tag-ess","tag-geradores-hidraulicos","tag-grandes-consumidores","tag-mercado-de-curto-prazo","tag-ons","tag-pld","tag-pmo","tag-programa-piloto-de-resposta-da-demanda","tag-racionamento","tag-roberto-rockmann","tag-setor-eletrico"],"yoast_head":"<!-- This site is optimized with the Yoast SEO Premium plugin v25.4 (Yoast SEO v26.0) - https:\/\/yoast.com\/wordpress\/plugins\/seo\/ -->\n<title>Grandes consumidores prop\u00f5em pr\u00eamio de 30% sobre PLD m\u00e1ximo de R$ 1,2 mil para reduzir consumo - Ag\u00eancia iNFRA<\/title>\n<meta name=\"robots\" content=\"index, follow, max-snippet:-1, max-image-preview:large, max-video-preview:-1\" \/>\n<link rel=\"canonical\" href=\"https:\/\/agenciainfra.com\/blog\/grandes-consumidores-propoem-premio-de-30-sobre-pld-maximo-de-r-12-mil-para-reduzir-consumo\/\" \/>\n<meta property=\"og:locale\" content=\"pt_BR\" \/>\n<meta property=\"og:type\" content=\"article\" \/>\n<meta property=\"og:title\" content=\"Grandes consumidores prop\u00f5em pr\u00eamio de 30% sobre PLD m\u00e1ximo de R$ 1,2 mil para reduzir consumo\" \/>\n<meta property=\"og:description\" content=\"Roberto Rockmann* O programa de redu\u00e7\u00e3o volunt\u00e1ria da demanda proposto por grandes consumidores ao governo destaca como uma de suas sugest\u00f5es que, no primeiro m\u00eas de ado\u00e7\u00e3o da eventual iniciativa, o valor de refer\u00eancia para remunera\u00e7\u00e3o dos consumidores seria de R$ 1.557\/MWh, resultado do PLDh (Pre\u00e7o de Liquida\u00e7\u00e3o de Diferen\u00e7as Hor\u00e1rio) m\u00e1ximo vigente (R$ 1.197,87) [&hellip;]\" \/>\n<meta property=\"og:url\" content=\"https:\/\/agenciainfra.com\/blog\/grandes-consumidores-propoem-premio-de-30-sobre-pld-maximo-de-r-12-mil-para-reduzir-consumo\/\" \/>\n<meta property=\"og:site_name\" content=\"Ag\u00eancia iNFRA\" \/>\n<meta property=\"article:publisher\" content=\"https:\/\/www.facebook.com\/ageninfra\" \/>\n<meta property=\"article:published_time\" content=\"2021-06-18T13:00:00+00:00\" \/>\n<meta property=\"og:image\" content=\"https:\/\/agenciainfra.com\/blog\/wp-content\/uploads\/2021\/06\/torre-transmissao-foto-dominio-publico.jpeg\" \/>\n\t<meta property=\"og:image:width\" content=\"1280\" \/>\n\t<meta property=\"og:image:height\" content=\"853\" \/>\n\t<meta property=\"og:image:type\" content=\"image\/jpeg\" \/>\n<meta name=\"author\" content=\"Rodrigo Zuquim\" \/>\n<meta name=\"twitter:card\" content=\"summary_large_image\" \/>\n<meta name=\"twitter:creator\" content=\"@agencia_infra\" \/>\n<meta name=\"twitter:site\" content=\"@agencia_infra\" \/>\n<meta name=\"twitter:label1\" content=\"Escrito por\" \/>\n\t<meta name=\"twitter:data1\" content=\"Rodrigo Zuquim\" \/>\n\t<meta name=\"twitter:label2\" content=\"Est. tempo de leitura\" \/>\n\t<meta name=\"twitter:data2\" content=\"3 minutos\" \/>\n<script type=\"application\/ld+json\" class=\"yoast-schema-graph\">{\"@context\":\"https:\/\/schema.org\",\"@graph\":[{\"@type\":\"Article\",\"@id\":\"https:\/\/agenciainfra.com\/blog\/grandes-consumidores-propoem-premio-de-30-sobre-pld-maximo-de-r-12-mil-para-reduzir-consumo\/#article\",\"isPartOf\":{\"@id\":\"https:\/\/agenciainfra.com\/blog\/grandes-consumidores-propoem-premio-de-30-sobre-pld-maximo-de-r-12-mil-para-reduzir-consumo\/\"},\"author\":{\"name\":\"Rodrigo Zuquim\",\"@id\":\"https:\/\/agenciainfra.com\/blog\/#\/schema\/person\/04dbb79bd6d8951f063da71f3e4c1eb1\"},\"headline\":\"Grandes consumidores prop\u00f5em pr\u00eamio de 30% sobre PLD m\u00e1ximo de R$ 1,2 mil para reduzir consumo\",\"datePublished\":\"2021-06-18T13:00:00+00:00\",\"mainEntityOfPage\":{\"@id\":\"https:\/\/agenciainfra.com\/blog\/grandes-consumidores-propoem-premio-de-30-sobre-pld-maximo-de-r-12-mil-para-reduzir-consumo\/\"},\"wordCount\":665,\"publisher\":{\"@id\":\"https:\/\/agenciainfra.com\/blog\/#organization\"},\"image\":{\"@id\":\"https:\/\/agenciainfra.com\/blog\/grandes-consumidores-propoem-premio-de-30-sobre-pld-maximo-de-r-12-mil-para-reduzir-consumo\/#primaryimage\"},\"thumbnailUrl\":\"https:\/\/agenciainfra.com\/blog\/wp-content\/uploads\/2021\/06\/torre-transmissao-foto-dominio-publico-e1770382473431.jpeg\",\"keywords\":[\"ccee\",\"CMSE\",\"Comit\u00ea de Monitoramento do Setor El\u00e9trico\",\"consumo\",\"Deslocamento Hidr\u00e1ulico\",\"ESS\",\"geradores hidr\u00e1ulicos\",\"grandes consumidores\",\"mercado de curto prazo\",\"ONS\",\"PLD\",\"PMO\",\"Programa Piloto de Resposta da Demanda\",\"racionamento\",\"Roberto Rockmann\",\"Setor El\u00e9trico\"],\"articleSection\":[\"Geral\"],\"inLanguage\":\"pt-BR\",\"copyrightYear\":\"2021\",\"copyrightHolder\":{\"@id\":\"https:\/\/agenciainfra.com\/blog\/#organization\"}},{\"@type\":\"WebPage\",\"@id\":\"https:\/\/agenciainfra.com\/blog\/grandes-consumidores-propoem-premio-de-30-sobre-pld-maximo-de-r-12-mil-para-reduzir-consumo\/\",\"url\":\"https:\/\/agenciainfra.com\/blog\/grandes-consumidores-propoem-premio-de-30-sobre-pld-maximo-de-r-12-mil-para-reduzir-consumo\/\",\"name\":\"Grandes consumidores prop\u00f5em pr\u00eamio de 30% sobre PLD m\u00e1ximo de R$ 1,2 mil para reduzir consumo - Ag\u00eancia iNFRA\",\"isPartOf\":{\"@id\":\"https:\/\/agenciainfra.com\/blog\/#website\"},\"primaryImageOfPage\":{\"@id\":\"https:\/\/agenciainfra.com\/blog\/grandes-consumidores-propoem-premio-de-30-sobre-pld-maximo-de-r-12-mil-para-reduzir-consumo\/#primaryimage\"},\"image\":{\"@id\":\"https:\/\/agenciainfra.com\/blog\/grandes-consumidores-propoem-premio-de-30-sobre-pld-maximo-de-r-12-mil-para-reduzir-consumo\/#primaryimage\"},\"thumbnailUrl\":\"https:\/\/agenciainfra.com\/blog\/wp-content\/uploads\/2021\/06\/torre-transmissao-foto-dominio-publico-e1770382473431.jpeg\",\"datePublished\":\"2021-06-18T13:00:00+00:00\",\"breadcrumb\":{\"@id\":\"https:\/\/agenciainfra.com\/blog\/grandes-consumidores-propoem-premio-de-30-sobre-pld-maximo-de-r-12-mil-para-reduzir-consumo\/#breadcrumb\"},\"inLanguage\":\"pt-BR\",\"potentialAction\":[{\"@type\":\"ReadAction\",\"target\":[\"https:\/\/agenciainfra.com\/blog\/grandes-consumidores-propoem-premio-de-30-sobre-pld-maximo-de-r-12-mil-para-reduzir-consumo\/\"]}]},{\"@type\":\"ImageObject\",\"inLanguage\":\"pt-BR\",\"@id\":\"https:\/\/agenciainfra.com\/blog\/grandes-consumidores-propoem-premio-de-30-sobre-pld-maximo-de-r-12-mil-para-reduzir-consumo\/#primaryimage\",\"url\":\"https:\/\/agenciainfra.com\/blog\/wp-content\/uploads\/2021\/06\/torre-transmissao-foto-dominio-publico-e1770382473431.jpeg\",\"contentUrl\":\"https:\/\/agenciainfra.com\/blog\/wp-content\/uploads\/2021\/06\/torre-transmissao-foto-dominio-publico-e1770382473431.jpeg\",\"width\":1280,\"height\":780,\"caption\":\"Foto: Dom\u00ednio P\u00fablico\"},{\"@type\":\"BreadcrumbList\",\"@id\":\"https:\/\/agenciainfra.com\/blog\/grandes-consumidores-propoem-premio-de-30-sobre-pld-maximo-de-r-12-mil-para-reduzir-consumo\/#breadcrumb\",\"itemListElement\":[{\"@type\":\"ListItem\",\"position\":1,\"name\":\"In\u00edcio\",\"item\":\"https:\/\/agenciainfra.com\/blog\/\"},{\"@type\":\"ListItem\",\"position\":2,\"name\":\"Grandes consumidores prop\u00f5em pr\u00eamio de 30% sobre PLD m\u00e1ximo de R$ 1,2 mil para reduzir consumo\"}]},{\"@type\":\"WebSite\",\"@id\":\"https:\/\/agenciainfra.com\/blog\/#website\",\"url\":\"https:\/\/agenciainfra.com\/blog\/\",\"name\":\"Ag\u00eancia iNFRA\",\"description\":\"Multiplataforma de informa\u00e7\u00e3o jornal\u00edstica refer\u00eancia na \u00e1rea de infraestrutura no Brasil!\",\"publisher\":{\"@id\":\"https:\/\/agenciainfra.com\/blog\/#organization\"},\"potentialAction\":[{\"@type\":\"SearchAction\",\"target\":{\"@type\":\"EntryPoint\",\"urlTemplate\":\"https:\/\/agenciainfra.com\/blog\/?s={search_term_string}\"},\"query-input\":{\"@type\":\"PropertyValueSpecification\",\"valueRequired\":true,\"valueName\":\"search_term_string\"}}],\"inLanguage\":\"pt-BR\"},{\"@type\":\"Organization\",\"@id\":\"https:\/\/agenciainfra.com\/blog\/#organization\",\"name\":\"Ag\u00eancia iNFRA\",\"url\":\"https:\/\/agenciainfra.com\/blog\/\",\"logo\":{\"@type\":\"ImageObject\",\"inLanguage\":\"pt-BR\",\"@id\":\"https:\/\/agenciainfra.com\/blog\/#\/schema\/logo\/image\/\",\"url\":\"https:\/\/agenciainfra.com\/blog\/wp-content\/uploads\/2023\/09\/iNFRA_5-e1761735885940.png\",\"contentUrl\":\"https:\/\/agenciainfra.com\/blog\/wp-content\/uploads\/2023\/09\/iNFRA_5-e1761735885940.png\",\"width\":1672,\"height\":454,\"caption\":\"Ag\u00eancia iNFRA\"},\"image\":{\"@id\":\"https:\/\/agenciainfra.com\/blog\/#\/schema\/logo\/image\/\"},\"sameAs\":[\"https:\/\/www.facebook.com\/ageninfra\",\"https:\/\/x.com\/agencia_infra\",\"https:\/\/www.linkedin.com\/company\/ag\u00eanciainfra\/\",\"https:\/\/www.instagram.com\/agenciainfra\/\"]},{\"@type\":\"Person\",\"@id\":\"https:\/\/agenciainfra.com\/blog\/#\/schema\/person\/04dbb79bd6d8951f063da71f3e4c1eb1\",\"name\":\"Rodrigo Zuquim\",\"image\":{\"@type\":\"ImageObject\",\"inLanguage\":\"pt-BR\",\"@id\":\"https:\/\/agenciainfra.com\/blog\/#\/schema\/person\/image\/\",\"url\":\"https:\/\/secure.gravatar.com\/avatar\/594abfe82761d620726242ff34ca472a705a4b97f16c790053a6b4c4035274d0?s=96&d=mm&r=g\",\"contentUrl\":\"https:\/\/secure.gravatar.com\/avatar\/594abfe82761d620726242ff34ca472a705a4b97f16c790053a6b4c4035274d0?s=96&d=mm&r=g\",\"caption\":\"Rodrigo Zuquim\"},\"url\":\"https:\/\/agenciainfra.com\/blog\/author\/rodrigo-zuquim\/\"}]}<\/script>\n<!-- \/ Yoast SEO Premium plugin. -->","yoast_head_json":{"title":"Grandes consumidores prop\u00f5em pr\u00eamio de 30% sobre PLD m\u00e1ximo de R$ 1,2 mil para reduzir consumo - Ag\u00eancia iNFRA","robots":{"index":"index","follow":"follow","max-snippet":"max-snippet:-1","max-image-preview":"max-image-preview:large","max-video-preview":"max-video-preview:-1"},"canonical":"https:\/\/agenciainfra.com\/blog\/grandes-consumidores-propoem-premio-de-30-sobre-pld-maximo-de-r-12-mil-para-reduzir-consumo\/","og_locale":"pt_BR","og_type":"article","og_title":"Grandes consumidores prop\u00f5em pr\u00eamio de 30% sobre PLD m\u00e1ximo de R$ 1,2 mil para reduzir consumo","og_description":"Roberto Rockmann* O programa de redu\u00e7\u00e3o volunt\u00e1ria da demanda proposto por grandes consumidores ao governo destaca como uma de suas sugest\u00f5es que, no primeiro m\u00eas de ado\u00e7\u00e3o da eventual iniciativa, o valor de refer\u00eancia para remunera\u00e7\u00e3o dos consumidores seria de R$ 1.557\/MWh, resultado do PLDh (Pre\u00e7o de Liquida\u00e7\u00e3o de Diferen\u00e7as Hor\u00e1rio) m\u00e1ximo vigente (R$ 1.197,87) [&hellip;]","og_url":"https:\/\/agenciainfra.com\/blog\/grandes-consumidores-propoem-premio-de-30-sobre-pld-maximo-de-r-12-mil-para-reduzir-consumo\/","og_site_name":"Ag\u00eancia iNFRA","article_publisher":"https:\/\/www.facebook.com\/ageninfra","article_published_time":"2021-06-18T13:00:00+00:00","og_image":[{"width":1280,"height":853,"url":"https:\/\/agenciainfra.com\/blog\/wp-content\/uploads\/2021\/06\/torre-transmissao-foto-dominio-publico.jpeg","type":"image\/jpeg"}],"author":"Rodrigo Zuquim","twitter_card":"summary_large_image","twitter_creator":"@agencia_infra","twitter_site":"@agencia_infra","twitter_misc":{"Escrito por":"Rodrigo Zuquim","Est. tempo de leitura":"3 minutos"},"schema":{"@context":"https:\/\/schema.org","@graph":[{"@type":"Article","@id":"https:\/\/agenciainfra.com\/blog\/grandes-consumidores-propoem-premio-de-30-sobre-pld-maximo-de-r-12-mil-para-reduzir-consumo\/#article","isPartOf":{"@id":"https:\/\/agenciainfra.com\/blog\/grandes-consumidores-propoem-premio-de-30-sobre-pld-maximo-de-r-12-mil-para-reduzir-consumo\/"},"author":{"name":"Rodrigo Zuquim","@id":"https:\/\/agenciainfra.com\/blog\/#\/schema\/person\/04dbb79bd6d8951f063da71f3e4c1eb1"},"headline":"Grandes consumidores prop\u00f5em pr\u00eamio de 30% sobre PLD m\u00e1ximo de R$ 1,2 mil para reduzir consumo","datePublished":"2021-06-18T13:00:00+00:00","mainEntityOfPage":{"@id":"https:\/\/agenciainfra.com\/blog\/grandes-consumidores-propoem-premio-de-30-sobre-pld-maximo-de-r-12-mil-para-reduzir-consumo\/"},"wordCount":665,"publisher":{"@id":"https:\/\/agenciainfra.com\/blog\/#organization"},"image":{"@id":"https:\/\/agenciainfra.com\/blog\/grandes-consumidores-propoem-premio-de-30-sobre-pld-maximo-de-r-12-mil-para-reduzir-consumo\/#primaryimage"},"thumbnailUrl":"https:\/\/agenciainfra.com\/blog\/wp-content\/uploads\/2021\/06\/torre-transmissao-foto-dominio-publico-e1770382473431.jpeg","keywords":["ccee","CMSE","Comit\u00ea de Monitoramento do Setor El\u00e9trico","consumo","Deslocamento Hidr\u00e1ulico","ESS","geradores hidr\u00e1ulicos","grandes consumidores","mercado de curto prazo","ONS","PLD","PMO","Programa Piloto de Resposta da Demanda","racionamento","Roberto Rockmann","Setor El\u00e9trico"],"articleSection":["Geral"],"inLanguage":"pt-BR","copyrightYear":"2021","copyrightHolder":{"@id":"https:\/\/agenciainfra.com\/blog\/#organization"}},{"@type":"WebPage","@id":"https:\/\/agenciainfra.com\/blog\/grandes-consumidores-propoem-premio-de-30-sobre-pld-maximo-de-r-12-mil-para-reduzir-consumo\/","url":"https:\/\/agenciainfra.com\/blog\/grandes-consumidores-propoem-premio-de-30-sobre-pld-maximo-de-r-12-mil-para-reduzir-consumo\/","name":"Grandes consumidores prop\u00f5em pr\u00eamio de 30% sobre PLD m\u00e1ximo de R$ 1,2 mil para reduzir consumo - Ag\u00eancia iNFRA","isPartOf":{"@id":"https:\/\/agenciainfra.com\/blog\/#website"},"primaryImageOfPage":{"@id":"https:\/\/agenciainfra.com\/blog\/grandes-consumidores-propoem-premio-de-30-sobre-pld-maximo-de-r-12-mil-para-reduzir-consumo\/#primaryimage"},"image":{"@id":"https:\/\/agenciainfra.com\/blog\/grandes-consumidores-propoem-premio-de-30-sobre-pld-maximo-de-r-12-mil-para-reduzir-consumo\/#primaryimage"},"thumbnailUrl":"https:\/\/agenciainfra.com\/blog\/wp-content\/uploads\/2021\/06\/torre-transmissao-foto-dominio-publico-e1770382473431.jpeg","datePublished":"2021-06-18T13:00:00+00:00","breadcrumb":{"@id":"https:\/\/agenciainfra.com\/blog\/grandes-consumidores-propoem-premio-de-30-sobre-pld-maximo-de-r-12-mil-para-reduzir-consumo\/#breadcrumb"},"inLanguage":"pt-BR","potentialAction":[{"@type":"ReadAction","target":["https:\/\/agenciainfra.com\/blog\/grandes-consumidores-propoem-premio-de-30-sobre-pld-maximo-de-r-12-mil-para-reduzir-consumo\/"]}]},{"@type":"ImageObject","inLanguage":"pt-BR","@id":"https:\/\/agenciainfra.com\/blog\/grandes-consumidores-propoem-premio-de-30-sobre-pld-maximo-de-r-12-mil-para-reduzir-consumo\/#primaryimage","url":"https:\/\/agenciainfra.com\/blog\/wp-content\/uploads\/2021\/06\/torre-transmissao-foto-dominio-publico-e1770382473431.jpeg","contentUrl":"https:\/\/agenciainfra.com\/blog\/wp-content\/uploads\/2021\/06\/torre-transmissao-foto-dominio-publico-e1770382473431.jpeg","width":1280,"height":780,"caption":"Foto: Dom\u00ednio P\u00fablico"},{"@type":"BreadcrumbList","@id":"https:\/\/agenciainfra.com\/blog\/grandes-consumidores-propoem-premio-de-30-sobre-pld-maximo-de-r-12-mil-para-reduzir-consumo\/#breadcrumb","itemListElement":[{"@type":"ListItem","position":1,"name":"In\u00edcio","item":"https:\/\/agenciainfra.com\/blog\/"},{"@type":"ListItem","position":2,"name":"Grandes consumidores prop\u00f5em pr\u00eamio de 30% sobre PLD m\u00e1ximo de R$ 1,2 mil para reduzir consumo"}]},{"@type":"WebSite","@id":"https:\/\/agenciainfra.com\/blog\/#website","url":"https:\/\/agenciainfra.com\/blog\/","name":"Ag\u00eancia iNFRA","description":"Multiplataforma de informa\u00e7\u00e3o jornal\u00edstica refer\u00eancia na \u00e1rea de infraestrutura no Brasil!","publisher":{"@id":"https:\/\/agenciainfra.com\/blog\/#organization"},"potentialAction":[{"@type":"SearchAction","target":{"@type":"EntryPoint","urlTemplate":"https:\/\/agenciainfra.com\/blog\/?s={search_term_string}"},"query-input":{"@type":"PropertyValueSpecification","valueRequired":true,"valueName":"search_term_string"}}],"inLanguage":"pt-BR"},{"@type":"Organization","@id":"https:\/\/agenciainfra.com\/blog\/#organization","name":"Ag\u00eancia iNFRA","url":"https:\/\/agenciainfra.com\/blog\/","logo":{"@type":"ImageObject","inLanguage":"pt-BR","@id":"https:\/\/agenciainfra.com\/blog\/#\/schema\/logo\/image\/","url":"https:\/\/agenciainfra.com\/blog\/wp-content\/uploads\/2023\/09\/iNFRA_5-e1761735885940.png","contentUrl":"https:\/\/agenciainfra.com\/blog\/wp-content\/uploads\/2023\/09\/iNFRA_5-e1761735885940.png","width":1672,"height":454,"caption":"Ag\u00eancia iNFRA"},"image":{"@id":"https:\/\/agenciainfra.com\/blog\/#\/schema\/logo\/image\/"},"sameAs":["https:\/\/www.facebook.com\/ageninfra","https:\/\/x.com\/agencia_infra","https:\/\/www.linkedin.com\/company\/ag\u00eanciainfra\/","https:\/\/www.instagram.com\/agenciainfra\/"]},{"@type":"Person","@id":"https:\/\/agenciainfra.com\/blog\/#\/schema\/person\/04dbb79bd6d8951f063da71f3e4c1eb1","name":"Rodrigo Zuquim","image":{"@type":"ImageObject","inLanguage":"pt-BR","@id":"https:\/\/agenciainfra.com\/blog\/#\/schema\/person\/image\/","url":"https:\/\/secure.gravatar.com\/avatar\/594abfe82761d620726242ff34ca472a705a4b97f16c790053a6b4c4035274d0?s=96&d=mm&r=g","contentUrl":"https:\/\/secure.gravatar.com\/avatar\/594abfe82761d620726242ff34ca472a705a4b97f16c790053a6b4c4035274d0?s=96&d=mm&r=g","caption":"Rodrigo Zuquim"},"url":"https:\/\/agenciainfra.com\/blog\/author\/rodrigo-zuquim\/"}]}},"_links":{"self":[{"href":"https:\/\/agenciainfra.com\/blog\/wp-json\/wp\/v2\/posts\/7483","targetHints":{"allow":["GET"]}}],"collection":[{"href":"https:\/\/agenciainfra.com\/blog\/wp-json\/wp\/v2\/posts"}],"about":[{"href":"https:\/\/agenciainfra.com\/blog\/wp-json\/wp\/v2\/types\/post"}],"author":[{"embeddable":true,"href":"https:\/\/agenciainfra.com\/blog\/wp-json\/wp\/v2\/users\/9"}],"replies":[{"embeddable":true,"href":"https:\/\/agenciainfra.com\/blog\/wp-json\/wp\/v2\/comments?post=7483"}],"version-history":[{"count":0,"href":"https:\/\/agenciainfra.com\/blog\/wp-json\/wp\/v2\/posts\/7483\/revisions"}],"wp:featuredmedia":[{"embeddable":true,"href":"https:\/\/agenciainfra.com\/blog\/wp-json\/wp\/v2\/media\/7484"}],"wp:attachment":[{"href":"https:\/\/agenciainfra.com\/blog\/wp-json\/wp\/v2\/media?parent=7483"}],"wp:term":[{"taxonomy":"category","embeddable":true,"href":"https:\/\/agenciainfra.com\/blog\/wp-json\/wp\/v2\/categories?post=7483"},{"taxonomy":"post_tag","embeddable":true,"href":"https:\/\/agenciainfra.com\/blog\/wp-json\/wp\/v2\/tags?post=7483"}],"curies":[{"name":"wp","href":"https:\/\/api.w.org\/{rel}","templated":true}]}}