{"id":7486,"date":"2021-06-21T08:00:00","date_gmt":"2021-06-21T11:00:00","guid":{"rendered":"https:\/\/www.agenciainfra.com\/blog\/?p=7486"},"modified":"2021-06-21T16:26:51","modified_gmt":"2021-06-21T19:26:51","slug":"amaggi-vinci-partners-e-edlp-estudam-entrar-na-concessao-da-br-163-230-mt-pa","status":"publish","type":"post","link":"https:\/\/agenciainfra.com\/blog\/amaggi-vinci-partners-e-edlp-estudam-entrar-na-concessao-da-br-163-230-mt-pa\/","title":{"rendered":"AMaggi, Vinci Partners e EDLP estudam entrar na concess\u00e3o da BR-163-230\/MT-PA"},"content":{"rendered":"\n<hr class=\"wp-block-separator\"\/>\n\n\n\n<p class=\"has-text-align-right\"><strong>Dimmi Amora, da&nbsp;Ag\u00eancia iNFRA<\/strong><\/p>\n\n\n\n<p>Pelo menos cinco grupos de empresas est\u00e3o fazendo estudos ou sondagens para participar do leil\u00e3o de concess\u00e3o das BRs-163-230\/PA-MT, previsto para ser realizado pela ANTT (Ag\u00eancia Nacional de Transportes Terrestres)&nbsp;no pr\u00f3ximo dia 8 de julho.<\/p>\n\n\n\n<p>A rodovia \u00e9 a liga\u00e7\u00e3o entre a regi\u00e3o produtora de gr\u00e3os, especialmente soja,&nbsp;do norte do Mato Grosso e os terminais hidrovi\u00e1rios da regi\u00e3o de Miritituba, no Par\u00e1, de onde os produtos s\u00e3o levados de barca\u00e7as at\u00e9 os portos da regi\u00e3o de Bel\u00e9m (PA) para exporta\u00e7\u00e3o.<\/p>\n\n\n\n<p>Ao longo das \u00faltimas semanas, intensificaram-se na regi\u00e3o empresas fazendo avalia\u00e7\u00f5es das condi\u00e7\u00f5es do trecho rodovi\u00e1rio de 1.009 quil\u00f4metros que vai fazer parte da concess\u00e3o, cujo prazo ser\u00e1 de 10 anos prorrog\u00e1vel por mais dois anos.<\/p>\n\n\n\n<p>Havia algum temor entre agentes do governo se uma concess\u00e3o com prazo t\u00e3o curto e com baixo volume de investimentos previstos \u2013 \u00e9 praticamente uma concess\u00e3o para a conserva\u00e7\u00e3o da via no per\u00edodo \u2013 atrairia interessados.<\/p>\n\n\n\n<p>Mas essa&nbsp;d\u00favida j\u00e1 se dissipou. No final da \u00faltima semana, a&nbsp;<strong>Ag\u00eancia iNFRA<\/strong>&nbsp;apurou que o ex-governador do Mato Grosso Blairo Maggi, dono da AMaggi, uma das maiores tradings de comercializa\u00e7\u00e3o de gr\u00e3os do pa\u00eds, e seu primo Era\u00ed Maggi, dono do Grupo Bom Futuro,&nbsp;percorreram a rodovia e est\u00e3o trabalhando para fazer uma proposta para administr\u00e1-la.<\/p>\n\n\n\n<p>A AMaggi est\u00e1 associada ao empres\u00e1rio Guilherme Quintella, da EDLP&nbsp;(Esta\u00e7\u00e3o da Luz Participa\u00e7\u00f5es),&nbsp;idealizador da Ferrogr\u00e3o, e o fundo de investimentos Vinci Partners. Eles j\u00e1 tinham feito visitas ao ministro da Infraestrutura, Tarc\u00edsio de Freitas,&nbsp;e \u00e0 secret\u00e1ria de Fomento, Planejamento e Parcerias, Nat\u00e1lia Marcassa, para tratar da participa\u00e7\u00e3o nessa concess\u00e3o.<\/p>\n\n\n\n<p><strong>Outros grupos<\/strong><br>Outro grupo que mostrou interesse nessa concess\u00e3o foi a Hidrovias do Brasil. A empresa \u00e9 voltada para o transporte de gran\u00e9is por hidrovias, mas est\u00e1 avaliando outros ativos. J\u00e1 anunciou, por exemplo, que tem uma parceria com a VLI para estudar a concess\u00e3o da Ferrogr\u00e3o, a ferrovia que passa ao lado da BR-163 e que o governo tenta licitar tamb\u00e9m neste ano.<\/p>\n\n\n\n<p>O prazo de concess\u00e3o da BR-163 \u00e9 mais curto que o normalmente usado nas concess\u00f5es federais porque, quando a Ferrogr\u00e3o come\u00e7ar a transportar, ser\u00e1 necess\u00e1rio reavaliar a concess\u00e3o, j\u00e1 que a maior parte da carga deve migrar da rodovia para a ferrovia.<\/p>\n\n\n\n<p>Em resposta \u00e0&nbsp;<strong>Ag\u00eancia iNFRA<\/strong>, a&nbsp;Hidrovias do Brasil informou que &#8220;apoia e acredita que o projeto de concess\u00e3o da BR-163 trar\u00e1 melhorias para a infraestrutura nacional, mais competitividade para o corredor Norte e, consequentemente, para o produto brasileiro. A companhia vem estudando o neg\u00f3cio e apoiando para o sucesso do leil\u00e3o, por\u00e9m, sem inten\u00e7\u00e3o em participar&#8221;.<\/p>\n\n\n\n<p>Tamb\u00e9m houve conversas de representantes do governo com a Zetta Infraestrutura, empresa de engenharia que ainda n\u00e3o tem ativos em concess\u00f5es rodovi\u00e1rias federais. As duas maiores operadoras de concess\u00f5es do pa\u00eds, a CCR e a EcoRodovias, tamb\u00e9m avaliam fazer&nbsp;proposta.<\/p>\n\n\n\n<p>Caso se concretize a participa\u00e7\u00e3o desse n\u00famero de players no leil\u00e3o da BR-163, ser\u00e1 a revers\u00e3o de uma tend\u00eancia nos leil\u00f5es de concess\u00f5es rodovi\u00e1rias federais nos \u00faltimos anos, nos quais a quantidade de licitantes vinha caindo.<\/p>\n\n\n\n<p>No \u00faltimo, o da BR-153 e outros trechos rodovi\u00e1rios, entre Goi\u00e1s e Tocantins, a disputa ficou restrita a dois grupos, CCR e EcoRodovias. Essas duas companhias de concess\u00f5es venceram todas concorr\u00eancias de concess\u00f5es rodovi\u00e1rias federais no Brasil&nbsp;desde 2015.<\/p>\n","protected":false},"excerpt":{"rendered":"<p>Dimmi Amora, da&nbsp;Ag\u00eancia iNFRA Pelo menos cinco grupos de empresas est\u00e3o fazendo estudos ou sondagens para participar do leil\u00e3o de concess\u00e3o das BRs-163-230\/PA-MT, previsto para ser realizado pela ANTT (Ag\u00eancia Nacional de Transportes Terrestres)&nbsp;no pr\u00f3ximo dia 8 de julho. A rodovia \u00e9 a liga\u00e7\u00e3o entre a regi\u00e3o produtora de gr\u00e3os, especialmente soja,&nbsp;do norte do Mato [&hellip;]<\/p>\n","protected":false},"author":9,"featured_media":7487,"comment_status":"closed","ping_status":"closed","sticky":false,"template":"","format":"standard","meta":{"_monsterinsights_skip_tracking":false,"_monsterinsights_sitenote_active":false,"_monsterinsights_sitenote_note":"","_monsterinsights_sitenote_category":0,"footnotes":""},"categories":[1,7],"tags":[4510,19,4512,1044,239,3789,588,3165,22,1340,204,4513,4516,717,158,79,1466,4514,4515,355,4342,32,254,108,4345,890,688,21,448,3837,4511,82,4517],"class_list":["post-7486","post","type-post","status-publish","format-standard","has-post-thumbnail","hentry","category-geral","category-infratransporte","tag-amaggi","tag-antt","tag-blairo-maggi","tag-br-153","tag-br-163","tag-br-163-230-mt-pa","tag-ccr","tag-competitividade","tag-concessao","tag-ecorodovias","tag-edlp","tag-erai-maggi","tag-estacao-da-luz-participacoes","tag-exportacao","tag-ferrograo","tag-ferrovia","tag-goias","tag-graos","tag-guilherme-quintella","tag-hidrovias","tag-hidrovias-do-brasil","tag-investimentos","tag-leilao","tag-mato-grosso","tag-miritituba","tag-natalia-marcassa","tag-para","tag-rodovia","tag-tarcisio-de-freitas","tag-tocantins","tag-vinci-partners","tag-vli","tag-zetta-infraestrutura"],"yoast_head":"<!-- This site is optimized with the Yoast SEO Premium plugin v25.4 (Yoast SEO v26.0) - https:\/\/yoast.com\/wordpress\/plugins\/seo\/ -->\n<title>AMaggi, Vinci Partners e EDLP estudam entrar na concess\u00e3o da BR-163-230\/MT-PA - Ag\u00eancia iNFRA<\/title>\n<meta name=\"robots\" content=\"index, follow, max-snippet:-1, max-image-preview:large, max-video-preview:-1\" \/>\n<link rel=\"canonical\" href=\"https:\/\/agenciainfra.com\/blog\/amaggi-vinci-partners-e-edlp-estudam-entrar-na-concessao-da-br-163-230-mt-pa\/\" \/>\n<meta property=\"og:locale\" content=\"pt_BR\" \/>\n<meta property=\"og:type\" content=\"article\" \/>\n<meta property=\"og:title\" content=\"AMaggi, Vinci Partners e EDLP estudam entrar na concess\u00e3o da BR-163-230\/MT-PA\" \/>\n<meta property=\"og:description\" content=\"Dimmi Amora, da&nbsp;Ag\u00eancia iNFRA Pelo menos cinco grupos de empresas est\u00e3o fazendo estudos ou sondagens para participar do leil\u00e3o de concess\u00e3o das BRs-163-230\/PA-MT, previsto para ser realizado pela ANTT (Ag\u00eancia Nacional de Transportes Terrestres)&nbsp;no pr\u00f3ximo dia 8 de julho. A rodovia \u00e9 a liga\u00e7\u00e3o entre a regi\u00e3o produtora de gr\u00e3os, especialmente soja,&nbsp;do norte do Mato [&hellip;]\" \/>\n<meta property=\"og:url\" content=\"https:\/\/agenciainfra.com\/blog\/amaggi-vinci-partners-e-edlp-estudam-entrar-na-concessao-da-br-163-230-mt-pa\/\" \/>\n<meta property=\"og:site_name\" content=\"Ag\u00eancia iNFRA\" \/>\n<meta property=\"article:publisher\" content=\"https:\/\/www.facebook.com\/ageninfra\" \/>\n<meta property=\"article:published_time\" content=\"2021-06-21T11:00:00+00:00\" \/>\n<meta property=\"article:modified_time\" content=\"2021-06-21T19:26:51+00:00\" \/>\n<meta property=\"og:image\" content=\"https:\/\/agenciainfra.com\/blog\/wp-content\/uploads\/2021\/06\/br-163-foto-dnit.png\" \/>\n\t<meta property=\"og:image:width\" content=\"1280\" \/>\n\t<meta property=\"og:image:height\" content=\"720\" \/>\n\t<meta property=\"og:image:type\" content=\"image\/png\" \/>\n<meta name=\"author\" content=\"Rodrigo Zuquim\" \/>\n<meta name=\"twitter:card\" content=\"summary_large_image\" \/>\n<meta name=\"twitter:creator\" content=\"@agencia_infra\" \/>\n<meta name=\"twitter:site\" content=\"@agencia_infra\" \/>\n<meta name=\"twitter:label1\" content=\"Escrito por\" \/>\n\t<meta name=\"twitter:data1\" content=\"Rodrigo Zuquim\" \/>\n\t<meta name=\"twitter:label2\" content=\"Est. tempo de leitura\" \/>\n\t<meta name=\"twitter:data2\" content=\"3 minutos\" \/>\n<script type=\"application\/ld+json\" class=\"yoast-schema-graph\">{\"@context\":\"https:\/\/schema.org\",\"@graph\":[{\"@type\":\"Article\",\"@id\":\"https:\/\/agenciainfra.com\/blog\/amaggi-vinci-partners-e-edlp-estudam-entrar-na-concessao-da-br-163-230-mt-pa\/#article\",\"isPartOf\":{\"@id\":\"https:\/\/agenciainfra.com\/blog\/amaggi-vinci-partners-e-edlp-estudam-entrar-na-concessao-da-br-163-230-mt-pa\/\"},\"author\":{\"name\":\"Rodrigo Zuquim\",\"@id\":\"https:\/\/agenciainfra.com\/blog\/#\/schema\/person\/04dbb79bd6d8951f063da71f3e4c1eb1\"},\"headline\":\"AMaggi, Vinci Partners e EDLP estudam entrar na concess\u00e3o da BR-163-230\/MT-PA\",\"datePublished\":\"2021-06-21T11:00:00+00:00\",\"dateModified\":\"2021-06-21T19:26:51+00:00\",\"mainEntityOfPage\":{\"@id\":\"https:\/\/agenciainfra.com\/blog\/amaggi-vinci-partners-e-edlp-estudam-entrar-na-concessao-da-br-163-230-mt-pa\/\"},\"wordCount\":647,\"publisher\":{\"@id\":\"https:\/\/agenciainfra.com\/blog\/#organization\"},\"image\":{\"@id\":\"https:\/\/agenciainfra.com\/blog\/amaggi-vinci-partners-e-edlp-estudam-entrar-na-concessao-da-br-163-230-mt-pa\/#primaryimage\"},\"thumbnailUrl\":\"https:\/\/agenciainfra.com\/blog\/wp-content\/uploads\/2021\/06\/br-163-foto-dnit.png\",\"keywords\":[\"Amaggi\",\"ANTT\",\"Blairo Maggi\",\"BR-153\",\"BR-163\",\"BR-163-230\/MT-PA\",\"CCR\",\"competitividade\",\"Concess\u00e3o\",\"EcoRodovias\",\"EDLP\",\"Erai Maggi\",\"Esta\u00e7\u00e3o da Luz Participa\u00e7\u00f5es\",\"exporta\u00e7\u00e3o\",\"Ferrogr\u00e3o\",\"Ferrovia\",\"Goi\u00e1s\",\"gr\u00e3os\",\"Guilherme Quintella\",\"hidrovias\",\"Hidrovias do Brasil\",\"Investimentos\",\"leil\u00e3o\",\"Mato Grosso\",\"Miritituba\",\"Nat\u00e1lia Marcassa\",\"Par\u00e1\",\"Rodovia\",\"Tarc\u00edsio de Freitas\",\"Tocantins\",\"Vinci Partners\",\"VLI\",\"Zetta Infraestrutura\"],\"articleSection\":[\"Geral\",\"iNFRATransporte\"],\"inLanguage\":\"pt-BR\",\"copyrightYear\":\"2021\",\"copyrightHolder\":{\"@id\":\"https:\/\/agenciainfra.com\/blog\/#organization\"}},{\"@type\":\"WebPage\",\"@id\":\"https:\/\/agenciainfra.com\/blog\/amaggi-vinci-partners-e-edlp-estudam-entrar-na-concessao-da-br-163-230-mt-pa\/\",\"url\":\"https:\/\/agenciainfra.com\/blog\/amaggi-vinci-partners-e-edlp-estudam-entrar-na-concessao-da-br-163-230-mt-pa\/\",\"name\":\"AMaggi, Vinci Partners e EDLP estudam entrar na concess\u00e3o da BR-163-230\/MT-PA - Ag\u00eancia iNFRA\",\"isPartOf\":{\"@id\":\"https:\/\/agenciainfra.com\/blog\/#website\"},\"primaryImageOfPage\":{\"@id\":\"https:\/\/agenciainfra.com\/blog\/amaggi-vinci-partners-e-edlp-estudam-entrar-na-concessao-da-br-163-230-mt-pa\/#primaryimage\"},\"image\":{\"@id\":\"https:\/\/agenciainfra.com\/blog\/amaggi-vinci-partners-e-edlp-estudam-entrar-na-concessao-da-br-163-230-mt-pa\/#primaryimage\"},\"thumbnailUrl\":\"https:\/\/agenciainfra.com\/blog\/wp-content\/uploads\/2021\/06\/br-163-foto-dnit.png\",\"datePublished\":\"2021-06-21T11:00:00+00:00\",\"dateModified\":\"2021-06-21T19:26:51+00:00\",\"breadcrumb\":{\"@id\":\"https:\/\/agenciainfra.com\/blog\/amaggi-vinci-partners-e-edlp-estudam-entrar-na-concessao-da-br-163-230-mt-pa\/#breadcrumb\"},\"inLanguage\":\"pt-BR\",\"potentialAction\":[{\"@type\":\"ReadAction\",\"target\":[\"https:\/\/agenciainfra.com\/blog\/amaggi-vinci-partners-e-edlp-estudam-entrar-na-concessao-da-br-163-230-mt-pa\/\"]}]},{\"@type\":\"ImageObject\",\"inLanguage\":\"pt-BR\",\"@id\":\"https:\/\/agenciainfra.com\/blog\/amaggi-vinci-partners-e-edlp-estudam-entrar-na-concessao-da-br-163-230-mt-pa\/#primaryimage\",\"url\":\"https:\/\/agenciainfra.com\/blog\/wp-content\/uploads\/2021\/06\/br-163-foto-dnit.png\",\"contentUrl\":\"https:\/\/agenciainfra.com\/blog\/wp-content\/uploads\/2021\/06\/br-163-foto-dnit.png\",\"width\":1280,\"height\":720,\"caption\":\"Foto: DNIT\"},{\"@type\":\"BreadcrumbList\",\"@id\":\"https:\/\/agenciainfra.com\/blog\/amaggi-vinci-partners-e-edlp-estudam-entrar-na-concessao-da-br-163-230-mt-pa\/#breadcrumb\",\"itemListElement\":[{\"@type\":\"ListItem\",\"position\":1,\"name\":\"In\u00edcio\",\"item\":\"https:\/\/agenciainfra.com\/blog\/\"},{\"@type\":\"ListItem\",\"position\":2,\"name\":\"AMaggi, Vinci Partners e EDLP estudam entrar na concess\u00e3o da BR-163-230\/MT-PA\"}]},{\"@type\":\"WebSite\",\"@id\":\"https:\/\/agenciainfra.com\/blog\/#website\",\"url\":\"https:\/\/agenciainfra.com\/blog\/\",\"name\":\"Ag\u00eancia iNFRA\",\"description\":\"Multiplataforma de informa\u00e7\u00e3o jornal\u00edstica refer\u00eancia na \u00e1rea de infraestrutura no Brasil!\",\"publisher\":{\"@id\":\"https:\/\/agenciainfra.com\/blog\/#organization\"},\"potentialAction\":[{\"@type\":\"SearchAction\",\"target\":{\"@type\":\"EntryPoint\",\"urlTemplate\":\"https:\/\/agenciainfra.com\/blog\/?s={search_term_string}\"},\"query-input\":{\"@type\":\"PropertyValueSpecification\",\"valueRequired\":true,\"valueName\":\"search_term_string\"}}],\"inLanguage\":\"pt-BR\"},{\"@type\":\"Organization\",\"@id\":\"https:\/\/agenciainfra.com\/blog\/#organization\",\"name\":\"Ag\u00eancia iNFRA\",\"url\":\"https:\/\/agenciainfra.com\/blog\/\",\"logo\":{\"@type\":\"ImageObject\",\"inLanguage\":\"pt-BR\",\"@id\":\"https:\/\/agenciainfra.com\/blog\/#\/schema\/logo\/image\/\",\"url\":\"https:\/\/agenciainfra.com\/blog\/wp-content\/uploads\/2023\/09\/iNFRA_5-e1761735885940.png\",\"contentUrl\":\"https:\/\/agenciainfra.com\/blog\/wp-content\/uploads\/2023\/09\/iNFRA_5-e1761735885940.png\",\"width\":1672,\"height\":454,\"caption\":\"Ag\u00eancia iNFRA\"},\"image\":{\"@id\":\"https:\/\/agenciainfra.com\/blog\/#\/schema\/logo\/image\/\"},\"sameAs\":[\"https:\/\/www.facebook.com\/ageninfra\",\"https:\/\/x.com\/agencia_infra\",\"https:\/\/www.linkedin.com\/company\/ag\u00eanciainfra\/\",\"https:\/\/www.instagram.com\/agenciainfra\/\"]},{\"@type\":\"Person\",\"@id\":\"https:\/\/agenciainfra.com\/blog\/#\/schema\/person\/04dbb79bd6d8951f063da71f3e4c1eb1\",\"name\":\"Rodrigo Zuquim\",\"image\":{\"@type\":\"ImageObject\",\"inLanguage\":\"pt-BR\",\"@id\":\"https:\/\/agenciainfra.com\/blog\/#\/schema\/person\/image\/\",\"url\":\"https:\/\/secure.gravatar.com\/avatar\/594abfe82761d620726242ff34ca472a705a4b97f16c790053a6b4c4035274d0?s=96&d=mm&r=g\",\"contentUrl\":\"https:\/\/secure.gravatar.com\/avatar\/594abfe82761d620726242ff34ca472a705a4b97f16c790053a6b4c4035274d0?s=96&d=mm&r=g\",\"caption\":\"Rodrigo Zuquim\"},\"url\":\"https:\/\/agenciainfra.com\/blog\/author\/rodrigo-zuquim\/\"}]}<\/script>\n<!-- \/ Yoast SEO Premium plugin. -->","yoast_head_json":{"title":"AMaggi, Vinci Partners e EDLP estudam entrar na concess\u00e3o da BR-163-230\/MT-PA - Ag\u00eancia iNFRA","robots":{"index":"index","follow":"follow","max-snippet":"max-snippet:-1","max-image-preview":"max-image-preview:large","max-video-preview":"max-video-preview:-1"},"canonical":"https:\/\/agenciainfra.com\/blog\/amaggi-vinci-partners-e-edlp-estudam-entrar-na-concessao-da-br-163-230-mt-pa\/","og_locale":"pt_BR","og_type":"article","og_title":"AMaggi, Vinci Partners e EDLP estudam entrar na concess\u00e3o da BR-163-230\/MT-PA","og_description":"Dimmi Amora, da&nbsp;Ag\u00eancia iNFRA Pelo menos cinco grupos de empresas est\u00e3o fazendo estudos ou sondagens para participar do leil\u00e3o de concess\u00e3o das BRs-163-230\/PA-MT, previsto para ser realizado pela ANTT (Ag\u00eancia Nacional de Transportes Terrestres)&nbsp;no pr\u00f3ximo dia 8 de julho. A rodovia \u00e9 a liga\u00e7\u00e3o entre a regi\u00e3o produtora de gr\u00e3os, especialmente soja,&nbsp;do norte do Mato [&hellip;]","og_url":"https:\/\/agenciainfra.com\/blog\/amaggi-vinci-partners-e-edlp-estudam-entrar-na-concessao-da-br-163-230-mt-pa\/","og_site_name":"Ag\u00eancia iNFRA","article_publisher":"https:\/\/www.facebook.com\/ageninfra","article_published_time":"2021-06-21T11:00:00+00:00","article_modified_time":"2021-06-21T19:26:51+00:00","og_image":[{"width":1280,"height":720,"url":"https:\/\/agenciainfra.com\/blog\/wp-content\/uploads\/2021\/06\/br-163-foto-dnit.png","type":"image\/png"}],"author":"Rodrigo Zuquim","twitter_card":"summary_large_image","twitter_creator":"@agencia_infra","twitter_site":"@agencia_infra","twitter_misc":{"Escrito por":"Rodrigo Zuquim","Est. tempo de leitura":"3 minutos"},"schema":{"@context":"https:\/\/schema.org","@graph":[{"@type":"Article","@id":"https:\/\/agenciainfra.com\/blog\/amaggi-vinci-partners-e-edlp-estudam-entrar-na-concessao-da-br-163-230-mt-pa\/#article","isPartOf":{"@id":"https:\/\/agenciainfra.com\/blog\/amaggi-vinci-partners-e-edlp-estudam-entrar-na-concessao-da-br-163-230-mt-pa\/"},"author":{"name":"Rodrigo Zuquim","@id":"https:\/\/agenciainfra.com\/blog\/#\/schema\/person\/04dbb79bd6d8951f063da71f3e4c1eb1"},"headline":"AMaggi, Vinci Partners e EDLP estudam entrar na concess\u00e3o da BR-163-230\/MT-PA","datePublished":"2021-06-21T11:00:00+00:00","dateModified":"2021-06-21T19:26:51+00:00","mainEntityOfPage":{"@id":"https:\/\/agenciainfra.com\/blog\/amaggi-vinci-partners-e-edlp-estudam-entrar-na-concessao-da-br-163-230-mt-pa\/"},"wordCount":647,"publisher":{"@id":"https:\/\/agenciainfra.com\/blog\/#organization"},"image":{"@id":"https:\/\/agenciainfra.com\/blog\/amaggi-vinci-partners-e-edlp-estudam-entrar-na-concessao-da-br-163-230-mt-pa\/#primaryimage"},"thumbnailUrl":"https:\/\/agenciainfra.com\/blog\/wp-content\/uploads\/2021\/06\/br-163-foto-dnit.png","keywords":["Amaggi","ANTT","Blairo Maggi","BR-153","BR-163","BR-163-230\/MT-PA","CCR","competitividade","Concess\u00e3o","EcoRodovias","EDLP","Erai Maggi","Esta\u00e7\u00e3o da Luz Participa\u00e7\u00f5es","exporta\u00e7\u00e3o","Ferrogr\u00e3o","Ferrovia","Goi\u00e1s","gr\u00e3os","Guilherme Quintella","hidrovias","Hidrovias do Brasil","Investimentos","leil\u00e3o","Mato Grosso","Miritituba","Nat\u00e1lia Marcassa","Par\u00e1","Rodovia","Tarc\u00edsio de Freitas","Tocantins","Vinci Partners","VLI","Zetta Infraestrutura"],"articleSection":["Geral","iNFRATransporte"],"inLanguage":"pt-BR","copyrightYear":"2021","copyrightHolder":{"@id":"https:\/\/agenciainfra.com\/blog\/#organization"}},{"@type":"WebPage","@id":"https:\/\/agenciainfra.com\/blog\/amaggi-vinci-partners-e-edlp-estudam-entrar-na-concessao-da-br-163-230-mt-pa\/","url":"https:\/\/agenciainfra.com\/blog\/amaggi-vinci-partners-e-edlp-estudam-entrar-na-concessao-da-br-163-230-mt-pa\/","name":"AMaggi, Vinci Partners e EDLP estudam entrar na concess\u00e3o da BR-163-230\/MT-PA - Ag\u00eancia iNFRA","isPartOf":{"@id":"https:\/\/agenciainfra.com\/blog\/#website"},"primaryImageOfPage":{"@id":"https:\/\/agenciainfra.com\/blog\/amaggi-vinci-partners-e-edlp-estudam-entrar-na-concessao-da-br-163-230-mt-pa\/#primaryimage"},"image":{"@id":"https:\/\/agenciainfra.com\/blog\/amaggi-vinci-partners-e-edlp-estudam-entrar-na-concessao-da-br-163-230-mt-pa\/#primaryimage"},"thumbnailUrl":"https:\/\/agenciainfra.com\/blog\/wp-content\/uploads\/2021\/06\/br-163-foto-dnit.png","datePublished":"2021-06-21T11:00:00+00:00","dateModified":"2021-06-21T19:26:51+00:00","breadcrumb":{"@id":"https:\/\/agenciainfra.com\/blog\/amaggi-vinci-partners-e-edlp-estudam-entrar-na-concessao-da-br-163-230-mt-pa\/#breadcrumb"},"inLanguage":"pt-BR","potentialAction":[{"@type":"ReadAction","target":["https:\/\/agenciainfra.com\/blog\/amaggi-vinci-partners-e-edlp-estudam-entrar-na-concessao-da-br-163-230-mt-pa\/"]}]},{"@type":"ImageObject","inLanguage":"pt-BR","@id":"https:\/\/agenciainfra.com\/blog\/amaggi-vinci-partners-e-edlp-estudam-entrar-na-concessao-da-br-163-230-mt-pa\/#primaryimage","url":"https:\/\/agenciainfra.com\/blog\/wp-content\/uploads\/2021\/06\/br-163-foto-dnit.png","contentUrl":"https:\/\/agenciainfra.com\/blog\/wp-content\/uploads\/2021\/06\/br-163-foto-dnit.png","width":1280,"height":720,"caption":"Foto: DNIT"},{"@type":"BreadcrumbList","@id":"https:\/\/agenciainfra.com\/blog\/amaggi-vinci-partners-e-edlp-estudam-entrar-na-concessao-da-br-163-230-mt-pa\/#breadcrumb","itemListElement":[{"@type":"ListItem","position":1,"name":"In\u00edcio","item":"https:\/\/agenciainfra.com\/blog\/"},{"@type":"ListItem","position":2,"name":"AMaggi, Vinci Partners e EDLP estudam entrar na concess\u00e3o da BR-163-230\/MT-PA"}]},{"@type":"WebSite","@id":"https:\/\/agenciainfra.com\/blog\/#website","url":"https:\/\/agenciainfra.com\/blog\/","name":"Ag\u00eancia iNFRA","description":"Multiplataforma de informa\u00e7\u00e3o jornal\u00edstica refer\u00eancia na \u00e1rea de infraestrutura no Brasil!","publisher":{"@id":"https:\/\/agenciainfra.com\/blog\/#organization"},"potentialAction":[{"@type":"SearchAction","target":{"@type":"EntryPoint","urlTemplate":"https:\/\/agenciainfra.com\/blog\/?s={search_term_string}"},"query-input":{"@type":"PropertyValueSpecification","valueRequired":true,"valueName":"search_term_string"}}],"inLanguage":"pt-BR"},{"@type":"Organization","@id":"https:\/\/agenciainfra.com\/blog\/#organization","name":"Ag\u00eancia iNFRA","url":"https:\/\/agenciainfra.com\/blog\/","logo":{"@type":"ImageObject","inLanguage":"pt-BR","@id":"https:\/\/agenciainfra.com\/blog\/#\/schema\/logo\/image\/","url":"https:\/\/agenciainfra.com\/blog\/wp-content\/uploads\/2023\/09\/iNFRA_5-e1761735885940.png","contentUrl":"https:\/\/agenciainfra.com\/blog\/wp-content\/uploads\/2023\/09\/iNFRA_5-e1761735885940.png","width":1672,"height":454,"caption":"Ag\u00eancia iNFRA"},"image":{"@id":"https:\/\/agenciainfra.com\/blog\/#\/schema\/logo\/image\/"},"sameAs":["https:\/\/www.facebook.com\/ageninfra","https:\/\/x.com\/agencia_infra","https:\/\/www.linkedin.com\/company\/ag\u00eanciainfra\/","https:\/\/www.instagram.com\/agenciainfra\/"]},{"@type":"Person","@id":"https:\/\/agenciainfra.com\/blog\/#\/schema\/person\/04dbb79bd6d8951f063da71f3e4c1eb1","name":"Rodrigo Zuquim","image":{"@type":"ImageObject","inLanguage":"pt-BR","@id":"https:\/\/agenciainfra.com\/blog\/#\/schema\/person\/image\/","url":"https:\/\/secure.gravatar.com\/avatar\/594abfe82761d620726242ff34ca472a705a4b97f16c790053a6b4c4035274d0?s=96&d=mm&r=g","contentUrl":"https:\/\/secure.gravatar.com\/avatar\/594abfe82761d620726242ff34ca472a705a4b97f16c790053a6b4c4035274d0?s=96&d=mm&r=g","caption":"Rodrigo Zuquim"},"url":"https:\/\/agenciainfra.com\/blog\/author\/rodrigo-zuquim\/"}]}},"_links":{"self":[{"href":"https:\/\/agenciainfra.com\/blog\/wp-json\/wp\/v2\/posts\/7486","targetHints":{"allow":["GET"]}}],"collection":[{"href":"https:\/\/agenciainfra.com\/blog\/wp-json\/wp\/v2\/posts"}],"about":[{"href":"https:\/\/agenciainfra.com\/blog\/wp-json\/wp\/v2\/types\/post"}],"author":[{"embeddable":true,"href":"https:\/\/agenciainfra.com\/blog\/wp-json\/wp\/v2\/users\/9"}],"replies":[{"embeddable":true,"href":"https:\/\/agenciainfra.com\/blog\/wp-json\/wp\/v2\/comments?post=7486"}],"version-history":[{"count":0,"href":"https:\/\/agenciainfra.com\/blog\/wp-json\/wp\/v2\/posts\/7486\/revisions"}],"wp:featuredmedia":[{"embeddable":true,"href":"https:\/\/agenciainfra.com\/blog\/wp-json\/wp\/v2\/media\/7487"}],"wp:attachment":[{"href":"https:\/\/agenciainfra.com\/blog\/wp-json\/wp\/v2\/media?parent=7486"}],"wp:term":[{"taxonomy":"category","embeddable":true,"href":"https:\/\/agenciainfra.com\/blog\/wp-json\/wp\/v2\/categories?post=7486"},{"taxonomy":"post_tag","embeddable":true,"href":"https:\/\/agenciainfra.com\/blog\/wp-json\/wp\/v2\/tags?post=7486"}],"curies":[{"name":"wp","href":"https:\/\/api.w.org\/{rel}","templated":true}]}}