{"id":7489,"date":"2021-06-18T16:27:22","date_gmt":"2021-06-18T19:27:22","guid":{"rendered":"https:\/\/www.agenciainfra.com\/blog\/?p=7489"},"modified":"2021-06-18T16:27:27","modified_gmt":"2021-06-18T19:27:27","slug":"infralive-debate-pl-das-debentures-de-infraestrutura-nesta-segunda-feira-21","status":"publish","type":"post","link":"https:\/\/agenciainfra.com\/blog\/infralive-debate-pl-das-debentures-de-infraestrutura-nesta-segunda-feira-21\/","title":{"rendered":"iNFRALive debate PL das Deb\u00eantures de Infraestrutura nesta segunda-feira (21)"},"content":{"rendered":"\n<hr class=\"wp-block-separator\"\/>\n\n\n\n<p class=\"has-text-align-right\"><strong>da&nbsp;Ag\u00eancia iNFRA<\/strong><\/p>\n\n\n\n<p>A&nbsp;<strong>Ag\u00eancia iNFRA<\/strong>&nbsp;re\u00fane convidados na pr\u00f3xima segunda-feira (21) para discutir o Projeto de Lei das D\u00eabentures de Infraestrutura. A proposta, que amplia as possibilidades de emiss\u00e3o de deb\u00eantures incentivadas para o setor de infraestrutura, tramita na C\u00e2mara dos Deputados em regime de urg\u00eancia.<br><br>O evento ser\u00e1 realizado \u00e0s 10h, com transmiss\u00e3o pelo&nbsp;<a href=\"https:\/\/agenciainfra.us14.list-manage.com\/track\/click?u=d460dd1bcf9ba0ae040e1fc0f&amp;id=b9e2f2998f&amp;e=c099169394\" target=\"_blank\" rel=\"noreferrer noopener\">canal da iNFRA no YouTube<\/a>.<br><br>Escolhido para relatar a mat\u00e9ria, o deputado federal Arnaldo Jardim (Cidadania-SP) \u00e9 um dos participantes da live. O encontro conta ainda com a presen\u00e7a de um dos autores do projeto, o deputado Jo\u00e3o Maia (PL-RN); da secret\u00e1ria de Planejamento, Fomento e Parcerias do Minist\u00e9rio da Infraestrutura, Nat\u00e1lia Marcassa; e do diretor jur\u00eddico do BNDES, Saulo Puttini.<br><br>O PL das Deb\u00eantures \u00e9 considerado priorit\u00e1rio entre v\u00e1rios ministros ligados ao setor de infraestrutura, que enxergam nas deb\u00eantures incentivadas (livres de imposto de renda) um dos meios mais vi\u00e1veis para financiar investimentos na \u00e1rea.<br><br>A expectativa \u00e9 de que o relat\u00f3rio ao projeto de lei seja apresentado na pr\u00f3xima semana, para que seja votado ainda neste m\u00eas pelos deputados.<\/p>\n","protected":false},"excerpt":{"rendered":"<p>da&nbsp;Ag\u00eancia iNFRA A&nbsp;Ag\u00eancia iNFRA&nbsp;re\u00fane convidados na pr\u00f3xima segunda-feira (21) para discutir o Projeto de Lei das D\u00eabentures de Infraestrutura. A proposta, que amplia as possibilidades de emiss\u00e3o de deb\u00eantures incentivadas para o setor de infraestrutura, tramita na C\u00e2mara dos Deputados em regime de urg\u00eancia. O evento ser\u00e1 realizado \u00e0s 10h, com transmiss\u00e3o pelo&nbsp;canal da iNFRA [&hellip;]<\/p>\n","protected":false},"author":9,"featured_media":7490,"comment_status":"closed","ping_status":"closed","sticky":false,"template":"","format":"standard","meta":{"_monsterinsights_skip_tracking":false,"_monsterinsights_sitenote_active":false,"_monsterinsights_sitenote_note":"","_monsterinsights_sitenote_category":0,"footnotes":""},"categories":[1,2053],"tags":[888,103,305,34,2100,32,1325,775,890,4337,4518],"class_list":["post-7489","post","type-post","status-publish","format-standard","has-post-thumbnail","hentry","category-geral","category-infraliveventos","tag-arnaldo-jardim","tag-bndes","tag-camara-dos-deputados","tag-infraestrutura","tag-infralive","tag-investimentos","tag-joao-maia","tag-ministerio-da-infraestrutura","tag-natalia-marcassa","tag-pl-das-debentures","tag-saulo-puttini"],"yoast_head":"<!-- This site is optimized with the Yoast SEO Premium plugin v25.4 (Yoast SEO v26.0) - https:\/\/yoast.com\/wordpress\/plugins\/seo\/ -->\n<title>iNFRALive debate PL das Deb\u00eantures de Infraestrutura nesta segunda-feira (21) - Ag\u00eancia iNFRA<\/title>\n<meta name=\"robots\" content=\"index, follow, max-snippet:-1, max-image-preview:large, max-video-preview:-1\" \/>\n<link rel=\"canonical\" href=\"https:\/\/agenciainfra.com\/blog\/infralive-debate-pl-das-debentures-de-infraestrutura-nesta-segunda-feira-21\/\" \/>\n<meta property=\"og:locale\" content=\"pt_BR\" \/>\n<meta property=\"og:type\" content=\"article\" \/>\n<meta property=\"og:title\" content=\"iNFRALive debate PL das Deb\u00eantures de Infraestrutura nesta segunda-feira (21)\" \/>\n<meta property=\"og:description\" content=\"da&nbsp;Ag\u00eancia iNFRA A&nbsp;Ag\u00eancia iNFRA&nbsp;re\u00fane convidados na pr\u00f3xima segunda-feira (21) para discutir o Projeto de Lei das D\u00eabentures de Infraestrutura. A proposta, que amplia as possibilidades de emiss\u00e3o de deb\u00eantures incentivadas para o setor de infraestrutura, tramita na C\u00e2mara dos Deputados em regime de urg\u00eancia. O evento ser\u00e1 realizado \u00e0s 10h, com transmiss\u00e3o pelo&nbsp;canal da iNFRA [&hellip;]\" \/>\n<meta property=\"og:url\" content=\"https:\/\/agenciainfra.com\/blog\/infralive-debate-pl-das-debentures-de-infraestrutura-nesta-segunda-feira-21\/\" \/>\n<meta property=\"og:site_name\" content=\"Ag\u00eancia iNFRA\" \/>\n<meta property=\"article:publisher\" content=\"https:\/\/www.facebook.com\/ageninfra\" \/>\n<meta property=\"article:published_time\" content=\"2021-06-18T19:27:22+00:00\" \/>\n<meta property=\"article:modified_time\" content=\"2021-06-18T19:27:27+00:00\" \/>\n<meta property=\"og:image\" content=\"https:\/\/agenciainfra.com\/blog\/wp-content\/uploads\/2021\/06\/Live-Facebook-1024x854.png\" \/>\n\t<meta property=\"og:image:width\" content=\"1024\" \/>\n\t<meta property=\"og:image:height\" content=\"854\" \/>\n\t<meta property=\"og:image:type\" content=\"image\/png\" \/>\n<meta name=\"author\" content=\"Rodrigo Zuquim\" \/>\n<meta name=\"twitter:card\" content=\"summary_large_image\" \/>\n<meta name=\"twitter:creator\" content=\"@agencia_infra\" \/>\n<meta name=\"twitter:site\" content=\"@agencia_infra\" \/>\n<meta name=\"twitter:label1\" content=\"Escrito por\" \/>\n\t<meta name=\"twitter:data1\" content=\"Rodrigo Zuquim\" \/>\n\t<meta name=\"twitter:label2\" content=\"Est. tempo de leitura\" \/>\n\t<meta name=\"twitter:data2\" content=\"1 minuto\" \/>\n<script type=\"application\/ld+json\" class=\"yoast-schema-graph\">{\"@context\":\"https:\/\/schema.org\",\"@graph\":[{\"@type\":\"Article\",\"@id\":\"https:\/\/agenciainfra.com\/blog\/infralive-debate-pl-das-debentures-de-infraestrutura-nesta-segunda-feira-21\/#article\",\"isPartOf\":{\"@id\":\"https:\/\/agenciainfra.com\/blog\/infralive-debate-pl-das-debentures-de-infraestrutura-nesta-segunda-feira-21\/\"},\"author\":{\"name\":\"Rodrigo Zuquim\",\"@id\":\"https:\/\/agenciainfra.com\/blog\/#\/schema\/person\/04dbb79bd6d8951f063da71f3e4c1eb1\"},\"headline\":\"iNFRALive debate PL das Deb\u00eantures de Infraestrutura nesta segunda-feira (21)\",\"datePublished\":\"2021-06-18T19:27:22+00:00\",\"dateModified\":\"2021-06-18T19:27:27+00:00\",\"mainEntityOfPage\":{\"@id\":\"https:\/\/agenciainfra.com\/blog\/infralive-debate-pl-das-debentures-de-infraestrutura-nesta-segunda-feira-21\/\"},\"wordCount\":212,\"publisher\":{\"@id\":\"https:\/\/agenciainfra.com\/blog\/#organization\"},\"image\":{\"@id\":\"https:\/\/agenciainfra.com\/blog\/infralive-debate-pl-das-debentures-de-infraestrutura-nesta-segunda-feira-21\/#primaryimage\"},\"thumbnailUrl\":\"https:\/\/agenciainfra.com\/blog\/wp-content\/uploads\/2021\/06\/Live-Facebook.png\",\"keywords\":[\"Arnaldo Jardim\",\"BNDES\",\"C\u00e2mara dos Deputados\",\"Infraestrutura\",\"iNFRALive\",\"Investimentos\",\"Jo\u00e3o Maia\",\"Minist\u00e9rio da Infraestrutura\",\"Nat\u00e1lia Marcassa\",\"PL das Deb\u00eantures\",\"Saulo Puttini\"],\"articleSection\":[\"Geral\",\"iNFRALive e Eventos\"],\"inLanguage\":\"pt-BR\",\"copyrightYear\":\"2021\",\"copyrightHolder\":{\"@id\":\"https:\/\/agenciainfra.com\/blog\/#organization\"}},{\"@type\":\"WebPage\",\"@id\":\"https:\/\/agenciainfra.com\/blog\/infralive-debate-pl-das-debentures-de-infraestrutura-nesta-segunda-feira-21\/\",\"url\":\"https:\/\/agenciainfra.com\/blog\/infralive-debate-pl-das-debentures-de-infraestrutura-nesta-segunda-feira-21\/\",\"name\":\"iNFRALive debate PL das Deb\u00eantures de Infraestrutura nesta segunda-feira (21) - Ag\u00eancia iNFRA\",\"isPartOf\":{\"@id\":\"https:\/\/agenciainfra.com\/blog\/#website\"},\"primaryImageOfPage\":{\"@id\":\"https:\/\/agenciainfra.com\/blog\/infralive-debate-pl-das-debentures-de-infraestrutura-nesta-segunda-feira-21\/#primaryimage\"},\"image\":{\"@id\":\"https:\/\/agenciainfra.com\/blog\/infralive-debate-pl-das-debentures-de-infraestrutura-nesta-segunda-feira-21\/#primaryimage\"},\"thumbnailUrl\":\"https:\/\/agenciainfra.com\/blog\/wp-content\/uploads\/2021\/06\/Live-Facebook.png\",\"datePublished\":\"2021-06-18T19:27:22+00:00\",\"dateModified\":\"2021-06-18T19:27:27+00:00\",\"breadcrumb\":{\"@id\":\"https:\/\/agenciainfra.com\/blog\/infralive-debate-pl-das-debentures-de-infraestrutura-nesta-segunda-feira-21\/#breadcrumb\"},\"inLanguage\":\"pt-BR\",\"potentialAction\":[{\"@type\":\"ReadAction\",\"target\":[\"https:\/\/agenciainfra.com\/blog\/infralive-debate-pl-das-debentures-de-infraestrutura-nesta-segunda-feira-21\/\"]}]},{\"@type\":\"ImageObject\",\"inLanguage\":\"pt-BR\",\"@id\":\"https:\/\/agenciainfra.com\/blog\/infralive-debate-pl-das-debentures-de-infraestrutura-nesta-segunda-feira-21\/#primaryimage\",\"url\":\"https:\/\/agenciainfra.com\/blog\/wp-content\/uploads\/2021\/06\/Live-Facebook.png\",\"contentUrl\":\"https:\/\/agenciainfra.com\/blog\/wp-content\/uploads\/2021\/06\/Live-Facebook.png\",\"width\":2000,\"height\":1667},{\"@type\":\"BreadcrumbList\",\"@id\":\"https:\/\/agenciainfra.com\/blog\/infralive-debate-pl-das-debentures-de-infraestrutura-nesta-segunda-feira-21\/#breadcrumb\",\"itemListElement\":[{\"@type\":\"ListItem\",\"position\":1,\"name\":\"In\u00edcio\",\"item\":\"https:\/\/agenciainfra.com\/blog\/\"},{\"@type\":\"ListItem\",\"position\":2,\"name\":\"iNFRALive debate PL das Deb\u00eantures de Infraestrutura nesta segunda-feira (21)\"}]},{\"@type\":\"WebSite\",\"@id\":\"https:\/\/agenciainfra.com\/blog\/#website\",\"url\":\"https:\/\/agenciainfra.com\/blog\/\",\"name\":\"Ag\u00eancia iNFRA\",\"description\":\"Multiplataforma de informa\u00e7\u00e3o jornal\u00edstica refer\u00eancia na \u00e1rea de infraestrutura no Brasil!\",\"publisher\":{\"@id\":\"https:\/\/agenciainfra.com\/blog\/#organization\"},\"potentialAction\":[{\"@type\":\"SearchAction\",\"target\":{\"@type\":\"EntryPoint\",\"urlTemplate\":\"https:\/\/agenciainfra.com\/blog\/?s={search_term_string}\"},\"query-input\":{\"@type\":\"PropertyValueSpecification\",\"valueRequired\":true,\"valueName\":\"search_term_string\"}}],\"inLanguage\":\"pt-BR\"},{\"@type\":\"Organization\",\"@id\":\"https:\/\/agenciainfra.com\/blog\/#organization\",\"name\":\"Ag\u00eancia iNFRA\",\"url\":\"https:\/\/agenciainfra.com\/blog\/\",\"logo\":{\"@type\":\"ImageObject\",\"inLanguage\":\"pt-BR\",\"@id\":\"https:\/\/agenciainfra.com\/blog\/#\/schema\/logo\/image\/\",\"url\":\"https:\/\/agenciainfra.com\/blog\/wp-content\/uploads\/2023\/09\/iNFRA_5-e1761735885940.png\",\"contentUrl\":\"https:\/\/agenciainfra.com\/blog\/wp-content\/uploads\/2023\/09\/iNFRA_5-e1761735885940.png\",\"width\":1672,\"height\":454,\"caption\":\"Ag\u00eancia iNFRA\"},\"image\":{\"@id\":\"https:\/\/agenciainfra.com\/blog\/#\/schema\/logo\/image\/\"},\"sameAs\":[\"https:\/\/www.facebook.com\/ageninfra\",\"https:\/\/x.com\/agencia_infra\",\"https:\/\/www.linkedin.com\/company\/ag\u00eanciainfra\/\",\"https:\/\/www.instagram.com\/agenciainfra\/\"]},{\"@type\":\"Person\",\"@id\":\"https:\/\/agenciainfra.com\/blog\/#\/schema\/person\/04dbb79bd6d8951f063da71f3e4c1eb1\",\"name\":\"Rodrigo Zuquim\",\"image\":{\"@type\":\"ImageObject\",\"inLanguage\":\"pt-BR\",\"@id\":\"https:\/\/agenciainfra.com\/blog\/#\/schema\/person\/image\/\",\"url\":\"https:\/\/secure.gravatar.com\/avatar\/594abfe82761d620726242ff34ca472a705a4b97f16c790053a6b4c4035274d0?s=96&d=mm&r=g\",\"contentUrl\":\"https:\/\/secure.gravatar.com\/avatar\/594abfe82761d620726242ff34ca472a705a4b97f16c790053a6b4c4035274d0?s=96&d=mm&r=g\",\"caption\":\"Rodrigo Zuquim\"},\"url\":\"https:\/\/agenciainfra.com\/blog\/author\/rodrigo-zuquim\/\"}]}<\/script>\n<!-- \/ Yoast SEO Premium plugin. -->","yoast_head_json":{"title":"iNFRALive debate PL das Deb\u00eantures de Infraestrutura nesta segunda-feira (21) - Ag\u00eancia iNFRA","robots":{"index":"index","follow":"follow","max-snippet":"max-snippet:-1","max-image-preview":"max-image-preview:large","max-video-preview":"max-video-preview:-1"},"canonical":"https:\/\/agenciainfra.com\/blog\/infralive-debate-pl-das-debentures-de-infraestrutura-nesta-segunda-feira-21\/","og_locale":"pt_BR","og_type":"article","og_title":"iNFRALive debate PL das Deb\u00eantures de Infraestrutura nesta segunda-feira (21)","og_description":"da&nbsp;Ag\u00eancia iNFRA A&nbsp;Ag\u00eancia iNFRA&nbsp;re\u00fane convidados na pr\u00f3xima segunda-feira (21) para discutir o Projeto de Lei das D\u00eabentures de Infraestrutura. A proposta, que amplia as possibilidades de emiss\u00e3o de deb\u00eantures incentivadas para o setor de infraestrutura, tramita na C\u00e2mara dos Deputados em regime de urg\u00eancia. O evento ser\u00e1 realizado \u00e0s 10h, com transmiss\u00e3o pelo&nbsp;canal da iNFRA [&hellip;]","og_url":"https:\/\/agenciainfra.com\/blog\/infralive-debate-pl-das-debentures-de-infraestrutura-nesta-segunda-feira-21\/","og_site_name":"Ag\u00eancia iNFRA","article_publisher":"https:\/\/www.facebook.com\/ageninfra","article_published_time":"2021-06-18T19:27:22+00:00","article_modified_time":"2021-06-18T19:27:27+00:00","og_image":[{"width":1024,"height":854,"url":"https:\/\/agenciainfra.com\/blog\/wp-content\/uploads\/2021\/06\/Live-Facebook-1024x854.png","type":"image\/png"}],"author":"Rodrigo Zuquim","twitter_card":"summary_large_image","twitter_creator":"@agencia_infra","twitter_site":"@agencia_infra","twitter_misc":{"Escrito por":"Rodrigo Zuquim","Est. tempo de leitura":"1 minuto"},"schema":{"@context":"https:\/\/schema.org","@graph":[{"@type":"Article","@id":"https:\/\/agenciainfra.com\/blog\/infralive-debate-pl-das-debentures-de-infraestrutura-nesta-segunda-feira-21\/#article","isPartOf":{"@id":"https:\/\/agenciainfra.com\/blog\/infralive-debate-pl-das-debentures-de-infraestrutura-nesta-segunda-feira-21\/"},"author":{"name":"Rodrigo Zuquim","@id":"https:\/\/agenciainfra.com\/blog\/#\/schema\/person\/04dbb79bd6d8951f063da71f3e4c1eb1"},"headline":"iNFRALive debate PL das Deb\u00eantures de Infraestrutura nesta segunda-feira (21)","datePublished":"2021-06-18T19:27:22+00:00","dateModified":"2021-06-18T19:27:27+00:00","mainEntityOfPage":{"@id":"https:\/\/agenciainfra.com\/blog\/infralive-debate-pl-das-debentures-de-infraestrutura-nesta-segunda-feira-21\/"},"wordCount":212,"publisher":{"@id":"https:\/\/agenciainfra.com\/blog\/#organization"},"image":{"@id":"https:\/\/agenciainfra.com\/blog\/infralive-debate-pl-das-debentures-de-infraestrutura-nesta-segunda-feira-21\/#primaryimage"},"thumbnailUrl":"https:\/\/agenciainfra.com\/blog\/wp-content\/uploads\/2021\/06\/Live-Facebook.png","keywords":["Arnaldo Jardim","BNDES","C\u00e2mara dos Deputados","Infraestrutura","iNFRALive","Investimentos","Jo\u00e3o Maia","Minist\u00e9rio da Infraestrutura","Nat\u00e1lia Marcassa","PL das Deb\u00eantures","Saulo Puttini"],"articleSection":["Geral","iNFRALive e Eventos"],"inLanguage":"pt-BR","copyrightYear":"2021","copyrightHolder":{"@id":"https:\/\/agenciainfra.com\/blog\/#organization"}},{"@type":"WebPage","@id":"https:\/\/agenciainfra.com\/blog\/infralive-debate-pl-das-debentures-de-infraestrutura-nesta-segunda-feira-21\/","url":"https:\/\/agenciainfra.com\/blog\/infralive-debate-pl-das-debentures-de-infraestrutura-nesta-segunda-feira-21\/","name":"iNFRALive debate PL das Deb\u00eantures de Infraestrutura nesta segunda-feira (21) - Ag\u00eancia iNFRA","isPartOf":{"@id":"https:\/\/agenciainfra.com\/blog\/#website"},"primaryImageOfPage":{"@id":"https:\/\/agenciainfra.com\/blog\/infralive-debate-pl-das-debentures-de-infraestrutura-nesta-segunda-feira-21\/#primaryimage"},"image":{"@id":"https:\/\/agenciainfra.com\/blog\/infralive-debate-pl-das-debentures-de-infraestrutura-nesta-segunda-feira-21\/#primaryimage"},"thumbnailUrl":"https:\/\/agenciainfra.com\/blog\/wp-content\/uploads\/2021\/06\/Live-Facebook.png","datePublished":"2021-06-18T19:27:22+00:00","dateModified":"2021-06-18T19:27:27+00:00","breadcrumb":{"@id":"https:\/\/agenciainfra.com\/blog\/infralive-debate-pl-das-debentures-de-infraestrutura-nesta-segunda-feira-21\/#breadcrumb"},"inLanguage":"pt-BR","potentialAction":[{"@type":"ReadAction","target":["https:\/\/agenciainfra.com\/blog\/infralive-debate-pl-das-debentures-de-infraestrutura-nesta-segunda-feira-21\/"]}]},{"@type":"ImageObject","inLanguage":"pt-BR","@id":"https:\/\/agenciainfra.com\/blog\/infralive-debate-pl-das-debentures-de-infraestrutura-nesta-segunda-feira-21\/#primaryimage","url":"https:\/\/agenciainfra.com\/blog\/wp-content\/uploads\/2021\/06\/Live-Facebook.png","contentUrl":"https:\/\/agenciainfra.com\/blog\/wp-content\/uploads\/2021\/06\/Live-Facebook.png","width":2000,"height":1667},{"@type":"BreadcrumbList","@id":"https:\/\/agenciainfra.com\/blog\/infralive-debate-pl-das-debentures-de-infraestrutura-nesta-segunda-feira-21\/#breadcrumb","itemListElement":[{"@type":"ListItem","position":1,"name":"In\u00edcio","item":"https:\/\/agenciainfra.com\/blog\/"},{"@type":"ListItem","position":2,"name":"iNFRALive debate PL das Deb\u00eantures de Infraestrutura nesta segunda-feira (21)"}]},{"@type":"WebSite","@id":"https:\/\/agenciainfra.com\/blog\/#website","url":"https:\/\/agenciainfra.com\/blog\/","name":"Ag\u00eancia iNFRA","description":"Multiplataforma de informa\u00e7\u00e3o jornal\u00edstica refer\u00eancia na \u00e1rea de infraestrutura no Brasil!","publisher":{"@id":"https:\/\/agenciainfra.com\/blog\/#organization"},"potentialAction":[{"@type":"SearchAction","target":{"@type":"EntryPoint","urlTemplate":"https:\/\/agenciainfra.com\/blog\/?s={search_term_string}"},"query-input":{"@type":"PropertyValueSpecification","valueRequired":true,"valueName":"search_term_string"}}],"inLanguage":"pt-BR"},{"@type":"Organization","@id":"https:\/\/agenciainfra.com\/blog\/#organization","name":"Ag\u00eancia iNFRA","url":"https:\/\/agenciainfra.com\/blog\/","logo":{"@type":"ImageObject","inLanguage":"pt-BR","@id":"https:\/\/agenciainfra.com\/blog\/#\/schema\/logo\/image\/","url":"https:\/\/agenciainfra.com\/blog\/wp-content\/uploads\/2023\/09\/iNFRA_5-e1761735885940.png","contentUrl":"https:\/\/agenciainfra.com\/blog\/wp-content\/uploads\/2023\/09\/iNFRA_5-e1761735885940.png","width":1672,"height":454,"caption":"Ag\u00eancia iNFRA"},"image":{"@id":"https:\/\/agenciainfra.com\/blog\/#\/schema\/logo\/image\/"},"sameAs":["https:\/\/www.facebook.com\/ageninfra","https:\/\/x.com\/agencia_infra","https:\/\/www.linkedin.com\/company\/ag\u00eanciainfra\/","https:\/\/www.instagram.com\/agenciainfra\/"]},{"@type":"Person","@id":"https:\/\/agenciainfra.com\/blog\/#\/schema\/person\/04dbb79bd6d8951f063da71f3e4c1eb1","name":"Rodrigo Zuquim","image":{"@type":"ImageObject","inLanguage":"pt-BR","@id":"https:\/\/agenciainfra.com\/blog\/#\/schema\/person\/image\/","url":"https:\/\/secure.gravatar.com\/avatar\/594abfe82761d620726242ff34ca472a705a4b97f16c790053a6b4c4035274d0?s=96&d=mm&r=g","contentUrl":"https:\/\/secure.gravatar.com\/avatar\/594abfe82761d620726242ff34ca472a705a4b97f16c790053a6b4c4035274d0?s=96&d=mm&r=g","caption":"Rodrigo Zuquim"},"url":"https:\/\/agenciainfra.com\/blog\/author\/rodrigo-zuquim\/"}]}},"_links":{"self":[{"href":"https:\/\/agenciainfra.com\/blog\/wp-json\/wp\/v2\/posts\/7489","targetHints":{"allow":["GET"]}}],"collection":[{"href":"https:\/\/agenciainfra.com\/blog\/wp-json\/wp\/v2\/posts"}],"about":[{"href":"https:\/\/agenciainfra.com\/blog\/wp-json\/wp\/v2\/types\/post"}],"author":[{"embeddable":true,"href":"https:\/\/agenciainfra.com\/blog\/wp-json\/wp\/v2\/users\/9"}],"replies":[{"embeddable":true,"href":"https:\/\/agenciainfra.com\/blog\/wp-json\/wp\/v2\/comments?post=7489"}],"version-history":[{"count":0,"href":"https:\/\/agenciainfra.com\/blog\/wp-json\/wp\/v2\/posts\/7489\/revisions"}],"wp:featuredmedia":[{"embeddable":true,"href":"https:\/\/agenciainfra.com\/blog\/wp-json\/wp\/v2\/media\/7490"}],"wp:attachment":[{"href":"https:\/\/agenciainfra.com\/blog\/wp-json\/wp\/v2\/media?parent=7489"}],"wp:term":[{"taxonomy":"category","embeddable":true,"href":"https:\/\/agenciainfra.com\/blog\/wp-json\/wp\/v2\/categories?post=7489"},{"taxonomy":"post_tag","embeddable":true,"href":"https:\/\/agenciainfra.com\/blog\/wp-json\/wp\/v2\/tags?post=7489"}],"curies":[{"name":"wp","href":"https:\/\/api.w.org\/{rel}","templated":true}]}}