{"id":7492,"date":"2021-06-21T12:12:31","date_gmt":"2021-06-21T15:12:31","guid":{"rendered":"https:\/\/www.agenciainfra.com\/blog\/?p=7492"},"modified":"2021-06-21T12:12:35","modified_gmt":"2021-06-21T15:12:35","slug":"analise-mp-1-031-a-espiral-da-morte","status":"publish","type":"post","link":"https:\/\/agenciainfra.com\/blog\/analise-mp-1-031-a-espiral-da-morte\/","title":{"rendered":"An\u00e1lise: MP 1.031, a espiral da morte?"},"content":{"rendered":"\n<hr class=\"wp-block-separator\"\/>\n\n\n\n<p class=\"has-text-align-right\"><strong>Roberto Rockmann*<\/strong><\/p>\n\n\n\n<p>A Medida Provis\u00f3ria 1.031, que provavelmente ser\u00e1 aprovada na C\u00e2mara\u00a0e sancionada sem vetos pela Presid\u00eancia, poder\u00e1 provocar efeitos de curto, m\u00e9dio e longo prazos no setor el\u00e9trico, de forma semelhante aos que a MP 579 criou quando transformada na Lei 12.783, em janeiro de 2013. O contexto da crise h\u00eddrica cria desafios para que a nova regula\u00e7\u00e3o n\u00e3o amplie riscos sist\u00eamicos que j\u00e1 come\u00e7am a surgir.<br><br>Estimativas de diversas entidades apontam que a tarifa dever\u00e1 ficar mais cara com os jabutis inseridos no texto final. H\u00e1 estimativas que variam de 5% a 20%. Isso coincide com a crise h\u00eddrica, que j\u00e1 tende a encarecer a fatura. O acionamento de todas as t\u00e9rmicas at\u00e9 o fim do ano, podendo se estender at\u00e9 o fim de abril de 2022, pressiona o sistema de bandeiras e os ESS (Encargos de Servi\u00e7os do Sistema), que poder\u00e3o chegar a R$ 20 bilh\u00f5es neste\u00a0ano.<br><br>Para fugir do cen\u00e1rio atual, grandes consumidores devem continuar buscando autoprodu\u00e7\u00e3o, enquanto empresas menores e consumidores pessoas f\u00edsicas dever\u00e3o ir atr\u00e1s da gera\u00e7\u00e3o distribu\u00edda solar. A discuss\u00e3o sobre o novo marco regulat\u00f3rio da GD solar dever\u00e1 se tornar mais acirrada. Os lobbies, no entanto, n\u00e3o focam o principal: o desenho tarif\u00e1rio n\u00e3o funciona mais, por estar baseado em um padr\u00e3o de consumo constante, com tarifas por reais a MWh. Hoje os perfis de consumo s\u00e3o muito mais vari\u00e1veis.<br><br>Poucas horas ap\u00f3s a MP 1.031 apontar a chegada do mercado livre para a baixa tens\u00e3o em 2026, a ANEEL (Ag\u00eancia Nacional de Energia El\u00e9trica)\u00a0abriu uma consulta p\u00fablica de an\u00e1lise regulat\u00f3ria das medidas necess\u00e1rias para abertura total do mercado de energia. As contribui\u00e7\u00f5es dever\u00e3o ser dadas at\u00e9 17 de agosto. Dever\u00e1 ser mais uma queda de bra\u00e7o no setor. Quando o bolso est\u00e1 curto, as for\u00e7as se acirram.<br><br>A liberdade \u00e9 o trunfo que o governo acena para a redu\u00e7\u00e3o das contas de luz. Mas muitos especialistas t\u00eam d\u00favidas diante de um cen\u00e1rio bastante complexo. O avan\u00e7o da GD solar e a amplia\u00e7\u00e3o do ambiente de livre negocia\u00e7\u00e3o podem pressionar no m\u00e9dio prazo o caixa das distribuidoras, que desde 2020 recebem recursos da Conta-Covid. A crise h\u00eddrica traz a amea\u00e7a de desabastecimento, o que poder\u00e1 implicar campanhas de racionaliza\u00e7\u00e3o do consumo. Isso pode pressionar mais o caixa das distribuidoras, a ponta coletora do sistema.<br><br>O cen\u00e1rio se agrava por um bilion\u00e1rio detalhe: desde o racionamento de 2001, as garantias f\u00edsicas das hidrel\u00e9tricas est\u00e3o superdimensionadas. Se as hidrel\u00e9tricas geram menos e as t\u00e9rmicas mais, independentemente de crise h\u00eddrica, a novela do GSF, o chamado risco hidrol\u00f3gico, volta a sair dos bastidores. \u201cMesmo se a dona Maria puder ir para o mercado livre, vai ainda sobrar uma conta para todo mundo pagar no final. Pode ser o projeto de libera\u00e7\u00e3o de mercado mais caro da hist\u00f3ria\u201d, diz um empres\u00e1rio que acompanha o setor h\u00e1 mais de 20 anos.<\/p>\n\n\n\n<h6 class=\"wp-block-heading\" id=\"block-178fc1d4-e0e7-4941-ae44-1d93031598eb\">*Roberto Rockmann \u00e9 escritor e jornalista. Coautor do livro \u201cCurto-Circuito, quando o Brasil quase ficou \u00e0s escuras\u201d e produtor do podcast quinzenal \u201cGiro Energia\u201d sobre o setor el\u00e9trico. Organizou em 2018 o livro de 20 anos do mercado livre de energia el\u00e9trica, editado pela CCEE (C\u00e2mara de Comercializa\u00e7\u00e3o de Energia El\u00e9trica), al\u00e9m de v\u00e1rios outros livros e trabalhos premiados.<\/h6>\n\n\n\n<h5 class=\"wp-block-heading\" id=\"block-58d70c9f-3268-4439-afeb-e373320a8893\">As opini\u00f5es dos autores n\u00e3o refletem necessariamente o pensamento da Ag\u00eancia iNFRA, sendo de total responsabilidade do autor as informa\u00e7\u00f5es, ju\u00edzos de valor e conceitos descritos no texto.<\/h5>\n","protected":false},"excerpt":{"rendered":"<p>Roberto Rockmann* A Medida Provis\u00f3ria 1.031, que provavelmente ser\u00e1 aprovada na C\u00e2mara\u00a0e sancionada sem vetos pela Presid\u00eancia, poder\u00e1 provocar efeitos de curto, m\u00e9dio e longo prazos no setor el\u00e9trico, de forma semelhante aos que a MP 579 criou quando transformada na Lei 12.783, em janeiro de 2013. O contexto da crise h\u00eddrica cria desafios para [&hellip;]<\/p>\n","protected":false},"author":9,"featured_media":7493,"comment_status":"closed","ping_status":"closed","sticky":false,"template":"","format":"standard","meta":{"_monsterinsights_skip_tracking":false,"_monsterinsights_sitenote_active":false,"_monsterinsights_sitenote_note":"","_monsterinsights_sitenote_category":0,"footnotes":""},"categories":[1],"tags":[53,833,1949,3576,3487,1874,491,50,4519,1093,850,3993,348,635,930,924,3614,928,4520,3200,193,54,739,631],"class_list":["post-7492","post","type-post","status-publish","format-standard","has-post-thumbnail","hentry","category-geral","tag-aneel","tag-bandeiras-tarifarias","tag-conta-covid","tag-contas-de-luz","tag-crise-hidrica","tag-desabastecimento","tag-distribuidoras-de-energia","tag-eletrobras","tag-encargos-de-servicos-do-sistema","tag-energia-solar","tag-geracao-distribuida","tag-grandes-consumidores","tag-gsf","tag-hidreletricas","tag-lei-12-783-13","tag-mercado-livre-de-energia","tag-mp-1-031","tag-mp-579","tag-racionalizacao","tag-racionamento","tag-risco-hidrologico","tag-setor-eletrico","tag-tarifa","tag-termicas"],"yoast_head":"<!-- This site is optimized with the Yoast SEO Premium plugin v25.4 (Yoast SEO v26.0) - https:\/\/yoast.com\/wordpress\/plugins\/seo\/ -->\n<title>An\u00e1lise: MP 1.031, a espiral da morte? - Ag\u00eancia iNFRA<\/title>\n<meta name=\"robots\" content=\"index, follow, max-snippet:-1, max-image-preview:large, max-video-preview:-1\" \/>\n<link rel=\"canonical\" href=\"https:\/\/agenciainfra.com\/blog\/analise-mp-1-031-a-espiral-da-morte\/\" \/>\n<meta property=\"og:locale\" content=\"pt_BR\" \/>\n<meta property=\"og:type\" content=\"article\" \/>\n<meta property=\"og:title\" content=\"An\u00e1lise: MP 1.031, a espiral da morte?\" \/>\n<meta property=\"og:description\" content=\"Roberto Rockmann* A Medida Provis\u00f3ria 1.031, que provavelmente ser\u00e1 aprovada na C\u00e2mara\u00a0e sancionada sem vetos pela Presid\u00eancia, poder\u00e1 provocar efeitos de curto, m\u00e9dio e longo prazos no setor el\u00e9trico, de forma semelhante aos que a MP 579 criou quando transformada na Lei 12.783, em janeiro de 2013. O contexto da crise h\u00eddrica cria desafios para [&hellip;]\" \/>\n<meta property=\"og:url\" content=\"https:\/\/agenciainfra.com\/blog\/analise-mp-1-031-a-espiral-da-morte\/\" \/>\n<meta property=\"og:site_name\" content=\"Ag\u00eancia iNFRA\" \/>\n<meta property=\"article:publisher\" content=\"https:\/\/www.facebook.com\/ageninfra\" \/>\n<meta property=\"article:published_time\" content=\"2021-06-21T15:12:31+00:00\" \/>\n<meta property=\"article:modified_time\" content=\"2021-06-21T15:12:35+00:00\" \/>\n<meta property=\"og:image\" content=\"https:\/\/agenciainfra.com\/blog\/wp-content\/uploads\/2021\/06\/plenario-senado-foto-beto-barata-agencia-senado.jpeg\" \/>\n\t<meta property=\"og:image:width\" content=\"1280\" \/>\n\t<meta property=\"og:image:height\" content=\"854\" \/>\n\t<meta property=\"og:image:type\" content=\"image\/jpeg\" \/>\n<meta name=\"author\" content=\"Rodrigo Zuquim\" \/>\n<meta name=\"twitter:card\" content=\"summary_large_image\" \/>\n<meta name=\"twitter:creator\" content=\"@agencia_infra\" \/>\n<meta name=\"twitter:site\" content=\"@agencia_infra\" \/>\n<meta name=\"twitter:label1\" content=\"Escrito por\" \/>\n\t<meta name=\"twitter:data1\" content=\"Rodrigo Zuquim\" \/>\n\t<meta name=\"twitter:label2\" content=\"Est. tempo de leitura\" \/>\n\t<meta name=\"twitter:data2\" content=\"3 minutos\" \/>\n<script type=\"application\/ld+json\" class=\"yoast-schema-graph\">{\"@context\":\"https:\/\/schema.org\",\"@graph\":[{\"@type\":\"Article\",\"@id\":\"https:\/\/agenciainfra.com\/blog\/analise-mp-1-031-a-espiral-da-morte\/#article\",\"isPartOf\":{\"@id\":\"https:\/\/agenciainfra.com\/blog\/analise-mp-1-031-a-espiral-da-morte\/\"},\"author\":{\"name\":\"Rodrigo Zuquim\",\"@id\":\"https:\/\/agenciainfra.com\/blog\/#\/schema\/person\/04dbb79bd6d8951f063da71f3e4c1eb1\"},\"headline\":\"An\u00e1lise: MP 1.031, a espiral da morte?\",\"datePublished\":\"2021-06-21T15:12:31+00:00\",\"dateModified\":\"2021-06-21T15:12:35+00:00\",\"mainEntityOfPage\":{\"@id\":\"https:\/\/agenciainfra.com\/blog\/analise-mp-1-031-a-espiral-da-morte\/\"},\"wordCount\":630,\"publisher\":{\"@id\":\"https:\/\/agenciainfra.com\/blog\/#organization\"},\"image\":{\"@id\":\"https:\/\/agenciainfra.com\/blog\/analise-mp-1-031-a-espiral-da-morte\/#primaryimage\"},\"thumbnailUrl\":\"https:\/\/agenciainfra.com\/blog\/wp-content\/uploads\/2021\/06\/plenario-senado-foto-beto-barata-agencia-senado.jpeg\",\"keywords\":[\"ANEEL\",\"bandeiras tarif\u00e1rias\",\"Conta-Covid\",\"contas de luz\",\"crise h\u00eddrica\",\"desabastecimento\",\"distribuidoras de energia\",\"Eletrobras\",\"Encargos de Servi\u00e7os do Sistema\",\"energia solar\",\"gera\u00e7\u00e3o distribu\u00edda\",\"grandes consumidores\",\"GSF\",\"Hidrel\u00e9tricas\",\"Lei 12.783\/13\",\"mercado livre de energia\",\"MP 1.031\",\"MP 579\",\"racionaliza\u00e7\u00e3o\",\"racionamento\",\"risco hidrol\u00f3gico\",\"Setor El\u00e9trico\",\"Tarifa\",\"t\u00e9rmicas\"],\"articleSection\":[\"Geral\"],\"inLanguage\":\"pt-BR\",\"copyrightYear\":\"2021\",\"copyrightHolder\":{\"@id\":\"https:\/\/agenciainfra.com\/blog\/#organization\"}},{\"@type\":\"WebPage\",\"@id\":\"https:\/\/agenciainfra.com\/blog\/analise-mp-1-031-a-espiral-da-morte\/\",\"url\":\"https:\/\/agenciainfra.com\/blog\/analise-mp-1-031-a-espiral-da-morte\/\",\"name\":\"An\u00e1lise: MP 1.031, a espiral da morte? - Ag\u00eancia iNFRA\",\"isPartOf\":{\"@id\":\"https:\/\/agenciainfra.com\/blog\/#website\"},\"primaryImageOfPage\":{\"@id\":\"https:\/\/agenciainfra.com\/blog\/analise-mp-1-031-a-espiral-da-morte\/#primaryimage\"},\"image\":{\"@id\":\"https:\/\/agenciainfra.com\/blog\/analise-mp-1-031-a-espiral-da-morte\/#primaryimage\"},\"thumbnailUrl\":\"https:\/\/agenciainfra.com\/blog\/wp-content\/uploads\/2021\/06\/plenario-senado-foto-beto-barata-agencia-senado.jpeg\",\"datePublished\":\"2021-06-21T15:12:31+00:00\",\"dateModified\":\"2021-06-21T15:12:35+00:00\",\"breadcrumb\":{\"@id\":\"https:\/\/agenciainfra.com\/blog\/analise-mp-1-031-a-espiral-da-morte\/#breadcrumb\"},\"inLanguage\":\"pt-BR\",\"potentialAction\":[{\"@type\":\"ReadAction\",\"target\":[\"https:\/\/agenciainfra.com\/blog\/analise-mp-1-031-a-espiral-da-morte\/\"]}]},{\"@type\":\"ImageObject\",\"inLanguage\":\"pt-BR\",\"@id\":\"https:\/\/agenciainfra.com\/blog\/analise-mp-1-031-a-espiral-da-morte\/#primaryimage\",\"url\":\"https:\/\/agenciainfra.com\/blog\/wp-content\/uploads\/2021\/06\/plenario-senado-foto-beto-barata-agencia-senado.jpeg\",\"contentUrl\":\"https:\/\/agenciainfra.com\/blog\/wp-content\/uploads\/2021\/06\/plenario-senado-foto-beto-barata-agencia-senado.jpeg\",\"width\":1280,\"height\":854},{\"@type\":\"BreadcrumbList\",\"@id\":\"https:\/\/agenciainfra.com\/blog\/analise-mp-1-031-a-espiral-da-morte\/#breadcrumb\",\"itemListElement\":[{\"@type\":\"ListItem\",\"position\":1,\"name\":\"In\u00edcio\",\"item\":\"https:\/\/agenciainfra.com\/blog\/\"},{\"@type\":\"ListItem\",\"position\":2,\"name\":\"An\u00e1lise: MP 1.031, a espiral da morte?\"}]},{\"@type\":\"WebSite\",\"@id\":\"https:\/\/agenciainfra.com\/blog\/#website\",\"url\":\"https:\/\/agenciainfra.com\/blog\/\",\"name\":\"Ag\u00eancia iNFRA\",\"description\":\"Multiplataforma de informa\u00e7\u00e3o jornal\u00edstica refer\u00eancia na \u00e1rea de infraestrutura no Brasil!\",\"publisher\":{\"@id\":\"https:\/\/agenciainfra.com\/blog\/#organization\"},\"potentialAction\":[{\"@type\":\"SearchAction\",\"target\":{\"@type\":\"EntryPoint\",\"urlTemplate\":\"https:\/\/agenciainfra.com\/blog\/?s={search_term_string}\"},\"query-input\":{\"@type\":\"PropertyValueSpecification\",\"valueRequired\":true,\"valueName\":\"search_term_string\"}}],\"inLanguage\":\"pt-BR\"},{\"@type\":\"Organization\",\"@id\":\"https:\/\/agenciainfra.com\/blog\/#organization\",\"name\":\"Ag\u00eancia iNFRA\",\"url\":\"https:\/\/agenciainfra.com\/blog\/\",\"logo\":{\"@type\":\"ImageObject\",\"inLanguage\":\"pt-BR\",\"@id\":\"https:\/\/agenciainfra.com\/blog\/#\/schema\/logo\/image\/\",\"url\":\"https:\/\/agenciainfra.com\/blog\/wp-content\/uploads\/2023\/09\/iNFRA_5-e1761735885940.png\",\"contentUrl\":\"https:\/\/agenciainfra.com\/blog\/wp-content\/uploads\/2023\/09\/iNFRA_5-e1761735885940.png\",\"width\":1672,\"height\":454,\"caption\":\"Ag\u00eancia iNFRA\"},\"image\":{\"@id\":\"https:\/\/agenciainfra.com\/blog\/#\/schema\/logo\/image\/\"},\"sameAs\":[\"https:\/\/www.facebook.com\/ageninfra\",\"https:\/\/x.com\/agencia_infra\",\"https:\/\/www.linkedin.com\/company\/ag\u00eanciainfra\/\",\"https:\/\/www.instagram.com\/agenciainfra\/\"]},{\"@type\":\"Person\",\"@id\":\"https:\/\/agenciainfra.com\/blog\/#\/schema\/person\/04dbb79bd6d8951f063da71f3e4c1eb1\",\"name\":\"Rodrigo Zuquim\",\"image\":{\"@type\":\"ImageObject\",\"inLanguage\":\"pt-BR\",\"@id\":\"https:\/\/agenciainfra.com\/blog\/#\/schema\/person\/image\/\",\"url\":\"https:\/\/secure.gravatar.com\/avatar\/594abfe82761d620726242ff34ca472a705a4b97f16c790053a6b4c4035274d0?s=96&d=mm&r=g\",\"contentUrl\":\"https:\/\/secure.gravatar.com\/avatar\/594abfe82761d620726242ff34ca472a705a4b97f16c790053a6b4c4035274d0?s=96&d=mm&r=g\",\"caption\":\"Rodrigo Zuquim\"},\"url\":\"https:\/\/agenciainfra.com\/blog\/author\/rodrigo-zuquim\/\"}]}<\/script>\n<!-- \/ Yoast SEO Premium plugin. -->","yoast_head_json":{"title":"An\u00e1lise: MP 1.031, a espiral da morte? - Ag\u00eancia iNFRA","robots":{"index":"index","follow":"follow","max-snippet":"max-snippet:-1","max-image-preview":"max-image-preview:large","max-video-preview":"max-video-preview:-1"},"canonical":"https:\/\/agenciainfra.com\/blog\/analise-mp-1-031-a-espiral-da-morte\/","og_locale":"pt_BR","og_type":"article","og_title":"An\u00e1lise: MP 1.031, a espiral da morte?","og_description":"Roberto Rockmann* A Medida Provis\u00f3ria 1.031, que provavelmente ser\u00e1 aprovada na C\u00e2mara\u00a0e sancionada sem vetos pela Presid\u00eancia, poder\u00e1 provocar efeitos de curto, m\u00e9dio e longo prazos no setor el\u00e9trico, de forma semelhante aos que a MP 579 criou quando transformada na Lei 12.783, em janeiro de 2013. O contexto da crise h\u00eddrica cria desafios para [&hellip;]","og_url":"https:\/\/agenciainfra.com\/blog\/analise-mp-1-031-a-espiral-da-morte\/","og_site_name":"Ag\u00eancia iNFRA","article_publisher":"https:\/\/www.facebook.com\/ageninfra","article_published_time":"2021-06-21T15:12:31+00:00","article_modified_time":"2021-06-21T15:12:35+00:00","og_image":[{"width":1280,"height":854,"url":"https:\/\/agenciainfra.com\/blog\/wp-content\/uploads\/2021\/06\/plenario-senado-foto-beto-barata-agencia-senado.jpeg","type":"image\/jpeg"}],"author":"Rodrigo Zuquim","twitter_card":"summary_large_image","twitter_creator":"@agencia_infra","twitter_site":"@agencia_infra","twitter_misc":{"Escrito por":"Rodrigo Zuquim","Est. tempo de leitura":"3 minutos"},"schema":{"@context":"https:\/\/schema.org","@graph":[{"@type":"Article","@id":"https:\/\/agenciainfra.com\/blog\/analise-mp-1-031-a-espiral-da-morte\/#article","isPartOf":{"@id":"https:\/\/agenciainfra.com\/blog\/analise-mp-1-031-a-espiral-da-morte\/"},"author":{"name":"Rodrigo Zuquim","@id":"https:\/\/agenciainfra.com\/blog\/#\/schema\/person\/04dbb79bd6d8951f063da71f3e4c1eb1"},"headline":"An\u00e1lise: MP 1.031, a espiral da morte?","datePublished":"2021-06-21T15:12:31+00:00","dateModified":"2021-06-21T15:12:35+00:00","mainEntityOfPage":{"@id":"https:\/\/agenciainfra.com\/blog\/analise-mp-1-031-a-espiral-da-morte\/"},"wordCount":630,"publisher":{"@id":"https:\/\/agenciainfra.com\/blog\/#organization"},"image":{"@id":"https:\/\/agenciainfra.com\/blog\/analise-mp-1-031-a-espiral-da-morte\/#primaryimage"},"thumbnailUrl":"https:\/\/agenciainfra.com\/blog\/wp-content\/uploads\/2021\/06\/plenario-senado-foto-beto-barata-agencia-senado.jpeg","keywords":["ANEEL","bandeiras tarif\u00e1rias","Conta-Covid","contas de luz","crise h\u00eddrica","desabastecimento","distribuidoras de energia","Eletrobras","Encargos de Servi\u00e7os do Sistema","energia solar","gera\u00e7\u00e3o distribu\u00edda","grandes consumidores","GSF","Hidrel\u00e9tricas","Lei 12.783\/13","mercado livre de energia","MP 1.031","MP 579","racionaliza\u00e7\u00e3o","racionamento","risco hidrol\u00f3gico","Setor El\u00e9trico","Tarifa","t\u00e9rmicas"],"articleSection":["Geral"],"inLanguage":"pt-BR","copyrightYear":"2021","copyrightHolder":{"@id":"https:\/\/agenciainfra.com\/blog\/#organization"}},{"@type":"WebPage","@id":"https:\/\/agenciainfra.com\/blog\/analise-mp-1-031-a-espiral-da-morte\/","url":"https:\/\/agenciainfra.com\/blog\/analise-mp-1-031-a-espiral-da-morte\/","name":"An\u00e1lise: MP 1.031, a espiral da morte? - Ag\u00eancia iNFRA","isPartOf":{"@id":"https:\/\/agenciainfra.com\/blog\/#website"},"primaryImageOfPage":{"@id":"https:\/\/agenciainfra.com\/blog\/analise-mp-1-031-a-espiral-da-morte\/#primaryimage"},"image":{"@id":"https:\/\/agenciainfra.com\/blog\/analise-mp-1-031-a-espiral-da-morte\/#primaryimage"},"thumbnailUrl":"https:\/\/agenciainfra.com\/blog\/wp-content\/uploads\/2021\/06\/plenario-senado-foto-beto-barata-agencia-senado.jpeg","datePublished":"2021-06-21T15:12:31+00:00","dateModified":"2021-06-21T15:12:35+00:00","breadcrumb":{"@id":"https:\/\/agenciainfra.com\/blog\/analise-mp-1-031-a-espiral-da-morte\/#breadcrumb"},"inLanguage":"pt-BR","potentialAction":[{"@type":"ReadAction","target":["https:\/\/agenciainfra.com\/blog\/analise-mp-1-031-a-espiral-da-morte\/"]}]},{"@type":"ImageObject","inLanguage":"pt-BR","@id":"https:\/\/agenciainfra.com\/blog\/analise-mp-1-031-a-espiral-da-morte\/#primaryimage","url":"https:\/\/agenciainfra.com\/blog\/wp-content\/uploads\/2021\/06\/plenario-senado-foto-beto-barata-agencia-senado.jpeg","contentUrl":"https:\/\/agenciainfra.com\/blog\/wp-content\/uploads\/2021\/06\/plenario-senado-foto-beto-barata-agencia-senado.jpeg","width":1280,"height":854},{"@type":"BreadcrumbList","@id":"https:\/\/agenciainfra.com\/blog\/analise-mp-1-031-a-espiral-da-morte\/#breadcrumb","itemListElement":[{"@type":"ListItem","position":1,"name":"In\u00edcio","item":"https:\/\/agenciainfra.com\/blog\/"},{"@type":"ListItem","position":2,"name":"An\u00e1lise: MP 1.031, a espiral da morte?"}]},{"@type":"WebSite","@id":"https:\/\/agenciainfra.com\/blog\/#website","url":"https:\/\/agenciainfra.com\/blog\/","name":"Ag\u00eancia iNFRA","description":"Multiplataforma de informa\u00e7\u00e3o jornal\u00edstica refer\u00eancia na \u00e1rea de infraestrutura no Brasil!","publisher":{"@id":"https:\/\/agenciainfra.com\/blog\/#organization"},"potentialAction":[{"@type":"SearchAction","target":{"@type":"EntryPoint","urlTemplate":"https:\/\/agenciainfra.com\/blog\/?s={search_term_string}"},"query-input":{"@type":"PropertyValueSpecification","valueRequired":true,"valueName":"search_term_string"}}],"inLanguage":"pt-BR"},{"@type":"Organization","@id":"https:\/\/agenciainfra.com\/blog\/#organization","name":"Ag\u00eancia iNFRA","url":"https:\/\/agenciainfra.com\/blog\/","logo":{"@type":"ImageObject","inLanguage":"pt-BR","@id":"https:\/\/agenciainfra.com\/blog\/#\/schema\/logo\/image\/","url":"https:\/\/agenciainfra.com\/blog\/wp-content\/uploads\/2023\/09\/iNFRA_5-e1761735885940.png","contentUrl":"https:\/\/agenciainfra.com\/blog\/wp-content\/uploads\/2023\/09\/iNFRA_5-e1761735885940.png","width":1672,"height":454,"caption":"Ag\u00eancia iNFRA"},"image":{"@id":"https:\/\/agenciainfra.com\/blog\/#\/schema\/logo\/image\/"},"sameAs":["https:\/\/www.facebook.com\/ageninfra","https:\/\/x.com\/agencia_infra","https:\/\/www.linkedin.com\/company\/ag\u00eanciainfra\/","https:\/\/www.instagram.com\/agenciainfra\/"]},{"@type":"Person","@id":"https:\/\/agenciainfra.com\/blog\/#\/schema\/person\/04dbb79bd6d8951f063da71f3e4c1eb1","name":"Rodrigo Zuquim","image":{"@type":"ImageObject","inLanguage":"pt-BR","@id":"https:\/\/agenciainfra.com\/blog\/#\/schema\/person\/image\/","url":"https:\/\/secure.gravatar.com\/avatar\/594abfe82761d620726242ff34ca472a705a4b97f16c790053a6b4c4035274d0?s=96&d=mm&r=g","contentUrl":"https:\/\/secure.gravatar.com\/avatar\/594abfe82761d620726242ff34ca472a705a4b97f16c790053a6b4c4035274d0?s=96&d=mm&r=g","caption":"Rodrigo Zuquim"},"url":"https:\/\/agenciainfra.com\/blog\/author\/rodrigo-zuquim\/"}]}},"_links":{"self":[{"href":"https:\/\/agenciainfra.com\/blog\/wp-json\/wp\/v2\/posts\/7492","targetHints":{"allow":["GET"]}}],"collection":[{"href":"https:\/\/agenciainfra.com\/blog\/wp-json\/wp\/v2\/posts"}],"about":[{"href":"https:\/\/agenciainfra.com\/blog\/wp-json\/wp\/v2\/types\/post"}],"author":[{"embeddable":true,"href":"https:\/\/agenciainfra.com\/blog\/wp-json\/wp\/v2\/users\/9"}],"replies":[{"embeddable":true,"href":"https:\/\/agenciainfra.com\/blog\/wp-json\/wp\/v2\/comments?post=7492"}],"version-history":[{"count":0,"href":"https:\/\/agenciainfra.com\/blog\/wp-json\/wp\/v2\/posts\/7492\/revisions"}],"wp:featuredmedia":[{"embeddable":true,"href":"https:\/\/agenciainfra.com\/blog\/wp-json\/wp\/v2\/media\/7493"}],"wp:attachment":[{"href":"https:\/\/agenciainfra.com\/blog\/wp-json\/wp\/v2\/media?parent=7492"}],"wp:term":[{"taxonomy":"category","embeddable":true,"href":"https:\/\/agenciainfra.com\/blog\/wp-json\/wp\/v2\/categories?post=7492"},{"taxonomy":"post_tag","embeddable":true,"href":"https:\/\/agenciainfra.com\/blog\/wp-json\/wp\/v2\/tags?post=7492"}],"curies":[{"name":"wp","href":"https:\/\/api.w.org\/{rel}","templated":true}]}}