{"id":7520,"date":"2021-06-23T11:00:00","date_gmt":"2021-06-23T14:00:00","guid":{"rendered":"https:\/\/www.agenciainfra.com\/blog\/?p=7520"},"modified":"2021-06-23T10:44:37","modified_gmt":"2021-06-23T13:44:37","slug":"infralive-pl-de-debentures-permitira-financiar-projetos-novos-e-ampliacoes-diz-relator","status":"publish","type":"post","link":"https:\/\/agenciainfra.com\/blog\/infralive-pl-de-debentures-permitira-financiar-projetos-novos-e-ampliacoes-diz-relator\/","title":{"rendered":"iNFRALive: PL de Deb\u00eantures permitir\u00e1 financiar projetos novos e amplia\u00e7\u00f5es, diz relator"},"content":{"rendered":"\n<hr class=\"wp-block-separator\"\/>\n\n\n\n<p class=\"has-text-align-right\"><strong>da\u00a0Ag\u00eancia iNFRA<\/strong><\/p>\n\n\n\n<p>O PL 2.646\/2020, que amplia as possibilidades de emiss\u00e3o de deb\u00eantures de infraestrutura, ser\u00e1 direcionado para garantir recursos para investimentos em novos projetos e tamb\u00e9m para amplia\u00e7\u00f5es e melhorias em projetos de infraestrutura.\u00a0<\/p>\n\n\n\n<p>Foi o que disseram os deputados federais Jo\u00e3o Maia (PL-RN), um dos autores do projeto, e Arnaldo Jardim (Cidadania-SP), relator da proposta, durante o iNFRALive, programa da\u00a0<strong>Ag\u00eancia iNFRA<\/strong>\u00a0realizado sobre o tema na \u00faltima segunda-feira (21).<\/p>\n\n\n\n<p>O programa, que contou ainda com as participa\u00e7\u00f5es da secret\u00e1ria de Planejamento, Fomento e Parcerias do Minist\u00e9rio da Infraestrutura, Nat\u00e1lia Marcassa, e do diretor jur\u00eddico do BNDES, Saulo Puttini, pode ser assistido&nbsp;<a href=\"https:\/\/agenciainfra.us14.list-manage.com\/track\/click?u=d460dd1bcf9ba0ae040e1fc0f&amp;id=785568bdf0&amp;e=c099169394\" target=\"_blank\" rel=\"noreferrer noopener\">neste link<\/a>.<\/p>\n\n\n\n<p>O deputado Arnaldo Jardim afirmou que as discuss\u00f5es com o governo est\u00e3o avan\u00e7adas e que pode apresentar seu relat\u00f3rio j\u00e1 na pr\u00f3xima semana. A inten\u00e7\u00e3o \u00e9 votar a proposta na primeira quinzena de julho. Jo\u00e3o Maia afirmou ainda que pretende j\u00e1 iniciar articula\u00e7\u00f5es com o Senado para que o projeto aprovado esteja em acordo para que possa ter tramita\u00e7\u00e3o mais r\u00e1pida com os senadores.<\/p>\n\n\n\n<p><strong>Preocupa\u00e7\u00f5es do governo<\/strong><br>O relator apontou que no momento est\u00e1 construindo um texto que possa fazer com que preocupa\u00e7\u00f5es do governo sejam sanadas. A ideia \u00e9 que as empresas possam ter prazos mais longos para usar os recursos captados, mas evitar que eles possam especular financeiramente com o dinheiro captado para os investimentos.&nbsp;<\/p>\n\n\n\n<p>Outra preocupa\u00e7\u00e3o \u00e9 evitar que os recursos possam servir de alavancagem financeira para as companhias. Jo\u00e3o Maia afirmou que a proposta vai prever expressamente essa restri\u00e7\u00e3o e que a Receita Federal poder\u00e1 fiscalizar. Marcassa lembrou ainda que as propostas t\u00eam que ter aprova\u00e7\u00e3o pr\u00e9via do minist\u00e9rio, que vai levar os investimentos em conta.<\/p>\n\n\n\n<p>Jardim tamb\u00e9m revelou no encontro que a ideia \u00e9 que nas emiss\u00f5es que ser\u00e3o permitidas em moeda estrangeira n\u00e3o seja dada prote\u00e7\u00e3o cambial, mas um mecanismo que ele chamou de neutralidade para evitar problemas com as oscila\u00e7\u00f5es do real. Tamb\u00e9m ser\u00e3o inseridos artigos para evitar o duplo benef\u00edcio fiscal na aquisi\u00e7\u00e3o desse t\u00edtulo.<\/p>\n\n\n\n<p><strong>&#8220;Bolsos mais profundos&#8221;<\/strong><br>Saulo Puttini, do BNDES, afirmou que o banco est\u00e1 de acordo com a amplia\u00e7\u00e3o das possibilidades de emiss\u00e3o de deb\u00eantures incentivadas para infraestutura como mecanismo para incentivar um mercado de renda fixa para financiar esse tipo de investimento, que sempre foi dependente do financiamento direto do BNDES. Ele afirmou que, com a amplia\u00e7\u00e3o desse mecanismo privado, o banco pode focar em assumir a parte do financiamento com maior risco, o que est\u00e1 mais de acordo com a finalidade da institui\u00e7\u00e3o.<\/p>\n\n\n\n<p>Marcassa lembrou ainda que a carteira de projetos do governo, que, somente no Minist\u00e9rio da Infraestrutura, s\u00e3o R$ 260 bilh\u00f5es que ser\u00e3o levados a mercado na atual gest\u00e3o, necessita de acessar &#8220;bolsos mais profundos&#8221;, citando fundos de pens\u00e3o e de investimentos, que t\u00eam R$ 1 trilh\u00e3o em ativos, e&nbsp;que poder\u00e3o, a partir da aprova\u00e7\u00e3o do projeto, comprar esses t\u00edtulos dos emissores.<\/p>\n","protected":false},"excerpt":{"rendered":"<p>da\u00a0Ag\u00eancia iNFRA O PL 2.646\/2020, que amplia as possibilidades de emiss\u00e3o de deb\u00eantures de infraestrutura, ser\u00e1 direcionado para garantir recursos para investimentos em novos projetos e tamb\u00e9m para amplia\u00e7\u00f5es e melhorias em projetos de infraestrutura.\u00a0 Foi o que disseram os deputados federais Jo\u00e3o Maia (PL-RN), um dos autores do projeto, e Arnaldo Jardim (Cidadania-SP), relator [&hellip;]<\/p>\n","protected":false},"author":9,"featured_media":7521,"comment_status":"closed","ping_status":"closed","sticky":false,"template":"","format":"standard","meta":{"_monsterinsights_skip_tracking":false,"_monsterinsights_sitenote_active":false,"_monsterinsights_sitenote_note":"","_monsterinsights_sitenote_category":0,"footnotes":""},"categories":[1,2053],"tags":[888,103,4336,4338,34,32,1325,775,890,2002,4534,4518],"class_list":["post-7520","post","type-post","status-publish","format-standard","has-post-thumbnail","hentry","category-geral","category-infraliveventos","tag-arnaldo-jardim","tag-bndes","tag-debentures-de-infraestrutura","tag-debentures-incentivadas","tag-infraestrutura","tag-investimentos","tag-joao-maia","tag-ministerio-da-infraestrutura","tag-natalia-marcassa","tag-pl-2-646-2020","tag-pl-de-debentures","tag-saulo-puttini"],"yoast_head":"<!-- This site is optimized with the Yoast SEO Premium plugin v25.4 (Yoast SEO v26.0) - https:\/\/yoast.com\/wordpress\/plugins\/seo\/ -->\n<title>iNFRALive: PL de Deb\u00eantures permitir\u00e1 financiar projetos novos e amplia\u00e7\u00f5es, diz relator - Ag\u00eancia iNFRA<\/title>\n<meta name=\"robots\" content=\"index, follow, max-snippet:-1, max-image-preview:large, max-video-preview:-1\" \/>\n<link rel=\"canonical\" href=\"https:\/\/agenciainfra.com\/blog\/infralive-pl-de-debentures-permitira-financiar-projetos-novos-e-ampliacoes-diz-relator\/\" \/>\n<meta property=\"og:locale\" content=\"pt_BR\" \/>\n<meta property=\"og:type\" content=\"article\" \/>\n<meta property=\"og:title\" content=\"iNFRALive: PL de Deb\u00eantures permitir\u00e1 financiar projetos novos e amplia\u00e7\u00f5es, diz relator\" \/>\n<meta property=\"og:description\" content=\"da\u00a0Ag\u00eancia iNFRA O PL 2.646\/2020, que amplia as possibilidades de emiss\u00e3o de deb\u00eantures de infraestrutura, ser\u00e1 direcionado para garantir recursos para investimentos em novos projetos e tamb\u00e9m para amplia\u00e7\u00f5es e melhorias em projetos de infraestrutura.\u00a0 Foi o que disseram os deputados federais Jo\u00e3o Maia (PL-RN), um dos autores do projeto, e Arnaldo Jardim (Cidadania-SP), relator [&hellip;]\" \/>\n<meta property=\"og:url\" content=\"https:\/\/agenciainfra.com\/blog\/infralive-pl-de-debentures-permitira-financiar-projetos-novos-e-ampliacoes-diz-relator\/\" \/>\n<meta property=\"og:site_name\" content=\"Ag\u00eancia iNFRA\" \/>\n<meta property=\"article:publisher\" content=\"https:\/\/www.facebook.com\/ageninfra\" \/>\n<meta property=\"article:published_time\" content=\"2021-06-23T14:00:00+00:00\" \/>\n<meta property=\"og:image\" content=\"https:\/\/agenciainfra.com\/blog\/wp-content\/uploads\/2021\/06\/arnaldo-jardim-foto-reproducao.png\" \/>\n\t<meta property=\"og:image:width\" content=\"1280\" \/>\n\t<meta property=\"og:image:height\" content=\"759\" \/>\n\t<meta property=\"og:image:type\" content=\"image\/png\" \/>\n<meta name=\"author\" content=\"Rodrigo Zuquim\" \/>\n<meta name=\"twitter:card\" content=\"summary_large_image\" \/>\n<meta name=\"twitter:creator\" content=\"@agencia_infra\" \/>\n<meta name=\"twitter:site\" content=\"@agencia_infra\" \/>\n<meta name=\"twitter:label1\" content=\"Escrito por\" \/>\n\t<meta name=\"twitter:data1\" content=\"Rodrigo Zuquim\" \/>\n\t<meta name=\"twitter:label2\" content=\"Est. tempo de leitura\" \/>\n\t<meta name=\"twitter:data2\" content=\"3 minutos\" \/>\n<script type=\"application\/ld+json\" class=\"yoast-schema-graph\">{\"@context\":\"https:\/\/schema.org\",\"@graph\":[{\"@type\":\"Article\",\"@id\":\"https:\/\/agenciainfra.com\/blog\/infralive-pl-de-debentures-permitira-financiar-projetos-novos-e-ampliacoes-diz-relator\/#article\",\"isPartOf\":{\"@id\":\"https:\/\/agenciainfra.com\/blog\/infralive-pl-de-debentures-permitira-financiar-projetos-novos-e-ampliacoes-diz-relator\/\"},\"author\":{\"name\":\"Rodrigo Zuquim\",\"@id\":\"https:\/\/agenciainfra.com\/blog\/#\/schema\/person\/04dbb79bd6d8951f063da71f3e4c1eb1\"},\"headline\":\"iNFRALive: PL de Deb\u00eantures permitir\u00e1 financiar projetos novos e amplia\u00e7\u00f5es, diz relator\",\"datePublished\":\"2021-06-23T14:00:00+00:00\",\"mainEntityOfPage\":{\"@id\":\"https:\/\/agenciainfra.com\/blog\/infralive-pl-de-debentures-permitira-financiar-projetos-novos-e-ampliacoes-diz-relator\/\"},\"wordCount\":542,\"publisher\":{\"@id\":\"https:\/\/agenciainfra.com\/blog\/#organization\"},\"image\":{\"@id\":\"https:\/\/agenciainfra.com\/blog\/infralive-pl-de-debentures-permitira-financiar-projetos-novos-e-ampliacoes-diz-relator\/#primaryimage\"},\"thumbnailUrl\":\"https:\/\/agenciainfra.com\/blog\/wp-content\/uploads\/2021\/06\/arnaldo-jardim-foto-reproducao.png\",\"keywords\":[\"Arnaldo Jardim\",\"BNDES\",\"deb\u00eantures de infraestrutura\",\"deb\u00eantures incentivadas\",\"Infraestrutura\",\"Investimentos\",\"Jo\u00e3o Maia\",\"Minist\u00e9rio da Infraestrutura\",\"Nat\u00e1lia Marcassa\",\"PL 2.646\/2020\",\"PL de Deb\u00eantures\",\"Saulo Puttini\"],\"articleSection\":[\"Geral\",\"iNFRALive e Eventos\"],\"inLanguage\":\"pt-BR\",\"copyrightYear\":\"2021\",\"copyrightHolder\":{\"@id\":\"https:\/\/agenciainfra.com\/blog\/#organization\"}},{\"@type\":\"WebPage\",\"@id\":\"https:\/\/agenciainfra.com\/blog\/infralive-pl-de-debentures-permitira-financiar-projetos-novos-e-ampliacoes-diz-relator\/\",\"url\":\"https:\/\/agenciainfra.com\/blog\/infralive-pl-de-debentures-permitira-financiar-projetos-novos-e-ampliacoes-diz-relator\/\",\"name\":\"iNFRALive: PL de Deb\u00eantures permitir\u00e1 financiar projetos novos e amplia\u00e7\u00f5es, diz relator - Ag\u00eancia iNFRA\",\"isPartOf\":{\"@id\":\"https:\/\/agenciainfra.com\/blog\/#website\"},\"primaryImageOfPage\":{\"@id\":\"https:\/\/agenciainfra.com\/blog\/infralive-pl-de-debentures-permitira-financiar-projetos-novos-e-ampliacoes-diz-relator\/#primaryimage\"},\"image\":{\"@id\":\"https:\/\/agenciainfra.com\/blog\/infralive-pl-de-debentures-permitira-financiar-projetos-novos-e-ampliacoes-diz-relator\/#primaryimage\"},\"thumbnailUrl\":\"https:\/\/agenciainfra.com\/blog\/wp-content\/uploads\/2021\/06\/arnaldo-jardim-foto-reproducao.png\",\"datePublished\":\"2021-06-23T14:00:00+00:00\",\"breadcrumb\":{\"@id\":\"https:\/\/agenciainfra.com\/blog\/infralive-pl-de-debentures-permitira-financiar-projetos-novos-e-ampliacoes-diz-relator\/#breadcrumb\"},\"inLanguage\":\"pt-BR\",\"potentialAction\":[{\"@type\":\"ReadAction\",\"target\":[\"https:\/\/agenciainfra.com\/blog\/infralive-pl-de-debentures-permitira-financiar-projetos-novos-e-ampliacoes-diz-relator\/\"]}]},{\"@type\":\"ImageObject\",\"inLanguage\":\"pt-BR\",\"@id\":\"https:\/\/agenciainfra.com\/blog\/infralive-pl-de-debentures-permitira-financiar-projetos-novos-e-ampliacoes-diz-relator\/#primaryimage\",\"url\":\"https:\/\/agenciainfra.com\/blog\/wp-content\/uploads\/2021\/06\/arnaldo-jardim-foto-reproducao.png\",\"contentUrl\":\"https:\/\/agenciainfra.com\/blog\/wp-content\/uploads\/2021\/06\/arnaldo-jardim-foto-reproducao.png\",\"width\":1280,\"height\":759},{\"@type\":\"BreadcrumbList\",\"@id\":\"https:\/\/agenciainfra.com\/blog\/infralive-pl-de-debentures-permitira-financiar-projetos-novos-e-ampliacoes-diz-relator\/#breadcrumb\",\"itemListElement\":[{\"@type\":\"ListItem\",\"position\":1,\"name\":\"In\u00edcio\",\"item\":\"https:\/\/agenciainfra.com\/blog\/\"},{\"@type\":\"ListItem\",\"position\":2,\"name\":\"iNFRALive: PL de Deb\u00eantures permitir\u00e1 financiar projetos novos e amplia\u00e7\u00f5es, diz relator\"}]},{\"@type\":\"WebSite\",\"@id\":\"https:\/\/agenciainfra.com\/blog\/#website\",\"url\":\"https:\/\/agenciainfra.com\/blog\/\",\"name\":\"Ag\u00eancia iNFRA\",\"description\":\"Multiplataforma de informa\u00e7\u00e3o jornal\u00edstica refer\u00eancia na \u00e1rea de infraestrutura no Brasil!\",\"publisher\":{\"@id\":\"https:\/\/agenciainfra.com\/blog\/#organization\"},\"potentialAction\":[{\"@type\":\"SearchAction\",\"target\":{\"@type\":\"EntryPoint\",\"urlTemplate\":\"https:\/\/agenciainfra.com\/blog\/?s={search_term_string}\"},\"query-input\":{\"@type\":\"PropertyValueSpecification\",\"valueRequired\":true,\"valueName\":\"search_term_string\"}}],\"inLanguage\":\"pt-BR\"},{\"@type\":\"Organization\",\"@id\":\"https:\/\/agenciainfra.com\/blog\/#organization\",\"name\":\"Ag\u00eancia iNFRA\",\"url\":\"https:\/\/agenciainfra.com\/blog\/\",\"logo\":{\"@type\":\"ImageObject\",\"inLanguage\":\"pt-BR\",\"@id\":\"https:\/\/agenciainfra.com\/blog\/#\/schema\/logo\/image\/\",\"url\":\"https:\/\/agenciainfra.com\/blog\/wp-content\/uploads\/2023\/09\/iNFRA_5-e1761735885940.png\",\"contentUrl\":\"https:\/\/agenciainfra.com\/blog\/wp-content\/uploads\/2023\/09\/iNFRA_5-e1761735885940.png\",\"width\":1672,\"height\":454,\"caption\":\"Ag\u00eancia iNFRA\"},\"image\":{\"@id\":\"https:\/\/agenciainfra.com\/blog\/#\/schema\/logo\/image\/\"},\"sameAs\":[\"https:\/\/www.facebook.com\/ageninfra\",\"https:\/\/x.com\/agencia_infra\",\"https:\/\/www.linkedin.com\/company\/ag\u00eanciainfra\/\",\"https:\/\/www.instagram.com\/agenciainfra\/\"]},{\"@type\":\"Person\",\"@id\":\"https:\/\/agenciainfra.com\/blog\/#\/schema\/person\/04dbb79bd6d8951f063da71f3e4c1eb1\",\"name\":\"Rodrigo Zuquim\",\"image\":{\"@type\":\"ImageObject\",\"inLanguage\":\"pt-BR\",\"@id\":\"https:\/\/agenciainfra.com\/blog\/#\/schema\/person\/image\/\",\"url\":\"https:\/\/secure.gravatar.com\/avatar\/594abfe82761d620726242ff34ca472a705a4b97f16c790053a6b4c4035274d0?s=96&d=mm&r=g\",\"contentUrl\":\"https:\/\/secure.gravatar.com\/avatar\/594abfe82761d620726242ff34ca472a705a4b97f16c790053a6b4c4035274d0?s=96&d=mm&r=g\",\"caption\":\"Rodrigo Zuquim\"},\"url\":\"https:\/\/agenciainfra.com\/blog\/author\/rodrigo-zuquim\/\"}]}<\/script>\n<!-- \/ Yoast SEO Premium plugin. -->","yoast_head_json":{"title":"iNFRALive: PL de Deb\u00eantures permitir\u00e1 financiar projetos novos e amplia\u00e7\u00f5es, diz relator - Ag\u00eancia iNFRA","robots":{"index":"index","follow":"follow","max-snippet":"max-snippet:-1","max-image-preview":"max-image-preview:large","max-video-preview":"max-video-preview:-1"},"canonical":"https:\/\/agenciainfra.com\/blog\/infralive-pl-de-debentures-permitira-financiar-projetos-novos-e-ampliacoes-diz-relator\/","og_locale":"pt_BR","og_type":"article","og_title":"iNFRALive: PL de Deb\u00eantures permitir\u00e1 financiar projetos novos e amplia\u00e7\u00f5es, diz relator","og_description":"da\u00a0Ag\u00eancia iNFRA O PL 2.646\/2020, que amplia as possibilidades de emiss\u00e3o de deb\u00eantures de infraestrutura, ser\u00e1 direcionado para garantir recursos para investimentos em novos projetos e tamb\u00e9m para amplia\u00e7\u00f5es e melhorias em projetos de infraestrutura.\u00a0 Foi o que disseram os deputados federais Jo\u00e3o Maia (PL-RN), um dos autores do projeto, e Arnaldo Jardim (Cidadania-SP), relator [&hellip;]","og_url":"https:\/\/agenciainfra.com\/blog\/infralive-pl-de-debentures-permitira-financiar-projetos-novos-e-ampliacoes-diz-relator\/","og_site_name":"Ag\u00eancia iNFRA","article_publisher":"https:\/\/www.facebook.com\/ageninfra","article_published_time":"2021-06-23T14:00:00+00:00","og_image":[{"width":1280,"height":759,"url":"https:\/\/agenciainfra.com\/blog\/wp-content\/uploads\/2021\/06\/arnaldo-jardim-foto-reproducao.png","type":"image\/png"}],"author":"Rodrigo Zuquim","twitter_card":"summary_large_image","twitter_creator":"@agencia_infra","twitter_site":"@agencia_infra","twitter_misc":{"Escrito por":"Rodrigo Zuquim","Est. tempo de leitura":"3 minutos"},"schema":{"@context":"https:\/\/schema.org","@graph":[{"@type":"Article","@id":"https:\/\/agenciainfra.com\/blog\/infralive-pl-de-debentures-permitira-financiar-projetos-novos-e-ampliacoes-diz-relator\/#article","isPartOf":{"@id":"https:\/\/agenciainfra.com\/blog\/infralive-pl-de-debentures-permitira-financiar-projetos-novos-e-ampliacoes-diz-relator\/"},"author":{"name":"Rodrigo Zuquim","@id":"https:\/\/agenciainfra.com\/blog\/#\/schema\/person\/04dbb79bd6d8951f063da71f3e4c1eb1"},"headline":"iNFRALive: PL de Deb\u00eantures permitir\u00e1 financiar projetos novos e amplia\u00e7\u00f5es, diz relator","datePublished":"2021-06-23T14:00:00+00:00","mainEntityOfPage":{"@id":"https:\/\/agenciainfra.com\/blog\/infralive-pl-de-debentures-permitira-financiar-projetos-novos-e-ampliacoes-diz-relator\/"},"wordCount":542,"publisher":{"@id":"https:\/\/agenciainfra.com\/blog\/#organization"},"image":{"@id":"https:\/\/agenciainfra.com\/blog\/infralive-pl-de-debentures-permitira-financiar-projetos-novos-e-ampliacoes-diz-relator\/#primaryimage"},"thumbnailUrl":"https:\/\/agenciainfra.com\/blog\/wp-content\/uploads\/2021\/06\/arnaldo-jardim-foto-reproducao.png","keywords":["Arnaldo Jardim","BNDES","deb\u00eantures de infraestrutura","deb\u00eantures incentivadas","Infraestrutura","Investimentos","Jo\u00e3o Maia","Minist\u00e9rio da Infraestrutura","Nat\u00e1lia Marcassa","PL 2.646\/2020","PL de Deb\u00eantures","Saulo Puttini"],"articleSection":["Geral","iNFRALive e Eventos"],"inLanguage":"pt-BR","copyrightYear":"2021","copyrightHolder":{"@id":"https:\/\/agenciainfra.com\/blog\/#organization"}},{"@type":"WebPage","@id":"https:\/\/agenciainfra.com\/blog\/infralive-pl-de-debentures-permitira-financiar-projetos-novos-e-ampliacoes-diz-relator\/","url":"https:\/\/agenciainfra.com\/blog\/infralive-pl-de-debentures-permitira-financiar-projetos-novos-e-ampliacoes-diz-relator\/","name":"iNFRALive: PL de Deb\u00eantures permitir\u00e1 financiar projetos novos e amplia\u00e7\u00f5es, diz relator - Ag\u00eancia iNFRA","isPartOf":{"@id":"https:\/\/agenciainfra.com\/blog\/#website"},"primaryImageOfPage":{"@id":"https:\/\/agenciainfra.com\/blog\/infralive-pl-de-debentures-permitira-financiar-projetos-novos-e-ampliacoes-diz-relator\/#primaryimage"},"image":{"@id":"https:\/\/agenciainfra.com\/blog\/infralive-pl-de-debentures-permitira-financiar-projetos-novos-e-ampliacoes-diz-relator\/#primaryimage"},"thumbnailUrl":"https:\/\/agenciainfra.com\/blog\/wp-content\/uploads\/2021\/06\/arnaldo-jardim-foto-reproducao.png","datePublished":"2021-06-23T14:00:00+00:00","breadcrumb":{"@id":"https:\/\/agenciainfra.com\/blog\/infralive-pl-de-debentures-permitira-financiar-projetos-novos-e-ampliacoes-diz-relator\/#breadcrumb"},"inLanguage":"pt-BR","potentialAction":[{"@type":"ReadAction","target":["https:\/\/agenciainfra.com\/blog\/infralive-pl-de-debentures-permitira-financiar-projetos-novos-e-ampliacoes-diz-relator\/"]}]},{"@type":"ImageObject","inLanguage":"pt-BR","@id":"https:\/\/agenciainfra.com\/blog\/infralive-pl-de-debentures-permitira-financiar-projetos-novos-e-ampliacoes-diz-relator\/#primaryimage","url":"https:\/\/agenciainfra.com\/blog\/wp-content\/uploads\/2021\/06\/arnaldo-jardim-foto-reproducao.png","contentUrl":"https:\/\/agenciainfra.com\/blog\/wp-content\/uploads\/2021\/06\/arnaldo-jardim-foto-reproducao.png","width":1280,"height":759},{"@type":"BreadcrumbList","@id":"https:\/\/agenciainfra.com\/blog\/infralive-pl-de-debentures-permitira-financiar-projetos-novos-e-ampliacoes-diz-relator\/#breadcrumb","itemListElement":[{"@type":"ListItem","position":1,"name":"In\u00edcio","item":"https:\/\/agenciainfra.com\/blog\/"},{"@type":"ListItem","position":2,"name":"iNFRALive: PL de Deb\u00eantures permitir\u00e1 financiar projetos novos e amplia\u00e7\u00f5es, diz relator"}]},{"@type":"WebSite","@id":"https:\/\/agenciainfra.com\/blog\/#website","url":"https:\/\/agenciainfra.com\/blog\/","name":"Ag\u00eancia iNFRA","description":"Multiplataforma de informa\u00e7\u00e3o jornal\u00edstica refer\u00eancia na \u00e1rea de infraestrutura no Brasil!","publisher":{"@id":"https:\/\/agenciainfra.com\/blog\/#organization"},"potentialAction":[{"@type":"SearchAction","target":{"@type":"EntryPoint","urlTemplate":"https:\/\/agenciainfra.com\/blog\/?s={search_term_string}"},"query-input":{"@type":"PropertyValueSpecification","valueRequired":true,"valueName":"search_term_string"}}],"inLanguage":"pt-BR"},{"@type":"Organization","@id":"https:\/\/agenciainfra.com\/blog\/#organization","name":"Ag\u00eancia iNFRA","url":"https:\/\/agenciainfra.com\/blog\/","logo":{"@type":"ImageObject","inLanguage":"pt-BR","@id":"https:\/\/agenciainfra.com\/blog\/#\/schema\/logo\/image\/","url":"https:\/\/agenciainfra.com\/blog\/wp-content\/uploads\/2023\/09\/iNFRA_5-e1761735885940.png","contentUrl":"https:\/\/agenciainfra.com\/blog\/wp-content\/uploads\/2023\/09\/iNFRA_5-e1761735885940.png","width":1672,"height":454,"caption":"Ag\u00eancia iNFRA"},"image":{"@id":"https:\/\/agenciainfra.com\/blog\/#\/schema\/logo\/image\/"},"sameAs":["https:\/\/www.facebook.com\/ageninfra","https:\/\/x.com\/agencia_infra","https:\/\/www.linkedin.com\/company\/ag\u00eanciainfra\/","https:\/\/www.instagram.com\/agenciainfra\/"]},{"@type":"Person","@id":"https:\/\/agenciainfra.com\/blog\/#\/schema\/person\/04dbb79bd6d8951f063da71f3e4c1eb1","name":"Rodrigo Zuquim","image":{"@type":"ImageObject","inLanguage":"pt-BR","@id":"https:\/\/agenciainfra.com\/blog\/#\/schema\/person\/image\/","url":"https:\/\/secure.gravatar.com\/avatar\/594abfe82761d620726242ff34ca472a705a4b97f16c790053a6b4c4035274d0?s=96&d=mm&r=g","contentUrl":"https:\/\/secure.gravatar.com\/avatar\/594abfe82761d620726242ff34ca472a705a4b97f16c790053a6b4c4035274d0?s=96&d=mm&r=g","caption":"Rodrigo Zuquim"},"url":"https:\/\/agenciainfra.com\/blog\/author\/rodrigo-zuquim\/"}]}},"_links":{"self":[{"href":"https:\/\/agenciainfra.com\/blog\/wp-json\/wp\/v2\/posts\/7520","targetHints":{"allow":["GET"]}}],"collection":[{"href":"https:\/\/agenciainfra.com\/blog\/wp-json\/wp\/v2\/posts"}],"about":[{"href":"https:\/\/agenciainfra.com\/blog\/wp-json\/wp\/v2\/types\/post"}],"author":[{"embeddable":true,"href":"https:\/\/agenciainfra.com\/blog\/wp-json\/wp\/v2\/users\/9"}],"replies":[{"embeddable":true,"href":"https:\/\/agenciainfra.com\/blog\/wp-json\/wp\/v2\/comments?post=7520"}],"version-history":[{"count":0,"href":"https:\/\/agenciainfra.com\/blog\/wp-json\/wp\/v2\/posts\/7520\/revisions"}],"wp:featuredmedia":[{"embeddable":true,"href":"https:\/\/agenciainfra.com\/blog\/wp-json\/wp\/v2\/media\/7521"}],"wp:attachment":[{"href":"https:\/\/agenciainfra.com\/blog\/wp-json\/wp\/v2\/media?parent=7520"}],"wp:term":[{"taxonomy":"category","embeddable":true,"href":"https:\/\/agenciainfra.com\/blog\/wp-json\/wp\/v2\/categories?post=7520"},{"taxonomy":"post_tag","embeddable":true,"href":"https:\/\/agenciainfra.com\/blog\/wp-json\/wp\/v2\/tags?post=7520"}],"curies":[{"name":"wp","href":"https:\/\/api.w.org\/{rel}","templated":true}]}}