{"id":7536,"date":"2021-06-26T08:00:00","date_gmt":"2021-06-26T11:00:00","guid":{"rendered":"https:\/\/www.agenciainfra.com\/blog\/?p=7536"},"modified":"2021-06-24T20:06:59","modified_gmt":"2021-06-24T23:06:59","slug":"esalq-vai-estudar-nova-logistica-com-supernavios-para-transporte-de-graos-no-arco-norte","status":"publish","type":"post","link":"https:\/\/agenciainfra.com\/blog\/esalq-vai-estudar-nova-logistica-com-supernavios-para-transporte-de-graos-no-arco-norte\/","title":{"rendered":"Esalq vai estudar nova log\u00edstica com supernavios para transporte de gr\u00e3os no Arco Norte"},"content":{"rendered":"\n<hr class=\"wp-block-separator\"\/>\n\n\n\n<p class=\"has-text-align-right\"><strong>Dimmi Amora, da&nbsp;Ag\u00eancia iNFRA<\/strong><\/p>\n\n\n\n<p>O Esalq-Log (Grupo de Pesquisa em Extens\u00e3o em Log\u00edstica) da Escola Superior de Agricultura Luiz Queiroz, da USP, iniciou estudos para avaliar uma nova log\u00edstica para o transporte internacional de gr\u00e3os que chegam aos terminais portu\u00e1rios do Arco Norte, utilizando os supernavios capesize.<br><br>O trabalho est\u00e1 sendo realizado por causa da previs\u00e3o de crescimento do volume de cargas que podem chegar aos portos da regi\u00e3o, especialmente com a amplia\u00e7\u00e3o prevista do sistema ferrovi\u00e1rio.<br><br>De acordo com Thiago P\u00eara, coordenador t\u00e9cnico do Esalq-Log, num estudo pr\u00e9vio, com dados de 2017, foi poss\u00edvel identificar que somente com a troca dos navios Panamax, que hoje s\u00e3o utilizados para transportar do Arco Norte para a China, com capacidade para 60 a 70 mil toneladas, para embarca\u00e7\u00f5es tipo capesize, com capacidade para at\u00e9 150 mil toneladas, seria poss\u00edvel uma redu\u00e7\u00e3o de custo de 14%, considerando toda a log\u00edstica, desde o campo.<br><br>Hoje o custo log\u00edstico para os produtores no Brasil ainda \u00e9 considerado alto, especialmente no Mato Grosso, principal produtor. De acordo com P\u00eara, no caso da soja, o custo varia entre 25% e 30% do pre\u00e7o do produto, podendo chegar a 40% para algumas regi\u00f5es.<br><br>&#8220;\u00c9 um impacto alto, principalmente quando o pre\u00e7o da commodity baixa no mercado internacional. Como temos pouca armazenagem, o transporte tem grande impacto&#8221;, afirmou.<br><br><strong>Barreiras<\/strong><br>A an\u00e1lise vai se concentrar em indicar o quanto a amplia\u00e7\u00e3o do uso de navios maiores pode reduzir os custos e tamb\u00e9m onde isso pode ser feito. Isso porque h\u00e1 barreiras para se usar esse tipo de navio, que s\u00e3o os calados dos terminais e ber\u00e7os.<br><br>&#8220;A dificuldade de usar o capesize \u00e9 a profundidade no canal de acesso a terminais e portu\u00e1rios. A m\u00e9dia \u00e9 de 13 metros de calado e, nos de maior porte, usando a capacidade cheia [do navio], o calado tem que ir para mais de 15 metros, alguns at\u00e9 18 metros&#8221;, explicou o coordenador. &nbsp;<br><br>A ideia \u00e9 identificar quais terminais teriam a capacidade de receber esses navios e tamb\u00e9m se teriam como receber expans\u00f5es para as cargas do agroneg\u00f3cio.&nbsp;<br><br>Atualmente os navios se utilizam do transporte via barca\u00e7a at\u00e9 os terminais portu\u00e1rios da regi\u00e3o de Vila do Conde (PA). Outra parte \u00e9 exportada pelos terminais de S\u00e3o Lu\u00eds (MA). H\u00e1 planos para amplia\u00e7\u00f5es nas duas \u00e1reas e tamb\u00e9m para a constru\u00e7\u00e3o de um terminal privado em Alc\u00e2ntara (MA), tamb\u00e9m com capacidade para receber os capesize.<br><br><strong>Canal do Panam\u00e1<\/strong><br>Segundo P\u00eara, o estudo deve ficar pronto ainda neste ano. Ele tamb\u00e9m vai analisar um outro aspecto que \u00e9 o caminho que seja mais econ\u00f4mico para chegar \u00e0 \u00c1sia com as mercadorias que saem do Arco Norte, se pelo Cabo da Boa Esperan\u00e7a (\u00c1frica) ou pelo Canal do Panam\u00e1 (Am\u00e9rica do Norte).<br><br>De acordo com P\u00eara, \u00e9 poss\u00edvel utilizar navios super-Panamax, um pouco maiores que os atuais, e tamb\u00e9m ter vantagens competitivas para o transporte das mercadorias. O problema \u00e9 o ped\u00e1gio cobrado para atravessar o canal.<br><br>&#8220;A passagem n\u00e3o era atrativa. Tirava a competitividade. \u00c9 preciso ter boas negocia\u00e7\u00f5es com eles para conseguir reduzir os pre\u00e7os e tornar competitivo. Isso pode ser fomentado&#8221;, disse P\u00eara.<\/p>\n","protected":false},"excerpt":{"rendered":"<p>Dimmi Amora, da&nbsp;Ag\u00eancia iNFRA O Esalq-Log (Grupo de Pesquisa em Extens\u00e3o em Log\u00edstica) da Escola Superior de Agricultura Luiz Queiroz, da USP, iniciou estudos para avaliar uma nova log\u00edstica para o transporte internacional de gr\u00e3os que chegam aos terminais portu\u00e1rios do Arco Norte, utilizando os supernavios capesize. O trabalho est\u00e1 sendo realizado por causa da [&hellip;]<\/p>\n","protected":false},"author":9,"featured_media":7537,"comment_status":"closed","ping_status":"closed","sticky":false,"template":"","format":"standard","meta":{"_monsterinsights_skip_tracking":false,"_monsterinsights_sitenote_active":false,"_monsterinsights_sitenote_note":"","_monsterinsights_sitenote_category":0,"footnotes":""},"categories":[1,7],"tags":[663,4551,1324,4553,4552,4546,3162,1728,4549,3165,373,4514,66,108,4548,4550,856,4554,4545,623,4547,617,2868],"class_list":["post-7536","post","type-post","status-publish","format-standard","has-post-thumbnail","hentry","category-geral","category-infratransporte","tag-agronegocio","tag-alcantara","tag-arco-norte","tag-cabo-da-boa-esperanca","tag-canal-do-panama","tag-capesize","tag-cargas","tag-china","tag-commodity","tag-competitividade","tag-esalq-log","tag-graos","tag-logistica","tag-mato-grosso","tag-panamax","tag-sao-luis","tag-sistema-ferroviario","tag-super-panamax","tag-supernavios","tag-terminais-portuarios","tag-thiago-pera","tag-transporte","tag-vila-do-conde"],"yoast_head":"<!-- This site is optimized with the Yoast SEO Premium plugin v25.4 (Yoast SEO v26.0) - https:\/\/yoast.com\/wordpress\/plugins\/seo\/ -->\n<title>Esalq vai estudar nova log\u00edstica com supernavios para transporte de gr\u00e3os no Arco Norte - Ag\u00eancia iNFRA<\/title>\n<meta name=\"robots\" content=\"index, follow, max-snippet:-1, max-image-preview:large, max-video-preview:-1\" \/>\n<link rel=\"canonical\" href=\"https:\/\/agenciainfra.com\/blog\/esalq-vai-estudar-nova-logistica-com-supernavios-para-transporte-de-graos-no-arco-norte\/\" \/>\n<meta property=\"og:locale\" content=\"pt_BR\" \/>\n<meta property=\"og:type\" content=\"article\" \/>\n<meta property=\"og:title\" content=\"Esalq vai estudar nova log\u00edstica com supernavios para transporte de gr\u00e3os no Arco Norte\" \/>\n<meta property=\"og:description\" content=\"Dimmi Amora, da&nbsp;Ag\u00eancia iNFRA O Esalq-Log (Grupo de Pesquisa em Extens\u00e3o em Log\u00edstica) da Escola Superior de Agricultura Luiz Queiroz, da USP, iniciou estudos para avaliar uma nova log\u00edstica para o transporte internacional de gr\u00e3os que chegam aos terminais portu\u00e1rios do Arco Norte, utilizando os supernavios capesize. O trabalho est\u00e1 sendo realizado por causa da [&hellip;]\" \/>\n<meta property=\"og:url\" content=\"https:\/\/agenciainfra.com\/blog\/esalq-vai-estudar-nova-logistica-com-supernavios-para-transporte-de-graos-no-arco-norte\/\" \/>\n<meta property=\"og:site_name\" content=\"Ag\u00eancia iNFRA\" \/>\n<meta property=\"article:publisher\" content=\"https:\/\/www.facebook.com\/ageninfra\" \/>\n<meta property=\"article:published_time\" content=\"2021-06-26T11:00:00+00:00\" \/>\n<meta property=\"og:image\" content=\"https:\/\/agenciainfra.com\/blog\/wp-content\/uploads\/2021\/06\/capesize-foto-dominio-publico.jpg\" \/>\n\t<meta property=\"og:image:width\" content=\"1280\" \/>\n\t<meta property=\"og:image:height\" content=\"852\" \/>\n\t<meta property=\"og:image:type\" content=\"image\/jpeg\" \/>\n<meta name=\"author\" content=\"Rodrigo Zuquim\" \/>\n<meta name=\"twitter:card\" content=\"summary_large_image\" \/>\n<meta name=\"twitter:creator\" content=\"@agencia_infra\" \/>\n<meta name=\"twitter:site\" content=\"@agencia_infra\" \/>\n<meta name=\"twitter:label1\" content=\"Escrito por\" \/>\n\t<meta name=\"twitter:data1\" content=\"Rodrigo Zuquim\" \/>\n\t<meta name=\"twitter:label2\" content=\"Est. tempo de leitura\" \/>\n\t<meta name=\"twitter:data2\" content=\"3 minutos\" \/>\n<script type=\"application\/ld+json\" class=\"yoast-schema-graph\">{\"@context\":\"https:\/\/schema.org\",\"@graph\":[{\"@type\":\"Article\",\"@id\":\"https:\/\/agenciainfra.com\/blog\/esalq-vai-estudar-nova-logistica-com-supernavios-para-transporte-de-graos-no-arco-norte\/#article\",\"isPartOf\":{\"@id\":\"https:\/\/agenciainfra.com\/blog\/esalq-vai-estudar-nova-logistica-com-supernavios-para-transporte-de-graos-no-arco-norte\/\"},\"author\":{\"name\":\"Rodrigo Zuquim\",\"@id\":\"https:\/\/agenciainfra.com\/blog\/#\/schema\/person\/04dbb79bd6d8951f063da71f3e4c1eb1\"},\"headline\":\"Esalq vai estudar nova log\u00edstica com supernavios para transporte de gr\u00e3os no Arco Norte\",\"datePublished\":\"2021-06-26T11:00:00+00:00\",\"mainEntityOfPage\":{\"@id\":\"https:\/\/agenciainfra.com\/blog\/esalq-vai-estudar-nova-logistica-com-supernavios-para-transporte-de-graos-no-arco-norte\/\"},\"wordCount\":574,\"publisher\":{\"@id\":\"https:\/\/agenciainfra.com\/blog\/#organization\"},\"image\":{\"@id\":\"https:\/\/agenciainfra.com\/blog\/esalq-vai-estudar-nova-logistica-com-supernavios-para-transporte-de-graos-no-arco-norte\/#primaryimage\"},\"thumbnailUrl\":\"https:\/\/agenciainfra.com\/blog\/wp-content\/uploads\/2021\/06\/capesize-foto-dominio-publico.jpg\",\"keywords\":[\"agroneg\u00f3cio\",\"Alc\u00e2ntara\",\"Arco Norte\",\"Cabo da Boa Esperan\u00e7a\",\"Canal do Panam\u00e1\",\"capesize\",\"cargas\",\"China\",\"commodity\",\"competitividade\",\"ESALQ-LOG\",\"gr\u00e3os\",\"log\u00edstica\",\"Mato Grosso\",\"Panamax\",\"S\u00e3o Lu\u00eds\",\"sistema ferrovi\u00e1rio\",\"super-Panamax\",\"supernavios\",\"terminais portu\u00e1rios\",\"Thiago P\u00eara\",\"transporte\",\"Vila do Conde\"],\"articleSection\":[\"Geral\",\"iNFRATransporte\"],\"inLanguage\":\"pt-BR\",\"copyrightYear\":\"2021\",\"copyrightHolder\":{\"@id\":\"https:\/\/agenciainfra.com\/blog\/#organization\"}},{\"@type\":\"WebPage\",\"@id\":\"https:\/\/agenciainfra.com\/blog\/esalq-vai-estudar-nova-logistica-com-supernavios-para-transporte-de-graos-no-arco-norte\/\",\"url\":\"https:\/\/agenciainfra.com\/blog\/esalq-vai-estudar-nova-logistica-com-supernavios-para-transporte-de-graos-no-arco-norte\/\",\"name\":\"Esalq vai estudar nova log\u00edstica com supernavios para transporte de gr\u00e3os no Arco Norte - Ag\u00eancia iNFRA\",\"isPartOf\":{\"@id\":\"https:\/\/agenciainfra.com\/blog\/#website\"},\"primaryImageOfPage\":{\"@id\":\"https:\/\/agenciainfra.com\/blog\/esalq-vai-estudar-nova-logistica-com-supernavios-para-transporte-de-graos-no-arco-norte\/#primaryimage\"},\"image\":{\"@id\":\"https:\/\/agenciainfra.com\/blog\/esalq-vai-estudar-nova-logistica-com-supernavios-para-transporte-de-graos-no-arco-norte\/#primaryimage\"},\"thumbnailUrl\":\"https:\/\/agenciainfra.com\/blog\/wp-content\/uploads\/2021\/06\/capesize-foto-dominio-publico.jpg\",\"datePublished\":\"2021-06-26T11:00:00+00:00\",\"breadcrumb\":{\"@id\":\"https:\/\/agenciainfra.com\/blog\/esalq-vai-estudar-nova-logistica-com-supernavios-para-transporte-de-graos-no-arco-norte\/#breadcrumb\"},\"inLanguage\":\"pt-BR\",\"potentialAction\":[{\"@type\":\"ReadAction\",\"target\":[\"https:\/\/agenciainfra.com\/blog\/esalq-vai-estudar-nova-logistica-com-supernavios-para-transporte-de-graos-no-arco-norte\/\"]}]},{\"@type\":\"ImageObject\",\"inLanguage\":\"pt-BR\",\"@id\":\"https:\/\/agenciainfra.com\/blog\/esalq-vai-estudar-nova-logistica-com-supernavios-para-transporte-de-graos-no-arco-norte\/#primaryimage\",\"url\":\"https:\/\/agenciainfra.com\/blog\/wp-content\/uploads\/2021\/06\/capesize-foto-dominio-publico.jpg\",\"contentUrl\":\"https:\/\/agenciainfra.com\/blog\/wp-content\/uploads\/2021\/06\/capesize-foto-dominio-publico.jpg\",\"width\":1280,\"height\":852},{\"@type\":\"BreadcrumbList\",\"@id\":\"https:\/\/agenciainfra.com\/blog\/esalq-vai-estudar-nova-logistica-com-supernavios-para-transporte-de-graos-no-arco-norte\/#breadcrumb\",\"itemListElement\":[{\"@type\":\"ListItem\",\"position\":1,\"name\":\"In\u00edcio\",\"item\":\"https:\/\/agenciainfra.com\/blog\/\"},{\"@type\":\"ListItem\",\"position\":2,\"name\":\"Esalq vai estudar nova log\u00edstica com supernavios para transporte de gr\u00e3os no Arco Norte\"}]},{\"@type\":\"WebSite\",\"@id\":\"https:\/\/agenciainfra.com\/blog\/#website\",\"url\":\"https:\/\/agenciainfra.com\/blog\/\",\"name\":\"Ag\u00eancia iNFRA\",\"description\":\"Multiplataforma de informa\u00e7\u00e3o jornal\u00edstica refer\u00eancia na \u00e1rea de infraestrutura no Brasil!\",\"publisher\":{\"@id\":\"https:\/\/agenciainfra.com\/blog\/#organization\"},\"potentialAction\":[{\"@type\":\"SearchAction\",\"target\":{\"@type\":\"EntryPoint\",\"urlTemplate\":\"https:\/\/agenciainfra.com\/blog\/?s={search_term_string}\"},\"query-input\":{\"@type\":\"PropertyValueSpecification\",\"valueRequired\":true,\"valueName\":\"search_term_string\"}}],\"inLanguage\":\"pt-BR\"},{\"@type\":\"Organization\",\"@id\":\"https:\/\/agenciainfra.com\/blog\/#organization\",\"name\":\"Ag\u00eancia iNFRA\",\"url\":\"https:\/\/agenciainfra.com\/blog\/\",\"logo\":{\"@type\":\"ImageObject\",\"inLanguage\":\"pt-BR\",\"@id\":\"https:\/\/agenciainfra.com\/blog\/#\/schema\/logo\/image\/\",\"url\":\"https:\/\/agenciainfra.com\/blog\/wp-content\/uploads\/2023\/09\/iNFRA_5-e1761735885940.png\",\"contentUrl\":\"https:\/\/agenciainfra.com\/blog\/wp-content\/uploads\/2023\/09\/iNFRA_5-e1761735885940.png\",\"width\":1672,\"height\":454,\"caption\":\"Ag\u00eancia iNFRA\"},\"image\":{\"@id\":\"https:\/\/agenciainfra.com\/blog\/#\/schema\/logo\/image\/\"},\"sameAs\":[\"https:\/\/www.facebook.com\/ageninfra\",\"https:\/\/x.com\/agencia_infra\",\"https:\/\/www.linkedin.com\/company\/ag\u00eanciainfra\/\",\"https:\/\/www.instagram.com\/agenciainfra\/\"]},{\"@type\":\"Person\",\"@id\":\"https:\/\/agenciainfra.com\/blog\/#\/schema\/person\/04dbb79bd6d8951f063da71f3e4c1eb1\",\"name\":\"Rodrigo Zuquim\",\"image\":{\"@type\":\"ImageObject\",\"inLanguage\":\"pt-BR\",\"@id\":\"https:\/\/agenciainfra.com\/blog\/#\/schema\/person\/image\/\",\"url\":\"https:\/\/secure.gravatar.com\/avatar\/594abfe82761d620726242ff34ca472a705a4b97f16c790053a6b4c4035274d0?s=96&d=mm&r=g\",\"contentUrl\":\"https:\/\/secure.gravatar.com\/avatar\/594abfe82761d620726242ff34ca472a705a4b97f16c790053a6b4c4035274d0?s=96&d=mm&r=g\",\"caption\":\"Rodrigo Zuquim\"},\"url\":\"https:\/\/agenciainfra.com\/blog\/author\/rodrigo-zuquim\/\"}]}<\/script>\n<!-- \/ Yoast SEO Premium plugin. -->","yoast_head_json":{"title":"Esalq vai estudar nova log\u00edstica com supernavios para transporte de gr\u00e3os no Arco Norte - Ag\u00eancia iNFRA","robots":{"index":"index","follow":"follow","max-snippet":"max-snippet:-1","max-image-preview":"max-image-preview:large","max-video-preview":"max-video-preview:-1"},"canonical":"https:\/\/agenciainfra.com\/blog\/esalq-vai-estudar-nova-logistica-com-supernavios-para-transporte-de-graos-no-arco-norte\/","og_locale":"pt_BR","og_type":"article","og_title":"Esalq vai estudar nova log\u00edstica com supernavios para transporte de gr\u00e3os no Arco Norte","og_description":"Dimmi Amora, da&nbsp;Ag\u00eancia iNFRA O Esalq-Log (Grupo de Pesquisa em Extens\u00e3o em Log\u00edstica) da Escola Superior de Agricultura Luiz Queiroz, da USP, iniciou estudos para avaliar uma nova log\u00edstica para o transporte internacional de gr\u00e3os que chegam aos terminais portu\u00e1rios do Arco Norte, utilizando os supernavios capesize. O trabalho est\u00e1 sendo realizado por causa da [&hellip;]","og_url":"https:\/\/agenciainfra.com\/blog\/esalq-vai-estudar-nova-logistica-com-supernavios-para-transporte-de-graos-no-arco-norte\/","og_site_name":"Ag\u00eancia iNFRA","article_publisher":"https:\/\/www.facebook.com\/ageninfra","article_published_time":"2021-06-26T11:00:00+00:00","og_image":[{"width":1280,"height":852,"url":"https:\/\/agenciainfra.com\/blog\/wp-content\/uploads\/2021\/06\/capesize-foto-dominio-publico.jpg","type":"image\/jpeg"}],"author":"Rodrigo Zuquim","twitter_card":"summary_large_image","twitter_creator":"@agencia_infra","twitter_site":"@agencia_infra","twitter_misc":{"Escrito por":"Rodrigo Zuquim","Est. tempo de leitura":"3 minutos"},"schema":{"@context":"https:\/\/schema.org","@graph":[{"@type":"Article","@id":"https:\/\/agenciainfra.com\/blog\/esalq-vai-estudar-nova-logistica-com-supernavios-para-transporte-de-graos-no-arco-norte\/#article","isPartOf":{"@id":"https:\/\/agenciainfra.com\/blog\/esalq-vai-estudar-nova-logistica-com-supernavios-para-transporte-de-graos-no-arco-norte\/"},"author":{"name":"Rodrigo Zuquim","@id":"https:\/\/agenciainfra.com\/blog\/#\/schema\/person\/04dbb79bd6d8951f063da71f3e4c1eb1"},"headline":"Esalq vai estudar nova log\u00edstica com supernavios para transporte de gr\u00e3os no Arco Norte","datePublished":"2021-06-26T11:00:00+00:00","mainEntityOfPage":{"@id":"https:\/\/agenciainfra.com\/blog\/esalq-vai-estudar-nova-logistica-com-supernavios-para-transporte-de-graos-no-arco-norte\/"},"wordCount":574,"publisher":{"@id":"https:\/\/agenciainfra.com\/blog\/#organization"},"image":{"@id":"https:\/\/agenciainfra.com\/blog\/esalq-vai-estudar-nova-logistica-com-supernavios-para-transporte-de-graos-no-arco-norte\/#primaryimage"},"thumbnailUrl":"https:\/\/agenciainfra.com\/blog\/wp-content\/uploads\/2021\/06\/capesize-foto-dominio-publico.jpg","keywords":["agroneg\u00f3cio","Alc\u00e2ntara","Arco Norte","Cabo da Boa Esperan\u00e7a","Canal do Panam\u00e1","capesize","cargas","China","commodity","competitividade","ESALQ-LOG","gr\u00e3os","log\u00edstica","Mato Grosso","Panamax","S\u00e3o Lu\u00eds","sistema ferrovi\u00e1rio","super-Panamax","supernavios","terminais portu\u00e1rios","Thiago P\u00eara","transporte","Vila do Conde"],"articleSection":["Geral","iNFRATransporte"],"inLanguage":"pt-BR","copyrightYear":"2021","copyrightHolder":{"@id":"https:\/\/agenciainfra.com\/blog\/#organization"}},{"@type":"WebPage","@id":"https:\/\/agenciainfra.com\/blog\/esalq-vai-estudar-nova-logistica-com-supernavios-para-transporte-de-graos-no-arco-norte\/","url":"https:\/\/agenciainfra.com\/blog\/esalq-vai-estudar-nova-logistica-com-supernavios-para-transporte-de-graos-no-arco-norte\/","name":"Esalq vai estudar nova log\u00edstica com supernavios para transporte de gr\u00e3os no Arco Norte - Ag\u00eancia iNFRA","isPartOf":{"@id":"https:\/\/agenciainfra.com\/blog\/#website"},"primaryImageOfPage":{"@id":"https:\/\/agenciainfra.com\/blog\/esalq-vai-estudar-nova-logistica-com-supernavios-para-transporte-de-graos-no-arco-norte\/#primaryimage"},"image":{"@id":"https:\/\/agenciainfra.com\/blog\/esalq-vai-estudar-nova-logistica-com-supernavios-para-transporte-de-graos-no-arco-norte\/#primaryimage"},"thumbnailUrl":"https:\/\/agenciainfra.com\/blog\/wp-content\/uploads\/2021\/06\/capesize-foto-dominio-publico.jpg","datePublished":"2021-06-26T11:00:00+00:00","breadcrumb":{"@id":"https:\/\/agenciainfra.com\/blog\/esalq-vai-estudar-nova-logistica-com-supernavios-para-transporte-de-graos-no-arco-norte\/#breadcrumb"},"inLanguage":"pt-BR","potentialAction":[{"@type":"ReadAction","target":["https:\/\/agenciainfra.com\/blog\/esalq-vai-estudar-nova-logistica-com-supernavios-para-transporte-de-graos-no-arco-norte\/"]}]},{"@type":"ImageObject","inLanguage":"pt-BR","@id":"https:\/\/agenciainfra.com\/blog\/esalq-vai-estudar-nova-logistica-com-supernavios-para-transporte-de-graos-no-arco-norte\/#primaryimage","url":"https:\/\/agenciainfra.com\/blog\/wp-content\/uploads\/2021\/06\/capesize-foto-dominio-publico.jpg","contentUrl":"https:\/\/agenciainfra.com\/blog\/wp-content\/uploads\/2021\/06\/capesize-foto-dominio-publico.jpg","width":1280,"height":852},{"@type":"BreadcrumbList","@id":"https:\/\/agenciainfra.com\/blog\/esalq-vai-estudar-nova-logistica-com-supernavios-para-transporte-de-graos-no-arco-norte\/#breadcrumb","itemListElement":[{"@type":"ListItem","position":1,"name":"In\u00edcio","item":"https:\/\/agenciainfra.com\/blog\/"},{"@type":"ListItem","position":2,"name":"Esalq vai estudar nova log\u00edstica com supernavios para transporte de gr\u00e3os no Arco Norte"}]},{"@type":"WebSite","@id":"https:\/\/agenciainfra.com\/blog\/#website","url":"https:\/\/agenciainfra.com\/blog\/","name":"Ag\u00eancia iNFRA","description":"Multiplataforma de informa\u00e7\u00e3o jornal\u00edstica refer\u00eancia na \u00e1rea de infraestrutura no Brasil!","publisher":{"@id":"https:\/\/agenciainfra.com\/blog\/#organization"},"potentialAction":[{"@type":"SearchAction","target":{"@type":"EntryPoint","urlTemplate":"https:\/\/agenciainfra.com\/blog\/?s={search_term_string}"},"query-input":{"@type":"PropertyValueSpecification","valueRequired":true,"valueName":"search_term_string"}}],"inLanguage":"pt-BR"},{"@type":"Organization","@id":"https:\/\/agenciainfra.com\/blog\/#organization","name":"Ag\u00eancia iNFRA","url":"https:\/\/agenciainfra.com\/blog\/","logo":{"@type":"ImageObject","inLanguage":"pt-BR","@id":"https:\/\/agenciainfra.com\/blog\/#\/schema\/logo\/image\/","url":"https:\/\/agenciainfra.com\/blog\/wp-content\/uploads\/2023\/09\/iNFRA_5-e1761735885940.png","contentUrl":"https:\/\/agenciainfra.com\/blog\/wp-content\/uploads\/2023\/09\/iNFRA_5-e1761735885940.png","width":1672,"height":454,"caption":"Ag\u00eancia iNFRA"},"image":{"@id":"https:\/\/agenciainfra.com\/blog\/#\/schema\/logo\/image\/"},"sameAs":["https:\/\/www.facebook.com\/ageninfra","https:\/\/x.com\/agencia_infra","https:\/\/www.linkedin.com\/company\/ag\u00eanciainfra\/","https:\/\/www.instagram.com\/agenciainfra\/"]},{"@type":"Person","@id":"https:\/\/agenciainfra.com\/blog\/#\/schema\/person\/04dbb79bd6d8951f063da71f3e4c1eb1","name":"Rodrigo Zuquim","image":{"@type":"ImageObject","inLanguage":"pt-BR","@id":"https:\/\/agenciainfra.com\/blog\/#\/schema\/person\/image\/","url":"https:\/\/secure.gravatar.com\/avatar\/594abfe82761d620726242ff34ca472a705a4b97f16c790053a6b4c4035274d0?s=96&d=mm&r=g","contentUrl":"https:\/\/secure.gravatar.com\/avatar\/594abfe82761d620726242ff34ca472a705a4b97f16c790053a6b4c4035274d0?s=96&d=mm&r=g","caption":"Rodrigo Zuquim"},"url":"https:\/\/agenciainfra.com\/blog\/author\/rodrigo-zuquim\/"}]}},"_links":{"self":[{"href":"https:\/\/agenciainfra.com\/blog\/wp-json\/wp\/v2\/posts\/7536","targetHints":{"allow":["GET"]}}],"collection":[{"href":"https:\/\/agenciainfra.com\/blog\/wp-json\/wp\/v2\/posts"}],"about":[{"href":"https:\/\/agenciainfra.com\/blog\/wp-json\/wp\/v2\/types\/post"}],"author":[{"embeddable":true,"href":"https:\/\/agenciainfra.com\/blog\/wp-json\/wp\/v2\/users\/9"}],"replies":[{"embeddable":true,"href":"https:\/\/agenciainfra.com\/blog\/wp-json\/wp\/v2\/comments?post=7536"}],"version-history":[{"count":0,"href":"https:\/\/agenciainfra.com\/blog\/wp-json\/wp\/v2\/posts\/7536\/revisions"}],"wp:featuredmedia":[{"embeddable":true,"href":"https:\/\/agenciainfra.com\/blog\/wp-json\/wp\/v2\/media\/7537"}],"wp:attachment":[{"href":"https:\/\/agenciainfra.com\/blog\/wp-json\/wp\/v2\/media?parent=7536"}],"wp:term":[{"taxonomy":"category","embeddable":true,"href":"https:\/\/agenciainfra.com\/blog\/wp-json\/wp\/v2\/categories?post=7536"},{"taxonomy":"post_tag","embeddable":true,"href":"https:\/\/agenciainfra.com\/blog\/wp-json\/wp\/v2\/tags?post=7536"}],"curies":[{"name":"wp","href":"https:\/\/api.w.org\/{rel}","templated":true}]}}