{"id":7539,"date":"2021-06-28T08:00:00","date_gmt":"2021-06-28T11:00:00","guid":{"rendered":"https:\/\/www.agenciainfra.com\/blog\/?p=7539"},"modified":"2021-06-25T11:21:00","modified_gmt":"2021-06-25T14:21:00","slug":"bancos-de-varejo-buscam-ministerio-da-infraestrutura-para-trabalhar-com-o-dt-e","status":"publish","type":"post","link":"https:\/\/agenciainfra.com\/blog\/bancos-de-varejo-buscam-ministerio-da-infraestrutura-para-trabalhar-com-o-dt-e\/","title":{"rendered":"Bancos de varejo buscam Minist\u00e9rio da Infraestrutura para trabalhar com o DT-e"},"content":{"rendered":"\n<hr class=\"wp-block-separator\"\/>\n\n\n\n<p class=\"has-text-align-right\"><strong>Dimmi Amora, da&nbsp;Ag\u00eancia iNFRA<\/strong><\/p>\n\n\n\n<p>O Minist\u00e9rio da Infraestrutura est\u00e1 com conversas abertas com bancos de varejo para que eles possam criar produtos voltados para caminhoneiros, utilizando-se das ferramentas que v\u00e3o ser criadas com a regulamenta\u00e7\u00e3o do DT-e (Documento Eletr\u00f4nico de Transporte).<br><br>O documento eletr\u00f4nico foi criado por meio da Medida Provis\u00f3ria 1.051, que est\u00e1 em tramita\u00e7\u00e3o no Congresso desde maio. A inten\u00e7\u00e3o \u00e9 unificar todos os documentos necess\u00e1rios de transportes em uma \u00fanica permiss\u00e3o, eletr\u00f4nica, e tamb\u00e9m ser uma esp\u00e9cie de meio de pagamento oficial para caminhoneiros aut\u00f4nomos.\u00a0<br><br>A defesa do governo \u00e9 que o sistema reduzir\u00e1\u00a0a burocracia e os custos de fiscaliza\u00e7\u00e3o, al\u00e9m de ampliar as possibilidades de negocia\u00e7\u00e3o entre caminhoneiros aut\u00f4nomos e embarcadores, que s\u00e3o os donos das cargas.<br><br>Entre documentos fiscais e as autoriza\u00e7\u00f5es necess\u00e1rias ao transporte de carga, como\u00a0para transporte de cargas vivas, ou o registro do frete, por exemplo, o minist\u00e9rio identificou cerca de 90 documentos que podem ser solicitados aos caminhoneiros durante uma viagem.\u00a0A ideia \u00e9 que todos os documentos federais para transporte, 40 deles s\u00f3 da pr\u00f3pria pasta da Infraestrutura, sejam unificados num s\u00f3, nas\u00a0duas primeiras etapas de implanta\u00e7\u00e3o, que v\u00e3o\u00a0at\u00e9 o ano de 2023.<br><br>Segundo Marcelo Sampaio, secret\u00e1rio-executivo do Minist\u00e9rio da Infraestrutura e que lidera o projeto desde seu in\u00edcio, a procura dos bancos decorre da simplifica\u00e7\u00e3o que o DT-e vai gerar para o sistema de pagamento aos caminhoneiros aut\u00f4nomos. Entre as institui\u00e7\u00f5es que j\u00e1 procuraram o minist\u00e9rio est\u00e1 o BRB (Banco de Bras\u00edlia), que est\u00e1 com propostas avan\u00e7adas para produtos nesse setor, e o Banco do Brasil.<br><br><strong>Intermedia\u00e7\u00e3o<\/strong><br>Por causa da grande quantidade de documentos atualmente necess\u00e1ria para que os caminhoneiros possam transitar, surgiu um mercado de intermedia\u00e7\u00e3o entre aut\u00f4nomos e embarcadores, ou donos de cargas. Esse mercado de intermedia\u00e7\u00e3o \u00e9 feito por empresas especializadas ou algumas transportadoras.<br><br>A MP do DT-e pretende que essa fun\u00e7\u00e3o de regulariza\u00e7\u00e3o do transporte possa ser feita tamb\u00e9m pelos embarcadores e pelos pr\u00f3prios aut\u00f4nomos, por meio de cooperativas. Segundo ele, no mercado atual, os caminhoneiros aut\u00f4nomos s\u00e3o os mais prejudicados.<br><br>Na estimativa feita pelo minist\u00e9rio, os caminhoneiros acabam recebendo em m\u00e9dia 13% do que \u00e9 pago pelos embarcadores. Do restante, 47% fica para pagar custos do transportador\u00a0e 40%, com os atravessadores.<br><br>&#8220;A gente sabe que a intermedia\u00e7\u00e3o tem custos, mas n\u00e3o acreditamos que seja isso. O que desejamos \u00e9 que tenha transpar\u00eancia e concorr\u00eancia nesse setor&#8221;, disse o secret\u00e1rio, informando que isso est\u00e1 incentivando a entrada do setor financeiro no processo de pagamento do transporte.<br><br>&#8220;Eles agora est\u00e3o observando que podem oferecer esse meio de pagamento, que tem business. S\u00e3o mais de 2 milh\u00f5es de caminhoneiros que eles podem incorporar ao sistema, oferecendo outros produtos e servi\u00e7os&#8221;, afirmou o secret\u00e1rio.<br><br><strong>Carta frete<\/strong><br>A bancariza\u00e7\u00e3o dos caminhoneiros aut\u00f4nomos \u00e9 uma das apostas do governo nesse projeto. A ideia \u00e9 que isso reduza custos que eles t\u00eam nas estradas e acabe de vez com uma pr\u00e1tica que \u00e9 proibida, mas segue acontecendo, a chamada carta frete.<br><br>Nesse modelo de pagamento, os aut\u00f4nomos recebem os recursos num meio de pagamento que s\u00f3 pode ser usado em alguns lugares previamente especificados, muitas vezes com custos mais elevados que para quem paga em moeda ou cart\u00e3o, por exemplo.<\/p>\n\n\n\n<p><strong>Negocia\u00e7\u00e3o para unificar tamb\u00e9m documentos fiscais segue, diz secret\u00e1rio<\/strong><br>Para que o projeto do DT-e fique de p\u00e9, \u00e9 necess\u00e1rio aprovar a MP, que tem enfrentado resist\u00eancia na tramita\u00e7\u00e3o. Os primeiros 60 dias da MP vencem em 17 de julho e ela pode ser prorrogada por mais 60 dias. Segundo Marcelo Sampaio, a rea\u00e7\u00e3o era esperada, e, por isso, a proposta de execu\u00e7\u00e3o do DT-e prev\u00ea uma transi\u00e7\u00e3o longa, de pelo menos tr\u00eas anos.<br><br>No momento, segundo Sampaio, o governo trabalha para combater fake news contra o projeto, como a que diz que o DT-e vai ser um documento a mais, sem acabar com outros,\u00a0ou a que os caminhoneiros v\u00e3o perder a privacidade.\u00a0<br><br>H\u00e1 tamb\u00e9m, segundo Sampaio, uma boa coordena\u00e7\u00e3o com o relator da proposta, o deputado Jer\u00f4nimo Goergen (PP-RS), que est\u00e1 pr\u00f3ximo de apresentar seu relat\u00f3rio, e que tamb\u00e9m tem sido fundamental para que o projeto possa ser levado para o plen\u00e1rio.<br><br>&#8220;O relator tem trabalhado muito, em conjunto conosco, pedindo informa\u00e7\u00f5es para poder basear seu relat\u00f3rio&#8221;, informou o secret\u00e1rio-executivo, afirmando que o governo j\u00e1 apresentou ao relator com quais emendas tem concord\u00e2ncia.<br><br><strong>Modelo aberto<\/strong><br>Al\u00e9m disso, o governo prepara o modelo em que vai ser poss\u00edvel aos usu\u00e1rios fazer a entrada de dados para receber o DT-e. Segundo Mariana Pescatori, diretora do minist\u00e9rio que est\u00e1 \u00e0 frente do projeto, as empresas v\u00e3o poder usar programas pr\u00f3prios para fazer a entrada de dados.<br><br>Os dados enviados pelos usu\u00e1rios passar\u00e3o por uma checagem dentro dos sistemas do governo. \u00c9 a\u00ed que ser\u00e1 emitido o DT-e, que, segundo Pescatori, passa a ser o documento que ser\u00e1 utilizado para fiscalizar os transportadores.<br><br>De acordo com ela, a proposta \u00e9 que o documento eletr\u00f4nico possa ser emitido ainda que existam pend\u00eancias, que ser\u00e3o apontadas no documento, mas que n\u00e3o v\u00e3o impedir o caminhoneiro de transportar.<br><br>A forma como ser\u00e1 poss\u00edvel fiscalizar \u00e9 considerada um dos principais ganhos do sistema, j\u00e1 que ser\u00e1 poss\u00edvel identificar os caminh\u00f5es que tenham maiores problemas. A ideia \u00e9 que p\u00f3rticos ao longo das estradas possam identificar automaticamente os dados do DT-e e comunicar \u00e0 fiscaliza\u00e7\u00e3o sobre irregularidades.<br><br><strong>Documentos fiscais<\/strong><br>Outra resist\u00eancia a ser vencida, segundo Marcelo Sampaio, \u00e9 em rela\u00e7\u00e3o aos documentos fiscais dos estados, considerados fundamentais para efetivamente reduzir a burocracia e racionalizar a fiscaliza\u00e7\u00e3o. Segundo ele, a MP n\u00e3o obriga os estados a aderirem, mas j\u00e1 h\u00e1 pelo menos seis estados que conversam com o governo federal para entrar no sistema.<br><br>O Confaz, que \u00e9 o \u00f3rg\u00e3o que re\u00fane as secretarias de fazenda dos estados, tamb\u00e9m tem um projeto de unifica\u00e7\u00e3o dos documentos fiscais. Segundo Sampaio, houve uma tentativa em reuni\u00f5es de que os documentos n\u00e3o fiscais fossem agregados a eles, mas elas n\u00e3o avan\u00e7aram e, por isso, o governo federal decidiu criar o DT-e por MP.<br><br>O secret\u00e1rio afirmou que a ideia do governo segue sendo a de fazer uma unifica\u00e7\u00e3o dos sistemas, mas, se ao final n\u00e3o for poss\u00edvel, podem ficar dois documentos.<br><br>&#8220;O que j\u00e1 vai ser um luxo. Para quem tinha 90 ter dois&#8221;, disse Sampaio.<\/p>\n","protected":false},"excerpt":{"rendered":"<p>Dimmi Amora, da&nbsp;Ag\u00eancia iNFRA O Minist\u00e9rio da Infraestrutura est\u00e1 com conversas abertas com bancos de varejo para que eles possam criar produtos voltados para caminhoneiros, utilizando-se das ferramentas que v\u00e3o ser criadas com a regulamenta\u00e7\u00e3o do DT-e (Documento Eletr\u00f4nico de Transporte). O documento eletr\u00f4nico foi criado por meio da Medida Provis\u00f3ria 1.051, que est\u00e1 em [&hellip;]<\/p>\n","protected":false},"author":9,"featured_media":7540,"comment_status":"closed","ping_status":"closed","sticky":false,"template":"","format":"standard","meta":{"_monsterinsights_skip_tracking":false,"_monsterinsights_sitenote_active":false,"_monsterinsights_sitenote_note":"","_monsterinsights_sitenote_category":0,"footnotes":""},"categories":[1,7],"tags":[299,4558,1051,4555,4557,269,618,4559,4427,2322,4428,380,34,4429,997,4430,775,4297,4556,70],"class_list":["post-7539","post","type-post","status-publish","format-standard","has-post-thumbnail","hentry","category-geral","category-infratransporte","tag-autonomos","tag-banco-de-brasilia","tag-banco-do-brasil","tag-bancos-de-varejo","tag-brb","tag-caminhoneiros","tag-carga","tag-confaz","tag-documento-eletronico-de-transporte","tag-dt-e","tag-embarcadores","tag-fiscalizacao","tag-infraestrutura","tag-jeronimo-goergen","tag-marcelo-sampaio","tag-mariana-pescatori","tag-ministerio-da-infraestrutura","tag-mp-1-051","tag-simplificacao","tag-transportes"],"yoast_head":"<!-- This site is optimized with the Yoast SEO Premium plugin v25.4 (Yoast SEO v26.0) - https:\/\/yoast.com\/wordpress\/plugins\/seo\/ -->\n<title>Bancos de varejo buscam Minist\u00e9rio da Infraestrutura para trabalhar com o DT-e - Ag\u00eancia iNFRA<\/title>\n<meta name=\"robots\" content=\"index, follow, max-snippet:-1, max-image-preview:large, max-video-preview:-1\" \/>\n<link rel=\"canonical\" href=\"https:\/\/agenciainfra.com\/blog\/bancos-de-varejo-buscam-ministerio-da-infraestrutura-para-trabalhar-com-o-dt-e\/\" \/>\n<meta property=\"og:locale\" content=\"pt_BR\" \/>\n<meta property=\"og:type\" content=\"article\" \/>\n<meta property=\"og:title\" content=\"Bancos de varejo buscam Minist\u00e9rio da Infraestrutura para trabalhar com o DT-e\" \/>\n<meta property=\"og:description\" content=\"Dimmi Amora, da&nbsp;Ag\u00eancia iNFRA O Minist\u00e9rio da Infraestrutura est\u00e1 com conversas abertas com bancos de varejo para que eles possam criar produtos voltados para caminhoneiros, utilizando-se das ferramentas que v\u00e3o ser criadas com a regulamenta\u00e7\u00e3o do DT-e (Documento Eletr\u00f4nico de Transporte). O documento eletr\u00f4nico foi criado por meio da Medida Provis\u00f3ria 1.051, que est\u00e1 em [&hellip;]\" \/>\n<meta property=\"og:url\" content=\"https:\/\/agenciainfra.com\/blog\/bancos-de-varejo-buscam-ministerio-da-infraestrutura-para-trabalhar-com-o-dt-e\/\" \/>\n<meta property=\"og:site_name\" content=\"Ag\u00eancia iNFRA\" \/>\n<meta property=\"article:publisher\" content=\"https:\/\/www.facebook.com\/ageninfra\" \/>\n<meta property=\"article:published_time\" content=\"2021-06-28T11:00:00+00:00\" \/>\n<meta property=\"og:image\" content=\"https:\/\/agenciainfra.com\/blog\/wp-content\/uploads\/2021\/06\/marcelo-sampaio-foto-alberto-ruy-minfra.jpeg\" \/>\n\t<meta property=\"og:image:width\" content=\"1280\" \/>\n\t<meta property=\"og:image:height\" content=\"854\" \/>\n\t<meta property=\"og:image:type\" content=\"image\/jpeg\" \/>\n<meta name=\"author\" content=\"Rodrigo Zuquim\" \/>\n<meta name=\"twitter:card\" content=\"summary_large_image\" \/>\n<meta name=\"twitter:creator\" content=\"@agencia_infra\" \/>\n<meta name=\"twitter:site\" content=\"@agencia_infra\" \/>\n<meta name=\"twitter:label1\" content=\"Escrito por\" \/>\n\t<meta name=\"twitter:data1\" content=\"Rodrigo Zuquim\" \/>\n\t<meta name=\"twitter:label2\" content=\"Est. tempo de leitura\" \/>\n\t<meta name=\"twitter:data2\" content=\"6 minutos\" \/>\n<script type=\"application\/ld+json\" class=\"yoast-schema-graph\">{\"@context\":\"https:\/\/schema.org\",\"@graph\":[{\"@type\":\"Article\",\"@id\":\"https:\/\/agenciainfra.com\/blog\/bancos-de-varejo-buscam-ministerio-da-infraestrutura-para-trabalhar-com-o-dt-e\/#article\",\"isPartOf\":{\"@id\":\"https:\/\/agenciainfra.com\/blog\/bancos-de-varejo-buscam-ministerio-da-infraestrutura-para-trabalhar-com-o-dt-e\/\"},\"author\":{\"name\":\"Rodrigo Zuquim\",\"@id\":\"https:\/\/agenciainfra.com\/blog\/#\/schema\/person\/04dbb79bd6d8951f063da71f3e4c1eb1\"},\"headline\":\"Bancos de varejo buscam Minist\u00e9rio da Infraestrutura para trabalhar com o DT-e\",\"datePublished\":\"2021-06-28T11:00:00+00:00\",\"mainEntityOfPage\":{\"@id\":\"https:\/\/agenciainfra.com\/blog\/bancos-de-varejo-buscam-ministerio-da-infraestrutura-para-trabalhar-com-o-dt-e\/\"},\"wordCount\":1145,\"publisher\":{\"@id\":\"https:\/\/agenciainfra.com\/blog\/#organization\"},\"image\":{\"@id\":\"https:\/\/agenciainfra.com\/blog\/bancos-de-varejo-buscam-ministerio-da-infraestrutura-para-trabalhar-com-o-dt-e\/#primaryimage\"},\"thumbnailUrl\":\"https:\/\/agenciainfra.com\/blog\/wp-content\/uploads\/2021\/06\/marcelo-sampaio-foto-alberto-ruy-minfra.jpeg\",\"keywords\":[\"aut\u00f4nomos\",\"Banco de Bras\u00edlia\",\"Banco do Brasil\",\"bancos de varejo\",\"BRB\",\"caminhoneiros\",\"carga\",\"Confaz\",\"Documento Eletr\u00f4nico de Transporte\",\"DT-e\",\"embarcadores\",\"fiscaliza\u00e7\u00e3o\",\"Infraestrutura\",\"Jer\u00f4nimo Goergen\",\"Marcelo Sampaio\",\"Mariana Pescatori\",\"Minist\u00e9rio da Infraestrutura\",\"MP 1.051\",\"simplifica\u00e7\u00e3o\",\"transportes\"],\"articleSection\":[\"Geral\",\"iNFRATransporte\"],\"inLanguage\":\"pt-BR\",\"copyrightYear\":\"2021\",\"copyrightHolder\":{\"@id\":\"https:\/\/agenciainfra.com\/blog\/#organization\"}},{\"@type\":\"WebPage\",\"@id\":\"https:\/\/agenciainfra.com\/blog\/bancos-de-varejo-buscam-ministerio-da-infraestrutura-para-trabalhar-com-o-dt-e\/\",\"url\":\"https:\/\/agenciainfra.com\/blog\/bancos-de-varejo-buscam-ministerio-da-infraestrutura-para-trabalhar-com-o-dt-e\/\",\"name\":\"Bancos de varejo buscam Minist\u00e9rio da Infraestrutura para trabalhar com o DT-e - Ag\u00eancia iNFRA\",\"isPartOf\":{\"@id\":\"https:\/\/agenciainfra.com\/blog\/#website\"},\"primaryImageOfPage\":{\"@id\":\"https:\/\/agenciainfra.com\/blog\/bancos-de-varejo-buscam-ministerio-da-infraestrutura-para-trabalhar-com-o-dt-e\/#primaryimage\"},\"image\":{\"@id\":\"https:\/\/agenciainfra.com\/blog\/bancos-de-varejo-buscam-ministerio-da-infraestrutura-para-trabalhar-com-o-dt-e\/#primaryimage\"},\"thumbnailUrl\":\"https:\/\/agenciainfra.com\/blog\/wp-content\/uploads\/2021\/06\/marcelo-sampaio-foto-alberto-ruy-minfra.jpeg\",\"datePublished\":\"2021-06-28T11:00:00+00:00\",\"breadcrumb\":{\"@id\":\"https:\/\/agenciainfra.com\/blog\/bancos-de-varejo-buscam-ministerio-da-infraestrutura-para-trabalhar-com-o-dt-e\/#breadcrumb\"},\"inLanguage\":\"pt-BR\",\"potentialAction\":[{\"@type\":\"ReadAction\",\"target\":[\"https:\/\/agenciainfra.com\/blog\/bancos-de-varejo-buscam-ministerio-da-infraestrutura-para-trabalhar-com-o-dt-e\/\"]}]},{\"@type\":\"ImageObject\",\"inLanguage\":\"pt-BR\",\"@id\":\"https:\/\/agenciainfra.com\/blog\/bancos-de-varejo-buscam-ministerio-da-infraestrutura-para-trabalhar-com-o-dt-e\/#primaryimage\",\"url\":\"https:\/\/agenciainfra.com\/blog\/wp-content\/uploads\/2021\/06\/marcelo-sampaio-foto-alberto-ruy-minfra.jpeg\",\"contentUrl\":\"https:\/\/agenciainfra.com\/blog\/wp-content\/uploads\/2021\/06\/marcelo-sampaio-foto-alberto-ruy-minfra.jpeg\",\"width\":1280,\"height\":854},{\"@type\":\"BreadcrumbList\",\"@id\":\"https:\/\/agenciainfra.com\/blog\/bancos-de-varejo-buscam-ministerio-da-infraestrutura-para-trabalhar-com-o-dt-e\/#breadcrumb\",\"itemListElement\":[{\"@type\":\"ListItem\",\"position\":1,\"name\":\"In\u00edcio\",\"item\":\"https:\/\/agenciainfra.com\/blog\/\"},{\"@type\":\"ListItem\",\"position\":2,\"name\":\"Bancos de varejo buscam Minist\u00e9rio da Infraestrutura para trabalhar com o DT-e\"}]},{\"@type\":\"WebSite\",\"@id\":\"https:\/\/agenciainfra.com\/blog\/#website\",\"url\":\"https:\/\/agenciainfra.com\/blog\/\",\"name\":\"Ag\u00eancia iNFRA\",\"description\":\"Multiplataforma de informa\u00e7\u00e3o jornal\u00edstica refer\u00eancia na \u00e1rea de infraestrutura no Brasil!\",\"publisher\":{\"@id\":\"https:\/\/agenciainfra.com\/blog\/#organization\"},\"potentialAction\":[{\"@type\":\"SearchAction\",\"target\":{\"@type\":\"EntryPoint\",\"urlTemplate\":\"https:\/\/agenciainfra.com\/blog\/?s={search_term_string}\"},\"query-input\":{\"@type\":\"PropertyValueSpecification\",\"valueRequired\":true,\"valueName\":\"search_term_string\"}}],\"inLanguage\":\"pt-BR\"},{\"@type\":\"Organization\",\"@id\":\"https:\/\/agenciainfra.com\/blog\/#organization\",\"name\":\"Ag\u00eancia iNFRA\",\"url\":\"https:\/\/agenciainfra.com\/blog\/\",\"logo\":{\"@type\":\"ImageObject\",\"inLanguage\":\"pt-BR\",\"@id\":\"https:\/\/agenciainfra.com\/blog\/#\/schema\/logo\/image\/\",\"url\":\"https:\/\/agenciainfra.com\/blog\/wp-content\/uploads\/2023\/09\/iNFRA_5-e1761735885940.png\",\"contentUrl\":\"https:\/\/agenciainfra.com\/blog\/wp-content\/uploads\/2023\/09\/iNFRA_5-e1761735885940.png\",\"width\":1672,\"height\":454,\"caption\":\"Ag\u00eancia iNFRA\"},\"image\":{\"@id\":\"https:\/\/agenciainfra.com\/blog\/#\/schema\/logo\/image\/\"},\"sameAs\":[\"https:\/\/www.facebook.com\/ageninfra\",\"https:\/\/x.com\/agencia_infra\",\"https:\/\/www.linkedin.com\/company\/ag\u00eanciainfra\/\",\"https:\/\/www.instagram.com\/agenciainfra\/\"]},{\"@type\":\"Person\",\"@id\":\"https:\/\/agenciainfra.com\/blog\/#\/schema\/person\/04dbb79bd6d8951f063da71f3e4c1eb1\",\"name\":\"Rodrigo Zuquim\",\"image\":{\"@type\":\"ImageObject\",\"inLanguage\":\"pt-BR\",\"@id\":\"https:\/\/agenciainfra.com\/blog\/#\/schema\/person\/image\/\",\"url\":\"https:\/\/secure.gravatar.com\/avatar\/594abfe82761d620726242ff34ca472a705a4b97f16c790053a6b4c4035274d0?s=96&d=mm&r=g\",\"contentUrl\":\"https:\/\/secure.gravatar.com\/avatar\/594abfe82761d620726242ff34ca472a705a4b97f16c790053a6b4c4035274d0?s=96&d=mm&r=g\",\"caption\":\"Rodrigo Zuquim\"},\"url\":\"https:\/\/agenciainfra.com\/blog\/author\/rodrigo-zuquim\/\"}]}<\/script>\n<!-- \/ Yoast SEO Premium plugin. -->","yoast_head_json":{"title":"Bancos de varejo buscam Minist\u00e9rio da Infraestrutura para trabalhar com o DT-e - Ag\u00eancia iNFRA","robots":{"index":"index","follow":"follow","max-snippet":"max-snippet:-1","max-image-preview":"max-image-preview:large","max-video-preview":"max-video-preview:-1"},"canonical":"https:\/\/agenciainfra.com\/blog\/bancos-de-varejo-buscam-ministerio-da-infraestrutura-para-trabalhar-com-o-dt-e\/","og_locale":"pt_BR","og_type":"article","og_title":"Bancos de varejo buscam Minist\u00e9rio da Infraestrutura para trabalhar com o DT-e","og_description":"Dimmi Amora, da&nbsp;Ag\u00eancia iNFRA O Minist\u00e9rio da Infraestrutura est\u00e1 com conversas abertas com bancos de varejo para que eles possam criar produtos voltados para caminhoneiros, utilizando-se das ferramentas que v\u00e3o ser criadas com a regulamenta\u00e7\u00e3o do DT-e (Documento Eletr\u00f4nico de Transporte). O documento eletr\u00f4nico foi criado por meio da Medida Provis\u00f3ria 1.051, que est\u00e1 em [&hellip;]","og_url":"https:\/\/agenciainfra.com\/blog\/bancos-de-varejo-buscam-ministerio-da-infraestrutura-para-trabalhar-com-o-dt-e\/","og_site_name":"Ag\u00eancia iNFRA","article_publisher":"https:\/\/www.facebook.com\/ageninfra","article_published_time":"2021-06-28T11:00:00+00:00","og_image":[{"width":1280,"height":854,"url":"https:\/\/agenciainfra.com\/blog\/wp-content\/uploads\/2021\/06\/marcelo-sampaio-foto-alberto-ruy-minfra.jpeg","type":"image\/jpeg"}],"author":"Rodrigo Zuquim","twitter_card":"summary_large_image","twitter_creator":"@agencia_infra","twitter_site":"@agencia_infra","twitter_misc":{"Escrito por":"Rodrigo Zuquim","Est. tempo de leitura":"6 minutos"},"schema":{"@context":"https:\/\/schema.org","@graph":[{"@type":"Article","@id":"https:\/\/agenciainfra.com\/blog\/bancos-de-varejo-buscam-ministerio-da-infraestrutura-para-trabalhar-com-o-dt-e\/#article","isPartOf":{"@id":"https:\/\/agenciainfra.com\/blog\/bancos-de-varejo-buscam-ministerio-da-infraestrutura-para-trabalhar-com-o-dt-e\/"},"author":{"name":"Rodrigo Zuquim","@id":"https:\/\/agenciainfra.com\/blog\/#\/schema\/person\/04dbb79bd6d8951f063da71f3e4c1eb1"},"headline":"Bancos de varejo buscam Minist\u00e9rio da Infraestrutura para trabalhar com o DT-e","datePublished":"2021-06-28T11:00:00+00:00","mainEntityOfPage":{"@id":"https:\/\/agenciainfra.com\/blog\/bancos-de-varejo-buscam-ministerio-da-infraestrutura-para-trabalhar-com-o-dt-e\/"},"wordCount":1145,"publisher":{"@id":"https:\/\/agenciainfra.com\/blog\/#organization"},"image":{"@id":"https:\/\/agenciainfra.com\/blog\/bancos-de-varejo-buscam-ministerio-da-infraestrutura-para-trabalhar-com-o-dt-e\/#primaryimage"},"thumbnailUrl":"https:\/\/agenciainfra.com\/blog\/wp-content\/uploads\/2021\/06\/marcelo-sampaio-foto-alberto-ruy-minfra.jpeg","keywords":["aut\u00f4nomos","Banco de Bras\u00edlia","Banco do Brasil","bancos de varejo","BRB","caminhoneiros","carga","Confaz","Documento Eletr\u00f4nico de Transporte","DT-e","embarcadores","fiscaliza\u00e7\u00e3o","Infraestrutura","Jer\u00f4nimo Goergen","Marcelo Sampaio","Mariana Pescatori","Minist\u00e9rio da Infraestrutura","MP 1.051","simplifica\u00e7\u00e3o","transportes"],"articleSection":["Geral","iNFRATransporte"],"inLanguage":"pt-BR","copyrightYear":"2021","copyrightHolder":{"@id":"https:\/\/agenciainfra.com\/blog\/#organization"}},{"@type":"WebPage","@id":"https:\/\/agenciainfra.com\/blog\/bancos-de-varejo-buscam-ministerio-da-infraestrutura-para-trabalhar-com-o-dt-e\/","url":"https:\/\/agenciainfra.com\/blog\/bancos-de-varejo-buscam-ministerio-da-infraestrutura-para-trabalhar-com-o-dt-e\/","name":"Bancos de varejo buscam Minist\u00e9rio da Infraestrutura para trabalhar com o DT-e - Ag\u00eancia iNFRA","isPartOf":{"@id":"https:\/\/agenciainfra.com\/blog\/#website"},"primaryImageOfPage":{"@id":"https:\/\/agenciainfra.com\/blog\/bancos-de-varejo-buscam-ministerio-da-infraestrutura-para-trabalhar-com-o-dt-e\/#primaryimage"},"image":{"@id":"https:\/\/agenciainfra.com\/blog\/bancos-de-varejo-buscam-ministerio-da-infraestrutura-para-trabalhar-com-o-dt-e\/#primaryimage"},"thumbnailUrl":"https:\/\/agenciainfra.com\/blog\/wp-content\/uploads\/2021\/06\/marcelo-sampaio-foto-alberto-ruy-minfra.jpeg","datePublished":"2021-06-28T11:00:00+00:00","breadcrumb":{"@id":"https:\/\/agenciainfra.com\/blog\/bancos-de-varejo-buscam-ministerio-da-infraestrutura-para-trabalhar-com-o-dt-e\/#breadcrumb"},"inLanguage":"pt-BR","potentialAction":[{"@type":"ReadAction","target":["https:\/\/agenciainfra.com\/blog\/bancos-de-varejo-buscam-ministerio-da-infraestrutura-para-trabalhar-com-o-dt-e\/"]}]},{"@type":"ImageObject","inLanguage":"pt-BR","@id":"https:\/\/agenciainfra.com\/blog\/bancos-de-varejo-buscam-ministerio-da-infraestrutura-para-trabalhar-com-o-dt-e\/#primaryimage","url":"https:\/\/agenciainfra.com\/blog\/wp-content\/uploads\/2021\/06\/marcelo-sampaio-foto-alberto-ruy-minfra.jpeg","contentUrl":"https:\/\/agenciainfra.com\/blog\/wp-content\/uploads\/2021\/06\/marcelo-sampaio-foto-alberto-ruy-minfra.jpeg","width":1280,"height":854},{"@type":"BreadcrumbList","@id":"https:\/\/agenciainfra.com\/blog\/bancos-de-varejo-buscam-ministerio-da-infraestrutura-para-trabalhar-com-o-dt-e\/#breadcrumb","itemListElement":[{"@type":"ListItem","position":1,"name":"In\u00edcio","item":"https:\/\/agenciainfra.com\/blog\/"},{"@type":"ListItem","position":2,"name":"Bancos de varejo buscam Minist\u00e9rio da Infraestrutura para trabalhar com o DT-e"}]},{"@type":"WebSite","@id":"https:\/\/agenciainfra.com\/blog\/#website","url":"https:\/\/agenciainfra.com\/blog\/","name":"Ag\u00eancia iNFRA","description":"Multiplataforma de informa\u00e7\u00e3o jornal\u00edstica refer\u00eancia na \u00e1rea de infraestrutura no Brasil!","publisher":{"@id":"https:\/\/agenciainfra.com\/blog\/#organization"},"potentialAction":[{"@type":"SearchAction","target":{"@type":"EntryPoint","urlTemplate":"https:\/\/agenciainfra.com\/blog\/?s={search_term_string}"},"query-input":{"@type":"PropertyValueSpecification","valueRequired":true,"valueName":"search_term_string"}}],"inLanguage":"pt-BR"},{"@type":"Organization","@id":"https:\/\/agenciainfra.com\/blog\/#organization","name":"Ag\u00eancia iNFRA","url":"https:\/\/agenciainfra.com\/blog\/","logo":{"@type":"ImageObject","inLanguage":"pt-BR","@id":"https:\/\/agenciainfra.com\/blog\/#\/schema\/logo\/image\/","url":"https:\/\/agenciainfra.com\/blog\/wp-content\/uploads\/2023\/09\/iNFRA_5-e1761735885940.png","contentUrl":"https:\/\/agenciainfra.com\/blog\/wp-content\/uploads\/2023\/09\/iNFRA_5-e1761735885940.png","width":1672,"height":454,"caption":"Ag\u00eancia iNFRA"},"image":{"@id":"https:\/\/agenciainfra.com\/blog\/#\/schema\/logo\/image\/"},"sameAs":["https:\/\/www.facebook.com\/ageninfra","https:\/\/x.com\/agencia_infra","https:\/\/www.linkedin.com\/company\/ag\u00eanciainfra\/","https:\/\/www.instagram.com\/agenciainfra\/"]},{"@type":"Person","@id":"https:\/\/agenciainfra.com\/blog\/#\/schema\/person\/04dbb79bd6d8951f063da71f3e4c1eb1","name":"Rodrigo Zuquim","image":{"@type":"ImageObject","inLanguage":"pt-BR","@id":"https:\/\/agenciainfra.com\/blog\/#\/schema\/person\/image\/","url":"https:\/\/secure.gravatar.com\/avatar\/594abfe82761d620726242ff34ca472a705a4b97f16c790053a6b4c4035274d0?s=96&d=mm&r=g","contentUrl":"https:\/\/secure.gravatar.com\/avatar\/594abfe82761d620726242ff34ca472a705a4b97f16c790053a6b4c4035274d0?s=96&d=mm&r=g","caption":"Rodrigo Zuquim"},"url":"https:\/\/agenciainfra.com\/blog\/author\/rodrigo-zuquim\/"}]}},"_links":{"self":[{"href":"https:\/\/agenciainfra.com\/blog\/wp-json\/wp\/v2\/posts\/7539","targetHints":{"allow":["GET"]}}],"collection":[{"href":"https:\/\/agenciainfra.com\/blog\/wp-json\/wp\/v2\/posts"}],"about":[{"href":"https:\/\/agenciainfra.com\/blog\/wp-json\/wp\/v2\/types\/post"}],"author":[{"embeddable":true,"href":"https:\/\/agenciainfra.com\/blog\/wp-json\/wp\/v2\/users\/9"}],"replies":[{"embeddable":true,"href":"https:\/\/agenciainfra.com\/blog\/wp-json\/wp\/v2\/comments?post=7539"}],"version-history":[{"count":0,"href":"https:\/\/agenciainfra.com\/blog\/wp-json\/wp\/v2\/posts\/7539\/revisions"}],"wp:featuredmedia":[{"embeddable":true,"href":"https:\/\/agenciainfra.com\/blog\/wp-json\/wp\/v2\/media\/7540"}],"wp:attachment":[{"href":"https:\/\/agenciainfra.com\/blog\/wp-json\/wp\/v2\/media?parent=7539"}],"wp:term":[{"taxonomy":"category","embeddable":true,"href":"https:\/\/agenciainfra.com\/blog\/wp-json\/wp\/v2\/categories?post=7539"},{"taxonomy":"post_tag","embeddable":true,"href":"https:\/\/agenciainfra.com\/blog\/wp-json\/wp\/v2\/tags?post=7539"}],"curies":[{"name":"wp","href":"https:\/\/api.w.org\/{rel}","templated":true}]}}