{"id":7555,"date":"2021-06-29T07:52:46","date_gmt":"2021-06-29T10:52:46","guid":{"rendered":"https:\/\/www.agenciainfra.com\/blog\/?p=7555"},"modified":"2021-06-29T07:52:51","modified_gmt":"2021-06-29T10:52:51","slug":"antt-permite-reajuste-do-pedagio-da-regis-bittencourt","status":"publish","type":"post","link":"https:\/\/agenciainfra.com\/blog\/antt-permite-reajuste-do-pedagio-da-regis-bittencourt\/","title":{"rendered":"ANTT permite reajuste do ped\u00e1gio da R\u00e9gis Bittencourt"},"content":{"rendered":"\n<p class=\"has-text-align-right\"><strong>da Ag\u00eancia iNFRA<\/strong><\/p>\n\n\n\n<p>Delibera\u00e7\u00e3o 217 da ANTT (Ag\u00eancia Nacional de Transportes Terrestres) aprovou a revis\u00e3o da tarifa b\u00e1sica de ped\u00e1gio da concess\u00e3o da BR-116\/SP\/PR, explorada pela Concession\u00e1ria Autopista R\u00e9gis Bittencourt S\/A. O ato foi publicado no Di\u00e1rio Oficial da Uni\u00e3o desta ter\u00e7a-feira (29) e est\u00e1 dispon\u00edvel <a rel=\"noreferrer noopener\" href=\"https:\/\/pesquisa.in.gov.br\/imprensa\/jsp\/visualiza\/index.jsp?data=29\/06\/2021&amp;jornal=515&amp;pagina=47&amp;totalArquivos=182\" target=\"_blank\" data-type=\"URL\" data-id=\"https:\/\/pesquisa.in.gov.br\/imprensa\/jsp\/visualiza\/index.jsp?data=29\/06\/2021&amp;jornal=515&amp;pagina=47&amp;totalArquivos=182\">neste link<\/a>.<\/p>\n\n\n\n<p>A concession\u00e1ria, que pertence ao grupo Arteris, vai poder reajustar a tarifa b\u00e1sica (ve\u00edculos leves) dos atuais\u00a0R$ 3,30 para R$ 3,40 a partir da zero hora de 1\u00ba de julho de 2021, conforme a delibera\u00e7\u00e3o da ag\u00eancia. O reajuste \u00e9 decorrente da 13\u00aa revis\u00e3o extraordin\u00e1ria do contrato e da varia\u00e7\u00e3o do IPCA no per\u00edodo de reajuste, que foi de 4,31%.<\/p>\n\n\n\n<p>A R\u00e9gis Bittencourt liga S\u00e3o Paulo a Curitiba (PR) e \u00e9 uma das principais rotas de transporte entre a regi\u00e3o Sul e o restante do pa\u00eds. S\u00e3o seis pra\u00e7as de ped\u00e1gio e uma estimativa de tr\u00e1fego de 22 mil ve\u00edculos ao dia, de acordo com a concession\u00e1ria.<\/p>\n","protected":false},"excerpt":{"rendered":"<p>da Ag\u00eancia iNFRA Delibera\u00e7\u00e3o 217 da ANTT (Ag\u00eancia Nacional de Transportes Terrestres) aprovou a revis\u00e3o da tarifa b\u00e1sica de ped\u00e1gio da concess\u00e3o da BR-116\/SP\/PR, explorada pela Concession\u00e1ria Autopista R\u00e9gis Bittencourt S\/A. O ato foi publicado no Di\u00e1rio Oficial da Uni\u00e3o desta ter\u00e7a-feira (29) e est\u00e1 dispon\u00edvel neste link. A concession\u00e1ria, que pertence ao grupo Arteris, [&hellip;]<\/p>\n","protected":false},"author":9,"featured_media":7556,"comment_status":"closed","ping_status":"closed","sticky":false,"template":"","format":"standard","meta":{"_monsterinsights_skip_tracking":false,"_monsterinsights_sitenote_active":false,"_monsterinsights_sitenote_note":"","_monsterinsights_sitenote_category":0,"footnotes":""},"categories":[1,2052],"tags":[19,2031,4583,22,4584,4586,2989,20,3572,2298,679,739,4585],"class_list":["post-7555","post","type-post","status-publish","format-standard","has-post-thumbnail","hentry","category-geral","category-infra-transicao","tag-antt","tag-arteris","tag-br-116-sp-pr","tag-concessao","tag-concessionaria-autopista-regis-bittencourt","tag-curitiba","tag-ipca","tag-pedagio","tag-reajuste","tag-regis-bittencourt","tag-sao-paulo","tag-tarifa","tag-veiculos-leves"],"yoast_head":"<!-- This site is optimized with the Yoast SEO Premium plugin v25.4 (Yoast SEO v26.0) - https:\/\/yoast.com\/wordpress\/plugins\/seo\/ -->\n<title>ANTT permite reajuste do ped\u00e1gio da R\u00e9gis Bittencourt - Ag\u00eancia iNFRA<\/title>\n<meta name=\"robots\" content=\"index, follow, max-snippet:-1, max-image-preview:large, max-video-preview:-1\" \/>\n<link rel=\"canonical\" href=\"https:\/\/agenciainfra.com\/blog\/antt-permite-reajuste-do-pedagio-da-regis-bittencourt\/\" \/>\n<meta property=\"og:locale\" content=\"pt_BR\" \/>\n<meta property=\"og:type\" content=\"article\" \/>\n<meta property=\"og:title\" content=\"ANTT permite reajuste do ped\u00e1gio da R\u00e9gis Bittencourt\" \/>\n<meta property=\"og:description\" content=\"da Ag\u00eancia iNFRA Delibera\u00e7\u00e3o 217 da ANTT (Ag\u00eancia Nacional de Transportes Terrestres) aprovou a revis\u00e3o da tarifa b\u00e1sica de ped\u00e1gio da concess\u00e3o da BR-116\/SP\/PR, explorada pela Concession\u00e1ria Autopista R\u00e9gis Bittencourt S\/A. O ato foi publicado no Di\u00e1rio Oficial da Uni\u00e3o desta ter\u00e7a-feira (29) e est\u00e1 dispon\u00edvel neste link. A concession\u00e1ria, que pertence ao grupo Arteris, [&hellip;]\" \/>\n<meta property=\"og:url\" content=\"https:\/\/agenciainfra.com\/blog\/antt-permite-reajuste-do-pedagio-da-regis-bittencourt\/\" \/>\n<meta property=\"og:site_name\" content=\"Ag\u00eancia iNFRA\" \/>\n<meta property=\"article:publisher\" content=\"https:\/\/www.facebook.com\/ageninfra\" \/>\n<meta property=\"article:published_time\" content=\"2021-06-29T10:52:46+00:00\" \/>\n<meta property=\"article:modified_time\" content=\"2021-06-29T10:52:51+00:00\" \/>\n<meta property=\"og:image\" content=\"https:\/\/agenciainfra.com\/blog\/wp-content\/uploads\/2021\/06\/regis-bittencourt-foto-arteris.jpeg\" \/>\n\t<meta property=\"og:image:width\" content=\"1280\" \/>\n\t<meta property=\"og:image:height\" content=\"960\" \/>\n\t<meta property=\"og:image:type\" content=\"image\/jpeg\" \/>\n<meta name=\"author\" content=\"Rodrigo Zuquim\" \/>\n<meta name=\"twitter:card\" content=\"summary_large_image\" \/>\n<meta name=\"twitter:creator\" content=\"@agencia_infra\" \/>\n<meta name=\"twitter:site\" content=\"@agencia_infra\" \/>\n<meta name=\"twitter:label1\" content=\"Escrito por\" \/>\n\t<meta name=\"twitter:data1\" content=\"Rodrigo Zuquim\" \/>\n\t<meta name=\"twitter:label2\" content=\"Est. tempo de leitura\" \/>\n\t<meta name=\"twitter:data2\" content=\"1 minuto\" \/>\n<script type=\"application\/ld+json\" class=\"yoast-schema-graph\">{\"@context\":\"https:\/\/schema.org\",\"@graph\":[{\"@type\":\"Article\",\"@id\":\"https:\/\/agenciainfra.com\/blog\/antt-permite-reajuste-do-pedagio-da-regis-bittencourt\/#article\",\"isPartOf\":{\"@id\":\"https:\/\/agenciainfra.com\/blog\/antt-permite-reajuste-do-pedagio-da-regis-bittencourt\/\"},\"author\":{\"name\":\"Rodrigo Zuquim\",\"@id\":\"https:\/\/agenciainfra.com\/blog\/#\/schema\/person\/04dbb79bd6d8951f063da71f3e4c1eb1\"},\"headline\":\"ANTT permite reajuste do ped\u00e1gio da R\u00e9gis Bittencourt\",\"datePublished\":\"2021-06-29T10:52:46+00:00\",\"dateModified\":\"2021-06-29T10:52:51+00:00\",\"mainEntityOfPage\":{\"@id\":\"https:\/\/agenciainfra.com\/blog\/antt-permite-reajuste-do-pedagio-da-regis-bittencourt\/\"},\"wordCount\":190,\"publisher\":{\"@id\":\"https:\/\/agenciainfra.com\/blog\/#organization\"},\"image\":{\"@id\":\"https:\/\/agenciainfra.com\/blog\/antt-permite-reajuste-do-pedagio-da-regis-bittencourt\/#primaryimage\"},\"thumbnailUrl\":\"https:\/\/agenciainfra.com\/blog\/wp-content\/uploads\/2021\/06\/regis-bittencourt-foto-arteris.jpeg\",\"keywords\":[\"ANTT\",\"Arteris\",\"BR-116\/SP\/PR\",\"Concess\u00e3o\",\"Concession\u00e1ria Autopista R\u00e9gis Bittencourt\",\"Curitiba\",\"IPCA\",\"Ped\u00e1gio\",\"reajuste\",\"R\u00e9gis Bittencourt\",\"S\u00e3o Paulo\",\"Tarifa\",\"ve\u00edculos leves\"],\"articleSection\":[\"Geral\",\"iNFRA Na Transi\u00e7\u00e3o\"],\"inLanguage\":\"pt-BR\",\"copyrightYear\":\"2021\",\"copyrightHolder\":{\"@id\":\"https:\/\/agenciainfra.com\/blog\/#organization\"}},{\"@type\":\"WebPage\",\"@id\":\"https:\/\/agenciainfra.com\/blog\/antt-permite-reajuste-do-pedagio-da-regis-bittencourt\/\",\"url\":\"https:\/\/agenciainfra.com\/blog\/antt-permite-reajuste-do-pedagio-da-regis-bittencourt\/\",\"name\":\"ANTT permite reajuste do ped\u00e1gio da R\u00e9gis Bittencourt - Ag\u00eancia iNFRA\",\"isPartOf\":{\"@id\":\"https:\/\/agenciainfra.com\/blog\/#website\"},\"primaryImageOfPage\":{\"@id\":\"https:\/\/agenciainfra.com\/blog\/antt-permite-reajuste-do-pedagio-da-regis-bittencourt\/#primaryimage\"},\"image\":{\"@id\":\"https:\/\/agenciainfra.com\/blog\/antt-permite-reajuste-do-pedagio-da-regis-bittencourt\/#primaryimage\"},\"thumbnailUrl\":\"https:\/\/agenciainfra.com\/blog\/wp-content\/uploads\/2021\/06\/regis-bittencourt-foto-arteris.jpeg\",\"datePublished\":\"2021-06-29T10:52:46+00:00\",\"dateModified\":\"2021-06-29T10:52:51+00:00\",\"breadcrumb\":{\"@id\":\"https:\/\/agenciainfra.com\/blog\/antt-permite-reajuste-do-pedagio-da-regis-bittencourt\/#breadcrumb\"},\"inLanguage\":\"pt-BR\",\"potentialAction\":[{\"@type\":\"ReadAction\",\"target\":[\"https:\/\/agenciainfra.com\/blog\/antt-permite-reajuste-do-pedagio-da-regis-bittencourt\/\"]}]},{\"@type\":\"ImageObject\",\"inLanguage\":\"pt-BR\",\"@id\":\"https:\/\/agenciainfra.com\/blog\/antt-permite-reajuste-do-pedagio-da-regis-bittencourt\/#primaryimage\",\"url\":\"https:\/\/agenciainfra.com\/blog\/wp-content\/uploads\/2021\/06\/regis-bittencourt-foto-arteris.jpeg\",\"contentUrl\":\"https:\/\/agenciainfra.com\/blog\/wp-content\/uploads\/2021\/06\/regis-bittencourt-foto-arteris.jpeg\",\"width\":1280,\"height\":960,\"caption\":\"Foto: Arteris\"},{\"@type\":\"BreadcrumbList\",\"@id\":\"https:\/\/agenciainfra.com\/blog\/antt-permite-reajuste-do-pedagio-da-regis-bittencourt\/#breadcrumb\",\"itemListElement\":[{\"@type\":\"ListItem\",\"position\":1,\"name\":\"In\u00edcio\",\"item\":\"https:\/\/agenciainfra.com\/blog\/\"},{\"@type\":\"ListItem\",\"position\":2,\"name\":\"ANTT permite reajuste do ped\u00e1gio da R\u00e9gis Bittencourt\"}]},{\"@type\":\"WebSite\",\"@id\":\"https:\/\/agenciainfra.com\/blog\/#website\",\"url\":\"https:\/\/agenciainfra.com\/blog\/\",\"name\":\"Ag\u00eancia iNFRA\",\"description\":\"Multiplataforma de informa\u00e7\u00e3o jornal\u00edstica refer\u00eancia na \u00e1rea de infraestrutura no Brasil!\",\"publisher\":{\"@id\":\"https:\/\/agenciainfra.com\/blog\/#organization\"},\"potentialAction\":[{\"@type\":\"SearchAction\",\"target\":{\"@type\":\"EntryPoint\",\"urlTemplate\":\"https:\/\/agenciainfra.com\/blog\/?s={search_term_string}\"},\"query-input\":{\"@type\":\"PropertyValueSpecification\",\"valueRequired\":true,\"valueName\":\"search_term_string\"}}],\"inLanguage\":\"pt-BR\"},{\"@type\":\"Organization\",\"@id\":\"https:\/\/agenciainfra.com\/blog\/#organization\",\"name\":\"Ag\u00eancia iNFRA\",\"url\":\"https:\/\/agenciainfra.com\/blog\/\",\"logo\":{\"@type\":\"ImageObject\",\"inLanguage\":\"pt-BR\",\"@id\":\"https:\/\/agenciainfra.com\/blog\/#\/schema\/logo\/image\/\",\"url\":\"https:\/\/agenciainfra.com\/blog\/wp-content\/uploads\/2023\/09\/iNFRA_5-e1761735885940.png\",\"contentUrl\":\"https:\/\/agenciainfra.com\/blog\/wp-content\/uploads\/2023\/09\/iNFRA_5-e1761735885940.png\",\"width\":1672,\"height\":454,\"caption\":\"Ag\u00eancia iNFRA\"},\"image\":{\"@id\":\"https:\/\/agenciainfra.com\/blog\/#\/schema\/logo\/image\/\"},\"sameAs\":[\"https:\/\/www.facebook.com\/ageninfra\",\"https:\/\/x.com\/agencia_infra\",\"https:\/\/www.linkedin.com\/company\/ag\u00eanciainfra\/\",\"https:\/\/www.instagram.com\/agenciainfra\/\"]},{\"@type\":\"Person\",\"@id\":\"https:\/\/agenciainfra.com\/blog\/#\/schema\/person\/04dbb79bd6d8951f063da71f3e4c1eb1\",\"name\":\"Rodrigo Zuquim\",\"image\":{\"@type\":\"ImageObject\",\"inLanguage\":\"pt-BR\",\"@id\":\"https:\/\/agenciainfra.com\/blog\/#\/schema\/person\/image\/\",\"url\":\"https:\/\/secure.gravatar.com\/avatar\/594abfe82761d620726242ff34ca472a705a4b97f16c790053a6b4c4035274d0?s=96&d=mm&r=g\",\"contentUrl\":\"https:\/\/secure.gravatar.com\/avatar\/594abfe82761d620726242ff34ca472a705a4b97f16c790053a6b4c4035274d0?s=96&d=mm&r=g\",\"caption\":\"Rodrigo Zuquim\"},\"url\":\"https:\/\/agenciainfra.com\/blog\/author\/rodrigo-zuquim\/\"}]}<\/script>\n<!-- \/ Yoast SEO Premium plugin. -->","yoast_head_json":{"title":"ANTT permite reajuste do ped\u00e1gio da R\u00e9gis Bittencourt - Ag\u00eancia iNFRA","robots":{"index":"index","follow":"follow","max-snippet":"max-snippet:-1","max-image-preview":"max-image-preview:large","max-video-preview":"max-video-preview:-1"},"canonical":"https:\/\/agenciainfra.com\/blog\/antt-permite-reajuste-do-pedagio-da-regis-bittencourt\/","og_locale":"pt_BR","og_type":"article","og_title":"ANTT permite reajuste do ped\u00e1gio da R\u00e9gis Bittencourt","og_description":"da Ag\u00eancia iNFRA Delibera\u00e7\u00e3o 217 da ANTT (Ag\u00eancia Nacional de Transportes Terrestres) aprovou a revis\u00e3o da tarifa b\u00e1sica de ped\u00e1gio da concess\u00e3o da BR-116\/SP\/PR, explorada pela Concession\u00e1ria Autopista R\u00e9gis Bittencourt S\/A. O ato foi publicado no Di\u00e1rio Oficial da Uni\u00e3o desta ter\u00e7a-feira (29) e est\u00e1 dispon\u00edvel neste link. A concession\u00e1ria, que pertence ao grupo Arteris, [&hellip;]","og_url":"https:\/\/agenciainfra.com\/blog\/antt-permite-reajuste-do-pedagio-da-regis-bittencourt\/","og_site_name":"Ag\u00eancia iNFRA","article_publisher":"https:\/\/www.facebook.com\/ageninfra","article_published_time":"2021-06-29T10:52:46+00:00","article_modified_time":"2021-06-29T10:52:51+00:00","og_image":[{"width":1280,"height":960,"url":"https:\/\/agenciainfra.com\/blog\/wp-content\/uploads\/2021\/06\/regis-bittencourt-foto-arteris.jpeg","type":"image\/jpeg"}],"author":"Rodrigo Zuquim","twitter_card":"summary_large_image","twitter_creator":"@agencia_infra","twitter_site":"@agencia_infra","twitter_misc":{"Escrito por":"Rodrigo Zuquim","Est. tempo de leitura":"1 minuto"},"schema":{"@context":"https:\/\/schema.org","@graph":[{"@type":"Article","@id":"https:\/\/agenciainfra.com\/blog\/antt-permite-reajuste-do-pedagio-da-regis-bittencourt\/#article","isPartOf":{"@id":"https:\/\/agenciainfra.com\/blog\/antt-permite-reajuste-do-pedagio-da-regis-bittencourt\/"},"author":{"name":"Rodrigo Zuquim","@id":"https:\/\/agenciainfra.com\/blog\/#\/schema\/person\/04dbb79bd6d8951f063da71f3e4c1eb1"},"headline":"ANTT permite reajuste do ped\u00e1gio da R\u00e9gis Bittencourt","datePublished":"2021-06-29T10:52:46+00:00","dateModified":"2021-06-29T10:52:51+00:00","mainEntityOfPage":{"@id":"https:\/\/agenciainfra.com\/blog\/antt-permite-reajuste-do-pedagio-da-regis-bittencourt\/"},"wordCount":190,"publisher":{"@id":"https:\/\/agenciainfra.com\/blog\/#organization"},"image":{"@id":"https:\/\/agenciainfra.com\/blog\/antt-permite-reajuste-do-pedagio-da-regis-bittencourt\/#primaryimage"},"thumbnailUrl":"https:\/\/agenciainfra.com\/blog\/wp-content\/uploads\/2021\/06\/regis-bittencourt-foto-arteris.jpeg","keywords":["ANTT","Arteris","BR-116\/SP\/PR","Concess\u00e3o","Concession\u00e1ria Autopista R\u00e9gis Bittencourt","Curitiba","IPCA","Ped\u00e1gio","reajuste","R\u00e9gis Bittencourt","S\u00e3o Paulo","Tarifa","ve\u00edculos leves"],"articleSection":["Geral","iNFRA Na Transi\u00e7\u00e3o"],"inLanguage":"pt-BR","copyrightYear":"2021","copyrightHolder":{"@id":"https:\/\/agenciainfra.com\/blog\/#organization"}},{"@type":"WebPage","@id":"https:\/\/agenciainfra.com\/blog\/antt-permite-reajuste-do-pedagio-da-regis-bittencourt\/","url":"https:\/\/agenciainfra.com\/blog\/antt-permite-reajuste-do-pedagio-da-regis-bittencourt\/","name":"ANTT permite reajuste do ped\u00e1gio da R\u00e9gis Bittencourt - Ag\u00eancia iNFRA","isPartOf":{"@id":"https:\/\/agenciainfra.com\/blog\/#website"},"primaryImageOfPage":{"@id":"https:\/\/agenciainfra.com\/blog\/antt-permite-reajuste-do-pedagio-da-regis-bittencourt\/#primaryimage"},"image":{"@id":"https:\/\/agenciainfra.com\/blog\/antt-permite-reajuste-do-pedagio-da-regis-bittencourt\/#primaryimage"},"thumbnailUrl":"https:\/\/agenciainfra.com\/blog\/wp-content\/uploads\/2021\/06\/regis-bittencourt-foto-arteris.jpeg","datePublished":"2021-06-29T10:52:46+00:00","dateModified":"2021-06-29T10:52:51+00:00","breadcrumb":{"@id":"https:\/\/agenciainfra.com\/blog\/antt-permite-reajuste-do-pedagio-da-regis-bittencourt\/#breadcrumb"},"inLanguage":"pt-BR","potentialAction":[{"@type":"ReadAction","target":["https:\/\/agenciainfra.com\/blog\/antt-permite-reajuste-do-pedagio-da-regis-bittencourt\/"]}]},{"@type":"ImageObject","inLanguage":"pt-BR","@id":"https:\/\/agenciainfra.com\/blog\/antt-permite-reajuste-do-pedagio-da-regis-bittencourt\/#primaryimage","url":"https:\/\/agenciainfra.com\/blog\/wp-content\/uploads\/2021\/06\/regis-bittencourt-foto-arteris.jpeg","contentUrl":"https:\/\/agenciainfra.com\/blog\/wp-content\/uploads\/2021\/06\/regis-bittencourt-foto-arteris.jpeg","width":1280,"height":960,"caption":"Foto: Arteris"},{"@type":"BreadcrumbList","@id":"https:\/\/agenciainfra.com\/blog\/antt-permite-reajuste-do-pedagio-da-regis-bittencourt\/#breadcrumb","itemListElement":[{"@type":"ListItem","position":1,"name":"In\u00edcio","item":"https:\/\/agenciainfra.com\/blog\/"},{"@type":"ListItem","position":2,"name":"ANTT permite reajuste do ped\u00e1gio da R\u00e9gis Bittencourt"}]},{"@type":"WebSite","@id":"https:\/\/agenciainfra.com\/blog\/#website","url":"https:\/\/agenciainfra.com\/blog\/","name":"Ag\u00eancia iNFRA","description":"Multiplataforma de informa\u00e7\u00e3o jornal\u00edstica refer\u00eancia na \u00e1rea de infraestrutura no Brasil!","publisher":{"@id":"https:\/\/agenciainfra.com\/blog\/#organization"},"potentialAction":[{"@type":"SearchAction","target":{"@type":"EntryPoint","urlTemplate":"https:\/\/agenciainfra.com\/blog\/?s={search_term_string}"},"query-input":{"@type":"PropertyValueSpecification","valueRequired":true,"valueName":"search_term_string"}}],"inLanguage":"pt-BR"},{"@type":"Organization","@id":"https:\/\/agenciainfra.com\/blog\/#organization","name":"Ag\u00eancia iNFRA","url":"https:\/\/agenciainfra.com\/blog\/","logo":{"@type":"ImageObject","inLanguage":"pt-BR","@id":"https:\/\/agenciainfra.com\/blog\/#\/schema\/logo\/image\/","url":"https:\/\/agenciainfra.com\/blog\/wp-content\/uploads\/2023\/09\/iNFRA_5-e1761735885940.png","contentUrl":"https:\/\/agenciainfra.com\/blog\/wp-content\/uploads\/2023\/09\/iNFRA_5-e1761735885940.png","width":1672,"height":454,"caption":"Ag\u00eancia iNFRA"},"image":{"@id":"https:\/\/agenciainfra.com\/blog\/#\/schema\/logo\/image\/"},"sameAs":["https:\/\/www.facebook.com\/ageninfra","https:\/\/x.com\/agencia_infra","https:\/\/www.linkedin.com\/company\/ag\u00eanciainfra\/","https:\/\/www.instagram.com\/agenciainfra\/"]},{"@type":"Person","@id":"https:\/\/agenciainfra.com\/blog\/#\/schema\/person\/04dbb79bd6d8951f063da71f3e4c1eb1","name":"Rodrigo Zuquim","image":{"@type":"ImageObject","inLanguage":"pt-BR","@id":"https:\/\/agenciainfra.com\/blog\/#\/schema\/person\/image\/","url":"https:\/\/secure.gravatar.com\/avatar\/594abfe82761d620726242ff34ca472a705a4b97f16c790053a6b4c4035274d0?s=96&d=mm&r=g","contentUrl":"https:\/\/secure.gravatar.com\/avatar\/594abfe82761d620726242ff34ca472a705a4b97f16c790053a6b4c4035274d0?s=96&d=mm&r=g","caption":"Rodrigo Zuquim"},"url":"https:\/\/agenciainfra.com\/blog\/author\/rodrigo-zuquim\/"}]}},"_links":{"self":[{"href":"https:\/\/agenciainfra.com\/blog\/wp-json\/wp\/v2\/posts\/7555","targetHints":{"allow":["GET"]}}],"collection":[{"href":"https:\/\/agenciainfra.com\/blog\/wp-json\/wp\/v2\/posts"}],"about":[{"href":"https:\/\/agenciainfra.com\/blog\/wp-json\/wp\/v2\/types\/post"}],"author":[{"embeddable":true,"href":"https:\/\/agenciainfra.com\/blog\/wp-json\/wp\/v2\/users\/9"}],"replies":[{"embeddable":true,"href":"https:\/\/agenciainfra.com\/blog\/wp-json\/wp\/v2\/comments?post=7555"}],"version-history":[{"count":0,"href":"https:\/\/agenciainfra.com\/blog\/wp-json\/wp\/v2\/posts\/7555\/revisions"}],"wp:featuredmedia":[{"embeddable":true,"href":"https:\/\/agenciainfra.com\/blog\/wp-json\/wp\/v2\/media\/7556"}],"wp:attachment":[{"href":"https:\/\/agenciainfra.com\/blog\/wp-json\/wp\/v2\/media?parent=7555"}],"wp:term":[{"taxonomy":"category","embeddable":true,"href":"https:\/\/agenciainfra.com\/blog\/wp-json\/wp\/v2\/categories?post=7555"},{"taxonomy":"post_tag","embeddable":true,"href":"https:\/\/agenciainfra.com\/blog\/wp-json\/wp\/v2\/tags?post=7555"}],"curies":[{"name":"wp","href":"https:\/\/api.w.org\/{rel}","templated":true}]}}