{"id":7568,"date":"2021-07-02T08:00:00","date_gmt":"2021-07-02T11:00:00","guid":{"rendered":"https:\/\/www.agenciainfra.com\/blog\/?p=7568"},"modified":"2021-07-01T10:59:58","modified_gmt":"2021-07-01T13:59:58","slug":"importacao-de-energia-nao-sera-relevante-para-atenuar-a-crise-hidrica","status":"publish","type":"post","link":"https:\/\/agenciainfra.com\/blog\/importacao-de-energia-nao-sera-relevante-para-atenuar-a-crise-hidrica\/","title":{"rendered":"Importa\u00e7\u00e3o de energia n\u00e3o ser\u00e1 relevante para atenuar a crise h\u00eddrica"},"content":{"rendered":"\n<hr class=\"wp-block-separator\"\/>\n\n\n\n<p class=\"has-text-align-right\"><strong>Antonio Carlos Sil, para a&nbsp;Ag\u00eancia iNFRA<\/strong><\/p>\n\n\n\n<p>A importa\u00e7\u00e3o de eletricidade de pa\u00edses vizinhos, como Argentina e Uruguai, citada como parte dos planos do governo para o enfrentamento da crise h\u00eddrica, n\u00e3o dever\u00e1 ser relevante, apontam \u00f3rg\u00e3os oficiais.<br>\u00a0<br>Houve um aumento da entrada de energia entre janeiro e abril deste ano \u2013 dados mais recentes \u2013, por\u00e9m, para os pr\u00f3ximos meses, os mais preocupantes do per\u00edodo de estiagem, a tend\u00eancia \u00e9 que a modesta contribui\u00e7\u00e3o estrangeira venha a decrescer.<br>\u00a0<br>\u00c9 que a esta\u00e7\u00e3o seca no Brasil coincide com o rigoroso inverno dos pa\u00edses do Sul, que precisam da energia de que disp\u00f5em, especialmente o g\u00e1s natural, para aquecimento de ambientes.<br>\u00a0<br><strong>0,7% do total<\/strong><br>Segundo dados compilados pela CCEE (C\u00e2mara de Comercializa\u00e7\u00e3o de Energia El\u00e9trica) por solicita\u00e7\u00e3o da\u00a0<strong>Ag\u00eancia iNFRA<\/strong>, de janeiro a abril deste ano o Brasil registrou 476,9 MW m\u00e9dios em importa\u00e7\u00e3o l\u00edquida de energia, sem garantia f\u00edsica associada.<br>\u00a0<br>O montante \u00e9 o equivalente a 0,7% do total gerado pelo pa\u00eds no mesmo per\u00edodo. Em 2020, considerados os mesmos meses, o sistema brasileiro importou 25,2 MW m\u00e9dios, o que equivale a 0,04% da produ\u00e7\u00e3o nacional.<br>\u00a0<br>A importa\u00e7\u00e3o cresceu consideravelmente a partir de outubro do ano passado e a continuidade desse comportamento depender\u00e1 das decis\u00f5es de despacho do ONS (Operador Nacional do Sistema El\u00e9trico), assinalou a CCEE.<br>\u00a0<br>\u201cA compra de energia de pa\u00edses vizinhos \u00e9 uma estrat\u00e9gia que pode ser adotada, em certa medida, como uma das alternativas para reduzir a necessidade de gera\u00e7\u00e3o termel\u00e9trica no Brasil neste per\u00edodo de maior press\u00e3o sobre as fontes h\u00eddricas\u201d, ressaltou a entidade.<br>\u00a0<br><strong>ONS n\u00e3o conta com esses recursos<\/strong><br>Consultado pela\u00a0<strong>Ag\u00eancia iNFRA<\/strong>, o ONS informou que, embora esteja autorizado desde o fim de 2020 a usar energia da Argentina e do Uruguai pelo CMSE (Comit\u00ea de Monitoramento do Setor El\u00e9trico), n\u00e3o est\u00e1 contando com os recursos energ\u00e9ticos desses dois pa\u00edses nos pr\u00f3ximos meses em sua programa\u00e7\u00e3o operativa.<br>\u00a0<br>Ainda segundo o ONS, a expectativa de oferta por parte das duas regi\u00f5es \u00e9 bem reduzida. Deve crescer apenas nos meses seguintes ao inverno local, com o aumento da temperatura na Argentina e Uruguai, devido \u00e0 chegada da primavera.<br>\u00a0<br>\u201cRefor\u00e7amos que, para o ano de 2021, n\u00e3o existe previs\u00e3o de racionamento ou apag\u00e3o. Para 2022, diversos \u00f3rg\u00e3os envolvidos no enfrentamento da crise h\u00eddrica trabalham para garantir \u2018energia e pot\u00eancia\u2019 com a entrada de mais gera\u00e7\u00e3o e alguns refor\u00e7os nas linhas de transmiss\u00e3o j\u00e1 planejados\u201d, destacou o Operador.<br>\u00a0<br>Os entendimentos para a amplia\u00e7\u00e3o do interc\u00e2mbio el\u00e9trico entre pa\u00edses da Am\u00e9rica do Sul evolu\u00edram muito pouco nas \u00faltimas d\u00e9cadas, segundo apontam especialistas do setor.<br>\u00a0<br>H\u00e1 muito que levantamentos \u2013 inclusive realizados por entidades de fomento internacionais, como o BID (Banco Interamericano de Desenvolvimento) \u2013, d\u00e3o conta de um enorme potencial de complementariedade que poderia ser aproveitado.<br>\u00a0<br>Fortes diferen\u00e7as regulat\u00f3rias e quest\u00f5es pol\u00edticas, por\u00e9m, atrasam entendimentos mais aprofundados para acelerar, na pr\u00e1tica, os projetos de conex\u00e3o, conforme apontam estudos do Gesel\/UFRJ (Grupo de Estudos do Setor El\u00e9trico da Universidade Federal do Rio de Janeiro). Os trabalhos n\u00e3o est\u00e3o totalmente parados, mas caminham devagar.<br>\u00a0<br>Hoje, s\u00f3 existem conex\u00f5es ativas com Argentina e Uruguai \u2013 sem contar Paraguai, que compartilha a hidrel\u00e9trica Itaipu com o Brasil.\u00a0 A conex\u00e3o com a Venezuela, por azar, est\u00e1 inativa por conta da situa\u00e7\u00e3o de instabilidade operacional da companhia local, a Corpoelec.<br>\u00a0<br>Essa situa\u00e7\u00e3o obrigou o governo brasileiro a, inclusive, tomar provid\u00eancias emergenciais para\u00a0manter o fornecimento a Roraima,\u00a0estado que, at\u00e9 meses atr\u00e1s, tinha grande depend\u00eancia da importa\u00e7\u00e3o da energia produzida pela hidrel\u00e9trica de Guri.<br>\u00a0<br><strong>Arco Norte<\/strong><br>Um extenso projeto de interliga\u00e7\u00e3o, com 1.900 km de linhas de transmiss\u00e3o, o chamado Arco Norte, que interligaria Brasil, Guiana, Suriname e Guiana Francesa, conforme aponta o Plano Decenal de Expans\u00e3o 2030, elaborado pela EPE (Empresa de Pesquisa Energ\u00e9tica), n\u00e3o tem prazo para sair do papel t\u00e3o logo.\u00a0<br>\u00a0<br>Para complicar, parte da viabiliza\u00e7\u00e3o desse megaempreendimento depende da interliga\u00e7\u00e3o Manaus-Boa Vista, linha de transmiss\u00e3o cuja constru\u00e7\u00e3o est\u00e1 travada, devido a quest\u00f5es de licenciamento ambiental. Da mesma forma, n\u00e3o se vislumbra prazo para a constru\u00e7\u00e3o de uma nova usina hidrel\u00e9trica no rio Madeira, em parceria com a Bol\u00edvia.<br>\u00a0<br>Um complicador extra nesse panorama \u00e9 que estudos e troca de informa\u00e7\u00f5es entre Brasil e os pa\u00edses vizinhos tinham a Eletrobras como importante intermedi\u00e1ria. Agora, com o processo de desestatiza\u00e7\u00e3o da companhia, n\u00e3o ficou claro ainda como ficar\u00e1 essa atribui\u00e7\u00e3o ou com quem ficar\u00e1.<\/p>\n","protected":false},"excerpt":{"rendered":"<p>Antonio Carlos Sil, para a&nbsp;Ag\u00eancia iNFRA A importa\u00e7\u00e3o de eletricidade de pa\u00edses vizinhos, como Argentina e Uruguai, citada como parte dos planos do governo para o enfrentamento da crise h\u00eddrica, n\u00e3o dever\u00e1 ser relevante, apontam \u00f3rg\u00e3os oficiais.\u00a0Houve um aumento da entrada de energia entre janeiro e abril deste ano \u2013 dados mais recentes \u2013, por\u00e9m, [&hellip;]<\/p>\n","protected":false},"author":9,"featured_media":7569,"comment_status":"closed","ping_status":"closed","sticky":false,"template":"","format":"standard","meta":{"_monsterinsights_skip_tracking":false,"_monsterinsights_sitenote_active":false,"_monsterinsights_sitenote_note":"","_monsterinsights_sitenote_category":0,"footnotes":""},"categories":[1,10],"tags":[3002,1324,4601,1859,399,14,792,4604,3487,192,4542,50,25,12,2778,3453,882,1854,4603,4606,4608,4605,4450,99,223,826,216,621,1003,3200,4236,634,4607,2615,4602,4609,636],"class_list":["post-7568","post","type-post","status-publish","format-standard","has-post-thumbnail","hentry","category-geral","category-infraenergia","tag-apagao","tag-arco-norte","tag-argentina","tag-bid","tag-bolivia","tag-ccee","tag-cmse","tag-corpoelec","tag-crise-hidrica","tag-desestatizacao","tag-eletricidade","tag-eletrobras","tag-energia","tag-epe","tag-estiagem","tag-garantia-fisica","tag-gas-natural","tag-geracao","tag-gesel-ufrj","tag-guiana","tag-guiana-francesa","tag-hidreletrica-de-guri","tag-importacao","tag-itaipu","tag-licenciamento-ambiental","tag-linhas-de-transmissao","tag-ons","tag-paraguai","tag-plano-decenal-de-expansao","tag-racionamento","tag-rio-madeira","tag-roraima","tag-suriname","tag-termeletrica","tag-uruguai","tag-usina-hidreletrica","tag-venezuela"],"yoast_head":"<!-- This site is optimized with the Yoast SEO Premium plugin v25.4 (Yoast SEO v26.0) - https:\/\/yoast.com\/wordpress\/plugins\/seo\/ -->\n<title>Importa\u00e7\u00e3o de energia n\u00e3o ser\u00e1 relevante para atenuar a crise h\u00eddrica - Ag\u00eancia iNFRA<\/title>\n<meta name=\"robots\" content=\"index, follow, max-snippet:-1, max-image-preview:large, max-video-preview:-1\" \/>\n<link rel=\"canonical\" href=\"https:\/\/agenciainfra.com\/blog\/importacao-de-energia-nao-sera-relevante-para-atenuar-a-crise-hidrica\/\" \/>\n<meta property=\"og:locale\" content=\"pt_BR\" \/>\n<meta property=\"og:type\" content=\"article\" \/>\n<meta property=\"og:title\" content=\"Importa\u00e7\u00e3o de energia n\u00e3o ser\u00e1 relevante para atenuar a crise h\u00eddrica\" \/>\n<meta property=\"og:description\" content=\"Antonio Carlos Sil, para a&nbsp;Ag\u00eancia iNFRA A importa\u00e7\u00e3o de eletricidade de pa\u00edses vizinhos, como Argentina e Uruguai, citada como parte dos planos do governo para o enfrentamento da crise h\u00eddrica, n\u00e3o dever\u00e1 ser relevante, apontam \u00f3rg\u00e3os oficiais.\u00a0Houve um aumento da entrada de energia entre janeiro e abril deste ano \u2013 dados mais recentes \u2013, por\u00e9m, [&hellip;]\" \/>\n<meta property=\"og:url\" content=\"https:\/\/agenciainfra.com\/blog\/importacao-de-energia-nao-sera-relevante-para-atenuar-a-crise-hidrica\/\" \/>\n<meta property=\"og:site_name\" content=\"Ag\u00eancia iNFRA\" \/>\n<meta property=\"article:publisher\" content=\"https:\/\/www.facebook.com\/ageninfra\" \/>\n<meta property=\"article:published_time\" content=\"2021-07-02T11:00:00+00:00\" \/>\n<meta property=\"og:image\" content=\"https:\/\/agenciainfra.com\/blog\/wp-content\/uploads\/2021\/07\/linha-transmissao-torre-foto-dominio-publico.png\" \/>\n\t<meta property=\"og:image:width\" content=\"1280\" \/>\n\t<meta property=\"og:image:height\" content=\"853\" \/>\n\t<meta property=\"og:image:type\" content=\"image\/png\" \/>\n<meta name=\"author\" content=\"Rodrigo Zuquim\" \/>\n<meta name=\"twitter:card\" content=\"summary_large_image\" \/>\n<meta name=\"twitter:creator\" content=\"@agencia_infra\" \/>\n<meta name=\"twitter:site\" content=\"@agencia_infra\" \/>\n<meta name=\"twitter:label1\" content=\"Escrito por\" \/>\n\t<meta name=\"twitter:data1\" content=\"Rodrigo Zuquim\" \/>\n\t<meta name=\"twitter:label2\" content=\"Est. tempo de leitura\" \/>\n\t<meta name=\"twitter:data2\" content=\"4 minutos\" \/>\n<script type=\"application\/ld+json\" class=\"yoast-schema-graph\">{\"@context\":\"https:\/\/schema.org\",\"@graph\":[{\"@type\":\"Article\",\"@id\":\"https:\/\/agenciainfra.com\/blog\/importacao-de-energia-nao-sera-relevante-para-atenuar-a-crise-hidrica\/#article\",\"isPartOf\":{\"@id\":\"https:\/\/agenciainfra.com\/blog\/importacao-de-energia-nao-sera-relevante-para-atenuar-a-crise-hidrica\/\"},\"author\":{\"name\":\"Rodrigo Zuquim\",\"@id\":\"https:\/\/agenciainfra.com\/blog\/#\/schema\/person\/04dbb79bd6d8951f063da71f3e4c1eb1\"},\"headline\":\"Importa\u00e7\u00e3o de energia n\u00e3o ser\u00e1 relevante para atenuar a crise h\u00eddrica\",\"datePublished\":\"2021-07-02T11:00:00+00:00\",\"mainEntityOfPage\":{\"@id\":\"https:\/\/agenciainfra.com\/blog\/importacao-de-energia-nao-sera-relevante-para-atenuar-a-crise-hidrica\/\"},\"wordCount\":821,\"publisher\":{\"@id\":\"https:\/\/agenciainfra.com\/blog\/#organization\"},\"image\":{\"@id\":\"https:\/\/agenciainfra.com\/blog\/importacao-de-energia-nao-sera-relevante-para-atenuar-a-crise-hidrica\/#primaryimage\"},\"thumbnailUrl\":\"https:\/\/agenciainfra.com\/blog\/wp-content\/uploads\/2021\/07\/linha-transmissao-torre-foto-dominio-publico.png\",\"keywords\":[\"apag\u00e3o\",\"Arco Norte\",\"Argentina\",\"BID\",\"Bol\u00edvia\",\"ccee\",\"CMSE\",\"Corpoelec\",\"crise h\u00eddrica\",\"desestatiza\u00e7\u00e3o\",\"eletricidade\",\"Eletrobras\",\"energia\",\"epe\",\"estiagem\",\"garantia f\u00edsica\",\"g\u00e1s natural\",\"gera\u00e7\u00e3o\",\"Gesel\/UFRJ\",\"Guiana\",\"Guiana Francesa\",\"hidrel\u00e9trica de Guri\",\"importa\u00e7\u00e3o\",\"Itaipu\",\"Licenciamento ambiental\",\"Linhas de Transmiss\u00e3o\",\"ONS\",\"Paraguai\",\"Plano Decenal de Expans\u00e3o\",\"racionamento\",\"Rio Madeira\",\"Roraima\",\"Suriname\",\"termel\u00e9trica\",\"Uruguai\",\"usina hidrel\u00e9trica\",\"Venezuela\"],\"articleSection\":[\"Geral\",\"iNFRAEnergia\"],\"inLanguage\":\"pt-BR\",\"copyrightYear\":\"2021\",\"copyrightHolder\":{\"@id\":\"https:\/\/agenciainfra.com\/blog\/#organization\"}},{\"@type\":\"WebPage\",\"@id\":\"https:\/\/agenciainfra.com\/blog\/importacao-de-energia-nao-sera-relevante-para-atenuar-a-crise-hidrica\/\",\"url\":\"https:\/\/agenciainfra.com\/blog\/importacao-de-energia-nao-sera-relevante-para-atenuar-a-crise-hidrica\/\",\"name\":\"Importa\u00e7\u00e3o de energia n\u00e3o ser\u00e1 relevante para atenuar a crise h\u00eddrica - Ag\u00eancia iNFRA\",\"isPartOf\":{\"@id\":\"https:\/\/agenciainfra.com\/blog\/#website\"},\"primaryImageOfPage\":{\"@id\":\"https:\/\/agenciainfra.com\/blog\/importacao-de-energia-nao-sera-relevante-para-atenuar-a-crise-hidrica\/#primaryimage\"},\"image\":{\"@id\":\"https:\/\/agenciainfra.com\/blog\/importacao-de-energia-nao-sera-relevante-para-atenuar-a-crise-hidrica\/#primaryimage\"},\"thumbnailUrl\":\"https:\/\/agenciainfra.com\/blog\/wp-content\/uploads\/2021\/07\/linha-transmissao-torre-foto-dominio-publico.png\",\"datePublished\":\"2021-07-02T11:00:00+00:00\",\"breadcrumb\":{\"@id\":\"https:\/\/agenciainfra.com\/blog\/importacao-de-energia-nao-sera-relevante-para-atenuar-a-crise-hidrica\/#breadcrumb\"},\"inLanguage\":\"pt-BR\",\"potentialAction\":[{\"@type\":\"ReadAction\",\"target\":[\"https:\/\/agenciainfra.com\/blog\/importacao-de-energia-nao-sera-relevante-para-atenuar-a-crise-hidrica\/\"]}]},{\"@type\":\"ImageObject\",\"inLanguage\":\"pt-BR\",\"@id\":\"https:\/\/agenciainfra.com\/blog\/importacao-de-energia-nao-sera-relevante-para-atenuar-a-crise-hidrica\/#primaryimage\",\"url\":\"https:\/\/agenciainfra.com\/blog\/wp-content\/uploads\/2021\/07\/linha-transmissao-torre-foto-dominio-publico.png\",\"contentUrl\":\"https:\/\/agenciainfra.com\/blog\/wp-content\/uploads\/2021\/07\/linha-transmissao-torre-foto-dominio-publico.png\",\"width\":1280,\"height\":853,\"caption\":\"Foto: Dom\u00ednio P\u00fablico\"},{\"@type\":\"BreadcrumbList\",\"@id\":\"https:\/\/agenciainfra.com\/blog\/importacao-de-energia-nao-sera-relevante-para-atenuar-a-crise-hidrica\/#breadcrumb\",\"itemListElement\":[{\"@type\":\"ListItem\",\"position\":1,\"name\":\"In\u00edcio\",\"item\":\"https:\/\/agenciainfra.com\/blog\/\"},{\"@type\":\"ListItem\",\"position\":2,\"name\":\"Importa\u00e7\u00e3o de energia n\u00e3o ser\u00e1 relevante para atenuar a crise h\u00eddrica\"}]},{\"@type\":\"WebSite\",\"@id\":\"https:\/\/agenciainfra.com\/blog\/#website\",\"url\":\"https:\/\/agenciainfra.com\/blog\/\",\"name\":\"Ag\u00eancia iNFRA\",\"description\":\"Multiplataforma de informa\u00e7\u00e3o jornal\u00edstica refer\u00eancia na \u00e1rea de infraestrutura no Brasil!\",\"publisher\":{\"@id\":\"https:\/\/agenciainfra.com\/blog\/#organization\"},\"potentialAction\":[{\"@type\":\"SearchAction\",\"target\":{\"@type\":\"EntryPoint\",\"urlTemplate\":\"https:\/\/agenciainfra.com\/blog\/?s={search_term_string}\"},\"query-input\":{\"@type\":\"PropertyValueSpecification\",\"valueRequired\":true,\"valueName\":\"search_term_string\"}}],\"inLanguage\":\"pt-BR\"},{\"@type\":\"Organization\",\"@id\":\"https:\/\/agenciainfra.com\/blog\/#organization\",\"name\":\"Ag\u00eancia iNFRA\",\"url\":\"https:\/\/agenciainfra.com\/blog\/\",\"logo\":{\"@type\":\"ImageObject\",\"inLanguage\":\"pt-BR\",\"@id\":\"https:\/\/agenciainfra.com\/blog\/#\/schema\/logo\/image\/\",\"url\":\"https:\/\/agenciainfra.com\/blog\/wp-content\/uploads\/2023\/09\/iNFRA_5-e1761735885940.png\",\"contentUrl\":\"https:\/\/agenciainfra.com\/blog\/wp-content\/uploads\/2023\/09\/iNFRA_5-e1761735885940.png\",\"width\":1672,\"height\":454,\"caption\":\"Ag\u00eancia iNFRA\"},\"image\":{\"@id\":\"https:\/\/agenciainfra.com\/blog\/#\/schema\/logo\/image\/\"},\"sameAs\":[\"https:\/\/www.facebook.com\/ageninfra\",\"https:\/\/x.com\/agencia_infra\",\"https:\/\/www.linkedin.com\/company\/ag\u00eanciainfra\/\",\"https:\/\/www.instagram.com\/agenciainfra\/\"]},{\"@type\":\"Person\",\"@id\":\"https:\/\/agenciainfra.com\/blog\/#\/schema\/person\/04dbb79bd6d8951f063da71f3e4c1eb1\",\"name\":\"Rodrigo Zuquim\",\"image\":{\"@type\":\"ImageObject\",\"inLanguage\":\"pt-BR\",\"@id\":\"https:\/\/agenciainfra.com\/blog\/#\/schema\/person\/image\/\",\"url\":\"https:\/\/secure.gravatar.com\/avatar\/594abfe82761d620726242ff34ca472a705a4b97f16c790053a6b4c4035274d0?s=96&d=mm&r=g\",\"contentUrl\":\"https:\/\/secure.gravatar.com\/avatar\/594abfe82761d620726242ff34ca472a705a4b97f16c790053a6b4c4035274d0?s=96&d=mm&r=g\",\"caption\":\"Rodrigo Zuquim\"},\"url\":\"https:\/\/agenciainfra.com\/blog\/author\/rodrigo-zuquim\/\"}]}<\/script>\n<!-- \/ Yoast SEO Premium plugin. -->","yoast_head_json":{"title":"Importa\u00e7\u00e3o de energia n\u00e3o ser\u00e1 relevante para atenuar a crise h\u00eddrica - Ag\u00eancia iNFRA","robots":{"index":"index","follow":"follow","max-snippet":"max-snippet:-1","max-image-preview":"max-image-preview:large","max-video-preview":"max-video-preview:-1"},"canonical":"https:\/\/agenciainfra.com\/blog\/importacao-de-energia-nao-sera-relevante-para-atenuar-a-crise-hidrica\/","og_locale":"pt_BR","og_type":"article","og_title":"Importa\u00e7\u00e3o de energia n\u00e3o ser\u00e1 relevante para atenuar a crise h\u00eddrica","og_description":"Antonio Carlos Sil, para a&nbsp;Ag\u00eancia iNFRA A importa\u00e7\u00e3o de eletricidade de pa\u00edses vizinhos, como Argentina e Uruguai, citada como parte dos planos do governo para o enfrentamento da crise h\u00eddrica, n\u00e3o dever\u00e1 ser relevante, apontam \u00f3rg\u00e3os oficiais.\u00a0Houve um aumento da entrada de energia entre janeiro e abril deste ano \u2013 dados mais recentes \u2013, por\u00e9m, [&hellip;]","og_url":"https:\/\/agenciainfra.com\/blog\/importacao-de-energia-nao-sera-relevante-para-atenuar-a-crise-hidrica\/","og_site_name":"Ag\u00eancia iNFRA","article_publisher":"https:\/\/www.facebook.com\/ageninfra","article_published_time":"2021-07-02T11:00:00+00:00","og_image":[{"width":1280,"height":853,"url":"https:\/\/agenciainfra.com\/blog\/wp-content\/uploads\/2021\/07\/linha-transmissao-torre-foto-dominio-publico.png","type":"image\/png"}],"author":"Rodrigo Zuquim","twitter_card":"summary_large_image","twitter_creator":"@agencia_infra","twitter_site":"@agencia_infra","twitter_misc":{"Escrito por":"Rodrigo Zuquim","Est. tempo de leitura":"4 minutos"},"schema":{"@context":"https:\/\/schema.org","@graph":[{"@type":"Article","@id":"https:\/\/agenciainfra.com\/blog\/importacao-de-energia-nao-sera-relevante-para-atenuar-a-crise-hidrica\/#article","isPartOf":{"@id":"https:\/\/agenciainfra.com\/blog\/importacao-de-energia-nao-sera-relevante-para-atenuar-a-crise-hidrica\/"},"author":{"name":"Rodrigo Zuquim","@id":"https:\/\/agenciainfra.com\/blog\/#\/schema\/person\/04dbb79bd6d8951f063da71f3e4c1eb1"},"headline":"Importa\u00e7\u00e3o de energia n\u00e3o ser\u00e1 relevante para atenuar a crise h\u00eddrica","datePublished":"2021-07-02T11:00:00+00:00","mainEntityOfPage":{"@id":"https:\/\/agenciainfra.com\/blog\/importacao-de-energia-nao-sera-relevante-para-atenuar-a-crise-hidrica\/"},"wordCount":821,"publisher":{"@id":"https:\/\/agenciainfra.com\/blog\/#organization"},"image":{"@id":"https:\/\/agenciainfra.com\/blog\/importacao-de-energia-nao-sera-relevante-para-atenuar-a-crise-hidrica\/#primaryimage"},"thumbnailUrl":"https:\/\/agenciainfra.com\/blog\/wp-content\/uploads\/2021\/07\/linha-transmissao-torre-foto-dominio-publico.png","keywords":["apag\u00e3o","Arco Norte","Argentina","BID","Bol\u00edvia","ccee","CMSE","Corpoelec","crise h\u00eddrica","desestatiza\u00e7\u00e3o","eletricidade","Eletrobras","energia","epe","estiagem","garantia f\u00edsica","g\u00e1s natural","gera\u00e7\u00e3o","Gesel\/UFRJ","Guiana","Guiana Francesa","hidrel\u00e9trica de Guri","importa\u00e7\u00e3o","Itaipu","Licenciamento ambiental","Linhas de Transmiss\u00e3o","ONS","Paraguai","Plano Decenal de Expans\u00e3o","racionamento","Rio Madeira","Roraima","Suriname","termel\u00e9trica","Uruguai","usina hidrel\u00e9trica","Venezuela"],"articleSection":["Geral","iNFRAEnergia"],"inLanguage":"pt-BR","copyrightYear":"2021","copyrightHolder":{"@id":"https:\/\/agenciainfra.com\/blog\/#organization"}},{"@type":"WebPage","@id":"https:\/\/agenciainfra.com\/blog\/importacao-de-energia-nao-sera-relevante-para-atenuar-a-crise-hidrica\/","url":"https:\/\/agenciainfra.com\/blog\/importacao-de-energia-nao-sera-relevante-para-atenuar-a-crise-hidrica\/","name":"Importa\u00e7\u00e3o de energia n\u00e3o ser\u00e1 relevante para atenuar a crise h\u00eddrica - Ag\u00eancia iNFRA","isPartOf":{"@id":"https:\/\/agenciainfra.com\/blog\/#website"},"primaryImageOfPage":{"@id":"https:\/\/agenciainfra.com\/blog\/importacao-de-energia-nao-sera-relevante-para-atenuar-a-crise-hidrica\/#primaryimage"},"image":{"@id":"https:\/\/agenciainfra.com\/blog\/importacao-de-energia-nao-sera-relevante-para-atenuar-a-crise-hidrica\/#primaryimage"},"thumbnailUrl":"https:\/\/agenciainfra.com\/blog\/wp-content\/uploads\/2021\/07\/linha-transmissao-torre-foto-dominio-publico.png","datePublished":"2021-07-02T11:00:00+00:00","breadcrumb":{"@id":"https:\/\/agenciainfra.com\/blog\/importacao-de-energia-nao-sera-relevante-para-atenuar-a-crise-hidrica\/#breadcrumb"},"inLanguage":"pt-BR","potentialAction":[{"@type":"ReadAction","target":["https:\/\/agenciainfra.com\/blog\/importacao-de-energia-nao-sera-relevante-para-atenuar-a-crise-hidrica\/"]}]},{"@type":"ImageObject","inLanguage":"pt-BR","@id":"https:\/\/agenciainfra.com\/blog\/importacao-de-energia-nao-sera-relevante-para-atenuar-a-crise-hidrica\/#primaryimage","url":"https:\/\/agenciainfra.com\/blog\/wp-content\/uploads\/2021\/07\/linha-transmissao-torre-foto-dominio-publico.png","contentUrl":"https:\/\/agenciainfra.com\/blog\/wp-content\/uploads\/2021\/07\/linha-transmissao-torre-foto-dominio-publico.png","width":1280,"height":853,"caption":"Foto: Dom\u00ednio P\u00fablico"},{"@type":"BreadcrumbList","@id":"https:\/\/agenciainfra.com\/blog\/importacao-de-energia-nao-sera-relevante-para-atenuar-a-crise-hidrica\/#breadcrumb","itemListElement":[{"@type":"ListItem","position":1,"name":"In\u00edcio","item":"https:\/\/agenciainfra.com\/blog\/"},{"@type":"ListItem","position":2,"name":"Importa\u00e7\u00e3o de energia n\u00e3o ser\u00e1 relevante para atenuar a crise h\u00eddrica"}]},{"@type":"WebSite","@id":"https:\/\/agenciainfra.com\/blog\/#website","url":"https:\/\/agenciainfra.com\/blog\/","name":"Ag\u00eancia iNFRA","description":"Multiplataforma de informa\u00e7\u00e3o jornal\u00edstica refer\u00eancia na \u00e1rea de infraestrutura no Brasil!","publisher":{"@id":"https:\/\/agenciainfra.com\/blog\/#organization"},"potentialAction":[{"@type":"SearchAction","target":{"@type":"EntryPoint","urlTemplate":"https:\/\/agenciainfra.com\/blog\/?s={search_term_string}"},"query-input":{"@type":"PropertyValueSpecification","valueRequired":true,"valueName":"search_term_string"}}],"inLanguage":"pt-BR"},{"@type":"Organization","@id":"https:\/\/agenciainfra.com\/blog\/#organization","name":"Ag\u00eancia iNFRA","url":"https:\/\/agenciainfra.com\/blog\/","logo":{"@type":"ImageObject","inLanguage":"pt-BR","@id":"https:\/\/agenciainfra.com\/blog\/#\/schema\/logo\/image\/","url":"https:\/\/agenciainfra.com\/blog\/wp-content\/uploads\/2023\/09\/iNFRA_5-e1761735885940.png","contentUrl":"https:\/\/agenciainfra.com\/blog\/wp-content\/uploads\/2023\/09\/iNFRA_5-e1761735885940.png","width":1672,"height":454,"caption":"Ag\u00eancia iNFRA"},"image":{"@id":"https:\/\/agenciainfra.com\/blog\/#\/schema\/logo\/image\/"},"sameAs":["https:\/\/www.facebook.com\/ageninfra","https:\/\/x.com\/agencia_infra","https:\/\/www.linkedin.com\/company\/ag\u00eanciainfra\/","https:\/\/www.instagram.com\/agenciainfra\/"]},{"@type":"Person","@id":"https:\/\/agenciainfra.com\/blog\/#\/schema\/person\/04dbb79bd6d8951f063da71f3e4c1eb1","name":"Rodrigo Zuquim","image":{"@type":"ImageObject","inLanguage":"pt-BR","@id":"https:\/\/agenciainfra.com\/blog\/#\/schema\/person\/image\/","url":"https:\/\/secure.gravatar.com\/avatar\/594abfe82761d620726242ff34ca472a705a4b97f16c790053a6b4c4035274d0?s=96&d=mm&r=g","contentUrl":"https:\/\/secure.gravatar.com\/avatar\/594abfe82761d620726242ff34ca472a705a4b97f16c790053a6b4c4035274d0?s=96&d=mm&r=g","caption":"Rodrigo Zuquim"},"url":"https:\/\/agenciainfra.com\/blog\/author\/rodrigo-zuquim\/"}]}},"_links":{"self":[{"href":"https:\/\/agenciainfra.com\/blog\/wp-json\/wp\/v2\/posts\/7568","targetHints":{"allow":["GET"]}}],"collection":[{"href":"https:\/\/agenciainfra.com\/blog\/wp-json\/wp\/v2\/posts"}],"about":[{"href":"https:\/\/agenciainfra.com\/blog\/wp-json\/wp\/v2\/types\/post"}],"author":[{"embeddable":true,"href":"https:\/\/agenciainfra.com\/blog\/wp-json\/wp\/v2\/users\/9"}],"replies":[{"embeddable":true,"href":"https:\/\/agenciainfra.com\/blog\/wp-json\/wp\/v2\/comments?post=7568"}],"version-history":[{"count":0,"href":"https:\/\/agenciainfra.com\/blog\/wp-json\/wp\/v2\/posts\/7568\/revisions"}],"wp:featuredmedia":[{"embeddable":true,"href":"https:\/\/agenciainfra.com\/blog\/wp-json\/wp\/v2\/media\/7569"}],"wp:attachment":[{"href":"https:\/\/agenciainfra.com\/blog\/wp-json\/wp\/v2\/media?parent=7568"}],"wp:term":[{"taxonomy":"category","embeddable":true,"href":"https:\/\/agenciainfra.com\/blog\/wp-json\/wp\/v2\/categories?post=7568"},{"taxonomy":"post_tag","embeddable":true,"href":"https:\/\/agenciainfra.com\/blog\/wp-json\/wp\/v2\/tags?post=7568"}],"curies":[{"name":"wp","href":"https:\/\/api.w.org\/{rel}","templated":true}]}}