{"id":7571,"date":"2021-07-03T08:00:00","date_gmt":"2021-07-03T11:00:00","guid":{"rendered":"https:\/\/www.agenciainfra.com\/blog\/?p=7571"},"modified":"2021-07-01T12:03:55","modified_gmt":"2021-07-01T15:03:55","slug":"governo-e-senado-negociam-novos-nomes-para-a-diretoria-da-antt","status":"publish","type":"post","link":"https:\/\/agenciainfra.com\/blog\/governo-e-senado-negociam-novos-nomes-para-a-diretoria-da-antt\/","title":{"rendered":"Governo e Senado negociam novos nomes para a diretoria da ANTT"},"content":{"rendered":"\n<hr class=\"wp-block-separator\"\/>\n\n\n\n<p class=\"has-text-align-right\"><strong>Dimmi Amora, da&nbsp;Ag\u00eancia iNFRA<\/strong><\/p>\n\n\n\n<p>Tr\u00eas nomes est\u00e3o sendo cogitados para ocuparem vagas na diretoria-geral e nas duas diretorias da ANTT (Ag\u00eancia Nacional de Transportes Terrestres). Na \u00faltima ter\u00e7a-feira (29), a Presid\u00eancia da Rep\u00fablica retirou tr\u00eas dos quatro nomes que haviam sido indicados ao Senado no ano passado, entre eles a indica\u00e7\u00e3o para diretor-geral, Davi Barreto.<br><br>Os nomes que est\u00e3o sendo articulados no momento entre o governo e o Senado s\u00e3o os de Rafael Vitale, servidor do Minist\u00e9rio da Infraestrutura que atualmente atua na Casa Civil da Presid\u00eancia, F\u00e1bio Rog\u00e9rio de Carvalho, servidor da ANTT que atua na modelagem de concess\u00f5es no Minist\u00e9rio da Infraestrutura, e de Guilherme Sampaio, chefe de gabinete da CNT (Confedera\u00e7\u00e3o Nacional do Transporte), apurou a\u00a0<strong>Ag\u00eancia iNFRA<\/strong>.<br><br>A composi\u00e7\u00e3o mant\u00e9m o acordo que havia sido fechado no ano passado de que uma das diretorias seria ocupada por indicado do senador Rodrigo Pacheco (DEM-MG), atual presidente do Senado. Na vez anterior, Pacheco colocou um aliado, Arnaldo Silva. Mas Silva desistiu da vaga ao herdar uma cadeira de deputado estadual em Minas Gerais. O nome da CNT tamb\u00e9m tem a aprova\u00e7\u00e3o do presidente da Casa.<br><br>Mas n\u00e3o h\u00e1 ainda confirma\u00e7\u00e3o de que os tr\u00eas v\u00e3o ser indicados a ocupar as diretorias que est\u00e3o vagas, j\u00e1 que h\u00e1 desejo por parte de senadores de mais um nome que seja indica\u00e7\u00e3o da Casa. Por enquanto, n\u00e3o h\u00e1 prazo para que os nomes sejam encaminhados oficialmente pela\u00a0Presid\u00eancia para sabatina.<br><br><strong>Sabatinado e n\u00e3o avaliado<\/strong><br>A situa\u00e7\u00e3o do diretor Davi Barreto, que perdeu a indica\u00e7\u00e3o para ser diretor-geral nesta semana, \u00e9 sui generis. Ele foi aprovado como diretor da ag\u00eancia em 2019 com a promessa de assumir a diretoria-geral. Mas o governo n\u00e3o quis antecipar a sa\u00edda do ent\u00e3o diretor, M\u00e1rio Rodrigues, cujo mandato terminaria em fevereiro de 2020. Na \u00e9poca, o diretor-geral era nomeado por decreto entre os diretores que tinham mandato.<br><br>Quando Rodrigues saiu, a nova lei das ag\u00eancias j\u00e1 havia sido aprovada. A partir dela, o diretor-geral s\u00f3 poderia exercer esse mandato se sabatinado e aprovado pelo Senado. O governo ent\u00e3o indicou Barreto para diretor-geral, ap\u00f3s longa negocia\u00e7\u00e3o com o Senado. Ele n\u00e3o chegou a assumir como diretor-geral interino, vaga ocupada ao longo de 2020 por outro diretor, Marcelo Vinaud, que deixou a ag\u00eancia em fevereiro de 2021.<br><br>Barreto foi sabatinado pelos senadores da Comiss\u00e3o de Infraestrutura em dezembro de 2020 para ser o diretor-geral e teve o nome aprovado. Faltava levar para vota\u00e7\u00e3o do plen\u00e1rio, o que acabou n\u00e3o ocorrendo.<br><br>O nome de Barreto encontra forte oposi\u00e7\u00e3o entre os senadores que est\u00e3o ligados a empresas de transporte rodovi\u00e1rio de passageiros. Atribuem a ele a proposta de abertura do mercado que a ag\u00eancia est\u00e1 tentando implementar, mas que vem sendo bloqueada pelos senadores, que tentam a retomada de um modelo com maior reserva de mercado.<br><br>A retirada do nome de Barreto tem o transporte rodovi\u00e1rio de passageiros como principal motivo, de acordo com apura\u00e7\u00e3o da\u00a0<strong>Ag\u00eancia iNFRA<\/strong>\u00a0junto a fontes no Senado e no governo. Ele, no entanto, segue como diretor, com mandato at\u00e9 2023, apesar de ter sido surpreendido com a retirada do nome sem ter sido avisado antes.<br><br>Das quatro indica\u00e7\u00f5es feitas pelo governo em 2020, a \u00fanica que permanece \u00e9 a de Alexandre Porto, servidor da ANTT e ex-superintendente de ferrovias da ag\u00eancia. Ele ocupa interinamente a diretoria-geral da ag\u00eancia desde fevereiro como indicado pela chamada lista tr\u00edplice de servidores, tamb\u00e9m criada na lei das ag\u00eancias.<\/p>\n","protected":false},"excerpt":{"rendered":"<p>Dimmi Amora, da&nbsp;Ag\u00eancia iNFRA Tr\u00eas nomes est\u00e3o sendo cogitados para ocuparem vagas na diretoria-geral e nas duas diretorias da ANTT (Ag\u00eancia Nacional de Transportes Terrestres). Na \u00faltima ter\u00e7a-feira (29), a Presid\u00eancia da Rep\u00fablica retirou tr\u00eas dos quatro nomes que haviam sido indicados ao Senado no ano passado, entre eles a indica\u00e7\u00e3o para diretor-geral, Davi Barreto. [&hellip;]<\/p>\n","protected":false},"author":9,"featured_media":6796,"comment_status":"closed","ping_status":"closed","sticky":false,"template":"","format":"standard","meta":{"_monsterinsights_skip_tracking":false,"_monsterinsights_sitenote_active":false,"_monsterinsights_sitenote_note":"","_monsterinsights_sitenote_category":0,"footnotes":""},"categories":[1,7],"tags":[1910,19,3262,1344,127,1498,1050,4610,4612,4168,1679,922,921,775,4541,4611,2254,2819,123,4613],"class_list":["post-7571","post","type-post","status-publish","format-standard","has-post-thumbnail","hentry","category-geral","category-infratransporte","tag-alexandre-porto","tag-antt","tag-arnaldo-silva","tag-casa-civil","tag-cnt","tag-comissao-de-infraestrutura","tag-davi-barreto","tag-diretoria","tag-fabio-rogerio-de-carvalho","tag-guilherme-sampaio","tag-lei-das-agencias","tag-marcelo-vinaud","tag-mario-rodrigues","tag-ministerio-da-infraestrutura","tag-presidencia-da-republica","tag-rafael-vitale","tag-rodrigo-pacheco","tag-sabatina","tag-senado","tag-transporte-rodoviario-de-passageiros"],"yoast_head":"<!-- This site is optimized with the Yoast SEO Premium plugin v25.4 (Yoast SEO v26.0) - https:\/\/yoast.com\/wordpress\/plugins\/seo\/ -->\n<title>Governo e Senado negociam novos nomes para a diretoria da ANTT - Ag\u00eancia iNFRA<\/title>\n<meta name=\"robots\" content=\"index, follow, max-snippet:-1, max-image-preview:large, max-video-preview:-1\" \/>\n<link rel=\"canonical\" href=\"https:\/\/agenciainfra.com\/blog\/governo-e-senado-negociam-novos-nomes-para-a-diretoria-da-antt\/\" \/>\n<meta property=\"og:locale\" content=\"pt_BR\" \/>\n<meta property=\"og:type\" content=\"article\" \/>\n<meta property=\"og:title\" content=\"Governo e Senado negociam novos nomes para a diretoria da ANTT\" \/>\n<meta property=\"og:description\" content=\"Dimmi Amora, da&nbsp;Ag\u00eancia iNFRA Tr\u00eas nomes est\u00e3o sendo cogitados para ocuparem vagas na diretoria-geral e nas duas diretorias da ANTT (Ag\u00eancia Nacional de Transportes Terrestres). Na \u00faltima ter\u00e7a-feira (29), a Presid\u00eancia da Rep\u00fablica retirou tr\u00eas dos quatro nomes que haviam sido indicados ao Senado no ano passado, entre eles a indica\u00e7\u00e3o para diretor-geral, Davi Barreto. [&hellip;]\" \/>\n<meta property=\"og:url\" content=\"https:\/\/agenciainfra.com\/blog\/governo-e-senado-negociam-novos-nomes-para-a-diretoria-da-antt\/\" \/>\n<meta property=\"og:site_name\" content=\"Ag\u00eancia iNFRA\" \/>\n<meta property=\"article:publisher\" content=\"https:\/\/www.facebook.com\/ageninfra\" \/>\n<meta property=\"article:published_time\" content=\"2021-07-03T11:00:00+00:00\" \/>\n<meta property=\"og:image\" content=\"https:\/\/agenciainfra.com\/blog\/wp-content\/uploads\/2021\/02\/ANTT-fachada-foto-ANTT.jpeg\" \/>\n\t<meta property=\"og:image:width\" content=\"1280\" \/>\n\t<meta property=\"og:image:height\" content=\"851\" \/>\n\t<meta property=\"og:image:type\" content=\"image\/jpeg\" \/>\n<meta name=\"author\" content=\"Rodrigo Zuquim\" \/>\n<meta name=\"twitter:card\" content=\"summary_large_image\" \/>\n<meta name=\"twitter:creator\" content=\"@agencia_infra\" \/>\n<meta name=\"twitter:site\" content=\"@agencia_infra\" \/>\n<meta name=\"twitter:label1\" content=\"Escrito por\" \/>\n\t<meta name=\"twitter:data1\" content=\"Rodrigo Zuquim\" \/>\n\t<meta name=\"twitter:label2\" content=\"Est. tempo de leitura\" \/>\n\t<meta name=\"twitter:data2\" content=\"3 minutos\" \/>\n<script type=\"application\/ld+json\" class=\"yoast-schema-graph\">{\"@context\":\"https:\/\/schema.org\",\"@graph\":[{\"@type\":\"Article\",\"@id\":\"https:\/\/agenciainfra.com\/blog\/governo-e-senado-negociam-novos-nomes-para-a-diretoria-da-antt\/#article\",\"isPartOf\":{\"@id\":\"https:\/\/agenciainfra.com\/blog\/governo-e-senado-negociam-novos-nomes-para-a-diretoria-da-antt\/\"},\"author\":{\"name\":\"Rodrigo Zuquim\",\"@id\":\"https:\/\/agenciainfra.com\/blog\/#\/schema\/person\/04dbb79bd6d8951f063da71f3e4c1eb1\"},\"headline\":\"Governo e Senado negociam novos nomes para a diretoria da ANTT\",\"datePublished\":\"2021-07-03T11:00:00+00:00\",\"mainEntityOfPage\":{\"@id\":\"https:\/\/agenciainfra.com\/blog\/governo-e-senado-negociam-novos-nomes-para-a-diretoria-da-antt\/\"},\"wordCount\":635,\"publisher\":{\"@id\":\"https:\/\/agenciainfra.com\/blog\/#organization\"},\"image\":{\"@id\":\"https:\/\/agenciainfra.com\/blog\/governo-e-senado-negociam-novos-nomes-para-a-diretoria-da-antt\/#primaryimage\"},\"thumbnailUrl\":\"https:\/\/agenciainfra.com\/blog\/wp-content\/uploads\/2021\/02\/ANTT-fachada-foto-ANTT.jpeg\",\"keywords\":[\"Alexandre Porto\",\"ANTT\",\"Arnaldo Silva\",\"Casa Civil\",\"CNT\",\"Comiss\u00e3o de Infraestrutura\",\"Davi Barreto\",\"diretoria\",\"F\u00e1bio Rog\u00e9rio de Carvalho\",\"Guilherme Sampaio\",\"Lei das Ag\u00eancias\",\"Marcelo Vinaud\",\"M\u00e1rio Rodrigues\",\"Minist\u00e9rio da Infraestrutura\",\"Presid\u00eancia da Rep\u00fablica\",\"Rafael Vitale\",\"Rodrigo Pacheco\",\"sabatina\",\"senado\",\"transporte rodovi\u00e1rio de passageiros\"],\"articleSection\":[\"Geral\",\"iNFRATransporte\"],\"inLanguage\":\"pt-BR\",\"copyrightYear\":\"2021\",\"copyrightHolder\":{\"@id\":\"https:\/\/agenciainfra.com\/blog\/#organization\"}},{\"@type\":\"WebPage\",\"@id\":\"https:\/\/agenciainfra.com\/blog\/governo-e-senado-negociam-novos-nomes-para-a-diretoria-da-antt\/\",\"url\":\"https:\/\/agenciainfra.com\/blog\/governo-e-senado-negociam-novos-nomes-para-a-diretoria-da-antt\/\",\"name\":\"Governo e Senado negociam novos nomes para a diretoria da ANTT - Ag\u00eancia iNFRA\",\"isPartOf\":{\"@id\":\"https:\/\/agenciainfra.com\/blog\/#website\"},\"primaryImageOfPage\":{\"@id\":\"https:\/\/agenciainfra.com\/blog\/governo-e-senado-negociam-novos-nomes-para-a-diretoria-da-antt\/#primaryimage\"},\"image\":{\"@id\":\"https:\/\/agenciainfra.com\/blog\/governo-e-senado-negociam-novos-nomes-para-a-diretoria-da-antt\/#primaryimage\"},\"thumbnailUrl\":\"https:\/\/agenciainfra.com\/blog\/wp-content\/uploads\/2021\/02\/ANTT-fachada-foto-ANTT.jpeg\",\"datePublished\":\"2021-07-03T11:00:00+00:00\",\"breadcrumb\":{\"@id\":\"https:\/\/agenciainfra.com\/blog\/governo-e-senado-negociam-novos-nomes-para-a-diretoria-da-antt\/#breadcrumb\"},\"inLanguage\":\"pt-BR\",\"potentialAction\":[{\"@type\":\"ReadAction\",\"target\":[\"https:\/\/agenciainfra.com\/blog\/governo-e-senado-negociam-novos-nomes-para-a-diretoria-da-antt\/\"]}]},{\"@type\":\"ImageObject\",\"inLanguage\":\"pt-BR\",\"@id\":\"https:\/\/agenciainfra.com\/blog\/governo-e-senado-negociam-novos-nomes-para-a-diretoria-da-antt\/#primaryimage\",\"url\":\"https:\/\/agenciainfra.com\/blog\/wp-content\/uploads\/2021\/02\/ANTT-fachada-foto-ANTT.jpeg\",\"contentUrl\":\"https:\/\/agenciainfra.com\/blog\/wp-content\/uploads\/2021\/02\/ANTT-fachada-foto-ANTT.jpeg\",\"width\":1280,\"height\":851},{\"@type\":\"BreadcrumbList\",\"@id\":\"https:\/\/agenciainfra.com\/blog\/governo-e-senado-negociam-novos-nomes-para-a-diretoria-da-antt\/#breadcrumb\",\"itemListElement\":[{\"@type\":\"ListItem\",\"position\":1,\"name\":\"In\u00edcio\",\"item\":\"https:\/\/agenciainfra.com\/blog\/\"},{\"@type\":\"ListItem\",\"position\":2,\"name\":\"Governo e Senado negociam novos nomes para a diretoria da ANTT\"}]},{\"@type\":\"WebSite\",\"@id\":\"https:\/\/agenciainfra.com\/blog\/#website\",\"url\":\"https:\/\/agenciainfra.com\/blog\/\",\"name\":\"Ag\u00eancia iNFRA\",\"description\":\"Multiplataforma de informa\u00e7\u00e3o jornal\u00edstica refer\u00eancia na \u00e1rea de infraestrutura no Brasil!\",\"publisher\":{\"@id\":\"https:\/\/agenciainfra.com\/blog\/#organization\"},\"potentialAction\":[{\"@type\":\"SearchAction\",\"target\":{\"@type\":\"EntryPoint\",\"urlTemplate\":\"https:\/\/agenciainfra.com\/blog\/?s={search_term_string}\"},\"query-input\":{\"@type\":\"PropertyValueSpecification\",\"valueRequired\":true,\"valueName\":\"search_term_string\"}}],\"inLanguage\":\"pt-BR\"},{\"@type\":\"Organization\",\"@id\":\"https:\/\/agenciainfra.com\/blog\/#organization\",\"name\":\"Ag\u00eancia iNFRA\",\"url\":\"https:\/\/agenciainfra.com\/blog\/\",\"logo\":{\"@type\":\"ImageObject\",\"inLanguage\":\"pt-BR\",\"@id\":\"https:\/\/agenciainfra.com\/blog\/#\/schema\/logo\/image\/\",\"url\":\"https:\/\/agenciainfra.com\/blog\/wp-content\/uploads\/2023\/09\/iNFRA_5-e1761735885940.png\",\"contentUrl\":\"https:\/\/agenciainfra.com\/blog\/wp-content\/uploads\/2023\/09\/iNFRA_5-e1761735885940.png\",\"width\":1672,\"height\":454,\"caption\":\"Ag\u00eancia iNFRA\"},\"image\":{\"@id\":\"https:\/\/agenciainfra.com\/blog\/#\/schema\/logo\/image\/\"},\"sameAs\":[\"https:\/\/www.facebook.com\/ageninfra\",\"https:\/\/x.com\/agencia_infra\",\"https:\/\/www.linkedin.com\/company\/ag\u00eanciainfra\/\",\"https:\/\/www.instagram.com\/agenciainfra\/\"]},{\"@type\":\"Person\",\"@id\":\"https:\/\/agenciainfra.com\/blog\/#\/schema\/person\/04dbb79bd6d8951f063da71f3e4c1eb1\",\"name\":\"Rodrigo Zuquim\",\"image\":{\"@type\":\"ImageObject\",\"inLanguage\":\"pt-BR\",\"@id\":\"https:\/\/agenciainfra.com\/blog\/#\/schema\/person\/image\/\",\"url\":\"https:\/\/secure.gravatar.com\/avatar\/594abfe82761d620726242ff34ca472a705a4b97f16c790053a6b4c4035274d0?s=96&d=mm&r=g\",\"contentUrl\":\"https:\/\/secure.gravatar.com\/avatar\/594abfe82761d620726242ff34ca472a705a4b97f16c790053a6b4c4035274d0?s=96&d=mm&r=g\",\"caption\":\"Rodrigo Zuquim\"},\"url\":\"https:\/\/agenciainfra.com\/blog\/author\/rodrigo-zuquim\/\"}]}<\/script>\n<!-- \/ Yoast SEO Premium plugin. -->","yoast_head_json":{"title":"Governo e Senado negociam novos nomes para a diretoria da ANTT - Ag\u00eancia iNFRA","robots":{"index":"index","follow":"follow","max-snippet":"max-snippet:-1","max-image-preview":"max-image-preview:large","max-video-preview":"max-video-preview:-1"},"canonical":"https:\/\/agenciainfra.com\/blog\/governo-e-senado-negociam-novos-nomes-para-a-diretoria-da-antt\/","og_locale":"pt_BR","og_type":"article","og_title":"Governo e Senado negociam novos nomes para a diretoria da ANTT","og_description":"Dimmi Amora, da&nbsp;Ag\u00eancia iNFRA Tr\u00eas nomes est\u00e3o sendo cogitados para ocuparem vagas na diretoria-geral e nas duas diretorias da ANTT (Ag\u00eancia Nacional de Transportes Terrestres). Na \u00faltima ter\u00e7a-feira (29), a Presid\u00eancia da Rep\u00fablica retirou tr\u00eas dos quatro nomes que haviam sido indicados ao Senado no ano passado, entre eles a indica\u00e7\u00e3o para diretor-geral, Davi Barreto. [&hellip;]","og_url":"https:\/\/agenciainfra.com\/blog\/governo-e-senado-negociam-novos-nomes-para-a-diretoria-da-antt\/","og_site_name":"Ag\u00eancia iNFRA","article_publisher":"https:\/\/www.facebook.com\/ageninfra","article_published_time":"2021-07-03T11:00:00+00:00","og_image":[{"width":1280,"height":851,"url":"https:\/\/agenciainfra.com\/blog\/wp-content\/uploads\/2021\/02\/ANTT-fachada-foto-ANTT.jpeg","type":"image\/jpeg"}],"author":"Rodrigo Zuquim","twitter_card":"summary_large_image","twitter_creator":"@agencia_infra","twitter_site":"@agencia_infra","twitter_misc":{"Escrito por":"Rodrigo Zuquim","Est. tempo de leitura":"3 minutos"},"schema":{"@context":"https:\/\/schema.org","@graph":[{"@type":"Article","@id":"https:\/\/agenciainfra.com\/blog\/governo-e-senado-negociam-novos-nomes-para-a-diretoria-da-antt\/#article","isPartOf":{"@id":"https:\/\/agenciainfra.com\/blog\/governo-e-senado-negociam-novos-nomes-para-a-diretoria-da-antt\/"},"author":{"name":"Rodrigo Zuquim","@id":"https:\/\/agenciainfra.com\/blog\/#\/schema\/person\/04dbb79bd6d8951f063da71f3e4c1eb1"},"headline":"Governo e Senado negociam novos nomes para a diretoria da ANTT","datePublished":"2021-07-03T11:00:00+00:00","mainEntityOfPage":{"@id":"https:\/\/agenciainfra.com\/blog\/governo-e-senado-negociam-novos-nomes-para-a-diretoria-da-antt\/"},"wordCount":635,"publisher":{"@id":"https:\/\/agenciainfra.com\/blog\/#organization"},"image":{"@id":"https:\/\/agenciainfra.com\/blog\/governo-e-senado-negociam-novos-nomes-para-a-diretoria-da-antt\/#primaryimage"},"thumbnailUrl":"https:\/\/agenciainfra.com\/blog\/wp-content\/uploads\/2021\/02\/ANTT-fachada-foto-ANTT.jpeg","keywords":["Alexandre Porto","ANTT","Arnaldo Silva","Casa Civil","CNT","Comiss\u00e3o de Infraestrutura","Davi Barreto","diretoria","F\u00e1bio Rog\u00e9rio de Carvalho","Guilherme Sampaio","Lei das Ag\u00eancias","Marcelo Vinaud","M\u00e1rio Rodrigues","Minist\u00e9rio da Infraestrutura","Presid\u00eancia da Rep\u00fablica","Rafael Vitale","Rodrigo Pacheco","sabatina","senado","transporte rodovi\u00e1rio de passageiros"],"articleSection":["Geral","iNFRATransporte"],"inLanguage":"pt-BR","copyrightYear":"2021","copyrightHolder":{"@id":"https:\/\/agenciainfra.com\/blog\/#organization"}},{"@type":"WebPage","@id":"https:\/\/agenciainfra.com\/blog\/governo-e-senado-negociam-novos-nomes-para-a-diretoria-da-antt\/","url":"https:\/\/agenciainfra.com\/blog\/governo-e-senado-negociam-novos-nomes-para-a-diretoria-da-antt\/","name":"Governo e Senado negociam novos nomes para a diretoria da ANTT - Ag\u00eancia iNFRA","isPartOf":{"@id":"https:\/\/agenciainfra.com\/blog\/#website"},"primaryImageOfPage":{"@id":"https:\/\/agenciainfra.com\/blog\/governo-e-senado-negociam-novos-nomes-para-a-diretoria-da-antt\/#primaryimage"},"image":{"@id":"https:\/\/agenciainfra.com\/blog\/governo-e-senado-negociam-novos-nomes-para-a-diretoria-da-antt\/#primaryimage"},"thumbnailUrl":"https:\/\/agenciainfra.com\/blog\/wp-content\/uploads\/2021\/02\/ANTT-fachada-foto-ANTT.jpeg","datePublished":"2021-07-03T11:00:00+00:00","breadcrumb":{"@id":"https:\/\/agenciainfra.com\/blog\/governo-e-senado-negociam-novos-nomes-para-a-diretoria-da-antt\/#breadcrumb"},"inLanguage":"pt-BR","potentialAction":[{"@type":"ReadAction","target":["https:\/\/agenciainfra.com\/blog\/governo-e-senado-negociam-novos-nomes-para-a-diretoria-da-antt\/"]}]},{"@type":"ImageObject","inLanguage":"pt-BR","@id":"https:\/\/agenciainfra.com\/blog\/governo-e-senado-negociam-novos-nomes-para-a-diretoria-da-antt\/#primaryimage","url":"https:\/\/agenciainfra.com\/blog\/wp-content\/uploads\/2021\/02\/ANTT-fachada-foto-ANTT.jpeg","contentUrl":"https:\/\/agenciainfra.com\/blog\/wp-content\/uploads\/2021\/02\/ANTT-fachada-foto-ANTT.jpeg","width":1280,"height":851},{"@type":"BreadcrumbList","@id":"https:\/\/agenciainfra.com\/blog\/governo-e-senado-negociam-novos-nomes-para-a-diretoria-da-antt\/#breadcrumb","itemListElement":[{"@type":"ListItem","position":1,"name":"In\u00edcio","item":"https:\/\/agenciainfra.com\/blog\/"},{"@type":"ListItem","position":2,"name":"Governo e Senado negociam novos nomes para a diretoria da ANTT"}]},{"@type":"WebSite","@id":"https:\/\/agenciainfra.com\/blog\/#website","url":"https:\/\/agenciainfra.com\/blog\/","name":"Ag\u00eancia iNFRA","description":"Multiplataforma de informa\u00e7\u00e3o jornal\u00edstica refer\u00eancia na \u00e1rea de infraestrutura no Brasil!","publisher":{"@id":"https:\/\/agenciainfra.com\/blog\/#organization"},"potentialAction":[{"@type":"SearchAction","target":{"@type":"EntryPoint","urlTemplate":"https:\/\/agenciainfra.com\/blog\/?s={search_term_string}"},"query-input":{"@type":"PropertyValueSpecification","valueRequired":true,"valueName":"search_term_string"}}],"inLanguage":"pt-BR"},{"@type":"Organization","@id":"https:\/\/agenciainfra.com\/blog\/#organization","name":"Ag\u00eancia iNFRA","url":"https:\/\/agenciainfra.com\/blog\/","logo":{"@type":"ImageObject","inLanguage":"pt-BR","@id":"https:\/\/agenciainfra.com\/blog\/#\/schema\/logo\/image\/","url":"https:\/\/agenciainfra.com\/blog\/wp-content\/uploads\/2023\/09\/iNFRA_5-e1761735885940.png","contentUrl":"https:\/\/agenciainfra.com\/blog\/wp-content\/uploads\/2023\/09\/iNFRA_5-e1761735885940.png","width":1672,"height":454,"caption":"Ag\u00eancia iNFRA"},"image":{"@id":"https:\/\/agenciainfra.com\/blog\/#\/schema\/logo\/image\/"},"sameAs":["https:\/\/www.facebook.com\/ageninfra","https:\/\/x.com\/agencia_infra","https:\/\/www.linkedin.com\/company\/ag\u00eanciainfra\/","https:\/\/www.instagram.com\/agenciainfra\/"]},{"@type":"Person","@id":"https:\/\/agenciainfra.com\/blog\/#\/schema\/person\/04dbb79bd6d8951f063da71f3e4c1eb1","name":"Rodrigo Zuquim","image":{"@type":"ImageObject","inLanguage":"pt-BR","@id":"https:\/\/agenciainfra.com\/blog\/#\/schema\/person\/image\/","url":"https:\/\/secure.gravatar.com\/avatar\/594abfe82761d620726242ff34ca472a705a4b97f16c790053a6b4c4035274d0?s=96&d=mm&r=g","contentUrl":"https:\/\/secure.gravatar.com\/avatar\/594abfe82761d620726242ff34ca472a705a4b97f16c790053a6b4c4035274d0?s=96&d=mm&r=g","caption":"Rodrigo Zuquim"},"url":"https:\/\/agenciainfra.com\/blog\/author\/rodrigo-zuquim\/"}]}},"_links":{"self":[{"href":"https:\/\/agenciainfra.com\/blog\/wp-json\/wp\/v2\/posts\/7571","targetHints":{"allow":["GET"]}}],"collection":[{"href":"https:\/\/agenciainfra.com\/blog\/wp-json\/wp\/v2\/posts"}],"about":[{"href":"https:\/\/agenciainfra.com\/blog\/wp-json\/wp\/v2\/types\/post"}],"author":[{"embeddable":true,"href":"https:\/\/agenciainfra.com\/blog\/wp-json\/wp\/v2\/users\/9"}],"replies":[{"embeddable":true,"href":"https:\/\/agenciainfra.com\/blog\/wp-json\/wp\/v2\/comments?post=7571"}],"version-history":[{"count":0,"href":"https:\/\/agenciainfra.com\/blog\/wp-json\/wp\/v2\/posts\/7571\/revisions"}],"wp:featuredmedia":[{"embeddable":true,"href":"https:\/\/agenciainfra.com\/blog\/wp-json\/wp\/v2\/media\/6796"}],"wp:attachment":[{"href":"https:\/\/agenciainfra.com\/blog\/wp-json\/wp\/v2\/media?parent=7571"}],"wp:term":[{"taxonomy":"category","embeddable":true,"href":"https:\/\/agenciainfra.com\/blog\/wp-json\/wp\/v2\/categories?post=7571"},{"taxonomy":"post_tag","embeddable":true,"href":"https:\/\/agenciainfra.com\/blog\/wp-json\/wp\/v2\/tags?post=7571"}],"curies":[{"name":"wp","href":"https:\/\/api.w.org\/{rel}","templated":true}]}}